{"id":29757,"date":"2022-04-14T15:58:22","date_gmt":"2022-04-14T18:58:22","guid":{"rendered":"https:\/\/jornalfatosenoticias.com.br\/?p=29757"},"modified":"2022-04-14T15:58:26","modified_gmt":"2022-04-14T18:58:26","slug":"ligacao-genetica-entre-saude-mental-na-infancia-e-na-vida-adulta-e-encontrada","status":"publish","type":"post","link":"https:\/\/jornalfatosenoticias.com.br\/index.php\/2022\/04\/14\/ligacao-genetica-entre-saude-mental-na-infancia-e-na-vida-adulta-e-encontrada\/","title":{"rendered":"Liga\u00e7\u00e3o gen\u00e9tica entre sa\u00fade mental na inf\u00e2ncia e na vida adulta \u00e9 encontrada"},"content":{"rendered":"\n<p><span class=\"has-inline-color has-black-color\"><em>Crian\u00e7as que apresentam ansiedade e depress\u00e3o t\u00eam marcadores gen\u00e9ticos semelhantes, que se estendem a adultos com as mesmas condi\u00e7\u00f5e<\/em>s<\/span><\/p>\n\n\n\n<div class=\"wp-block-image\"><figure class=\"aligncenter size-large is-resized\"><img loading=\"lazy\" decoding=\"async\" src=\"https:\/\/jornalfatosenoticias.com.br\/wp-content\/uploads\/2022\/02\/Arte-Autoescola-Galatas_endereco_portal-1024x103.png\" alt=\"\" class=\"wp-image-27869\" width=\"447\" height=\"45\" srcset=\"https:\/\/jornalfatosenoticias.com.br\/wp-content\/uploads\/2022\/02\/Arte-Autoescola-Galatas_endereco_portal-1024x103.png 1024w, https:\/\/jornalfatosenoticias.com.br\/wp-content\/uploads\/2022\/02\/Arte-Autoescola-Galatas_endereco_portal-300x30.png 300w, https:\/\/jornalfatosenoticias.com.br\/wp-content\/uploads\/2022\/02\/Arte-Autoescola-Galatas_endereco_portal-768x77.png 768w, https:\/\/jornalfatosenoticias.com.br\/wp-content\/uploads\/2022\/02\/Arte-Autoescola-Galatas_endereco_portal.png 1223w\" sizes=\"auto, (max-width: 447px) 100vw, 447px\" \/><\/figure><\/div>\n\n\n\n<p>Pesquisadores da Universidade de Queensland, Austr\u00e1lia, encontraram uma liga\u00e7\u00e3o entre a ansiedade e depress\u00e3o na inf\u00e2ncia com a persist\u00eancia das condi\u00e7\u00f5es na vida adulta. Segundo eles, parte do motivo est\u00e1 em fatores heredit\u00e1rios, ou seja, \u00e9 passado de pai para filho. Ao todo, 64.641 crian\u00e7as entre tr\u00eas a 18 anos participaram do estudo, o maior j\u00e1 feito na categoria.<br>Christel Middeldorp, professora da universidade e pesquisador parceiro do centro de pesquisa de sa\u00fade infantil, \u00e9 uma das autoras do estudo. Ela comenta que o trabalho mostrou uma semelhan\u00e7a gen\u00e9tica entre crian\u00e7as que apresentavam n\u00edveis similares de ansiedade e depress\u00e3o, al\u00e9m de marcadores gen\u00e9ticos compartilhados nos problemas de sa\u00fade mental entre infantes e adultos, analisados em compara\u00e7\u00e3o com resultados de pesquisas anteriores.<\/p>\n\n\n\n<div class=\"wp-block-image\"><figure class=\"aligncenter size-large is-resized\"><img loading=\"lazy\" decoding=\"async\" src=\"https:\/\/jornalfatosenoticias.com.br\/wp-content\/uploads\/2022\/02\/Serra-Pack-459.png\" alt=\"\" class=\"wp-image-27471\" width=\"308\" height=\"123\"\/><\/figure><\/div>\n\n\n\n<figure class=\"wp-block-image size-large\"><img loading=\"lazy\" decoding=\"async\" width=\"1000\" height=\"666\" src=\"https:\/\/jornalfatosenoticias.com.br\/wp-content\/uploads\/2022\/04\/LIGACAO-GENETICA2.jpg\" alt=\"\" class=\"wp-image-29758\" srcset=\"https:\/\/jornalfatosenoticias.com.br\/wp-content\/uploads\/2022\/04\/LIGACAO-GENETICA2.jpg 1000w, https:\/\/jornalfatosenoticias.com.br\/wp-content\/uploads\/2022\/04\/LIGACAO-GENETICA2-300x200.jpg 300w, https:\/\/jornalfatosenoticias.com.br\/wp-content\/uploads\/2022\/04\/LIGACAO-GENETICA2-768x511.jpg 768w\" sizes=\"auto, (max-width: 1000px) 100vw, 1000px\" \/><figcaption><em><span class=\"has-inline-color has-black-color\">Crian\u00e7as que apresentam ansiedade e depress\u00e3o t\u00eam marcadores gen\u00e9ticos semelhantes, que se estendem a adultos com as mesmas condi\u00e7\u00f5es (Foto: LightFieldStudios\/Envato)<\/span><\/em><\/figcaption><\/figure>\n\n\n\n<div class=\"wp-block-image\"><figure class=\"alignleft size-large\"><img loading=\"lazy\" decoding=\"async\" width=\"300\" height=\"250\" src=\"https:\/\/jornalfatosenoticias.com.br\/wp-content\/uploads\/2022\/02\/FERRARI_MAQUINAS-E-FERRAMENTAS2.jpg\" alt=\"\" class=\"wp-image-27860\"\/><\/figure><\/div>\n\n\n\n<p><span class=\"has-inline-color has-black-color\"><strong>Depress\u00e3o e estresse na inf\u00e2ncia: identificar para tratar<br><\/strong><\/span>O estudo, segundo Middeldorp, \u00e9 importante porque ajuda no diagn\u00f3stico e identifica\u00e7\u00e3o de indiv\u00edduos com maior risco de apresentar sintomas durante a vida, adiantando o tratamento quando ele se tornar necess\u00e1rio. Essas varia\u00e7\u00f5es gen\u00e9ticas, segundo ela, precisam ser investigadas porque aumentam o risco de recorr\u00eancia e coocorr\u00eancia com outros dist\u00farbios de sa\u00fade mental.<br>Pessoas com ansiedade ou depress\u00e3o possuem mais chances de desenvolver transtorno do d\u00e9ficit de aten\u00e7\u00e3o com hiperatividade, ou comportamentos agressivos, por exemplo. A pesquisa tamb\u00e9m revelou um papel das varia\u00e7\u00f5es gen\u00e9ticas nessa coocorr\u00eancia. A gen\u00e9tica d\u00e1 conta de 40% do risco de uma pessoa desenvolver sintomas de ansiedade e depress\u00e3o, sendo que o restante fica por conta de fatores ambientais.<br>A autora comenta sobre as dificuldades enfrentadas pelos pacientes com esses dist\u00farbios: enquanto \u00e9 comum ver pessoas tendo sintomas de ansiedade e depress\u00e3o ocasionalmente, algumas delas conseguem se ajustar \u00e0s circunst\u00e2ncias da vida com mais facilidade. Quando a ansiedade \u00e9 mais cr\u00f4nica, no entanto, o sujeito fica remoendo a situa\u00e7\u00e3o ruim e n\u00e3o consegue seguir em frente: a diferen\u00e7a entre o modo com que cada um lida com estressores (agentes que causam o estresse) \u00e9, em parte, gen\u00e9tica.<\/p>\n\n\n\n<div class=\"wp-block-image\"><figure class=\"alignright size-large is-resized\"><img loading=\"lazy\" decoding=\"async\" src=\"https:\/\/jornalfatosenoticias.com.br\/wp-content\/uploads\/2022\/03\/logo-Suinco-1024x390.jpg\" alt=\"\" class=\"wp-image-28785\" width=\"326\" height=\"123\"\/><\/figure><\/div>\n\n\n\n<p>O pr\u00f3ximo passo, segundo os pesquisadores, \u00e9 verificar como \u00e9 a rela\u00e7\u00e3o entre a gen\u00e9tica e os fatores ambientes exatamente, como a vida familiar e escolar, analisando como esses fatores podem se juntar para causar os sintomas de ansiedade e depress\u00e3o na vida infantil. O estudo foi publicado na revista cient\u00edfica <em>Journal of the American Academy of Child &amp; Adolescent Psychiatry<\/em> no \u00faltimo dia 31 de mar\u00e7o.<\/p>\n\n\n\n<figure class=\"wp-block-image size-large is-resized\"><img loading=\"lazy\" decoding=\"async\" src=\"https:\/\/jornalfatosenoticias.com.br\/wp-content\/uploads\/2022\/02\/Banner-1-1024x101.png\" alt=\"\" class=\"wp-image-27923\" width=\"340\" height=\"33\"\/><\/figure>\n\n\n\n<p><em><strong>Fonte: <a href=\"https:\/\/canaltech.com.br\/saude\/ligacao-genetica-entre-saude-mental-na-infancia-e-na-vida-adulta-e-encontrada-213679\/\">Canaltech<\/a><\/strong><\/em><\/p>\n","protected":false},"excerpt":{"rendered":"<p>Crian\u00e7as que apresentam ansiedade e depress\u00e3o t\u00eam marcadores gen\u00e9ticos semelhantes, que se estendem a adultos com as mesmas condi\u00e7\u00f5es Pesquisadores da Universidade de Queensland, Austr\u00e1lia, encontraram uma liga\u00e7\u00e3o entre a ansiedade e depress\u00e3o na inf\u00e2ncia com a persist\u00eancia das condi\u00e7\u00f5es na vida adulta. Segundo eles, parte do motivo est\u00e1 em fatores heredit\u00e1rios, ou seja, \u00e9 [&hellip;]<\/p>\n","protected":false},"author":2,"featured_media":29759,"comment_status":"open","ping_status":"open","sticky":false,"template":"","format":"standard","meta":{"footnotes":""},"categories":[2,11],"tags":[1375,2607,14137,14138,14139],"class_list":["post-29757","post","type-post","status-publish","format-standard","has-post-thumbnail","hentry","category-ciencia","category-saude","tag-australia","tag-infancia","tag-ligacao-genetica","tag-marcadores-geneticos","tag-vida-adulta"],"yoast_head":"<!-- This site is optimized with the Yoast SEO plugin v26.5 - https:\/\/yoast.com\/wordpress\/plugins\/seo\/ -->\n<title>Liga\u00e7\u00e3o gen\u00e9tica entre sa\u00fade mental na inf\u00e2ncia e na vida adulta \u00e9 encontrada - Jornal Fatos e Not\u00edcias<\/title>\n<meta name=\"robots\" content=\"index, follow, max-snippet:-1, max-image-preview:large, max-video-preview:-1\" \/>\n<link rel=\"canonical\" href=\"https:\/\/jornalfatosenoticias.com.br\/index.php\/2022\/04\/14\/ligacao-genetica-entre-saude-mental-na-infancia-e-na-vida-adulta-e-encontrada\/\" \/>\n<meta property=\"og:locale\" content=\"pt_BR\" \/>\n<meta property=\"og:type\" content=\"article\" \/>\n<meta property=\"og:title\" content=\"Liga\u00e7\u00e3o gen\u00e9tica entre sa\u00fade mental na inf\u00e2ncia e na vida adulta \u00e9 encontrada - Jornal Fatos e Not\u00edcias\" \/>\n<meta property=\"og:description\" content=\"Crian\u00e7as que apresentam ansiedade e depress\u00e3o t\u00eam marcadores gen\u00e9ticos semelhantes, que se estendem a adultos com as mesmas condi\u00e7\u00f5es Pesquisadores da Universidade de Queensland, Austr\u00e1lia, encontraram uma liga\u00e7\u00e3o entre a ansiedade e depress\u00e3o na inf\u00e2ncia com a persist\u00eancia das condi\u00e7\u00f5es na vida adulta. Segundo eles, parte do motivo est\u00e1 em fatores heredit\u00e1rios, ou seja, \u00e9 [&hellip;]\" \/>\n<meta property=\"og:url\" content=\"https:\/\/jornalfatosenoticias.com.br\/index.php\/2022\/04\/14\/ligacao-genetica-entre-saude-mental-na-infancia-e-na-vida-adulta-e-encontrada\/\" \/>\n<meta property=\"og:site_name\" content=\"Jornal Fatos e Not\u00edcias\" \/>\n<meta property=\"article:published_time\" content=\"2022-04-14T18:58:22+00:00\" \/>\n<meta property=\"article:modified_time\" content=\"2022-04-14T18:58:26+00:00\" \/>\n<meta property=\"og:image\" content=\"https:\/\/jornalfatosenoticias.com.br\/wp-content\/uploads\/2022\/04\/LIGACAO-GENETICA.jpg\" \/>\n\t<meta property=\"og:image:width\" content=\"1000\" \/>\n\t<meta property=\"og:image:height\" content=\"562\" \/>\n\t<meta property=\"og:image:type\" content=\"image\/jpeg\" \/>\n<meta name=\"author\" content=\"Luzimara Fernandes\" \/>\n<meta name=\"twitter:card\" content=\"summary_large_image\" \/>\n<meta name=\"twitter:label1\" content=\"Escrito por\" \/>\n\t<meta name=\"twitter:data1\" content=\"Luzimara Fernandes\" \/>\n\t<meta name=\"twitter:label2\" content=\"Est. tempo de leitura\" \/>\n\t<meta name=\"twitter:data2\" content=\"2 minutos\" \/>\n<script type=\"application\/ld+json\" class=\"yoast-schema-graph\">{\"@context\":\"https:\/\/schema.org\",\"@graph\":[{\"@type\":\"Article\",\"@id\":\"https:\/\/jornalfatosenoticias.com.br\/index.php\/2022\/04\/14\/ligacao-genetica-entre-saude-mental-na-infancia-e-na-vida-adulta-e-encontrada\/#article\",\"isPartOf\":{\"@id\":\"https:\/\/jornalfatosenoticias.com.br\/index.php\/2022\/04\/14\/ligacao-genetica-entre-saude-mental-na-infancia-e-na-vida-adulta-e-encontrada\/\"},\"author\":{\"name\":\"Luzimara Fernandes\",\"@id\":\"https:\/\/jornalfatosenoticias.com.br\/#\/schema\/person\/d63837fa13ac8666eb9e74e0985d6f81\"},\"headline\":\"Liga\u00e7\u00e3o gen\u00e9tica entre sa\u00fade mental na inf\u00e2ncia e na vida adulta \u00e9 encontrada\",\"datePublished\":\"2022-04-14T18:58:22+00:00\",\"dateModified\":\"2022-04-14T18:58:26+00:00\",\"mainEntityOfPage\":{\"@id\":\"https:\/\/jornalfatosenoticias.com.br\/index.php\/2022\/04\/14\/ligacao-genetica-entre-saude-mental-na-infancia-e-na-vida-adulta-e-encontrada\/\"},\"wordCount\":498,\"commentCount\":0,\"publisher\":{\"@id\":\"https:\/\/jornalfatosenoticias.com.br\/#organization\"},\"image\":{\"@id\":\"https:\/\/jornalfatosenoticias.com.br\/index.php\/2022\/04\/14\/ligacao-genetica-entre-saude-mental-na-infancia-e-na-vida-adulta-e-encontrada\/#primaryimage\"},\"thumbnailUrl\":\"https:\/\/jornalfatosenoticias.com.br\/wp-content\/uploads\/2022\/04\/LIGACAO-GENETICA.jpg\",\"keywords\":[\"Austr\u00e1lia\",\"inf\u00e2ncia\",\"liga\u00e7\u00e3o gen\u00e9tica\",\"marcadores gen\u00e9ticos\",\"vida adulta\"],\"articleSection\":[\"Ci\u00eancia\",\"Sa\u00fade\"],\"inLanguage\":\"pt-BR\",\"potentialAction\":[{\"@type\":\"CommentAction\",\"name\":\"Comment\",\"target\":[\"https:\/\/jornalfatosenoticias.com.br\/index.php\/2022\/04\/14\/ligacao-genetica-entre-saude-mental-na-infancia-e-na-vida-adulta-e-encontrada\/#respond\"]}]},{\"@type\":\"WebPage\",\"@id\":\"https:\/\/jornalfatosenoticias.com.br\/index.php\/2022\/04\/14\/ligacao-genetica-entre-saude-mental-na-infancia-e-na-vida-adulta-e-encontrada\/\",\"url\":\"https:\/\/jornalfatosenoticias.com.br\/index.php\/2022\/04\/14\/ligacao-genetica-entre-saude-mental-na-infancia-e-na-vida-adulta-e-encontrada\/\",\"name\":\"Liga\u00e7\u00e3o gen\u00e9tica entre sa\u00fade mental na inf\u00e2ncia e na vida adulta \u00e9 encontrada - Jornal Fatos e Not\u00edcias\",\"isPartOf\":{\"@id\":\"https:\/\/jornalfatosenoticias.com.br\/#website\"},\"primaryImageOfPage\":{\"@id\":\"https:\/\/jornalfatosenoticias.com.br\/index.php\/2022\/04\/14\/ligacao-genetica-entre-saude-mental-na-infancia-e-na-vida-adulta-e-encontrada\/#primaryimage\"},\"image\":{\"@id\":\"https:\/\/jornalfatosenoticias.com.br\/index.php\/2022\/04\/14\/ligacao-genetica-entre-saude-mental-na-infancia-e-na-vida-adulta-e-encontrada\/#primaryimage\"},\"thumbnailUrl\":\"https:\/\/jornalfatosenoticias.com.br\/wp-content\/uploads\/2022\/04\/LIGACAO-GENETICA.jpg\",\"datePublished\":\"2022-04-14T18:58:22+00:00\",\"dateModified\":\"2022-04-14T18:58:26+00:00\",\"breadcrumb\":{\"@id\":\"https:\/\/jornalfatosenoticias.com.br\/index.php\/2022\/04\/14\/ligacao-genetica-entre-saude-mental-na-infancia-e-na-vida-adulta-e-encontrada\/#breadcrumb\"},\"inLanguage\":\"pt-BR\",\"potentialAction\":[{\"@type\":\"ReadAction\",\"target\":[\"https:\/\/jornalfatosenoticias.com.br\/index.php\/2022\/04\/14\/ligacao-genetica-entre-saude-mental-na-infancia-e-na-vida-adulta-e-encontrada\/\"]}]},{\"@type\":\"ImageObject\",\"inLanguage\":\"pt-BR\",\"@id\":\"https:\/\/jornalfatosenoticias.com.br\/index.php\/2022\/04\/14\/ligacao-genetica-entre-saude-mental-na-infancia-e-na-vida-adulta-e-encontrada\/#primaryimage\",\"url\":\"https:\/\/jornalfatosenoticias.com.br\/wp-content\/uploads\/2022\/04\/LIGACAO-GENETICA.jpg\",\"contentUrl\":\"https:\/\/jornalfatosenoticias.com.br\/wp-content\/uploads\/2022\/04\/LIGACAO-GENETICA.jpg\",\"width\":1000,\"height\":562},{\"@type\":\"BreadcrumbList\",\"@id\":\"https:\/\/jornalfatosenoticias.com.br\/index.php\/2022\/04\/14\/ligacao-genetica-entre-saude-mental-na-infancia-e-na-vida-adulta-e-encontrada\/#breadcrumb\",\"itemListElement\":[{\"@type\":\"ListItem\",\"position\":1,\"name\":\"In\u00edcio\",\"item\":\"https:\/\/jornalfatosenoticias.com.br\/\"},{\"@type\":\"ListItem\",\"position\":2,\"name\":\"Liga\u00e7\u00e3o gen\u00e9tica entre sa\u00fade mental na inf\u00e2ncia e na vida adulta \u00e9 encontrada\"}]},{\"@type\":\"WebSite\",\"@id\":\"https:\/\/jornalfatosenoticias.com.br\/#website\",\"url\":\"https:\/\/jornalfatosenoticias.com.br\/\",\"name\":\"Jornal Fatos e Not\u00edcias\",\"description\":\"Not\u00edcias em geral\",\"publisher\":{\"@id\":\"https:\/\/jornalfatosenoticias.com.br\/#organization\"},\"potentialAction\":[{\"@type\":\"SearchAction\",\"target\":{\"@type\":\"EntryPoint\",\"urlTemplate\":\"https:\/\/jornalfatosenoticias.com.br\/?s={search_term_string}\"},\"query-input\":{\"@type\":\"PropertyValueSpecification\",\"valueRequired\":true,\"valueName\":\"search_term_string\"}}],\"inLanguage\":\"pt-BR\"},{\"@type\":\"Organization\",\"@id\":\"https:\/\/jornalfatosenoticias.com.br\/#organization\",\"name\":\"Jornal Fatos e Not\u00edcias\",\"url\":\"https:\/\/jornalfatosenoticias.com.br\/\",\"logo\":{\"@type\":\"ImageObject\",\"inLanguage\":\"pt-BR\",\"@id\":\"https:\/\/jornalfatosenoticias.com.br\/#\/schema\/logo\/image\/\",\"url\":\"https:\/\/jornalfatosenoticias.com.br\/wp-content\/uploads\/2020\/02\/logo120.png\",\"contentUrl\":\"https:\/\/jornalfatosenoticias.com.br\/wp-content\/uploads\/2020\/02\/logo120.png\",\"width\":1227,\"height\":120,\"caption\":\"Jornal Fatos e Not\u00edcias\"},\"image\":{\"@id\":\"https:\/\/jornalfatosenoticias.com.br\/#\/schema\/logo\/image\/\"}},{\"@type\":\"Person\",\"@id\":\"https:\/\/jornalfatosenoticias.com.br\/#\/schema\/person\/d63837fa13ac8666eb9e74e0985d6f81\",\"name\":\"Luzimara Fernandes\",\"image\":{\"@type\":\"ImageObject\",\"inLanguage\":\"pt-BR\",\"@id\":\"https:\/\/jornalfatosenoticias.com.br\/#\/schema\/person\/image\/\",\"url\":\"https:\/\/jornalfatosenoticias.com.br\/wp-content\/uploads\/2025\/05\/EU_portal.jpg\",\"contentUrl\":\"https:\/\/jornalfatosenoticias.com.br\/wp-content\/uploads\/2025\/05\/EU_portal.jpg\",\"caption\":\"Luzimara Fernandes\"},\"description\":\"Jornalista MTB 2358-ES\",\"sameAs\":[\"https:\/\/jornalfatosenoticias.com.br\"],\"url\":\"https:\/\/jornalfatosenoticias.com.br\/index.php\/author\/luzimara\/\"}]}<\/script>\n<!-- \/ Yoast SEO plugin. -->","yoast_head_json":{"title":"Liga\u00e7\u00e3o gen\u00e9tica entre sa\u00fade mental na inf\u00e2ncia e na vida adulta \u00e9 encontrada - Jornal Fatos e Not\u00edcias","robots":{"index":"index","follow":"follow","max-snippet":"max-snippet:-1","max-image-preview":"max-image-preview:large","max-video-preview":"max-video-preview:-1"},"canonical":"https:\/\/jornalfatosenoticias.com.br\/index.php\/2022\/04\/14\/ligacao-genetica-entre-saude-mental-na-infancia-e-na-vida-adulta-e-encontrada\/","og_locale":"pt_BR","og_type":"article","og_title":"Liga\u00e7\u00e3o gen\u00e9tica entre sa\u00fade mental na inf\u00e2ncia e na vida adulta \u00e9 encontrada - Jornal Fatos e Not\u00edcias","og_description":"Crian\u00e7as que apresentam ansiedade e depress\u00e3o t\u00eam marcadores gen\u00e9ticos semelhantes, que se estendem a adultos com as mesmas condi\u00e7\u00f5es Pesquisadores da Universidade de Queensland, Austr\u00e1lia, encontraram uma liga\u00e7\u00e3o entre a ansiedade e depress\u00e3o na inf\u00e2ncia com a persist\u00eancia das condi\u00e7\u00f5es na vida adulta. Segundo eles, parte do motivo est\u00e1 em fatores heredit\u00e1rios, ou seja, \u00e9 [&hellip;]","og_url":"https:\/\/jornalfatosenoticias.com.br\/index.php\/2022\/04\/14\/ligacao-genetica-entre-saude-mental-na-infancia-e-na-vida-adulta-e-encontrada\/","og_site_name":"Jornal Fatos e Not\u00edcias","article_published_time":"2022-04-14T18:58:22+00:00","article_modified_time":"2022-04-14T18:58:26+00:00","og_image":[{"width":1000,"height":562,"url":"https:\/\/jornalfatosenoticias.com.br\/wp-content\/uploads\/2022\/04\/LIGACAO-GENETICA.jpg","type":"image\/jpeg"}],"author":"Luzimara Fernandes","twitter_card":"summary_large_image","twitter_misc":{"Escrito por":"Luzimara Fernandes","Est. tempo de leitura":"2 minutos"},"schema":{"@context":"https:\/\/schema.org","@graph":[{"@type":"Article","@id":"https:\/\/jornalfatosenoticias.com.br\/index.php\/2022\/04\/14\/ligacao-genetica-entre-saude-mental-na-infancia-e-na-vida-adulta-e-encontrada\/#article","isPartOf":{"@id":"https:\/\/jornalfatosenoticias.com.br\/index.php\/2022\/04\/14\/ligacao-genetica-entre-saude-mental-na-infancia-e-na-vida-adulta-e-encontrada\/"},"author":{"name":"Luzimara Fernandes","@id":"https:\/\/jornalfatosenoticias.com.br\/#\/schema\/person\/d63837fa13ac8666eb9e74e0985d6f81"},"headline":"Liga\u00e7\u00e3o gen\u00e9tica entre sa\u00fade mental na inf\u00e2ncia e na vida adulta \u00e9 encontrada","datePublished":"2022-04-14T18:58:22+00:00","dateModified":"2022-04-14T18:58:26+00:00","mainEntityOfPage":{"@id":"https:\/\/jornalfatosenoticias.com.br\/index.php\/2022\/04\/14\/ligacao-genetica-entre-saude-mental-na-infancia-e-na-vida-adulta-e-encontrada\/"},"wordCount":498,"commentCount":0,"publisher":{"@id":"https:\/\/jornalfatosenoticias.com.br\/#organization"},"image":{"@id":"https:\/\/jornalfatosenoticias.com.br\/index.php\/2022\/04\/14\/ligacao-genetica-entre-saude-mental-na-infancia-e-na-vida-adulta-e-encontrada\/#primaryimage"},"thumbnailUrl":"https:\/\/jornalfatosenoticias.com.br\/wp-content\/uploads\/2022\/04\/LIGACAO-GENETICA.jpg","keywords":["Austr\u00e1lia","inf\u00e2ncia","liga\u00e7\u00e3o gen\u00e9tica","marcadores gen\u00e9ticos","vida adulta"],"articleSection":["Ci\u00eancia","Sa\u00fade"],"inLanguage":"pt-BR","potentialAction":[{"@type":"CommentAction","name":"Comment","target":["https:\/\/jornalfatosenoticias.com.br\/index.php\/2022\/04\/14\/ligacao-genetica-entre-saude-mental-na-infancia-e-na-vida-adulta-e-encontrada\/#respond"]}]},{"@type":"WebPage","@id":"https:\/\/jornalfatosenoticias.com.br\/index.php\/2022\/04\/14\/ligacao-genetica-entre-saude-mental-na-infancia-e-na-vida-adulta-e-encontrada\/","url":"https:\/\/jornalfatosenoticias.com.br\/index.php\/2022\/04\/14\/ligacao-genetica-entre-saude-mental-na-infancia-e-na-vida-adulta-e-encontrada\/","name":"Liga\u00e7\u00e3o gen\u00e9tica entre sa\u00fade mental na inf\u00e2ncia e na vida adulta \u00e9 encontrada - Jornal Fatos e Not\u00edcias","isPartOf":{"@id":"https:\/\/jornalfatosenoticias.com.br\/#website"},"primaryImageOfPage":{"@id":"https:\/\/jornalfatosenoticias.com.br\/index.php\/2022\/04\/14\/ligacao-genetica-entre-saude-mental-na-infancia-e-na-vida-adulta-e-encontrada\/#primaryimage"},"image":{"@id":"https:\/\/jornalfatosenoticias.com.br\/index.php\/2022\/04\/14\/ligacao-genetica-entre-saude-mental-na-infancia-e-na-vida-adulta-e-encontrada\/#primaryimage"},"thumbnailUrl":"https:\/\/jornalfatosenoticias.com.br\/wp-content\/uploads\/2022\/04\/LIGACAO-GENETICA.jpg","datePublished":"2022-04-14T18:58:22+00:00","dateModified":"2022-04-14T18:58:26+00:00","breadcrumb":{"@id":"https:\/\/jornalfatosenoticias.com.br\/index.php\/2022\/04\/14\/ligacao-genetica-entre-saude-mental-na-infancia-e-na-vida-adulta-e-encontrada\/#breadcrumb"},"inLanguage":"pt-BR","potentialAction":[{"@type":"ReadAction","target":["https:\/\/jornalfatosenoticias.com.br\/index.php\/2022\/04\/14\/ligacao-genetica-entre-saude-mental-na-infancia-e-na-vida-adulta-e-encontrada\/"]}]},{"@type":"ImageObject","inLanguage":"pt-BR","@id":"https:\/\/jornalfatosenoticias.com.br\/index.php\/2022\/04\/14\/ligacao-genetica-entre-saude-mental-na-infancia-e-na-vida-adulta-e-encontrada\/#primaryimage","url":"https:\/\/jornalfatosenoticias.com.br\/wp-content\/uploads\/2022\/04\/LIGACAO-GENETICA.jpg","contentUrl":"https:\/\/jornalfatosenoticias.com.br\/wp-content\/uploads\/2022\/04\/LIGACAO-GENETICA.jpg","width":1000,"height":562},{"@type":"BreadcrumbList","@id":"https:\/\/jornalfatosenoticias.com.br\/index.php\/2022\/04\/14\/ligacao-genetica-entre-saude-mental-na-infancia-e-na-vida-adulta-e-encontrada\/#breadcrumb","itemListElement":[{"@type":"ListItem","position":1,"name":"In\u00edcio","item":"https:\/\/jornalfatosenoticias.com.br\/"},{"@type":"ListItem","position":2,"name":"Liga\u00e7\u00e3o gen\u00e9tica entre sa\u00fade mental na inf\u00e2ncia e na vida adulta \u00e9 encontrada"}]},{"@type":"WebSite","@id":"https:\/\/jornalfatosenoticias.com.br\/#website","url":"https:\/\/jornalfatosenoticias.com.br\/","name":"Jornal Fatos e Not\u00edcias","description":"Not\u00edcias em geral","publisher":{"@id":"https:\/\/jornalfatosenoticias.com.br\/#organization"},"potentialAction":[{"@type":"SearchAction","target":{"@type":"EntryPoint","urlTemplate":"https:\/\/jornalfatosenoticias.com.br\/?s={search_term_string}"},"query-input":{"@type":"PropertyValueSpecification","valueRequired":true,"valueName":"search_term_string"}}],"inLanguage":"pt-BR"},{"@type":"Organization","@id":"https:\/\/jornalfatosenoticias.com.br\/#organization","name":"Jornal Fatos e Not\u00edcias","url":"https:\/\/jornalfatosenoticias.com.br\/","logo":{"@type":"ImageObject","inLanguage":"pt-BR","@id":"https:\/\/jornalfatosenoticias.com.br\/#\/schema\/logo\/image\/","url":"https:\/\/jornalfatosenoticias.com.br\/wp-content\/uploads\/2020\/02\/logo120.png","contentUrl":"https:\/\/jornalfatosenoticias.com.br\/wp-content\/uploads\/2020\/02\/logo120.png","width":1227,"height":120,"caption":"Jornal Fatos e Not\u00edcias"},"image":{"@id":"https:\/\/jornalfatosenoticias.com.br\/#\/schema\/logo\/image\/"}},{"@type":"Person","@id":"https:\/\/jornalfatosenoticias.com.br\/#\/schema\/person\/d63837fa13ac8666eb9e74e0985d6f81","name":"Luzimara Fernandes","image":{"@type":"ImageObject","inLanguage":"pt-BR","@id":"https:\/\/jornalfatosenoticias.com.br\/#\/schema\/person\/image\/","url":"https:\/\/jornalfatosenoticias.com.br\/wp-content\/uploads\/2025\/05\/EU_portal.jpg","contentUrl":"https:\/\/jornalfatosenoticias.com.br\/wp-content\/uploads\/2025\/05\/EU_portal.jpg","caption":"Luzimara Fernandes"},"description":"Jornalista MTB 2358-ES","sameAs":["https:\/\/jornalfatosenoticias.com.br"],"url":"https:\/\/jornalfatosenoticias.com.br\/index.php\/author\/luzimara\/"}]}},"cc_featured_image_caption":{"caption_text":"(Foto: Anthony Tran\/Unsplash) ","source_text":"","source_url":""},"jetpack_featured_media_url":"https:\/\/jornalfatosenoticias.com.br\/wp-content\/uploads\/2022\/04\/LIGACAO-GENETICA.jpg","_links":{"self":[{"href":"https:\/\/jornalfatosenoticias.com.br\/index.php\/wp-json\/wp\/v2\/posts\/29757","targetHints":{"allow":["GET"]}}],"collection":[{"href":"https:\/\/jornalfatosenoticias.com.br\/index.php\/wp-json\/wp\/v2\/posts"}],"about":[{"href":"https:\/\/jornalfatosenoticias.com.br\/index.php\/wp-json\/wp\/v2\/types\/post"}],"author":[{"embeddable":true,"href":"https:\/\/jornalfatosenoticias.com.br\/index.php\/wp-json\/wp\/v2\/users\/2"}],"replies":[{"embeddable":true,"href":"https:\/\/jornalfatosenoticias.com.br\/index.php\/wp-json\/wp\/v2\/comments?post=29757"}],"version-history":[{"count":0,"href":"https:\/\/jornalfatosenoticias.com.br\/index.php\/wp-json\/wp\/v2\/posts\/29757\/revisions"}],"wp:featuredmedia":[{"embeddable":true,"href":"https:\/\/jornalfatosenoticias.com.br\/index.php\/wp-json\/wp\/v2\/media\/29759"}],"wp:attachment":[{"href":"https:\/\/jornalfatosenoticias.com.br\/index.php\/wp-json\/wp\/v2\/media?parent=29757"}],"wp:term":[{"taxonomy":"category","embeddable":true,"href":"https:\/\/jornalfatosenoticias.com.br\/index.php\/wp-json\/wp\/v2\/categories?post=29757"},{"taxonomy":"post_tag","embeddable":true,"href":"https:\/\/jornalfatosenoticias.com.br\/index.php\/wp-json\/wp\/v2\/tags?post=29757"}],"curies":[{"name":"wp","href":"https:\/\/api.w.org\/{rel}","templated":true}]}}