{"id":29771,"date":"2022-04-22T13:35:53","date_gmt":"2022-04-22T16:35:53","guid":{"rendered":"https:\/\/jornalfatosenoticias.com.br\/?p=29771"},"modified":"2022-04-22T13:35:56","modified_gmt":"2022-04-22T16:35:56","slug":"combatemos-o-mal-com-o-bem","status":"publish","type":"post","link":"https:\/\/jornalfatosenoticias.com.br\/index.php\/2022\/04\/22\/combatemos-o-mal-com-o-bem\/","title":{"rendered":"Combatemos o mal com o bem!"},"content":{"rendered":"\n<div class=\"wp-block-image\"><figure class=\"aligncenter size-large is-resized\"><img loading=\"lazy\" decoding=\"async\" src=\"https:\/\/jornalfatosenoticias.com.br\/wp-content\/uploads\/2022\/02\/Arte-Autoescola-Galatas_endereco_portal-1024x103.png\" alt=\"\" class=\"wp-image-27869\" width=\"388\" height=\"39\" srcset=\"https:\/\/jornalfatosenoticias.com.br\/wp-content\/uploads\/2022\/02\/Arte-Autoescola-Galatas_endereco_portal-1024x103.png 1024w, https:\/\/jornalfatosenoticias.com.br\/wp-content\/uploads\/2022\/02\/Arte-Autoescola-Galatas_endereco_portal-300x30.png 300w, https:\/\/jornalfatosenoticias.com.br\/wp-content\/uploads\/2022\/02\/Arte-Autoescola-Galatas_endereco_portal-768x77.png 768w, https:\/\/jornalfatosenoticias.com.br\/wp-content\/uploads\/2022\/02\/Arte-Autoescola-Galatas_endereco_portal.png 1223w\" sizes=\"auto, (max-width: 388px) 100vw, 388px\" \/><\/figure><\/div>\n\n\n\n<p>A grande maioria dos ministros do Supremo Tribunal Federal \u2014 com terror ideol\u00f3gico fantasmag\u00f3rico \u2014 atazana a vida do presidente Jair Messias Bolsonaro desde que ele assumiu o Pal\u00e1cio do Planalto, para dificultar e deixar ainda mais dif\u00edcil a tarefa de tocar o Brasil.<br>Ironicamente, os mesmos que deveriam zelar pela Constitui\u00e7\u00e3o Federal, est\u00e3o a todo momento rasgando-a diante de todos n\u00f3s cidad\u00e3os brasileiros, como se superministros fossem. Prova dessa diarreia jur\u00eddica, foi a condena\u00e7\u00e3o a mais de oito anos de pris\u00e3o do deputado Daniel Silveira nessa quarta-feira (20) pelos 10 ativistas togados da esquerda que, infelizmente, fazem parte da atual composi\u00e7\u00e3o da Corte.<\/p>\n\n\n\n<div class=\"wp-block-image\"><figure class=\"alignleft size-large is-resized\"><img loading=\"lazy\" decoding=\"async\" src=\"https:\/\/jornalfatosenoticias.com.br\/wp-content\/uploads\/2020\/02\/nova-logo-Marquetti.jpg\" alt=\"\" class=\"wp-image-22331\" width=\"282\" height=\"190\" srcset=\"https:\/\/jornalfatosenoticias.com.br\/wp-content\/uploads\/2020\/02\/nova-logo-Marquetti.jpg 643w, https:\/\/jornalfatosenoticias.com.br\/wp-content\/uploads\/2020\/02\/nova-logo-Marquetti-300x202.jpg 300w\" sizes=\"auto, (max-width: 282px) 100vw, 282px\" \/><\/figure><\/div>\n\n\n\n<p>O descr\u00e9dito do STF s\u00f3 aumenta com essa postura partid\u00e1ria, tanto que um dia antes do julgamento do deputado, o ex-ministro do STF, Marco Aur\u00e9lio Mello, defendeu o deputado em debate promovido pelo Centro Brasileiro de Rela\u00e7\u00f5es Internacionais (CEBRI), considerando que a a\u00e7\u00e3o movida contra o deputado \u201c\u00e9 algo muito s\u00e9rio\u201d, ao levar em conta o direito \u00e0 imunidade parlamentar. Citando ainda que o processo trata-se de um obst\u00e1culo muito s\u00e9rio de desrespeito \u00e0 imunidade. Muitos outros juristas alertaram em entrevistas a v\u00e1rios canais de comunica\u00e7\u00e3o sobre as arbitrariedades pelo ministro Alexandre de Moraes, afirmando ainda que a composi\u00e7\u00e3o atual do STF \u00e9 desastrosa.<br>O que n\u00e3o se esperava \u00e9 que \u2014 com um tapa de luva \u2014 o presidente Jair Messias Bolsonaro, sabiamente, um dia ap\u00f3s a condena\u00e7\u00e3o do parlamentar pelo STF, concedeu gra\u00e7a constitucional ao mesmo o que, para o advogado de defesa, Paulo Faria, \u201co presidente restitui a constitucionalidade, restitui a justi\u00e7a que \u00e9 t\u00e3o esquecida nesse Pa\u00eds e t\u00e3o perseguida pelos membros da Suprema Corte\u201d.<\/p>\n\n\n\n<div class=\"wp-block-image\"><figure class=\"alignright size-large\"><img decoding=\"async\" src=\"https:\/\/jornalfatosenoticias.com.br\/wp-content\/uploads\/2020\/02\/logo_esteio.jpg\" alt=\"\" class=\"wp-image-1214\"\/><\/figure><\/div>\n\n\n\n<p>Segundo o C\u00f3digo do Processo Penal (CPP), o chamado indulto da gra\u00e7a, autoriza que o benef\u00edcio possa ser dado de maneira espont\u00e2nea e, no artigo 738, o texto alega que, \u201cconcedida a gra\u00e7a e juntada aos autos c\u00f3pia do decreto, o juiz declarar\u00e1 extinta a pena ou penas, ou ajustar\u00e1 a execu\u00e7\u00e3o aos termos do decreto, no caso de redu\u00e7\u00e3o ou comuta\u00e7\u00e3o de pena\u201d. No decreto assinado por Bolsonaro, o presidente alega que sua decis\u00e3o \u201cinclui as penas privativas de liberdade, a multa, ainda que haja inadimpl\u00eancia ou inscri\u00e7\u00e3o de d\u00e9bitos na D\u00edvida Ativa da Uni\u00e3o, e as penas restritivas de direitos\u201d e que a gra\u00e7a do decreto \u00e9 \u201cincondicionada e ser\u00e1 concedida independentemente do tr\u00e2nsito em julgado da senten\u00e7a penal condenat\u00f3ria\u201d.<\/p>\n\n\n\n<div class=\"wp-block-image\"><figure class=\"alignleft size-large is-resized\"><img loading=\"lazy\" decoding=\"async\" src=\"https:\/\/jornalfatosenoticias.com.br\/wp-content\/uploads\/2022\/03\/logo-Suinco-1024x390.jpg\" alt=\"\" class=\"wp-image-28785\" width=\"339\" height=\"128\"\/><\/figure><\/div>\n\n\n\n<p>Parab\u00e9ns ao nosso presidente Jair Bolsonaro que, jogando nas quatro linhas da Constitui\u00e7\u00e3o, mostra, especialmente aos covardes do Congresso Nacional, que a tirania deve ser sempre combatida com coragem e bravura quando o estado democr\u00e1tico de direito estiver sendo amea\u00e7ado.<br>Vamos ver agora a postura dos congressistas a respeito do Projeto de Lei 2630\/2020? A chamada Lei da Morda\u00e7a? Fiquem atentos, pois o povo est\u00e1 de olho!<\/p>\n\n\n\n<div class=\"wp-block-image\"><figure class=\"aligncenter size-large is-resized\"><img loading=\"lazy\" decoding=\"async\" src=\"https:\/\/jornalfatosenoticias.com.br\/wp-content\/uploads\/2020\/02\/Serra-Grande-1024x160.png\" alt=\"\" class=\"wp-image-7836\" width=\"360\" height=\"56\"\/><\/figure><\/div>\n","protected":false},"excerpt":{"rendered":"<p>A grande maioria dos ministros do Supremo Tribunal Federal \u2014 com terror ideol\u00f3gico fantasmag\u00f3rico \u2014 atazana a vida do presidente Jair Messias Bolsonaro desde que ele assumiu o Pal\u00e1cio do Planalto, para dificultar e deixar ainda mais dif\u00edcil a tarefa de tocar o Brasil.Ironicamente, os mesmos que deveriam zelar pela Constitui\u00e7\u00e3o Federal, est\u00e3o a todo [&hellip;]<\/p>\n","protected":false},"author":3,"featured_media":29772,"comment_status":"open","ping_status":"open","sticky":false,"template":"","format":"standard","meta":{"footnotes":""},"categories":[10],"tags":[13889,13890,14143,1795,294],"class_list":["post-29771","post","type-post","status-publish","format-standard","has-post-thumbnail","hentry","category-politica","tag-alexandre-de-moraes","tag-daniel-silveira","tag-indulto","tag-jair-bolsonaro","tag-stf"],"yoast_head":"<!-- This site is optimized with the Yoast SEO plugin v26.5 - https:\/\/yoast.com\/wordpress\/plugins\/seo\/ -->\n<title>Combatemos o mal com o bem! - Jornal Fatos e Not\u00edcias<\/title>\n<meta name=\"robots\" content=\"index, follow, max-snippet:-1, max-image-preview:large, max-video-preview:-1\" \/>\n<link rel=\"canonical\" href=\"https:\/\/jornalfatosenoticias.com.br\/index.php\/2022\/04\/22\/combatemos-o-mal-com-o-bem\/\" \/>\n<meta property=\"og:locale\" content=\"pt_BR\" \/>\n<meta property=\"og:type\" content=\"article\" \/>\n<meta property=\"og:title\" content=\"Combatemos o mal com o bem! - Jornal Fatos e Not\u00edcias\" \/>\n<meta property=\"og:description\" content=\"A grande maioria dos ministros do Supremo Tribunal Federal \u2014 com terror ideol\u00f3gico fantasmag\u00f3rico \u2014 atazana a vida do presidente Jair Messias Bolsonaro desde que ele assumiu o Pal\u00e1cio do Planalto, para dificultar e deixar ainda mais dif\u00edcil a tarefa de tocar o Brasil.Ironicamente, os mesmos que deveriam zelar pela Constitui\u00e7\u00e3o Federal, est\u00e3o a todo [&hellip;]\" \/>\n<meta property=\"og:url\" content=\"https:\/\/jornalfatosenoticias.com.br\/index.php\/2022\/04\/22\/combatemos-o-mal-com-o-bem\/\" \/>\n<meta property=\"og:site_name\" content=\"Jornal Fatos e Not\u00edcias\" \/>\n<meta property=\"article:published_time\" content=\"2022-04-22T16:35:53+00:00\" \/>\n<meta property=\"article:modified_time\" content=\"2022-04-22T16:35:56+00:00\" \/>\n<meta property=\"og:image\" content=\"https:\/\/jornalfatosenoticias.com.br\/wp-content\/uploads\/2022\/04\/bolso-moraes.jpg\" \/>\n\t<meta property=\"og:image:width\" content=\"1000\" \/>\n\t<meta property=\"og:image:height\" content=\"628\" \/>\n\t<meta property=\"og:image:type\" content=\"image\/jpeg\" \/>\n<meta name=\"author\" content=\"Haroldo Filho\" \/>\n<meta name=\"twitter:card\" content=\"summary_large_image\" \/>\n<meta name=\"twitter:label1\" content=\"Escrito por\" \/>\n\t<meta name=\"twitter:data1\" content=\"Haroldo Filho\" \/>\n\t<meta name=\"twitter:label2\" content=\"Est. tempo de leitura\" \/>\n\t<meta name=\"twitter:data2\" content=\"3 minutos\" \/>\n<script type=\"application\/ld+json\" class=\"yoast-schema-graph\">{\"@context\":\"https:\/\/schema.org\",\"@graph\":[{\"@type\":\"Article\",\"@id\":\"https:\/\/jornalfatosenoticias.com.br\/index.php\/2022\/04\/22\/combatemos-o-mal-com-o-bem\/#article\",\"isPartOf\":{\"@id\":\"https:\/\/jornalfatosenoticias.com.br\/index.php\/2022\/04\/22\/combatemos-o-mal-com-o-bem\/\"},\"author\":{\"name\":\"Haroldo Filho\",\"@id\":\"https:\/\/jornalfatosenoticias.com.br\/#\/schema\/person\/05c46cc25b42a5c27e004fb0fa6b4965\"},\"headline\":\"Combatemos o mal com o bem!\",\"datePublished\":\"2022-04-22T16:35:53+00:00\",\"dateModified\":\"2022-04-22T16:35:56+00:00\",\"mainEntityOfPage\":{\"@id\":\"https:\/\/jornalfatosenoticias.com.br\/index.php\/2022\/04\/22\/combatemos-o-mal-com-o-bem\/\"},\"wordCount\":508,\"commentCount\":0,\"publisher\":{\"@id\":\"https:\/\/jornalfatosenoticias.com.br\/#organization\"},\"image\":{\"@id\":\"https:\/\/jornalfatosenoticias.com.br\/index.php\/2022\/04\/22\/combatemos-o-mal-com-o-bem\/#primaryimage\"},\"thumbnailUrl\":\"https:\/\/jornalfatosenoticias.com.br\/wp-content\/uploads\/2022\/04\/bolso-moraes.jpg\",\"keywords\":[\"Alexandre de Moraes\",\"Daniel Silveira\",\"indulto\",\"Jair Bolsonaro\",\"STF\"],\"articleSection\":[\"Pol\u00edtica\"],\"inLanguage\":\"pt-BR\",\"potentialAction\":[{\"@type\":\"CommentAction\",\"name\":\"Comment\",\"target\":[\"https:\/\/jornalfatosenoticias.com.br\/index.php\/2022\/04\/22\/combatemos-o-mal-com-o-bem\/#respond\"]}]},{\"@type\":\"WebPage\",\"@id\":\"https:\/\/jornalfatosenoticias.com.br\/index.php\/2022\/04\/22\/combatemos-o-mal-com-o-bem\/\",\"url\":\"https:\/\/jornalfatosenoticias.com.br\/index.php\/2022\/04\/22\/combatemos-o-mal-com-o-bem\/\",\"name\":\"Combatemos o mal com o bem! - Jornal Fatos e Not\u00edcias\",\"isPartOf\":{\"@id\":\"https:\/\/jornalfatosenoticias.com.br\/#website\"},\"primaryImageOfPage\":{\"@id\":\"https:\/\/jornalfatosenoticias.com.br\/index.php\/2022\/04\/22\/combatemos-o-mal-com-o-bem\/#primaryimage\"},\"image\":{\"@id\":\"https:\/\/jornalfatosenoticias.com.br\/index.php\/2022\/04\/22\/combatemos-o-mal-com-o-bem\/#primaryimage\"},\"thumbnailUrl\":\"https:\/\/jornalfatosenoticias.com.br\/wp-content\/uploads\/2022\/04\/bolso-moraes.jpg\",\"datePublished\":\"2022-04-22T16:35:53+00:00\",\"dateModified\":\"2022-04-22T16:35:56+00:00\",\"breadcrumb\":{\"@id\":\"https:\/\/jornalfatosenoticias.com.br\/index.php\/2022\/04\/22\/combatemos-o-mal-com-o-bem\/#breadcrumb\"},\"inLanguage\":\"pt-BR\",\"potentialAction\":[{\"@type\":\"ReadAction\",\"target\":[\"https:\/\/jornalfatosenoticias.com.br\/index.php\/2022\/04\/22\/combatemos-o-mal-com-o-bem\/\"]}]},{\"@type\":\"ImageObject\",\"inLanguage\":\"pt-BR\",\"@id\":\"https:\/\/jornalfatosenoticias.com.br\/index.php\/2022\/04\/22\/combatemos-o-mal-com-o-bem\/#primaryimage\",\"url\":\"https:\/\/jornalfatosenoticias.com.br\/wp-content\/uploads\/2022\/04\/bolso-moraes.jpg\",\"contentUrl\":\"https:\/\/jornalfatosenoticias.com.br\/wp-content\/uploads\/2022\/04\/bolso-moraes.jpg\",\"width\":1000,\"height\":628},{\"@type\":\"BreadcrumbList\",\"@id\":\"https:\/\/jornalfatosenoticias.com.br\/index.php\/2022\/04\/22\/combatemos-o-mal-com-o-bem\/#breadcrumb\",\"itemListElement\":[{\"@type\":\"ListItem\",\"position\":1,\"name\":\"In\u00edcio\",\"item\":\"https:\/\/jornalfatosenoticias.com.br\/\"},{\"@type\":\"ListItem\",\"position\":2,\"name\":\"Combatemos o mal com o bem!\"}]},{\"@type\":\"WebSite\",\"@id\":\"https:\/\/jornalfatosenoticias.com.br\/#website\",\"url\":\"https:\/\/jornalfatosenoticias.com.br\/\",\"name\":\"Jornal Fatos e Not\u00edcias\",\"description\":\"Not\u00edcias em geral\",\"publisher\":{\"@id\":\"https:\/\/jornalfatosenoticias.com.br\/#organization\"},\"potentialAction\":[{\"@type\":\"SearchAction\",\"target\":{\"@type\":\"EntryPoint\",\"urlTemplate\":\"https:\/\/jornalfatosenoticias.com.br\/?s={search_term_string}\"},\"query-input\":{\"@type\":\"PropertyValueSpecification\",\"valueRequired\":true,\"valueName\":\"search_term_string\"}}],\"inLanguage\":\"pt-BR\"},{\"@type\":\"Organization\",\"@id\":\"https:\/\/jornalfatosenoticias.com.br\/#organization\",\"name\":\"Jornal Fatos e Not\u00edcias\",\"url\":\"https:\/\/jornalfatosenoticias.com.br\/\",\"logo\":{\"@type\":\"ImageObject\",\"inLanguage\":\"pt-BR\",\"@id\":\"https:\/\/jornalfatosenoticias.com.br\/#\/schema\/logo\/image\/\",\"url\":\"https:\/\/jornalfatosenoticias.com.br\/wp-content\/uploads\/2020\/02\/logo120.png\",\"contentUrl\":\"https:\/\/jornalfatosenoticias.com.br\/wp-content\/uploads\/2020\/02\/logo120.png\",\"width\":1227,\"height\":120,\"caption\":\"Jornal Fatos e Not\u00edcias\"},\"image\":{\"@id\":\"https:\/\/jornalfatosenoticias.com.br\/#\/schema\/logo\/image\/\"}},{\"@type\":\"Person\",\"@id\":\"https:\/\/jornalfatosenoticias.com.br\/#\/schema\/person\/05c46cc25b42a5c27e004fb0fa6b4965\",\"name\":\"Haroldo Filho\",\"image\":{\"@type\":\"ImageObject\",\"inLanguage\":\"pt-BR\",\"@id\":\"https:\/\/jornalfatosenoticias.com.br\/#\/schema\/person\/image\/\",\"url\":\"https:\/\/jornalfatosenoticias.com.br\/wp-content\/uploads\/2025\/08\/WhatsApp-Image-2025-08-18-at-15.30.28-150x150.jpeg\",\"contentUrl\":\"https:\/\/jornalfatosenoticias.com.br\/wp-content\/uploads\/2025\/08\/WhatsApp-Image-2025-08-18-at-15.30.28-150x150.jpeg\",\"caption\":\"Haroldo Filho\"},\"description\":\"Jornalista \u2013 DRT: 0003818\/ES Coordenador-geral da ONG Educar para Crescer\",\"url\":\"https:\/\/jornalfatosenoticias.com.br\/index.php\/author\/haroldo\/\"}]}<\/script>\n<!-- \/ Yoast SEO plugin. -->","yoast_head_json":{"title":"Combatemos o mal com o bem! - Jornal Fatos e Not\u00edcias","robots":{"index":"index","follow":"follow","max-snippet":"max-snippet:-1","max-image-preview":"max-image-preview:large","max-video-preview":"max-video-preview:-1"},"canonical":"https:\/\/jornalfatosenoticias.com.br\/index.php\/2022\/04\/22\/combatemos-o-mal-com-o-bem\/","og_locale":"pt_BR","og_type":"article","og_title":"Combatemos o mal com o bem! - Jornal Fatos e Not\u00edcias","og_description":"A grande maioria dos ministros do Supremo Tribunal Federal \u2014 com terror ideol\u00f3gico fantasmag\u00f3rico \u2014 atazana a vida do presidente Jair Messias Bolsonaro desde que ele assumiu o Pal\u00e1cio do Planalto, para dificultar e deixar ainda mais dif\u00edcil a tarefa de tocar o Brasil.Ironicamente, os mesmos que deveriam zelar pela Constitui\u00e7\u00e3o Federal, est\u00e3o a todo [&hellip;]","og_url":"https:\/\/jornalfatosenoticias.com.br\/index.php\/2022\/04\/22\/combatemos-o-mal-com-o-bem\/","og_site_name":"Jornal Fatos e Not\u00edcias","article_published_time":"2022-04-22T16:35:53+00:00","article_modified_time":"2022-04-22T16:35:56+00:00","og_image":[{"width":1000,"height":628,"url":"https:\/\/jornalfatosenoticias.com.br\/wp-content\/uploads\/2022\/04\/bolso-moraes.jpg","type":"image\/jpeg"}],"author":"Haroldo Filho","twitter_card":"summary_large_image","twitter_misc":{"Escrito por":"Haroldo Filho","Est. tempo de leitura":"3 minutos"},"schema":{"@context":"https:\/\/schema.org","@graph":[{"@type":"Article","@id":"https:\/\/jornalfatosenoticias.com.br\/index.php\/2022\/04\/22\/combatemos-o-mal-com-o-bem\/#article","isPartOf":{"@id":"https:\/\/jornalfatosenoticias.com.br\/index.php\/2022\/04\/22\/combatemos-o-mal-com-o-bem\/"},"author":{"name":"Haroldo Filho","@id":"https:\/\/jornalfatosenoticias.com.br\/#\/schema\/person\/05c46cc25b42a5c27e004fb0fa6b4965"},"headline":"Combatemos o mal com o bem!","datePublished":"2022-04-22T16:35:53+00:00","dateModified":"2022-04-22T16:35:56+00:00","mainEntityOfPage":{"@id":"https:\/\/jornalfatosenoticias.com.br\/index.php\/2022\/04\/22\/combatemos-o-mal-com-o-bem\/"},"wordCount":508,"commentCount":0,"publisher":{"@id":"https:\/\/jornalfatosenoticias.com.br\/#organization"},"image":{"@id":"https:\/\/jornalfatosenoticias.com.br\/index.php\/2022\/04\/22\/combatemos-o-mal-com-o-bem\/#primaryimage"},"thumbnailUrl":"https:\/\/jornalfatosenoticias.com.br\/wp-content\/uploads\/2022\/04\/bolso-moraes.jpg","keywords":["Alexandre de Moraes","Daniel Silveira","indulto","Jair Bolsonaro","STF"],"articleSection":["Pol\u00edtica"],"inLanguage":"pt-BR","potentialAction":[{"@type":"CommentAction","name":"Comment","target":["https:\/\/jornalfatosenoticias.com.br\/index.php\/2022\/04\/22\/combatemos-o-mal-com-o-bem\/#respond"]}]},{"@type":"WebPage","@id":"https:\/\/jornalfatosenoticias.com.br\/index.php\/2022\/04\/22\/combatemos-o-mal-com-o-bem\/","url":"https:\/\/jornalfatosenoticias.com.br\/index.php\/2022\/04\/22\/combatemos-o-mal-com-o-bem\/","name":"Combatemos o mal com o bem! - Jornal Fatos e Not\u00edcias","isPartOf":{"@id":"https:\/\/jornalfatosenoticias.com.br\/#website"},"primaryImageOfPage":{"@id":"https:\/\/jornalfatosenoticias.com.br\/index.php\/2022\/04\/22\/combatemos-o-mal-com-o-bem\/#primaryimage"},"image":{"@id":"https:\/\/jornalfatosenoticias.com.br\/index.php\/2022\/04\/22\/combatemos-o-mal-com-o-bem\/#primaryimage"},"thumbnailUrl":"https:\/\/jornalfatosenoticias.com.br\/wp-content\/uploads\/2022\/04\/bolso-moraes.jpg","datePublished":"2022-04-22T16:35:53+00:00","dateModified":"2022-04-22T16:35:56+00:00","breadcrumb":{"@id":"https:\/\/jornalfatosenoticias.com.br\/index.php\/2022\/04\/22\/combatemos-o-mal-com-o-bem\/#breadcrumb"},"inLanguage":"pt-BR","potentialAction":[{"@type":"ReadAction","target":["https:\/\/jornalfatosenoticias.com.br\/index.php\/2022\/04\/22\/combatemos-o-mal-com-o-bem\/"]}]},{"@type":"ImageObject","inLanguage":"pt-BR","@id":"https:\/\/jornalfatosenoticias.com.br\/index.php\/2022\/04\/22\/combatemos-o-mal-com-o-bem\/#primaryimage","url":"https:\/\/jornalfatosenoticias.com.br\/wp-content\/uploads\/2022\/04\/bolso-moraes.jpg","contentUrl":"https:\/\/jornalfatosenoticias.com.br\/wp-content\/uploads\/2022\/04\/bolso-moraes.jpg","width":1000,"height":628},{"@type":"BreadcrumbList","@id":"https:\/\/jornalfatosenoticias.com.br\/index.php\/2022\/04\/22\/combatemos-o-mal-com-o-bem\/#breadcrumb","itemListElement":[{"@type":"ListItem","position":1,"name":"In\u00edcio","item":"https:\/\/jornalfatosenoticias.com.br\/"},{"@type":"ListItem","position":2,"name":"Combatemos o mal com o bem!"}]},{"@type":"WebSite","@id":"https:\/\/jornalfatosenoticias.com.br\/#website","url":"https:\/\/jornalfatosenoticias.com.br\/","name":"Jornal Fatos e Not\u00edcias","description":"Not\u00edcias em geral","publisher":{"@id":"https:\/\/jornalfatosenoticias.com.br\/#organization"},"potentialAction":[{"@type":"SearchAction","target":{"@type":"EntryPoint","urlTemplate":"https:\/\/jornalfatosenoticias.com.br\/?s={search_term_string}"},"query-input":{"@type":"PropertyValueSpecification","valueRequired":true,"valueName":"search_term_string"}}],"inLanguage":"pt-BR"},{"@type":"Organization","@id":"https:\/\/jornalfatosenoticias.com.br\/#organization","name":"Jornal Fatos e Not\u00edcias","url":"https:\/\/jornalfatosenoticias.com.br\/","logo":{"@type":"ImageObject","inLanguage":"pt-BR","@id":"https:\/\/jornalfatosenoticias.com.br\/#\/schema\/logo\/image\/","url":"https:\/\/jornalfatosenoticias.com.br\/wp-content\/uploads\/2020\/02\/logo120.png","contentUrl":"https:\/\/jornalfatosenoticias.com.br\/wp-content\/uploads\/2020\/02\/logo120.png","width":1227,"height":120,"caption":"Jornal Fatos e Not\u00edcias"},"image":{"@id":"https:\/\/jornalfatosenoticias.com.br\/#\/schema\/logo\/image\/"}},{"@type":"Person","@id":"https:\/\/jornalfatosenoticias.com.br\/#\/schema\/person\/05c46cc25b42a5c27e004fb0fa6b4965","name":"Haroldo Filho","image":{"@type":"ImageObject","inLanguage":"pt-BR","@id":"https:\/\/jornalfatosenoticias.com.br\/#\/schema\/person\/image\/","url":"https:\/\/jornalfatosenoticias.com.br\/wp-content\/uploads\/2025\/08\/WhatsApp-Image-2025-08-18-at-15.30.28-150x150.jpeg","contentUrl":"https:\/\/jornalfatosenoticias.com.br\/wp-content\/uploads\/2025\/08\/WhatsApp-Image-2025-08-18-at-15.30.28-150x150.jpeg","caption":"Haroldo Filho"},"description":"Jornalista \u2013 DRT: 0003818\/ES Coordenador-geral da ONG Educar para Crescer","url":"https:\/\/jornalfatosenoticias.com.br\/index.php\/author\/haroldo\/"}]}},"cc_featured_image_caption":{"caption_text":"(Foto: EBC) ","source_text":"","source_url":""},"jetpack_featured_media_url":"https:\/\/jornalfatosenoticias.com.br\/wp-content\/uploads\/2022\/04\/bolso-moraes.jpg","_links":{"self":[{"href":"https:\/\/jornalfatosenoticias.com.br\/index.php\/wp-json\/wp\/v2\/posts\/29771","targetHints":{"allow":["GET"]}}],"collection":[{"href":"https:\/\/jornalfatosenoticias.com.br\/index.php\/wp-json\/wp\/v2\/posts"}],"about":[{"href":"https:\/\/jornalfatosenoticias.com.br\/index.php\/wp-json\/wp\/v2\/types\/post"}],"author":[{"embeddable":true,"href":"https:\/\/jornalfatosenoticias.com.br\/index.php\/wp-json\/wp\/v2\/users\/3"}],"replies":[{"embeddable":true,"href":"https:\/\/jornalfatosenoticias.com.br\/index.php\/wp-json\/wp\/v2\/comments?post=29771"}],"version-history":[{"count":0,"href":"https:\/\/jornalfatosenoticias.com.br\/index.php\/wp-json\/wp\/v2\/posts\/29771\/revisions"}],"wp:featuredmedia":[{"embeddable":true,"href":"https:\/\/jornalfatosenoticias.com.br\/index.php\/wp-json\/wp\/v2\/media\/29772"}],"wp:attachment":[{"href":"https:\/\/jornalfatosenoticias.com.br\/index.php\/wp-json\/wp\/v2\/media?parent=29771"}],"wp:term":[{"taxonomy":"category","embeddable":true,"href":"https:\/\/jornalfatosenoticias.com.br\/index.php\/wp-json\/wp\/v2\/categories?post=29771"},{"taxonomy":"post_tag","embeddable":true,"href":"https:\/\/jornalfatosenoticias.com.br\/index.php\/wp-json\/wp\/v2\/tags?post=29771"}],"curies":[{"name":"wp","href":"https:\/\/api.w.org\/{rel}","templated":true}]}}