{"id":29774,"date":"2022-04-25T14:40:28","date_gmt":"2022-04-25T17:40:28","guid":{"rendered":"https:\/\/jornalfatosenoticias.com.br\/?p=29774"},"modified":"2022-04-25T16:56:58","modified_gmt":"2022-04-25T19:56:58","slug":"barroso-peca-desculpas","status":"publish","type":"post","link":"https:\/\/jornalfatosenoticias.com.br\/index.php\/2022\/04\/25\/barroso-peca-desculpas\/","title":{"rendered":"Barroso, pe\u00e7a desculpas!"},"content":{"rendered":"\n<div class=\"wp-block-image\"><figure class=\"aligncenter size-large is-resized\"><img loading=\"lazy\" decoding=\"async\" src=\"https:\/\/jornalfatosenoticias.com.br\/wp-content\/uploads\/2020\/02\/Serra-Grande-1024x160.png\" alt=\"\" class=\"wp-image-7836\" width=\"347\" height=\"54\"\/><\/figure><\/div>\n\n\n\n<p>\u00c9 prerrogativa do presidente conceder indulto ou gra\u00e7a a quem ele achar que mere\u00e7a. Com as v\u00e1rias inconstitucionalidades praticadas no processo do deputado Daniel Silveira, pelos ministros do Supremo Tribunal Federal (STF), o Brasil est\u00e1 diante de uma quase crise institucional.<br>As arbitrariedades tiveram in\u00edcio quando o ministro Alexandre de Moraes, com a chancela da C\u00e2mara dos Deputados e a omiss\u00e3o do Senado, condenou, indevidamente, Daniel Silveira, desrespeitando o par\u00e1grafo 1\u00ba do art. 53 da Constitui\u00e7\u00e3o Federal onde diz: \u2018os deputados e senadores s\u00e3o inviol\u00e1veis, civil e penalmente, por \u201cquaisquer\u201d de suas opini\u00f5es, palavras ou votos\u2019.<br>Como j\u00e1 citei em artigos anteriores, para muitos juristas, a condena\u00e7\u00e3o do deputado \u00e9 inaceit\u00e1vel e completamente inconstitucional. Um deles, Ives Gandra, chegou a postar, na semana passada, um v\u00eddeo quase que implorando ao colegiado mais respeito \u00e0 Constitui\u00e7\u00e3o Federal. O ex-ministro Marco Aur\u00e9lio Mello foi sucinto e disse que tudo que come\u00e7a errado tende a complicar. Para ele, cabia o Supremo noticiar \u00e0 C\u00e2mara dos Deputados, com a abertura de um processo e que, se fosse o relator, extinguiria o processo, por entender que n\u00e3o houve crime algum do Daniel Silveira, assim como n\u00e3o v\u00ea crime no indulto concedido pelo presidente Jair Bolsonaro ao deputado.<\/p>\n\n\n\n<div class=\"wp-block-image\"><figure class=\"aligncenter size-large is-resized\"><img loading=\"lazy\" decoding=\"async\" src=\"https:\/\/jornalfatosenoticias.com.br\/wp-content\/uploads\/2022\/02\/Precisao-Contabilidade-1024x724.jpg\" alt=\"\" class=\"wp-image-28088\" width=\"284\" height=\"201\"\/><\/figure><\/div>\n\n\n\n<figure class=\"wp-block-image size-large\"><img loading=\"lazy\" decoding=\"async\" width=\"1000\" height=\"666\" src=\"https:\/\/jornalfatosenoticias.com.br\/wp-content\/uploads\/2022\/04\/Exercito.jpg\" alt=\"\" class=\"wp-image-29775\" srcset=\"https:\/\/jornalfatosenoticias.com.br\/wp-content\/uploads\/2022\/04\/Exercito.jpg 1000w, https:\/\/jornalfatosenoticias.com.br\/wp-content\/uploads\/2022\/04\/Exercito-300x200.jpg 300w, https:\/\/jornalfatosenoticias.com.br\/wp-content\/uploads\/2022\/04\/Exercito-768x511.jpg 768w\" sizes=\"auto, (max-width: 1000px) 100vw, 1000px\" \/><figcaption><em><span class=\"has-inline-color has-black-color\">(Foto: Isac N\u00f3brega\/PR)<\/span><\/em><\/figcaption><\/figure>\n\n\n\n<div class=\"wp-block-image\"><figure class=\"aligncenter size-large is-resized\"><img loading=\"lazy\" decoding=\"async\" src=\"https:\/\/jornalfatosenoticias.com.br\/wp-content\/uploads\/2020\/02\/banner_ferramentas-1024x100.jpg\" alt=\"\" class=\"wp-image-1258\" width=\"454\" height=\"43\" srcset=\"https:\/\/jornalfatosenoticias.com.br\/wp-content\/uploads\/2020\/02\/banner_ferramentas-1024x100.jpg 1024w, https:\/\/jornalfatosenoticias.com.br\/wp-content\/uploads\/2020\/02\/banner_ferramentas-300x29.jpg 300w, https:\/\/jornalfatosenoticias.com.br\/wp-content\/uploads\/2020\/02\/banner_ferramentas-768x75.jpg 768w, https:\/\/jornalfatosenoticias.com.br\/wp-content\/uploads\/2020\/02\/banner_ferramentas.jpg 1227w\" sizes=\"auto, (max-width: 454px) 100vw, 454px\" \/><\/figure><\/div>\n\n\n\n<p>Para desgastar ainda mais a imagem da nossa Suprema Corte, o ministro Luiz Roberto Barroso, em videoconfer\u00eancia, nesse domingo (24), do Brazil Summit Europe 2022, organizada na Hertie School, insinuou que as nossas For\u00e7as Armadas s\u00e3o orientadas a atacar e desacreditar o processo eleitoral e que nossa democracia vem sofrendo fortes amea\u00e7as. No mesmo dia, em resposta \u00e0 leviana fala de um representante p\u00fablico, o Minist\u00e9rio de Estado Maior soltou a seguinte nota assinada pelo ministro Paulo S\u00e9rgio Nogueira de Oliveira.<\/p>\n\n\n\n<div class=\"wp-block-image\"><figure class=\"aligncenter size-large\"><img loading=\"lazy\" decoding=\"async\" width=\"300\" height=\"250\" src=\"https:\/\/jornalfatosenoticias.com.br\/wp-content\/uploads\/2022\/02\/Banner-2.png\" alt=\"\" class=\"wp-image-27877\"\/><\/figure><\/div>\n\n\n\n<p><em><span class=\"has-inline-color has-black-color\">\u201cAfirmar que as For\u00e7as Armadas foram orientadas a atacar o sistema eleitoral, ainda mais sem a apresenta\u00e7\u00e3o de qualquer prova ou evid\u00eancia de quem orientou ou como isso aconteceu, \u00e9 irrespons\u00e1vel e constitui-se em ofensa grave a essas Institui\u00e7\u00f5es Nacionais Permanentes do Estado Brasileiro. Al\u00e9m disso, afeta a \u00e9tica, a harmonia e o respeito entre as institui\u00e7\u00f5es.<br>As For\u00e7as Armadas, republicanamente, atenderam ao convite do Tribunal Superior Eleitoral (TSE) e apresentaram propostas colaborativas, plaus\u00edveis e exequ\u00edveis, no \u00e2mbito da Comiss\u00e3o de Transpar\u00eancia das Elei\u00e7\u00f5es (CTE) e calcadas em acurado estudo t\u00e9cnico realizado por uma equipe de especialistas, para aprimorar a seguran\u00e7a e a transpar\u00eancia do sistema eleitoral, o que ora encontra-se em aprecia\u00e7\u00e3o naquela Comiss\u00e3o. As elei\u00e7\u00f5es s\u00e3o quest\u00e3o de soberania e seguran\u00e7a nacional, portanto, do interesse de todos.<br>As For\u00e7as Armadas, como institui\u00e7\u00f5es do Estado Brasileiro, desde o seu nascedouro, t\u00eam uma hist\u00f3ria de s\u00e9culos de dedica\u00e7\u00e3o a bem servir \u00e0 P\u00e1tria e ao Povo brasileiro, quer na defesa do Pa\u00eds, quer na contribui\u00e7\u00e3o para o desenvolvimento nacional e para o bem-estar dos brasileiros. Elas se fizeram, desde sempre, institui\u00e7\u00f5es respeitadas pela popula\u00e7\u00e3o.<br>Por fim, cabe destacar que as For\u00e7as Armadas contam com a ampla confian\u00e7a da sociedade, rotineiramente demonstrada em sucessivas pesquisas e no contato direto e regular com a popula\u00e7\u00e3o. Assim, o prest\u00edgio das For\u00e7as Armadas n\u00e3o \u00e9 algo moment\u00e2neo ou recente, ele adv\u00e9m da indissol\u00favel rela\u00e7\u00e3o de confian\u00e7a com o Povo brasileiro, constru\u00edda junto com a pr\u00f3pria forma\u00e7\u00e3o do Brasil\u201d.<\/span><\/em><\/p>\n\n\n\n<div class=\"wp-block-image\"><figure class=\"alignleft size-large is-resized\"><img loading=\"lazy\" decoding=\"async\" src=\"https:\/\/jornalfatosenoticias.com.br\/wp-content\/uploads\/2020\/02\/nova-logo-Marquetti.jpg\" alt=\"\" class=\"wp-image-22331\" width=\"301\" height=\"202\" srcset=\"https:\/\/jornalfatosenoticias.com.br\/wp-content\/uploads\/2020\/02\/nova-logo-Marquetti.jpg 643w, https:\/\/jornalfatosenoticias.com.br\/wp-content\/uploads\/2020\/02\/nova-logo-Marquetti-300x202.jpg 300w\" sizes=\"auto, (max-width: 301px) 100vw, 301px\" \/><\/figure><\/div>\n\n\n\n<p>Agora, \u00e9 aguardar, do ministro Jos\u00e9 Roberto Barroso, as devidas desculpas \u00e0s institui\u00e7\u00f5es de maior credibilidade do Pa\u00eds, as nossas For\u00e7as Armadas, e aproveito o momento para lembrar ao Artur Lyra, presidente da C\u00e2mara dos Deputados, que anda amorda\u00e7ado e inerte diante dos \u00faltimos fatos envolvendo um colega de parlamento que, n\u00f3s, cidad\u00e3os brasileiros, exigimos a retomada do tr\u00e2mite da <strong><a href=\"https:\/\/www.camara.leg.br\/proposicoesWeb\/fichadetramitacao?idProposicao=2140446\">PEC 333\/17<\/a><\/strong>, que d\u00e1 fim ao foro privilegiado, de autoria do senador \u00c1lvaro Dias e que h\u00e1 mais de quatro anos est\u00e1 parada, esperando algu\u00e9m com coragem para coloc\u00e1-la em vota\u00e7\u00e3o.<\/p>\n\n\n\n<div class=\"wp-block-image\"><figure class=\"aligncenter size-large\"><img decoding=\"async\" src=\"https:\/\/jornalfatosenoticias.com.br\/wp-content\/uploads\/2020\/02\/logo_esteio.jpg\" alt=\"\" class=\"wp-image-1214\"\/><\/figure><\/div>\n","protected":false},"excerpt":{"rendered":"<p>\u00c9 prerrogativa do presidente conceder indulto ou gra\u00e7a a quem ele achar que mere\u00e7a. Com as v\u00e1rias inconstitucionalidades praticadas no processo do deputado Daniel Silveira, pelos ministros do Supremo Tribunal Federal (STF), o Brasil est\u00e1 diante de uma quase crise institucional.As arbitrariedades tiveram in\u00edcio quando o ministro Alexandre de Moraes, com a chancela da C\u00e2mara [&hellip;]<\/p>\n","protected":false},"author":3,"featured_media":29776,"comment_status":"open","ping_status":"open","sticky":false,"template":"","format":"standard","meta":{"footnotes":""},"categories":[10],"tags":[239,13890,3516,294],"class_list":["post-29774","post","type-post","status-publish","format-standard","has-post-thumbnail","hentry","category-politica","tag-bolsonaro","tag-daniel-silveira","tag-luis-roberto-barroso","tag-stf"],"yoast_head":"<!-- This site is optimized with the Yoast SEO plugin v26.5 - https:\/\/yoast.com\/wordpress\/plugins\/seo\/ -->\n<title>Barroso, pe\u00e7a desculpas! - Jornal Fatos e Not\u00edcias<\/title>\n<meta name=\"robots\" content=\"index, follow, max-snippet:-1, max-image-preview:large, max-video-preview:-1\" \/>\n<link rel=\"canonical\" href=\"https:\/\/jornalfatosenoticias.com.br\/index.php\/2022\/04\/25\/barroso-peca-desculpas\/\" \/>\n<meta property=\"og:locale\" content=\"pt_BR\" \/>\n<meta property=\"og:type\" content=\"article\" \/>\n<meta property=\"og:title\" content=\"Barroso, pe\u00e7a desculpas! - Jornal Fatos e Not\u00edcias\" \/>\n<meta property=\"og:description\" content=\"\u00c9 prerrogativa do presidente conceder indulto ou gra\u00e7a a quem ele achar que mere\u00e7a. Com as v\u00e1rias inconstitucionalidades praticadas no processo do deputado Daniel Silveira, pelos ministros do Supremo Tribunal Federal (STF), o Brasil est\u00e1 diante de uma quase crise institucional.As arbitrariedades tiveram in\u00edcio quando o ministro Alexandre de Moraes, com a chancela da C\u00e2mara [&hellip;]\" \/>\n<meta property=\"og:url\" content=\"https:\/\/jornalfatosenoticias.com.br\/index.php\/2022\/04\/25\/barroso-peca-desculpas\/\" \/>\n<meta property=\"og:site_name\" content=\"Jornal Fatos e Not\u00edcias\" \/>\n<meta property=\"article:published_time\" content=\"2022-04-25T17:40:28+00:00\" \/>\n<meta property=\"article:modified_time\" content=\"2022-04-25T19:56:58+00:00\" \/>\n<meta property=\"og:image\" content=\"https:\/\/jornalfatosenoticias.com.br\/wp-content\/uploads\/2022\/04\/Exercito-BBB.jpg\" \/>\n\t<meta property=\"og:image:width\" content=\"1000\" \/>\n\t<meta property=\"og:image:height\" content=\"562\" \/>\n\t<meta property=\"og:image:type\" content=\"image\/jpeg\" \/>\n<meta name=\"author\" content=\"Haroldo Filho\" \/>\n<meta name=\"twitter:card\" content=\"summary_large_image\" \/>\n<meta name=\"twitter:label1\" content=\"Escrito por\" \/>\n\t<meta name=\"twitter:data1\" content=\"Haroldo Filho\" \/>\n\t<meta name=\"twitter:label2\" content=\"Est. tempo de leitura\" \/>\n\t<meta name=\"twitter:data2\" content=\"3 minutos\" \/>\n<script type=\"application\/ld+json\" class=\"yoast-schema-graph\">{\"@context\":\"https:\/\/schema.org\",\"@graph\":[{\"@type\":\"Article\",\"@id\":\"https:\/\/jornalfatosenoticias.com.br\/index.php\/2022\/04\/25\/barroso-peca-desculpas\/#article\",\"isPartOf\":{\"@id\":\"https:\/\/jornalfatosenoticias.com.br\/index.php\/2022\/04\/25\/barroso-peca-desculpas\/\"},\"author\":{\"name\":\"Haroldo Filho\",\"@id\":\"https:\/\/jornalfatosenoticias.com.br\/#\/schema\/person\/05c46cc25b42a5c27e004fb0fa6b4965\"},\"headline\":\"Barroso, pe\u00e7a desculpas!\",\"datePublished\":\"2022-04-25T17:40:28+00:00\",\"dateModified\":\"2022-04-25T19:56:58+00:00\",\"mainEntityOfPage\":{\"@id\":\"https:\/\/jornalfatosenoticias.com.br\/index.php\/2022\/04\/25\/barroso-peca-desculpas\/\"},\"wordCount\":698,\"commentCount\":0,\"publisher\":{\"@id\":\"https:\/\/jornalfatosenoticias.com.br\/#organization\"},\"image\":{\"@id\":\"https:\/\/jornalfatosenoticias.com.br\/index.php\/2022\/04\/25\/barroso-peca-desculpas\/#primaryimage\"},\"thumbnailUrl\":\"https:\/\/jornalfatosenoticias.com.br\/wp-content\/uploads\/2022\/04\/Exercito-BBB.jpg\",\"keywords\":[\"Bolsonaro\",\"Daniel Silveira\",\"Lu\u00eds Roberto Barroso\",\"STF\"],\"articleSection\":[\"Pol\u00edtica\"],\"inLanguage\":\"pt-BR\",\"potentialAction\":[{\"@type\":\"CommentAction\",\"name\":\"Comment\",\"target\":[\"https:\/\/jornalfatosenoticias.com.br\/index.php\/2022\/04\/25\/barroso-peca-desculpas\/#respond\"]}]},{\"@type\":\"WebPage\",\"@id\":\"https:\/\/jornalfatosenoticias.com.br\/index.php\/2022\/04\/25\/barroso-peca-desculpas\/\",\"url\":\"https:\/\/jornalfatosenoticias.com.br\/index.php\/2022\/04\/25\/barroso-peca-desculpas\/\",\"name\":\"Barroso, pe\u00e7a desculpas! - Jornal Fatos e Not\u00edcias\",\"isPartOf\":{\"@id\":\"https:\/\/jornalfatosenoticias.com.br\/#website\"},\"primaryImageOfPage\":{\"@id\":\"https:\/\/jornalfatosenoticias.com.br\/index.php\/2022\/04\/25\/barroso-peca-desculpas\/#primaryimage\"},\"image\":{\"@id\":\"https:\/\/jornalfatosenoticias.com.br\/index.php\/2022\/04\/25\/barroso-peca-desculpas\/#primaryimage\"},\"thumbnailUrl\":\"https:\/\/jornalfatosenoticias.com.br\/wp-content\/uploads\/2022\/04\/Exercito-BBB.jpg\",\"datePublished\":\"2022-04-25T17:40:28+00:00\",\"dateModified\":\"2022-04-25T19:56:58+00:00\",\"breadcrumb\":{\"@id\":\"https:\/\/jornalfatosenoticias.com.br\/index.php\/2022\/04\/25\/barroso-peca-desculpas\/#breadcrumb\"},\"inLanguage\":\"pt-BR\",\"potentialAction\":[{\"@type\":\"ReadAction\",\"target\":[\"https:\/\/jornalfatosenoticias.com.br\/index.php\/2022\/04\/25\/barroso-peca-desculpas\/\"]}]},{\"@type\":\"ImageObject\",\"inLanguage\":\"pt-BR\",\"@id\":\"https:\/\/jornalfatosenoticias.com.br\/index.php\/2022\/04\/25\/barroso-peca-desculpas\/#primaryimage\",\"url\":\"https:\/\/jornalfatosenoticias.com.br\/wp-content\/uploads\/2022\/04\/Exercito-BBB.jpg\",\"contentUrl\":\"https:\/\/jornalfatosenoticias.com.br\/wp-content\/uploads\/2022\/04\/Exercito-BBB.jpg\",\"width\":1000,\"height\":562},{\"@type\":\"BreadcrumbList\",\"@id\":\"https:\/\/jornalfatosenoticias.com.br\/index.php\/2022\/04\/25\/barroso-peca-desculpas\/#breadcrumb\",\"itemListElement\":[{\"@type\":\"ListItem\",\"position\":1,\"name\":\"In\u00edcio\",\"item\":\"https:\/\/jornalfatosenoticias.com.br\/\"},{\"@type\":\"ListItem\",\"position\":2,\"name\":\"Barroso, pe\u00e7a desculpas!\"}]},{\"@type\":\"WebSite\",\"@id\":\"https:\/\/jornalfatosenoticias.com.br\/#website\",\"url\":\"https:\/\/jornalfatosenoticias.com.br\/\",\"name\":\"Jornal Fatos e Not\u00edcias\",\"description\":\"Not\u00edcias em geral\",\"publisher\":{\"@id\":\"https:\/\/jornalfatosenoticias.com.br\/#organization\"},\"potentialAction\":[{\"@type\":\"SearchAction\",\"target\":{\"@type\":\"EntryPoint\",\"urlTemplate\":\"https:\/\/jornalfatosenoticias.com.br\/?s={search_term_string}\"},\"query-input\":{\"@type\":\"PropertyValueSpecification\",\"valueRequired\":true,\"valueName\":\"search_term_string\"}}],\"inLanguage\":\"pt-BR\"},{\"@type\":\"Organization\",\"@id\":\"https:\/\/jornalfatosenoticias.com.br\/#organization\",\"name\":\"Jornal Fatos e Not\u00edcias\",\"url\":\"https:\/\/jornalfatosenoticias.com.br\/\",\"logo\":{\"@type\":\"ImageObject\",\"inLanguage\":\"pt-BR\",\"@id\":\"https:\/\/jornalfatosenoticias.com.br\/#\/schema\/logo\/image\/\",\"url\":\"https:\/\/jornalfatosenoticias.com.br\/wp-content\/uploads\/2020\/02\/logo120.png\",\"contentUrl\":\"https:\/\/jornalfatosenoticias.com.br\/wp-content\/uploads\/2020\/02\/logo120.png\",\"width\":1227,\"height\":120,\"caption\":\"Jornal Fatos e Not\u00edcias\"},\"image\":{\"@id\":\"https:\/\/jornalfatosenoticias.com.br\/#\/schema\/logo\/image\/\"}},{\"@type\":\"Person\",\"@id\":\"https:\/\/jornalfatosenoticias.com.br\/#\/schema\/person\/05c46cc25b42a5c27e004fb0fa6b4965\",\"name\":\"Haroldo Filho\",\"image\":{\"@type\":\"ImageObject\",\"inLanguage\":\"pt-BR\",\"@id\":\"https:\/\/jornalfatosenoticias.com.br\/#\/schema\/person\/image\/\",\"url\":\"https:\/\/jornalfatosenoticias.com.br\/wp-content\/uploads\/2025\/08\/WhatsApp-Image-2025-08-18-at-15.30.28-150x150.jpeg\",\"contentUrl\":\"https:\/\/jornalfatosenoticias.com.br\/wp-content\/uploads\/2025\/08\/WhatsApp-Image-2025-08-18-at-15.30.28-150x150.jpeg\",\"caption\":\"Haroldo Filho\"},\"description\":\"Jornalista \u2013 DRT: 0003818\/ES Coordenador-geral da ONG Educar para Crescer\",\"url\":\"https:\/\/jornalfatosenoticias.com.br\/index.php\/author\/haroldo\/\"}]}<\/script>\n<!-- \/ Yoast SEO plugin. -->","yoast_head_json":{"title":"Barroso, pe\u00e7a desculpas! - Jornal Fatos e Not\u00edcias","robots":{"index":"index","follow":"follow","max-snippet":"max-snippet:-1","max-image-preview":"max-image-preview:large","max-video-preview":"max-video-preview:-1"},"canonical":"https:\/\/jornalfatosenoticias.com.br\/index.php\/2022\/04\/25\/barroso-peca-desculpas\/","og_locale":"pt_BR","og_type":"article","og_title":"Barroso, pe\u00e7a desculpas! - Jornal Fatos e Not\u00edcias","og_description":"\u00c9 prerrogativa do presidente conceder indulto ou gra\u00e7a a quem ele achar que mere\u00e7a. Com as v\u00e1rias inconstitucionalidades praticadas no processo do deputado Daniel Silveira, pelos ministros do Supremo Tribunal Federal (STF), o Brasil est\u00e1 diante de uma quase crise institucional.As arbitrariedades tiveram in\u00edcio quando o ministro Alexandre de Moraes, com a chancela da C\u00e2mara [&hellip;]","og_url":"https:\/\/jornalfatosenoticias.com.br\/index.php\/2022\/04\/25\/barroso-peca-desculpas\/","og_site_name":"Jornal Fatos e Not\u00edcias","article_published_time":"2022-04-25T17:40:28+00:00","article_modified_time":"2022-04-25T19:56:58+00:00","og_image":[{"width":1000,"height":562,"url":"https:\/\/jornalfatosenoticias.com.br\/wp-content\/uploads\/2022\/04\/Exercito-BBB.jpg","type":"image\/jpeg"}],"author":"Haroldo Filho","twitter_card":"summary_large_image","twitter_misc":{"Escrito por":"Haroldo Filho","Est. tempo de leitura":"3 minutos"},"schema":{"@context":"https:\/\/schema.org","@graph":[{"@type":"Article","@id":"https:\/\/jornalfatosenoticias.com.br\/index.php\/2022\/04\/25\/barroso-peca-desculpas\/#article","isPartOf":{"@id":"https:\/\/jornalfatosenoticias.com.br\/index.php\/2022\/04\/25\/barroso-peca-desculpas\/"},"author":{"name":"Haroldo Filho","@id":"https:\/\/jornalfatosenoticias.com.br\/#\/schema\/person\/05c46cc25b42a5c27e004fb0fa6b4965"},"headline":"Barroso, pe\u00e7a desculpas!","datePublished":"2022-04-25T17:40:28+00:00","dateModified":"2022-04-25T19:56:58+00:00","mainEntityOfPage":{"@id":"https:\/\/jornalfatosenoticias.com.br\/index.php\/2022\/04\/25\/barroso-peca-desculpas\/"},"wordCount":698,"commentCount":0,"publisher":{"@id":"https:\/\/jornalfatosenoticias.com.br\/#organization"},"image":{"@id":"https:\/\/jornalfatosenoticias.com.br\/index.php\/2022\/04\/25\/barroso-peca-desculpas\/#primaryimage"},"thumbnailUrl":"https:\/\/jornalfatosenoticias.com.br\/wp-content\/uploads\/2022\/04\/Exercito-BBB.jpg","keywords":["Bolsonaro","Daniel Silveira","Lu\u00eds Roberto Barroso","STF"],"articleSection":["Pol\u00edtica"],"inLanguage":"pt-BR","potentialAction":[{"@type":"CommentAction","name":"Comment","target":["https:\/\/jornalfatosenoticias.com.br\/index.php\/2022\/04\/25\/barroso-peca-desculpas\/#respond"]}]},{"@type":"WebPage","@id":"https:\/\/jornalfatosenoticias.com.br\/index.php\/2022\/04\/25\/barroso-peca-desculpas\/","url":"https:\/\/jornalfatosenoticias.com.br\/index.php\/2022\/04\/25\/barroso-peca-desculpas\/","name":"Barroso, pe\u00e7a desculpas! - Jornal Fatos e Not\u00edcias","isPartOf":{"@id":"https:\/\/jornalfatosenoticias.com.br\/#website"},"primaryImageOfPage":{"@id":"https:\/\/jornalfatosenoticias.com.br\/index.php\/2022\/04\/25\/barroso-peca-desculpas\/#primaryimage"},"image":{"@id":"https:\/\/jornalfatosenoticias.com.br\/index.php\/2022\/04\/25\/barroso-peca-desculpas\/#primaryimage"},"thumbnailUrl":"https:\/\/jornalfatosenoticias.com.br\/wp-content\/uploads\/2022\/04\/Exercito-BBB.jpg","datePublished":"2022-04-25T17:40:28+00:00","dateModified":"2022-04-25T19:56:58+00:00","breadcrumb":{"@id":"https:\/\/jornalfatosenoticias.com.br\/index.php\/2022\/04\/25\/barroso-peca-desculpas\/#breadcrumb"},"inLanguage":"pt-BR","potentialAction":[{"@type":"ReadAction","target":["https:\/\/jornalfatosenoticias.com.br\/index.php\/2022\/04\/25\/barroso-peca-desculpas\/"]}]},{"@type":"ImageObject","inLanguage":"pt-BR","@id":"https:\/\/jornalfatosenoticias.com.br\/index.php\/2022\/04\/25\/barroso-peca-desculpas\/#primaryimage","url":"https:\/\/jornalfatosenoticias.com.br\/wp-content\/uploads\/2022\/04\/Exercito-BBB.jpg","contentUrl":"https:\/\/jornalfatosenoticias.com.br\/wp-content\/uploads\/2022\/04\/Exercito-BBB.jpg","width":1000,"height":562},{"@type":"BreadcrumbList","@id":"https:\/\/jornalfatosenoticias.com.br\/index.php\/2022\/04\/25\/barroso-peca-desculpas\/#breadcrumb","itemListElement":[{"@type":"ListItem","position":1,"name":"In\u00edcio","item":"https:\/\/jornalfatosenoticias.com.br\/"},{"@type":"ListItem","position":2,"name":"Barroso, pe\u00e7a desculpas!"}]},{"@type":"WebSite","@id":"https:\/\/jornalfatosenoticias.com.br\/#website","url":"https:\/\/jornalfatosenoticias.com.br\/","name":"Jornal Fatos e Not\u00edcias","description":"Not\u00edcias em geral","publisher":{"@id":"https:\/\/jornalfatosenoticias.com.br\/#organization"},"potentialAction":[{"@type":"SearchAction","target":{"@type":"EntryPoint","urlTemplate":"https:\/\/jornalfatosenoticias.com.br\/?s={search_term_string}"},"query-input":{"@type":"PropertyValueSpecification","valueRequired":true,"valueName":"search_term_string"}}],"inLanguage":"pt-BR"},{"@type":"Organization","@id":"https:\/\/jornalfatosenoticias.com.br\/#organization","name":"Jornal Fatos e Not\u00edcias","url":"https:\/\/jornalfatosenoticias.com.br\/","logo":{"@type":"ImageObject","inLanguage":"pt-BR","@id":"https:\/\/jornalfatosenoticias.com.br\/#\/schema\/logo\/image\/","url":"https:\/\/jornalfatosenoticias.com.br\/wp-content\/uploads\/2020\/02\/logo120.png","contentUrl":"https:\/\/jornalfatosenoticias.com.br\/wp-content\/uploads\/2020\/02\/logo120.png","width":1227,"height":120,"caption":"Jornal Fatos e Not\u00edcias"},"image":{"@id":"https:\/\/jornalfatosenoticias.com.br\/#\/schema\/logo\/image\/"}},{"@type":"Person","@id":"https:\/\/jornalfatosenoticias.com.br\/#\/schema\/person\/05c46cc25b42a5c27e004fb0fa6b4965","name":"Haroldo Filho","image":{"@type":"ImageObject","inLanguage":"pt-BR","@id":"https:\/\/jornalfatosenoticias.com.br\/#\/schema\/person\/image\/","url":"https:\/\/jornalfatosenoticias.com.br\/wp-content\/uploads\/2025\/08\/WhatsApp-Image-2025-08-18-at-15.30.28-150x150.jpeg","contentUrl":"https:\/\/jornalfatosenoticias.com.br\/wp-content\/uploads\/2025\/08\/WhatsApp-Image-2025-08-18-at-15.30.28-150x150.jpeg","caption":"Haroldo Filho"},"description":"Jornalista \u2013 DRT: 0003818\/ES Coordenador-geral da ONG Educar para Crescer","url":"https:\/\/jornalfatosenoticias.com.br\/index.php\/author\/haroldo\/"}]}},"cc_featured_image_caption":{"caption_text":"(Foto: Presid\u00eancia da Rep\u00fablica\/STF)","source_text":"","source_url":""},"jetpack_featured_media_url":"https:\/\/jornalfatosenoticias.com.br\/wp-content\/uploads\/2022\/04\/Exercito-BBB.jpg","_links":{"self":[{"href":"https:\/\/jornalfatosenoticias.com.br\/index.php\/wp-json\/wp\/v2\/posts\/29774","targetHints":{"allow":["GET"]}}],"collection":[{"href":"https:\/\/jornalfatosenoticias.com.br\/index.php\/wp-json\/wp\/v2\/posts"}],"about":[{"href":"https:\/\/jornalfatosenoticias.com.br\/index.php\/wp-json\/wp\/v2\/types\/post"}],"author":[{"embeddable":true,"href":"https:\/\/jornalfatosenoticias.com.br\/index.php\/wp-json\/wp\/v2\/users\/3"}],"replies":[{"embeddable":true,"href":"https:\/\/jornalfatosenoticias.com.br\/index.php\/wp-json\/wp\/v2\/comments?post=29774"}],"version-history":[{"count":0,"href":"https:\/\/jornalfatosenoticias.com.br\/index.php\/wp-json\/wp\/v2\/posts\/29774\/revisions"}],"wp:featuredmedia":[{"embeddable":true,"href":"https:\/\/jornalfatosenoticias.com.br\/index.php\/wp-json\/wp\/v2\/media\/29776"}],"wp:attachment":[{"href":"https:\/\/jornalfatosenoticias.com.br\/index.php\/wp-json\/wp\/v2\/media?parent=29774"}],"wp:term":[{"taxonomy":"category","embeddable":true,"href":"https:\/\/jornalfatosenoticias.com.br\/index.php\/wp-json\/wp\/v2\/categories?post=29774"},{"taxonomy":"post_tag","embeddable":true,"href":"https:\/\/jornalfatosenoticias.com.br\/index.php\/wp-json\/wp\/v2\/tags?post=29774"}],"curies":[{"name":"wp","href":"https:\/\/api.w.org\/{rel}","templated":true}]}}