{"id":29802,"date":"2022-04-26T12:20:32","date_gmt":"2022-04-26T15:20:32","guid":{"rendered":"https:\/\/jornalfatosenoticias.com.br\/?p=29802"},"modified":"2022-04-26T12:22:16","modified_gmt":"2022-04-26T15:22:16","slug":"diversificar-ferramentas-e-ambientes-apoia-o-processo-de-alfabetizacao-e-letramento","status":"publish","type":"post","link":"https:\/\/jornalfatosenoticias.com.br\/index.php\/2022\/04\/26\/diversificar-ferramentas-e-ambientes-apoia-o-processo-de-alfabetizacao-e-letramento\/","title":{"rendered":"Diversificar ferramentas e ambientes apoia o processo de alfabetiza\u00e7\u00e3o e letramento"},"content":{"rendered":"\n<p><em><span class=\"has-inline-color has-black-color\">Especialistas refor\u00e7am a import\u00e2ncia de m\u00faltiplos est\u00edmulos e a cria\u00e7\u00e3o de um ambiente alfabetizador para apoiar o processo de aprendizado de crian\u00e7as<\/span><\/em><\/p>\n\n\n\n<div class=\"wp-block-image\"><figure class=\"aligncenter size-large is-resized\"><img loading=\"lazy\" decoding=\"async\" src=\"https:\/\/jornalfatosenoticias.com.br\/wp-content\/uploads\/2022\/02\/Arte-Autoescola-Galatas_endereco_portal-1024x103.png\" alt=\"\" class=\"wp-image-27869\" width=\"427\" height=\"43\" srcset=\"https:\/\/jornalfatosenoticias.com.br\/wp-content\/uploads\/2022\/02\/Arte-Autoescola-Galatas_endereco_portal-1024x103.png 1024w, https:\/\/jornalfatosenoticias.com.br\/wp-content\/uploads\/2022\/02\/Arte-Autoescola-Galatas_endereco_portal-300x30.png 300w, https:\/\/jornalfatosenoticias.com.br\/wp-content\/uploads\/2022\/02\/Arte-Autoescola-Galatas_endereco_portal-768x77.png 768w, https:\/\/jornalfatosenoticias.com.br\/wp-content\/uploads\/2022\/02\/Arte-Autoescola-Galatas_endereco_portal.png 1223w\" sizes=\"auto, (max-width: 427px) 100vw, 427px\" \/><\/figure><\/div>\n\n\n\n<p>Os seres humanos come\u00e7am a aprender com os est\u00edmulos que recebem do mundo no dia em que nascem. Assim, o processo de alfabetiza\u00e7\u00e3o de crian\u00e7as tem in\u00edcio antes mesmo de entrarem na escola. Livros com imagens, jogos e conversas com a fam\u00edlia e colegas, por exemplo, j\u00e1 constituem importantes passos no percurso do letramento.<br>Na escola, esse processo \u00e9 intensificado, sobretudo, na faixa dos cinco, seis e sete anos. Nesse per\u00edodo, \u00e9 importante diversificar os est\u00edmulos para garantir uma aprendizagem de qualidade, o que pode ser feito a partir dos laborat\u00f3rios de alfabetiza\u00e7\u00e3o, que t\u00eam por objetivo oferecer recursos promotores de experimenta\u00e7\u00f5es que estimulem e provoquem o interesse dos estudantes pelo mundo da leitura e da escrita.<br>Como explica Ana Karine Chiquim, coordenadora pedag\u00f3gica da <a href=\"https:\/\/www.brinkmobil.com.br\/\" target=\"_blank\" rel=\"noreferrer noopener\"><strong>Brink Mobil<\/strong><\/a>, n\u00e3o se trata de um espa\u00e7o f\u00edsico, como os laborat\u00f3rios de ci\u00eancias, por exemplo, mas sim de um leque de recursos did\u00e1ticos que podem ser levados ou aplicados na sala de aula, como propostas de organiza\u00e7\u00e3o do ambiente f\u00edsico e da rotina escolar, al\u00e9m de materiais e recursos m\u00f3veis que ajudam a tornar uma sala de aula ou de recursos em um laborat\u00f3rio de experimenta\u00e7\u00e3o em prol da linguagem.<\/p>\n\n\n\n<div class=\"wp-block-image\"><figure class=\"aligncenter size-large is-resized\"><img loading=\"lazy\" decoding=\"async\" src=\"https:\/\/jornalfatosenoticias.com.br\/wp-content\/uploads\/2022\/02\/Banner-1-1024x101.png\" alt=\"\" class=\"wp-image-27923\" width=\"462\" height=\"45\"\/><\/figure><\/div>\n\n\n\n<p><strong><span class=\"has-inline-color has-black-color\">Ambiente alfabetizador<br><\/span><\/strong>Adriana Sperandio, consultora em gest\u00e3o p\u00fablica, e Janine Mattar, mestre em educa\u00e7\u00e3o, comentam a import\u00e2ncia de professores terem o olhar para desenvolver um \u2018ambiente alfabetizador\u2019, isto \u00e9, composto por diferentes ferramentas que contemplem os m\u00faltiplos usos e fun\u00e7\u00f5es da escrita.<\/p>\n\n\n\n<div class=\"wp-block-image\"><figure class=\"aligncenter size-large\"><img decoding=\"async\" src=\"https:\/\/jornalfatosenoticias.com.br\/wp-content\/uploads\/2020\/02\/logo_esteio.jpg\" alt=\"\" class=\"wp-image-1214\"\/><\/figure><\/div>\n\n\n\n<blockquote class=\"wp-block-quote is-layout-flow wp-block-quote-is-layout-flow\"><p><span class=\"has-inline-color has-luminous-vivid-orange-color\">\u201cTornar a sala de aula um verdadeiro laborat\u00f3rio de alfabetiza\u00e7\u00e3o implica em pensar o ambiente f\u00edsico conectado com a promo\u00e7\u00e3o de rela\u00e7\u00f5es sociais que dialoguem diretamente com os saberes associados ao processo de alfabetiza\u00e7\u00e3o. \u00c9 essencial que sejam disponibilizados livros de literatura e outras varia\u00e7\u00f5es textuais que possibilitem estabelecer uma rela\u00e7\u00e3o de prazer e sentido \u00e0 leitura como movimento de rotina\u201d, afirmam.<\/span><\/p><\/blockquote>\n\n\n\n<div class=\"wp-block-image\"><figure class=\"alignleft size-large\"><img loading=\"lazy\" decoding=\"async\" width=\"300\" height=\"250\" src=\"https:\/\/jornalfatosenoticias.com.br\/wp-content\/uploads\/2022\/02\/FERRARI_MAQUINAS-E-FERRAMENTAS2-1.jpg\" alt=\"\" class=\"wp-image-27955\"\/><\/figure><\/div>\n\n\n\n<p>Ambas consultoras da Brink Mobil, as especialistas explicam que essas estrat\u00e9gias favorecem a realiza\u00e7\u00e3o de pr\u00e1ticas pedag\u00f3gicas que possibilitam a melhoria da aprendizagem a partir da experi\u00eancia da alfabetiza\u00e7\u00e3o, que se inicia na inf\u00e2ncia e segue por toda vida. Alguns exemplos para criar essa atmosfera de aprendizagem s\u00e3o: planejamento com registro da rotina di\u00e1ria, exposi\u00e7\u00e3o de elementos como o alfabeto, contar a hist\u00f3ria da escrita, usar textos escritos e imag\u00e9ticos, entre outros.<\/p>\n\n\n\n<blockquote class=\"wp-block-quote is-layout-flow wp-block-quote-is-layout-flow\"><p><span class=\"has-inline-color has-luminous-vivid-orange-color\">\u201cTodos os recursos que favorecem a conex\u00e3o da vida dos estudantes com o conhecimento de forma l\u00fadica, curiosa e desafiadora s\u00e3o aliados no processo alfabetizador. Considerando as novas gera\u00e7\u00f5es digitais, a tecnologia \u00e9 um recurso potencializador e se constitui em um tipo de linguagem a ser usada pelos estudantes do s\u00e9culo 21\u201d, dizem as consultoras.<\/span><\/p><\/blockquote>\n\n\n\n<div class=\"wp-block-image\"><figure class=\"alignright size-large is-resized\"><img loading=\"lazy\" decoding=\"async\" src=\"https:\/\/jornalfatosenoticias.com.br\/wp-content\/uploads\/2022\/03\/logo-Suinco-1024x390.jpg\" alt=\"\" class=\"wp-image-28785\" width=\"365\" height=\"138\"\/><\/figure><\/div>\n\n\n\n<p>Quando o assunto \u00e9 conhecimento do alfabeto, por exemplo, elas pontuam a import\u00e2ncia de um trabalho pedag\u00f3gico contextualizado e sistematizado, incentivando que as crian\u00e7as se apropriem dos nomes das letras, de sua categoriza\u00e7\u00e3o gr\u00e1fica e funcional, da dire\u00e7\u00e3o dos movimentos ao escrev\u00ea-las e da ordem alfab\u00e9tica. <\/p>\n\n\n\n<blockquote class=\"wp-block-quote is-layout-flow wp-block-quote-is-layout-flow\"><p><span class=\"has-inline-color has-luminous-vivid-orange-color\">\u201cJogos educativos variados possibilitam aos estudantes, de forma l\u00fadica e desafiadora, compreender as \u2018regras\u2019 associadas ao c\u00f3digo alfab\u00e9tico\u201d, exemplificam.<\/span><\/p><\/blockquote>\n\n\n\n<div class=\"wp-block-image\"><figure class=\"alignleft size-large is-resized\"><img loading=\"lazy\" decoding=\"async\" src=\"https:\/\/jornalfatosenoticias.com.br\/wp-content\/uploads\/2020\/02\/nova-logo-Marquetti.jpg\" alt=\"\" class=\"wp-image-22331\" width=\"315\" height=\"212\" srcset=\"https:\/\/jornalfatosenoticias.com.br\/wp-content\/uploads\/2020\/02\/nova-logo-Marquetti.jpg 643w, https:\/\/jornalfatosenoticias.com.br\/wp-content\/uploads\/2020\/02\/nova-logo-Marquetti-300x202.jpg 300w\" sizes=\"auto, (max-width: 315px) 100vw, 315px\" \/><\/figure><\/div>\n\n\n\n<p><strong><span class=\"has-inline-color has-black-color\">A centralidade do texto<br><\/span><\/strong>Apesar da import\u00e2ncia de diversificar os est\u00edmulos, Adriana e Janine refor\u00e7am que a aplica\u00e7\u00e3o pr\u00e1tica de letras, palavras e frases \u00e9 o que lhes confere sentido e, por isso, \u00e9 fundamental que estudantes tenham a oportunidade de aprender com o texto enquanto unidade de ensino da l\u00edngua inserida nas pr\u00e1ticas cotidianas.<br>Em outras palavras, tornar o texto elemento central no processo de alfabetiza\u00e7\u00e3o faz sentido e ajuda as crian\u00e7as a integrarem o mundo da cultura oral e escrita, considerando que os sistemas de escrita est\u00e3o por toda parte, que essa intera\u00e7\u00e3o acontece muito antes de come\u00e7arem a frequentar a escola, que o sistema alfab\u00e9tico ortogr\u00e1fico tem complexidades que requerem um trabalho intencional e sistematizado. Al\u00e9m disso, \u00e9 no trabalho a partir do texto que o aprendizado da leitura, da produ\u00e7\u00e3o textual e do sistema de escrita se efetiva de forma cr\u00edtica e criativa, como debatem as especialistas.<\/p>\n\n\n\n<div class=\"wp-block-image\"><figure class=\"aligncenter size-large is-resized\"><img loading=\"lazy\" decoding=\"async\" src=\"https:\/\/jornalfatosenoticias.com.br\/wp-content\/uploads\/2020\/02\/Serra-Grande-1024x160.png\" alt=\"\" class=\"wp-image-7836\" width=\"398\" height=\"62\"\/><\/figure><\/div>\n\n\n\n<blockquote class=\"wp-block-quote is-layout-flow wp-block-quote-is-layout-flow\"><p><span class=\"has-inline-color has-luminous-vivid-orange-color\">\u201cO conhecimento sobre os sistemas de escrita; distin\u00e7\u00e3o entre desenho e escrita; s\u00edmbolos utilizados na escrita; nosso alfabeto; unidades da l\u00edngua: letras, s\u00edlabas, palavras; segmenta\u00e7\u00e3o textual e rela\u00e7\u00f5es entre sons e letras\/letras e sons s\u00e3o conhecimentos fundamentais para a compreens\u00e3o e apropria\u00e7\u00e3o de conhecimentos que envolvem a constru\u00e7\u00e3o do sistema de escrita alfab\u00e9tico e, consequentemente, para a consolida\u00e7\u00e3o da leitura e da escrita\u201d, destacam.<\/span><\/p><\/blockquote>\n\n\n\n<div class=\"wp-block-image\"><figure class=\"aligncenter size-large is-resized\"><img loading=\"lazy\" decoding=\"async\" src=\"https:\/\/jornalfatosenoticias.com.br\/wp-content\/uploads\/2020\/02\/Logo-Mizu-segunda-2-1024x99.png\" alt=\"\" class=\"wp-image-2353\" width=\"457\" height=\"44\" srcset=\"https:\/\/jornalfatosenoticias.com.br\/wp-content\/uploads\/2020\/02\/Logo-Mizu-segunda-2-1024x99.png 1024w, https:\/\/jornalfatosenoticias.com.br\/wp-content\/uploads\/2020\/02\/Logo-Mizu-segunda-2-300x29.png 300w, https:\/\/jornalfatosenoticias.com.br\/wp-content\/uploads\/2020\/02\/Logo-Mizu-segunda-2-768x74.png 768w, https:\/\/jornalfatosenoticias.com.br\/wp-content\/uploads\/2020\/02\/Logo-Mizu-segunda-2.png 1240w\" sizes=\"auto, (max-width: 457px) 100vw, 457px\" \/><\/figure><\/div>\n\n\n\n<p><strong><span class=\"has-inline-color has-black-color\">Forma\u00e7\u00e3o docente<br><\/span><\/strong>Para que os professores sejam capazes de possibilitar \u00e0s crian\u00e7as a viv\u00eancia no chamado ambiente alfabetizador, \u00e9 necess\u00e1rio falar sobre forma\u00e7\u00e3o docente.<br>Para Adriana e Janine, uma gradua\u00e7\u00e3o com um curr\u00edculo acad\u00eamico rico favorece o acesso de forma mais intensa e significativa a conceitos e teorias, o que permite processos de conex\u00e3o com pesquisas e estudos sobre alfabetiza\u00e7\u00e3o produzidos no cotidiano escolar.<br>Entretanto, para al\u00e9m da forma\u00e7\u00e3o inicial, as especialistas pontuam o quanto \u00e9 importante que as forma\u00e7\u00f5es continuadas dos futuros professores sejam asseguradas e potencializadas, para que sejam capazes de exercer uma doc\u00eancia que responda ao desafio de mediar a constru\u00e7\u00e3o de saberes junto aos estudantes.<\/p>\n\n\n\n<div class=\"wp-block-image\"><figure class=\"aligncenter size-large is-resized\"><img loading=\"lazy\" decoding=\"async\" src=\"https:\/\/jornalfatosenoticias.com.br\/wp-content\/uploads\/2022\/02\/Precisao-Contabilidade-1024x724.jpg\" alt=\"\" class=\"wp-image-28088\" width=\"282\" height=\"199\"\/><\/figure><\/div>\n\n\n\n<blockquote class=\"wp-block-quote is-layout-flow wp-block-quote-is-layout-flow\"><p><span class=\"has-inline-color has-luminous-vivid-orange-color\">\u201cAs forma\u00e7\u00f5es continuadas devem instituir as \u2018comunidades de aprendizagem\u2019, onde os estudos de pesquisas em desenvolvimento sejam conectados com relatos de experi\u00eancias de pr\u00e1ticas que sejam inspiradoras, inovadoras e assertivas\u201d, afirmam.<\/span><\/p><\/blockquote>\n\n\n\n<div class=\"wp-block-image\"><figure class=\"aligncenter size-large is-resized\"><img loading=\"lazy\" decoding=\"async\" src=\"https:\/\/jornalfatosenoticias.com.br\/wp-content\/uploads\/2022\/02\/Serra-Pack-459.png\" alt=\"\" class=\"wp-image-27471\" width=\"338\" height=\"135\"\/><\/figure><\/div>\n\n\n\n<p>Outro ponto importante \u00e9 considerar que os recursos pedag\u00f3gicos sozinhos n\u00e3o significam a garantia da aprendizagem, sendo, portanto, indispens\u00e1vel a media\u00e7\u00e3o docente intencional.<\/p>\n\n\n\n<p><strong><em>Fonte: <a href=\"https:\/\/porvir.org\/diversificar-ferramentas-e-ambientes-apoia-o-processo-de-alfabetizacao-e-letramento\/\">Porvir<\/a><\/em><\/strong><\/p>\n","protected":false},"excerpt":{"rendered":"<p>Especialistas refor\u00e7am a import\u00e2ncia de m\u00faltiplos est\u00edmulos e a cria\u00e7\u00e3o de um ambiente alfabetizador para apoiar o processo de aprendizado de crian\u00e7as Os seres humanos come\u00e7am a aprender com os est\u00edmulos que recebem do mundo no dia em que nascem. Assim, o processo de alfabetiza\u00e7\u00e3o de crian\u00e7as tem in\u00edcio antes mesmo de entrarem na escola. [&hellip;]<\/p>\n","protected":false},"author":2,"featured_media":29803,"comment_status":"open","ping_status":"open","sticky":false,"template":"","format":"standard","meta":{"footnotes":""},"categories":[7],"tags":[3821,1870,4860,14155],"class_list":["post-29802","post","type-post","status-publish","format-standard","has-post-thumbnail","hentry","category-educacao","tag-alfabetizacao","tag-educacao-infantil","tag-leitura","tag-letramento"],"yoast_head":"<!-- This site is optimized with the Yoast SEO plugin v26.5 - https:\/\/yoast.com\/wordpress\/plugins\/seo\/ -->\n<title>Diversificar ferramentas e ambientes apoia o processo de alfabetiza\u00e7\u00e3o e letramento - Jornal Fatos e Not\u00edcias<\/title>\n<meta name=\"robots\" content=\"index, follow, max-snippet:-1, max-image-preview:large, max-video-preview:-1\" \/>\n<link rel=\"canonical\" href=\"https:\/\/jornalfatosenoticias.com.br\/index.php\/2022\/04\/26\/diversificar-ferramentas-e-ambientes-apoia-o-processo-de-alfabetizacao-e-letramento\/\" \/>\n<meta property=\"og:locale\" content=\"pt_BR\" \/>\n<meta property=\"og:type\" content=\"article\" \/>\n<meta property=\"og:title\" content=\"Diversificar ferramentas e ambientes apoia o processo de alfabetiza\u00e7\u00e3o e letramento - Jornal Fatos e Not\u00edcias\" \/>\n<meta property=\"og:description\" content=\"Especialistas refor\u00e7am a import\u00e2ncia de m\u00faltiplos est\u00edmulos e a cria\u00e7\u00e3o de um ambiente alfabetizador para apoiar o processo de aprendizado de crian\u00e7as Os seres humanos come\u00e7am a aprender com os est\u00edmulos que recebem do mundo no dia em que nascem. Assim, o processo de alfabetiza\u00e7\u00e3o de crian\u00e7as tem in\u00edcio antes mesmo de entrarem na escola. [&hellip;]\" \/>\n<meta property=\"og:url\" content=\"https:\/\/jornalfatosenoticias.com.br\/index.php\/2022\/04\/26\/diversificar-ferramentas-e-ambientes-apoia-o-processo-de-alfabetizacao-e-letramento\/\" \/>\n<meta property=\"og:site_name\" content=\"Jornal Fatos e Not\u00edcias\" \/>\n<meta property=\"article:published_time\" content=\"2022-04-26T15:20:32+00:00\" \/>\n<meta property=\"article:modified_time\" content=\"2022-04-26T15:22:16+00:00\" \/>\n<meta property=\"og:image\" content=\"https:\/\/jornalfatosenoticias.com.br\/wp-content\/uploads\/2022\/04\/alfabetizacao-e-letramento.jpeg\" \/>\n\t<meta property=\"og:image:width\" content=\"1000\" \/>\n\t<meta property=\"og:image:height\" content=\"489\" \/>\n\t<meta property=\"og:image:type\" content=\"image\/jpeg\" \/>\n<meta name=\"author\" content=\"Luzimara Fernandes\" \/>\n<meta name=\"twitter:card\" content=\"summary_large_image\" \/>\n<meta name=\"twitter:label1\" content=\"Escrito por\" \/>\n\t<meta name=\"twitter:data1\" content=\"Luzimara Fernandes\" \/>\n\t<meta name=\"twitter:label2\" content=\"Est. tempo de leitura\" \/>\n\t<meta name=\"twitter:data2\" content=\"5 minutos\" \/>\n<script type=\"application\/ld+json\" class=\"yoast-schema-graph\">{\"@context\":\"https:\/\/schema.org\",\"@graph\":[{\"@type\":\"Article\",\"@id\":\"https:\/\/jornalfatosenoticias.com.br\/index.php\/2022\/04\/26\/diversificar-ferramentas-e-ambientes-apoia-o-processo-de-alfabetizacao-e-letramento\/#article\",\"isPartOf\":{\"@id\":\"https:\/\/jornalfatosenoticias.com.br\/index.php\/2022\/04\/26\/diversificar-ferramentas-e-ambientes-apoia-o-processo-de-alfabetizacao-e-letramento\/\"},\"author\":{\"name\":\"Luzimara Fernandes\",\"@id\":\"https:\/\/jornalfatosenoticias.com.br\/#\/schema\/person\/d63837fa13ac8666eb9e74e0985d6f81\"},\"headline\":\"Diversificar ferramentas e ambientes apoia o processo de alfabetiza\u00e7\u00e3o e letramento\",\"datePublished\":\"2022-04-26T15:20:32+00:00\",\"dateModified\":\"2022-04-26T15:22:16+00:00\",\"mainEntityOfPage\":{\"@id\":\"https:\/\/jornalfatosenoticias.com.br\/index.php\/2022\/04\/26\/diversificar-ferramentas-e-ambientes-apoia-o-processo-de-alfabetizacao-e-letramento\/\"},\"wordCount\":1017,\"commentCount\":0,\"publisher\":{\"@id\":\"https:\/\/jornalfatosenoticias.com.br\/#organization\"},\"image\":{\"@id\":\"https:\/\/jornalfatosenoticias.com.br\/index.php\/2022\/04\/26\/diversificar-ferramentas-e-ambientes-apoia-o-processo-de-alfabetizacao-e-letramento\/#primaryimage\"},\"thumbnailUrl\":\"https:\/\/jornalfatosenoticias.com.br\/wp-content\/uploads\/2022\/04\/alfabetizacao-e-letramento.jpeg\",\"keywords\":[\"alfabetiza\u00e7\u00e3o\",\"educa\u00e7\u00e3o infantil\",\"leitura\",\"letramento\"],\"articleSection\":[\"Educa\u00e7\u00e3o\"],\"inLanguage\":\"pt-BR\",\"potentialAction\":[{\"@type\":\"CommentAction\",\"name\":\"Comment\",\"target\":[\"https:\/\/jornalfatosenoticias.com.br\/index.php\/2022\/04\/26\/diversificar-ferramentas-e-ambientes-apoia-o-processo-de-alfabetizacao-e-letramento\/#respond\"]}]},{\"@type\":\"WebPage\",\"@id\":\"https:\/\/jornalfatosenoticias.com.br\/index.php\/2022\/04\/26\/diversificar-ferramentas-e-ambientes-apoia-o-processo-de-alfabetizacao-e-letramento\/\",\"url\":\"https:\/\/jornalfatosenoticias.com.br\/index.php\/2022\/04\/26\/diversificar-ferramentas-e-ambientes-apoia-o-processo-de-alfabetizacao-e-letramento\/\",\"name\":\"Diversificar ferramentas e ambientes apoia o processo de alfabetiza\u00e7\u00e3o e letramento - Jornal Fatos e Not\u00edcias\",\"isPartOf\":{\"@id\":\"https:\/\/jornalfatosenoticias.com.br\/#website\"},\"primaryImageOfPage\":{\"@id\":\"https:\/\/jornalfatosenoticias.com.br\/index.php\/2022\/04\/26\/diversificar-ferramentas-e-ambientes-apoia-o-processo-de-alfabetizacao-e-letramento\/#primaryimage\"},\"image\":{\"@id\":\"https:\/\/jornalfatosenoticias.com.br\/index.php\/2022\/04\/26\/diversificar-ferramentas-e-ambientes-apoia-o-processo-de-alfabetizacao-e-letramento\/#primaryimage\"},\"thumbnailUrl\":\"https:\/\/jornalfatosenoticias.com.br\/wp-content\/uploads\/2022\/04\/alfabetizacao-e-letramento.jpeg\",\"datePublished\":\"2022-04-26T15:20:32+00:00\",\"dateModified\":\"2022-04-26T15:22:16+00:00\",\"breadcrumb\":{\"@id\":\"https:\/\/jornalfatosenoticias.com.br\/index.php\/2022\/04\/26\/diversificar-ferramentas-e-ambientes-apoia-o-processo-de-alfabetizacao-e-letramento\/#breadcrumb\"},\"inLanguage\":\"pt-BR\",\"potentialAction\":[{\"@type\":\"ReadAction\",\"target\":[\"https:\/\/jornalfatosenoticias.com.br\/index.php\/2022\/04\/26\/diversificar-ferramentas-e-ambientes-apoia-o-processo-de-alfabetizacao-e-letramento\/\"]}]},{\"@type\":\"ImageObject\",\"inLanguage\":\"pt-BR\",\"@id\":\"https:\/\/jornalfatosenoticias.com.br\/index.php\/2022\/04\/26\/diversificar-ferramentas-e-ambientes-apoia-o-processo-de-alfabetizacao-e-letramento\/#primaryimage\",\"url\":\"https:\/\/jornalfatosenoticias.com.br\/wp-content\/uploads\/2022\/04\/alfabetizacao-e-letramento.jpeg\",\"contentUrl\":\"https:\/\/jornalfatosenoticias.com.br\/wp-content\/uploads\/2022\/04\/alfabetizacao-e-letramento.jpeg\",\"width\":1000,\"height\":489},{\"@type\":\"BreadcrumbList\",\"@id\":\"https:\/\/jornalfatosenoticias.com.br\/index.php\/2022\/04\/26\/diversificar-ferramentas-e-ambientes-apoia-o-processo-de-alfabetizacao-e-letramento\/#breadcrumb\",\"itemListElement\":[{\"@type\":\"ListItem\",\"position\":1,\"name\":\"In\u00edcio\",\"item\":\"https:\/\/jornalfatosenoticias.com.br\/\"},{\"@type\":\"ListItem\",\"position\":2,\"name\":\"Diversificar ferramentas e ambientes apoia o processo de alfabetiza\u00e7\u00e3o e letramento\"}]},{\"@type\":\"WebSite\",\"@id\":\"https:\/\/jornalfatosenoticias.com.br\/#website\",\"url\":\"https:\/\/jornalfatosenoticias.com.br\/\",\"name\":\"Jornal Fatos e Not\u00edcias\",\"description\":\"Not\u00edcias em geral\",\"publisher\":{\"@id\":\"https:\/\/jornalfatosenoticias.com.br\/#organization\"},\"potentialAction\":[{\"@type\":\"SearchAction\",\"target\":{\"@type\":\"EntryPoint\",\"urlTemplate\":\"https:\/\/jornalfatosenoticias.com.br\/?s={search_term_string}\"},\"query-input\":{\"@type\":\"PropertyValueSpecification\",\"valueRequired\":true,\"valueName\":\"search_term_string\"}}],\"inLanguage\":\"pt-BR\"},{\"@type\":\"Organization\",\"@id\":\"https:\/\/jornalfatosenoticias.com.br\/#organization\",\"name\":\"Jornal Fatos e Not\u00edcias\",\"url\":\"https:\/\/jornalfatosenoticias.com.br\/\",\"logo\":{\"@type\":\"ImageObject\",\"inLanguage\":\"pt-BR\",\"@id\":\"https:\/\/jornalfatosenoticias.com.br\/#\/schema\/logo\/image\/\",\"url\":\"https:\/\/jornalfatosenoticias.com.br\/wp-content\/uploads\/2020\/02\/logo120.png\",\"contentUrl\":\"https:\/\/jornalfatosenoticias.com.br\/wp-content\/uploads\/2020\/02\/logo120.png\",\"width\":1227,\"height\":120,\"caption\":\"Jornal Fatos e Not\u00edcias\"},\"image\":{\"@id\":\"https:\/\/jornalfatosenoticias.com.br\/#\/schema\/logo\/image\/\"}},{\"@type\":\"Person\",\"@id\":\"https:\/\/jornalfatosenoticias.com.br\/#\/schema\/person\/d63837fa13ac8666eb9e74e0985d6f81\",\"name\":\"Luzimara Fernandes\",\"image\":{\"@type\":\"ImageObject\",\"inLanguage\":\"pt-BR\",\"@id\":\"https:\/\/jornalfatosenoticias.com.br\/#\/schema\/person\/image\/\",\"url\":\"https:\/\/jornalfatosenoticias.com.br\/wp-content\/uploads\/2025\/05\/EU_portal.jpg\",\"contentUrl\":\"https:\/\/jornalfatosenoticias.com.br\/wp-content\/uploads\/2025\/05\/EU_portal.jpg\",\"caption\":\"Luzimara Fernandes\"},\"description\":\"Jornalista MTB 2358-ES\",\"sameAs\":[\"https:\/\/jornalfatosenoticias.com.br\"],\"url\":\"https:\/\/jornalfatosenoticias.com.br\/index.php\/author\/luzimara\/\"}]}<\/script>\n<!-- \/ Yoast SEO plugin. -->","yoast_head_json":{"title":"Diversificar ferramentas e ambientes apoia o processo de alfabetiza\u00e7\u00e3o e letramento - Jornal Fatos e Not\u00edcias","robots":{"index":"index","follow":"follow","max-snippet":"max-snippet:-1","max-image-preview":"max-image-preview:large","max-video-preview":"max-video-preview:-1"},"canonical":"https:\/\/jornalfatosenoticias.com.br\/index.php\/2022\/04\/26\/diversificar-ferramentas-e-ambientes-apoia-o-processo-de-alfabetizacao-e-letramento\/","og_locale":"pt_BR","og_type":"article","og_title":"Diversificar ferramentas e ambientes apoia o processo de alfabetiza\u00e7\u00e3o e letramento - Jornal Fatos e Not\u00edcias","og_description":"Especialistas refor\u00e7am a import\u00e2ncia de m\u00faltiplos est\u00edmulos e a cria\u00e7\u00e3o de um ambiente alfabetizador para apoiar o processo de aprendizado de crian\u00e7as Os seres humanos come\u00e7am a aprender com os est\u00edmulos que recebem do mundo no dia em que nascem. Assim, o processo de alfabetiza\u00e7\u00e3o de crian\u00e7as tem in\u00edcio antes mesmo de entrarem na escola. [&hellip;]","og_url":"https:\/\/jornalfatosenoticias.com.br\/index.php\/2022\/04\/26\/diversificar-ferramentas-e-ambientes-apoia-o-processo-de-alfabetizacao-e-letramento\/","og_site_name":"Jornal Fatos e Not\u00edcias","article_published_time":"2022-04-26T15:20:32+00:00","article_modified_time":"2022-04-26T15:22:16+00:00","og_image":[{"width":1000,"height":489,"url":"https:\/\/jornalfatosenoticias.com.br\/wp-content\/uploads\/2022\/04\/alfabetizacao-e-letramento.jpeg","type":"image\/jpeg"}],"author":"Luzimara Fernandes","twitter_card":"summary_large_image","twitter_misc":{"Escrito por":"Luzimara Fernandes","Est. tempo de leitura":"5 minutos"},"schema":{"@context":"https:\/\/schema.org","@graph":[{"@type":"Article","@id":"https:\/\/jornalfatosenoticias.com.br\/index.php\/2022\/04\/26\/diversificar-ferramentas-e-ambientes-apoia-o-processo-de-alfabetizacao-e-letramento\/#article","isPartOf":{"@id":"https:\/\/jornalfatosenoticias.com.br\/index.php\/2022\/04\/26\/diversificar-ferramentas-e-ambientes-apoia-o-processo-de-alfabetizacao-e-letramento\/"},"author":{"name":"Luzimara Fernandes","@id":"https:\/\/jornalfatosenoticias.com.br\/#\/schema\/person\/d63837fa13ac8666eb9e74e0985d6f81"},"headline":"Diversificar ferramentas e ambientes apoia o processo de alfabetiza\u00e7\u00e3o e letramento","datePublished":"2022-04-26T15:20:32+00:00","dateModified":"2022-04-26T15:22:16+00:00","mainEntityOfPage":{"@id":"https:\/\/jornalfatosenoticias.com.br\/index.php\/2022\/04\/26\/diversificar-ferramentas-e-ambientes-apoia-o-processo-de-alfabetizacao-e-letramento\/"},"wordCount":1017,"commentCount":0,"publisher":{"@id":"https:\/\/jornalfatosenoticias.com.br\/#organization"},"image":{"@id":"https:\/\/jornalfatosenoticias.com.br\/index.php\/2022\/04\/26\/diversificar-ferramentas-e-ambientes-apoia-o-processo-de-alfabetizacao-e-letramento\/#primaryimage"},"thumbnailUrl":"https:\/\/jornalfatosenoticias.com.br\/wp-content\/uploads\/2022\/04\/alfabetizacao-e-letramento.jpeg","keywords":["alfabetiza\u00e7\u00e3o","educa\u00e7\u00e3o infantil","leitura","letramento"],"articleSection":["Educa\u00e7\u00e3o"],"inLanguage":"pt-BR","potentialAction":[{"@type":"CommentAction","name":"Comment","target":["https:\/\/jornalfatosenoticias.com.br\/index.php\/2022\/04\/26\/diversificar-ferramentas-e-ambientes-apoia-o-processo-de-alfabetizacao-e-letramento\/#respond"]}]},{"@type":"WebPage","@id":"https:\/\/jornalfatosenoticias.com.br\/index.php\/2022\/04\/26\/diversificar-ferramentas-e-ambientes-apoia-o-processo-de-alfabetizacao-e-letramento\/","url":"https:\/\/jornalfatosenoticias.com.br\/index.php\/2022\/04\/26\/diversificar-ferramentas-e-ambientes-apoia-o-processo-de-alfabetizacao-e-letramento\/","name":"Diversificar ferramentas e ambientes apoia o processo de alfabetiza\u00e7\u00e3o e letramento - Jornal Fatos e Not\u00edcias","isPartOf":{"@id":"https:\/\/jornalfatosenoticias.com.br\/#website"},"primaryImageOfPage":{"@id":"https:\/\/jornalfatosenoticias.com.br\/index.php\/2022\/04\/26\/diversificar-ferramentas-e-ambientes-apoia-o-processo-de-alfabetizacao-e-letramento\/#primaryimage"},"image":{"@id":"https:\/\/jornalfatosenoticias.com.br\/index.php\/2022\/04\/26\/diversificar-ferramentas-e-ambientes-apoia-o-processo-de-alfabetizacao-e-letramento\/#primaryimage"},"thumbnailUrl":"https:\/\/jornalfatosenoticias.com.br\/wp-content\/uploads\/2022\/04\/alfabetizacao-e-letramento.jpeg","datePublished":"2022-04-26T15:20:32+00:00","dateModified":"2022-04-26T15:22:16+00:00","breadcrumb":{"@id":"https:\/\/jornalfatosenoticias.com.br\/index.php\/2022\/04\/26\/diversificar-ferramentas-e-ambientes-apoia-o-processo-de-alfabetizacao-e-letramento\/#breadcrumb"},"inLanguage":"pt-BR","potentialAction":[{"@type":"ReadAction","target":["https:\/\/jornalfatosenoticias.com.br\/index.php\/2022\/04\/26\/diversificar-ferramentas-e-ambientes-apoia-o-processo-de-alfabetizacao-e-letramento\/"]}]},{"@type":"ImageObject","inLanguage":"pt-BR","@id":"https:\/\/jornalfatosenoticias.com.br\/index.php\/2022\/04\/26\/diversificar-ferramentas-e-ambientes-apoia-o-processo-de-alfabetizacao-e-letramento\/#primaryimage","url":"https:\/\/jornalfatosenoticias.com.br\/wp-content\/uploads\/2022\/04\/alfabetizacao-e-letramento.jpeg","contentUrl":"https:\/\/jornalfatosenoticias.com.br\/wp-content\/uploads\/2022\/04\/alfabetizacao-e-letramento.jpeg","width":1000,"height":489},{"@type":"BreadcrumbList","@id":"https:\/\/jornalfatosenoticias.com.br\/index.php\/2022\/04\/26\/diversificar-ferramentas-e-ambientes-apoia-o-processo-de-alfabetizacao-e-letramento\/#breadcrumb","itemListElement":[{"@type":"ListItem","position":1,"name":"In\u00edcio","item":"https:\/\/jornalfatosenoticias.com.br\/"},{"@type":"ListItem","position":2,"name":"Diversificar ferramentas e ambientes apoia o processo de alfabetiza\u00e7\u00e3o e letramento"}]},{"@type":"WebSite","@id":"https:\/\/jornalfatosenoticias.com.br\/#website","url":"https:\/\/jornalfatosenoticias.com.br\/","name":"Jornal Fatos e Not\u00edcias","description":"Not\u00edcias em geral","publisher":{"@id":"https:\/\/jornalfatosenoticias.com.br\/#organization"},"potentialAction":[{"@type":"SearchAction","target":{"@type":"EntryPoint","urlTemplate":"https:\/\/jornalfatosenoticias.com.br\/?s={search_term_string}"},"query-input":{"@type":"PropertyValueSpecification","valueRequired":true,"valueName":"search_term_string"}}],"inLanguage":"pt-BR"},{"@type":"Organization","@id":"https:\/\/jornalfatosenoticias.com.br\/#organization","name":"Jornal Fatos e Not\u00edcias","url":"https:\/\/jornalfatosenoticias.com.br\/","logo":{"@type":"ImageObject","inLanguage":"pt-BR","@id":"https:\/\/jornalfatosenoticias.com.br\/#\/schema\/logo\/image\/","url":"https:\/\/jornalfatosenoticias.com.br\/wp-content\/uploads\/2020\/02\/logo120.png","contentUrl":"https:\/\/jornalfatosenoticias.com.br\/wp-content\/uploads\/2020\/02\/logo120.png","width":1227,"height":120,"caption":"Jornal Fatos e Not\u00edcias"},"image":{"@id":"https:\/\/jornalfatosenoticias.com.br\/#\/schema\/logo\/image\/"}},{"@type":"Person","@id":"https:\/\/jornalfatosenoticias.com.br\/#\/schema\/person\/d63837fa13ac8666eb9e74e0985d6f81","name":"Luzimara Fernandes","image":{"@type":"ImageObject","inLanguage":"pt-BR","@id":"https:\/\/jornalfatosenoticias.com.br\/#\/schema\/person\/image\/","url":"https:\/\/jornalfatosenoticias.com.br\/wp-content\/uploads\/2025\/05\/EU_portal.jpg","contentUrl":"https:\/\/jornalfatosenoticias.com.br\/wp-content\/uploads\/2025\/05\/EU_portal.jpg","caption":"Luzimara Fernandes"},"description":"Jornalista MTB 2358-ES","sameAs":["https:\/\/jornalfatosenoticias.com.br"],"url":"https:\/\/jornalfatosenoticias.com.br\/index.php\/author\/luzimara\/"}]}},"cc_featured_image_caption":{"caption_text":"(Foto: Elza Fi\u00faza\/Ag\u00eancia Brasil) ","source_text":"","source_url":""},"jetpack_featured_media_url":"https:\/\/jornalfatosenoticias.com.br\/wp-content\/uploads\/2022\/04\/alfabetizacao-e-letramento.jpeg","_links":{"self":[{"href":"https:\/\/jornalfatosenoticias.com.br\/index.php\/wp-json\/wp\/v2\/posts\/29802","targetHints":{"allow":["GET"]}}],"collection":[{"href":"https:\/\/jornalfatosenoticias.com.br\/index.php\/wp-json\/wp\/v2\/posts"}],"about":[{"href":"https:\/\/jornalfatosenoticias.com.br\/index.php\/wp-json\/wp\/v2\/types\/post"}],"author":[{"embeddable":true,"href":"https:\/\/jornalfatosenoticias.com.br\/index.php\/wp-json\/wp\/v2\/users\/2"}],"replies":[{"embeddable":true,"href":"https:\/\/jornalfatosenoticias.com.br\/index.php\/wp-json\/wp\/v2\/comments?post=29802"}],"version-history":[{"count":0,"href":"https:\/\/jornalfatosenoticias.com.br\/index.php\/wp-json\/wp\/v2\/posts\/29802\/revisions"}],"wp:featuredmedia":[{"embeddable":true,"href":"https:\/\/jornalfatosenoticias.com.br\/index.php\/wp-json\/wp\/v2\/media\/29803"}],"wp:attachment":[{"href":"https:\/\/jornalfatosenoticias.com.br\/index.php\/wp-json\/wp\/v2\/media?parent=29802"}],"wp:term":[{"taxonomy":"category","embeddable":true,"href":"https:\/\/jornalfatosenoticias.com.br\/index.php\/wp-json\/wp\/v2\/categories?post=29802"},{"taxonomy":"post_tag","embeddable":true,"href":"https:\/\/jornalfatosenoticias.com.br\/index.php\/wp-json\/wp\/v2\/tags?post=29802"}],"curies":[{"name":"wp","href":"https:\/\/api.w.org\/{rel}","templated":true}]}}