{"id":29815,"date":"2022-04-26T13:17:35","date_gmt":"2022-04-26T16:17:35","guid":{"rendered":"https:\/\/jornalfatosenoticias.com.br\/?p=29815"},"modified":"2022-04-26T13:17:48","modified_gmt":"2022-04-26T16:17:48","slug":"confianca-do-comercio-volta-a-crescer-apos-dois-meses","status":"publish","type":"post","link":"https:\/\/jornalfatosenoticias.com.br\/index.php\/2022\/04\/26\/confianca-do-comercio-volta-a-crescer-apos-dois-meses\/","title":{"rendered":"Confian\u00e7a do com\u00e9rcio volta a crescer ap\u00f3s dois meses"},"content":{"rendered":"\n<p><em><span class=\"has-inline-color has-black-color\">\u00cdndice subiu 2% em abril acumulando alta de 0,86%<\/span><\/em><\/p>\n\n\n\n<div class=\"wp-block-image\"><figure class=\"aligncenter size-large is-resized\"><img loading=\"lazy\" decoding=\"async\" src=\"https:\/\/jornalfatosenoticias.com.br\/wp-content\/uploads\/2022\/02\/Arte-Autoescola-Galatas_endereco_portal-1024x103.png\" alt=\"\" class=\"wp-image-27869\" width=\"438\" height=\"44\" srcset=\"https:\/\/jornalfatosenoticias.com.br\/wp-content\/uploads\/2022\/02\/Arte-Autoescola-Galatas_endereco_portal-1024x103.png 1024w, https:\/\/jornalfatosenoticias.com.br\/wp-content\/uploads\/2022\/02\/Arte-Autoescola-Galatas_endereco_portal-300x30.png 300w, https:\/\/jornalfatosenoticias.com.br\/wp-content\/uploads\/2022\/02\/Arte-Autoescola-Galatas_endereco_portal-768x77.png 768w, https:\/\/jornalfatosenoticias.com.br\/wp-content\/uploads\/2022\/02\/Arte-Autoescola-Galatas_endereco_portal.png 1223w\" sizes=\"auto, (max-width: 438px) 100vw, 438px\" \/><\/figure><\/div>\n\n\n\n<p>Ap\u00f3s cair em fevereiro e mar\u00e7o, o \u00cdndice de Confian\u00e7a do Empres\u00e1rio do Com\u00e9rcio (Icec) subiu 2% em abril, alcan\u00e7ando 118 pontos e acumulando, no quadrimestre, alta de 0,86%. Apesar do crescimento modesto, o indicador, medido pela Confedera\u00e7\u00e3o Nacional do Com\u00e9rcio de Bens, Servi\u00e7os e Turismo (CNC), apresentou melhor resultado do que o apurado nos quatro primeiros meses de 2021, quando registrou queda de 9,24%.<br>Entre os \u00edndices analisados pela pesquisa, Condi\u00e7\u00f5es Atuais do Empres\u00e1rio do Com\u00e9rcio se destacou positivamente, com aumento de 4,2%. Segundo a CNC, o avan\u00e7o chamou a aten\u00e7\u00e3o por se tratar do indicador que tem registrado a maior insatisfa\u00e7\u00e3o. O sub\u00edndice relativo \u00e0 economia contribuiu com maior peso para o aumento, tendo expandido 6,5%, bem acima de avalia\u00e7\u00f5es quanto ao setor (3,6%) e \u00e0 empresa (3,3%).<br>O presidente da CNC, Jos\u00e9 Roberto Tadros, avalia que a percep\u00e7\u00e3o mais positiva dos comerciantes pode estar relacionada \u00e0s vendas de P\u00e1scoa e Dia da M\u00e3es, al\u00e9m da expectativa pelo d\u00e9cimo terceiro sal\u00e1rio dos aposentados, o aumento da participa\u00e7\u00e3o do cr\u00e9dito consignado de 35% para 40% no endividamento e a entrada na economia dos recursos advindos do saque do FGTS.<\/p>\n\n\n\n<div class=\"wp-block-image\"><figure class=\"aligncenter size-large is-resized\"><img loading=\"lazy\" decoding=\"async\" src=\"https:\/\/jornalfatosenoticias.com.br\/wp-content\/uploads\/2022\/02\/Precisao-Contabilidade-1024x724.jpg\" alt=\"\" class=\"wp-image-28088\" width=\"316\" height=\"223\"\/><\/figure><\/div>\n\n\n\n<blockquote class=\"wp-block-quote is-layout-flow wp-block-quote-is-layout-flow\"><p><span class=\"has-inline-color has-luminous-vivid-orange-color\">\u201cUm fator que tamb\u00e9m \u00e9 muito relevante \u00e9 a percep\u00e7\u00e3o de efeitos decorrentes da din\u00e2mica do mercado de trabalho, que tem revelado evolu\u00e7\u00e3o gradual\u201d, disse, em nota.<\/span><\/p><\/blockquote>\n\n\n\n<div class=\"wp-block-image\"><figure class=\"alignleft size-large is-resized\"><img loading=\"lazy\" decoding=\"async\" src=\"https:\/\/jornalfatosenoticias.com.br\/wp-content\/uploads\/2022\/02\/Serra-Pack-459.png\" alt=\"\" class=\"wp-image-27471\" width=\"313\" height=\"125\"\/><\/figure><\/div>\n\n\n\n<p><strong><span class=\"has-inline-color has-black-color\">Expectativas positivas<br><\/span><\/strong>Segundo a CNC, a \u00fanica queda registrada na composi\u00e7\u00e3o do Icec foi no sub\u00edndice relativo \u00e0 contrata\u00e7\u00e3o de funcion\u00e1rios, em Inten\u00e7\u00f5es de Investimento, que apresentou retra\u00e7\u00e3o de 0,1%. J\u00e1 o sub\u00edndice referente \u00e0 empresa contou com o aumento mais significativo, de 3,9%, influenciando o crescimento geral do indicador, de 1,6%.<br>Para o economista da CNC respons\u00e1vel pela pesquisa, Ant\u00f4nio Everton, os resultados mostram otimismo em rela\u00e7\u00e3o \u00e0 din\u00e2mica de vendas do pr\u00f3ximo m\u00eas.<\/p>\n\n\n\n<blockquote class=\"wp-block-quote is-layout-flow wp-block-quote-is-layout-flow\"><p><span class=\"has-inline-color has-luminous-vivid-orange-color\">\u201cA alta pode estar associada a ajustes e incrementos que os empres\u00e1rios podem pretender realizar nas suas organiza\u00e7\u00f5es\u201d.<\/span><\/p><\/blockquote>\n\n\n\n<div class=\"wp-block-image\"><figure class=\"aligncenter size-large is-resized\"><img loading=\"lazy\" decoding=\"async\" src=\"https:\/\/jornalfatosenoticias.com.br\/wp-content\/uploads\/2020\/02\/Serra-Grande-1024x160.png\" alt=\"\" class=\"wp-image-7836\" width=\"424\" height=\"66\"\/><\/figure><\/div>\n\n\n\n<p>Os dados tamb\u00e9m apontaram maior n\u00edvel de confian\u00e7a entre empres\u00e1rios das micro e pequenas empresas (2,1%), enquanto os das m\u00e9dias e grandes n\u00e3o revelaram varia\u00e7\u00e3o. J\u00e1 no recorte por categorias de uso, os empres\u00e1rios dos segmentos de bens semidur\u00e1veis (5,9%) e dur\u00e1veis (5,8%) se mostraram bem mais confiantes do que os de n\u00e3o dur\u00e1veis (0,9%).<br>Sobre esse aspecto, o economista avalia que um dos poss\u00edveis motivos para a alta \u00e9 a aprecia\u00e7\u00e3o cambial, com a queda do d\u00f3lar, e a maior expectativa quanto \u00e0 possibilidade de vendas de produtos eletroeletr\u00f4nicos. <\/p>\n\n\n\n<div class=\"wp-block-image\"><figure class=\"aligncenter size-large is-resized\"><img loading=\"lazy\" decoding=\"async\" src=\"https:\/\/jornalfatosenoticias.com.br\/wp-content\/uploads\/2020\/02\/Logo_Mizu.png\" alt=\"\" class=\"wp-image-1441\" width=\"454\" height=\"56\" srcset=\"https:\/\/jornalfatosenoticias.com.br\/wp-content\/uploads\/2020\/02\/Logo_Mizu.png 729w, https:\/\/jornalfatosenoticias.com.br\/wp-content\/uploads\/2020\/02\/Logo_Mizu-300x37.png 300w\" sizes=\"auto, (max-width: 454px) 100vw, 454px\" \/><\/figure><\/div>\n\n\n\n<blockquote class=\"wp-block-quote is-layout-flow wp-block-quote-is-layout-flow\"><p><span class=\"has-inline-color has-luminous-vivid-orange-color\">\u201cTudo isso vem ocorrendo devido ao entendimento de que as condi\u00e7\u00f5es atuais est\u00e3o mais favor\u00e1veis, com maior efeito inerente ao desempenho da economia, cuja evolu\u00e7\u00e3o pode acarretar a melhoria da performance do setor comercial\u201d, disse Ant\u00f4nio Everton.<\/span><\/p><\/blockquote>\n\n\n\n<div class=\"wp-block-image\"><figure class=\"aligncenter size-large\"><img loading=\"lazy\" decoding=\"async\" width=\"300\" height=\"250\" src=\"https:\/\/jornalfatosenoticias.com.br\/wp-content\/uploads\/2022\/02\/FERRARI_MAQUINAS-E-FERRAMENTAS2.jpg\" alt=\"\" class=\"wp-image-27860\"\/><\/figure><\/div>\n\n\n\n<p><strong><em>Fonte: <a href=\"https:\/\/agenciabrasil.ebc.com.br\/economia\/noticia\/2022-04\/confianca-do-comercio-volta-crescer-apos-dois-meses\">Ag\u00eancia Brasil<\/a><\/em><\/strong><\/p>\n","protected":false},"excerpt":{"rendered":"<p>\u00cdndice subiu 2% em abril acumulando alta de 0,86% Ap\u00f3s cair em fevereiro e mar\u00e7o, o \u00cdndice de Confian\u00e7a do Empres\u00e1rio do Com\u00e9rcio (Icec) subiu 2% em abril, alcan\u00e7ando 118 pontos e acumulando, no quadrimestre, alta de 0,86%. Apesar do crescimento modesto, o indicador, medido pela Confedera\u00e7\u00e3o Nacional do Com\u00e9rcio de Bens, Servi\u00e7os e Turismo [&hellip;]<\/p>\n","protected":false},"author":2,"featured_media":29816,"comment_status":"open","ping_status":"open","sticky":false,"template":"","format":"standard","meta":{"footnotes":""},"categories":[9],"tags":[14163,14162,14164,101,1617],"class_list":["post-29815","post","type-post","status-publish","format-standard","has-post-thumbnail","hentry","category-economia","tag-cnc","tag-confianca-do-comercio","tag-decimo-terceiro-salario","tag-dia-das-maes","tag-pascoa"],"yoast_head":"<!-- This site is optimized with the Yoast SEO plugin v26.5 - https:\/\/yoast.com\/wordpress\/plugins\/seo\/ -->\n<title>Confian\u00e7a do com\u00e9rcio volta a crescer ap\u00f3s dois meses - Jornal Fatos e Not\u00edcias<\/title>\n<meta name=\"robots\" content=\"index, follow, max-snippet:-1, max-image-preview:large, max-video-preview:-1\" \/>\n<link rel=\"canonical\" href=\"https:\/\/jornalfatosenoticias.com.br\/index.php\/2022\/04\/26\/confianca-do-comercio-volta-a-crescer-apos-dois-meses\/\" \/>\n<meta property=\"og:locale\" content=\"pt_BR\" \/>\n<meta property=\"og:type\" content=\"article\" \/>\n<meta property=\"og:title\" content=\"Confian\u00e7a do com\u00e9rcio volta a crescer ap\u00f3s dois meses - Jornal Fatos e Not\u00edcias\" \/>\n<meta property=\"og:description\" content=\"\u00cdndice subiu 2% em abril acumulando alta de 0,86% Ap\u00f3s cair em fevereiro e mar\u00e7o, o \u00cdndice de Confian\u00e7a do Empres\u00e1rio do Com\u00e9rcio (Icec) subiu 2% em abril, alcan\u00e7ando 118 pontos e acumulando, no quadrimestre, alta de 0,86%. Apesar do crescimento modesto, o indicador, medido pela Confedera\u00e7\u00e3o Nacional do Com\u00e9rcio de Bens, Servi\u00e7os e Turismo [&hellip;]\" \/>\n<meta property=\"og:url\" content=\"https:\/\/jornalfatosenoticias.com.br\/index.php\/2022\/04\/26\/confianca-do-comercio-volta-a-crescer-apos-dois-meses\/\" \/>\n<meta property=\"og:site_name\" content=\"Jornal Fatos e Not\u00edcias\" \/>\n<meta property=\"article:published_time\" content=\"2022-04-26T16:17:35+00:00\" \/>\n<meta property=\"article:modified_time\" content=\"2022-04-26T16:17:48+00:00\" \/>\n<meta property=\"og:image\" content=\"https:\/\/jornalfatosenoticias.com.br\/wp-content\/uploads\/2022\/04\/comercio.jpg\" \/>\n\t<meta property=\"og:image:width\" content=\"1000\" \/>\n\t<meta property=\"og:image:height\" content=\"598\" \/>\n\t<meta property=\"og:image:type\" content=\"image\/jpeg\" \/>\n<meta name=\"author\" content=\"Luzimara Fernandes\" \/>\n<meta name=\"twitter:card\" content=\"summary_large_image\" \/>\n<meta name=\"twitter:label1\" content=\"Escrito por\" \/>\n\t<meta name=\"twitter:data1\" content=\"Luzimara Fernandes\" \/>\n\t<meta name=\"twitter:label2\" content=\"Est. tempo de leitura\" \/>\n\t<meta name=\"twitter:data2\" content=\"2 minutos\" \/>\n<script type=\"application\/ld+json\" class=\"yoast-schema-graph\">{\"@context\":\"https:\/\/schema.org\",\"@graph\":[{\"@type\":\"Article\",\"@id\":\"https:\/\/jornalfatosenoticias.com.br\/index.php\/2022\/04\/26\/confianca-do-comercio-volta-a-crescer-apos-dois-meses\/#article\",\"isPartOf\":{\"@id\":\"https:\/\/jornalfatosenoticias.com.br\/index.php\/2022\/04\/26\/confianca-do-comercio-volta-a-crescer-apos-dois-meses\/\"},\"author\":{\"name\":\"Luzimara Fernandes\",\"@id\":\"https:\/\/jornalfatosenoticias.com.br\/#\/schema\/person\/d63837fa13ac8666eb9e74e0985d6f81\"},\"headline\":\"Confian\u00e7a do com\u00e9rcio volta a crescer ap\u00f3s dois meses\",\"datePublished\":\"2022-04-26T16:17:35+00:00\",\"dateModified\":\"2022-04-26T16:17:48+00:00\",\"mainEntityOfPage\":{\"@id\":\"https:\/\/jornalfatosenoticias.com.br\/index.php\/2022\/04\/26\/confianca-do-comercio-volta-a-crescer-apos-dois-meses\/\"},\"wordCount\":498,\"commentCount\":0,\"publisher\":{\"@id\":\"https:\/\/jornalfatosenoticias.com.br\/#organization\"},\"image\":{\"@id\":\"https:\/\/jornalfatosenoticias.com.br\/index.php\/2022\/04\/26\/confianca-do-comercio-volta-a-crescer-apos-dois-meses\/#primaryimage\"},\"thumbnailUrl\":\"https:\/\/jornalfatosenoticias.com.br\/wp-content\/uploads\/2022\/04\/comercio.jpg\",\"keywords\":[\"CNC\",\"confian\u00e7a do com\u00e9rcio\",\"d\u00e9cimo terceiro sal\u00e1rio\",\"dia das m\u00e3es\",\"P\u00e1scoa\"],\"articleSection\":[\"Economia\"],\"inLanguage\":\"pt-BR\",\"potentialAction\":[{\"@type\":\"CommentAction\",\"name\":\"Comment\",\"target\":[\"https:\/\/jornalfatosenoticias.com.br\/index.php\/2022\/04\/26\/confianca-do-comercio-volta-a-crescer-apos-dois-meses\/#respond\"]}]},{\"@type\":\"WebPage\",\"@id\":\"https:\/\/jornalfatosenoticias.com.br\/index.php\/2022\/04\/26\/confianca-do-comercio-volta-a-crescer-apos-dois-meses\/\",\"url\":\"https:\/\/jornalfatosenoticias.com.br\/index.php\/2022\/04\/26\/confianca-do-comercio-volta-a-crescer-apos-dois-meses\/\",\"name\":\"Confian\u00e7a do com\u00e9rcio volta a crescer ap\u00f3s dois meses - Jornal Fatos e Not\u00edcias\",\"isPartOf\":{\"@id\":\"https:\/\/jornalfatosenoticias.com.br\/#website\"},\"primaryImageOfPage\":{\"@id\":\"https:\/\/jornalfatosenoticias.com.br\/index.php\/2022\/04\/26\/confianca-do-comercio-volta-a-crescer-apos-dois-meses\/#primaryimage\"},\"image\":{\"@id\":\"https:\/\/jornalfatosenoticias.com.br\/index.php\/2022\/04\/26\/confianca-do-comercio-volta-a-crescer-apos-dois-meses\/#primaryimage\"},\"thumbnailUrl\":\"https:\/\/jornalfatosenoticias.com.br\/wp-content\/uploads\/2022\/04\/comercio.jpg\",\"datePublished\":\"2022-04-26T16:17:35+00:00\",\"dateModified\":\"2022-04-26T16:17:48+00:00\",\"breadcrumb\":{\"@id\":\"https:\/\/jornalfatosenoticias.com.br\/index.php\/2022\/04\/26\/confianca-do-comercio-volta-a-crescer-apos-dois-meses\/#breadcrumb\"},\"inLanguage\":\"pt-BR\",\"potentialAction\":[{\"@type\":\"ReadAction\",\"target\":[\"https:\/\/jornalfatosenoticias.com.br\/index.php\/2022\/04\/26\/confianca-do-comercio-volta-a-crescer-apos-dois-meses\/\"]}]},{\"@type\":\"ImageObject\",\"inLanguage\":\"pt-BR\",\"@id\":\"https:\/\/jornalfatosenoticias.com.br\/index.php\/2022\/04\/26\/confianca-do-comercio-volta-a-crescer-apos-dois-meses\/#primaryimage\",\"url\":\"https:\/\/jornalfatosenoticias.com.br\/wp-content\/uploads\/2022\/04\/comercio.jpg\",\"contentUrl\":\"https:\/\/jornalfatosenoticias.com.br\/wp-content\/uploads\/2022\/04\/comercio.jpg\",\"width\":1000,\"height\":598},{\"@type\":\"BreadcrumbList\",\"@id\":\"https:\/\/jornalfatosenoticias.com.br\/index.php\/2022\/04\/26\/confianca-do-comercio-volta-a-crescer-apos-dois-meses\/#breadcrumb\",\"itemListElement\":[{\"@type\":\"ListItem\",\"position\":1,\"name\":\"In\u00edcio\",\"item\":\"https:\/\/jornalfatosenoticias.com.br\/\"},{\"@type\":\"ListItem\",\"position\":2,\"name\":\"Confian\u00e7a do com\u00e9rcio volta a crescer ap\u00f3s dois meses\"}]},{\"@type\":\"WebSite\",\"@id\":\"https:\/\/jornalfatosenoticias.com.br\/#website\",\"url\":\"https:\/\/jornalfatosenoticias.com.br\/\",\"name\":\"Jornal Fatos e Not\u00edcias\",\"description\":\"Not\u00edcias em geral\",\"publisher\":{\"@id\":\"https:\/\/jornalfatosenoticias.com.br\/#organization\"},\"potentialAction\":[{\"@type\":\"SearchAction\",\"target\":{\"@type\":\"EntryPoint\",\"urlTemplate\":\"https:\/\/jornalfatosenoticias.com.br\/?s={search_term_string}\"},\"query-input\":{\"@type\":\"PropertyValueSpecification\",\"valueRequired\":true,\"valueName\":\"search_term_string\"}}],\"inLanguage\":\"pt-BR\"},{\"@type\":\"Organization\",\"@id\":\"https:\/\/jornalfatosenoticias.com.br\/#organization\",\"name\":\"Jornal Fatos e Not\u00edcias\",\"url\":\"https:\/\/jornalfatosenoticias.com.br\/\",\"logo\":{\"@type\":\"ImageObject\",\"inLanguage\":\"pt-BR\",\"@id\":\"https:\/\/jornalfatosenoticias.com.br\/#\/schema\/logo\/image\/\",\"url\":\"https:\/\/jornalfatosenoticias.com.br\/wp-content\/uploads\/2020\/02\/logo120.png\",\"contentUrl\":\"https:\/\/jornalfatosenoticias.com.br\/wp-content\/uploads\/2020\/02\/logo120.png\",\"width\":1227,\"height\":120,\"caption\":\"Jornal Fatos e Not\u00edcias\"},\"image\":{\"@id\":\"https:\/\/jornalfatosenoticias.com.br\/#\/schema\/logo\/image\/\"}},{\"@type\":\"Person\",\"@id\":\"https:\/\/jornalfatosenoticias.com.br\/#\/schema\/person\/d63837fa13ac8666eb9e74e0985d6f81\",\"name\":\"Luzimara Fernandes\",\"image\":{\"@type\":\"ImageObject\",\"inLanguage\":\"pt-BR\",\"@id\":\"https:\/\/jornalfatosenoticias.com.br\/#\/schema\/person\/image\/\",\"url\":\"https:\/\/jornalfatosenoticias.com.br\/wp-content\/uploads\/2025\/05\/EU_portal.jpg\",\"contentUrl\":\"https:\/\/jornalfatosenoticias.com.br\/wp-content\/uploads\/2025\/05\/EU_portal.jpg\",\"caption\":\"Luzimara Fernandes\"},\"description\":\"Jornalista MTB 2358-ES\",\"sameAs\":[\"https:\/\/jornalfatosenoticias.com.br\"],\"url\":\"https:\/\/jornalfatosenoticias.com.br\/index.php\/author\/luzimara\/\"}]}<\/script>\n<!-- \/ Yoast SEO plugin. -->","yoast_head_json":{"title":"Confian\u00e7a do com\u00e9rcio volta a crescer ap\u00f3s dois meses - Jornal Fatos e Not\u00edcias","robots":{"index":"index","follow":"follow","max-snippet":"max-snippet:-1","max-image-preview":"max-image-preview:large","max-video-preview":"max-video-preview:-1"},"canonical":"https:\/\/jornalfatosenoticias.com.br\/index.php\/2022\/04\/26\/confianca-do-comercio-volta-a-crescer-apos-dois-meses\/","og_locale":"pt_BR","og_type":"article","og_title":"Confian\u00e7a do com\u00e9rcio volta a crescer ap\u00f3s dois meses - Jornal Fatos e Not\u00edcias","og_description":"\u00cdndice subiu 2% em abril acumulando alta de 0,86% Ap\u00f3s cair em fevereiro e mar\u00e7o, o \u00cdndice de Confian\u00e7a do Empres\u00e1rio do Com\u00e9rcio (Icec) subiu 2% em abril, alcan\u00e7ando 118 pontos e acumulando, no quadrimestre, alta de 0,86%. Apesar do crescimento modesto, o indicador, medido pela Confedera\u00e7\u00e3o Nacional do Com\u00e9rcio de Bens, Servi\u00e7os e Turismo [&hellip;]","og_url":"https:\/\/jornalfatosenoticias.com.br\/index.php\/2022\/04\/26\/confianca-do-comercio-volta-a-crescer-apos-dois-meses\/","og_site_name":"Jornal Fatos e Not\u00edcias","article_published_time":"2022-04-26T16:17:35+00:00","article_modified_time":"2022-04-26T16:17:48+00:00","og_image":[{"width":1000,"height":598,"url":"https:\/\/jornalfatosenoticias.com.br\/wp-content\/uploads\/2022\/04\/comercio.jpg","type":"image\/jpeg"}],"author":"Luzimara Fernandes","twitter_card":"summary_large_image","twitter_misc":{"Escrito por":"Luzimara Fernandes","Est. tempo de leitura":"2 minutos"},"schema":{"@context":"https:\/\/schema.org","@graph":[{"@type":"Article","@id":"https:\/\/jornalfatosenoticias.com.br\/index.php\/2022\/04\/26\/confianca-do-comercio-volta-a-crescer-apos-dois-meses\/#article","isPartOf":{"@id":"https:\/\/jornalfatosenoticias.com.br\/index.php\/2022\/04\/26\/confianca-do-comercio-volta-a-crescer-apos-dois-meses\/"},"author":{"name":"Luzimara Fernandes","@id":"https:\/\/jornalfatosenoticias.com.br\/#\/schema\/person\/d63837fa13ac8666eb9e74e0985d6f81"},"headline":"Confian\u00e7a do com\u00e9rcio volta a crescer ap\u00f3s dois meses","datePublished":"2022-04-26T16:17:35+00:00","dateModified":"2022-04-26T16:17:48+00:00","mainEntityOfPage":{"@id":"https:\/\/jornalfatosenoticias.com.br\/index.php\/2022\/04\/26\/confianca-do-comercio-volta-a-crescer-apos-dois-meses\/"},"wordCount":498,"commentCount":0,"publisher":{"@id":"https:\/\/jornalfatosenoticias.com.br\/#organization"},"image":{"@id":"https:\/\/jornalfatosenoticias.com.br\/index.php\/2022\/04\/26\/confianca-do-comercio-volta-a-crescer-apos-dois-meses\/#primaryimage"},"thumbnailUrl":"https:\/\/jornalfatosenoticias.com.br\/wp-content\/uploads\/2022\/04\/comercio.jpg","keywords":["CNC","confian\u00e7a do com\u00e9rcio","d\u00e9cimo terceiro sal\u00e1rio","dia das m\u00e3es","P\u00e1scoa"],"articleSection":["Economia"],"inLanguage":"pt-BR","potentialAction":[{"@type":"CommentAction","name":"Comment","target":["https:\/\/jornalfatosenoticias.com.br\/index.php\/2022\/04\/26\/confianca-do-comercio-volta-a-crescer-apos-dois-meses\/#respond"]}]},{"@type":"WebPage","@id":"https:\/\/jornalfatosenoticias.com.br\/index.php\/2022\/04\/26\/confianca-do-comercio-volta-a-crescer-apos-dois-meses\/","url":"https:\/\/jornalfatosenoticias.com.br\/index.php\/2022\/04\/26\/confianca-do-comercio-volta-a-crescer-apos-dois-meses\/","name":"Confian\u00e7a do com\u00e9rcio volta a crescer ap\u00f3s dois meses - Jornal Fatos e Not\u00edcias","isPartOf":{"@id":"https:\/\/jornalfatosenoticias.com.br\/#website"},"primaryImageOfPage":{"@id":"https:\/\/jornalfatosenoticias.com.br\/index.php\/2022\/04\/26\/confianca-do-comercio-volta-a-crescer-apos-dois-meses\/#primaryimage"},"image":{"@id":"https:\/\/jornalfatosenoticias.com.br\/index.php\/2022\/04\/26\/confianca-do-comercio-volta-a-crescer-apos-dois-meses\/#primaryimage"},"thumbnailUrl":"https:\/\/jornalfatosenoticias.com.br\/wp-content\/uploads\/2022\/04\/comercio.jpg","datePublished":"2022-04-26T16:17:35+00:00","dateModified":"2022-04-26T16:17:48+00:00","breadcrumb":{"@id":"https:\/\/jornalfatosenoticias.com.br\/index.php\/2022\/04\/26\/confianca-do-comercio-volta-a-crescer-apos-dois-meses\/#breadcrumb"},"inLanguage":"pt-BR","potentialAction":[{"@type":"ReadAction","target":["https:\/\/jornalfatosenoticias.com.br\/index.php\/2022\/04\/26\/confianca-do-comercio-volta-a-crescer-apos-dois-meses\/"]}]},{"@type":"ImageObject","inLanguage":"pt-BR","@id":"https:\/\/jornalfatosenoticias.com.br\/index.php\/2022\/04\/26\/confianca-do-comercio-volta-a-crescer-apos-dois-meses\/#primaryimage","url":"https:\/\/jornalfatosenoticias.com.br\/wp-content\/uploads\/2022\/04\/comercio.jpg","contentUrl":"https:\/\/jornalfatosenoticias.com.br\/wp-content\/uploads\/2022\/04\/comercio.jpg","width":1000,"height":598},{"@type":"BreadcrumbList","@id":"https:\/\/jornalfatosenoticias.com.br\/index.php\/2022\/04\/26\/confianca-do-comercio-volta-a-crescer-apos-dois-meses\/#breadcrumb","itemListElement":[{"@type":"ListItem","position":1,"name":"In\u00edcio","item":"https:\/\/jornalfatosenoticias.com.br\/"},{"@type":"ListItem","position":2,"name":"Confian\u00e7a do com\u00e9rcio volta a crescer ap\u00f3s dois meses"}]},{"@type":"WebSite","@id":"https:\/\/jornalfatosenoticias.com.br\/#website","url":"https:\/\/jornalfatosenoticias.com.br\/","name":"Jornal Fatos e Not\u00edcias","description":"Not\u00edcias em geral","publisher":{"@id":"https:\/\/jornalfatosenoticias.com.br\/#organization"},"potentialAction":[{"@type":"SearchAction","target":{"@type":"EntryPoint","urlTemplate":"https:\/\/jornalfatosenoticias.com.br\/?s={search_term_string}"},"query-input":{"@type":"PropertyValueSpecification","valueRequired":true,"valueName":"search_term_string"}}],"inLanguage":"pt-BR"},{"@type":"Organization","@id":"https:\/\/jornalfatosenoticias.com.br\/#organization","name":"Jornal Fatos e Not\u00edcias","url":"https:\/\/jornalfatosenoticias.com.br\/","logo":{"@type":"ImageObject","inLanguage":"pt-BR","@id":"https:\/\/jornalfatosenoticias.com.br\/#\/schema\/logo\/image\/","url":"https:\/\/jornalfatosenoticias.com.br\/wp-content\/uploads\/2020\/02\/logo120.png","contentUrl":"https:\/\/jornalfatosenoticias.com.br\/wp-content\/uploads\/2020\/02\/logo120.png","width":1227,"height":120,"caption":"Jornal Fatos e Not\u00edcias"},"image":{"@id":"https:\/\/jornalfatosenoticias.com.br\/#\/schema\/logo\/image\/"}},{"@type":"Person","@id":"https:\/\/jornalfatosenoticias.com.br\/#\/schema\/person\/d63837fa13ac8666eb9e74e0985d6f81","name":"Luzimara Fernandes","image":{"@type":"ImageObject","inLanguage":"pt-BR","@id":"https:\/\/jornalfatosenoticias.com.br\/#\/schema\/person\/image\/","url":"https:\/\/jornalfatosenoticias.com.br\/wp-content\/uploads\/2025\/05\/EU_portal.jpg","contentUrl":"https:\/\/jornalfatosenoticias.com.br\/wp-content\/uploads\/2025\/05\/EU_portal.jpg","caption":"Luzimara Fernandes"},"description":"Jornalista MTB 2358-ES","sameAs":["https:\/\/jornalfatosenoticias.com.br"],"url":"https:\/\/jornalfatosenoticias.com.br\/index.php\/author\/luzimara\/"}]}},"cc_featured_image_caption":{"caption_text":"(Foto: T\u00e2nia R\u00eago\/Ag\u00eancia Brasil) ","source_text":"","source_url":""},"jetpack_featured_media_url":"https:\/\/jornalfatosenoticias.com.br\/wp-content\/uploads\/2022\/04\/comercio.jpg","_links":{"self":[{"href":"https:\/\/jornalfatosenoticias.com.br\/index.php\/wp-json\/wp\/v2\/posts\/29815","targetHints":{"allow":["GET"]}}],"collection":[{"href":"https:\/\/jornalfatosenoticias.com.br\/index.php\/wp-json\/wp\/v2\/posts"}],"about":[{"href":"https:\/\/jornalfatosenoticias.com.br\/index.php\/wp-json\/wp\/v2\/types\/post"}],"author":[{"embeddable":true,"href":"https:\/\/jornalfatosenoticias.com.br\/index.php\/wp-json\/wp\/v2\/users\/2"}],"replies":[{"embeddable":true,"href":"https:\/\/jornalfatosenoticias.com.br\/index.php\/wp-json\/wp\/v2\/comments?post=29815"}],"version-history":[{"count":0,"href":"https:\/\/jornalfatosenoticias.com.br\/index.php\/wp-json\/wp\/v2\/posts\/29815\/revisions"}],"wp:featuredmedia":[{"embeddable":true,"href":"https:\/\/jornalfatosenoticias.com.br\/index.php\/wp-json\/wp\/v2\/media\/29816"}],"wp:attachment":[{"href":"https:\/\/jornalfatosenoticias.com.br\/index.php\/wp-json\/wp\/v2\/media?parent=29815"}],"wp:term":[{"taxonomy":"category","embeddable":true,"href":"https:\/\/jornalfatosenoticias.com.br\/index.php\/wp-json\/wp\/v2\/categories?post=29815"},{"taxonomy":"post_tag","embeddable":true,"href":"https:\/\/jornalfatosenoticias.com.br\/index.php\/wp-json\/wp\/v2\/tags?post=29815"}],"curies":[{"name":"wp","href":"https:\/\/api.w.org\/{rel}","templated":true}]}}