{"id":29818,"date":"2022-04-26T13:29:06","date_gmt":"2022-04-26T16:29:06","guid":{"rendered":"https:\/\/jornalfatosenoticias.com.br\/?p=29818"},"modified":"2022-04-26T13:29:10","modified_gmt":"2022-04-26T16:29:10","slug":"jardim-botanico-do-rio-promove-semana-da-caatinga","status":"publish","type":"post","link":"https:\/\/jornalfatosenoticias.com.br\/index.php\/2022\/04\/26\/jardim-botanico-do-rio-promove-semana-da-caatinga\/","title":{"rendered":"Jardim Bot\u00e2nico do Rio promove Semana da Caatinga"},"content":{"rendered":"\n<p><span class=\"has-inline-color has-black-color\"><em>Bioma da Caatinga corresponde a 11% do territ\u00f3rio nacional<\/em><\/span><\/p>\n\n\n\n<div class=\"wp-block-image\"><figure class=\"aligncenter size-large is-resized\"><img loading=\"lazy\" decoding=\"async\" src=\"https:\/\/jornalfatosenoticias.com.br\/wp-content\/uploads\/2022\/02\/Banner-1-1024x101.png\" alt=\"\" class=\"wp-image-27923\" width=\"425\" height=\"41\"\/><\/figure><\/div>\n\n\n\n<p>Para celebrar o Dia da Caatinga, que se comemora no pr\u00f3ximo dia 28, o Jardim Bot\u00e2nico do Rio de Janeiro promove, at\u00e9 30 de abril, a Semana da Caatinga. O objetivo \u00e9 valorizar o bioma, no qual vivem 27 milh\u00f5es de brasileiros e que abriga grande diversidade de fauna e flora. Segundo os organizadores do evento, o bioma precisa ser valorizado e conservado.<br>Por isso, o Jardim Bot\u00e2nico programou uma s\u00e9rie de atividades para mostrar aspectos surpreendentes desse bioma, com visitas guiadas, roda de conversa, jogos e desenhos animados, entre outras atividades. Haver\u00e1 tamb\u00e9m distribui\u00e7\u00e3o de folhetos na bilheteria e no Centro de Visitantes, com informa\u00e7\u00f5es sobre esp\u00e9cies da Caatinga cultivadas no Arboreto, e produtos \u00e0 venda na Loja da Associa\u00e7\u00e3o de Amigos do Jardim Bot\u00e2nico com estampas criadas especialmente para o evento.<br>De acordo com dados do Minist\u00e9rio do Meio Ambiente, a Caatinga abrange \u00e1rea de 844.453 quil\u00f4metros quadrados, o que corresponde a 11% do territ\u00f3rio nacional, englobando todos os estados da Regi\u00e3o Nordeste e o norte de Minas Gerais. Como em outras regi\u00f5es de mata seca no continente americano, as esp\u00e9cies de plantas da Caatinga t\u00eam adapta\u00e7\u00f5es que lhes permitem sobreviver a per\u00edodos de seca extrema. Segundo o Jardim Bot\u00e2nico, ainda h\u00e1 muito a ser descoberto sobre a diversidade da flora desse bioma.<\/p>\n\n\n\n<div class=\"wp-block-image\"><figure class=\"aligncenter size-large is-resized\"><img loading=\"lazy\" decoding=\"async\" src=\"https:\/\/jornalfatosenoticias.com.br\/wp-content\/uploads\/2020\/02\/Logo_Mizu.png\" alt=\"\" class=\"wp-image-1441\" width=\"381\" height=\"47\" srcset=\"https:\/\/jornalfatosenoticias.com.br\/wp-content\/uploads\/2020\/02\/Logo_Mizu.png 729w, https:\/\/jornalfatosenoticias.com.br\/wp-content\/uploads\/2020\/02\/Logo_Mizu-300x37.png 300w\" sizes=\"auto, (max-width: 381px) 100vw, 381px\" \/><\/figure><\/div>\n\n\n\n<p>A Semana do Bioma Caatinga \u00e9 parte do Programa Jardim Bot\u00e2nico Nacional: Biomas, cujo objetivo \u00e9 contribuir para a conserva\u00e7\u00e3o dos biomas brasileiros por interm\u00e9dio da conscientiza\u00e7\u00e3o ambiental, divulga\u00e7\u00e3o e dissemina\u00e7\u00e3o do conhecimento. A iniciativa pretende tamb\u00e9m facilitar as intera\u00e7\u00f5es entre a sociedade e os diferentes biomas, por meio dos espa\u00e7os, cole\u00e7\u00f5es e pr\u00e1ticas cient\u00edfico-culturais do Jardim Bot\u00e2nico do Rio.<\/p>\n\n\n\n<div class=\"wp-block-image\"><figure class=\"alignleft size-large is-resized\"><img loading=\"lazy\" decoding=\"async\" src=\"https:\/\/jornalfatosenoticias.com.br\/wp-content\/uploads\/2022\/02\/Serra-Pack-459.png\" alt=\"\" class=\"wp-image-27471\" width=\"341\" height=\"136\"\/><\/figure><\/div>\n\n\n\n<p><strong><span class=\"has-inline-color has-vivid-green-cyan-color\">Card\u00e1pio nordestino<br><\/span><\/strong>Deste domingo at\u00e9 o pr\u00f3ximo s\u00e1bado (30), com exce\u00e7\u00e3o apenas da quarta-feira (27), o restaurante Green Garden servir\u00e1 card\u00e1pio nordestino, com destaque para o bai\u00e3o garden (bai\u00e3o-de-dois) e fil\u00e9-mignon ao molho mela\u00e7o de cana com queijo coalho. O drinque silvestre traz graviola e vodca com frutas silvestres vermelhas.<br>Nos mesmos dias, com exce\u00e7\u00e3o da quarta-feira, haver\u00e1 exibi\u00e7\u00e3o do desenho animado Mata Seca, em sess\u00f5es cont\u00ednuas das 8h \u00e0s 17h, no Centro de Visitantes. A entrada \u00e9 gratuita. Produzida pela rede de pesquisadores e conservacionistas DryFlor, a anima\u00e7\u00e3o mostra a import\u00e2ncia desse tipo de vegeta\u00e7\u00e3o, existente na Caatinga, e busca sensibilizar para seu uso sustent\u00e1vel e sua preserva\u00e7\u00e3o.<\/p>\n\n\n\n<div class=\"wp-block-image\"><figure class=\"aligncenter size-large is-resized\"><img loading=\"lazy\" decoding=\"async\" src=\"https:\/\/jornalfatosenoticias.com.br\/wp-content\/uploads\/2020\/02\/Serra-Grande-1024x160.png\" alt=\"\" class=\"wp-image-7836\" width=\"315\" height=\"49\"\/><\/figure><\/div>\n\n\n\n<p>O p\u00fablico poder\u00e1 participar da Trilha Guiada da Caatinga, \u00e0s 13h30, com ponto de encontro no Centro de Visitantes. O pesquisador Marcus Nadruz, curador de Cole\u00e7\u00f5es Vivas do Jardim Bot\u00e2nico, levar\u00e1 os visitantes em uma caminhada para conhecer esp\u00e9cies da Caatinga presentes no Arboreto, como o juazeiro (Ziziphus joazeiro) e o mulungu (Erythrina velutina). O acesso ao Arboreto \u00e9 pago.<br>Na ter\u00e7a (26) e na quinta-feiras (28), a visita guiada Cactos da Caatinga: entre espinhos e flores, \u00e0s 10h30, levar\u00e1 os visitantes ao Cact\u00e1rio do Jardim Bot\u00e2nico com o curador Diego Gonzaga. Plantas resistentes e adaptadas a ambientes com baixa disponibilidade h\u00eddrica, os cactos comp\u00f5em a paisagem de muitos biomas, principalmente da Caatinga. Exemplares de mandacaru, quip\u00e1, xique-xique e coroa-de-frade tornam o espa\u00e7o especial e encantador para os visitantes.<\/p>\n\n\n\n<div class=\"wp-block-image\"><figure class=\"alignright size-large\"><img decoding=\"async\" src=\"https:\/\/jornalfatosenoticias.com.br\/wp-content\/uploads\/2020\/02\/logo_esteio.jpg\" alt=\"\" class=\"wp-image-1214\"\/><\/figure><\/div>\n\n\n\n<p><strong><span class=\"has-inline-color has-vivid-green-cyan-color\">Atividades l\u00fadicas<br><\/span><\/strong>Nos dias 28, 29 e 30 est\u00e3o programadas atividades l\u00fadicas sobre a Caatinga, com hor\u00e1rios de 9h as 16h na quinta e sextas-feiras, e de 9h as 12h, no s\u00e1bado. Os eventos ocorrer\u00e3o no Museu do Meio Ambiente e t\u00eam entrada gratuita. Jogo da mem\u00f3ria, cartilha did\u00e1tica do bioma e exibi\u00e7\u00e3o de um desenho animado da s\u00e9rie Os Guardi\u00f5es da Biosfera \u2014 Epis\u00f3dio Caatinga s\u00e3o as atividades organizadas pela equipe de Educa\u00e7\u00e3o Ambiental do Jardim Bot\u00e2nico para p\u00fablicos de todas as idades.<br>Tamb\u00e9m para o Museu do Ambiente, no s\u00e1bado, \u00e0s 10h30, est\u00e1 programada a roda de conversa Fulorando no Sert\u00e3o: Prosas de Um Caatingueiro, com ingresso franqueado ao p\u00fablico. A Caatinga tem fama de ser in\u00f3spita, pobre em vegeta\u00e7\u00e3o, quase des\u00e9rtica. Mas ser\u00e1 que \u00e9 mesmo assim? A resposta ser\u00e1 dada pelo pesquisador Domingos Cardoso, da Universidade Federal da Bahia, que ir\u00e1 ao Jardim Bot\u00e2nico do Rio para mostrar aspectos surpreendentes do bioma onde, como ele diz, \u201cas flores pipocam\u201d.<\/p>\n\n\n\n<div class=\"wp-block-image\"><figure class=\"alignleft size-large is-resized\"><img loading=\"lazy\" decoding=\"async\" src=\"https:\/\/jornalfatosenoticias.com.br\/wp-content\/uploads\/2020\/02\/nova-logo-Marquetti.jpg\" alt=\"\" class=\"wp-image-22331\" width=\"308\" height=\"208\" srcset=\"https:\/\/jornalfatosenoticias.com.br\/wp-content\/uploads\/2020\/02\/nova-logo-Marquetti.jpg 643w, https:\/\/jornalfatosenoticias.com.br\/wp-content\/uploads\/2020\/02\/nova-logo-Marquetti-300x202.jpg 300w\" sizes=\"auto, (max-width: 308px) 100vw, 308px\" \/><\/figure><\/div>\n\n\n\n<p>Haver\u00e1 sorteio de dois exemplares do livro Sert\u00f5es Adentro \u2014 Viagens nas Caatingas, S\u00e9culos XVI a XIX, organizado pela pesquisadora Lorelai Kury, da Casa de Oswaldo Cruz da Funda\u00e7\u00e3o Oswaldo Cruz (COC\/Fiocruz), doados pela editora Andrea Jakobson Est\u00fadio para o evento.<\/p>\n\n\n\n<p><em><strong>Fonte: <a href=\"https:\/\/ciclovivo.com.br\/fique-ligado\/eventos\/jardim-botanico-do-rio-promove-semana-da-caatinga\/\">CicloVivo<\/a><\/strong><\/em><\/p>\n","protected":false},"excerpt":{"rendered":"<p>Bioma da Caatinga corresponde a 11% do territ\u00f3rio nacional Para celebrar o Dia da Caatinga, que se comemora no pr\u00f3ximo dia 28, o Jardim Bot\u00e2nico do Rio de Janeiro promove, at\u00e9 30 de abril, a Semana da Caatinga. O objetivo \u00e9 valorizar o bioma, no qual vivem 27 milh\u00f5es de brasileiros e que abriga grande [&hellip;]<\/p>\n","protected":false},"author":2,"featured_media":29819,"comment_status":"open","ping_status":"open","sticky":false,"template":"","format":"standard","meta":{"footnotes":""},"categories":[8],"tags":[1064,516,14165,7756,14166],"class_list":["post-29818","post","type-post","status-publish","format-standard","has-post-thumbnail","hentry","category-meio-ambiente","tag-bioma","tag-conservacao","tag-dia-da-caatinga","tag-jardim-botanico-do-rio-de-janeiro","tag-semana-da-caatinga"],"yoast_head":"<!-- This site is optimized with the Yoast SEO plugin v26.5 - https:\/\/yoast.com\/wordpress\/plugins\/seo\/ -->\n<title>Jardim Bot\u00e2nico do Rio promove Semana da Caatinga - Jornal Fatos e Not\u00edcias<\/title>\n<meta name=\"robots\" content=\"index, follow, max-snippet:-1, max-image-preview:large, max-video-preview:-1\" \/>\n<link rel=\"canonical\" href=\"https:\/\/jornalfatosenoticias.com.br\/index.php\/2022\/04\/26\/jardim-botanico-do-rio-promove-semana-da-caatinga\/\" \/>\n<meta property=\"og:locale\" content=\"pt_BR\" \/>\n<meta property=\"og:type\" content=\"article\" \/>\n<meta property=\"og:title\" content=\"Jardim Bot\u00e2nico do Rio promove Semana da Caatinga - Jornal Fatos e Not\u00edcias\" \/>\n<meta property=\"og:description\" content=\"Bioma da Caatinga corresponde a 11% do territ\u00f3rio nacional Para celebrar o Dia da Caatinga, que se comemora no pr\u00f3ximo dia 28, o Jardim Bot\u00e2nico do Rio de Janeiro promove, at\u00e9 30 de abril, a Semana da Caatinga. O objetivo \u00e9 valorizar o bioma, no qual vivem 27 milh\u00f5es de brasileiros e que abriga grande [&hellip;]\" \/>\n<meta property=\"og:url\" content=\"https:\/\/jornalfatosenoticias.com.br\/index.php\/2022\/04\/26\/jardim-botanico-do-rio-promove-semana-da-caatinga\/\" \/>\n<meta property=\"og:site_name\" content=\"Jornal Fatos e Not\u00edcias\" \/>\n<meta property=\"article:published_time\" content=\"2022-04-26T16:29:06+00:00\" \/>\n<meta property=\"article:modified_time\" content=\"2022-04-26T16:29:10+00:00\" \/>\n<meta property=\"og:image\" content=\"https:\/\/jornalfatosenoticias.com.br\/wp-content\/uploads\/2022\/04\/caatinga-bioma-jardim-botanico.jpg\" \/>\n\t<meta property=\"og:image:width\" content=\"1000\" \/>\n\t<meta property=\"og:image:height\" content=\"597\" \/>\n\t<meta property=\"og:image:type\" content=\"image\/jpeg\" \/>\n<meta name=\"author\" content=\"Luzimara Fernandes\" \/>\n<meta name=\"twitter:card\" content=\"summary_large_image\" \/>\n<meta name=\"twitter:label1\" content=\"Escrito por\" \/>\n\t<meta name=\"twitter:data1\" content=\"Luzimara Fernandes\" \/>\n\t<meta name=\"twitter:label2\" content=\"Est. tempo de leitura\" \/>\n\t<meta name=\"twitter:data2\" content=\"4 minutos\" \/>\n<script type=\"application\/ld+json\" class=\"yoast-schema-graph\">{\"@context\":\"https:\/\/schema.org\",\"@graph\":[{\"@type\":\"Article\",\"@id\":\"https:\/\/jornalfatosenoticias.com.br\/index.php\/2022\/04\/26\/jardim-botanico-do-rio-promove-semana-da-caatinga\/#article\",\"isPartOf\":{\"@id\":\"https:\/\/jornalfatosenoticias.com.br\/index.php\/2022\/04\/26\/jardim-botanico-do-rio-promove-semana-da-caatinga\/\"},\"author\":{\"name\":\"Luzimara Fernandes\",\"@id\":\"https:\/\/jornalfatosenoticias.com.br\/#\/schema\/person\/d63837fa13ac8666eb9e74e0985d6f81\"},\"headline\":\"Jardim Bot\u00e2nico do Rio promove Semana da Caatinga\",\"datePublished\":\"2022-04-26T16:29:06+00:00\",\"dateModified\":\"2022-04-26T16:29:10+00:00\",\"mainEntityOfPage\":{\"@id\":\"https:\/\/jornalfatosenoticias.com.br\/index.php\/2022\/04\/26\/jardim-botanico-do-rio-promove-semana-da-caatinga\/\"},\"wordCount\":808,\"commentCount\":0,\"publisher\":{\"@id\":\"https:\/\/jornalfatosenoticias.com.br\/#organization\"},\"image\":{\"@id\":\"https:\/\/jornalfatosenoticias.com.br\/index.php\/2022\/04\/26\/jardim-botanico-do-rio-promove-semana-da-caatinga\/#primaryimage\"},\"thumbnailUrl\":\"https:\/\/jornalfatosenoticias.com.br\/wp-content\/uploads\/2022\/04\/caatinga-bioma-jardim-botanico.jpg\",\"keywords\":[\"bioma\",\"conserva\u00e7\u00e3o\",\"Dia da Caatinga\",\"Jardim Bot\u00e2nico do Rio de Janeiro\",\"Semana da Caatinga\"],\"articleSection\":[\"Meio ambiente\"],\"inLanguage\":\"pt-BR\",\"potentialAction\":[{\"@type\":\"CommentAction\",\"name\":\"Comment\",\"target\":[\"https:\/\/jornalfatosenoticias.com.br\/index.php\/2022\/04\/26\/jardim-botanico-do-rio-promove-semana-da-caatinga\/#respond\"]}]},{\"@type\":\"WebPage\",\"@id\":\"https:\/\/jornalfatosenoticias.com.br\/index.php\/2022\/04\/26\/jardim-botanico-do-rio-promove-semana-da-caatinga\/\",\"url\":\"https:\/\/jornalfatosenoticias.com.br\/index.php\/2022\/04\/26\/jardim-botanico-do-rio-promove-semana-da-caatinga\/\",\"name\":\"Jardim Bot\u00e2nico do Rio promove Semana da Caatinga - Jornal Fatos e Not\u00edcias\",\"isPartOf\":{\"@id\":\"https:\/\/jornalfatosenoticias.com.br\/#website\"},\"primaryImageOfPage\":{\"@id\":\"https:\/\/jornalfatosenoticias.com.br\/index.php\/2022\/04\/26\/jardim-botanico-do-rio-promove-semana-da-caatinga\/#primaryimage\"},\"image\":{\"@id\":\"https:\/\/jornalfatosenoticias.com.br\/index.php\/2022\/04\/26\/jardim-botanico-do-rio-promove-semana-da-caatinga\/#primaryimage\"},\"thumbnailUrl\":\"https:\/\/jornalfatosenoticias.com.br\/wp-content\/uploads\/2022\/04\/caatinga-bioma-jardim-botanico.jpg\",\"datePublished\":\"2022-04-26T16:29:06+00:00\",\"dateModified\":\"2022-04-26T16:29:10+00:00\",\"breadcrumb\":{\"@id\":\"https:\/\/jornalfatosenoticias.com.br\/index.php\/2022\/04\/26\/jardim-botanico-do-rio-promove-semana-da-caatinga\/#breadcrumb\"},\"inLanguage\":\"pt-BR\",\"potentialAction\":[{\"@type\":\"ReadAction\",\"target\":[\"https:\/\/jornalfatosenoticias.com.br\/index.php\/2022\/04\/26\/jardim-botanico-do-rio-promove-semana-da-caatinga\/\"]}]},{\"@type\":\"ImageObject\",\"inLanguage\":\"pt-BR\",\"@id\":\"https:\/\/jornalfatosenoticias.com.br\/index.php\/2022\/04\/26\/jardim-botanico-do-rio-promove-semana-da-caatinga\/#primaryimage\",\"url\":\"https:\/\/jornalfatosenoticias.com.br\/wp-content\/uploads\/2022\/04\/caatinga-bioma-jardim-botanico.jpg\",\"contentUrl\":\"https:\/\/jornalfatosenoticias.com.br\/wp-content\/uploads\/2022\/04\/caatinga-bioma-jardim-botanico.jpg\",\"width\":1000,\"height\":597},{\"@type\":\"BreadcrumbList\",\"@id\":\"https:\/\/jornalfatosenoticias.com.br\/index.php\/2022\/04\/26\/jardim-botanico-do-rio-promove-semana-da-caatinga\/#breadcrumb\",\"itemListElement\":[{\"@type\":\"ListItem\",\"position\":1,\"name\":\"In\u00edcio\",\"item\":\"https:\/\/jornalfatosenoticias.com.br\/\"},{\"@type\":\"ListItem\",\"position\":2,\"name\":\"Jardim Bot\u00e2nico do Rio promove Semana da Caatinga\"}]},{\"@type\":\"WebSite\",\"@id\":\"https:\/\/jornalfatosenoticias.com.br\/#website\",\"url\":\"https:\/\/jornalfatosenoticias.com.br\/\",\"name\":\"Jornal Fatos e Not\u00edcias\",\"description\":\"Not\u00edcias em geral\",\"publisher\":{\"@id\":\"https:\/\/jornalfatosenoticias.com.br\/#organization\"},\"potentialAction\":[{\"@type\":\"SearchAction\",\"target\":{\"@type\":\"EntryPoint\",\"urlTemplate\":\"https:\/\/jornalfatosenoticias.com.br\/?s={search_term_string}\"},\"query-input\":{\"@type\":\"PropertyValueSpecification\",\"valueRequired\":true,\"valueName\":\"search_term_string\"}}],\"inLanguage\":\"pt-BR\"},{\"@type\":\"Organization\",\"@id\":\"https:\/\/jornalfatosenoticias.com.br\/#organization\",\"name\":\"Jornal Fatos e Not\u00edcias\",\"url\":\"https:\/\/jornalfatosenoticias.com.br\/\",\"logo\":{\"@type\":\"ImageObject\",\"inLanguage\":\"pt-BR\",\"@id\":\"https:\/\/jornalfatosenoticias.com.br\/#\/schema\/logo\/image\/\",\"url\":\"https:\/\/jornalfatosenoticias.com.br\/wp-content\/uploads\/2020\/02\/logo120.png\",\"contentUrl\":\"https:\/\/jornalfatosenoticias.com.br\/wp-content\/uploads\/2020\/02\/logo120.png\",\"width\":1227,\"height\":120,\"caption\":\"Jornal Fatos e Not\u00edcias\"},\"image\":{\"@id\":\"https:\/\/jornalfatosenoticias.com.br\/#\/schema\/logo\/image\/\"}},{\"@type\":\"Person\",\"@id\":\"https:\/\/jornalfatosenoticias.com.br\/#\/schema\/person\/d63837fa13ac8666eb9e74e0985d6f81\",\"name\":\"Luzimara Fernandes\",\"image\":{\"@type\":\"ImageObject\",\"inLanguage\":\"pt-BR\",\"@id\":\"https:\/\/jornalfatosenoticias.com.br\/#\/schema\/person\/image\/\",\"url\":\"https:\/\/jornalfatosenoticias.com.br\/wp-content\/uploads\/2025\/05\/EU_portal.jpg\",\"contentUrl\":\"https:\/\/jornalfatosenoticias.com.br\/wp-content\/uploads\/2025\/05\/EU_portal.jpg\",\"caption\":\"Luzimara Fernandes\"},\"description\":\"Jornalista MTB 2358-ES\",\"sameAs\":[\"https:\/\/jornalfatosenoticias.com.br\"],\"url\":\"https:\/\/jornalfatosenoticias.com.br\/index.php\/author\/luzimara\/\"}]}<\/script>\n<!-- \/ Yoast SEO plugin. -->","yoast_head_json":{"title":"Jardim Bot\u00e2nico do Rio promove Semana da Caatinga - Jornal Fatos e Not\u00edcias","robots":{"index":"index","follow":"follow","max-snippet":"max-snippet:-1","max-image-preview":"max-image-preview:large","max-video-preview":"max-video-preview:-1"},"canonical":"https:\/\/jornalfatosenoticias.com.br\/index.php\/2022\/04\/26\/jardim-botanico-do-rio-promove-semana-da-caatinga\/","og_locale":"pt_BR","og_type":"article","og_title":"Jardim Bot\u00e2nico do Rio promove Semana da Caatinga - Jornal Fatos e Not\u00edcias","og_description":"Bioma da Caatinga corresponde a 11% do territ\u00f3rio nacional Para celebrar o Dia da Caatinga, que se comemora no pr\u00f3ximo dia 28, o Jardim Bot\u00e2nico do Rio de Janeiro promove, at\u00e9 30 de abril, a Semana da Caatinga. O objetivo \u00e9 valorizar o bioma, no qual vivem 27 milh\u00f5es de brasileiros e que abriga grande [&hellip;]","og_url":"https:\/\/jornalfatosenoticias.com.br\/index.php\/2022\/04\/26\/jardim-botanico-do-rio-promove-semana-da-caatinga\/","og_site_name":"Jornal Fatos e Not\u00edcias","article_published_time":"2022-04-26T16:29:06+00:00","article_modified_time":"2022-04-26T16:29:10+00:00","og_image":[{"width":1000,"height":597,"url":"https:\/\/jornalfatosenoticias.com.br\/wp-content\/uploads\/2022\/04\/caatinga-bioma-jardim-botanico.jpg","type":"image\/jpeg"}],"author":"Luzimara Fernandes","twitter_card":"summary_large_image","twitter_misc":{"Escrito por":"Luzimara Fernandes","Est. tempo de leitura":"4 minutos"},"schema":{"@context":"https:\/\/schema.org","@graph":[{"@type":"Article","@id":"https:\/\/jornalfatosenoticias.com.br\/index.php\/2022\/04\/26\/jardim-botanico-do-rio-promove-semana-da-caatinga\/#article","isPartOf":{"@id":"https:\/\/jornalfatosenoticias.com.br\/index.php\/2022\/04\/26\/jardim-botanico-do-rio-promove-semana-da-caatinga\/"},"author":{"name":"Luzimara Fernandes","@id":"https:\/\/jornalfatosenoticias.com.br\/#\/schema\/person\/d63837fa13ac8666eb9e74e0985d6f81"},"headline":"Jardim Bot\u00e2nico do Rio promove Semana da Caatinga","datePublished":"2022-04-26T16:29:06+00:00","dateModified":"2022-04-26T16:29:10+00:00","mainEntityOfPage":{"@id":"https:\/\/jornalfatosenoticias.com.br\/index.php\/2022\/04\/26\/jardim-botanico-do-rio-promove-semana-da-caatinga\/"},"wordCount":808,"commentCount":0,"publisher":{"@id":"https:\/\/jornalfatosenoticias.com.br\/#organization"},"image":{"@id":"https:\/\/jornalfatosenoticias.com.br\/index.php\/2022\/04\/26\/jardim-botanico-do-rio-promove-semana-da-caatinga\/#primaryimage"},"thumbnailUrl":"https:\/\/jornalfatosenoticias.com.br\/wp-content\/uploads\/2022\/04\/caatinga-bioma-jardim-botanico.jpg","keywords":["bioma","conserva\u00e7\u00e3o","Dia da Caatinga","Jardim Bot\u00e2nico do Rio de Janeiro","Semana da Caatinga"],"articleSection":["Meio ambiente"],"inLanguage":"pt-BR","potentialAction":[{"@type":"CommentAction","name":"Comment","target":["https:\/\/jornalfatosenoticias.com.br\/index.php\/2022\/04\/26\/jardim-botanico-do-rio-promove-semana-da-caatinga\/#respond"]}]},{"@type":"WebPage","@id":"https:\/\/jornalfatosenoticias.com.br\/index.php\/2022\/04\/26\/jardim-botanico-do-rio-promove-semana-da-caatinga\/","url":"https:\/\/jornalfatosenoticias.com.br\/index.php\/2022\/04\/26\/jardim-botanico-do-rio-promove-semana-da-caatinga\/","name":"Jardim Bot\u00e2nico do Rio promove Semana da Caatinga - Jornal Fatos e Not\u00edcias","isPartOf":{"@id":"https:\/\/jornalfatosenoticias.com.br\/#website"},"primaryImageOfPage":{"@id":"https:\/\/jornalfatosenoticias.com.br\/index.php\/2022\/04\/26\/jardim-botanico-do-rio-promove-semana-da-caatinga\/#primaryimage"},"image":{"@id":"https:\/\/jornalfatosenoticias.com.br\/index.php\/2022\/04\/26\/jardim-botanico-do-rio-promove-semana-da-caatinga\/#primaryimage"},"thumbnailUrl":"https:\/\/jornalfatosenoticias.com.br\/wp-content\/uploads\/2022\/04\/caatinga-bioma-jardim-botanico.jpg","datePublished":"2022-04-26T16:29:06+00:00","dateModified":"2022-04-26T16:29:10+00:00","breadcrumb":{"@id":"https:\/\/jornalfatosenoticias.com.br\/index.php\/2022\/04\/26\/jardim-botanico-do-rio-promove-semana-da-caatinga\/#breadcrumb"},"inLanguage":"pt-BR","potentialAction":[{"@type":"ReadAction","target":["https:\/\/jornalfatosenoticias.com.br\/index.php\/2022\/04\/26\/jardim-botanico-do-rio-promove-semana-da-caatinga\/"]}]},{"@type":"ImageObject","inLanguage":"pt-BR","@id":"https:\/\/jornalfatosenoticias.com.br\/index.php\/2022\/04\/26\/jardim-botanico-do-rio-promove-semana-da-caatinga\/#primaryimage","url":"https:\/\/jornalfatosenoticias.com.br\/wp-content\/uploads\/2022\/04\/caatinga-bioma-jardim-botanico.jpg","contentUrl":"https:\/\/jornalfatosenoticias.com.br\/wp-content\/uploads\/2022\/04\/caatinga-bioma-jardim-botanico.jpg","width":1000,"height":597},{"@type":"BreadcrumbList","@id":"https:\/\/jornalfatosenoticias.com.br\/index.php\/2022\/04\/26\/jardim-botanico-do-rio-promove-semana-da-caatinga\/#breadcrumb","itemListElement":[{"@type":"ListItem","position":1,"name":"In\u00edcio","item":"https:\/\/jornalfatosenoticias.com.br\/"},{"@type":"ListItem","position":2,"name":"Jardim Bot\u00e2nico do Rio promove Semana da Caatinga"}]},{"@type":"WebSite","@id":"https:\/\/jornalfatosenoticias.com.br\/#website","url":"https:\/\/jornalfatosenoticias.com.br\/","name":"Jornal Fatos e Not\u00edcias","description":"Not\u00edcias em geral","publisher":{"@id":"https:\/\/jornalfatosenoticias.com.br\/#organization"},"potentialAction":[{"@type":"SearchAction","target":{"@type":"EntryPoint","urlTemplate":"https:\/\/jornalfatosenoticias.com.br\/?s={search_term_string}"},"query-input":{"@type":"PropertyValueSpecification","valueRequired":true,"valueName":"search_term_string"}}],"inLanguage":"pt-BR"},{"@type":"Organization","@id":"https:\/\/jornalfatosenoticias.com.br\/#organization","name":"Jornal Fatos e Not\u00edcias","url":"https:\/\/jornalfatosenoticias.com.br\/","logo":{"@type":"ImageObject","inLanguage":"pt-BR","@id":"https:\/\/jornalfatosenoticias.com.br\/#\/schema\/logo\/image\/","url":"https:\/\/jornalfatosenoticias.com.br\/wp-content\/uploads\/2020\/02\/logo120.png","contentUrl":"https:\/\/jornalfatosenoticias.com.br\/wp-content\/uploads\/2020\/02\/logo120.png","width":1227,"height":120,"caption":"Jornal Fatos e Not\u00edcias"},"image":{"@id":"https:\/\/jornalfatosenoticias.com.br\/#\/schema\/logo\/image\/"}},{"@type":"Person","@id":"https:\/\/jornalfatosenoticias.com.br\/#\/schema\/person\/d63837fa13ac8666eb9e74e0985d6f81","name":"Luzimara Fernandes","image":{"@type":"ImageObject","inLanguage":"pt-BR","@id":"https:\/\/jornalfatosenoticias.com.br\/#\/schema\/person\/image\/","url":"https:\/\/jornalfatosenoticias.com.br\/wp-content\/uploads\/2025\/05\/EU_portal.jpg","contentUrl":"https:\/\/jornalfatosenoticias.com.br\/wp-content\/uploads\/2025\/05\/EU_portal.jpg","caption":"Luzimara Fernandes"},"description":"Jornalista MTB 2358-ES","sameAs":["https:\/\/jornalfatosenoticias.com.br"],"url":"https:\/\/jornalfatosenoticias.com.br\/index.php\/author\/luzimara\/"}]}},"cc_featured_image_caption":{"caption_text":"(Foto: Marcelo Camargo\/Ag\u00eancia Brasil) ","source_text":"","source_url":""},"jetpack_featured_media_url":"https:\/\/jornalfatosenoticias.com.br\/wp-content\/uploads\/2022\/04\/caatinga-bioma-jardim-botanico.jpg","_links":{"self":[{"href":"https:\/\/jornalfatosenoticias.com.br\/index.php\/wp-json\/wp\/v2\/posts\/29818","targetHints":{"allow":["GET"]}}],"collection":[{"href":"https:\/\/jornalfatosenoticias.com.br\/index.php\/wp-json\/wp\/v2\/posts"}],"about":[{"href":"https:\/\/jornalfatosenoticias.com.br\/index.php\/wp-json\/wp\/v2\/types\/post"}],"author":[{"embeddable":true,"href":"https:\/\/jornalfatosenoticias.com.br\/index.php\/wp-json\/wp\/v2\/users\/2"}],"replies":[{"embeddable":true,"href":"https:\/\/jornalfatosenoticias.com.br\/index.php\/wp-json\/wp\/v2\/comments?post=29818"}],"version-history":[{"count":0,"href":"https:\/\/jornalfatosenoticias.com.br\/index.php\/wp-json\/wp\/v2\/posts\/29818\/revisions"}],"wp:featuredmedia":[{"embeddable":true,"href":"https:\/\/jornalfatosenoticias.com.br\/index.php\/wp-json\/wp\/v2\/media\/29819"}],"wp:attachment":[{"href":"https:\/\/jornalfatosenoticias.com.br\/index.php\/wp-json\/wp\/v2\/media?parent=29818"}],"wp:term":[{"taxonomy":"category","embeddable":true,"href":"https:\/\/jornalfatosenoticias.com.br\/index.php\/wp-json\/wp\/v2\/categories?post=29818"},{"taxonomy":"post_tag","embeddable":true,"href":"https:\/\/jornalfatosenoticias.com.br\/index.php\/wp-json\/wp\/v2\/tags?post=29818"}],"curies":[{"name":"wp","href":"https:\/\/api.w.org\/{rel}","templated":true}]}}