{"id":29828,"date":"2022-04-27T11:50:36","date_gmt":"2022-04-27T14:50:36","guid":{"rendered":"https:\/\/jornalfatosenoticias.com.br\/?p=29828"},"modified":"2022-04-27T11:50:38","modified_gmt":"2022-04-27T14:50:38","slug":"lancada-a-rota-turistica-via-liberdade","status":"publish","type":"post","link":"https:\/\/jornalfatosenoticias.com.br\/index.php\/2022\/04\/27\/lancada-a-rota-turistica-via-liberdade\/","title":{"rendered":"Lan\u00e7ada a rota tur\u00edstica Via Liberdade"},"content":{"rendered":"\n<p><em><span class=\"has-inline-color has-black-color\">Trajeto passa por Minas, Rio, Goi\u00e1s e Bras\u00edlia<\/span><\/em><\/p>\n\n\n\n<div class=\"wp-block-image\"><figure class=\"aligncenter size-large is-resized\"><img loading=\"lazy\" decoding=\"async\" src=\"https:\/\/jornalfatosenoticias.com.br\/wp-content\/uploads\/2022\/02\/Arte-Autoescola-Galatas_endereco_portal-1024x103.png\" alt=\"\" class=\"wp-image-27869\" width=\"378\" height=\"38\" srcset=\"https:\/\/jornalfatosenoticias.com.br\/wp-content\/uploads\/2022\/02\/Arte-Autoescola-Galatas_endereco_portal-1024x103.png 1024w, https:\/\/jornalfatosenoticias.com.br\/wp-content\/uploads\/2022\/02\/Arte-Autoescola-Galatas_endereco_portal-300x30.png 300w, https:\/\/jornalfatosenoticias.com.br\/wp-content\/uploads\/2022\/02\/Arte-Autoescola-Galatas_endereco_portal-768x77.png 768w, https:\/\/jornalfatosenoticias.com.br\/wp-content\/uploads\/2022\/02\/Arte-Autoescola-Galatas_endereco_portal.png 1223w\" sizes=\"auto, (max-width: 378px) 100vw, 378px\" \/><\/figure><\/div>\n\n\n\n<p>Foi oficializada nesta ter\u00e7a-feira (26) a rota tur\u00edstica Via Liberdade, trajeto que soma 1.190 quil\u00f4metros e passa pelos estados do Rio de Janeiro, de Minas Gerais, Goi\u00e1s e o Distrito Federal, tendo como refer\u00eancia a BR 040.<br>A Via Liberdade passa por mais de 300 cidades, envolvendo manifesta\u00e7\u00f5es culturais dos estados, como gastronomia, m\u00fasica, dan\u00e7a e acervos art\u00edsticos em museus e igrejas. A Via Liberdade nasce no Rio de Janeiro, na Avenida Brasil, e incorpora sete patrim\u00f4nios culturais da humanidade \u2014 o Cais do Valongo e o S\u00edtio Burle Marx, no Rio de Janeiro; Ouro Preto (Serra do Espinha\u00e7o), Congonhas e Pampulha, em Minas Gerais; o Caminho de Goi\u00e1s e Bras\u00edlia \u2014 al\u00e9m da Grande Sert\u00e3o Veredas e o Rio S\u00e3o Francisco.<\/p>\n\n\n\n<div class=\"wp-block-image\"><figure class=\"aligncenter size-large is-resized\"><img loading=\"lazy\" decoding=\"async\" src=\"https:\/\/jornalfatosenoticias.com.br\/wp-content\/uploads\/2022\/02\/Precisao-Contabilidade-1024x724.jpg\" alt=\"\" class=\"wp-image-28088\" width=\"252\" height=\"178\"\/><\/figure><\/div>\n\n\n\n<p>Na m\u00fasica, o trajeto passa por artistas hist\u00f3ricos como Chiquinha Gonzaga, Villa-Lobos, Clube da Esquina, m\u00fasica sertaneja e o rock de Bras\u00edlia. Segundo o governo de Minas Gerais, o lan\u00e7amento tomou como refer\u00eancia o centen\u00e1rio da Semana de Arte Moderna de 1922.<br>O governador de Minas Gerais, Romeu Zema, defendeu que a BR 040 seja conhecida em breve como Via Liberdade. \u201cEm S\u00e3o Paulo, temos a Via Anhanguera, Imigrantes, e por que n\u00e3o termos em Minas Gerais a Via Aleijadinho, a Via Tiradentes e a Via JK? Tenho certeza que ser\u00e1 melhor que n\u00fameros\u201d, defendeu.<br>O secret\u00e1rio de Cultura e Turismo de Minas Gerais, Le\u00f4nidas de Oliveira, destacou que a Via Liberdade \u201cd\u00e1 territorialidade\u201d \u00e0 outra rota, a Via Real. Ele ressaltou a import\u00e2ncia da rota para valorizar o projeto de na\u00e7\u00e3o representado no interior do Pa\u00eds.<\/p>\n\n\n\n<div class=\"wp-block-image\"><figure class=\"aligncenter size-large is-resized\"><img loading=\"lazy\" decoding=\"async\" src=\"https:\/\/jornalfatosenoticias.com.br\/wp-content\/uploads\/2020\/02\/Logo-Mizu-segunda-2-1024x99.png\" alt=\"\" class=\"wp-image-2353\" width=\"384\" height=\"37\" srcset=\"https:\/\/jornalfatosenoticias.com.br\/wp-content\/uploads\/2020\/02\/Logo-Mizu-segunda-2-1024x99.png 1024w, https:\/\/jornalfatosenoticias.com.br\/wp-content\/uploads\/2020\/02\/Logo-Mizu-segunda-2-300x29.png 300w, https:\/\/jornalfatosenoticias.com.br\/wp-content\/uploads\/2020\/02\/Logo-Mizu-segunda-2-768x74.png 768w, https:\/\/jornalfatosenoticias.com.br\/wp-content\/uploads\/2020\/02\/Logo-Mizu-segunda-2.png 1240w\" sizes=\"auto, (max-width: 384px) 100vw, 384px\" \/><\/figure><\/div>\n\n\n\n<p><em><strong>Fonte: <a href=\"https:\/\/agenciabrasil.ebc.com.br\/geral\/noticia\/2022-04\/lancada-rota-turistica-liberdade\">Ag\u00eancia Brasil<\/a><\/strong><\/em><\/p>\n","protected":false},"excerpt":{"rendered":"<p>Trajeto passa por Minas, Rio, Goi\u00e1s e Bras\u00edlia Foi oficializada nesta ter\u00e7a-feira (26) a rota tur\u00edstica Via Liberdade, trajeto que soma 1.190 quil\u00f4metros e passa pelos estados do Rio de Janeiro, de Minas Gerais, Goi\u00e1s e o Distrito Federal, tendo como refer\u00eancia a BR 040.A Via Liberdade passa por mais de 300 cidades, envolvendo manifesta\u00e7\u00f5es [&hellip;]<\/p>\n","protected":false},"author":2,"featured_media":29829,"comment_status":"open","ping_status":"open","sticky":false,"template":"","format":"standard","meta":{"footnotes":""},"categories":[746],"tags":[1865,6776,1924,289,8720,1853,14169],"class_list":["post-29828","post","type-post","status-publish","format-standard","has-post-thumbnail","hentry","category-turismo","tag-brasilia","tag-goias","tag-minas-gerais","tag-rio-de-janeiro","tag-rota-turistica","tag-turismo","tag-via-liberdade"],"yoast_head":"<!-- This site is optimized with the Yoast SEO plugin v26.5 - https:\/\/yoast.com\/wordpress\/plugins\/seo\/ -->\n<title>Lan\u00e7ada a rota tur\u00edstica Via Liberdade - Jornal Fatos e Not\u00edcias<\/title>\n<meta name=\"robots\" content=\"index, follow, max-snippet:-1, max-image-preview:large, max-video-preview:-1\" \/>\n<link rel=\"canonical\" href=\"https:\/\/jornalfatosenoticias.com.br\/index.php\/2022\/04\/27\/lancada-a-rota-turistica-via-liberdade\/\" \/>\n<meta property=\"og:locale\" content=\"pt_BR\" \/>\n<meta property=\"og:type\" content=\"article\" \/>\n<meta property=\"og:title\" content=\"Lan\u00e7ada a rota tur\u00edstica Via Liberdade - Jornal Fatos e Not\u00edcias\" \/>\n<meta property=\"og:description\" content=\"Trajeto passa por Minas, Rio, Goi\u00e1s e Bras\u00edlia Foi oficializada nesta ter\u00e7a-feira (26) a rota tur\u00edstica Via Liberdade, trajeto que soma 1.190 quil\u00f4metros e passa pelos estados do Rio de Janeiro, de Minas Gerais, Goi\u00e1s e o Distrito Federal, tendo como refer\u00eancia a BR 040.A Via Liberdade passa por mais de 300 cidades, envolvendo manifesta\u00e7\u00f5es [&hellip;]\" \/>\n<meta property=\"og:url\" content=\"https:\/\/jornalfatosenoticias.com.br\/index.php\/2022\/04\/27\/lancada-a-rota-turistica-via-liberdade\/\" \/>\n<meta property=\"og:site_name\" content=\"Jornal Fatos e Not\u00edcias\" \/>\n<meta property=\"article:published_time\" content=\"2022-04-27T14:50:36+00:00\" \/>\n<meta property=\"article:modified_time\" content=\"2022-04-27T14:50:38+00:00\" \/>\n<meta property=\"og:image\" content=\"https:\/\/jornalfatosenoticias.com.br\/wp-content\/uploads\/2022\/04\/rota-turistica-via-liberdade.jpg\" \/>\n\t<meta property=\"og:image:width\" content=\"1000\" \/>\n\t<meta property=\"og:image:height\" content=\"598\" \/>\n\t<meta property=\"og:image:type\" content=\"image\/jpeg\" \/>\n<meta name=\"author\" content=\"Luzimara Fernandes\" \/>\n<meta name=\"twitter:card\" content=\"summary_large_image\" \/>\n<meta name=\"twitter:label1\" content=\"Escrito por\" \/>\n\t<meta name=\"twitter:data1\" content=\"Luzimara Fernandes\" \/>\n\t<meta name=\"twitter:label2\" content=\"Est. tempo de leitura\" \/>\n\t<meta name=\"twitter:data2\" content=\"1 minuto\" \/>\n<script type=\"application\/ld+json\" class=\"yoast-schema-graph\">{\"@context\":\"https:\/\/schema.org\",\"@graph\":[{\"@type\":\"Article\",\"@id\":\"https:\/\/jornalfatosenoticias.com.br\/index.php\/2022\/04\/27\/lancada-a-rota-turistica-via-liberdade\/#article\",\"isPartOf\":{\"@id\":\"https:\/\/jornalfatosenoticias.com.br\/index.php\/2022\/04\/27\/lancada-a-rota-turistica-via-liberdade\/\"},\"author\":{\"name\":\"Luzimara Fernandes\",\"@id\":\"https:\/\/jornalfatosenoticias.com.br\/#\/schema\/person\/d63837fa13ac8666eb9e74e0985d6f81\"},\"headline\":\"Lan\u00e7ada a rota tur\u00edstica Via Liberdade\",\"datePublished\":\"2022-04-27T14:50:36+00:00\",\"dateModified\":\"2022-04-27T14:50:38+00:00\",\"mainEntityOfPage\":{\"@id\":\"https:\/\/jornalfatosenoticias.com.br\/index.php\/2022\/04\/27\/lancada-a-rota-turistica-via-liberdade\/\"},\"wordCount\":304,\"commentCount\":0,\"publisher\":{\"@id\":\"https:\/\/jornalfatosenoticias.com.br\/#organization\"},\"image\":{\"@id\":\"https:\/\/jornalfatosenoticias.com.br\/index.php\/2022\/04\/27\/lancada-a-rota-turistica-via-liberdade\/#primaryimage\"},\"thumbnailUrl\":\"https:\/\/jornalfatosenoticias.com.br\/wp-content\/uploads\/2022\/04\/rota-turistica-via-liberdade.jpg\",\"keywords\":[\"Bras\u00edlia\",\"Goi\u00e1s\",\"Minas Gerais\",\"Rio de Janeiro\",\"rota tur\u00edstica\",\"Turismo\",\"Via Liberdade\"],\"articleSection\":[\"Turismo\"],\"inLanguage\":\"pt-BR\",\"potentialAction\":[{\"@type\":\"CommentAction\",\"name\":\"Comment\",\"target\":[\"https:\/\/jornalfatosenoticias.com.br\/index.php\/2022\/04\/27\/lancada-a-rota-turistica-via-liberdade\/#respond\"]}]},{\"@type\":\"WebPage\",\"@id\":\"https:\/\/jornalfatosenoticias.com.br\/index.php\/2022\/04\/27\/lancada-a-rota-turistica-via-liberdade\/\",\"url\":\"https:\/\/jornalfatosenoticias.com.br\/index.php\/2022\/04\/27\/lancada-a-rota-turistica-via-liberdade\/\",\"name\":\"Lan\u00e7ada a rota tur\u00edstica Via Liberdade - Jornal Fatos e Not\u00edcias\",\"isPartOf\":{\"@id\":\"https:\/\/jornalfatosenoticias.com.br\/#website\"},\"primaryImageOfPage\":{\"@id\":\"https:\/\/jornalfatosenoticias.com.br\/index.php\/2022\/04\/27\/lancada-a-rota-turistica-via-liberdade\/#primaryimage\"},\"image\":{\"@id\":\"https:\/\/jornalfatosenoticias.com.br\/index.php\/2022\/04\/27\/lancada-a-rota-turistica-via-liberdade\/#primaryimage\"},\"thumbnailUrl\":\"https:\/\/jornalfatosenoticias.com.br\/wp-content\/uploads\/2022\/04\/rota-turistica-via-liberdade.jpg\",\"datePublished\":\"2022-04-27T14:50:36+00:00\",\"dateModified\":\"2022-04-27T14:50:38+00:00\",\"breadcrumb\":{\"@id\":\"https:\/\/jornalfatosenoticias.com.br\/index.php\/2022\/04\/27\/lancada-a-rota-turistica-via-liberdade\/#breadcrumb\"},\"inLanguage\":\"pt-BR\",\"potentialAction\":[{\"@type\":\"ReadAction\",\"target\":[\"https:\/\/jornalfatosenoticias.com.br\/index.php\/2022\/04\/27\/lancada-a-rota-turistica-via-liberdade\/\"]}]},{\"@type\":\"ImageObject\",\"inLanguage\":\"pt-BR\",\"@id\":\"https:\/\/jornalfatosenoticias.com.br\/index.php\/2022\/04\/27\/lancada-a-rota-turistica-via-liberdade\/#primaryimage\",\"url\":\"https:\/\/jornalfatosenoticias.com.br\/wp-content\/uploads\/2022\/04\/rota-turistica-via-liberdade.jpg\",\"contentUrl\":\"https:\/\/jornalfatosenoticias.com.br\/wp-content\/uploads\/2022\/04\/rota-turistica-via-liberdade.jpg\",\"width\":1000,\"height\":598,\"caption\":\"OURO PRETO \/ MINAS GERAIS \/ BRASIL (27.02.2018) Igreja Sao Francisco de Assis, em Ouro Preto. Foto: Pedro Vilela \/ Agencia i7\"},{\"@type\":\"BreadcrumbList\",\"@id\":\"https:\/\/jornalfatosenoticias.com.br\/index.php\/2022\/04\/27\/lancada-a-rota-turistica-via-liberdade\/#breadcrumb\",\"itemListElement\":[{\"@type\":\"ListItem\",\"position\":1,\"name\":\"In\u00edcio\",\"item\":\"https:\/\/jornalfatosenoticias.com.br\/\"},{\"@type\":\"ListItem\",\"position\":2,\"name\":\"Lan\u00e7ada a rota tur\u00edstica Via Liberdade\"}]},{\"@type\":\"WebSite\",\"@id\":\"https:\/\/jornalfatosenoticias.com.br\/#website\",\"url\":\"https:\/\/jornalfatosenoticias.com.br\/\",\"name\":\"Jornal Fatos e Not\u00edcias\",\"description\":\"Not\u00edcias em geral\",\"publisher\":{\"@id\":\"https:\/\/jornalfatosenoticias.com.br\/#organization\"},\"potentialAction\":[{\"@type\":\"SearchAction\",\"target\":{\"@type\":\"EntryPoint\",\"urlTemplate\":\"https:\/\/jornalfatosenoticias.com.br\/?s={search_term_string}\"},\"query-input\":{\"@type\":\"PropertyValueSpecification\",\"valueRequired\":true,\"valueName\":\"search_term_string\"}}],\"inLanguage\":\"pt-BR\"},{\"@type\":\"Organization\",\"@id\":\"https:\/\/jornalfatosenoticias.com.br\/#organization\",\"name\":\"Jornal Fatos e Not\u00edcias\",\"url\":\"https:\/\/jornalfatosenoticias.com.br\/\",\"logo\":{\"@type\":\"ImageObject\",\"inLanguage\":\"pt-BR\",\"@id\":\"https:\/\/jornalfatosenoticias.com.br\/#\/schema\/logo\/image\/\",\"url\":\"https:\/\/jornalfatosenoticias.com.br\/wp-content\/uploads\/2020\/02\/logo120.png\",\"contentUrl\":\"https:\/\/jornalfatosenoticias.com.br\/wp-content\/uploads\/2020\/02\/logo120.png\",\"width\":1227,\"height\":120,\"caption\":\"Jornal Fatos e Not\u00edcias\"},\"image\":{\"@id\":\"https:\/\/jornalfatosenoticias.com.br\/#\/schema\/logo\/image\/\"}},{\"@type\":\"Person\",\"@id\":\"https:\/\/jornalfatosenoticias.com.br\/#\/schema\/person\/d63837fa13ac8666eb9e74e0985d6f81\",\"name\":\"Luzimara Fernandes\",\"image\":{\"@type\":\"ImageObject\",\"inLanguage\":\"pt-BR\",\"@id\":\"https:\/\/jornalfatosenoticias.com.br\/#\/schema\/person\/image\/\",\"url\":\"https:\/\/jornalfatosenoticias.com.br\/wp-content\/uploads\/2025\/05\/EU_portal.jpg\",\"contentUrl\":\"https:\/\/jornalfatosenoticias.com.br\/wp-content\/uploads\/2025\/05\/EU_portal.jpg\",\"caption\":\"Luzimara Fernandes\"},\"description\":\"Jornalista MTB 2358-ES\",\"sameAs\":[\"https:\/\/jornalfatosenoticias.com.br\"],\"url\":\"https:\/\/jornalfatosenoticias.com.br\/index.php\/author\/luzimara\/\"}]}<\/script>\n<!-- \/ Yoast SEO plugin. -->","yoast_head_json":{"title":"Lan\u00e7ada a rota tur\u00edstica Via Liberdade - Jornal Fatos e Not\u00edcias","robots":{"index":"index","follow":"follow","max-snippet":"max-snippet:-1","max-image-preview":"max-image-preview:large","max-video-preview":"max-video-preview:-1"},"canonical":"https:\/\/jornalfatosenoticias.com.br\/index.php\/2022\/04\/27\/lancada-a-rota-turistica-via-liberdade\/","og_locale":"pt_BR","og_type":"article","og_title":"Lan\u00e7ada a rota tur\u00edstica Via Liberdade - Jornal Fatos e Not\u00edcias","og_description":"Trajeto passa por Minas, Rio, Goi\u00e1s e Bras\u00edlia Foi oficializada nesta ter\u00e7a-feira (26) a rota tur\u00edstica Via Liberdade, trajeto que soma 1.190 quil\u00f4metros e passa pelos estados do Rio de Janeiro, de Minas Gerais, Goi\u00e1s e o Distrito Federal, tendo como refer\u00eancia a BR 040.A Via Liberdade passa por mais de 300 cidades, envolvendo manifesta\u00e7\u00f5es [&hellip;]","og_url":"https:\/\/jornalfatosenoticias.com.br\/index.php\/2022\/04\/27\/lancada-a-rota-turistica-via-liberdade\/","og_site_name":"Jornal Fatos e Not\u00edcias","article_published_time":"2022-04-27T14:50:36+00:00","article_modified_time":"2022-04-27T14:50:38+00:00","og_image":[{"width":1000,"height":598,"url":"https:\/\/jornalfatosenoticias.com.br\/wp-content\/uploads\/2022\/04\/rota-turistica-via-liberdade.jpg","type":"image\/jpeg"}],"author":"Luzimara Fernandes","twitter_card":"summary_large_image","twitter_misc":{"Escrito por":"Luzimara Fernandes","Est. tempo de leitura":"1 minuto"},"schema":{"@context":"https:\/\/schema.org","@graph":[{"@type":"Article","@id":"https:\/\/jornalfatosenoticias.com.br\/index.php\/2022\/04\/27\/lancada-a-rota-turistica-via-liberdade\/#article","isPartOf":{"@id":"https:\/\/jornalfatosenoticias.com.br\/index.php\/2022\/04\/27\/lancada-a-rota-turistica-via-liberdade\/"},"author":{"name":"Luzimara Fernandes","@id":"https:\/\/jornalfatosenoticias.com.br\/#\/schema\/person\/d63837fa13ac8666eb9e74e0985d6f81"},"headline":"Lan\u00e7ada a rota tur\u00edstica Via Liberdade","datePublished":"2022-04-27T14:50:36+00:00","dateModified":"2022-04-27T14:50:38+00:00","mainEntityOfPage":{"@id":"https:\/\/jornalfatosenoticias.com.br\/index.php\/2022\/04\/27\/lancada-a-rota-turistica-via-liberdade\/"},"wordCount":304,"commentCount":0,"publisher":{"@id":"https:\/\/jornalfatosenoticias.com.br\/#organization"},"image":{"@id":"https:\/\/jornalfatosenoticias.com.br\/index.php\/2022\/04\/27\/lancada-a-rota-turistica-via-liberdade\/#primaryimage"},"thumbnailUrl":"https:\/\/jornalfatosenoticias.com.br\/wp-content\/uploads\/2022\/04\/rota-turistica-via-liberdade.jpg","keywords":["Bras\u00edlia","Goi\u00e1s","Minas Gerais","Rio de Janeiro","rota tur\u00edstica","Turismo","Via Liberdade"],"articleSection":["Turismo"],"inLanguage":"pt-BR","potentialAction":[{"@type":"CommentAction","name":"Comment","target":["https:\/\/jornalfatosenoticias.com.br\/index.php\/2022\/04\/27\/lancada-a-rota-turistica-via-liberdade\/#respond"]}]},{"@type":"WebPage","@id":"https:\/\/jornalfatosenoticias.com.br\/index.php\/2022\/04\/27\/lancada-a-rota-turistica-via-liberdade\/","url":"https:\/\/jornalfatosenoticias.com.br\/index.php\/2022\/04\/27\/lancada-a-rota-turistica-via-liberdade\/","name":"Lan\u00e7ada a rota tur\u00edstica Via Liberdade - Jornal Fatos e Not\u00edcias","isPartOf":{"@id":"https:\/\/jornalfatosenoticias.com.br\/#website"},"primaryImageOfPage":{"@id":"https:\/\/jornalfatosenoticias.com.br\/index.php\/2022\/04\/27\/lancada-a-rota-turistica-via-liberdade\/#primaryimage"},"image":{"@id":"https:\/\/jornalfatosenoticias.com.br\/index.php\/2022\/04\/27\/lancada-a-rota-turistica-via-liberdade\/#primaryimage"},"thumbnailUrl":"https:\/\/jornalfatosenoticias.com.br\/wp-content\/uploads\/2022\/04\/rota-turistica-via-liberdade.jpg","datePublished":"2022-04-27T14:50:36+00:00","dateModified":"2022-04-27T14:50:38+00:00","breadcrumb":{"@id":"https:\/\/jornalfatosenoticias.com.br\/index.php\/2022\/04\/27\/lancada-a-rota-turistica-via-liberdade\/#breadcrumb"},"inLanguage":"pt-BR","potentialAction":[{"@type":"ReadAction","target":["https:\/\/jornalfatosenoticias.com.br\/index.php\/2022\/04\/27\/lancada-a-rota-turistica-via-liberdade\/"]}]},{"@type":"ImageObject","inLanguage":"pt-BR","@id":"https:\/\/jornalfatosenoticias.com.br\/index.php\/2022\/04\/27\/lancada-a-rota-turistica-via-liberdade\/#primaryimage","url":"https:\/\/jornalfatosenoticias.com.br\/wp-content\/uploads\/2022\/04\/rota-turistica-via-liberdade.jpg","contentUrl":"https:\/\/jornalfatosenoticias.com.br\/wp-content\/uploads\/2022\/04\/rota-turistica-via-liberdade.jpg","width":1000,"height":598,"caption":"OURO PRETO \/ MINAS GERAIS \/ BRASIL (27.02.2018) Igreja Sao Francisco de Assis, em Ouro Preto. Foto: Pedro Vilela \/ Agencia i7"},{"@type":"BreadcrumbList","@id":"https:\/\/jornalfatosenoticias.com.br\/index.php\/2022\/04\/27\/lancada-a-rota-turistica-via-liberdade\/#breadcrumb","itemListElement":[{"@type":"ListItem","position":1,"name":"In\u00edcio","item":"https:\/\/jornalfatosenoticias.com.br\/"},{"@type":"ListItem","position":2,"name":"Lan\u00e7ada a rota tur\u00edstica Via Liberdade"}]},{"@type":"WebSite","@id":"https:\/\/jornalfatosenoticias.com.br\/#website","url":"https:\/\/jornalfatosenoticias.com.br\/","name":"Jornal Fatos e Not\u00edcias","description":"Not\u00edcias em geral","publisher":{"@id":"https:\/\/jornalfatosenoticias.com.br\/#organization"},"potentialAction":[{"@type":"SearchAction","target":{"@type":"EntryPoint","urlTemplate":"https:\/\/jornalfatosenoticias.com.br\/?s={search_term_string}"},"query-input":{"@type":"PropertyValueSpecification","valueRequired":true,"valueName":"search_term_string"}}],"inLanguage":"pt-BR"},{"@type":"Organization","@id":"https:\/\/jornalfatosenoticias.com.br\/#organization","name":"Jornal Fatos e Not\u00edcias","url":"https:\/\/jornalfatosenoticias.com.br\/","logo":{"@type":"ImageObject","inLanguage":"pt-BR","@id":"https:\/\/jornalfatosenoticias.com.br\/#\/schema\/logo\/image\/","url":"https:\/\/jornalfatosenoticias.com.br\/wp-content\/uploads\/2020\/02\/logo120.png","contentUrl":"https:\/\/jornalfatosenoticias.com.br\/wp-content\/uploads\/2020\/02\/logo120.png","width":1227,"height":120,"caption":"Jornal Fatos e Not\u00edcias"},"image":{"@id":"https:\/\/jornalfatosenoticias.com.br\/#\/schema\/logo\/image\/"}},{"@type":"Person","@id":"https:\/\/jornalfatosenoticias.com.br\/#\/schema\/person\/d63837fa13ac8666eb9e74e0985d6f81","name":"Luzimara Fernandes","image":{"@type":"ImageObject","inLanguage":"pt-BR","@id":"https:\/\/jornalfatosenoticias.com.br\/#\/schema\/person\/image\/","url":"https:\/\/jornalfatosenoticias.com.br\/wp-content\/uploads\/2025\/05\/EU_portal.jpg","contentUrl":"https:\/\/jornalfatosenoticias.com.br\/wp-content\/uploads\/2025\/05\/EU_portal.jpg","caption":"Luzimara Fernandes"},"description":"Jornalista MTB 2358-ES","sameAs":["https:\/\/jornalfatosenoticias.com.br"],"url":"https:\/\/jornalfatosenoticias.com.br\/index.php\/author\/luzimara\/"}]}},"cc_featured_image_caption":{"caption_text":"(Foto: Pedro Vilela\/MTur) ","source_text":"","source_url":""},"jetpack_featured_media_url":"https:\/\/jornalfatosenoticias.com.br\/wp-content\/uploads\/2022\/04\/rota-turistica-via-liberdade.jpg","_links":{"self":[{"href":"https:\/\/jornalfatosenoticias.com.br\/index.php\/wp-json\/wp\/v2\/posts\/29828","targetHints":{"allow":["GET"]}}],"collection":[{"href":"https:\/\/jornalfatosenoticias.com.br\/index.php\/wp-json\/wp\/v2\/posts"}],"about":[{"href":"https:\/\/jornalfatosenoticias.com.br\/index.php\/wp-json\/wp\/v2\/types\/post"}],"author":[{"embeddable":true,"href":"https:\/\/jornalfatosenoticias.com.br\/index.php\/wp-json\/wp\/v2\/users\/2"}],"replies":[{"embeddable":true,"href":"https:\/\/jornalfatosenoticias.com.br\/index.php\/wp-json\/wp\/v2\/comments?post=29828"}],"version-history":[{"count":0,"href":"https:\/\/jornalfatosenoticias.com.br\/index.php\/wp-json\/wp\/v2\/posts\/29828\/revisions"}],"wp:featuredmedia":[{"embeddable":true,"href":"https:\/\/jornalfatosenoticias.com.br\/index.php\/wp-json\/wp\/v2\/media\/29829"}],"wp:attachment":[{"href":"https:\/\/jornalfatosenoticias.com.br\/index.php\/wp-json\/wp\/v2\/media?parent=29828"}],"wp:term":[{"taxonomy":"category","embeddable":true,"href":"https:\/\/jornalfatosenoticias.com.br\/index.php\/wp-json\/wp\/v2\/categories?post=29828"},{"taxonomy":"post_tag","embeddable":true,"href":"https:\/\/jornalfatosenoticias.com.br\/index.php\/wp-json\/wp\/v2\/tags?post=29828"}],"curies":[{"name":"wp","href":"https:\/\/api.w.org\/{rel}","templated":true}]}}