{"id":29867,"date":"2022-04-27T15:50:37","date_gmt":"2022-04-27T18:50:37","guid":{"rendered":"https:\/\/jornalfatosenoticias.com.br\/?p=29867"},"modified":"2022-04-27T15:50:39","modified_gmt":"2022-04-27T18:50:39","slug":"reino-unido-agora-tera-aeroporto-para-drones-e-taxis-voadores","status":"publish","type":"post","link":"https:\/\/jornalfatosenoticias.com.br\/index.php\/2022\/04\/27\/reino-unido-agora-tera-aeroporto-para-drones-e-taxis-voadores\/","title":{"rendered":"Reino Unido agora ter\u00e1 aeroporto para drones e t\u00e1xis voadores"},"content":{"rendered":"\n<div class=\"wp-block-image\"><figure class=\"aligncenter size-large is-resized\"><img loading=\"lazy\" decoding=\"async\" src=\"https:\/\/jornalfatosenoticias.com.br\/wp-content\/uploads\/2020\/02\/banner_ferramentas-1024x100.jpg\" alt=\"\" class=\"wp-image-1258\" width=\"473\" height=\"45\" srcset=\"https:\/\/jornalfatosenoticias.com.br\/wp-content\/uploads\/2020\/02\/banner_ferramentas-1024x100.jpg 1024w, https:\/\/jornalfatosenoticias.com.br\/wp-content\/uploads\/2020\/02\/banner_ferramentas-300x29.jpg 300w, https:\/\/jornalfatosenoticias.com.br\/wp-content\/uploads\/2020\/02\/banner_ferramentas-768x75.jpg 768w, https:\/\/jornalfatosenoticias.com.br\/wp-content\/uploads\/2020\/02\/banner_ferramentas.jpg 1227w\" sizes=\"auto, (max-width: 473px) 100vw, 473px\" \/><\/figure><\/div>\n\n\n\n<p>Um porto urbano para drones de entrega \u2014 e para t\u00e1xis voadores no futuro \u2014 foi inaugurado, na segunda-feira (25), no Reino Unido, fazendo uma caixa de espumante subir pelos ares em um breve voo de teste. O Air-One, um &#8220;porto vertical&#8221; para drones e futuros ve\u00edculos el\u00e9tricos que decolem e aterrissem verticalmente, foi reivindicado como o primeiro de seu tipo por seus promotores, que anunciam uma nova era de transporte a\u00e9reo futur\u00edstico com baixa emiss\u00e3o de carbono.<br>A instala\u00e7\u00e3o, situada em uma antiga f\u00e1brica de autom\u00f3veis em Coventry, no centro da Inglaterra, servir\u00e1 durante um m\u00eas como uma vitrine para esta ind\u00fastria florescente. O voo inaugural levantou, simbolicamente, uma caixa com seis garrafas de espumante, de cerca de 12 kg, da plataforma de lan\u00e7amento.<\/p>\n\n\n\n<div class=\"wp-block-image\"><figure class=\"alignleft size-large is-resized\"><img loading=\"lazy\" decoding=\"async\" src=\"https:\/\/jornalfatosenoticias.com.br\/wp-content\/uploads\/2022\/02\/Serra-Pack-459.png\" alt=\"\" class=\"wp-image-27471\" width=\"328\" height=\"131\"\/><\/figure><\/div>\n\n\n\n<p>O drone comercial utilizado \u2014 um T150 da Malloy Aeronautics emprestado pelo ex\u00e9rcito brit\u00e2nico \u2014 \u00e9 o maior a voar em um ambiente urbano deste tipo, segundo Ricky Sandhu, fundador e presidente-executivo da Urban-Air Port, a empresa brit\u00e2nica respons\u00e1vel pelo projeto.<br>&#8220;Voc\u00eas est\u00e3o no primeiro porto vertical do mundo plenamente operacional&#8221;, disse Sandhu aos convidados no recinto. &#8220;Trata-se de um setor incipiente, certamente, mas que agora come\u00e7ar a ganhar velocidade de verdade&#8221;, acrescentou.<\/p>\n\n\n\n<div class=\"wp-block-image\"><figure class=\"aligncenter size-large is-resized\"><img loading=\"lazy\" decoding=\"async\" src=\"https:\/\/jornalfatosenoticias.com.br\/wp-content\/uploads\/2020\/02\/Logo-Mizu-segunda-2-1024x99.png\" alt=\"\" class=\"wp-image-2353\" width=\"457\" height=\"44\" srcset=\"https:\/\/jornalfatosenoticias.com.br\/wp-content\/uploads\/2020\/02\/Logo-Mizu-segunda-2-1024x99.png 1024w, https:\/\/jornalfatosenoticias.com.br\/wp-content\/uploads\/2020\/02\/Logo-Mizu-segunda-2-300x29.png 300w, https:\/\/jornalfatosenoticias.com.br\/wp-content\/uploads\/2020\/02\/Logo-Mizu-segunda-2-768x74.png 768w, https:\/\/jornalfatosenoticias.com.br\/wp-content\/uploads\/2020\/02\/Logo-Mizu-segunda-2.png 1240w\" sizes=\"auto, (max-width: 457px) 100vw, 457px\" \/><\/figure><\/div>\n\n\n\n<p><strong><span class=\"has-inline-color has-black-color\">Ecossistema<br><\/span><\/strong>A Urban-Air Port desenvolve infraestrutura terrestre para drones de entregas aut\u00f4nomos e t\u00e1xis a\u00e9reos cujo desenvolvimento est\u00e1 previsto para o fim desta d\u00e9cada, e passou o \u00faltimo ano preparando sua apresenta\u00e7\u00e3o em Coventry. A instala\u00e7\u00e3o tempor\u00e1ria do Air-One, perto da esta\u00e7\u00e3o ferrovi\u00e1ria da cidade, pretende mostrar como pode funcionar um centro integrado para esses aparelhos em um entorno urbano saturado. A empresa prev\u00ea realizar demonstra\u00e7\u00f5es similares em outros lugares do Reino Unido e do resto do planeta nos pr\u00f3ximos meses, e seu objetivo \u00e9 dispor de mais de 200 lugares deste tipo em todo o mundo. Os &#8220;portos verticais&#8221; foram desenhados para ser montados e desmontados com facilidade e utilizam c\u00e9lulas de combust\u00edvel de hidrog\u00eanio para &#8220;gerar zero emiss\u00f5es&#8221; de CO\u2082.<\/p>\n\n\n\n<div class=\"wp-block-image\"><figure class=\"aligncenter size-large is-resized\"><img loading=\"lazy\" decoding=\"async\" src=\"https:\/\/jornalfatosenoticias.com.br\/wp-content\/uploads\/2022\/02\/Arte-Autoescola-Galatas_endereco_portal-1024x103.png\" alt=\"\" class=\"wp-image-27869\" width=\"438\" height=\"44\" srcset=\"https:\/\/jornalfatosenoticias.com.br\/wp-content\/uploads\/2022\/02\/Arte-Autoescola-Galatas_endereco_portal-1024x103.png 1024w, https:\/\/jornalfatosenoticias.com.br\/wp-content\/uploads\/2022\/02\/Arte-Autoescola-Galatas_endereco_portal-300x30.png 300w, https:\/\/jornalfatosenoticias.com.br\/wp-content\/uploads\/2022\/02\/Arte-Autoescola-Galatas_endereco_portal-768x77.png 768w, https:\/\/jornalfatosenoticias.com.br\/wp-content\/uploads\/2022\/02\/Arte-Autoescola-Galatas_endereco_portal.png 1223w\" sizes=\"auto, (max-width: 438px) 100vw, 438px\" \/><\/figure><\/div>\n\n\n\n<p>A empresa afirma ter pedidos estimados em 65 milh\u00f5es de libras (83 milh\u00f5es de d\u00f3lares), com projetos previstos em Estados Unidos, Austr\u00e1lia, Fran\u00e7a, Alemanha, Escandin\u00e1via e sudeste asi\u00e1tico. Um dos s\u00f3cios do projeto \u00e9 a Supernal, filial americana da companhia automobil\u00edstica sul-coreana Hyundai que est\u00e1 desenvolvendo um conceito de ve\u00edculo el\u00e9trico voador aut\u00f4nomo para transportar passageiros.<\/p>\n\n\n\n<div class=\"wp-block-image\"><figure class=\"aligncenter size-large is-resized\"><img loading=\"lazy\" decoding=\"async\" src=\"https:\/\/jornalfatosenoticias.com.br\/wp-content\/uploads\/2022\/02\/Precisao-Contabilidade-1024x724.jpg\" alt=\"\" class=\"wp-image-28088\" width=\"270\" height=\"191\"\/><\/figure><\/div>\n\n\n\n<blockquote class=\"wp-block-quote is-layout-flow wp-block-quote-is-layout-flow\"><p><span class=\"has-inline-color has-luminous-vivid-orange-color\">&#8220;Estamos focados em construir o ecossistema que permita que esta nova tecnologia prospere&#8221;, contou \u00e0 AFP o diretor comercial da Supernal, Michael Whitaker. &#8220;Sem portos verticais, sem lugares onde aterrissar, n\u00e3o haver\u00e1 neg\u00f3cio&#8221;.<\/span><\/p><\/blockquote>\n\n\n\n<div class=\"wp-block-image\"><figure class=\"alignright size-large is-resized\"><img loading=\"lazy\" decoding=\"async\" src=\"https:\/\/jornalfatosenoticias.com.br\/wp-content\/uploads\/2022\/03\/logo-Suinco-1024x390.jpg\" alt=\"\" class=\"wp-image-28785\" width=\"309\" height=\"117\"\/><\/figure><\/div>\n\n\n\n<p>A Supernal quer que seu ve\u00edculo conceitual totalmente el\u00e9trico de oito rotores, que est\u00e1 em exposi\u00e7\u00e3o na Air-One, esteja certificado para 2024 antes de iniciar sua produ\u00e7\u00e3o em s\u00e9rie. &#8220;Veremos algumas opera\u00e7\u00f5es nesta d\u00e9cada, mas acredito que a d\u00e9cada de 2030 ser\u00e1 realmente a da mobilidade a\u00e9rea avan\u00e7ada e, a partir da\u00ed, come\u00e7ar\u00e1 a se propagar por todas as partes&#8221;, opina Whitaker.<\/p>\n\n\n\n<div class=\"wp-block-image\"><figure class=\"aligncenter size-large\"><img decoding=\"async\" src=\"https:\/\/jornalfatosenoticias.com.br\/wp-content\/uploads\/2020\/02\/logo_esteio.jpg\" alt=\"\" class=\"wp-image-1214\"\/><\/figure><\/div>\n\n\n\n<p><strong><em>Fonte: <a href=\"https:\/\/www.uol.com.br\/tilt\/noticias\/afp\/2022\/04\/25\/conheca-o-primeiro-aeroporto-para-drones-e-no-futuro-taxis-voadores.htm\">Tilt<\/a><\/em><\/strong><\/p>\n","protected":false},"excerpt":{"rendered":"<p>Um porto urbano para drones de entrega \u2014 e para t\u00e1xis voadores no futuro \u2014 foi inaugurado, na segunda-feira (25), no Reino Unido, fazendo uma caixa de espumante subir pelos ares em um breve voo de teste. O Air-One, um &#8220;porto vertical&#8221; para drones e futuros ve\u00edculos el\u00e9tricos que decolem e aterrissem verticalmente, foi reivindicado [&hellip;]<\/p>\n","protected":false},"author":2,"featured_media":29868,"comment_status":"open","ping_status":"open","sticky":false,"template":"","format":"standard","meta":{"footnotes":""},"categories":[9923,3],"tags":[14193,752,2834,13659],"class_list":["post-29867","post","type-post","status-publish","format-standard","has-post-thumbnail","hentry","category-mobilidade","category-tecnologia","tag-aeroporto-para-drones-e-taxis-voadores","tag-drones","tag-reino-unido","tag-taxis-voadores"],"yoast_head":"<!-- This site is optimized with the Yoast SEO plugin v26.5 - https:\/\/yoast.com\/wordpress\/plugins\/seo\/ -->\n<title>Reino Unido agora ter\u00e1 aeroporto para drones e t\u00e1xis voadores - Jornal Fatos e Not\u00edcias<\/title>\n<meta name=\"robots\" content=\"index, follow, max-snippet:-1, max-image-preview:large, max-video-preview:-1\" \/>\n<link rel=\"canonical\" href=\"https:\/\/jornalfatosenoticias.com.br\/index.php\/2022\/04\/27\/reino-unido-agora-tera-aeroporto-para-drones-e-taxis-voadores\/\" \/>\n<meta property=\"og:locale\" content=\"pt_BR\" \/>\n<meta property=\"og:type\" content=\"article\" \/>\n<meta property=\"og:title\" content=\"Reino Unido agora ter\u00e1 aeroporto para drones e t\u00e1xis voadores - Jornal Fatos e Not\u00edcias\" \/>\n<meta property=\"og:description\" content=\"Um porto urbano para drones de entrega \u2014 e para t\u00e1xis voadores no futuro \u2014 foi inaugurado, na segunda-feira (25), no Reino Unido, fazendo uma caixa de espumante subir pelos ares em um breve voo de teste. O Air-One, um &#8220;porto vertical&#8221; para drones e futuros ve\u00edculos el\u00e9tricos que decolem e aterrissem verticalmente, foi reivindicado [&hellip;]\" \/>\n<meta property=\"og:url\" content=\"https:\/\/jornalfatosenoticias.com.br\/index.php\/2022\/04\/27\/reino-unido-agora-tera-aeroporto-para-drones-e-taxis-voadores\/\" \/>\n<meta property=\"og:site_name\" content=\"Jornal Fatos e Not\u00edcias\" \/>\n<meta property=\"article:published_time\" content=\"2022-04-27T18:50:37+00:00\" \/>\n<meta property=\"article:modified_time\" content=\"2022-04-27T18:50:39+00:00\" \/>\n<meta property=\"og:image\" content=\"https:\/\/jornalfatosenoticias.com.br\/wp-content\/uploads\/2022\/04\/aeroporto-para-drones-e-taxis-voadores.jpg\" \/>\n\t<meta property=\"og:image:width\" content=\"1000\" \/>\n\t<meta property=\"og:image:height\" content=\"562\" \/>\n\t<meta property=\"og:image:type\" content=\"image\/jpeg\" \/>\n<meta name=\"author\" content=\"Luzimara Fernandes\" \/>\n<meta name=\"twitter:card\" content=\"summary_large_image\" \/>\n<meta name=\"twitter:label1\" content=\"Escrito por\" \/>\n\t<meta name=\"twitter:data1\" content=\"Luzimara Fernandes\" \/>\n\t<meta name=\"twitter:label2\" content=\"Est. tempo de leitura\" \/>\n\t<meta name=\"twitter:data2\" content=\"3 minutos\" \/>\n<script type=\"application\/ld+json\" class=\"yoast-schema-graph\">{\"@context\":\"https:\/\/schema.org\",\"@graph\":[{\"@type\":\"Article\",\"@id\":\"https:\/\/jornalfatosenoticias.com.br\/index.php\/2022\/04\/27\/reino-unido-agora-tera-aeroporto-para-drones-e-taxis-voadores\/#article\",\"isPartOf\":{\"@id\":\"https:\/\/jornalfatosenoticias.com.br\/index.php\/2022\/04\/27\/reino-unido-agora-tera-aeroporto-para-drones-e-taxis-voadores\/\"},\"author\":{\"name\":\"Luzimara Fernandes\",\"@id\":\"https:\/\/jornalfatosenoticias.com.br\/#\/schema\/person\/d63837fa13ac8666eb9e74e0985d6f81\"},\"headline\":\"Reino Unido agora ter\u00e1 aeroporto para drones e t\u00e1xis voadores\",\"datePublished\":\"2022-04-27T18:50:37+00:00\",\"dateModified\":\"2022-04-27T18:50:39+00:00\",\"mainEntityOfPage\":{\"@id\":\"https:\/\/jornalfatosenoticias.com.br\/index.php\/2022\/04\/27\/reino-unido-agora-tera-aeroporto-para-drones-e-taxis-voadores\/\"},\"wordCount\":528,\"commentCount\":0,\"publisher\":{\"@id\":\"https:\/\/jornalfatosenoticias.com.br\/#organization\"},\"image\":{\"@id\":\"https:\/\/jornalfatosenoticias.com.br\/index.php\/2022\/04\/27\/reino-unido-agora-tera-aeroporto-para-drones-e-taxis-voadores\/#primaryimage\"},\"thumbnailUrl\":\"https:\/\/jornalfatosenoticias.com.br\/wp-content\/uploads\/2022\/04\/aeroporto-para-drones-e-taxis-voadores.jpg\",\"keywords\":[\"aeroporto para drones e t\u00e1xis voadores\",\"drones\",\"Reino Unido\",\"t\u00e1xis voadores\"],\"articleSection\":[\"Mobilidade\",\"Tecnologia &amp; Inova\u00e7\u00e3o\"],\"inLanguage\":\"pt-BR\",\"potentialAction\":[{\"@type\":\"CommentAction\",\"name\":\"Comment\",\"target\":[\"https:\/\/jornalfatosenoticias.com.br\/index.php\/2022\/04\/27\/reino-unido-agora-tera-aeroporto-para-drones-e-taxis-voadores\/#respond\"]}]},{\"@type\":\"WebPage\",\"@id\":\"https:\/\/jornalfatosenoticias.com.br\/index.php\/2022\/04\/27\/reino-unido-agora-tera-aeroporto-para-drones-e-taxis-voadores\/\",\"url\":\"https:\/\/jornalfatosenoticias.com.br\/index.php\/2022\/04\/27\/reino-unido-agora-tera-aeroporto-para-drones-e-taxis-voadores\/\",\"name\":\"Reino Unido agora ter\u00e1 aeroporto para drones e t\u00e1xis voadores - Jornal Fatos e Not\u00edcias\",\"isPartOf\":{\"@id\":\"https:\/\/jornalfatosenoticias.com.br\/#website\"},\"primaryImageOfPage\":{\"@id\":\"https:\/\/jornalfatosenoticias.com.br\/index.php\/2022\/04\/27\/reino-unido-agora-tera-aeroporto-para-drones-e-taxis-voadores\/#primaryimage\"},\"image\":{\"@id\":\"https:\/\/jornalfatosenoticias.com.br\/index.php\/2022\/04\/27\/reino-unido-agora-tera-aeroporto-para-drones-e-taxis-voadores\/#primaryimage\"},\"thumbnailUrl\":\"https:\/\/jornalfatosenoticias.com.br\/wp-content\/uploads\/2022\/04\/aeroporto-para-drones-e-taxis-voadores.jpg\",\"datePublished\":\"2022-04-27T18:50:37+00:00\",\"dateModified\":\"2022-04-27T18:50:39+00:00\",\"breadcrumb\":{\"@id\":\"https:\/\/jornalfatosenoticias.com.br\/index.php\/2022\/04\/27\/reino-unido-agora-tera-aeroporto-para-drones-e-taxis-voadores\/#breadcrumb\"},\"inLanguage\":\"pt-BR\",\"potentialAction\":[{\"@type\":\"ReadAction\",\"target\":[\"https:\/\/jornalfatosenoticias.com.br\/index.php\/2022\/04\/27\/reino-unido-agora-tera-aeroporto-para-drones-e-taxis-voadores\/\"]}]},{\"@type\":\"ImageObject\",\"inLanguage\":\"pt-BR\",\"@id\":\"https:\/\/jornalfatosenoticias.com.br\/index.php\/2022\/04\/27\/reino-unido-agora-tera-aeroporto-para-drones-e-taxis-voadores\/#primaryimage\",\"url\":\"https:\/\/jornalfatosenoticias.com.br\/wp-content\/uploads\/2022\/04\/aeroporto-para-drones-e-taxis-voadores.jpg\",\"contentUrl\":\"https:\/\/jornalfatosenoticias.com.br\/wp-content\/uploads\/2022\/04\/aeroporto-para-drones-e-taxis-voadores.jpg\",\"width\":1000,\"height\":562},{\"@type\":\"BreadcrumbList\",\"@id\":\"https:\/\/jornalfatosenoticias.com.br\/index.php\/2022\/04\/27\/reino-unido-agora-tera-aeroporto-para-drones-e-taxis-voadores\/#breadcrumb\",\"itemListElement\":[{\"@type\":\"ListItem\",\"position\":1,\"name\":\"In\u00edcio\",\"item\":\"https:\/\/jornalfatosenoticias.com.br\/\"},{\"@type\":\"ListItem\",\"position\":2,\"name\":\"Reino Unido agora ter\u00e1 aeroporto para drones e t\u00e1xis voadores\"}]},{\"@type\":\"WebSite\",\"@id\":\"https:\/\/jornalfatosenoticias.com.br\/#website\",\"url\":\"https:\/\/jornalfatosenoticias.com.br\/\",\"name\":\"Jornal Fatos e Not\u00edcias\",\"description\":\"Not\u00edcias em geral\",\"publisher\":{\"@id\":\"https:\/\/jornalfatosenoticias.com.br\/#organization\"},\"potentialAction\":[{\"@type\":\"SearchAction\",\"target\":{\"@type\":\"EntryPoint\",\"urlTemplate\":\"https:\/\/jornalfatosenoticias.com.br\/?s={search_term_string}\"},\"query-input\":{\"@type\":\"PropertyValueSpecification\",\"valueRequired\":true,\"valueName\":\"search_term_string\"}}],\"inLanguage\":\"pt-BR\"},{\"@type\":\"Organization\",\"@id\":\"https:\/\/jornalfatosenoticias.com.br\/#organization\",\"name\":\"Jornal Fatos e Not\u00edcias\",\"url\":\"https:\/\/jornalfatosenoticias.com.br\/\",\"logo\":{\"@type\":\"ImageObject\",\"inLanguage\":\"pt-BR\",\"@id\":\"https:\/\/jornalfatosenoticias.com.br\/#\/schema\/logo\/image\/\",\"url\":\"https:\/\/jornalfatosenoticias.com.br\/wp-content\/uploads\/2020\/02\/logo120.png\",\"contentUrl\":\"https:\/\/jornalfatosenoticias.com.br\/wp-content\/uploads\/2020\/02\/logo120.png\",\"width\":1227,\"height\":120,\"caption\":\"Jornal Fatos e Not\u00edcias\"},\"image\":{\"@id\":\"https:\/\/jornalfatosenoticias.com.br\/#\/schema\/logo\/image\/\"}},{\"@type\":\"Person\",\"@id\":\"https:\/\/jornalfatosenoticias.com.br\/#\/schema\/person\/d63837fa13ac8666eb9e74e0985d6f81\",\"name\":\"Luzimara Fernandes\",\"image\":{\"@type\":\"ImageObject\",\"inLanguage\":\"pt-BR\",\"@id\":\"https:\/\/jornalfatosenoticias.com.br\/#\/schema\/person\/image\/\",\"url\":\"https:\/\/jornalfatosenoticias.com.br\/wp-content\/uploads\/2025\/05\/EU_portal.jpg\",\"contentUrl\":\"https:\/\/jornalfatosenoticias.com.br\/wp-content\/uploads\/2025\/05\/EU_portal.jpg\",\"caption\":\"Luzimara Fernandes\"},\"description\":\"Jornalista MTB 2358-ES\",\"sameAs\":[\"https:\/\/jornalfatosenoticias.com.br\"],\"url\":\"https:\/\/jornalfatosenoticias.com.br\/index.php\/author\/luzimara\/\"}]}<\/script>\n<!-- \/ Yoast SEO plugin. -->","yoast_head_json":{"title":"Reino Unido agora ter\u00e1 aeroporto para drones e t\u00e1xis voadores - Jornal Fatos e Not\u00edcias","robots":{"index":"index","follow":"follow","max-snippet":"max-snippet:-1","max-image-preview":"max-image-preview:large","max-video-preview":"max-video-preview:-1"},"canonical":"https:\/\/jornalfatosenoticias.com.br\/index.php\/2022\/04\/27\/reino-unido-agora-tera-aeroporto-para-drones-e-taxis-voadores\/","og_locale":"pt_BR","og_type":"article","og_title":"Reino Unido agora ter\u00e1 aeroporto para drones e t\u00e1xis voadores - Jornal Fatos e Not\u00edcias","og_description":"Um porto urbano para drones de entrega \u2014 e para t\u00e1xis voadores no futuro \u2014 foi inaugurado, na segunda-feira (25), no Reino Unido, fazendo uma caixa de espumante subir pelos ares em um breve voo de teste. O Air-One, um &#8220;porto vertical&#8221; para drones e futuros ve\u00edculos el\u00e9tricos que decolem e aterrissem verticalmente, foi reivindicado [&hellip;]","og_url":"https:\/\/jornalfatosenoticias.com.br\/index.php\/2022\/04\/27\/reino-unido-agora-tera-aeroporto-para-drones-e-taxis-voadores\/","og_site_name":"Jornal Fatos e Not\u00edcias","article_published_time":"2022-04-27T18:50:37+00:00","article_modified_time":"2022-04-27T18:50:39+00:00","og_image":[{"width":1000,"height":562,"url":"https:\/\/jornalfatosenoticias.com.br\/wp-content\/uploads\/2022\/04\/aeroporto-para-drones-e-taxis-voadores.jpg","type":"image\/jpeg"}],"author":"Luzimara Fernandes","twitter_card":"summary_large_image","twitter_misc":{"Escrito por":"Luzimara Fernandes","Est. tempo de leitura":"3 minutos"},"schema":{"@context":"https:\/\/schema.org","@graph":[{"@type":"Article","@id":"https:\/\/jornalfatosenoticias.com.br\/index.php\/2022\/04\/27\/reino-unido-agora-tera-aeroporto-para-drones-e-taxis-voadores\/#article","isPartOf":{"@id":"https:\/\/jornalfatosenoticias.com.br\/index.php\/2022\/04\/27\/reino-unido-agora-tera-aeroporto-para-drones-e-taxis-voadores\/"},"author":{"name":"Luzimara Fernandes","@id":"https:\/\/jornalfatosenoticias.com.br\/#\/schema\/person\/d63837fa13ac8666eb9e74e0985d6f81"},"headline":"Reino Unido agora ter\u00e1 aeroporto para drones e t\u00e1xis voadores","datePublished":"2022-04-27T18:50:37+00:00","dateModified":"2022-04-27T18:50:39+00:00","mainEntityOfPage":{"@id":"https:\/\/jornalfatosenoticias.com.br\/index.php\/2022\/04\/27\/reino-unido-agora-tera-aeroporto-para-drones-e-taxis-voadores\/"},"wordCount":528,"commentCount":0,"publisher":{"@id":"https:\/\/jornalfatosenoticias.com.br\/#organization"},"image":{"@id":"https:\/\/jornalfatosenoticias.com.br\/index.php\/2022\/04\/27\/reino-unido-agora-tera-aeroporto-para-drones-e-taxis-voadores\/#primaryimage"},"thumbnailUrl":"https:\/\/jornalfatosenoticias.com.br\/wp-content\/uploads\/2022\/04\/aeroporto-para-drones-e-taxis-voadores.jpg","keywords":["aeroporto para drones e t\u00e1xis voadores","drones","Reino Unido","t\u00e1xis voadores"],"articleSection":["Mobilidade","Tecnologia &amp; Inova\u00e7\u00e3o"],"inLanguage":"pt-BR","potentialAction":[{"@type":"CommentAction","name":"Comment","target":["https:\/\/jornalfatosenoticias.com.br\/index.php\/2022\/04\/27\/reino-unido-agora-tera-aeroporto-para-drones-e-taxis-voadores\/#respond"]}]},{"@type":"WebPage","@id":"https:\/\/jornalfatosenoticias.com.br\/index.php\/2022\/04\/27\/reino-unido-agora-tera-aeroporto-para-drones-e-taxis-voadores\/","url":"https:\/\/jornalfatosenoticias.com.br\/index.php\/2022\/04\/27\/reino-unido-agora-tera-aeroporto-para-drones-e-taxis-voadores\/","name":"Reino Unido agora ter\u00e1 aeroporto para drones e t\u00e1xis voadores - Jornal Fatos e Not\u00edcias","isPartOf":{"@id":"https:\/\/jornalfatosenoticias.com.br\/#website"},"primaryImageOfPage":{"@id":"https:\/\/jornalfatosenoticias.com.br\/index.php\/2022\/04\/27\/reino-unido-agora-tera-aeroporto-para-drones-e-taxis-voadores\/#primaryimage"},"image":{"@id":"https:\/\/jornalfatosenoticias.com.br\/index.php\/2022\/04\/27\/reino-unido-agora-tera-aeroporto-para-drones-e-taxis-voadores\/#primaryimage"},"thumbnailUrl":"https:\/\/jornalfatosenoticias.com.br\/wp-content\/uploads\/2022\/04\/aeroporto-para-drones-e-taxis-voadores.jpg","datePublished":"2022-04-27T18:50:37+00:00","dateModified":"2022-04-27T18:50:39+00:00","breadcrumb":{"@id":"https:\/\/jornalfatosenoticias.com.br\/index.php\/2022\/04\/27\/reino-unido-agora-tera-aeroporto-para-drones-e-taxis-voadores\/#breadcrumb"},"inLanguage":"pt-BR","potentialAction":[{"@type":"ReadAction","target":["https:\/\/jornalfatosenoticias.com.br\/index.php\/2022\/04\/27\/reino-unido-agora-tera-aeroporto-para-drones-e-taxis-voadores\/"]}]},{"@type":"ImageObject","inLanguage":"pt-BR","@id":"https:\/\/jornalfatosenoticias.com.br\/index.php\/2022\/04\/27\/reino-unido-agora-tera-aeroporto-para-drones-e-taxis-voadores\/#primaryimage","url":"https:\/\/jornalfatosenoticias.com.br\/wp-content\/uploads\/2022\/04\/aeroporto-para-drones-e-taxis-voadores.jpg","contentUrl":"https:\/\/jornalfatosenoticias.com.br\/wp-content\/uploads\/2022\/04\/aeroporto-para-drones-e-taxis-voadores.jpg","width":1000,"height":562},{"@type":"BreadcrumbList","@id":"https:\/\/jornalfatosenoticias.com.br\/index.php\/2022\/04\/27\/reino-unido-agora-tera-aeroporto-para-drones-e-taxis-voadores\/#breadcrumb","itemListElement":[{"@type":"ListItem","position":1,"name":"In\u00edcio","item":"https:\/\/jornalfatosenoticias.com.br\/"},{"@type":"ListItem","position":2,"name":"Reino Unido agora ter\u00e1 aeroporto para drones e t\u00e1xis voadores"}]},{"@type":"WebSite","@id":"https:\/\/jornalfatosenoticias.com.br\/#website","url":"https:\/\/jornalfatosenoticias.com.br\/","name":"Jornal Fatos e Not\u00edcias","description":"Not\u00edcias em geral","publisher":{"@id":"https:\/\/jornalfatosenoticias.com.br\/#organization"},"potentialAction":[{"@type":"SearchAction","target":{"@type":"EntryPoint","urlTemplate":"https:\/\/jornalfatosenoticias.com.br\/?s={search_term_string}"},"query-input":{"@type":"PropertyValueSpecification","valueRequired":true,"valueName":"search_term_string"}}],"inLanguage":"pt-BR"},{"@type":"Organization","@id":"https:\/\/jornalfatosenoticias.com.br\/#organization","name":"Jornal Fatos e Not\u00edcias","url":"https:\/\/jornalfatosenoticias.com.br\/","logo":{"@type":"ImageObject","inLanguage":"pt-BR","@id":"https:\/\/jornalfatosenoticias.com.br\/#\/schema\/logo\/image\/","url":"https:\/\/jornalfatosenoticias.com.br\/wp-content\/uploads\/2020\/02\/logo120.png","contentUrl":"https:\/\/jornalfatosenoticias.com.br\/wp-content\/uploads\/2020\/02\/logo120.png","width":1227,"height":120,"caption":"Jornal Fatos e Not\u00edcias"},"image":{"@id":"https:\/\/jornalfatosenoticias.com.br\/#\/schema\/logo\/image\/"}},{"@type":"Person","@id":"https:\/\/jornalfatosenoticias.com.br\/#\/schema\/person\/d63837fa13ac8666eb9e74e0985d6f81","name":"Luzimara Fernandes","image":{"@type":"ImageObject","inLanguage":"pt-BR","@id":"https:\/\/jornalfatosenoticias.com.br\/#\/schema\/person\/image\/","url":"https:\/\/jornalfatosenoticias.com.br\/wp-content\/uploads\/2025\/05\/EU_portal.jpg","contentUrl":"https:\/\/jornalfatosenoticias.com.br\/wp-content\/uploads\/2025\/05\/EU_portal.jpg","caption":"Luzimara Fernandes"},"description":"Jornalista MTB 2358-ES","sameAs":["https:\/\/jornalfatosenoticias.com.br"],"url":"https:\/\/jornalfatosenoticias.com.br\/index.php\/author\/luzimara\/"}]}},"cc_featured_image_caption":{"caption_text":"(Foto: Reprodu\u00e7\u00e3o) ","source_text":"","source_url":""},"jetpack_featured_media_url":"https:\/\/jornalfatosenoticias.com.br\/wp-content\/uploads\/2022\/04\/aeroporto-para-drones-e-taxis-voadores.jpg","_links":{"self":[{"href":"https:\/\/jornalfatosenoticias.com.br\/index.php\/wp-json\/wp\/v2\/posts\/29867","targetHints":{"allow":["GET"]}}],"collection":[{"href":"https:\/\/jornalfatosenoticias.com.br\/index.php\/wp-json\/wp\/v2\/posts"}],"about":[{"href":"https:\/\/jornalfatosenoticias.com.br\/index.php\/wp-json\/wp\/v2\/types\/post"}],"author":[{"embeddable":true,"href":"https:\/\/jornalfatosenoticias.com.br\/index.php\/wp-json\/wp\/v2\/users\/2"}],"replies":[{"embeddable":true,"href":"https:\/\/jornalfatosenoticias.com.br\/index.php\/wp-json\/wp\/v2\/comments?post=29867"}],"version-history":[{"count":0,"href":"https:\/\/jornalfatosenoticias.com.br\/index.php\/wp-json\/wp\/v2\/posts\/29867\/revisions"}],"wp:featuredmedia":[{"embeddable":true,"href":"https:\/\/jornalfatosenoticias.com.br\/index.php\/wp-json\/wp\/v2\/media\/29868"}],"wp:attachment":[{"href":"https:\/\/jornalfatosenoticias.com.br\/index.php\/wp-json\/wp\/v2\/media?parent=29867"}],"wp:term":[{"taxonomy":"category","embeddable":true,"href":"https:\/\/jornalfatosenoticias.com.br\/index.php\/wp-json\/wp\/v2\/categories?post=29867"},{"taxonomy":"post_tag","embeddable":true,"href":"https:\/\/jornalfatosenoticias.com.br\/index.php\/wp-json\/wp\/v2\/tags?post=29867"}],"curies":[{"name":"wp","href":"https:\/\/api.w.org\/{rel}","templated":true}]}}