{"id":29874,"date":"2022-04-28T12:41:13","date_gmt":"2022-04-28T15:41:13","guid":{"rendered":"https:\/\/jornalfatosenoticias.com.br\/?p=29874"},"modified":"2022-04-28T12:41:14","modified_gmt":"2022-04-28T15:41:14","slug":"futuro-presidente-da-camara-de-fundao-fala-como-anda-o-municipio","status":"publish","type":"post","link":"https:\/\/jornalfatosenoticias.com.br\/index.php\/2022\/04\/28\/futuro-presidente-da-camara-de-fundao-fala-como-anda-o-municipio\/","title":{"rendered":"Futuro presidente da C\u00e2mara de Fund\u00e3o fala como anda o munic\u00edpio"},"content":{"rendered":"\n<p><em><span class=\"has-inline-color has-black-color\">\u201cO munic\u00edpio oferece pouco incentivo para a iniciativa privada. Carecemos de uma \u00e1rea industrial com infraestrutura e incentivos, pois, s\u00f3 assim, os empreendedores olhar\u00e3o Fund\u00e3o com outros olhos\u201d<\/span><\/em><\/p>\n\n\n\n<div class=\"wp-block-image\"><figure class=\"aligncenter size-large is-resized\"><img loading=\"lazy\" decoding=\"async\" src=\"https:\/\/jornalfatosenoticias.com.br\/wp-content\/uploads\/2020\/02\/Serra-Grande-1024x160.png\" alt=\"\" class=\"wp-image-7836\" width=\"410\" height=\"64\"\/><\/figure><\/div>\n\n\n\n<p>O vereador Paulinho Cole (Cidadania-Fund\u00e3o), em um bate-papo nesta ter\u00e7a-feira (26), na C\u00e2mara, com o jornalista Haroldo Filho, falou sobre a postura da nova diretoria, eleita para o bi\u00eanio 2023\/2024 e, de forma sucinta, sobre os servi\u00e7os essenciais do poder p\u00fablico municipal.<br>Para Cole, o vereador Sandro Lima (PSD), atual presidente, vem conduzindo bem a casa de leis, \u201co atual presidente vem fazendo o que pode fazer, mas, como tudo na vida, a mudan\u00e7a \u00e9 necess\u00e1ria e, por isso, surgiu um novo grupo. A elei\u00e7\u00e3o foi apertada, mas sa\u00edmos vitoriosos, tomaremos posse em primeiro de janeiro. Vamos sentar com o grupo para definir as diretrizes, mesmo por que, entendo que presidente n\u00e3o faz nada sozinho. Vamos procurar fazer o melhor para a popula\u00e7\u00e3o de Fund\u00e3o\u201d, esclarece o vereador.<\/p>\n\n\n\n<div class=\"wp-block-image\"><figure class=\"alignleft size-large is-resized\"><img loading=\"lazy\" decoding=\"async\" src=\"https:\/\/jornalfatosenoticias.com.br\/wp-content\/uploads\/2020\/02\/nova-logo-Marquetti.jpg\" alt=\"\" class=\"wp-image-22331\" width=\"282\" height=\"190\" srcset=\"https:\/\/jornalfatosenoticias.com.br\/wp-content\/uploads\/2020\/02\/nova-logo-Marquetti.jpg 643w, https:\/\/jornalfatosenoticias.com.br\/wp-content\/uploads\/2020\/02\/nova-logo-Marquetti-300x202.jpg 300w\" sizes=\"auto, (max-width: 282px) 100vw, 282px\" \/><\/figure><\/div>\n\n\n\n<p>Cole fez quest\u00e3o de dizer que o munic\u00edpio precisa de projetos econ\u00f4micos mais audaciosos para mudar de patamar, pois riquezas naturais tem para ser mais desenvolvido. \u201cO munic\u00edpio oferece pouco incentivo para a iniciativa privada. Carecemos de uma \u00e1rea industrial com infraestrutura e incentivos, pois, s\u00f3 assim, os empreendedores olhar\u00e3o Fund\u00e3o com outros olhos. A \u00e1rea que vai da sede municipal at\u00e9 Praia Grande oferece boas oportunidades para um projeto de grande porte, porque, al\u00e9m de uma estrada completamente asfaltada, temos tamb\u00e9m rio, litoral, ferrovia e uma rodovia federal (BR-101) cortando o munic\u00edpio e tudo isso agrega valores\u201d, sugeriu o vereador.<br>Cole fez quest\u00e3o ainda de dizer que os servi\u00e7os b\u00e1sicos est\u00e3o sendo executados e que, de acordo o gestor municipal, a prefeitura tem dinheiro em caixa para fazer obras, mas que n\u00e3o saberia precisar o valor. <\/p>\n\n\n\n<div class=\"wp-block-image\"><figure class=\"aligncenter size-large\"><img loading=\"lazy\" decoding=\"async\" width=\"300\" height=\"250\" src=\"https:\/\/jornalfatosenoticias.com.br\/wp-content\/uploads\/2022\/02\/Banner-2.png\" alt=\"\" class=\"wp-image-27877\"\/><\/figure><\/div>\n\n\n\n<figure class=\"wp-block-image size-large\"><img loading=\"lazy\" decoding=\"async\" width=\"1000\" height=\"666\" src=\"https:\/\/jornalfatosenoticias.com.br\/wp-content\/uploads\/2022\/04\/Cafe.jpeg\" alt=\"\" class=\"wp-image-29875\" srcset=\"https:\/\/jornalfatosenoticias.com.br\/wp-content\/uploads\/2022\/04\/Cafe.jpeg 1000w, https:\/\/jornalfatosenoticias.com.br\/wp-content\/uploads\/2022\/04\/Cafe-300x200.jpeg 300w, https:\/\/jornalfatosenoticias.com.br\/wp-content\/uploads\/2022\/04\/Cafe-768x511.jpeg 768w\" sizes=\"auto, (max-width: 1000px) 100vw, 1000px\" \/><figcaption><em><span class=\"has-inline-color has-black-color\">Fund\u00e3o \u00e9 um grande produtor de caf\u00e9 (Foto: Governo Federal)<\/span><\/em><\/figcaption><\/figure>\n\n\n\n<blockquote class=\"wp-block-quote is-layout-flow wp-block-quote-is-layout-flow\"><p><span class=\"has-inline-color has-luminous-vivid-orange-color\">\u201cSegundo informa\u00e7\u00f5es, a prefeitura tem dinheiro em caixa para os servi\u00e7os de praxe como ilumina\u00e7\u00e3o p\u00fablica, limpeza e coleta do lixo, que est\u00e3o sendo feitos. Mas chamo aten\u00e7\u00e3o para a educa\u00e7\u00e3o do munic\u00edpio, nossas escolas s\u00e3o pr\u00e9dios (estruturas) antigos, o munic\u00edpio tem a obriga\u00e7\u00e3o de se atentar para essa quest\u00e3o porque estamos falando do futuro. Sou membro da Comiss\u00e3o da Agricultura e n\u00e3o posso deixar de alertar ao Executivo que iniciamos o per\u00edodo da colheita do caf\u00e9, e as mais de 900 propriedades produtoras v\u00e3o precisar de estradas com boas condi\u00e7\u00f5es para escoar suas produ\u00e7\u00f5es\u201d, alerta.<\/span><\/p><\/blockquote>\n\n\n\n<div class=\"wp-block-image\"><figure class=\"aligncenter size-large is-resized\"><img loading=\"lazy\" decoding=\"async\" src=\"https:\/\/jornalfatosenoticias.com.br\/wp-content\/uploads\/2022\/02\/Precisao-Contabilidade-1024x724.jpg\" alt=\"\" class=\"wp-image-28088\" width=\"252\" height=\"178\"\/><\/figure><\/div>\n\n\n\n<p>Quanto ao projeto de reestrutura\u00e7\u00e3o administrativa que est\u00e1 na Casa para ser aprovado, Paulinho afirmou que est\u00e1 sendo avaliado pelas comiss\u00f5es. <\/p>\n\n\n\n<blockquote class=\"wp-block-quote is-layout-flow wp-block-quote-is-layout-flow\"><p><span class=\"has-inline-color has-luminous-vivid-orange-color\">\u201cO projeto est\u00e1 nas comiss\u00f5es \u00e9 um projeto grande e precisa de estudo e algumas propostas achamos desnecess\u00e1rias, como a cria\u00e7\u00e3o de oitenta e cinco cargos comissionados, mas a cria\u00e7\u00e3o da secretaria de Meio Ambiente, achamos positivo. Por isso, entendo que, precisamos discutir mais e o Executivo n\u00e3o pode querer que um projeto com essa envergadura seja aprovado na \u00edntegra, sem emendas, \u00e9 imposs\u00edvel\u201d, finalizou.<\/span><\/p><\/blockquote>\n\n\n\n<div class=\"wp-block-image\"><figure class=\"aligncenter size-large is-resized\"><img loading=\"lazy\" decoding=\"async\" src=\"https:\/\/jornalfatosenoticias.com.br\/wp-content\/uploads\/2020\/02\/banner_ferramentas-1024x100.jpg\" alt=\"\" class=\"wp-image-1258\" width=\"450\" height=\"43\" srcset=\"https:\/\/jornalfatosenoticias.com.br\/wp-content\/uploads\/2020\/02\/banner_ferramentas-1024x100.jpg 1024w, https:\/\/jornalfatosenoticias.com.br\/wp-content\/uploads\/2020\/02\/banner_ferramentas-300x29.jpg 300w, https:\/\/jornalfatosenoticias.com.br\/wp-content\/uploads\/2020\/02\/banner_ferramentas-768x75.jpg 768w, https:\/\/jornalfatosenoticias.com.br\/wp-content\/uploads\/2020\/02\/banner_ferramentas.jpg 1227w\" sizes=\"auto, (max-width: 450px) 100vw, 450px\" \/><\/figure><\/div>\n","protected":false},"excerpt":{"rendered":"<p>\u201cO munic\u00edpio oferece pouco incentivo para a iniciativa privada. Carecemos de uma \u00e1rea industrial com infraestrutura e incentivos, pois, s\u00f3 assim, os empreendedores olhar\u00e3o Fund\u00e3o com outros olhos\u201d O vereador Paulinho Cole (Cidadania-Fund\u00e3o), em um bate-papo nesta ter\u00e7a-feira (26), na C\u00e2mara, com o jornalista Haroldo Filho, falou sobre a postura da nova diretoria, eleita para [&hellip;]<\/p>\n","protected":false},"author":3,"featured_media":29877,"comment_status":"open","ping_status":"open","sticky":false,"template":"","format":"standard","meta":{"footnotes":""},"categories":[10],"tags":[14199,560,10488,14201,14200],"class_list":["post-29874","post","type-post","status-publish","format-standard","has-post-thumbnail","hentry","category-politica","tag-camara-de-fundao","tag-fundao","tag-obras-de-infraestrutura","tag-paulinho-cole","tag-presidente-da-camara"],"yoast_head":"<!-- This site is optimized with the Yoast SEO plugin v26.5 - https:\/\/yoast.com\/wordpress\/plugins\/seo\/ -->\n<title>Futuro presidente da C\u00e2mara de Fund\u00e3o fala como anda o munic\u00edpio - Jornal Fatos e Not\u00edcias<\/title>\n<meta name=\"robots\" content=\"index, follow, max-snippet:-1, max-image-preview:large, max-video-preview:-1\" \/>\n<link rel=\"canonical\" href=\"https:\/\/jornalfatosenoticias.com.br\/index.php\/2022\/04\/28\/futuro-presidente-da-camara-de-fundao-fala-como-anda-o-municipio\/\" \/>\n<meta property=\"og:locale\" content=\"pt_BR\" \/>\n<meta property=\"og:type\" content=\"article\" \/>\n<meta property=\"og:title\" content=\"Futuro presidente da C\u00e2mara de Fund\u00e3o fala como anda o munic\u00edpio - Jornal Fatos e Not\u00edcias\" \/>\n<meta property=\"og:description\" content=\"\u201cO munic\u00edpio oferece pouco incentivo para a iniciativa privada. Carecemos de uma \u00e1rea industrial com infraestrutura e incentivos, pois, s\u00f3 assim, os empreendedores olhar\u00e3o Fund\u00e3o com outros olhos\u201d O vereador Paulinho Cole (Cidadania-Fund\u00e3o), em um bate-papo nesta ter\u00e7a-feira (26), na C\u00e2mara, com o jornalista Haroldo Filho, falou sobre a postura da nova diretoria, eleita para [&hellip;]\" \/>\n<meta property=\"og:url\" content=\"https:\/\/jornalfatosenoticias.com.br\/index.php\/2022\/04\/28\/futuro-presidente-da-camara-de-fundao-fala-como-anda-o-municipio\/\" \/>\n<meta property=\"og:site_name\" content=\"Jornal Fatos e Not\u00edcias\" \/>\n<meta property=\"article:published_time\" content=\"2022-04-28T15:41:13+00:00\" \/>\n<meta property=\"article:modified_time\" content=\"2022-04-28T15:41:14+00:00\" \/>\n<meta property=\"og:image\" content=\"https:\/\/jornalfatosenoticias.com.br\/wp-content\/uploads\/2022\/04\/Paulinho-Cole_corte.jpg\" \/>\n\t<meta property=\"og:image:width\" content=\"1000\" \/>\n\t<meta property=\"og:image:height\" content=\"801\" \/>\n\t<meta property=\"og:image:type\" content=\"image\/jpeg\" \/>\n<meta name=\"author\" content=\"Haroldo Filho\" \/>\n<meta name=\"twitter:card\" content=\"summary_large_image\" \/>\n<meta name=\"twitter:label1\" content=\"Escrito por\" \/>\n\t<meta name=\"twitter:data1\" content=\"Haroldo Filho\" \/>\n\t<meta name=\"twitter:label2\" content=\"Est. tempo de leitura\" \/>\n\t<meta name=\"twitter:data2\" content=\"3 minutos\" \/>\n<script type=\"application\/ld+json\" class=\"yoast-schema-graph\">{\"@context\":\"https:\/\/schema.org\",\"@graph\":[{\"@type\":\"Article\",\"@id\":\"https:\/\/jornalfatosenoticias.com.br\/index.php\/2022\/04\/28\/futuro-presidente-da-camara-de-fundao-fala-como-anda-o-municipio\/#article\",\"isPartOf\":{\"@id\":\"https:\/\/jornalfatosenoticias.com.br\/index.php\/2022\/04\/28\/futuro-presidente-da-camara-de-fundao-fala-como-anda-o-municipio\/\"},\"author\":{\"name\":\"Haroldo Filho\",\"@id\":\"https:\/\/jornalfatosenoticias.com.br\/#\/schema\/person\/05c46cc25b42a5c27e004fb0fa6b4965\"},\"headline\":\"Futuro presidente da C\u00e2mara de Fund\u00e3o fala como anda o munic\u00edpio\",\"datePublished\":\"2022-04-28T15:41:13+00:00\",\"dateModified\":\"2022-04-28T15:41:14+00:00\",\"mainEntityOfPage\":{\"@id\":\"https:\/\/jornalfatosenoticias.com.br\/index.php\/2022\/04\/28\/futuro-presidente-da-camara-de-fundao-fala-como-anda-o-municipio\/\"},\"wordCount\":550,\"commentCount\":0,\"publisher\":{\"@id\":\"https:\/\/jornalfatosenoticias.com.br\/#organization\"},\"image\":{\"@id\":\"https:\/\/jornalfatosenoticias.com.br\/index.php\/2022\/04\/28\/futuro-presidente-da-camara-de-fundao-fala-como-anda-o-municipio\/#primaryimage\"},\"thumbnailUrl\":\"https:\/\/jornalfatosenoticias.com.br\/wp-content\/uploads\/2022\/04\/Paulinho-Cole_corte.jpg\",\"keywords\":[\"C\u00e2mara de Fund\u00e3o\",\"Fund\u00e3o\",\"obras de infraestrutura\",\"Paulinho Cole\",\"presidente da C\u00e2mara\"],\"articleSection\":[\"Pol\u00edtica\"],\"inLanguage\":\"pt-BR\",\"potentialAction\":[{\"@type\":\"CommentAction\",\"name\":\"Comment\",\"target\":[\"https:\/\/jornalfatosenoticias.com.br\/index.php\/2022\/04\/28\/futuro-presidente-da-camara-de-fundao-fala-como-anda-o-municipio\/#respond\"]}]},{\"@type\":\"WebPage\",\"@id\":\"https:\/\/jornalfatosenoticias.com.br\/index.php\/2022\/04\/28\/futuro-presidente-da-camara-de-fundao-fala-como-anda-o-municipio\/\",\"url\":\"https:\/\/jornalfatosenoticias.com.br\/index.php\/2022\/04\/28\/futuro-presidente-da-camara-de-fundao-fala-como-anda-o-municipio\/\",\"name\":\"Futuro presidente da C\u00e2mara de Fund\u00e3o fala como anda o munic\u00edpio - Jornal Fatos e Not\u00edcias\",\"isPartOf\":{\"@id\":\"https:\/\/jornalfatosenoticias.com.br\/#website\"},\"primaryImageOfPage\":{\"@id\":\"https:\/\/jornalfatosenoticias.com.br\/index.php\/2022\/04\/28\/futuro-presidente-da-camara-de-fundao-fala-como-anda-o-municipio\/#primaryimage\"},\"image\":{\"@id\":\"https:\/\/jornalfatosenoticias.com.br\/index.php\/2022\/04\/28\/futuro-presidente-da-camara-de-fundao-fala-como-anda-o-municipio\/#primaryimage\"},\"thumbnailUrl\":\"https:\/\/jornalfatosenoticias.com.br\/wp-content\/uploads\/2022\/04\/Paulinho-Cole_corte.jpg\",\"datePublished\":\"2022-04-28T15:41:13+00:00\",\"dateModified\":\"2022-04-28T15:41:14+00:00\",\"breadcrumb\":{\"@id\":\"https:\/\/jornalfatosenoticias.com.br\/index.php\/2022\/04\/28\/futuro-presidente-da-camara-de-fundao-fala-como-anda-o-municipio\/#breadcrumb\"},\"inLanguage\":\"pt-BR\",\"potentialAction\":[{\"@type\":\"ReadAction\",\"target\":[\"https:\/\/jornalfatosenoticias.com.br\/index.php\/2022\/04\/28\/futuro-presidente-da-camara-de-fundao-fala-como-anda-o-municipio\/\"]}]},{\"@type\":\"ImageObject\",\"inLanguage\":\"pt-BR\",\"@id\":\"https:\/\/jornalfatosenoticias.com.br\/index.php\/2022\/04\/28\/futuro-presidente-da-camara-de-fundao-fala-como-anda-o-municipio\/#primaryimage\",\"url\":\"https:\/\/jornalfatosenoticias.com.br\/wp-content\/uploads\/2022\/04\/Paulinho-Cole_corte.jpg\",\"contentUrl\":\"https:\/\/jornalfatosenoticias.com.br\/wp-content\/uploads\/2022\/04\/Paulinho-Cole_corte.jpg\",\"width\":1000,\"height\":801},{\"@type\":\"BreadcrumbList\",\"@id\":\"https:\/\/jornalfatosenoticias.com.br\/index.php\/2022\/04\/28\/futuro-presidente-da-camara-de-fundao-fala-como-anda-o-municipio\/#breadcrumb\",\"itemListElement\":[{\"@type\":\"ListItem\",\"position\":1,\"name\":\"In\u00edcio\",\"item\":\"https:\/\/jornalfatosenoticias.com.br\/\"},{\"@type\":\"ListItem\",\"position\":2,\"name\":\"Futuro presidente da C\u00e2mara de Fund\u00e3o fala como anda o munic\u00edpio\"}]},{\"@type\":\"WebSite\",\"@id\":\"https:\/\/jornalfatosenoticias.com.br\/#website\",\"url\":\"https:\/\/jornalfatosenoticias.com.br\/\",\"name\":\"Jornal Fatos e Not\u00edcias\",\"description\":\"Not\u00edcias em geral\",\"publisher\":{\"@id\":\"https:\/\/jornalfatosenoticias.com.br\/#organization\"},\"potentialAction\":[{\"@type\":\"SearchAction\",\"target\":{\"@type\":\"EntryPoint\",\"urlTemplate\":\"https:\/\/jornalfatosenoticias.com.br\/?s={search_term_string}\"},\"query-input\":{\"@type\":\"PropertyValueSpecification\",\"valueRequired\":true,\"valueName\":\"search_term_string\"}}],\"inLanguage\":\"pt-BR\"},{\"@type\":\"Organization\",\"@id\":\"https:\/\/jornalfatosenoticias.com.br\/#organization\",\"name\":\"Jornal Fatos e Not\u00edcias\",\"url\":\"https:\/\/jornalfatosenoticias.com.br\/\",\"logo\":{\"@type\":\"ImageObject\",\"inLanguage\":\"pt-BR\",\"@id\":\"https:\/\/jornalfatosenoticias.com.br\/#\/schema\/logo\/image\/\",\"url\":\"https:\/\/jornalfatosenoticias.com.br\/wp-content\/uploads\/2020\/02\/logo120.png\",\"contentUrl\":\"https:\/\/jornalfatosenoticias.com.br\/wp-content\/uploads\/2020\/02\/logo120.png\",\"width\":1227,\"height\":120,\"caption\":\"Jornal Fatos e Not\u00edcias\"},\"image\":{\"@id\":\"https:\/\/jornalfatosenoticias.com.br\/#\/schema\/logo\/image\/\"}},{\"@type\":\"Person\",\"@id\":\"https:\/\/jornalfatosenoticias.com.br\/#\/schema\/person\/05c46cc25b42a5c27e004fb0fa6b4965\",\"name\":\"Haroldo Filho\",\"image\":{\"@type\":\"ImageObject\",\"inLanguage\":\"pt-BR\",\"@id\":\"https:\/\/jornalfatosenoticias.com.br\/#\/schema\/person\/image\/\",\"url\":\"https:\/\/jornalfatosenoticias.com.br\/wp-content\/uploads\/2025\/08\/WhatsApp-Image-2025-08-18-at-15.30.28-150x150.jpeg\",\"contentUrl\":\"https:\/\/jornalfatosenoticias.com.br\/wp-content\/uploads\/2025\/08\/WhatsApp-Image-2025-08-18-at-15.30.28-150x150.jpeg\",\"caption\":\"Haroldo Filho\"},\"description\":\"Jornalista \u2013 DRT: 0003818\/ES Coordenador-geral da ONG Educar para Crescer\",\"url\":\"https:\/\/jornalfatosenoticias.com.br\/index.php\/author\/haroldo\/\"}]}<\/script>\n<!-- \/ Yoast SEO plugin. -->","yoast_head_json":{"title":"Futuro presidente da C\u00e2mara de Fund\u00e3o fala como anda o munic\u00edpio - Jornal Fatos e Not\u00edcias","robots":{"index":"index","follow":"follow","max-snippet":"max-snippet:-1","max-image-preview":"max-image-preview:large","max-video-preview":"max-video-preview:-1"},"canonical":"https:\/\/jornalfatosenoticias.com.br\/index.php\/2022\/04\/28\/futuro-presidente-da-camara-de-fundao-fala-como-anda-o-municipio\/","og_locale":"pt_BR","og_type":"article","og_title":"Futuro presidente da C\u00e2mara de Fund\u00e3o fala como anda o munic\u00edpio - Jornal Fatos e Not\u00edcias","og_description":"\u201cO munic\u00edpio oferece pouco incentivo para a iniciativa privada. Carecemos de uma \u00e1rea industrial com infraestrutura e incentivos, pois, s\u00f3 assim, os empreendedores olhar\u00e3o Fund\u00e3o com outros olhos\u201d O vereador Paulinho Cole (Cidadania-Fund\u00e3o), em um bate-papo nesta ter\u00e7a-feira (26), na C\u00e2mara, com o jornalista Haroldo Filho, falou sobre a postura da nova diretoria, eleita para [&hellip;]","og_url":"https:\/\/jornalfatosenoticias.com.br\/index.php\/2022\/04\/28\/futuro-presidente-da-camara-de-fundao-fala-como-anda-o-municipio\/","og_site_name":"Jornal Fatos e Not\u00edcias","article_published_time":"2022-04-28T15:41:13+00:00","article_modified_time":"2022-04-28T15:41:14+00:00","og_image":[{"width":1000,"height":801,"url":"https:\/\/jornalfatosenoticias.com.br\/wp-content\/uploads\/2022\/04\/Paulinho-Cole_corte.jpg","type":"image\/jpeg"}],"author":"Haroldo Filho","twitter_card":"summary_large_image","twitter_misc":{"Escrito por":"Haroldo Filho","Est. tempo de leitura":"3 minutos"},"schema":{"@context":"https:\/\/schema.org","@graph":[{"@type":"Article","@id":"https:\/\/jornalfatosenoticias.com.br\/index.php\/2022\/04\/28\/futuro-presidente-da-camara-de-fundao-fala-como-anda-o-municipio\/#article","isPartOf":{"@id":"https:\/\/jornalfatosenoticias.com.br\/index.php\/2022\/04\/28\/futuro-presidente-da-camara-de-fundao-fala-como-anda-o-municipio\/"},"author":{"name":"Haroldo Filho","@id":"https:\/\/jornalfatosenoticias.com.br\/#\/schema\/person\/05c46cc25b42a5c27e004fb0fa6b4965"},"headline":"Futuro presidente da C\u00e2mara de Fund\u00e3o fala como anda o munic\u00edpio","datePublished":"2022-04-28T15:41:13+00:00","dateModified":"2022-04-28T15:41:14+00:00","mainEntityOfPage":{"@id":"https:\/\/jornalfatosenoticias.com.br\/index.php\/2022\/04\/28\/futuro-presidente-da-camara-de-fundao-fala-como-anda-o-municipio\/"},"wordCount":550,"commentCount":0,"publisher":{"@id":"https:\/\/jornalfatosenoticias.com.br\/#organization"},"image":{"@id":"https:\/\/jornalfatosenoticias.com.br\/index.php\/2022\/04\/28\/futuro-presidente-da-camara-de-fundao-fala-como-anda-o-municipio\/#primaryimage"},"thumbnailUrl":"https:\/\/jornalfatosenoticias.com.br\/wp-content\/uploads\/2022\/04\/Paulinho-Cole_corte.jpg","keywords":["C\u00e2mara de Fund\u00e3o","Fund\u00e3o","obras de infraestrutura","Paulinho Cole","presidente da C\u00e2mara"],"articleSection":["Pol\u00edtica"],"inLanguage":"pt-BR","potentialAction":[{"@type":"CommentAction","name":"Comment","target":["https:\/\/jornalfatosenoticias.com.br\/index.php\/2022\/04\/28\/futuro-presidente-da-camara-de-fundao-fala-como-anda-o-municipio\/#respond"]}]},{"@type":"WebPage","@id":"https:\/\/jornalfatosenoticias.com.br\/index.php\/2022\/04\/28\/futuro-presidente-da-camara-de-fundao-fala-como-anda-o-municipio\/","url":"https:\/\/jornalfatosenoticias.com.br\/index.php\/2022\/04\/28\/futuro-presidente-da-camara-de-fundao-fala-como-anda-o-municipio\/","name":"Futuro presidente da C\u00e2mara de Fund\u00e3o fala como anda o munic\u00edpio - Jornal Fatos e Not\u00edcias","isPartOf":{"@id":"https:\/\/jornalfatosenoticias.com.br\/#website"},"primaryImageOfPage":{"@id":"https:\/\/jornalfatosenoticias.com.br\/index.php\/2022\/04\/28\/futuro-presidente-da-camara-de-fundao-fala-como-anda-o-municipio\/#primaryimage"},"image":{"@id":"https:\/\/jornalfatosenoticias.com.br\/index.php\/2022\/04\/28\/futuro-presidente-da-camara-de-fundao-fala-como-anda-o-municipio\/#primaryimage"},"thumbnailUrl":"https:\/\/jornalfatosenoticias.com.br\/wp-content\/uploads\/2022\/04\/Paulinho-Cole_corte.jpg","datePublished":"2022-04-28T15:41:13+00:00","dateModified":"2022-04-28T15:41:14+00:00","breadcrumb":{"@id":"https:\/\/jornalfatosenoticias.com.br\/index.php\/2022\/04\/28\/futuro-presidente-da-camara-de-fundao-fala-como-anda-o-municipio\/#breadcrumb"},"inLanguage":"pt-BR","potentialAction":[{"@type":"ReadAction","target":["https:\/\/jornalfatosenoticias.com.br\/index.php\/2022\/04\/28\/futuro-presidente-da-camara-de-fundao-fala-como-anda-o-municipio\/"]}]},{"@type":"ImageObject","inLanguage":"pt-BR","@id":"https:\/\/jornalfatosenoticias.com.br\/index.php\/2022\/04\/28\/futuro-presidente-da-camara-de-fundao-fala-como-anda-o-municipio\/#primaryimage","url":"https:\/\/jornalfatosenoticias.com.br\/wp-content\/uploads\/2022\/04\/Paulinho-Cole_corte.jpg","contentUrl":"https:\/\/jornalfatosenoticias.com.br\/wp-content\/uploads\/2022\/04\/Paulinho-Cole_corte.jpg","width":1000,"height":801},{"@type":"BreadcrumbList","@id":"https:\/\/jornalfatosenoticias.com.br\/index.php\/2022\/04\/28\/futuro-presidente-da-camara-de-fundao-fala-como-anda-o-municipio\/#breadcrumb","itemListElement":[{"@type":"ListItem","position":1,"name":"In\u00edcio","item":"https:\/\/jornalfatosenoticias.com.br\/"},{"@type":"ListItem","position":2,"name":"Futuro presidente da C\u00e2mara de Fund\u00e3o fala como anda o munic\u00edpio"}]},{"@type":"WebSite","@id":"https:\/\/jornalfatosenoticias.com.br\/#website","url":"https:\/\/jornalfatosenoticias.com.br\/","name":"Jornal Fatos e Not\u00edcias","description":"Not\u00edcias em geral","publisher":{"@id":"https:\/\/jornalfatosenoticias.com.br\/#organization"},"potentialAction":[{"@type":"SearchAction","target":{"@type":"EntryPoint","urlTemplate":"https:\/\/jornalfatosenoticias.com.br\/?s={search_term_string}"},"query-input":{"@type":"PropertyValueSpecification","valueRequired":true,"valueName":"search_term_string"}}],"inLanguage":"pt-BR"},{"@type":"Organization","@id":"https:\/\/jornalfatosenoticias.com.br\/#organization","name":"Jornal Fatos e Not\u00edcias","url":"https:\/\/jornalfatosenoticias.com.br\/","logo":{"@type":"ImageObject","inLanguage":"pt-BR","@id":"https:\/\/jornalfatosenoticias.com.br\/#\/schema\/logo\/image\/","url":"https:\/\/jornalfatosenoticias.com.br\/wp-content\/uploads\/2020\/02\/logo120.png","contentUrl":"https:\/\/jornalfatosenoticias.com.br\/wp-content\/uploads\/2020\/02\/logo120.png","width":1227,"height":120,"caption":"Jornal Fatos e Not\u00edcias"},"image":{"@id":"https:\/\/jornalfatosenoticias.com.br\/#\/schema\/logo\/image\/"}},{"@type":"Person","@id":"https:\/\/jornalfatosenoticias.com.br\/#\/schema\/person\/05c46cc25b42a5c27e004fb0fa6b4965","name":"Haroldo Filho","image":{"@type":"ImageObject","inLanguage":"pt-BR","@id":"https:\/\/jornalfatosenoticias.com.br\/#\/schema\/person\/image\/","url":"https:\/\/jornalfatosenoticias.com.br\/wp-content\/uploads\/2025\/08\/WhatsApp-Image-2025-08-18-at-15.30.28-150x150.jpeg","contentUrl":"https:\/\/jornalfatosenoticias.com.br\/wp-content\/uploads\/2025\/08\/WhatsApp-Image-2025-08-18-at-15.30.28-150x150.jpeg","caption":"Haroldo Filho"},"description":"Jornalista \u2013 DRT: 0003818\/ES Coordenador-geral da ONG Educar para Crescer","url":"https:\/\/jornalfatosenoticias.com.br\/index.php\/author\/haroldo\/"}]}},"cc_featured_image_caption":{"caption_text":"(Foto: Haroldo Filho\/F&N)","source_text":"","source_url":""},"jetpack_featured_media_url":"https:\/\/jornalfatosenoticias.com.br\/wp-content\/uploads\/2022\/04\/Paulinho-Cole_corte.jpg","_links":{"self":[{"href":"https:\/\/jornalfatosenoticias.com.br\/index.php\/wp-json\/wp\/v2\/posts\/29874","targetHints":{"allow":["GET"]}}],"collection":[{"href":"https:\/\/jornalfatosenoticias.com.br\/index.php\/wp-json\/wp\/v2\/posts"}],"about":[{"href":"https:\/\/jornalfatosenoticias.com.br\/index.php\/wp-json\/wp\/v2\/types\/post"}],"author":[{"embeddable":true,"href":"https:\/\/jornalfatosenoticias.com.br\/index.php\/wp-json\/wp\/v2\/users\/3"}],"replies":[{"embeddable":true,"href":"https:\/\/jornalfatosenoticias.com.br\/index.php\/wp-json\/wp\/v2\/comments?post=29874"}],"version-history":[{"count":0,"href":"https:\/\/jornalfatosenoticias.com.br\/index.php\/wp-json\/wp\/v2\/posts\/29874\/revisions"}],"wp:featuredmedia":[{"embeddable":true,"href":"https:\/\/jornalfatosenoticias.com.br\/index.php\/wp-json\/wp\/v2\/media\/29877"}],"wp:attachment":[{"href":"https:\/\/jornalfatosenoticias.com.br\/index.php\/wp-json\/wp\/v2\/media?parent=29874"}],"wp:term":[{"taxonomy":"category","embeddable":true,"href":"https:\/\/jornalfatosenoticias.com.br\/index.php\/wp-json\/wp\/v2\/categories?post=29874"},{"taxonomy":"post_tag","embeddable":true,"href":"https:\/\/jornalfatosenoticias.com.br\/index.php\/wp-json\/wp\/v2\/tags?post=29874"}],"curies":[{"name":"wp","href":"https:\/\/api.w.org\/{rel}","templated":true}]}}