{"id":2988,"date":"2020-04-09T16:52:02","date_gmt":"2020-04-09T19:52:02","guid":{"rendered":"https:\/\/jornalfatosenoticias.com.br\/?p=2988"},"modified":"2020-04-09T16:52:06","modified_gmt":"2020-04-09T19:52:06","slug":"inscrito-no-cadunico-pode-ter-automaticamente-tarifa-social-de-energia","status":"publish","type":"post","link":"https:\/\/jornalfatosenoticias.com.br\/index.php\/2020\/04\/09\/inscrito-no-cadunico-pode-ter-automaticamente-tarifa-social-de-energia\/","title":{"rendered":"Inscrito no Cad\u00danico pode ter automaticamente tarifa social de energia"},"content":{"rendered":"\n<h6 class=\"wp-block-heading\"><em>Projeto de lei foi aprovado na C\u00e2mara e segue para o Senado<\/em><\/h6>\n\n\n\n<p>A C\u00e2mara dos Deputados aprovou nesta quinta-feira (9), em sess\u00e3o remota, o Projeto de Lei 1106\/20 que determina que as empresas de distribui\u00e7\u00e3o de energia el\u00e9trica (concession\u00e1rias, permission\u00e1rias e autorizadas) dever\u00e3o inscrever automaticamente na lista de benefici\u00e1rios da Tarifa Social de Energia El\u00e9trica (TSEE) quem est\u00e1 registrado no Cadastro \u00danico (Cad\u00fanico). O banco de dados re\u00fane os benefici\u00e1rios de programas sociais como o Bolsa Fam\u00edlia e o Benef\u00edcio da Presta\u00e7\u00e3o Continuada (BPC).<br>Segundo o autor da proposta, deputado Andr\u00e9 Ferreira (PSC-PE), hoje, a Lei 12.212\/10, que trata da tarifa social, prev\u00ea que o governo e as concession\u00e1rias devem informar as fam\u00edlias inscritas no Cad\u00danico sobre o direito a at\u00e9 65% desconto na conta de luz. A falha, para Ferreira, \u00e9 que n\u00e3o h\u00e1 a obriga\u00e7\u00e3o de inclu\u00ed-las automaticamente na lista de benefici\u00e1rios da tarifa social. Para terem o benef\u00edcio, as fam\u00edlias precisam procurar a distribuidora. O texto segue para aprecia\u00e7\u00e3o do Senado Federal.<\/p>\n\n\n\n<h4 class=\"wp-block-heading\">Santas Casas<\/h4>\n\n\n\n<p>A primeira proposta aprovada nesta quinta-feira (9) pelos deputados \u00e9 a que destina R$ 2 bi para as Santas Casas e hospitais sem fins lucrativos (filantr\u00f3picos). Os recursos ser\u00e3o destinados \u00e0 a\u00e7\u00e3o coordenada com o Minist\u00e9rio da Sa\u00fade e gestores estaduais e municipais do Sistema \u00danico de Sa\u00fade (SUS) no combate \u00e0 pandemia de covid-19. Para sair do papel a medida s\u00f3 depende agora da san\u00e7\u00e3o presidencial.<br>J\u00e1 a ajuda emergencial de socorro aos estados, durante a pandemia do novo coronav\u00edrus, continua sem consenso e foi adiada para a pr\u00f3xima segunda-feira (13).<\/p>\n\n\n\n<p><em><strong>Fonte: <a href=\"https:\/\/agenciabrasil.ebc.com.br\/politica\/noticia\/2020-04\/inscrito-no-cadunico-pode-ter-automaticamente-tarifa-social-de-energia\">Ag\u00eancia Brasil<\/a><\/strong><\/em><\/p>\n","protected":false},"excerpt":{"rendered":"<p>Projeto de lei foi aprovado na C\u00e2mara e segue para o Senado A C\u00e2mara dos Deputados aprovou nesta quinta-feira (9), em sess\u00e3o remota, o Projeto de Lei 1106\/20 que determina que as empresas de distribui\u00e7\u00e3o de energia el\u00e9trica (concession\u00e1rias, permission\u00e1rias e autorizadas) dever\u00e3o inscrever automaticamente na lista de benefici\u00e1rios da Tarifa Social de Energia El\u00e9trica [&hellip;]<\/p>\n","protected":false},"author":2,"featured_media":2989,"comment_status":"open","ping_status":"open","sticky":false,"template":"","format":"standard","meta":{"footnotes":""},"categories":[10],"tags":[982,1577,1576],"class_list":["post-2988","post","type-post","status-publish","format-standard","has-post-thumbnail","hentry","category-politica","tag-camara-dos-deputados","tag-energia-eletrica","tag-tarifa-social"],"yoast_head":"<!-- This site is optimized with the Yoast SEO plugin v26.5 - https:\/\/yoast.com\/wordpress\/plugins\/seo\/ -->\n<title>Inscrito no Cad\u00danico pode ter automaticamente tarifa social de energia - Jornal Fatos e Not\u00edcias<\/title>\n<meta name=\"robots\" content=\"index, follow, max-snippet:-1, max-image-preview:large, max-video-preview:-1\" \/>\n<link rel=\"canonical\" href=\"https:\/\/jornalfatosenoticias.com.br\/index.php\/2020\/04\/09\/inscrito-no-cadunico-pode-ter-automaticamente-tarifa-social-de-energia\/\" \/>\n<meta property=\"og:locale\" content=\"pt_BR\" \/>\n<meta property=\"og:type\" content=\"article\" \/>\n<meta property=\"og:title\" content=\"Inscrito no Cad\u00danico pode ter automaticamente tarifa social de energia - Jornal Fatos e Not\u00edcias\" \/>\n<meta property=\"og:description\" content=\"Projeto de lei foi aprovado na C\u00e2mara e segue para o Senado A C\u00e2mara dos Deputados aprovou nesta quinta-feira (9), em sess\u00e3o remota, o Projeto de Lei 1106\/20 que determina que as empresas de distribui\u00e7\u00e3o de energia el\u00e9trica (concession\u00e1rias, permission\u00e1rias e autorizadas) dever\u00e3o inscrever automaticamente na lista de benefici\u00e1rios da Tarifa Social de Energia El\u00e9trica [&hellip;]\" \/>\n<meta property=\"og:url\" content=\"https:\/\/jornalfatosenoticias.com.br\/index.php\/2020\/04\/09\/inscrito-no-cadunico-pode-ter-automaticamente-tarifa-social-de-energia\/\" \/>\n<meta property=\"og:site_name\" content=\"Jornal Fatos e Not\u00edcias\" \/>\n<meta property=\"article:published_time\" content=\"2020-04-09T19:52:02+00:00\" \/>\n<meta property=\"article:modified_time\" content=\"2020-04-09T19:52:06+00:00\" \/>\n<meta property=\"og:image\" content=\"https:\/\/jornalfatosenoticias.com.br\/wp-content\/uploads\/2020\/04\/cupula_plenario_da_camara_dos_deputados.jpg\" \/>\n\t<meta property=\"og:image:width\" content=\"1000\" \/>\n\t<meta property=\"og:image:height\" content=\"598\" \/>\n\t<meta property=\"og:image:type\" content=\"image\/jpeg\" \/>\n<meta name=\"author\" content=\"Luzimara Fernandes\" \/>\n<meta name=\"twitter:card\" content=\"summary_large_image\" \/>\n<meta name=\"twitter:label1\" content=\"Escrito por\" \/>\n\t<meta name=\"twitter:data1\" content=\"Luzimara Fernandes\" \/>\n\t<meta name=\"twitter:label2\" content=\"Est. tempo de leitura\" \/>\n\t<meta name=\"twitter:data2\" content=\"1 minuto\" \/>\n<script type=\"application\/ld+json\" class=\"yoast-schema-graph\">{\"@context\":\"https:\/\/schema.org\",\"@graph\":[{\"@type\":\"Article\",\"@id\":\"https:\/\/jornalfatosenoticias.com.br\/index.php\/2020\/04\/09\/inscrito-no-cadunico-pode-ter-automaticamente-tarifa-social-de-energia\/#article\",\"isPartOf\":{\"@id\":\"https:\/\/jornalfatosenoticias.com.br\/index.php\/2020\/04\/09\/inscrito-no-cadunico-pode-ter-automaticamente-tarifa-social-de-energia\/\"},\"author\":{\"name\":\"Luzimara Fernandes\",\"@id\":\"https:\/\/jornalfatosenoticias.com.br\/#\/schema\/person\/d63837fa13ac8666eb9e74e0985d6f81\"},\"headline\":\"Inscrito no Cad\u00danico pode ter automaticamente tarifa social de energia\",\"datePublished\":\"2020-04-09T19:52:02+00:00\",\"dateModified\":\"2020-04-09T19:52:06+00:00\",\"mainEntityOfPage\":{\"@id\":\"https:\/\/jornalfatosenoticias.com.br\/index.php\/2020\/04\/09\/inscrito-no-cadunico-pode-ter-automaticamente-tarifa-social-de-energia\/\"},\"wordCount\":298,\"commentCount\":0,\"publisher\":{\"@id\":\"https:\/\/jornalfatosenoticias.com.br\/#organization\"},\"image\":{\"@id\":\"https:\/\/jornalfatosenoticias.com.br\/index.php\/2020\/04\/09\/inscrito-no-cadunico-pode-ter-automaticamente-tarifa-social-de-energia\/#primaryimage\"},\"thumbnailUrl\":\"https:\/\/jornalfatosenoticias.com.br\/wp-content\/uploads\/2020\/04\/cupula_plenario_da_camara_dos_deputados.jpg\",\"keywords\":[\"C\u00e2mara dos Deputados\",\"energia el\u00e9trica\",\"tarifa social\"],\"articleSection\":[\"Pol\u00edtica\"],\"inLanguage\":\"pt-BR\",\"potentialAction\":[{\"@type\":\"CommentAction\",\"name\":\"Comment\",\"target\":[\"https:\/\/jornalfatosenoticias.com.br\/index.php\/2020\/04\/09\/inscrito-no-cadunico-pode-ter-automaticamente-tarifa-social-de-energia\/#respond\"]}]},{\"@type\":\"WebPage\",\"@id\":\"https:\/\/jornalfatosenoticias.com.br\/index.php\/2020\/04\/09\/inscrito-no-cadunico-pode-ter-automaticamente-tarifa-social-de-energia\/\",\"url\":\"https:\/\/jornalfatosenoticias.com.br\/index.php\/2020\/04\/09\/inscrito-no-cadunico-pode-ter-automaticamente-tarifa-social-de-energia\/\",\"name\":\"Inscrito no Cad\u00danico pode ter automaticamente tarifa social de energia - Jornal Fatos e Not\u00edcias\",\"isPartOf\":{\"@id\":\"https:\/\/jornalfatosenoticias.com.br\/#website\"},\"primaryImageOfPage\":{\"@id\":\"https:\/\/jornalfatosenoticias.com.br\/index.php\/2020\/04\/09\/inscrito-no-cadunico-pode-ter-automaticamente-tarifa-social-de-energia\/#primaryimage\"},\"image\":{\"@id\":\"https:\/\/jornalfatosenoticias.com.br\/index.php\/2020\/04\/09\/inscrito-no-cadunico-pode-ter-automaticamente-tarifa-social-de-energia\/#primaryimage\"},\"thumbnailUrl\":\"https:\/\/jornalfatosenoticias.com.br\/wp-content\/uploads\/2020\/04\/cupula_plenario_da_camara_dos_deputados.jpg\",\"datePublished\":\"2020-04-09T19:52:02+00:00\",\"dateModified\":\"2020-04-09T19:52:06+00:00\",\"breadcrumb\":{\"@id\":\"https:\/\/jornalfatosenoticias.com.br\/index.php\/2020\/04\/09\/inscrito-no-cadunico-pode-ter-automaticamente-tarifa-social-de-energia\/#breadcrumb\"},\"inLanguage\":\"pt-BR\",\"potentialAction\":[{\"@type\":\"ReadAction\",\"target\":[\"https:\/\/jornalfatosenoticias.com.br\/index.php\/2020\/04\/09\/inscrito-no-cadunico-pode-ter-automaticamente-tarifa-social-de-energia\/\"]}]},{\"@type\":\"ImageObject\",\"inLanguage\":\"pt-BR\",\"@id\":\"https:\/\/jornalfatosenoticias.com.br\/index.php\/2020\/04\/09\/inscrito-no-cadunico-pode-ter-automaticamente-tarifa-social-de-energia\/#primaryimage\",\"url\":\"https:\/\/jornalfatosenoticias.com.br\/wp-content\/uploads\/2020\/04\/cupula_plenario_da_camara_dos_deputados.jpg\",\"contentUrl\":\"https:\/\/jornalfatosenoticias.com.br\/wp-content\/uploads\/2020\/04\/cupula_plenario_da_camara_dos_deputados.jpg\",\"width\":1000,\"height\":598,\"caption\":\"A c\u00fapula menor, voltada para baixo, abriga o Plen\u00e1rio do Senado Federal. A c\u00fapula maior, voltada para cima, abriga o Plen\u00e1rio da C\u00e2mara dos Deputados.\"},{\"@type\":\"BreadcrumbList\",\"@id\":\"https:\/\/jornalfatosenoticias.com.br\/index.php\/2020\/04\/09\/inscrito-no-cadunico-pode-ter-automaticamente-tarifa-social-de-energia\/#breadcrumb\",\"itemListElement\":[{\"@type\":\"ListItem\",\"position\":1,\"name\":\"In\u00edcio\",\"item\":\"https:\/\/jornalfatosenoticias.com.br\/\"},{\"@type\":\"ListItem\",\"position\":2,\"name\":\"Inscrito no Cad\u00danico pode ter automaticamente tarifa social de energia\"}]},{\"@type\":\"WebSite\",\"@id\":\"https:\/\/jornalfatosenoticias.com.br\/#website\",\"url\":\"https:\/\/jornalfatosenoticias.com.br\/\",\"name\":\"Jornal Fatos e Not\u00edcias\",\"description\":\"Not\u00edcias em geral\",\"publisher\":{\"@id\":\"https:\/\/jornalfatosenoticias.com.br\/#organization\"},\"potentialAction\":[{\"@type\":\"SearchAction\",\"target\":{\"@type\":\"EntryPoint\",\"urlTemplate\":\"https:\/\/jornalfatosenoticias.com.br\/?s={search_term_string}\"},\"query-input\":{\"@type\":\"PropertyValueSpecification\",\"valueRequired\":true,\"valueName\":\"search_term_string\"}}],\"inLanguage\":\"pt-BR\"},{\"@type\":\"Organization\",\"@id\":\"https:\/\/jornalfatosenoticias.com.br\/#organization\",\"name\":\"Jornal Fatos e Not\u00edcias\",\"url\":\"https:\/\/jornalfatosenoticias.com.br\/\",\"logo\":{\"@type\":\"ImageObject\",\"inLanguage\":\"pt-BR\",\"@id\":\"https:\/\/jornalfatosenoticias.com.br\/#\/schema\/logo\/image\/\",\"url\":\"https:\/\/jornalfatosenoticias.com.br\/wp-content\/uploads\/2020\/02\/logo120.png\",\"contentUrl\":\"https:\/\/jornalfatosenoticias.com.br\/wp-content\/uploads\/2020\/02\/logo120.png\",\"width\":1227,\"height\":120,\"caption\":\"Jornal Fatos e Not\u00edcias\"},\"image\":{\"@id\":\"https:\/\/jornalfatosenoticias.com.br\/#\/schema\/logo\/image\/\"}},{\"@type\":\"Person\",\"@id\":\"https:\/\/jornalfatosenoticias.com.br\/#\/schema\/person\/d63837fa13ac8666eb9e74e0985d6f81\",\"name\":\"Luzimara Fernandes\",\"image\":{\"@type\":\"ImageObject\",\"inLanguage\":\"pt-BR\",\"@id\":\"https:\/\/jornalfatosenoticias.com.br\/#\/schema\/person\/image\/\",\"url\":\"https:\/\/jornalfatosenoticias.com.br\/wp-content\/uploads\/2025\/05\/EU_portal.jpg\",\"contentUrl\":\"https:\/\/jornalfatosenoticias.com.br\/wp-content\/uploads\/2025\/05\/EU_portal.jpg\",\"caption\":\"Luzimara Fernandes\"},\"description\":\"Jornalista MTB 2358-ES\",\"sameAs\":[\"https:\/\/jornalfatosenoticias.com.br\"],\"url\":\"https:\/\/jornalfatosenoticias.com.br\/index.php\/author\/luzimara\/\"}]}<\/script>\n<!-- \/ Yoast SEO plugin. -->","yoast_head_json":{"title":"Inscrito no Cad\u00danico pode ter automaticamente tarifa social de energia - Jornal Fatos e Not\u00edcias","robots":{"index":"index","follow":"follow","max-snippet":"max-snippet:-1","max-image-preview":"max-image-preview:large","max-video-preview":"max-video-preview:-1"},"canonical":"https:\/\/jornalfatosenoticias.com.br\/index.php\/2020\/04\/09\/inscrito-no-cadunico-pode-ter-automaticamente-tarifa-social-de-energia\/","og_locale":"pt_BR","og_type":"article","og_title":"Inscrito no Cad\u00danico pode ter automaticamente tarifa social de energia - Jornal Fatos e Not\u00edcias","og_description":"Projeto de lei foi aprovado na C\u00e2mara e segue para o Senado A C\u00e2mara dos Deputados aprovou nesta quinta-feira (9), em sess\u00e3o remota, o Projeto de Lei 1106\/20 que determina que as empresas de distribui\u00e7\u00e3o de energia el\u00e9trica (concession\u00e1rias, permission\u00e1rias e autorizadas) dever\u00e3o inscrever automaticamente na lista de benefici\u00e1rios da Tarifa Social de Energia El\u00e9trica [&hellip;]","og_url":"https:\/\/jornalfatosenoticias.com.br\/index.php\/2020\/04\/09\/inscrito-no-cadunico-pode-ter-automaticamente-tarifa-social-de-energia\/","og_site_name":"Jornal Fatos e Not\u00edcias","article_published_time":"2020-04-09T19:52:02+00:00","article_modified_time":"2020-04-09T19:52:06+00:00","og_image":[{"width":1000,"height":598,"url":"https:\/\/jornalfatosenoticias.com.br\/wp-content\/uploads\/2020\/04\/cupula_plenario_da_camara_dos_deputados.jpg","type":"image\/jpeg"}],"author":"Luzimara Fernandes","twitter_card":"summary_large_image","twitter_misc":{"Escrito por":"Luzimara Fernandes","Est. tempo de leitura":"1 minuto"},"schema":{"@context":"https:\/\/schema.org","@graph":[{"@type":"Article","@id":"https:\/\/jornalfatosenoticias.com.br\/index.php\/2020\/04\/09\/inscrito-no-cadunico-pode-ter-automaticamente-tarifa-social-de-energia\/#article","isPartOf":{"@id":"https:\/\/jornalfatosenoticias.com.br\/index.php\/2020\/04\/09\/inscrito-no-cadunico-pode-ter-automaticamente-tarifa-social-de-energia\/"},"author":{"name":"Luzimara Fernandes","@id":"https:\/\/jornalfatosenoticias.com.br\/#\/schema\/person\/d63837fa13ac8666eb9e74e0985d6f81"},"headline":"Inscrito no Cad\u00danico pode ter automaticamente tarifa social de energia","datePublished":"2020-04-09T19:52:02+00:00","dateModified":"2020-04-09T19:52:06+00:00","mainEntityOfPage":{"@id":"https:\/\/jornalfatosenoticias.com.br\/index.php\/2020\/04\/09\/inscrito-no-cadunico-pode-ter-automaticamente-tarifa-social-de-energia\/"},"wordCount":298,"commentCount":0,"publisher":{"@id":"https:\/\/jornalfatosenoticias.com.br\/#organization"},"image":{"@id":"https:\/\/jornalfatosenoticias.com.br\/index.php\/2020\/04\/09\/inscrito-no-cadunico-pode-ter-automaticamente-tarifa-social-de-energia\/#primaryimage"},"thumbnailUrl":"https:\/\/jornalfatosenoticias.com.br\/wp-content\/uploads\/2020\/04\/cupula_plenario_da_camara_dos_deputados.jpg","keywords":["C\u00e2mara dos Deputados","energia el\u00e9trica","tarifa social"],"articleSection":["Pol\u00edtica"],"inLanguage":"pt-BR","potentialAction":[{"@type":"CommentAction","name":"Comment","target":["https:\/\/jornalfatosenoticias.com.br\/index.php\/2020\/04\/09\/inscrito-no-cadunico-pode-ter-automaticamente-tarifa-social-de-energia\/#respond"]}]},{"@type":"WebPage","@id":"https:\/\/jornalfatosenoticias.com.br\/index.php\/2020\/04\/09\/inscrito-no-cadunico-pode-ter-automaticamente-tarifa-social-de-energia\/","url":"https:\/\/jornalfatosenoticias.com.br\/index.php\/2020\/04\/09\/inscrito-no-cadunico-pode-ter-automaticamente-tarifa-social-de-energia\/","name":"Inscrito no Cad\u00danico pode ter automaticamente tarifa social de energia - Jornal Fatos e Not\u00edcias","isPartOf":{"@id":"https:\/\/jornalfatosenoticias.com.br\/#website"},"primaryImageOfPage":{"@id":"https:\/\/jornalfatosenoticias.com.br\/index.php\/2020\/04\/09\/inscrito-no-cadunico-pode-ter-automaticamente-tarifa-social-de-energia\/#primaryimage"},"image":{"@id":"https:\/\/jornalfatosenoticias.com.br\/index.php\/2020\/04\/09\/inscrito-no-cadunico-pode-ter-automaticamente-tarifa-social-de-energia\/#primaryimage"},"thumbnailUrl":"https:\/\/jornalfatosenoticias.com.br\/wp-content\/uploads\/2020\/04\/cupula_plenario_da_camara_dos_deputados.jpg","datePublished":"2020-04-09T19:52:02+00:00","dateModified":"2020-04-09T19:52:06+00:00","breadcrumb":{"@id":"https:\/\/jornalfatosenoticias.com.br\/index.php\/2020\/04\/09\/inscrito-no-cadunico-pode-ter-automaticamente-tarifa-social-de-energia\/#breadcrumb"},"inLanguage":"pt-BR","potentialAction":[{"@type":"ReadAction","target":["https:\/\/jornalfatosenoticias.com.br\/index.php\/2020\/04\/09\/inscrito-no-cadunico-pode-ter-automaticamente-tarifa-social-de-energia\/"]}]},{"@type":"ImageObject","inLanguage":"pt-BR","@id":"https:\/\/jornalfatosenoticias.com.br\/index.php\/2020\/04\/09\/inscrito-no-cadunico-pode-ter-automaticamente-tarifa-social-de-energia\/#primaryimage","url":"https:\/\/jornalfatosenoticias.com.br\/wp-content\/uploads\/2020\/04\/cupula_plenario_da_camara_dos_deputados.jpg","contentUrl":"https:\/\/jornalfatosenoticias.com.br\/wp-content\/uploads\/2020\/04\/cupula_plenario_da_camara_dos_deputados.jpg","width":1000,"height":598,"caption":"A c\u00fapula menor, voltada para baixo, abriga o Plen\u00e1rio do Senado Federal. A c\u00fapula maior, voltada para cima, abriga o Plen\u00e1rio da C\u00e2mara dos Deputados."},{"@type":"BreadcrumbList","@id":"https:\/\/jornalfatosenoticias.com.br\/index.php\/2020\/04\/09\/inscrito-no-cadunico-pode-ter-automaticamente-tarifa-social-de-energia\/#breadcrumb","itemListElement":[{"@type":"ListItem","position":1,"name":"In\u00edcio","item":"https:\/\/jornalfatosenoticias.com.br\/"},{"@type":"ListItem","position":2,"name":"Inscrito no Cad\u00danico pode ter automaticamente tarifa social de energia"}]},{"@type":"WebSite","@id":"https:\/\/jornalfatosenoticias.com.br\/#website","url":"https:\/\/jornalfatosenoticias.com.br\/","name":"Jornal Fatos e Not\u00edcias","description":"Not\u00edcias em geral","publisher":{"@id":"https:\/\/jornalfatosenoticias.com.br\/#organization"},"potentialAction":[{"@type":"SearchAction","target":{"@type":"EntryPoint","urlTemplate":"https:\/\/jornalfatosenoticias.com.br\/?s={search_term_string}"},"query-input":{"@type":"PropertyValueSpecification","valueRequired":true,"valueName":"search_term_string"}}],"inLanguage":"pt-BR"},{"@type":"Organization","@id":"https:\/\/jornalfatosenoticias.com.br\/#organization","name":"Jornal Fatos e Not\u00edcias","url":"https:\/\/jornalfatosenoticias.com.br\/","logo":{"@type":"ImageObject","inLanguage":"pt-BR","@id":"https:\/\/jornalfatosenoticias.com.br\/#\/schema\/logo\/image\/","url":"https:\/\/jornalfatosenoticias.com.br\/wp-content\/uploads\/2020\/02\/logo120.png","contentUrl":"https:\/\/jornalfatosenoticias.com.br\/wp-content\/uploads\/2020\/02\/logo120.png","width":1227,"height":120,"caption":"Jornal Fatos e Not\u00edcias"},"image":{"@id":"https:\/\/jornalfatosenoticias.com.br\/#\/schema\/logo\/image\/"}},{"@type":"Person","@id":"https:\/\/jornalfatosenoticias.com.br\/#\/schema\/person\/d63837fa13ac8666eb9e74e0985d6f81","name":"Luzimara Fernandes","image":{"@type":"ImageObject","inLanguage":"pt-BR","@id":"https:\/\/jornalfatosenoticias.com.br\/#\/schema\/person\/image\/","url":"https:\/\/jornalfatosenoticias.com.br\/wp-content\/uploads\/2025\/05\/EU_portal.jpg","contentUrl":"https:\/\/jornalfatosenoticias.com.br\/wp-content\/uploads\/2025\/05\/EU_portal.jpg","caption":"Luzimara Fernandes"},"description":"Jornalista MTB 2358-ES","sameAs":["https:\/\/jornalfatosenoticias.com.br"],"url":"https:\/\/jornalfatosenoticias.com.br\/index.php\/author\/luzimara\/"}]}},"cc_featured_image_caption":{"caption_text":"(Foto: Marcello Casal Jr\/Ag\u00eancia Brasil)","source_text":"","source_url":""},"jetpack_featured_media_url":"https:\/\/jornalfatosenoticias.com.br\/wp-content\/uploads\/2020\/04\/cupula_plenario_da_camara_dos_deputados.jpg","_links":{"self":[{"href":"https:\/\/jornalfatosenoticias.com.br\/index.php\/wp-json\/wp\/v2\/posts\/2988","targetHints":{"allow":["GET"]}}],"collection":[{"href":"https:\/\/jornalfatosenoticias.com.br\/index.php\/wp-json\/wp\/v2\/posts"}],"about":[{"href":"https:\/\/jornalfatosenoticias.com.br\/index.php\/wp-json\/wp\/v2\/types\/post"}],"author":[{"embeddable":true,"href":"https:\/\/jornalfatosenoticias.com.br\/index.php\/wp-json\/wp\/v2\/users\/2"}],"replies":[{"embeddable":true,"href":"https:\/\/jornalfatosenoticias.com.br\/index.php\/wp-json\/wp\/v2\/comments?post=2988"}],"version-history":[{"count":0,"href":"https:\/\/jornalfatosenoticias.com.br\/index.php\/wp-json\/wp\/v2\/posts\/2988\/revisions"}],"wp:featuredmedia":[{"embeddable":true,"href":"https:\/\/jornalfatosenoticias.com.br\/index.php\/wp-json\/wp\/v2\/media\/2989"}],"wp:attachment":[{"href":"https:\/\/jornalfatosenoticias.com.br\/index.php\/wp-json\/wp\/v2\/media?parent=2988"}],"wp:term":[{"taxonomy":"category","embeddable":true,"href":"https:\/\/jornalfatosenoticias.com.br\/index.php\/wp-json\/wp\/v2\/categories?post=2988"},{"taxonomy":"post_tag","embeddable":true,"href":"https:\/\/jornalfatosenoticias.com.br\/index.php\/wp-json\/wp\/v2\/tags?post=2988"}],"curies":[{"name":"wp","href":"https:\/\/api.w.org\/{rel}","templated":true}]}}