{"id":29890,"date":"2022-04-28T13:50:49","date_gmt":"2022-04-28T16:50:49","guid":{"rendered":"https:\/\/jornalfatosenoticias.com.br\/?p=29890"},"modified":"2022-04-28T13:50:51","modified_gmt":"2022-04-28T16:50:51","slug":"maratona-de-livros-mobiliza-criatividade-de-escolas-publicas-e-privadas","status":"publish","type":"post","link":"https:\/\/jornalfatosenoticias.com.br\/index.php\/2022\/04\/28\/maratona-de-livros-mobiliza-criatividade-de-escolas-publicas-e-privadas\/","title":{"rendered":"Maratona de Livros mobiliza criatividade de escolas p\u00fablicas e privadas"},"content":{"rendered":"\n<p><em><span class=\"has-inline-color has-black-color\">Que tal transformar um livro em um jogo de cartas ilustrado? Saiba mais sobre o concurso da \u00c1rvore, que une literatura, cultura digital e premiar\u00e1 as melhores propostas<\/span><\/em><\/p>\n\n\n\n<div class=\"wp-block-image\"><figure class=\"aligncenter size-large is-resized\"><img loading=\"lazy\" decoding=\"async\" src=\"https:\/\/jornalfatosenoticias.com.br\/wp-content\/uploads\/2022\/02\/Arte-Autoescola-Galatas_endereco_portal-1024x103.png\" alt=\"\" class=\"wp-image-27869\" width=\"437\" height=\"44\" srcset=\"https:\/\/jornalfatosenoticias.com.br\/wp-content\/uploads\/2022\/02\/Arte-Autoescola-Galatas_endereco_portal-1024x103.png 1024w, https:\/\/jornalfatosenoticias.com.br\/wp-content\/uploads\/2022\/02\/Arte-Autoescola-Galatas_endereco_portal-300x30.png 300w, https:\/\/jornalfatosenoticias.com.br\/wp-content\/uploads\/2022\/02\/Arte-Autoescola-Galatas_endereco_portal-768x77.png 768w, https:\/\/jornalfatosenoticias.com.br\/wp-content\/uploads\/2022\/02\/Arte-Autoescola-Galatas_endereco_portal.png 1223w\" sizes=\"auto, (max-width: 437px) 100vw, 437px\" \/><\/figure><\/div>\n\n\n\n<p>Quem passeia pelas vinte escolas municipais <strong><a href=\"https:\/\/pt.wikipedia.org\/wiki\/Pira%C3%AD\">de Pira\u00ed (Rio de Janeiro)<\/a>,<\/strong> localizada a 89 quil\u00f4metros da capital fluminense, encontra algo em comum: estantes de livros pelos corredores. Al\u00e9m da biblioteca e da sala de leitura, cerca de 50 t\u00edtulos, atualizados mensalmente, ficam dispon\u00edveis nas prateleiras avulsas de cada endere\u00e7o, para serem folheados ou emprestados de maneira bem pr\u00e1tica.<br>Facilitar o acesso e estimular a leitura \u00e9 algo presente no curr\u00edculo da cidade: todo m\u00eas de mar\u00e7o, por exemplo, acontece a Semana Municipal de Incentivo \u00e0 Leitura. A edi\u00e7\u00e3o deste ano foi marcada pelo lan\u00e7amento de outro projeto escolar voltado aos livros, intitulado \u201cMais leitura, por favor\u201d, com atividades focadas no <strong><a href=\"https:\/\/porvir.org\/uma-conversa-entre-a-educacao-e-o-projeto-modernista-de-1922\/\">centen\u00e1rio da Semana de Arte Moderna<\/a>.\u00a0<\/strong><br>\u201cO eixo de leitura \u00e9 bastante incentivado pelo munic\u00edpio. Quem l\u00ea mais, escreve melhor, amplia suas habilidades\u201d, afirma Paula Cristina de Souza Silva, diretora do departamento pedag\u00f3gico da Secretaria Municipal de Educa\u00e7\u00e3o de Pira\u00ed. <\/p>\n\n\n\n<div class=\"wp-block-image\"><figure class=\"aligncenter size-large\"><img loading=\"lazy\" decoding=\"async\" width=\"300\" height=\"250\" src=\"https:\/\/jornalfatosenoticias.com.br\/wp-content\/uploads\/2022\/02\/Banner-2.png\" alt=\"\" class=\"wp-image-27877\"\/><\/figure><\/div>\n\n\n\n<blockquote class=\"wp-block-quote is-layout-flow wp-block-quote-is-layout-flow\"><p><span class=\"has-inline-color has-luminous-vivid-orange-color\">\u201cTenho 30 anos de experi\u00eancia na \u00e1rea da educa\u00e7\u00e3o. Desde a \u00e9poca de professora, depois como diretora de escola, n\u00e3o h\u00e1 como se afastar da leitura. Gosto tanto de contar hist\u00f3rias quanto de leituras deleite e profissionais para a para higienizar a mente\u201d, diz.<\/span><\/p><\/blockquote>\n\n\n\n<div class=\"wp-block-image\"><figure class=\"alignleft size-large is-resized\"><img loading=\"lazy\" decoding=\"async\" src=\"https:\/\/jornalfatosenoticias.com.br\/wp-content\/uploads\/2022\/02\/Serra-Pack-459.png\" alt=\"\" class=\"wp-image-27471\" width=\"310\" height=\"124\"\/><\/figure><\/div>\n\n\n\n<p>E o h\u00e1bito leitor cruza as fronteiras municipais. Tr\u00eas escolas da cidade acabaram de se inscrever na<strong> <a href=\"https:\/\/www.arvore.com.br\/maratona?utm_source=porvir&amp;utm_medium=referral&amp;utm_content=maratona_materia_porvir_abril2022&amp;utm_campaign=maratona_2022\">Maratona de Leitura<\/a>,<\/strong> concurso nacional da\u00a0<a href=\"https:\/\/www.arvore.com.br\/\" target=\"_blank\" rel=\"noreferrer noopener\"><strong>\u00c1rvore<\/strong><\/a> com inscri\u00e7\u00f5es abertas at\u00e9 o dia 29 de abril. Escolas p\u00fablicas e privadas, de ensino fundamental e m\u00e9dio, podem participar do concurso: os alunos ter\u00e3o at\u00e9 10 de junho para criar um jogo com cartas ilustrado, com base nos livros do acervo da plataforma.<br>Com experi\u00eancia de mais de 10 concursos com tem\u00e1ticas diferentes, sempre focados na forma\u00e7\u00e3o leitora, a \u00c1rvore criou a <strong><a href=\"https:\/\/www.arvore.com.br\/maratona?utm_source=porvir&amp;utm_medium=referral&amp;utm_content=maratona_materia_porvir_abril2022&amp;utm_campaign=maratona_2022\" target=\"_blank\" rel=\"noreferrer noopener\">Maratona de Leitura<\/a><\/strong> a fim de relacionar o universo dos jogos, da leitura e da cria\u00e7\u00e3o. Em di\u00e1logo com a <strong><a href=\"https:\/\/porvir.org\/aprendizagem-baseada-em-projetos\/\">Aprendizagem Baseada em Projetos<\/a><\/strong> e as compet\u00eancias 3 e 5 da <strong><a href=\"https:\/\/porvir.org\/entenda-10-competencias-gerais-orientam-base-nacional-comum-curricular\/\">Base Nacional Comum Curricular<\/a><\/strong> <strong><a href=\"https:\/\/porvir.org\/entenda-10-competencias-gerais-orientam-base-nacional-comum-curricular\/\">(BNCC)<\/a><\/strong> sobre repert\u00f3rio cultural e cultura digital, respectivamente, o atual concurso estimula a criatividade de crian\u00e7as e jovens. <\/p>\n\n\n\n<div class=\"wp-block-image\"><figure class=\"aligncenter size-large is-resized\"><img loading=\"lazy\" decoding=\"async\" src=\"https:\/\/jornalfatosenoticias.com.br\/wp-content\/uploads\/2022\/03\/logo-Suinco-1024x390.jpg\" alt=\"\" class=\"wp-image-28785\" width=\"317\" height=\"120\"\/><\/figure><\/div>\n\n\n\n<blockquote class=\"wp-block-quote is-layout-flow wp-block-quote-is-layout-flow\"><p><span class=\"has-inline-color has-luminous-vivid-orange-color\">\u201cUm caminho que nos pareceu muito efetivo para mobilizar essas compet\u00eancias foi o de trazer o universo dos jogos de imagina\u00e7\u00e3o, que envolve muita criatividade, a cria\u00e7\u00e3o de narrativas e a arte da ilustra\u00e7\u00e3o\u201d, conta Nayhd Barros, especialista de conte\u00fado pedag\u00f3gico da \u00c1rvore.<\/span><\/p><\/blockquote>\n\n\n\n<div class=\"wp-block-image\"><figure class=\"alignright size-large is-resized\"><img loading=\"lazy\" decoding=\"async\" src=\"https:\/\/jornalfatosenoticias.com.br\/wp-content\/uploads\/2020\/02\/nova-logo-Marquetti.jpg\" alt=\"\" class=\"wp-image-22331\" width=\"299\" height=\"201\" srcset=\"https:\/\/jornalfatosenoticias.com.br\/wp-content\/uploads\/2020\/02\/nova-logo-Marquetti.jpg 643w, https:\/\/jornalfatosenoticias.com.br\/wp-content\/uploads\/2020\/02\/nova-logo-Marquetti-300x202.jpg 300w\" sizes=\"auto, (max-width: 299px) 100vw, 299px\" \/><\/figure><\/div>\n\n\n\n<p><strong><span class=\"has-inline-color has-vivid-green-cyan-color\">Do livro ao jogo<br><\/span><\/strong>A equipe selecionou seis livros para cada etapa escolar, principalmente narrativas de fic\u00e7\u00e3o com aventura e fantasia que dialogam com o universo dos jogos de imagina\u00e7\u00e3o. Entre as obras, est\u00e3o \u201cMMMM: M\u00f4nica e Menino Maluquinho na Montanha M\u00e1gica\u201d, de Maur\u00edcio de Souza, Ziraldo e Manuel Filho (para os anos iniciais do fundamental), \u201cO Mist\u00e9rio dos 5 Estrelas\u201d, de Marcos Rey (para os anos finais do fundamental) e o premiado \u201cTorto Arado\u201d, de Itamar Vieira J\u00fanior, para os alunos do ensino m\u00e9dio.<\/p>\n\n\n\n<blockquote class=\"wp-block-quote is-layout-flow wp-block-quote-is-layout-flow\"><p><span class=\"has-inline-color has-luminous-vivid-orange-color\">\u201cA linguagem visual foi um dos crit\u00e9rios que motivou a nossa escolha dos livros, especialmente para os anos iniciais. Outro foi a de narrativas ricas, com uma diversidade de elementos e personagens, que pudessem inspirar estudantes nas suas cria\u00e7\u00f5es\u201d, explica Nayhd. <\/span><\/p><\/blockquote>\n\n\n\n<div class=\"wp-block-image\"><figure class=\"aligncenter size-large is-resized\"><img loading=\"lazy\" decoding=\"async\" src=\"https:\/\/jornalfatosenoticias.com.br\/wp-content\/uploads\/2020\/02\/banner_ferramentas-1024x100.jpg\" alt=\"\" class=\"wp-image-1258\" width=\"399\" height=\"38\" srcset=\"https:\/\/jornalfatosenoticias.com.br\/wp-content\/uploads\/2020\/02\/banner_ferramentas-1024x100.jpg 1024w, https:\/\/jornalfatosenoticias.com.br\/wp-content\/uploads\/2020\/02\/banner_ferramentas-300x29.jpg 300w, https:\/\/jornalfatosenoticias.com.br\/wp-content\/uploads\/2020\/02\/banner_ferramentas-768x75.jpg 768w, https:\/\/jornalfatosenoticias.com.br\/wp-content\/uploads\/2020\/02\/banner_ferramentas.jpg 1227w\" sizes=\"auto, (max-width: 399px) 100vw, 399px\" \/><\/figure><\/div>\n\n\n\n<p>As cartas ilustradas ser\u00e3o avaliadas por uma comiss\u00e3o de especialistas da \u00c1rvore e alguns crit\u00e9rios como originalidade, di\u00e1logo com o livro escolhido, adequa\u00e7\u00e3o \u00e0 forma\u00e7\u00e3o e ano escolar ser\u00e3o decisivos na sele\u00e7\u00e3o final.<\/p>\n\n\n\n<p><strong><span class=\"has-inline-color has-vivid-green-cyan-color\">Incentivo e participa\u00e7\u00e3o<br><\/span><\/strong>Formada em letras e pedagogia, Daniela Botti Hayashida, de S\u00e3o Paulo, \u00e9 uma entusiasta de projetos de leitura e n\u00e3o perde a chance de participar de concursos. \u201cSou um ser aprendente, tenho inquietude pedag\u00f3gica e um olhar emp\u00e1tico. Sempre amei ler e quero que meus pequenos gigantes leitores sintam a mesma euforia que eu quando alcan\u00e7o um objetivo\u201d, afirma a professora de l\u00edngua portuguesa do 4\u00ba e 5\u00ba ano.<\/p>\n\n\n\n<div class=\"wp-block-image\"><figure class=\"alignleft size-large is-resized\"><img loading=\"lazy\" decoding=\"async\" src=\"https:\/\/jornalfatosenoticias.com.br\/wp-content\/uploads\/2022\/02\/Precisao-Contabilidade-1024x724.jpg\" alt=\"\" class=\"wp-image-28088\" width=\"308\" height=\"217\"\/><\/figure><\/div>\n\n\n\n<p>Em 2021, os alunos de Daniela concorreram com outras 800 turmas de todo o Brasil e ganharam o <strong><a href=\"https:\/\/www.arvore.com.br\/blog\/projetos-de-leitura-conheca-na-pratica\" target=\"_blank\" rel=\"noreferrer noopener\">Festival de Arte Digital<\/a><\/strong> com o projeto \u201cFicar sem ler? Deus me Livro\u201d, que entrela\u00e7a a leitura com as habilidades da BNCC. \u201cCom a pandemia, o projeto quase parou por causa do distanciamento social. J\u00e1 t\u00ednhamos feito o download de todos os livros em dom\u00ednio p\u00fablico, mas os estudantes queriam outros t\u00edtulos. Ao encontrar a \u00c1rvore, que une leitura e gamifica\u00e7\u00e3o, a turma se entusiasmou ainda mais. Deixamos de ter a competi\u00e7\u00e3o entre leitura e videogame\u201d, diz Daniela.<br>Para a professora, participar de projetos de leitura \u00e9 uma oportunidade de aprimorar o desenvolvimento do estudante e garantir que os objetivos de aprendizagem sejam alcan\u00e7ados de uma maneira mais significativa. <\/p>\n\n\n\n<div class=\"wp-block-image\"><figure class=\"aligncenter size-large is-resized\"><img loading=\"lazy\" decoding=\"async\" src=\"https:\/\/jornalfatosenoticias.com.br\/wp-content\/uploads\/2020\/02\/Logo_Mizu.png\" alt=\"\" class=\"wp-image-1441\" width=\"430\" height=\"53\" srcset=\"https:\/\/jornalfatosenoticias.com.br\/wp-content\/uploads\/2020\/02\/Logo_Mizu.png 729w, https:\/\/jornalfatosenoticias.com.br\/wp-content\/uploads\/2020\/02\/Logo_Mizu-300x37.png 300w\" sizes=\"auto, (max-width: 430px) 100vw, 430px\" \/><\/figure><\/div>\n\n\n\n<blockquote class=\"wp-block-quote is-layout-flow wp-block-quote-is-layout-flow\"><p><span class=\"has-inline-color has-luminous-vivid-orange-color\">\u201cDesenvolver um projeto educacional \u00e9 uma grande troca. Permite que o aluno tenha uma participa\u00e7\u00e3o mais ativa, desenvolva compet\u00eancias cognitivas e socioemocionais, realize a\u00e7\u00f5es em colabora\u00e7\u00e3o com os colegas, al\u00e9m de promover engajamento e transforma\u00e7\u00e3o n\u00e3o s\u00f3 individual, como coletiva\u201d, ressalta a professora. \u201cUse metodologias ativas e n\u00e3o se esque\u00e7a, professor, de que voc\u00ea \u00e9 o maior aprendente\u201d, sugere Daniela.<\/span><\/p><\/blockquote>\n\n\n\n<div class=\"wp-block-image\"><figure class=\"alignright size-large\"><img decoding=\"async\" src=\"https:\/\/jornalfatosenoticias.com.br\/wp-content\/uploads\/2020\/02\/logo_esteio.jpg\" alt=\"\" class=\"wp-image-1214\"\/><\/figure><\/div>\n\n\n\n<p>Nayhd Barros acrescenta duas dicas para professores interessados em concursos de leitura. \u201cEscute os estudantes. \u00c9 muito importante pesquisar e levantar afinidades e interesses que mobilizem crian\u00e7as e jovens atualmente. Falar a l\u00edngua deles e associar a leitura a momentos divertidos e din\u00e2micos\u201d, afirma. \u201cOutra dica \u00e9 criar momentos de culmin\u00e2ncia e de trocas coletivas, com experi\u00eancias valiosas, como encontros com autores, rodas de conversa, jogos coletivos, al\u00e9m de produ\u00e7\u00f5es que estimulem intera\u00e7\u00e3o e coopera\u00e7\u00e3o entre estudantes. Com o retorno \u00e0s aulas presenciais, apostar no encontro e na constru\u00e7\u00e3o coletiva \u00e9 ainda mais engrandecedor\u201d, enfatiza Nayhd. <strong><a href=\"https:\/\/www.arvore.com.br\/blog\/concursos-de-leitura-confira-sobre-a-pratica\" target=\"_blank\" rel=\"noreferrer noopener\">Confira mais sugest\u00f5es neste post do blog da \u00c1rvore<\/a>.<\/strong><\/p>\n\n\n\n<div class=\"wp-block-image\"><figure class=\"aligncenter size-large is-resized\"><img loading=\"lazy\" decoding=\"async\" src=\"https:\/\/jornalfatosenoticias.com.br\/wp-content\/uploads\/2020\/02\/Serra-Grande-1024x160.png\" alt=\"\" class=\"wp-image-7836\" width=\"398\" height=\"62\"\/><\/figure><\/div>\n\n\n\n<p><strong><em>Fonte: <a href=\"https:\/\/porvir.org\/maratona-de-leitura-mobiliza-criatividade-de-escolas-publicas-e-privadas\/\">Porvir<\/a><\/em><\/strong><\/p>\n","protected":false},"excerpt":{"rendered":"<p>Que tal transformar um livro em um jogo de cartas ilustrado? Saiba mais sobre o concurso da \u00c1rvore, que une literatura, cultura digital e premiar\u00e1 as melhores propostas Quem passeia pelas vinte escolas municipais de Pira\u00ed (Rio de Janeiro), localizada a 89 quil\u00f4metros da capital fluminense, encontra algo em comum: estantes de livros pelos corredores. [&hellip;]<\/p>\n","protected":false},"author":2,"featured_media":29891,"comment_status":"open","ping_status":"open","sticky":false,"template":"","format":"standard","meta":{"footnotes":""},"categories":[7],"tags":[7477,2203,9651,4860],"class_list":["post-29890","post","type-post","status-publish","format-standard","has-post-thumbnail","hentry","category-educacao","tag-competencias-para-o-seculo-21","tag-ensino-fundamental","tag-ensino-medio","tag-leitura"],"yoast_head":"<!-- This site is optimized with the Yoast SEO plugin v26.5 - https:\/\/yoast.com\/wordpress\/plugins\/seo\/ -->\n<title>Maratona de Livros mobiliza criatividade de escolas p\u00fablicas e privadas - Jornal Fatos e Not\u00edcias<\/title>\n<meta name=\"robots\" content=\"index, follow, max-snippet:-1, max-image-preview:large, max-video-preview:-1\" \/>\n<link rel=\"canonical\" href=\"https:\/\/jornalfatosenoticias.com.br\/index.php\/2022\/04\/28\/maratona-de-livros-mobiliza-criatividade-de-escolas-publicas-e-privadas\/\" \/>\n<meta property=\"og:locale\" content=\"pt_BR\" \/>\n<meta property=\"og:type\" content=\"article\" \/>\n<meta property=\"og:title\" content=\"Maratona de Livros mobiliza criatividade de escolas p\u00fablicas e privadas - Jornal Fatos e Not\u00edcias\" \/>\n<meta property=\"og:description\" content=\"Que tal transformar um livro em um jogo de cartas ilustrado? Saiba mais sobre o concurso da \u00c1rvore, que une literatura, cultura digital e premiar\u00e1 as melhores propostas Quem passeia pelas vinte escolas municipais de Pira\u00ed (Rio de Janeiro), localizada a 89 quil\u00f4metros da capital fluminense, encontra algo em comum: estantes de livros pelos corredores. [&hellip;]\" \/>\n<meta property=\"og:url\" content=\"https:\/\/jornalfatosenoticias.com.br\/index.php\/2022\/04\/28\/maratona-de-livros-mobiliza-criatividade-de-escolas-publicas-e-privadas\/\" \/>\n<meta property=\"og:site_name\" content=\"Jornal Fatos e Not\u00edcias\" \/>\n<meta property=\"article:published_time\" content=\"2022-04-28T16:50:49+00:00\" \/>\n<meta property=\"article:modified_time\" content=\"2022-04-28T16:50:51+00:00\" \/>\n<meta property=\"og:image\" content=\"https:\/\/jornalfatosenoticias.com.br\/wp-content\/uploads\/2022\/04\/escola-leitura-maratona.jpeg\" \/>\n\t<meta property=\"og:image:width\" content=\"1000\" \/>\n\t<meta property=\"og:image:height\" content=\"688\" \/>\n\t<meta property=\"og:image:type\" content=\"image\/jpeg\" \/>\n<meta name=\"author\" content=\"Luzimara Fernandes\" \/>\n<meta name=\"twitter:card\" content=\"summary_large_image\" \/>\n<meta name=\"twitter:label1\" content=\"Escrito por\" \/>\n\t<meta name=\"twitter:data1\" content=\"Luzimara Fernandes\" \/>\n\t<meta name=\"twitter:label2\" content=\"Est. tempo de leitura\" \/>\n\t<meta name=\"twitter:data2\" content=\"5 minutos\" \/>\n<script type=\"application\/ld+json\" class=\"yoast-schema-graph\">{\"@context\":\"https:\/\/schema.org\",\"@graph\":[{\"@type\":\"Article\",\"@id\":\"https:\/\/jornalfatosenoticias.com.br\/index.php\/2022\/04\/28\/maratona-de-livros-mobiliza-criatividade-de-escolas-publicas-e-privadas\/#article\",\"isPartOf\":{\"@id\":\"https:\/\/jornalfatosenoticias.com.br\/index.php\/2022\/04\/28\/maratona-de-livros-mobiliza-criatividade-de-escolas-publicas-e-privadas\/\"},\"author\":{\"name\":\"Luzimara Fernandes\",\"@id\":\"https:\/\/jornalfatosenoticias.com.br\/#\/schema\/person\/d63837fa13ac8666eb9e74e0985d6f81\"},\"headline\":\"Maratona de Livros mobiliza criatividade de escolas p\u00fablicas e privadas\",\"datePublished\":\"2022-04-28T16:50:49+00:00\",\"dateModified\":\"2022-04-28T16:50:51+00:00\",\"mainEntityOfPage\":{\"@id\":\"https:\/\/jornalfatosenoticias.com.br\/index.php\/2022\/04\/28\/maratona-de-livros-mobiliza-criatividade-de-escolas-publicas-e-privadas\/\"},\"wordCount\":1010,\"commentCount\":0,\"publisher\":{\"@id\":\"https:\/\/jornalfatosenoticias.com.br\/#organization\"},\"image\":{\"@id\":\"https:\/\/jornalfatosenoticias.com.br\/index.php\/2022\/04\/28\/maratona-de-livros-mobiliza-criatividade-de-escolas-publicas-e-privadas\/#primaryimage\"},\"thumbnailUrl\":\"https:\/\/jornalfatosenoticias.com.br\/wp-content\/uploads\/2022\/04\/escola-leitura-maratona.jpeg\",\"keywords\":[\"compet\u00eancias para o s\u00e9culo 21\",\"ensino fundamental\",\"ensino m\u00e9dio\",\"leitura\"],\"articleSection\":[\"Educa\u00e7\u00e3o\"],\"inLanguage\":\"pt-BR\",\"potentialAction\":[{\"@type\":\"CommentAction\",\"name\":\"Comment\",\"target\":[\"https:\/\/jornalfatosenoticias.com.br\/index.php\/2022\/04\/28\/maratona-de-livros-mobiliza-criatividade-de-escolas-publicas-e-privadas\/#respond\"]}]},{\"@type\":\"WebPage\",\"@id\":\"https:\/\/jornalfatosenoticias.com.br\/index.php\/2022\/04\/28\/maratona-de-livros-mobiliza-criatividade-de-escolas-publicas-e-privadas\/\",\"url\":\"https:\/\/jornalfatosenoticias.com.br\/index.php\/2022\/04\/28\/maratona-de-livros-mobiliza-criatividade-de-escolas-publicas-e-privadas\/\",\"name\":\"Maratona de Livros mobiliza criatividade de escolas p\u00fablicas e privadas - Jornal Fatos e Not\u00edcias\",\"isPartOf\":{\"@id\":\"https:\/\/jornalfatosenoticias.com.br\/#website\"},\"primaryImageOfPage\":{\"@id\":\"https:\/\/jornalfatosenoticias.com.br\/index.php\/2022\/04\/28\/maratona-de-livros-mobiliza-criatividade-de-escolas-publicas-e-privadas\/#primaryimage\"},\"image\":{\"@id\":\"https:\/\/jornalfatosenoticias.com.br\/index.php\/2022\/04\/28\/maratona-de-livros-mobiliza-criatividade-de-escolas-publicas-e-privadas\/#primaryimage\"},\"thumbnailUrl\":\"https:\/\/jornalfatosenoticias.com.br\/wp-content\/uploads\/2022\/04\/escola-leitura-maratona.jpeg\",\"datePublished\":\"2022-04-28T16:50:49+00:00\",\"dateModified\":\"2022-04-28T16:50:51+00:00\",\"breadcrumb\":{\"@id\":\"https:\/\/jornalfatosenoticias.com.br\/index.php\/2022\/04\/28\/maratona-de-livros-mobiliza-criatividade-de-escolas-publicas-e-privadas\/#breadcrumb\"},\"inLanguage\":\"pt-BR\",\"potentialAction\":[{\"@type\":\"ReadAction\",\"target\":[\"https:\/\/jornalfatosenoticias.com.br\/index.php\/2022\/04\/28\/maratona-de-livros-mobiliza-criatividade-de-escolas-publicas-e-privadas\/\"]}]},{\"@type\":\"ImageObject\",\"inLanguage\":\"pt-BR\",\"@id\":\"https:\/\/jornalfatosenoticias.com.br\/index.php\/2022\/04\/28\/maratona-de-livros-mobiliza-criatividade-de-escolas-publicas-e-privadas\/#primaryimage\",\"url\":\"https:\/\/jornalfatosenoticias.com.br\/wp-content\/uploads\/2022\/04\/escola-leitura-maratona.jpeg\",\"contentUrl\":\"https:\/\/jornalfatosenoticias.com.br\/wp-content\/uploads\/2022\/04\/escola-leitura-maratona.jpeg\",\"width\":1000,\"height\":688},{\"@type\":\"BreadcrumbList\",\"@id\":\"https:\/\/jornalfatosenoticias.com.br\/index.php\/2022\/04\/28\/maratona-de-livros-mobiliza-criatividade-de-escolas-publicas-e-privadas\/#breadcrumb\",\"itemListElement\":[{\"@type\":\"ListItem\",\"position\":1,\"name\":\"In\u00edcio\",\"item\":\"https:\/\/jornalfatosenoticias.com.br\/\"},{\"@type\":\"ListItem\",\"position\":2,\"name\":\"Maratona de Livros mobiliza criatividade de escolas p\u00fablicas e privadas\"}]},{\"@type\":\"WebSite\",\"@id\":\"https:\/\/jornalfatosenoticias.com.br\/#website\",\"url\":\"https:\/\/jornalfatosenoticias.com.br\/\",\"name\":\"Jornal Fatos e Not\u00edcias\",\"description\":\"Not\u00edcias em geral\",\"publisher\":{\"@id\":\"https:\/\/jornalfatosenoticias.com.br\/#organization\"},\"potentialAction\":[{\"@type\":\"SearchAction\",\"target\":{\"@type\":\"EntryPoint\",\"urlTemplate\":\"https:\/\/jornalfatosenoticias.com.br\/?s={search_term_string}\"},\"query-input\":{\"@type\":\"PropertyValueSpecification\",\"valueRequired\":true,\"valueName\":\"search_term_string\"}}],\"inLanguage\":\"pt-BR\"},{\"@type\":\"Organization\",\"@id\":\"https:\/\/jornalfatosenoticias.com.br\/#organization\",\"name\":\"Jornal Fatos e Not\u00edcias\",\"url\":\"https:\/\/jornalfatosenoticias.com.br\/\",\"logo\":{\"@type\":\"ImageObject\",\"inLanguage\":\"pt-BR\",\"@id\":\"https:\/\/jornalfatosenoticias.com.br\/#\/schema\/logo\/image\/\",\"url\":\"https:\/\/jornalfatosenoticias.com.br\/wp-content\/uploads\/2020\/02\/logo120.png\",\"contentUrl\":\"https:\/\/jornalfatosenoticias.com.br\/wp-content\/uploads\/2020\/02\/logo120.png\",\"width\":1227,\"height\":120,\"caption\":\"Jornal Fatos e Not\u00edcias\"},\"image\":{\"@id\":\"https:\/\/jornalfatosenoticias.com.br\/#\/schema\/logo\/image\/\"}},{\"@type\":\"Person\",\"@id\":\"https:\/\/jornalfatosenoticias.com.br\/#\/schema\/person\/d63837fa13ac8666eb9e74e0985d6f81\",\"name\":\"Luzimara Fernandes\",\"image\":{\"@type\":\"ImageObject\",\"inLanguage\":\"pt-BR\",\"@id\":\"https:\/\/jornalfatosenoticias.com.br\/#\/schema\/person\/image\/\",\"url\":\"https:\/\/jornalfatosenoticias.com.br\/wp-content\/uploads\/2025\/05\/EU_portal.jpg\",\"contentUrl\":\"https:\/\/jornalfatosenoticias.com.br\/wp-content\/uploads\/2025\/05\/EU_portal.jpg\",\"caption\":\"Luzimara Fernandes\"},\"description\":\"Jornalista MTB 2358-ES\",\"sameAs\":[\"https:\/\/jornalfatosenoticias.com.br\"],\"url\":\"https:\/\/jornalfatosenoticias.com.br\/index.php\/author\/luzimara\/\"}]}<\/script>\n<!-- \/ Yoast SEO plugin. -->","yoast_head_json":{"title":"Maratona de Livros mobiliza criatividade de escolas p\u00fablicas e privadas - Jornal Fatos e Not\u00edcias","robots":{"index":"index","follow":"follow","max-snippet":"max-snippet:-1","max-image-preview":"max-image-preview:large","max-video-preview":"max-video-preview:-1"},"canonical":"https:\/\/jornalfatosenoticias.com.br\/index.php\/2022\/04\/28\/maratona-de-livros-mobiliza-criatividade-de-escolas-publicas-e-privadas\/","og_locale":"pt_BR","og_type":"article","og_title":"Maratona de Livros mobiliza criatividade de escolas p\u00fablicas e privadas - Jornal Fatos e Not\u00edcias","og_description":"Que tal transformar um livro em um jogo de cartas ilustrado? Saiba mais sobre o concurso da \u00c1rvore, que une literatura, cultura digital e premiar\u00e1 as melhores propostas Quem passeia pelas vinte escolas municipais de Pira\u00ed (Rio de Janeiro), localizada a 89 quil\u00f4metros da capital fluminense, encontra algo em comum: estantes de livros pelos corredores. [&hellip;]","og_url":"https:\/\/jornalfatosenoticias.com.br\/index.php\/2022\/04\/28\/maratona-de-livros-mobiliza-criatividade-de-escolas-publicas-e-privadas\/","og_site_name":"Jornal Fatos e Not\u00edcias","article_published_time":"2022-04-28T16:50:49+00:00","article_modified_time":"2022-04-28T16:50:51+00:00","og_image":[{"width":1000,"height":688,"url":"https:\/\/jornalfatosenoticias.com.br\/wp-content\/uploads\/2022\/04\/escola-leitura-maratona.jpeg","type":"image\/jpeg"}],"author":"Luzimara Fernandes","twitter_card":"summary_large_image","twitter_misc":{"Escrito por":"Luzimara Fernandes","Est. tempo de leitura":"5 minutos"},"schema":{"@context":"https:\/\/schema.org","@graph":[{"@type":"Article","@id":"https:\/\/jornalfatosenoticias.com.br\/index.php\/2022\/04\/28\/maratona-de-livros-mobiliza-criatividade-de-escolas-publicas-e-privadas\/#article","isPartOf":{"@id":"https:\/\/jornalfatosenoticias.com.br\/index.php\/2022\/04\/28\/maratona-de-livros-mobiliza-criatividade-de-escolas-publicas-e-privadas\/"},"author":{"name":"Luzimara Fernandes","@id":"https:\/\/jornalfatosenoticias.com.br\/#\/schema\/person\/d63837fa13ac8666eb9e74e0985d6f81"},"headline":"Maratona de Livros mobiliza criatividade de escolas p\u00fablicas e privadas","datePublished":"2022-04-28T16:50:49+00:00","dateModified":"2022-04-28T16:50:51+00:00","mainEntityOfPage":{"@id":"https:\/\/jornalfatosenoticias.com.br\/index.php\/2022\/04\/28\/maratona-de-livros-mobiliza-criatividade-de-escolas-publicas-e-privadas\/"},"wordCount":1010,"commentCount":0,"publisher":{"@id":"https:\/\/jornalfatosenoticias.com.br\/#organization"},"image":{"@id":"https:\/\/jornalfatosenoticias.com.br\/index.php\/2022\/04\/28\/maratona-de-livros-mobiliza-criatividade-de-escolas-publicas-e-privadas\/#primaryimage"},"thumbnailUrl":"https:\/\/jornalfatosenoticias.com.br\/wp-content\/uploads\/2022\/04\/escola-leitura-maratona.jpeg","keywords":["compet\u00eancias para o s\u00e9culo 21","ensino fundamental","ensino m\u00e9dio","leitura"],"articleSection":["Educa\u00e7\u00e3o"],"inLanguage":"pt-BR","potentialAction":[{"@type":"CommentAction","name":"Comment","target":["https:\/\/jornalfatosenoticias.com.br\/index.php\/2022\/04\/28\/maratona-de-livros-mobiliza-criatividade-de-escolas-publicas-e-privadas\/#respond"]}]},{"@type":"WebPage","@id":"https:\/\/jornalfatosenoticias.com.br\/index.php\/2022\/04\/28\/maratona-de-livros-mobiliza-criatividade-de-escolas-publicas-e-privadas\/","url":"https:\/\/jornalfatosenoticias.com.br\/index.php\/2022\/04\/28\/maratona-de-livros-mobiliza-criatividade-de-escolas-publicas-e-privadas\/","name":"Maratona de Livros mobiliza criatividade de escolas p\u00fablicas e privadas - Jornal Fatos e Not\u00edcias","isPartOf":{"@id":"https:\/\/jornalfatosenoticias.com.br\/#website"},"primaryImageOfPage":{"@id":"https:\/\/jornalfatosenoticias.com.br\/index.php\/2022\/04\/28\/maratona-de-livros-mobiliza-criatividade-de-escolas-publicas-e-privadas\/#primaryimage"},"image":{"@id":"https:\/\/jornalfatosenoticias.com.br\/index.php\/2022\/04\/28\/maratona-de-livros-mobiliza-criatividade-de-escolas-publicas-e-privadas\/#primaryimage"},"thumbnailUrl":"https:\/\/jornalfatosenoticias.com.br\/wp-content\/uploads\/2022\/04\/escola-leitura-maratona.jpeg","datePublished":"2022-04-28T16:50:49+00:00","dateModified":"2022-04-28T16:50:51+00:00","breadcrumb":{"@id":"https:\/\/jornalfatosenoticias.com.br\/index.php\/2022\/04\/28\/maratona-de-livros-mobiliza-criatividade-de-escolas-publicas-e-privadas\/#breadcrumb"},"inLanguage":"pt-BR","potentialAction":[{"@type":"ReadAction","target":["https:\/\/jornalfatosenoticias.com.br\/index.php\/2022\/04\/28\/maratona-de-livros-mobiliza-criatividade-de-escolas-publicas-e-privadas\/"]}]},{"@type":"ImageObject","inLanguage":"pt-BR","@id":"https:\/\/jornalfatosenoticias.com.br\/index.php\/2022\/04\/28\/maratona-de-livros-mobiliza-criatividade-de-escolas-publicas-e-privadas\/#primaryimage","url":"https:\/\/jornalfatosenoticias.com.br\/wp-content\/uploads\/2022\/04\/escola-leitura-maratona.jpeg","contentUrl":"https:\/\/jornalfatosenoticias.com.br\/wp-content\/uploads\/2022\/04\/escola-leitura-maratona.jpeg","width":1000,"height":688},{"@type":"BreadcrumbList","@id":"https:\/\/jornalfatosenoticias.com.br\/index.php\/2022\/04\/28\/maratona-de-livros-mobiliza-criatividade-de-escolas-publicas-e-privadas\/#breadcrumb","itemListElement":[{"@type":"ListItem","position":1,"name":"In\u00edcio","item":"https:\/\/jornalfatosenoticias.com.br\/"},{"@type":"ListItem","position":2,"name":"Maratona de Livros mobiliza criatividade de escolas p\u00fablicas e privadas"}]},{"@type":"WebSite","@id":"https:\/\/jornalfatosenoticias.com.br\/#website","url":"https:\/\/jornalfatosenoticias.com.br\/","name":"Jornal Fatos e Not\u00edcias","description":"Not\u00edcias em geral","publisher":{"@id":"https:\/\/jornalfatosenoticias.com.br\/#organization"},"potentialAction":[{"@type":"SearchAction","target":{"@type":"EntryPoint","urlTemplate":"https:\/\/jornalfatosenoticias.com.br\/?s={search_term_string}"},"query-input":{"@type":"PropertyValueSpecification","valueRequired":true,"valueName":"search_term_string"}}],"inLanguage":"pt-BR"},{"@type":"Organization","@id":"https:\/\/jornalfatosenoticias.com.br\/#organization","name":"Jornal Fatos e Not\u00edcias","url":"https:\/\/jornalfatosenoticias.com.br\/","logo":{"@type":"ImageObject","inLanguage":"pt-BR","@id":"https:\/\/jornalfatosenoticias.com.br\/#\/schema\/logo\/image\/","url":"https:\/\/jornalfatosenoticias.com.br\/wp-content\/uploads\/2020\/02\/logo120.png","contentUrl":"https:\/\/jornalfatosenoticias.com.br\/wp-content\/uploads\/2020\/02\/logo120.png","width":1227,"height":120,"caption":"Jornal Fatos e Not\u00edcias"},"image":{"@id":"https:\/\/jornalfatosenoticias.com.br\/#\/schema\/logo\/image\/"}},{"@type":"Person","@id":"https:\/\/jornalfatosenoticias.com.br\/#\/schema\/person\/d63837fa13ac8666eb9e74e0985d6f81","name":"Luzimara Fernandes","image":{"@type":"ImageObject","inLanguage":"pt-BR","@id":"https:\/\/jornalfatosenoticias.com.br\/#\/schema\/person\/image\/","url":"https:\/\/jornalfatosenoticias.com.br\/wp-content\/uploads\/2025\/05\/EU_portal.jpg","contentUrl":"https:\/\/jornalfatosenoticias.com.br\/wp-content\/uploads\/2025\/05\/EU_portal.jpg","caption":"Luzimara Fernandes"},"description":"Jornalista MTB 2358-ES","sameAs":["https:\/\/jornalfatosenoticias.com.br"],"url":"https:\/\/jornalfatosenoticias.com.br\/index.php\/author\/luzimara\/"}]}},"cc_featured_image_caption":{"caption_text":"(Foto: FatCamera\/iStockphoto) ","source_text":"","source_url":""},"jetpack_featured_media_url":"https:\/\/jornalfatosenoticias.com.br\/wp-content\/uploads\/2022\/04\/escola-leitura-maratona.jpeg","_links":{"self":[{"href":"https:\/\/jornalfatosenoticias.com.br\/index.php\/wp-json\/wp\/v2\/posts\/29890","targetHints":{"allow":["GET"]}}],"collection":[{"href":"https:\/\/jornalfatosenoticias.com.br\/index.php\/wp-json\/wp\/v2\/posts"}],"about":[{"href":"https:\/\/jornalfatosenoticias.com.br\/index.php\/wp-json\/wp\/v2\/types\/post"}],"author":[{"embeddable":true,"href":"https:\/\/jornalfatosenoticias.com.br\/index.php\/wp-json\/wp\/v2\/users\/2"}],"replies":[{"embeddable":true,"href":"https:\/\/jornalfatosenoticias.com.br\/index.php\/wp-json\/wp\/v2\/comments?post=29890"}],"version-history":[{"count":0,"href":"https:\/\/jornalfatosenoticias.com.br\/index.php\/wp-json\/wp\/v2\/posts\/29890\/revisions"}],"wp:featuredmedia":[{"embeddable":true,"href":"https:\/\/jornalfatosenoticias.com.br\/index.php\/wp-json\/wp\/v2\/media\/29891"}],"wp:attachment":[{"href":"https:\/\/jornalfatosenoticias.com.br\/index.php\/wp-json\/wp\/v2\/media?parent=29890"}],"wp:term":[{"taxonomy":"category","embeddable":true,"href":"https:\/\/jornalfatosenoticias.com.br\/index.php\/wp-json\/wp\/v2\/categories?post=29890"},{"taxonomy":"post_tag","embeddable":true,"href":"https:\/\/jornalfatosenoticias.com.br\/index.php\/wp-json\/wp\/v2\/tags?post=29890"}],"curies":[{"name":"wp","href":"https:\/\/api.w.org\/{rel}","templated":true}]}}