{"id":29921,"date":"2022-04-29T11:41:03","date_gmt":"2022-04-29T14:41:03","guid":{"rendered":"https:\/\/jornalfatosenoticias.com.br\/?p=29921"},"modified":"2022-04-29T11:41:05","modified_gmt":"2022-04-29T14:41:05","slug":"eclipse-solar-amanha-so-podera-ser-visto-em-regioes-remotas","status":"publish","type":"post","link":"https:\/\/jornalfatosenoticias.com.br\/index.php\/2022\/04\/29\/eclipse-solar-amanha-so-podera-ser-visto-em-regioes-remotas\/","title":{"rendered":"Eclipse solar amanh\u00e3 s\u00f3 poder\u00e1 ser visto em regi\u00f5es remotas"},"content":{"rendered":"\n<p><em><span class=\"has-inline-color has-black-color\">No Brasil, site do Observat\u00f3rio Nacional mostrar\u00e1 fen\u00f4meno<\/span><\/em><\/p>\n\n\n\n<div class=\"wp-block-image\"><figure class=\"aligncenter size-large is-resized\"><img loading=\"lazy\" decoding=\"async\" src=\"https:\/\/jornalfatosenoticias.com.br\/wp-content\/uploads\/2020\/02\/Serra-Grande-1024x160.png\" alt=\"\" class=\"wp-image-7836\" width=\"333\" height=\"52\"\/><\/figure><\/div>\n\n\n\n<p>Poucos ver\u00e3o com os pr\u00f3prios olhos, mas muitos poder\u00e3o acompanhar \u2014 na <strong><a href=\"https:\/\/www.youtube.com\/user\/observatorionacional\" target=\"_blank\" rel=\"noreferrer noopener\">p\u00e1gina do Observat\u00f3rio Nacional<\/a>\u00a0<\/strong>no YouTube \u2014 o eclipse solar em regi\u00f5es remotas do planeta. Ser\u00e1 na tarde deste s\u00e1bado (30).<br>O fen\u00f4meno s\u00f3 poder\u00e1 ser observado por quem estiver na parte sul da Am\u00e9rica do Sul, especialmente no extremo do continente, onde o eclipse ser\u00e1 mais intenso, abrangendo entre 40% e 54% do disco do Sol.<br>Segundo o Observat\u00f3rio Nacional, o eclipse poder\u00e1 ser visto tamb\u00e9m em partes da Ant\u00e1rtica e na parte sul dos oceanos Pac\u00edfico e Atl\u00e2ntico.<br>Este \u00e9 o primeiro dos dois eclipses solares previstos para este ano \u2014 nenhum observ\u00e1vel no Brasil. Ele ter\u00e1 in\u00edcio \u00e0s 15h45 (hor\u00e1rio de Bras\u00edlia).<br>A retransmiss\u00e3o ao vivo, do Observat\u00f3rio Nacional, ter\u00e1 in\u00edcio um pouco mais cedo, \u00e0s 15h. Nela, os amantes da astronomia ter\u00e3o muitas atra\u00e7\u00f5es, promete a astr\u00f4noma Josina Nascimento.<\/p>\n\n\n\n<div class=\"wp-block-image\"><figure class=\"alignleft size-large is-resized\"><img loading=\"lazy\" decoding=\"async\" src=\"https:\/\/jornalfatosenoticias.com.br\/wp-content\/uploads\/2022\/03\/logo-Suinco-1024x390.jpg\" alt=\"\" class=\"wp-image-28785\" width=\"336\" height=\"127\"\/><\/figure><\/div>\n\n\n\n<p>Al\u00e9m de explicar como ocorrem os eclipses, ela disponibilizar\u00e1 imagens de outro fen\u00f4meno solar, visto a partir de Marte. \u201cS\u00e3o imagens obtidas do ponto de vista marciano, flagradas pelo rover Perseverance, que est\u00e1 em Marte. O v\u00eddeo mostra o momento em que a lua Fobos passou em frente ao Sol. \u00c9 imperd\u00edvel\u201d, disse \u00e0 Ag\u00eancia Brasil a astr\u00f4noma.<\/p>\n\n\n\n<p><strong><span class=\"has-inline-color has-black-color\">Lua entre o Sol e a Terra<br><\/span><\/strong>De acordo com o Observat\u00f3rio Nacional, eclipses solares ocorrem quando a Lua fica entre o Sol e a Terra, projetando uma sombra sobre o planeta. A sombra mais escura, onde toda a luz solar \u00e9 bloqueada, \u00e9 chamada umbra. Em torno da umbra se define a sombra mais clara, a penumbra, onde a luz solar \u00e9 parcialmente bloqueada.<br>Se o observador est\u00e1 na estreita faixa da Terra atingida pela umbra, ele vai ver o eclipse total. Se est\u00e1 na \u00e1rea atingida pela penumbra, ver\u00e1 como parcial. \u201cE nos casos em que n\u00e3o h\u00e1 defini\u00e7\u00e3o da umbra, como os eclipses solares de 2022, temos somente eclipse parcial\u201d.<br>Em m\u00e9dia, um eclipse total do Sol ocorre a cada 18 meses, mas por serem vis\u00edveis somente em estreita faixa sobre a Terra, parecem muito raros.<\/p>\n\n\n\n<div class=\"wp-block-image\"><figure class=\"alignright size-large\"><img decoding=\"async\" src=\"https:\/\/jornalfatosenoticias.com.br\/wp-content\/uploads\/2020\/02\/logo_esteio.jpg\" alt=\"\" class=\"wp-image-1214\"\/><\/figure><\/div>\n\n\n\n<p><strong><span class=\"has-inline-color has-black-color\">Cuidados para a observa\u00e7\u00e3o<br><\/span><\/strong>A observa\u00e7\u00e3o de eclipses solares nunca deve ser feita nem a olho nu, nem com \u00f3culos escuros, chapas de Raio X ou filmes fotogr\u00e1ficos, porque a claridade e o calor do Sol podem danificar seriamente a retina.<br>Uma sugest\u00e3o dada por especialistas \u00e9 de que interessados em fazer esse tipo de observa\u00e7\u00e3o procurem, em lojas de ferragens ou de materiais de constru\u00e7\u00e3o, o chamado vidro de solda. A tonalidade desse vidro deve ser, no m\u00ednimo, 14. O vidro deve ser colocado diante dos olhos para uma observa\u00e7\u00e3o segura do Sol.<\/p>\n\n\n\n<p><strong><span class=\"has-inline-color has-black-color\">Outras retransmiss\u00f5es<br><\/span><\/strong>Diante do grande interesse causado pela astronomia, o Observat\u00f3rio Nacional tem feito diversas<em> lives,<\/em> nas quais comenta eventuais fen\u00f4menos que estejam ocorrendo.<br>A retransmiss\u00e3o do eclipse solar n\u00e3o ser\u00e1 a \u00fanica deste s\u00e1bado. Mais cedo, \u00e0s 4h, Josina far\u00e1 outra transmiss\u00e3o, na qual mostrar\u00e1 imagens e comentar\u00e1 a conjun\u00e7\u00e3o entre os dois planetas mais brilhantes: J\u00fapiter e V\u00eanus.<br>Como o fen\u00f4meno continuar\u00e1 pelos pr\u00f3ximos dias, est\u00e1 prevista outra <em>live,<\/em> no mesmo hor\u00e1rio, domingo (1\u00ba). \u201cAs <em>lives<\/em> sobre essa conjun\u00e7\u00e3o ser\u00e3o muito especiais porque mostrar\u00e3o algo que n\u00e3o \u00e9 vis\u00edvel a olho nu: a participa\u00e7\u00e3o de Netuno nesse alinhamento\u201d, disse ela.<\/p>\n\n\n\n<div class=\"wp-block-image\"><figure class=\"aligncenter size-large is-resized\"><img loading=\"lazy\" decoding=\"async\" src=\"https:\/\/jornalfatosenoticias.com.br\/wp-content\/uploads\/2020\/02\/nova-logo-Marquetti.jpg\" alt=\"\" class=\"wp-image-22331\" width=\"237\" height=\"160\" srcset=\"https:\/\/jornalfatosenoticias.com.br\/wp-content\/uploads\/2020\/02\/nova-logo-Marquetti.jpg 643w, https:\/\/jornalfatosenoticias.com.br\/wp-content\/uploads\/2020\/02\/nova-logo-Marquetti-300x202.jpg 300w\" sizes=\"auto, (max-width: 237px) 100vw, 237px\" \/><\/figure><\/div>\n\n\n\n<blockquote class=\"wp-block-quote is-layout-flow wp-block-quote-is-layout-flow\"><p><span class=\"has-inline-color has-luminous-vivid-orange-color\">\u201cIsso ser\u00e1 poss\u00edvel porque mostraremos imagens captadas a partir dos telesc\u00f3pios de astr\u00f4nomos profissionais e amadores, parceiros do Observat\u00f3rio\u201d, completou.<\/span><\/p><\/blockquote>\n\n\n\n<div class=\"wp-block-image\"><figure class=\"aligncenter size-large is-resized\"><img loading=\"lazy\" decoding=\"async\" src=\"https:\/\/jornalfatosenoticias.com.br\/wp-content\/uploads\/2020\/02\/Logo-Mizu-segunda-2-1024x99.png\" alt=\"\" class=\"wp-image-2353\" width=\"363\" height=\"35\" srcset=\"https:\/\/jornalfatosenoticias.com.br\/wp-content\/uploads\/2020\/02\/Logo-Mizu-segunda-2-1024x99.png 1024w, https:\/\/jornalfatosenoticias.com.br\/wp-content\/uploads\/2020\/02\/Logo-Mizu-segunda-2-300x29.png 300w, https:\/\/jornalfatosenoticias.com.br\/wp-content\/uploads\/2020\/02\/Logo-Mizu-segunda-2-768x74.png 768w, https:\/\/jornalfatosenoticias.com.br\/wp-content\/uploads\/2020\/02\/Logo-Mizu-segunda-2.png 1240w\" sizes=\"auto, (max-width: 363px) 100vw, 363px\" \/><\/figure><\/div>\n\n\n\n<p>Todas as <em>lives<\/em> ser\u00e3o transmitidas pela p\u00e1gina do Observat\u00f3rio Nacional no YouTube. Para acess\u00e1-la, <strong>\u00a0<a href=\"https:\/\/www.youtube.com\/user\/observatorionacional\" target=\"_blank\" rel=\"noreferrer noopener\">clique aqui<\/a>.<\/strong><\/p>\n\n\n\n<p><strong><em>Fonte: <a href=\"https:\/\/agenciabrasil.ebc.com.br\/geral\/noticia\/2022-04\/eclipse-solar-amanha-so-podera-ser-visto-no-sul-da-america-do-sul\">Ag\u00eancia Brasil<\/a><\/em><\/strong><\/p>\n","protected":false},"excerpt":{"rendered":"<p>No Brasil, site do Observat\u00f3rio Nacional mostrar\u00e1 fen\u00f4meno Poucos ver\u00e3o com os pr\u00f3prios olhos, mas muitos poder\u00e3o acompanhar \u2014 na p\u00e1gina do Observat\u00f3rio Nacional\u00a0no YouTube \u2014 o eclipse solar em regi\u00f5es remotas do planeta. Ser\u00e1 na tarde deste s\u00e1bado (30).O fen\u00f4meno s\u00f3 poder\u00e1 ser observado por quem estiver na parte sul da Am\u00e9rica do Sul, [&hellip;]<\/p>\n","protected":false},"author":2,"featured_media":29922,"comment_status":"open","ping_status":"open","sticky":false,"template":"","format":"standard","meta":{"footnotes":""},"categories":[2],"tags":[6494,6493,14224,5771,926],"class_list":["post-29921","post","type-post","status-publish","format-standard","has-post-thumbnail","hentry","category-ciencia","tag-eclipse-solar","tag-observatorio-nacional","tag-planetas-brilhantes","tag-transmissao","tag-youtube"],"yoast_head":"<!-- This site is optimized with the Yoast SEO plugin v26.5 - https:\/\/yoast.com\/wordpress\/plugins\/seo\/ -->\n<title>Eclipse solar amanh\u00e3 s\u00f3 poder\u00e1 ser visto em regi\u00f5es remotas - Jornal Fatos e Not\u00edcias<\/title>\n<meta name=\"robots\" content=\"index, follow, max-snippet:-1, max-image-preview:large, max-video-preview:-1\" \/>\n<link rel=\"canonical\" href=\"https:\/\/jornalfatosenoticias.com.br\/index.php\/2022\/04\/29\/eclipse-solar-amanha-so-podera-ser-visto-em-regioes-remotas\/\" \/>\n<meta property=\"og:locale\" content=\"pt_BR\" \/>\n<meta property=\"og:type\" content=\"article\" \/>\n<meta property=\"og:title\" content=\"Eclipse solar amanh\u00e3 s\u00f3 poder\u00e1 ser visto em regi\u00f5es remotas - Jornal Fatos e Not\u00edcias\" \/>\n<meta property=\"og:description\" content=\"No Brasil, site do Observat\u00f3rio Nacional mostrar\u00e1 fen\u00f4meno Poucos ver\u00e3o com os pr\u00f3prios olhos, mas muitos poder\u00e3o acompanhar \u2014 na p\u00e1gina do Observat\u00f3rio Nacional\u00a0no YouTube \u2014 o eclipse solar em regi\u00f5es remotas do planeta. Ser\u00e1 na tarde deste s\u00e1bado (30).O fen\u00f4meno s\u00f3 poder\u00e1 ser observado por quem estiver na parte sul da Am\u00e9rica do Sul, [&hellip;]\" \/>\n<meta property=\"og:url\" content=\"https:\/\/jornalfatosenoticias.com.br\/index.php\/2022\/04\/29\/eclipse-solar-amanha-so-podera-ser-visto-em-regioes-remotas\/\" \/>\n<meta property=\"og:site_name\" content=\"Jornal Fatos e Not\u00edcias\" \/>\n<meta property=\"article:published_time\" content=\"2022-04-29T14:41:03+00:00\" \/>\n<meta property=\"article:modified_time\" content=\"2022-04-29T14:41:05+00:00\" \/>\n<meta property=\"og:image\" content=\"https:\/\/jornalfatosenoticias.com.br\/wp-content\/uploads\/2022\/04\/eclipse_solar_divulgacao_-_mct.jpeg\" \/>\n\t<meta property=\"og:image:width\" content=\"1000\" \/>\n\t<meta property=\"og:image:height\" content=\"598\" \/>\n\t<meta property=\"og:image:type\" content=\"image\/jpeg\" \/>\n<meta name=\"author\" content=\"Luzimara Fernandes\" \/>\n<meta name=\"twitter:card\" content=\"summary_large_image\" \/>\n<meta name=\"twitter:label1\" content=\"Escrito por\" \/>\n\t<meta name=\"twitter:data1\" content=\"Luzimara Fernandes\" \/>\n\t<meta name=\"twitter:label2\" content=\"Est. tempo de leitura\" \/>\n\t<meta name=\"twitter:data2\" content=\"3 minutos\" \/>\n<script type=\"application\/ld+json\" class=\"yoast-schema-graph\">{\"@context\":\"https:\/\/schema.org\",\"@graph\":[{\"@type\":\"Article\",\"@id\":\"https:\/\/jornalfatosenoticias.com.br\/index.php\/2022\/04\/29\/eclipse-solar-amanha-so-podera-ser-visto-em-regioes-remotas\/#article\",\"isPartOf\":{\"@id\":\"https:\/\/jornalfatosenoticias.com.br\/index.php\/2022\/04\/29\/eclipse-solar-amanha-so-podera-ser-visto-em-regioes-remotas\/\"},\"author\":{\"name\":\"Luzimara Fernandes\",\"@id\":\"https:\/\/jornalfatosenoticias.com.br\/#\/schema\/person\/d63837fa13ac8666eb9e74e0985d6f81\"},\"headline\":\"Eclipse solar amanh\u00e3 s\u00f3 poder\u00e1 ser visto em regi\u00f5es remotas\",\"datePublished\":\"2022-04-29T14:41:03+00:00\",\"dateModified\":\"2022-04-29T14:41:05+00:00\",\"mainEntityOfPage\":{\"@id\":\"https:\/\/jornalfatosenoticias.com.br\/index.php\/2022\/04\/29\/eclipse-solar-amanha-so-podera-ser-visto-em-regioes-remotas\/\"},\"wordCount\":652,\"commentCount\":0,\"publisher\":{\"@id\":\"https:\/\/jornalfatosenoticias.com.br\/#organization\"},\"image\":{\"@id\":\"https:\/\/jornalfatosenoticias.com.br\/index.php\/2022\/04\/29\/eclipse-solar-amanha-so-podera-ser-visto-em-regioes-remotas\/#primaryimage\"},\"thumbnailUrl\":\"https:\/\/jornalfatosenoticias.com.br\/wp-content\/uploads\/2022\/04\/eclipse_solar_divulgacao_-_mct.jpeg\",\"keywords\":[\"eclipse solar\",\"Observat\u00f3rio Nacional\",\"planetas brilhantes\",\"transmiss\u00e3o\",\"YouTube\"],\"articleSection\":[\"Ci\u00eancia\"],\"inLanguage\":\"pt-BR\",\"potentialAction\":[{\"@type\":\"CommentAction\",\"name\":\"Comment\",\"target\":[\"https:\/\/jornalfatosenoticias.com.br\/index.php\/2022\/04\/29\/eclipse-solar-amanha-so-podera-ser-visto-em-regioes-remotas\/#respond\"]}]},{\"@type\":\"WebPage\",\"@id\":\"https:\/\/jornalfatosenoticias.com.br\/index.php\/2022\/04\/29\/eclipse-solar-amanha-so-podera-ser-visto-em-regioes-remotas\/\",\"url\":\"https:\/\/jornalfatosenoticias.com.br\/index.php\/2022\/04\/29\/eclipse-solar-amanha-so-podera-ser-visto-em-regioes-remotas\/\",\"name\":\"Eclipse solar amanh\u00e3 s\u00f3 poder\u00e1 ser visto em regi\u00f5es remotas - Jornal Fatos e Not\u00edcias\",\"isPartOf\":{\"@id\":\"https:\/\/jornalfatosenoticias.com.br\/#website\"},\"primaryImageOfPage\":{\"@id\":\"https:\/\/jornalfatosenoticias.com.br\/index.php\/2022\/04\/29\/eclipse-solar-amanha-so-podera-ser-visto-em-regioes-remotas\/#primaryimage\"},\"image\":{\"@id\":\"https:\/\/jornalfatosenoticias.com.br\/index.php\/2022\/04\/29\/eclipse-solar-amanha-so-podera-ser-visto-em-regioes-remotas\/#primaryimage\"},\"thumbnailUrl\":\"https:\/\/jornalfatosenoticias.com.br\/wp-content\/uploads\/2022\/04\/eclipse_solar_divulgacao_-_mct.jpeg\",\"datePublished\":\"2022-04-29T14:41:03+00:00\",\"dateModified\":\"2022-04-29T14:41:05+00:00\",\"breadcrumb\":{\"@id\":\"https:\/\/jornalfatosenoticias.com.br\/index.php\/2022\/04\/29\/eclipse-solar-amanha-so-podera-ser-visto-em-regioes-remotas\/#breadcrumb\"},\"inLanguage\":\"pt-BR\",\"potentialAction\":[{\"@type\":\"ReadAction\",\"target\":[\"https:\/\/jornalfatosenoticias.com.br\/index.php\/2022\/04\/29\/eclipse-solar-amanha-so-podera-ser-visto-em-regioes-remotas\/\"]}]},{\"@type\":\"ImageObject\",\"inLanguage\":\"pt-BR\",\"@id\":\"https:\/\/jornalfatosenoticias.com.br\/index.php\/2022\/04\/29\/eclipse-solar-amanha-so-podera-ser-visto-em-regioes-remotas\/#primaryimage\",\"url\":\"https:\/\/jornalfatosenoticias.com.br\/wp-content\/uploads\/2022\/04\/eclipse_solar_divulgacao_-_mct.jpeg\",\"contentUrl\":\"https:\/\/jornalfatosenoticias.com.br\/wp-content\/uploads\/2022\/04\/eclipse_solar_divulgacao_-_mct.jpeg\",\"width\":1000,\"height\":598},{\"@type\":\"BreadcrumbList\",\"@id\":\"https:\/\/jornalfatosenoticias.com.br\/index.php\/2022\/04\/29\/eclipse-solar-amanha-so-podera-ser-visto-em-regioes-remotas\/#breadcrumb\",\"itemListElement\":[{\"@type\":\"ListItem\",\"position\":1,\"name\":\"In\u00edcio\",\"item\":\"https:\/\/jornalfatosenoticias.com.br\/\"},{\"@type\":\"ListItem\",\"position\":2,\"name\":\"Eclipse solar amanh\u00e3 s\u00f3 poder\u00e1 ser visto em regi\u00f5es remotas\"}]},{\"@type\":\"WebSite\",\"@id\":\"https:\/\/jornalfatosenoticias.com.br\/#website\",\"url\":\"https:\/\/jornalfatosenoticias.com.br\/\",\"name\":\"Jornal Fatos e Not\u00edcias\",\"description\":\"Not\u00edcias em geral\",\"publisher\":{\"@id\":\"https:\/\/jornalfatosenoticias.com.br\/#organization\"},\"potentialAction\":[{\"@type\":\"SearchAction\",\"target\":{\"@type\":\"EntryPoint\",\"urlTemplate\":\"https:\/\/jornalfatosenoticias.com.br\/?s={search_term_string}\"},\"query-input\":{\"@type\":\"PropertyValueSpecification\",\"valueRequired\":true,\"valueName\":\"search_term_string\"}}],\"inLanguage\":\"pt-BR\"},{\"@type\":\"Organization\",\"@id\":\"https:\/\/jornalfatosenoticias.com.br\/#organization\",\"name\":\"Jornal Fatos e Not\u00edcias\",\"url\":\"https:\/\/jornalfatosenoticias.com.br\/\",\"logo\":{\"@type\":\"ImageObject\",\"inLanguage\":\"pt-BR\",\"@id\":\"https:\/\/jornalfatosenoticias.com.br\/#\/schema\/logo\/image\/\",\"url\":\"https:\/\/jornalfatosenoticias.com.br\/wp-content\/uploads\/2020\/02\/logo120.png\",\"contentUrl\":\"https:\/\/jornalfatosenoticias.com.br\/wp-content\/uploads\/2020\/02\/logo120.png\",\"width\":1227,\"height\":120,\"caption\":\"Jornal Fatos e Not\u00edcias\"},\"image\":{\"@id\":\"https:\/\/jornalfatosenoticias.com.br\/#\/schema\/logo\/image\/\"}},{\"@type\":\"Person\",\"@id\":\"https:\/\/jornalfatosenoticias.com.br\/#\/schema\/person\/d63837fa13ac8666eb9e74e0985d6f81\",\"name\":\"Luzimara Fernandes\",\"image\":{\"@type\":\"ImageObject\",\"inLanguage\":\"pt-BR\",\"@id\":\"https:\/\/jornalfatosenoticias.com.br\/#\/schema\/person\/image\/\",\"url\":\"https:\/\/jornalfatosenoticias.com.br\/wp-content\/uploads\/2025\/05\/EU_portal.jpg\",\"contentUrl\":\"https:\/\/jornalfatosenoticias.com.br\/wp-content\/uploads\/2025\/05\/EU_portal.jpg\",\"caption\":\"Luzimara Fernandes\"},\"description\":\"Jornalista MTB 2358-ES\",\"sameAs\":[\"https:\/\/jornalfatosenoticias.com.br\"],\"url\":\"https:\/\/jornalfatosenoticias.com.br\/index.php\/author\/luzimara\/\"}]}<\/script>\n<!-- \/ Yoast SEO plugin. -->","yoast_head_json":{"title":"Eclipse solar amanh\u00e3 s\u00f3 poder\u00e1 ser visto em regi\u00f5es remotas - Jornal Fatos e Not\u00edcias","robots":{"index":"index","follow":"follow","max-snippet":"max-snippet:-1","max-image-preview":"max-image-preview:large","max-video-preview":"max-video-preview:-1"},"canonical":"https:\/\/jornalfatosenoticias.com.br\/index.php\/2022\/04\/29\/eclipse-solar-amanha-so-podera-ser-visto-em-regioes-remotas\/","og_locale":"pt_BR","og_type":"article","og_title":"Eclipse solar amanh\u00e3 s\u00f3 poder\u00e1 ser visto em regi\u00f5es remotas - Jornal Fatos e Not\u00edcias","og_description":"No Brasil, site do Observat\u00f3rio Nacional mostrar\u00e1 fen\u00f4meno Poucos ver\u00e3o com os pr\u00f3prios olhos, mas muitos poder\u00e3o acompanhar \u2014 na p\u00e1gina do Observat\u00f3rio Nacional\u00a0no YouTube \u2014 o eclipse solar em regi\u00f5es remotas do planeta. Ser\u00e1 na tarde deste s\u00e1bado (30).O fen\u00f4meno s\u00f3 poder\u00e1 ser observado por quem estiver na parte sul da Am\u00e9rica do Sul, [&hellip;]","og_url":"https:\/\/jornalfatosenoticias.com.br\/index.php\/2022\/04\/29\/eclipse-solar-amanha-so-podera-ser-visto-em-regioes-remotas\/","og_site_name":"Jornal Fatos e Not\u00edcias","article_published_time":"2022-04-29T14:41:03+00:00","article_modified_time":"2022-04-29T14:41:05+00:00","og_image":[{"width":1000,"height":598,"url":"https:\/\/jornalfatosenoticias.com.br\/wp-content\/uploads\/2022\/04\/eclipse_solar_divulgacao_-_mct.jpeg","type":"image\/jpeg"}],"author":"Luzimara Fernandes","twitter_card":"summary_large_image","twitter_misc":{"Escrito por":"Luzimara Fernandes","Est. tempo de leitura":"3 minutos"},"schema":{"@context":"https:\/\/schema.org","@graph":[{"@type":"Article","@id":"https:\/\/jornalfatosenoticias.com.br\/index.php\/2022\/04\/29\/eclipse-solar-amanha-so-podera-ser-visto-em-regioes-remotas\/#article","isPartOf":{"@id":"https:\/\/jornalfatosenoticias.com.br\/index.php\/2022\/04\/29\/eclipse-solar-amanha-so-podera-ser-visto-em-regioes-remotas\/"},"author":{"name":"Luzimara Fernandes","@id":"https:\/\/jornalfatosenoticias.com.br\/#\/schema\/person\/d63837fa13ac8666eb9e74e0985d6f81"},"headline":"Eclipse solar amanh\u00e3 s\u00f3 poder\u00e1 ser visto em regi\u00f5es remotas","datePublished":"2022-04-29T14:41:03+00:00","dateModified":"2022-04-29T14:41:05+00:00","mainEntityOfPage":{"@id":"https:\/\/jornalfatosenoticias.com.br\/index.php\/2022\/04\/29\/eclipse-solar-amanha-so-podera-ser-visto-em-regioes-remotas\/"},"wordCount":652,"commentCount":0,"publisher":{"@id":"https:\/\/jornalfatosenoticias.com.br\/#organization"},"image":{"@id":"https:\/\/jornalfatosenoticias.com.br\/index.php\/2022\/04\/29\/eclipse-solar-amanha-so-podera-ser-visto-em-regioes-remotas\/#primaryimage"},"thumbnailUrl":"https:\/\/jornalfatosenoticias.com.br\/wp-content\/uploads\/2022\/04\/eclipse_solar_divulgacao_-_mct.jpeg","keywords":["eclipse solar","Observat\u00f3rio Nacional","planetas brilhantes","transmiss\u00e3o","YouTube"],"articleSection":["Ci\u00eancia"],"inLanguage":"pt-BR","potentialAction":[{"@type":"CommentAction","name":"Comment","target":["https:\/\/jornalfatosenoticias.com.br\/index.php\/2022\/04\/29\/eclipse-solar-amanha-so-podera-ser-visto-em-regioes-remotas\/#respond"]}]},{"@type":"WebPage","@id":"https:\/\/jornalfatosenoticias.com.br\/index.php\/2022\/04\/29\/eclipse-solar-amanha-so-podera-ser-visto-em-regioes-remotas\/","url":"https:\/\/jornalfatosenoticias.com.br\/index.php\/2022\/04\/29\/eclipse-solar-amanha-so-podera-ser-visto-em-regioes-remotas\/","name":"Eclipse solar amanh\u00e3 s\u00f3 poder\u00e1 ser visto em regi\u00f5es remotas - Jornal Fatos e Not\u00edcias","isPartOf":{"@id":"https:\/\/jornalfatosenoticias.com.br\/#website"},"primaryImageOfPage":{"@id":"https:\/\/jornalfatosenoticias.com.br\/index.php\/2022\/04\/29\/eclipse-solar-amanha-so-podera-ser-visto-em-regioes-remotas\/#primaryimage"},"image":{"@id":"https:\/\/jornalfatosenoticias.com.br\/index.php\/2022\/04\/29\/eclipse-solar-amanha-so-podera-ser-visto-em-regioes-remotas\/#primaryimage"},"thumbnailUrl":"https:\/\/jornalfatosenoticias.com.br\/wp-content\/uploads\/2022\/04\/eclipse_solar_divulgacao_-_mct.jpeg","datePublished":"2022-04-29T14:41:03+00:00","dateModified":"2022-04-29T14:41:05+00:00","breadcrumb":{"@id":"https:\/\/jornalfatosenoticias.com.br\/index.php\/2022\/04\/29\/eclipse-solar-amanha-so-podera-ser-visto-em-regioes-remotas\/#breadcrumb"},"inLanguage":"pt-BR","potentialAction":[{"@type":"ReadAction","target":["https:\/\/jornalfatosenoticias.com.br\/index.php\/2022\/04\/29\/eclipse-solar-amanha-so-podera-ser-visto-em-regioes-remotas\/"]}]},{"@type":"ImageObject","inLanguage":"pt-BR","@id":"https:\/\/jornalfatosenoticias.com.br\/index.php\/2022\/04\/29\/eclipse-solar-amanha-so-podera-ser-visto-em-regioes-remotas\/#primaryimage","url":"https:\/\/jornalfatosenoticias.com.br\/wp-content\/uploads\/2022\/04\/eclipse_solar_divulgacao_-_mct.jpeg","contentUrl":"https:\/\/jornalfatosenoticias.com.br\/wp-content\/uploads\/2022\/04\/eclipse_solar_divulgacao_-_mct.jpeg","width":1000,"height":598},{"@type":"BreadcrumbList","@id":"https:\/\/jornalfatosenoticias.com.br\/index.php\/2022\/04\/29\/eclipse-solar-amanha-so-podera-ser-visto-em-regioes-remotas\/#breadcrumb","itemListElement":[{"@type":"ListItem","position":1,"name":"In\u00edcio","item":"https:\/\/jornalfatosenoticias.com.br\/"},{"@type":"ListItem","position":2,"name":"Eclipse solar amanh\u00e3 s\u00f3 poder\u00e1 ser visto em regi\u00f5es remotas"}]},{"@type":"WebSite","@id":"https:\/\/jornalfatosenoticias.com.br\/#website","url":"https:\/\/jornalfatosenoticias.com.br\/","name":"Jornal Fatos e Not\u00edcias","description":"Not\u00edcias em geral","publisher":{"@id":"https:\/\/jornalfatosenoticias.com.br\/#organization"},"potentialAction":[{"@type":"SearchAction","target":{"@type":"EntryPoint","urlTemplate":"https:\/\/jornalfatosenoticias.com.br\/?s={search_term_string}"},"query-input":{"@type":"PropertyValueSpecification","valueRequired":true,"valueName":"search_term_string"}}],"inLanguage":"pt-BR"},{"@type":"Organization","@id":"https:\/\/jornalfatosenoticias.com.br\/#organization","name":"Jornal Fatos e Not\u00edcias","url":"https:\/\/jornalfatosenoticias.com.br\/","logo":{"@type":"ImageObject","inLanguage":"pt-BR","@id":"https:\/\/jornalfatosenoticias.com.br\/#\/schema\/logo\/image\/","url":"https:\/\/jornalfatosenoticias.com.br\/wp-content\/uploads\/2020\/02\/logo120.png","contentUrl":"https:\/\/jornalfatosenoticias.com.br\/wp-content\/uploads\/2020\/02\/logo120.png","width":1227,"height":120,"caption":"Jornal Fatos e Not\u00edcias"},"image":{"@id":"https:\/\/jornalfatosenoticias.com.br\/#\/schema\/logo\/image\/"}},{"@type":"Person","@id":"https:\/\/jornalfatosenoticias.com.br\/#\/schema\/person\/d63837fa13ac8666eb9e74e0985d6f81","name":"Luzimara Fernandes","image":{"@type":"ImageObject","inLanguage":"pt-BR","@id":"https:\/\/jornalfatosenoticias.com.br\/#\/schema\/person\/image\/","url":"https:\/\/jornalfatosenoticias.com.br\/wp-content\/uploads\/2025\/05\/EU_portal.jpg","contentUrl":"https:\/\/jornalfatosenoticias.com.br\/wp-content\/uploads\/2025\/05\/EU_portal.jpg","caption":"Luzimara Fernandes"},"description":"Jornalista MTB 2358-ES","sameAs":["https:\/\/jornalfatosenoticias.com.br"],"url":"https:\/\/jornalfatosenoticias.com.br\/index.php\/author\/luzimara\/"}]}},"cc_featured_image_caption":{"caption_text":"(Foto: Divulga\u00e7\u00e3o\/MCTI) ","source_text":"","source_url":""},"jetpack_featured_media_url":"https:\/\/jornalfatosenoticias.com.br\/wp-content\/uploads\/2022\/04\/eclipse_solar_divulgacao_-_mct.jpeg","_links":{"self":[{"href":"https:\/\/jornalfatosenoticias.com.br\/index.php\/wp-json\/wp\/v2\/posts\/29921","targetHints":{"allow":["GET"]}}],"collection":[{"href":"https:\/\/jornalfatosenoticias.com.br\/index.php\/wp-json\/wp\/v2\/posts"}],"about":[{"href":"https:\/\/jornalfatosenoticias.com.br\/index.php\/wp-json\/wp\/v2\/types\/post"}],"author":[{"embeddable":true,"href":"https:\/\/jornalfatosenoticias.com.br\/index.php\/wp-json\/wp\/v2\/users\/2"}],"replies":[{"embeddable":true,"href":"https:\/\/jornalfatosenoticias.com.br\/index.php\/wp-json\/wp\/v2\/comments?post=29921"}],"version-history":[{"count":0,"href":"https:\/\/jornalfatosenoticias.com.br\/index.php\/wp-json\/wp\/v2\/posts\/29921\/revisions"}],"wp:featuredmedia":[{"embeddable":true,"href":"https:\/\/jornalfatosenoticias.com.br\/index.php\/wp-json\/wp\/v2\/media\/29922"}],"wp:attachment":[{"href":"https:\/\/jornalfatosenoticias.com.br\/index.php\/wp-json\/wp\/v2\/media?parent=29921"}],"wp:term":[{"taxonomy":"category","embeddable":true,"href":"https:\/\/jornalfatosenoticias.com.br\/index.php\/wp-json\/wp\/v2\/categories?post=29921"},{"taxonomy":"post_tag","embeddable":true,"href":"https:\/\/jornalfatosenoticias.com.br\/index.php\/wp-json\/wp\/v2\/tags?post=29921"}],"curies":[{"name":"wp","href":"https:\/\/api.w.org\/{rel}","templated":true}]}}