{"id":29939,"date":"2022-04-29T12:39:50","date_gmt":"2022-04-29T15:39:50","guid":{"rendered":"https:\/\/jornalfatosenoticias.com.br\/?p=29939"},"modified":"2022-04-29T12:39:51","modified_gmt":"2022-04-29T15:39:51","slug":"contraceptivos-injetaveis-mensais-sao-incluidos-na-lista-de-medicamentos-do-sus","status":"publish","type":"post","link":"https:\/\/jornalfatosenoticias.com.br\/index.php\/2022\/04\/29\/contraceptivos-injetaveis-mensais-sao-incluidos-na-lista-de-medicamentos-do-sus\/","title":{"rendered":"Contraceptivos injet\u00e1veis mensais s\u00e3o inclu\u00eddos na lista de medicamentos do SUS"},"content":{"rendered":"\n<div class=\"wp-block-image\"><figure class=\"aligncenter size-large is-resized\"><img loading=\"lazy\" decoding=\"async\" src=\"https:\/\/jornalfatosenoticias.com.br\/wp-content\/uploads\/2020\/02\/Serra-Grande-1024x160.png\" alt=\"\" class=\"wp-image-7836\" width=\"372\" height=\"58\"\/><\/figure><\/div>\n\n\n\n<p>O <a href=\"https:\/\/olhardigital.com.br\/tag\/ministerio-da-saude\/\" target=\"_blank\" rel=\"noreferrer noopener\">Minist\u00e9rio da Sa\u00fade<\/a>\u00a0anunciou nesta quinta-feira (28) que os contraceptivos injet\u00e1veis de aplica\u00e7\u00e3o mensal foram inclu\u00eddos na lista de medicamentos oferecidos pelo\u00a0<a href=\"https:\/\/olhardigital.com.br\/tag\/sus\/\" target=\"_blank\" rel=\"noreferrer noopener\">Sistema \u00danico de Sa\u00fade<\/a>\u00a0(SUS).<br>De acordo com a portaria publicada no Di\u00e1rio Oficial da Uni\u00e3o, ser\u00e3o disponibilizados contraceptivos de acetato de medroxiprogesterona e o cipionato de estradiol, o algestona acetofenida e o enantato de estradiol.<br>As \u00e1reas t\u00e9cnicas ter\u00e3o um prazo m\u00e1ximo de 180 dias para efetivar a oferta dos contraceptivos \u00e0s <a href=\"https:\/\/olhardigital.com.br\/tag\/mulheres\/\" target=\"_blank\" rel=\"noreferrer noopener\">mulheres<\/a> que procurarem o SUS. A incorpora\u00e7\u00e3o dos produtos foi uma recomenda\u00e7\u00e3o da Comiss\u00e3o Nacional de Incorpora\u00e7\u00e3o de Tecnologia no Sistema \u00danico de Sa\u00fade (Conitec).<\/p>\n\n\n\n<div class=\"wp-block-image\"><figure class=\"alignleft size-large\"><img decoding=\"async\" src=\"https:\/\/jornalfatosenoticias.com.br\/wp-content\/uploads\/2020\/02\/logo_esteio.jpg\" alt=\"\" class=\"wp-image-1214\"\/><\/figure><\/div>\n\n\n\n<p>O SUS tamb\u00e9m disponibiliza para a popula\u00e7\u00e3o outros tipos de contraceptivos, como o diafragma e os <a href=\"https:\/\/olhardigital.com.br\/tag\/camisinha\/\" target=\"_blank\" rel=\"noreferrer noopener\">preservativos<\/a>, tanto masculino quanto feminino.<br>Al\u00e9m disso, tamb\u00e9m existem op\u00e7\u00f5es hormonais e o <a href=\"https:\/\/olhardigital.com.br\/tag\/diu\/\" target=\"_blank\" rel=\"noreferrer noopener\">DIU<\/a> de cobre, um dispositivo intrauterino em forma de T que \u00e9 colocado dentro do \u00fatero e libera uma pequena quantidade de cobre para impedir que os espermatozoides fertilizem os \u00f3vulos.<\/p>\n\n\n\n<p><strong><em>Fonte: <a href=\"https:\/\/olhardigital.com.br\/2022\/04\/28\/medicina-e-saude\/contraceptivos-injetaveis-mensais-sao-incluidos-na-lista-de-medicamentos-do-sus\/\">Olhar Digital<\/a><\/em><\/strong><\/p>\n","protected":false},"excerpt":{"rendered":"<p>O Minist\u00e9rio da Sa\u00fade\u00a0anunciou nesta quinta-feira (28) que os contraceptivos injet\u00e1veis de aplica\u00e7\u00e3o mensal foram inclu\u00eddos na lista de medicamentos oferecidos pelo\u00a0Sistema \u00danico de Sa\u00fade\u00a0(SUS).De acordo com a portaria publicada no Di\u00e1rio Oficial da Uni\u00e3o, ser\u00e3o disponibilizados contraceptivos de acetato de medroxiprogesterona e o cipionato de estradiol, o algestona acetofenida e o enantato de estradiol.As [&hellip;]<\/p>\n","protected":false},"author":2,"featured_media":29940,"comment_status":"open","ping_status":"open","sticky":false,"template":"","format":"standard","meta":{"footnotes":""},"categories":[11],"tags":[14232,14231,14233,447,126],"class_list":["post-29939","post","type-post","status-publish","format-standard","has-post-thumbnail","hentry","category-saude","tag-contraceptivos","tag-contraceptivos-injetaveis","tag-metodos-contraceptivos","tag-ministerio-da-saude","tag-sus"],"yoast_head":"<!-- This site is optimized with the Yoast SEO plugin v26.5 - https:\/\/yoast.com\/wordpress\/plugins\/seo\/ -->\n<title>Contraceptivos injet\u00e1veis mensais s\u00e3o inclu\u00eddos na lista de medicamentos do SUS - Jornal Fatos e Not\u00edcias<\/title>\n<meta name=\"robots\" content=\"index, follow, max-snippet:-1, max-image-preview:large, max-video-preview:-1\" \/>\n<link rel=\"canonical\" href=\"https:\/\/jornalfatosenoticias.com.br\/index.php\/2022\/04\/29\/contraceptivos-injetaveis-mensais-sao-incluidos-na-lista-de-medicamentos-do-sus\/\" \/>\n<meta property=\"og:locale\" content=\"pt_BR\" \/>\n<meta property=\"og:type\" content=\"article\" \/>\n<meta property=\"og:title\" content=\"Contraceptivos injet\u00e1veis mensais s\u00e3o inclu\u00eddos na lista de medicamentos do SUS - Jornal Fatos e Not\u00edcias\" \/>\n<meta property=\"og:description\" content=\"O Minist\u00e9rio da Sa\u00fade\u00a0anunciou nesta quinta-feira (28) que os contraceptivos injet\u00e1veis de aplica\u00e7\u00e3o mensal foram inclu\u00eddos na lista de medicamentos oferecidos pelo\u00a0Sistema \u00danico de Sa\u00fade\u00a0(SUS).De acordo com a portaria publicada no Di\u00e1rio Oficial da Uni\u00e3o, ser\u00e3o disponibilizados contraceptivos de acetato de medroxiprogesterona e o cipionato de estradiol, o algestona acetofenida e o enantato de estradiol.As [&hellip;]\" \/>\n<meta property=\"og:url\" content=\"https:\/\/jornalfatosenoticias.com.br\/index.php\/2022\/04\/29\/contraceptivos-injetaveis-mensais-sao-incluidos-na-lista-de-medicamentos-do-sus\/\" \/>\n<meta property=\"og:site_name\" content=\"Jornal Fatos e Not\u00edcias\" \/>\n<meta property=\"article:published_time\" content=\"2022-04-29T15:39:50+00:00\" \/>\n<meta property=\"article:modified_time\" content=\"2022-04-29T15:39:51+00:00\" \/>\n<meta property=\"og:image\" content=\"https:\/\/jornalfatosenoticias.com.br\/wp-content\/uploads\/2022\/04\/contraceptivos_sus.jpg\" \/>\n\t<meta property=\"og:image:width\" content=\"1000\" \/>\n\t<meta property=\"og:image:height\" content=\"523\" \/>\n\t<meta property=\"og:image:type\" content=\"image\/jpeg\" \/>\n<meta name=\"author\" content=\"Luzimara Fernandes\" \/>\n<meta name=\"twitter:card\" content=\"summary_large_image\" \/>\n<meta name=\"twitter:label1\" content=\"Escrito por\" \/>\n\t<meta name=\"twitter:data1\" content=\"Luzimara Fernandes\" \/>\n\t<meta name=\"twitter:label2\" content=\"Est. tempo de leitura\" \/>\n\t<meta name=\"twitter:data2\" content=\"1 minuto\" \/>\n<script type=\"application\/ld+json\" class=\"yoast-schema-graph\">{\"@context\":\"https:\/\/schema.org\",\"@graph\":[{\"@type\":\"Article\",\"@id\":\"https:\/\/jornalfatosenoticias.com.br\/index.php\/2022\/04\/29\/contraceptivos-injetaveis-mensais-sao-incluidos-na-lista-de-medicamentos-do-sus\/#article\",\"isPartOf\":{\"@id\":\"https:\/\/jornalfatosenoticias.com.br\/index.php\/2022\/04\/29\/contraceptivos-injetaveis-mensais-sao-incluidos-na-lista-de-medicamentos-do-sus\/\"},\"author\":{\"name\":\"Luzimara Fernandes\",\"@id\":\"https:\/\/jornalfatosenoticias.com.br\/#\/schema\/person\/d63837fa13ac8666eb9e74e0985d6f81\"},\"headline\":\"Contraceptivos injet\u00e1veis mensais s\u00e3o inclu\u00eddos na lista de medicamentos do SUS\",\"datePublished\":\"2022-04-29T15:39:50+00:00\",\"dateModified\":\"2022-04-29T15:39:51+00:00\",\"mainEntityOfPage\":{\"@id\":\"https:\/\/jornalfatosenoticias.com.br\/index.php\/2022\/04\/29\/contraceptivos-injetaveis-mensais-sao-incluidos-na-lista-de-medicamentos-do-sus\/\"},\"wordCount\":197,\"commentCount\":0,\"publisher\":{\"@id\":\"https:\/\/jornalfatosenoticias.com.br\/#organization\"},\"image\":{\"@id\":\"https:\/\/jornalfatosenoticias.com.br\/index.php\/2022\/04\/29\/contraceptivos-injetaveis-mensais-sao-incluidos-na-lista-de-medicamentos-do-sus\/#primaryimage\"},\"thumbnailUrl\":\"https:\/\/jornalfatosenoticias.com.br\/wp-content\/uploads\/2022\/04\/contraceptivos_sus.jpg\",\"keywords\":[\"contraceptivos\",\"contraceptivos injet\u00e1veis\",\"m\u00e9todos contraceptivos\",\"Minist\u00e9rio da Sa\u00fade\",\"SUS\"],\"articleSection\":[\"Sa\u00fade\"],\"inLanguage\":\"pt-BR\",\"potentialAction\":[{\"@type\":\"CommentAction\",\"name\":\"Comment\",\"target\":[\"https:\/\/jornalfatosenoticias.com.br\/index.php\/2022\/04\/29\/contraceptivos-injetaveis-mensais-sao-incluidos-na-lista-de-medicamentos-do-sus\/#respond\"]}]},{\"@type\":\"WebPage\",\"@id\":\"https:\/\/jornalfatosenoticias.com.br\/index.php\/2022\/04\/29\/contraceptivos-injetaveis-mensais-sao-incluidos-na-lista-de-medicamentos-do-sus\/\",\"url\":\"https:\/\/jornalfatosenoticias.com.br\/index.php\/2022\/04\/29\/contraceptivos-injetaveis-mensais-sao-incluidos-na-lista-de-medicamentos-do-sus\/\",\"name\":\"Contraceptivos injet\u00e1veis mensais s\u00e3o inclu\u00eddos na lista de medicamentos do SUS - Jornal Fatos e Not\u00edcias\",\"isPartOf\":{\"@id\":\"https:\/\/jornalfatosenoticias.com.br\/#website\"},\"primaryImageOfPage\":{\"@id\":\"https:\/\/jornalfatosenoticias.com.br\/index.php\/2022\/04\/29\/contraceptivos-injetaveis-mensais-sao-incluidos-na-lista-de-medicamentos-do-sus\/#primaryimage\"},\"image\":{\"@id\":\"https:\/\/jornalfatosenoticias.com.br\/index.php\/2022\/04\/29\/contraceptivos-injetaveis-mensais-sao-incluidos-na-lista-de-medicamentos-do-sus\/#primaryimage\"},\"thumbnailUrl\":\"https:\/\/jornalfatosenoticias.com.br\/wp-content\/uploads\/2022\/04\/contraceptivos_sus.jpg\",\"datePublished\":\"2022-04-29T15:39:50+00:00\",\"dateModified\":\"2022-04-29T15:39:51+00:00\",\"breadcrumb\":{\"@id\":\"https:\/\/jornalfatosenoticias.com.br\/index.php\/2022\/04\/29\/contraceptivos-injetaveis-mensais-sao-incluidos-na-lista-de-medicamentos-do-sus\/#breadcrumb\"},\"inLanguage\":\"pt-BR\",\"potentialAction\":[{\"@type\":\"ReadAction\",\"target\":[\"https:\/\/jornalfatosenoticias.com.br\/index.php\/2022\/04\/29\/contraceptivos-injetaveis-mensais-sao-incluidos-na-lista-de-medicamentos-do-sus\/\"]}]},{\"@type\":\"ImageObject\",\"inLanguage\":\"pt-BR\",\"@id\":\"https:\/\/jornalfatosenoticias.com.br\/index.php\/2022\/04\/29\/contraceptivos-injetaveis-mensais-sao-incluidos-na-lista-de-medicamentos-do-sus\/#primaryimage\",\"url\":\"https:\/\/jornalfatosenoticias.com.br\/wp-content\/uploads\/2022\/04\/contraceptivos_sus.jpg\",\"contentUrl\":\"https:\/\/jornalfatosenoticias.com.br\/wp-content\/uploads\/2022\/04\/contraceptivos_sus.jpg\",\"width\":1000,\"height\":523},{\"@type\":\"BreadcrumbList\",\"@id\":\"https:\/\/jornalfatosenoticias.com.br\/index.php\/2022\/04\/29\/contraceptivos-injetaveis-mensais-sao-incluidos-na-lista-de-medicamentos-do-sus\/#breadcrumb\",\"itemListElement\":[{\"@type\":\"ListItem\",\"position\":1,\"name\":\"In\u00edcio\",\"item\":\"https:\/\/jornalfatosenoticias.com.br\/\"},{\"@type\":\"ListItem\",\"position\":2,\"name\":\"Contraceptivos injet\u00e1veis mensais s\u00e3o inclu\u00eddos na lista de medicamentos do SUS\"}]},{\"@type\":\"WebSite\",\"@id\":\"https:\/\/jornalfatosenoticias.com.br\/#website\",\"url\":\"https:\/\/jornalfatosenoticias.com.br\/\",\"name\":\"Jornal Fatos e Not\u00edcias\",\"description\":\"Not\u00edcias em geral\",\"publisher\":{\"@id\":\"https:\/\/jornalfatosenoticias.com.br\/#organization\"},\"potentialAction\":[{\"@type\":\"SearchAction\",\"target\":{\"@type\":\"EntryPoint\",\"urlTemplate\":\"https:\/\/jornalfatosenoticias.com.br\/?s={search_term_string}\"},\"query-input\":{\"@type\":\"PropertyValueSpecification\",\"valueRequired\":true,\"valueName\":\"search_term_string\"}}],\"inLanguage\":\"pt-BR\"},{\"@type\":\"Organization\",\"@id\":\"https:\/\/jornalfatosenoticias.com.br\/#organization\",\"name\":\"Jornal Fatos e Not\u00edcias\",\"url\":\"https:\/\/jornalfatosenoticias.com.br\/\",\"logo\":{\"@type\":\"ImageObject\",\"inLanguage\":\"pt-BR\",\"@id\":\"https:\/\/jornalfatosenoticias.com.br\/#\/schema\/logo\/image\/\",\"url\":\"https:\/\/jornalfatosenoticias.com.br\/wp-content\/uploads\/2020\/02\/logo120.png\",\"contentUrl\":\"https:\/\/jornalfatosenoticias.com.br\/wp-content\/uploads\/2020\/02\/logo120.png\",\"width\":1227,\"height\":120,\"caption\":\"Jornal Fatos e Not\u00edcias\"},\"image\":{\"@id\":\"https:\/\/jornalfatosenoticias.com.br\/#\/schema\/logo\/image\/\"}},{\"@type\":\"Person\",\"@id\":\"https:\/\/jornalfatosenoticias.com.br\/#\/schema\/person\/d63837fa13ac8666eb9e74e0985d6f81\",\"name\":\"Luzimara Fernandes\",\"image\":{\"@type\":\"ImageObject\",\"inLanguage\":\"pt-BR\",\"@id\":\"https:\/\/jornalfatosenoticias.com.br\/#\/schema\/person\/image\/\",\"url\":\"https:\/\/jornalfatosenoticias.com.br\/wp-content\/uploads\/2025\/05\/EU_portal.jpg\",\"contentUrl\":\"https:\/\/jornalfatosenoticias.com.br\/wp-content\/uploads\/2025\/05\/EU_portal.jpg\",\"caption\":\"Luzimara Fernandes\"},\"description\":\"Jornalista MTB 2358-ES\",\"sameAs\":[\"https:\/\/jornalfatosenoticias.com.br\"],\"url\":\"https:\/\/jornalfatosenoticias.com.br\/index.php\/author\/luzimara\/\"}]}<\/script>\n<!-- \/ Yoast SEO plugin. -->","yoast_head_json":{"title":"Contraceptivos injet\u00e1veis mensais s\u00e3o inclu\u00eddos na lista de medicamentos do SUS - Jornal Fatos e Not\u00edcias","robots":{"index":"index","follow":"follow","max-snippet":"max-snippet:-1","max-image-preview":"max-image-preview:large","max-video-preview":"max-video-preview:-1"},"canonical":"https:\/\/jornalfatosenoticias.com.br\/index.php\/2022\/04\/29\/contraceptivos-injetaveis-mensais-sao-incluidos-na-lista-de-medicamentos-do-sus\/","og_locale":"pt_BR","og_type":"article","og_title":"Contraceptivos injet\u00e1veis mensais s\u00e3o inclu\u00eddos na lista de medicamentos do SUS - Jornal Fatos e Not\u00edcias","og_description":"O Minist\u00e9rio da Sa\u00fade\u00a0anunciou nesta quinta-feira (28) que os contraceptivos injet\u00e1veis de aplica\u00e7\u00e3o mensal foram inclu\u00eddos na lista de medicamentos oferecidos pelo\u00a0Sistema \u00danico de Sa\u00fade\u00a0(SUS).De acordo com a portaria publicada no Di\u00e1rio Oficial da Uni\u00e3o, ser\u00e3o disponibilizados contraceptivos de acetato de medroxiprogesterona e o cipionato de estradiol, o algestona acetofenida e o enantato de estradiol.As [&hellip;]","og_url":"https:\/\/jornalfatosenoticias.com.br\/index.php\/2022\/04\/29\/contraceptivos-injetaveis-mensais-sao-incluidos-na-lista-de-medicamentos-do-sus\/","og_site_name":"Jornal Fatos e Not\u00edcias","article_published_time":"2022-04-29T15:39:50+00:00","article_modified_time":"2022-04-29T15:39:51+00:00","og_image":[{"width":1000,"height":523,"url":"https:\/\/jornalfatosenoticias.com.br\/wp-content\/uploads\/2022\/04\/contraceptivos_sus.jpg","type":"image\/jpeg"}],"author":"Luzimara Fernandes","twitter_card":"summary_large_image","twitter_misc":{"Escrito por":"Luzimara Fernandes","Est. tempo de leitura":"1 minuto"},"schema":{"@context":"https:\/\/schema.org","@graph":[{"@type":"Article","@id":"https:\/\/jornalfatosenoticias.com.br\/index.php\/2022\/04\/29\/contraceptivos-injetaveis-mensais-sao-incluidos-na-lista-de-medicamentos-do-sus\/#article","isPartOf":{"@id":"https:\/\/jornalfatosenoticias.com.br\/index.php\/2022\/04\/29\/contraceptivos-injetaveis-mensais-sao-incluidos-na-lista-de-medicamentos-do-sus\/"},"author":{"name":"Luzimara Fernandes","@id":"https:\/\/jornalfatosenoticias.com.br\/#\/schema\/person\/d63837fa13ac8666eb9e74e0985d6f81"},"headline":"Contraceptivos injet\u00e1veis mensais s\u00e3o inclu\u00eddos na lista de medicamentos do SUS","datePublished":"2022-04-29T15:39:50+00:00","dateModified":"2022-04-29T15:39:51+00:00","mainEntityOfPage":{"@id":"https:\/\/jornalfatosenoticias.com.br\/index.php\/2022\/04\/29\/contraceptivos-injetaveis-mensais-sao-incluidos-na-lista-de-medicamentos-do-sus\/"},"wordCount":197,"commentCount":0,"publisher":{"@id":"https:\/\/jornalfatosenoticias.com.br\/#organization"},"image":{"@id":"https:\/\/jornalfatosenoticias.com.br\/index.php\/2022\/04\/29\/contraceptivos-injetaveis-mensais-sao-incluidos-na-lista-de-medicamentos-do-sus\/#primaryimage"},"thumbnailUrl":"https:\/\/jornalfatosenoticias.com.br\/wp-content\/uploads\/2022\/04\/contraceptivos_sus.jpg","keywords":["contraceptivos","contraceptivos injet\u00e1veis","m\u00e9todos contraceptivos","Minist\u00e9rio da Sa\u00fade","SUS"],"articleSection":["Sa\u00fade"],"inLanguage":"pt-BR","potentialAction":[{"@type":"CommentAction","name":"Comment","target":["https:\/\/jornalfatosenoticias.com.br\/index.php\/2022\/04\/29\/contraceptivos-injetaveis-mensais-sao-incluidos-na-lista-de-medicamentos-do-sus\/#respond"]}]},{"@type":"WebPage","@id":"https:\/\/jornalfatosenoticias.com.br\/index.php\/2022\/04\/29\/contraceptivos-injetaveis-mensais-sao-incluidos-na-lista-de-medicamentos-do-sus\/","url":"https:\/\/jornalfatosenoticias.com.br\/index.php\/2022\/04\/29\/contraceptivos-injetaveis-mensais-sao-incluidos-na-lista-de-medicamentos-do-sus\/","name":"Contraceptivos injet\u00e1veis mensais s\u00e3o inclu\u00eddos na lista de medicamentos do SUS - Jornal Fatos e Not\u00edcias","isPartOf":{"@id":"https:\/\/jornalfatosenoticias.com.br\/#website"},"primaryImageOfPage":{"@id":"https:\/\/jornalfatosenoticias.com.br\/index.php\/2022\/04\/29\/contraceptivos-injetaveis-mensais-sao-incluidos-na-lista-de-medicamentos-do-sus\/#primaryimage"},"image":{"@id":"https:\/\/jornalfatosenoticias.com.br\/index.php\/2022\/04\/29\/contraceptivos-injetaveis-mensais-sao-incluidos-na-lista-de-medicamentos-do-sus\/#primaryimage"},"thumbnailUrl":"https:\/\/jornalfatosenoticias.com.br\/wp-content\/uploads\/2022\/04\/contraceptivos_sus.jpg","datePublished":"2022-04-29T15:39:50+00:00","dateModified":"2022-04-29T15:39:51+00:00","breadcrumb":{"@id":"https:\/\/jornalfatosenoticias.com.br\/index.php\/2022\/04\/29\/contraceptivos-injetaveis-mensais-sao-incluidos-na-lista-de-medicamentos-do-sus\/#breadcrumb"},"inLanguage":"pt-BR","potentialAction":[{"@type":"ReadAction","target":["https:\/\/jornalfatosenoticias.com.br\/index.php\/2022\/04\/29\/contraceptivos-injetaveis-mensais-sao-incluidos-na-lista-de-medicamentos-do-sus\/"]}]},{"@type":"ImageObject","inLanguage":"pt-BR","@id":"https:\/\/jornalfatosenoticias.com.br\/index.php\/2022\/04\/29\/contraceptivos-injetaveis-mensais-sao-incluidos-na-lista-de-medicamentos-do-sus\/#primaryimage","url":"https:\/\/jornalfatosenoticias.com.br\/wp-content\/uploads\/2022\/04\/contraceptivos_sus.jpg","contentUrl":"https:\/\/jornalfatosenoticias.com.br\/wp-content\/uploads\/2022\/04\/contraceptivos_sus.jpg","width":1000,"height":523},{"@type":"BreadcrumbList","@id":"https:\/\/jornalfatosenoticias.com.br\/index.php\/2022\/04\/29\/contraceptivos-injetaveis-mensais-sao-incluidos-na-lista-de-medicamentos-do-sus\/#breadcrumb","itemListElement":[{"@type":"ListItem","position":1,"name":"In\u00edcio","item":"https:\/\/jornalfatosenoticias.com.br\/"},{"@type":"ListItem","position":2,"name":"Contraceptivos injet\u00e1veis mensais s\u00e3o inclu\u00eddos na lista de medicamentos do SUS"}]},{"@type":"WebSite","@id":"https:\/\/jornalfatosenoticias.com.br\/#website","url":"https:\/\/jornalfatosenoticias.com.br\/","name":"Jornal Fatos e Not\u00edcias","description":"Not\u00edcias em geral","publisher":{"@id":"https:\/\/jornalfatosenoticias.com.br\/#organization"},"potentialAction":[{"@type":"SearchAction","target":{"@type":"EntryPoint","urlTemplate":"https:\/\/jornalfatosenoticias.com.br\/?s={search_term_string}"},"query-input":{"@type":"PropertyValueSpecification","valueRequired":true,"valueName":"search_term_string"}}],"inLanguage":"pt-BR"},{"@type":"Organization","@id":"https:\/\/jornalfatosenoticias.com.br\/#organization","name":"Jornal Fatos e Not\u00edcias","url":"https:\/\/jornalfatosenoticias.com.br\/","logo":{"@type":"ImageObject","inLanguage":"pt-BR","@id":"https:\/\/jornalfatosenoticias.com.br\/#\/schema\/logo\/image\/","url":"https:\/\/jornalfatosenoticias.com.br\/wp-content\/uploads\/2020\/02\/logo120.png","contentUrl":"https:\/\/jornalfatosenoticias.com.br\/wp-content\/uploads\/2020\/02\/logo120.png","width":1227,"height":120,"caption":"Jornal Fatos e Not\u00edcias"},"image":{"@id":"https:\/\/jornalfatosenoticias.com.br\/#\/schema\/logo\/image\/"}},{"@type":"Person","@id":"https:\/\/jornalfatosenoticias.com.br\/#\/schema\/person\/d63837fa13ac8666eb9e74e0985d6f81","name":"Luzimara Fernandes","image":{"@type":"ImageObject","inLanguage":"pt-BR","@id":"https:\/\/jornalfatosenoticias.com.br\/#\/schema\/person\/image\/","url":"https:\/\/jornalfatosenoticias.com.br\/wp-content\/uploads\/2025\/05\/EU_portal.jpg","contentUrl":"https:\/\/jornalfatosenoticias.com.br\/wp-content\/uploads\/2025\/05\/EU_portal.jpg","caption":"Luzimara Fernandes"},"description":"Jornalista MTB 2358-ES","sameAs":["https:\/\/jornalfatosenoticias.com.br"],"url":"https:\/\/jornalfatosenoticias.com.br\/index.php\/author\/luzimara\/"}]}},"cc_featured_image_caption":{"caption_text":"(Foto: Shutterstock) ","source_text":"","source_url":""},"jetpack_featured_media_url":"https:\/\/jornalfatosenoticias.com.br\/wp-content\/uploads\/2022\/04\/contraceptivos_sus.jpg","_links":{"self":[{"href":"https:\/\/jornalfatosenoticias.com.br\/index.php\/wp-json\/wp\/v2\/posts\/29939","targetHints":{"allow":["GET"]}}],"collection":[{"href":"https:\/\/jornalfatosenoticias.com.br\/index.php\/wp-json\/wp\/v2\/posts"}],"about":[{"href":"https:\/\/jornalfatosenoticias.com.br\/index.php\/wp-json\/wp\/v2\/types\/post"}],"author":[{"embeddable":true,"href":"https:\/\/jornalfatosenoticias.com.br\/index.php\/wp-json\/wp\/v2\/users\/2"}],"replies":[{"embeddable":true,"href":"https:\/\/jornalfatosenoticias.com.br\/index.php\/wp-json\/wp\/v2\/comments?post=29939"}],"version-history":[{"count":0,"href":"https:\/\/jornalfatosenoticias.com.br\/index.php\/wp-json\/wp\/v2\/posts\/29939\/revisions"}],"wp:featuredmedia":[{"embeddable":true,"href":"https:\/\/jornalfatosenoticias.com.br\/index.php\/wp-json\/wp\/v2\/media\/29940"}],"wp:attachment":[{"href":"https:\/\/jornalfatosenoticias.com.br\/index.php\/wp-json\/wp\/v2\/media?parent=29939"}],"wp:term":[{"taxonomy":"category","embeddable":true,"href":"https:\/\/jornalfatosenoticias.com.br\/index.php\/wp-json\/wp\/v2\/categories?post=29939"},{"taxonomy":"post_tag","embeddable":true,"href":"https:\/\/jornalfatosenoticias.com.br\/index.php\/wp-json\/wp\/v2\/tags?post=29939"}],"curies":[{"name":"wp","href":"https:\/\/api.w.org\/{rel}","templated":true}]}}