{"id":29973,"date":"2022-05-02T11:24:57","date_gmt":"2022-05-02T14:24:57","guid":{"rendered":"https:\/\/jornalfatosenoticias.com.br\/?p=29973"},"modified":"2022-05-02T11:24:58","modified_gmt":"2022-05-02T14:24:58","slug":"prazo-para-emitir-ou-regularizar-titulo-termina-quarta-feira","status":"publish","type":"post","link":"https:\/\/jornalfatosenoticias.com.br\/index.php\/2022\/05\/02\/prazo-para-emitir-ou-regularizar-titulo-termina-quarta-feira\/","title":{"rendered":"Prazo para emitir ou regularizar t\u00edtulo termina quarta-feira"},"content":{"rendered":"\n<p><em><span class=\"has-inline-color has-black-color\">Mesmo prazo vale para transfer\u00eancia de domic\u00edlio eleitoral<\/span><\/em><\/p>\n\n\n\n<div class=\"wp-block-image\"><figure class=\"aligncenter size-large is-resized\"><img loading=\"lazy\" decoding=\"async\" src=\"https:\/\/jornalfatosenoticias.com.br\/wp-content\/uploads\/2020\/02\/Logo-Mizu-segunda-2-1024x99.png\" alt=\"\" class=\"wp-image-2353\" width=\"374\" height=\"36\" srcset=\"https:\/\/jornalfatosenoticias.com.br\/wp-content\/uploads\/2020\/02\/Logo-Mizu-segunda-2-1024x99.png 1024w, https:\/\/jornalfatosenoticias.com.br\/wp-content\/uploads\/2020\/02\/Logo-Mizu-segunda-2-300x29.png 300w, https:\/\/jornalfatosenoticias.com.br\/wp-content\/uploads\/2020\/02\/Logo-Mizu-segunda-2-768x74.png 768w, https:\/\/jornalfatosenoticias.com.br\/wp-content\/uploads\/2020\/02\/Logo-Mizu-segunda-2.png 1240w\" sizes=\"auto, (max-width: 374px) 100vw, 374px\" \/><\/figure><\/div>\n\n\n\n<p>Quem quiser votar nas elei\u00e7\u00f5es 2022 tem at\u00e9 a pr\u00f3xima quarta-feira (4) para emitir ou regularizar o t\u00edtulo de eleitor. Esse \u00e9 o prazo legal para que a Justi\u00e7a Eleitoral conclua o cadastro de todo o eleitorado apto a votar em outubro.<br>O mesmo prazo vale para quem quiser transferir o domic\u00edlio eleitoral, mudando o munic\u00edpio onde vota, bem como para incluir o nome social no t\u00edtulo de eleitor \u2014 no caso de pessoas transexuais e travestis. A data vale tamb\u00e9m para idosos e pessoas com mobilidade reduzida solicitarem a transfer\u00eancia do local de vota\u00e7\u00e3o para uma se\u00e7\u00e3o acess\u00edvel.<br>Assim como em todo ciclo eleitoral, a busca por regularizar a situa\u00e7\u00e3o do t\u00edtulo tem aumentado com a proximidade do fim do prazo, o que levou a Justi\u00e7a Eleitoral de diversos estados a ampliar o hor\u00e1rio de <strong><a href=\"https:\/\/agenciabrasil.ebc.com.br\/politica\/noticia\/2022-04\/cartorios-eleitorais-de-sp-abrem-para-atendimento-no-fim-de-semana\" target=\"_blank\" rel=\"noreferrer noopener\">funcionamento dos cart\u00f3rios<\/a><\/strong> eleitorais.<\/p>\n\n\n\n<div class=\"wp-block-image\"><figure class=\"alignright size-large is-resized\"><img loading=\"lazy\" decoding=\"async\" src=\"https:\/\/jornalfatosenoticias.com.br\/wp-content\/uploads\/2022\/03\/logo-Suinco-1024x390.jpg\" alt=\"\" class=\"wp-image-28785\" width=\"272\" height=\"103\"\/><\/figure><\/div>\n\n\n\n<p>Vale lembrar, contudo, que todos os procedimentos relativos ao t\u00edtulo de eleitor, incluindo a emiss\u00e3o do documento pela primeira vez, podem ser realizados inteiramente <em>on-line,<\/em> sem a necessidade de sair de casa, por meio do <strong><a href=\"https:\/\/www.tre-sp.jus.br\/eleitor\/atendimento-online\/atendimento-online\" target=\"_blank\" rel=\"noreferrer noopener\">Atendimento On-line<\/a><\/strong> ao eleitor.<br>Por meio da internet \u00e9 poss\u00edvel, por exemplo, pagar multas eleitorais atrasadas e solicitar a revis\u00e3o de dados no caso de t\u00edtulo cancelados. De acordo com a Justi\u00e7a Eleitoral, mais de seis milh\u00f5es de t\u00edtulos foram cancelados de 2018 a 2021.<br>Isso pode acontecer, por exemplo, quando o eleitor n\u00e3o comparece \u00e0 vota\u00e7\u00e3o nem justifica a aus\u00eancia por tr\u00eas elei\u00e7\u00f5es consecutivas, apesar de se enquadrar nos crit\u00e9rios de obrigatoriedade do voto.<br>Contudo, quem teve o t\u00edtulo cancelado por ter faltado \u00e0 revis\u00e3o do eleitorado e \u00e0 coleta de biometria em seu estado n\u00e3o precisa se preocupar. No m\u00eas passado, o Tribunal Superior Eleitoral (TSE) suspendeu os efeitos do cancelamento devido \u00e0 continuidade da pandemia de covid-19. Dessa maneira, os eleitores nessa situa\u00e7\u00e3o poder\u00e3o votar normalmente em outubro.<\/p>\n\n\n\n<div class=\"wp-block-image\"><figure class=\"alignleft size-large\"><img loading=\"lazy\" decoding=\"async\" width=\"300\" height=\"250\" src=\"https:\/\/jornalfatosenoticias.com.br\/wp-content\/uploads\/2022\/02\/Banner-2.png\" alt=\"\" class=\"wp-image-27877\"\/><\/figure><\/div>\n\n\n\n<p>Para verificar e resolver pend\u00eancias relativas ao t\u00edtulo, o eleitor dever\u00e1 ter em m\u00e3os documentos como cadastro de pessoa f\u00edsica. Em alguns casos \u00e9 necess\u00e1rio tirar fotos de rosto e de documentos, entre eles RG e comprovante de resid\u00eancia, para solicitar determinados procedimentos. Todas as informa\u00e7\u00f5es est\u00e3o dispon\u00edveis no <strong><a href=\"https:\/\/www.tre-sp.jus.br\/eleitor\/atendimento-online\/atendimento-online\" target=\"_blank\" rel=\"noreferrer noopener\">portal da Justi\u00e7a Eleitoral<\/a>.\u00a0<\/strong><br>O prazo limite para emitir ou modificar informa\u00e7\u00f5es relativas ao t\u00edtulo de eleitor \u00e9 decorrente da Lei das Elei\u00e7\u00f5es, que prev\u00ea o fechamento do cadastro eleitoral 150 dias antes do pleito. Neste ano, a data do fechamento \u00e9 5 de maio.<\/p>\n\n\n\n<div class=\"wp-block-image\"><figure class=\"aligncenter size-large is-resized\"><img loading=\"lazy\" decoding=\"async\" src=\"https:\/\/jornalfatosenoticias.com.br\/wp-content\/uploads\/2020\/02\/Serra-Grande-1024x160.png\" alt=\"\" class=\"wp-image-7836\" width=\"321\" height=\"50\"\/><\/figure><\/div>\n\n\n\n<p><strong><em>Fonte: <a href=\"https:\/\/agenciabrasil.ebc.com.br\/justica\/noticia\/2022-05\/prazo-para-emitir-ou-regularizar-titulo-termina-quarta-feira-4\">Ag\u00eancia Brasil<\/a><\/em><\/strong><\/p>\n","protected":false},"excerpt":{"rendered":"<p>Mesmo prazo vale para transfer\u00eancia de domic\u00edlio eleitoral Quem quiser votar nas elei\u00e7\u00f5es 2022 tem at\u00e9 a pr\u00f3xima quarta-feira (4) para emitir ou regularizar o t\u00edtulo de eleitor. Esse \u00e9 o prazo legal para que a Justi\u00e7a Eleitoral conclua o cadastro de todo o eleitorado apto a votar em outubro.O mesmo prazo vale para quem [&hellip;]<\/p>\n","protected":false},"author":2,"featured_media":29974,"comment_status":"open","ping_status":"open","sticky":false,"template":"","format":"standard","meta":{"footnotes":""},"categories":[5],"tags":[14244,2543,919,14245,14246,14247,1514],"class_list":["post-29973","post","type-post","status-publish","format-standard","has-post-thumbnail","hentry","category-geral","tag-ciclo-eleitoral","tag-justica-eleitoral","tag-prazo","tag-regularizar-titulo","tag-titulo-de-eleitor","tag-transferencia","tag-tse"],"yoast_head":"<!-- This site is optimized with the Yoast SEO plugin v26.5 - https:\/\/yoast.com\/wordpress\/plugins\/seo\/ -->\n<title>Prazo para emitir ou regularizar t\u00edtulo termina quarta-feira - Jornal Fatos e Not\u00edcias<\/title>\n<meta name=\"robots\" content=\"index, follow, max-snippet:-1, max-image-preview:large, max-video-preview:-1\" \/>\n<link rel=\"canonical\" href=\"https:\/\/jornalfatosenoticias.com.br\/index.php\/2022\/05\/02\/prazo-para-emitir-ou-regularizar-titulo-termina-quarta-feira\/\" \/>\n<meta property=\"og:locale\" content=\"pt_BR\" \/>\n<meta property=\"og:type\" content=\"article\" \/>\n<meta property=\"og:title\" content=\"Prazo para emitir ou regularizar t\u00edtulo termina quarta-feira - Jornal Fatos e Not\u00edcias\" \/>\n<meta property=\"og:description\" content=\"Mesmo prazo vale para transfer\u00eancia de domic\u00edlio eleitoral Quem quiser votar nas elei\u00e7\u00f5es 2022 tem at\u00e9 a pr\u00f3xima quarta-feira (4) para emitir ou regularizar o t\u00edtulo de eleitor. Esse \u00e9 o prazo legal para que a Justi\u00e7a Eleitoral conclua o cadastro de todo o eleitorado apto a votar em outubro.O mesmo prazo vale para quem [&hellip;]\" \/>\n<meta property=\"og:url\" content=\"https:\/\/jornalfatosenoticias.com.br\/index.php\/2022\/05\/02\/prazo-para-emitir-ou-regularizar-titulo-termina-quarta-feira\/\" \/>\n<meta property=\"og:site_name\" content=\"Jornal Fatos e Not\u00edcias\" \/>\n<meta property=\"article:published_time\" content=\"2022-05-02T14:24:57+00:00\" \/>\n<meta property=\"article:modified_time\" content=\"2022-05-02T14:24:58+00:00\" \/>\n<meta property=\"og:image\" content=\"https:\/\/jornalfatosenoticias.com.br\/wp-content\/uploads\/2022\/05\/tse.jpg\" \/>\n\t<meta property=\"og:image:width\" content=\"1000\" \/>\n\t<meta property=\"og:image:height\" content=\"598\" \/>\n\t<meta property=\"og:image:type\" content=\"image\/jpeg\" \/>\n<meta name=\"author\" content=\"Luzimara Fernandes\" \/>\n<meta name=\"twitter:card\" content=\"summary_large_image\" \/>\n<meta name=\"twitter:label1\" content=\"Escrito por\" \/>\n\t<meta name=\"twitter:data1\" content=\"Luzimara Fernandes\" \/>\n\t<meta name=\"twitter:label2\" content=\"Est. tempo de leitura\" \/>\n\t<meta name=\"twitter:data2\" content=\"2 minutos\" \/>\n<script type=\"application\/ld+json\" class=\"yoast-schema-graph\">{\"@context\":\"https:\/\/schema.org\",\"@graph\":[{\"@type\":\"Article\",\"@id\":\"https:\/\/jornalfatosenoticias.com.br\/index.php\/2022\/05\/02\/prazo-para-emitir-ou-regularizar-titulo-termina-quarta-feira\/#article\",\"isPartOf\":{\"@id\":\"https:\/\/jornalfatosenoticias.com.br\/index.php\/2022\/05\/02\/prazo-para-emitir-ou-regularizar-titulo-termina-quarta-feira\/\"},\"author\":{\"name\":\"Luzimara Fernandes\",\"@id\":\"https:\/\/jornalfatosenoticias.com.br\/#\/schema\/person\/d63837fa13ac8666eb9e74e0985d6f81\"},\"headline\":\"Prazo para emitir ou regularizar t\u00edtulo termina quarta-feira\",\"datePublished\":\"2022-05-02T14:24:57+00:00\",\"dateModified\":\"2022-05-02T14:24:58+00:00\",\"mainEntityOfPage\":{\"@id\":\"https:\/\/jornalfatosenoticias.com.br\/index.php\/2022\/05\/02\/prazo-para-emitir-ou-regularizar-titulo-termina-quarta-feira\/\"},\"wordCount\":457,\"commentCount\":0,\"publisher\":{\"@id\":\"https:\/\/jornalfatosenoticias.com.br\/#organization\"},\"image\":{\"@id\":\"https:\/\/jornalfatosenoticias.com.br\/index.php\/2022\/05\/02\/prazo-para-emitir-ou-regularizar-titulo-termina-quarta-feira\/#primaryimage\"},\"thumbnailUrl\":\"https:\/\/jornalfatosenoticias.com.br\/wp-content\/uploads\/2022\/05\/tse.jpg\",\"keywords\":[\"ciclo eleitoral\",\"Justi\u00e7a Eleitoral\",\"prazo\",\"regularizar t\u00edtulo\",\"t\u00edtulo de eleitor\",\"transfer\u00eancia\",\"TSE\"],\"articleSection\":[\"Geral\"],\"inLanguage\":\"pt-BR\",\"potentialAction\":[{\"@type\":\"CommentAction\",\"name\":\"Comment\",\"target\":[\"https:\/\/jornalfatosenoticias.com.br\/index.php\/2022\/05\/02\/prazo-para-emitir-ou-regularizar-titulo-termina-quarta-feira\/#respond\"]}]},{\"@type\":\"WebPage\",\"@id\":\"https:\/\/jornalfatosenoticias.com.br\/index.php\/2022\/05\/02\/prazo-para-emitir-ou-regularizar-titulo-termina-quarta-feira\/\",\"url\":\"https:\/\/jornalfatosenoticias.com.br\/index.php\/2022\/05\/02\/prazo-para-emitir-ou-regularizar-titulo-termina-quarta-feira\/\",\"name\":\"Prazo para emitir ou regularizar t\u00edtulo termina quarta-feira - Jornal Fatos e Not\u00edcias\",\"isPartOf\":{\"@id\":\"https:\/\/jornalfatosenoticias.com.br\/#website\"},\"primaryImageOfPage\":{\"@id\":\"https:\/\/jornalfatosenoticias.com.br\/index.php\/2022\/05\/02\/prazo-para-emitir-ou-regularizar-titulo-termina-quarta-feira\/#primaryimage\"},\"image\":{\"@id\":\"https:\/\/jornalfatosenoticias.com.br\/index.php\/2022\/05\/02\/prazo-para-emitir-ou-regularizar-titulo-termina-quarta-feira\/#primaryimage\"},\"thumbnailUrl\":\"https:\/\/jornalfatosenoticias.com.br\/wp-content\/uploads\/2022\/05\/tse.jpg\",\"datePublished\":\"2022-05-02T14:24:57+00:00\",\"dateModified\":\"2022-05-02T14:24:58+00:00\",\"breadcrumb\":{\"@id\":\"https:\/\/jornalfatosenoticias.com.br\/index.php\/2022\/05\/02\/prazo-para-emitir-ou-regularizar-titulo-termina-quarta-feira\/#breadcrumb\"},\"inLanguage\":\"pt-BR\",\"potentialAction\":[{\"@type\":\"ReadAction\",\"target\":[\"https:\/\/jornalfatosenoticias.com.br\/index.php\/2022\/05\/02\/prazo-para-emitir-ou-regularizar-titulo-termina-quarta-feira\/\"]}]},{\"@type\":\"ImageObject\",\"inLanguage\":\"pt-BR\",\"@id\":\"https:\/\/jornalfatosenoticias.com.br\/index.php\/2022\/05\/02\/prazo-para-emitir-ou-regularizar-titulo-termina-quarta-feira\/#primaryimage\",\"url\":\"https:\/\/jornalfatosenoticias.com.br\/wp-content\/uploads\/2022\/05\/tse.jpg\",\"contentUrl\":\"https:\/\/jornalfatosenoticias.com.br\/wp-content\/uploads\/2022\/05\/tse.jpg\",\"width\":1000,\"height\":598,\"caption\":\"Edif\u00edcio sede do Tribunal Superior Eleitoral (TSE).\"},{\"@type\":\"BreadcrumbList\",\"@id\":\"https:\/\/jornalfatosenoticias.com.br\/index.php\/2022\/05\/02\/prazo-para-emitir-ou-regularizar-titulo-termina-quarta-feira\/#breadcrumb\",\"itemListElement\":[{\"@type\":\"ListItem\",\"position\":1,\"name\":\"In\u00edcio\",\"item\":\"https:\/\/jornalfatosenoticias.com.br\/\"},{\"@type\":\"ListItem\",\"position\":2,\"name\":\"Prazo para emitir ou regularizar t\u00edtulo termina quarta-feira\"}]},{\"@type\":\"WebSite\",\"@id\":\"https:\/\/jornalfatosenoticias.com.br\/#website\",\"url\":\"https:\/\/jornalfatosenoticias.com.br\/\",\"name\":\"Jornal Fatos e Not\u00edcias\",\"description\":\"Not\u00edcias em geral\",\"publisher\":{\"@id\":\"https:\/\/jornalfatosenoticias.com.br\/#organization\"},\"potentialAction\":[{\"@type\":\"SearchAction\",\"target\":{\"@type\":\"EntryPoint\",\"urlTemplate\":\"https:\/\/jornalfatosenoticias.com.br\/?s={search_term_string}\"},\"query-input\":{\"@type\":\"PropertyValueSpecification\",\"valueRequired\":true,\"valueName\":\"search_term_string\"}}],\"inLanguage\":\"pt-BR\"},{\"@type\":\"Organization\",\"@id\":\"https:\/\/jornalfatosenoticias.com.br\/#organization\",\"name\":\"Jornal Fatos e Not\u00edcias\",\"url\":\"https:\/\/jornalfatosenoticias.com.br\/\",\"logo\":{\"@type\":\"ImageObject\",\"inLanguage\":\"pt-BR\",\"@id\":\"https:\/\/jornalfatosenoticias.com.br\/#\/schema\/logo\/image\/\",\"url\":\"https:\/\/jornalfatosenoticias.com.br\/wp-content\/uploads\/2020\/02\/logo120.png\",\"contentUrl\":\"https:\/\/jornalfatosenoticias.com.br\/wp-content\/uploads\/2020\/02\/logo120.png\",\"width\":1227,\"height\":120,\"caption\":\"Jornal Fatos e Not\u00edcias\"},\"image\":{\"@id\":\"https:\/\/jornalfatosenoticias.com.br\/#\/schema\/logo\/image\/\"}},{\"@type\":\"Person\",\"@id\":\"https:\/\/jornalfatosenoticias.com.br\/#\/schema\/person\/d63837fa13ac8666eb9e74e0985d6f81\",\"name\":\"Luzimara Fernandes\",\"image\":{\"@type\":\"ImageObject\",\"inLanguage\":\"pt-BR\",\"@id\":\"https:\/\/jornalfatosenoticias.com.br\/#\/schema\/person\/image\/\",\"url\":\"https:\/\/jornalfatosenoticias.com.br\/wp-content\/uploads\/2025\/05\/EU_portal.jpg\",\"contentUrl\":\"https:\/\/jornalfatosenoticias.com.br\/wp-content\/uploads\/2025\/05\/EU_portal.jpg\",\"caption\":\"Luzimara Fernandes\"},\"description\":\"Jornalista MTB 2358-ES\",\"sameAs\":[\"https:\/\/jornalfatosenoticias.com.br\"],\"url\":\"https:\/\/jornalfatosenoticias.com.br\/index.php\/author\/luzimara\/\"}]}<\/script>\n<!-- \/ Yoast SEO plugin. -->","yoast_head_json":{"title":"Prazo para emitir ou regularizar t\u00edtulo termina quarta-feira - Jornal Fatos e Not\u00edcias","robots":{"index":"index","follow":"follow","max-snippet":"max-snippet:-1","max-image-preview":"max-image-preview:large","max-video-preview":"max-video-preview:-1"},"canonical":"https:\/\/jornalfatosenoticias.com.br\/index.php\/2022\/05\/02\/prazo-para-emitir-ou-regularizar-titulo-termina-quarta-feira\/","og_locale":"pt_BR","og_type":"article","og_title":"Prazo para emitir ou regularizar t\u00edtulo termina quarta-feira - Jornal Fatos e Not\u00edcias","og_description":"Mesmo prazo vale para transfer\u00eancia de domic\u00edlio eleitoral Quem quiser votar nas elei\u00e7\u00f5es 2022 tem at\u00e9 a pr\u00f3xima quarta-feira (4) para emitir ou regularizar o t\u00edtulo de eleitor. Esse \u00e9 o prazo legal para que a Justi\u00e7a Eleitoral conclua o cadastro de todo o eleitorado apto a votar em outubro.O mesmo prazo vale para quem [&hellip;]","og_url":"https:\/\/jornalfatosenoticias.com.br\/index.php\/2022\/05\/02\/prazo-para-emitir-ou-regularizar-titulo-termina-quarta-feira\/","og_site_name":"Jornal Fatos e Not\u00edcias","article_published_time":"2022-05-02T14:24:57+00:00","article_modified_time":"2022-05-02T14:24:58+00:00","og_image":[{"width":1000,"height":598,"url":"https:\/\/jornalfatosenoticias.com.br\/wp-content\/uploads\/2022\/05\/tse.jpg","type":"image\/jpeg"}],"author":"Luzimara Fernandes","twitter_card":"summary_large_image","twitter_misc":{"Escrito por":"Luzimara Fernandes","Est. tempo de leitura":"2 minutos"},"schema":{"@context":"https:\/\/schema.org","@graph":[{"@type":"Article","@id":"https:\/\/jornalfatosenoticias.com.br\/index.php\/2022\/05\/02\/prazo-para-emitir-ou-regularizar-titulo-termina-quarta-feira\/#article","isPartOf":{"@id":"https:\/\/jornalfatosenoticias.com.br\/index.php\/2022\/05\/02\/prazo-para-emitir-ou-regularizar-titulo-termina-quarta-feira\/"},"author":{"name":"Luzimara Fernandes","@id":"https:\/\/jornalfatosenoticias.com.br\/#\/schema\/person\/d63837fa13ac8666eb9e74e0985d6f81"},"headline":"Prazo para emitir ou regularizar t\u00edtulo termina quarta-feira","datePublished":"2022-05-02T14:24:57+00:00","dateModified":"2022-05-02T14:24:58+00:00","mainEntityOfPage":{"@id":"https:\/\/jornalfatosenoticias.com.br\/index.php\/2022\/05\/02\/prazo-para-emitir-ou-regularizar-titulo-termina-quarta-feira\/"},"wordCount":457,"commentCount":0,"publisher":{"@id":"https:\/\/jornalfatosenoticias.com.br\/#organization"},"image":{"@id":"https:\/\/jornalfatosenoticias.com.br\/index.php\/2022\/05\/02\/prazo-para-emitir-ou-regularizar-titulo-termina-quarta-feira\/#primaryimage"},"thumbnailUrl":"https:\/\/jornalfatosenoticias.com.br\/wp-content\/uploads\/2022\/05\/tse.jpg","keywords":["ciclo eleitoral","Justi\u00e7a Eleitoral","prazo","regularizar t\u00edtulo","t\u00edtulo de eleitor","transfer\u00eancia","TSE"],"articleSection":["Geral"],"inLanguage":"pt-BR","potentialAction":[{"@type":"CommentAction","name":"Comment","target":["https:\/\/jornalfatosenoticias.com.br\/index.php\/2022\/05\/02\/prazo-para-emitir-ou-regularizar-titulo-termina-quarta-feira\/#respond"]}]},{"@type":"WebPage","@id":"https:\/\/jornalfatosenoticias.com.br\/index.php\/2022\/05\/02\/prazo-para-emitir-ou-regularizar-titulo-termina-quarta-feira\/","url":"https:\/\/jornalfatosenoticias.com.br\/index.php\/2022\/05\/02\/prazo-para-emitir-ou-regularizar-titulo-termina-quarta-feira\/","name":"Prazo para emitir ou regularizar t\u00edtulo termina quarta-feira - Jornal Fatos e Not\u00edcias","isPartOf":{"@id":"https:\/\/jornalfatosenoticias.com.br\/#website"},"primaryImageOfPage":{"@id":"https:\/\/jornalfatosenoticias.com.br\/index.php\/2022\/05\/02\/prazo-para-emitir-ou-regularizar-titulo-termina-quarta-feira\/#primaryimage"},"image":{"@id":"https:\/\/jornalfatosenoticias.com.br\/index.php\/2022\/05\/02\/prazo-para-emitir-ou-regularizar-titulo-termina-quarta-feira\/#primaryimage"},"thumbnailUrl":"https:\/\/jornalfatosenoticias.com.br\/wp-content\/uploads\/2022\/05\/tse.jpg","datePublished":"2022-05-02T14:24:57+00:00","dateModified":"2022-05-02T14:24:58+00:00","breadcrumb":{"@id":"https:\/\/jornalfatosenoticias.com.br\/index.php\/2022\/05\/02\/prazo-para-emitir-ou-regularizar-titulo-termina-quarta-feira\/#breadcrumb"},"inLanguage":"pt-BR","potentialAction":[{"@type":"ReadAction","target":["https:\/\/jornalfatosenoticias.com.br\/index.php\/2022\/05\/02\/prazo-para-emitir-ou-regularizar-titulo-termina-quarta-feira\/"]}]},{"@type":"ImageObject","inLanguage":"pt-BR","@id":"https:\/\/jornalfatosenoticias.com.br\/index.php\/2022\/05\/02\/prazo-para-emitir-ou-regularizar-titulo-termina-quarta-feira\/#primaryimage","url":"https:\/\/jornalfatosenoticias.com.br\/wp-content\/uploads\/2022\/05\/tse.jpg","contentUrl":"https:\/\/jornalfatosenoticias.com.br\/wp-content\/uploads\/2022\/05\/tse.jpg","width":1000,"height":598,"caption":"Edif\u00edcio sede do Tribunal Superior Eleitoral (TSE)."},{"@type":"BreadcrumbList","@id":"https:\/\/jornalfatosenoticias.com.br\/index.php\/2022\/05\/02\/prazo-para-emitir-ou-regularizar-titulo-termina-quarta-feira\/#breadcrumb","itemListElement":[{"@type":"ListItem","position":1,"name":"In\u00edcio","item":"https:\/\/jornalfatosenoticias.com.br\/"},{"@type":"ListItem","position":2,"name":"Prazo para emitir ou regularizar t\u00edtulo termina quarta-feira"}]},{"@type":"WebSite","@id":"https:\/\/jornalfatosenoticias.com.br\/#website","url":"https:\/\/jornalfatosenoticias.com.br\/","name":"Jornal Fatos e Not\u00edcias","description":"Not\u00edcias em geral","publisher":{"@id":"https:\/\/jornalfatosenoticias.com.br\/#organization"},"potentialAction":[{"@type":"SearchAction","target":{"@type":"EntryPoint","urlTemplate":"https:\/\/jornalfatosenoticias.com.br\/?s={search_term_string}"},"query-input":{"@type":"PropertyValueSpecification","valueRequired":true,"valueName":"search_term_string"}}],"inLanguage":"pt-BR"},{"@type":"Organization","@id":"https:\/\/jornalfatosenoticias.com.br\/#organization","name":"Jornal Fatos e Not\u00edcias","url":"https:\/\/jornalfatosenoticias.com.br\/","logo":{"@type":"ImageObject","inLanguage":"pt-BR","@id":"https:\/\/jornalfatosenoticias.com.br\/#\/schema\/logo\/image\/","url":"https:\/\/jornalfatosenoticias.com.br\/wp-content\/uploads\/2020\/02\/logo120.png","contentUrl":"https:\/\/jornalfatosenoticias.com.br\/wp-content\/uploads\/2020\/02\/logo120.png","width":1227,"height":120,"caption":"Jornal Fatos e Not\u00edcias"},"image":{"@id":"https:\/\/jornalfatosenoticias.com.br\/#\/schema\/logo\/image\/"}},{"@type":"Person","@id":"https:\/\/jornalfatosenoticias.com.br\/#\/schema\/person\/d63837fa13ac8666eb9e74e0985d6f81","name":"Luzimara Fernandes","image":{"@type":"ImageObject","inLanguage":"pt-BR","@id":"https:\/\/jornalfatosenoticias.com.br\/#\/schema\/person\/image\/","url":"https:\/\/jornalfatosenoticias.com.br\/wp-content\/uploads\/2025\/05\/EU_portal.jpg","contentUrl":"https:\/\/jornalfatosenoticias.com.br\/wp-content\/uploads\/2025\/05\/EU_portal.jpg","caption":"Luzimara Fernandes"},"description":"Jornalista MTB 2358-ES","sameAs":["https:\/\/jornalfatosenoticias.com.br"],"url":"https:\/\/jornalfatosenoticias.com.br\/index.php\/author\/luzimara\/"}]}},"cc_featured_image_caption":{"caption_text":"(Foto: Marcelo Camargo\/Ag\u00eancia Brasil) \r\n","source_text":"","source_url":""},"jetpack_featured_media_url":"https:\/\/jornalfatosenoticias.com.br\/wp-content\/uploads\/2022\/05\/tse.jpg","_links":{"self":[{"href":"https:\/\/jornalfatosenoticias.com.br\/index.php\/wp-json\/wp\/v2\/posts\/29973","targetHints":{"allow":["GET"]}}],"collection":[{"href":"https:\/\/jornalfatosenoticias.com.br\/index.php\/wp-json\/wp\/v2\/posts"}],"about":[{"href":"https:\/\/jornalfatosenoticias.com.br\/index.php\/wp-json\/wp\/v2\/types\/post"}],"author":[{"embeddable":true,"href":"https:\/\/jornalfatosenoticias.com.br\/index.php\/wp-json\/wp\/v2\/users\/2"}],"replies":[{"embeddable":true,"href":"https:\/\/jornalfatosenoticias.com.br\/index.php\/wp-json\/wp\/v2\/comments?post=29973"}],"version-history":[{"count":0,"href":"https:\/\/jornalfatosenoticias.com.br\/index.php\/wp-json\/wp\/v2\/posts\/29973\/revisions"}],"wp:featuredmedia":[{"embeddable":true,"href":"https:\/\/jornalfatosenoticias.com.br\/index.php\/wp-json\/wp\/v2\/media\/29974"}],"wp:attachment":[{"href":"https:\/\/jornalfatosenoticias.com.br\/index.php\/wp-json\/wp\/v2\/media?parent=29973"}],"wp:term":[{"taxonomy":"category","embeddable":true,"href":"https:\/\/jornalfatosenoticias.com.br\/index.php\/wp-json\/wp\/v2\/categories?post=29973"},{"taxonomy":"post_tag","embeddable":true,"href":"https:\/\/jornalfatosenoticias.com.br\/index.php\/wp-json\/wp\/v2\/tags?post=29973"}],"curies":[{"name":"wp","href":"https:\/\/api.w.org\/{rel}","templated":true}]}}