{"id":30025,"date":"2022-05-02T15:24:19","date_gmt":"2022-05-02T18:24:19","guid":{"rendered":"https:\/\/jornalfatosenoticias.com.br\/?p=30025"},"modified":"2022-05-02T15:24:20","modified_gmt":"2022-05-02T18:24:20","slug":"tamandua-onca-parda-lobo-guara-diversidade-de-mamiferos-em-reservas-no-cerrado-paulista-surpreende-pesquisadores","status":"publish","type":"post","link":"https:\/\/jornalfatosenoticias.com.br\/index.php\/2022\/05\/02\/tamandua-onca-parda-lobo-guara-diversidade-de-mamiferos-em-reservas-no-cerrado-paulista-surpreende-pesquisadores\/","title":{"rendered":"Tamandu\u00e1, on\u00e7a-parda, lobo-guar\u00e1: diversidade de mam\u00edferos em reservas no Cerrado paulista surpreende pesquisadores"},"content":{"rendered":"\n<p><em><span class=\"has-inline-color has-black-color\">Foram identificadas 20 esp\u00e9cies nativas do bioma. Levantamento pode ajudar na preserva\u00e7\u00e3o da regi\u00e3o<\/span><\/em><\/p>\n\n\n\n<div class=\"wp-block-image\"><figure class=\"aligncenter size-large is-resized\"><img loading=\"lazy\" decoding=\"async\" src=\"https:\/\/jornalfatosenoticias.com.br\/wp-content\/uploads\/2022\/02\/Arte-Autoescola-Galatas_endereco_portal-1024x103.png\" alt=\"\" class=\"wp-image-27869\" width=\"467\" height=\"47\" srcset=\"https:\/\/jornalfatosenoticias.com.br\/wp-content\/uploads\/2022\/02\/Arte-Autoescola-Galatas_endereco_portal-1024x103.png 1024w, https:\/\/jornalfatosenoticias.com.br\/wp-content\/uploads\/2022\/02\/Arte-Autoescola-Galatas_endereco_portal-300x30.png 300w, https:\/\/jornalfatosenoticias.com.br\/wp-content\/uploads\/2022\/02\/Arte-Autoescola-Galatas_endereco_portal-768x77.png 768w, https:\/\/jornalfatosenoticias.com.br\/wp-content\/uploads\/2022\/02\/Arte-Autoescola-Galatas_endereco_portal.png 1223w\" sizes=\"auto, (max-width: 467px) 100vw, 467px\" \/><\/figure><\/div>\n\n\n\n<p>Um estudo desenvolvido pelo Laborat\u00f3rio de Ecologia e Conserva\u00e7\u00e3o (LAEC) da USP, em Ribeir\u00e3o Preto, coordenado por Adriano Chiarello, catalogou dados dos mam\u00edferos de m\u00e9dio e grande porte da Floresta Estadual de Cajuru e arredores. A regi\u00e3o abrange uma \u00e1rea de conserva\u00e7\u00e3o do Cerrado, bioma que tem apenas 7% de sua cobertura original no estado de S\u00e3o Paulo. <\/p>\n\n\n\n<blockquote class=\"wp-block-quote is-layout-flow wp-block-quote-is-layout-flow\"><p><span class=\"has-inline-color has-luminous-vivid-orange-color\">\u201cN\u00f3s nos surpreendemos com o fato de a \u00e1rea amostrada por n\u00f3s ser t\u00e3o rica em esp\u00e9cies de mam\u00edferos quanto a maior Unidade de Conserva\u00e7\u00e3o de Cerrado do estado de S\u00e3o Paulo (a Esta\u00e7\u00e3o Ecol\u00f3gica de Jata\u00ed) e seus arredores\u201d, diz Marcella P\u00f4nzio, doutoranda do Instituto de Bioci\u00eancias (IB) da USP e primeira autora de um artigo com resultados do levantamento.<\/span><\/p><\/blockquote>\n\n\n\n<div class=\"wp-block-image\"><figure class=\"alignleft size-large is-resized\"><img loading=\"lazy\" decoding=\"async\" src=\"https:\/\/jornalfatosenoticias.com.br\/wp-content\/uploads\/2022\/02\/Precisao-Contabilidade-1024x724.jpg\" alt=\"\" class=\"wp-image-28088\" width=\"317\" height=\"224\"\/><\/figure><\/div>\n\n\n\n<p>Foram identificadas 20 esp\u00e9cies nativas, n\u00famero que abrange quase 50% de todos os mam\u00edferos de m\u00e9dio e grande porte conhecidos do Cerrado. Os resultados tamb\u00e9m revelaram uma grande variedade de esp\u00e9cies nas \u00e1reas privadas, o que mostra que os animais n\u00e3o ficam restritos aos limites das \u00e1reas protegidas. <\/p>\n\n\n\n<blockquote class=\"wp-block-quote is-layout-flow wp-block-quote-is-layout-flow\"><p><span class=\"has-inline-color has-luminous-vivid-orange-color\">\u201cEssa riqueza de esp\u00e9cies similares refor\u00e7a a import\u00e2ncia da nossa \u00e1rea de estudo para a conserva\u00e7\u00e3o de mam\u00edferos de m\u00e9dio e grande porte, grupo animal severamente amea\u00e7ado pela a\u00e7\u00e3o humana, mas importante para o funcionamento dos ecossistemas\u201d, complementa.<\/span><\/p><\/blockquote>\n\n\n\n<div class=\"wp-block-image\"><figure class=\"alignright size-large is-resized\"><img loading=\"lazy\" decoding=\"async\" src=\"https:\/\/jornalfatosenoticias.com.br\/wp-content\/uploads\/2020\/02\/nova-logo-Marquetti.jpg\" alt=\"\" class=\"wp-image-22331\" width=\"300\" height=\"202\" srcset=\"https:\/\/jornalfatosenoticias.com.br\/wp-content\/uploads\/2020\/02\/nova-logo-Marquetti.jpg 643w, https:\/\/jornalfatosenoticias.com.br\/wp-content\/uploads\/2020\/02\/nova-logo-Marquetti-300x202.jpg 300w\" sizes=\"auto, (max-width: 300px) 100vw, 300px\" \/><\/figure><\/div>\n\n\n\n<p>Apesar da situa\u00e7\u00e3o cr\u00edtica desse bioma em S\u00e3o Paulo, pouco se sabia sobre as esp\u00e9cies que habitam o local. Essa escassez de conhecimento foi o que motivou o grupo a fazer o levantamento dos mam\u00edferos de m\u00e9dio e grande porte da regi\u00e3o.<br>Junto \u00e0 Floresta Estadual de Cajuru, um fragmento de vegeta\u00e7\u00e3o nativa privada tamb\u00e9m fez parte da an\u00e1lise, a Fazenda de Alto Valor de Conserva\u00e7\u00e3o Dois C\u00f3rregos. \u201cNossa \u00e1rea de estudo representa algo raro no interior do estado de S\u00e3o Paulo: a uni\u00e3o entre uma \u00e1rea protegida p\u00fablica e uma particular\u201d, conta ao Jornal da USP Marcella P\u00f4nzio.<br>Al\u00e9m dessa caracteriza\u00e7\u00e3o peculiar da \u00e1rea de estudo, outros fatores a tornam relevantes: a falta de um Plano de Manejo na Unidade de Conserva\u00e7\u00e3o (UC) \u2014 documento oficial que estabelece as normas a serem seguidas na gest\u00e3o de uma UC \u2014, e a proposta de lei embargada pelo Minist\u00e9rio P\u00fablico (lei estadual N\u00ba 16.260\/16, 29\/06\/2016) que pretende ceder a Floresta Estadual de Cajuru para uso privado ou explora\u00e7\u00e3o de servi\u00e7os.<br>J\u00e1 a escolha da identifica\u00e7\u00e3o de mam\u00edferos de m\u00e9dio e grande porte ocorreu porque esses animais s\u00e3o muito diversos tanto em rela\u00e7\u00e3o ao seu tipo de alimenta\u00e7\u00e3o quanto em rela\u00e7\u00e3o \u00e0s suas necessidades. <\/p>\n\n\n\n<div class=\"wp-block-image\"><figure class=\"aligncenter size-large\"><img decoding=\"async\" src=\"https:\/\/jornalfatosenoticias.com.br\/wp-content\/uploads\/2020\/02\/logo_esteio.jpg\" alt=\"\" class=\"wp-image-1214\"\/><\/figure><\/div>\n\n\n\n<blockquote class=\"wp-block-quote is-layout-flow wp-block-quote-is-layout-flow\"><p><span class=\"has-inline-color has-luminous-vivid-orange-color\">\u201cVale a pena investigar como a comunidade de mam\u00edferos est\u00e1 estruturada em uma \u00e1rea, pois ela tem o potencial de responder de diferentes maneiras \u00e0s caracter\u00edsticas naturais e antr\u00f3picas da paisagem\u201d, esclarece a doutoranda. Esses mam\u00edferos ainda s\u00e3o os mais sens\u00edveis \u00e0s altera\u00e7\u00f5es do ser humano na natureza.<\/span><\/p><\/blockquote>\n\n\n\n<div class=\"wp-block-image\"><figure class=\"aligncenter size-large is-resized\"><img loading=\"lazy\" decoding=\"async\" src=\"https:\/\/jornalfatosenoticias.com.br\/wp-content\/uploads\/2020\/02\/Serra-Grande-1024x160.png\" alt=\"\" class=\"wp-image-7836\" width=\"359\" height=\"56\"\/><\/figure><\/div>\n\n\n\n<p>Para identificar os animais da regi\u00e3o, localizada no nordeste de S\u00e3o Paulo, os pesquisadores utilizaram armadilhas fotogr\u00e1ficas \u2014 c\u00e2meras sens\u00edveis ao movimento e ao calor: \u201cAssim, uma foto \u00e9 tirada cada vez que um animal passa na frente do equipamento\u201d, explica Marcella. A identifica\u00e7\u00e3o de pegadas, fezes e rastros de animais tamb\u00e9m foi um dos m\u00e9todos usados para identificar os mam\u00edferos.<\/p>\n\n\n\n<h4 class=\"wp-block-heading\"><strong><span class=\"has-inline-color has-vivid-green-cyan-color\">Os resultados e suas implica\u00e7\u00f5es<\/span><\/strong><\/h4>\n\n\n\n<figure class=\"wp-block-image size-large\"><img loading=\"lazy\" decoding=\"async\" width=\"1000\" height=\"685\" src=\"https:\/\/jornalfatosenoticias.com.br\/wp-content\/uploads\/2022\/05\/cerrado.jpg\" alt=\"\" class=\"wp-image-30026\" srcset=\"https:\/\/jornalfatosenoticias.com.br\/wp-content\/uploads\/2022\/05\/cerrado.jpg 1000w, https:\/\/jornalfatosenoticias.com.br\/wp-content\/uploads\/2022\/05\/cerrado-300x206.jpg 300w, https:\/\/jornalfatosenoticias.com.br\/wp-content\/uploads\/2022\/05\/cerrado-768x526.jpg 768w\" sizes=\"auto, (max-width: 1000px) 100vw, 1000px\" \/><figcaption><em><span class=\"has-inline-color has-black-color\">Os ambientes analisados pelo artigo tamb\u00e9m inclu\u00edram \u00e1reas agr\u00edcolas, pastagens e silviculturas (Foto: Fotos: Cedidas pela pesquisadora)<\/span><\/em><\/figcaption><\/figure>\n\n\n\n<div class=\"wp-block-image\"><figure class=\"alignleft size-large\"><img loading=\"lazy\" decoding=\"async\" width=\"300\" height=\"250\" src=\"https:\/\/jornalfatosenoticias.com.br\/wp-content\/uploads\/2022\/02\/Banner-2.png\" alt=\"\" class=\"wp-image-27877\"\/><\/figure><\/div>\n\n\n\n<p>O controle de pragas e a dispers\u00e3o de sementes s\u00e3o algumas das atividades que os mam\u00edferos prestam aos ecossistemas e saber quais animais est\u00e3o presentes ou n\u00e3o em uma \u00e1rea \u00e9 importante para descobrir se esses pap\u00e9is prestados por eles est\u00e3o afetados.<br>Com a identifica\u00e7\u00e3o dos mam\u00edferos, tamb\u00e9m \u00e9 poss\u00edvel entender quais esp\u00e9cies est\u00e3o em risco e criar estrat\u00e9gias para proteg\u00ea-las. O tamandu\u00e1-bandeira, a on\u00e7a parda e lobo-guar\u00e1, por exemplo, s\u00e3o esp\u00e9cies amea\u00e7adas de extin\u00e7\u00e3o amplamente detectadas na \u00e1rea de estudo e, sabendo disso, \u00e9 mais f\u00e1cil encontrar maneiras de preserv\u00e1-las.<br>As informa\u00e7\u00f5es do artigo podem ainda contribuir para a elabora\u00e7\u00e3o de um Plano de Manejo e incentivar o cumprimento do C\u00f3digo Florestal pelos produtores rurais do Cerrado paulista.<\/p>\n\n\n\n<div class=\"wp-block-image\"><figure class=\"aligncenter size-large is-resized\"><img loading=\"lazy\" decoding=\"async\" src=\"https:\/\/jornalfatosenoticias.com.br\/wp-content\/uploads\/2020\/02\/banner_ferramentas-1024x100.jpg\" alt=\"\" class=\"wp-image-1258\" width=\"399\" height=\"38\" srcset=\"https:\/\/jornalfatosenoticias.com.br\/wp-content\/uploads\/2020\/02\/banner_ferramentas-1024x100.jpg 1024w, https:\/\/jornalfatosenoticias.com.br\/wp-content\/uploads\/2020\/02\/banner_ferramentas-300x29.jpg 300w, https:\/\/jornalfatosenoticias.com.br\/wp-content\/uploads\/2020\/02\/banner_ferramentas-768x75.jpg 768w, https:\/\/jornalfatosenoticias.com.br\/wp-content\/uploads\/2020\/02\/banner_ferramentas.jpg 1227w\" sizes=\"auto, (max-width: 399px) 100vw, 399px\" \/><\/figure><\/div>\n\n\n\n<p>Al\u00e9m disso, o fato de o levantamento de mam\u00edferos ter sido feito em uma regi\u00e3o de conserva\u00e7\u00e3o e tamb\u00e9m em uma \u00e1rea privada revela mais uma perspectiva: \u201cnossos resultados demonstram que podemos ter um bom cen\u00e1rio de preserva\u00e7\u00e3o da biodiversidade quando as reservas particulares s\u00e3o implantadas e conectadas \u00e0s Unidades de Conserva\u00e7\u00e3o existentes\u201d, finaliza Marcella.<br>O artigo intitulado Mam\u00edferos da Floresta Estadual de Cajuru e arredores: uma \u00c1rea Protegida negligenciada mas importante para a conserva\u00e7\u00e3o do Cerrado no estado de S\u00e3o Paulo, Brasil foi publicado na Revista Biota Neotropica.<\/p>\n\n\n\n<div class=\"wp-block-image\"><figure class=\"aligncenter size-large is-resized\"><img loading=\"lazy\" decoding=\"async\" src=\"https:\/\/jornalfatosenoticias.com.br\/wp-content\/uploads\/2020\/02\/Logo_Mizu.png\" alt=\"\" class=\"wp-image-1441\" width=\"430\" height=\"53\" srcset=\"https:\/\/jornalfatosenoticias.com.br\/wp-content\/uploads\/2020\/02\/Logo_Mizu.png 729w, https:\/\/jornalfatosenoticias.com.br\/wp-content\/uploads\/2020\/02\/Logo_Mizu-300x37.png 300w\" sizes=\"auto, (max-width: 430px) 100vw, 430px\" \/><\/figure><\/div>\n\n\n\n<p><strong><em>Fonte: <a href=\"https:\/\/umsoplaneta.globo.com\/biodiversidade\/noticia\/2022\/04\/30\/tamandua-onca-parda-lobo-guara-diversidade-de-mamiferos-em-reservas-no-cerrado-paulista-surpreende-pesquisadores.ghtml\">Um S\u00f3 Planeta<\/a><\/em><\/strong><\/p>\n","protected":false},"excerpt":{"rendered":"<p>Foram identificadas 20 esp\u00e9cies nativas do bioma. Levantamento pode ajudar na preserva\u00e7\u00e3o da regi\u00e3o Um estudo desenvolvido pelo Laborat\u00f3rio de Ecologia e Conserva\u00e7\u00e3o (LAEC) da USP, em Ribeir\u00e3o Preto, coordenado por Adriano Chiarello, catalogou dados dos mam\u00edferos de m\u00e9dio e grande porte da Floresta Estadual de Cajuru e arredores. A regi\u00e3o abrange uma \u00e1rea de [&hellip;]<\/p>\n","protected":false},"author":2,"featured_media":30027,"comment_status":"open","ping_status":"open","sticky":false,"template":"","format":"standard","meta":{"footnotes":""},"categories":[8],"tags":[1064,257,1629,6415,14262],"class_list":["post-30025","post","type-post","status-publish","format-standard","has-post-thumbnail","hentry","category-meio-ambiente","tag-bioma","tag-cerrado","tag-lobo-guara","tag-onca-parda","tag-tamandua"],"yoast_head":"<!-- This site is optimized with the Yoast SEO plugin v26.5 - https:\/\/yoast.com\/wordpress\/plugins\/seo\/ -->\n<title>Tamandu\u00e1, on\u00e7a-parda, lobo-guar\u00e1: diversidade de mam\u00edferos em reservas no Cerrado paulista surpreende pesquisadores - Jornal Fatos e Not\u00edcias<\/title>\n<meta name=\"robots\" content=\"index, follow, max-snippet:-1, max-image-preview:large, max-video-preview:-1\" \/>\n<link rel=\"canonical\" href=\"https:\/\/jornalfatosenoticias.com.br\/index.php\/2022\/05\/02\/tamandua-onca-parda-lobo-guara-diversidade-de-mamiferos-em-reservas-no-cerrado-paulista-surpreende-pesquisadores\/\" \/>\n<meta property=\"og:locale\" content=\"pt_BR\" \/>\n<meta property=\"og:type\" content=\"article\" \/>\n<meta property=\"og:title\" content=\"Tamandu\u00e1, on\u00e7a-parda, lobo-guar\u00e1: diversidade de mam\u00edferos em reservas no Cerrado paulista surpreende pesquisadores - Jornal Fatos e Not\u00edcias\" \/>\n<meta property=\"og:description\" content=\"Foram identificadas 20 esp\u00e9cies nativas do bioma. Levantamento pode ajudar na preserva\u00e7\u00e3o da regi\u00e3o Um estudo desenvolvido pelo Laborat\u00f3rio de Ecologia e Conserva\u00e7\u00e3o (LAEC) da USP, em Ribeir\u00e3o Preto, coordenado por Adriano Chiarello, catalogou dados dos mam\u00edferos de m\u00e9dio e grande porte da Floresta Estadual de Cajuru e arredores. A regi\u00e3o abrange uma \u00e1rea de [&hellip;]\" \/>\n<meta property=\"og:url\" content=\"https:\/\/jornalfatosenoticias.com.br\/index.php\/2022\/05\/02\/tamandua-onca-parda-lobo-guara-diversidade-de-mamiferos-em-reservas-no-cerrado-paulista-surpreende-pesquisadores\/\" \/>\n<meta property=\"og:site_name\" content=\"Jornal Fatos e Not\u00edcias\" \/>\n<meta property=\"article:published_time\" content=\"2022-05-02T18:24:19+00:00\" \/>\n<meta property=\"article:modified_time\" content=\"2022-05-02T18:24:20+00:00\" \/>\n<meta property=\"og:image\" content=\"https:\/\/jornalfatosenoticias.com.br\/wp-content\/uploads\/2022\/05\/tamandua.jpg\" \/>\n\t<meta property=\"og:image:width\" content=\"1000\" \/>\n\t<meta property=\"og:image:height\" content=\"478\" \/>\n\t<meta property=\"og:image:type\" content=\"image\/jpeg\" \/>\n<meta name=\"author\" content=\"Luzimara Fernandes\" \/>\n<meta name=\"twitter:card\" content=\"summary_large_image\" \/>\n<meta name=\"twitter:label1\" content=\"Escrito por\" \/>\n\t<meta name=\"twitter:data1\" content=\"Luzimara Fernandes\" \/>\n\t<meta name=\"twitter:label2\" content=\"Est. tempo de leitura\" \/>\n\t<meta name=\"twitter:data2\" content=\"4 minutos\" \/>\n<script type=\"application\/ld+json\" class=\"yoast-schema-graph\">{\"@context\":\"https:\/\/schema.org\",\"@graph\":[{\"@type\":\"Article\",\"@id\":\"https:\/\/jornalfatosenoticias.com.br\/index.php\/2022\/05\/02\/tamandua-onca-parda-lobo-guara-diversidade-de-mamiferos-em-reservas-no-cerrado-paulista-surpreende-pesquisadores\/#article\",\"isPartOf\":{\"@id\":\"https:\/\/jornalfatosenoticias.com.br\/index.php\/2022\/05\/02\/tamandua-onca-parda-lobo-guara-diversidade-de-mamiferos-em-reservas-no-cerrado-paulista-surpreende-pesquisadores\/\"},\"author\":{\"name\":\"Luzimara Fernandes\",\"@id\":\"https:\/\/jornalfatosenoticias.com.br\/#\/schema\/person\/d63837fa13ac8666eb9e74e0985d6f81\"},\"headline\":\"Tamandu\u00e1, on\u00e7a-parda, lobo-guar\u00e1: diversidade de mam\u00edferos em reservas no Cerrado paulista surpreende pesquisadores\",\"datePublished\":\"2022-05-02T18:24:19+00:00\",\"dateModified\":\"2022-05-02T18:24:20+00:00\",\"mainEntityOfPage\":{\"@id\":\"https:\/\/jornalfatosenoticias.com.br\/index.php\/2022\/05\/02\/tamandua-onca-parda-lobo-guara-diversidade-de-mamiferos-em-reservas-no-cerrado-paulista-surpreende-pesquisadores\/\"},\"wordCount\":891,\"commentCount\":0,\"publisher\":{\"@id\":\"https:\/\/jornalfatosenoticias.com.br\/#organization\"},\"image\":{\"@id\":\"https:\/\/jornalfatosenoticias.com.br\/index.php\/2022\/05\/02\/tamandua-onca-parda-lobo-guara-diversidade-de-mamiferos-em-reservas-no-cerrado-paulista-surpreende-pesquisadores\/#primaryimage\"},\"thumbnailUrl\":\"https:\/\/jornalfatosenoticias.com.br\/wp-content\/uploads\/2022\/05\/tamandua.jpg\",\"keywords\":[\"bioma\",\"cerrado\",\"lobo-guar\u00e1\",\"on\u00e7a-parda\",\"tamandu\u00e1\"],\"articleSection\":[\"Meio ambiente\"],\"inLanguage\":\"pt-BR\",\"potentialAction\":[{\"@type\":\"CommentAction\",\"name\":\"Comment\",\"target\":[\"https:\/\/jornalfatosenoticias.com.br\/index.php\/2022\/05\/02\/tamandua-onca-parda-lobo-guara-diversidade-de-mamiferos-em-reservas-no-cerrado-paulista-surpreende-pesquisadores\/#respond\"]}]},{\"@type\":\"WebPage\",\"@id\":\"https:\/\/jornalfatosenoticias.com.br\/index.php\/2022\/05\/02\/tamandua-onca-parda-lobo-guara-diversidade-de-mamiferos-em-reservas-no-cerrado-paulista-surpreende-pesquisadores\/\",\"url\":\"https:\/\/jornalfatosenoticias.com.br\/index.php\/2022\/05\/02\/tamandua-onca-parda-lobo-guara-diversidade-de-mamiferos-em-reservas-no-cerrado-paulista-surpreende-pesquisadores\/\",\"name\":\"Tamandu\u00e1, on\u00e7a-parda, lobo-guar\u00e1: diversidade de mam\u00edferos em reservas no Cerrado paulista surpreende pesquisadores - Jornal Fatos e Not\u00edcias\",\"isPartOf\":{\"@id\":\"https:\/\/jornalfatosenoticias.com.br\/#website\"},\"primaryImageOfPage\":{\"@id\":\"https:\/\/jornalfatosenoticias.com.br\/index.php\/2022\/05\/02\/tamandua-onca-parda-lobo-guara-diversidade-de-mamiferos-em-reservas-no-cerrado-paulista-surpreende-pesquisadores\/#primaryimage\"},\"image\":{\"@id\":\"https:\/\/jornalfatosenoticias.com.br\/index.php\/2022\/05\/02\/tamandua-onca-parda-lobo-guara-diversidade-de-mamiferos-em-reservas-no-cerrado-paulista-surpreende-pesquisadores\/#primaryimage\"},\"thumbnailUrl\":\"https:\/\/jornalfatosenoticias.com.br\/wp-content\/uploads\/2022\/05\/tamandua.jpg\",\"datePublished\":\"2022-05-02T18:24:19+00:00\",\"dateModified\":\"2022-05-02T18:24:20+00:00\",\"breadcrumb\":{\"@id\":\"https:\/\/jornalfatosenoticias.com.br\/index.php\/2022\/05\/02\/tamandua-onca-parda-lobo-guara-diversidade-de-mamiferos-em-reservas-no-cerrado-paulista-surpreende-pesquisadores\/#breadcrumb\"},\"inLanguage\":\"pt-BR\",\"potentialAction\":[{\"@type\":\"ReadAction\",\"target\":[\"https:\/\/jornalfatosenoticias.com.br\/index.php\/2022\/05\/02\/tamandua-onca-parda-lobo-guara-diversidade-de-mamiferos-em-reservas-no-cerrado-paulista-surpreende-pesquisadores\/\"]}]},{\"@type\":\"ImageObject\",\"inLanguage\":\"pt-BR\",\"@id\":\"https:\/\/jornalfatosenoticias.com.br\/index.php\/2022\/05\/02\/tamandua-onca-parda-lobo-guara-diversidade-de-mamiferos-em-reservas-no-cerrado-paulista-surpreende-pesquisadores\/#primaryimage\",\"url\":\"https:\/\/jornalfatosenoticias.com.br\/wp-content\/uploads\/2022\/05\/tamandua.jpg\",\"contentUrl\":\"https:\/\/jornalfatosenoticias.com.br\/wp-content\/uploads\/2022\/05\/tamandua.jpg\",\"width\":1000,\"height\":478},{\"@type\":\"BreadcrumbList\",\"@id\":\"https:\/\/jornalfatosenoticias.com.br\/index.php\/2022\/05\/02\/tamandua-onca-parda-lobo-guara-diversidade-de-mamiferos-em-reservas-no-cerrado-paulista-surpreende-pesquisadores\/#breadcrumb\",\"itemListElement\":[{\"@type\":\"ListItem\",\"position\":1,\"name\":\"In\u00edcio\",\"item\":\"https:\/\/jornalfatosenoticias.com.br\/\"},{\"@type\":\"ListItem\",\"position\":2,\"name\":\"Tamandu\u00e1, on\u00e7a-parda, lobo-guar\u00e1: diversidade de mam\u00edferos em reservas no Cerrado paulista surpreende pesquisadores\"}]},{\"@type\":\"WebSite\",\"@id\":\"https:\/\/jornalfatosenoticias.com.br\/#website\",\"url\":\"https:\/\/jornalfatosenoticias.com.br\/\",\"name\":\"Jornal Fatos e Not\u00edcias\",\"description\":\"Not\u00edcias em geral\",\"publisher\":{\"@id\":\"https:\/\/jornalfatosenoticias.com.br\/#organization\"},\"potentialAction\":[{\"@type\":\"SearchAction\",\"target\":{\"@type\":\"EntryPoint\",\"urlTemplate\":\"https:\/\/jornalfatosenoticias.com.br\/?s={search_term_string}\"},\"query-input\":{\"@type\":\"PropertyValueSpecification\",\"valueRequired\":true,\"valueName\":\"search_term_string\"}}],\"inLanguage\":\"pt-BR\"},{\"@type\":\"Organization\",\"@id\":\"https:\/\/jornalfatosenoticias.com.br\/#organization\",\"name\":\"Jornal Fatos e Not\u00edcias\",\"url\":\"https:\/\/jornalfatosenoticias.com.br\/\",\"logo\":{\"@type\":\"ImageObject\",\"inLanguage\":\"pt-BR\",\"@id\":\"https:\/\/jornalfatosenoticias.com.br\/#\/schema\/logo\/image\/\",\"url\":\"https:\/\/jornalfatosenoticias.com.br\/wp-content\/uploads\/2020\/02\/logo120.png\",\"contentUrl\":\"https:\/\/jornalfatosenoticias.com.br\/wp-content\/uploads\/2020\/02\/logo120.png\",\"width\":1227,\"height\":120,\"caption\":\"Jornal Fatos e Not\u00edcias\"},\"image\":{\"@id\":\"https:\/\/jornalfatosenoticias.com.br\/#\/schema\/logo\/image\/\"}},{\"@type\":\"Person\",\"@id\":\"https:\/\/jornalfatosenoticias.com.br\/#\/schema\/person\/d63837fa13ac8666eb9e74e0985d6f81\",\"name\":\"Luzimara Fernandes\",\"image\":{\"@type\":\"ImageObject\",\"inLanguage\":\"pt-BR\",\"@id\":\"https:\/\/jornalfatosenoticias.com.br\/#\/schema\/person\/image\/\",\"url\":\"https:\/\/jornalfatosenoticias.com.br\/wp-content\/uploads\/2025\/05\/EU_portal.jpg\",\"contentUrl\":\"https:\/\/jornalfatosenoticias.com.br\/wp-content\/uploads\/2025\/05\/EU_portal.jpg\",\"caption\":\"Luzimara Fernandes\"},\"description\":\"Jornalista MTB 2358-ES\",\"sameAs\":[\"https:\/\/jornalfatosenoticias.com.br\"],\"url\":\"https:\/\/jornalfatosenoticias.com.br\/index.php\/author\/luzimara\/\"}]}<\/script>\n<!-- \/ Yoast SEO plugin. -->","yoast_head_json":{"title":"Tamandu\u00e1, on\u00e7a-parda, lobo-guar\u00e1: diversidade de mam\u00edferos em reservas no Cerrado paulista surpreende pesquisadores - Jornal Fatos e Not\u00edcias","robots":{"index":"index","follow":"follow","max-snippet":"max-snippet:-1","max-image-preview":"max-image-preview:large","max-video-preview":"max-video-preview:-1"},"canonical":"https:\/\/jornalfatosenoticias.com.br\/index.php\/2022\/05\/02\/tamandua-onca-parda-lobo-guara-diversidade-de-mamiferos-em-reservas-no-cerrado-paulista-surpreende-pesquisadores\/","og_locale":"pt_BR","og_type":"article","og_title":"Tamandu\u00e1, on\u00e7a-parda, lobo-guar\u00e1: diversidade de mam\u00edferos em reservas no Cerrado paulista surpreende pesquisadores - Jornal Fatos e Not\u00edcias","og_description":"Foram identificadas 20 esp\u00e9cies nativas do bioma. Levantamento pode ajudar na preserva\u00e7\u00e3o da regi\u00e3o Um estudo desenvolvido pelo Laborat\u00f3rio de Ecologia e Conserva\u00e7\u00e3o (LAEC) da USP, em Ribeir\u00e3o Preto, coordenado por Adriano Chiarello, catalogou dados dos mam\u00edferos de m\u00e9dio e grande porte da Floresta Estadual de Cajuru e arredores. A regi\u00e3o abrange uma \u00e1rea de [&hellip;]","og_url":"https:\/\/jornalfatosenoticias.com.br\/index.php\/2022\/05\/02\/tamandua-onca-parda-lobo-guara-diversidade-de-mamiferos-em-reservas-no-cerrado-paulista-surpreende-pesquisadores\/","og_site_name":"Jornal Fatos e Not\u00edcias","article_published_time":"2022-05-02T18:24:19+00:00","article_modified_time":"2022-05-02T18:24:20+00:00","og_image":[{"width":1000,"height":478,"url":"https:\/\/jornalfatosenoticias.com.br\/wp-content\/uploads\/2022\/05\/tamandua.jpg","type":"image\/jpeg"}],"author":"Luzimara Fernandes","twitter_card":"summary_large_image","twitter_misc":{"Escrito por":"Luzimara Fernandes","Est. tempo de leitura":"4 minutos"},"schema":{"@context":"https:\/\/schema.org","@graph":[{"@type":"Article","@id":"https:\/\/jornalfatosenoticias.com.br\/index.php\/2022\/05\/02\/tamandua-onca-parda-lobo-guara-diversidade-de-mamiferos-em-reservas-no-cerrado-paulista-surpreende-pesquisadores\/#article","isPartOf":{"@id":"https:\/\/jornalfatosenoticias.com.br\/index.php\/2022\/05\/02\/tamandua-onca-parda-lobo-guara-diversidade-de-mamiferos-em-reservas-no-cerrado-paulista-surpreende-pesquisadores\/"},"author":{"name":"Luzimara Fernandes","@id":"https:\/\/jornalfatosenoticias.com.br\/#\/schema\/person\/d63837fa13ac8666eb9e74e0985d6f81"},"headline":"Tamandu\u00e1, on\u00e7a-parda, lobo-guar\u00e1: diversidade de mam\u00edferos em reservas no Cerrado paulista surpreende pesquisadores","datePublished":"2022-05-02T18:24:19+00:00","dateModified":"2022-05-02T18:24:20+00:00","mainEntityOfPage":{"@id":"https:\/\/jornalfatosenoticias.com.br\/index.php\/2022\/05\/02\/tamandua-onca-parda-lobo-guara-diversidade-de-mamiferos-em-reservas-no-cerrado-paulista-surpreende-pesquisadores\/"},"wordCount":891,"commentCount":0,"publisher":{"@id":"https:\/\/jornalfatosenoticias.com.br\/#organization"},"image":{"@id":"https:\/\/jornalfatosenoticias.com.br\/index.php\/2022\/05\/02\/tamandua-onca-parda-lobo-guara-diversidade-de-mamiferos-em-reservas-no-cerrado-paulista-surpreende-pesquisadores\/#primaryimage"},"thumbnailUrl":"https:\/\/jornalfatosenoticias.com.br\/wp-content\/uploads\/2022\/05\/tamandua.jpg","keywords":["bioma","cerrado","lobo-guar\u00e1","on\u00e7a-parda","tamandu\u00e1"],"articleSection":["Meio ambiente"],"inLanguage":"pt-BR","potentialAction":[{"@type":"CommentAction","name":"Comment","target":["https:\/\/jornalfatosenoticias.com.br\/index.php\/2022\/05\/02\/tamandua-onca-parda-lobo-guara-diversidade-de-mamiferos-em-reservas-no-cerrado-paulista-surpreende-pesquisadores\/#respond"]}]},{"@type":"WebPage","@id":"https:\/\/jornalfatosenoticias.com.br\/index.php\/2022\/05\/02\/tamandua-onca-parda-lobo-guara-diversidade-de-mamiferos-em-reservas-no-cerrado-paulista-surpreende-pesquisadores\/","url":"https:\/\/jornalfatosenoticias.com.br\/index.php\/2022\/05\/02\/tamandua-onca-parda-lobo-guara-diversidade-de-mamiferos-em-reservas-no-cerrado-paulista-surpreende-pesquisadores\/","name":"Tamandu\u00e1, on\u00e7a-parda, lobo-guar\u00e1: diversidade de mam\u00edferos em reservas no Cerrado paulista surpreende pesquisadores - Jornal Fatos e Not\u00edcias","isPartOf":{"@id":"https:\/\/jornalfatosenoticias.com.br\/#website"},"primaryImageOfPage":{"@id":"https:\/\/jornalfatosenoticias.com.br\/index.php\/2022\/05\/02\/tamandua-onca-parda-lobo-guara-diversidade-de-mamiferos-em-reservas-no-cerrado-paulista-surpreende-pesquisadores\/#primaryimage"},"image":{"@id":"https:\/\/jornalfatosenoticias.com.br\/index.php\/2022\/05\/02\/tamandua-onca-parda-lobo-guara-diversidade-de-mamiferos-em-reservas-no-cerrado-paulista-surpreende-pesquisadores\/#primaryimage"},"thumbnailUrl":"https:\/\/jornalfatosenoticias.com.br\/wp-content\/uploads\/2022\/05\/tamandua.jpg","datePublished":"2022-05-02T18:24:19+00:00","dateModified":"2022-05-02T18:24:20+00:00","breadcrumb":{"@id":"https:\/\/jornalfatosenoticias.com.br\/index.php\/2022\/05\/02\/tamandua-onca-parda-lobo-guara-diversidade-de-mamiferos-em-reservas-no-cerrado-paulista-surpreende-pesquisadores\/#breadcrumb"},"inLanguage":"pt-BR","potentialAction":[{"@type":"ReadAction","target":["https:\/\/jornalfatosenoticias.com.br\/index.php\/2022\/05\/02\/tamandua-onca-parda-lobo-guara-diversidade-de-mamiferos-em-reservas-no-cerrado-paulista-surpreende-pesquisadores\/"]}]},{"@type":"ImageObject","inLanguage":"pt-BR","@id":"https:\/\/jornalfatosenoticias.com.br\/index.php\/2022\/05\/02\/tamandua-onca-parda-lobo-guara-diversidade-de-mamiferos-em-reservas-no-cerrado-paulista-surpreende-pesquisadores\/#primaryimage","url":"https:\/\/jornalfatosenoticias.com.br\/wp-content\/uploads\/2022\/05\/tamandua.jpg","contentUrl":"https:\/\/jornalfatosenoticias.com.br\/wp-content\/uploads\/2022\/05\/tamandua.jpg","width":1000,"height":478},{"@type":"BreadcrumbList","@id":"https:\/\/jornalfatosenoticias.com.br\/index.php\/2022\/05\/02\/tamandua-onca-parda-lobo-guara-diversidade-de-mamiferos-em-reservas-no-cerrado-paulista-surpreende-pesquisadores\/#breadcrumb","itemListElement":[{"@type":"ListItem","position":1,"name":"In\u00edcio","item":"https:\/\/jornalfatosenoticias.com.br\/"},{"@type":"ListItem","position":2,"name":"Tamandu\u00e1, on\u00e7a-parda, lobo-guar\u00e1: diversidade de mam\u00edferos em reservas no Cerrado paulista surpreende pesquisadores"}]},{"@type":"WebSite","@id":"https:\/\/jornalfatosenoticias.com.br\/#website","url":"https:\/\/jornalfatosenoticias.com.br\/","name":"Jornal Fatos e Not\u00edcias","description":"Not\u00edcias em geral","publisher":{"@id":"https:\/\/jornalfatosenoticias.com.br\/#organization"},"potentialAction":[{"@type":"SearchAction","target":{"@type":"EntryPoint","urlTemplate":"https:\/\/jornalfatosenoticias.com.br\/?s={search_term_string}"},"query-input":{"@type":"PropertyValueSpecification","valueRequired":true,"valueName":"search_term_string"}}],"inLanguage":"pt-BR"},{"@type":"Organization","@id":"https:\/\/jornalfatosenoticias.com.br\/#organization","name":"Jornal Fatos e Not\u00edcias","url":"https:\/\/jornalfatosenoticias.com.br\/","logo":{"@type":"ImageObject","inLanguage":"pt-BR","@id":"https:\/\/jornalfatosenoticias.com.br\/#\/schema\/logo\/image\/","url":"https:\/\/jornalfatosenoticias.com.br\/wp-content\/uploads\/2020\/02\/logo120.png","contentUrl":"https:\/\/jornalfatosenoticias.com.br\/wp-content\/uploads\/2020\/02\/logo120.png","width":1227,"height":120,"caption":"Jornal Fatos e Not\u00edcias"},"image":{"@id":"https:\/\/jornalfatosenoticias.com.br\/#\/schema\/logo\/image\/"}},{"@type":"Person","@id":"https:\/\/jornalfatosenoticias.com.br\/#\/schema\/person\/d63837fa13ac8666eb9e74e0985d6f81","name":"Luzimara Fernandes","image":{"@type":"ImageObject","inLanguage":"pt-BR","@id":"https:\/\/jornalfatosenoticias.com.br\/#\/schema\/person\/image\/","url":"https:\/\/jornalfatosenoticias.com.br\/wp-content\/uploads\/2025\/05\/EU_portal.jpg","contentUrl":"https:\/\/jornalfatosenoticias.com.br\/wp-content\/uploads\/2025\/05\/EU_portal.jpg","caption":"Luzimara Fernandes"},"description":"Jornalista MTB 2358-ES","sameAs":["https:\/\/jornalfatosenoticias.com.br"],"url":"https:\/\/jornalfatosenoticias.com.br\/index.php\/author\/luzimara\/"}]}},"cc_featured_image_caption":{"caption_text":"(Foto: Cedida pela pesquisadora) ","source_text":"","source_url":""},"jetpack_featured_media_url":"https:\/\/jornalfatosenoticias.com.br\/wp-content\/uploads\/2022\/05\/tamandua.jpg","_links":{"self":[{"href":"https:\/\/jornalfatosenoticias.com.br\/index.php\/wp-json\/wp\/v2\/posts\/30025","targetHints":{"allow":["GET"]}}],"collection":[{"href":"https:\/\/jornalfatosenoticias.com.br\/index.php\/wp-json\/wp\/v2\/posts"}],"about":[{"href":"https:\/\/jornalfatosenoticias.com.br\/index.php\/wp-json\/wp\/v2\/types\/post"}],"author":[{"embeddable":true,"href":"https:\/\/jornalfatosenoticias.com.br\/index.php\/wp-json\/wp\/v2\/users\/2"}],"replies":[{"embeddable":true,"href":"https:\/\/jornalfatosenoticias.com.br\/index.php\/wp-json\/wp\/v2\/comments?post=30025"}],"version-history":[{"count":0,"href":"https:\/\/jornalfatosenoticias.com.br\/index.php\/wp-json\/wp\/v2\/posts\/30025\/revisions"}],"wp:featuredmedia":[{"embeddable":true,"href":"https:\/\/jornalfatosenoticias.com.br\/index.php\/wp-json\/wp\/v2\/media\/30027"}],"wp:attachment":[{"href":"https:\/\/jornalfatosenoticias.com.br\/index.php\/wp-json\/wp\/v2\/media?parent=30025"}],"wp:term":[{"taxonomy":"category","embeddable":true,"href":"https:\/\/jornalfatosenoticias.com.br\/index.php\/wp-json\/wp\/v2\/categories?post=30025"},{"taxonomy":"post_tag","embeddable":true,"href":"https:\/\/jornalfatosenoticias.com.br\/index.php\/wp-json\/wp\/v2\/tags?post=30025"}],"curies":[{"name":"wp","href":"https:\/\/api.w.org\/{rel}","templated":true}]}}