{"id":30043,"date":"2022-05-03T09:35:08","date_gmt":"2022-05-03T12:35:08","guid":{"rendered":"https:\/\/jornalfatosenoticias.com.br\/?p=30043"},"modified":"2022-05-03T09:37:01","modified_gmt":"2022-05-03T12:37:01","slug":"ford-investe-em-corredor-exclusivo-para-carros-autonomos-conectados-em-40-km-de-rodovia","status":"publish","type":"post","link":"https:\/\/jornalfatosenoticias.com.br\/index.php\/2022\/05\/03\/ford-investe-em-corredor-exclusivo-para-carros-autonomos-conectados-em-40-km-de-rodovia\/","title":{"rendered":"Ford investe em corredor exclusivo para carros aut\u00f4nomos conectados em 40 km de rodovia"},"content":{"rendered":"\n<div class=\"wp-block-image\"><figure class=\"aligncenter size-large is-resized\"><img loading=\"lazy\" decoding=\"async\" src=\"https:\/\/jornalfatosenoticias.com.br\/wp-content\/uploads\/2022\/02\/Arte-Autoescola-Galatas_endereco_portal-1024x103.png\" alt=\"\" class=\"wp-image-27869\" width=\"418\" height=\"42\" srcset=\"https:\/\/jornalfatosenoticias.com.br\/wp-content\/uploads\/2022\/02\/Arte-Autoescola-Galatas_endereco_portal-1024x103.png 1024w, https:\/\/jornalfatosenoticias.com.br\/wp-content\/uploads\/2022\/02\/Arte-Autoescola-Galatas_endereco_portal-300x30.png 300w, https:\/\/jornalfatosenoticias.com.br\/wp-content\/uploads\/2022\/02\/Arte-Autoescola-Galatas_endereco_portal-768x77.png 768w, https:\/\/jornalfatosenoticias.com.br\/wp-content\/uploads\/2022\/02\/Arte-Autoescola-Galatas_endereco_portal.png 1223w\" sizes=\"auto, (max-width: 418px) 100vw, 418px\" \/><\/figure><\/div>\n\n\n\n<p>A startup Cavnue est\u00e1 desenvolvendo um corredor conectado in\u00e9dito para carros aut\u00f4nomos em Michigan (lar de 75% do investimento em P&amp;D automotivo dos <a href=\"https:\/\/olhardigital.com.br\/2022\/03\/11\/carros-e-tecnologia\/autoridade-de-transito-dos-eua-decide-que-carros-autonomos-nao-precisam-de-volante\/amp\/\" target=\"_blank\" rel=\"noreferrer noopener\">EUA<\/a>) e acaba de\u00a0<a href=\"https:\/\/www.cavnue.com\/news\/cavnue-secures-130-million-series-a-project-moves-forward-in-michigan\/\" target=\"_blank\" rel=\"noreferrer noopener\">levantar<\/a> um investimento milion\u00e1rio liderado pela Ford. A montadora participou dos US$ 130 milh\u00f5es (algo acima dos R$ 642 milh\u00f5es) obtidos pelo projeto a ser desenvolvido ao longo de um trecho de 40 km da rodovia interestadual americana I-94.<br>Mais precisamente, o corredor estar\u00e1 dedicado a <a href=\"https:\/\/olhardigital.com.br\/2021\/11\/13\/carros-e-tecnologia\/tesla-model-s-e-visto-dirigindo-sozinho-em-rodovia-de-sao-paulo-veja-o-video\/amp\/\" target=\"_blank\" rel=\"noreferrer noopener\">ve\u00edculos<\/a>\u00a0aut\u00f4nomos conectados (CAVs) trafegando entre as cidades de Detroit e Ann Arbor. Futuramente, a ideia \u00e9 aumentar ainda mais o projeto, inclusive com a expectativa de expans\u00e3o para todos os Estados Unidos.<\/p>\n\n\n\n<div class=\"wp-block-image\"><figure class=\"aligncenter size-large is-resized\"><img loading=\"lazy\" decoding=\"async\" src=\"https:\/\/jornalfatosenoticias.com.br\/wp-content\/uploads\/2020\/02\/banner_ferramentas-1024x100.jpg\" alt=\"\" class=\"wp-image-1258\" width=\"473\" height=\"45\" srcset=\"https:\/\/jornalfatosenoticias.com.br\/wp-content\/uploads\/2020\/02\/banner_ferramentas-1024x100.jpg 1024w, https:\/\/jornalfatosenoticias.com.br\/wp-content\/uploads\/2020\/02\/banner_ferramentas-300x29.jpg 300w, https:\/\/jornalfatosenoticias.com.br\/wp-content\/uploads\/2020\/02\/banner_ferramentas-768x75.jpg 768w, https:\/\/jornalfatosenoticias.com.br\/wp-content\/uploads\/2020\/02\/banner_ferramentas.jpg 1227w\" sizes=\"auto, (max-width: 473px) 100vw, 473px\" \/><\/figure><\/div>\n\n\n\n<p><strong><span class=\"has-inline-color has-black-color\">Corredor para carros aut\u00f4nomos ter\u00e1 tr\u00e1fego mais eficiente<br><\/span><\/strong>O trecho ter\u00e1 como base tecnologias como a comunica\u00e7\u00e3o de ve\u00edculo para infraestrutura, atuando de forma a auxiliar na <a href=\"https:\/\/olhardigital.com.br\/2022\/01\/19\/carros-e-tecnologia\/primeiro-sistema-de-navegacao-totalmente-autonomo-do-mundo-em-balsa-de-222-metros-completa-primeira-viagem\/amp\/\" target=\"_blank\" rel=\"noreferrer noopener\">orienta\u00e7\u00e3o<\/a>\u00a0de carros e caminh\u00f5es em \u00e1reas movimentadas e no tr\u00e1fego mais eficiente.<\/p>\n\n\n\n<blockquote class=\"wp-block-quote is-layout-flow wp-block-quote-is-layout-flow\"><p><span class=\"has-inline-color has-luminous-vivid-orange-color\">\u201cVamos provar ao mundo que podemos criar um ambiente operacional para ve\u00edculos avan\u00e7ados que \u00e9 mais seguro e eficiente do que apenas uma rodovia normal\u201d, disse Tyler Duvall, CEO da Cavnue.<\/span><\/p><\/blockquote>\n\n\n\n<div class=\"wp-block-image\"><figure class=\"alignleft size-large is-resized\"><img loading=\"lazy\" decoding=\"async\" src=\"https:\/\/jornalfatosenoticias.com.br\/wp-content\/uploads\/2020\/02\/nova-logo-Marquetti.jpg\" alt=\"\" class=\"wp-image-22331\" width=\"304\" height=\"205\" srcset=\"https:\/\/jornalfatosenoticias.com.br\/wp-content\/uploads\/2020\/02\/nova-logo-Marquetti.jpg 643w, https:\/\/jornalfatosenoticias.com.br\/wp-content\/uploads\/2020\/02\/nova-logo-Marquetti-300x202.jpg 300w\" sizes=\"auto, (max-width: 304px) 100vw, 304px\" \/><\/figure><\/div>\n\n\n\n<p>Com a Ford sendo um de seus principais patrocinadores, a startup vai usar ve\u00edculos Ford e os pr\u00f3prios sistemas de dire\u00e7\u00e3o aut\u00f4noma da montadora para desenvolver e demonstrar o corredor conectado. A equipe t\u00e9cnica da Ford ajudar\u00e1 a Cavnue a entender os requisitos de fabricante de equipamento original (OEM) e a acelerar o desenvolvimento da infraestrutura digital necess\u00e1ria para a <a href=\"https:\/\/olhardigital.com.br\/2022\/04\/05\/carros-e-tecnologia\/carros-autonomos\/amp\/\" target=\"_blank\" rel=\"noreferrer noopener\">comunica\u00e7\u00e3o<\/a> com os CAVs, incluindo a defini\u00e7\u00e3o de mensagens, requisitos de detec\u00e7\u00e3o e protocolos.<br>Por ora, Duvall ainda est\u00e1 em di\u00e1logo com os legisladores americanos (para detalhes e permiss\u00f5es <a href=\"https:\/\/olhardigital.com.br\/2022\/04\/23\/carros-e-tecnologia\/acidente-espalha-mais-de-200-kg-de-maconha-em-rodovia\/amp\/\" target=\"_blank\" rel=\"noreferrer noopener\">legais<\/a> sobre o corredor na rodovia). O executivo espera que essas quest\u00f5es estejam resolvidas at\u00e9 2024 ou 2025, antes de realmente iniciar um programa-piloto.<\/p>\n\n\n\n<div class=\"wp-block-image\"><figure class=\"aligncenter size-large\"><img decoding=\"async\" src=\"https:\/\/jornalfatosenoticias.com.br\/wp-content\/uploads\/2020\/02\/logo_esteio.jpg\" alt=\"\" class=\"wp-image-1214\"\/><\/figure><\/div>\n\n\n\n<p><em><strong>Fonte: Olhar Digital<\/strong><\/em><\/p>\n","protected":false},"excerpt":{"rendered":"<p>A startup Cavnue est\u00e1 desenvolvendo um corredor conectado in\u00e9dito para carros aut\u00f4nomos em Michigan (lar de 75% do investimento em P&amp;D automotivo dos EUA) e acaba de\u00a0levantar um investimento milion\u00e1rio liderado pela Ford. A montadora participou dos US$ 130 milh\u00f5es (algo acima dos R$ 642 milh\u00f5es) obtidos pelo projeto a ser desenvolvido ao longo de [&hellip;]<\/p>\n","protected":false},"author":2,"featured_media":30044,"comment_status":"open","ping_status":"open","sticky":false,"template":"","format":"standard","meta":{"footnotes":""},"categories":[9923],"tags":[5085,3597,825],"class_list":["post-30043","post","type-post","status-publish","format-standard","has-post-thumbnail","hentry","category-mobilidade","tag-carros-autonomos","tag-ford","tag-projeto"],"yoast_head":"<!-- This site is optimized with the Yoast SEO plugin v26.5 - https:\/\/yoast.com\/wordpress\/plugins\/seo\/ -->\n<title>Ford investe em corredor exclusivo para carros aut\u00f4nomos conectados em 40 km de rodovia - Jornal Fatos e Not\u00edcias<\/title>\n<meta name=\"robots\" content=\"index, follow, max-snippet:-1, max-image-preview:large, max-video-preview:-1\" \/>\n<link rel=\"canonical\" href=\"https:\/\/jornalfatosenoticias.com.br\/index.php\/2022\/05\/03\/ford-investe-em-corredor-exclusivo-para-carros-autonomos-conectados-em-40-km-de-rodovia\/\" \/>\n<meta property=\"og:locale\" content=\"pt_BR\" \/>\n<meta property=\"og:type\" content=\"article\" \/>\n<meta property=\"og:title\" content=\"Ford investe em corredor exclusivo para carros aut\u00f4nomos conectados em 40 km de rodovia - Jornal Fatos e Not\u00edcias\" \/>\n<meta property=\"og:description\" content=\"A startup Cavnue est\u00e1 desenvolvendo um corredor conectado in\u00e9dito para carros aut\u00f4nomos em Michigan (lar de 75% do investimento em P&amp;D automotivo dos EUA) e acaba de\u00a0levantar um investimento milion\u00e1rio liderado pela Ford. A montadora participou dos US$ 130 milh\u00f5es (algo acima dos R$ 642 milh\u00f5es) obtidos pelo projeto a ser desenvolvido ao longo de [&hellip;]\" \/>\n<meta property=\"og:url\" content=\"https:\/\/jornalfatosenoticias.com.br\/index.php\/2022\/05\/03\/ford-investe-em-corredor-exclusivo-para-carros-autonomos-conectados-em-40-km-de-rodovia\/\" \/>\n<meta property=\"og:site_name\" content=\"Jornal Fatos e Not\u00edcias\" \/>\n<meta property=\"article:published_time\" content=\"2022-05-03T12:35:08+00:00\" \/>\n<meta property=\"article:modified_time\" content=\"2022-05-03T12:37:01+00:00\" \/>\n<meta property=\"og:image\" content=\"https:\/\/jornalfatosenoticias.com.br\/wp-content\/uploads\/2022\/05\/Ford-investe-em-corredor-exclusivo-para-carros-autonomos.jpg\" \/>\n\t<meta property=\"og:image:width\" content=\"1000\" \/>\n\t<meta property=\"og:image:height\" content=\"563\" \/>\n\t<meta property=\"og:image:type\" content=\"image\/jpeg\" \/>\n<meta name=\"author\" content=\"Luzimara Fernandes\" \/>\n<meta name=\"twitter:card\" content=\"summary_large_image\" \/>\n<meta name=\"twitter:label1\" content=\"Escrito por\" \/>\n\t<meta name=\"twitter:data1\" content=\"Luzimara Fernandes\" \/>\n\t<meta name=\"twitter:label2\" content=\"Est. tempo de leitura\" \/>\n\t<meta name=\"twitter:data2\" content=\"2 minutos\" \/>\n<script type=\"application\/ld+json\" class=\"yoast-schema-graph\">{\"@context\":\"https:\/\/schema.org\",\"@graph\":[{\"@type\":\"Article\",\"@id\":\"https:\/\/jornalfatosenoticias.com.br\/index.php\/2022\/05\/03\/ford-investe-em-corredor-exclusivo-para-carros-autonomos-conectados-em-40-km-de-rodovia\/#article\",\"isPartOf\":{\"@id\":\"https:\/\/jornalfatosenoticias.com.br\/index.php\/2022\/05\/03\/ford-investe-em-corredor-exclusivo-para-carros-autonomos-conectados-em-40-km-de-rodovia\/\"},\"author\":{\"name\":\"Luzimara Fernandes\",\"@id\":\"https:\/\/jornalfatosenoticias.com.br\/#\/schema\/person\/d63837fa13ac8666eb9e74e0985d6f81\"},\"headline\":\"Ford investe em corredor exclusivo para carros aut\u00f4nomos conectados em 40 km de rodovia\",\"datePublished\":\"2022-05-03T12:35:08+00:00\",\"dateModified\":\"2022-05-03T12:37:01+00:00\",\"mainEntityOfPage\":{\"@id\":\"https:\/\/jornalfatosenoticias.com.br\/index.php\/2022\/05\/03\/ford-investe-em-corredor-exclusivo-para-carros-autonomos-conectados-em-40-km-de-rodovia\/\"},\"wordCount\":330,\"commentCount\":0,\"publisher\":{\"@id\":\"https:\/\/jornalfatosenoticias.com.br\/#organization\"},\"image\":{\"@id\":\"https:\/\/jornalfatosenoticias.com.br\/index.php\/2022\/05\/03\/ford-investe-em-corredor-exclusivo-para-carros-autonomos-conectados-em-40-km-de-rodovia\/#primaryimage\"},\"thumbnailUrl\":\"https:\/\/jornalfatosenoticias.com.br\/wp-content\/uploads\/2022\/05\/Ford-investe-em-corredor-exclusivo-para-carros-autonomos.jpg\",\"keywords\":[\"carros aut\u00f4nomos\",\"Ford\",\"projeto\"],\"articleSection\":[\"Mobilidade\"],\"inLanguage\":\"pt-BR\",\"potentialAction\":[{\"@type\":\"CommentAction\",\"name\":\"Comment\",\"target\":[\"https:\/\/jornalfatosenoticias.com.br\/index.php\/2022\/05\/03\/ford-investe-em-corredor-exclusivo-para-carros-autonomos-conectados-em-40-km-de-rodovia\/#respond\"]}]},{\"@type\":\"WebPage\",\"@id\":\"https:\/\/jornalfatosenoticias.com.br\/index.php\/2022\/05\/03\/ford-investe-em-corredor-exclusivo-para-carros-autonomos-conectados-em-40-km-de-rodovia\/\",\"url\":\"https:\/\/jornalfatosenoticias.com.br\/index.php\/2022\/05\/03\/ford-investe-em-corredor-exclusivo-para-carros-autonomos-conectados-em-40-km-de-rodovia\/\",\"name\":\"Ford investe em corredor exclusivo para carros aut\u00f4nomos conectados em 40 km de rodovia - Jornal Fatos e Not\u00edcias\",\"isPartOf\":{\"@id\":\"https:\/\/jornalfatosenoticias.com.br\/#website\"},\"primaryImageOfPage\":{\"@id\":\"https:\/\/jornalfatosenoticias.com.br\/index.php\/2022\/05\/03\/ford-investe-em-corredor-exclusivo-para-carros-autonomos-conectados-em-40-km-de-rodovia\/#primaryimage\"},\"image\":{\"@id\":\"https:\/\/jornalfatosenoticias.com.br\/index.php\/2022\/05\/03\/ford-investe-em-corredor-exclusivo-para-carros-autonomos-conectados-em-40-km-de-rodovia\/#primaryimage\"},\"thumbnailUrl\":\"https:\/\/jornalfatosenoticias.com.br\/wp-content\/uploads\/2022\/05\/Ford-investe-em-corredor-exclusivo-para-carros-autonomos.jpg\",\"datePublished\":\"2022-05-03T12:35:08+00:00\",\"dateModified\":\"2022-05-03T12:37:01+00:00\",\"breadcrumb\":{\"@id\":\"https:\/\/jornalfatosenoticias.com.br\/index.php\/2022\/05\/03\/ford-investe-em-corredor-exclusivo-para-carros-autonomos-conectados-em-40-km-de-rodovia\/#breadcrumb\"},\"inLanguage\":\"pt-BR\",\"potentialAction\":[{\"@type\":\"ReadAction\",\"target\":[\"https:\/\/jornalfatosenoticias.com.br\/index.php\/2022\/05\/03\/ford-investe-em-corredor-exclusivo-para-carros-autonomos-conectados-em-40-km-de-rodovia\/\"]}]},{\"@type\":\"ImageObject\",\"inLanguage\":\"pt-BR\",\"@id\":\"https:\/\/jornalfatosenoticias.com.br\/index.php\/2022\/05\/03\/ford-investe-em-corredor-exclusivo-para-carros-autonomos-conectados-em-40-km-de-rodovia\/#primaryimage\",\"url\":\"https:\/\/jornalfatosenoticias.com.br\/wp-content\/uploads\/2022\/05\/Ford-investe-em-corredor-exclusivo-para-carros-autonomos.jpg\",\"contentUrl\":\"https:\/\/jornalfatosenoticias.com.br\/wp-content\/uploads\/2022\/05\/Ford-investe-em-corredor-exclusivo-para-carros-autonomos.jpg\",\"width\":1000,\"height\":563},{\"@type\":\"BreadcrumbList\",\"@id\":\"https:\/\/jornalfatosenoticias.com.br\/index.php\/2022\/05\/03\/ford-investe-em-corredor-exclusivo-para-carros-autonomos-conectados-em-40-km-de-rodovia\/#breadcrumb\",\"itemListElement\":[{\"@type\":\"ListItem\",\"position\":1,\"name\":\"In\u00edcio\",\"item\":\"https:\/\/jornalfatosenoticias.com.br\/\"},{\"@type\":\"ListItem\",\"position\":2,\"name\":\"Ford investe em corredor exclusivo para carros aut\u00f4nomos conectados em 40 km de rodovia\"}]},{\"@type\":\"WebSite\",\"@id\":\"https:\/\/jornalfatosenoticias.com.br\/#website\",\"url\":\"https:\/\/jornalfatosenoticias.com.br\/\",\"name\":\"Jornal Fatos e Not\u00edcias\",\"description\":\"Not\u00edcias em geral\",\"publisher\":{\"@id\":\"https:\/\/jornalfatosenoticias.com.br\/#organization\"},\"potentialAction\":[{\"@type\":\"SearchAction\",\"target\":{\"@type\":\"EntryPoint\",\"urlTemplate\":\"https:\/\/jornalfatosenoticias.com.br\/?s={search_term_string}\"},\"query-input\":{\"@type\":\"PropertyValueSpecification\",\"valueRequired\":true,\"valueName\":\"search_term_string\"}}],\"inLanguage\":\"pt-BR\"},{\"@type\":\"Organization\",\"@id\":\"https:\/\/jornalfatosenoticias.com.br\/#organization\",\"name\":\"Jornal Fatos e Not\u00edcias\",\"url\":\"https:\/\/jornalfatosenoticias.com.br\/\",\"logo\":{\"@type\":\"ImageObject\",\"inLanguage\":\"pt-BR\",\"@id\":\"https:\/\/jornalfatosenoticias.com.br\/#\/schema\/logo\/image\/\",\"url\":\"https:\/\/jornalfatosenoticias.com.br\/wp-content\/uploads\/2020\/02\/logo120.png\",\"contentUrl\":\"https:\/\/jornalfatosenoticias.com.br\/wp-content\/uploads\/2020\/02\/logo120.png\",\"width\":1227,\"height\":120,\"caption\":\"Jornal Fatos e Not\u00edcias\"},\"image\":{\"@id\":\"https:\/\/jornalfatosenoticias.com.br\/#\/schema\/logo\/image\/\"}},{\"@type\":\"Person\",\"@id\":\"https:\/\/jornalfatosenoticias.com.br\/#\/schema\/person\/d63837fa13ac8666eb9e74e0985d6f81\",\"name\":\"Luzimara Fernandes\",\"image\":{\"@type\":\"ImageObject\",\"inLanguage\":\"pt-BR\",\"@id\":\"https:\/\/jornalfatosenoticias.com.br\/#\/schema\/person\/image\/\",\"url\":\"https:\/\/jornalfatosenoticias.com.br\/wp-content\/uploads\/2025\/05\/EU_portal.jpg\",\"contentUrl\":\"https:\/\/jornalfatosenoticias.com.br\/wp-content\/uploads\/2025\/05\/EU_portal.jpg\",\"caption\":\"Luzimara Fernandes\"},\"description\":\"Jornalista MTB 2358-ES\",\"sameAs\":[\"https:\/\/jornalfatosenoticias.com.br\"],\"url\":\"https:\/\/jornalfatosenoticias.com.br\/index.php\/author\/luzimara\/\"}]}<\/script>\n<!-- \/ Yoast SEO plugin. -->","yoast_head_json":{"title":"Ford investe em corredor exclusivo para carros aut\u00f4nomos conectados em 40 km de rodovia - Jornal Fatos e Not\u00edcias","robots":{"index":"index","follow":"follow","max-snippet":"max-snippet:-1","max-image-preview":"max-image-preview:large","max-video-preview":"max-video-preview:-1"},"canonical":"https:\/\/jornalfatosenoticias.com.br\/index.php\/2022\/05\/03\/ford-investe-em-corredor-exclusivo-para-carros-autonomos-conectados-em-40-km-de-rodovia\/","og_locale":"pt_BR","og_type":"article","og_title":"Ford investe em corredor exclusivo para carros aut\u00f4nomos conectados em 40 km de rodovia - Jornal Fatos e Not\u00edcias","og_description":"A startup Cavnue est\u00e1 desenvolvendo um corredor conectado in\u00e9dito para carros aut\u00f4nomos em Michigan (lar de 75% do investimento em P&amp;D automotivo dos EUA) e acaba de\u00a0levantar um investimento milion\u00e1rio liderado pela Ford. A montadora participou dos US$ 130 milh\u00f5es (algo acima dos R$ 642 milh\u00f5es) obtidos pelo projeto a ser desenvolvido ao longo de [&hellip;]","og_url":"https:\/\/jornalfatosenoticias.com.br\/index.php\/2022\/05\/03\/ford-investe-em-corredor-exclusivo-para-carros-autonomos-conectados-em-40-km-de-rodovia\/","og_site_name":"Jornal Fatos e Not\u00edcias","article_published_time":"2022-05-03T12:35:08+00:00","article_modified_time":"2022-05-03T12:37:01+00:00","og_image":[{"width":1000,"height":563,"url":"https:\/\/jornalfatosenoticias.com.br\/wp-content\/uploads\/2022\/05\/Ford-investe-em-corredor-exclusivo-para-carros-autonomos.jpg","type":"image\/jpeg"}],"author":"Luzimara Fernandes","twitter_card":"summary_large_image","twitter_misc":{"Escrito por":"Luzimara Fernandes","Est. tempo de leitura":"2 minutos"},"schema":{"@context":"https:\/\/schema.org","@graph":[{"@type":"Article","@id":"https:\/\/jornalfatosenoticias.com.br\/index.php\/2022\/05\/03\/ford-investe-em-corredor-exclusivo-para-carros-autonomos-conectados-em-40-km-de-rodovia\/#article","isPartOf":{"@id":"https:\/\/jornalfatosenoticias.com.br\/index.php\/2022\/05\/03\/ford-investe-em-corredor-exclusivo-para-carros-autonomos-conectados-em-40-km-de-rodovia\/"},"author":{"name":"Luzimara Fernandes","@id":"https:\/\/jornalfatosenoticias.com.br\/#\/schema\/person\/d63837fa13ac8666eb9e74e0985d6f81"},"headline":"Ford investe em corredor exclusivo para carros aut\u00f4nomos conectados em 40 km de rodovia","datePublished":"2022-05-03T12:35:08+00:00","dateModified":"2022-05-03T12:37:01+00:00","mainEntityOfPage":{"@id":"https:\/\/jornalfatosenoticias.com.br\/index.php\/2022\/05\/03\/ford-investe-em-corredor-exclusivo-para-carros-autonomos-conectados-em-40-km-de-rodovia\/"},"wordCount":330,"commentCount":0,"publisher":{"@id":"https:\/\/jornalfatosenoticias.com.br\/#organization"},"image":{"@id":"https:\/\/jornalfatosenoticias.com.br\/index.php\/2022\/05\/03\/ford-investe-em-corredor-exclusivo-para-carros-autonomos-conectados-em-40-km-de-rodovia\/#primaryimage"},"thumbnailUrl":"https:\/\/jornalfatosenoticias.com.br\/wp-content\/uploads\/2022\/05\/Ford-investe-em-corredor-exclusivo-para-carros-autonomos.jpg","keywords":["carros aut\u00f4nomos","Ford","projeto"],"articleSection":["Mobilidade"],"inLanguage":"pt-BR","potentialAction":[{"@type":"CommentAction","name":"Comment","target":["https:\/\/jornalfatosenoticias.com.br\/index.php\/2022\/05\/03\/ford-investe-em-corredor-exclusivo-para-carros-autonomos-conectados-em-40-km-de-rodovia\/#respond"]}]},{"@type":"WebPage","@id":"https:\/\/jornalfatosenoticias.com.br\/index.php\/2022\/05\/03\/ford-investe-em-corredor-exclusivo-para-carros-autonomos-conectados-em-40-km-de-rodovia\/","url":"https:\/\/jornalfatosenoticias.com.br\/index.php\/2022\/05\/03\/ford-investe-em-corredor-exclusivo-para-carros-autonomos-conectados-em-40-km-de-rodovia\/","name":"Ford investe em corredor exclusivo para carros aut\u00f4nomos conectados em 40 km de rodovia - Jornal Fatos e Not\u00edcias","isPartOf":{"@id":"https:\/\/jornalfatosenoticias.com.br\/#website"},"primaryImageOfPage":{"@id":"https:\/\/jornalfatosenoticias.com.br\/index.php\/2022\/05\/03\/ford-investe-em-corredor-exclusivo-para-carros-autonomos-conectados-em-40-km-de-rodovia\/#primaryimage"},"image":{"@id":"https:\/\/jornalfatosenoticias.com.br\/index.php\/2022\/05\/03\/ford-investe-em-corredor-exclusivo-para-carros-autonomos-conectados-em-40-km-de-rodovia\/#primaryimage"},"thumbnailUrl":"https:\/\/jornalfatosenoticias.com.br\/wp-content\/uploads\/2022\/05\/Ford-investe-em-corredor-exclusivo-para-carros-autonomos.jpg","datePublished":"2022-05-03T12:35:08+00:00","dateModified":"2022-05-03T12:37:01+00:00","breadcrumb":{"@id":"https:\/\/jornalfatosenoticias.com.br\/index.php\/2022\/05\/03\/ford-investe-em-corredor-exclusivo-para-carros-autonomos-conectados-em-40-km-de-rodovia\/#breadcrumb"},"inLanguage":"pt-BR","potentialAction":[{"@type":"ReadAction","target":["https:\/\/jornalfatosenoticias.com.br\/index.php\/2022\/05\/03\/ford-investe-em-corredor-exclusivo-para-carros-autonomos-conectados-em-40-km-de-rodovia\/"]}]},{"@type":"ImageObject","inLanguage":"pt-BR","@id":"https:\/\/jornalfatosenoticias.com.br\/index.php\/2022\/05\/03\/ford-investe-em-corredor-exclusivo-para-carros-autonomos-conectados-em-40-km-de-rodovia\/#primaryimage","url":"https:\/\/jornalfatosenoticias.com.br\/wp-content\/uploads\/2022\/05\/Ford-investe-em-corredor-exclusivo-para-carros-autonomos.jpg","contentUrl":"https:\/\/jornalfatosenoticias.com.br\/wp-content\/uploads\/2022\/05\/Ford-investe-em-corredor-exclusivo-para-carros-autonomos.jpg","width":1000,"height":563},{"@type":"BreadcrumbList","@id":"https:\/\/jornalfatosenoticias.com.br\/index.php\/2022\/05\/03\/ford-investe-em-corredor-exclusivo-para-carros-autonomos-conectados-em-40-km-de-rodovia\/#breadcrumb","itemListElement":[{"@type":"ListItem","position":1,"name":"In\u00edcio","item":"https:\/\/jornalfatosenoticias.com.br\/"},{"@type":"ListItem","position":2,"name":"Ford investe em corredor exclusivo para carros aut\u00f4nomos conectados em 40 km de rodovia"}]},{"@type":"WebSite","@id":"https:\/\/jornalfatosenoticias.com.br\/#website","url":"https:\/\/jornalfatosenoticias.com.br\/","name":"Jornal Fatos e Not\u00edcias","description":"Not\u00edcias em geral","publisher":{"@id":"https:\/\/jornalfatosenoticias.com.br\/#organization"},"potentialAction":[{"@type":"SearchAction","target":{"@type":"EntryPoint","urlTemplate":"https:\/\/jornalfatosenoticias.com.br\/?s={search_term_string}"},"query-input":{"@type":"PropertyValueSpecification","valueRequired":true,"valueName":"search_term_string"}}],"inLanguage":"pt-BR"},{"@type":"Organization","@id":"https:\/\/jornalfatosenoticias.com.br\/#organization","name":"Jornal Fatos e Not\u00edcias","url":"https:\/\/jornalfatosenoticias.com.br\/","logo":{"@type":"ImageObject","inLanguage":"pt-BR","@id":"https:\/\/jornalfatosenoticias.com.br\/#\/schema\/logo\/image\/","url":"https:\/\/jornalfatosenoticias.com.br\/wp-content\/uploads\/2020\/02\/logo120.png","contentUrl":"https:\/\/jornalfatosenoticias.com.br\/wp-content\/uploads\/2020\/02\/logo120.png","width":1227,"height":120,"caption":"Jornal Fatos e Not\u00edcias"},"image":{"@id":"https:\/\/jornalfatosenoticias.com.br\/#\/schema\/logo\/image\/"}},{"@type":"Person","@id":"https:\/\/jornalfatosenoticias.com.br\/#\/schema\/person\/d63837fa13ac8666eb9e74e0985d6f81","name":"Luzimara Fernandes","image":{"@type":"ImageObject","inLanguage":"pt-BR","@id":"https:\/\/jornalfatosenoticias.com.br\/#\/schema\/person\/image\/","url":"https:\/\/jornalfatosenoticias.com.br\/wp-content\/uploads\/2025\/05\/EU_portal.jpg","contentUrl":"https:\/\/jornalfatosenoticias.com.br\/wp-content\/uploads\/2025\/05\/EU_portal.jpg","caption":"Luzimara Fernandes"},"description":"Jornalista MTB 2358-ES","sameAs":["https:\/\/jornalfatosenoticias.com.br"],"url":"https:\/\/jornalfatosenoticias.com.br\/index.php\/author\/luzimara\/"}]}},"cc_featured_image_caption":{"caption_text":"(Foto: Cavnue) ","source_text":"","source_url":""},"jetpack_featured_media_url":"https:\/\/jornalfatosenoticias.com.br\/wp-content\/uploads\/2022\/05\/Ford-investe-em-corredor-exclusivo-para-carros-autonomos.jpg","_links":{"self":[{"href":"https:\/\/jornalfatosenoticias.com.br\/index.php\/wp-json\/wp\/v2\/posts\/30043","targetHints":{"allow":["GET"]}}],"collection":[{"href":"https:\/\/jornalfatosenoticias.com.br\/index.php\/wp-json\/wp\/v2\/posts"}],"about":[{"href":"https:\/\/jornalfatosenoticias.com.br\/index.php\/wp-json\/wp\/v2\/types\/post"}],"author":[{"embeddable":true,"href":"https:\/\/jornalfatosenoticias.com.br\/index.php\/wp-json\/wp\/v2\/users\/2"}],"replies":[{"embeddable":true,"href":"https:\/\/jornalfatosenoticias.com.br\/index.php\/wp-json\/wp\/v2\/comments?post=30043"}],"version-history":[{"count":0,"href":"https:\/\/jornalfatosenoticias.com.br\/index.php\/wp-json\/wp\/v2\/posts\/30043\/revisions"}],"wp:featuredmedia":[{"embeddable":true,"href":"https:\/\/jornalfatosenoticias.com.br\/index.php\/wp-json\/wp\/v2\/media\/30044"}],"wp:attachment":[{"href":"https:\/\/jornalfatosenoticias.com.br\/index.php\/wp-json\/wp\/v2\/media?parent=30043"}],"wp:term":[{"taxonomy":"category","embeddable":true,"href":"https:\/\/jornalfatosenoticias.com.br\/index.php\/wp-json\/wp\/v2\/categories?post=30043"},{"taxonomy":"post_tag","embeddable":true,"href":"https:\/\/jornalfatosenoticias.com.br\/index.php\/wp-json\/wp\/v2\/tags?post=30043"}],"curies":[{"name":"wp","href":"https:\/\/api.w.org\/{rel}","templated":true}]}}