{"id":30063,"date":"2022-05-03T11:19:08","date_gmt":"2022-05-03T14:19:08","guid":{"rendered":"https:\/\/jornalfatosenoticias.com.br\/?p=30063"},"modified":"2022-05-03T11:19:09","modified_gmt":"2022-05-03T14:19:09","slug":"pesquisa-aponta-que-uso-de-celular-pode-causar-alzheimer","status":"publish","type":"post","link":"https:\/\/jornalfatosenoticias.com.br\/index.php\/2022\/05\/03\/pesquisa-aponta-que-uso-de-celular-pode-causar-alzheimer\/","title":{"rendered":"Pesquisa aponta que uso de celular pode causar Alzheimer"},"content":{"rendered":"\n<div class=\"wp-block-image\"><figure class=\"aligncenter size-large is-resized\"><img loading=\"lazy\" decoding=\"async\" src=\"https:\/\/jornalfatosenoticias.com.br\/wp-content\/uploads\/2020\/02\/Logo-Mizu-segunda-2-1024x99.png\" alt=\"\" class=\"wp-image-2353\" width=\"426\" height=\"41\" srcset=\"https:\/\/jornalfatosenoticias.com.br\/wp-content\/uploads\/2020\/02\/Logo-Mizu-segunda-2-1024x99.png 1024w, https:\/\/jornalfatosenoticias.com.br\/wp-content\/uploads\/2020\/02\/Logo-Mizu-segunda-2-300x29.png 300w, https:\/\/jornalfatosenoticias.com.br\/wp-content\/uploads\/2020\/02\/Logo-Mizu-segunda-2-768x74.png 768w, https:\/\/jornalfatosenoticias.com.br\/wp-content\/uploads\/2020\/02\/Logo-Mizu-segunda-2.png 1240w\" sizes=\"auto, (max-width: 426px) 100vw, 426px\" \/><\/figure><\/div>\n\n\n\n<p>Uma pesquisa publicada pela revista <a href=\"https:\/\/www.eurekaselect.com\/article\/120618\" target=\"_blank\" rel=\"noreferrer noopener\">Current Alzheimer Research<\/a>\u00a0afirmou que o Alzheimer pode ser causado por exposi\u00e7\u00e3o a\u00a0<a href=\"https:\/\/olhardigital.com.br\/tag\/campo-eletromagnetico\/\" target=\"_blank\" rel=\"noreferrer noopener\">pulsos eletromagn\u00e9ticos<\/a>, como aqueles que s\u00e3o emitidos pelo celular e\u00a0<a href=\"https:\/\/olhardigital.com.br\/tag\/wi-fi\/\" target=\"_blank\" rel=\"noreferrer noopener\">wi-fi<\/a>.<br>O estudo afirma que a exposi\u00e7\u00e3o constante aos campos eletromagn\u00e9ticos pode agravar ou desencadear o ac\u00famulo de c\u00e1lcio no <a href=\"https:\/\/olhardigital.com.br\/tag\/cerebro\/\" target=\"_blank\" rel=\"noreferrer noopener\">c\u00e9rebro<\/a>. Diversas hip\u00f3teses apontam que o excesso de c\u00e1lcio no c\u00e9rebro afeta os\u00a0<a href=\"https:\/\/olhardigital.com.br\/tag\/neuronios\/\" target=\"_blank\" rel=\"noreferrer noopener\">neur\u00f4nios<\/a>\u00a0e \u00e9 uma das origens do Alzheimer.<\/p>\n\n\n\n<div class=\"wp-block-image\"><figure class=\"aligncenter size-large is-resized\"><img loading=\"lazy\" decoding=\"async\" src=\"https:\/\/jornalfatosenoticias.com.br\/wp-content\/uploads\/2020\/02\/nova-logo-Marquetti.jpg\" alt=\"\" class=\"wp-image-22331\" width=\"276\" height=\"186\" srcset=\"https:\/\/jornalfatosenoticias.com.br\/wp-content\/uploads\/2020\/02\/nova-logo-Marquetti.jpg 643w, https:\/\/jornalfatosenoticias.com.br\/wp-content\/uploads\/2020\/02\/nova-logo-Marquetti-300x202.jpg 300w\" sizes=\"auto, (max-width: 276px) 100vw, 276px\" \/><\/figure><\/div>\n\n\n\n<blockquote class=\"wp-block-quote is-layout-flow wp-block-quote-is-layout-flow\"><p><span class=\"has-inline-color has-luminous-vivid-orange-color\">\u201cOs campos agem atrav\u00e9s de picos el\u00e9tricos e de for\u00e7as magn\u00e9ticas que variam no tempo em uma escala de tempo de nanossegundos. Qualquer um deles pode desencadear a doen\u00e7a de Alzheimer de in\u00edcio extremamente precoce\u201d, aponta a pesquisa.<\/span><\/p><\/blockquote>\n\n\n\n<div class=\"wp-block-image\"><figure class=\"alignleft size-large\"><img decoding=\"async\" src=\"https:\/\/jornalfatosenoticias.com.br\/wp-content\/uploads\/2020\/02\/logo_esteio.jpg\" alt=\"\" class=\"wp-image-1214\"\/><\/figure><\/div>\n\n\n\n<p>Uma pesquisa feita em 2008 mostrou que ao expor ratos a campos eletromagn\u00e9ticos de torres de celulares, eles experimentaram uma mais r\u00e1pida degenera\u00e7\u00e3o e morte de <a href=\"https:\/\/olhardigital.com.br\/tag\/celulas\/\" target=\"_blank\" rel=\"noreferrer noopener\">c\u00e9lulas<\/a> cerebrais.<br>Na \u00e9poca, foi observado que ratos jovens perderam cerca de 34% da capacidade cerebral ap\u00f3s um teste que durou quatro semanas. Outro estudo expos os animais a pulsos eletromagn\u00e9ticos uma vez por dia de 2013 a 2016 e aqueles com 10 meses de idade (equivalente a adultos de 21 anos) j\u00e1 apresentavam sinais de Alzheimer.<br>O autor do estudo recente, Martin L. Pall, afirmou que a pesquisa pode ajudar a antecipar diagn\u00f3sticos de Alzheimer em at\u00e9 25 anos. <\/p>\n\n\n\n<div class=\"wp-block-image\"><figure class=\"aligncenter size-large is-resized\"><img loading=\"lazy\" decoding=\"async\" src=\"https:\/\/jornalfatosenoticias.com.br\/wp-content\/uploads\/2020\/02\/Serra-Grande-1024x160.png\" alt=\"\" class=\"wp-image-7836\" width=\"334\" height=\"52\"\/><\/figure><\/div>\n\n\n\n<blockquote class=\"wp-block-quote is-layout-flow wp-block-quote-is-layout-flow\"><p><span class=\"has-inline-color has-luminous-vivid-orange-color\">\u201cPessoas muito jovens expostas a smartphones e <a href=\"https:\/\/olhardigital.com.br\/tag\/radiacao\/\" target=\"_blank\" rel=\"noreferrer noopener\">radia\u00e7\u00e3o<\/a> de wi-fi por muitas horas ao longo do dia podem desenvolver dem\u00eancia digital\u201d.<\/span><\/p><\/blockquote>\n\n\n\n<p><strong><em>Fonte: <a href=\"https:\/\/olhardigital.com.br\/2022\/05\/03\/medicina-e-saude\/pesquisa-aponta-que-uso-de-celular-pode-causar-alzheimer-entenda\/\">Olhar Digital<\/a><\/em><\/strong><\/p>\n","protected":false},"excerpt":{"rendered":"<p>Uma pesquisa publicada pela revista Current Alzheimer Research\u00a0afirmou que o Alzheimer pode ser causado por exposi\u00e7\u00e3o a\u00a0pulsos eletromagn\u00e9ticos, como aqueles que s\u00e3o emitidos pelo celular e\u00a0wi-fi.O estudo afirma que a exposi\u00e7\u00e3o constante aos campos eletromagn\u00e9ticos pode agravar ou desencadear o ac\u00famulo de c\u00e1lcio no c\u00e9rebro. Diversas hip\u00f3teses apontam que o excesso de c\u00e1lcio no c\u00e9rebro [&hellip;]<\/p>\n","protected":false},"author":2,"featured_media":30064,"comment_status":"open","ping_status":"open","sticky":false,"template":"","format":"standard","meta":{"footnotes":""},"categories":[11],"tags":[2501,7284,2209,2336,115,14136],"class_list":["post-30063","post","type-post","status-publish","format-standard","has-post-thumbnail","hentry","category-saude","tag-alzheimer","tag-campo-eletromagnetico","tag-celular","tag-cerebro","tag-pesquisa","tag-wi-fi"],"yoast_head":"<!-- This site is optimized with the Yoast SEO plugin v26.5 - https:\/\/yoast.com\/wordpress\/plugins\/seo\/ -->\n<title>Pesquisa aponta que uso de celular pode causar Alzheimer - Jornal Fatos e Not\u00edcias<\/title>\n<meta name=\"robots\" content=\"index, follow, max-snippet:-1, max-image-preview:large, max-video-preview:-1\" \/>\n<link rel=\"canonical\" href=\"https:\/\/jornalfatosenoticias.com.br\/index.php\/2022\/05\/03\/pesquisa-aponta-que-uso-de-celular-pode-causar-alzheimer\/\" \/>\n<meta property=\"og:locale\" content=\"pt_BR\" \/>\n<meta property=\"og:type\" content=\"article\" \/>\n<meta property=\"og:title\" content=\"Pesquisa aponta que uso de celular pode causar Alzheimer - Jornal Fatos e Not\u00edcias\" \/>\n<meta property=\"og:description\" content=\"Uma pesquisa publicada pela revista Current Alzheimer Research\u00a0afirmou que o Alzheimer pode ser causado por exposi\u00e7\u00e3o a\u00a0pulsos eletromagn\u00e9ticos, como aqueles que s\u00e3o emitidos pelo celular e\u00a0wi-fi.O estudo afirma que a exposi\u00e7\u00e3o constante aos campos eletromagn\u00e9ticos pode agravar ou desencadear o ac\u00famulo de c\u00e1lcio no c\u00e9rebro. Diversas hip\u00f3teses apontam que o excesso de c\u00e1lcio no c\u00e9rebro [&hellip;]\" \/>\n<meta property=\"og:url\" content=\"https:\/\/jornalfatosenoticias.com.br\/index.php\/2022\/05\/03\/pesquisa-aponta-que-uso-de-celular-pode-causar-alzheimer\/\" \/>\n<meta property=\"og:site_name\" content=\"Jornal Fatos e Not\u00edcias\" \/>\n<meta property=\"article:published_time\" content=\"2022-05-03T14:19:08+00:00\" \/>\n<meta property=\"article:modified_time\" content=\"2022-05-03T14:19:09+00:00\" \/>\n<meta property=\"og:image\" content=\"https:\/\/jornalfatosenoticias.com.br\/wp-content\/uploads\/2022\/05\/Alzheimer-pesquisa.jpg\" \/>\n\t<meta property=\"og:image:width\" content=\"1000\" \/>\n\t<meta property=\"og:image:height\" content=\"749\" \/>\n\t<meta property=\"og:image:type\" content=\"image\/jpeg\" \/>\n<meta name=\"author\" content=\"Luzimara Fernandes\" \/>\n<meta name=\"twitter:card\" content=\"summary_large_image\" \/>\n<meta name=\"twitter:label1\" content=\"Escrito por\" \/>\n\t<meta name=\"twitter:data1\" content=\"Luzimara Fernandes\" \/>\n\t<meta name=\"twitter:label2\" content=\"Est. tempo de leitura\" \/>\n\t<meta name=\"twitter:data2\" content=\"1 minuto\" \/>\n<script type=\"application\/ld+json\" class=\"yoast-schema-graph\">{\"@context\":\"https:\/\/schema.org\",\"@graph\":[{\"@type\":\"Article\",\"@id\":\"https:\/\/jornalfatosenoticias.com.br\/index.php\/2022\/05\/03\/pesquisa-aponta-que-uso-de-celular-pode-causar-alzheimer\/#article\",\"isPartOf\":{\"@id\":\"https:\/\/jornalfatosenoticias.com.br\/index.php\/2022\/05\/03\/pesquisa-aponta-que-uso-de-celular-pode-causar-alzheimer\/\"},\"author\":{\"name\":\"Luzimara Fernandes\",\"@id\":\"https:\/\/jornalfatosenoticias.com.br\/#\/schema\/person\/d63837fa13ac8666eb9e74e0985d6f81\"},\"headline\":\"Pesquisa aponta que uso de celular pode causar Alzheimer\",\"datePublished\":\"2022-05-03T14:19:08+00:00\",\"dateModified\":\"2022-05-03T14:19:09+00:00\",\"mainEntityOfPage\":{\"@id\":\"https:\/\/jornalfatosenoticias.com.br\/index.php\/2022\/05\/03\/pesquisa-aponta-que-uso-de-celular-pode-causar-alzheimer\/\"},\"wordCount\":265,\"commentCount\":0,\"publisher\":{\"@id\":\"https:\/\/jornalfatosenoticias.com.br\/#organization\"},\"image\":{\"@id\":\"https:\/\/jornalfatosenoticias.com.br\/index.php\/2022\/05\/03\/pesquisa-aponta-que-uso-de-celular-pode-causar-alzheimer\/#primaryimage\"},\"thumbnailUrl\":\"https:\/\/jornalfatosenoticias.com.br\/wp-content\/uploads\/2022\/05\/Alzheimer-pesquisa.jpg\",\"keywords\":[\"Alzheimer\",\"campo eletromagn\u00e9tico\",\"celular\",\"c\u00e9rebro\",\"pesquisa\",\"Wi-Fi\"],\"articleSection\":[\"Sa\u00fade\"],\"inLanguage\":\"pt-BR\",\"potentialAction\":[{\"@type\":\"CommentAction\",\"name\":\"Comment\",\"target\":[\"https:\/\/jornalfatosenoticias.com.br\/index.php\/2022\/05\/03\/pesquisa-aponta-que-uso-de-celular-pode-causar-alzheimer\/#respond\"]}]},{\"@type\":\"WebPage\",\"@id\":\"https:\/\/jornalfatosenoticias.com.br\/index.php\/2022\/05\/03\/pesquisa-aponta-que-uso-de-celular-pode-causar-alzheimer\/\",\"url\":\"https:\/\/jornalfatosenoticias.com.br\/index.php\/2022\/05\/03\/pesquisa-aponta-que-uso-de-celular-pode-causar-alzheimer\/\",\"name\":\"Pesquisa aponta que uso de celular pode causar Alzheimer - Jornal Fatos e Not\u00edcias\",\"isPartOf\":{\"@id\":\"https:\/\/jornalfatosenoticias.com.br\/#website\"},\"primaryImageOfPage\":{\"@id\":\"https:\/\/jornalfatosenoticias.com.br\/index.php\/2022\/05\/03\/pesquisa-aponta-que-uso-de-celular-pode-causar-alzheimer\/#primaryimage\"},\"image\":{\"@id\":\"https:\/\/jornalfatosenoticias.com.br\/index.php\/2022\/05\/03\/pesquisa-aponta-que-uso-de-celular-pode-causar-alzheimer\/#primaryimage\"},\"thumbnailUrl\":\"https:\/\/jornalfatosenoticias.com.br\/wp-content\/uploads\/2022\/05\/Alzheimer-pesquisa.jpg\",\"datePublished\":\"2022-05-03T14:19:08+00:00\",\"dateModified\":\"2022-05-03T14:19:09+00:00\",\"breadcrumb\":{\"@id\":\"https:\/\/jornalfatosenoticias.com.br\/index.php\/2022\/05\/03\/pesquisa-aponta-que-uso-de-celular-pode-causar-alzheimer\/#breadcrumb\"},\"inLanguage\":\"pt-BR\",\"potentialAction\":[{\"@type\":\"ReadAction\",\"target\":[\"https:\/\/jornalfatosenoticias.com.br\/index.php\/2022\/05\/03\/pesquisa-aponta-que-uso-de-celular-pode-causar-alzheimer\/\"]}]},{\"@type\":\"ImageObject\",\"inLanguage\":\"pt-BR\",\"@id\":\"https:\/\/jornalfatosenoticias.com.br\/index.php\/2022\/05\/03\/pesquisa-aponta-que-uso-de-celular-pode-causar-alzheimer\/#primaryimage\",\"url\":\"https:\/\/jornalfatosenoticias.com.br\/wp-content\/uploads\/2022\/05\/Alzheimer-pesquisa.jpg\",\"contentUrl\":\"https:\/\/jornalfatosenoticias.com.br\/wp-content\/uploads\/2022\/05\/Alzheimer-pesquisa.jpg\",\"width\":1000,\"height\":749},{\"@type\":\"BreadcrumbList\",\"@id\":\"https:\/\/jornalfatosenoticias.com.br\/index.php\/2022\/05\/03\/pesquisa-aponta-que-uso-de-celular-pode-causar-alzheimer\/#breadcrumb\",\"itemListElement\":[{\"@type\":\"ListItem\",\"position\":1,\"name\":\"In\u00edcio\",\"item\":\"https:\/\/jornalfatosenoticias.com.br\/\"},{\"@type\":\"ListItem\",\"position\":2,\"name\":\"Pesquisa aponta que uso de celular pode causar Alzheimer\"}]},{\"@type\":\"WebSite\",\"@id\":\"https:\/\/jornalfatosenoticias.com.br\/#website\",\"url\":\"https:\/\/jornalfatosenoticias.com.br\/\",\"name\":\"Jornal Fatos e Not\u00edcias\",\"description\":\"Not\u00edcias em geral\",\"publisher\":{\"@id\":\"https:\/\/jornalfatosenoticias.com.br\/#organization\"},\"potentialAction\":[{\"@type\":\"SearchAction\",\"target\":{\"@type\":\"EntryPoint\",\"urlTemplate\":\"https:\/\/jornalfatosenoticias.com.br\/?s={search_term_string}\"},\"query-input\":{\"@type\":\"PropertyValueSpecification\",\"valueRequired\":true,\"valueName\":\"search_term_string\"}}],\"inLanguage\":\"pt-BR\"},{\"@type\":\"Organization\",\"@id\":\"https:\/\/jornalfatosenoticias.com.br\/#organization\",\"name\":\"Jornal Fatos e Not\u00edcias\",\"url\":\"https:\/\/jornalfatosenoticias.com.br\/\",\"logo\":{\"@type\":\"ImageObject\",\"inLanguage\":\"pt-BR\",\"@id\":\"https:\/\/jornalfatosenoticias.com.br\/#\/schema\/logo\/image\/\",\"url\":\"https:\/\/jornalfatosenoticias.com.br\/wp-content\/uploads\/2020\/02\/logo120.png\",\"contentUrl\":\"https:\/\/jornalfatosenoticias.com.br\/wp-content\/uploads\/2020\/02\/logo120.png\",\"width\":1227,\"height\":120,\"caption\":\"Jornal Fatos e Not\u00edcias\"},\"image\":{\"@id\":\"https:\/\/jornalfatosenoticias.com.br\/#\/schema\/logo\/image\/\"}},{\"@type\":\"Person\",\"@id\":\"https:\/\/jornalfatosenoticias.com.br\/#\/schema\/person\/d63837fa13ac8666eb9e74e0985d6f81\",\"name\":\"Luzimara Fernandes\",\"image\":{\"@type\":\"ImageObject\",\"inLanguage\":\"pt-BR\",\"@id\":\"https:\/\/jornalfatosenoticias.com.br\/#\/schema\/person\/image\/\",\"url\":\"https:\/\/jornalfatosenoticias.com.br\/wp-content\/uploads\/2025\/05\/EU_portal.jpg\",\"contentUrl\":\"https:\/\/jornalfatosenoticias.com.br\/wp-content\/uploads\/2025\/05\/EU_portal.jpg\",\"caption\":\"Luzimara Fernandes\"},\"description\":\"Jornalista MTB 2358-ES\",\"sameAs\":[\"https:\/\/jornalfatosenoticias.com.br\"],\"url\":\"https:\/\/jornalfatosenoticias.com.br\/index.php\/author\/luzimara\/\"}]}<\/script>\n<!-- \/ Yoast SEO plugin. -->","yoast_head_json":{"title":"Pesquisa aponta que uso de celular pode causar Alzheimer - Jornal Fatos e Not\u00edcias","robots":{"index":"index","follow":"follow","max-snippet":"max-snippet:-1","max-image-preview":"max-image-preview:large","max-video-preview":"max-video-preview:-1"},"canonical":"https:\/\/jornalfatosenoticias.com.br\/index.php\/2022\/05\/03\/pesquisa-aponta-que-uso-de-celular-pode-causar-alzheimer\/","og_locale":"pt_BR","og_type":"article","og_title":"Pesquisa aponta que uso de celular pode causar Alzheimer - Jornal Fatos e Not\u00edcias","og_description":"Uma pesquisa publicada pela revista Current Alzheimer Research\u00a0afirmou que o Alzheimer pode ser causado por exposi\u00e7\u00e3o a\u00a0pulsos eletromagn\u00e9ticos, como aqueles que s\u00e3o emitidos pelo celular e\u00a0wi-fi.O estudo afirma que a exposi\u00e7\u00e3o constante aos campos eletromagn\u00e9ticos pode agravar ou desencadear o ac\u00famulo de c\u00e1lcio no c\u00e9rebro. Diversas hip\u00f3teses apontam que o excesso de c\u00e1lcio no c\u00e9rebro [&hellip;]","og_url":"https:\/\/jornalfatosenoticias.com.br\/index.php\/2022\/05\/03\/pesquisa-aponta-que-uso-de-celular-pode-causar-alzheimer\/","og_site_name":"Jornal Fatos e Not\u00edcias","article_published_time":"2022-05-03T14:19:08+00:00","article_modified_time":"2022-05-03T14:19:09+00:00","og_image":[{"width":1000,"height":749,"url":"https:\/\/jornalfatosenoticias.com.br\/wp-content\/uploads\/2022\/05\/Alzheimer-pesquisa.jpg","type":"image\/jpeg"}],"author":"Luzimara Fernandes","twitter_card":"summary_large_image","twitter_misc":{"Escrito por":"Luzimara Fernandes","Est. tempo de leitura":"1 minuto"},"schema":{"@context":"https:\/\/schema.org","@graph":[{"@type":"Article","@id":"https:\/\/jornalfatosenoticias.com.br\/index.php\/2022\/05\/03\/pesquisa-aponta-que-uso-de-celular-pode-causar-alzheimer\/#article","isPartOf":{"@id":"https:\/\/jornalfatosenoticias.com.br\/index.php\/2022\/05\/03\/pesquisa-aponta-que-uso-de-celular-pode-causar-alzheimer\/"},"author":{"name":"Luzimara Fernandes","@id":"https:\/\/jornalfatosenoticias.com.br\/#\/schema\/person\/d63837fa13ac8666eb9e74e0985d6f81"},"headline":"Pesquisa aponta que uso de celular pode causar Alzheimer","datePublished":"2022-05-03T14:19:08+00:00","dateModified":"2022-05-03T14:19:09+00:00","mainEntityOfPage":{"@id":"https:\/\/jornalfatosenoticias.com.br\/index.php\/2022\/05\/03\/pesquisa-aponta-que-uso-de-celular-pode-causar-alzheimer\/"},"wordCount":265,"commentCount":0,"publisher":{"@id":"https:\/\/jornalfatosenoticias.com.br\/#organization"},"image":{"@id":"https:\/\/jornalfatosenoticias.com.br\/index.php\/2022\/05\/03\/pesquisa-aponta-que-uso-de-celular-pode-causar-alzheimer\/#primaryimage"},"thumbnailUrl":"https:\/\/jornalfatosenoticias.com.br\/wp-content\/uploads\/2022\/05\/Alzheimer-pesquisa.jpg","keywords":["Alzheimer","campo eletromagn\u00e9tico","celular","c\u00e9rebro","pesquisa","Wi-Fi"],"articleSection":["Sa\u00fade"],"inLanguage":"pt-BR","potentialAction":[{"@type":"CommentAction","name":"Comment","target":["https:\/\/jornalfatosenoticias.com.br\/index.php\/2022\/05\/03\/pesquisa-aponta-que-uso-de-celular-pode-causar-alzheimer\/#respond"]}]},{"@type":"WebPage","@id":"https:\/\/jornalfatosenoticias.com.br\/index.php\/2022\/05\/03\/pesquisa-aponta-que-uso-de-celular-pode-causar-alzheimer\/","url":"https:\/\/jornalfatosenoticias.com.br\/index.php\/2022\/05\/03\/pesquisa-aponta-que-uso-de-celular-pode-causar-alzheimer\/","name":"Pesquisa aponta que uso de celular pode causar Alzheimer - Jornal Fatos e Not\u00edcias","isPartOf":{"@id":"https:\/\/jornalfatosenoticias.com.br\/#website"},"primaryImageOfPage":{"@id":"https:\/\/jornalfatosenoticias.com.br\/index.php\/2022\/05\/03\/pesquisa-aponta-que-uso-de-celular-pode-causar-alzheimer\/#primaryimage"},"image":{"@id":"https:\/\/jornalfatosenoticias.com.br\/index.php\/2022\/05\/03\/pesquisa-aponta-que-uso-de-celular-pode-causar-alzheimer\/#primaryimage"},"thumbnailUrl":"https:\/\/jornalfatosenoticias.com.br\/wp-content\/uploads\/2022\/05\/Alzheimer-pesquisa.jpg","datePublished":"2022-05-03T14:19:08+00:00","dateModified":"2022-05-03T14:19:09+00:00","breadcrumb":{"@id":"https:\/\/jornalfatosenoticias.com.br\/index.php\/2022\/05\/03\/pesquisa-aponta-que-uso-de-celular-pode-causar-alzheimer\/#breadcrumb"},"inLanguage":"pt-BR","potentialAction":[{"@type":"ReadAction","target":["https:\/\/jornalfatosenoticias.com.br\/index.php\/2022\/05\/03\/pesquisa-aponta-que-uso-de-celular-pode-causar-alzheimer\/"]}]},{"@type":"ImageObject","inLanguage":"pt-BR","@id":"https:\/\/jornalfatosenoticias.com.br\/index.php\/2022\/05\/03\/pesquisa-aponta-que-uso-de-celular-pode-causar-alzheimer\/#primaryimage","url":"https:\/\/jornalfatosenoticias.com.br\/wp-content\/uploads\/2022\/05\/Alzheimer-pesquisa.jpg","contentUrl":"https:\/\/jornalfatosenoticias.com.br\/wp-content\/uploads\/2022\/05\/Alzheimer-pesquisa.jpg","width":1000,"height":749},{"@type":"BreadcrumbList","@id":"https:\/\/jornalfatosenoticias.com.br\/index.php\/2022\/05\/03\/pesquisa-aponta-que-uso-de-celular-pode-causar-alzheimer\/#breadcrumb","itemListElement":[{"@type":"ListItem","position":1,"name":"In\u00edcio","item":"https:\/\/jornalfatosenoticias.com.br\/"},{"@type":"ListItem","position":2,"name":"Pesquisa aponta que uso de celular pode causar Alzheimer"}]},{"@type":"WebSite","@id":"https:\/\/jornalfatosenoticias.com.br\/#website","url":"https:\/\/jornalfatosenoticias.com.br\/","name":"Jornal Fatos e Not\u00edcias","description":"Not\u00edcias em geral","publisher":{"@id":"https:\/\/jornalfatosenoticias.com.br\/#organization"},"potentialAction":[{"@type":"SearchAction","target":{"@type":"EntryPoint","urlTemplate":"https:\/\/jornalfatosenoticias.com.br\/?s={search_term_string}"},"query-input":{"@type":"PropertyValueSpecification","valueRequired":true,"valueName":"search_term_string"}}],"inLanguage":"pt-BR"},{"@type":"Organization","@id":"https:\/\/jornalfatosenoticias.com.br\/#organization","name":"Jornal Fatos e Not\u00edcias","url":"https:\/\/jornalfatosenoticias.com.br\/","logo":{"@type":"ImageObject","inLanguage":"pt-BR","@id":"https:\/\/jornalfatosenoticias.com.br\/#\/schema\/logo\/image\/","url":"https:\/\/jornalfatosenoticias.com.br\/wp-content\/uploads\/2020\/02\/logo120.png","contentUrl":"https:\/\/jornalfatosenoticias.com.br\/wp-content\/uploads\/2020\/02\/logo120.png","width":1227,"height":120,"caption":"Jornal Fatos e Not\u00edcias"},"image":{"@id":"https:\/\/jornalfatosenoticias.com.br\/#\/schema\/logo\/image\/"}},{"@type":"Person","@id":"https:\/\/jornalfatosenoticias.com.br\/#\/schema\/person\/d63837fa13ac8666eb9e74e0985d6f81","name":"Luzimara Fernandes","image":{"@type":"ImageObject","inLanguage":"pt-BR","@id":"https:\/\/jornalfatosenoticias.com.br\/#\/schema\/person\/image\/","url":"https:\/\/jornalfatosenoticias.com.br\/wp-content\/uploads\/2025\/05\/EU_portal.jpg","contentUrl":"https:\/\/jornalfatosenoticias.com.br\/wp-content\/uploads\/2025\/05\/EU_portal.jpg","caption":"Luzimara Fernandes"},"description":"Jornalista MTB 2358-ES","sameAs":["https:\/\/jornalfatosenoticias.com.br"],"url":"https:\/\/jornalfatosenoticias.com.br\/index.php\/author\/luzimara\/"}]}},"cc_featured_image_caption":{"caption_text":"(Foto: Lightspring\/Shutterstock)","source_text":"","source_url":""},"jetpack_featured_media_url":"https:\/\/jornalfatosenoticias.com.br\/wp-content\/uploads\/2022\/05\/Alzheimer-pesquisa.jpg","_links":{"self":[{"href":"https:\/\/jornalfatosenoticias.com.br\/index.php\/wp-json\/wp\/v2\/posts\/30063","targetHints":{"allow":["GET"]}}],"collection":[{"href":"https:\/\/jornalfatosenoticias.com.br\/index.php\/wp-json\/wp\/v2\/posts"}],"about":[{"href":"https:\/\/jornalfatosenoticias.com.br\/index.php\/wp-json\/wp\/v2\/types\/post"}],"author":[{"embeddable":true,"href":"https:\/\/jornalfatosenoticias.com.br\/index.php\/wp-json\/wp\/v2\/users\/2"}],"replies":[{"embeddable":true,"href":"https:\/\/jornalfatosenoticias.com.br\/index.php\/wp-json\/wp\/v2\/comments?post=30063"}],"version-history":[{"count":0,"href":"https:\/\/jornalfatosenoticias.com.br\/index.php\/wp-json\/wp\/v2\/posts\/30063\/revisions"}],"wp:featuredmedia":[{"embeddable":true,"href":"https:\/\/jornalfatosenoticias.com.br\/index.php\/wp-json\/wp\/v2\/media\/30064"}],"wp:attachment":[{"href":"https:\/\/jornalfatosenoticias.com.br\/index.php\/wp-json\/wp\/v2\/media?parent=30063"}],"wp:term":[{"taxonomy":"category","embeddable":true,"href":"https:\/\/jornalfatosenoticias.com.br\/index.php\/wp-json\/wp\/v2\/categories?post=30063"},{"taxonomy":"post_tag","embeddable":true,"href":"https:\/\/jornalfatosenoticias.com.br\/index.php\/wp-json\/wp\/v2\/tags?post=30063"}],"curies":[{"name":"wp","href":"https:\/\/api.w.org\/{rel}","templated":true}]}}