{"id":30066,"date":"2022-05-03T11:28:50","date_gmt":"2022-05-03T14:28:50","guid":{"rendered":"https:\/\/jornalfatosenoticias.com.br\/?p=30066"},"modified":"2022-05-03T11:28:51","modified_gmt":"2022-05-03T14:28:51","slug":"cultura-realiza-sarau-poetico-em-homenagem-as-maes-na-proxima-quinta-feira-5","status":"publish","type":"post","link":"https:\/\/jornalfatosenoticias.com.br\/index.php\/2022\/05\/03\/cultura-realiza-sarau-poetico-em-homenagem-as-maes-na-proxima-quinta-feira-5\/","title":{"rendered":"Cultura realiza sarau po\u00e9tico em homenagem \u00e0s m\u00e3es na pr\u00f3xima quinta-feira (5)"},"content":{"rendered":"\n<div class=\"wp-block-image\"><figure class=\"aligncenter size-large is-resized\"><img loading=\"lazy\" decoding=\"async\" src=\"https:\/\/jornalfatosenoticias.com.br\/wp-content\/uploads\/2022\/02\/Banner-1-1024x101.png\" alt=\"\" class=\"wp-image-27923\" width=\"432\" height=\"42\"\/><\/figure><\/div>\n\n\n\n<p>&#8220;Eu tenho tanto pra lhe falar, mas com palavras n\u00e3o sei dizer, como \u00e9 grande o meu amor por voc\u00ea\u2026&#8221;, os versos eternizados do cantor e compositor capixaba Roberto Carlos indicam que a semana \u00e9 de muito amor, afinal, no pr\u00f3ximo domingo (8) \u00e9 comemorado o Dia das M\u00e3es.<br>Para celebrar a data repleta de afeto, a Secretaria Municipal de Cultura (Semc), por meio da Biblioteca Municipal Adelpho Poli Monjardim e do projeto Viagem pela Literatura, realiza, na pr\u00f3xima quinta-feira (5), \u00e0s 18h30, um &#8220;Sarau Po\u00e9tico em homenagem \u00e0s M\u00e3es&#8221;.<br>Na ocasi\u00e3o, ser\u00e3o declamados versos, realizadas leituras e ainda haver\u00e1 apresenta\u00e7\u00e3o do coral NoSUS, integrado por usu\u00e1rios e servidores do Sistema \u00danico de Sa\u00fade (SUS) regidos pela musicista e fonoaudi\u00f3loga Aline Pignaton.<br>Participam das atividades liter\u00e1rias os escritores e poetas Advanir Rosa, Consuelo Pagani, Denise Moraes, Ester Abreu, Fabio Daflon, Kika Amorim, Marcia Coradini, Marcos Tavares, Rita de C\u00e1ssia Menezes, Sonia Maria Rosseto, Sonia Rojas, Tiana Magalh\u00e3es, Alzira Bossois, Ailse Romanelli, Get\u00falio Neves, Valsema Rodrigues da Costa e Ubiraci Bittencourt Pazinatto.<\/p>\n\n\n\n<div class=\"wp-block-image\"><figure class=\"aligncenter size-large is-resized\"><img loading=\"lazy\" decoding=\"async\" src=\"https:\/\/jornalfatosenoticias.com.br\/wp-content\/uploads\/2022\/03\/logo-Suinco-1024x390.jpg\" alt=\"\" class=\"wp-image-28785\" width=\"288\" height=\"109\"\/><\/figure><\/div>\n\n\n\n<blockquote class=\"wp-block-quote is-layout-flow wp-block-quote-is-layout-flow\"><p><span class=\"has-inline-color has-luminous-vivid-orange-color\">&#8220;Ser\u00e1 uma homenagem da biblioteca com literatura e m\u00fasica a pessoas t\u00e3o especiais na vida de cada um de n\u00f3s. Ser\u00e1 imperd\u00edvel!&#8221;, adianta a bibliotec\u00e1ria Elizete Caser.<\/span><\/p><\/blockquote>\n\n\n\n<p>As mam\u00e3es presentes ganhar\u00e3o ainda exemplares de livros que ser\u00e3o distribu\u00eddos no local.<\/p>\n\n\n\n<div class=\"wp-block-image\"><figure class=\"aligncenter size-large\"><img loading=\"lazy\" decoding=\"async\" width=\"562\" height=\"1000\" src=\"https:\/\/jornalfatosenoticias.com.br\/wp-content\/uploads\/2022\/05\/sarau-poetico-dia-das-maes.jpg\" alt=\"\" class=\"wp-image-30067\" srcset=\"https:\/\/jornalfatosenoticias.com.br\/wp-content\/uploads\/2022\/05\/sarau-poetico-dia-das-maes.jpg 562w, https:\/\/jornalfatosenoticias.com.br\/wp-content\/uploads\/2022\/05\/sarau-poetico-dia-das-maes-169x300.jpg 169w\" sizes=\"auto, (max-width: 562px) 100vw, 562px\" \/><figcaption><em><span class=\"has-inline-color has-black-color\">Sarau Po\u00e9tico acontece na pr\u00f3xima quinta-feira (5) (Foto: Divulga\u00e7\u00e3o)<\/span><\/em><\/figcaption><\/figure><\/div>\n\n\n\n<p><strong><span class=\"has-inline-color has-pale-pink-color\">Para participar<br><\/span><\/strong>N\u00e3o \u00e9 necess\u00e1ria inscri\u00e7\u00e3o pr\u00e9via para participar do evento, que \u00e9 gratuito e ocorre na sede da biblioteca, que fica no Casar\u00e3o Cerqueira Lima, localizado no Centro Hist\u00f3rico de Vit\u00f3ria. A classifica\u00e7\u00e3o indicativa \u00e9 livre.<\/p>\n\n\n\n<p><strong><em><span style=\"text-decoration: underline;\"><span class=\"has-inline-color has-vivid-red-color\">Servi\u00e7o<br><\/span><\/span><\/em><\/strong><em><span class=\"has-inline-color has-pale-pink-color\"><strong>Sarau Po\u00e9tico em homenagem \u00e0s M\u00e3es<br><\/strong><\/span><\/em><strong>Quando:<\/strong> quinta-feira (5) \u00e0s 18h30;<br><strong>Onde: <\/strong>Biblioteca Municipal Adelpho Poli Monjardim \u2014 Casar\u00e3o Cerqueira Lima \u2014 Rua Muniz Freire, 23, Cidade Alta, Centro Hist\u00f3rico de Vit\u00f3ria;<br><em>Entrada Franca e classifica\u00e7\u00e3o indicativa livre.<\/em><\/p>\n\n\n\n<p><strong><em>Fonte: <a href=\"https:\/\/m.vitoria.es.gov.br\/noticia\/homenagem-as-maes-cultura-realiza-sarau-poetico-na-proxima-quinta-feira-5-45128\">PMV<\/a><\/em><\/strong><\/p>\n","protected":false},"excerpt":{"rendered":"<p>&#8220;Eu tenho tanto pra lhe falar, mas com palavras n\u00e3o sei dizer, como \u00e9 grande o meu amor por voc\u00ea\u2026&#8221;, os versos eternizados do cantor e compositor capixaba Roberto Carlos indicam que a semana \u00e9 de muito amor, afinal, no pr\u00f3ximo domingo (8) \u00e9 comemorado o Dia das M\u00e3es.Para celebrar a data repleta de afeto, [&hellip;]<\/p>\n","protected":false},"author":2,"featured_media":30068,"comment_status":"open","ping_status":"open","sticky":false,"template":"","format":"standard","meta":{"footnotes":""},"categories":[4],"tags":[101,14278,2562,8939,14276],"class_list":["post-30066","post","type-post","status-publish","format-standard","has-post-thumbnail","hentry","category-cultura","tag-dia-das-maes","tag-homenagem-as-maes","tag-prefeitura-de-vitoria","tag-sarau","tag-sarau-poetico"],"yoast_head":"<!-- This site is optimized with the Yoast SEO plugin v26.5 - https:\/\/yoast.com\/wordpress\/plugins\/seo\/ -->\n<title>Cultura realiza sarau po\u00e9tico em homenagem \u00e0s m\u00e3es na pr\u00f3xima quinta-feira (5) - Jornal Fatos e Not\u00edcias<\/title>\n<meta name=\"robots\" content=\"index, follow, max-snippet:-1, max-image-preview:large, max-video-preview:-1\" \/>\n<link rel=\"canonical\" href=\"https:\/\/jornalfatosenoticias.com.br\/index.php\/2022\/05\/03\/cultura-realiza-sarau-poetico-em-homenagem-as-maes-na-proxima-quinta-feira-5\/\" \/>\n<meta property=\"og:locale\" content=\"pt_BR\" \/>\n<meta property=\"og:type\" content=\"article\" \/>\n<meta property=\"og:title\" content=\"Cultura realiza sarau po\u00e9tico em homenagem \u00e0s m\u00e3es na pr\u00f3xima quinta-feira (5) - Jornal Fatos e Not\u00edcias\" \/>\n<meta property=\"og:description\" content=\"&#8220;Eu tenho tanto pra lhe falar, mas com palavras n\u00e3o sei dizer, como \u00e9 grande o meu amor por voc\u00ea\u2026&#8221;, os versos eternizados do cantor e compositor capixaba Roberto Carlos indicam que a semana \u00e9 de muito amor, afinal, no pr\u00f3ximo domingo (8) \u00e9 comemorado o Dia das M\u00e3es.Para celebrar a data repleta de afeto, [&hellip;]\" \/>\n<meta property=\"og:url\" content=\"https:\/\/jornalfatosenoticias.com.br\/index.php\/2022\/05\/03\/cultura-realiza-sarau-poetico-em-homenagem-as-maes-na-proxima-quinta-feira-5\/\" \/>\n<meta property=\"og:site_name\" content=\"Jornal Fatos e Not\u00edcias\" \/>\n<meta property=\"article:published_time\" content=\"2022-05-03T14:28:50+00:00\" \/>\n<meta property=\"article:modified_time\" content=\"2022-05-03T14:28:51+00:00\" \/>\n<meta property=\"og:image\" content=\"https:\/\/jornalfatosenoticias.com.br\/wp-content\/uploads\/2022\/05\/sarau-poetico-dia-das-maes_CAPA.jpg\" \/>\n\t<meta property=\"og:image:width\" content=\"1000\" \/>\n\t<meta property=\"og:image:height\" content=\"628\" \/>\n\t<meta property=\"og:image:type\" content=\"image\/jpeg\" \/>\n<meta name=\"author\" content=\"Luzimara Fernandes\" \/>\n<meta name=\"twitter:card\" content=\"summary_large_image\" \/>\n<meta name=\"twitter:label1\" content=\"Escrito por\" \/>\n\t<meta name=\"twitter:data1\" content=\"Luzimara Fernandes\" \/>\n\t<meta name=\"twitter:label2\" content=\"Est. tempo de leitura\" \/>\n\t<meta name=\"twitter:data2\" content=\"2 minutos\" \/>\n<script type=\"application\/ld+json\" class=\"yoast-schema-graph\">{\"@context\":\"https:\/\/schema.org\",\"@graph\":[{\"@type\":\"Article\",\"@id\":\"https:\/\/jornalfatosenoticias.com.br\/index.php\/2022\/05\/03\/cultura-realiza-sarau-poetico-em-homenagem-as-maes-na-proxima-quinta-feira-5\/#article\",\"isPartOf\":{\"@id\":\"https:\/\/jornalfatosenoticias.com.br\/index.php\/2022\/05\/03\/cultura-realiza-sarau-poetico-em-homenagem-as-maes-na-proxima-quinta-feira-5\/\"},\"author\":{\"name\":\"Luzimara Fernandes\",\"@id\":\"https:\/\/jornalfatosenoticias.com.br\/#\/schema\/person\/d63837fa13ac8666eb9e74e0985d6f81\"},\"headline\":\"Cultura realiza sarau po\u00e9tico em homenagem \u00e0s m\u00e3es na pr\u00f3xima quinta-feira (5)\",\"datePublished\":\"2022-05-03T14:28:50+00:00\",\"dateModified\":\"2022-05-03T14:28:51+00:00\",\"mainEntityOfPage\":{\"@id\":\"https:\/\/jornalfatosenoticias.com.br\/index.php\/2022\/05\/03\/cultura-realiza-sarau-poetico-em-homenagem-as-maes-na-proxima-quinta-feira-5\/\"},\"wordCount\":342,\"commentCount\":0,\"publisher\":{\"@id\":\"https:\/\/jornalfatosenoticias.com.br\/#organization\"},\"image\":{\"@id\":\"https:\/\/jornalfatosenoticias.com.br\/index.php\/2022\/05\/03\/cultura-realiza-sarau-poetico-em-homenagem-as-maes-na-proxima-quinta-feira-5\/#primaryimage\"},\"thumbnailUrl\":\"https:\/\/jornalfatosenoticias.com.br\/wp-content\/uploads\/2022\/05\/sarau-poetico-dia-das-maes_CAPA.jpg\",\"keywords\":[\"dia das m\u00e3es\",\"homenagem \u00e0s m\u00e3es\",\"Prefeitura de Vit\u00f3ria\",\"sarau\",\"sarau po\u00e9tico\"],\"articleSection\":[\"Cultura\"],\"inLanguage\":\"pt-BR\",\"potentialAction\":[{\"@type\":\"CommentAction\",\"name\":\"Comment\",\"target\":[\"https:\/\/jornalfatosenoticias.com.br\/index.php\/2022\/05\/03\/cultura-realiza-sarau-poetico-em-homenagem-as-maes-na-proxima-quinta-feira-5\/#respond\"]}]},{\"@type\":\"WebPage\",\"@id\":\"https:\/\/jornalfatosenoticias.com.br\/index.php\/2022\/05\/03\/cultura-realiza-sarau-poetico-em-homenagem-as-maes-na-proxima-quinta-feira-5\/\",\"url\":\"https:\/\/jornalfatosenoticias.com.br\/index.php\/2022\/05\/03\/cultura-realiza-sarau-poetico-em-homenagem-as-maes-na-proxima-quinta-feira-5\/\",\"name\":\"Cultura realiza sarau po\u00e9tico em homenagem \u00e0s m\u00e3es na pr\u00f3xima quinta-feira (5) - Jornal Fatos e Not\u00edcias\",\"isPartOf\":{\"@id\":\"https:\/\/jornalfatosenoticias.com.br\/#website\"},\"primaryImageOfPage\":{\"@id\":\"https:\/\/jornalfatosenoticias.com.br\/index.php\/2022\/05\/03\/cultura-realiza-sarau-poetico-em-homenagem-as-maes-na-proxima-quinta-feira-5\/#primaryimage\"},\"image\":{\"@id\":\"https:\/\/jornalfatosenoticias.com.br\/index.php\/2022\/05\/03\/cultura-realiza-sarau-poetico-em-homenagem-as-maes-na-proxima-quinta-feira-5\/#primaryimage\"},\"thumbnailUrl\":\"https:\/\/jornalfatosenoticias.com.br\/wp-content\/uploads\/2022\/05\/sarau-poetico-dia-das-maes_CAPA.jpg\",\"datePublished\":\"2022-05-03T14:28:50+00:00\",\"dateModified\":\"2022-05-03T14:28:51+00:00\",\"breadcrumb\":{\"@id\":\"https:\/\/jornalfatosenoticias.com.br\/index.php\/2022\/05\/03\/cultura-realiza-sarau-poetico-em-homenagem-as-maes-na-proxima-quinta-feira-5\/#breadcrumb\"},\"inLanguage\":\"pt-BR\",\"potentialAction\":[{\"@type\":\"ReadAction\",\"target\":[\"https:\/\/jornalfatosenoticias.com.br\/index.php\/2022\/05\/03\/cultura-realiza-sarau-poetico-em-homenagem-as-maes-na-proxima-quinta-feira-5\/\"]}]},{\"@type\":\"ImageObject\",\"inLanguage\":\"pt-BR\",\"@id\":\"https:\/\/jornalfatosenoticias.com.br\/index.php\/2022\/05\/03\/cultura-realiza-sarau-poetico-em-homenagem-as-maes-na-proxima-quinta-feira-5\/#primaryimage\",\"url\":\"https:\/\/jornalfatosenoticias.com.br\/wp-content\/uploads\/2022\/05\/sarau-poetico-dia-das-maes_CAPA.jpg\",\"contentUrl\":\"https:\/\/jornalfatosenoticias.com.br\/wp-content\/uploads\/2022\/05\/sarau-poetico-dia-das-maes_CAPA.jpg\",\"width\":1000,\"height\":628,\"caption\":\"Sarau Po\u00e9tico acontece na pr\u00f3xima quinta-feira (5).\"},{\"@type\":\"BreadcrumbList\",\"@id\":\"https:\/\/jornalfatosenoticias.com.br\/index.php\/2022\/05\/03\/cultura-realiza-sarau-poetico-em-homenagem-as-maes-na-proxima-quinta-feira-5\/#breadcrumb\",\"itemListElement\":[{\"@type\":\"ListItem\",\"position\":1,\"name\":\"In\u00edcio\",\"item\":\"https:\/\/jornalfatosenoticias.com.br\/\"},{\"@type\":\"ListItem\",\"position\":2,\"name\":\"Cultura realiza sarau po\u00e9tico em homenagem \u00e0s m\u00e3es na pr\u00f3xima quinta-feira (5)\"}]},{\"@type\":\"WebSite\",\"@id\":\"https:\/\/jornalfatosenoticias.com.br\/#website\",\"url\":\"https:\/\/jornalfatosenoticias.com.br\/\",\"name\":\"Jornal Fatos e Not\u00edcias\",\"description\":\"Not\u00edcias em geral\",\"publisher\":{\"@id\":\"https:\/\/jornalfatosenoticias.com.br\/#organization\"},\"potentialAction\":[{\"@type\":\"SearchAction\",\"target\":{\"@type\":\"EntryPoint\",\"urlTemplate\":\"https:\/\/jornalfatosenoticias.com.br\/?s={search_term_string}\"},\"query-input\":{\"@type\":\"PropertyValueSpecification\",\"valueRequired\":true,\"valueName\":\"search_term_string\"}}],\"inLanguage\":\"pt-BR\"},{\"@type\":\"Organization\",\"@id\":\"https:\/\/jornalfatosenoticias.com.br\/#organization\",\"name\":\"Jornal Fatos e Not\u00edcias\",\"url\":\"https:\/\/jornalfatosenoticias.com.br\/\",\"logo\":{\"@type\":\"ImageObject\",\"inLanguage\":\"pt-BR\",\"@id\":\"https:\/\/jornalfatosenoticias.com.br\/#\/schema\/logo\/image\/\",\"url\":\"https:\/\/jornalfatosenoticias.com.br\/wp-content\/uploads\/2020\/02\/logo120.png\",\"contentUrl\":\"https:\/\/jornalfatosenoticias.com.br\/wp-content\/uploads\/2020\/02\/logo120.png\",\"width\":1227,\"height\":120,\"caption\":\"Jornal Fatos e Not\u00edcias\"},\"image\":{\"@id\":\"https:\/\/jornalfatosenoticias.com.br\/#\/schema\/logo\/image\/\"}},{\"@type\":\"Person\",\"@id\":\"https:\/\/jornalfatosenoticias.com.br\/#\/schema\/person\/d63837fa13ac8666eb9e74e0985d6f81\",\"name\":\"Luzimara Fernandes\",\"image\":{\"@type\":\"ImageObject\",\"inLanguage\":\"pt-BR\",\"@id\":\"https:\/\/jornalfatosenoticias.com.br\/#\/schema\/person\/image\/\",\"url\":\"https:\/\/jornalfatosenoticias.com.br\/wp-content\/uploads\/2025\/05\/EU_portal.jpg\",\"contentUrl\":\"https:\/\/jornalfatosenoticias.com.br\/wp-content\/uploads\/2025\/05\/EU_portal.jpg\",\"caption\":\"Luzimara Fernandes\"},\"description\":\"Jornalista MTB 2358-ES\",\"sameAs\":[\"https:\/\/jornalfatosenoticias.com.br\"],\"url\":\"https:\/\/jornalfatosenoticias.com.br\/index.php\/author\/luzimara\/\"}]}<\/script>\n<!-- \/ Yoast SEO plugin. -->","yoast_head_json":{"title":"Cultura realiza sarau po\u00e9tico em homenagem \u00e0s m\u00e3es na pr\u00f3xima quinta-feira (5) - Jornal Fatos e Not\u00edcias","robots":{"index":"index","follow":"follow","max-snippet":"max-snippet:-1","max-image-preview":"max-image-preview:large","max-video-preview":"max-video-preview:-1"},"canonical":"https:\/\/jornalfatosenoticias.com.br\/index.php\/2022\/05\/03\/cultura-realiza-sarau-poetico-em-homenagem-as-maes-na-proxima-quinta-feira-5\/","og_locale":"pt_BR","og_type":"article","og_title":"Cultura realiza sarau po\u00e9tico em homenagem \u00e0s m\u00e3es na pr\u00f3xima quinta-feira (5) - Jornal Fatos e Not\u00edcias","og_description":"&#8220;Eu tenho tanto pra lhe falar, mas com palavras n\u00e3o sei dizer, como \u00e9 grande o meu amor por voc\u00ea\u2026&#8221;, os versos eternizados do cantor e compositor capixaba Roberto Carlos indicam que a semana \u00e9 de muito amor, afinal, no pr\u00f3ximo domingo (8) \u00e9 comemorado o Dia das M\u00e3es.Para celebrar a data repleta de afeto, [&hellip;]","og_url":"https:\/\/jornalfatosenoticias.com.br\/index.php\/2022\/05\/03\/cultura-realiza-sarau-poetico-em-homenagem-as-maes-na-proxima-quinta-feira-5\/","og_site_name":"Jornal Fatos e Not\u00edcias","article_published_time":"2022-05-03T14:28:50+00:00","article_modified_time":"2022-05-03T14:28:51+00:00","og_image":[{"width":1000,"height":628,"url":"https:\/\/jornalfatosenoticias.com.br\/wp-content\/uploads\/2022\/05\/sarau-poetico-dia-das-maes_CAPA.jpg","type":"image\/jpeg"}],"author":"Luzimara Fernandes","twitter_card":"summary_large_image","twitter_misc":{"Escrito por":"Luzimara Fernandes","Est. tempo de leitura":"2 minutos"},"schema":{"@context":"https:\/\/schema.org","@graph":[{"@type":"Article","@id":"https:\/\/jornalfatosenoticias.com.br\/index.php\/2022\/05\/03\/cultura-realiza-sarau-poetico-em-homenagem-as-maes-na-proxima-quinta-feira-5\/#article","isPartOf":{"@id":"https:\/\/jornalfatosenoticias.com.br\/index.php\/2022\/05\/03\/cultura-realiza-sarau-poetico-em-homenagem-as-maes-na-proxima-quinta-feira-5\/"},"author":{"name":"Luzimara Fernandes","@id":"https:\/\/jornalfatosenoticias.com.br\/#\/schema\/person\/d63837fa13ac8666eb9e74e0985d6f81"},"headline":"Cultura realiza sarau po\u00e9tico em homenagem \u00e0s m\u00e3es na pr\u00f3xima quinta-feira (5)","datePublished":"2022-05-03T14:28:50+00:00","dateModified":"2022-05-03T14:28:51+00:00","mainEntityOfPage":{"@id":"https:\/\/jornalfatosenoticias.com.br\/index.php\/2022\/05\/03\/cultura-realiza-sarau-poetico-em-homenagem-as-maes-na-proxima-quinta-feira-5\/"},"wordCount":342,"commentCount":0,"publisher":{"@id":"https:\/\/jornalfatosenoticias.com.br\/#organization"},"image":{"@id":"https:\/\/jornalfatosenoticias.com.br\/index.php\/2022\/05\/03\/cultura-realiza-sarau-poetico-em-homenagem-as-maes-na-proxima-quinta-feira-5\/#primaryimage"},"thumbnailUrl":"https:\/\/jornalfatosenoticias.com.br\/wp-content\/uploads\/2022\/05\/sarau-poetico-dia-das-maes_CAPA.jpg","keywords":["dia das m\u00e3es","homenagem \u00e0s m\u00e3es","Prefeitura de Vit\u00f3ria","sarau","sarau po\u00e9tico"],"articleSection":["Cultura"],"inLanguage":"pt-BR","potentialAction":[{"@type":"CommentAction","name":"Comment","target":["https:\/\/jornalfatosenoticias.com.br\/index.php\/2022\/05\/03\/cultura-realiza-sarau-poetico-em-homenagem-as-maes-na-proxima-quinta-feira-5\/#respond"]}]},{"@type":"WebPage","@id":"https:\/\/jornalfatosenoticias.com.br\/index.php\/2022\/05\/03\/cultura-realiza-sarau-poetico-em-homenagem-as-maes-na-proxima-quinta-feira-5\/","url":"https:\/\/jornalfatosenoticias.com.br\/index.php\/2022\/05\/03\/cultura-realiza-sarau-poetico-em-homenagem-as-maes-na-proxima-quinta-feira-5\/","name":"Cultura realiza sarau po\u00e9tico em homenagem \u00e0s m\u00e3es na pr\u00f3xima quinta-feira (5) - Jornal Fatos e Not\u00edcias","isPartOf":{"@id":"https:\/\/jornalfatosenoticias.com.br\/#website"},"primaryImageOfPage":{"@id":"https:\/\/jornalfatosenoticias.com.br\/index.php\/2022\/05\/03\/cultura-realiza-sarau-poetico-em-homenagem-as-maes-na-proxima-quinta-feira-5\/#primaryimage"},"image":{"@id":"https:\/\/jornalfatosenoticias.com.br\/index.php\/2022\/05\/03\/cultura-realiza-sarau-poetico-em-homenagem-as-maes-na-proxima-quinta-feira-5\/#primaryimage"},"thumbnailUrl":"https:\/\/jornalfatosenoticias.com.br\/wp-content\/uploads\/2022\/05\/sarau-poetico-dia-das-maes_CAPA.jpg","datePublished":"2022-05-03T14:28:50+00:00","dateModified":"2022-05-03T14:28:51+00:00","breadcrumb":{"@id":"https:\/\/jornalfatosenoticias.com.br\/index.php\/2022\/05\/03\/cultura-realiza-sarau-poetico-em-homenagem-as-maes-na-proxima-quinta-feira-5\/#breadcrumb"},"inLanguage":"pt-BR","potentialAction":[{"@type":"ReadAction","target":["https:\/\/jornalfatosenoticias.com.br\/index.php\/2022\/05\/03\/cultura-realiza-sarau-poetico-em-homenagem-as-maes-na-proxima-quinta-feira-5\/"]}]},{"@type":"ImageObject","inLanguage":"pt-BR","@id":"https:\/\/jornalfatosenoticias.com.br\/index.php\/2022\/05\/03\/cultura-realiza-sarau-poetico-em-homenagem-as-maes-na-proxima-quinta-feira-5\/#primaryimage","url":"https:\/\/jornalfatosenoticias.com.br\/wp-content\/uploads\/2022\/05\/sarau-poetico-dia-das-maes_CAPA.jpg","contentUrl":"https:\/\/jornalfatosenoticias.com.br\/wp-content\/uploads\/2022\/05\/sarau-poetico-dia-das-maes_CAPA.jpg","width":1000,"height":628,"caption":"Sarau Po\u00e9tico acontece na pr\u00f3xima quinta-feira (5)."},{"@type":"BreadcrumbList","@id":"https:\/\/jornalfatosenoticias.com.br\/index.php\/2022\/05\/03\/cultura-realiza-sarau-poetico-em-homenagem-as-maes-na-proxima-quinta-feira-5\/#breadcrumb","itemListElement":[{"@type":"ListItem","position":1,"name":"In\u00edcio","item":"https:\/\/jornalfatosenoticias.com.br\/"},{"@type":"ListItem","position":2,"name":"Cultura realiza sarau po\u00e9tico em homenagem \u00e0s m\u00e3es na pr\u00f3xima quinta-feira (5)"}]},{"@type":"WebSite","@id":"https:\/\/jornalfatosenoticias.com.br\/#website","url":"https:\/\/jornalfatosenoticias.com.br\/","name":"Jornal Fatos e Not\u00edcias","description":"Not\u00edcias em geral","publisher":{"@id":"https:\/\/jornalfatosenoticias.com.br\/#organization"},"potentialAction":[{"@type":"SearchAction","target":{"@type":"EntryPoint","urlTemplate":"https:\/\/jornalfatosenoticias.com.br\/?s={search_term_string}"},"query-input":{"@type":"PropertyValueSpecification","valueRequired":true,"valueName":"search_term_string"}}],"inLanguage":"pt-BR"},{"@type":"Organization","@id":"https:\/\/jornalfatosenoticias.com.br\/#organization","name":"Jornal Fatos e Not\u00edcias","url":"https:\/\/jornalfatosenoticias.com.br\/","logo":{"@type":"ImageObject","inLanguage":"pt-BR","@id":"https:\/\/jornalfatosenoticias.com.br\/#\/schema\/logo\/image\/","url":"https:\/\/jornalfatosenoticias.com.br\/wp-content\/uploads\/2020\/02\/logo120.png","contentUrl":"https:\/\/jornalfatosenoticias.com.br\/wp-content\/uploads\/2020\/02\/logo120.png","width":1227,"height":120,"caption":"Jornal Fatos e Not\u00edcias"},"image":{"@id":"https:\/\/jornalfatosenoticias.com.br\/#\/schema\/logo\/image\/"}},{"@type":"Person","@id":"https:\/\/jornalfatosenoticias.com.br\/#\/schema\/person\/d63837fa13ac8666eb9e74e0985d6f81","name":"Luzimara Fernandes","image":{"@type":"ImageObject","inLanguage":"pt-BR","@id":"https:\/\/jornalfatosenoticias.com.br\/#\/schema\/person\/image\/","url":"https:\/\/jornalfatosenoticias.com.br\/wp-content\/uploads\/2025\/05\/EU_portal.jpg","contentUrl":"https:\/\/jornalfatosenoticias.com.br\/wp-content\/uploads\/2025\/05\/EU_portal.jpg","caption":"Luzimara Fernandes"},"description":"Jornalista MTB 2358-ES","sameAs":["https:\/\/jornalfatosenoticias.com.br"],"url":"https:\/\/jornalfatosenoticias.com.br\/index.php\/author\/luzimara\/"}]}},"cc_featured_image_caption":{"caption_text":"(Foto: Divulga\u00e7\u00e3o)","source_text":"","source_url":""},"jetpack_featured_media_url":"https:\/\/jornalfatosenoticias.com.br\/wp-content\/uploads\/2022\/05\/sarau-poetico-dia-das-maes_CAPA.jpg","_links":{"self":[{"href":"https:\/\/jornalfatosenoticias.com.br\/index.php\/wp-json\/wp\/v2\/posts\/30066","targetHints":{"allow":["GET"]}}],"collection":[{"href":"https:\/\/jornalfatosenoticias.com.br\/index.php\/wp-json\/wp\/v2\/posts"}],"about":[{"href":"https:\/\/jornalfatosenoticias.com.br\/index.php\/wp-json\/wp\/v2\/types\/post"}],"author":[{"embeddable":true,"href":"https:\/\/jornalfatosenoticias.com.br\/index.php\/wp-json\/wp\/v2\/users\/2"}],"replies":[{"embeddable":true,"href":"https:\/\/jornalfatosenoticias.com.br\/index.php\/wp-json\/wp\/v2\/comments?post=30066"}],"version-history":[{"count":0,"href":"https:\/\/jornalfatosenoticias.com.br\/index.php\/wp-json\/wp\/v2\/posts\/30066\/revisions"}],"wp:featuredmedia":[{"embeddable":true,"href":"https:\/\/jornalfatosenoticias.com.br\/index.php\/wp-json\/wp\/v2\/media\/30068"}],"wp:attachment":[{"href":"https:\/\/jornalfatosenoticias.com.br\/index.php\/wp-json\/wp\/v2\/media?parent=30066"}],"wp:term":[{"taxonomy":"category","embeddable":true,"href":"https:\/\/jornalfatosenoticias.com.br\/index.php\/wp-json\/wp\/v2\/categories?post=30066"},{"taxonomy":"post_tag","embeddable":true,"href":"https:\/\/jornalfatosenoticias.com.br\/index.php\/wp-json\/wp\/v2\/tags?post=30066"}],"curies":[{"name":"wp","href":"https:\/\/api.w.org\/{rel}","templated":true}]}}