{"id":30070,"date":"2022-05-04T10:16:02","date_gmt":"2022-05-04T13:16:02","guid":{"rendered":"https:\/\/jornalfatosenoticias.com.br\/?p=30070"},"modified":"2022-05-04T10:16:07","modified_gmt":"2022-05-04T13:16:07","slug":"direita-e-esquerda-na-politica-brasileira","status":"publish","type":"post","link":"https:\/\/jornalfatosenoticias.com.br\/index.php\/2022\/05\/04\/direita-e-esquerda-na-politica-brasileira\/","title":{"rendered":"Direita e Esquerda na pol\u00edtica brasileira"},"content":{"rendered":"\n<p><em><span class=\"has-inline-color has-luminous-vivid-orange-color\"><strong>Coluna\u00a0<\/strong>\u2014 Na Minha Opini\u00e3o<\/span><\/em><\/p>\n\n\n\n<div class=\"wp-block-image\"><figure class=\"aligncenter size-large is-resized\"><img loading=\"lazy\" decoding=\"async\" src=\"https:\/\/jornalfatosenoticias.com.br\/wp-content\/uploads\/2020\/02\/Serra-Grande-1024x160.png\" alt=\"\" class=\"wp-image-7836\" width=\"340\" height=\"53\"\/><\/figure><\/div>\n\n\n\n<p>Durante o regime militar, que vigorou no Brasil a partir de 1964, n\u00e3o se identificava na pol\u00edtica nacional as ideologias de Direita e Esquerda entre os partidos pol\u00edticos. Logo que houve a abertura pol\u00edtica somente os partidos de Esquerda se organizaram, dado ao conhecimento sobre pol\u00edtica desenvolvido pelos simpatizantes ao regime comunista que foram expulsos do Pa\u00eds.<br>Inicialmente, alguns anistiados, que retornaram ao Brasil, e recome\u00e7aram a fazer pol\u00edtica, passaram pelo MDB, que na \u00e9poca representava a oposi\u00e7\u00e3o ao partido do Governo, que era conhecido como ARENA. Outros partidos foram se formando como PSDB, PT e etc. Durante os governos de PSDB e PT, os dois partidos dominaram as discuss\u00f5es pol\u00edticas, estando no segundo turno das elei\u00e7\u00f5es sem dar espa\u00e7o para outros pol\u00edticos ou partidos.<\/p>\n\n\n\n<div class=\"wp-block-image\"><figure class=\"aligncenter size-large is-resized\"><img loading=\"lazy\" decoding=\"async\" src=\"https:\/\/jornalfatosenoticias.com.br\/wp-content\/uploads\/2020\/02\/nova-logo-Marquetti.jpg\" alt=\"\" class=\"wp-image-22331\" width=\"275\" height=\"185\" srcset=\"https:\/\/jornalfatosenoticias.com.br\/wp-content\/uploads\/2020\/02\/nova-logo-Marquetti.jpg 643w, https:\/\/jornalfatosenoticias.com.br\/wp-content\/uploads\/2020\/02\/nova-logo-Marquetti-300x202.jpg 300w\" sizes=\"auto, (max-width: 275px) 100vw, 275px\" \/><\/figure><\/div>\n\n\n\n<blockquote class=\"wp-block-quote is-layout-flow wp-block-quote-is-layout-flow\"><p><span class=\"has-inline-color has-luminous-vivid-orange-color\">O PT sempre quis empurrar o PSDB para a Direita, para se apossar do discurso de defensor dos pobres e da classe trabalhadora. Ao longo dos anos o PT trabalhou para firmar a ideia de que somente partidos de Esquerda t\u00eam pol\u00edticas p\u00fablicas de combate \u00e0 pobreza. O PSDB nunca aceitou ser rotulado de Direita Brasileira, at\u00e9 porque nunca foi.<\/span><\/p><\/blockquote>\n\n\n\n<div class=\"wp-block-image\"><figure class=\"alignright size-large is-resized\"><img loading=\"lazy\" decoding=\"async\" src=\"https:\/\/jornalfatosenoticias.com.br\/wp-content\/uploads\/2022\/02\/Precisao-Contabilidade-1024x724.jpg\" alt=\"\" class=\"wp-image-28088\" width=\"284\" height=\"201\"\/><\/figure><\/div>\n\n\n\n<p>Segundo Wikip\u00e9dia o nome &#8220;PSDB&#8221; (ent\u00e3o &#8220;Partido Socialista Democr\u00e1tico Brasileiro&#8221;) \u00e9, pela primeira vez, sugerido para um novo partido derivado do Movimento de Unidade Progressista (MUP) em outubro de 1987, num encontro suprapartid\u00e1rio que reuniu o MUP, o PSB e outros pol\u00edticos de esquerda e centro-esquerda, incluindo o deputado Paulo Ramos (PMDB-RJ) e Florestan Fernandes, o antigo professor de FHC.<br>Durante o regime militar e nos anos seguintes os militares acabaram por representar a Direita no cen\u00e1rio pol\u00edtico eleitoral, abrindo espa\u00e7o para o crescimento apenas dos partidos de vi\u00e9s socialista, que representaram a oposi\u00e7\u00e3o ao regime militar.<br>Com a elei\u00e7\u00e3o de Jair Bolsonaro a pol\u00edtica brasileira conheceu pol\u00edticos que verdadeiramente representam os valores da Direita, que podem ser chamados de Conservadores. Certo \u00e9 que honestidade nas ideias que defendem s\u00f3 vamos encontrar nos pol\u00edticos que se posicionam nos extremos do espectro pol\u00edtico, seja de Direita, seja de Esquerda.<br>Fora disso, h\u00e1 grande confus\u00e3o na cabe\u00e7a dos eleitores, e at\u00e9 mesmo na opini\u00e3o dos estudiosos da pol\u00edtica. Ainda \u00e9 poss\u00edvel ver jornalistas chamando o PSDB de Direita, assim como PODEMOS, REPUBLICANOS, AVANTE, PROGRESSISTAS, LIBERAIS. Infelizmente, ainda hoje somos obrigados a admitir que somente os partidos de Esquerda mant\u00eam posicionamento firme, sendo facilmente identificados.<\/p>\n\n\n\n<div class=\"wp-block-image\"><figure class=\"alignleft size-large\"><img loading=\"lazy\" decoding=\"async\" width=\"300\" height=\"250\" src=\"https:\/\/jornalfatosenoticias.com.br\/wp-content\/uploads\/2022\/02\/Banner-2.png\" alt=\"\" class=\"wp-image-27877\"\/><\/figure><\/div>\n\n\n\n<p>Essa identifica\u00e7\u00e3o sempre foi poss\u00edvel dado ao apego \u00e0 cor vermelha, \u00e0 defesa das teses socialistas\/comunistas e ao apoio a ditaduras socialistas. Parte desses pol\u00edticos tamb\u00e9m defendem a legaliza\u00e7\u00e3o do aborto, a legaliza\u00e7\u00e3o das drogas, o desprezo pela f\u00e9 crist\u00e3.<br>Durante muito tempo era comum ver manifesta\u00e7\u00f5es ligadas ao PT onde bandeiras brasileiras eram queimadas, enquanto bandeiras do partido ou bandeiras de movimentos sociais como Sem-Terra e Sem-Teto, eram hasteadas.<br>Hoje, dada a inexist\u00eancia de um partido tipicamente de Direita, que se recuse a aceitar em seus quadros pol\u00edticos sem alinhamento ideol\u00f3gico, \u00e9 dif\u00edcil para o cidad\u00e3o brasileiro reconhecer quem s\u00e3o os pol\u00edticos de Direita no Pa\u00eds.<br>Se olhar para os partidos pol\u00edticos ficar\u00e1 ainda mais confuso. Certo \u00e9 que, na minha opini\u00e3o, temos hoje apenas alguns pol\u00edticos de Direita, ao passo que temos um monte de partidos de CENTRO, cujas figuras pol\u00edticas n\u00e3o t\u00eam compromisso ideol\u00f3gico e velejam ao sabor dos ventos, escolhendo o lado que lhes parece mais favor\u00e1vel.<br>Aproveitando da falta de discernimento do eleitor brasileiro, o governador Renato Casagrande vem trabalhando alian\u00e7as com pol\u00edticos desse vi\u00e9s, que alguns desavisados arriscam indic\u00e1-los como Direita, o que constitui erro grave.<br>Est\u00e1 cada vez mais dif\u00edcil entender a pol\u00edtica nacional, principalmente quando vemos que, no \u00e2mbito nacional, o Partido Progressista (PP) \u00e9 aliado do Presidente Jair Bolsonaro, tendo seu l\u00edder CIRO NOGUEIRA ocupando o cargo de Chefe da Casa Civil, principal cadeira do alto escal\u00e3o do governo federal, ao passo que, aqui, no Esp\u00edrito Santo, o Presidente Estadual do PP, Marcos Vicente figurou como secret\u00e1rio estadual at\u00e9 o \u00faltimo instante da desincompatibiliza\u00e7\u00e3o e, agora, anda buscando o cargo de candidato a vice-governador ou senador, com o apoio do governador Renato Casagrande.<\/p>\n\n\n\n<div class=\"wp-block-image\"><figure class=\"aligncenter size-large is-resized\"><img loading=\"lazy\" decoding=\"async\" src=\"https:\/\/jornalfatosenoticias.com.br\/wp-content\/uploads\/2022\/02\/Arte-Autoescola-Galatas_endereco_portal-1024x103.png\" alt=\"\" class=\"wp-image-27869\" width=\"437\" height=\"44\" srcset=\"https:\/\/jornalfatosenoticias.com.br\/wp-content\/uploads\/2022\/02\/Arte-Autoescola-Galatas_endereco_portal-1024x103.png 1024w, https:\/\/jornalfatosenoticias.com.br\/wp-content\/uploads\/2022\/02\/Arte-Autoescola-Galatas_endereco_portal-300x30.png 300w, https:\/\/jornalfatosenoticias.com.br\/wp-content\/uploads\/2022\/02\/Arte-Autoescola-Galatas_endereco_portal-768x77.png 768w, https:\/\/jornalfatosenoticias.com.br\/wp-content\/uploads\/2022\/02\/Arte-Autoescola-Galatas_endereco_portal.png 1223w\" sizes=\"auto, (max-width: 437px) 100vw, 437px\" \/><\/figure><\/div>\n\n\n\n<p>O povo brasileiro precisa aprender que, na pol\u00edtica nacional, existe Direita, Esquerda e outro grupo sem ideologia pol\u00edtico-partid\u00e1ria, que \u00e9 chamado de CENTRO. Precisamos escolher pol\u00edticos comprometidos com a plataforma de governo vencedora, seja ela de Direita, seja ela de Esquerda, afastando aqueles que n\u00e3o t\u00eam lado, mas querem estar sempre do lado que lhes pare\u00e7a mais favor\u00e1vel.<\/p>\n\n\n\n<div class=\"wp-block-image\"><figure class=\"alignleft size-large is-resized\"><img loading=\"lazy\" decoding=\"async\" src=\"https:\/\/jornalfatosenoticias.com.br\/wp-content\/uploads\/2022\/03\/delegado_Marcio2-removebg-preview.png\" alt=\"\" class=\"wp-image-28454\" width=\"254\" height=\"246\" srcset=\"https:\/\/jornalfatosenoticias.com.br\/wp-content\/uploads\/2022\/03\/delegado_Marcio2-removebg-preview.png 507w, https:\/\/jornalfatosenoticias.com.br\/wp-content\/uploads\/2022\/03\/delegado_Marcio2-removebg-preview-300x291.png 300w\" sizes=\"auto, (max-width: 254px) 100vw, 254px\" \/><figcaption><span class=\"has-inline-color has-black-color\"><em>Delegado Federal M\u00e1rcio Greik<\/em><br><\/span><br><\/figcaption><\/figure><\/div>\n","protected":false},"excerpt":{"rendered":"<p>Coluna\u00a0\u2014 Na Minha Opini\u00e3o Durante o regime militar, que vigorou no Brasil a partir de 1964, n\u00e3o se identificava na pol\u00edtica nacional as ideologias de Direita e Esquerda entre os partidos pol\u00edticos. Logo que houve a abertura pol\u00edtica somente os partidos de Esquerda se organizaram, dado ao conhecimento sobre pol\u00edtica desenvolvido pelos simpatizantes ao regime [&hellip;]<\/p>\n","protected":false},"author":2,"featured_media":30071,"comment_status":"open","ping_status":"open","sticky":false,"template":"","format":"standard","meta":{"footnotes":""},"categories":[10],"tags":[14279,14281,3094,14280],"class_list":["post-30070","post","type-post","status-publish","format-standard","has-post-thumbnail","hentry","category-politica","tag-direita-e-esquerda-brasil","tag-movimentos-sociais","tag-partidos-politicos","tag-politica-brasileira"],"yoast_head":"<!-- This site is optimized with the Yoast SEO plugin v26.5 - https:\/\/yoast.com\/wordpress\/plugins\/seo\/ -->\n<title>Direita e Esquerda na pol\u00edtica brasileira - Jornal Fatos e Not\u00edcias<\/title>\n<meta name=\"robots\" content=\"index, follow, max-snippet:-1, max-image-preview:large, max-video-preview:-1\" \/>\n<link rel=\"canonical\" href=\"https:\/\/jornalfatosenoticias.com.br\/index.php\/2022\/05\/04\/direita-e-esquerda-na-politica-brasileira\/\" \/>\n<meta property=\"og:locale\" content=\"pt_BR\" \/>\n<meta property=\"og:type\" content=\"article\" \/>\n<meta property=\"og:title\" content=\"Direita e Esquerda na pol\u00edtica brasileira - Jornal Fatos e Not\u00edcias\" \/>\n<meta property=\"og:description\" content=\"Coluna\u00a0\u2014 Na Minha Opini\u00e3o Durante o regime militar, que vigorou no Brasil a partir de 1964, n\u00e3o se identificava na pol\u00edtica nacional as ideologias de Direita e Esquerda entre os partidos pol\u00edticos. Logo que houve a abertura pol\u00edtica somente os partidos de Esquerda se organizaram, dado ao conhecimento sobre pol\u00edtica desenvolvido pelos simpatizantes ao regime [&hellip;]\" \/>\n<meta property=\"og:url\" content=\"https:\/\/jornalfatosenoticias.com.br\/index.php\/2022\/05\/04\/direita-e-esquerda-na-politica-brasileira\/\" \/>\n<meta property=\"og:site_name\" content=\"Jornal Fatos e Not\u00edcias\" \/>\n<meta property=\"article:published_time\" content=\"2022-05-04T13:16:02+00:00\" \/>\n<meta property=\"article:modified_time\" content=\"2022-05-04T13:16:07+00:00\" \/>\n<meta property=\"og:image\" content=\"https:\/\/jornalfatosenoticias.com.br\/wp-content\/uploads\/2022\/05\/esquerda-x-direita.jpg\" \/>\n\t<meta property=\"og:image:width\" content=\"1000\" \/>\n\t<meta property=\"og:image:height\" content=\"588\" \/>\n\t<meta property=\"og:image:type\" content=\"image\/jpeg\" \/>\n<meta name=\"author\" content=\"Luzimara Fernandes\" \/>\n<meta name=\"twitter:card\" content=\"summary_large_image\" \/>\n<meta name=\"twitter:label1\" content=\"Escrito por\" \/>\n\t<meta name=\"twitter:data1\" content=\"Luzimara Fernandes\" \/>\n\t<meta name=\"twitter:label2\" content=\"Est. tempo de leitura\" \/>\n\t<meta name=\"twitter:data2\" content=\"4 minutos\" \/>\n<script type=\"application\/ld+json\" class=\"yoast-schema-graph\">{\"@context\":\"https:\/\/schema.org\",\"@graph\":[{\"@type\":\"Article\",\"@id\":\"https:\/\/jornalfatosenoticias.com.br\/index.php\/2022\/05\/04\/direita-e-esquerda-na-politica-brasileira\/#article\",\"isPartOf\":{\"@id\":\"https:\/\/jornalfatosenoticias.com.br\/index.php\/2022\/05\/04\/direita-e-esquerda-na-politica-brasileira\/\"},\"author\":{\"name\":\"Luzimara Fernandes\",\"@id\":\"https:\/\/jornalfatosenoticias.com.br\/#\/schema\/person\/d63837fa13ac8666eb9e74e0985d6f81\"},\"headline\":\"Direita e Esquerda na pol\u00edtica brasileira\",\"datePublished\":\"2022-05-04T13:16:02+00:00\",\"dateModified\":\"2022-05-04T13:16:07+00:00\",\"mainEntityOfPage\":{\"@id\":\"https:\/\/jornalfatosenoticias.com.br\/index.php\/2022\/05\/04\/direita-e-esquerda-na-politica-brasileira\/\"},\"wordCount\":813,\"commentCount\":0,\"publisher\":{\"@id\":\"https:\/\/jornalfatosenoticias.com.br\/#organization\"},\"image\":{\"@id\":\"https:\/\/jornalfatosenoticias.com.br\/index.php\/2022\/05\/04\/direita-e-esquerda-na-politica-brasileira\/#primaryimage\"},\"thumbnailUrl\":\"https:\/\/jornalfatosenoticias.com.br\/wp-content\/uploads\/2022\/05\/esquerda-x-direita.jpg\",\"keywords\":[\"direita e esquerda Brasil\",\"movimentos sociais\",\"partidos pol\u00edticos\",\"pol\u00edtica brasileira\"],\"articleSection\":[\"Pol\u00edtica\"],\"inLanguage\":\"pt-BR\",\"potentialAction\":[{\"@type\":\"CommentAction\",\"name\":\"Comment\",\"target\":[\"https:\/\/jornalfatosenoticias.com.br\/index.php\/2022\/05\/04\/direita-e-esquerda-na-politica-brasileira\/#respond\"]}]},{\"@type\":\"WebPage\",\"@id\":\"https:\/\/jornalfatosenoticias.com.br\/index.php\/2022\/05\/04\/direita-e-esquerda-na-politica-brasileira\/\",\"url\":\"https:\/\/jornalfatosenoticias.com.br\/index.php\/2022\/05\/04\/direita-e-esquerda-na-politica-brasileira\/\",\"name\":\"Direita e Esquerda na pol\u00edtica brasileira - Jornal Fatos e Not\u00edcias\",\"isPartOf\":{\"@id\":\"https:\/\/jornalfatosenoticias.com.br\/#website\"},\"primaryImageOfPage\":{\"@id\":\"https:\/\/jornalfatosenoticias.com.br\/index.php\/2022\/05\/04\/direita-e-esquerda-na-politica-brasileira\/#primaryimage\"},\"image\":{\"@id\":\"https:\/\/jornalfatosenoticias.com.br\/index.php\/2022\/05\/04\/direita-e-esquerda-na-politica-brasileira\/#primaryimage\"},\"thumbnailUrl\":\"https:\/\/jornalfatosenoticias.com.br\/wp-content\/uploads\/2022\/05\/esquerda-x-direita.jpg\",\"datePublished\":\"2022-05-04T13:16:02+00:00\",\"dateModified\":\"2022-05-04T13:16:07+00:00\",\"breadcrumb\":{\"@id\":\"https:\/\/jornalfatosenoticias.com.br\/index.php\/2022\/05\/04\/direita-e-esquerda-na-politica-brasileira\/#breadcrumb\"},\"inLanguage\":\"pt-BR\",\"potentialAction\":[{\"@type\":\"ReadAction\",\"target\":[\"https:\/\/jornalfatosenoticias.com.br\/index.php\/2022\/05\/04\/direita-e-esquerda-na-politica-brasileira\/\"]}]},{\"@type\":\"ImageObject\",\"inLanguage\":\"pt-BR\",\"@id\":\"https:\/\/jornalfatosenoticias.com.br\/index.php\/2022\/05\/04\/direita-e-esquerda-na-politica-brasileira\/#primaryimage\",\"url\":\"https:\/\/jornalfatosenoticias.com.br\/wp-content\/uploads\/2022\/05\/esquerda-x-direita.jpg\",\"contentUrl\":\"https:\/\/jornalfatosenoticias.com.br\/wp-content\/uploads\/2022\/05\/esquerda-x-direita.jpg\",\"width\":1000,\"height\":588},{\"@type\":\"BreadcrumbList\",\"@id\":\"https:\/\/jornalfatosenoticias.com.br\/index.php\/2022\/05\/04\/direita-e-esquerda-na-politica-brasileira\/#breadcrumb\",\"itemListElement\":[{\"@type\":\"ListItem\",\"position\":1,\"name\":\"In\u00edcio\",\"item\":\"https:\/\/jornalfatosenoticias.com.br\/\"},{\"@type\":\"ListItem\",\"position\":2,\"name\":\"Direita e Esquerda na pol\u00edtica brasileira\"}]},{\"@type\":\"WebSite\",\"@id\":\"https:\/\/jornalfatosenoticias.com.br\/#website\",\"url\":\"https:\/\/jornalfatosenoticias.com.br\/\",\"name\":\"Jornal Fatos e Not\u00edcias\",\"description\":\"Not\u00edcias em geral\",\"publisher\":{\"@id\":\"https:\/\/jornalfatosenoticias.com.br\/#organization\"},\"potentialAction\":[{\"@type\":\"SearchAction\",\"target\":{\"@type\":\"EntryPoint\",\"urlTemplate\":\"https:\/\/jornalfatosenoticias.com.br\/?s={search_term_string}\"},\"query-input\":{\"@type\":\"PropertyValueSpecification\",\"valueRequired\":true,\"valueName\":\"search_term_string\"}}],\"inLanguage\":\"pt-BR\"},{\"@type\":\"Organization\",\"@id\":\"https:\/\/jornalfatosenoticias.com.br\/#organization\",\"name\":\"Jornal Fatos e Not\u00edcias\",\"url\":\"https:\/\/jornalfatosenoticias.com.br\/\",\"logo\":{\"@type\":\"ImageObject\",\"inLanguage\":\"pt-BR\",\"@id\":\"https:\/\/jornalfatosenoticias.com.br\/#\/schema\/logo\/image\/\",\"url\":\"https:\/\/jornalfatosenoticias.com.br\/wp-content\/uploads\/2020\/02\/logo120.png\",\"contentUrl\":\"https:\/\/jornalfatosenoticias.com.br\/wp-content\/uploads\/2020\/02\/logo120.png\",\"width\":1227,\"height\":120,\"caption\":\"Jornal Fatos e Not\u00edcias\"},\"image\":{\"@id\":\"https:\/\/jornalfatosenoticias.com.br\/#\/schema\/logo\/image\/\"}},{\"@type\":\"Person\",\"@id\":\"https:\/\/jornalfatosenoticias.com.br\/#\/schema\/person\/d63837fa13ac8666eb9e74e0985d6f81\",\"name\":\"Luzimara Fernandes\",\"image\":{\"@type\":\"ImageObject\",\"inLanguage\":\"pt-BR\",\"@id\":\"https:\/\/jornalfatosenoticias.com.br\/#\/schema\/person\/image\/\",\"url\":\"https:\/\/jornalfatosenoticias.com.br\/wp-content\/uploads\/2025\/05\/EU_portal.jpg\",\"contentUrl\":\"https:\/\/jornalfatosenoticias.com.br\/wp-content\/uploads\/2025\/05\/EU_portal.jpg\",\"caption\":\"Luzimara Fernandes\"},\"description\":\"Jornalista MTB 2358-ES\",\"sameAs\":[\"https:\/\/jornalfatosenoticias.com.br\"],\"url\":\"https:\/\/jornalfatosenoticias.com.br\/index.php\/author\/luzimara\/\"}]}<\/script>\n<!-- \/ Yoast SEO plugin. -->","yoast_head_json":{"title":"Direita e Esquerda na pol\u00edtica brasileira - Jornal Fatos e Not\u00edcias","robots":{"index":"index","follow":"follow","max-snippet":"max-snippet:-1","max-image-preview":"max-image-preview:large","max-video-preview":"max-video-preview:-1"},"canonical":"https:\/\/jornalfatosenoticias.com.br\/index.php\/2022\/05\/04\/direita-e-esquerda-na-politica-brasileira\/","og_locale":"pt_BR","og_type":"article","og_title":"Direita e Esquerda na pol\u00edtica brasileira - Jornal Fatos e Not\u00edcias","og_description":"Coluna\u00a0\u2014 Na Minha Opini\u00e3o Durante o regime militar, que vigorou no Brasil a partir de 1964, n\u00e3o se identificava na pol\u00edtica nacional as ideologias de Direita e Esquerda entre os partidos pol\u00edticos. Logo que houve a abertura pol\u00edtica somente os partidos de Esquerda se organizaram, dado ao conhecimento sobre pol\u00edtica desenvolvido pelos simpatizantes ao regime [&hellip;]","og_url":"https:\/\/jornalfatosenoticias.com.br\/index.php\/2022\/05\/04\/direita-e-esquerda-na-politica-brasileira\/","og_site_name":"Jornal Fatos e Not\u00edcias","article_published_time":"2022-05-04T13:16:02+00:00","article_modified_time":"2022-05-04T13:16:07+00:00","og_image":[{"width":1000,"height":588,"url":"https:\/\/jornalfatosenoticias.com.br\/wp-content\/uploads\/2022\/05\/esquerda-x-direita.jpg","type":"image\/jpeg"}],"author":"Luzimara Fernandes","twitter_card":"summary_large_image","twitter_misc":{"Escrito por":"Luzimara Fernandes","Est. tempo de leitura":"4 minutos"},"schema":{"@context":"https:\/\/schema.org","@graph":[{"@type":"Article","@id":"https:\/\/jornalfatosenoticias.com.br\/index.php\/2022\/05\/04\/direita-e-esquerda-na-politica-brasileira\/#article","isPartOf":{"@id":"https:\/\/jornalfatosenoticias.com.br\/index.php\/2022\/05\/04\/direita-e-esquerda-na-politica-brasileira\/"},"author":{"name":"Luzimara Fernandes","@id":"https:\/\/jornalfatosenoticias.com.br\/#\/schema\/person\/d63837fa13ac8666eb9e74e0985d6f81"},"headline":"Direita e Esquerda na pol\u00edtica brasileira","datePublished":"2022-05-04T13:16:02+00:00","dateModified":"2022-05-04T13:16:07+00:00","mainEntityOfPage":{"@id":"https:\/\/jornalfatosenoticias.com.br\/index.php\/2022\/05\/04\/direita-e-esquerda-na-politica-brasileira\/"},"wordCount":813,"commentCount":0,"publisher":{"@id":"https:\/\/jornalfatosenoticias.com.br\/#organization"},"image":{"@id":"https:\/\/jornalfatosenoticias.com.br\/index.php\/2022\/05\/04\/direita-e-esquerda-na-politica-brasileira\/#primaryimage"},"thumbnailUrl":"https:\/\/jornalfatosenoticias.com.br\/wp-content\/uploads\/2022\/05\/esquerda-x-direita.jpg","keywords":["direita e esquerda Brasil","movimentos sociais","partidos pol\u00edticos","pol\u00edtica brasileira"],"articleSection":["Pol\u00edtica"],"inLanguage":"pt-BR","potentialAction":[{"@type":"CommentAction","name":"Comment","target":["https:\/\/jornalfatosenoticias.com.br\/index.php\/2022\/05\/04\/direita-e-esquerda-na-politica-brasileira\/#respond"]}]},{"@type":"WebPage","@id":"https:\/\/jornalfatosenoticias.com.br\/index.php\/2022\/05\/04\/direita-e-esquerda-na-politica-brasileira\/","url":"https:\/\/jornalfatosenoticias.com.br\/index.php\/2022\/05\/04\/direita-e-esquerda-na-politica-brasileira\/","name":"Direita e Esquerda na pol\u00edtica brasileira - Jornal Fatos e Not\u00edcias","isPartOf":{"@id":"https:\/\/jornalfatosenoticias.com.br\/#website"},"primaryImageOfPage":{"@id":"https:\/\/jornalfatosenoticias.com.br\/index.php\/2022\/05\/04\/direita-e-esquerda-na-politica-brasileira\/#primaryimage"},"image":{"@id":"https:\/\/jornalfatosenoticias.com.br\/index.php\/2022\/05\/04\/direita-e-esquerda-na-politica-brasileira\/#primaryimage"},"thumbnailUrl":"https:\/\/jornalfatosenoticias.com.br\/wp-content\/uploads\/2022\/05\/esquerda-x-direita.jpg","datePublished":"2022-05-04T13:16:02+00:00","dateModified":"2022-05-04T13:16:07+00:00","breadcrumb":{"@id":"https:\/\/jornalfatosenoticias.com.br\/index.php\/2022\/05\/04\/direita-e-esquerda-na-politica-brasileira\/#breadcrumb"},"inLanguage":"pt-BR","potentialAction":[{"@type":"ReadAction","target":["https:\/\/jornalfatosenoticias.com.br\/index.php\/2022\/05\/04\/direita-e-esquerda-na-politica-brasileira\/"]}]},{"@type":"ImageObject","inLanguage":"pt-BR","@id":"https:\/\/jornalfatosenoticias.com.br\/index.php\/2022\/05\/04\/direita-e-esquerda-na-politica-brasileira\/#primaryimage","url":"https:\/\/jornalfatosenoticias.com.br\/wp-content\/uploads\/2022\/05\/esquerda-x-direita.jpg","contentUrl":"https:\/\/jornalfatosenoticias.com.br\/wp-content\/uploads\/2022\/05\/esquerda-x-direita.jpg","width":1000,"height":588},{"@type":"BreadcrumbList","@id":"https:\/\/jornalfatosenoticias.com.br\/index.php\/2022\/05\/04\/direita-e-esquerda-na-politica-brasileira\/#breadcrumb","itemListElement":[{"@type":"ListItem","position":1,"name":"In\u00edcio","item":"https:\/\/jornalfatosenoticias.com.br\/"},{"@type":"ListItem","position":2,"name":"Direita e Esquerda na pol\u00edtica brasileira"}]},{"@type":"WebSite","@id":"https:\/\/jornalfatosenoticias.com.br\/#website","url":"https:\/\/jornalfatosenoticias.com.br\/","name":"Jornal Fatos e Not\u00edcias","description":"Not\u00edcias em geral","publisher":{"@id":"https:\/\/jornalfatosenoticias.com.br\/#organization"},"potentialAction":[{"@type":"SearchAction","target":{"@type":"EntryPoint","urlTemplate":"https:\/\/jornalfatosenoticias.com.br\/?s={search_term_string}"},"query-input":{"@type":"PropertyValueSpecification","valueRequired":true,"valueName":"search_term_string"}}],"inLanguage":"pt-BR"},{"@type":"Organization","@id":"https:\/\/jornalfatosenoticias.com.br\/#organization","name":"Jornal Fatos e Not\u00edcias","url":"https:\/\/jornalfatosenoticias.com.br\/","logo":{"@type":"ImageObject","inLanguage":"pt-BR","@id":"https:\/\/jornalfatosenoticias.com.br\/#\/schema\/logo\/image\/","url":"https:\/\/jornalfatosenoticias.com.br\/wp-content\/uploads\/2020\/02\/logo120.png","contentUrl":"https:\/\/jornalfatosenoticias.com.br\/wp-content\/uploads\/2020\/02\/logo120.png","width":1227,"height":120,"caption":"Jornal Fatos e Not\u00edcias"},"image":{"@id":"https:\/\/jornalfatosenoticias.com.br\/#\/schema\/logo\/image\/"}},{"@type":"Person","@id":"https:\/\/jornalfatosenoticias.com.br\/#\/schema\/person\/d63837fa13ac8666eb9e74e0985d6f81","name":"Luzimara Fernandes","image":{"@type":"ImageObject","inLanguage":"pt-BR","@id":"https:\/\/jornalfatosenoticias.com.br\/#\/schema\/person\/image\/","url":"https:\/\/jornalfatosenoticias.com.br\/wp-content\/uploads\/2025\/05\/EU_portal.jpg","contentUrl":"https:\/\/jornalfatosenoticias.com.br\/wp-content\/uploads\/2025\/05\/EU_portal.jpg","caption":"Luzimara Fernandes"},"description":"Jornalista MTB 2358-ES","sameAs":["https:\/\/jornalfatosenoticias.com.br"],"url":"https:\/\/jornalfatosenoticias.com.br\/index.php\/author\/luzimara\/"}]}},"cc_featured_image_caption":{"caption_text":"(Foto: Reprodu\u00e7\u00e3o) ","source_text":"","source_url":""},"jetpack_featured_media_url":"https:\/\/jornalfatosenoticias.com.br\/wp-content\/uploads\/2022\/05\/esquerda-x-direita.jpg","_links":{"self":[{"href":"https:\/\/jornalfatosenoticias.com.br\/index.php\/wp-json\/wp\/v2\/posts\/30070","targetHints":{"allow":["GET"]}}],"collection":[{"href":"https:\/\/jornalfatosenoticias.com.br\/index.php\/wp-json\/wp\/v2\/posts"}],"about":[{"href":"https:\/\/jornalfatosenoticias.com.br\/index.php\/wp-json\/wp\/v2\/types\/post"}],"author":[{"embeddable":true,"href":"https:\/\/jornalfatosenoticias.com.br\/index.php\/wp-json\/wp\/v2\/users\/2"}],"replies":[{"embeddable":true,"href":"https:\/\/jornalfatosenoticias.com.br\/index.php\/wp-json\/wp\/v2\/comments?post=30070"}],"version-history":[{"count":0,"href":"https:\/\/jornalfatosenoticias.com.br\/index.php\/wp-json\/wp\/v2\/posts\/30070\/revisions"}],"wp:featuredmedia":[{"embeddable":true,"href":"https:\/\/jornalfatosenoticias.com.br\/index.php\/wp-json\/wp\/v2\/media\/30071"}],"wp:attachment":[{"href":"https:\/\/jornalfatosenoticias.com.br\/index.php\/wp-json\/wp\/v2\/media?parent=30070"}],"wp:term":[{"taxonomy":"category","embeddable":true,"href":"https:\/\/jornalfatosenoticias.com.br\/index.php\/wp-json\/wp\/v2\/categories?post=30070"},{"taxonomy":"post_tag","embeddable":true,"href":"https:\/\/jornalfatosenoticias.com.br\/index.php\/wp-json\/wp\/v2\/tags?post=30070"}],"curies":[{"name":"wp","href":"https:\/\/api.w.org\/{rel}","templated":true}]}}