{"id":30085,"date":"2022-05-04T11:58:44","date_gmt":"2022-05-04T14:58:44","guid":{"rendered":"https:\/\/jornalfatosenoticias.com.br\/?p=30085"},"modified":"2022-05-04T11:58:47","modified_gmt":"2022-05-04T14:58:47","slug":"crise-climatica-pode-causar-pior-extincao-em-massa-nos-oceanos-desde-o-fim-dos-dinossauros","status":"publish","type":"post","link":"https:\/\/jornalfatosenoticias.com.br\/index.php\/2022\/05\/04\/crise-climatica-pode-causar-pior-extincao-em-massa-nos-oceanos-desde-o-fim-dos-dinossauros\/","title":{"rendered":"Crise clim\u00e1tica pode causar pior extin\u00e7\u00e3o em massa nos oceanos desde o fim dos dinossauros"},"content":{"rendered":"\n<div class=\"wp-block-image\"><figure class=\"aligncenter size-large is-resized\"><img loading=\"lazy\" decoding=\"async\" src=\"https:\/\/jornalfatosenoticias.com.br\/wp-content\/uploads\/2020\/02\/Serra-Grande-1024x160.png\" alt=\"\" class=\"wp-image-7836\" width=\"417\" height=\"65\"\/><\/figure><\/div>\n\n\n\n<p>A vida nos oceanos enfrenta o maior risco desde que um <a href=\"https:\/\/olhardigital.com.br\/2022\/04\/27\/ciencia-e-espaco\/asteroide-de-quase-800-metros-de-diametro-passara-ao-lado-da-terra-em-28-4\/amp\/\" target=\"_blank\" rel=\"noreferrer noopener\">asteroide<\/a>\u00a0atingiu a Terra h\u00e1 cerca de 66 milh\u00f5es de anos e provocou a extin\u00e7\u00e3o dos\u00a0<a href=\"https:\/\/olhardigital.com.br\/2022\/02\/22\/ciencia-e-espaco\/nova-especie-de-dinossauro-e-descoberta-em-portugal\/amp\/\" target=\"_blank\" rel=\"noreferrer noopener\">dinossauros<\/a>, segundo estudo publicado na \u00faltima quinta-feira (28)\u00a0<a href=\"https:\/\/www.science.org\/doi\/10.1126\/science.abe9039?adobe_mc=MCMID%3D07769953379972055190746608207560519302%7CMCORGID%3D242B6472541199F70A4C98A6%2540AdobeOrg%7CTS%3D1651278762&amp;_ga=2.18665405.504344648.1651278172-316687167.1651278172\" target=\"_blank\" rel=\"noreferrer noopener\">pela revista Science<\/a>.<br>O artigo, feito pelos pesquisadores Justin L. Penn e Curtis Deutsch, ambos das universidades Princeton e Washington (EUA), afirmam que, se os n\u00edveis atuais de emiss\u00f5es de carbono n\u00e3o forem controlados, as zonas tropicais sofrer\u00e3o perda de biodiversidade e as polares passar\u00e3o por uma extin\u00e7\u00e3o em massa. Isso se dar\u00e1 \u00e0 medida que a vida nos oceanos fica sem oxig\u00eanio e nutrientes, sendo restrita a uma \u00e1gua muito quente.<\/p>\n\n\n\n<div class=\"wp-block-image\"><figure class=\"aligncenter size-large is-resized\"><img loading=\"lazy\" decoding=\"async\" src=\"https:\/\/jornalfatosenoticias.com.br\/wp-content\/uploads\/2022\/02\/Precisao-Contabilidade-1024x724.jpg\" alt=\"\" class=\"wp-image-28088\" width=\"280\" height=\"198\"\/><\/figure><\/div>\n\n\n\n<blockquote class=\"wp-block-quote is-layout-flow wp-block-quote-is-layout-flow\"><p><span class=\"has-inline-color has-luminous-vivid-orange-color\">\u201c\u00c0 medida que as emiss\u00f5es de <a href=\"https:\/\/olhardigital.com.br\/2022\/03\/25\/ciencia-e-espaco\/estudo-diz-que-nova-geracao-de-idosos-emite-mais-gases-de-efeito-estufa\/amp\/\" target=\"_blank\" rel=\"noreferrer noopener\">gases estufa<\/a> continuam a aquecer os oceanos do mundo, a biodiversidade marinha pode despencar nos pr\u00f3ximos s\u00e9culos para n\u00edveis n\u00e3o vistos desde a extin\u00e7\u00e3o dos dinossauros\u201d, afirma a dupla de cientistas, em comunicado \u00e0 imprensa.<\/span><\/p><\/blockquote>\n\n\n\n<div class=\"wp-block-image\"><figure class=\"alignleft size-large\"><img decoding=\"async\" src=\"https:\/\/jornalfatosenoticias.com.br\/wp-content\/uploads\/2020\/02\/logo_esteio.jpg\" alt=\"\" class=\"wp-image-1214\"\/><\/figure><\/div>\n\n\n\n<p>Para sedimentar a an\u00e1lise, os pesquisadores estudaram per\u00edodos de grandes extin\u00e7\u00f5es da hist\u00f3ria terrestre como a \u201cGreat Dying\u201d (a grande morte, em portugu\u00eas), ocorrida h\u00e1 252 milh\u00f5es de anos. Neste evento, tamb\u00e9m conhecido como a extin\u00e7\u00e3o do Permiano-Tri\u00e1ssico, 95% das esp\u00e9cies marinhas e 70% das esp\u00e9cies terrestres desapareceram.<br>Se as emiss\u00f5es n\u00e3o cessarem, \u00e9 poss\u00edvel, na an\u00e1lise dos cientistas, que a Terra alcance n\u00edveis parecidos at\u00e9 2300. Isso porque, \u00e0 medida que as temperaturas aumentam, a riqueza das esp\u00e9cies ir\u00e1 diminuir pr\u00f3xima dos tr\u00f3picos, com alguns animais migrando para latitudes mais altas. As <a href=\"https:\/\/olhardigital.com.br\/2020\/07\/21\/noticias\/ursos-polares-podem-ser-extintos-ate-o-fim-do-seculo-diz-estudo\/amp\/\" target=\"_blank\" rel=\"noreferrer noopener\">esp\u00e9cies polares<\/a>\u00a0s\u00e3o as que mais est\u00e3o em risco diante de um \u201cnicho clim\u00e1tico em extin\u00e7\u00e3o\u201d, explica a pesquisa.<\/p>\n\n\n\n<div class=\"wp-block-image\"><figure class=\"aligncenter size-large is-resized\"><img loading=\"lazy\" decoding=\"async\" src=\"https:\/\/jornalfatosenoticias.com.br\/wp-content\/uploads\/2022\/02\/Arte-Autoescola-Galatas_endereco_portal-1024x103.png\" alt=\"\" class=\"wp-image-27869\" width=\"398\" height=\"40\" srcset=\"https:\/\/jornalfatosenoticias.com.br\/wp-content\/uploads\/2022\/02\/Arte-Autoescola-Galatas_endereco_portal-1024x103.png 1024w, https:\/\/jornalfatosenoticias.com.br\/wp-content\/uploads\/2022\/02\/Arte-Autoescola-Galatas_endereco_portal-300x30.png 300w, https:\/\/jornalfatosenoticias.com.br\/wp-content\/uploads\/2022\/02\/Arte-Autoescola-Galatas_endereco_portal-768x77.png 768w, https:\/\/jornalfatosenoticias.com.br\/wp-content\/uploads\/2022\/02\/Arte-Autoescola-Galatas_endereco_portal.png 1223w\" sizes=\"auto, (max-width: 398px) 100vw, 398px\" \/><\/figure><\/div>\n\n\n\n<p><strong><span class=\"has-inline-color has-vivid-green-cyan-color\">Ainda h\u00e1, por\u00e9m, tempo para mudan\u00e7as<br><\/span><\/strong>Por outro lado, h\u00e1 not\u00edcias levemente boas: segundo os pesquisadores, ainda h\u00e1 tempo para evitar os piores cen\u00e1rios de extin\u00e7\u00e3o. <\/p>\n\n\n\n<blockquote class=\"wp-block-quote is-layout-flow wp-block-quote-is-layout-flow\"><p><span class=\"has-inline-color has-luminous-vivid-orange-color\">\u201cO lado bom \u00e9 que o futuro n\u00e3o est\u00e1 escrito em pedra\u201d, diz Penn. \u201cAinda h\u00e1 tempo suficiente para mudar a trajet\u00f3ria das emiss\u00f5es de CO\u2082 e evitar a magnitude do aquecimento [dos oceanos] que causaria essa extin\u00e7\u00e3o em massa\u201d.<\/span><\/p><\/blockquote>\n\n\n\n<div class=\"wp-block-image\"><figure class=\"alignright size-large is-resized\"><img loading=\"lazy\" decoding=\"async\" src=\"https:\/\/jornalfatosenoticias.com.br\/wp-content\/uploads\/2020\/02\/nova-logo-Marquetti.jpg\" alt=\"\" class=\"wp-image-22331\" width=\"299\" height=\"201\" srcset=\"https:\/\/jornalfatosenoticias.com.br\/wp-content\/uploads\/2020\/02\/nova-logo-Marquetti.jpg 643w, https:\/\/jornalfatosenoticias.com.br\/wp-content\/uploads\/2020\/02\/nova-logo-Marquetti-300x202.jpg 300w\" sizes=\"auto, (max-width: 299px) 100vw, 299px\" \/><\/figure><\/div>\n\n\n\n<p>Trabalhos anteriores da equipe por tr\u00e1s da pesquisa revelaram que o aquecimento global descontrolado e a perda de oxig\u00eanio nos oceanos teriam sido a causa da extin\u00e7\u00e3o do Permiano-Tri\u00e1ssico. Os resultados do modelo foram combinados com padr\u00f5es obtidos por paleont\u00f3logos nos registros f\u00f3sseis do per\u00edodo, dando-lhe credibilidade.<br>Anteriormente, cientistas sabiam, a partir de dentes fossilizados de antigos animais, que as temperaturas da superf\u00edcie na Grande Morte subiram cerca de 10\u00baC nos tr\u00f3picos, levando muitos animais marinhos \u00e0 extin\u00e7\u00e3o. Eles acreditam que erup\u00e7\u00f5es vulc\u00e2nicas desencadearam as mudan\u00e7as clim\u00e1ticas nesta \u00e9poca.<\/p>\n\n\n\n<p><strong><em>Fonte: <a href=\"https:\/\/olhardigital.com.br\/2022\/05\/01\/ciencia-e-espaco\/crise-climatica-pode-causar-pior-extincao-em-massa-nos-oceanos-desde-o-fim-dos-dinossauros\/amp\/\">Olhar Digital<\/a><\/em><\/strong><\/p>\n","protected":false},"excerpt":{"rendered":"<p>A vida nos oceanos enfrenta o maior risco desde que um asteroide\u00a0atingiu a Terra h\u00e1 cerca de 66 milh\u00f5es de anos e provocou a extin\u00e7\u00e3o dos\u00a0dinossauros, segundo estudo publicado na \u00faltima quinta-feira (28)\u00a0pela revista Science.O artigo, feito pelos pesquisadores Justin L. Penn e Curtis Deutsch, ambos das universidades Princeton e Washington (EUA), afirmam que, se [&hellip;]<\/p>\n","protected":false},"author":2,"featured_media":30086,"comment_status":"open","ping_status":"open","sticky":false,"template":"","format":"standard","meta":{"footnotes":""},"categories":[8],"tags":[362,219,4589,2042],"class_list":["post-30085","post","type-post","status-publish","format-standard","has-post-thumbnail","hentry","category-meio-ambiente","tag-aquecimento-global","tag-extincao","tag-extincao-em-massa","tag-oceanos"],"yoast_head":"<!-- This site is optimized with the Yoast SEO plugin v26.5 - https:\/\/yoast.com\/wordpress\/plugins\/seo\/ -->\n<title>Crise clim\u00e1tica pode causar pior extin\u00e7\u00e3o em massa nos oceanos desde o fim dos dinossauros - Jornal Fatos e Not\u00edcias<\/title>\n<meta name=\"robots\" content=\"index, follow, max-snippet:-1, max-image-preview:large, max-video-preview:-1\" \/>\n<link rel=\"canonical\" href=\"https:\/\/jornalfatosenoticias.com.br\/index.php\/2022\/05\/04\/crise-climatica-pode-causar-pior-extincao-em-massa-nos-oceanos-desde-o-fim-dos-dinossauros\/\" \/>\n<meta property=\"og:locale\" content=\"pt_BR\" \/>\n<meta property=\"og:type\" content=\"article\" \/>\n<meta property=\"og:title\" content=\"Crise clim\u00e1tica pode causar pior extin\u00e7\u00e3o em massa nos oceanos desde o fim dos dinossauros - Jornal Fatos e Not\u00edcias\" \/>\n<meta property=\"og:description\" content=\"A vida nos oceanos enfrenta o maior risco desde que um asteroide\u00a0atingiu a Terra h\u00e1 cerca de 66 milh\u00f5es de anos e provocou a extin\u00e7\u00e3o dos\u00a0dinossauros, segundo estudo publicado na \u00faltima quinta-feira (28)\u00a0pela revista Science.O artigo, feito pelos pesquisadores Justin L. Penn e Curtis Deutsch, ambos das universidades Princeton e Washington (EUA), afirmam que, se [&hellip;]\" \/>\n<meta property=\"og:url\" content=\"https:\/\/jornalfatosenoticias.com.br\/index.php\/2022\/05\/04\/crise-climatica-pode-causar-pior-extincao-em-massa-nos-oceanos-desde-o-fim-dos-dinossauros\/\" \/>\n<meta property=\"og:site_name\" content=\"Jornal Fatos e Not\u00edcias\" \/>\n<meta property=\"article:published_time\" content=\"2022-05-04T14:58:44+00:00\" \/>\n<meta property=\"article:modified_time\" content=\"2022-05-04T14:58:47+00:00\" \/>\n<meta property=\"og:image\" content=\"https:\/\/jornalfatosenoticias.com.br\/wp-content\/uploads\/2022\/05\/CRISE-CLIMATICA.jpg\" \/>\n\t<meta property=\"og:image:width\" content=\"1000\" \/>\n\t<meta property=\"og:image:height\" content=\"668\" \/>\n\t<meta property=\"og:image:type\" content=\"image\/jpeg\" \/>\n<meta name=\"author\" content=\"Luzimara Fernandes\" \/>\n<meta name=\"twitter:card\" content=\"summary_large_image\" \/>\n<meta name=\"twitter:label1\" content=\"Escrito por\" \/>\n\t<meta name=\"twitter:data1\" content=\"Luzimara Fernandes\" \/>\n\t<meta name=\"twitter:label2\" content=\"Est. tempo de leitura\" \/>\n\t<meta name=\"twitter:data2\" content=\"2 minutos\" \/>\n<script type=\"application\/ld+json\" class=\"yoast-schema-graph\">{\"@context\":\"https:\/\/schema.org\",\"@graph\":[{\"@type\":\"Article\",\"@id\":\"https:\/\/jornalfatosenoticias.com.br\/index.php\/2022\/05\/04\/crise-climatica-pode-causar-pior-extincao-em-massa-nos-oceanos-desde-o-fim-dos-dinossauros\/#article\",\"isPartOf\":{\"@id\":\"https:\/\/jornalfatosenoticias.com.br\/index.php\/2022\/05\/04\/crise-climatica-pode-causar-pior-extincao-em-massa-nos-oceanos-desde-o-fim-dos-dinossauros\/\"},\"author\":{\"name\":\"Luzimara Fernandes\",\"@id\":\"https:\/\/jornalfatosenoticias.com.br\/#\/schema\/person\/d63837fa13ac8666eb9e74e0985d6f81\"},\"headline\":\"Crise clim\u00e1tica pode causar pior extin\u00e7\u00e3o em massa nos oceanos desde o fim dos dinossauros\",\"datePublished\":\"2022-05-04T14:58:44+00:00\",\"dateModified\":\"2022-05-04T14:58:47+00:00\",\"mainEntityOfPage\":{\"@id\":\"https:\/\/jornalfatosenoticias.com.br\/index.php\/2022\/05\/04\/crise-climatica-pode-causar-pior-extincao-em-massa-nos-oceanos-desde-o-fim-dos-dinossauros\/\"},\"wordCount\":485,\"commentCount\":0,\"publisher\":{\"@id\":\"https:\/\/jornalfatosenoticias.com.br\/#organization\"},\"image\":{\"@id\":\"https:\/\/jornalfatosenoticias.com.br\/index.php\/2022\/05\/04\/crise-climatica-pode-causar-pior-extincao-em-massa-nos-oceanos-desde-o-fim-dos-dinossauros\/#primaryimage\"},\"thumbnailUrl\":\"https:\/\/jornalfatosenoticias.com.br\/wp-content\/uploads\/2022\/05\/CRISE-CLIMATICA.jpg\",\"keywords\":[\"aquecimento global\",\"extin\u00e7\u00e3o\",\"extin\u00e7\u00e3o em massa\",\"oceanos\"],\"articleSection\":[\"Meio ambiente\"],\"inLanguage\":\"pt-BR\",\"potentialAction\":[{\"@type\":\"CommentAction\",\"name\":\"Comment\",\"target\":[\"https:\/\/jornalfatosenoticias.com.br\/index.php\/2022\/05\/04\/crise-climatica-pode-causar-pior-extincao-em-massa-nos-oceanos-desde-o-fim-dos-dinossauros\/#respond\"]}]},{\"@type\":\"WebPage\",\"@id\":\"https:\/\/jornalfatosenoticias.com.br\/index.php\/2022\/05\/04\/crise-climatica-pode-causar-pior-extincao-em-massa-nos-oceanos-desde-o-fim-dos-dinossauros\/\",\"url\":\"https:\/\/jornalfatosenoticias.com.br\/index.php\/2022\/05\/04\/crise-climatica-pode-causar-pior-extincao-em-massa-nos-oceanos-desde-o-fim-dos-dinossauros\/\",\"name\":\"Crise clim\u00e1tica pode causar pior extin\u00e7\u00e3o em massa nos oceanos desde o fim dos dinossauros - Jornal Fatos e Not\u00edcias\",\"isPartOf\":{\"@id\":\"https:\/\/jornalfatosenoticias.com.br\/#website\"},\"primaryImageOfPage\":{\"@id\":\"https:\/\/jornalfatosenoticias.com.br\/index.php\/2022\/05\/04\/crise-climatica-pode-causar-pior-extincao-em-massa-nos-oceanos-desde-o-fim-dos-dinossauros\/#primaryimage\"},\"image\":{\"@id\":\"https:\/\/jornalfatosenoticias.com.br\/index.php\/2022\/05\/04\/crise-climatica-pode-causar-pior-extincao-em-massa-nos-oceanos-desde-o-fim-dos-dinossauros\/#primaryimage\"},\"thumbnailUrl\":\"https:\/\/jornalfatosenoticias.com.br\/wp-content\/uploads\/2022\/05\/CRISE-CLIMATICA.jpg\",\"datePublished\":\"2022-05-04T14:58:44+00:00\",\"dateModified\":\"2022-05-04T14:58:47+00:00\",\"breadcrumb\":{\"@id\":\"https:\/\/jornalfatosenoticias.com.br\/index.php\/2022\/05\/04\/crise-climatica-pode-causar-pior-extincao-em-massa-nos-oceanos-desde-o-fim-dos-dinossauros\/#breadcrumb\"},\"inLanguage\":\"pt-BR\",\"potentialAction\":[{\"@type\":\"ReadAction\",\"target\":[\"https:\/\/jornalfatosenoticias.com.br\/index.php\/2022\/05\/04\/crise-climatica-pode-causar-pior-extincao-em-massa-nos-oceanos-desde-o-fim-dos-dinossauros\/\"]}]},{\"@type\":\"ImageObject\",\"inLanguage\":\"pt-BR\",\"@id\":\"https:\/\/jornalfatosenoticias.com.br\/index.php\/2022\/05\/04\/crise-climatica-pode-causar-pior-extincao-em-massa-nos-oceanos-desde-o-fim-dos-dinossauros\/#primaryimage\",\"url\":\"https:\/\/jornalfatosenoticias.com.br\/wp-content\/uploads\/2022\/05\/CRISE-CLIMATICA.jpg\",\"contentUrl\":\"https:\/\/jornalfatosenoticias.com.br\/wp-content\/uploads\/2022\/05\/CRISE-CLIMATICA.jpg\",\"width\":1000,\"height\":668},{\"@type\":\"BreadcrumbList\",\"@id\":\"https:\/\/jornalfatosenoticias.com.br\/index.php\/2022\/05\/04\/crise-climatica-pode-causar-pior-extincao-em-massa-nos-oceanos-desde-o-fim-dos-dinossauros\/#breadcrumb\",\"itemListElement\":[{\"@type\":\"ListItem\",\"position\":1,\"name\":\"In\u00edcio\",\"item\":\"https:\/\/jornalfatosenoticias.com.br\/\"},{\"@type\":\"ListItem\",\"position\":2,\"name\":\"Crise clim\u00e1tica pode causar pior extin\u00e7\u00e3o em massa nos oceanos desde o fim dos dinossauros\"}]},{\"@type\":\"WebSite\",\"@id\":\"https:\/\/jornalfatosenoticias.com.br\/#website\",\"url\":\"https:\/\/jornalfatosenoticias.com.br\/\",\"name\":\"Jornal Fatos e Not\u00edcias\",\"description\":\"Not\u00edcias em geral\",\"publisher\":{\"@id\":\"https:\/\/jornalfatosenoticias.com.br\/#organization\"},\"potentialAction\":[{\"@type\":\"SearchAction\",\"target\":{\"@type\":\"EntryPoint\",\"urlTemplate\":\"https:\/\/jornalfatosenoticias.com.br\/?s={search_term_string}\"},\"query-input\":{\"@type\":\"PropertyValueSpecification\",\"valueRequired\":true,\"valueName\":\"search_term_string\"}}],\"inLanguage\":\"pt-BR\"},{\"@type\":\"Organization\",\"@id\":\"https:\/\/jornalfatosenoticias.com.br\/#organization\",\"name\":\"Jornal Fatos e Not\u00edcias\",\"url\":\"https:\/\/jornalfatosenoticias.com.br\/\",\"logo\":{\"@type\":\"ImageObject\",\"inLanguage\":\"pt-BR\",\"@id\":\"https:\/\/jornalfatosenoticias.com.br\/#\/schema\/logo\/image\/\",\"url\":\"https:\/\/jornalfatosenoticias.com.br\/wp-content\/uploads\/2020\/02\/logo120.png\",\"contentUrl\":\"https:\/\/jornalfatosenoticias.com.br\/wp-content\/uploads\/2020\/02\/logo120.png\",\"width\":1227,\"height\":120,\"caption\":\"Jornal Fatos e Not\u00edcias\"},\"image\":{\"@id\":\"https:\/\/jornalfatosenoticias.com.br\/#\/schema\/logo\/image\/\"}},{\"@type\":\"Person\",\"@id\":\"https:\/\/jornalfatosenoticias.com.br\/#\/schema\/person\/d63837fa13ac8666eb9e74e0985d6f81\",\"name\":\"Luzimara Fernandes\",\"image\":{\"@type\":\"ImageObject\",\"inLanguage\":\"pt-BR\",\"@id\":\"https:\/\/jornalfatosenoticias.com.br\/#\/schema\/person\/image\/\",\"url\":\"https:\/\/jornalfatosenoticias.com.br\/wp-content\/uploads\/2025\/05\/EU_portal.jpg\",\"contentUrl\":\"https:\/\/jornalfatosenoticias.com.br\/wp-content\/uploads\/2025\/05\/EU_portal.jpg\",\"caption\":\"Luzimara Fernandes\"},\"description\":\"Jornalista MTB 2358-ES\",\"sameAs\":[\"https:\/\/jornalfatosenoticias.com.br\"],\"url\":\"https:\/\/jornalfatosenoticias.com.br\/index.php\/author\/luzimara\/\"}]}<\/script>\n<!-- \/ Yoast SEO plugin. -->","yoast_head_json":{"title":"Crise clim\u00e1tica pode causar pior extin\u00e7\u00e3o em massa nos oceanos desde o fim dos dinossauros - Jornal Fatos e Not\u00edcias","robots":{"index":"index","follow":"follow","max-snippet":"max-snippet:-1","max-image-preview":"max-image-preview:large","max-video-preview":"max-video-preview:-1"},"canonical":"https:\/\/jornalfatosenoticias.com.br\/index.php\/2022\/05\/04\/crise-climatica-pode-causar-pior-extincao-em-massa-nos-oceanos-desde-o-fim-dos-dinossauros\/","og_locale":"pt_BR","og_type":"article","og_title":"Crise clim\u00e1tica pode causar pior extin\u00e7\u00e3o em massa nos oceanos desde o fim dos dinossauros - Jornal Fatos e Not\u00edcias","og_description":"A vida nos oceanos enfrenta o maior risco desde que um asteroide\u00a0atingiu a Terra h\u00e1 cerca de 66 milh\u00f5es de anos e provocou a extin\u00e7\u00e3o dos\u00a0dinossauros, segundo estudo publicado na \u00faltima quinta-feira (28)\u00a0pela revista Science.O artigo, feito pelos pesquisadores Justin L. Penn e Curtis Deutsch, ambos das universidades Princeton e Washington (EUA), afirmam que, se [&hellip;]","og_url":"https:\/\/jornalfatosenoticias.com.br\/index.php\/2022\/05\/04\/crise-climatica-pode-causar-pior-extincao-em-massa-nos-oceanos-desde-o-fim-dos-dinossauros\/","og_site_name":"Jornal Fatos e Not\u00edcias","article_published_time":"2022-05-04T14:58:44+00:00","article_modified_time":"2022-05-04T14:58:47+00:00","og_image":[{"width":1000,"height":668,"url":"https:\/\/jornalfatosenoticias.com.br\/wp-content\/uploads\/2022\/05\/CRISE-CLIMATICA.jpg","type":"image\/jpeg"}],"author":"Luzimara Fernandes","twitter_card":"summary_large_image","twitter_misc":{"Escrito por":"Luzimara Fernandes","Est. tempo de leitura":"2 minutos"},"schema":{"@context":"https:\/\/schema.org","@graph":[{"@type":"Article","@id":"https:\/\/jornalfatosenoticias.com.br\/index.php\/2022\/05\/04\/crise-climatica-pode-causar-pior-extincao-em-massa-nos-oceanos-desde-o-fim-dos-dinossauros\/#article","isPartOf":{"@id":"https:\/\/jornalfatosenoticias.com.br\/index.php\/2022\/05\/04\/crise-climatica-pode-causar-pior-extincao-em-massa-nos-oceanos-desde-o-fim-dos-dinossauros\/"},"author":{"name":"Luzimara Fernandes","@id":"https:\/\/jornalfatosenoticias.com.br\/#\/schema\/person\/d63837fa13ac8666eb9e74e0985d6f81"},"headline":"Crise clim\u00e1tica pode causar pior extin\u00e7\u00e3o em massa nos oceanos desde o fim dos dinossauros","datePublished":"2022-05-04T14:58:44+00:00","dateModified":"2022-05-04T14:58:47+00:00","mainEntityOfPage":{"@id":"https:\/\/jornalfatosenoticias.com.br\/index.php\/2022\/05\/04\/crise-climatica-pode-causar-pior-extincao-em-massa-nos-oceanos-desde-o-fim-dos-dinossauros\/"},"wordCount":485,"commentCount":0,"publisher":{"@id":"https:\/\/jornalfatosenoticias.com.br\/#organization"},"image":{"@id":"https:\/\/jornalfatosenoticias.com.br\/index.php\/2022\/05\/04\/crise-climatica-pode-causar-pior-extincao-em-massa-nos-oceanos-desde-o-fim-dos-dinossauros\/#primaryimage"},"thumbnailUrl":"https:\/\/jornalfatosenoticias.com.br\/wp-content\/uploads\/2022\/05\/CRISE-CLIMATICA.jpg","keywords":["aquecimento global","extin\u00e7\u00e3o","extin\u00e7\u00e3o em massa","oceanos"],"articleSection":["Meio ambiente"],"inLanguage":"pt-BR","potentialAction":[{"@type":"CommentAction","name":"Comment","target":["https:\/\/jornalfatosenoticias.com.br\/index.php\/2022\/05\/04\/crise-climatica-pode-causar-pior-extincao-em-massa-nos-oceanos-desde-o-fim-dos-dinossauros\/#respond"]}]},{"@type":"WebPage","@id":"https:\/\/jornalfatosenoticias.com.br\/index.php\/2022\/05\/04\/crise-climatica-pode-causar-pior-extincao-em-massa-nos-oceanos-desde-o-fim-dos-dinossauros\/","url":"https:\/\/jornalfatosenoticias.com.br\/index.php\/2022\/05\/04\/crise-climatica-pode-causar-pior-extincao-em-massa-nos-oceanos-desde-o-fim-dos-dinossauros\/","name":"Crise clim\u00e1tica pode causar pior extin\u00e7\u00e3o em massa nos oceanos desde o fim dos dinossauros - Jornal Fatos e Not\u00edcias","isPartOf":{"@id":"https:\/\/jornalfatosenoticias.com.br\/#website"},"primaryImageOfPage":{"@id":"https:\/\/jornalfatosenoticias.com.br\/index.php\/2022\/05\/04\/crise-climatica-pode-causar-pior-extincao-em-massa-nos-oceanos-desde-o-fim-dos-dinossauros\/#primaryimage"},"image":{"@id":"https:\/\/jornalfatosenoticias.com.br\/index.php\/2022\/05\/04\/crise-climatica-pode-causar-pior-extincao-em-massa-nos-oceanos-desde-o-fim-dos-dinossauros\/#primaryimage"},"thumbnailUrl":"https:\/\/jornalfatosenoticias.com.br\/wp-content\/uploads\/2022\/05\/CRISE-CLIMATICA.jpg","datePublished":"2022-05-04T14:58:44+00:00","dateModified":"2022-05-04T14:58:47+00:00","breadcrumb":{"@id":"https:\/\/jornalfatosenoticias.com.br\/index.php\/2022\/05\/04\/crise-climatica-pode-causar-pior-extincao-em-massa-nos-oceanos-desde-o-fim-dos-dinossauros\/#breadcrumb"},"inLanguage":"pt-BR","potentialAction":[{"@type":"ReadAction","target":["https:\/\/jornalfatosenoticias.com.br\/index.php\/2022\/05\/04\/crise-climatica-pode-causar-pior-extincao-em-massa-nos-oceanos-desde-o-fim-dos-dinossauros\/"]}]},{"@type":"ImageObject","inLanguage":"pt-BR","@id":"https:\/\/jornalfatosenoticias.com.br\/index.php\/2022\/05\/04\/crise-climatica-pode-causar-pior-extincao-em-massa-nos-oceanos-desde-o-fim-dos-dinossauros\/#primaryimage","url":"https:\/\/jornalfatosenoticias.com.br\/wp-content\/uploads\/2022\/05\/CRISE-CLIMATICA.jpg","contentUrl":"https:\/\/jornalfatosenoticias.com.br\/wp-content\/uploads\/2022\/05\/CRISE-CLIMATICA.jpg","width":1000,"height":668},{"@type":"BreadcrumbList","@id":"https:\/\/jornalfatosenoticias.com.br\/index.php\/2022\/05\/04\/crise-climatica-pode-causar-pior-extincao-em-massa-nos-oceanos-desde-o-fim-dos-dinossauros\/#breadcrumb","itemListElement":[{"@type":"ListItem","position":1,"name":"In\u00edcio","item":"https:\/\/jornalfatosenoticias.com.br\/"},{"@type":"ListItem","position":2,"name":"Crise clim\u00e1tica pode causar pior extin\u00e7\u00e3o em massa nos oceanos desde o fim dos dinossauros"}]},{"@type":"WebSite","@id":"https:\/\/jornalfatosenoticias.com.br\/#website","url":"https:\/\/jornalfatosenoticias.com.br\/","name":"Jornal Fatos e Not\u00edcias","description":"Not\u00edcias em geral","publisher":{"@id":"https:\/\/jornalfatosenoticias.com.br\/#organization"},"potentialAction":[{"@type":"SearchAction","target":{"@type":"EntryPoint","urlTemplate":"https:\/\/jornalfatosenoticias.com.br\/?s={search_term_string}"},"query-input":{"@type":"PropertyValueSpecification","valueRequired":true,"valueName":"search_term_string"}}],"inLanguage":"pt-BR"},{"@type":"Organization","@id":"https:\/\/jornalfatosenoticias.com.br\/#organization","name":"Jornal Fatos e Not\u00edcias","url":"https:\/\/jornalfatosenoticias.com.br\/","logo":{"@type":"ImageObject","inLanguage":"pt-BR","@id":"https:\/\/jornalfatosenoticias.com.br\/#\/schema\/logo\/image\/","url":"https:\/\/jornalfatosenoticias.com.br\/wp-content\/uploads\/2020\/02\/logo120.png","contentUrl":"https:\/\/jornalfatosenoticias.com.br\/wp-content\/uploads\/2020\/02\/logo120.png","width":1227,"height":120,"caption":"Jornal Fatos e Not\u00edcias"},"image":{"@id":"https:\/\/jornalfatosenoticias.com.br\/#\/schema\/logo\/image\/"}},{"@type":"Person","@id":"https:\/\/jornalfatosenoticias.com.br\/#\/schema\/person\/d63837fa13ac8666eb9e74e0985d6f81","name":"Luzimara Fernandes","image":{"@type":"ImageObject","inLanguage":"pt-BR","@id":"https:\/\/jornalfatosenoticias.com.br\/#\/schema\/person\/image\/","url":"https:\/\/jornalfatosenoticias.com.br\/wp-content\/uploads\/2025\/05\/EU_portal.jpg","contentUrl":"https:\/\/jornalfatosenoticias.com.br\/wp-content\/uploads\/2025\/05\/EU_portal.jpg","caption":"Luzimara Fernandes"},"description":"Jornalista MTB 2358-ES","sameAs":["https:\/\/jornalfatosenoticias.com.br"],"url":"https:\/\/jornalfatosenoticias.com.br\/index.php\/author\/luzimara\/"}]}},"cc_featured_image_caption":{"caption_text":"(Foto: Madeleine Wolfaardt\/Shutterstock) \r\n","source_text":"","source_url":""},"jetpack_featured_media_url":"https:\/\/jornalfatosenoticias.com.br\/wp-content\/uploads\/2022\/05\/CRISE-CLIMATICA.jpg","_links":{"self":[{"href":"https:\/\/jornalfatosenoticias.com.br\/index.php\/wp-json\/wp\/v2\/posts\/30085","targetHints":{"allow":["GET"]}}],"collection":[{"href":"https:\/\/jornalfatosenoticias.com.br\/index.php\/wp-json\/wp\/v2\/posts"}],"about":[{"href":"https:\/\/jornalfatosenoticias.com.br\/index.php\/wp-json\/wp\/v2\/types\/post"}],"author":[{"embeddable":true,"href":"https:\/\/jornalfatosenoticias.com.br\/index.php\/wp-json\/wp\/v2\/users\/2"}],"replies":[{"embeddable":true,"href":"https:\/\/jornalfatosenoticias.com.br\/index.php\/wp-json\/wp\/v2\/comments?post=30085"}],"version-history":[{"count":0,"href":"https:\/\/jornalfatosenoticias.com.br\/index.php\/wp-json\/wp\/v2\/posts\/30085\/revisions"}],"wp:featuredmedia":[{"embeddable":true,"href":"https:\/\/jornalfatosenoticias.com.br\/index.php\/wp-json\/wp\/v2\/media\/30086"}],"wp:attachment":[{"href":"https:\/\/jornalfatosenoticias.com.br\/index.php\/wp-json\/wp\/v2\/media?parent=30085"}],"wp:term":[{"taxonomy":"category","embeddable":true,"href":"https:\/\/jornalfatosenoticias.com.br\/index.php\/wp-json\/wp\/v2\/categories?post=30085"},{"taxonomy":"post_tag","embeddable":true,"href":"https:\/\/jornalfatosenoticias.com.br\/index.php\/wp-json\/wp\/v2\/tags?post=30085"}],"curies":[{"name":"wp","href":"https:\/\/api.w.org\/{rel}","templated":true}]}}