{"id":30107,"date":"2022-05-04T14:08:53","date_gmt":"2022-05-04T17:08:53","guid":{"rendered":"https:\/\/jornalfatosenoticias.com.br\/?p=30107"},"modified":"2022-05-04T14:08:57","modified_gmt":"2022-05-04T17:08:57","slug":"tv-brasil-estreia-nova-faixa-de-novelas-as-18h-com-os-imigrantes","status":"publish","type":"post","link":"https:\/\/jornalfatosenoticias.com.br\/index.php\/2022\/05\/04\/tv-brasil-estreia-nova-faixa-de-novelas-as-18h-com-os-imigrantes\/","title":{"rendered":"TV Brasil estreia nova faixa de novelas \u00e0s 18h com Os Imigrantes"},"content":{"rendered":"\n<p><em><span class=\"has-inline-color has-black-color\">Novela vai ao ar a partir da pr\u00f3xima segunda-feira (9)<\/span><\/em><\/p>\n\n\n\n<div class=\"wp-block-image\"><figure class=\"aligncenter size-large is-resized\"><img loading=\"lazy\" decoding=\"async\" src=\"https:\/\/jornalfatosenoticias.com.br\/wp-content\/uploads\/2022\/02\/Banner-1-1024x101.png\" alt=\"\" class=\"wp-image-27923\" width=\"481\" height=\"46\"\/><\/figure><\/div>\n\n\n\n<p>Cl\u00e1ssico da teledramaturgia no Pa\u00eds, Os Imigrantes marca o lan\u00e7amento do segundo hor\u00e1rio de folhetins na programa\u00e7\u00e3o da <strong>TV Brasil,<\/strong> que passa a exibir tramas emocionantes na telinha tamb\u00e9m \u00e0s 18h a partir da pr\u00f3xima segunda-feira (9). No ar de segunda a s\u00e1bado, a novela antecede o conte\u00fado jornal\u00edstico transmitido ao vivo, \u00e0s 19h, enquanto a hist\u00f3rica produ\u00e7\u00e3o <em>A Escrava Isaura<\/em> \u00e9 a atra\u00e7\u00e3o da faixa nobre, \u00e0s 20h, com destaque de p\u00fablico no canal.<br>Gestora da <strong>TV Brasil,<\/strong> a <strong>Empresa Brasil de Comunica\u00e7\u00e3o (EBC)<\/strong> adquiriu os direitos de exibi\u00e7\u00e3o da obra depois da repercuss\u00e3o positiva de folhetins anteriores. O contrato de licenciamento permite exibir a novela em sinal aberto e fechado, pelas afiliadas da Rede Nacional de Comunica\u00e7\u00e3o P\u00fablica (RNCP), pela <strong>TV Brasil Web<\/strong> e pelo aplicativo <strong>TV Brasil Play. <\/strong>A novela tem hor\u00e1rio alternativo na madrugada, \u00e0 01h15.<br>A novidade refor\u00e7a o empenho institucional em oferecer programa\u00e7\u00e3o de qualidade para o cidad\u00e3o brasileiro, segundo Glen Valente, diretor-presidente da <strong>EBC<\/strong>.<\/p>\n\n\n\n<div class=\"wp-block-image\"><figure class=\"aligncenter size-large is-resized\"><img loading=\"lazy\" decoding=\"async\" src=\"https:\/\/jornalfatosenoticias.com.br\/wp-content\/uploads\/2022\/02\/Precisao-Contabilidade-1024x724.jpg\" alt=\"\" class=\"wp-image-28088\" width=\"252\" height=\"178\"\/><\/figure><\/div>\n\n\n\n<blockquote class=\"wp-block-quote is-layout-flow wp-block-quote-is-layout-flow\"><p><span class=\"has-inline-color has-luminous-vivid-orange-color\">&#8220;A transmiss\u00e3o da novela Os Imigrantes atende ao interesse da empresa em promover atra\u00e7\u00f5es nacionais que contribuam para o desenvolvimento da consci\u00eancia cr\u00edtica das pessoas. O alcance de novos p\u00fablicos \u00e9 um dos objetivos da exibi\u00e7\u00e3o de obras que atravessam gera\u00e7\u00f5es como as novelas escolhidas pelo canal para sua grade&#8221;, afirma Glen Valente.<\/span><\/p><\/blockquote>\n\n\n\n<div class=\"wp-block-image\"><figure class=\"aligncenter size-large is-resized\"><img loading=\"lazy\" decoding=\"async\" src=\"https:\/\/jornalfatosenoticias.com.br\/wp-content\/uploads\/2022\/03\/logo-Suinco-1024x390.jpg\" alt=\"\" class=\"wp-image-28785\" width=\"378\" height=\"143\"\/><\/figure><\/div>\n\n\n\n<p>A nova janela para atra\u00e7\u00f5es do g\u00eanero acompanha a saga dos imigrantes que vieram para o Brasil no final do s\u00e9culo XIX. Sempre no mesmo hor\u00e1rio, \u00e0s 18h, os cap\u00edtulos do premiado folhetim terminam para o in\u00edcio do telejornal <em>Rep\u00f3rter Brasil,<\/em> \u00e0s 19h, e do programa esportivo <em>Stadium, <\/em>\u00e0s 19h40.<\/p>\n\n\n\n<h4 class=\"wp-block-heading\"><strong><span class=\"has-inline-color has-black-color\">Trama de \u00e9poca<\/span><\/strong><\/h4>\n\n\n\n<div class=\"wp-block-image\"><figure class=\"alignleft size-large is-resized\"><img loading=\"lazy\" decoding=\"async\" src=\"https:\/\/jornalfatosenoticias.com.br\/wp-content\/uploads\/2022\/05\/os_imigrantes_2.jpg\" alt=\"\" class=\"wp-image-30109\" width=\"366\" height=\"239\" srcset=\"https:\/\/jornalfatosenoticias.com.br\/wp-content\/uploads\/2022\/05\/os_imigrantes_2.jpg 463w, https:\/\/jornalfatosenoticias.com.br\/wp-content\/uploads\/2022\/05\/os_imigrantes_2-300x196.jpg 300w\" sizes=\"auto, (max-width: 366px) 100vw, 366px\" \/><figcaption><em><span class=\"has-inline-color has-black-color\">(Foto: Divulga\u00e7\u00e3o\/TV Brasil)<\/span><\/em><\/figcaption><\/figure><\/div>\n\n\n\n<p>Considerada uma das novelas brasileiras de maior dura\u00e7\u00e3o, com 190 epis\u00f3dios, <em>Os Imigrantes <\/em>re\u00fane elenco de astros para revelar os desafios dos estrangeiros ao chegar em territ\u00f3rio nacional.<br>Os atores Rubens de Falco, Othon Bastos e Altair Lima vivem personagens hom\u00f4nimos, mas de pa\u00edses distintos. Os protagonistas interpretam um italiano, um portugu\u00eas e um espanhol chamados Ant\u00f4nio.<br>A obra \u2014 escrita pelo consagrado autor Benedito Ruy Barbosa e dirigida por At\u00edlio Ricc\u00f3 e Henrique Martins \u2014 teve sua primeira exibi\u00e7\u00e3o entre 1981 e 1982 na TV Bandeirantes. O folhetim foi uma das obras que marcou a carreira do novelista.<br>Elogiada pela cr\u00edtica especializada e reconhecida pelos espectadores, a produ\u00e7\u00e3o alcan\u00e7ou um p\u00fablico cativo. Entre as conquistas de <em>Os Imigrantes <\/em>est\u00e3o diversas premia\u00e7\u00f5es da \u00e9poca como o Trof\u00e9u Imprensa e v\u00e1rias categorias da l\u00e1urea concedida pela Associa\u00e7\u00e3o Paulista de Cr\u00edticos de Arte (APCA).<br>Desenvolvida em cinco fases, com passagens de tempo entre os cap\u00edtulos, e mudan\u00e7as em n\u00facleos do elenco, a narrativa ganhou sequ\u00eancia com o subt\u00edtulo <em>Terceira Gera\u00e7\u00e3o<\/em> para completar a hist\u00f3ria das fam\u00edlias que se estabeleceram no Brasil.<br>A reda\u00e7\u00e3o da etapa final da trama com o enredo que envolve os acontecimentos com os descendentes dos imigrantes foi elaborada por Renata Pallottini e Wilson Aguiar Filho. Essa etapa da produ\u00e7\u00e3o de dramaturgia foi supervisionada por Ant\u00f4nio Abujamra e Antonino Seabra.<\/p>\n\n\n\n<div class=\"wp-block-image\"><figure class=\"alignleft size-large\"><img loading=\"lazy\" decoding=\"async\" width=\"300\" height=\"250\" src=\"https:\/\/jornalfatosenoticias.com.br\/wp-content\/uploads\/2022\/02\/FERRARI_MAQUINAS-E-FERRAMENTAS2.jpg\" alt=\"\" class=\"wp-image-27860\"\/><\/figure><\/div>\n\n\n\n<p>Com performances audaciosas, a novela <em>Os Imigrantes<\/em> traz grande elenco com dezenas de personalidades das artes c\u00eanicas.<br>Refer\u00eancia na dramaturgia nacional, a novela tem fotografia marcante com bonitas cenas que se destacam pelo impacto visual positivo. Al\u00e9m dos cen\u00e1rios, a produ\u00e7\u00e3o tamb\u00e9m conta com figurinos de \u00e9poca e caracteriza\u00e7\u00e3o apropriada para cada fase da hist\u00f3ria que acompanha a a\u00e7\u00e3o de personagens desde o s\u00e9culo XIX at\u00e9 o in\u00edcio dos anos 1960.<br>Outro destaque do folhetim diz respeito \u00e0 trilha sonora com repert\u00f3rio nacional e internacional em v\u00e1rios LPs. A sele\u00e7\u00e3o teve obras da It\u00e1lia, da Espanha e de Portugal. O trabalho de sonoriza\u00e7\u00e3o aut\u00eantico traz vasto apanhado musical bem diverso para retratar a origem rural e urbana dos personagens. A combina\u00e7\u00e3o inclui obras instrumentais, m\u00fasicas brasileiras com influ\u00eancia norte-americana bem como jazz e valsas rom\u00e2nticas.<\/p>\n\n\n\n<h4 class=\"wp-block-heading\"><strong><span class=\"has-inline-color has-black-color\">Conflitos da trama<\/span><\/strong><\/h4>\n\n\n\n<div class=\"wp-block-image\"><figure class=\"alignright size-large is-resized\"><img loading=\"lazy\" decoding=\"async\" src=\"https:\/\/jornalfatosenoticias.com.br\/wp-content\/uploads\/2022\/05\/os_imigrantes_3.jpg\" alt=\"\" class=\"wp-image-30108\" width=\"372\" height=\"245\" srcset=\"https:\/\/jornalfatosenoticias.com.br\/wp-content\/uploads\/2022\/05\/os_imigrantes_3.jpg 463w, https:\/\/jornalfatosenoticias.com.br\/wp-content\/uploads\/2022\/05\/os_imigrantes_3-300x198.jpg 300w\" sizes=\"auto, (max-width: 372px) 100vw, 372px\" \/><figcaption><em><span class=\"has-inline-color has-black-color\">(Foto: Divulga\u00e7\u00e3o\/TV Brasil)<\/span><\/em><\/figcaption><\/figure><\/div>\n\n\n\n<p>O enredo de<em> Os Imigrantes <\/em>retrata com ousadia a odisseia dos estrangeiros que sa\u00edram de suas na\u00e7\u00f5es para tentar a sorte no Brasil. Eles chegaram \u00e0 Am\u00e9rica do Sul no final do s\u00e9culo XIX com muitos sonhos na bagagem.<br>A produ\u00e7\u00e3o acompanha a vida de fam\u00edlias que ajudaram a construir o Pa\u00eds com atua\u00e7\u00e3o em setores variados da economia, mas principalmente nas lavouras de caf\u00e9 do interior de S\u00e3o Paulo.<br>A trama centra-se na hist\u00f3ria de tr\u00eas homens e suas descend\u00eancias no passar das d\u00e9cadas. O enredo mostra a vida daquela gera\u00e7\u00e3o e das seguintes. Os protagonistas compartilham o mesmo nome, mas s\u00e3o de nacionalidades diferentes. Com criatividade, a novela ilustra os sacrif\u00edcios e embates de italianos, portugueses e espanh\u00f3is para prosperar em terras brasileiras.<br>O trio \u00e9 interpretado por grandes atores. O italiano Ant\u00f4nio di Salvio foi representado por Herson Capri na primeira fase e Rubens de Falco nas etapas seguintes. J\u00e1 o portugu\u00eas Ant\u00f4nio Pereira teve a atua\u00e7\u00e3o de David Arcanjo e Othon Bastos enquanto o espanhol Ant\u00f4nio Hernandez foi vivido pelos atores Jose Pi\u00f1ero e Altair Lima.<\/p>\n\n\n\n<div class=\"wp-block-image\"><figure class=\"aligncenter size-large is-resized\"><img loading=\"lazy\" decoding=\"async\" src=\"https:\/\/jornalfatosenoticias.com.br\/wp-content\/uploads\/2022\/02\/Arte-Autoescola-Galatas_endereco_portal-1024x103.png\" alt=\"\" class=\"wp-image-27869\" width=\"438\" height=\"44\" srcset=\"https:\/\/jornalfatosenoticias.com.br\/wp-content\/uploads\/2022\/02\/Arte-Autoescola-Galatas_endereco_portal-1024x103.png 1024w, https:\/\/jornalfatosenoticias.com.br\/wp-content\/uploads\/2022\/02\/Arte-Autoescola-Galatas_endereco_portal-300x30.png 300w, https:\/\/jornalfatosenoticias.com.br\/wp-content\/uploads\/2022\/02\/Arte-Autoescola-Galatas_endereco_portal-768x77.png 768w, https:\/\/jornalfatosenoticias.com.br\/wp-content\/uploads\/2022\/02\/Arte-Autoescola-Galatas_endereco_portal.png 1223w\" sizes=\"auto, (max-width: 438px) 100vw, 438px\" \/><\/figure><\/div>\n\n\n\n<p>Com o final da escravid\u00e3o, os grandes fazendeiros precisavam de trabalhadores j\u00e1 que muitos negros se recusavam a servir como m\u00e3o de obra barata, mesmo pagos, ap\u00f3s tanta tortura e sofrimento que viveram no passado. Os estrangeiros surgiram como uma oportunidade para desenvolver o trabalho no campo.<br>Para trazer os imigrantes, o Brasil os atraiu de pa\u00edses da Europa e at\u00e9 do Jap\u00e3o. Essas pessoas vieram com sua prole na esperan\u00e7a de adquirir terras para seu sustento em um novo mundo. Ao chegar, por\u00e9m, encaravam uma dura realidade.<br>Contratados ao desembarcar no porto ou vagando pelas cidades at\u00e9 obter ocupa\u00e7\u00e3o, muitos desses estrangeiros foram trabalhar nas lavouras de caf\u00e9 no interior de S\u00e3o Paulo. A labuta incluiu n\u00e3o s\u00f3 adultos, homens e mulheres, como at\u00e9 crian\u00e7as.<br>A novela acompanha a rotina de diversos personagens que enfrentam desventuras no Brasil em tramas envolventes. Os primeiros cap\u00edtulos destacam a chegada dos tr\u00eas Ant\u00f4nios ao Pa\u00eds no final do s\u00e9culo XIX. A segunda fase caracteriza a vida das fam\u00edlias 25 anos depois nas d\u00e9cadas de 1910 e 1920.<\/p>\n\n\n\n<div class=\"wp-block-image\"><figure class=\"alignleft size-large is-resized\"><img loading=\"lazy\" decoding=\"async\" src=\"https:\/\/jornalfatosenoticias.com.br\/wp-content\/uploads\/2022\/05\/os_imigrantes_4.jpg\" alt=\"\" class=\"wp-image-30110\" width=\"352\" height=\"352\" srcset=\"https:\/\/jornalfatosenoticias.com.br\/wp-content\/uploads\/2022\/05\/os_imigrantes_4.jpg 463w, https:\/\/jornalfatosenoticias.com.br\/wp-content\/uploads\/2022\/05\/os_imigrantes_4-300x300.jpg 300w, https:\/\/jornalfatosenoticias.com.br\/wp-content\/uploads\/2022\/05\/os_imigrantes_4-150x150.jpg 150w\" sizes=\"auto, (max-width: 352px) 100vw, 352px\" \/><figcaption><em><span class=\"has-inline-color has-black-color\">(Foto: Divulga\u00e7\u00e3o\/TV Brasil)<\/span><\/em><\/figcaption><\/figure><\/div>\n\n\n\n<p>A terceira etapa do folhetim apresenta os netos dos imigrantes nos anos 1930. Os dramas da velhice do trio principal enquanto a fam\u00edlia cresce s\u00e3o abordados na quarta fase da produ\u00e7\u00e3o que se estende pela d\u00e9cada de 1940.<br>J\u00e1 na quinta fase, no come\u00e7o dos anos 1950, a saga das novas gera\u00e7\u00f5es \u00e9 revelada com a morte dos patriarcas.<br>Com o subt\u00edtulo <em>Terceira Gera\u00e7\u00e3o,<\/em> os epis\u00f3dios que marcam o encerramento do cl\u00e1ssico <em>Os Imigrantes <\/em>mostram como se portaram at\u00e9 a d\u00e9cada de 1960 os filhos e netos dos estrangeiros que vieram ao Brasil no s\u00e9culo anterior durante o in\u00edcio da trama.<\/p>\n\n\n\n<div class=\"wp-block-image\"><figure class=\"aligncenter size-large is-resized\"><img loading=\"lazy\" decoding=\"async\" src=\"https:\/\/jornalfatosenoticias.com.br\/wp-content\/uploads\/2020\/02\/Logo_Mizu.png\" alt=\"\" class=\"wp-image-1441\" width=\"422\" height=\"52\" srcset=\"https:\/\/jornalfatosenoticias.com.br\/wp-content\/uploads\/2020\/02\/Logo_Mizu.png 729w, https:\/\/jornalfatosenoticias.com.br\/wp-content\/uploads\/2020\/02\/Logo_Mizu-300x37.png 300w\" sizes=\"auto, (max-width: 422px) 100vw, 422px\" \/><\/figure><\/div>\n\n\n\n<p><strong><span class=\"has-inline-color has-vivid-red-color\">Ficha T\u00e9cnica<br><\/span><\/strong>Pa\u00eds: Brasil<br>Anos: 1981 e 1982<br>G\u00eanero: drama<br>Cap\u00edtulos: 190<br>Autores: Benedito Ruy Barbosa, Renata Pallottini e Wilson Aguiar Filho<br>Dire\u00e7\u00e3o: At\u00edlio Ricc\u00f3 e Henrique Martins<br>Supervis\u00e3o: Ant\u00f4nio Abujamra e Antonino Seabra (Terceira Gera\u00e7\u00e3o)<br>Primeira exibi\u00e7\u00e3o: Bandeirantes, de 27 de abril de 1981 a 1\u00ba de novembro de 1982<\/p>\n\n\n\n<div class=\"wp-block-image\"><figure class=\"aligncenter size-large is-resized\"><img loading=\"lazy\" decoding=\"async\" src=\"https:\/\/jornalfatosenoticias.com.br\/wp-content\/uploads\/2022\/02\/Serra-Pack-459.png\" alt=\"\" class=\"wp-image-27471\" width=\"348\" height=\"139\"\/><\/figure><\/div>\n\n\n\n<p><strong><span class=\"has-inline-color has-vivid-red-color\">Elenco:<\/span><\/strong> Rubens de Falco, Othon Bastos, Altair Lima, Herson Capri, David Arcanjo, Jos\u00e9 Pi\u00f1ero, Yon\u00e1 Magalh\u00e3es, Maria Estela, L\u00facia Ver\u00edssimo, Rolando Boldrin, Norma Bengell, Jos\u00e9 Augusto Zago, F\u00falvio Stefanini, Cristina Mullins, Dion\u00edsio Azevedo, Felipe Donavan, Flora Geny, Lu\u00eds Carlos Arutin, Riva Nimitz, Baby Garroux, Sandra Barsotti, Agnaldo Rayol, Paulo Betti, Denise Del Vecchio, F\u00falvio Stefanini, Chica Xavier, John Herbert, Herson Capri, Ricardo Blat, Solange Couto, Cl\u00e1udia Alencar, L\u00edlia Cabral, G\u00e9sio Amadeu, Mateus Carrieri, Taumaturgo Ferreira, Nicole Puzzi, Arlindo Barreto, entre outros.<\/p>\n\n\n\n<p>Classifica\u00e7\u00e3o Indicativa: 14 anos<\/p>\n\n\n\n<div class=\"wp-block-image\"><figure class=\"aligncenter size-large\"><img decoding=\"async\" src=\"https:\/\/jornalfatosenoticias.com.br\/wp-content\/uploads\/2020\/02\/logo_esteio.jpg\" alt=\"\" class=\"wp-image-1214\"\/><\/figure><\/div>\n\n\n\n<h1 class=\"wp-block-heading\">#VemVer<\/h1>\n\n\n\n<p>Com atra\u00e7\u00f5es in\u00e9ditas, novas temporadas e hor\u00e1rios de produ\u00e7\u00f5es consagradas, lan\u00e7amento de <em>reality <\/em>e mais tempo para o telejornalismo, a <strong>TV Brasil<\/strong> est\u00e1 com nova programa\u00e7\u00e3o desde o in\u00edcio de abril. Sempre com foco em qualidade e credibilidade, a emissora p\u00fablica oferece ainda mais informa\u00e7\u00e3o e entretenimento para o p\u00fablico com a nova grade.<br>As novidades foram projetadas para fidelizar o espectador que j\u00e1 assiste ao canal p\u00fablico e para atrair novas audi\u00eancias. O conte\u00fado jornal\u00edstico aumentou, com edi\u00e7\u00f5es aos s\u00e1bados dos telejornais locais e a transmiss\u00e3o do <em>Rep\u00f3rter Brasil Noite. <\/em>A estreia da novela <em>Os Imigrantes<\/em> refor\u00e7a esse objetivo.<\/p>\n\n\n\n<div class=\"wp-block-image\"><figure class=\"aligncenter size-large is-resized\"><img loading=\"lazy\" decoding=\"async\" src=\"https:\/\/jornalfatosenoticias.com.br\/wp-content\/uploads\/2020\/02\/Serra-Grande-1024x160.png\" alt=\"\" class=\"wp-image-7836\" width=\"398\" height=\"62\"\/><\/figure><\/div>\n\n\n\n<p><strong><span class=\"has-inline-color has-vivid-red-color\">Ao vivo e on demand<br><\/span><\/strong>Acompanhe a programa\u00e7\u00e3o da <strong>TV Brasil<\/strong>\u00a0pelo canal aberto, TV por assinatura e parab\u00f3lica. Sintonize:\u00a0<strong><a href=\"http:\/\/tvbrasil.ebc.com.br\/comosintonizar\" target=\"_blank\" rel=\"noreferrer noopener\">tvbrasil.ebc.com.br\/comosintonizar<\/a>.<\/strong><br>Seus programas favoritos est\u00e3o no <strong>TV Brasil Play<\/strong>, pelo site\u00a0<a href=\"http:\/\/play.ebc.com.br\/\" target=\"_blank\" rel=\"noreferrer noopener\"><strong>play.ebc.com.br<\/strong><\/a>\u00a0ou por aplicativo (app) no\u00a0<em>smartphone<\/em>. O app pode ser baixado gratuitamente e est\u00e1 dispon\u00edvel para Android e iOS. Assista tamb\u00e9m pela WebTV:\u00a0<strong><a href=\"http:\/\/tvbrasil.ebc.com.br\/webtv\" target=\"_blank\" rel=\"noreferrer noopener\">tvbrasil.ebc.com.br\/webtv<\/a>.<\/strong><\/p>\n\n\n\n<p><strong><span class=\"has-inline-color has-vivid-red-color\">Servi\u00e7o:<br><\/span><\/strong><em>Os Imigrantes<\/em>, na <strong>TV Brasil<\/strong><br>Estreia: segunda-feira, dia 9\/5, \u00e0s 18h<br>Exibi\u00e7\u00e3o: segunda a s\u00e1bado \u00e0s 18h, com reapresenta\u00e7\u00e3o \u00e0 01h15<\/p>\n\n\n\n<div class=\"wp-block-image\"><figure class=\"aligncenter size-large is-resized\"><img loading=\"lazy\" decoding=\"async\" src=\"https:\/\/jornalfatosenoticias.com.br\/wp-content\/uploads\/2020\/02\/nova-logo-Marquetti.jpg\" alt=\"\" class=\"wp-image-22331\" width=\"303\" height=\"204\" srcset=\"https:\/\/jornalfatosenoticias.com.br\/wp-content\/uploads\/2020\/02\/nova-logo-Marquetti.jpg 643w, https:\/\/jornalfatosenoticias.com.br\/wp-content\/uploads\/2020\/02\/nova-logo-Marquetti-300x202.jpg 300w\" sizes=\"auto, (max-width: 303px) 100vw, 303px\" \/><\/figure><\/div>\n\n\n\n<p>Facebook \u2014 <strong><a href=\"https:\/\/www.facebook.com\/tvbrasil\">https:\/\/www.facebook.com\/tvbrasil<\/a><\/strong><br>Twitter \u2014 <strong><a href=\"https:\/\/twitter.com\/TVBrasil\">https:\/\/twitter.com\/TVBrasil<\/a><\/strong><br>Instagram \u2014 <strong><a href=\"https:\/\/www.instagram.com\/tvbrasil\">https:\/\/www.instagram.com\/tvbrasil<\/a><\/strong><br>YouTube \u2014 <strong><a href=\"https:\/\/www.youtube.com\/tvbrasil\">https:\/\/www.youtube.com\/tvbrasil<\/a><\/strong><br>TikTok \u2014 <strong><a href=\"https:\/\/www.tiktok.com\/@tv.brasil\">https:\/\/www.tiktok.com\/@tv.brasil<\/a><\/strong><br>Para saber como sintonizar a\u00a0<strong>TV Brasil<\/strong>\u00a0em sua cidade, acesse:\u00a0<a href=\"http:\/\/tvbrasil.ebc.com.br\/comosintonizar\" target=\"_blank\" rel=\"noreferrer noopener\">tvbrasil.ebc.com.br\/comosintonizar<\/a>.<\/p>\n\n\n\n<p><strong><em>Fonte: <a href=\"https:\/\/agenciabrasil.ebc.com.br\/geral\/noticia\/2022-05\/tv-brasil-estreia-nova-faixa-de-novelas-18h-com-os-imigrantes\">Ag\u00eancia Brasil<\/a><\/em><\/strong><\/p>\n","protected":false},"excerpt":{"rendered":"<p>Novela vai ao ar a partir da pr\u00f3xima segunda-feira (9) Cl\u00e1ssico da teledramaturgia no Pa\u00eds, Os Imigrantes marca o lan\u00e7amento do segundo hor\u00e1rio de folhetins na programa\u00e7\u00e3o da TV Brasil, que passa a exibir tramas emocionantes na telinha tamb\u00e9m \u00e0s 18h a partir da pr\u00f3xima segunda-feira (9). No ar de segunda a s\u00e1bado, a novela [&hellip;]<\/p>\n","protected":false},"author":2,"featured_media":30111,"comment_status":"open","ping_status":"open","sticky":false,"template":"","format":"standard","meta":{"footnotes":""},"categories":[4],"tags":[3895,178,14294,6428],"class_list":["post-30107","post","type-post","status-publish","format-standard","has-post-thumbnail","hentry","category-cultura","tag-ebc","tag-novela","tag-os-imigrantes","tag-tv-brasil"],"yoast_head":"<!-- This site is optimized with the Yoast SEO plugin v26.5 - https:\/\/yoast.com\/wordpress\/plugins\/seo\/ -->\n<title>TV Brasil estreia nova faixa de novelas \u00e0s 18h com Os Imigrantes - Jornal Fatos e Not\u00edcias<\/title>\n<meta name=\"robots\" content=\"index, follow, max-snippet:-1, max-image-preview:large, max-video-preview:-1\" \/>\n<link rel=\"canonical\" href=\"https:\/\/jornalfatosenoticias.com.br\/index.php\/2022\/05\/04\/tv-brasil-estreia-nova-faixa-de-novelas-as-18h-com-os-imigrantes\/\" \/>\n<meta property=\"og:locale\" content=\"pt_BR\" \/>\n<meta property=\"og:type\" content=\"article\" \/>\n<meta property=\"og:title\" content=\"TV Brasil estreia nova faixa de novelas \u00e0s 18h com Os Imigrantes - Jornal Fatos e Not\u00edcias\" \/>\n<meta property=\"og:description\" content=\"Novela vai ao ar a partir da pr\u00f3xima segunda-feira (9) Cl\u00e1ssico da teledramaturgia no Pa\u00eds, Os Imigrantes marca o lan\u00e7amento do segundo hor\u00e1rio de folhetins na programa\u00e7\u00e3o da TV Brasil, que passa a exibir tramas emocionantes na telinha tamb\u00e9m \u00e0s 18h a partir da pr\u00f3xima segunda-feira (9). No ar de segunda a s\u00e1bado, a novela [&hellip;]\" \/>\n<meta property=\"og:url\" content=\"https:\/\/jornalfatosenoticias.com.br\/index.php\/2022\/05\/04\/tv-brasil-estreia-nova-faixa-de-novelas-as-18h-com-os-imigrantes\/\" \/>\n<meta property=\"og:site_name\" content=\"Jornal Fatos e Not\u00edcias\" \/>\n<meta property=\"article:published_time\" content=\"2022-05-04T17:08:53+00:00\" \/>\n<meta property=\"article:modified_time\" content=\"2022-05-04T17:08:57+00:00\" \/>\n<meta property=\"og:image\" content=\"https:\/\/jornalfatosenoticias.com.br\/wp-content\/uploads\/2022\/05\/os-imigrantes_novela.jpg\" \/>\n\t<meta property=\"og:image:width\" content=\"1000\" \/>\n\t<meta property=\"og:image:height\" content=\"598\" \/>\n\t<meta property=\"og:image:type\" content=\"image\/jpeg\" \/>\n<meta name=\"author\" content=\"Luzimara Fernandes\" \/>\n<meta name=\"twitter:card\" content=\"summary_large_image\" \/>\n<meta name=\"twitter:label1\" content=\"Escrito por\" \/>\n\t<meta name=\"twitter:data1\" content=\"Luzimara Fernandes\" \/>\n\t<meta name=\"twitter:label2\" content=\"Est. tempo de leitura\" \/>\n\t<meta name=\"twitter:data2\" content=\"8 minutos\" \/>\n<script type=\"application\/ld+json\" class=\"yoast-schema-graph\">{\"@context\":\"https:\/\/schema.org\",\"@graph\":[{\"@type\":\"Article\",\"@id\":\"https:\/\/jornalfatosenoticias.com.br\/index.php\/2022\/05\/04\/tv-brasil-estreia-nova-faixa-de-novelas-as-18h-com-os-imigrantes\/#article\",\"isPartOf\":{\"@id\":\"https:\/\/jornalfatosenoticias.com.br\/index.php\/2022\/05\/04\/tv-brasil-estreia-nova-faixa-de-novelas-as-18h-com-os-imigrantes\/\"},\"author\":{\"name\":\"Luzimara Fernandes\",\"@id\":\"https:\/\/jornalfatosenoticias.com.br\/#\/schema\/person\/d63837fa13ac8666eb9e74e0985d6f81\"},\"headline\":\"TV Brasil estreia nova faixa de novelas \u00e0s 18h com Os Imigrantes\",\"datePublished\":\"2022-05-04T17:08:53+00:00\",\"dateModified\":\"2022-05-04T17:08:57+00:00\",\"mainEntityOfPage\":{\"@id\":\"https:\/\/jornalfatosenoticias.com.br\/index.php\/2022\/05\/04\/tv-brasil-estreia-nova-faixa-de-novelas-as-18h-com-os-imigrantes\/\"},\"wordCount\":1653,\"commentCount\":0,\"publisher\":{\"@id\":\"https:\/\/jornalfatosenoticias.com.br\/#organization\"},\"image\":{\"@id\":\"https:\/\/jornalfatosenoticias.com.br\/index.php\/2022\/05\/04\/tv-brasil-estreia-nova-faixa-de-novelas-as-18h-com-os-imigrantes\/#primaryimage\"},\"thumbnailUrl\":\"https:\/\/jornalfatosenoticias.com.br\/wp-content\/uploads\/2022\/05\/os-imigrantes_novela.jpg\",\"keywords\":[\"EBC\",\"novela\",\"Os Imigrantes\",\"TV Brasil\"],\"articleSection\":[\"Cultura\"],\"inLanguage\":\"pt-BR\",\"potentialAction\":[{\"@type\":\"CommentAction\",\"name\":\"Comment\",\"target\":[\"https:\/\/jornalfatosenoticias.com.br\/index.php\/2022\/05\/04\/tv-brasil-estreia-nova-faixa-de-novelas-as-18h-com-os-imigrantes\/#respond\"]}]},{\"@type\":\"WebPage\",\"@id\":\"https:\/\/jornalfatosenoticias.com.br\/index.php\/2022\/05\/04\/tv-brasil-estreia-nova-faixa-de-novelas-as-18h-com-os-imigrantes\/\",\"url\":\"https:\/\/jornalfatosenoticias.com.br\/index.php\/2022\/05\/04\/tv-brasil-estreia-nova-faixa-de-novelas-as-18h-com-os-imigrantes\/\",\"name\":\"TV Brasil estreia nova faixa de novelas \u00e0s 18h com Os Imigrantes - Jornal Fatos e Not\u00edcias\",\"isPartOf\":{\"@id\":\"https:\/\/jornalfatosenoticias.com.br\/#website\"},\"primaryImageOfPage\":{\"@id\":\"https:\/\/jornalfatosenoticias.com.br\/index.php\/2022\/05\/04\/tv-brasil-estreia-nova-faixa-de-novelas-as-18h-com-os-imigrantes\/#primaryimage\"},\"image\":{\"@id\":\"https:\/\/jornalfatosenoticias.com.br\/index.php\/2022\/05\/04\/tv-brasil-estreia-nova-faixa-de-novelas-as-18h-com-os-imigrantes\/#primaryimage\"},\"thumbnailUrl\":\"https:\/\/jornalfatosenoticias.com.br\/wp-content\/uploads\/2022\/05\/os-imigrantes_novela.jpg\",\"datePublished\":\"2022-05-04T17:08:53+00:00\",\"dateModified\":\"2022-05-04T17:08:57+00:00\",\"breadcrumb\":{\"@id\":\"https:\/\/jornalfatosenoticias.com.br\/index.php\/2022\/05\/04\/tv-brasil-estreia-nova-faixa-de-novelas-as-18h-com-os-imigrantes\/#breadcrumb\"},\"inLanguage\":\"pt-BR\",\"potentialAction\":[{\"@type\":\"ReadAction\",\"target\":[\"https:\/\/jornalfatosenoticias.com.br\/index.php\/2022\/05\/04\/tv-brasil-estreia-nova-faixa-de-novelas-as-18h-com-os-imigrantes\/\"]}]},{\"@type\":\"ImageObject\",\"inLanguage\":\"pt-BR\",\"@id\":\"https:\/\/jornalfatosenoticias.com.br\/index.php\/2022\/05\/04\/tv-brasil-estreia-nova-faixa-de-novelas-as-18h-com-os-imigrantes\/#primaryimage\",\"url\":\"https:\/\/jornalfatosenoticias.com.br\/wp-content\/uploads\/2022\/05\/os-imigrantes_novela.jpg\",\"contentUrl\":\"https:\/\/jornalfatosenoticias.com.br\/wp-content\/uploads\/2022\/05\/os-imigrantes_novela.jpg\",\"width\":1000,\"height\":598,\"caption\":\"Os Imigrantes marca o lan\u00e7amento do segundo hor\u00e1rio de folhetins na programa\u00e7\u00e3o da TV Brasil,\"},{\"@type\":\"BreadcrumbList\",\"@id\":\"https:\/\/jornalfatosenoticias.com.br\/index.php\/2022\/05\/04\/tv-brasil-estreia-nova-faixa-de-novelas-as-18h-com-os-imigrantes\/#breadcrumb\",\"itemListElement\":[{\"@type\":\"ListItem\",\"position\":1,\"name\":\"In\u00edcio\",\"item\":\"https:\/\/jornalfatosenoticias.com.br\/\"},{\"@type\":\"ListItem\",\"position\":2,\"name\":\"TV Brasil estreia nova faixa de novelas \u00e0s 18h com Os Imigrantes\"}]},{\"@type\":\"WebSite\",\"@id\":\"https:\/\/jornalfatosenoticias.com.br\/#website\",\"url\":\"https:\/\/jornalfatosenoticias.com.br\/\",\"name\":\"Jornal Fatos e Not\u00edcias\",\"description\":\"Not\u00edcias em geral\",\"publisher\":{\"@id\":\"https:\/\/jornalfatosenoticias.com.br\/#organization\"},\"potentialAction\":[{\"@type\":\"SearchAction\",\"target\":{\"@type\":\"EntryPoint\",\"urlTemplate\":\"https:\/\/jornalfatosenoticias.com.br\/?s={search_term_string}\"},\"query-input\":{\"@type\":\"PropertyValueSpecification\",\"valueRequired\":true,\"valueName\":\"search_term_string\"}}],\"inLanguage\":\"pt-BR\"},{\"@type\":\"Organization\",\"@id\":\"https:\/\/jornalfatosenoticias.com.br\/#organization\",\"name\":\"Jornal Fatos e Not\u00edcias\",\"url\":\"https:\/\/jornalfatosenoticias.com.br\/\",\"logo\":{\"@type\":\"ImageObject\",\"inLanguage\":\"pt-BR\",\"@id\":\"https:\/\/jornalfatosenoticias.com.br\/#\/schema\/logo\/image\/\",\"url\":\"https:\/\/jornalfatosenoticias.com.br\/wp-content\/uploads\/2020\/02\/logo120.png\",\"contentUrl\":\"https:\/\/jornalfatosenoticias.com.br\/wp-content\/uploads\/2020\/02\/logo120.png\",\"width\":1227,\"height\":120,\"caption\":\"Jornal Fatos e Not\u00edcias\"},\"image\":{\"@id\":\"https:\/\/jornalfatosenoticias.com.br\/#\/schema\/logo\/image\/\"}},{\"@type\":\"Person\",\"@id\":\"https:\/\/jornalfatosenoticias.com.br\/#\/schema\/person\/d63837fa13ac8666eb9e74e0985d6f81\",\"name\":\"Luzimara Fernandes\",\"image\":{\"@type\":\"ImageObject\",\"inLanguage\":\"pt-BR\",\"@id\":\"https:\/\/jornalfatosenoticias.com.br\/#\/schema\/person\/image\/\",\"url\":\"https:\/\/jornalfatosenoticias.com.br\/wp-content\/uploads\/2025\/05\/EU_portal.jpg\",\"contentUrl\":\"https:\/\/jornalfatosenoticias.com.br\/wp-content\/uploads\/2025\/05\/EU_portal.jpg\",\"caption\":\"Luzimara Fernandes\"},\"description\":\"Jornalista MTB 2358-ES\",\"sameAs\":[\"https:\/\/jornalfatosenoticias.com.br\"],\"url\":\"https:\/\/jornalfatosenoticias.com.br\/index.php\/author\/luzimara\/\"}]}<\/script>\n<!-- \/ Yoast SEO plugin. -->","yoast_head_json":{"title":"TV Brasil estreia nova faixa de novelas \u00e0s 18h com Os Imigrantes - Jornal Fatos e Not\u00edcias","robots":{"index":"index","follow":"follow","max-snippet":"max-snippet:-1","max-image-preview":"max-image-preview:large","max-video-preview":"max-video-preview:-1"},"canonical":"https:\/\/jornalfatosenoticias.com.br\/index.php\/2022\/05\/04\/tv-brasil-estreia-nova-faixa-de-novelas-as-18h-com-os-imigrantes\/","og_locale":"pt_BR","og_type":"article","og_title":"TV Brasil estreia nova faixa de novelas \u00e0s 18h com Os Imigrantes - Jornal Fatos e Not\u00edcias","og_description":"Novela vai ao ar a partir da pr\u00f3xima segunda-feira (9) Cl\u00e1ssico da teledramaturgia no Pa\u00eds, Os Imigrantes marca o lan\u00e7amento do segundo hor\u00e1rio de folhetins na programa\u00e7\u00e3o da TV Brasil, que passa a exibir tramas emocionantes na telinha tamb\u00e9m \u00e0s 18h a partir da pr\u00f3xima segunda-feira (9). No ar de segunda a s\u00e1bado, a novela [&hellip;]","og_url":"https:\/\/jornalfatosenoticias.com.br\/index.php\/2022\/05\/04\/tv-brasil-estreia-nova-faixa-de-novelas-as-18h-com-os-imigrantes\/","og_site_name":"Jornal Fatos e Not\u00edcias","article_published_time":"2022-05-04T17:08:53+00:00","article_modified_time":"2022-05-04T17:08:57+00:00","og_image":[{"width":1000,"height":598,"url":"https:\/\/jornalfatosenoticias.com.br\/wp-content\/uploads\/2022\/05\/os-imigrantes_novela.jpg","type":"image\/jpeg"}],"author":"Luzimara Fernandes","twitter_card":"summary_large_image","twitter_misc":{"Escrito por":"Luzimara Fernandes","Est. tempo de leitura":"8 minutos"},"schema":{"@context":"https:\/\/schema.org","@graph":[{"@type":"Article","@id":"https:\/\/jornalfatosenoticias.com.br\/index.php\/2022\/05\/04\/tv-brasil-estreia-nova-faixa-de-novelas-as-18h-com-os-imigrantes\/#article","isPartOf":{"@id":"https:\/\/jornalfatosenoticias.com.br\/index.php\/2022\/05\/04\/tv-brasil-estreia-nova-faixa-de-novelas-as-18h-com-os-imigrantes\/"},"author":{"name":"Luzimara Fernandes","@id":"https:\/\/jornalfatosenoticias.com.br\/#\/schema\/person\/d63837fa13ac8666eb9e74e0985d6f81"},"headline":"TV Brasil estreia nova faixa de novelas \u00e0s 18h com Os Imigrantes","datePublished":"2022-05-04T17:08:53+00:00","dateModified":"2022-05-04T17:08:57+00:00","mainEntityOfPage":{"@id":"https:\/\/jornalfatosenoticias.com.br\/index.php\/2022\/05\/04\/tv-brasil-estreia-nova-faixa-de-novelas-as-18h-com-os-imigrantes\/"},"wordCount":1653,"commentCount":0,"publisher":{"@id":"https:\/\/jornalfatosenoticias.com.br\/#organization"},"image":{"@id":"https:\/\/jornalfatosenoticias.com.br\/index.php\/2022\/05\/04\/tv-brasil-estreia-nova-faixa-de-novelas-as-18h-com-os-imigrantes\/#primaryimage"},"thumbnailUrl":"https:\/\/jornalfatosenoticias.com.br\/wp-content\/uploads\/2022\/05\/os-imigrantes_novela.jpg","keywords":["EBC","novela","Os Imigrantes","TV Brasil"],"articleSection":["Cultura"],"inLanguage":"pt-BR","potentialAction":[{"@type":"CommentAction","name":"Comment","target":["https:\/\/jornalfatosenoticias.com.br\/index.php\/2022\/05\/04\/tv-brasil-estreia-nova-faixa-de-novelas-as-18h-com-os-imigrantes\/#respond"]}]},{"@type":"WebPage","@id":"https:\/\/jornalfatosenoticias.com.br\/index.php\/2022\/05\/04\/tv-brasil-estreia-nova-faixa-de-novelas-as-18h-com-os-imigrantes\/","url":"https:\/\/jornalfatosenoticias.com.br\/index.php\/2022\/05\/04\/tv-brasil-estreia-nova-faixa-de-novelas-as-18h-com-os-imigrantes\/","name":"TV Brasil estreia nova faixa de novelas \u00e0s 18h com Os Imigrantes - Jornal Fatos e Not\u00edcias","isPartOf":{"@id":"https:\/\/jornalfatosenoticias.com.br\/#website"},"primaryImageOfPage":{"@id":"https:\/\/jornalfatosenoticias.com.br\/index.php\/2022\/05\/04\/tv-brasil-estreia-nova-faixa-de-novelas-as-18h-com-os-imigrantes\/#primaryimage"},"image":{"@id":"https:\/\/jornalfatosenoticias.com.br\/index.php\/2022\/05\/04\/tv-brasil-estreia-nova-faixa-de-novelas-as-18h-com-os-imigrantes\/#primaryimage"},"thumbnailUrl":"https:\/\/jornalfatosenoticias.com.br\/wp-content\/uploads\/2022\/05\/os-imigrantes_novela.jpg","datePublished":"2022-05-04T17:08:53+00:00","dateModified":"2022-05-04T17:08:57+00:00","breadcrumb":{"@id":"https:\/\/jornalfatosenoticias.com.br\/index.php\/2022\/05\/04\/tv-brasil-estreia-nova-faixa-de-novelas-as-18h-com-os-imigrantes\/#breadcrumb"},"inLanguage":"pt-BR","potentialAction":[{"@type":"ReadAction","target":["https:\/\/jornalfatosenoticias.com.br\/index.php\/2022\/05\/04\/tv-brasil-estreia-nova-faixa-de-novelas-as-18h-com-os-imigrantes\/"]}]},{"@type":"ImageObject","inLanguage":"pt-BR","@id":"https:\/\/jornalfatosenoticias.com.br\/index.php\/2022\/05\/04\/tv-brasil-estreia-nova-faixa-de-novelas-as-18h-com-os-imigrantes\/#primaryimage","url":"https:\/\/jornalfatosenoticias.com.br\/wp-content\/uploads\/2022\/05\/os-imigrantes_novela.jpg","contentUrl":"https:\/\/jornalfatosenoticias.com.br\/wp-content\/uploads\/2022\/05\/os-imigrantes_novela.jpg","width":1000,"height":598,"caption":"Os Imigrantes marca o lan\u00e7amento do segundo hor\u00e1rio de folhetins na programa\u00e7\u00e3o da TV Brasil,"},{"@type":"BreadcrumbList","@id":"https:\/\/jornalfatosenoticias.com.br\/index.php\/2022\/05\/04\/tv-brasil-estreia-nova-faixa-de-novelas-as-18h-com-os-imigrantes\/#breadcrumb","itemListElement":[{"@type":"ListItem","position":1,"name":"In\u00edcio","item":"https:\/\/jornalfatosenoticias.com.br\/"},{"@type":"ListItem","position":2,"name":"TV Brasil estreia nova faixa de novelas \u00e0s 18h com Os Imigrantes"}]},{"@type":"WebSite","@id":"https:\/\/jornalfatosenoticias.com.br\/#website","url":"https:\/\/jornalfatosenoticias.com.br\/","name":"Jornal Fatos e Not\u00edcias","description":"Not\u00edcias em geral","publisher":{"@id":"https:\/\/jornalfatosenoticias.com.br\/#organization"},"potentialAction":[{"@type":"SearchAction","target":{"@type":"EntryPoint","urlTemplate":"https:\/\/jornalfatosenoticias.com.br\/?s={search_term_string}"},"query-input":{"@type":"PropertyValueSpecification","valueRequired":true,"valueName":"search_term_string"}}],"inLanguage":"pt-BR"},{"@type":"Organization","@id":"https:\/\/jornalfatosenoticias.com.br\/#organization","name":"Jornal Fatos e Not\u00edcias","url":"https:\/\/jornalfatosenoticias.com.br\/","logo":{"@type":"ImageObject","inLanguage":"pt-BR","@id":"https:\/\/jornalfatosenoticias.com.br\/#\/schema\/logo\/image\/","url":"https:\/\/jornalfatosenoticias.com.br\/wp-content\/uploads\/2020\/02\/logo120.png","contentUrl":"https:\/\/jornalfatosenoticias.com.br\/wp-content\/uploads\/2020\/02\/logo120.png","width":1227,"height":120,"caption":"Jornal Fatos e Not\u00edcias"},"image":{"@id":"https:\/\/jornalfatosenoticias.com.br\/#\/schema\/logo\/image\/"}},{"@type":"Person","@id":"https:\/\/jornalfatosenoticias.com.br\/#\/schema\/person\/d63837fa13ac8666eb9e74e0985d6f81","name":"Luzimara Fernandes","image":{"@type":"ImageObject","inLanguage":"pt-BR","@id":"https:\/\/jornalfatosenoticias.com.br\/#\/schema\/person\/image\/","url":"https:\/\/jornalfatosenoticias.com.br\/wp-content\/uploads\/2025\/05\/EU_portal.jpg","contentUrl":"https:\/\/jornalfatosenoticias.com.br\/wp-content\/uploads\/2025\/05\/EU_portal.jpg","caption":"Luzimara Fernandes"},"description":"Jornalista MTB 2358-ES","sameAs":["https:\/\/jornalfatosenoticias.com.br"],"url":"https:\/\/jornalfatosenoticias.com.br\/index.php\/author\/luzimara\/"}]}},"cc_featured_image_caption":{"caption_text":"(Foto: Divulga\u00e7\u00e3o\/TV Brasil)","source_text":"","source_url":""},"jetpack_featured_media_url":"https:\/\/jornalfatosenoticias.com.br\/wp-content\/uploads\/2022\/05\/os-imigrantes_novela.jpg","_links":{"self":[{"href":"https:\/\/jornalfatosenoticias.com.br\/index.php\/wp-json\/wp\/v2\/posts\/30107","targetHints":{"allow":["GET"]}}],"collection":[{"href":"https:\/\/jornalfatosenoticias.com.br\/index.php\/wp-json\/wp\/v2\/posts"}],"about":[{"href":"https:\/\/jornalfatosenoticias.com.br\/index.php\/wp-json\/wp\/v2\/types\/post"}],"author":[{"embeddable":true,"href":"https:\/\/jornalfatosenoticias.com.br\/index.php\/wp-json\/wp\/v2\/users\/2"}],"replies":[{"embeddable":true,"href":"https:\/\/jornalfatosenoticias.com.br\/index.php\/wp-json\/wp\/v2\/comments?post=30107"}],"version-history":[{"count":0,"href":"https:\/\/jornalfatosenoticias.com.br\/index.php\/wp-json\/wp\/v2\/posts\/30107\/revisions"}],"wp:featuredmedia":[{"embeddable":true,"href":"https:\/\/jornalfatosenoticias.com.br\/index.php\/wp-json\/wp\/v2\/media\/30111"}],"wp:attachment":[{"href":"https:\/\/jornalfatosenoticias.com.br\/index.php\/wp-json\/wp\/v2\/media?parent=30107"}],"wp:term":[{"taxonomy":"category","embeddable":true,"href":"https:\/\/jornalfatosenoticias.com.br\/index.php\/wp-json\/wp\/v2\/categories?post=30107"},{"taxonomy":"post_tag","embeddable":true,"href":"https:\/\/jornalfatosenoticias.com.br\/index.php\/wp-json\/wp\/v2\/tags?post=30107"}],"curies":[{"name":"wp","href":"https:\/\/api.w.org\/{rel}","templated":true}]}}