{"id":30201,"date":"2022-05-06T12:49:47","date_gmt":"2022-05-06T15:49:47","guid":{"rendered":"https:\/\/jornalfatosenoticias.com.br\/?p=30201"},"modified":"2022-05-06T12:49:48","modified_gmt":"2022-05-06T15:49:48","slug":"baleias-jubartes-do-brasil-agora-sao-vistas-na-peninsula-antartica","status":"publish","type":"post","link":"https:\/\/jornalfatosenoticias.com.br\/index.php\/2022\/05\/06\/baleias-jubartes-do-brasil-agora-sao-vistas-na-peninsula-antartica\/","title":{"rendered":"Baleias-jubartes do Brasil agora s\u00e3o vistas na pen\u00ednsula Ant\u00e1rtica"},"content":{"rendered":"\n<p><span class=\"has-inline-color has-black-color\"><em>Crescimento da popula\u00e7\u00e3o e busca de alimento explicariam as migra\u00e7\u00f5es anuais<\/em><\/span><\/p>\n\n\n\n<div class=\"wp-block-image\"><figure class=\"aligncenter size-large is-resized\"><img loading=\"lazy\" decoding=\"async\" src=\"https:\/\/jornalfatosenoticias.com.br\/wp-content\/uploads\/2022\/02\/Arte-Autoescola-Galatas_endereco_portal-1024x103.png\" alt=\"\" class=\"wp-image-27869\" width=\"378\" height=\"38\" srcset=\"https:\/\/jornalfatosenoticias.com.br\/wp-content\/uploads\/2022\/02\/Arte-Autoescola-Galatas_endereco_portal-1024x103.png 1024w, https:\/\/jornalfatosenoticias.com.br\/wp-content\/uploads\/2022\/02\/Arte-Autoescola-Galatas_endereco_portal-300x30.png 300w, https:\/\/jornalfatosenoticias.com.br\/wp-content\/uploads\/2022\/02\/Arte-Autoescola-Galatas_endereco_portal-768x77.png 768w, https:\/\/jornalfatosenoticias.com.br\/wp-content\/uploads\/2022\/02\/Arte-Autoescola-Galatas_endereco_portal.png 1223w\" sizes=\"auto, (max-width: 378px) 100vw, 378px\" \/><\/figure><\/div>\n\n\n\n<p>Em busca de uma distra\u00e7\u00e3o durante a pandemia, a bi\u00f3loga Renata Sousa-Lima, da Universidade Federal do Rio Grande do Norte (UFRN), entrou no Happywhale, um site de imagens de mam\u00edferos marinhos do mundo inteiro, cada um identificado pelas manchas de suas nadadeiras caudais. Ali a pesquisadora encontrou o Raulzito, baleia-jubarte (<em>Megaptera novaeangliae<\/em>) macho batizado por sua equipe em homenagem ao cantor Raul Seixas (1945-1989), que ela tinha encontrado no arquip\u00e9lago de Abrolhos, no sul da Bahia, em 2004. A foto indicava que o animal, em 2016, estava na pen\u00ednsula Ant\u00e1rtica.<\/p>\n\n\n\n<blockquote class=\"wp-block-quote is-layout-flow wp-block-quote-is-layout-flow\"><p><span class=\"has-inline-color has-luminous-vivid-orange-color\">\u201cEra intrigante\u201d, conta. \u201cAs jubartes do Brasil n\u00e3o costumavam frequentar a pen\u00ednsula Ant\u00e1rtica, \u00e1rea de alimenta\u00e7\u00e3o de animais do Pac\u00edfico, como as da Col\u00f4mbia, Peru e Equador\u201d. <\/span><\/p><\/blockquote>\n\n\n\n<div class=\"wp-block-image\"><figure class=\"aligncenter size-large is-resized\"><img loading=\"lazy\" decoding=\"async\" src=\"https:\/\/jornalfatosenoticias.com.br\/wp-content\/uploads\/2022\/02\/Banner-1-1024x101.png\" alt=\"\" class=\"wp-image-27923\" width=\"417\" height=\"40\"\/><\/figure><\/div>\n\n\n\n<p>Com 16 metros de comprimento, 40 toneladas de peso e tempo de vida entre 60 e 80 anos, as baleias dessa esp\u00e9cie que frequentam o litoral brasileiro se reproduzem principalmente nas \u00e1guas mais quentes de Abrolhos entre julho e novembro. Depois, migram no ver\u00e3o para as ilhas Sandwich e Ge\u00f3rgia do Sul, no Atl\u00e2ntico Sul, onde se alimentam de cardumes de krill, pequenos crust\u00e1ceos parecidos com camar\u00f5es. A pen\u00ednsula Ant\u00e1rtica, banhada pelo oceano Pac\u00edfico, onde Raulzito foi flagrado, fica a quase dois mil quil\u00f4metros (km) dessa tradicional \u00e1rea de alimenta\u00e7\u00e3o.<\/p>\n\n\n\n<div class=\"wp-block-image\"><figure class=\"alignleft size-large is-resized\"><img loading=\"lazy\" decoding=\"async\" src=\"https:\/\/jornalfatosenoticias.com.br\/wp-content\/uploads\/2022\/02\/FERRARI_MAQUINAS-E-FERRAMENTAS2.jpg\" alt=\"\" class=\"wp-image-27860\" width=\"253\" height=\"211\"\/><\/figure><\/div>\n\n\n\n<p>Para entender a situa\u00e7\u00e3o, Sousa-Lima mobilizou colegas do Brasil, Equador, Col\u00f4mbia, Estados Unidos, Canad\u00e1, Reino Unido e Ucr\u00e2nia. Em conjunto, identificaram 4.302 baleias-jubarte na regi\u00e3o ant\u00e1rtica. Doze delas, fotografadas de 2016 a 2020, eram da popula\u00e7\u00e3o de jubartes do Brasil, das quais seis estavam em seu local habitual de alimenta\u00e7\u00e3o, no Atl\u00e2ntico Sul, e outras seis a oeste da pen\u00ednsula Ant\u00e1rtica, no Pac\u00edfico. Em 2016, exibindo a cauda na pen\u00ednsula Ant\u00e1rtica, tamb\u00e9m estava Nina, que Sousa-Lima viu ainda filhote em 2004 em Abrolhos e registrou com o nome de sua filha.<br>Como detalhado em um artigo publicado em dezembro de 2021 na revista cient\u00edfica <em>Scientific Reports,<\/em> as conclus\u00f5es se apoiam em informa\u00e7\u00f5es e imagens do Happywhale, que usa algoritmos de processamento de imagem para comparar fotos de baleias enviadas pelos pr\u00f3prios pesquisadores e por turistas com imagens de cole\u00e7\u00f5es cient\u00edficas desses animais. \u201cA plataforma tem um acerto de mais de 95% e faz em segundos o que faz\u00edamos manualmente, comparando foto por foto, com dois a tr\u00eas anos de atraso desde a data dos registros\u201d, explica o m\u00e9dico veterin\u00e1rio Milton Marcondes, coordenador de pesquisa do Projeto Baleia Jubarte e primeiro autor do artigo.<\/p>\n\n\n\n<div class=\"wp-block-image\"><figure class=\"aligncenter size-large is-resized\"><img loading=\"lazy\" decoding=\"async\" src=\"https:\/\/jornalfatosenoticias.com.br\/wp-content\/uploads\/2022\/03\/logo-Suinco-1024x390.jpg\" alt=\"\" class=\"wp-image-28785\" width=\"299\" height=\"113\"\/><\/figure><\/div>\n\n\n\n<figure class=\"wp-block-image size-large\"><img loading=\"lazy\" decoding=\"async\" width=\"1000\" height=\"561\" src=\"https:\/\/jornalfatosenoticias.com.br\/wp-content\/uploads\/2022\/05\/site-baleiasjubarte-2.jpg\" alt=\"\" class=\"wp-image-30202\" srcset=\"https:\/\/jornalfatosenoticias.com.br\/wp-content\/uploads\/2022\/05\/site-baleiasjubarte-2.jpg 1000w, https:\/\/jornalfatosenoticias.com.br\/wp-content\/uploads\/2022\/05\/site-baleiasjubarte-2-300x168.jpg 300w, https:\/\/jornalfatosenoticias.com.br\/wp-content\/uploads\/2022\/05\/site-baleiasjubarte-2-768x431.jpg 768w\" sizes=\"auto, (max-width: 1000px) 100vw, 1000px\" \/><figcaption><span class=\"has-inline-color has-black-color\"><em>A cabe\u00e7a achatada e as protuber\u00e2ncias facilitam o reconhecimento das baleias-jubarte (Foto: Marcos C\u00e9sar de Oliveira Santos\/USP)<\/em><\/span><\/figcaption><\/figure>\n\n\n\n<blockquote class=\"wp-block-quote is-layout-flow wp-block-quote-is-layout-flow\"><p><span class=\"has-inline-color has-luminous-vivid-orange-color\">\u201c\u00c0s vezes, quando a baleia levanta a cauda, a \u00e1gua sobe e as gotas podem se misturar \u00e0s manchas, tornando mais dif\u00edcil diferenciar uma coisa da outra. Mas o serrilhado n\u00e3o muda. A soma dessas informa\u00e7\u00f5es, feitas por meio de algoritmos do site, d\u00e1 um grau de acerto que n\u00e3o havia com pessoas avaliando\u201d.<\/span><\/p><\/blockquote>\n\n\n\n<div class=\"wp-block-image\"><figure class=\"alignright size-large is-resized\"><img loading=\"lazy\" decoding=\"async\" src=\"https:\/\/jornalfatosenoticias.com.br\/wp-content\/uploads\/2020\/02\/nova-logo-Marquetti.jpg\" alt=\"\" class=\"wp-image-22331\" width=\"278\" height=\"187\" srcset=\"https:\/\/jornalfatosenoticias.com.br\/wp-content\/uploads\/2020\/02\/nova-logo-Marquetti.jpg 643w, https:\/\/jornalfatosenoticias.com.br\/wp-content\/uploads\/2020\/02\/nova-logo-Marquetti-300x202.jpg 300w\" sizes=\"auto, (max-width: 278px) 100vw, 278px\" \/><\/figure><\/div>\n\n\n\n<p>Segundo Sousa-Lima, encontrar baleias do Brasil na pen\u00ednsula Ant\u00e1rtica refor\u00e7a uma impress\u00e3o que muitos pesquisadores j\u00e1 tinham. O bi\u00f3logo Marcos C\u00e9sar de Oliveira Santos, do Instituto Oceanogr\u00e1fico da Universidade de S\u00e3o Paulo (USP), que n\u00e3o participou do estudo, concorda: \u201cEra uma situa\u00e7\u00e3o esperada, porque j\u00e1 se havia visto o interc\u00e2mbio de popula\u00e7\u00f5es de jubartes no hemisf\u00e9rio Norte\u201d. Santos fotografou e catalogou jubartes em suas viagens \u00e0 regi\u00e3o ant\u00e1rtica de 1998 a 2008, perguntando-se se grupos dos dois lados da Am\u00e9rica do Sul se encontrariam ali. Em 2021, publicou o e-book Baleias e golfinhos no litoral paulista.<br>A popula\u00e7\u00e3o desses animais na costa brasileira vem crescendo nas \u00faltimas d\u00e9cadas: passaram de cerca de tr\u00eas mil, em 2009, para um n\u00famero entre 20 mil e 25 mil, de acordo com o Projeto Baleia Jubarte. \u00c9 uma quantidade pr\u00f3xima \u00e0 de antes da ca\u00e7a desenfreada no s\u00e9culo XX, proibida no Brasil em 1966 e s\u00f3 encerrada efetivamente na d\u00e9cada de 1980. Para Santos, o crescimento da popula\u00e7\u00e3o pode motivar a explora\u00e7\u00e3o de outros locais de alimenta\u00e7\u00e3o ou a retomada de rotas de migra\u00e7\u00e3o usadas antes de os animais serem quase dizimados.<\/p>\n\n\n\n<div class=\"wp-block-image\"><figure class=\"aligncenter size-large is-resized\"><img loading=\"lazy\" decoding=\"async\" src=\"https:\/\/jornalfatosenoticias.com.br\/wp-content\/uploads\/2020\/02\/Logo_Mizu.png\" alt=\"\" class=\"wp-image-1441\" width=\"398\" height=\"49\" srcset=\"https:\/\/jornalfatosenoticias.com.br\/wp-content\/uploads\/2020\/02\/Logo_Mizu.png 729w, https:\/\/jornalfatosenoticias.com.br\/wp-content\/uploads\/2020\/02\/Logo_Mizu-300x37.png 300w\" sizes=\"auto, (max-width: 398px) 100vw, 398px\" \/><\/figure><\/div>\n\n\n\n<p>A compara\u00e7\u00e3o entre o canto de duas popula\u00e7\u00f5es de jubartes, uma do litoral brasileiro e outra da costa oeste da Am\u00e9rica Latina, refor\u00e7ou a ideia de que essas popula\u00e7\u00f5es t\u00eam se encontrado e aprendido em conjunto. A bi\u00f3loga s\u00e9rvia Divna Djokic chegou a essa conclus\u00e3o ap\u00f3s analisar os cantos dos dois grupos, durante sua pesquisa de doutorado, defendida em 2021 na UFRN, sob orienta\u00e7\u00e3o de Sousa-Lima. \u201cCada popula\u00e7\u00e3o tem um canto diferente, que pode mudar a cada ano, mas parece que as duas popula\u00e7\u00f5es tiveram contato em quase todos os anos, de 2016 a 2019, trocando os seus cantos\u201d, diz. \u201cEm alguns anos o canto era muito parecido e em outros, apenas com alguns trechos semelhantes\u201d. Ela atribuiu as semelhan\u00e7as ao fato de os animais terem se encontrado na mesma \u00e1rea de alimenta\u00e7\u00e3o da pen\u00ednsula Ant\u00e1rtica.<\/p>\n\n\n\n<figure class=\"wp-block-embed-youtube wp-block-embed is-type-video is-provider-youtube wp-embed-aspect-16-9 wp-has-aspect-ratio\"><div class=\"wp-block-embed__wrapper\">\n<iframe loading=\"lazy\" title=\"Por onde andam as baleias brasileiras\" width=\"660\" height=\"371\" src=\"https:\/\/www.youtube.com\/embed\/CdUd3sBaY6Y?feature=oembed\" frameborder=\"0\" allow=\"accelerometer; autoplay; clipboard-write; encrypted-media; gyroscope; picture-in-picture; web-share\" referrerpolicy=\"strict-origin-when-cross-origin\" allowfullscreen><\/iframe>\n<\/div><\/figure>\n\n\n\n<h3 class=\"wp-block-heading\"><strong><span class=\"has-inline-color has-vivid-green-cyan-color\">Krill e encalhes<\/span><\/strong><\/h3>\n\n\n\n<p>Os pesquisadores apontam outras causas da mudan\u00e7a da \u00e1rea de alimenta\u00e7\u00e3o das jubartes do Brasil.<\/p>\n\n\n\n<blockquote class=\"wp-block-quote is-layout-flow wp-block-quote-is-layout-flow\"><p><span class=\"has-inline-color has-luminous-vivid-orange-color\">\u201cA escassez de krill na regi\u00e3o da ilha Ge\u00f3rgia do Sul, em raz\u00e3o das mudan\u00e7as clim\u00e1ticas, pode estar motivando a migra\u00e7\u00e3o das baleias para a pen\u00ednsula Ant\u00e1rtica\u201d, sugere Sousa-Lima.<\/span><\/p><\/blockquote>\n\n\n\n<div class=\"wp-block-image\"><figure class=\"alignleft size-large\"><img decoding=\"async\" src=\"https:\/\/jornalfatosenoticias.com.br\/wp-content\/uploads\/2020\/02\/logo_esteio.jpg\" alt=\"\" class=\"wp-image-1214\"\/><\/figure><\/div>\n\n\n\n<p>Segundo Marcondes, a redu\u00e7\u00e3o no estoque de krill na ilha Ge\u00f3rgia do Sul poderia ser uma das causas dos encalhes de baleias jovens magras, a maioria na costa de S\u00e3o Paulo e de Santa Catarina, onde h\u00e1 grandes cardumes de sardinha e tainha, das quais as jubartes tamb\u00e9m se alimentam. \u201cAs baleias podem se emalhar [se prender] em equipamentos de pesca quando v\u00eam para perto da costa, em busca de alimento\u201d, diz ele. Segundo o Projeto Baleia Jubarte, 230 animais encalharam e morreram no litoral brasileiro em 2021, tr\u00eas vezes mais que os 76 do ano anterior. \u201cGeralmente, metade dos animais que encalham \u00e9 filhote, mas em 2021 quase todos foram baleias juvenis, de at\u00e9 cinco anos, e muitos deles estavam magros\u201d.<\/p>\n\n\n\n<div class=\"wp-block-image\"><figure class=\"aligncenter size-large is-resized\"><img loading=\"lazy\" decoding=\"async\" src=\"https:\/\/jornalfatosenoticias.com.br\/wp-content\/uploads\/2020\/02\/Serra-Grande-1024x160.png\" alt=\"\" class=\"wp-image-7836\" width=\"359\" height=\"56\"\/><\/figure><\/div>\n\n\n\n<p><strong><em>Fonte: <a href=\"https:\/\/umsoplaneta.globo.com\/biodiversidade\/noticia\/2022\/05\/05\/baleias-jubarte-do-brasil-agora-sao-vistas-na-peninsula-antartica.ghtml\">Um S\u00f3 Planeta<\/a><\/em><\/strong><\/p>\n","protected":false},"excerpt":{"rendered":"<p>Crescimento da popula\u00e7\u00e3o e busca de alimento explicariam as migra\u00e7\u00f5es anuais Em busca de uma distra\u00e7\u00e3o durante a pandemia, a bi\u00f3loga Renata Sousa-Lima, da Universidade Federal do Rio Grande do Norte (UFRN), entrou no Happywhale, um site de imagens de mam\u00edferos marinhos do mundo inteiro, cada um identificado pelas manchas de suas nadadeiras caudais. Ali [&hellip;]<\/p>\n","protected":false},"author":2,"featured_media":30203,"comment_status":"open","ping_status":"open","sticky":false,"template":"","format":"standard","meta":{"footnotes":""},"categories":[8],"tags":[872,49,14339,14341,14340,2676],"class_list":["post-30201","post","type-post","status-publish","format-standard","has-post-thumbnail","hentry","category-meio-ambiente","tag-antartica","tag-baleias","tag-baleias-jubartes","tag-mamiferos-marinhos","tag-migracoes","tag-peninsula-antartica"],"yoast_head":"<!-- This site is optimized with the Yoast SEO plugin v26.5 - https:\/\/yoast.com\/wordpress\/plugins\/seo\/ -->\n<title>Baleias-jubartes do Brasil agora s\u00e3o vistas na pen\u00ednsula Ant\u00e1rtica - Jornal Fatos e Not\u00edcias<\/title>\n<meta name=\"robots\" content=\"index, follow, max-snippet:-1, max-image-preview:large, max-video-preview:-1\" \/>\n<link rel=\"canonical\" href=\"https:\/\/jornalfatosenoticias.com.br\/index.php\/2022\/05\/06\/baleias-jubartes-do-brasil-agora-sao-vistas-na-peninsula-antartica\/\" \/>\n<meta property=\"og:locale\" content=\"pt_BR\" \/>\n<meta property=\"og:type\" content=\"article\" \/>\n<meta property=\"og:title\" content=\"Baleias-jubartes do Brasil agora s\u00e3o vistas na pen\u00ednsula Ant\u00e1rtica - Jornal Fatos e Not\u00edcias\" \/>\n<meta property=\"og:description\" content=\"Crescimento da popula\u00e7\u00e3o e busca de alimento explicariam as migra\u00e7\u00f5es anuais Em busca de uma distra\u00e7\u00e3o durante a pandemia, a bi\u00f3loga Renata Sousa-Lima, da Universidade Federal do Rio Grande do Norte (UFRN), entrou no Happywhale, um site de imagens de mam\u00edferos marinhos do mundo inteiro, cada um identificado pelas manchas de suas nadadeiras caudais. Ali [&hellip;]\" \/>\n<meta property=\"og:url\" content=\"https:\/\/jornalfatosenoticias.com.br\/index.php\/2022\/05\/06\/baleias-jubartes-do-brasil-agora-sao-vistas-na-peninsula-antartica\/\" \/>\n<meta property=\"og:site_name\" content=\"Jornal Fatos e Not\u00edcias\" \/>\n<meta property=\"article:published_time\" content=\"2022-05-06T15:49:47+00:00\" \/>\n<meta property=\"article:modified_time\" content=\"2022-05-06T15:49:48+00:00\" \/>\n<meta property=\"og:image\" content=\"https:\/\/jornalfatosenoticias.com.br\/wp-content\/uploads\/2022\/05\/site-baleias-jubarte.jpg\" \/>\n\t<meta property=\"og:image:width\" content=\"1000\" \/>\n\t<meta property=\"og:image:height\" content=\"561\" \/>\n\t<meta property=\"og:image:type\" content=\"image\/jpeg\" \/>\n<meta name=\"author\" content=\"Luzimara Fernandes\" \/>\n<meta name=\"twitter:card\" content=\"summary_large_image\" \/>\n<meta name=\"twitter:label1\" content=\"Escrito por\" \/>\n\t<meta name=\"twitter:data1\" content=\"Luzimara Fernandes\" \/>\n\t<meta name=\"twitter:label2\" content=\"Est. tempo de leitura\" \/>\n\t<meta name=\"twitter:data2\" content=\"5 minutos\" \/>\n<script type=\"application\/ld+json\" class=\"yoast-schema-graph\">{\"@context\":\"https:\/\/schema.org\",\"@graph\":[{\"@type\":\"Article\",\"@id\":\"https:\/\/jornalfatosenoticias.com.br\/index.php\/2022\/05\/06\/baleias-jubartes-do-brasil-agora-sao-vistas-na-peninsula-antartica\/#article\",\"isPartOf\":{\"@id\":\"https:\/\/jornalfatosenoticias.com.br\/index.php\/2022\/05\/06\/baleias-jubartes-do-brasil-agora-sao-vistas-na-peninsula-antartica\/\"},\"author\":{\"name\":\"Luzimara Fernandes\",\"@id\":\"https:\/\/jornalfatosenoticias.com.br\/#\/schema\/person\/d63837fa13ac8666eb9e74e0985d6f81\"},\"headline\":\"Baleias-jubartes do Brasil agora s\u00e3o vistas na pen\u00ednsula Ant\u00e1rtica\",\"datePublished\":\"2022-05-06T15:49:47+00:00\",\"dateModified\":\"2022-05-06T15:49:48+00:00\",\"mainEntityOfPage\":{\"@id\":\"https:\/\/jornalfatosenoticias.com.br\/index.php\/2022\/05\/06\/baleias-jubartes-do-brasil-agora-sao-vistas-na-peninsula-antartica\/\"},\"wordCount\":1091,\"commentCount\":0,\"publisher\":{\"@id\":\"https:\/\/jornalfatosenoticias.com.br\/#organization\"},\"image\":{\"@id\":\"https:\/\/jornalfatosenoticias.com.br\/index.php\/2022\/05\/06\/baleias-jubartes-do-brasil-agora-sao-vistas-na-peninsula-antartica\/#primaryimage\"},\"thumbnailUrl\":\"https:\/\/jornalfatosenoticias.com.br\/wp-content\/uploads\/2022\/05\/site-baleias-jubarte.jpg\",\"keywords\":[\"Ant\u00e1rtica\",\"baleias\",\"baleias-jubartes\",\"mam\u00edferos marinhos\",\"migra\u00e7\u00f5es\",\"Pen\u00ednsula Ant\u00e1rtica\"],\"articleSection\":[\"Meio ambiente\"],\"inLanguage\":\"pt-BR\",\"potentialAction\":[{\"@type\":\"CommentAction\",\"name\":\"Comment\",\"target\":[\"https:\/\/jornalfatosenoticias.com.br\/index.php\/2022\/05\/06\/baleias-jubartes-do-brasil-agora-sao-vistas-na-peninsula-antartica\/#respond\"]}]},{\"@type\":\"WebPage\",\"@id\":\"https:\/\/jornalfatosenoticias.com.br\/index.php\/2022\/05\/06\/baleias-jubartes-do-brasil-agora-sao-vistas-na-peninsula-antartica\/\",\"url\":\"https:\/\/jornalfatosenoticias.com.br\/index.php\/2022\/05\/06\/baleias-jubartes-do-brasil-agora-sao-vistas-na-peninsula-antartica\/\",\"name\":\"Baleias-jubartes do Brasil agora s\u00e3o vistas na pen\u00ednsula Ant\u00e1rtica - Jornal Fatos e Not\u00edcias\",\"isPartOf\":{\"@id\":\"https:\/\/jornalfatosenoticias.com.br\/#website\"},\"primaryImageOfPage\":{\"@id\":\"https:\/\/jornalfatosenoticias.com.br\/index.php\/2022\/05\/06\/baleias-jubartes-do-brasil-agora-sao-vistas-na-peninsula-antartica\/#primaryimage\"},\"image\":{\"@id\":\"https:\/\/jornalfatosenoticias.com.br\/index.php\/2022\/05\/06\/baleias-jubartes-do-brasil-agora-sao-vistas-na-peninsula-antartica\/#primaryimage\"},\"thumbnailUrl\":\"https:\/\/jornalfatosenoticias.com.br\/wp-content\/uploads\/2022\/05\/site-baleias-jubarte.jpg\",\"datePublished\":\"2022-05-06T15:49:47+00:00\",\"dateModified\":\"2022-05-06T15:49:48+00:00\",\"breadcrumb\":{\"@id\":\"https:\/\/jornalfatosenoticias.com.br\/index.php\/2022\/05\/06\/baleias-jubartes-do-brasil-agora-sao-vistas-na-peninsula-antartica\/#breadcrumb\"},\"inLanguage\":\"pt-BR\",\"potentialAction\":[{\"@type\":\"ReadAction\",\"target\":[\"https:\/\/jornalfatosenoticias.com.br\/index.php\/2022\/05\/06\/baleias-jubartes-do-brasil-agora-sao-vistas-na-peninsula-antartica\/\"]}]},{\"@type\":\"ImageObject\",\"inLanguage\":\"pt-BR\",\"@id\":\"https:\/\/jornalfatosenoticias.com.br\/index.php\/2022\/05\/06\/baleias-jubartes-do-brasil-agora-sao-vistas-na-peninsula-antartica\/#primaryimage\",\"url\":\"https:\/\/jornalfatosenoticias.com.br\/wp-content\/uploads\/2022\/05\/site-baleias-jubarte.jpg\",\"contentUrl\":\"https:\/\/jornalfatosenoticias.com.br\/wp-content\/uploads\/2022\/05\/site-baleias-jubarte.jpg\",\"width\":1000,\"height\":561},{\"@type\":\"BreadcrumbList\",\"@id\":\"https:\/\/jornalfatosenoticias.com.br\/index.php\/2022\/05\/06\/baleias-jubartes-do-brasil-agora-sao-vistas-na-peninsula-antartica\/#breadcrumb\",\"itemListElement\":[{\"@type\":\"ListItem\",\"position\":1,\"name\":\"In\u00edcio\",\"item\":\"https:\/\/jornalfatosenoticias.com.br\/\"},{\"@type\":\"ListItem\",\"position\":2,\"name\":\"Baleias-jubartes do Brasil agora s\u00e3o vistas na pen\u00ednsula Ant\u00e1rtica\"}]},{\"@type\":\"WebSite\",\"@id\":\"https:\/\/jornalfatosenoticias.com.br\/#website\",\"url\":\"https:\/\/jornalfatosenoticias.com.br\/\",\"name\":\"Jornal Fatos e Not\u00edcias\",\"description\":\"Not\u00edcias em geral\",\"publisher\":{\"@id\":\"https:\/\/jornalfatosenoticias.com.br\/#organization\"},\"potentialAction\":[{\"@type\":\"SearchAction\",\"target\":{\"@type\":\"EntryPoint\",\"urlTemplate\":\"https:\/\/jornalfatosenoticias.com.br\/?s={search_term_string}\"},\"query-input\":{\"@type\":\"PropertyValueSpecification\",\"valueRequired\":true,\"valueName\":\"search_term_string\"}}],\"inLanguage\":\"pt-BR\"},{\"@type\":\"Organization\",\"@id\":\"https:\/\/jornalfatosenoticias.com.br\/#organization\",\"name\":\"Jornal Fatos e Not\u00edcias\",\"url\":\"https:\/\/jornalfatosenoticias.com.br\/\",\"logo\":{\"@type\":\"ImageObject\",\"inLanguage\":\"pt-BR\",\"@id\":\"https:\/\/jornalfatosenoticias.com.br\/#\/schema\/logo\/image\/\",\"url\":\"https:\/\/jornalfatosenoticias.com.br\/wp-content\/uploads\/2020\/02\/logo120.png\",\"contentUrl\":\"https:\/\/jornalfatosenoticias.com.br\/wp-content\/uploads\/2020\/02\/logo120.png\",\"width\":1227,\"height\":120,\"caption\":\"Jornal Fatos e Not\u00edcias\"},\"image\":{\"@id\":\"https:\/\/jornalfatosenoticias.com.br\/#\/schema\/logo\/image\/\"}},{\"@type\":\"Person\",\"@id\":\"https:\/\/jornalfatosenoticias.com.br\/#\/schema\/person\/d63837fa13ac8666eb9e74e0985d6f81\",\"name\":\"Luzimara Fernandes\",\"image\":{\"@type\":\"ImageObject\",\"inLanguage\":\"pt-BR\",\"@id\":\"https:\/\/jornalfatosenoticias.com.br\/#\/schema\/person\/image\/\",\"url\":\"https:\/\/jornalfatosenoticias.com.br\/wp-content\/uploads\/2025\/05\/EU_portal.jpg\",\"contentUrl\":\"https:\/\/jornalfatosenoticias.com.br\/wp-content\/uploads\/2025\/05\/EU_portal.jpg\",\"caption\":\"Luzimara Fernandes\"},\"description\":\"Jornalista MTB 2358-ES\",\"sameAs\":[\"https:\/\/jornalfatosenoticias.com.br\"],\"url\":\"https:\/\/jornalfatosenoticias.com.br\/index.php\/author\/luzimara\/\"}]}<\/script>\n<!-- \/ Yoast SEO plugin. -->","yoast_head_json":{"title":"Baleias-jubartes do Brasil agora s\u00e3o vistas na pen\u00ednsula Ant\u00e1rtica - Jornal Fatos e Not\u00edcias","robots":{"index":"index","follow":"follow","max-snippet":"max-snippet:-1","max-image-preview":"max-image-preview:large","max-video-preview":"max-video-preview:-1"},"canonical":"https:\/\/jornalfatosenoticias.com.br\/index.php\/2022\/05\/06\/baleias-jubartes-do-brasil-agora-sao-vistas-na-peninsula-antartica\/","og_locale":"pt_BR","og_type":"article","og_title":"Baleias-jubartes do Brasil agora s\u00e3o vistas na pen\u00ednsula Ant\u00e1rtica - Jornal Fatos e Not\u00edcias","og_description":"Crescimento da popula\u00e7\u00e3o e busca de alimento explicariam as migra\u00e7\u00f5es anuais Em busca de uma distra\u00e7\u00e3o durante a pandemia, a bi\u00f3loga Renata Sousa-Lima, da Universidade Federal do Rio Grande do Norte (UFRN), entrou no Happywhale, um site de imagens de mam\u00edferos marinhos do mundo inteiro, cada um identificado pelas manchas de suas nadadeiras caudais. Ali [&hellip;]","og_url":"https:\/\/jornalfatosenoticias.com.br\/index.php\/2022\/05\/06\/baleias-jubartes-do-brasil-agora-sao-vistas-na-peninsula-antartica\/","og_site_name":"Jornal Fatos e Not\u00edcias","article_published_time":"2022-05-06T15:49:47+00:00","article_modified_time":"2022-05-06T15:49:48+00:00","og_image":[{"width":1000,"height":561,"url":"https:\/\/jornalfatosenoticias.com.br\/wp-content\/uploads\/2022\/05\/site-baleias-jubarte.jpg","type":"image\/jpeg"}],"author":"Luzimara Fernandes","twitter_card":"summary_large_image","twitter_misc":{"Escrito por":"Luzimara Fernandes","Est. tempo de leitura":"5 minutos"},"schema":{"@context":"https:\/\/schema.org","@graph":[{"@type":"Article","@id":"https:\/\/jornalfatosenoticias.com.br\/index.php\/2022\/05\/06\/baleias-jubartes-do-brasil-agora-sao-vistas-na-peninsula-antartica\/#article","isPartOf":{"@id":"https:\/\/jornalfatosenoticias.com.br\/index.php\/2022\/05\/06\/baleias-jubartes-do-brasil-agora-sao-vistas-na-peninsula-antartica\/"},"author":{"name":"Luzimara Fernandes","@id":"https:\/\/jornalfatosenoticias.com.br\/#\/schema\/person\/d63837fa13ac8666eb9e74e0985d6f81"},"headline":"Baleias-jubartes do Brasil agora s\u00e3o vistas na pen\u00ednsula Ant\u00e1rtica","datePublished":"2022-05-06T15:49:47+00:00","dateModified":"2022-05-06T15:49:48+00:00","mainEntityOfPage":{"@id":"https:\/\/jornalfatosenoticias.com.br\/index.php\/2022\/05\/06\/baleias-jubartes-do-brasil-agora-sao-vistas-na-peninsula-antartica\/"},"wordCount":1091,"commentCount":0,"publisher":{"@id":"https:\/\/jornalfatosenoticias.com.br\/#organization"},"image":{"@id":"https:\/\/jornalfatosenoticias.com.br\/index.php\/2022\/05\/06\/baleias-jubartes-do-brasil-agora-sao-vistas-na-peninsula-antartica\/#primaryimage"},"thumbnailUrl":"https:\/\/jornalfatosenoticias.com.br\/wp-content\/uploads\/2022\/05\/site-baleias-jubarte.jpg","keywords":["Ant\u00e1rtica","baleias","baleias-jubartes","mam\u00edferos marinhos","migra\u00e7\u00f5es","Pen\u00ednsula Ant\u00e1rtica"],"articleSection":["Meio ambiente"],"inLanguage":"pt-BR","potentialAction":[{"@type":"CommentAction","name":"Comment","target":["https:\/\/jornalfatosenoticias.com.br\/index.php\/2022\/05\/06\/baleias-jubartes-do-brasil-agora-sao-vistas-na-peninsula-antartica\/#respond"]}]},{"@type":"WebPage","@id":"https:\/\/jornalfatosenoticias.com.br\/index.php\/2022\/05\/06\/baleias-jubartes-do-brasil-agora-sao-vistas-na-peninsula-antartica\/","url":"https:\/\/jornalfatosenoticias.com.br\/index.php\/2022\/05\/06\/baleias-jubartes-do-brasil-agora-sao-vistas-na-peninsula-antartica\/","name":"Baleias-jubartes do Brasil agora s\u00e3o vistas na pen\u00ednsula Ant\u00e1rtica - Jornal Fatos e Not\u00edcias","isPartOf":{"@id":"https:\/\/jornalfatosenoticias.com.br\/#website"},"primaryImageOfPage":{"@id":"https:\/\/jornalfatosenoticias.com.br\/index.php\/2022\/05\/06\/baleias-jubartes-do-brasil-agora-sao-vistas-na-peninsula-antartica\/#primaryimage"},"image":{"@id":"https:\/\/jornalfatosenoticias.com.br\/index.php\/2022\/05\/06\/baleias-jubartes-do-brasil-agora-sao-vistas-na-peninsula-antartica\/#primaryimage"},"thumbnailUrl":"https:\/\/jornalfatosenoticias.com.br\/wp-content\/uploads\/2022\/05\/site-baleias-jubarte.jpg","datePublished":"2022-05-06T15:49:47+00:00","dateModified":"2022-05-06T15:49:48+00:00","breadcrumb":{"@id":"https:\/\/jornalfatosenoticias.com.br\/index.php\/2022\/05\/06\/baleias-jubartes-do-brasil-agora-sao-vistas-na-peninsula-antartica\/#breadcrumb"},"inLanguage":"pt-BR","potentialAction":[{"@type":"ReadAction","target":["https:\/\/jornalfatosenoticias.com.br\/index.php\/2022\/05\/06\/baleias-jubartes-do-brasil-agora-sao-vistas-na-peninsula-antartica\/"]}]},{"@type":"ImageObject","inLanguage":"pt-BR","@id":"https:\/\/jornalfatosenoticias.com.br\/index.php\/2022\/05\/06\/baleias-jubartes-do-brasil-agora-sao-vistas-na-peninsula-antartica\/#primaryimage","url":"https:\/\/jornalfatosenoticias.com.br\/wp-content\/uploads\/2022\/05\/site-baleias-jubarte.jpg","contentUrl":"https:\/\/jornalfatosenoticias.com.br\/wp-content\/uploads\/2022\/05\/site-baleias-jubarte.jpg","width":1000,"height":561},{"@type":"BreadcrumbList","@id":"https:\/\/jornalfatosenoticias.com.br\/index.php\/2022\/05\/06\/baleias-jubartes-do-brasil-agora-sao-vistas-na-peninsula-antartica\/#breadcrumb","itemListElement":[{"@type":"ListItem","position":1,"name":"In\u00edcio","item":"https:\/\/jornalfatosenoticias.com.br\/"},{"@type":"ListItem","position":2,"name":"Baleias-jubartes do Brasil agora s\u00e3o vistas na pen\u00ednsula Ant\u00e1rtica"}]},{"@type":"WebSite","@id":"https:\/\/jornalfatosenoticias.com.br\/#website","url":"https:\/\/jornalfatosenoticias.com.br\/","name":"Jornal Fatos e Not\u00edcias","description":"Not\u00edcias em geral","publisher":{"@id":"https:\/\/jornalfatosenoticias.com.br\/#organization"},"potentialAction":[{"@type":"SearchAction","target":{"@type":"EntryPoint","urlTemplate":"https:\/\/jornalfatosenoticias.com.br\/?s={search_term_string}"},"query-input":{"@type":"PropertyValueSpecification","valueRequired":true,"valueName":"search_term_string"}}],"inLanguage":"pt-BR"},{"@type":"Organization","@id":"https:\/\/jornalfatosenoticias.com.br\/#organization","name":"Jornal Fatos e Not\u00edcias","url":"https:\/\/jornalfatosenoticias.com.br\/","logo":{"@type":"ImageObject","inLanguage":"pt-BR","@id":"https:\/\/jornalfatosenoticias.com.br\/#\/schema\/logo\/image\/","url":"https:\/\/jornalfatosenoticias.com.br\/wp-content\/uploads\/2020\/02\/logo120.png","contentUrl":"https:\/\/jornalfatosenoticias.com.br\/wp-content\/uploads\/2020\/02\/logo120.png","width":1227,"height":120,"caption":"Jornal Fatos e Not\u00edcias"},"image":{"@id":"https:\/\/jornalfatosenoticias.com.br\/#\/schema\/logo\/image\/"}},{"@type":"Person","@id":"https:\/\/jornalfatosenoticias.com.br\/#\/schema\/person\/d63837fa13ac8666eb9e74e0985d6f81","name":"Luzimara Fernandes","image":{"@type":"ImageObject","inLanguage":"pt-BR","@id":"https:\/\/jornalfatosenoticias.com.br\/#\/schema\/person\/image\/","url":"https:\/\/jornalfatosenoticias.com.br\/wp-content\/uploads\/2025\/05\/EU_portal.jpg","contentUrl":"https:\/\/jornalfatosenoticias.com.br\/wp-content\/uploads\/2025\/05\/EU_portal.jpg","caption":"Luzimara Fernandes"},"description":"Jornalista MTB 2358-ES","sameAs":["https:\/\/jornalfatosenoticias.com.br"],"url":"https:\/\/jornalfatosenoticias.com.br\/index.php\/author\/luzimara\/"}]}},"cc_featured_image_caption":{"caption_text":" (Foto: Milton Marcondes\/Projeto Baleia Jubarte)","source_text":"","source_url":""},"jetpack_featured_media_url":"https:\/\/jornalfatosenoticias.com.br\/wp-content\/uploads\/2022\/05\/site-baleias-jubarte.jpg","_links":{"self":[{"href":"https:\/\/jornalfatosenoticias.com.br\/index.php\/wp-json\/wp\/v2\/posts\/30201","targetHints":{"allow":["GET"]}}],"collection":[{"href":"https:\/\/jornalfatosenoticias.com.br\/index.php\/wp-json\/wp\/v2\/posts"}],"about":[{"href":"https:\/\/jornalfatosenoticias.com.br\/index.php\/wp-json\/wp\/v2\/types\/post"}],"author":[{"embeddable":true,"href":"https:\/\/jornalfatosenoticias.com.br\/index.php\/wp-json\/wp\/v2\/users\/2"}],"replies":[{"embeddable":true,"href":"https:\/\/jornalfatosenoticias.com.br\/index.php\/wp-json\/wp\/v2\/comments?post=30201"}],"version-history":[{"count":0,"href":"https:\/\/jornalfatosenoticias.com.br\/index.php\/wp-json\/wp\/v2\/posts\/30201\/revisions"}],"wp:featuredmedia":[{"embeddable":true,"href":"https:\/\/jornalfatosenoticias.com.br\/index.php\/wp-json\/wp\/v2\/media\/30203"}],"wp:attachment":[{"href":"https:\/\/jornalfatosenoticias.com.br\/index.php\/wp-json\/wp\/v2\/media?parent=30201"}],"wp:term":[{"taxonomy":"category","embeddable":true,"href":"https:\/\/jornalfatosenoticias.com.br\/index.php\/wp-json\/wp\/v2\/categories?post=30201"},{"taxonomy":"post_tag","embeddable":true,"href":"https:\/\/jornalfatosenoticias.com.br\/index.php\/wp-json\/wp\/v2\/tags?post=30201"}],"curies":[{"name":"wp","href":"https:\/\/api.w.org\/{rel}","templated":true}]}}