{"id":30218,"date":"2022-05-10T09:24:31","date_gmt":"2022-05-10T12:24:31","guid":{"rendered":"https:\/\/jornalfatosenoticias.com.br\/?p=30218"},"modified":"2022-05-10T11:39:20","modified_gmt":"2022-05-10T14:39:20","slug":"cafe-coado-e-as-cidades-humanas-inteligentes-e-seguras","status":"publish","type":"post","link":"https:\/\/jornalfatosenoticias.com.br\/index.php\/2022\/05\/10\/cafe-coado-e-as-cidades-humanas-inteligentes-e-seguras\/","title":{"rendered":"Caf\u00e9 coado&#8230;e as Cidades Humanas, Inteligentes e Seguras!"},"content":{"rendered":"\n<p><em><span class=\"has-inline-color has-luminous-vivid-orange-color\"><strong>Texto:<\/strong>&nbsp;Gracimeri Gaviorno<\/span><\/em><\/p>\n\n\n\n<div class=\"wp-block-image\"><figure class=\"aligncenter size-large is-resized\"><img loading=\"lazy\" decoding=\"async\" src=\"https:\/\/jornalfatosenoticias.com.br\/wp-content\/uploads\/2022\/02\/Arte-Autoescola-Galatas_endereco_portal-1024x103.png\" alt=\"\" class=\"wp-image-27869\" width=\"388\" height=\"39\" srcset=\"https:\/\/jornalfatosenoticias.com.br\/wp-content\/uploads\/2022\/02\/Arte-Autoescola-Galatas_endereco_portal-1024x103.png 1024w, https:\/\/jornalfatosenoticias.com.br\/wp-content\/uploads\/2022\/02\/Arte-Autoescola-Galatas_endereco_portal-300x30.png 300w, https:\/\/jornalfatosenoticias.com.br\/wp-content\/uploads\/2022\/02\/Arte-Autoescola-Galatas_endereco_portal-768x77.png 768w, https:\/\/jornalfatosenoticias.com.br\/wp-content\/uploads\/2022\/02\/Arte-Autoescola-Galatas_endereco_portal.png 1223w\" sizes=\"auto, (max-width: 388px) 100vw, 388px\" \/><\/figure><\/div>\n\n\n\n<p>A busca por seguran\u00e7a nos levou a viver em comunidades urbanas. Paradoxalmente, as cidades t\u00eam sido, na atualidade, sin\u00f4nimos de inseguran\u00e7a. A viol\u00eancia parece estar cada vez mais presente em nossos dias, despertando o medo daqueles que vivem nos centros urbanos. Isso tem levado as pessoas a buscar, na zona rural, a tranquilidade que n\u00e3o encontram na cidade. O problema \u00e9 que a inseguran\u00e7a tamb\u00e9m chegou nesses espa\u00e7os.<br>O medo alimenta o com\u00e9rcio de armas, de cercas e de monitoramentos eletr\u00f4nicos, enfim, de toda cadeia da seguran\u00e7a privada, que vem crescendo por uma dificuldade da sociedade e do Estado em garantir um dos direitos b\u00e1sicos do cidad\u00e3o: a seguran\u00e7a.<br>O p\u00e2nico causado pela viol\u00eancia tamb\u00e9m movimenta o mercado pol\u00edtico e faz surgir os palpiteiros que nada entendem de seguran\u00e7a p\u00fablica e que s\u00e3o incapazes de apresentar qualquer solu\u00e7\u00e3o efetiva para um problema real que atinge toda a popula\u00e7\u00e3o. De forma perversa e simplificada, os discursos parecem unir as cidades, a tecnologia e as pessoas em torno do medo e dos interesses que n\u00e3o devolvem a tranquilidade para a popula\u00e7\u00e3o.<\/p>\n\n\n\n<div class=\"wp-block-image\"><figure class=\"alignleft size-large is-resized\"><img loading=\"lazy\" decoding=\"async\" src=\"https:\/\/jornalfatosenoticias.com.br\/wp-content\/uploads\/2022\/03\/logo-Suinco-1024x390.jpg\" alt=\"\" class=\"wp-image-28785\" width=\"315\" height=\"119\"\/><\/figure><\/div>\n\n\n\n<p>A sensa\u00e7\u00e3o de inseguran\u00e7a e a aus\u00eancia de pol\u00edticas concretas para tornar as rela\u00e7\u00f5es sociais mais est\u00e1veis e seguras tem elevado a falta de confian\u00e7a na representa\u00e7\u00e3o pol\u00edtica e prejudicado a legitima\u00e7\u00e3o dos poderes.<br>Bauman, em sua obra denominada \u201cComunidades\u201d, chama a aten\u00e7\u00e3o para o afastamento que ocorre entre o poder e a pol\u00edtica e apresenta como desafio supremo deste s\u00e9culo o de promover esta reaproxima\u00e7\u00e3o.<\/p>\n\n\n\n<figure class=\"wp-block-image size-large\"><img loading=\"lazy\" decoding=\"async\" width=\"1000\" height=\"562\" src=\"https:\/\/jornalfatosenoticias.com.br\/wp-content\/uploads\/2022\/05\/cidade-inteligente2_adobestock.jpg\" alt=\"\" class=\"wp-image-30219\" srcset=\"https:\/\/jornalfatosenoticias.com.br\/wp-content\/uploads\/2022\/05\/cidade-inteligente2_adobestock.jpg 1000w, https:\/\/jornalfatosenoticias.com.br\/wp-content\/uploads\/2022\/05\/cidade-inteligente2_adobestock-300x169.jpg 300w, https:\/\/jornalfatosenoticias.com.br\/wp-content\/uploads\/2022\/05\/cidade-inteligente2_adobestock-768x432.jpg 768w\" sizes=\"auto, (max-width: 1000px) 100vw, 1000px\" \/><figcaption><em><span class=\"has-inline-color has-black-color\">Cidade inteligente (Foto: adobestock)<\/span><\/em><\/figcaption><\/figure>\n\n\n\n<blockquote class=\"wp-block-quote is-layout-flow wp-block-quote-is-layout-flow\"><p><span class=\"has-inline-color has-luminous-vivid-orange-color\">Ainda que essa classe pol\u00edtica emergente da sensa\u00e7\u00e3o de inseguran\u00e7a aparentemente tenha ouvido o clamor popular, existe um grande problema de comunica\u00e7\u00e3o entre os governantes e os cidad\u00e3os. H\u00e1 uma expectativa de que, at\u00e9 2050, 70% da popula\u00e7\u00e3o mundial viva em cidades. O grande desafio que se apresenta aos governantes \u00e9 o de melhorar a qualidade de vida dessa popula\u00e7\u00e3o que anda t\u00e3o assustada. <\/span><\/p><\/blockquote>\n\n\n\n<div class=\"wp-block-image\"><figure class=\"alignright size-large is-resized\"><img loading=\"lazy\" decoding=\"async\" src=\"https:\/\/jornalfatosenoticias.com.br\/wp-content\/uploads\/2022\/02\/Precisao-Contabilidade-1024x724.jpg\" alt=\"\" class=\"wp-image-28088\" width=\"318\" height=\"225\"\/><\/figure><\/div>\n\n\n\n<p>Mas o assunto n\u00e3o tem recebido a devida aten\u00e7\u00e3o e, segundo Victor Weber, fundador e diretor do Future Real Estate Institute, no site do World Economic Forum, isso se d\u00e1 porque os projetos s\u00e3o idealizados por pol\u00edticos, consultores, acad\u00eamicos e empresas de tecnologia, sem di\u00e1logo com a popula\u00e7\u00e3o, que deveria ocupar papel central na discuss\u00e3o sobre o planejamento do futuro de sua cidade.<br>Uma a\u00e7\u00e3o importante consiste em investir na forma\u00e7\u00e3o continuada das Pol\u00edcias e das Comunidades. E as universidades podem desempenhar um importante papel no desenvolvimento humano, em especial \u00e0s quest\u00f5es ligadas \u00e0 seguran\u00e7a p\u00fablica. As pesquisas acad\u00eamicas precisam fazer o movimento de sair da clausura dos artigos que n\u00e3o encontram proximidade com as ruas. As obras seculares n\u00e3o foram escritas em gabinetes ou bibliotecas, mas nasceram do encontro entre o intelecto e a viv\u00eancia popular. O Esp\u00edrito Santo teve uma experi\u00eancia muito boa com o meio acad\u00eamico entre os anos 1999 e 2001, quando as pol\u00edcias, Civil e Militar e tamb\u00e9m as comunidades foram para os bancos universit\u00e1rios estreitar o conhecimento t\u00e9cnico e o di\u00e1logo qualificado para a melhoria da seguran\u00e7a p\u00fablica.<\/p>\n\n\n\n<div class=\"wp-block-image\"><figure class=\"alignleft size-large is-resized\"><img loading=\"lazy\" decoding=\"async\" src=\"https:\/\/jornalfatosenoticias.com.br\/wp-content\/uploads\/2022\/02\/Serra-Pack-459.png\" alt=\"\" class=\"wp-image-27471\" width=\"333\" height=\"133\"\/><\/figure><\/div>\n\n\n\n<p>As tecnologias, por outro lado, s\u00e3o cada vez mais imprescind\u00edveis na melhoria da qualidade de vida, mas devem estar em harmonia com as expectativas de seus destinat\u00e1rios. As expectativas n\u00e3o s\u00e3o constru\u00eddas em laborat\u00f3rios. Elas s\u00e3o frutos de intera\u00e7\u00f5es sociais diversas e continuamente mut\u00e1veis. Ao conhecimento dessas expectativas n\u00e3o se chega por suposi\u00e7\u00f5es, mas pela escuta ativa do cidad\u00e3o benefici\u00e1rio e deve encontrar eco no conhecimento pr\u00f3prio dos especialistas e profissionais de seguran\u00e7a. \u00c9 o cidad\u00e3o quem vai orientar as pol\u00edcias em rela\u00e7\u00e3o as suas prioridades e o conhecimento t\u00e9cnico, especializado, do profissional de seguran\u00e7a deve interagir com as expectativas sociais. Por isso, \u00e9 t\u00e3o importante a participa\u00e7\u00e3o social. A vida acontece em comunidade e o ser humano deve ser protagonista da constru\u00e7\u00e3o e do desenvolvimento do espa\u00e7o social em que vive.<br>Quando isso acontecer, podemos dizer que as cidades humanas, inteligentes e seguras n\u00e3o s\u00e3o aquelas que est\u00e3o pensando em pessoas apenas, mas as que est\u00e3o pensando com elas, com as pessoas que nela vivem!<\/p>\n\n\n\n<div class=\"wp-block-image\"><figure class=\"aligncenter size-large is-resized\"><img loading=\"lazy\" decoding=\"async\" src=\"https:\/\/jornalfatosenoticias.com.br\/wp-content\/uploads\/2020\/02\/banner_ferramentas-1024x100.jpg\" alt=\"\" class=\"wp-image-1258\" width=\"469\" height=\"45\" srcset=\"https:\/\/jornalfatosenoticias.com.br\/wp-content\/uploads\/2020\/02\/banner_ferramentas-1024x100.jpg 1024w, https:\/\/jornalfatosenoticias.com.br\/wp-content\/uploads\/2020\/02\/banner_ferramentas-300x29.jpg 300w, https:\/\/jornalfatosenoticias.com.br\/wp-content\/uploads\/2020\/02\/banner_ferramentas-768x75.jpg 768w, https:\/\/jornalfatosenoticias.com.br\/wp-content\/uploads\/2020\/02\/banner_ferramentas.jpg 1227w\" sizes=\"auto, (max-width: 469px) 100vw, 469px\" \/><\/figure><\/div>\n\n\n\n<div class=\"wp-block-image\"><figure class=\"alignleft size-large is-resized\"><img loading=\"lazy\" decoding=\"async\" src=\"https:\/\/jornalfatosenoticias.com.br\/wp-content\/uploads\/2022\/05\/Gracimeri_Gaviorno-removebg-preview.png\" alt=\"\" class=\"wp-image-30030\" width=\"245\" height=\"303\" srcset=\"https:\/\/jornalfatosenoticias.com.br\/wp-content\/uploads\/2022\/05\/Gracimeri_Gaviorno-removebg-preview.png 450w, https:\/\/jornalfatosenoticias.com.br\/wp-content\/uploads\/2022\/05\/Gracimeri_Gaviorno-removebg-preview-243x300.png 243w\" sizes=\"auto, (max-width: 245px) 100vw, 245px\" \/><figcaption><em><span class=\"has-inline-color has-black-color\"><strong>Gracimeri Gaviorno<br><\/strong>Delegada de pol\u00edcia; mestre e doutora em direitos fundamentais; professora; Instrutora e mentora profissional para lideran\u00e7as<\/span><\/em><\/figcaption><\/figure><\/div>\n","protected":false},"excerpt":{"rendered":"<p>Texto:&nbsp;Gracimeri Gaviorno A busca por seguran\u00e7a nos levou a viver em comunidades urbanas. Paradoxalmente, as cidades t\u00eam sido, na atualidade, sin\u00f4nimos de inseguran\u00e7a. A viol\u00eancia parece estar cada vez mais presente em nossos dias, despertando o medo daqueles que vivem nos centros urbanos. Isso tem levado as pessoas a buscar, na zona rural, a tranquilidade [&hellip;]<\/p>\n","protected":false},"author":2,"featured_media":30220,"comment_status":"open","ping_status":"open","sticky":false,"template":"","format":"standard","meta":{"footnotes":""},"categories":[5],"tags":[14350,4937,14349,2502,1341,4101,198,4681],"class_list":["post-30218","post","type-post","status-publish","format-standard","has-post-thumbnail","hentry","category-geral","tag-centros-urbanos","tag-cidades-inteligentes","tag-escala-humana","tag-futuro","tag-ruas","tag-seguranca-publica","tag-tecnologia","tag-zona-rural"],"yoast_head":"<!-- This site is optimized with the Yoast SEO plugin v26.5 - https:\/\/yoast.com\/wordpress\/plugins\/seo\/ -->\n<title>Caf\u00e9 coado...e as Cidades Humanas, Inteligentes e Seguras! - Jornal Fatos e Not\u00edcias<\/title>\n<meta name=\"robots\" content=\"index, follow, max-snippet:-1, max-image-preview:large, max-video-preview:-1\" \/>\n<link rel=\"canonical\" href=\"https:\/\/jornalfatosenoticias.com.br\/index.php\/2022\/05\/10\/cafe-coado-e-as-cidades-humanas-inteligentes-e-seguras\/\" \/>\n<meta property=\"og:locale\" content=\"pt_BR\" \/>\n<meta property=\"og:type\" content=\"article\" \/>\n<meta property=\"og:title\" content=\"Caf\u00e9 coado...e as Cidades Humanas, Inteligentes e Seguras! - Jornal Fatos e Not\u00edcias\" \/>\n<meta property=\"og:description\" content=\"Texto:&nbsp;Gracimeri Gaviorno A busca por seguran\u00e7a nos levou a viver em comunidades urbanas. Paradoxalmente, as cidades t\u00eam sido, na atualidade, sin\u00f4nimos de inseguran\u00e7a. A viol\u00eancia parece estar cada vez mais presente em nossos dias, despertando o medo daqueles que vivem nos centros urbanos. Isso tem levado as pessoas a buscar, na zona rural, a tranquilidade [&hellip;]\" \/>\n<meta property=\"og:url\" content=\"https:\/\/jornalfatosenoticias.com.br\/index.php\/2022\/05\/10\/cafe-coado-e-as-cidades-humanas-inteligentes-e-seguras\/\" \/>\n<meta property=\"og:site_name\" content=\"Jornal Fatos e Not\u00edcias\" \/>\n<meta property=\"article:published_time\" content=\"2022-05-10T12:24:31+00:00\" \/>\n<meta property=\"article:modified_time\" content=\"2022-05-10T14:39:20+00:00\" \/>\n<meta property=\"og:image\" content=\"https:\/\/jornalfatosenoticias.com.br\/wp-content\/uploads\/2022\/05\/seguranca-publica-policias.jpg\" \/>\n\t<meta property=\"og:image:width\" content=\"1000\" \/>\n\t<meta property=\"og:image:height\" content=\"562\" \/>\n\t<meta property=\"og:image:type\" content=\"image\/jpeg\" \/>\n<meta name=\"author\" content=\"Luzimara Fernandes\" \/>\n<meta name=\"twitter:card\" content=\"summary_large_image\" \/>\n<meta name=\"twitter:label1\" content=\"Escrito por\" \/>\n\t<meta name=\"twitter:data1\" content=\"Luzimara Fernandes\" \/>\n\t<meta name=\"twitter:label2\" content=\"Est. tempo de leitura\" \/>\n\t<meta name=\"twitter:data2\" content=\"4 minutos\" \/>\n<script type=\"application\/ld+json\" class=\"yoast-schema-graph\">{\"@context\":\"https:\/\/schema.org\",\"@graph\":[{\"@type\":\"Article\",\"@id\":\"https:\/\/jornalfatosenoticias.com.br\/index.php\/2022\/05\/10\/cafe-coado-e-as-cidades-humanas-inteligentes-e-seguras\/#article\",\"isPartOf\":{\"@id\":\"https:\/\/jornalfatosenoticias.com.br\/index.php\/2022\/05\/10\/cafe-coado-e-as-cidades-humanas-inteligentes-e-seguras\/\"},\"author\":{\"name\":\"Luzimara Fernandes\",\"@id\":\"https:\/\/jornalfatosenoticias.com.br\/#\/schema\/person\/d63837fa13ac8666eb9e74e0985d6f81\"},\"headline\":\"Caf\u00e9 coado&#8230;e as Cidades Humanas, Inteligentes e Seguras!\",\"datePublished\":\"2022-05-10T12:24:31+00:00\",\"dateModified\":\"2022-05-10T14:39:20+00:00\",\"mainEntityOfPage\":{\"@id\":\"https:\/\/jornalfatosenoticias.com.br\/index.php\/2022\/05\/10\/cafe-coado-e-as-cidades-humanas-inteligentes-e-seguras\/\"},\"wordCount\":792,\"commentCount\":0,\"publisher\":{\"@id\":\"https:\/\/jornalfatosenoticias.com.br\/#organization\"},\"image\":{\"@id\":\"https:\/\/jornalfatosenoticias.com.br\/index.php\/2022\/05\/10\/cafe-coado-e-as-cidades-humanas-inteligentes-e-seguras\/#primaryimage\"},\"thumbnailUrl\":\"https:\/\/jornalfatosenoticias.com.br\/wp-content\/uploads\/2022\/05\/seguranca-publica-policias.jpg\",\"keywords\":[\"centros urbanos\",\"cidades inteligentes\",\"escala humana\",\"futuro\",\"ruas\",\"seguran\u00e7a p\u00fablica\",\"tecnologia\",\"zona rural\"],\"articleSection\":[\"Geral\"],\"inLanguage\":\"pt-BR\",\"potentialAction\":[{\"@type\":\"CommentAction\",\"name\":\"Comment\",\"target\":[\"https:\/\/jornalfatosenoticias.com.br\/index.php\/2022\/05\/10\/cafe-coado-e-as-cidades-humanas-inteligentes-e-seguras\/#respond\"]}]},{\"@type\":\"WebPage\",\"@id\":\"https:\/\/jornalfatosenoticias.com.br\/index.php\/2022\/05\/10\/cafe-coado-e-as-cidades-humanas-inteligentes-e-seguras\/\",\"url\":\"https:\/\/jornalfatosenoticias.com.br\/index.php\/2022\/05\/10\/cafe-coado-e-as-cidades-humanas-inteligentes-e-seguras\/\",\"name\":\"Caf\u00e9 coado...e as Cidades Humanas, Inteligentes e Seguras! - Jornal Fatos e Not\u00edcias\",\"isPartOf\":{\"@id\":\"https:\/\/jornalfatosenoticias.com.br\/#website\"},\"primaryImageOfPage\":{\"@id\":\"https:\/\/jornalfatosenoticias.com.br\/index.php\/2022\/05\/10\/cafe-coado-e-as-cidades-humanas-inteligentes-e-seguras\/#primaryimage\"},\"image\":{\"@id\":\"https:\/\/jornalfatosenoticias.com.br\/index.php\/2022\/05\/10\/cafe-coado-e-as-cidades-humanas-inteligentes-e-seguras\/#primaryimage\"},\"thumbnailUrl\":\"https:\/\/jornalfatosenoticias.com.br\/wp-content\/uploads\/2022\/05\/seguranca-publica-policias.jpg\",\"datePublished\":\"2022-05-10T12:24:31+00:00\",\"dateModified\":\"2022-05-10T14:39:20+00:00\",\"breadcrumb\":{\"@id\":\"https:\/\/jornalfatosenoticias.com.br\/index.php\/2022\/05\/10\/cafe-coado-e-as-cidades-humanas-inteligentes-e-seguras\/#breadcrumb\"},\"inLanguage\":\"pt-BR\",\"potentialAction\":[{\"@type\":\"ReadAction\",\"target\":[\"https:\/\/jornalfatosenoticias.com.br\/index.php\/2022\/05\/10\/cafe-coado-e-as-cidades-humanas-inteligentes-e-seguras\/\"]}]},{\"@type\":\"ImageObject\",\"inLanguage\":\"pt-BR\",\"@id\":\"https:\/\/jornalfatosenoticias.com.br\/index.php\/2022\/05\/10\/cafe-coado-e-as-cidades-humanas-inteligentes-e-seguras\/#primaryimage\",\"url\":\"https:\/\/jornalfatosenoticias.com.br\/wp-content\/uploads\/2022\/05\/seguranca-publica-policias.jpg\",\"contentUrl\":\"https:\/\/jornalfatosenoticias.com.br\/wp-content\/uploads\/2022\/05\/seguranca-publica-policias.jpg\",\"width\":1000,\"height\":562},{\"@type\":\"BreadcrumbList\",\"@id\":\"https:\/\/jornalfatosenoticias.com.br\/index.php\/2022\/05\/10\/cafe-coado-e-as-cidades-humanas-inteligentes-e-seguras\/#breadcrumb\",\"itemListElement\":[{\"@type\":\"ListItem\",\"position\":1,\"name\":\"In\u00edcio\",\"item\":\"https:\/\/jornalfatosenoticias.com.br\/\"},{\"@type\":\"ListItem\",\"position\":2,\"name\":\"Caf\u00e9 coado&#8230;e as Cidades Humanas, Inteligentes e Seguras!\"}]},{\"@type\":\"WebSite\",\"@id\":\"https:\/\/jornalfatosenoticias.com.br\/#website\",\"url\":\"https:\/\/jornalfatosenoticias.com.br\/\",\"name\":\"Jornal Fatos e Not\u00edcias\",\"description\":\"Not\u00edcias em geral\",\"publisher\":{\"@id\":\"https:\/\/jornalfatosenoticias.com.br\/#organization\"},\"potentialAction\":[{\"@type\":\"SearchAction\",\"target\":{\"@type\":\"EntryPoint\",\"urlTemplate\":\"https:\/\/jornalfatosenoticias.com.br\/?s={search_term_string}\"},\"query-input\":{\"@type\":\"PropertyValueSpecification\",\"valueRequired\":true,\"valueName\":\"search_term_string\"}}],\"inLanguage\":\"pt-BR\"},{\"@type\":\"Organization\",\"@id\":\"https:\/\/jornalfatosenoticias.com.br\/#organization\",\"name\":\"Jornal Fatos e Not\u00edcias\",\"url\":\"https:\/\/jornalfatosenoticias.com.br\/\",\"logo\":{\"@type\":\"ImageObject\",\"inLanguage\":\"pt-BR\",\"@id\":\"https:\/\/jornalfatosenoticias.com.br\/#\/schema\/logo\/image\/\",\"url\":\"https:\/\/jornalfatosenoticias.com.br\/wp-content\/uploads\/2020\/02\/logo120.png\",\"contentUrl\":\"https:\/\/jornalfatosenoticias.com.br\/wp-content\/uploads\/2020\/02\/logo120.png\",\"width\":1227,\"height\":120,\"caption\":\"Jornal Fatos e Not\u00edcias\"},\"image\":{\"@id\":\"https:\/\/jornalfatosenoticias.com.br\/#\/schema\/logo\/image\/\"}},{\"@type\":\"Person\",\"@id\":\"https:\/\/jornalfatosenoticias.com.br\/#\/schema\/person\/d63837fa13ac8666eb9e74e0985d6f81\",\"name\":\"Luzimara Fernandes\",\"image\":{\"@type\":\"ImageObject\",\"inLanguage\":\"pt-BR\",\"@id\":\"https:\/\/jornalfatosenoticias.com.br\/#\/schema\/person\/image\/\",\"url\":\"https:\/\/jornalfatosenoticias.com.br\/wp-content\/uploads\/2025\/05\/EU_portal.jpg\",\"contentUrl\":\"https:\/\/jornalfatosenoticias.com.br\/wp-content\/uploads\/2025\/05\/EU_portal.jpg\",\"caption\":\"Luzimara Fernandes\"},\"description\":\"Jornalista MTB 2358-ES\",\"sameAs\":[\"https:\/\/jornalfatosenoticias.com.br\"],\"url\":\"https:\/\/jornalfatosenoticias.com.br\/index.php\/author\/luzimara\/\"}]}<\/script>\n<!-- \/ Yoast SEO plugin. -->","yoast_head_json":{"title":"Caf\u00e9 coado...e as Cidades Humanas, Inteligentes e Seguras! - Jornal Fatos e Not\u00edcias","robots":{"index":"index","follow":"follow","max-snippet":"max-snippet:-1","max-image-preview":"max-image-preview:large","max-video-preview":"max-video-preview:-1"},"canonical":"https:\/\/jornalfatosenoticias.com.br\/index.php\/2022\/05\/10\/cafe-coado-e-as-cidades-humanas-inteligentes-e-seguras\/","og_locale":"pt_BR","og_type":"article","og_title":"Caf\u00e9 coado...e as Cidades Humanas, Inteligentes e Seguras! - Jornal Fatos e Not\u00edcias","og_description":"Texto:&nbsp;Gracimeri Gaviorno A busca por seguran\u00e7a nos levou a viver em comunidades urbanas. Paradoxalmente, as cidades t\u00eam sido, na atualidade, sin\u00f4nimos de inseguran\u00e7a. A viol\u00eancia parece estar cada vez mais presente em nossos dias, despertando o medo daqueles que vivem nos centros urbanos. Isso tem levado as pessoas a buscar, na zona rural, a tranquilidade [&hellip;]","og_url":"https:\/\/jornalfatosenoticias.com.br\/index.php\/2022\/05\/10\/cafe-coado-e-as-cidades-humanas-inteligentes-e-seguras\/","og_site_name":"Jornal Fatos e Not\u00edcias","article_published_time":"2022-05-10T12:24:31+00:00","article_modified_time":"2022-05-10T14:39:20+00:00","og_image":[{"width":1000,"height":562,"url":"https:\/\/jornalfatosenoticias.com.br\/wp-content\/uploads\/2022\/05\/seguranca-publica-policias.jpg","type":"image\/jpeg"}],"author":"Luzimara Fernandes","twitter_card":"summary_large_image","twitter_misc":{"Escrito por":"Luzimara Fernandes","Est. tempo de leitura":"4 minutos"},"schema":{"@context":"https:\/\/schema.org","@graph":[{"@type":"Article","@id":"https:\/\/jornalfatosenoticias.com.br\/index.php\/2022\/05\/10\/cafe-coado-e-as-cidades-humanas-inteligentes-e-seguras\/#article","isPartOf":{"@id":"https:\/\/jornalfatosenoticias.com.br\/index.php\/2022\/05\/10\/cafe-coado-e-as-cidades-humanas-inteligentes-e-seguras\/"},"author":{"name":"Luzimara Fernandes","@id":"https:\/\/jornalfatosenoticias.com.br\/#\/schema\/person\/d63837fa13ac8666eb9e74e0985d6f81"},"headline":"Caf\u00e9 coado&#8230;e as Cidades Humanas, Inteligentes e Seguras!","datePublished":"2022-05-10T12:24:31+00:00","dateModified":"2022-05-10T14:39:20+00:00","mainEntityOfPage":{"@id":"https:\/\/jornalfatosenoticias.com.br\/index.php\/2022\/05\/10\/cafe-coado-e-as-cidades-humanas-inteligentes-e-seguras\/"},"wordCount":792,"commentCount":0,"publisher":{"@id":"https:\/\/jornalfatosenoticias.com.br\/#organization"},"image":{"@id":"https:\/\/jornalfatosenoticias.com.br\/index.php\/2022\/05\/10\/cafe-coado-e-as-cidades-humanas-inteligentes-e-seguras\/#primaryimage"},"thumbnailUrl":"https:\/\/jornalfatosenoticias.com.br\/wp-content\/uploads\/2022\/05\/seguranca-publica-policias.jpg","keywords":["centros urbanos","cidades inteligentes","escala humana","futuro","ruas","seguran\u00e7a p\u00fablica","tecnologia","zona rural"],"articleSection":["Geral"],"inLanguage":"pt-BR","potentialAction":[{"@type":"CommentAction","name":"Comment","target":["https:\/\/jornalfatosenoticias.com.br\/index.php\/2022\/05\/10\/cafe-coado-e-as-cidades-humanas-inteligentes-e-seguras\/#respond"]}]},{"@type":"WebPage","@id":"https:\/\/jornalfatosenoticias.com.br\/index.php\/2022\/05\/10\/cafe-coado-e-as-cidades-humanas-inteligentes-e-seguras\/","url":"https:\/\/jornalfatosenoticias.com.br\/index.php\/2022\/05\/10\/cafe-coado-e-as-cidades-humanas-inteligentes-e-seguras\/","name":"Caf\u00e9 coado...e as Cidades Humanas, Inteligentes e Seguras! - Jornal Fatos e Not\u00edcias","isPartOf":{"@id":"https:\/\/jornalfatosenoticias.com.br\/#website"},"primaryImageOfPage":{"@id":"https:\/\/jornalfatosenoticias.com.br\/index.php\/2022\/05\/10\/cafe-coado-e-as-cidades-humanas-inteligentes-e-seguras\/#primaryimage"},"image":{"@id":"https:\/\/jornalfatosenoticias.com.br\/index.php\/2022\/05\/10\/cafe-coado-e-as-cidades-humanas-inteligentes-e-seguras\/#primaryimage"},"thumbnailUrl":"https:\/\/jornalfatosenoticias.com.br\/wp-content\/uploads\/2022\/05\/seguranca-publica-policias.jpg","datePublished":"2022-05-10T12:24:31+00:00","dateModified":"2022-05-10T14:39:20+00:00","breadcrumb":{"@id":"https:\/\/jornalfatosenoticias.com.br\/index.php\/2022\/05\/10\/cafe-coado-e-as-cidades-humanas-inteligentes-e-seguras\/#breadcrumb"},"inLanguage":"pt-BR","potentialAction":[{"@type":"ReadAction","target":["https:\/\/jornalfatosenoticias.com.br\/index.php\/2022\/05\/10\/cafe-coado-e-as-cidades-humanas-inteligentes-e-seguras\/"]}]},{"@type":"ImageObject","inLanguage":"pt-BR","@id":"https:\/\/jornalfatosenoticias.com.br\/index.php\/2022\/05\/10\/cafe-coado-e-as-cidades-humanas-inteligentes-e-seguras\/#primaryimage","url":"https:\/\/jornalfatosenoticias.com.br\/wp-content\/uploads\/2022\/05\/seguranca-publica-policias.jpg","contentUrl":"https:\/\/jornalfatosenoticias.com.br\/wp-content\/uploads\/2022\/05\/seguranca-publica-policias.jpg","width":1000,"height":562},{"@type":"BreadcrumbList","@id":"https:\/\/jornalfatosenoticias.com.br\/index.php\/2022\/05\/10\/cafe-coado-e-as-cidades-humanas-inteligentes-e-seguras\/#breadcrumb","itemListElement":[{"@type":"ListItem","position":1,"name":"In\u00edcio","item":"https:\/\/jornalfatosenoticias.com.br\/"},{"@type":"ListItem","position":2,"name":"Caf\u00e9 coado&#8230;e as Cidades Humanas, Inteligentes e Seguras!"}]},{"@type":"WebSite","@id":"https:\/\/jornalfatosenoticias.com.br\/#website","url":"https:\/\/jornalfatosenoticias.com.br\/","name":"Jornal Fatos e Not\u00edcias","description":"Not\u00edcias em geral","publisher":{"@id":"https:\/\/jornalfatosenoticias.com.br\/#organization"},"potentialAction":[{"@type":"SearchAction","target":{"@type":"EntryPoint","urlTemplate":"https:\/\/jornalfatosenoticias.com.br\/?s={search_term_string}"},"query-input":{"@type":"PropertyValueSpecification","valueRequired":true,"valueName":"search_term_string"}}],"inLanguage":"pt-BR"},{"@type":"Organization","@id":"https:\/\/jornalfatosenoticias.com.br\/#organization","name":"Jornal Fatos e Not\u00edcias","url":"https:\/\/jornalfatosenoticias.com.br\/","logo":{"@type":"ImageObject","inLanguage":"pt-BR","@id":"https:\/\/jornalfatosenoticias.com.br\/#\/schema\/logo\/image\/","url":"https:\/\/jornalfatosenoticias.com.br\/wp-content\/uploads\/2020\/02\/logo120.png","contentUrl":"https:\/\/jornalfatosenoticias.com.br\/wp-content\/uploads\/2020\/02\/logo120.png","width":1227,"height":120,"caption":"Jornal Fatos e Not\u00edcias"},"image":{"@id":"https:\/\/jornalfatosenoticias.com.br\/#\/schema\/logo\/image\/"}},{"@type":"Person","@id":"https:\/\/jornalfatosenoticias.com.br\/#\/schema\/person\/d63837fa13ac8666eb9e74e0985d6f81","name":"Luzimara Fernandes","image":{"@type":"ImageObject","inLanguage":"pt-BR","@id":"https:\/\/jornalfatosenoticias.com.br\/#\/schema\/person\/image\/","url":"https:\/\/jornalfatosenoticias.com.br\/wp-content\/uploads\/2025\/05\/EU_portal.jpg","contentUrl":"https:\/\/jornalfatosenoticias.com.br\/wp-content\/uploads\/2025\/05\/EU_portal.jpg","caption":"Luzimara Fernandes"},"description":"Jornalista MTB 2358-ES","sameAs":["https:\/\/jornalfatosenoticias.com.br"],"url":"https:\/\/jornalfatosenoticias.com.br\/index.php\/author\/luzimara\/"}]}},"cc_featured_image_caption":{"caption_text":"Seguran\u00e7a p\u00fablica (Foto: Reprodu\u00e7\u00e3o)","source_text":"","source_url":""},"jetpack_featured_media_url":"https:\/\/jornalfatosenoticias.com.br\/wp-content\/uploads\/2022\/05\/seguranca-publica-policias.jpg","_links":{"self":[{"href":"https:\/\/jornalfatosenoticias.com.br\/index.php\/wp-json\/wp\/v2\/posts\/30218","targetHints":{"allow":["GET"]}}],"collection":[{"href":"https:\/\/jornalfatosenoticias.com.br\/index.php\/wp-json\/wp\/v2\/posts"}],"about":[{"href":"https:\/\/jornalfatosenoticias.com.br\/index.php\/wp-json\/wp\/v2\/types\/post"}],"author":[{"embeddable":true,"href":"https:\/\/jornalfatosenoticias.com.br\/index.php\/wp-json\/wp\/v2\/users\/2"}],"replies":[{"embeddable":true,"href":"https:\/\/jornalfatosenoticias.com.br\/index.php\/wp-json\/wp\/v2\/comments?post=30218"}],"version-history":[{"count":0,"href":"https:\/\/jornalfatosenoticias.com.br\/index.php\/wp-json\/wp\/v2\/posts\/30218\/revisions"}],"wp:featuredmedia":[{"embeddable":true,"href":"https:\/\/jornalfatosenoticias.com.br\/index.php\/wp-json\/wp\/v2\/media\/30220"}],"wp:attachment":[{"href":"https:\/\/jornalfatosenoticias.com.br\/index.php\/wp-json\/wp\/v2\/media?parent=30218"}],"wp:term":[{"taxonomy":"category","embeddable":true,"href":"https:\/\/jornalfatosenoticias.com.br\/index.php\/wp-json\/wp\/v2\/categories?post=30218"},{"taxonomy":"post_tag","embeddable":true,"href":"https:\/\/jornalfatosenoticias.com.br\/index.php\/wp-json\/wp\/v2\/tags?post=30218"}],"curies":[{"name":"wp","href":"https:\/\/api.w.org\/{rel}","templated":true}]}}