{"id":30228,"date":"2022-05-10T09:47:11","date_gmt":"2022-05-10T12:47:11","guid":{"rendered":"https:\/\/jornalfatosenoticias.com.br\/?p=30228"},"modified":"2022-05-10T09:47:16","modified_gmt":"2022-05-10T12:47:16","slug":"onu-ha-milhares-de-mortos-a-mais-na-ucrania","status":"publish","type":"post","link":"https:\/\/jornalfatosenoticias.com.br\/index.php\/2022\/05\/10\/onu-ha-milhares-de-mortos-a-mais-na-ucrania\/","title":{"rendered":"ONU: h\u00e1 milhares de mortos a mais na Ucr\u00e2nia"},"content":{"rendered":"\n<p><em><span class=\"has-inline-color has-black-color\">Maioria das mortes ocorreu devido ao uso de armas explosivas<\/span><\/em><\/p>\n\n\n\n<div class=\"wp-block-image\"><figure class=\"aligncenter size-large is-resized\"><img loading=\"lazy\" decoding=\"async\" src=\"https:\/\/jornalfatosenoticias.com.br\/wp-content\/uploads\/2020\/02\/banner_ferramentas-1024x100.jpg\" alt=\"\" class=\"wp-image-1258\" width=\"438\" height=\"42\" srcset=\"https:\/\/jornalfatosenoticias.com.br\/wp-content\/uploads\/2020\/02\/banner_ferramentas-1024x100.jpg 1024w, https:\/\/jornalfatosenoticias.com.br\/wp-content\/uploads\/2020\/02\/banner_ferramentas-300x29.jpg 300w, https:\/\/jornalfatosenoticias.com.br\/wp-content\/uploads\/2020\/02\/banner_ferramentas-768x75.jpg 768w, https:\/\/jornalfatosenoticias.com.br\/wp-content\/uploads\/2020\/02\/banner_ferramentas.jpg 1227w\" sizes=\"auto, (max-width: 438px) 100vw, 438px\" \/><\/figure><\/div>\n\n\n\n<p>H\u00e1 milhares de civis mortos na Ucr\u00e2nia al\u00e9m dos 3.381 relatados pela Organiza\u00e7\u00e3o das Na\u00e7\u00f5es Unidas (ONU) em quase 11 semanas de guerra no pa\u00eds, disse nesta ter\u00e7a-feira (10) a chefe da Miss\u00e3o de Monitoramento dos Direitos Humanos da ONU na Ucr\u00e2nia.<br>A equipe, que inclui 55 monitores no pa\u00eds, afirmou que a maioria das mortes ocorreu devido ao uso de armas explosivas, com ampla \u00e1rea de impacto, como m\u00edsseis e ataques a\u00e9reos.<br>&#8220;Temos trabalhado em estimativas, mas tudo o que posso dizer por enquanto \u00e9 que \u00e9 milhares de vezes mais alto do que os n\u00fameros que demos atualmente&#8221;, disse Matilda Bogner em entrevista em Genebra, quando questionada sobre o n\u00famero total de mortos e feridos.<\/p>\n\n\n\n<div class=\"wp-block-image\"><figure class=\"aligncenter size-large is-resized\"><img loading=\"lazy\" decoding=\"async\" src=\"https:\/\/jornalfatosenoticias.com.br\/wp-content\/uploads\/2022\/02\/Serra-Pack-459.png\" alt=\"\" class=\"wp-image-27471\" width=\"305\" height=\"122\"\/><\/figure><\/div>\n\n\n\n<blockquote class=\"wp-block-quote is-layout-flow wp-block-quote-is-layout-flow\"><p><span class=\"has-inline-color has-luminous-vivid-orange-color\">&#8220;O grande buraco negro \u00e9 realmente Mariupol, onde tem sido dif\u00edcil ter acesso total e obter informa\u00e7\u00f5es totalmente confirmadas&#8221;, acrescentou, referindo-se \u00e0 cidade portu\u00e1ria no Sudeste da Ucr\u00e2nia que tem enfrentado os combates mais pesados da guerra.<\/span><\/p><\/blockquote>\n\n\n\n<div class=\"wp-block-image\"><figure class=\"alignright size-large\"><img decoding=\"async\" src=\"https:\/\/jornalfatosenoticias.com.br\/wp-content\/uploads\/2020\/02\/logo_esteio.jpg\" alt=\"\" class=\"wp-image-1214\"\/><\/figure><\/div>\n\n\n\n<p>A R\u00fassia nega ter como alvo os civis e chama sua invas\u00e3o, lan\u00e7ada em 24 de fevereiro, de &#8220;opera\u00e7\u00e3o militar especial&#8221; para desarmar a Ucr\u00e2nia e livr\u00e1-la de nacionalistas antirussos fomentados pelo Ocidente. A Ucr\u00e2nia e o Ocidente dizem que esse \u00e9 um falso pretexto para conter uma guerra de agress\u00e3o n\u00e3o provocada.<br>Bogner afirmou que sua equipe tamb\u00e9m est\u00e1 investigando o que descreveu como &#8220;alega\u00e7\u00f5es confi\u00e1veis&#8221; de tortura, maus-tratos e execu\u00e7\u00f5es pelas for\u00e7as ucranianas contra as for\u00e7as invasoras russas e grupos armados afiliados.<\/p>\n\n\n\n<blockquote class=\"wp-block-quote is-layout-flow wp-block-quote-is-layout-flow\"><p><span class=\"has-inline-color has-luminous-vivid-orange-color\">&#8220;Em termos da extens\u00e3o das viola\u00e7\u00f5es pelas for\u00e7as ucranianas \u2014 embora a escala seja significativamente maior do lado das alega\u00e7\u00f5es contra as for\u00e7as russas \u2014 tamb\u00e9m estamos documentando as viola\u00e7\u00f5es pelas for\u00e7as ucranianas&#8221;, disse ela.<\/span><\/p><\/blockquote>\n\n\n\n<div class=\"wp-block-image\"><figure class=\"aligncenter size-large is-resized\"><img loading=\"lazy\" decoding=\"async\" src=\"https:\/\/jornalfatosenoticias.com.br\/wp-content\/uploads\/2020\/02\/Logo-Mizu-segunda-2-1024x99.png\" alt=\"\" class=\"wp-image-2353\" width=\"405\" height=\"39\" srcset=\"https:\/\/jornalfatosenoticias.com.br\/wp-content\/uploads\/2020\/02\/Logo-Mizu-segunda-2-1024x99.png 1024w, https:\/\/jornalfatosenoticias.com.br\/wp-content\/uploads\/2020\/02\/Logo-Mizu-segunda-2-300x29.png 300w, https:\/\/jornalfatosenoticias.com.br\/wp-content\/uploads\/2020\/02\/Logo-Mizu-segunda-2-768x74.png 768w, https:\/\/jornalfatosenoticias.com.br\/wp-content\/uploads\/2020\/02\/Logo-Mizu-segunda-2.png 1240w\" sizes=\"auto, (max-width: 405px) 100vw, 405px\" \/><\/figure><\/div>\n\n\n\n<p><strong><em>Fonte: <a href=\"https:\/\/agenciabrasil.ebc.com.br\/internacional\/noticia\/2022-05\/onu-ha-milhares-de-mortos-mais-na-ucrania\">Ag\u00eancia Brasil<\/a><\/em><\/strong><\/p>\n","protected":false},"excerpt":{"rendered":"<p>Maioria das mortes ocorreu devido ao uso de armas explosivas H\u00e1 milhares de civis mortos na Ucr\u00e2nia al\u00e9m dos 3.381 relatados pela Organiza\u00e7\u00e3o das Na\u00e7\u00f5es Unidas (ONU) em quase 11 semanas de guerra no pa\u00eds, disse nesta ter\u00e7a-feira (10) a chefe da Miss\u00e3o de Monitoramento dos Direitos Humanos da ONU na Ucr\u00e2nia.A equipe, que inclui [&hellip;]<\/p>\n","protected":false},"author":2,"featured_media":30229,"comment_status":"open","ping_status":"open","sticky":false,"template":"","format":"standard","meta":{"footnotes":""},"categories":[41],"tags":[4491,12491,648,12964,991,10577],"class_list":["post-30228","post","type-post","status-publish","format-standard","has-post-thumbnail","hentry","category-internacional","tag-guerra","tag-mortos","tag-onu","tag-operacao-militar","tag-russia","tag-ucrania"],"yoast_head":"<!-- This site is optimized with the Yoast SEO plugin v26.5 - https:\/\/yoast.com\/wordpress\/plugins\/seo\/ -->\n<title>ONU: h\u00e1 milhares de mortos a mais na Ucr\u00e2nia - Jornal Fatos e Not\u00edcias<\/title>\n<meta name=\"robots\" content=\"index, follow, max-snippet:-1, max-image-preview:large, max-video-preview:-1\" \/>\n<link rel=\"canonical\" href=\"https:\/\/jornalfatosenoticias.com.br\/index.php\/2022\/05\/10\/onu-ha-milhares-de-mortos-a-mais-na-ucrania\/\" \/>\n<meta property=\"og:locale\" content=\"pt_BR\" \/>\n<meta property=\"og:type\" content=\"article\" \/>\n<meta property=\"og:title\" content=\"ONU: h\u00e1 milhares de mortos a mais na Ucr\u00e2nia - Jornal Fatos e Not\u00edcias\" \/>\n<meta property=\"og:description\" content=\"Maioria das mortes ocorreu devido ao uso de armas explosivas H\u00e1 milhares de civis mortos na Ucr\u00e2nia al\u00e9m dos 3.381 relatados pela Organiza\u00e7\u00e3o das Na\u00e7\u00f5es Unidas (ONU) em quase 11 semanas de guerra no pa\u00eds, disse nesta ter\u00e7a-feira (10) a chefe da Miss\u00e3o de Monitoramento dos Direitos Humanos da ONU na Ucr\u00e2nia.A equipe, que inclui [&hellip;]\" \/>\n<meta property=\"og:url\" content=\"https:\/\/jornalfatosenoticias.com.br\/index.php\/2022\/05\/10\/onu-ha-milhares-de-mortos-a-mais-na-ucrania\/\" \/>\n<meta property=\"og:site_name\" content=\"Jornal Fatos e Not\u00edcias\" \/>\n<meta property=\"article:published_time\" content=\"2022-05-10T12:47:11+00:00\" \/>\n<meta property=\"article:modified_time\" content=\"2022-05-10T12:47:16+00:00\" \/>\n<meta property=\"og:image\" content=\"https:\/\/jornalfatosenoticias.com.br\/wp-content\/uploads\/2022\/05\/ukraine-crisis-1.jpg\" \/>\n\t<meta property=\"og:image:width\" content=\"1000\" \/>\n\t<meta property=\"og:image:height\" content=\"598\" \/>\n\t<meta property=\"og:image:type\" content=\"image\/jpeg\" \/>\n<meta name=\"author\" content=\"Luzimara Fernandes\" \/>\n<meta name=\"twitter:card\" content=\"summary_large_image\" \/>\n<meta name=\"twitter:label1\" content=\"Escrito por\" \/>\n\t<meta name=\"twitter:data1\" content=\"Luzimara Fernandes\" \/>\n\t<meta name=\"twitter:label2\" content=\"Est. tempo de leitura\" \/>\n\t<meta name=\"twitter:data2\" content=\"2 minutos\" \/>\n<script type=\"application\/ld+json\" class=\"yoast-schema-graph\">{\"@context\":\"https:\/\/schema.org\",\"@graph\":[{\"@type\":\"Article\",\"@id\":\"https:\/\/jornalfatosenoticias.com.br\/index.php\/2022\/05\/10\/onu-ha-milhares-de-mortos-a-mais-na-ucrania\/#article\",\"isPartOf\":{\"@id\":\"https:\/\/jornalfatosenoticias.com.br\/index.php\/2022\/05\/10\/onu-ha-milhares-de-mortos-a-mais-na-ucrania\/\"},\"author\":{\"name\":\"Luzimara Fernandes\",\"@id\":\"https:\/\/jornalfatosenoticias.com.br\/#\/schema\/person\/d63837fa13ac8666eb9e74e0985d6f81\"},\"headline\":\"ONU: h\u00e1 milhares de mortos a mais na Ucr\u00e2nia\",\"datePublished\":\"2022-05-10T12:47:11+00:00\",\"dateModified\":\"2022-05-10T12:47:16+00:00\",\"mainEntityOfPage\":{\"@id\":\"https:\/\/jornalfatosenoticias.com.br\/index.php\/2022\/05\/10\/onu-ha-milhares-de-mortos-a-mais-na-ucrania\/\"},\"wordCount\":325,\"commentCount\":0,\"publisher\":{\"@id\":\"https:\/\/jornalfatosenoticias.com.br\/#organization\"},\"image\":{\"@id\":\"https:\/\/jornalfatosenoticias.com.br\/index.php\/2022\/05\/10\/onu-ha-milhares-de-mortos-a-mais-na-ucrania\/#primaryimage\"},\"thumbnailUrl\":\"https:\/\/jornalfatosenoticias.com.br\/wp-content\/uploads\/2022\/05\/ukraine-crisis-1.jpg\",\"keywords\":[\"guerra\",\"mortos\",\"ONU\",\"opera\u00e7\u00e3o militar\",\"R\u00fassia\",\"Ucr\u00e2nia\"],\"articleSection\":[\"Internacional\"],\"inLanguage\":\"pt-BR\",\"potentialAction\":[{\"@type\":\"CommentAction\",\"name\":\"Comment\",\"target\":[\"https:\/\/jornalfatosenoticias.com.br\/index.php\/2022\/05\/10\/onu-ha-milhares-de-mortos-a-mais-na-ucrania\/#respond\"]}]},{\"@type\":\"WebPage\",\"@id\":\"https:\/\/jornalfatosenoticias.com.br\/index.php\/2022\/05\/10\/onu-ha-milhares-de-mortos-a-mais-na-ucrania\/\",\"url\":\"https:\/\/jornalfatosenoticias.com.br\/index.php\/2022\/05\/10\/onu-ha-milhares-de-mortos-a-mais-na-ucrania\/\",\"name\":\"ONU: h\u00e1 milhares de mortos a mais na Ucr\u00e2nia - Jornal Fatos e Not\u00edcias\",\"isPartOf\":{\"@id\":\"https:\/\/jornalfatosenoticias.com.br\/#website\"},\"primaryImageOfPage\":{\"@id\":\"https:\/\/jornalfatosenoticias.com.br\/index.php\/2022\/05\/10\/onu-ha-milhares-de-mortos-a-mais-na-ucrania\/#primaryimage\"},\"image\":{\"@id\":\"https:\/\/jornalfatosenoticias.com.br\/index.php\/2022\/05\/10\/onu-ha-milhares-de-mortos-a-mais-na-ucrania\/#primaryimage\"},\"thumbnailUrl\":\"https:\/\/jornalfatosenoticias.com.br\/wp-content\/uploads\/2022\/05\/ukraine-crisis-1.jpg\",\"datePublished\":\"2022-05-10T12:47:11+00:00\",\"dateModified\":\"2022-05-10T12:47:16+00:00\",\"breadcrumb\":{\"@id\":\"https:\/\/jornalfatosenoticias.com.br\/index.php\/2022\/05\/10\/onu-ha-milhares-de-mortos-a-mais-na-ucrania\/#breadcrumb\"},\"inLanguage\":\"pt-BR\",\"potentialAction\":[{\"@type\":\"ReadAction\",\"target\":[\"https:\/\/jornalfatosenoticias.com.br\/index.php\/2022\/05\/10\/onu-ha-milhares-de-mortos-a-mais-na-ucrania\/\"]}]},{\"@type\":\"ImageObject\",\"inLanguage\":\"pt-BR\",\"@id\":\"https:\/\/jornalfatosenoticias.com.br\/index.php\/2022\/05\/10\/onu-ha-milhares-de-mortos-a-mais-na-ucrania\/#primaryimage\",\"url\":\"https:\/\/jornalfatosenoticias.com.br\/wp-content\/uploads\/2022\/05\/ukraine-crisis-1.jpg\",\"contentUrl\":\"https:\/\/jornalfatosenoticias.com.br\/wp-content\/uploads\/2022\/05\/ukraine-crisis-1.jpg\",\"width\":1000,\"height\":598,\"caption\":\"Ukrainian servicemen carry a dead body on stretcher as Russia's invasion of Ukraine continues, in the town of Irpin outside Kyiv, Ukraine, March 12, 2022. REUTERS\/Marko Djurica TPX IMAGES OF THE DAY\"},{\"@type\":\"BreadcrumbList\",\"@id\":\"https:\/\/jornalfatosenoticias.com.br\/index.php\/2022\/05\/10\/onu-ha-milhares-de-mortos-a-mais-na-ucrania\/#breadcrumb\",\"itemListElement\":[{\"@type\":\"ListItem\",\"position\":1,\"name\":\"In\u00edcio\",\"item\":\"https:\/\/jornalfatosenoticias.com.br\/\"},{\"@type\":\"ListItem\",\"position\":2,\"name\":\"ONU: h\u00e1 milhares de mortos a mais na Ucr\u00e2nia\"}]},{\"@type\":\"WebSite\",\"@id\":\"https:\/\/jornalfatosenoticias.com.br\/#website\",\"url\":\"https:\/\/jornalfatosenoticias.com.br\/\",\"name\":\"Jornal Fatos e Not\u00edcias\",\"description\":\"Not\u00edcias em geral\",\"publisher\":{\"@id\":\"https:\/\/jornalfatosenoticias.com.br\/#organization\"},\"potentialAction\":[{\"@type\":\"SearchAction\",\"target\":{\"@type\":\"EntryPoint\",\"urlTemplate\":\"https:\/\/jornalfatosenoticias.com.br\/?s={search_term_string}\"},\"query-input\":{\"@type\":\"PropertyValueSpecification\",\"valueRequired\":true,\"valueName\":\"search_term_string\"}}],\"inLanguage\":\"pt-BR\"},{\"@type\":\"Organization\",\"@id\":\"https:\/\/jornalfatosenoticias.com.br\/#organization\",\"name\":\"Jornal Fatos e Not\u00edcias\",\"url\":\"https:\/\/jornalfatosenoticias.com.br\/\",\"logo\":{\"@type\":\"ImageObject\",\"inLanguage\":\"pt-BR\",\"@id\":\"https:\/\/jornalfatosenoticias.com.br\/#\/schema\/logo\/image\/\",\"url\":\"https:\/\/jornalfatosenoticias.com.br\/wp-content\/uploads\/2020\/02\/logo120.png\",\"contentUrl\":\"https:\/\/jornalfatosenoticias.com.br\/wp-content\/uploads\/2020\/02\/logo120.png\",\"width\":1227,\"height\":120,\"caption\":\"Jornal Fatos e Not\u00edcias\"},\"image\":{\"@id\":\"https:\/\/jornalfatosenoticias.com.br\/#\/schema\/logo\/image\/\"}},{\"@type\":\"Person\",\"@id\":\"https:\/\/jornalfatosenoticias.com.br\/#\/schema\/person\/d63837fa13ac8666eb9e74e0985d6f81\",\"name\":\"Luzimara Fernandes\",\"image\":{\"@type\":\"ImageObject\",\"inLanguage\":\"pt-BR\",\"@id\":\"https:\/\/jornalfatosenoticias.com.br\/#\/schema\/person\/image\/\",\"url\":\"https:\/\/jornalfatosenoticias.com.br\/wp-content\/uploads\/2025\/05\/EU_portal.jpg\",\"contentUrl\":\"https:\/\/jornalfatosenoticias.com.br\/wp-content\/uploads\/2025\/05\/EU_portal.jpg\",\"caption\":\"Luzimara Fernandes\"},\"description\":\"Jornalista MTB 2358-ES\",\"sameAs\":[\"https:\/\/jornalfatosenoticias.com.br\"],\"url\":\"https:\/\/jornalfatosenoticias.com.br\/index.php\/author\/luzimara\/\"}]}<\/script>\n<!-- \/ Yoast SEO plugin. -->","yoast_head_json":{"title":"ONU: h\u00e1 milhares de mortos a mais na Ucr\u00e2nia - Jornal Fatos e Not\u00edcias","robots":{"index":"index","follow":"follow","max-snippet":"max-snippet:-1","max-image-preview":"max-image-preview:large","max-video-preview":"max-video-preview:-1"},"canonical":"https:\/\/jornalfatosenoticias.com.br\/index.php\/2022\/05\/10\/onu-ha-milhares-de-mortos-a-mais-na-ucrania\/","og_locale":"pt_BR","og_type":"article","og_title":"ONU: h\u00e1 milhares de mortos a mais na Ucr\u00e2nia - Jornal Fatos e Not\u00edcias","og_description":"Maioria das mortes ocorreu devido ao uso de armas explosivas H\u00e1 milhares de civis mortos na Ucr\u00e2nia al\u00e9m dos 3.381 relatados pela Organiza\u00e7\u00e3o das Na\u00e7\u00f5es Unidas (ONU) em quase 11 semanas de guerra no pa\u00eds, disse nesta ter\u00e7a-feira (10) a chefe da Miss\u00e3o de Monitoramento dos Direitos Humanos da ONU na Ucr\u00e2nia.A equipe, que inclui [&hellip;]","og_url":"https:\/\/jornalfatosenoticias.com.br\/index.php\/2022\/05\/10\/onu-ha-milhares-de-mortos-a-mais-na-ucrania\/","og_site_name":"Jornal Fatos e Not\u00edcias","article_published_time":"2022-05-10T12:47:11+00:00","article_modified_time":"2022-05-10T12:47:16+00:00","og_image":[{"width":1000,"height":598,"url":"https:\/\/jornalfatosenoticias.com.br\/wp-content\/uploads\/2022\/05\/ukraine-crisis-1.jpg","type":"image\/jpeg"}],"author":"Luzimara Fernandes","twitter_card":"summary_large_image","twitter_misc":{"Escrito por":"Luzimara Fernandes","Est. tempo de leitura":"2 minutos"},"schema":{"@context":"https:\/\/schema.org","@graph":[{"@type":"Article","@id":"https:\/\/jornalfatosenoticias.com.br\/index.php\/2022\/05\/10\/onu-ha-milhares-de-mortos-a-mais-na-ucrania\/#article","isPartOf":{"@id":"https:\/\/jornalfatosenoticias.com.br\/index.php\/2022\/05\/10\/onu-ha-milhares-de-mortos-a-mais-na-ucrania\/"},"author":{"name":"Luzimara Fernandes","@id":"https:\/\/jornalfatosenoticias.com.br\/#\/schema\/person\/d63837fa13ac8666eb9e74e0985d6f81"},"headline":"ONU: h\u00e1 milhares de mortos a mais na Ucr\u00e2nia","datePublished":"2022-05-10T12:47:11+00:00","dateModified":"2022-05-10T12:47:16+00:00","mainEntityOfPage":{"@id":"https:\/\/jornalfatosenoticias.com.br\/index.php\/2022\/05\/10\/onu-ha-milhares-de-mortos-a-mais-na-ucrania\/"},"wordCount":325,"commentCount":0,"publisher":{"@id":"https:\/\/jornalfatosenoticias.com.br\/#organization"},"image":{"@id":"https:\/\/jornalfatosenoticias.com.br\/index.php\/2022\/05\/10\/onu-ha-milhares-de-mortos-a-mais-na-ucrania\/#primaryimage"},"thumbnailUrl":"https:\/\/jornalfatosenoticias.com.br\/wp-content\/uploads\/2022\/05\/ukraine-crisis-1.jpg","keywords":["guerra","mortos","ONU","opera\u00e7\u00e3o militar","R\u00fassia","Ucr\u00e2nia"],"articleSection":["Internacional"],"inLanguage":"pt-BR","potentialAction":[{"@type":"CommentAction","name":"Comment","target":["https:\/\/jornalfatosenoticias.com.br\/index.php\/2022\/05\/10\/onu-ha-milhares-de-mortos-a-mais-na-ucrania\/#respond"]}]},{"@type":"WebPage","@id":"https:\/\/jornalfatosenoticias.com.br\/index.php\/2022\/05\/10\/onu-ha-milhares-de-mortos-a-mais-na-ucrania\/","url":"https:\/\/jornalfatosenoticias.com.br\/index.php\/2022\/05\/10\/onu-ha-milhares-de-mortos-a-mais-na-ucrania\/","name":"ONU: h\u00e1 milhares de mortos a mais na Ucr\u00e2nia - Jornal Fatos e Not\u00edcias","isPartOf":{"@id":"https:\/\/jornalfatosenoticias.com.br\/#website"},"primaryImageOfPage":{"@id":"https:\/\/jornalfatosenoticias.com.br\/index.php\/2022\/05\/10\/onu-ha-milhares-de-mortos-a-mais-na-ucrania\/#primaryimage"},"image":{"@id":"https:\/\/jornalfatosenoticias.com.br\/index.php\/2022\/05\/10\/onu-ha-milhares-de-mortos-a-mais-na-ucrania\/#primaryimage"},"thumbnailUrl":"https:\/\/jornalfatosenoticias.com.br\/wp-content\/uploads\/2022\/05\/ukraine-crisis-1.jpg","datePublished":"2022-05-10T12:47:11+00:00","dateModified":"2022-05-10T12:47:16+00:00","breadcrumb":{"@id":"https:\/\/jornalfatosenoticias.com.br\/index.php\/2022\/05\/10\/onu-ha-milhares-de-mortos-a-mais-na-ucrania\/#breadcrumb"},"inLanguage":"pt-BR","potentialAction":[{"@type":"ReadAction","target":["https:\/\/jornalfatosenoticias.com.br\/index.php\/2022\/05\/10\/onu-ha-milhares-de-mortos-a-mais-na-ucrania\/"]}]},{"@type":"ImageObject","inLanguage":"pt-BR","@id":"https:\/\/jornalfatosenoticias.com.br\/index.php\/2022\/05\/10\/onu-ha-milhares-de-mortos-a-mais-na-ucrania\/#primaryimage","url":"https:\/\/jornalfatosenoticias.com.br\/wp-content\/uploads\/2022\/05\/ukraine-crisis-1.jpg","contentUrl":"https:\/\/jornalfatosenoticias.com.br\/wp-content\/uploads\/2022\/05\/ukraine-crisis-1.jpg","width":1000,"height":598,"caption":"Ukrainian servicemen carry a dead body on stretcher as Russia's invasion of Ukraine continues, in the town of Irpin outside Kyiv, Ukraine, March 12, 2022. REUTERS\/Marko Djurica TPX IMAGES OF THE DAY"},{"@type":"BreadcrumbList","@id":"https:\/\/jornalfatosenoticias.com.br\/index.php\/2022\/05\/10\/onu-ha-milhares-de-mortos-a-mais-na-ucrania\/#breadcrumb","itemListElement":[{"@type":"ListItem","position":1,"name":"In\u00edcio","item":"https:\/\/jornalfatosenoticias.com.br\/"},{"@type":"ListItem","position":2,"name":"ONU: h\u00e1 milhares de mortos a mais na Ucr\u00e2nia"}]},{"@type":"WebSite","@id":"https:\/\/jornalfatosenoticias.com.br\/#website","url":"https:\/\/jornalfatosenoticias.com.br\/","name":"Jornal Fatos e Not\u00edcias","description":"Not\u00edcias em geral","publisher":{"@id":"https:\/\/jornalfatosenoticias.com.br\/#organization"},"potentialAction":[{"@type":"SearchAction","target":{"@type":"EntryPoint","urlTemplate":"https:\/\/jornalfatosenoticias.com.br\/?s={search_term_string}"},"query-input":{"@type":"PropertyValueSpecification","valueRequired":true,"valueName":"search_term_string"}}],"inLanguage":"pt-BR"},{"@type":"Organization","@id":"https:\/\/jornalfatosenoticias.com.br\/#organization","name":"Jornal Fatos e Not\u00edcias","url":"https:\/\/jornalfatosenoticias.com.br\/","logo":{"@type":"ImageObject","inLanguage":"pt-BR","@id":"https:\/\/jornalfatosenoticias.com.br\/#\/schema\/logo\/image\/","url":"https:\/\/jornalfatosenoticias.com.br\/wp-content\/uploads\/2020\/02\/logo120.png","contentUrl":"https:\/\/jornalfatosenoticias.com.br\/wp-content\/uploads\/2020\/02\/logo120.png","width":1227,"height":120,"caption":"Jornal Fatos e Not\u00edcias"},"image":{"@id":"https:\/\/jornalfatosenoticias.com.br\/#\/schema\/logo\/image\/"}},{"@type":"Person","@id":"https:\/\/jornalfatosenoticias.com.br\/#\/schema\/person\/d63837fa13ac8666eb9e74e0985d6f81","name":"Luzimara Fernandes","image":{"@type":"ImageObject","inLanguage":"pt-BR","@id":"https:\/\/jornalfatosenoticias.com.br\/#\/schema\/person\/image\/","url":"https:\/\/jornalfatosenoticias.com.br\/wp-content\/uploads\/2025\/05\/EU_portal.jpg","contentUrl":"https:\/\/jornalfatosenoticias.com.br\/wp-content\/uploads\/2025\/05\/EU_portal.jpg","caption":"Luzimara Fernandes"},"description":"Jornalista MTB 2358-ES","sameAs":["https:\/\/jornalfatosenoticias.com.br"],"url":"https:\/\/jornalfatosenoticias.com.br\/index.php\/author\/luzimara\/"}]}},"cc_featured_image_caption":{"caption_text":"(Foto: Reuters\/Marko Djurica\/Direitos Reservados) ","source_text":"","source_url":""},"jetpack_featured_media_url":"https:\/\/jornalfatosenoticias.com.br\/wp-content\/uploads\/2022\/05\/ukraine-crisis-1.jpg","_links":{"self":[{"href":"https:\/\/jornalfatosenoticias.com.br\/index.php\/wp-json\/wp\/v2\/posts\/30228","targetHints":{"allow":["GET"]}}],"collection":[{"href":"https:\/\/jornalfatosenoticias.com.br\/index.php\/wp-json\/wp\/v2\/posts"}],"about":[{"href":"https:\/\/jornalfatosenoticias.com.br\/index.php\/wp-json\/wp\/v2\/types\/post"}],"author":[{"embeddable":true,"href":"https:\/\/jornalfatosenoticias.com.br\/index.php\/wp-json\/wp\/v2\/users\/2"}],"replies":[{"embeddable":true,"href":"https:\/\/jornalfatosenoticias.com.br\/index.php\/wp-json\/wp\/v2\/comments?post=30228"}],"version-history":[{"count":0,"href":"https:\/\/jornalfatosenoticias.com.br\/index.php\/wp-json\/wp\/v2\/posts\/30228\/revisions"}],"wp:featuredmedia":[{"embeddable":true,"href":"https:\/\/jornalfatosenoticias.com.br\/index.php\/wp-json\/wp\/v2\/media\/30229"}],"wp:attachment":[{"href":"https:\/\/jornalfatosenoticias.com.br\/index.php\/wp-json\/wp\/v2\/media?parent=30228"}],"wp:term":[{"taxonomy":"category","embeddable":true,"href":"https:\/\/jornalfatosenoticias.com.br\/index.php\/wp-json\/wp\/v2\/categories?post=30228"},{"taxonomy":"post_tag","embeddable":true,"href":"https:\/\/jornalfatosenoticias.com.br\/index.php\/wp-json\/wp\/v2\/tags?post=30228"}],"curies":[{"name":"wp","href":"https:\/\/api.w.org\/{rel}","templated":true}]}}