{"id":30258,"date":"2022-05-10T12:52:22","date_gmt":"2022-05-10T15:52:22","guid":{"rendered":"https:\/\/jornalfatosenoticias.com.br\/?p=30258"},"modified":"2022-05-10T12:52:25","modified_gmt":"2022-05-10T15:52:25","slug":"eclipse-lunar-total-formara-lua-de-sangue-no-proximo-domingo","status":"publish","type":"post","link":"https:\/\/jornalfatosenoticias.com.br\/index.php\/2022\/05\/10\/eclipse-lunar-total-formara-lua-de-sangue-no-proximo-domingo\/","title":{"rendered":"Eclipse lunar total formar\u00e1 \u201cLua de Sangue\u201d no pr\u00f3ximo domingo"},"content":{"rendered":"\n<div class=\"wp-block-image\"><figure class=\"aligncenter size-large is-resized\"><img loading=\"lazy\" decoding=\"async\" src=\"https:\/\/jornalfatosenoticias.com.br\/wp-content\/uploads\/2022\/02\/Banner-1-1024x101.png\" alt=\"\" class=\"wp-image-27923\" width=\"323\" height=\"31\"\/><\/figure><\/div>\n\n\n\n<p>Um verdadeiro espet\u00e1culo astron\u00f4mico est\u00e1 previsto para a pr\u00f3xima semana: um eclipse lunar total, tamb\u00e9m conhecido como Lua de Sangue. A <a href=\"https:\/\/olhardigital.com.br\/2021\/11\/11\/ciencia-e-espaco\/quem-e-o-dono-da-lua\/\" target=\"_blank\" rel=\"noreferrer noopener\">Lua\u00a0<\/a>come\u00e7ar\u00e1 a passar pela sombra da\u00a0<a href=\"https:\/\/olhardigital.com.br\/2022\/05\/06\/ciencia-e-espaco\/complexo-de-observatorios-espaciais-maior-do-que-a-terra-avanca-uma-fase-de-desenvolvimento\/\" target=\"_blank\" rel=\"noreferrer noopener\">Terra<\/a> \u00e0s 23h28 do domingo (15) e terminar\u00e1 \u00e0s 2h55 de segunda-feira (16). Segundo os c\u00e1lculos estimativos, o per\u00edodo em que ela estar\u00e1 totalmente coberta ser\u00e1 de 0h30 \u00e0 1h54.<br>O fen\u00f4meno ser\u00e1 vis\u00edvel para quem estiver na Am\u00e9rica do Norte e do Sul, Europa, \u00c1frica e partes da \u00c1sia. J\u00e1 para a <a href=\"https:\/\/olhardigital.com.br\/2021\/03\/03\/ciencia-e-espaco\/tubaroes-que-brilham-no-escuro-sao-encontrados-na-nova-zelandia\/\" target=\"_blank\" rel=\"noreferrer noopener\">Nova Zel\u00e2ndia<\/a>, o leste da Europa e o Oriente M\u00e9dio, o eclipse ser\u00e1 penumbral (quando a Lua passa somente pela penumbra da Terra, de modo que sua cobertura, ainda que total, \u00e9 quase impercept\u00edvel \u2014 ela n\u00e3o fica nem escondida, apenas com o brilho mais fraco).<br>Segundo Fred Espenak, astrof\u00edsico famoso por seu trabalho em previs\u00f5es de eclipses, a lua cheia de 15 de maio ser\u00e1 uma superlua, como \u00e9 chamada quando ocorre no perigeu (a posi\u00e7\u00e3o mais pr\u00f3xima da Terra no m\u00eas).<\/p>\n\n\n\n<div class=\"wp-block-image\"><figure class=\"aligncenter size-large\"><img decoding=\"async\" src=\"https:\/\/jornalfatosenoticias.com.br\/wp-content\/uploads\/2020\/02\/logo_esteio.jpg\" alt=\"\" class=\"wp-image-1214\"\/><\/figure><\/div>\n\n\n\n<figure class=\"wp-block-image size-large\"><img loading=\"lazy\" decoding=\"async\" width=\"834\" height=\"512\" src=\"https:\/\/jornalfatosenoticias.com.br\/wp-content\/uploads\/2022\/05\/eclipse-lunar.gif\" alt=\"\" class=\"wp-image-30259\"\/><figcaption><em><span class=\"has-inline-color has-black-color\">(Imagem: Ag\u00eancia Espacial Europeia (ESA))<\/span><\/em><\/figcaption><\/figure>\n\n\n\n<div class=\"wp-block-image\"><figure class=\"alignleft size-large is-resized\"><img loading=\"lazy\" decoding=\"async\" src=\"https:\/\/jornalfatosenoticias.com.br\/wp-content\/uploads\/2020\/02\/nova-logo-Marquetti.jpg\" alt=\"\" class=\"wp-image-22331\" width=\"282\" height=\"190\" srcset=\"https:\/\/jornalfatosenoticias.com.br\/wp-content\/uploads\/2020\/02\/nova-logo-Marquetti.jpg 643w, https:\/\/jornalfatosenoticias.com.br\/wp-content\/uploads\/2020\/02\/nova-logo-Marquetti-300x202.jpg 300w\" sizes=\"auto, (max-width: 282px) 100vw, 282px\" \/><\/figure><\/div>\n\n\n\n<p>Se voc\u00ea n\u00e3o conseguir assistir ao evento olhando diretamente para o c\u00e9u (seja em raz\u00e3o do tempo nublado ou por n\u00e3o estar em um local prop\u00edcio), n\u00e3o se preocupe, pois v\u00e1rias plataformas na Internet prometem fazer a transmiss\u00e3o do eclipse em tempo real.<br>Uma delas \u00e9 o <a href=\"https:\/\/www.youtube.com\/watch?v=vGIaEIICIcs\" target=\"_blank\" rel=\"noreferrer noopener\">canal oficial da Nasa no YouTube<\/a>. &#8220;Junte-se a especialistas da Nasa para aprender sobre esse incr\u00edvel fen\u00f4meno natural, olhar atrav\u00e9s de vistas de telesc\u00f3pios em todo o mundo e ouvir sobre os planos de retornar humanos \u00e0 superf\u00edcie lunar com o programa <a href=\"https:\/\/olhardigital.com.br\/tag\/programa-artemis\/\" target=\"_blank\" rel=\"noreferrer noopener\">Artemis<\/a>&#8220;, diz um comunicado da ag\u00eancia, afirmando que os espectadores poder\u00e3o fazer perguntas ao vivo.<br>O fen\u00f4meno tamb\u00e9m poder\u00e1 ser acompanhado por meio de canais brasileiros, como o do Observat\u00f3rio Astron\u00f4mico Rei do Universo (<a href=\"https:\/\/www.youtube.com\/channel\/UCwa4U_fkPwQXeOKdgKuSwdQ\" target=\"_blank\" rel=\"noreferrer noopener\">OARU<\/a>) e o do\u00a0<a href=\"https:\/\/www.youtube.com\/user\/observatorionacional\" target=\"_blank\" rel=\"noreferrer noopener\">Observat\u00f3rio Nacional<\/a>, que costuma sempre promover <em>lives<\/em> comentadas.<\/p>\n\n\n\n<p><strong><em>Fonte: <a href=\"https:\/\/olhardigital.com.br\/2022\/05\/09\/ciencia-e-espaco\/eclipse-lunar-total-formara-lua-de-sangue-no-proximo-domingo-saiba-como-assistir\/\">Olhar Digital<\/a><\/em><\/strong><\/p>\n","protected":false},"excerpt":{"rendered":"<p>Um verdadeiro espet\u00e1culo astron\u00f4mico est\u00e1 previsto para a pr\u00f3xima semana: um eclipse lunar total, tamb\u00e9m conhecido como Lua de Sangue. A Lua\u00a0come\u00e7ar\u00e1 a passar pela sombra da\u00a0Terra \u00e0s 23h28 do domingo (15) e terminar\u00e1 \u00e0s 2h55 de segunda-feira (16). Segundo os c\u00e1lculos estimativos, o per\u00edodo em que ela estar\u00e1 totalmente coberta ser\u00e1 de 0h30 \u00e0 [&hellip;]<\/p>\n","protected":false},"author":2,"featured_media":30260,"comment_status":"open","ping_status":"open","sticky":false,"template":"","format":"standard","meta":{"footnotes":""},"categories":[2],"tags":[4209,4210,3226,84,164,14359],"class_list":["post-30258","post","type-post","status-publish","format-standard","has-post-thumbnail","hentry","category-ciencia","tag-eclipse","tag-eclipse-lunar","tag-lives","tag-lua","tag-nasa","tag-transmissao-ao-vivo"],"yoast_head":"<!-- This site is optimized with the Yoast SEO plugin v26.5 - https:\/\/yoast.com\/wordpress\/plugins\/seo\/ -->\n<title>Eclipse lunar total formar\u00e1 \u201cLua de Sangue\u201d no pr\u00f3ximo domingo - Jornal Fatos e Not\u00edcias<\/title>\n<meta name=\"robots\" content=\"index, follow, max-snippet:-1, max-image-preview:large, max-video-preview:-1\" \/>\n<link rel=\"canonical\" href=\"https:\/\/jornalfatosenoticias.com.br\/index.php\/2022\/05\/10\/eclipse-lunar-total-formara-lua-de-sangue-no-proximo-domingo\/\" \/>\n<meta property=\"og:locale\" content=\"pt_BR\" \/>\n<meta property=\"og:type\" content=\"article\" \/>\n<meta property=\"og:title\" content=\"Eclipse lunar total formar\u00e1 \u201cLua de Sangue\u201d no pr\u00f3ximo domingo - Jornal Fatos e Not\u00edcias\" \/>\n<meta property=\"og:description\" content=\"Um verdadeiro espet\u00e1culo astron\u00f4mico est\u00e1 previsto para a pr\u00f3xima semana: um eclipse lunar total, tamb\u00e9m conhecido como Lua de Sangue. A Lua\u00a0come\u00e7ar\u00e1 a passar pela sombra da\u00a0Terra \u00e0s 23h28 do domingo (15) e terminar\u00e1 \u00e0s 2h55 de segunda-feira (16). Segundo os c\u00e1lculos estimativos, o per\u00edodo em que ela estar\u00e1 totalmente coberta ser\u00e1 de 0h30 \u00e0 [&hellip;]\" \/>\n<meta property=\"og:url\" content=\"https:\/\/jornalfatosenoticias.com.br\/index.php\/2022\/05\/10\/eclipse-lunar-total-formara-lua-de-sangue-no-proximo-domingo\/\" \/>\n<meta property=\"og:site_name\" content=\"Jornal Fatos e Not\u00edcias\" \/>\n<meta property=\"article:published_time\" content=\"2022-05-10T15:52:22+00:00\" \/>\n<meta property=\"article:modified_time\" content=\"2022-05-10T15:52:25+00:00\" \/>\n<meta property=\"og:image\" content=\"https:\/\/jornalfatosenoticias.com.br\/wp-content\/uploads\/2022\/05\/eclipse-lua-de-sangue.jpg\" \/>\n\t<meta property=\"og:image:width\" content=\"1000\" \/>\n\t<meta property=\"og:image:height\" content=\"450\" \/>\n\t<meta property=\"og:image:type\" content=\"image\/jpeg\" \/>\n<meta name=\"author\" content=\"Luzimara Fernandes\" \/>\n<meta name=\"twitter:card\" content=\"summary_large_image\" \/>\n<meta name=\"twitter:label1\" content=\"Escrito por\" \/>\n\t<meta name=\"twitter:data1\" content=\"Luzimara Fernandes\" \/>\n\t<meta name=\"twitter:label2\" content=\"Est. tempo de leitura\" \/>\n\t<meta name=\"twitter:data2\" content=\"2 minutos\" \/>\n<script type=\"application\/ld+json\" class=\"yoast-schema-graph\">{\"@context\":\"https:\/\/schema.org\",\"@graph\":[{\"@type\":\"Article\",\"@id\":\"https:\/\/jornalfatosenoticias.com.br\/index.php\/2022\/05\/10\/eclipse-lunar-total-formara-lua-de-sangue-no-proximo-domingo\/#article\",\"isPartOf\":{\"@id\":\"https:\/\/jornalfatosenoticias.com.br\/index.php\/2022\/05\/10\/eclipse-lunar-total-formara-lua-de-sangue-no-proximo-domingo\/\"},\"author\":{\"name\":\"Luzimara Fernandes\",\"@id\":\"https:\/\/jornalfatosenoticias.com.br\/#\/schema\/person\/d63837fa13ac8666eb9e74e0985d6f81\"},\"headline\":\"Eclipse lunar total formar\u00e1 \u201cLua de Sangue\u201d no pr\u00f3ximo domingo\",\"datePublished\":\"2022-05-10T15:52:22+00:00\",\"dateModified\":\"2022-05-10T15:52:25+00:00\",\"mainEntityOfPage\":{\"@id\":\"https:\/\/jornalfatosenoticias.com.br\/index.php\/2022\/05\/10\/eclipse-lunar-total-formara-lua-de-sangue-no-proximo-domingo\/\"},\"wordCount\":349,\"commentCount\":0,\"publisher\":{\"@id\":\"https:\/\/jornalfatosenoticias.com.br\/#organization\"},\"image\":{\"@id\":\"https:\/\/jornalfatosenoticias.com.br\/index.php\/2022\/05\/10\/eclipse-lunar-total-formara-lua-de-sangue-no-proximo-domingo\/#primaryimage\"},\"thumbnailUrl\":\"https:\/\/jornalfatosenoticias.com.br\/wp-content\/uploads\/2022\/05\/eclipse-lua-de-sangue.jpg\",\"keywords\":[\"eclipse\",\"eclipse lunar\",\"lives\",\"lua\",\"Nasa\",\"transmiss\u00e3o ao vivo\"],\"articleSection\":[\"Ci\u00eancia\"],\"inLanguage\":\"pt-BR\",\"potentialAction\":[{\"@type\":\"CommentAction\",\"name\":\"Comment\",\"target\":[\"https:\/\/jornalfatosenoticias.com.br\/index.php\/2022\/05\/10\/eclipse-lunar-total-formara-lua-de-sangue-no-proximo-domingo\/#respond\"]}]},{\"@type\":\"WebPage\",\"@id\":\"https:\/\/jornalfatosenoticias.com.br\/index.php\/2022\/05\/10\/eclipse-lunar-total-formara-lua-de-sangue-no-proximo-domingo\/\",\"url\":\"https:\/\/jornalfatosenoticias.com.br\/index.php\/2022\/05\/10\/eclipse-lunar-total-formara-lua-de-sangue-no-proximo-domingo\/\",\"name\":\"Eclipse lunar total formar\u00e1 \u201cLua de Sangue\u201d no pr\u00f3ximo domingo - Jornal Fatos e Not\u00edcias\",\"isPartOf\":{\"@id\":\"https:\/\/jornalfatosenoticias.com.br\/#website\"},\"primaryImageOfPage\":{\"@id\":\"https:\/\/jornalfatosenoticias.com.br\/index.php\/2022\/05\/10\/eclipse-lunar-total-formara-lua-de-sangue-no-proximo-domingo\/#primaryimage\"},\"image\":{\"@id\":\"https:\/\/jornalfatosenoticias.com.br\/index.php\/2022\/05\/10\/eclipse-lunar-total-formara-lua-de-sangue-no-proximo-domingo\/#primaryimage\"},\"thumbnailUrl\":\"https:\/\/jornalfatosenoticias.com.br\/wp-content\/uploads\/2022\/05\/eclipse-lua-de-sangue.jpg\",\"datePublished\":\"2022-05-10T15:52:22+00:00\",\"dateModified\":\"2022-05-10T15:52:25+00:00\",\"breadcrumb\":{\"@id\":\"https:\/\/jornalfatosenoticias.com.br\/index.php\/2022\/05\/10\/eclipse-lunar-total-formara-lua-de-sangue-no-proximo-domingo\/#breadcrumb\"},\"inLanguage\":\"pt-BR\",\"potentialAction\":[{\"@type\":\"ReadAction\",\"target\":[\"https:\/\/jornalfatosenoticias.com.br\/index.php\/2022\/05\/10\/eclipse-lunar-total-formara-lua-de-sangue-no-proximo-domingo\/\"]}]},{\"@type\":\"ImageObject\",\"inLanguage\":\"pt-BR\",\"@id\":\"https:\/\/jornalfatosenoticias.com.br\/index.php\/2022\/05\/10\/eclipse-lunar-total-formara-lua-de-sangue-no-proximo-domingo\/#primaryimage\",\"url\":\"https:\/\/jornalfatosenoticias.com.br\/wp-content\/uploads\/2022\/05\/eclipse-lua-de-sangue.jpg\",\"contentUrl\":\"https:\/\/jornalfatosenoticias.com.br\/wp-content\/uploads\/2022\/05\/eclipse-lua-de-sangue.jpg\",\"width\":1000,\"height\":450},{\"@type\":\"BreadcrumbList\",\"@id\":\"https:\/\/jornalfatosenoticias.com.br\/index.php\/2022\/05\/10\/eclipse-lunar-total-formara-lua-de-sangue-no-proximo-domingo\/#breadcrumb\",\"itemListElement\":[{\"@type\":\"ListItem\",\"position\":1,\"name\":\"In\u00edcio\",\"item\":\"https:\/\/jornalfatosenoticias.com.br\/\"},{\"@type\":\"ListItem\",\"position\":2,\"name\":\"Eclipse lunar total formar\u00e1 \u201cLua de Sangue\u201d no pr\u00f3ximo domingo\"}]},{\"@type\":\"WebSite\",\"@id\":\"https:\/\/jornalfatosenoticias.com.br\/#website\",\"url\":\"https:\/\/jornalfatosenoticias.com.br\/\",\"name\":\"Jornal Fatos e Not\u00edcias\",\"description\":\"Not\u00edcias em geral\",\"publisher\":{\"@id\":\"https:\/\/jornalfatosenoticias.com.br\/#organization\"},\"potentialAction\":[{\"@type\":\"SearchAction\",\"target\":{\"@type\":\"EntryPoint\",\"urlTemplate\":\"https:\/\/jornalfatosenoticias.com.br\/?s={search_term_string}\"},\"query-input\":{\"@type\":\"PropertyValueSpecification\",\"valueRequired\":true,\"valueName\":\"search_term_string\"}}],\"inLanguage\":\"pt-BR\"},{\"@type\":\"Organization\",\"@id\":\"https:\/\/jornalfatosenoticias.com.br\/#organization\",\"name\":\"Jornal Fatos e Not\u00edcias\",\"url\":\"https:\/\/jornalfatosenoticias.com.br\/\",\"logo\":{\"@type\":\"ImageObject\",\"inLanguage\":\"pt-BR\",\"@id\":\"https:\/\/jornalfatosenoticias.com.br\/#\/schema\/logo\/image\/\",\"url\":\"https:\/\/jornalfatosenoticias.com.br\/wp-content\/uploads\/2020\/02\/logo120.png\",\"contentUrl\":\"https:\/\/jornalfatosenoticias.com.br\/wp-content\/uploads\/2020\/02\/logo120.png\",\"width\":1227,\"height\":120,\"caption\":\"Jornal Fatos e Not\u00edcias\"},\"image\":{\"@id\":\"https:\/\/jornalfatosenoticias.com.br\/#\/schema\/logo\/image\/\"}},{\"@type\":\"Person\",\"@id\":\"https:\/\/jornalfatosenoticias.com.br\/#\/schema\/person\/d63837fa13ac8666eb9e74e0985d6f81\",\"name\":\"Luzimara Fernandes\",\"image\":{\"@type\":\"ImageObject\",\"inLanguage\":\"pt-BR\",\"@id\":\"https:\/\/jornalfatosenoticias.com.br\/#\/schema\/person\/image\/\",\"url\":\"https:\/\/jornalfatosenoticias.com.br\/wp-content\/uploads\/2025\/05\/EU_portal.jpg\",\"contentUrl\":\"https:\/\/jornalfatosenoticias.com.br\/wp-content\/uploads\/2025\/05\/EU_portal.jpg\",\"caption\":\"Luzimara Fernandes\"},\"description\":\"Jornalista MTB 2358-ES\",\"sameAs\":[\"https:\/\/jornalfatosenoticias.com.br\"],\"url\":\"https:\/\/jornalfatosenoticias.com.br\/index.php\/author\/luzimara\/\"}]}<\/script>\n<!-- \/ Yoast SEO plugin. -->","yoast_head_json":{"title":"Eclipse lunar total formar\u00e1 \u201cLua de Sangue\u201d no pr\u00f3ximo domingo - Jornal Fatos e Not\u00edcias","robots":{"index":"index","follow":"follow","max-snippet":"max-snippet:-1","max-image-preview":"max-image-preview:large","max-video-preview":"max-video-preview:-1"},"canonical":"https:\/\/jornalfatosenoticias.com.br\/index.php\/2022\/05\/10\/eclipse-lunar-total-formara-lua-de-sangue-no-proximo-domingo\/","og_locale":"pt_BR","og_type":"article","og_title":"Eclipse lunar total formar\u00e1 \u201cLua de Sangue\u201d no pr\u00f3ximo domingo - Jornal Fatos e Not\u00edcias","og_description":"Um verdadeiro espet\u00e1culo astron\u00f4mico est\u00e1 previsto para a pr\u00f3xima semana: um eclipse lunar total, tamb\u00e9m conhecido como Lua de Sangue. A Lua\u00a0come\u00e7ar\u00e1 a passar pela sombra da\u00a0Terra \u00e0s 23h28 do domingo (15) e terminar\u00e1 \u00e0s 2h55 de segunda-feira (16). Segundo os c\u00e1lculos estimativos, o per\u00edodo em que ela estar\u00e1 totalmente coberta ser\u00e1 de 0h30 \u00e0 [&hellip;]","og_url":"https:\/\/jornalfatosenoticias.com.br\/index.php\/2022\/05\/10\/eclipse-lunar-total-formara-lua-de-sangue-no-proximo-domingo\/","og_site_name":"Jornal Fatos e Not\u00edcias","article_published_time":"2022-05-10T15:52:22+00:00","article_modified_time":"2022-05-10T15:52:25+00:00","og_image":[{"width":1000,"height":450,"url":"https:\/\/jornalfatosenoticias.com.br\/wp-content\/uploads\/2022\/05\/eclipse-lua-de-sangue.jpg","type":"image\/jpeg"}],"author":"Luzimara Fernandes","twitter_card":"summary_large_image","twitter_misc":{"Escrito por":"Luzimara Fernandes","Est. tempo de leitura":"2 minutos"},"schema":{"@context":"https:\/\/schema.org","@graph":[{"@type":"Article","@id":"https:\/\/jornalfatosenoticias.com.br\/index.php\/2022\/05\/10\/eclipse-lunar-total-formara-lua-de-sangue-no-proximo-domingo\/#article","isPartOf":{"@id":"https:\/\/jornalfatosenoticias.com.br\/index.php\/2022\/05\/10\/eclipse-lunar-total-formara-lua-de-sangue-no-proximo-domingo\/"},"author":{"name":"Luzimara Fernandes","@id":"https:\/\/jornalfatosenoticias.com.br\/#\/schema\/person\/d63837fa13ac8666eb9e74e0985d6f81"},"headline":"Eclipse lunar total formar\u00e1 \u201cLua de Sangue\u201d no pr\u00f3ximo domingo","datePublished":"2022-05-10T15:52:22+00:00","dateModified":"2022-05-10T15:52:25+00:00","mainEntityOfPage":{"@id":"https:\/\/jornalfatosenoticias.com.br\/index.php\/2022\/05\/10\/eclipse-lunar-total-formara-lua-de-sangue-no-proximo-domingo\/"},"wordCount":349,"commentCount":0,"publisher":{"@id":"https:\/\/jornalfatosenoticias.com.br\/#organization"},"image":{"@id":"https:\/\/jornalfatosenoticias.com.br\/index.php\/2022\/05\/10\/eclipse-lunar-total-formara-lua-de-sangue-no-proximo-domingo\/#primaryimage"},"thumbnailUrl":"https:\/\/jornalfatosenoticias.com.br\/wp-content\/uploads\/2022\/05\/eclipse-lua-de-sangue.jpg","keywords":["eclipse","eclipse lunar","lives","lua","Nasa","transmiss\u00e3o ao vivo"],"articleSection":["Ci\u00eancia"],"inLanguage":"pt-BR","potentialAction":[{"@type":"CommentAction","name":"Comment","target":["https:\/\/jornalfatosenoticias.com.br\/index.php\/2022\/05\/10\/eclipse-lunar-total-formara-lua-de-sangue-no-proximo-domingo\/#respond"]}]},{"@type":"WebPage","@id":"https:\/\/jornalfatosenoticias.com.br\/index.php\/2022\/05\/10\/eclipse-lunar-total-formara-lua-de-sangue-no-proximo-domingo\/","url":"https:\/\/jornalfatosenoticias.com.br\/index.php\/2022\/05\/10\/eclipse-lunar-total-formara-lua-de-sangue-no-proximo-domingo\/","name":"Eclipse lunar total formar\u00e1 \u201cLua de Sangue\u201d no pr\u00f3ximo domingo - Jornal Fatos e Not\u00edcias","isPartOf":{"@id":"https:\/\/jornalfatosenoticias.com.br\/#website"},"primaryImageOfPage":{"@id":"https:\/\/jornalfatosenoticias.com.br\/index.php\/2022\/05\/10\/eclipse-lunar-total-formara-lua-de-sangue-no-proximo-domingo\/#primaryimage"},"image":{"@id":"https:\/\/jornalfatosenoticias.com.br\/index.php\/2022\/05\/10\/eclipse-lunar-total-formara-lua-de-sangue-no-proximo-domingo\/#primaryimage"},"thumbnailUrl":"https:\/\/jornalfatosenoticias.com.br\/wp-content\/uploads\/2022\/05\/eclipse-lua-de-sangue.jpg","datePublished":"2022-05-10T15:52:22+00:00","dateModified":"2022-05-10T15:52:25+00:00","breadcrumb":{"@id":"https:\/\/jornalfatosenoticias.com.br\/index.php\/2022\/05\/10\/eclipse-lunar-total-formara-lua-de-sangue-no-proximo-domingo\/#breadcrumb"},"inLanguage":"pt-BR","potentialAction":[{"@type":"ReadAction","target":["https:\/\/jornalfatosenoticias.com.br\/index.php\/2022\/05\/10\/eclipse-lunar-total-formara-lua-de-sangue-no-proximo-domingo\/"]}]},{"@type":"ImageObject","inLanguage":"pt-BR","@id":"https:\/\/jornalfatosenoticias.com.br\/index.php\/2022\/05\/10\/eclipse-lunar-total-formara-lua-de-sangue-no-proximo-domingo\/#primaryimage","url":"https:\/\/jornalfatosenoticias.com.br\/wp-content\/uploads\/2022\/05\/eclipse-lua-de-sangue.jpg","contentUrl":"https:\/\/jornalfatosenoticias.com.br\/wp-content\/uploads\/2022\/05\/eclipse-lua-de-sangue.jpg","width":1000,"height":450},{"@type":"BreadcrumbList","@id":"https:\/\/jornalfatosenoticias.com.br\/index.php\/2022\/05\/10\/eclipse-lunar-total-formara-lua-de-sangue-no-proximo-domingo\/#breadcrumb","itemListElement":[{"@type":"ListItem","position":1,"name":"In\u00edcio","item":"https:\/\/jornalfatosenoticias.com.br\/"},{"@type":"ListItem","position":2,"name":"Eclipse lunar total formar\u00e1 \u201cLua de Sangue\u201d no pr\u00f3ximo domingo"}]},{"@type":"WebSite","@id":"https:\/\/jornalfatosenoticias.com.br\/#website","url":"https:\/\/jornalfatosenoticias.com.br\/","name":"Jornal Fatos e Not\u00edcias","description":"Not\u00edcias em geral","publisher":{"@id":"https:\/\/jornalfatosenoticias.com.br\/#organization"},"potentialAction":[{"@type":"SearchAction","target":{"@type":"EntryPoint","urlTemplate":"https:\/\/jornalfatosenoticias.com.br\/?s={search_term_string}"},"query-input":{"@type":"PropertyValueSpecification","valueRequired":true,"valueName":"search_term_string"}}],"inLanguage":"pt-BR"},{"@type":"Organization","@id":"https:\/\/jornalfatosenoticias.com.br\/#organization","name":"Jornal Fatos e Not\u00edcias","url":"https:\/\/jornalfatosenoticias.com.br\/","logo":{"@type":"ImageObject","inLanguage":"pt-BR","@id":"https:\/\/jornalfatosenoticias.com.br\/#\/schema\/logo\/image\/","url":"https:\/\/jornalfatosenoticias.com.br\/wp-content\/uploads\/2020\/02\/logo120.png","contentUrl":"https:\/\/jornalfatosenoticias.com.br\/wp-content\/uploads\/2020\/02\/logo120.png","width":1227,"height":120,"caption":"Jornal Fatos e Not\u00edcias"},"image":{"@id":"https:\/\/jornalfatosenoticias.com.br\/#\/schema\/logo\/image\/"}},{"@type":"Person","@id":"https:\/\/jornalfatosenoticias.com.br\/#\/schema\/person\/d63837fa13ac8666eb9e74e0985d6f81","name":"Luzimara Fernandes","image":{"@type":"ImageObject","inLanguage":"pt-BR","@id":"https:\/\/jornalfatosenoticias.com.br\/#\/schema\/person\/image\/","url":"https:\/\/jornalfatosenoticias.com.br\/wp-content\/uploads\/2025\/05\/EU_portal.jpg","contentUrl":"https:\/\/jornalfatosenoticias.com.br\/wp-content\/uploads\/2025\/05\/EU_portal.jpg","caption":"Luzimara Fernandes"},"description":"Jornalista MTB 2358-ES","sameAs":["https:\/\/jornalfatosenoticias.com.br"],"url":"https:\/\/jornalfatosenoticias.com.br\/index.php\/author\/luzimara\/"}]}},"cc_featured_image_caption":{"caption_text":"(Foto: Shutterstock) ","source_text":"","source_url":""},"jetpack_featured_media_url":"https:\/\/jornalfatosenoticias.com.br\/wp-content\/uploads\/2022\/05\/eclipse-lua-de-sangue.jpg","_links":{"self":[{"href":"https:\/\/jornalfatosenoticias.com.br\/index.php\/wp-json\/wp\/v2\/posts\/30258","targetHints":{"allow":["GET"]}}],"collection":[{"href":"https:\/\/jornalfatosenoticias.com.br\/index.php\/wp-json\/wp\/v2\/posts"}],"about":[{"href":"https:\/\/jornalfatosenoticias.com.br\/index.php\/wp-json\/wp\/v2\/types\/post"}],"author":[{"embeddable":true,"href":"https:\/\/jornalfatosenoticias.com.br\/index.php\/wp-json\/wp\/v2\/users\/2"}],"replies":[{"embeddable":true,"href":"https:\/\/jornalfatosenoticias.com.br\/index.php\/wp-json\/wp\/v2\/comments?post=30258"}],"version-history":[{"count":0,"href":"https:\/\/jornalfatosenoticias.com.br\/index.php\/wp-json\/wp\/v2\/posts\/30258\/revisions"}],"wp:featuredmedia":[{"embeddable":true,"href":"https:\/\/jornalfatosenoticias.com.br\/index.php\/wp-json\/wp\/v2\/media\/30260"}],"wp:attachment":[{"href":"https:\/\/jornalfatosenoticias.com.br\/index.php\/wp-json\/wp\/v2\/media?parent=30258"}],"wp:term":[{"taxonomy":"category","embeddable":true,"href":"https:\/\/jornalfatosenoticias.com.br\/index.php\/wp-json\/wp\/v2\/categories?post=30258"},{"taxonomy":"post_tag","embeddable":true,"href":"https:\/\/jornalfatosenoticias.com.br\/index.php\/wp-json\/wp\/v2\/tags?post=30258"}],"curies":[{"name":"wp","href":"https:\/\/api.w.org\/{rel}","templated":true}]}}