{"id":30275,"date":"2022-05-11T10:10:02","date_gmt":"2022-05-11T13:10:02","guid":{"rendered":"https:\/\/jornalfatosenoticias.com.br\/?p=30275"},"modified":"2022-05-11T10:10:03","modified_gmt":"2022-05-11T13:10:03","slug":"bidu-sayao-120-anos-ela-encantou-com-opera-e-foi-encantada-no-samba","status":"publish","type":"post","link":"https:\/\/jornalfatosenoticias.com.br\/index.php\/2022\/05\/11\/bidu-sayao-120-anos-ela-encantou-com-opera-e-foi-encantada-no-samba\/","title":{"rendered":"Bid\u00fa Say\u00e3o, 120 anos: ela encantou com \u00f3pera e foi encantada no samba"},"content":{"rendered":"\n<p><em><span class=\"has-inline-color has-black-color\">Cantora l\u00edrica carioca fez grande parte da carreira nos Estados Unidos<\/span><\/em><\/p>\n\n\n\n<div class=\"wp-block-image\"><figure class=\"aligncenter size-large is-resized\"><img loading=\"lazy\" decoding=\"async\" src=\"https:\/\/jornalfatosenoticias.com.br\/wp-content\/uploads\/2022\/02\/Banner-1-1024x101.png\" alt=\"\" class=\"wp-image-27923\" width=\"383\" height=\"37\"\/><\/figure><\/div>\n\n\n\n<p>No ver\u00e3o, os passeios de barco no litoral da cidade de Camden (estado do Maine, no extremo nordeste nos Estados Unidos) atraem tantos turistas que chegam a dobrar a popula\u00e7\u00e3o de apenas cinco mil pessoas do lugarejo. Mas, em setembro de 1994, o carnavalesco Milton Cunha n\u00e3o foi a turismo para o local. Ali\u00e1s, como ele recorda, a nevasca dificultava muito a caminhada. O gelo vinha na altura do peito. A miss\u00e3o n\u00e3o era simples. Mas n\u00e3o por causa da neve.<br>Respons\u00e1vel pelo carnaval da escola de samba Beija-Flor de Nil\u00f3pollis, ele foi tentar convencer a musa do ano seguinte a desfilar no Samb\u00f3dromo em um enredo em homenagem a ela. A cantora l\u00edrica brasileira Bid\u00fa Say\u00e3o, com 92 anos, abriu a porta com um sorriso. \u201cSim!!\u201d. A resposta aqueceria o cora\u00e7\u00e3o deles naquele momento e, tamb\u00e9m, quando fevereiro chegou.<br>Abertas as cortinas da mem\u00f3ria, a cantora de \u00f3pera disse que o desfile do samba seria a grande homenagem que ela receberia em vida no Brasil. Uma surpresa que n\u00e3o vinha dos palcos, mas da Marqu\u00eas de Sapuca\u00ed. Bid\u00fa Say\u00e3o (apelido de Baldu\u00edna de Oliveira Say\u00e3o), foli\u00e3 da erudi\u00e7\u00e3o, nasceu em 11 de maio de 1902 (h\u00e1 120 anos) e morreu em mar\u00e7o de 1999. Ela fez a maior parte da carreira nos Estados Unidos, com presen\u00e7a constante no Teatro Metropolitan, de Nova Iorque. Se apresentou tamb\u00e9m pela Europa. Os caminhos na busca de espa\u00e7o fizeram com que ela recebesse cr\u00edticas no Brasil como uma artista antipatri\u00f3tica.<\/p>\n\n\n\n<div class=\"wp-block-image\"><figure class=\"aligncenter size-large is-resized\"><img loading=\"lazy\" decoding=\"async\" src=\"https:\/\/jornalfatosenoticias.com.br\/wp-content\/uploads\/2022\/02\/Precisao-Contabilidade-1024x724.jpg\" alt=\"\" class=\"wp-image-28088\" width=\"295\" height=\"209\"\/><\/figure><\/div>\n\n\n\n<blockquote class=\"wp-block-quote is-layout-flow wp-block-quote-is-layout-flow\"><p><span class=\"has-inline-color has-luminous-vivid-orange-color\">\u201cQuando eu a convidei para o carnaval, ela disse que seria o canto do cisne. Ent\u00e3o \u00e9 a partir da express\u00e3o dela que eu crio os cisnes da Beija-Flor que fazem enorme sucesso. Ela desfilou no cisne negro e disse que era a grande homenagem do Pa\u00eds a ela\u201d. Ela sentia, enfim, um aplauso genu\u00edno do \u201cpov\u00e3o\u201d, no calor carioca e brasileiro. Ela pediu para desfilar vestida de Carmen Miranda. \u201cEla teve, enfim, a no\u00e7\u00e3o de que era amada, querida, aplaudida pelo povo\u201d, disse o carnavalesco em entrevista \u00e0 Ag\u00eancia Brasil.<\/span><\/p><\/blockquote>\n\n\n\n<p><em><span class=\"has-inline-color has-black-color\">\u201cNeste palco surge ela, Bid\u00fa Say\u00e3o<br>Sacudindo a passarela, quanta emo\u00e7\u00e3o<br>E a minha Beija-Flor, vem aplaudir<br>Bachianas e o Guarani\u201d<br>(Refr\u00e3o de Bid\u00fa Say\u00e3o e o Canto de Cristal, da Beija-Flor)<\/span><\/em><\/p>\n\n\n\n<div class=\"wp-block-image\"><figure class=\"alignright size-large is-resized\"><img loading=\"lazy\" decoding=\"async\" src=\"https:\/\/jornalfatosenoticias.com.br\/wp-content\/uploads\/2022\/02\/Serra-Pack-459.png\" alt=\"\" class=\"wp-image-27471\" width=\"310\" height=\"124\"\/><\/figure><\/div>\n\n\n\n<p>O carnavalesco recorda que ela se divertiu muito e ficou surpresa com o convite e com a repercuss\u00e3o. \u201cNos meus estudos, eu tinha ouvido falar de Bid\u00fa Say\u00e3o a vida inteira. A imprensa internacional a chamava de &#8216;Rouxinol Brasileiro&#8217;. Na escola de samba, poucos a conheciam porque, na avalia\u00e7\u00e3o do carnavalesco (que tem p\u00f3s-doutorado em hist\u00f3ria da arte), a \u00f3pera circula em espa\u00e7os restritos \u00e0 intelectualidade. \u201cS\u00f3 que ela tinha uma pegada de ser cantada em pra\u00e7a p\u00fablica\u201d.<\/p>\n\n\n\n<p><strong><span class=\"has-inline-color has-black-color\">Determina\u00e7\u00e3o<br><\/span><\/strong>O pesquisador Denis Allan Danniel, bi\u00f3grafo da cantora, entende que realmente essa apresenta\u00e7\u00e3o na escola de samba foi marcante para ela. O autor de <em>Bid\u00fa: paix\u00e3o e determina\u00e7\u00e3o <\/em>(2019, 222 p\u00e1ginas) revela que ela se divertiu, chorou e agradeceu pela oportunidade de voltar ao Brasil. Ele, que rastreou de forma minuciosa, por quatro anos, os passos da longeva cantora e de pessoas que conviveram com ela, entende que a trajet\u00f3ria singular fez com que ela vivesse intensamente a profiss\u00e3o. Bid\u00fa n\u00e3o teve filhos. O interesse do bi\u00f3grafo pela hist\u00f3ria da cantora ocorreu de forma inesperada.<\/p>\n\n\n\n<figure class=\"wp-block-image size-large\"><img loading=\"lazy\" decoding=\"async\" width=\"1000\" height=\"745\" src=\"https:\/\/jornalfatosenoticias.com.br\/wp-content\/uploads\/2022\/05\/villa-lobos_e_bidu_sayao_durante_a_sessao_de_gravacao_de_floresta_do_amazonas_._nova_york_1958.jpg\" alt=\"\" class=\"wp-image-30276\" srcset=\"https:\/\/jornalfatosenoticias.com.br\/wp-content\/uploads\/2022\/05\/villa-lobos_e_bidu_sayao_durante_a_sessao_de_gravacao_de_floresta_do_amazonas_._nova_york_1958.jpg 1000w, https:\/\/jornalfatosenoticias.com.br\/wp-content\/uploads\/2022\/05\/villa-lobos_e_bidu_sayao_durante_a_sessao_de_gravacao_de_floresta_do_amazonas_._nova_york_1958-300x224.jpg 300w, https:\/\/jornalfatosenoticias.com.br\/wp-content\/uploads\/2022\/05\/villa-lobos_e_bidu_sayao_durante_a_sessao_de_gravacao_de_floresta_do_amazonas_._nova_york_1958-768x572.jpg 768w\" sizes=\"auto, (max-width: 1000px) 100vw, 1000px\" \/><figcaption><em><span class=\"has-inline-color has-black-color\">Cantora Bid\u00fa Say\u00e3o conversa com Heitor Villa-Lobos (Foto: Acervo Museu Villa-Lobos\/Ibram)<\/span><\/em><\/figcaption><\/figure>\n\n\n\n<div class=\"wp-block-image\"><figure class=\"alignleft size-large is-resized\"><img loading=\"lazy\" decoding=\"async\" src=\"https:\/\/jornalfatosenoticias.com.br\/wp-content\/uploads\/2022\/03\/logo-Suinco-1024x390.jpg\" alt=\"\" class=\"wp-image-28785\" width=\"335\" height=\"127\"\/><\/figure><\/div>\n\n\n\n<p>Ao admirar, pelo r\u00e1dio, as m\u00fasicas do tenor sueco Jussi Bj\u00f6rling, o bi\u00f3grafo verificou que ele cantava acompanhado de uma mulher. Ao pesquisar, verificou que era uma brasileira. \u201cEu fiquei t\u00e3o deslumbrado e emocionado, que passei a seguir o que ela fazia\u201d.<br>Uma das observa\u00e7\u00f5es principais de sua biografia \u00e9 que o mundo era dela, mas Bid\u00fa fazia quest\u00e3o de espalhar o sentimento de brasilidade. \u201cEla, nos Estados Unidos e na Europa, era muito associada ao Brasil. A cantora fazia uma propaganda do Pa\u00eds aonde ia. Ela tinha muito orgulho de ser brasileira\u201d. No entanto, diferente de hoje em dia, as not\u00edcias demoravam a chegar.<\/p>\n\n\n\n<h4 class=\"wp-block-heading\"><span class=\"has-inline-color has-black-color\">\u201cVoz pequena\u201d<\/span><\/h4>\n\n\n\n<figure class=\"wp-block-image size-large\"><img loading=\"lazy\" decoding=\"async\" width=\"709\" height=\"913\" src=\"https:\/\/jornalfatosenoticias.com.br\/wp-content\/uploads\/2022\/05\/bidu_sayao_caracterizada_de_violeta_valerie_opera_la_traviata_com_dedicatoria_a_villa-lobos_-_1945.jpg\" alt=\"\" class=\"wp-image-30277\" srcset=\"https:\/\/jornalfatosenoticias.com.br\/wp-content\/uploads\/2022\/05\/bidu_sayao_caracterizada_de_violeta_valerie_opera_la_traviata_com_dedicatoria_a_villa-lobos_-_1945.jpg 709w, https:\/\/jornalfatosenoticias.com.br\/wp-content\/uploads\/2022\/05\/bidu_sayao_caracterizada_de_violeta_valerie_opera_la_traviata_com_dedicatoria_a_villa-lobos_-_1945-233x300.jpg 233w\" sizes=\"auto, (max-width: 709px) 100vw, 709px\" \/><figcaption><em><span class=\"has-inline-color has-black-color\">Cantora Bid\u00fa Say\u00e3o ofereceu dedicat\u00f3ria a Villa-Lobos, &#8220;g\u00eanio da m\u00fasica e gl\u00f3ria de nossa terra&#8221; (Foto: Acervo Museu Villa-Lobos\/Ibram)<\/span><\/em><\/figcaption><\/figure>\n\n\n\n<p>Conforme revela o escritor Denis Daniel, a \u201cvoz pequena\u201d da cantora brasileira fez sucesso estrondoso por onde passava. Os cr\u00edticos estrangeiros dobraram-se ao talento. No Brasil, os principais compositores, como Heitor Villa-Lobos, a reconheceram como uma cantora muito diferente.<\/p>\n\n\n\n<blockquote class=\"wp-block-quote is-layout-flow wp-block-quote-is-layout-flow\"><p><span class=\"has-inline-color has-luminous-vivid-orange-color\">\u201cO que h\u00e1 de mais surpreendente era a trajet\u00f3ria dela. A persist\u00eancia dela em obter sucesso mundial. E assim aconteceu: se transformou em primeira-dama da \u00f3pera\u201d, avalia o bi\u00f3grafo.<\/span><\/p><\/blockquote>\n\n\n\n<div class=\"wp-block-image\"><figure class=\"aligncenter size-large is-resized\"><img loading=\"lazy\" decoding=\"async\" src=\"https:\/\/jornalfatosenoticias.com.br\/wp-content\/uploads\/2020\/02\/Logo_Mizu.png\" alt=\"\" class=\"wp-image-1441\" width=\"374\" height=\"46\" srcset=\"https:\/\/jornalfatosenoticias.com.br\/wp-content\/uploads\/2020\/02\/Logo_Mizu.png 729w, https:\/\/jornalfatosenoticias.com.br\/wp-content\/uploads\/2020\/02\/Logo_Mizu-300x37.png 300w\" sizes=\"auto, (max-width: 374px) 100vw, 374px\" \/><\/figure><\/div>\n\n\n\n<p>Ele considera que a cantora possu\u00eda uma intelig\u00eancia musical agu\u00e7ada e era extremamente sentimental e sens\u00edvel. \u201cTinha um talento incomum para aprender e a usar as t\u00e9cnicas musicais que conhecia. Pra compensar a sua voz pequena, era primeiro uma atriz e depois cantora\u201d.<\/p>\n\n\n\n<p><strong><span class=\"has-inline-color has-black-color\">\u201cA mais importante\u201d<br><\/span><\/strong>Para o pesquisador Marcos Menescal, da dire\u00e7\u00e3o art\u00edstica do Teatro Municipal do Rio de Janeiro, Bid\u00fa foi a cantora brasileira mais importante da hist\u00f3ria.<\/p>\n\n\n\n<blockquote class=\"wp-block-quote is-layout-flow wp-block-quote-is-layout-flow\"><p><span class=\"has-inline-color has-luminous-vivid-orange-color\">\u201cA gente pode afirmar que ela foi a mais importante cantora no Brasil pela carreira que ela desenvolveu, uma carreira que nenhum outro cantor nacional teve\u201d. Ele tamb\u00e9m enfatiza que a voz delicada, como um rouxinol, marcou a carreira da artista.<\/span><\/p><\/blockquote>\n\n\n\n<div class=\"wp-block-image\"><figure class=\"alignright size-large\"><img decoding=\"async\" src=\"https:\/\/jornalfatosenoticias.com.br\/wp-content\/uploads\/2020\/02\/logo_esteio.jpg\" alt=\"\" class=\"wp-image-1214\"\/><\/figure><\/div>\n\n\n\n<p>A cantora l\u00edrica Neti Szpilman, que \u00e9 tamb\u00e9m soprano (timbre mais agudo) e tem carreira como solista de espet\u00e1culos eruditos no Teatro Municipal do Rio de Janeiro, concorda que Bid\u00fa Say\u00e3o deixou um legado imensur\u00e1vel, mesmo se tratando de uma arte que poucos t\u00eam acesso. Sonhava em chegar perto daquela cantora, o que ocorreu n\u00e3o no teatro, mas no samb\u00f3dromo em 1995.<br>Neti presenciou com profunda admira\u00e7\u00e3o o desfile de Bid\u00fa Say\u00e3o, a cantora que \u00e9 para ela, ao lado da norte-americana Maria Callas, principal inspira\u00e7\u00e3o na arte. \u201cEla estava muito concentrada no barrac\u00e3o com todos n\u00f3s. Conversou conosco, mas estava bem atenta realmente na expectativa de uma apresenta\u00e7\u00e3o. Fiquei muito impressionada com isso\u201d. Ela recorda que Heitor Villa-Lobos dedicou para Bid\u00fa a obra <em>Bachianas Brasileiras n\u00ba 5.<\/em><br>A cantora considera injustificadas as cr\u00edticas que ela recebeu por viver fora do Pa\u00eds. Para a cantora, era para Bid\u00fa ter sido mais enaltecida por tudo o que ela conseguiu. \u201cEla tinha uma \u2018voz pequena\u2019 e rara naquela \u00e9poca de vozes poderosas\u201d.<br>Ainda mais levando-se em conta, como entende a artista, que o canto l\u00edrico traz as exig\u00eancias parecidas com as de um \u201catleta\u201d, com prepara\u00e7\u00e3o extrema de corpo e voz. Bid\u00fa, como avalia Neti, era minuciosa e met\u00f3dica para chegar a todas as paredes de um teatro e invadir os locais. \u201c\u00c9 muito desgastante para quem canta\u201d.<br>Atualmente, Neti se prepara para um concerto camer\u00edstico sobre o m\u00fasico Cartola, no dia 13 (em celebra\u00e7\u00e3o \u00e0 Aboli\u00e7\u00e3o da Escravatura), no Teatro Municipal.<\/p>\n\n\n\n<blockquote class=\"wp-block-quote is-layout-flow wp-block-quote-is-layout-flow\"><p><span class=\"has-inline-color has-luminous-vivid-orange-color\">\u201cEm um paralelo, recordo que Cartola tamb\u00e9m se sentiu abandonado e desprestigiado. Com 54 anos, ele voltou \u00e0 m\u00fasica. Nossos artistas precisam ser reconhecidos\u201d.<\/span><\/p><\/blockquote>\n\n\n\n<p>Cada vez que sobe ao palco, a cantora diz que busca mostrar que o erudito n\u00e3o precisa estar longe. Pode estar ao lado, ecoando pelos corredores e paredes. \u201c\u00c9 dif\u00edcil explicar o que \u00e9 uma voz pequena\u201d, diz o pesquisador Marcos Menescal. Nem \u00e9 preciso explicar. Bid\u00fa, para os pesquisadores, artistas e p\u00fablico, continua gigante.<\/p>\n\n\n\n<div class=\"wp-block-image\"><figure class=\"aligncenter size-large is-resized\"><img loading=\"lazy\" decoding=\"async\" src=\"https:\/\/jornalfatosenoticias.com.br\/wp-content\/uploads\/2020\/02\/banner_ferramentas-1024x100.jpg\" alt=\"\" class=\"wp-image-1258\" width=\"376\" height=\"36\" srcset=\"https:\/\/jornalfatosenoticias.com.br\/wp-content\/uploads\/2020\/02\/banner_ferramentas-1024x100.jpg 1024w, https:\/\/jornalfatosenoticias.com.br\/wp-content\/uploads\/2020\/02\/banner_ferramentas-300x29.jpg 300w, https:\/\/jornalfatosenoticias.com.br\/wp-content\/uploads\/2020\/02\/banner_ferramentas-768x75.jpg 768w, https:\/\/jornalfatosenoticias.com.br\/wp-content\/uploads\/2020\/02\/banner_ferramentas.jpg 1227w\" sizes=\"auto, (max-width: 376px) 100vw, 376px\" \/><\/figure><\/div>\n\n\n\n<h4 class=\"wp-block-heading\"><strong><a href=\"https:\/\/radios.ebc.com.br\/antena-mec-fm\/2017\/05\/115-anos-de-bidu-sayao\" target=\"_blank\" rel=\"noreferrer noopener\">Ou\u00e7a aqui interpreta\u00e7\u00f5es de Bid\u00fa Say\u00e3o<\/a><\/strong><\/h4>\n\n\n\n<h4 class=\"wp-block-heading\"><strong><a href=\"https:\/\/agenciabrasil.ebc.com.br\/radioagencia-nacional\/cultura\/audio\/2022-05\/120-anos-de-bidu-sayao\" target=\"_blank\" rel=\"noreferrer noopener\">Ou\u00e7a reportagem na Radioag\u00eancia Nacional<\/a><\/strong><\/h4>\n\n\n\n<h4 class=\"wp-block-heading\"><strong><a href=\"https:\/\/radios.ebc.com.br\/especiais-radio-mec\/2022\/05\/120-anos-de-bidu-sayao\" target=\"_blank\" rel=\"noreferrer noopener\">Saiba mais sobre Bid\u00fa Say\u00e3o: confira especial da R\u00e1dio MEC<\/a><\/strong><\/h4>\n\n\n\n<h4 class=\"wp-block-heading\">Confira a entrevista exclusiva de Bid\u00fa Say\u00e3o para a\u00a0<strong>R\u00e1dio MEC<\/strong>\u00a0em 1987<\/h4>\n\n\n\n<figure class=\"wp-block-embed-youtube wp-block-embed is-type-video is-provider-youtube wp-embed-aspect-16-9 wp-has-aspect-ratio\"><div class=\"wp-block-embed__wrapper\">\n<iframe loading=\"lazy\" title=\"Entrevista de Bid\u00fa Say\u00e3o para Lauro Gomes, R\u00e1dio MEC 1987\" width=\"660\" height=\"371\" src=\"https:\/\/www.youtube.com\/embed\/FipCbOtmZkY?feature=oembed\" frameborder=\"0\" allow=\"accelerometer; autoplay; clipboard-write; encrypted-media; gyroscope; picture-in-picture; web-share\" referrerpolicy=\"strict-origin-when-cross-origin\" allowfullscreen><\/iframe>\n<\/div><\/figure>\n\n\n\n<p><strong><em>Fonte: <a href=\"https:\/\/agenciabrasil.ebc.com.br\/geral\/noticia\/2022-05\/bidu-sayao-120-anos-ela-encantou-com-opera-e-foi-encantada-no-samba\">Ag\u00eancia Brasil<\/a><\/em><\/strong><\/p>\n","protected":false},"excerpt":{"rendered":"<p>Cantora l\u00edrica carioca fez grande parte da carreira nos Estados Unidos No ver\u00e3o, os passeios de barco no litoral da cidade de Camden (estado do Maine, no extremo nordeste nos Estados Unidos) atraem tantos turistas que chegam a dobrar a popula\u00e7\u00e3o de apenas cinco mil pessoas do lugarejo. Mas, em setembro de 1994, o carnavalesco [&hellip;]<\/p>\n","protected":false},"author":2,"featured_media":30278,"comment_status":"open","ping_status":"open","sticky":false,"template":"","format":"standard","meta":{"footnotes":""},"categories":[4],"tags":[14375,14376,713,14377,2685,9237],"class_list":["post-30275","post","type-post","status-publish","format-standard","has-post-thumbnail","hentry","category-cultura","tag-bidu-sayao","tag-cartola","tag-cultura","tag-heitor-villa-lobos","tag-radio-mec","tag-radio-nacional-de-brasilia"],"yoast_head":"<!-- This site is optimized with the Yoast SEO plugin v26.5 - https:\/\/yoast.com\/wordpress\/plugins\/seo\/ -->\n<title>Bid\u00fa Say\u00e3o, 120 anos: ela encantou com \u00f3pera e foi encantada no samba - Jornal Fatos e Not\u00edcias<\/title>\n<meta name=\"robots\" content=\"index, follow, max-snippet:-1, max-image-preview:large, max-video-preview:-1\" \/>\n<link rel=\"canonical\" href=\"https:\/\/jornalfatosenoticias.com.br\/index.php\/2022\/05\/11\/bidu-sayao-120-anos-ela-encantou-com-opera-e-foi-encantada-no-samba\/\" \/>\n<meta property=\"og:locale\" content=\"pt_BR\" \/>\n<meta property=\"og:type\" content=\"article\" \/>\n<meta property=\"og:title\" content=\"Bid\u00fa Say\u00e3o, 120 anos: ela encantou com \u00f3pera e foi encantada no samba - Jornal Fatos e Not\u00edcias\" \/>\n<meta property=\"og:description\" content=\"Cantora l\u00edrica carioca fez grande parte da carreira nos Estados Unidos No ver\u00e3o, os passeios de barco no litoral da cidade de Camden (estado do Maine, no extremo nordeste nos Estados Unidos) atraem tantos turistas que chegam a dobrar a popula\u00e7\u00e3o de apenas cinco mil pessoas do lugarejo. Mas, em setembro de 1994, o carnavalesco [&hellip;]\" \/>\n<meta property=\"og:url\" content=\"https:\/\/jornalfatosenoticias.com.br\/index.php\/2022\/05\/11\/bidu-sayao-120-anos-ela-encantou-com-opera-e-foi-encantada-no-samba\/\" \/>\n<meta property=\"og:site_name\" content=\"Jornal Fatos e Not\u00edcias\" \/>\n<meta property=\"article:published_time\" content=\"2022-05-11T13:10:02+00:00\" \/>\n<meta property=\"article:modified_time\" content=\"2022-05-11T13:10:03+00:00\" \/>\n<meta property=\"og:image\" content=\"https:\/\/jornalfatosenoticias.com.br\/wp-content\/uploads\/2022\/05\/bidu_sayao_-_decada_de_1940.jpg\" \/>\n\t<meta property=\"og:image:width\" content=\"1000\" \/>\n\t<meta property=\"og:image:height\" content=\"667\" \/>\n\t<meta property=\"og:image:type\" content=\"image\/jpeg\" \/>\n<meta name=\"author\" content=\"Luzimara Fernandes\" \/>\n<meta name=\"twitter:card\" content=\"summary_large_image\" \/>\n<meta name=\"twitter:label1\" content=\"Escrito por\" \/>\n\t<meta name=\"twitter:data1\" content=\"Luzimara Fernandes\" \/>\n\t<meta name=\"twitter:label2\" content=\"Est. tempo de leitura\" \/>\n\t<meta name=\"twitter:data2\" content=\"7 minutos\" \/>\n<script type=\"application\/ld+json\" class=\"yoast-schema-graph\">{\"@context\":\"https:\/\/schema.org\",\"@graph\":[{\"@type\":\"Article\",\"@id\":\"https:\/\/jornalfatosenoticias.com.br\/index.php\/2022\/05\/11\/bidu-sayao-120-anos-ela-encantou-com-opera-e-foi-encantada-no-samba\/#article\",\"isPartOf\":{\"@id\":\"https:\/\/jornalfatosenoticias.com.br\/index.php\/2022\/05\/11\/bidu-sayao-120-anos-ela-encantou-com-opera-e-foi-encantada-no-samba\/\"},\"author\":{\"name\":\"Luzimara Fernandes\",\"@id\":\"https:\/\/jornalfatosenoticias.com.br\/#\/schema\/person\/d63837fa13ac8666eb9e74e0985d6f81\"},\"headline\":\"Bid\u00fa Say\u00e3o, 120 anos: ela encantou com \u00f3pera e foi encantada no samba\",\"datePublished\":\"2022-05-11T13:10:02+00:00\",\"dateModified\":\"2022-05-11T13:10:03+00:00\",\"mainEntityOfPage\":{\"@id\":\"https:\/\/jornalfatosenoticias.com.br\/index.php\/2022\/05\/11\/bidu-sayao-120-anos-ela-encantou-com-opera-e-foi-encantada-no-samba\/\"},\"wordCount\":1361,\"commentCount\":0,\"publisher\":{\"@id\":\"https:\/\/jornalfatosenoticias.com.br\/#organization\"},\"image\":{\"@id\":\"https:\/\/jornalfatosenoticias.com.br\/index.php\/2022\/05\/11\/bidu-sayao-120-anos-ela-encantou-com-opera-e-foi-encantada-no-samba\/#primaryimage\"},\"thumbnailUrl\":\"https:\/\/jornalfatosenoticias.com.br\/wp-content\/uploads\/2022\/05\/bidu_sayao_-_decada_de_1940.jpg\",\"keywords\":[\"Bid\u00fa Say\u00e3o\",\"Cartola\",\"cultura\",\"Heitor Villa-Lobos\",\"R\u00e1dio MEC\",\"R\u00e1dio Nacional de Bras\u00edlia\"],\"articleSection\":[\"Cultura\"],\"inLanguage\":\"pt-BR\",\"potentialAction\":[{\"@type\":\"CommentAction\",\"name\":\"Comment\",\"target\":[\"https:\/\/jornalfatosenoticias.com.br\/index.php\/2022\/05\/11\/bidu-sayao-120-anos-ela-encantou-com-opera-e-foi-encantada-no-samba\/#respond\"]}]},{\"@type\":\"WebPage\",\"@id\":\"https:\/\/jornalfatosenoticias.com.br\/index.php\/2022\/05\/11\/bidu-sayao-120-anos-ela-encantou-com-opera-e-foi-encantada-no-samba\/\",\"url\":\"https:\/\/jornalfatosenoticias.com.br\/index.php\/2022\/05\/11\/bidu-sayao-120-anos-ela-encantou-com-opera-e-foi-encantada-no-samba\/\",\"name\":\"Bid\u00fa Say\u00e3o, 120 anos: ela encantou com \u00f3pera e foi encantada no samba - Jornal Fatos e Not\u00edcias\",\"isPartOf\":{\"@id\":\"https:\/\/jornalfatosenoticias.com.br\/#website\"},\"primaryImageOfPage\":{\"@id\":\"https:\/\/jornalfatosenoticias.com.br\/index.php\/2022\/05\/11\/bidu-sayao-120-anos-ela-encantou-com-opera-e-foi-encantada-no-samba\/#primaryimage\"},\"image\":{\"@id\":\"https:\/\/jornalfatosenoticias.com.br\/index.php\/2022\/05\/11\/bidu-sayao-120-anos-ela-encantou-com-opera-e-foi-encantada-no-samba\/#primaryimage\"},\"thumbnailUrl\":\"https:\/\/jornalfatosenoticias.com.br\/wp-content\/uploads\/2022\/05\/bidu_sayao_-_decada_de_1940.jpg\",\"datePublished\":\"2022-05-11T13:10:02+00:00\",\"dateModified\":\"2022-05-11T13:10:03+00:00\",\"breadcrumb\":{\"@id\":\"https:\/\/jornalfatosenoticias.com.br\/index.php\/2022\/05\/11\/bidu-sayao-120-anos-ela-encantou-com-opera-e-foi-encantada-no-samba\/#breadcrumb\"},\"inLanguage\":\"pt-BR\",\"potentialAction\":[{\"@type\":\"ReadAction\",\"target\":[\"https:\/\/jornalfatosenoticias.com.br\/index.php\/2022\/05\/11\/bidu-sayao-120-anos-ela-encantou-com-opera-e-foi-encantada-no-samba\/\"]}]},{\"@type\":\"ImageObject\",\"inLanguage\":\"pt-BR\",\"@id\":\"https:\/\/jornalfatosenoticias.com.br\/index.php\/2022\/05\/11\/bidu-sayao-120-anos-ela-encantou-com-opera-e-foi-encantada-no-samba\/#primaryimage\",\"url\":\"https:\/\/jornalfatosenoticias.com.br\/wp-content\/uploads\/2022\/05\/bidu_sayao_-_decada_de_1940.jpg\",\"contentUrl\":\"https:\/\/jornalfatosenoticias.com.br\/wp-content\/uploads\/2022\/05\/bidu_sayao_-_decada_de_1940.jpg\",\"width\":1000,\"height\":667,\"caption\":\"cantora Bid\u00fa Say\u00e3o.\"},{\"@type\":\"BreadcrumbList\",\"@id\":\"https:\/\/jornalfatosenoticias.com.br\/index.php\/2022\/05\/11\/bidu-sayao-120-anos-ela-encantou-com-opera-e-foi-encantada-no-samba\/#breadcrumb\",\"itemListElement\":[{\"@type\":\"ListItem\",\"position\":1,\"name\":\"In\u00edcio\",\"item\":\"https:\/\/jornalfatosenoticias.com.br\/\"},{\"@type\":\"ListItem\",\"position\":2,\"name\":\"Bid\u00fa Say\u00e3o, 120 anos: ela encantou com \u00f3pera e foi encantada no samba\"}]},{\"@type\":\"WebSite\",\"@id\":\"https:\/\/jornalfatosenoticias.com.br\/#website\",\"url\":\"https:\/\/jornalfatosenoticias.com.br\/\",\"name\":\"Jornal Fatos e Not\u00edcias\",\"description\":\"Not\u00edcias em geral\",\"publisher\":{\"@id\":\"https:\/\/jornalfatosenoticias.com.br\/#organization\"},\"potentialAction\":[{\"@type\":\"SearchAction\",\"target\":{\"@type\":\"EntryPoint\",\"urlTemplate\":\"https:\/\/jornalfatosenoticias.com.br\/?s={search_term_string}\"},\"query-input\":{\"@type\":\"PropertyValueSpecification\",\"valueRequired\":true,\"valueName\":\"search_term_string\"}}],\"inLanguage\":\"pt-BR\"},{\"@type\":\"Organization\",\"@id\":\"https:\/\/jornalfatosenoticias.com.br\/#organization\",\"name\":\"Jornal Fatos e Not\u00edcias\",\"url\":\"https:\/\/jornalfatosenoticias.com.br\/\",\"logo\":{\"@type\":\"ImageObject\",\"inLanguage\":\"pt-BR\",\"@id\":\"https:\/\/jornalfatosenoticias.com.br\/#\/schema\/logo\/image\/\",\"url\":\"https:\/\/jornalfatosenoticias.com.br\/wp-content\/uploads\/2020\/02\/logo120.png\",\"contentUrl\":\"https:\/\/jornalfatosenoticias.com.br\/wp-content\/uploads\/2020\/02\/logo120.png\",\"width\":1227,\"height\":120,\"caption\":\"Jornal Fatos e Not\u00edcias\"},\"image\":{\"@id\":\"https:\/\/jornalfatosenoticias.com.br\/#\/schema\/logo\/image\/\"}},{\"@type\":\"Person\",\"@id\":\"https:\/\/jornalfatosenoticias.com.br\/#\/schema\/person\/d63837fa13ac8666eb9e74e0985d6f81\",\"name\":\"Luzimara Fernandes\",\"image\":{\"@type\":\"ImageObject\",\"inLanguage\":\"pt-BR\",\"@id\":\"https:\/\/jornalfatosenoticias.com.br\/#\/schema\/person\/image\/\",\"url\":\"https:\/\/jornalfatosenoticias.com.br\/wp-content\/uploads\/2025\/05\/EU_portal.jpg\",\"contentUrl\":\"https:\/\/jornalfatosenoticias.com.br\/wp-content\/uploads\/2025\/05\/EU_portal.jpg\",\"caption\":\"Luzimara Fernandes\"},\"description\":\"Jornalista MTB 2358-ES\",\"sameAs\":[\"https:\/\/jornalfatosenoticias.com.br\"],\"url\":\"https:\/\/jornalfatosenoticias.com.br\/index.php\/author\/luzimara\/\"}]}<\/script>\n<!-- \/ Yoast SEO plugin. -->","yoast_head_json":{"title":"Bid\u00fa Say\u00e3o, 120 anos: ela encantou com \u00f3pera e foi encantada no samba - Jornal Fatos e Not\u00edcias","robots":{"index":"index","follow":"follow","max-snippet":"max-snippet:-1","max-image-preview":"max-image-preview:large","max-video-preview":"max-video-preview:-1"},"canonical":"https:\/\/jornalfatosenoticias.com.br\/index.php\/2022\/05\/11\/bidu-sayao-120-anos-ela-encantou-com-opera-e-foi-encantada-no-samba\/","og_locale":"pt_BR","og_type":"article","og_title":"Bid\u00fa Say\u00e3o, 120 anos: ela encantou com \u00f3pera e foi encantada no samba - Jornal Fatos e Not\u00edcias","og_description":"Cantora l\u00edrica carioca fez grande parte da carreira nos Estados Unidos No ver\u00e3o, os passeios de barco no litoral da cidade de Camden (estado do Maine, no extremo nordeste nos Estados Unidos) atraem tantos turistas que chegam a dobrar a popula\u00e7\u00e3o de apenas cinco mil pessoas do lugarejo. Mas, em setembro de 1994, o carnavalesco [&hellip;]","og_url":"https:\/\/jornalfatosenoticias.com.br\/index.php\/2022\/05\/11\/bidu-sayao-120-anos-ela-encantou-com-opera-e-foi-encantada-no-samba\/","og_site_name":"Jornal Fatos e Not\u00edcias","article_published_time":"2022-05-11T13:10:02+00:00","article_modified_time":"2022-05-11T13:10:03+00:00","og_image":[{"width":1000,"height":667,"url":"https:\/\/jornalfatosenoticias.com.br\/wp-content\/uploads\/2022\/05\/bidu_sayao_-_decada_de_1940.jpg","type":"image\/jpeg"}],"author":"Luzimara Fernandes","twitter_card":"summary_large_image","twitter_misc":{"Escrito por":"Luzimara Fernandes","Est. tempo de leitura":"7 minutos"},"schema":{"@context":"https:\/\/schema.org","@graph":[{"@type":"Article","@id":"https:\/\/jornalfatosenoticias.com.br\/index.php\/2022\/05\/11\/bidu-sayao-120-anos-ela-encantou-com-opera-e-foi-encantada-no-samba\/#article","isPartOf":{"@id":"https:\/\/jornalfatosenoticias.com.br\/index.php\/2022\/05\/11\/bidu-sayao-120-anos-ela-encantou-com-opera-e-foi-encantada-no-samba\/"},"author":{"name":"Luzimara Fernandes","@id":"https:\/\/jornalfatosenoticias.com.br\/#\/schema\/person\/d63837fa13ac8666eb9e74e0985d6f81"},"headline":"Bid\u00fa Say\u00e3o, 120 anos: ela encantou com \u00f3pera e foi encantada no samba","datePublished":"2022-05-11T13:10:02+00:00","dateModified":"2022-05-11T13:10:03+00:00","mainEntityOfPage":{"@id":"https:\/\/jornalfatosenoticias.com.br\/index.php\/2022\/05\/11\/bidu-sayao-120-anos-ela-encantou-com-opera-e-foi-encantada-no-samba\/"},"wordCount":1361,"commentCount":0,"publisher":{"@id":"https:\/\/jornalfatosenoticias.com.br\/#organization"},"image":{"@id":"https:\/\/jornalfatosenoticias.com.br\/index.php\/2022\/05\/11\/bidu-sayao-120-anos-ela-encantou-com-opera-e-foi-encantada-no-samba\/#primaryimage"},"thumbnailUrl":"https:\/\/jornalfatosenoticias.com.br\/wp-content\/uploads\/2022\/05\/bidu_sayao_-_decada_de_1940.jpg","keywords":["Bid\u00fa Say\u00e3o","Cartola","cultura","Heitor Villa-Lobos","R\u00e1dio MEC","R\u00e1dio Nacional de Bras\u00edlia"],"articleSection":["Cultura"],"inLanguage":"pt-BR","potentialAction":[{"@type":"CommentAction","name":"Comment","target":["https:\/\/jornalfatosenoticias.com.br\/index.php\/2022\/05\/11\/bidu-sayao-120-anos-ela-encantou-com-opera-e-foi-encantada-no-samba\/#respond"]}]},{"@type":"WebPage","@id":"https:\/\/jornalfatosenoticias.com.br\/index.php\/2022\/05\/11\/bidu-sayao-120-anos-ela-encantou-com-opera-e-foi-encantada-no-samba\/","url":"https:\/\/jornalfatosenoticias.com.br\/index.php\/2022\/05\/11\/bidu-sayao-120-anos-ela-encantou-com-opera-e-foi-encantada-no-samba\/","name":"Bid\u00fa Say\u00e3o, 120 anos: ela encantou com \u00f3pera e foi encantada no samba - Jornal Fatos e Not\u00edcias","isPartOf":{"@id":"https:\/\/jornalfatosenoticias.com.br\/#website"},"primaryImageOfPage":{"@id":"https:\/\/jornalfatosenoticias.com.br\/index.php\/2022\/05\/11\/bidu-sayao-120-anos-ela-encantou-com-opera-e-foi-encantada-no-samba\/#primaryimage"},"image":{"@id":"https:\/\/jornalfatosenoticias.com.br\/index.php\/2022\/05\/11\/bidu-sayao-120-anos-ela-encantou-com-opera-e-foi-encantada-no-samba\/#primaryimage"},"thumbnailUrl":"https:\/\/jornalfatosenoticias.com.br\/wp-content\/uploads\/2022\/05\/bidu_sayao_-_decada_de_1940.jpg","datePublished":"2022-05-11T13:10:02+00:00","dateModified":"2022-05-11T13:10:03+00:00","breadcrumb":{"@id":"https:\/\/jornalfatosenoticias.com.br\/index.php\/2022\/05\/11\/bidu-sayao-120-anos-ela-encantou-com-opera-e-foi-encantada-no-samba\/#breadcrumb"},"inLanguage":"pt-BR","potentialAction":[{"@type":"ReadAction","target":["https:\/\/jornalfatosenoticias.com.br\/index.php\/2022\/05\/11\/bidu-sayao-120-anos-ela-encantou-com-opera-e-foi-encantada-no-samba\/"]}]},{"@type":"ImageObject","inLanguage":"pt-BR","@id":"https:\/\/jornalfatosenoticias.com.br\/index.php\/2022\/05\/11\/bidu-sayao-120-anos-ela-encantou-com-opera-e-foi-encantada-no-samba\/#primaryimage","url":"https:\/\/jornalfatosenoticias.com.br\/wp-content\/uploads\/2022\/05\/bidu_sayao_-_decada_de_1940.jpg","contentUrl":"https:\/\/jornalfatosenoticias.com.br\/wp-content\/uploads\/2022\/05\/bidu_sayao_-_decada_de_1940.jpg","width":1000,"height":667,"caption":"cantora Bid\u00fa Say\u00e3o."},{"@type":"BreadcrumbList","@id":"https:\/\/jornalfatosenoticias.com.br\/index.php\/2022\/05\/11\/bidu-sayao-120-anos-ela-encantou-com-opera-e-foi-encantada-no-samba\/#breadcrumb","itemListElement":[{"@type":"ListItem","position":1,"name":"In\u00edcio","item":"https:\/\/jornalfatosenoticias.com.br\/"},{"@type":"ListItem","position":2,"name":"Bid\u00fa Say\u00e3o, 120 anos: ela encantou com \u00f3pera e foi encantada no samba"}]},{"@type":"WebSite","@id":"https:\/\/jornalfatosenoticias.com.br\/#website","url":"https:\/\/jornalfatosenoticias.com.br\/","name":"Jornal Fatos e Not\u00edcias","description":"Not\u00edcias em geral","publisher":{"@id":"https:\/\/jornalfatosenoticias.com.br\/#organization"},"potentialAction":[{"@type":"SearchAction","target":{"@type":"EntryPoint","urlTemplate":"https:\/\/jornalfatosenoticias.com.br\/?s={search_term_string}"},"query-input":{"@type":"PropertyValueSpecification","valueRequired":true,"valueName":"search_term_string"}}],"inLanguage":"pt-BR"},{"@type":"Organization","@id":"https:\/\/jornalfatosenoticias.com.br\/#organization","name":"Jornal Fatos e Not\u00edcias","url":"https:\/\/jornalfatosenoticias.com.br\/","logo":{"@type":"ImageObject","inLanguage":"pt-BR","@id":"https:\/\/jornalfatosenoticias.com.br\/#\/schema\/logo\/image\/","url":"https:\/\/jornalfatosenoticias.com.br\/wp-content\/uploads\/2020\/02\/logo120.png","contentUrl":"https:\/\/jornalfatosenoticias.com.br\/wp-content\/uploads\/2020\/02\/logo120.png","width":1227,"height":120,"caption":"Jornal Fatos e Not\u00edcias"},"image":{"@id":"https:\/\/jornalfatosenoticias.com.br\/#\/schema\/logo\/image\/"}},{"@type":"Person","@id":"https:\/\/jornalfatosenoticias.com.br\/#\/schema\/person\/d63837fa13ac8666eb9e74e0985d6f81","name":"Luzimara Fernandes","image":{"@type":"ImageObject","inLanguage":"pt-BR","@id":"https:\/\/jornalfatosenoticias.com.br\/#\/schema\/person\/image\/","url":"https:\/\/jornalfatosenoticias.com.br\/wp-content\/uploads\/2025\/05\/EU_portal.jpg","contentUrl":"https:\/\/jornalfatosenoticias.com.br\/wp-content\/uploads\/2025\/05\/EU_portal.jpg","caption":"Luzimara Fernandes"},"description":"Jornalista MTB 2358-ES","sameAs":["https:\/\/jornalfatosenoticias.com.br"],"url":"https:\/\/jornalfatosenoticias.com.br\/index.php\/author\/luzimara\/"}]}},"cc_featured_image_caption":{"caption_text":"(Foto: Acervo Museu Villa-Lobos\/Ibram)\r\n","source_text":"","source_url":""},"jetpack_featured_media_url":"https:\/\/jornalfatosenoticias.com.br\/wp-content\/uploads\/2022\/05\/bidu_sayao_-_decada_de_1940.jpg","_links":{"self":[{"href":"https:\/\/jornalfatosenoticias.com.br\/index.php\/wp-json\/wp\/v2\/posts\/30275","targetHints":{"allow":["GET"]}}],"collection":[{"href":"https:\/\/jornalfatosenoticias.com.br\/index.php\/wp-json\/wp\/v2\/posts"}],"about":[{"href":"https:\/\/jornalfatosenoticias.com.br\/index.php\/wp-json\/wp\/v2\/types\/post"}],"author":[{"embeddable":true,"href":"https:\/\/jornalfatosenoticias.com.br\/index.php\/wp-json\/wp\/v2\/users\/2"}],"replies":[{"embeddable":true,"href":"https:\/\/jornalfatosenoticias.com.br\/index.php\/wp-json\/wp\/v2\/comments?post=30275"}],"version-history":[{"count":0,"href":"https:\/\/jornalfatosenoticias.com.br\/index.php\/wp-json\/wp\/v2\/posts\/30275\/revisions"}],"wp:featuredmedia":[{"embeddable":true,"href":"https:\/\/jornalfatosenoticias.com.br\/index.php\/wp-json\/wp\/v2\/media\/30278"}],"wp:attachment":[{"href":"https:\/\/jornalfatosenoticias.com.br\/index.php\/wp-json\/wp\/v2\/media?parent=30275"}],"wp:term":[{"taxonomy":"category","embeddable":true,"href":"https:\/\/jornalfatosenoticias.com.br\/index.php\/wp-json\/wp\/v2\/categories?post=30275"},{"taxonomy":"post_tag","embeddable":true,"href":"https:\/\/jornalfatosenoticias.com.br\/index.php\/wp-json\/wp\/v2\/tags?post=30275"}],"curies":[{"name":"wp","href":"https:\/\/api.w.org\/{rel}","templated":true}]}}