{"id":30281,"date":"2022-05-11T11:04:11","date_gmt":"2022-05-11T14:04:11","guid":{"rendered":"https:\/\/jornalfatosenoticias.com.br\/?p=30281"},"modified":"2022-05-11T11:04:15","modified_gmt":"2022-05-11T14:04:15","slug":"mascaras-deixam-de-ser-recomendadas-em-aeroportos-e-voos-da-ue","status":"publish","type":"post","link":"https:\/\/jornalfatosenoticias.com.br\/index.php\/2022\/05\/11\/mascaras-deixam-de-ser-recomendadas-em-aeroportos-e-voos-da-ue\/","title":{"rendered":"M\u00e1scaras deixam de ser recomendadas em aeroportos e voos da UE"},"content":{"rendered":"\n<p><em><span class=\"has-inline-color has-black-color\">Medida vigora a partir de segunda-feira (16)<\/span><\/em><\/p>\n\n\n\n<div class=\"wp-block-image\"><figure class=\"aligncenter size-large is-resized\"><img loading=\"lazy\" decoding=\"async\" src=\"https:\/\/jornalfatosenoticias.com.br\/wp-content\/uploads\/2020\/02\/banner_ferramentas-1024x100.jpg\" alt=\"\" class=\"wp-image-1258\" width=\"336\" height=\"32\" srcset=\"https:\/\/jornalfatosenoticias.com.br\/wp-content\/uploads\/2020\/02\/banner_ferramentas-1024x100.jpg 1024w, https:\/\/jornalfatosenoticias.com.br\/wp-content\/uploads\/2020\/02\/banner_ferramentas-300x29.jpg 300w, https:\/\/jornalfatosenoticias.com.br\/wp-content\/uploads\/2020\/02\/banner_ferramentas-768x75.jpg 768w, https:\/\/jornalfatosenoticias.com.br\/wp-content\/uploads\/2020\/02\/banner_ferramentas.jpg 1227w\" sizes=\"auto, (max-width: 336px) 100vw, 336px\" \/><\/figure><\/div>\n\n\n\n<p>A Ag\u00eancia Europeia para a Seguran\u00e7a da Avia\u00e7\u00e3o (Easa) e o Centro Europeu de Preven\u00e7\u00e3o e Controle de Doen\u00e7as (ECDC) informaram hoje (11) que, a partir da pr\u00f3xima segunda-feira (16), deixam de recomendar m\u00e1scaras obrigat\u00f3rias em aeroportos e voos.<br>Em comunicado conjunto, a Easa e o ECDC afirmaram que v\u00e3o &#8220;retirar a recomenda\u00e7\u00e3o de uso obrigat\u00f3rio de m\u00e1scaras m\u00e9dicas nos aeroportos e a bordo de voos&#8221;. Lembram, no entanto, que &#8220;a m\u00e1scara facial continua a ser uma das melhores prote\u00e7\u00f5es contra a transmiss\u00e3o&#8221; do SARS-CoV-2, especialmente para pessoas mais vulner\u00e1veis.<br>A atualiza\u00e7\u00e3o do protocolo deve-se aos \u00faltimos n\u00fameros da pandemia, particularmente aos n\u00edveis de vacina\u00e7\u00e3o, \u00e0 imunidade adquirida naturalmente e \u00e0 suspens\u00e3o das restri\u00e7\u00f5es em pa\u00edses europeus.<br>Mesmo assim, as regras relativas \u00e0s m\u00e1scaras continuar\u00e3o a variar por companhia a\u00e9rea depois dessa data. As ag\u00eancias europeias lembram que, em voos de ou para um destino onde o uso de prote\u00e7\u00e3o ainda \u00e9 necess\u00e1rio nos transportes p\u00fablicos, deve-se continuar a estimular esse uso, de acordo com as recomenda\u00e7\u00f5es.<\/p>\n\n\n\n<div class=\"wp-block-image\"><figure class=\"alignleft size-large is-resized\"><img loading=\"lazy\" decoding=\"async\" src=\"https:\/\/jornalfatosenoticias.com.br\/wp-content\/uploads\/2022\/02\/Precisao-Contabilidade-1024x724.jpg\" alt=\"\" class=\"wp-image-28088\" width=\"294\" height=\"208\"\/><\/figure><\/div>\n\n\n\n<p>Os passageiros vulner\u00e1veis devem continuar a usar m\u00e1scara facial independentemente das regras, defendem a Easa e o ECDC, acrescentando que, nesses casos, deve ser usada uma prote\u00e7\u00e3o do tipo N95\/KN95, &#8220;que oferece n\u00edvel de seguran\u00e7a mais elevado do que a de uma cir\u00fargica padr\u00e3o&#8221;.<br>O diretor-executivo da Easa, Patrick Ky, diz em nota que &#8220;para os passageiros e tripula\u00e7\u00f5es a\u00e9reas, este \u00e9 um grande passo na normaliza\u00e7\u00e3o das viagens&#8221;. Ele pede aos passageiros, por\u00e9m, que se comportem &#8220;de forma respons\u00e1vel e respeitem as escolhas dos outros \u00e0 sua volta&#8221;.<br>A diretora do ECDC, Andrea Ammon, observa que, &#8220;embora os riscos se mantenham, as interven\u00e7\u00f5es e vacinas n\u00e3o farmac\u00eauticas [medidas restritivas] permitiram que as vidas come\u00e7assem a voltar ao normal&#8221;. Ainda assim, Ammon destaca que \u00e9 importante lembrar que, juntamente com o distanciamento f\u00edsico e a boa higiene das m\u00e3os, [o uso de m\u00e1scara] \u00e9 um dos melhores m\u00e9todos para reduzir a transmiss\u00e3o&#8221;.<\/p>\n\n\n\n<div class=\"wp-block-image\"><figure class=\"alignright size-large is-resized\"><img loading=\"lazy\" decoding=\"async\" src=\"https:\/\/jornalfatosenoticias.com.br\/wp-content\/uploads\/2022\/02\/Serra-Pack-459.png\" alt=\"\" class=\"wp-image-27471\" width=\"308\" height=\"123\"\/><\/figure><\/div>\n\n\n\n<p>Nas diretrizes divulgadas hoje, est\u00e1 inclu\u00edda uma &#8220;flexibiliza\u00e7\u00e3o das medidas mais rigorosas sobre as opera\u00e7\u00f5es a\u00e9reas, o que ajudar\u00e1 a aliviar o fardo sobre a ind\u00fastria, mantendo ao mesmo tempo medidas apropriadas em vigor&#8221;, adiantam as ag\u00eancias da UE.<br>A atualiza\u00e7\u00e3o \u00e9 feita no momento em que as m\u00e1scaras faciais deixam de ser obrigat\u00f3rias em muitos Estados-membros do bloco e em que algumas companhias a\u00e9reas j\u00e1 liberaram o uso. Cerca de 325 milh\u00f5es de pessoas na Uni\u00e3o Europeia est\u00e3o totalmente vacinadas contra a covid-19, e perto de 230 milh\u00f5es receberam uma dose de refor\u00e7o, de acordo com dados da ECDC.<\/p>\n\n\n\n<div class=\"wp-block-image\"><figure class=\"aligncenter size-large is-resized\"><img loading=\"lazy\" decoding=\"async\" src=\"https:\/\/jornalfatosenoticias.com.br\/wp-content\/uploads\/2020\/02\/Logo_Mizu.png\" alt=\"\" class=\"wp-image-1441\" width=\"341\" height=\"42\" srcset=\"https:\/\/jornalfatosenoticias.com.br\/wp-content\/uploads\/2020\/02\/Logo_Mizu.png 729w, https:\/\/jornalfatosenoticias.com.br\/wp-content\/uploads\/2020\/02\/Logo_Mizu-300x37.png 300w\" sizes=\"auto, (max-width: 341px) 100vw, 341px\" \/><\/figure><\/div>\n\n\n\n<p><strong><em>Fonte: <a href=\"https:\/\/agenciabrasil.ebc.com.br\/internacional\/noticia\/2022-05\/mascaras-deixam-de-ser-recomendadas-em-aeroportos-e-voos-da-ue\">Ag\u00eancia Brasil<\/a><\/em><\/strong><\/p>\n","protected":false},"excerpt":{"rendered":"<p>Medida vigora a partir de segunda-feira (16) A Ag\u00eancia Europeia para a Seguran\u00e7a da Avia\u00e7\u00e3o (Easa) e o Centro Europeu de Preven\u00e7\u00e3o e Controle de Doen\u00e7as (ECDC) informaram hoje (11) que, a partir da pr\u00f3xima segunda-feira (16), deixam de recomendar m\u00e1scaras obrigat\u00f3rias em aeroportos e voos.Em comunicado conjunto, a Easa e o ECDC afirmaram que [&hellip;]<\/p>\n","protected":false},"author":2,"featured_media":30282,"comment_status":"open","ping_status":"open","sticky":false,"template":"","format":"standard","meta":{"footnotes":""},"categories":[41],"tags":[73,273,274,330,14378,497,4066],"class_list":["post-30281","post","type-post","status-publish","format-standard","has-post-thumbnail","hentry","category-internacional","tag-coronavirus","tag-covid-19","tag-mascaras","tag-pandemia","tag-ue","tag-uniao-europeia","tag-voos"],"yoast_head":"<!-- This site is optimized with the Yoast SEO plugin v26.5 - https:\/\/yoast.com\/wordpress\/plugins\/seo\/ -->\n<title>M\u00e1scaras deixam de ser recomendadas em aeroportos e voos da UE - Jornal Fatos e Not\u00edcias<\/title>\n<meta name=\"robots\" content=\"index, follow, max-snippet:-1, max-image-preview:large, max-video-preview:-1\" \/>\n<link rel=\"canonical\" href=\"https:\/\/jornalfatosenoticias.com.br\/index.php\/2022\/05\/11\/mascaras-deixam-de-ser-recomendadas-em-aeroportos-e-voos-da-ue\/\" \/>\n<meta property=\"og:locale\" content=\"pt_BR\" \/>\n<meta property=\"og:type\" content=\"article\" \/>\n<meta property=\"og:title\" content=\"M\u00e1scaras deixam de ser recomendadas em aeroportos e voos da UE - Jornal Fatos e Not\u00edcias\" \/>\n<meta property=\"og:description\" content=\"Medida vigora a partir de segunda-feira (16) A Ag\u00eancia Europeia para a Seguran\u00e7a da Avia\u00e7\u00e3o (Easa) e o Centro Europeu de Preven\u00e7\u00e3o e Controle de Doen\u00e7as (ECDC) informaram hoje (11) que, a partir da pr\u00f3xima segunda-feira (16), deixam de recomendar m\u00e1scaras obrigat\u00f3rias em aeroportos e voos.Em comunicado conjunto, a Easa e o ECDC afirmaram que [&hellip;]\" \/>\n<meta property=\"og:url\" content=\"https:\/\/jornalfatosenoticias.com.br\/index.php\/2022\/05\/11\/mascaras-deixam-de-ser-recomendadas-em-aeroportos-e-voos-da-ue\/\" \/>\n<meta property=\"og:site_name\" content=\"Jornal Fatos e Not\u00edcias\" \/>\n<meta property=\"article:published_time\" content=\"2022-05-11T14:04:11+00:00\" \/>\n<meta property=\"article:modified_time\" content=\"2022-05-11T14:04:15+00:00\" \/>\n<meta property=\"og:image\" content=\"https:\/\/jornalfatosenoticias.com.br\/wp-content\/uploads\/2022\/05\/movimentacao-aeroporto-bsb_mcamgo_abr.jpg\" \/>\n\t<meta property=\"og:image:width\" content=\"1000\" \/>\n\t<meta property=\"og:image:height\" content=\"598\" \/>\n\t<meta property=\"og:image:type\" content=\"image\/jpeg\" \/>\n<meta name=\"author\" content=\"Luzimara Fernandes\" \/>\n<meta name=\"twitter:card\" content=\"summary_large_image\" \/>\n<meta name=\"twitter:label1\" content=\"Escrito por\" \/>\n\t<meta name=\"twitter:data1\" content=\"Luzimara Fernandes\" \/>\n\t<meta name=\"twitter:label2\" content=\"Est. tempo de leitura\" \/>\n\t<meta name=\"twitter:data2\" content=\"2 minutos\" \/>\n<script type=\"application\/ld+json\" class=\"yoast-schema-graph\">{\"@context\":\"https:\/\/schema.org\",\"@graph\":[{\"@type\":\"Article\",\"@id\":\"https:\/\/jornalfatosenoticias.com.br\/index.php\/2022\/05\/11\/mascaras-deixam-de-ser-recomendadas-em-aeroportos-e-voos-da-ue\/#article\",\"isPartOf\":{\"@id\":\"https:\/\/jornalfatosenoticias.com.br\/index.php\/2022\/05\/11\/mascaras-deixam-de-ser-recomendadas-em-aeroportos-e-voos-da-ue\/\"},\"author\":{\"name\":\"Luzimara Fernandes\",\"@id\":\"https:\/\/jornalfatosenoticias.com.br\/#\/schema\/person\/d63837fa13ac8666eb9e74e0985d6f81\"},\"headline\":\"M\u00e1scaras deixam de ser recomendadas em aeroportos e voos da UE\",\"datePublished\":\"2022-05-11T14:04:11+00:00\",\"dateModified\":\"2022-05-11T14:04:15+00:00\",\"mainEntityOfPage\":{\"@id\":\"https:\/\/jornalfatosenoticias.com.br\/index.php\/2022\/05\/11\/mascaras-deixam-de-ser-recomendadas-em-aeroportos-e-voos-da-ue\/\"},\"wordCount\":498,\"commentCount\":0,\"publisher\":{\"@id\":\"https:\/\/jornalfatosenoticias.com.br\/#organization\"},\"image\":{\"@id\":\"https:\/\/jornalfatosenoticias.com.br\/index.php\/2022\/05\/11\/mascaras-deixam-de-ser-recomendadas-em-aeroportos-e-voos-da-ue\/#primaryimage\"},\"thumbnailUrl\":\"https:\/\/jornalfatosenoticias.com.br\/wp-content\/uploads\/2022\/05\/movimentacao-aeroporto-bsb_mcamgo_abr.jpg\",\"keywords\":[\"coronav\u00edrus\",\"covid-19\",\"m\u00e1scaras\",\"pandemia\",\"UE\",\"Uni\u00e3o Europeia\",\"voos\"],\"articleSection\":[\"Internacional\"],\"inLanguage\":\"pt-BR\",\"potentialAction\":[{\"@type\":\"CommentAction\",\"name\":\"Comment\",\"target\":[\"https:\/\/jornalfatosenoticias.com.br\/index.php\/2022\/05\/11\/mascaras-deixam-de-ser-recomendadas-em-aeroportos-e-voos-da-ue\/#respond\"]}]},{\"@type\":\"WebPage\",\"@id\":\"https:\/\/jornalfatosenoticias.com.br\/index.php\/2022\/05\/11\/mascaras-deixam-de-ser-recomendadas-em-aeroportos-e-voos-da-ue\/\",\"url\":\"https:\/\/jornalfatosenoticias.com.br\/index.php\/2022\/05\/11\/mascaras-deixam-de-ser-recomendadas-em-aeroportos-e-voos-da-ue\/\",\"name\":\"M\u00e1scaras deixam de ser recomendadas em aeroportos e voos da UE - Jornal Fatos e Not\u00edcias\",\"isPartOf\":{\"@id\":\"https:\/\/jornalfatosenoticias.com.br\/#website\"},\"primaryImageOfPage\":{\"@id\":\"https:\/\/jornalfatosenoticias.com.br\/index.php\/2022\/05\/11\/mascaras-deixam-de-ser-recomendadas-em-aeroportos-e-voos-da-ue\/#primaryimage\"},\"image\":{\"@id\":\"https:\/\/jornalfatosenoticias.com.br\/index.php\/2022\/05\/11\/mascaras-deixam-de-ser-recomendadas-em-aeroportos-e-voos-da-ue\/#primaryimage\"},\"thumbnailUrl\":\"https:\/\/jornalfatosenoticias.com.br\/wp-content\/uploads\/2022\/05\/movimentacao-aeroporto-bsb_mcamgo_abr.jpg\",\"datePublished\":\"2022-05-11T14:04:11+00:00\",\"dateModified\":\"2022-05-11T14:04:15+00:00\",\"breadcrumb\":{\"@id\":\"https:\/\/jornalfatosenoticias.com.br\/index.php\/2022\/05\/11\/mascaras-deixam-de-ser-recomendadas-em-aeroportos-e-voos-da-ue\/#breadcrumb\"},\"inLanguage\":\"pt-BR\",\"potentialAction\":[{\"@type\":\"ReadAction\",\"target\":[\"https:\/\/jornalfatosenoticias.com.br\/index.php\/2022\/05\/11\/mascaras-deixam-de-ser-recomendadas-em-aeroportos-e-voos-da-ue\/\"]}]},{\"@type\":\"ImageObject\",\"inLanguage\":\"pt-BR\",\"@id\":\"https:\/\/jornalfatosenoticias.com.br\/index.php\/2022\/05\/11\/mascaras-deixam-de-ser-recomendadas-em-aeroportos-e-voos-da-ue\/#primaryimage\",\"url\":\"https:\/\/jornalfatosenoticias.com.br\/wp-content\/uploads\/2022\/05\/movimentacao-aeroporto-bsb_mcamgo_abr.jpg\",\"contentUrl\":\"https:\/\/jornalfatosenoticias.com.br\/wp-content\/uploads\/2022\/05\/movimentacao-aeroporto-bsb_mcamgo_abr.jpg\",\"width\":1000,\"height\":598,\"caption\":\"Movimenta\u00e7\u00e3o de passageiros no Aeroporto Internacional de Bras\u00edlia.\"},{\"@type\":\"BreadcrumbList\",\"@id\":\"https:\/\/jornalfatosenoticias.com.br\/index.php\/2022\/05\/11\/mascaras-deixam-de-ser-recomendadas-em-aeroportos-e-voos-da-ue\/#breadcrumb\",\"itemListElement\":[{\"@type\":\"ListItem\",\"position\":1,\"name\":\"In\u00edcio\",\"item\":\"https:\/\/jornalfatosenoticias.com.br\/\"},{\"@type\":\"ListItem\",\"position\":2,\"name\":\"M\u00e1scaras deixam de ser recomendadas em aeroportos e voos da UE\"}]},{\"@type\":\"WebSite\",\"@id\":\"https:\/\/jornalfatosenoticias.com.br\/#website\",\"url\":\"https:\/\/jornalfatosenoticias.com.br\/\",\"name\":\"Jornal Fatos e Not\u00edcias\",\"description\":\"Not\u00edcias em geral\",\"publisher\":{\"@id\":\"https:\/\/jornalfatosenoticias.com.br\/#organization\"},\"potentialAction\":[{\"@type\":\"SearchAction\",\"target\":{\"@type\":\"EntryPoint\",\"urlTemplate\":\"https:\/\/jornalfatosenoticias.com.br\/?s={search_term_string}\"},\"query-input\":{\"@type\":\"PropertyValueSpecification\",\"valueRequired\":true,\"valueName\":\"search_term_string\"}}],\"inLanguage\":\"pt-BR\"},{\"@type\":\"Organization\",\"@id\":\"https:\/\/jornalfatosenoticias.com.br\/#organization\",\"name\":\"Jornal Fatos e Not\u00edcias\",\"url\":\"https:\/\/jornalfatosenoticias.com.br\/\",\"logo\":{\"@type\":\"ImageObject\",\"inLanguage\":\"pt-BR\",\"@id\":\"https:\/\/jornalfatosenoticias.com.br\/#\/schema\/logo\/image\/\",\"url\":\"https:\/\/jornalfatosenoticias.com.br\/wp-content\/uploads\/2020\/02\/logo120.png\",\"contentUrl\":\"https:\/\/jornalfatosenoticias.com.br\/wp-content\/uploads\/2020\/02\/logo120.png\",\"width\":1227,\"height\":120,\"caption\":\"Jornal Fatos e Not\u00edcias\"},\"image\":{\"@id\":\"https:\/\/jornalfatosenoticias.com.br\/#\/schema\/logo\/image\/\"}},{\"@type\":\"Person\",\"@id\":\"https:\/\/jornalfatosenoticias.com.br\/#\/schema\/person\/d63837fa13ac8666eb9e74e0985d6f81\",\"name\":\"Luzimara Fernandes\",\"image\":{\"@type\":\"ImageObject\",\"inLanguage\":\"pt-BR\",\"@id\":\"https:\/\/jornalfatosenoticias.com.br\/#\/schema\/person\/image\/\",\"url\":\"https:\/\/jornalfatosenoticias.com.br\/wp-content\/uploads\/2025\/05\/EU_portal.jpg\",\"contentUrl\":\"https:\/\/jornalfatosenoticias.com.br\/wp-content\/uploads\/2025\/05\/EU_portal.jpg\",\"caption\":\"Luzimara Fernandes\"},\"description\":\"Jornalista MTB 2358-ES\",\"sameAs\":[\"https:\/\/jornalfatosenoticias.com.br\"],\"url\":\"https:\/\/jornalfatosenoticias.com.br\/index.php\/author\/luzimara\/\"}]}<\/script>\n<!-- \/ Yoast SEO plugin. -->","yoast_head_json":{"title":"M\u00e1scaras deixam de ser recomendadas em aeroportos e voos da UE - Jornal Fatos e Not\u00edcias","robots":{"index":"index","follow":"follow","max-snippet":"max-snippet:-1","max-image-preview":"max-image-preview:large","max-video-preview":"max-video-preview:-1"},"canonical":"https:\/\/jornalfatosenoticias.com.br\/index.php\/2022\/05\/11\/mascaras-deixam-de-ser-recomendadas-em-aeroportos-e-voos-da-ue\/","og_locale":"pt_BR","og_type":"article","og_title":"M\u00e1scaras deixam de ser recomendadas em aeroportos e voos da UE - Jornal Fatos e Not\u00edcias","og_description":"Medida vigora a partir de segunda-feira (16) A Ag\u00eancia Europeia para a Seguran\u00e7a da Avia\u00e7\u00e3o (Easa) e o Centro Europeu de Preven\u00e7\u00e3o e Controle de Doen\u00e7as (ECDC) informaram hoje (11) que, a partir da pr\u00f3xima segunda-feira (16), deixam de recomendar m\u00e1scaras obrigat\u00f3rias em aeroportos e voos.Em comunicado conjunto, a Easa e o ECDC afirmaram que [&hellip;]","og_url":"https:\/\/jornalfatosenoticias.com.br\/index.php\/2022\/05\/11\/mascaras-deixam-de-ser-recomendadas-em-aeroportos-e-voos-da-ue\/","og_site_name":"Jornal Fatos e Not\u00edcias","article_published_time":"2022-05-11T14:04:11+00:00","article_modified_time":"2022-05-11T14:04:15+00:00","og_image":[{"width":1000,"height":598,"url":"https:\/\/jornalfatosenoticias.com.br\/wp-content\/uploads\/2022\/05\/movimentacao-aeroporto-bsb_mcamgo_abr.jpg","type":"image\/jpeg"}],"author":"Luzimara Fernandes","twitter_card":"summary_large_image","twitter_misc":{"Escrito por":"Luzimara Fernandes","Est. tempo de leitura":"2 minutos"},"schema":{"@context":"https:\/\/schema.org","@graph":[{"@type":"Article","@id":"https:\/\/jornalfatosenoticias.com.br\/index.php\/2022\/05\/11\/mascaras-deixam-de-ser-recomendadas-em-aeroportos-e-voos-da-ue\/#article","isPartOf":{"@id":"https:\/\/jornalfatosenoticias.com.br\/index.php\/2022\/05\/11\/mascaras-deixam-de-ser-recomendadas-em-aeroportos-e-voos-da-ue\/"},"author":{"name":"Luzimara Fernandes","@id":"https:\/\/jornalfatosenoticias.com.br\/#\/schema\/person\/d63837fa13ac8666eb9e74e0985d6f81"},"headline":"M\u00e1scaras deixam de ser recomendadas em aeroportos e voos da UE","datePublished":"2022-05-11T14:04:11+00:00","dateModified":"2022-05-11T14:04:15+00:00","mainEntityOfPage":{"@id":"https:\/\/jornalfatosenoticias.com.br\/index.php\/2022\/05\/11\/mascaras-deixam-de-ser-recomendadas-em-aeroportos-e-voos-da-ue\/"},"wordCount":498,"commentCount":0,"publisher":{"@id":"https:\/\/jornalfatosenoticias.com.br\/#organization"},"image":{"@id":"https:\/\/jornalfatosenoticias.com.br\/index.php\/2022\/05\/11\/mascaras-deixam-de-ser-recomendadas-em-aeroportos-e-voos-da-ue\/#primaryimage"},"thumbnailUrl":"https:\/\/jornalfatosenoticias.com.br\/wp-content\/uploads\/2022\/05\/movimentacao-aeroporto-bsb_mcamgo_abr.jpg","keywords":["coronav\u00edrus","covid-19","m\u00e1scaras","pandemia","UE","Uni\u00e3o Europeia","voos"],"articleSection":["Internacional"],"inLanguage":"pt-BR","potentialAction":[{"@type":"CommentAction","name":"Comment","target":["https:\/\/jornalfatosenoticias.com.br\/index.php\/2022\/05\/11\/mascaras-deixam-de-ser-recomendadas-em-aeroportos-e-voos-da-ue\/#respond"]}]},{"@type":"WebPage","@id":"https:\/\/jornalfatosenoticias.com.br\/index.php\/2022\/05\/11\/mascaras-deixam-de-ser-recomendadas-em-aeroportos-e-voos-da-ue\/","url":"https:\/\/jornalfatosenoticias.com.br\/index.php\/2022\/05\/11\/mascaras-deixam-de-ser-recomendadas-em-aeroportos-e-voos-da-ue\/","name":"M\u00e1scaras deixam de ser recomendadas em aeroportos e voos da UE - Jornal Fatos e Not\u00edcias","isPartOf":{"@id":"https:\/\/jornalfatosenoticias.com.br\/#website"},"primaryImageOfPage":{"@id":"https:\/\/jornalfatosenoticias.com.br\/index.php\/2022\/05\/11\/mascaras-deixam-de-ser-recomendadas-em-aeroportos-e-voos-da-ue\/#primaryimage"},"image":{"@id":"https:\/\/jornalfatosenoticias.com.br\/index.php\/2022\/05\/11\/mascaras-deixam-de-ser-recomendadas-em-aeroportos-e-voos-da-ue\/#primaryimage"},"thumbnailUrl":"https:\/\/jornalfatosenoticias.com.br\/wp-content\/uploads\/2022\/05\/movimentacao-aeroporto-bsb_mcamgo_abr.jpg","datePublished":"2022-05-11T14:04:11+00:00","dateModified":"2022-05-11T14:04:15+00:00","breadcrumb":{"@id":"https:\/\/jornalfatosenoticias.com.br\/index.php\/2022\/05\/11\/mascaras-deixam-de-ser-recomendadas-em-aeroportos-e-voos-da-ue\/#breadcrumb"},"inLanguage":"pt-BR","potentialAction":[{"@type":"ReadAction","target":["https:\/\/jornalfatosenoticias.com.br\/index.php\/2022\/05\/11\/mascaras-deixam-de-ser-recomendadas-em-aeroportos-e-voos-da-ue\/"]}]},{"@type":"ImageObject","inLanguage":"pt-BR","@id":"https:\/\/jornalfatosenoticias.com.br\/index.php\/2022\/05\/11\/mascaras-deixam-de-ser-recomendadas-em-aeroportos-e-voos-da-ue\/#primaryimage","url":"https:\/\/jornalfatosenoticias.com.br\/wp-content\/uploads\/2022\/05\/movimentacao-aeroporto-bsb_mcamgo_abr.jpg","contentUrl":"https:\/\/jornalfatosenoticias.com.br\/wp-content\/uploads\/2022\/05\/movimentacao-aeroporto-bsb_mcamgo_abr.jpg","width":1000,"height":598,"caption":"Movimenta\u00e7\u00e3o de passageiros no Aeroporto Internacional de Bras\u00edlia."},{"@type":"BreadcrumbList","@id":"https:\/\/jornalfatosenoticias.com.br\/index.php\/2022\/05\/11\/mascaras-deixam-de-ser-recomendadas-em-aeroportos-e-voos-da-ue\/#breadcrumb","itemListElement":[{"@type":"ListItem","position":1,"name":"In\u00edcio","item":"https:\/\/jornalfatosenoticias.com.br\/"},{"@type":"ListItem","position":2,"name":"M\u00e1scaras deixam de ser recomendadas em aeroportos e voos da UE"}]},{"@type":"WebSite","@id":"https:\/\/jornalfatosenoticias.com.br\/#website","url":"https:\/\/jornalfatosenoticias.com.br\/","name":"Jornal Fatos e Not\u00edcias","description":"Not\u00edcias em geral","publisher":{"@id":"https:\/\/jornalfatosenoticias.com.br\/#organization"},"potentialAction":[{"@type":"SearchAction","target":{"@type":"EntryPoint","urlTemplate":"https:\/\/jornalfatosenoticias.com.br\/?s={search_term_string}"},"query-input":{"@type":"PropertyValueSpecification","valueRequired":true,"valueName":"search_term_string"}}],"inLanguage":"pt-BR"},{"@type":"Organization","@id":"https:\/\/jornalfatosenoticias.com.br\/#organization","name":"Jornal Fatos e Not\u00edcias","url":"https:\/\/jornalfatosenoticias.com.br\/","logo":{"@type":"ImageObject","inLanguage":"pt-BR","@id":"https:\/\/jornalfatosenoticias.com.br\/#\/schema\/logo\/image\/","url":"https:\/\/jornalfatosenoticias.com.br\/wp-content\/uploads\/2020\/02\/logo120.png","contentUrl":"https:\/\/jornalfatosenoticias.com.br\/wp-content\/uploads\/2020\/02\/logo120.png","width":1227,"height":120,"caption":"Jornal Fatos e Not\u00edcias"},"image":{"@id":"https:\/\/jornalfatosenoticias.com.br\/#\/schema\/logo\/image\/"}},{"@type":"Person","@id":"https:\/\/jornalfatosenoticias.com.br\/#\/schema\/person\/d63837fa13ac8666eb9e74e0985d6f81","name":"Luzimara Fernandes","image":{"@type":"ImageObject","inLanguage":"pt-BR","@id":"https:\/\/jornalfatosenoticias.com.br\/#\/schema\/person\/image\/","url":"https:\/\/jornalfatosenoticias.com.br\/wp-content\/uploads\/2025\/05\/EU_portal.jpg","contentUrl":"https:\/\/jornalfatosenoticias.com.br\/wp-content\/uploads\/2025\/05\/EU_portal.jpg","caption":"Luzimara Fernandes"},"description":"Jornalista MTB 2358-ES","sameAs":["https:\/\/jornalfatosenoticias.com.br"],"url":"https:\/\/jornalfatosenoticias.com.br\/index.php\/author\/luzimara\/"}]}},"cc_featured_image_caption":{"caption_text":"(Foto: Marcelo Camargo\/Ag\u00eancia Brasil)","source_text":"","source_url":""},"jetpack_featured_media_url":"https:\/\/jornalfatosenoticias.com.br\/wp-content\/uploads\/2022\/05\/movimentacao-aeroporto-bsb_mcamgo_abr.jpg","_links":{"self":[{"href":"https:\/\/jornalfatosenoticias.com.br\/index.php\/wp-json\/wp\/v2\/posts\/30281","targetHints":{"allow":["GET"]}}],"collection":[{"href":"https:\/\/jornalfatosenoticias.com.br\/index.php\/wp-json\/wp\/v2\/posts"}],"about":[{"href":"https:\/\/jornalfatosenoticias.com.br\/index.php\/wp-json\/wp\/v2\/types\/post"}],"author":[{"embeddable":true,"href":"https:\/\/jornalfatosenoticias.com.br\/index.php\/wp-json\/wp\/v2\/users\/2"}],"replies":[{"embeddable":true,"href":"https:\/\/jornalfatosenoticias.com.br\/index.php\/wp-json\/wp\/v2\/comments?post=30281"}],"version-history":[{"count":0,"href":"https:\/\/jornalfatosenoticias.com.br\/index.php\/wp-json\/wp\/v2\/posts\/30281\/revisions"}],"wp:featuredmedia":[{"embeddable":true,"href":"https:\/\/jornalfatosenoticias.com.br\/index.php\/wp-json\/wp\/v2\/media\/30282"}],"wp:attachment":[{"href":"https:\/\/jornalfatosenoticias.com.br\/index.php\/wp-json\/wp\/v2\/media?parent=30281"}],"wp:term":[{"taxonomy":"category","embeddable":true,"href":"https:\/\/jornalfatosenoticias.com.br\/index.php\/wp-json\/wp\/v2\/categories?post=30281"},{"taxonomy":"post_tag","embeddable":true,"href":"https:\/\/jornalfatosenoticias.com.br\/index.php\/wp-json\/wp\/v2\/tags?post=30281"}],"curies":[{"name":"wp","href":"https:\/\/api.w.org\/{rel}","templated":true}]}}