{"id":30284,"date":"2022-05-11T11:12:58","date_gmt":"2022-05-11T14:12:58","guid":{"rendered":"https:\/\/jornalfatosenoticias.com.br\/?p=30284"},"modified":"2022-05-11T11:13:01","modified_gmt":"2022-05-11T14:13:01","slug":"ministro-diz-que-recuperacao-da-aprendizagem-e-o-principal-desafio","status":"publish","type":"post","link":"https:\/\/jornalfatosenoticias.com.br\/index.php\/2022\/05\/11\/ministro-diz-que-recuperacao-da-aprendizagem-e-o-principal-desafio\/","title":{"rendered":"Ministro diz que recupera\u00e7\u00e3o da aprendizagem \u00e9 o principal desafio"},"content":{"rendered":"\n<p><em><span class=\"has-inline-color has-black-color\">Godoy falou dos desafios e propostas da pasta em congresso de educa\u00e7\u00e3o<\/span><\/em><\/p>\n\n\n\n<div class=\"wp-block-image\"><figure class=\"aligncenter size-large is-resized\"><img loading=\"lazy\" decoding=\"async\" src=\"https:\/\/jornalfatosenoticias.com.br\/wp-content\/uploads\/2022\/02\/Banner-1-1024x101.png\" alt=\"\" class=\"wp-image-27923\" width=\"343\" height=\"33\"\/><\/figure><\/div>\n\n\n\n<p>H\u00e1 poucos dias do lan\u00e7amento da Pol\u00edtica Nacional de Recupera\u00e7\u00e3o da Aprendizagem, o ministro da Educa\u00e7\u00e3o, Victor Godoy Veiga, que assumiu a pasta h\u00e1 tr\u00eas semanas, afirmou ontem (10) que o principal desafio a ser enfrentado \u00e9 o d\u00e9ficit na educa\u00e7\u00e3o.<\/p>\n\n\n\n<blockquote class=\"wp-block-quote is-layout-flow wp-block-quote-is-layout-flow\"><p><span class=\"has-inline-color has-luminous-vivid-orange-color\">\u201cNossos principais desafios s\u00e3o a recupera\u00e7\u00e3o das aprendizagens. A gente tem um d\u00e9ficit n\u00e3o s\u00f3 decorrente da pandemia, mas temos tamb\u00e9m as defici\u00eancias do pr\u00f3prio sistema educacional brasileiro\u201d, disse.<\/span><\/p><\/blockquote>\n\n\n\n<div class=\"wp-block-image\"><figure class=\"alignright size-large is-resized\"><img loading=\"lazy\" decoding=\"async\" src=\"https:\/\/jornalfatosenoticias.com.br\/wp-content\/uploads\/2020\/02\/nova-logo-Marquetti.jpg\" alt=\"\" class=\"wp-image-22331\" width=\"260\" height=\"175\" srcset=\"https:\/\/jornalfatosenoticias.com.br\/wp-content\/uploads\/2020\/02\/nova-logo-Marquetti.jpg 643w, https:\/\/jornalfatosenoticias.com.br\/wp-content\/uploads\/2020\/02\/nova-logo-Marquetti-300x202.jpg 300w\" sizes=\"auto, (max-width: 260px) 100vw, 260px\" \/><\/figure><\/div>\n\n\n\n<p>O ministro disse que h\u00e1 ainda \u201co desafio enorme de trazer as crian\u00e7as de volta [para a escola], que abandonaram o estudo\u201d. Lembrou tamb\u00e9m que \u00e9 preciso levar a inova\u00e7\u00e3o e a tecnologia para dentro das escolas.<br>O ministro participou nesta ter\u00e7a-feira da abertura da Bett Educar, maior congresso de educa\u00e7\u00e3o da Am\u00e9rica Latina, que ap\u00f3s dois anos em formato <em>on-line, <\/em>por causa da pandemia, volta em edi\u00e7\u00e3o presencial. O congresso acontece durante toda a semana, com palestras e oficinas voltadas \u00e0 educa\u00e7\u00e3o e inova\u00e7\u00f5es para a \u00e1rea.<br>Em sua fala, o ministro Victor Godoy disse que a Pol\u00edtica Nacional de Recupera\u00e7\u00e3o das Aprendizagens, a ser lan\u00e7ada este m\u00eas, se baseia em tr\u00eas eixos: recupera\u00e7\u00e3o das aprendizagens, combate \u00e0 evas\u00e3o e incentivo \u00e0 inova\u00e7\u00e3o e tecnologia.<\/p>\n\n\n\n<div class=\"wp-block-image\"><figure class=\"alignleft size-large is-resized\"><img loading=\"lazy\" decoding=\"async\" src=\"https:\/\/jornalfatosenoticias.com.br\/wp-content\/uploads\/2022\/03\/logo-Suinco-1024x390.jpg\" alt=\"\" class=\"wp-image-28785\" width=\"279\" height=\"106\"\/><\/figure><\/div>\n\n\n\n<p>O ministro disse que o primeiro eixo dessa recomposi\u00e7\u00e3o \u00e9 o diagn\u00f3stico, o reengajamento dos estudantes e a recomposi\u00e7\u00e3o das aprendizagens. O segundo eixo, \u00e9 o combate \u00e0 evas\u00e3o escolar, com a perspectiva de recuperar aqueles alunos que j\u00e1 est\u00e3o fora das escolas. \u201cE n\u00f3s j\u00e1 tivemos iniciativas concretas nesse sentido, o disque 100 [para denunciar crian\u00e7as fora das escolas], para que o conselho tutelar e as redes de apoio dos estados e munic\u00edpios possam ir atr\u00e1s daquele estudante e trazer de volta para escola\u201d.<br>O ministro anunciou como outra medida para evitar a evas\u00e3o escolar, um aplicativo que ajuda a prever a evas\u00e3o escolar. \u201cTamb\u00e9m trabalhamos numa perspectiva preditiva, com um aplicativo em desenvolvimento, para indicar aos diretores das escolas os alunos que t\u00eam um risco maior de evas\u00e3o escolar\u201d.<br>O terceiro eixo dessa pol\u00edtica, segundo o ministro, \u00e9 a inova\u00e7\u00e3o e a conectividade para dentro da educa\u00e7\u00e3o brasileira.<\/p>\n\n\n\n<div class=\"wp-block-image\"><figure class=\"aligncenter size-large is-resized\"><img loading=\"lazy\" decoding=\"async\" src=\"https:\/\/jornalfatosenoticias.com.br\/wp-content\/uploads\/2020\/02\/Serra-Grande-1024x160.png\" alt=\"\" class=\"wp-image-7836\" width=\"308\" height=\"48\"\/><\/figure><\/div>\n\n\n\n<figure class=\"wp-block-image size-large\"><img loading=\"lazy\" decoding=\"async\" width=\"1000\" height=\"666\" src=\"https:\/\/jornalfatosenoticias.com.br\/wp-content\/uploads\/2022\/05\/Ministro-diz-que-recuperacao-da-aprendizagem-e-o-principal-desafio.jpg\" alt=\"\" class=\"wp-image-30285\" srcset=\"https:\/\/jornalfatosenoticias.com.br\/wp-content\/uploads\/2022\/05\/Ministro-diz-que-recuperacao-da-aprendizagem-e-o-principal-desafio.jpg 1000w, https:\/\/jornalfatosenoticias.com.br\/wp-content\/uploads\/2022\/05\/Ministro-diz-que-recuperacao-da-aprendizagem-e-o-principal-desafio-300x200.jpg 300w, https:\/\/jornalfatosenoticias.com.br\/wp-content\/uploads\/2022\/05\/Ministro-diz-que-recuperacao-da-aprendizagem-e-o-principal-desafio-768x511.jpg 768w\" sizes=\"auto, (max-width: 1000px) 100vw, 1000px\" \/><figcaption><em><span class=\"has-inline-color has-black-color\">(Foto: iStock)<\/span><\/em><\/figcaption><\/figure>\n\n\n\n<div class=\"wp-block-image\"><figure class=\"alignright size-large\"><img decoding=\"async\" src=\"https:\/\/jornalfatosenoticias.com.br\/wp-content\/uploads\/2020\/02\/logo_esteio.jpg\" alt=\"\" class=\"wp-image-1214\"\/><\/figure><\/div>\n\n\n\n<p><strong><span class=\"has-inline-color has-black-color\">Enem<br><\/span><\/strong>O ministro da Educa\u00e7\u00e3o manifestou uma expectativa muito positiva para o <strong><a href=\"https:\/\/agenciabrasil.ebc.com.br\/educacao\/noticia\/2022-05\/inscricoes-para-enem-2022-comecam-hoje\" target=\"_blank\" rel=\"noreferrer noopener\">Enem<\/a><\/strong> deste ano, que, segundo ele, mant\u00e9m o modelo do anterior \u201cA gente est\u00e1 pensando j\u00e1 o Enem do futuro, que \u00e9 o Enem j\u00e1 alinhado com o novo ensino m\u00e9dio. Mas esse Enem est\u00e1 sendo trabalhado, temos toda a perspectiva de correr tudo com muita tranquilidade, com muito sucesso\u201d.<br>Quanto ao banco de itens da prova, o ministro Victor Godoy disse que j\u00e1 est\u00e1 em andamento. <\/p>\n\n\n\n<div class=\"wp-block-image\"><figure class=\"aligncenter size-large is-resized\"><img loading=\"lazy\" decoding=\"async\" src=\"https:\/\/jornalfatosenoticias.com.br\/wp-content\/uploads\/2022\/02\/Arte-Autoescola-Galatas_endereco_portal-1024x103.png\" alt=\"\" class=\"wp-image-27869\" width=\"447\" height=\"45\" srcset=\"https:\/\/jornalfatosenoticias.com.br\/wp-content\/uploads\/2022\/02\/Arte-Autoescola-Galatas_endereco_portal-1024x103.png 1024w, https:\/\/jornalfatosenoticias.com.br\/wp-content\/uploads\/2022\/02\/Arte-Autoescola-Galatas_endereco_portal-300x30.png 300w, https:\/\/jornalfatosenoticias.com.br\/wp-content\/uploads\/2022\/02\/Arte-Autoescola-Galatas_endereco_portal-768x77.png 768w, https:\/\/jornalfatosenoticias.com.br\/wp-content\/uploads\/2022\/02\/Arte-Autoescola-Galatas_endereco_portal.png 1223w\" sizes=\"auto, (max-width: 447px) 100vw, 447px\" \/><\/figure><\/div>\n\n\n\n<blockquote class=\"wp-block-quote is-layout-flow wp-block-quote-is-layout-flow\"><p><span class=\"has-inline-color has-luminous-vivid-orange-color\">\u201cN\u00f3s temos um j\u00e1 em andamento, a padroniza\u00e7\u00e3o do banco de itens, e temos itens suficientes para fazer a prova deste ano. \u00c9 um trabalho para atualizar o banco, que ficou muitos anos sem o trabalho do Inep [Instituto Nacional de Estudos e Pesquisas Educacionais An\u00edsio Teixeira] de fazer essa atualiza\u00e7\u00e3o\u201d, disse.<\/span><\/p><\/blockquote>\n\n\n\n<p><em><strong>Fonte: <a href=\"https:\/\/agenciabrasil.ebc.com.br\/educacao\/noticia\/2022-05\/ministro-diz-que-recuperacao-da-aprendizagem-e-o-principal-desafio\">Ag\u00eancia Brasil<\/a><\/strong><\/em><\/p>\n","protected":false},"excerpt":{"rendered":"<p>Godoy falou dos desafios e propostas da pasta em congresso de educa\u00e7\u00e3o H\u00e1 poucos dias do lan\u00e7amento da Pol\u00edtica Nacional de Recupera\u00e7\u00e3o da Aprendizagem, o ministro da Educa\u00e7\u00e3o, Victor Godoy Veiga, que assumiu a pasta h\u00e1 tr\u00eas semanas, afirmou ontem (10) que o principal desafio a ser enfrentado \u00e9 o d\u00e9ficit na educa\u00e7\u00e3o. \u201cNossos principais [&hellip;]<\/p>\n","protected":false},"author":2,"featured_media":30286,"comment_status":"open","ping_status":"open","sticky":false,"template":"","format":"standard","meta":{"footnotes":""},"categories":[7],"tags":[2463,14380,10127,8300,14379,14381],"class_list":["post-30284","post","type-post","status-publish","format-standard","has-post-thumbnail","hentry","category-educacao","tag-aprendizagem","tag-desafios-da-educacao","tag-ministerio-da-educacao","tag-ministro-da-educacao","tag-recuperacao-da-aprendizagem","tag-victor-godoy-veiga"],"yoast_head":"<!-- This site is optimized with the Yoast SEO plugin v26.5 - https:\/\/yoast.com\/wordpress\/plugins\/seo\/ -->\n<title>Ministro diz que recupera\u00e7\u00e3o da aprendizagem \u00e9 o principal desafio - Jornal Fatos e Not\u00edcias<\/title>\n<meta name=\"robots\" content=\"index, follow, max-snippet:-1, max-image-preview:large, max-video-preview:-1\" \/>\n<link rel=\"canonical\" href=\"https:\/\/jornalfatosenoticias.com.br\/index.php\/2022\/05\/11\/ministro-diz-que-recuperacao-da-aprendizagem-e-o-principal-desafio\/\" \/>\n<meta property=\"og:locale\" content=\"pt_BR\" \/>\n<meta property=\"og:type\" content=\"article\" \/>\n<meta property=\"og:title\" content=\"Ministro diz que recupera\u00e7\u00e3o da aprendizagem \u00e9 o principal desafio - Jornal Fatos e Not\u00edcias\" \/>\n<meta property=\"og:description\" content=\"Godoy falou dos desafios e propostas da pasta em congresso de educa\u00e7\u00e3o H\u00e1 poucos dias do lan\u00e7amento da Pol\u00edtica Nacional de Recupera\u00e7\u00e3o da Aprendizagem, o ministro da Educa\u00e7\u00e3o, Victor Godoy Veiga, que assumiu a pasta h\u00e1 tr\u00eas semanas, afirmou ontem (10) que o principal desafio a ser enfrentado \u00e9 o d\u00e9ficit na educa\u00e7\u00e3o. \u201cNossos principais [&hellip;]\" \/>\n<meta property=\"og:url\" content=\"https:\/\/jornalfatosenoticias.com.br\/index.php\/2022\/05\/11\/ministro-diz-que-recuperacao-da-aprendizagem-e-o-principal-desafio\/\" \/>\n<meta property=\"og:site_name\" content=\"Jornal Fatos e Not\u00edcias\" \/>\n<meta property=\"article:published_time\" content=\"2022-05-11T14:12:58+00:00\" \/>\n<meta property=\"article:modified_time\" content=\"2022-05-11T14:13:01+00:00\" \/>\n<meta property=\"og:image\" content=\"https:\/\/jornalfatosenoticias.com.br\/wp-content\/uploads\/2022\/05\/desafios-da-aprendizagem.jpg\" \/>\n\t<meta property=\"og:image:width\" content=\"1000\" \/>\n\t<meta property=\"og:image:height\" content=\"562\" \/>\n\t<meta property=\"og:image:type\" content=\"image\/jpeg\" \/>\n<meta name=\"author\" content=\"Luzimara Fernandes\" \/>\n<meta name=\"twitter:card\" content=\"summary_large_image\" \/>\n<meta name=\"twitter:label1\" content=\"Escrito por\" \/>\n\t<meta name=\"twitter:data1\" content=\"Luzimara Fernandes\" \/>\n\t<meta name=\"twitter:label2\" content=\"Est. tempo de leitura\" \/>\n\t<meta name=\"twitter:data2\" content=\"3 minutos\" \/>\n<script type=\"application\/ld+json\" class=\"yoast-schema-graph\">{\"@context\":\"https:\/\/schema.org\",\"@graph\":[{\"@type\":\"Article\",\"@id\":\"https:\/\/jornalfatosenoticias.com.br\/index.php\/2022\/05\/11\/ministro-diz-que-recuperacao-da-aprendizagem-e-o-principal-desafio\/#article\",\"isPartOf\":{\"@id\":\"https:\/\/jornalfatosenoticias.com.br\/index.php\/2022\/05\/11\/ministro-diz-que-recuperacao-da-aprendizagem-e-o-principal-desafio\/\"},\"author\":{\"name\":\"Luzimara Fernandes\",\"@id\":\"https:\/\/jornalfatosenoticias.com.br\/#\/schema\/person\/d63837fa13ac8666eb9e74e0985d6f81\"},\"headline\":\"Ministro diz que recupera\u00e7\u00e3o da aprendizagem \u00e9 o principal desafio\",\"datePublished\":\"2022-05-11T14:12:58+00:00\",\"dateModified\":\"2022-05-11T14:13:01+00:00\",\"mainEntityOfPage\":{\"@id\":\"https:\/\/jornalfatosenoticias.com.br\/index.php\/2022\/05\/11\/ministro-diz-que-recuperacao-da-aprendizagem-e-o-principal-desafio\/\"},\"wordCount\":549,\"commentCount\":0,\"publisher\":{\"@id\":\"https:\/\/jornalfatosenoticias.com.br\/#organization\"},\"image\":{\"@id\":\"https:\/\/jornalfatosenoticias.com.br\/index.php\/2022\/05\/11\/ministro-diz-que-recuperacao-da-aprendizagem-e-o-principal-desafio\/#primaryimage\"},\"thumbnailUrl\":\"https:\/\/jornalfatosenoticias.com.br\/wp-content\/uploads\/2022\/05\/desafios-da-aprendizagem.jpg\",\"keywords\":[\"aprendizagem\",\"desafios da educa\u00e7\u00e3o\",\"Minist\u00e9rio da Educa\u00e7\u00e3o\",\"ministro da Educa\u00e7\u00e3o\",\"recupera\u00e7\u00e3o da aprendizagem\",\"Victor Godoy Veiga\"],\"articleSection\":[\"Educa\u00e7\u00e3o\"],\"inLanguage\":\"pt-BR\",\"potentialAction\":[{\"@type\":\"CommentAction\",\"name\":\"Comment\",\"target\":[\"https:\/\/jornalfatosenoticias.com.br\/index.php\/2022\/05\/11\/ministro-diz-que-recuperacao-da-aprendizagem-e-o-principal-desafio\/#respond\"]}]},{\"@type\":\"WebPage\",\"@id\":\"https:\/\/jornalfatosenoticias.com.br\/index.php\/2022\/05\/11\/ministro-diz-que-recuperacao-da-aprendizagem-e-o-principal-desafio\/\",\"url\":\"https:\/\/jornalfatosenoticias.com.br\/index.php\/2022\/05\/11\/ministro-diz-que-recuperacao-da-aprendizagem-e-o-principal-desafio\/\",\"name\":\"Ministro diz que recupera\u00e7\u00e3o da aprendizagem \u00e9 o principal desafio - Jornal Fatos e Not\u00edcias\",\"isPartOf\":{\"@id\":\"https:\/\/jornalfatosenoticias.com.br\/#website\"},\"primaryImageOfPage\":{\"@id\":\"https:\/\/jornalfatosenoticias.com.br\/index.php\/2022\/05\/11\/ministro-diz-que-recuperacao-da-aprendizagem-e-o-principal-desafio\/#primaryimage\"},\"image\":{\"@id\":\"https:\/\/jornalfatosenoticias.com.br\/index.php\/2022\/05\/11\/ministro-diz-que-recuperacao-da-aprendizagem-e-o-principal-desafio\/#primaryimage\"},\"thumbnailUrl\":\"https:\/\/jornalfatosenoticias.com.br\/wp-content\/uploads\/2022\/05\/desafios-da-aprendizagem.jpg\",\"datePublished\":\"2022-05-11T14:12:58+00:00\",\"dateModified\":\"2022-05-11T14:13:01+00:00\",\"breadcrumb\":{\"@id\":\"https:\/\/jornalfatosenoticias.com.br\/index.php\/2022\/05\/11\/ministro-diz-que-recuperacao-da-aprendizagem-e-o-principal-desafio\/#breadcrumb\"},\"inLanguage\":\"pt-BR\",\"potentialAction\":[{\"@type\":\"ReadAction\",\"target\":[\"https:\/\/jornalfatosenoticias.com.br\/index.php\/2022\/05\/11\/ministro-diz-que-recuperacao-da-aprendizagem-e-o-principal-desafio\/\"]}]},{\"@type\":\"ImageObject\",\"inLanguage\":\"pt-BR\",\"@id\":\"https:\/\/jornalfatosenoticias.com.br\/index.php\/2022\/05\/11\/ministro-diz-que-recuperacao-da-aprendizagem-e-o-principal-desafio\/#primaryimage\",\"url\":\"https:\/\/jornalfatosenoticias.com.br\/wp-content\/uploads\/2022\/05\/desafios-da-aprendizagem.jpg\",\"contentUrl\":\"https:\/\/jornalfatosenoticias.com.br\/wp-content\/uploads\/2022\/05\/desafios-da-aprendizagem.jpg\",\"width\":1000,\"height\":562},{\"@type\":\"BreadcrumbList\",\"@id\":\"https:\/\/jornalfatosenoticias.com.br\/index.php\/2022\/05\/11\/ministro-diz-que-recuperacao-da-aprendizagem-e-o-principal-desafio\/#breadcrumb\",\"itemListElement\":[{\"@type\":\"ListItem\",\"position\":1,\"name\":\"In\u00edcio\",\"item\":\"https:\/\/jornalfatosenoticias.com.br\/\"},{\"@type\":\"ListItem\",\"position\":2,\"name\":\"Ministro diz que recupera\u00e7\u00e3o da aprendizagem \u00e9 o principal desafio\"}]},{\"@type\":\"WebSite\",\"@id\":\"https:\/\/jornalfatosenoticias.com.br\/#website\",\"url\":\"https:\/\/jornalfatosenoticias.com.br\/\",\"name\":\"Jornal Fatos e Not\u00edcias\",\"description\":\"Not\u00edcias em geral\",\"publisher\":{\"@id\":\"https:\/\/jornalfatosenoticias.com.br\/#organization\"},\"potentialAction\":[{\"@type\":\"SearchAction\",\"target\":{\"@type\":\"EntryPoint\",\"urlTemplate\":\"https:\/\/jornalfatosenoticias.com.br\/?s={search_term_string}\"},\"query-input\":{\"@type\":\"PropertyValueSpecification\",\"valueRequired\":true,\"valueName\":\"search_term_string\"}}],\"inLanguage\":\"pt-BR\"},{\"@type\":\"Organization\",\"@id\":\"https:\/\/jornalfatosenoticias.com.br\/#organization\",\"name\":\"Jornal Fatos e Not\u00edcias\",\"url\":\"https:\/\/jornalfatosenoticias.com.br\/\",\"logo\":{\"@type\":\"ImageObject\",\"inLanguage\":\"pt-BR\",\"@id\":\"https:\/\/jornalfatosenoticias.com.br\/#\/schema\/logo\/image\/\",\"url\":\"https:\/\/jornalfatosenoticias.com.br\/wp-content\/uploads\/2020\/02\/logo120.png\",\"contentUrl\":\"https:\/\/jornalfatosenoticias.com.br\/wp-content\/uploads\/2020\/02\/logo120.png\",\"width\":1227,\"height\":120,\"caption\":\"Jornal Fatos e Not\u00edcias\"},\"image\":{\"@id\":\"https:\/\/jornalfatosenoticias.com.br\/#\/schema\/logo\/image\/\"}},{\"@type\":\"Person\",\"@id\":\"https:\/\/jornalfatosenoticias.com.br\/#\/schema\/person\/d63837fa13ac8666eb9e74e0985d6f81\",\"name\":\"Luzimara Fernandes\",\"image\":{\"@type\":\"ImageObject\",\"inLanguage\":\"pt-BR\",\"@id\":\"https:\/\/jornalfatosenoticias.com.br\/#\/schema\/person\/image\/\",\"url\":\"https:\/\/jornalfatosenoticias.com.br\/wp-content\/uploads\/2025\/05\/EU_portal.jpg\",\"contentUrl\":\"https:\/\/jornalfatosenoticias.com.br\/wp-content\/uploads\/2025\/05\/EU_portal.jpg\",\"caption\":\"Luzimara Fernandes\"},\"description\":\"Jornalista MTB 2358-ES\",\"sameAs\":[\"https:\/\/jornalfatosenoticias.com.br\"],\"url\":\"https:\/\/jornalfatosenoticias.com.br\/index.php\/author\/luzimara\/\"}]}<\/script>\n<!-- \/ Yoast SEO plugin. -->","yoast_head_json":{"title":"Ministro diz que recupera\u00e7\u00e3o da aprendizagem \u00e9 o principal desafio - Jornal Fatos e Not\u00edcias","robots":{"index":"index","follow":"follow","max-snippet":"max-snippet:-1","max-image-preview":"max-image-preview:large","max-video-preview":"max-video-preview:-1"},"canonical":"https:\/\/jornalfatosenoticias.com.br\/index.php\/2022\/05\/11\/ministro-diz-que-recuperacao-da-aprendizagem-e-o-principal-desafio\/","og_locale":"pt_BR","og_type":"article","og_title":"Ministro diz que recupera\u00e7\u00e3o da aprendizagem \u00e9 o principal desafio - Jornal Fatos e Not\u00edcias","og_description":"Godoy falou dos desafios e propostas da pasta em congresso de educa\u00e7\u00e3o H\u00e1 poucos dias do lan\u00e7amento da Pol\u00edtica Nacional de Recupera\u00e7\u00e3o da Aprendizagem, o ministro da Educa\u00e7\u00e3o, Victor Godoy Veiga, que assumiu a pasta h\u00e1 tr\u00eas semanas, afirmou ontem (10) que o principal desafio a ser enfrentado \u00e9 o d\u00e9ficit na educa\u00e7\u00e3o. \u201cNossos principais [&hellip;]","og_url":"https:\/\/jornalfatosenoticias.com.br\/index.php\/2022\/05\/11\/ministro-diz-que-recuperacao-da-aprendizagem-e-o-principal-desafio\/","og_site_name":"Jornal Fatos e Not\u00edcias","article_published_time":"2022-05-11T14:12:58+00:00","article_modified_time":"2022-05-11T14:13:01+00:00","og_image":[{"width":1000,"height":562,"url":"https:\/\/jornalfatosenoticias.com.br\/wp-content\/uploads\/2022\/05\/desafios-da-aprendizagem.jpg","type":"image\/jpeg"}],"author":"Luzimara Fernandes","twitter_card":"summary_large_image","twitter_misc":{"Escrito por":"Luzimara Fernandes","Est. tempo de leitura":"3 minutos"},"schema":{"@context":"https:\/\/schema.org","@graph":[{"@type":"Article","@id":"https:\/\/jornalfatosenoticias.com.br\/index.php\/2022\/05\/11\/ministro-diz-que-recuperacao-da-aprendizagem-e-o-principal-desafio\/#article","isPartOf":{"@id":"https:\/\/jornalfatosenoticias.com.br\/index.php\/2022\/05\/11\/ministro-diz-que-recuperacao-da-aprendizagem-e-o-principal-desafio\/"},"author":{"name":"Luzimara Fernandes","@id":"https:\/\/jornalfatosenoticias.com.br\/#\/schema\/person\/d63837fa13ac8666eb9e74e0985d6f81"},"headline":"Ministro diz que recupera\u00e7\u00e3o da aprendizagem \u00e9 o principal desafio","datePublished":"2022-05-11T14:12:58+00:00","dateModified":"2022-05-11T14:13:01+00:00","mainEntityOfPage":{"@id":"https:\/\/jornalfatosenoticias.com.br\/index.php\/2022\/05\/11\/ministro-diz-que-recuperacao-da-aprendizagem-e-o-principal-desafio\/"},"wordCount":549,"commentCount":0,"publisher":{"@id":"https:\/\/jornalfatosenoticias.com.br\/#organization"},"image":{"@id":"https:\/\/jornalfatosenoticias.com.br\/index.php\/2022\/05\/11\/ministro-diz-que-recuperacao-da-aprendizagem-e-o-principal-desafio\/#primaryimage"},"thumbnailUrl":"https:\/\/jornalfatosenoticias.com.br\/wp-content\/uploads\/2022\/05\/desafios-da-aprendizagem.jpg","keywords":["aprendizagem","desafios da educa\u00e7\u00e3o","Minist\u00e9rio da Educa\u00e7\u00e3o","ministro da Educa\u00e7\u00e3o","recupera\u00e7\u00e3o da aprendizagem","Victor Godoy Veiga"],"articleSection":["Educa\u00e7\u00e3o"],"inLanguage":"pt-BR","potentialAction":[{"@type":"CommentAction","name":"Comment","target":["https:\/\/jornalfatosenoticias.com.br\/index.php\/2022\/05\/11\/ministro-diz-que-recuperacao-da-aprendizagem-e-o-principal-desafio\/#respond"]}]},{"@type":"WebPage","@id":"https:\/\/jornalfatosenoticias.com.br\/index.php\/2022\/05\/11\/ministro-diz-que-recuperacao-da-aprendizagem-e-o-principal-desafio\/","url":"https:\/\/jornalfatosenoticias.com.br\/index.php\/2022\/05\/11\/ministro-diz-que-recuperacao-da-aprendizagem-e-o-principal-desafio\/","name":"Ministro diz que recupera\u00e7\u00e3o da aprendizagem \u00e9 o principal desafio - Jornal Fatos e Not\u00edcias","isPartOf":{"@id":"https:\/\/jornalfatosenoticias.com.br\/#website"},"primaryImageOfPage":{"@id":"https:\/\/jornalfatosenoticias.com.br\/index.php\/2022\/05\/11\/ministro-diz-que-recuperacao-da-aprendizagem-e-o-principal-desafio\/#primaryimage"},"image":{"@id":"https:\/\/jornalfatosenoticias.com.br\/index.php\/2022\/05\/11\/ministro-diz-que-recuperacao-da-aprendizagem-e-o-principal-desafio\/#primaryimage"},"thumbnailUrl":"https:\/\/jornalfatosenoticias.com.br\/wp-content\/uploads\/2022\/05\/desafios-da-aprendizagem.jpg","datePublished":"2022-05-11T14:12:58+00:00","dateModified":"2022-05-11T14:13:01+00:00","breadcrumb":{"@id":"https:\/\/jornalfatosenoticias.com.br\/index.php\/2022\/05\/11\/ministro-diz-que-recuperacao-da-aprendizagem-e-o-principal-desafio\/#breadcrumb"},"inLanguage":"pt-BR","potentialAction":[{"@type":"ReadAction","target":["https:\/\/jornalfatosenoticias.com.br\/index.php\/2022\/05\/11\/ministro-diz-que-recuperacao-da-aprendizagem-e-o-principal-desafio\/"]}]},{"@type":"ImageObject","inLanguage":"pt-BR","@id":"https:\/\/jornalfatosenoticias.com.br\/index.php\/2022\/05\/11\/ministro-diz-que-recuperacao-da-aprendizagem-e-o-principal-desafio\/#primaryimage","url":"https:\/\/jornalfatosenoticias.com.br\/wp-content\/uploads\/2022\/05\/desafios-da-aprendizagem.jpg","contentUrl":"https:\/\/jornalfatosenoticias.com.br\/wp-content\/uploads\/2022\/05\/desafios-da-aprendizagem.jpg","width":1000,"height":562},{"@type":"BreadcrumbList","@id":"https:\/\/jornalfatosenoticias.com.br\/index.php\/2022\/05\/11\/ministro-diz-que-recuperacao-da-aprendizagem-e-o-principal-desafio\/#breadcrumb","itemListElement":[{"@type":"ListItem","position":1,"name":"In\u00edcio","item":"https:\/\/jornalfatosenoticias.com.br\/"},{"@type":"ListItem","position":2,"name":"Ministro diz que recupera\u00e7\u00e3o da aprendizagem \u00e9 o principal desafio"}]},{"@type":"WebSite","@id":"https:\/\/jornalfatosenoticias.com.br\/#website","url":"https:\/\/jornalfatosenoticias.com.br\/","name":"Jornal Fatos e Not\u00edcias","description":"Not\u00edcias em geral","publisher":{"@id":"https:\/\/jornalfatosenoticias.com.br\/#organization"},"potentialAction":[{"@type":"SearchAction","target":{"@type":"EntryPoint","urlTemplate":"https:\/\/jornalfatosenoticias.com.br\/?s={search_term_string}"},"query-input":{"@type":"PropertyValueSpecification","valueRequired":true,"valueName":"search_term_string"}}],"inLanguage":"pt-BR"},{"@type":"Organization","@id":"https:\/\/jornalfatosenoticias.com.br\/#organization","name":"Jornal Fatos e Not\u00edcias","url":"https:\/\/jornalfatosenoticias.com.br\/","logo":{"@type":"ImageObject","inLanguage":"pt-BR","@id":"https:\/\/jornalfatosenoticias.com.br\/#\/schema\/logo\/image\/","url":"https:\/\/jornalfatosenoticias.com.br\/wp-content\/uploads\/2020\/02\/logo120.png","contentUrl":"https:\/\/jornalfatosenoticias.com.br\/wp-content\/uploads\/2020\/02\/logo120.png","width":1227,"height":120,"caption":"Jornal Fatos e Not\u00edcias"},"image":{"@id":"https:\/\/jornalfatosenoticias.com.br\/#\/schema\/logo\/image\/"}},{"@type":"Person","@id":"https:\/\/jornalfatosenoticias.com.br\/#\/schema\/person\/d63837fa13ac8666eb9e74e0985d6f81","name":"Luzimara Fernandes","image":{"@type":"ImageObject","inLanguage":"pt-BR","@id":"https:\/\/jornalfatosenoticias.com.br\/#\/schema\/person\/image\/","url":"https:\/\/jornalfatosenoticias.com.br\/wp-content\/uploads\/2025\/05\/EU_portal.jpg","contentUrl":"https:\/\/jornalfatosenoticias.com.br\/wp-content\/uploads\/2025\/05\/EU_portal.jpg","caption":"Luzimara Fernandes"},"description":"Jornalista MTB 2358-ES","sameAs":["https:\/\/jornalfatosenoticias.com.br"],"url":"https:\/\/jornalfatosenoticias.com.br\/index.php\/author\/luzimara\/"}]}},"cc_featured_image_caption":{"caption_text":"(Foto: iStock)","source_text":"","source_url":""},"jetpack_featured_media_url":"https:\/\/jornalfatosenoticias.com.br\/wp-content\/uploads\/2022\/05\/desafios-da-aprendizagem.jpg","_links":{"self":[{"href":"https:\/\/jornalfatosenoticias.com.br\/index.php\/wp-json\/wp\/v2\/posts\/30284","targetHints":{"allow":["GET"]}}],"collection":[{"href":"https:\/\/jornalfatosenoticias.com.br\/index.php\/wp-json\/wp\/v2\/posts"}],"about":[{"href":"https:\/\/jornalfatosenoticias.com.br\/index.php\/wp-json\/wp\/v2\/types\/post"}],"author":[{"embeddable":true,"href":"https:\/\/jornalfatosenoticias.com.br\/index.php\/wp-json\/wp\/v2\/users\/2"}],"replies":[{"embeddable":true,"href":"https:\/\/jornalfatosenoticias.com.br\/index.php\/wp-json\/wp\/v2\/comments?post=30284"}],"version-history":[{"count":0,"href":"https:\/\/jornalfatosenoticias.com.br\/index.php\/wp-json\/wp\/v2\/posts\/30284\/revisions"}],"wp:featuredmedia":[{"embeddable":true,"href":"https:\/\/jornalfatosenoticias.com.br\/index.php\/wp-json\/wp\/v2\/media\/30286"}],"wp:attachment":[{"href":"https:\/\/jornalfatosenoticias.com.br\/index.php\/wp-json\/wp\/v2\/media?parent=30284"}],"wp:term":[{"taxonomy":"category","embeddable":true,"href":"https:\/\/jornalfatosenoticias.com.br\/index.php\/wp-json\/wp\/v2\/categories?post=30284"},{"taxonomy":"post_tag","embeddable":true,"href":"https:\/\/jornalfatosenoticias.com.br\/index.php\/wp-json\/wp\/v2\/tags?post=30284"}],"curies":[{"name":"wp","href":"https:\/\/api.w.org\/{rel}","templated":true}]}}