{"id":3029,"date":"2020-04-10T15:10:41","date_gmt":"2020-04-10T18:10:41","guid":{"rendered":"https:\/\/jornalfatosenoticias.com.br\/?p=3029"},"modified":"2020-04-10T15:10:47","modified_gmt":"2020-04-10T18:10:47","slug":"brasileiros-estudam-vacina-que-combina-virus-da-gripe-com-sars-cov-2","status":"publish","type":"post","link":"https:\/\/jornalfatosenoticias.com.br\/index.php\/2020\/04\/10\/brasileiros-estudam-vacina-que-combina-virus-da-gripe-com-sars-cov-2\/","title":{"rendered":"Brasileiros estudam vacina que combina v\u00edrus da gripe com Sars-CoV-2"},"content":{"rendered":"\n<h6 class=\"wp-block-heading\"><em>Pesquisadores da Fiocruz Minas e de outras institui\u00e7\u00f5es cient\u00edficas do Pa\u00eds investigam imunizante que pode proteger contra influenza e Covid-19<\/em><\/h6>\n\n\n\n<p>Cientistas do mundo inteiro est\u00e3o correndo contra o tempo para encontrar poss\u00edveis tratamentos contra a Covid-19, doen\u00e7a causada pelo novo coronav\u00edrus, o Sars-CoV-2. E no Brasil n\u00e3o \u00e9 diferente. Na lista de vacinas sendo estudadas por aqui, est\u00e1 uma que tem como base o v\u00edrus da gripe.<br>O projeto est\u00e1 sendo comandado pelo Grupo de Imunologia de Doen\u00e7as Virais da Funda\u00e7\u00e3o Oswaldo Cruz (Fiocruz) de Minas Gerais, em parceria com o Instituto Nacional de Ci\u00eancia e Tecnologia em Vacinas (INCTV), a Universidade Federal de Minas Gerais (UFMG) e outras institui\u00e7\u00f5es do Pa\u00eds. \u201cNosso objetivo \u00e9 criar uma vacina bivalente, ou seja, ela pode proteger o indiv\u00edduo tanto do Sars-CoV-2 quanto da influenza [a gripe]\u201d, explica o pesquisador Alexandre Machado, da Fiocruz Minas.<br>A ideia \u00e9 que o v\u00edrus da gripe funcione como um vetor vacinal, isto \u00e9, que ele transporte tamb\u00e9m parte da prote\u00edna do novo coronav\u00edrus. Assim, a pessoa imunizada consegue produzir anticorpos contra as duas doen\u00e7as.<br>E fique tranquilo: n\u00e3o h\u00e1 risco de desenvolver qualquer uma das enfermidades. Nesse modelo de vacina, o v\u00edrus \u00e9 modificado de forma que ele fique mais fraco. Assim, a pessoa n\u00e3o ser\u00e1 infectada \u2014 o corpo identifica a presen\u00e7a dos microrganismos e consegue criar defesas contra eles, ganhando imunidade.<br>Mas, como qualquer pesquisa nesse campo, o tempo \u00e9 essencial. As pr\u00f3ximas etapas do projeto incluem testar a f\u00f3rmula em c\u00e9lulas de laborat\u00f3rios e em camundongos. Se tudo ocorrer bem, a\u00ed sim ser\u00e3o realizados estudos em humanos. Todo esse processo pode levar at\u00e9 dois anos. \u201cSe tudo der certo, a vacina bivalente pode ser at\u00e9 mais barata do que uma vacina exclusiva para a Covid-19\u201d, destaca Machado. O objetivo \u00e9 que o imunizante possa ser distribu\u00eddo pelo Sistema \u00danico de Sa\u00fade (SUS).<br>O desafio no caso do Sars-CoV-2 \u00e9 que ele um v\u00edrus totalmente novo e, portanto, ainda desconhecido em muitos aspectos. \u201cQuando tivemos o surto de gripe su\u00edna, em 2009, a \u00e1rea cient\u00edfica e m\u00e9dica j\u00e1 tinha uma no\u00e7\u00e3o do H1N1. Portanto, os laborat\u00f3rios s\u00f3 tinham que correr para criar o medicamento. No caso do coronav\u00edrus, \u00e9 diferente. Tudo est\u00e1 sendo erguido do zero\u201d, esclarece o cientista.<br>Mas, at\u00e9 que essa ou outras vacinas existam, \u00e9 essencial seguir com medidas preventivas \u2014 as \u00fanicas verdadeiramente eficazes contra o v\u00edrus por enquanto. Lavar sempre as m\u00e3os, manter o distanciamento social e usar m\u00e1scara quando poss\u00edvel s\u00e3o algumas delas.<\/p>\n\n\n\n<p><strong><em>Fonte: <a href=\"https:\/\/revistagalileu.globo.com\/Ciencia\/Saude\/noticia\/2020\/04\/brasileiros-estudam-vacina-que-combina-virus-da-gripe-com-sars-cov-2.html\">Galileu.com<\/a><\/em><\/strong><\/p>\n","protected":false},"excerpt":{"rendered":"<p>Pesquisadores da Fiocruz Minas e de outras institui\u00e7\u00f5es cient\u00edficas do Pa\u00eds investigam imunizante que pode proteger contra influenza e Covid-19 Cientistas do mundo inteiro est\u00e3o correndo contra o tempo para encontrar poss\u00edveis tratamentos contra a Covid-19, doen\u00e7a causada pelo novo coronav\u00edrus, o Sars-CoV-2. E no Brasil n\u00e3o \u00e9 diferente. Na lista de vacinas sendo estudadas [&hellip;]<\/p>\n","protected":false},"author":2,"featured_media":3030,"comment_status":"open","ping_status":"open","sticky":false,"template":"","format":"standard","meta":{"footnotes":""},"categories":[2],"tags":[273,130,566,115,715,563,565],"class_list":["post-3029","post","type-post","status-publish","format-standard","has-post-thumbnail","hentry","category-ciencia","tag-covid-19","tag-fiocruz","tag-gripe","tag-pesquisa","tag-sars-cov-2","tag-vacina","tag-virus"],"yoast_head":"<!-- This site is optimized with the Yoast SEO plugin v26.5 - https:\/\/yoast.com\/wordpress\/plugins\/seo\/ -->\n<title>Brasileiros estudam vacina que combina v\u00edrus da gripe com Sars-CoV-2 - Jornal Fatos e Not\u00edcias<\/title>\n<meta name=\"robots\" content=\"index, follow, max-snippet:-1, max-image-preview:large, max-video-preview:-1\" \/>\n<link rel=\"canonical\" href=\"https:\/\/jornalfatosenoticias.com.br\/index.php\/2020\/04\/10\/brasileiros-estudam-vacina-que-combina-virus-da-gripe-com-sars-cov-2\/\" \/>\n<meta property=\"og:locale\" content=\"pt_BR\" \/>\n<meta property=\"og:type\" content=\"article\" \/>\n<meta property=\"og:title\" content=\"Brasileiros estudam vacina que combina v\u00edrus da gripe com Sars-CoV-2 - Jornal Fatos e Not\u00edcias\" \/>\n<meta property=\"og:description\" content=\"Pesquisadores da Fiocruz Minas e de outras institui\u00e7\u00f5es cient\u00edficas do Pa\u00eds investigam imunizante que pode proteger contra influenza e Covid-19 Cientistas do mundo inteiro est\u00e3o correndo contra o tempo para encontrar poss\u00edveis tratamentos contra a Covid-19, doen\u00e7a causada pelo novo coronav\u00edrus, o Sars-CoV-2. E no Brasil n\u00e3o \u00e9 diferente. Na lista de vacinas sendo estudadas [&hellip;]\" \/>\n<meta property=\"og:url\" content=\"https:\/\/jornalfatosenoticias.com.br\/index.php\/2020\/04\/10\/brasileiros-estudam-vacina-que-combina-virus-da-gripe-com-sars-cov-2\/\" \/>\n<meta property=\"og:site_name\" content=\"Jornal Fatos e Not\u00edcias\" \/>\n<meta property=\"article:published_time\" content=\"2020-04-10T18:10:41+00:00\" \/>\n<meta property=\"article:modified_time\" content=\"2020-04-10T18:10:47+00:00\" \/>\n<meta property=\"og:image\" content=\"https:\/\/jornalfatosenoticias.com.br\/wp-content\/uploads\/2020\/04\/vacina-covid-19.jpg\" \/>\n\t<meta property=\"og:image:width\" content=\"1000\" \/>\n\t<meta property=\"og:image:height\" content=\"628\" \/>\n\t<meta property=\"og:image:type\" content=\"image\/jpeg\" \/>\n<meta name=\"author\" content=\"Luzimara Fernandes\" \/>\n<meta name=\"twitter:card\" content=\"summary_large_image\" \/>\n<meta name=\"twitter:label1\" content=\"Escrito por\" \/>\n\t<meta name=\"twitter:data1\" content=\"Luzimara Fernandes\" \/>\n\t<meta name=\"twitter:label2\" content=\"Est. tempo de leitura\" \/>\n\t<meta name=\"twitter:data2\" content=\"2 minutos\" \/>\n<script type=\"application\/ld+json\" class=\"yoast-schema-graph\">{\"@context\":\"https:\/\/schema.org\",\"@graph\":[{\"@type\":\"Article\",\"@id\":\"https:\/\/jornalfatosenoticias.com.br\/index.php\/2020\/04\/10\/brasileiros-estudam-vacina-que-combina-virus-da-gripe-com-sars-cov-2\/#article\",\"isPartOf\":{\"@id\":\"https:\/\/jornalfatosenoticias.com.br\/index.php\/2020\/04\/10\/brasileiros-estudam-vacina-que-combina-virus-da-gripe-com-sars-cov-2\/\"},\"author\":{\"name\":\"Luzimara Fernandes\",\"@id\":\"https:\/\/jornalfatosenoticias.com.br\/#\/schema\/person\/d63837fa13ac8666eb9e74e0985d6f81\"},\"headline\":\"Brasileiros estudam vacina que combina v\u00edrus da gripe com Sars-CoV-2\",\"datePublished\":\"2020-04-10T18:10:41+00:00\",\"dateModified\":\"2020-04-10T18:10:47+00:00\",\"mainEntityOfPage\":{\"@id\":\"https:\/\/jornalfatosenoticias.com.br\/index.php\/2020\/04\/10\/brasileiros-estudam-vacina-que-combina-virus-da-gripe-com-sars-cov-2\/\"},\"wordCount\":460,\"commentCount\":0,\"publisher\":{\"@id\":\"https:\/\/jornalfatosenoticias.com.br\/#organization\"},\"image\":{\"@id\":\"https:\/\/jornalfatosenoticias.com.br\/index.php\/2020\/04\/10\/brasileiros-estudam-vacina-que-combina-virus-da-gripe-com-sars-cov-2\/#primaryimage\"},\"thumbnailUrl\":\"https:\/\/jornalfatosenoticias.com.br\/wp-content\/uploads\/2020\/04\/vacina-covid-19.jpg\",\"keywords\":[\"covid-19\",\"fiocruz\",\"gripe\",\"pesquisa\",\"SARS-Cov-2\",\"vacina\",\"v\u00edrus\"],\"articleSection\":[\"Ci\u00eancia\"],\"inLanguage\":\"pt-BR\",\"potentialAction\":[{\"@type\":\"CommentAction\",\"name\":\"Comment\",\"target\":[\"https:\/\/jornalfatosenoticias.com.br\/index.php\/2020\/04\/10\/brasileiros-estudam-vacina-que-combina-virus-da-gripe-com-sars-cov-2\/#respond\"]}]},{\"@type\":\"WebPage\",\"@id\":\"https:\/\/jornalfatosenoticias.com.br\/index.php\/2020\/04\/10\/brasileiros-estudam-vacina-que-combina-virus-da-gripe-com-sars-cov-2\/\",\"url\":\"https:\/\/jornalfatosenoticias.com.br\/index.php\/2020\/04\/10\/brasileiros-estudam-vacina-que-combina-virus-da-gripe-com-sars-cov-2\/\",\"name\":\"Brasileiros estudam vacina que combina v\u00edrus da gripe com Sars-CoV-2 - Jornal Fatos e Not\u00edcias\",\"isPartOf\":{\"@id\":\"https:\/\/jornalfatosenoticias.com.br\/#website\"},\"primaryImageOfPage\":{\"@id\":\"https:\/\/jornalfatosenoticias.com.br\/index.php\/2020\/04\/10\/brasileiros-estudam-vacina-que-combina-virus-da-gripe-com-sars-cov-2\/#primaryimage\"},\"image\":{\"@id\":\"https:\/\/jornalfatosenoticias.com.br\/index.php\/2020\/04\/10\/brasileiros-estudam-vacina-que-combina-virus-da-gripe-com-sars-cov-2\/#primaryimage\"},\"thumbnailUrl\":\"https:\/\/jornalfatosenoticias.com.br\/wp-content\/uploads\/2020\/04\/vacina-covid-19.jpg\",\"datePublished\":\"2020-04-10T18:10:41+00:00\",\"dateModified\":\"2020-04-10T18:10:47+00:00\",\"breadcrumb\":{\"@id\":\"https:\/\/jornalfatosenoticias.com.br\/index.php\/2020\/04\/10\/brasileiros-estudam-vacina-que-combina-virus-da-gripe-com-sars-cov-2\/#breadcrumb\"},\"inLanguage\":\"pt-BR\",\"potentialAction\":[{\"@type\":\"ReadAction\",\"target\":[\"https:\/\/jornalfatosenoticias.com.br\/index.php\/2020\/04\/10\/brasileiros-estudam-vacina-que-combina-virus-da-gripe-com-sars-cov-2\/\"]}]},{\"@type\":\"ImageObject\",\"inLanguage\":\"pt-BR\",\"@id\":\"https:\/\/jornalfatosenoticias.com.br\/index.php\/2020\/04\/10\/brasileiros-estudam-vacina-que-combina-virus-da-gripe-com-sars-cov-2\/#primaryimage\",\"url\":\"https:\/\/jornalfatosenoticias.com.br\/wp-content\/uploads\/2020\/04\/vacina-covid-19.jpg\",\"contentUrl\":\"https:\/\/jornalfatosenoticias.com.br\/wp-content\/uploads\/2020\/04\/vacina-covid-19.jpg\",\"width\":1000,\"height\":628},{\"@type\":\"BreadcrumbList\",\"@id\":\"https:\/\/jornalfatosenoticias.com.br\/index.php\/2020\/04\/10\/brasileiros-estudam-vacina-que-combina-virus-da-gripe-com-sars-cov-2\/#breadcrumb\",\"itemListElement\":[{\"@type\":\"ListItem\",\"position\":1,\"name\":\"In\u00edcio\",\"item\":\"https:\/\/jornalfatosenoticias.com.br\/\"},{\"@type\":\"ListItem\",\"position\":2,\"name\":\"Brasileiros estudam vacina que combina v\u00edrus da gripe com Sars-CoV-2\"}]},{\"@type\":\"WebSite\",\"@id\":\"https:\/\/jornalfatosenoticias.com.br\/#website\",\"url\":\"https:\/\/jornalfatosenoticias.com.br\/\",\"name\":\"Jornal Fatos e Not\u00edcias\",\"description\":\"Not\u00edcias em geral\",\"publisher\":{\"@id\":\"https:\/\/jornalfatosenoticias.com.br\/#organization\"},\"potentialAction\":[{\"@type\":\"SearchAction\",\"target\":{\"@type\":\"EntryPoint\",\"urlTemplate\":\"https:\/\/jornalfatosenoticias.com.br\/?s={search_term_string}\"},\"query-input\":{\"@type\":\"PropertyValueSpecification\",\"valueRequired\":true,\"valueName\":\"search_term_string\"}}],\"inLanguage\":\"pt-BR\"},{\"@type\":\"Organization\",\"@id\":\"https:\/\/jornalfatosenoticias.com.br\/#organization\",\"name\":\"Jornal Fatos e Not\u00edcias\",\"url\":\"https:\/\/jornalfatosenoticias.com.br\/\",\"logo\":{\"@type\":\"ImageObject\",\"inLanguage\":\"pt-BR\",\"@id\":\"https:\/\/jornalfatosenoticias.com.br\/#\/schema\/logo\/image\/\",\"url\":\"https:\/\/jornalfatosenoticias.com.br\/wp-content\/uploads\/2020\/02\/logo120.png\",\"contentUrl\":\"https:\/\/jornalfatosenoticias.com.br\/wp-content\/uploads\/2020\/02\/logo120.png\",\"width\":1227,\"height\":120,\"caption\":\"Jornal Fatos e Not\u00edcias\"},\"image\":{\"@id\":\"https:\/\/jornalfatosenoticias.com.br\/#\/schema\/logo\/image\/\"}},{\"@type\":\"Person\",\"@id\":\"https:\/\/jornalfatosenoticias.com.br\/#\/schema\/person\/d63837fa13ac8666eb9e74e0985d6f81\",\"name\":\"Luzimara Fernandes\",\"image\":{\"@type\":\"ImageObject\",\"inLanguage\":\"pt-BR\",\"@id\":\"https:\/\/jornalfatosenoticias.com.br\/#\/schema\/person\/image\/\",\"url\":\"https:\/\/jornalfatosenoticias.com.br\/wp-content\/uploads\/2025\/05\/EU_portal.jpg\",\"contentUrl\":\"https:\/\/jornalfatosenoticias.com.br\/wp-content\/uploads\/2025\/05\/EU_portal.jpg\",\"caption\":\"Luzimara Fernandes\"},\"description\":\"Jornalista MTB 2358-ES\",\"sameAs\":[\"https:\/\/jornalfatosenoticias.com.br\"],\"url\":\"https:\/\/jornalfatosenoticias.com.br\/index.php\/author\/luzimara\/\"}]}<\/script>\n<!-- \/ Yoast SEO plugin. -->","yoast_head_json":{"title":"Brasileiros estudam vacina que combina v\u00edrus da gripe com Sars-CoV-2 - Jornal Fatos e Not\u00edcias","robots":{"index":"index","follow":"follow","max-snippet":"max-snippet:-1","max-image-preview":"max-image-preview:large","max-video-preview":"max-video-preview:-1"},"canonical":"https:\/\/jornalfatosenoticias.com.br\/index.php\/2020\/04\/10\/brasileiros-estudam-vacina-que-combina-virus-da-gripe-com-sars-cov-2\/","og_locale":"pt_BR","og_type":"article","og_title":"Brasileiros estudam vacina que combina v\u00edrus da gripe com Sars-CoV-2 - Jornal Fatos e Not\u00edcias","og_description":"Pesquisadores da Fiocruz Minas e de outras institui\u00e7\u00f5es cient\u00edficas do Pa\u00eds investigam imunizante que pode proteger contra influenza e Covid-19 Cientistas do mundo inteiro est\u00e3o correndo contra o tempo para encontrar poss\u00edveis tratamentos contra a Covid-19, doen\u00e7a causada pelo novo coronav\u00edrus, o Sars-CoV-2. E no Brasil n\u00e3o \u00e9 diferente. Na lista de vacinas sendo estudadas [&hellip;]","og_url":"https:\/\/jornalfatosenoticias.com.br\/index.php\/2020\/04\/10\/brasileiros-estudam-vacina-que-combina-virus-da-gripe-com-sars-cov-2\/","og_site_name":"Jornal Fatos e Not\u00edcias","article_published_time":"2020-04-10T18:10:41+00:00","article_modified_time":"2020-04-10T18:10:47+00:00","og_image":[{"width":1000,"height":628,"url":"https:\/\/jornalfatosenoticias.com.br\/wp-content\/uploads\/2020\/04\/vacina-covid-19.jpg","type":"image\/jpeg"}],"author":"Luzimara Fernandes","twitter_card":"summary_large_image","twitter_misc":{"Escrito por":"Luzimara Fernandes","Est. tempo de leitura":"2 minutos"},"schema":{"@context":"https:\/\/schema.org","@graph":[{"@type":"Article","@id":"https:\/\/jornalfatosenoticias.com.br\/index.php\/2020\/04\/10\/brasileiros-estudam-vacina-que-combina-virus-da-gripe-com-sars-cov-2\/#article","isPartOf":{"@id":"https:\/\/jornalfatosenoticias.com.br\/index.php\/2020\/04\/10\/brasileiros-estudam-vacina-que-combina-virus-da-gripe-com-sars-cov-2\/"},"author":{"name":"Luzimara Fernandes","@id":"https:\/\/jornalfatosenoticias.com.br\/#\/schema\/person\/d63837fa13ac8666eb9e74e0985d6f81"},"headline":"Brasileiros estudam vacina que combina v\u00edrus da gripe com Sars-CoV-2","datePublished":"2020-04-10T18:10:41+00:00","dateModified":"2020-04-10T18:10:47+00:00","mainEntityOfPage":{"@id":"https:\/\/jornalfatosenoticias.com.br\/index.php\/2020\/04\/10\/brasileiros-estudam-vacina-que-combina-virus-da-gripe-com-sars-cov-2\/"},"wordCount":460,"commentCount":0,"publisher":{"@id":"https:\/\/jornalfatosenoticias.com.br\/#organization"},"image":{"@id":"https:\/\/jornalfatosenoticias.com.br\/index.php\/2020\/04\/10\/brasileiros-estudam-vacina-que-combina-virus-da-gripe-com-sars-cov-2\/#primaryimage"},"thumbnailUrl":"https:\/\/jornalfatosenoticias.com.br\/wp-content\/uploads\/2020\/04\/vacina-covid-19.jpg","keywords":["covid-19","fiocruz","gripe","pesquisa","SARS-Cov-2","vacina","v\u00edrus"],"articleSection":["Ci\u00eancia"],"inLanguage":"pt-BR","potentialAction":[{"@type":"CommentAction","name":"Comment","target":["https:\/\/jornalfatosenoticias.com.br\/index.php\/2020\/04\/10\/brasileiros-estudam-vacina-que-combina-virus-da-gripe-com-sars-cov-2\/#respond"]}]},{"@type":"WebPage","@id":"https:\/\/jornalfatosenoticias.com.br\/index.php\/2020\/04\/10\/brasileiros-estudam-vacina-que-combina-virus-da-gripe-com-sars-cov-2\/","url":"https:\/\/jornalfatosenoticias.com.br\/index.php\/2020\/04\/10\/brasileiros-estudam-vacina-que-combina-virus-da-gripe-com-sars-cov-2\/","name":"Brasileiros estudam vacina que combina v\u00edrus da gripe com Sars-CoV-2 - Jornal Fatos e Not\u00edcias","isPartOf":{"@id":"https:\/\/jornalfatosenoticias.com.br\/#website"},"primaryImageOfPage":{"@id":"https:\/\/jornalfatosenoticias.com.br\/index.php\/2020\/04\/10\/brasileiros-estudam-vacina-que-combina-virus-da-gripe-com-sars-cov-2\/#primaryimage"},"image":{"@id":"https:\/\/jornalfatosenoticias.com.br\/index.php\/2020\/04\/10\/brasileiros-estudam-vacina-que-combina-virus-da-gripe-com-sars-cov-2\/#primaryimage"},"thumbnailUrl":"https:\/\/jornalfatosenoticias.com.br\/wp-content\/uploads\/2020\/04\/vacina-covid-19.jpg","datePublished":"2020-04-10T18:10:41+00:00","dateModified":"2020-04-10T18:10:47+00:00","breadcrumb":{"@id":"https:\/\/jornalfatosenoticias.com.br\/index.php\/2020\/04\/10\/brasileiros-estudam-vacina-que-combina-virus-da-gripe-com-sars-cov-2\/#breadcrumb"},"inLanguage":"pt-BR","potentialAction":[{"@type":"ReadAction","target":["https:\/\/jornalfatosenoticias.com.br\/index.php\/2020\/04\/10\/brasileiros-estudam-vacina-que-combina-virus-da-gripe-com-sars-cov-2\/"]}]},{"@type":"ImageObject","inLanguage":"pt-BR","@id":"https:\/\/jornalfatosenoticias.com.br\/index.php\/2020\/04\/10\/brasileiros-estudam-vacina-que-combina-virus-da-gripe-com-sars-cov-2\/#primaryimage","url":"https:\/\/jornalfatosenoticias.com.br\/wp-content\/uploads\/2020\/04\/vacina-covid-19.jpg","contentUrl":"https:\/\/jornalfatosenoticias.com.br\/wp-content\/uploads\/2020\/04\/vacina-covid-19.jpg","width":1000,"height":628},{"@type":"BreadcrumbList","@id":"https:\/\/jornalfatosenoticias.com.br\/index.php\/2020\/04\/10\/brasileiros-estudam-vacina-que-combina-virus-da-gripe-com-sars-cov-2\/#breadcrumb","itemListElement":[{"@type":"ListItem","position":1,"name":"In\u00edcio","item":"https:\/\/jornalfatosenoticias.com.br\/"},{"@type":"ListItem","position":2,"name":"Brasileiros estudam vacina que combina v\u00edrus da gripe com Sars-CoV-2"}]},{"@type":"WebSite","@id":"https:\/\/jornalfatosenoticias.com.br\/#website","url":"https:\/\/jornalfatosenoticias.com.br\/","name":"Jornal Fatos e Not\u00edcias","description":"Not\u00edcias em geral","publisher":{"@id":"https:\/\/jornalfatosenoticias.com.br\/#organization"},"potentialAction":[{"@type":"SearchAction","target":{"@type":"EntryPoint","urlTemplate":"https:\/\/jornalfatosenoticias.com.br\/?s={search_term_string}"},"query-input":{"@type":"PropertyValueSpecification","valueRequired":true,"valueName":"search_term_string"}}],"inLanguage":"pt-BR"},{"@type":"Organization","@id":"https:\/\/jornalfatosenoticias.com.br\/#organization","name":"Jornal Fatos e Not\u00edcias","url":"https:\/\/jornalfatosenoticias.com.br\/","logo":{"@type":"ImageObject","inLanguage":"pt-BR","@id":"https:\/\/jornalfatosenoticias.com.br\/#\/schema\/logo\/image\/","url":"https:\/\/jornalfatosenoticias.com.br\/wp-content\/uploads\/2020\/02\/logo120.png","contentUrl":"https:\/\/jornalfatosenoticias.com.br\/wp-content\/uploads\/2020\/02\/logo120.png","width":1227,"height":120,"caption":"Jornal Fatos e Not\u00edcias"},"image":{"@id":"https:\/\/jornalfatosenoticias.com.br\/#\/schema\/logo\/image\/"}},{"@type":"Person","@id":"https:\/\/jornalfatosenoticias.com.br\/#\/schema\/person\/d63837fa13ac8666eb9e74e0985d6f81","name":"Luzimara Fernandes","image":{"@type":"ImageObject","inLanguage":"pt-BR","@id":"https:\/\/jornalfatosenoticias.com.br\/#\/schema\/person\/image\/","url":"https:\/\/jornalfatosenoticias.com.br\/wp-content\/uploads\/2025\/05\/EU_portal.jpg","contentUrl":"https:\/\/jornalfatosenoticias.com.br\/wp-content\/uploads\/2025\/05\/EU_portal.jpg","caption":"Luzimara Fernandes"},"description":"Jornalista MTB 2358-ES","sameAs":["https:\/\/jornalfatosenoticias.com.br"],"url":"https:\/\/jornalfatosenoticias.com.br\/index.php\/author\/luzimara\/"}]}},"cc_featured_image_caption":{"caption_text":"Projeto da vacina (Foto: Creative commons)","source_text":"","source_url":""},"jetpack_featured_media_url":"https:\/\/jornalfatosenoticias.com.br\/wp-content\/uploads\/2020\/04\/vacina-covid-19.jpg","_links":{"self":[{"href":"https:\/\/jornalfatosenoticias.com.br\/index.php\/wp-json\/wp\/v2\/posts\/3029","targetHints":{"allow":["GET"]}}],"collection":[{"href":"https:\/\/jornalfatosenoticias.com.br\/index.php\/wp-json\/wp\/v2\/posts"}],"about":[{"href":"https:\/\/jornalfatosenoticias.com.br\/index.php\/wp-json\/wp\/v2\/types\/post"}],"author":[{"embeddable":true,"href":"https:\/\/jornalfatosenoticias.com.br\/index.php\/wp-json\/wp\/v2\/users\/2"}],"replies":[{"embeddable":true,"href":"https:\/\/jornalfatosenoticias.com.br\/index.php\/wp-json\/wp\/v2\/comments?post=3029"}],"version-history":[{"count":0,"href":"https:\/\/jornalfatosenoticias.com.br\/index.php\/wp-json\/wp\/v2\/posts\/3029\/revisions"}],"wp:featuredmedia":[{"embeddable":true,"href":"https:\/\/jornalfatosenoticias.com.br\/index.php\/wp-json\/wp\/v2\/media\/3030"}],"wp:attachment":[{"href":"https:\/\/jornalfatosenoticias.com.br\/index.php\/wp-json\/wp\/v2\/media?parent=3029"}],"wp:term":[{"taxonomy":"category","embeddable":true,"href":"https:\/\/jornalfatosenoticias.com.br\/index.php\/wp-json\/wp\/v2\/categories?post=3029"},{"taxonomy":"post_tag","embeddable":true,"href":"https:\/\/jornalfatosenoticias.com.br\/index.php\/wp-json\/wp\/v2\/tags?post=3029"}],"curies":[{"name":"wp","href":"https:\/\/api.w.org\/{rel}","templated":true}]}}