{"id":30297,"date":"2022-05-11T12:00:19","date_gmt":"2022-05-11T15:00:19","guid":{"rendered":"https:\/\/jornalfatosenoticias.com.br\/?p=30297"},"modified":"2022-05-11T12:00:20","modified_gmt":"2022-05-11T15:00:20","slug":"populacao-de-botos-cinza-no-rio-de-janeiro-corre-risco-de-extincao","status":"publish","type":"post","link":"https:\/\/jornalfatosenoticias.com.br\/index.php\/2022\/05\/11\/populacao-de-botos-cinza-no-rio-de-janeiro-corre-risco-de-extincao\/","title":{"rendered":"Popula\u00e7\u00e3o de botos-cinza no Rio de Janeiro corre risco de extin\u00e7\u00e3o"},"content":{"rendered":"\n<p><em><span class=\"has-inline-color has-black-color\">Na d\u00e9cada de 80, a ba\u00eda de Guanabara tinha mais de 400 animais da esp\u00e9cie. Hoje, s\u00e3o 30 apenas<\/span><\/em><\/p>\n\n\n\n<div class=\"wp-block-image\"><figure class=\"aligncenter size-large is-resized\"><img loading=\"lazy\" decoding=\"async\" src=\"https:\/\/jornalfatosenoticias.com.br\/wp-content\/uploads\/2022\/02\/Banner-1-1024x101.png\" alt=\"\" class=\"wp-image-27923\" width=\"303\" height=\"29\"\/><\/figure><\/div>\n\n\n\n<p>A popula\u00e7\u00e3o de<strong> botos-cinza no Rio de Janeiro<\/strong> est\u00e1 amea\u00e7ada. Na d\u00e9cada de 80, a ba\u00eda de Guanabara tinha mais de 400 animais da esp\u00e9cie. Hoje, s\u00e3o 30 apenas. Uma redu\u00e7\u00e3o de mais de 90%. Os n\u00fameros s\u00e3o do Laborat\u00f3rio de Mam\u00edferos Aqu\u00e1ticos e Bioindicadores, da Universidade Estadual do Rio de Janeiro.<br>As principais amea\u00e7as a esses mam\u00edferos aqu\u00e1ticos s\u00e3o a polui\u00e7\u00e3o, principalmente a industrial, a atividade humana e obras de readequa\u00e7\u00e3o urbana, como aterros de \u00e1reas situadas nas margens, como explica o coordenador do Laborat\u00f3rio de Mam\u00edferos Aqu\u00e1ticos, o bi\u00f3logo Rafael Carvalho.<br>O boto-cinza tem h\u00e1bitos estritamente costeiros e utiliza a Ba\u00eda de Guanabara para se alimentar e criar os filhotes. Podem ser vistos se deslocando, perseguindo peixes, surfando as marolas produzidas pelos barcos e dando saltos. A esp\u00e9cie pode ser encontrada desde o litoral catarinense at\u00e9 a Am\u00e9rica Central.<\/p>\n\n\n\n<div class=\"wp-block-image\"><figure class=\"alignleft size-large\"><img loading=\"lazy\" decoding=\"async\" width=\"300\" height=\"250\" src=\"https:\/\/jornalfatosenoticias.com.br\/wp-content\/uploads\/2022\/02\/FERRARI_MAQUINAS-E-FERRAMENTAS2.jpg\" alt=\"\" class=\"wp-image-27860\"\/><\/figure><\/div>\n\n\n\n<p>De acordo com boletim publicado pelo Instituto Estadual do Ambiente, dos 15 munic\u00edpios que comp\u00f5e a baia de Guanabara, Niter\u00f3i \u00e9 o que apresenta o melhor percentual de tratamento dos res\u00edduos s\u00f3lidos: 95%. J\u00e1 o Rio de Janeiro e Belford Roxo, tratam menos da metade dos seus esgotos. Nas demais cidades, o tratamento dos res\u00edduos atinge no m\u00e1ximo 10% de todos os despejos.<br>Desde 1995, o Laborat\u00f3rio de Mam\u00edferos Aqu\u00e1ticos e Bioindicadores da Universidade Estadual do Rio de Janeiro estuda a popula\u00e7\u00e3o de botos da Ba\u00eda de Guanabara usando a foto identifica\u00e7\u00e3o. Esta t\u00e9cnica permite identificar cada boto por meio de fotos das marcas naturais presentes em sua nadadeira dorsal. As marcas funcionam como impress\u00f5es digitais, pois cada boto possui um padr\u00e3o diferente.<\/p>\n\n\n\n<div class=\"wp-block-image\"><figure class=\"aligncenter size-large is-resized\"><img loading=\"lazy\" decoding=\"async\" src=\"https:\/\/jornalfatosenoticias.com.br\/wp-content\/uploads\/2022\/02\/Arte-Autoescola-Galatas_endereco_portal-1024x103.png\" alt=\"\" class=\"wp-image-27869\" width=\"418\" height=\"42\" srcset=\"https:\/\/jornalfatosenoticias.com.br\/wp-content\/uploads\/2022\/02\/Arte-Autoescola-Galatas_endereco_portal-1024x103.png 1024w, https:\/\/jornalfatosenoticias.com.br\/wp-content\/uploads\/2022\/02\/Arte-Autoescola-Galatas_endereco_portal-300x30.png 300w, https:\/\/jornalfatosenoticias.com.br\/wp-content\/uploads\/2022\/02\/Arte-Autoescola-Galatas_endereco_portal-768x77.png 768w, https:\/\/jornalfatosenoticias.com.br\/wp-content\/uploads\/2022\/02\/Arte-Autoescola-Galatas_endereco_portal.png 1223w\" sizes=\"auto, (max-width: 418px) 100vw, 418px\" \/><\/figure><\/div>\n\n\n\n<p><strong><em>Fonte: <a href=\"https:\/\/umsoplaneta.globo.com\/biodiversidade\/noticia\/2022\/05\/09\/populacao-de-botos-cinza-no-rio-de-janeiro-corre-risco-de-extincao.ghtml\">Um S\u00f3 Planeta<\/a><\/em><\/strong><\/p>\n","protected":false},"excerpt":{"rendered":"<p>Na d\u00e9cada de 80, a ba\u00eda de Guanabara tinha mais de 400 animais da esp\u00e9cie. Hoje, s\u00e3o 30 apenas A popula\u00e7\u00e3o de botos-cinza no Rio de Janeiro est\u00e1 amea\u00e7ada. Na d\u00e9cada de 80, a ba\u00eda de Guanabara tinha mais de 400 animais da esp\u00e9cie. Hoje, s\u00e3o 30 apenas. Uma redu\u00e7\u00e3o de mais de 90%. Os [&hellip;]<\/p>\n","protected":false},"author":2,"featured_media":30298,"comment_status":"open","ping_status":"open","sticky":false,"template":"","format":"standard","meta":{"footnotes":""},"categories":[8],"tags":[2828,2829,828,289],"class_list":["post-30297","post","type-post","status-publish","format-standard","has-post-thumbnail","hentry","category-meio-ambiente","tag-baia-de-guanabara","tag-botos-cinza","tag-populacao","tag-rio-de-janeiro"],"yoast_head":"<!-- This site is optimized with the Yoast SEO plugin v26.5 - https:\/\/yoast.com\/wordpress\/plugins\/seo\/ -->\n<title>Popula\u00e7\u00e3o de botos-cinza no Rio de Janeiro corre risco de extin\u00e7\u00e3o - Jornal Fatos e Not\u00edcias<\/title>\n<meta name=\"robots\" content=\"index, follow, max-snippet:-1, max-image-preview:large, max-video-preview:-1\" \/>\n<link rel=\"canonical\" href=\"https:\/\/jornalfatosenoticias.com.br\/index.php\/2022\/05\/11\/populacao-de-botos-cinza-no-rio-de-janeiro-corre-risco-de-extincao\/\" \/>\n<meta property=\"og:locale\" content=\"pt_BR\" \/>\n<meta property=\"og:type\" content=\"article\" \/>\n<meta property=\"og:title\" content=\"Popula\u00e7\u00e3o de botos-cinza no Rio de Janeiro corre risco de extin\u00e7\u00e3o - Jornal Fatos e Not\u00edcias\" \/>\n<meta property=\"og:description\" content=\"Na d\u00e9cada de 80, a ba\u00eda de Guanabara tinha mais de 400 animais da esp\u00e9cie. Hoje, s\u00e3o 30 apenas A popula\u00e7\u00e3o de botos-cinza no Rio de Janeiro est\u00e1 amea\u00e7ada. Na d\u00e9cada de 80, a ba\u00eda de Guanabara tinha mais de 400 animais da esp\u00e9cie. Hoje, s\u00e3o 30 apenas. Uma redu\u00e7\u00e3o de mais de 90%. Os [&hellip;]\" \/>\n<meta property=\"og:url\" content=\"https:\/\/jornalfatosenoticias.com.br\/index.php\/2022\/05\/11\/populacao-de-botos-cinza-no-rio-de-janeiro-corre-risco-de-extincao\/\" \/>\n<meta property=\"og:site_name\" content=\"Jornal Fatos e Not\u00edcias\" \/>\n<meta property=\"article:published_time\" content=\"2022-05-11T15:00:19+00:00\" \/>\n<meta property=\"article:modified_time\" content=\"2022-05-11T15:00:20+00:00\" \/>\n<meta property=\"og:image\" content=\"https:\/\/jornalfatosenoticias.com.br\/wp-content\/uploads\/2022\/05\/botos-cinzas_RJ_pexels.jpg\" \/>\n\t<meta property=\"og:image:width\" content=\"1000\" \/>\n\t<meta property=\"og:image:height\" content=\"664\" \/>\n\t<meta property=\"og:image:type\" content=\"image\/jpeg\" \/>\n<meta name=\"author\" content=\"Luzimara Fernandes\" \/>\n<meta name=\"twitter:card\" content=\"summary_large_image\" \/>\n<meta name=\"twitter:label1\" content=\"Escrito por\" \/>\n\t<meta name=\"twitter:data1\" content=\"Luzimara Fernandes\" \/>\n\t<meta name=\"twitter:label2\" content=\"Est. tempo de leitura\" \/>\n\t<meta name=\"twitter:data2\" content=\"2 minutos\" \/>\n<script type=\"application\/ld+json\" class=\"yoast-schema-graph\">{\"@context\":\"https:\/\/schema.org\",\"@graph\":[{\"@type\":\"Article\",\"@id\":\"https:\/\/jornalfatosenoticias.com.br\/index.php\/2022\/05\/11\/populacao-de-botos-cinza-no-rio-de-janeiro-corre-risco-de-extincao\/#article\",\"isPartOf\":{\"@id\":\"https:\/\/jornalfatosenoticias.com.br\/index.php\/2022\/05\/11\/populacao-de-botos-cinza-no-rio-de-janeiro-corre-risco-de-extincao\/\"},\"author\":{\"name\":\"Luzimara Fernandes\",\"@id\":\"https:\/\/jornalfatosenoticias.com.br\/#\/schema\/person\/d63837fa13ac8666eb9e74e0985d6f81\"},\"headline\":\"Popula\u00e7\u00e3o de botos-cinza no Rio de Janeiro corre risco de extin\u00e7\u00e3o\",\"datePublished\":\"2022-05-11T15:00:19+00:00\",\"dateModified\":\"2022-05-11T15:00:20+00:00\",\"mainEntityOfPage\":{\"@id\":\"https:\/\/jornalfatosenoticias.com.br\/index.php\/2022\/05\/11\/populacao-de-botos-cinza-no-rio-de-janeiro-corre-risco-de-extincao\/\"},\"wordCount\":334,\"commentCount\":0,\"publisher\":{\"@id\":\"https:\/\/jornalfatosenoticias.com.br\/#organization\"},\"image\":{\"@id\":\"https:\/\/jornalfatosenoticias.com.br\/index.php\/2022\/05\/11\/populacao-de-botos-cinza-no-rio-de-janeiro-corre-risco-de-extincao\/#primaryimage\"},\"thumbnailUrl\":\"https:\/\/jornalfatosenoticias.com.br\/wp-content\/uploads\/2022\/05\/botos-cinzas_RJ_pexels.jpg\",\"keywords\":[\"Ba\u00eda de Guanabara\",\"botos-cinza\",\"popula\u00e7\u00e3o\",\"Rio de Janeiro\"],\"articleSection\":[\"Meio ambiente\"],\"inLanguage\":\"pt-BR\",\"potentialAction\":[{\"@type\":\"CommentAction\",\"name\":\"Comment\",\"target\":[\"https:\/\/jornalfatosenoticias.com.br\/index.php\/2022\/05\/11\/populacao-de-botos-cinza-no-rio-de-janeiro-corre-risco-de-extincao\/#respond\"]}]},{\"@type\":\"WebPage\",\"@id\":\"https:\/\/jornalfatosenoticias.com.br\/index.php\/2022\/05\/11\/populacao-de-botos-cinza-no-rio-de-janeiro-corre-risco-de-extincao\/\",\"url\":\"https:\/\/jornalfatosenoticias.com.br\/index.php\/2022\/05\/11\/populacao-de-botos-cinza-no-rio-de-janeiro-corre-risco-de-extincao\/\",\"name\":\"Popula\u00e7\u00e3o de botos-cinza no Rio de Janeiro corre risco de extin\u00e7\u00e3o - Jornal Fatos e Not\u00edcias\",\"isPartOf\":{\"@id\":\"https:\/\/jornalfatosenoticias.com.br\/#website\"},\"primaryImageOfPage\":{\"@id\":\"https:\/\/jornalfatosenoticias.com.br\/index.php\/2022\/05\/11\/populacao-de-botos-cinza-no-rio-de-janeiro-corre-risco-de-extincao\/#primaryimage\"},\"image\":{\"@id\":\"https:\/\/jornalfatosenoticias.com.br\/index.php\/2022\/05\/11\/populacao-de-botos-cinza-no-rio-de-janeiro-corre-risco-de-extincao\/#primaryimage\"},\"thumbnailUrl\":\"https:\/\/jornalfatosenoticias.com.br\/wp-content\/uploads\/2022\/05\/botos-cinzas_RJ_pexels.jpg\",\"datePublished\":\"2022-05-11T15:00:19+00:00\",\"dateModified\":\"2022-05-11T15:00:20+00:00\",\"breadcrumb\":{\"@id\":\"https:\/\/jornalfatosenoticias.com.br\/index.php\/2022\/05\/11\/populacao-de-botos-cinza-no-rio-de-janeiro-corre-risco-de-extincao\/#breadcrumb\"},\"inLanguage\":\"pt-BR\",\"potentialAction\":[{\"@type\":\"ReadAction\",\"target\":[\"https:\/\/jornalfatosenoticias.com.br\/index.php\/2022\/05\/11\/populacao-de-botos-cinza-no-rio-de-janeiro-corre-risco-de-extincao\/\"]}]},{\"@type\":\"ImageObject\",\"inLanguage\":\"pt-BR\",\"@id\":\"https:\/\/jornalfatosenoticias.com.br\/index.php\/2022\/05\/11\/populacao-de-botos-cinza-no-rio-de-janeiro-corre-risco-de-extincao\/#primaryimage\",\"url\":\"https:\/\/jornalfatosenoticias.com.br\/wp-content\/uploads\/2022\/05\/botos-cinzas_RJ_pexels.jpg\",\"contentUrl\":\"https:\/\/jornalfatosenoticias.com.br\/wp-content\/uploads\/2022\/05\/botos-cinzas_RJ_pexels.jpg\",\"width\":1000,\"height\":664},{\"@type\":\"BreadcrumbList\",\"@id\":\"https:\/\/jornalfatosenoticias.com.br\/index.php\/2022\/05\/11\/populacao-de-botos-cinza-no-rio-de-janeiro-corre-risco-de-extincao\/#breadcrumb\",\"itemListElement\":[{\"@type\":\"ListItem\",\"position\":1,\"name\":\"In\u00edcio\",\"item\":\"https:\/\/jornalfatosenoticias.com.br\/\"},{\"@type\":\"ListItem\",\"position\":2,\"name\":\"Popula\u00e7\u00e3o de botos-cinza no Rio de Janeiro corre risco de extin\u00e7\u00e3o\"}]},{\"@type\":\"WebSite\",\"@id\":\"https:\/\/jornalfatosenoticias.com.br\/#website\",\"url\":\"https:\/\/jornalfatosenoticias.com.br\/\",\"name\":\"Jornal Fatos e Not\u00edcias\",\"description\":\"Not\u00edcias em geral\",\"publisher\":{\"@id\":\"https:\/\/jornalfatosenoticias.com.br\/#organization\"},\"potentialAction\":[{\"@type\":\"SearchAction\",\"target\":{\"@type\":\"EntryPoint\",\"urlTemplate\":\"https:\/\/jornalfatosenoticias.com.br\/?s={search_term_string}\"},\"query-input\":{\"@type\":\"PropertyValueSpecification\",\"valueRequired\":true,\"valueName\":\"search_term_string\"}}],\"inLanguage\":\"pt-BR\"},{\"@type\":\"Organization\",\"@id\":\"https:\/\/jornalfatosenoticias.com.br\/#organization\",\"name\":\"Jornal Fatos e Not\u00edcias\",\"url\":\"https:\/\/jornalfatosenoticias.com.br\/\",\"logo\":{\"@type\":\"ImageObject\",\"inLanguage\":\"pt-BR\",\"@id\":\"https:\/\/jornalfatosenoticias.com.br\/#\/schema\/logo\/image\/\",\"url\":\"https:\/\/jornalfatosenoticias.com.br\/wp-content\/uploads\/2020\/02\/logo120.png\",\"contentUrl\":\"https:\/\/jornalfatosenoticias.com.br\/wp-content\/uploads\/2020\/02\/logo120.png\",\"width\":1227,\"height\":120,\"caption\":\"Jornal Fatos e Not\u00edcias\"},\"image\":{\"@id\":\"https:\/\/jornalfatosenoticias.com.br\/#\/schema\/logo\/image\/\"}},{\"@type\":\"Person\",\"@id\":\"https:\/\/jornalfatosenoticias.com.br\/#\/schema\/person\/d63837fa13ac8666eb9e74e0985d6f81\",\"name\":\"Luzimara Fernandes\",\"image\":{\"@type\":\"ImageObject\",\"inLanguage\":\"pt-BR\",\"@id\":\"https:\/\/jornalfatosenoticias.com.br\/#\/schema\/person\/image\/\",\"url\":\"https:\/\/jornalfatosenoticias.com.br\/wp-content\/uploads\/2025\/05\/EU_portal.jpg\",\"contentUrl\":\"https:\/\/jornalfatosenoticias.com.br\/wp-content\/uploads\/2025\/05\/EU_portal.jpg\",\"caption\":\"Luzimara Fernandes\"},\"description\":\"Jornalista MTB 2358-ES\",\"sameAs\":[\"https:\/\/jornalfatosenoticias.com.br\"],\"url\":\"https:\/\/jornalfatosenoticias.com.br\/index.php\/author\/luzimara\/\"}]}<\/script>\n<!-- \/ Yoast SEO plugin. -->","yoast_head_json":{"title":"Popula\u00e7\u00e3o de botos-cinza no Rio de Janeiro corre risco de extin\u00e7\u00e3o - Jornal Fatos e Not\u00edcias","robots":{"index":"index","follow":"follow","max-snippet":"max-snippet:-1","max-image-preview":"max-image-preview:large","max-video-preview":"max-video-preview:-1"},"canonical":"https:\/\/jornalfatosenoticias.com.br\/index.php\/2022\/05\/11\/populacao-de-botos-cinza-no-rio-de-janeiro-corre-risco-de-extincao\/","og_locale":"pt_BR","og_type":"article","og_title":"Popula\u00e7\u00e3o de botos-cinza no Rio de Janeiro corre risco de extin\u00e7\u00e3o - Jornal Fatos e Not\u00edcias","og_description":"Na d\u00e9cada de 80, a ba\u00eda de Guanabara tinha mais de 400 animais da esp\u00e9cie. Hoje, s\u00e3o 30 apenas A popula\u00e7\u00e3o de botos-cinza no Rio de Janeiro est\u00e1 amea\u00e7ada. Na d\u00e9cada de 80, a ba\u00eda de Guanabara tinha mais de 400 animais da esp\u00e9cie. Hoje, s\u00e3o 30 apenas. Uma redu\u00e7\u00e3o de mais de 90%. Os [&hellip;]","og_url":"https:\/\/jornalfatosenoticias.com.br\/index.php\/2022\/05\/11\/populacao-de-botos-cinza-no-rio-de-janeiro-corre-risco-de-extincao\/","og_site_name":"Jornal Fatos e Not\u00edcias","article_published_time":"2022-05-11T15:00:19+00:00","article_modified_time":"2022-05-11T15:00:20+00:00","og_image":[{"width":1000,"height":664,"url":"https:\/\/jornalfatosenoticias.com.br\/wp-content\/uploads\/2022\/05\/botos-cinzas_RJ_pexels.jpg","type":"image\/jpeg"}],"author":"Luzimara Fernandes","twitter_card":"summary_large_image","twitter_misc":{"Escrito por":"Luzimara Fernandes","Est. tempo de leitura":"2 minutos"},"schema":{"@context":"https:\/\/schema.org","@graph":[{"@type":"Article","@id":"https:\/\/jornalfatosenoticias.com.br\/index.php\/2022\/05\/11\/populacao-de-botos-cinza-no-rio-de-janeiro-corre-risco-de-extincao\/#article","isPartOf":{"@id":"https:\/\/jornalfatosenoticias.com.br\/index.php\/2022\/05\/11\/populacao-de-botos-cinza-no-rio-de-janeiro-corre-risco-de-extincao\/"},"author":{"name":"Luzimara Fernandes","@id":"https:\/\/jornalfatosenoticias.com.br\/#\/schema\/person\/d63837fa13ac8666eb9e74e0985d6f81"},"headline":"Popula\u00e7\u00e3o de botos-cinza no Rio de Janeiro corre risco de extin\u00e7\u00e3o","datePublished":"2022-05-11T15:00:19+00:00","dateModified":"2022-05-11T15:00:20+00:00","mainEntityOfPage":{"@id":"https:\/\/jornalfatosenoticias.com.br\/index.php\/2022\/05\/11\/populacao-de-botos-cinza-no-rio-de-janeiro-corre-risco-de-extincao\/"},"wordCount":334,"commentCount":0,"publisher":{"@id":"https:\/\/jornalfatosenoticias.com.br\/#organization"},"image":{"@id":"https:\/\/jornalfatosenoticias.com.br\/index.php\/2022\/05\/11\/populacao-de-botos-cinza-no-rio-de-janeiro-corre-risco-de-extincao\/#primaryimage"},"thumbnailUrl":"https:\/\/jornalfatosenoticias.com.br\/wp-content\/uploads\/2022\/05\/botos-cinzas_RJ_pexels.jpg","keywords":["Ba\u00eda de Guanabara","botos-cinza","popula\u00e7\u00e3o","Rio de Janeiro"],"articleSection":["Meio ambiente"],"inLanguage":"pt-BR","potentialAction":[{"@type":"CommentAction","name":"Comment","target":["https:\/\/jornalfatosenoticias.com.br\/index.php\/2022\/05\/11\/populacao-de-botos-cinza-no-rio-de-janeiro-corre-risco-de-extincao\/#respond"]}]},{"@type":"WebPage","@id":"https:\/\/jornalfatosenoticias.com.br\/index.php\/2022\/05\/11\/populacao-de-botos-cinza-no-rio-de-janeiro-corre-risco-de-extincao\/","url":"https:\/\/jornalfatosenoticias.com.br\/index.php\/2022\/05\/11\/populacao-de-botos-cinza-no-rio-de-janeiro-corre-risco-de-extincao\/","name":"Popula\u00e7\u00e3o de botos-cinza no Rio de Janeiro corre risco de extin\u00e7\u00e3o - Jornal Fatos e Not\u00edcias","isPartOf":{"@id":"https:\/\/jornalfatosenoticias.com.br\/#website"},"primaryImageOfPage":{"@id":"https:\/\/jornalfatosenoticias.com.br\/index.php\/2022\/05\/11\/populacao-de-botos-cinza-no-rio-de-janeiro-corre-risco-de-extincao\/#primaryimage"},"image":{"@id":"https:\/\/jornalfatosenoticias.com.br\/index.php\/2022\/05\/11\/populacao-de-botos-cinza-no-rio-de-janeiro-corre-risco-de-extincao\/#primaryimage"},"thumbnailUrl":"https:\/\/jornalfatosenoticias.com.br\/wp-content\/uploads\/2022\/05\/botos-cinzas_RJ_pexels.jpg","datePublished":"2022-05-11T15:00:19+00:00","dateModified":"2022-05-11T15:00:20+00:00","breadcrumb":{"@id":"https:\/\/jornalfatosenoticias.com.br\/index.php\/2022\/05\/11\/populacao-de-botos-cinza-no-rio-de-janeiro-corre-risco-de-extincao\/#breadcrumb"},"inLanguage":"pt-BR","potentialAction":[{"@type":"ReadAction","target":["https:\/\/jornalfatosenoticias.com.br\/index.php\/2022\/05\/11\/populacao-de-botos-cinza-no-rio-de-janeiro-corre-risco-de-extincao\/"]}]},{"@type":"ImageObject","inLanguage":"pt-BR","@id":"https:\/\/jornalfatosenoticias.com.br\/index.php\/2022\/05\/11\/populacao-de-botos-cinza-no-rio-de-janeiro-corre-risco-de-extincao\/#primaryimage","url":"https:\/\/jornalfatosenoticias.com.br\/wp-content\/uploads\/2022\/05\/botos-cinzas_RJ_pexels.jpg","contentUrl":"https:\/\/jornalfatosenoticias.com.br\/wp-content\/uploads\/2022\/05\/botos-cinzas_RJ_pexels.jpg","width":1000,"height":664},{"@type":"BreadcrumbList","@id":"https:\/\/jornalfatosenoticias.com.br\/index.php\/2022\/05\/11\/populacao-de-botos-cinza-no-rio-de-janeiro-corre-risco-de-extincao\/#breadcrumb","itemListElement":[{"@type":"ListItem","position":1,"name":"In\u00edcio","item":"https:\/\/jornalfatosenoticias.com.br\/"},{"@type":"ListItem","position":2,"name":"Popula\u00e7\u00e3o de botos-cinza no Rio de Janeiro corre risco de extin\u00e7\u00e3o"}]},{"@type":"WebSite","@id":"https:\/\/jornalfatosenoticias.com.br\/#website","url":"https:\/\/jornalfatosenoticias.com.br\/","name":"Jornal Fatos e Not\u00edcias","description":"Not\u00edcias em geral","publisher":{"@id":"https:\/\/jornalfatosenoticias.com.br\/#organization"},"potentialAction":[{"@type":"SearchAction","target":{"@type":"EntryPoint","urlTemplate":"https:\/\/jornalfatosenoticias.com.br\/?s={search_term_string}"},"query-input":{"@type":"PropertyValueSpecification","valueRequired":true,"valueName":"search_term_string"}}],"inLanguage":"pt-BR"},{"@type":"Organization","@id":"https:\/\/jornalfatosenoticias.com.br\/#organization","name":"Jornal Fatos e Not\u00edcias","url":"https:\/\/jornalfatosenoticias.com.br\/","logo":{"@type":"ImageObject","inLanguage":"pt-BR","@id":"https:\/\/jornalfatosenoticias.com.br\/#\/schema\/logo\/image\/","url":"https:\/\/jornalfatosenoticias.com.br\/wp-content\/uploads\/2020\/02\/logo120.png","contentUrl":"https:\/\/jornalfatosenoticias.com.br\/wp-content\/uploads\/2020\/02\/logo120.png","width":1227,"height":120,"caption":"Jornal Fatos e Not\u00edcias"},"image":{"@id":"https:\/\/jornalfatosenoticias.com.br\/#\/schema\/logo\/image\/"}},{"@type":"Person","@id":"https:\/\/jornalfatosenoticias.com.br\/#\/schema\/person\/d63837fa13ac8666eb9e74e0985d6f81","name":"Luzimara Fernandes","image":{"@type":"ImageObject","inLanguage":"pt-BR","@id":"https:\/\/jornalfatosenoticias.com.br\/#\/schema\/person\/image\/","url":"https:\/\/jornalfatosenoticias.com.br\/wp-content\/uploads\/2025\/05\/EU_portal.jpg","contentUrl":"https:\/\/jornalfatosenoticias.com.br\/wp-content\/uploads\/2025\/05\/EU_portal.jpg","caption":"Luzimara Fernandes"},"description":"Jornalista MTB 2358-ES","sameAs":["https:\/\/jornalfatosenoticias.com.br"],"url":"https:\/\/jornalfatosenoticias.com.br\/index.php\/author\/luzimara\/"}]}},"cc_featured_image_caption":{"caption_text":"(Foto: Pexels) ","source_text":"","source_url":""},"jetpack_featured_media_url":"https:\/\/jornalfatosenoticias.com.br\/wp-content\/uploads\/2022\/05\/botos-cinzas_RJ_pexels.jpg","_links":{"self":[{"href":"https:\/\/jornalfatosenoticias.com.br\/index.php\/wp-json\/wp\/v2\/posts\/30297","targetHints":{"allow":["GET"]}}],"collection":[{"href":"https:\/\/jornalfatosenoticias.com.br\/index.php\/wp-json\/wp\/v2\/posts"}],"about":[{"href":"https:\/\/jornalfatosenoticias.com.br\/index.php\/wp-json\/wp\/v2\/types\/post"}],"author":[{"embeddable":true,"href":"https:\/\/jornalfatosenoticias.com.br\/index.php\/wp-json\/wp\/v2\/users\/2"}],"replies":[{"embeddable":true,"href":"https:\/\/jornalfatosenoticias.com.br\/index.php\/wp-json\/wp\/v2\/comments?post=30297"}],"version-history":[{"count":0,"href":"https:\/\/jornalfatosenoticias.com.br\/index.php\/wp-json\/wp\/v2\/posts\/30297\/revisions"}],"wp:featuredmedia":[{"embeddable":true,"href":"https:\/\/jornalfatosenoticias.com.br\/index.php\/wp-json\/wp\/v2\/media\/30298"}],"wp:attachment":[{"href":"https:\/\/jornalfatosenoticias.com.br\/index.php\/wp-json\/wp\/v2\/media?parent=30297"}],"wp:term":[{"taxonomy":"category","embeddable":true,"href":"https:\/\/jornalfatosenoticias.com.br\/index.php\/wp-json\/wp\/v2\/categories?post=30297"},{"taxonomy":"post_tag","embeddable":true,"href":"https:\/\/jornalfatosenoticias.com.br\/index.php\/wp-json\/wp\/v2\/tags?post=30297"}],"curies":[{"name":"wp","href":"https:\/\/api.w.org\/{rel}","templated":true}]}}