{"id":30300,"date":"2022-05-11T12:06:06","date_gmt":"2022-05-11T15:06:06","guid":{"rendered":"https:\/\/jornalfatosenoticias.com.br\/?p=30300"},"modified":"2022-05-11T12:06:08","modified_gmt":"2022-05-11T15:06:08","slug":"dormir-de-boca-aberta-habito-na-infancia-pode-impactar-saude-a-longo-prazo","status":"publish","type":"post","link":"https:\/\/jornalfatosenoticias.com.br\/index.php\/2022\/05\/11\/dormir-de-boca-aberta-habito-na-infancia-pode-impactar-saude-a-longo-prazo\/","title":{"rendered":"Dormir de boca aberta: h\u00e1bito na inf\u00e2ncia pode impactar sa\u00fade a longo prazo"},"content":{"rendered":"\n<div class=\"wp-block-image\"><figure class=\"aligncenter size-large is-resized\"><img loading=\"lazy\" decoding=\"async\" src=\"https:\/\/jornalfatosenoticias.com.br\/wp-content\/uploads\/2020\/02\/Logo-Mizu-segunda-2-1024x99.png\" alt=\"\" class=\"wp-image-2353\" width=\"332\" height=\"32\" srcset=\"https:\/\/jornalfatosenoticias.com.br\/wp-content\/uploads\/2020\/02\/Logo-Mizu-segunda-2-1024x99.png 1024w, https:\/\/jornalfatosenoticias.com.br\/wp-content\/uploads\/2020\/02\/Logo-Mizu-segunda-2-300x29.png 300w, https:\/\/jornalfatosenoticias.com.br\/wp-content\/uploads\/2020\/02\/Logo-Mizu-segunda-2-768x74.png 768w, https:\/\/jornalfatosenoticias.com.br\/wp-content\/uploads\/2020\/02\/Logo-Mizu-segunda-2.png 1240w\" sizes=\"auto, (max-width: 332px) 100vw, 332px\" \/><\/figure><\/div>\n\n\n\n<p>O h\u00e1bito de dormir de boca aberta durante a <a href=\"https:\/\/olhardigital.com.br\/tag\/infancia\/\" target=\"_blank\" rel=\"noreferrer noopener\">inf\u00e2ncia<\/a>\u00a0pode acabar impactando a sa\u00fade a longo prazo, ou seja, se estendendo no\u00a0<a href=\"https:\/\/olhardigital.com.br\/tag\/futuro\/\" target=\"_blank\" rel=\"noreferrer noopener\">futuro<\/a>\u00a0at\u00e9 a vida adulta. Segundo especialistas, isso pode ter associa\u00e7\u00e3o com alergia, rinite ou algo mais s\u00e9rio, como a obstru\u00e7\u00e3o nasal, al\u00e9m de ter a chance de desencadear mau h\u00e1lito e dificuldades cognitivas.<br>A Universidade Federal do Sergipe realizou um dos estudos que explicou os malef\u00edcios de dormir de boca aberta. O artigo apontou que crian\u00e7as que respiram pela boca possuem mais dificuldades de aprendizado. Isso pode acontecer pelo fato que o <a href=\"https:\/\/olhardigital.com.br\/tag\/nariz\/\" target=\"_blank\" rel=\"noreferrer noopener\">nariz<\/a> pode filtrar o ar durante a respira\u00e7\u00e3o, enquanto o ar que entra pela boca cont\u00e9m muitas impurezas.<\/p>\n\n\n\n<div class=\"wp-block-image\"><figure class=\"aligncenter size-large is-resized\"><img loading=\"lazy\" decoding=\"async\" src=\"https:\/\/jornalfatosenoticias.com.br\/wp-content\/uploads\/2020\/02\/Serra-Grande-1024x160.png\" alt=\"\" class=\"wp-image-7836\" width=\"354\" height=\"55\"\/><\/figure><\/div>\n\n\n\n<p>Para a Associa\u00e7\u00e3o Brasileira de Otorrinolaringologia e Cirurgia C\u00e9rvico-Facial (ABORL-CCF), a respira\u00e7\u00e3o pela boca aumenta o risco de <a href=\"https:\/\/olhardigital.com.br\/tag\/infeccao\/\" target=\"_blank\" rel=\"noreferrer noopener\">infec\u00e7\u00f5es<\/a> virais ou bacterianas e resfriados. Por isso, o \u00f3rg\u00e3o enfatizou que as pessoas que est\u00e3o sujeitas a essa pr\u00e1tica possuem um potencial de desenvolver consequ\u00eancias f\u00edsicas como: altera\u00e7\u00f5es na fisionomia, sem o desenvolvimento correto; altera\u00e7\u00f5es na arcada dent\u00e1ria (maxilar fechado e projetado para frente); pigarros e muco preso na garganta, pesco\u00e7o retra\u00eddo e t\u00f3rax encurvado.<br>Por outro lado, as consequ\u00eancias de dormir de boca aberta n\u00e3o se limitam a fatores apenas f\u00edsicos, podendo tamb\u00e9m influenciar no comportamento, por exemplo: diminui\u00e7\u00e3o no foco; irritabilidade, transtorno de d\u00e9ficit de aten\u00e7\u00e3o e hiperatividade (TDAH).<\/p>\n\n\n\n<div class=\"wp-block-image\"><figure class=\"alignleft size-large is-resized\"><img loading=\"lazy\" decoding=\"async\" src=\"https:\/\/jornalfatosenoticias.com.br\/wp-content\/uploads\/2022\/03\/logo-Suinco-1024x390.jpg\" alt=\"\" class=\"wp-image-28785\" width=\"333\" height=\"126\"\/><\/figure><\/div>\n\n\n\n<p>Ademais, as quest\u00f5es comportamentais est\u00e3o relacionadas com um dist\u00farbio chamado apneia obstrutiva do sono, que \u00e9 caracterizado por ru\u00eddos e interrup\u00e7\u00f5es repetitivas na respira\u00e7\u00e3o. As interrup\u00e7\u00f5es impedem que a pessoa consiga ter est\u00e1gios de sono mais profundos, afetando o c\u00e9rebro que ainda est\u00e1 em forma\u00e7\u00e3o.<\/p>\n\n\n\n<p><strong><em>Fonte: <a href=\"https:\/\/olhardigital.com.br\/2022\/05\/09\/medicina-e-saude\/dormir-de-boca-aberta-habito-na-infancia-pode-impactar-saude-a-longo-prazo\/\">Olhar Digital<\/a><\/em><\/strong><\/p>\n","protected":false},"excerpt":{"rendered":"<p>O h\u00e1bito de dormir de boca aberta durante a inf\u00e2ncia\u00a0pode acabar impactando a sa\u00fade a longo prazo, ou seja, se estendendo no\u00a0futuro\u00a0at\u00e9 a vida adulta. Segundo especialistas, isso pode ter associa\u00e7\u00e3o com alergia, rinite ou algo mais s\u00e9rio, como a obstru\u00e7\u00e3o nasal, al\u00e9m de ter a chance de desencadear mau h\u00e1lito e dificuldades cognitivas.A Universidade [&hellip;]<\/p>\n","protected":false},"author":2,"featured_media":30301,"comment_status":"open","ping_status":"open","sticky":false,"template":"","format":"standard","meta":{"footnotes":""},"categories":[42],"tags":[14387,670,3028,6674,14388,2607,74],"class_list":["post-30300","post","type-post","status-publish","format-standard","has-post-thumbnail","hentry","category-bem-estar","tag-boca-aberta","tag-criancas","tag-dormir","tag-dormir-bem","tag-dormir-de-boca-aberta","tag-infancia","tag-saude"],"yoast_head":"<!-- This site is optimized with the Yoast SEO plugin v26.5 - https:\/\/yoast.com\/wordpress\/plugins\/seo\/ -->\n<title>Dormir de boca aberta: h\u00e1bito na inf\u00e2ncia pode impactar sa\u00fade a longo prazo - Jornal Fatos e Not\u00edcias<\/title>\n<meta name=\"robots\" content=\"index, follow, max-snippet:-1, max-image-preview:large, max-video-preview:-1\" \/>\n<link rel=\"canonical\" href=\"https:\/\/jornalfatosenoticias.com.br\/index.php\/2022\/05\/11\/dormir-de-boca-aberta-habito-na-infancia-pode-impactar-saude-a-longo-prazo\/\" \/>\n<meta property=\"og:locale\" content=\"pt_BR\" \/>\n<meta property=\"og:type\" content=\"article\" \/>\n<meta property=\"og:title\" content=\"Dormir de boca aberta: h\u00e1bito na inf\u00e2ncia pode impactar sa\u00fade a longo prazo - Jornal Fatos e Not\u00edcias\" \/>\n<meta property=\"og:description\" content=\"O h\u00e1bito de dormir de boca aberta durante a inf\u00e2ncia\u00a0pode acabar impactando a sa\u00fade a longo prazo, ou seja, se estendendo no\u00a0futuro\u00a0at\u00e9 a vida adulta. Segundo especialistas, isso pode ter associa\u00e7\u00e3o com alergia, rinite ou algo mais s\u00e9rio, como a obstru\u00e7\u00e3o nasal, al\u00e9m de ter a chance de desencadear mau h\u00e1lito e dificuldades cognitivas.A Universidade [&hellip;]\" \/>\n<meta property=\"og:url\" content=\"https:\/\/jornalfatosenoticias.com.br\/index.php\/2022\/05\/11\/dormir-de-boca-aberta-habito-na-infancia-pode-impactar-saude-a-longo-prazo\/\" \/>\n<meta property=\"og:site_name\" content=\"Jornal Fatos e Not\u00edcias\" \/>\n<meta property=\"article:published_time\" content=\"2022-05-11T15:06:06+00:00\" \/>\n<meta property=\"article:modified_time\" content=\"2022-05-11T15:06:08+00:00\" \/>\n<meta property=\"og:image\" content=\"https:\/\/jornalfatosenoticias.com.br\/wp-content\/uploads\/2022\/05\/dormir-de-boca-aberta_shutterstock.jpg\" \/>\n\t<meta property=\"og:image:width\" content=\"1000\" \/>\n\t<meta property=\"og:image:height\" content=\"300\" \/>\n\t<meta property=\"og:image:type\" content=\"image\/jpeg\" \/>\n<meta name=\"author\" content=\"Luzimara Fernandes\" \/>\n<meta name=\"twitter:card\" content=\"summary_large_image\" \/>\n<meta name=\"twitter:label1\" content=\"Escrito por\" \/>\n\t<meta name=\"twitter:data1\" content=\"Luzimara Fernandes\" \/>\n\t<meta name=\"twitter:label2\" content=\"Est. tempo de leitura\" \/>\n\t<meta name=\"twitter:data2\" content=\"2 minutos\" \/>\n<script type=\"application\/ld+json\" class=\"yoast-schema-graph\">{\"@context\":\"https:\/\/schema.org\",\"@graph\":[{\"@type\":\"Article\",\"@id\":\"https:\/\/jornalfatosenoticias.com.br\/index.php\/2022\/05\/11\/dormir-de-boca-aberta-habito-na-infancia-pode-impactar-saude-a-longo-prazo\/#article\",\"isPartOf\":{\"@id\":\"https:\/\/jornalfatosenoticias.com.br\/index.php\/2022\/05\/11\/dormir-de-boca-aberta-habito-na-infancia-pode-impactar-saude-a-longo-prazo\/\"},\"author\":{\"name\":\"Luzimara Fernandes\",\"@id\":\"https:\/\/jornalfatosenoticias.com.br\/#\/schema\/person\/d63837fa13ac8666eb9e74e0985d6f81\"},\"headline\":\"Dormir de boca aberta: h\u00e1bito na inf\u00e2ncia pode impactar sa\u00fade a longo prazo\",\"datePublished\":\"2022-05-11T15:06:06+00:00\",\"dateModified\":\"2022-05-11T15:06:08+00:00\",\"mainEntityOfPage\":{\"@id\":\"https:\/\/jornalfatosenoticias.com.br\/index.php\/2022\/05\/11\/dormir-de-boca-aberta-habito-na-infancia-pode-impactar-saude-a-longo-prazo\/\"},\"wordCount\":331,\"commentCount\":0,\"publisher\":{\"@id\":\"https:\/\/jornalfatosenoticias.com.br\/#organization\"},\"image\":{\"@id\":\"https:\/\/jornalfatosenoticias.com.br\/index.php\/2022\/05\/11\/dormir-de-boca-aberta-habito-na-infancia-pode-impactar-saude-a-longo-prazo\/#primaryimage\"},\"thumbnailUrl\":\"https:\/\/jornalfatosenoticias.com.br\/wp-content\/uploads\/2022\/05\/dormir-de-boca-aberta_shutterstock.jpg\",\"keywords\":[\"boca aberta\",\"crian\u00e7as\",\"dormir\",\"dormir bem\",\"dormir de boca aberta\",\"inf\u00e2ncia\",\"sa\u00fade\"],\"articleSection\":[\"Bem-estar\"],\"inLanguage\":\"pt-BR\",\"potentialAction\":[{\"@type\":\"CommentAction\",\"name\":\"Comment\",\"target\":[\"https:\/\/jornalfatosenoticias.com.br\/index.php\/2022\/05\/11\/dormir-de-boca-aberta-habito-na-infancia-pode-impactar-saude-a-longo-prazo\/#respond\"]}]},{\"@type\":\"WebPage\",\"@id\":\"https:\/\/jornalfatosenoticias.com.br\/index.php\/2022\/05\/11\/dormir-de-boca-aberta-habito-na-infancia-pode-impactar-saude-a-longo-prazo\/\",\"url\":\"https:\/\/jornalfatosenoticias.com.br\/index.php\/2022\/05\/11\/dormir-de-boca-aberta-habito-na-infancia-pode-impactar-saude-a-longo-prazo\/\",\"name\":\"Dormir de boca aberta: h\u00e1bito na inf\u00e2ncia pode impactar sa\u00fade a longo prazo - Jornal Fatos e Not\u00edcias\",\"isPartOf\":{\"@id\":\"https:\/\/jornalfatosenoticias.com.br\/#website\"},\"primaryImageOfPage\":{\"@id\":\"https:\/\/jornalfatosenoticias.com.br\/index.php\/2022\/05\/11\/dormir-de-boca-aberta-habito-na-infancia-pode-impactar-saude-a-longo-prazo\/#primaryimage\"},\"image\":{\"@id\":\"https:\/\/jornalfatosenoticias.com.br\/index.php\/2022\/05\/11\/dormir-de-boca-aberta-habito-na-infancia-pode-impactar-saude-a-longo-prazo\/#primaryimage\"},\"thumbnailUrl\":\"https:\/\/jornalfatosenoticias.com.br\/wp-content\/uploads\/2022\/05\/dormir-de-boca-aberta_shutterstock.jpg\",\"datePublished\":\"2022-05-11T15:06:06+00:00\",\"dateModified\":\"2022-05-11T15:06:08+00:00\",\"breadcrumb\":{\"@id\":\"https:\/\/jornalfatosenoticias.com.br\/index.php\/2022\/05\/11\/dormir-de-boca-aberta-habito-na-infancia-pode-impactar-saude-a-longo-prazo\/#breadcrumb\"},\"inLanguage\":\"pt-BR\",\"potentialAction\":[{\"@type\":\"ReadAction\",\"target\":[\"https:\/\/jornalfatosenoticias.com.br\/index.php\/2022\/05\/11\/dormir-de-boca-aberta-habito-na-infancia-pode-impactar-saude-a-longo-prazo\/\"]}]},{\"@type\":\"ImageObject\",\"inLanguage\":\"pt-BR\",\"@id\":\"https:\/\/jornalfatosenoticias.com.br\/index.php\/2022\/05\/11\/dormir-de-boca-aberta-habito-na-infancia-pode-impactar-saude-a-longo-prazo\/#primaryimage\",\"url\":\"https:\/\/jornalfatosenoticias.com.br\/wp-content\/uploads\/2022\/05\/dormir-de-boca-aberta_shutterstock.jpg\",\"contentUrl\":\"https:\/\/jornalfatosenoticias.com.br\/wp-content\/uploads\/2022\/05\/dormir-de-boca-aberta_shutterstock.jpg\",\"width\":1000,\"height\":300},{\"@type\":\"BreadcrumbList\",\"@id\":\"https:\/\/jornalfatosenoticias.com.br\/index.php\/2022\/05\/11\/dormir-de-boca-aberta-habito-na-infancia-pode-impactar-saude-a-longo-prazo\/#breadcrumb\",\"itemListElement\":[{\"@type\":\"ListItem\",\"position\":1,\"name\":\"In\u00edcio\",\"item\":\"https:\/\/jornalfatosenoticias.com.br\/\"},{\"@type\":\"ListItem\",\"position\":2,\"name\":\"Dormir de boca aberta: h\u00e1bito na inf\u00e2ncia pode impactar sa\u00fade a longo prazo\"}]},{\"@type\":\"WebSite\",\"@id\":\"https:\/\/jornalfatosenoticias.com.br\/#website\",\"url\":\"https:\/\/jornalfatosenoticias.com.br\/\",\"name\":\"Jornal Fatos e Not\u00edcias\",\"description\":\"Not\u00edcias em geral\",\"publisher\":{\"@id\":\"https:\/\/jornalfatosenoticias.com.br\/#organization\"},\"potentialAction\":[{\"@type\":\"SearchAction\",\"target\":{\"@type\":\"EntryPoint\",\"urlTemplate\":\"https:\/\/jornalfatosenoticias.com.br\/?s={search_term_string}\"},\"query-input\":{\"@type\":\"PropertyValueSpecification\",\"valueRequired\":true,\"valueName\":\"search_term_string\"}}],\"inLanguage\":\"pt-BR\"},{\"@type\":\"Organization\",\"@id\":\"https:\/\/jornalfatosenoticias.com.br\/#organization\",\"name\":\"Jornal Fatos e Not\u00edcias\",\"url\":\"https:\/\/jornalfatosenoticias.com.br\/\",\"logo\":{\"@type\":\"ImageObject\",\"inLanguage\":\"pt-BR\",\"@id\":\"https:\/\/jornalfatosenoticias.com.br\/#\/schema\/logo\/image\/\",\"url\":\"https:\/\/jornalfatosenoticias.com.br\/wp-content\/uploads\/2020\/02\/logo120.png\",\"contentUrl\":\"https:\/\/jornalfatosenoticias.com.br\/wp-content\/uploads\/2020\/02\/logo120.png\",\"width\":1227,\"height\":120,\"caption\":\"Jornal Fatos e Not\u00edcias\"},\"image\":{\"@id\":\"https:\/\/jornalfatosenoticias.com.br\/#\/schema\/logo\/image\/\"}},{\"@type\":\"Person\",\"@id\":\"https:\/\/jornalfatosenoticias.com.br\/#\/schema\/person\/d63837fa13ac8666eb9e74e0985d6f81\",\"name\":\"Luzimara Fernandes\",\"image\":{\"@type\":\"ImageObject\",\"inLanguage\":\"pt-BR\",\"@id\":\"https:\/\/jornalfatosenoticias.com.br\/#\/schema\/person\/image\/\",\"url\":\"https:\/\/jornalfatosenoticias.com.br\/wp-content\/uploads\/2025\/05\/EU_portal.jpg\",\"contentUrl\":\"https:\/\/jornalfatosenoticias.com.br\/wp-content\/uploads\/2025\/05\/EU_portal.jpg\",\"caption\":\"Luzimara Fernandes\"},\"description\":\"Jornalista MTB 2358-ES\",\"sameAs\":[\"https:\/\/jornalfatosenoticias.com.br\"],\"url\":\"https:\/\/jornalfatosenoticias.com.br\/index.php\/author\/luzimara\/\"}]}<\/script>\n<!-- \/ Yoast SEO plugin. -->","yoast_head_json":{"title":"Dormir de boca aberta: h\u00e1bito na inf\u00e2ncia pode impactar sa\u00fade a longo prazo - Jornal Fatos e Not\u00edcias","robots":{"index":"index","follow":"follow","max-snippet":"max-snippet:-1","max-image-preview":"max-image-preview:large","max-video-preview":"max-video-preview:-1"},"canonical":"https:\/\/jornalfatosenoticias.com.br\/index.php\/2022\/05\/11\/dormir-de-boca-aberta-habito-na-infancia-pode-impactar-saude-a-longo-prazo\/","og_locale":"pt_BR","og_type":"article","og_title":"Dormir de boca aberta: h\u00e1bito na inf\u00e2ncia pode impactar sa\u00fade a longo prazo - Jornal Fatos e Not\u00edcias","og_description":"O h\u00e1bito de dormir de boca aberta durante a inf\u00e2ncia\u00a0pode acabar impactando a sa\u00fade a longo prazo, ou seja, se estendendo no\u00a0futuro\u00a0at\u00e9 a vida adulta. Segundo especialistas, isso pode ter associa\u00e7\u00e3o com alergia, rinite ou algo mais s\u00e9rio, como a obstru\u00e7\u00e3o nasal, al\u00e9m de ter a chance de desencadear mau h\u00e1lito e dificuldades cognitivas.A Universidade [&hellip;]","og_url":"https:\/\/jornalfatosenoticias.com.br\/index.php\/2022\/05\/11\/dormir-de-boca-aberta-habito-na-infancia-pode-impactar-saude-a-longo-prazo\/","og_site_name":"Jornal Fatos e Not\u00edcias","article_published_time":"2022-05-11T15:06:06+00:00","article_modified_time":"2022-05-11T15:06:08+00:00","og_image":[{"width":1000,"height":300,"url":"https:\/\/jornalfatosenoticias.com.br\/wp-content\/uploads\/2022\/05\/dormir-de-boca-aberta_shutterstock.jpg","type":"image\/jpeg"}],"author":"Luzimara Fernandes","twitter_card":"summary_large_image","twitter_misc":{"Escrito por":"Luzimara Fernandes","Est. tempo de leitura":"2 minutos"},"schema":{"@context":"https:\/\/schema.org","@graph":[{"@type":"Article","@id":"https:\/\/jornalfatosenoticias.com.br\/index.php\/2022\/05\/11\/dormir-de-boca-aberta-habito-na-infancia-pode-impactar-saude-a-longo-prazo\/#article","isPartOf":{"@id":"https:\/\/jornalfatosenoticias.com.br\/index.php\/2022\/05\/11\/dormir-de-boca-aberta-habito-na-infancia-pode-impactar-saude-a-longo-prazo\/"},"author":{"name":"Luzimara Fernandes","@id":"https:\/\/jornalfatosenoticias.com.br\/#\/schema\/person\/d63837fa13ac8666eb9e74e0985d6f81"},"headline":"Dormir de boca aberta: h\u00e1bito na inf\u00e2ncia pode impactar sa\u00fade a longo prazo","datePublished":"2022-05-11T15:06:06+00:00","dateModified":"2022-05-11T15:06:08+00:00","mainEntityOfPage":{"@id":"https:\/\/jornalfatosenoticias.com.br\/index.php\/2022\/05\/11\/dormir-de-boca-aberta-habito-na-infancia-pode-impactar-saude-a-longo-prazo\/"},"wordCount":331,"commentCount":0,"publisher":{"@id":"https:\/\/jornalfatosenoticias.com.br\/#organization"},"image":{"@id":"https:\/\/jornalfatosenoticias.com.br\/index.php\/2022\/05\/11\/dormir-de-boca-aberta-habito-na-infancia-pode-impactar-saude-a-longo-prazo\/#primaryimage"},"thumbnailUrl":"https:\/\/jornalfatosenoticias.com.br\/wp-content\/uploads\/2022\/05\/dormir-de-boca-aberta_shutterstock.jpg","keywords":["boca aberta","crian\u00e7as","dormir","dormir bem","dormir de boca aberta","inf\u00e2ncia","sa\u00fade"],"articleSection":["Bem-estar"],"inLanguage":"pt-BR","potentialAction":[{"@type":"CommentAction","name":"Comment","target":["https:\/\/jornalfatosenoticias.com.br\/index.php\/2022\/05\/11\/dormir-de-boca-aberta-habito-na-infancia-pode-impactar-saude-a-longo-prazo\/#respond"]}]},{"@type":"WebPage","@id":"https:\/\/jornalfatosenoticias.com.br\/index.php\/2022\/05\/11\/dormir-de-boca-aberta-habito-na-infancia-pode-impactar-saude-a-longo-prazo\/","url":"https:\/\/jornalfatosenoticias.com.br\/index.php\/2022\/05\/11\/dormir-de-boca-aberta-habito-na-infancia-pode-impactar-saude-a-longo-prazo\/","name":"Dormir de boca aberta: h\u00e1bito na inf\u00e2ncia pode impactar sa\u00fade a longo prazo - Jornal Fatos e Not\u00edcias","isPartOf":{"@id":"https:\/\/jornalfatosenoticias.com.br\/#website"},"primaryImageOfPage":{"@id":"https:\/\/jornalfatosenoticias.com.br\/index.php\/2022\/05\/11\/dormir-de-boca-aberta-habito-na-infancia-pode-impactar-saude-a-longo-prazo\/#primaryimage"},"image":{"@id":"https:\/\/jornalfatosenoticias.com.br\/index.php\/2022\/05\/11\/dormir-de-boca-aberta-habito-na-infancia-pode-impactar-saude-a-longo-prazo\/#primaryimage"},"thumbnailUrl":"https:\/\/jornalfatosenoticias.com.br\/wp-content\/uploads\/2022\/05\/dormir-de-boca-aberta_shutterstock.jpg","datePublished":"2022-05-11T15:06:06+00:00","dateModified":"2022-05-11T15:06:08+00:00","breadcrumb":{"@id":"https:\/\/jornalfatosenoticias.com.br\/index.php\/2022\/05\/11\/dormir-de-boca-aberta-habito-na-infancia-pode-impactar-saude-a-longo-prazo\/#breadcrumb"},"inLanguage":"pt-BR","potentialAction":[{"@type":"ReadAction","target":["https:\/\/jornalfatosenoticias.com.br\/index.php\/2022\/05\/11\/dormir-de-boca-aberta-habito-na-infancia-pode-impactar-saude-a-longo-prazo\/"]}]},{"@type":"ImageObject","inLanguage":"pt-BR","@id":"https:\/\/jornalfatosenoticias.com.br\/index.php\/2022\/05\/11\/dormir-de-boca-aberta-habito-na-infancia-pode-impactar-saude-a-longo-prazo\/#primaryimage","url":"https:\/\/jornalfatosenoticias.com.br\/wp-content\/uploads\/2022\/05\/dormir-de-boca-aberta_shutterstock.jpg","contentUrl":"https:\/\/jornalfatosenoticias.com.br\/wp-content\/uploads\/2022\/05\/dormir-de-boca-aberta_shutterstock.jpg","width":1000,"height":300},{"@type":"BreadcrumbList","@id":"https:\/\/jornalfatosenoticias.com.br\/index.php\/2022\/05\/11\/dormir-de-boca-aberta-habito-na-infancia-pode-impactar-saude-a-longo-prazo\/#breadcrumb","itemListElement":[{"@type":"ListItem","position":1,"name":"In\u00edcio","item":"https:\/\/jornalfatosenoticias.com.br\/"},{"@type":"ListItem","position":2,"name":"Dormir de boca aberta: h\u00e1bito na inf\u00e2ncia pode impactar sa\u00fade a longo prazo"}]},{"@type":"WebSite","@id":"https:\/\/jornalfatosenoticias.com.br\/#website","url":"https:\/\/jornalfatosenoticias.com.br\/","name":"Jornal Fatos e Not\u00edcias","description":"Not\u00edcias em geral","publisher":{"@id":"https:\/\/jornalfatosenoticias.com.br\/#organization"},"potentialAction":[{"@type":"SearchAction","target":{"@type":"EntryPoint","urlTemplate":"https:\/\/jornalfatosenoticias.com.br\/?s={search_term_string}"},"query-input":{"@type":"PropertyValueSpecification","valueRequired":true,"valueName":"search_term_string"}}],"inLanguage":"pt-BR"},{"@type":"Organization","@id":"https:\/\/jornalfatosenoticias.com.br\/#organization","name":"Jornal Fatos e Not\u00edcias","url":"https:\/\/jornalfatosenoticias.com.br\/","logo":{"@type":"ImageObject","inLanguage":"pt-BR","@id":"https:\/\/jornalfatosenoticias.com.br\/#\/schema\/logo\/image\/","url":"https:\/\/jornalfatosenoticias.com.br\/wp-content\/uploads\/2020\/02\/logo120.png","contentUrl":"https:\/\/jornalfatosenoticias.com.br\/wp-content\/uploads\/2020\/02\/logo120.png","width":1227,"height":120,"caption":"Jornal Fatos e Not\u00edcias"},"image":{"@id":"https:\/\/jornalfatosenoticias.com.br\/#\/schema\/logo\/image\/"}},{"@type":"Person","@id":"https:\/\/jornalfatosenoticias.com.br\/#\/schema\/person\/d63837fa13ac8666eb9e74e0985d6f81","name":"Luzimara Fernandes","image":{"@type":"ImageObject","inLanguage":"pt-BR","@id":"https:\/\/jornalfatosenoticias.com.br\/#\/schema\/person\/image\/","url":"https:\/\/jornalfatosenoticias.com.br\/wp-content\/uploads\/2025\/05\/EU_portal.jpg","contentUrl":"https:\/\/jornalfatosenoticias.com.br\/wp-content\/uploads\/2025\/05\/EU_portal.jpg","caption":"Luzimara Fernandes"},"description":"Jornalista MTB 2358-ES","sameAs":["https:\/\/jornalfatosenoticias.com.br"],"url":"https:\/\/jornalfatosenoticias.com.br\/index.php\/author\/luzimara\/"}]}},"cc_featured_image_caption":{"caption_text":"(Foto: Shutterstock) ","source_text":"","source_url":""},"jetpack_featured_media_url":"https:\/\/jornalfatosenoticias.com.br\/wp-content\/uploads\/2022\/05\/dormir-de-boca-aberta_shutterstock.jpg","_links":{"self":[{"href":"https:\/\/jornalfatosenoticias.com.br\/index.php\/wp-json\/wp\/v2\/posts\/30300","targetHints":{"allow":["GET"]}}],"collection":[{"href":"https:\/\/jornalfatosenoticias.com.br\/index.php\/wp-json\/wp\/v2\/posts"}],"about":[{"href":"https:\/\/jornalfatosenoticias.com.br\/index.php\/wp-json\/wp\/v2\/types\/post"}],"author":[{"embeddable":true,"href":"https:\/\/jornalfatosenoticias.com.br\/index.php\/wp-json\/wp\/v2\/users\/2"}],"replies":[{"embeddable":true,"href":"https:\/\/jornalfatosenoticias.com.br\/index.php\/wp-json\/wp\/v2\/comments?post=30300"}],"version-history":[{"count":0,"href":"https:\/\/jornalfatosenoticias.com.br\/index.php\/wp-json\/wp\/v2\/posts\/30300\/revisions"}],"wp:featuredmedia":[{"embeddable":true,"href":"https:\/\/jornalfatosenoticias.com.br\/index.php\/wp-json\/wp\/v2\/media\/30301"}],"wp:attachment":[{"href":"https:\/\/jornalfatosenoticias.com.br\/index.php\/wp-json\/wp\/v2\/media?parent=30300"}],"wp:term":[{"taxonomy":"category","embeddable":true,"href":"https:\/\/jornalfatosenoticias.com.br\/index.php\/wp-json\/wp\/v2\/categories?post=30300"},{"taxonomy":"post_tag","embeddable":true,"href":"https:\/\/jornalfatosenoticias.com.br\/index.php\/wp-json\/wp\/v2\/tags?post=30300"}],"curies":[{"name":"wp","href":"https:\/\/api.w.org\/{rel}","templated":true}]}}