{"id":3042,"date":"2020-04-10T16:01:15","date_gmt":"2020-04-10T19:01:15","guid":{"rendered":"https:\/\/jornalfatosenoticias.com.br\/?p=3042"},"modified":"2020-04-10T16:01:21","modified_gmt":"2020-04-10T19:01:21","slug":"misterioso-e-peculiar-minissapo-encontrado-apenas-no-es-ja-esta-criticamente-ameacado","status":"publish","type":"post","link":"https:\/\/jornalfatosenoticias.com.br\/index.php\/2020\/04\/10\/misterioso-e-peculiar-minissapo-encontrado-apenas-no-es-ja-esta-criticamente-ameacado\/","title":{"rendered":"Misterioso e peculiar, minissapo encontrado apenas no ES j\u00e1 est\u00e1 criticamente amea\u00e7ado"},"content":{"rendered":"\n<h6 class=\"wp-block-heading\"><em>Descrito h\u00e1 quase uma d\u00e9cada pelo bi\u00f3logo e explorador da National Geographic Pedro Peloso, o sapinho-da-restinga, encontrado apenas no Esp\u00edrito Santo, ainda \u00e9 uma inc\u00f3gnita para os cientistas<\/em><\/h6>\n\n\n\n<p>\u201cEsse animalzinho \u00e9 um tanto estranho\u201d, comenta o bi\u00f3logo Pedro Peloso, explorador da National Geographic, sobre o sapinho-da-restinga (Melanophryniscus setiba), descoberto por ele em 2005, em Guarapari (ES). A esp\u00e9cie foi descrita por Peloso e outros cientistas em publica\u00e7\u00e3o de 2012, e pouco tempo depois, mais precisamente em 2014, o anf\u00edbio apareceu como criticamente em perigo na lista de animais amea\u00e7ados de extin\u00e7\u00e3o. \u201cDiversas esp\u00e9cies est\u00e3o desaparecendo de florestas bem preservadas e n\u00e3o sabemos os motivos exatos\u201d, diz Peloso em entrevista. \u201cDevemos prestar aten\u00e7\u00e3o na extin\u00e7\u00e3o dos anf\u00edbios como um todo, mas tamb\u00e9m estudar cada esp\u00e9cie individualmente\u201d. O bi\u00f3logo lidera o projeto DoTS, que busca estudar e retratar a vastid\u00e3o de esp\u00e9cies de anf\u00edbios brasileiros para fins de conserva\u00e7\u00e3o. Entre eles est\u00e1 o sapinho-da-restinga, que tem menos de 2 cm, come formigas e deposita poucos ovos \u2013 mas ainda h\u00e1 muito a se saber sobre ele.<\/p>\n\n\n\n<p><strong>Como foi o processo de \u201cdescobrir\u201d e descrever o sapinho-da-restinga?<br><\/strong>Descobri essa esp\u00e9cie quando ainda era um estudante de Biologia, em 2006, mas a descri\u00e7\u00e3o formal da esp\u00e9cie \u2013 quando ela recebe seu nome cient\u00edfico \u2013 s\u00f3 foi publicada em 2012. Eu encontrei o animal quando estudava a diversidade de anf\u00edbios e r\u00e9pteis do local onde a esp\u00e9cie ocorre. A descri\u00e7\u00e3o demorou um pouco, pois esse animalzinho \u00e9 um tanto estranho, ele possui muitas caracter\u00edsticas \u00fanicas que, se por um lado nos fez ter certeza de que se tratava de uma esp\u00e9cie n\u00e3o conhecida pela ci\u00eancia, por outro nos deixou em d\u00favida sobre qual grupo de sapos o animal faz parte. Para sanar essa d\u00favida, foram necess\u00e1rias an\u00e1lises gen\u00e9ticas e um minucioso estudo da sua anatomia.<\/p>\n\n\n\n<figure class=\"wp-block-image size-large\"><img loading=\"lazy\" decoding=\"async\" width=\"728\" height=\"971\" src=\"https:\/\/jornalfatosenoticias.com.br\/wp-content\/uploads\/2020\/04\/pedro-peloso.jpg\" alt=\"\" class=\"wp-image-3043\" srcset=\"https:\/\/jornalfatosenoticias.com.br\/wp-content\/uploads\/2020\/04\/pedro-peloso.jpg 728w, https:\/\/jornalfatosenoticias.com.br\/wp-content\/uploads\/2020\/04\/pedro-peloso-225x300.jpg 225w\" sizes=\"auto, (max-width: 728px) 100vw, 728px\" \/><figcaption><em>Com colegas e artistas, o bi\u00f3logo Pedro Peloso coordena o projeto DoTS, que estuda, documenta e divulga para o mundo esp\u00e9cies brasileiras amea\u00e7adas de extin\u00e7\u00e3o (Foto: Pablo Cerqueira)<\/em><\/figcaption><\/figure>\n\n\n\n<p><strong>E o que torna o animal t\u00e3o \u00fanico, como voc\u00ea mencionou?<br><\/strong>Trata-se de um animal muito pequeno, com menos de dois cent\u00edmetros. A m\u00e9dia do tamanho dos adultos \u00e9 de 15 mm, e o maior indiv\u00edduo registrado tinha 16,1 mm. Durante sua evolu\u00e7\u00e3o, a esp\u00e9cie passou por um processo que chamamos de miniaturiza\u00e7\u00e3o \u2014 com perda de diversos ossos do corpo, perda de alguns dedos, entre outras caracter\u00edsticas. \u00c9 um verdadeiro minissapo. Apesar de ter sido descrita h\u00e1 quase 10 anos, pouco se sabe sobre essa esp\u00e9cie. Sabemos que \u00e9 um animal que habita o ch\u00e3o da floresta, alimenta-se de pequenos invertebrados (formigas e \u00e1caros) e deposita poucos ovos, menos de 10. Mas n\u00e3o conhecemos muitas coisas importantes, como a vocaliza\u00e7\u00e3o dos machos e onde s\u00e3o depositados os ovos, por exemplo.<\/p>\n\n\n\n<p><strong>Qual \u00e9 a import\u00e2ncia desses animais nos ecossistemas que eles habitam?<br><\/strong>A verdade \u00e9 que sabemos ainda muito pouco sobre a biologia desse animal. Apesar de ter sido descoberto faz alguns anos, nunca descobrimos, por exemplo, como se d\u00e1 a reprodu\u00e7\u00e3o da esp\u00e9cie. \u00c9 dif\u00edcil saber a import\u00e2ncia pontual da esp\u00e9cie no ecossistema, mas certamente eles fazem parte de um sistema equilibrado, que inclui essa esp\u00e9cie e dezenas de outras que interagem com ela.<br>O sapinho-da-restinga, como o pr\u00f3prio nome j\u00e1 diz, habita um ambiente de restinga, mais precisamente o Parque Estadual Paulo C\u00e9sar Vinha, em Guarapari, no Esp\u00edrito Santo. As restingas s\u00e3o ambientes extremamente fr\u00e1geis e a degrada\u00e7\u00e3o desses ecossistemas pode trazer consequ\u00eancias irrevers\u00edveis, entre elas a perda de diversidade e de esp\u00e9cies exclusivas desse ambiente.<\/p>\n\n\n\n<figure class=\"wp-block-image size-large\"><img loading=\"lazy\" decoding=\"async\" width=\"1000\" height=\"591\" src=\"https:\/\/jornalfatosenoticias.com.br\/wp-content\/uploads\/2020\/04\/natgeo_minissapo_pedropeloso_2.jpg\" alt=\"\" class=\"wp-image-3044\" srcset=\"https:\/\/jornalfatosenoticias.com.br\/wp-content\/uploads\/2020\/04\/natgeo_minissapo_pedropeloso_2.jpg 1000w, https:\/\/jornalfatosenoticias.com.br\/wp-content\/uploads\/2020\/04\/natgeo_minissapo_pedropeloso_2-300x177.jpg 300w, https:\/\/jornalfatosenoticias.com.br\/wp-content\/uploads\/2020\/04\/natgeo_minissapo_pedropeloso_2-768x454.jpg 768w\" sizes=\"auto, (max-width: 1000px) 100vw, 1000px\" \/><figcaption><em>Em 2014, o minissapo entrou para a lista de esp\u00e9cies amea\u00e7adas de extin\u00e7\u00e3o na categoria mais alta (Foto: Pedro Peloso)<\/em><\/figcaption><\/figure>\n\n\n\n<p><strong>E como podemos definir os riscos que os sapinhos correm atualmente no Pa\u00eds?<br><\/strong>Tenho viajado bastante pelo Brasil para tentar entender melhor quais s\u00e3o os riscos imediatos para os sapos e salamandras. Sem d\u00favida, os fatores mais importantes s\u00e3o o desmatamento e a degrada\u00e7\u00e3o do ambiente, que afetam a grande maioria das esp\u00e9cies. Por outro lado, temos fatores locais ou espec\u00edficos de algumas esp\u00e9cies que precisam ser levados em considera\u00e7\u00e3o. Dentre esses fatores que afetam algumas esp\u00e9cies e outras n\u00e3o, h\u00e1 doen\u00e7as, o fato de elas possu\u00edrem uma \u00e1rea de exist\u00eancia muito pequena, mudan\u00e7as nos ciclos de chuvas, entre outros. Tem ainda um fator extra, mas que \u00e9 muito importante: diversas esp\u00e9cies est\u00e3o desaparecendo de florestas bem preservadas e n\u00e3o sabemos os motivos exatos. Isso quer dizer que devemos prestar aten\u00e7\u00e3o para a extin\u00e7\u00e3o dos anf\u00edbios como um todo, mas que tamb\u00e9m \u00e9 necess\u00e1rio estudar cada esp\u00e9cie individualmente.<\/p>\n\n\n\n<blockquote class=\"wp-block-quote is-layout-flow wp-block-quote-is-layout-flow\"><p>Restingas s\u00e3o ambientes extremamente fr\u00e1geis e a degrada\u00e7\u00e3o delas pode trazer consequ\u00eancias como a perda de diversidade e de esp\u00e9cies exclusivas desse ambiente<\/p><\/blockquote>\n\n\n\n<p><strong>Por que devemos focar na conserva\u00e7\u00e3o de esp\u00e9cies espec\u00edficas da biodiversidade brasileira?<br><\/strong>Existem diversas iniciativas que focam na preserva\u00e7\u00e3o da biodiversidade global. O problema \u00e9 que, como j\u00e1 mencionei, muitos dos problemas enfrentados pelas esp\u00e9cies s\u00e3o espec\u00edficos daquele animal ou planta, ou da regi\u00e3o onde ela se encontra. O Brasil \u00e9 um dos pa\u00edses com a maior diversidade biol\u00f3gica do planeta o que leva a um ac\u00famulo de casos \u00fanicos, com demandas espec\u00edficas de aten\u00e7\u00e3o. \u00c9 por isso que precisamos agir para a preserva\u00e7\u00e3o, n\u00e3o s\u00f3 em escala global, mas tamb\u00e9m em escalas regionais e locais.<\/p>\n\n\n\n<p><strong>Conte um pouco sobre o trabalho desenvolvido por voc\u00ea no DoTS.<br><\/strong>O DoTS (Documenting Threatened Species) \u00e9 uma iniciativa minha junto a colegas, bi\u00f3logos e artistas, para estudar, documentar e divulgar para o mundo as esp\u00e9cies brasileiras amea\u00e7adas de extin\u00e7\u00e3o. Temos viajado o Brasil todo documentando essas esp\u00e9cies em seu ambiente natural, mas tamb\u00e9m em retratos feitos em est\u00fadio, com o objetivo de criar um banco de imagens que possa ser usado para aumentar a conscientiza\u00e7\u00e3o do p\u00fablico sobre a import\u00e2ncia de conhecer e preservar a nossa enorme biodiversidade.<br>O caso do sapinho-da-restinga \u00e9 especial, pois descobri essa esp\u00e9cie quase 15 anos atr\u00e1s. Agora, depois de todo esse tempo, voltei \u00e0 restinga para reencontrar o sapinho e fazer os registros para o DoTS, pois em 2014 ele entrou para a lista das esp\u00e9cies amea\u00e7adas de extin\u00e7\u00e3o, em sua categoria mais alta, criticamente em perigo.<\/p>\n\n\n\n<blockquote class=\"wp-block-quote is-layout-flow wp-block-quote-is-layout-flow\"><p><\/p><cite>Diversas esp\u00e9cies est\u00e3o desaparecendo de florestas bem preservadas e n\u00e3o sabemos os motivos exatos<\/cite><\/blockquote>\n\n\n\n<p><strong>Se os projetos de conserva\u00e7\u00e3o continuarem, qual \u00e9 a proje\u00e7\u00e3o que essa esp\u00e9cie poder\u00e1 ter em 10 anos?<br><\/strong>O caso do sapinho-da-restinga \u00e9 grav\u00edssimo. A esp\u00e9cie s\u00f3 \u00e9 conhecida de uma \u00fanica localidade, que felizmente \u00e9 uma \u00e1rea protegida por lei. Salvo algum desastre ambiental, a esp\u00e9cie est\u00e1 relativamente bem protegida por ali. O problema \u00e9 que as restingas s\u00e3o ambientes fr\u00e1geis e muito cobi\u00e7ados pelo mercado imobili\u00e1rio. O melhor que podemos fazer \u00e9 torcer para que as coisas fiquem como est\u00e3o. No caso do Melanophryniscus setiba, se nada mudar, em 10 anos a esp\u00e9cie deve continuar sendo avaliada como criticamente em perigo de extin\u00e7\u00e3o.<\/p>\n\n\n\n<p><strong>Como o cidad\u00e3o comum pode colaborar com a conserva\u00e7\u00e3o da biodiversidade?<br><\/strong>Existem v\u00e1rias maneiras, algumas \u00f3bvias e outras nem tanto. Obviamente, cuidar melhor do meio ambiente e prestar aten\u00e7\u00e3o no seu impacto no planeta \u00e9 um in\u00edcio. Alguns exemplos bem difundidos s\u00e3o desperdi\u00e7ar menos \u00e1gua, reduzir o lixo familiar, e diminuir o consumo de coisas desnecess\u00e1rias. Al\u00e9m disso, qualquer cidad\u00e3o pode se envolver de maneira ainda mais efetiva, atuando, por exemplo, junto \u00e0s lideran\u00e7as locais na cria\u00e7\u00e3o de novas unidades de conserva\u00e7\u00e3o e na fiscaliza\u00e7\u00e3o daquelas \u00e1reas j\u00e1 existentes.<\/p>\n\n\n\n<p><strong><em>Fonte: <a href=\"https:\/\/www.nationalgeographicbrasil.com\/animais\/2020\/04\/minissapo-sapinho-da-restinga-espirito-santo-ameacado-extincao-pedro-peloso\">National Geographic Brasil<\/a><\/em><\/strong><\/p>\n","protected":false},"excerpt":{"rendered":"<p>Descrito h\u00e1 quase uma d\u00e9cada pelo bi\u00f3logo e explorador da National Geographic Pedro Peloso, o sapinho-da-restinga, encontrado apenas no Esp\u00edrito Santo, ainda \u00e9 uma inc\u00f3gnita para os cientistas \u201cEsse animalzinho \u00e9 um tanto estranho\u201d, comenta o bi\u00f3logo Pedro Peloso, explorador da National Geographic, sobre o sapinho-da-restinga (Melanophryniscus setiba), descoberto por ele em 2005, em Guarapari [&hellip;]<\/p>\n","protected":false},"author":2,"featured_media":3045,"comment_status":"open","ping_status":"open","sticky":false,"template":"","format":"standard","meta":{"footnotes":""},"categories":[8],"tags":[218,334,219,1626,316,1625],"class_list":["post-3042","post","type-post","status-publish","format-standard","has-post-thumbnail","hentry","category-meio-ambiente","tag-ameacado","tag-biodiversidade","tag-extincao","tag-minissapo","tag-preservacao","tag-sapinho-da-restinga"],"yoast_head":"<!-- This site is optimized with the Yoast SEO plugin v26.5 - https:\/\/yoast.com\/wordpress\/plugins\/seo\/ -->\n<title>Misterioso e peculiar, minissapo encontrado apenas no ES j\u00e1 est\u00e1 criticamente amea\u00e7ado - Jornal Fatos e Not\u00edcias<\/title>\n<meta name=\"robots\" content=\"index, follow, max-snippet:-1, max-image-preview:large, max-video-preview:-1\" \/>\n<link rel=\"canonical\" href=\"https:\/\/jornalfatosenoticias.com.br\/index.php\/2020\/04\/10\/misterioso-e-peculiar-minissapo-encontrado-apenas-no-es-ja-esta-criticamente-ameacado\/\" \/>\n<meta property=\"og:locale\" content=\"pt_BR\" \/>\n<meta property=\"og:type\" content=\"article\" \/>\n<meta property=\"og:title\" content=\"Misterioso e peculiar, minissapo encontrado apenas no ES j\u00e1 est\u00e1 criticamente amea\u00e7ado - Jornal Fatos e Not\u00edcias\" \/>\n<meta property=\"og:description\" content=\"Descrito h\u00e1 quase uma d\u00e9cada pelo bi\u00f3logo e explorador da National Geographic Pedro Peloso, o sapinho-da-restinga, encontrado apenas no Esp\u00edrito Santo, ainda \u00e9 uma inc\u00f3gnita para os cientistas \u201cEsse animalzinho \u00e9 um tanto estranho\u201d, comenta o bi\u00f3logo Pedro Peloso, explorador da National Geographic, sobre o sapinho-da-restinga (Melanophryniscus setiba), descoberto por ele em 2005, em Guarapari [&hellip;]\" \/>\n<meta property=\"og:url\" content=\"https:\/\/jornalfatosenoticias.com.br\/index.php\/2020\/04\/10\/misterioso-e-peculiar-minissapo-encontrado-apenas-no-es-ja-esta-criticamente-ameacado\/\" \/>\n<meta property=\"og:site_name\" content=\"Jornal Fatos e Not\u00edcias\" \/>\n<meta property=\"article:published_time\" content=\"2020-04-10T19:01:15+00:00\" \/>\n<meta property=\"article:modified_time\" content=\"2020-04-10T19:01:21+00:00\" \/>\n<meta property=\"og:image\" content=\"https:\/\/jornalfatosenoticias.com.br\/wp-content\/uploads\/2020\/04\/natgeo_minissapo_pedropeloso.jpg\" \/>\n\t<meta property=\"og:image:width\" content=\"1000\" \/>\n\t<meta property=\"og:image:height\" content=\"618\" \/>\n\t<meta property=\"og:image:type\" content=\"image\/jpeg\" \/>\n<meta name=\"author\" content=\"Luzimara Fernandes\" \/>\n<meta name=\"twitter:card\" content=\"summary_large_image\" \/>\n<meta name=\"twitter:label1\" content=\"Escrito por\" \/>\n\t<meta name=\"twitter:data1\" content=\"Luzimara Fernandes\" \/>\n\t<meta name=\"twitter:label2\" content=\"Est. tempo de leitura\" \/>\n\t<meta name=\"twitter:data2\" content=\"7 minutos\" \/>\n<script type=\"application\/ld+json\" class=\"yoast-schema-graph\">{\"@context\":\"https:\/\/schema.org\",\"@graph\":[{\"@type\":\"Article\",\"@id\":\"https:\/\/jornalfatosenoticias.com.br\/index.php\/2020\/04\/10\/misterioso-e-peculiar-minissapo-encontrado-apenas-no-es-ja-esta-criticamente-ameacado\/#article\",\"isPartOf\":{\"@id\":\"https:\/\/jornalfatosenoticias.com.br\/index.php\/2020\/04\/10\/misterioso-e-peculiar-minissapo-encontrado-apenas-no-es-ja-esta-criticamente-ameacado\/\"},\"author\":{\"name\":\"Luzimara Fernandes\",\"@id\":\"https:\/\/jornalfatosenoticias.com.br\/#\/schema\/person\/d63837fa13ac8666eb9e74e0985d6f81\"},\"headline\":\"Misterioso e peculiar, minissapo encontrado apenas no ES j\u00e1 est\u00e1 criticamente amea\u00e7ado\",\"datePublished\":\"2020-04-10T19:01:15+00:00\",\"dateModified\":\"2020-04-10T19:01:21+00:00\",\"mainEntityOfPage\":{\"@id\":\"https:\/\/jornalfatosenoticias.com.br\/index.php\/2020\/04\/10\/misterioso-e-peculiar-minissapo-encontrado-apenas-no-es-ja-esta-criticamente-ameacado\/\"},\"wordCount\":1365,\"commentCount\":0,\"publisher\":{\"@id\":\"https:\/\/jornalfatosenoticias.com.br\/#organization\"},\"image\":{\"@id\":\"https:\/\/jornalfatosenoticias.com.br\/index.php\/2020\/04\/10\/misterioso-e-peculiar-minissapo-encontrado-apenas-no-es-ja-esta-criticamente-ameacado\/#primaryimage\"},\"thumbnailUrl\":\"https:\/\/jornalfatosenoticias.com.br\/wp-content\/uploads\/2020\/04\/natgeo_minissapo_pedropeloso.jpg\",\"keywords\":[\"amea\u00e7ado\",\"biodiversidade\",\"extin\u00e7\u00e3o\",\"minissapo\",\"preserva\u00e7\u00e3o\",\"sapinho-da-restinga\"],\"articleSection\":[\"Meio ambiente\"],\"inLanguage\":\"pt-BR\",\"potentialAction\":[{\"@type\":\"CommentAction\",\"name\":\"Comment\",\"target\":[\"https:\/\/jornalfatosenoticias.com.br\/index.php\/2020\/04\/10\/misterioso-e-peculiar-minissapo-encontrado-apenas-no-es-ja-esta-criticamente-ameacado\/#respond\"]}]},{\"@type\":\"WebPage\",\"@id\":\"https:\/\/jornalfatosenoticias.com.br\/index.php\/2020\/04\/10\/misterioso-e-peculiar-minissapo-encontrado-apenas-no-es-ja-esta-criticamente-ameacado\/\",\"url\":\"https:\/\/jornalfatosenoticias.com.br\/index.php\/2020\/04\/10\/misterioso-e-peculiar-minissapo-encontrado-apenas-no-es-ja-esta-criticamente-ameacado\/\",\"name\":\"Misterioso e peculiar, minissapo encontrado apenas no ES j\u00e1 est\u00e1 criticamente amea\u00e7ado - Jornal Fatos e Not\u00edcias\",\"isPartOf\":{\"@id\":\"https:\/\/jornalfatosenoticias.com.br\/#website\"},\"primaryImageOfPage\":{\"@id\":\"https:\/\/jornalfatosenoticias.com.br\/index.php\/2020\/04\/10\/misterioso-e-peculiar-minissapo-encontrado-apenas-no-es-ja-esta-criticamente-ameacado\/#primaryimage\"},\"image\":{\"@id\":\"https:\/\/jornalfatosenoticias.com.br\/index.php\/2020\/04\/10\/misterioso-e-peculiar-minissapo-encontrado-apenas-no-es-ja-esta-criticamente-ameacado\/#primaryimage\"},\"thumbnailUrl\":\"https:\/\/jornalfatosenoticias.com.br\/wp-content\/uploads\/2020\/04\/natgeo_minissapo_pedropeloso.jpg\",\"datePublished\":\"2020-04-10T19:01:15+00:00\",\"dateModified\":\"2020-04-10T19:01:21+00:00\",\"breadcrumb\":{\"@id\":\"https:\/\/jornalfatosenoticias.com.br\/index.php\/2020\/04\/10\/misterioso-e-peculiar-minissapo-encontrado-apenas-no-es-ja-esta-criticamente-ameacado\/#breadcrumb\"},\"inLanguage\":\"pt-BR\",\"potentialAction\":[{\"@type\":\"ReadAction\",\"target\":[\"https:\/\/jornalfatosenoticias.com.br\/index.php\/2020\/04\/10\/misterioso-e-peculiar-minissapo-encontrado-apenas-no-es-ja-esta-criticamente-ameacado\/\"]}]},{\"@type\":\"ImageObject\",\"inLanguage\":\"pt-BR\",\"@id\":\"https:\/\/jornalfatosenoticias.com.br\/index.php\/2020\/04\/10\/misterioso-e-peculiar-minissapo-encontrado-apenas-no-es-ja-esta-criticamente-ameacado\/#primaryimage\",\"url\":\"https:\/\/jornalfatosenoticias.com.br\/wp-content\/uploads\/2020\/04\/natgeo_minissapo_pedropeloso.jpg\",\"contentUrl\":\"https:\/\/jornalfatosenoticias.com.br\/wp-content\/uploads\/2020\/04\/natgeo_minissapo_pedropeloso.jpg\",\"width\":1000,\"height\":618},{\"@type\":\"BreadcrumbList\",\"@id\":\"https:\/\/jornalfatosenoticias.com.br\/index.php\/2020\/04\/10\/misterioso-e-peculiar-minissapo-encontrado-apenas-no-es-ja-esta-criticamente-ameacado\/#breadcrumb\",\"itemListElement\":[{\"@type\":\"ListItem\",\"position\":1,\"name\":\"In\u00edcio\",\"item\":\"https:\/\/jornalfatosenoticias.com.br\/\"},{\"@type\":\"ListItem\",\"position\":2,\"name\":\"Misterioso e peculiar, minissapo encontrado apenas no ES j\u00e1 est\u00e1 criticamente amea\u00e7ado\"}]},{\"@type\":\"WebSite\",\"@id\":\"https:\/\/jornalfatosenoticias.com.br\/#website\",\"url\":\"https:\/\/jornalfatosenoticias.com.br\/\",\"name\":\"Jornal Fatos e Not\u00edcias\",\"description\":\"Not\u00edcias em geral\",\"publisher\":{\"@id\":\"https:\/\/jornalfatosenoticias.com.br\/#organization\"},\"potentialAction\":[{\"@type\":\"SearchAction\",\"target\":{\"@type\":\"EntryPoint\",\"urlTemplate\":\"https:\/\/jornalfatosenoticias.com.br\/?s={search_term_string}\"},\"query-input\":{\"@type\":\"PropertyValueSpecification\",\"valueRequired\":true,\"valueName\":\"search_term_string\"}}],\"inLanguage\":\"pt-BR\"},{\"@type\":\"Organization\",\"@id\":\"https:\/\/jornalfatosenoticias.com.br\/#organization\",\"name\":\"Jornal Fatos e Not\u00edcias\",\"url\":\"https:\/\/jornalfatosenoticias.com.br\/\",\"logo\":{\"@type\":\"ImageObject\",\"inLanguage\":\"pt-BR\",\"@id\":\"https:\/\/jornalfatosenoticias.com.br\/#\/schema\/logo\/image\/\",\"url\":\"https:\/\/jornalfatosenoticias.com.br\/wp-content\/uploads\/2020\/02\/logo120.png\",\"contentUrl\":\"https:\/\/jornalfatosenoticias.com.br\/wp-content\/uploads\/2020\/02\/logo120.png\",\"width\":1227,\"height\":120,\"caption\":\"Jornal Fatos e Not\u00edcias\"},\"image\":{\"@id\":\"https:\/\/jornalfatosenoticias.com.br\/#\/schema\/logo\/image\/\"}},{\"@type\":\"Person\",\"@id\":\"https:\/\/jornalfatosenoticias.com.br\/#\/schema\/person\/d63837fa13ac8666eb9e74e0985d6f81\",\"name\":\"Luzimara Fernandes\",\"image\":{\"@type\":\"ImageObject\",\"inLanguage\":\"pt-BR\",\"@id\":\"https:\/\/jornalfatosenoticias.com.br\/#\/schema\/person\/image\/\",\"url\":\"https:\/\/jornalfatosenoticias.com.br\/wp-content\/uploads\/2025\/05\/EU_portal.jpg\",\"contentUrl\":\"https:\/\/jornalfatosenoticias.com.br\/wp-content\/uploads\/2025\/05\/EU_portal.jpg\",\"caption\":\"Luzimara Fernandes\"},\"description\":\"Jornalista MTB 2358-ES\",\"sameAs\":[\"https:\/\/jornalfatosenoticias.com.br\"],\"url\":\"https:\/\/jornalfatosenoticias.com.br\/index.php\/author\/luzimara\/\"}]}<\/script>\n<!-- \/ Yoast SEO plugin. -->","yoast_head_json":{"title":"Misterioso e peculiar, minissapo encontrado apenas no ES j\u00e1 est\u00e1 criticamente amea\u00e7ado - Jornal Fatos e Not\u00edcias","robots":{"index":"index","follow":"follow","max-snippet":"max-snippet:-1","max-image-preview":"max-image-preview:large","max-video-preview":"max-video-preview:-1"},"canonical":"https:\/\/jornalfatosenoticias.com.br\/index.php\/2020\/04\/10\/misterioso-e-peculiar-minissapo-encontrado-apenas-no-es-ja-esta-criticamente-ameacado\/","og_locale":"pt_BR","og_type":"article","og_title":"Misterioso e peculiar, minissapo encontrado apenas no ES j\u00e1 est\u00e1 criticamente amea\u00e7ado - Jornal Fatos e Not\u00edcias","og_description":"Descrito h\u00e1 quase uma d\u00e9cada pelo bi\u00f3logo e explorador da National Geographic Pedro Peloso, o sapinho-da-restinga, encontrado apenas no Esp\u00edrito Santo, ainda \u00e9 uma inc\u00f3gnita para os cientistas \u201cEsse animalzinho \u00e9 um tanto estranho\u201d, comenta o bi\u00f3logo Pedro Peloso, explorador da National Geographic, sobre o sapinho-da-restinga (Melanophryniscus setiba), descoberto por ele em 2005, em Guarapari [&hellip;]","og_url":"https:\/\/jornalfatosenoticias.com.br\/index.php\/2020\/04\/10\/misterioso-e-peculiar-minissapo-encontrado-apenas-no-es-ja-esta-criticamente-ameacado\/","og_site_name":"Jornal Fatos e Not\u00edcias","article_published_time":"2020-04-10T19:01:15+00:00","article_modified_time":"2020-04-10T19:01:21+00:00","og_image":[{"width":1000,"height":618,"url":"https:\/\/jornalfatosenoticias.com.br\/wp-content\/uploads\/2020\/04\/natgeo_minissapo_pedropeloso.jpg","type":"image\/jpeg"}],"author":"Luzimara Fernandes","twitter_card":"summary_large_image","twitter_misc":{"Escrito por":"Luzimara Fernandes","Est. tempo de leitura":"7 minutos"},"schema":{"@context":"https:\/\/schema.org","@graph":[{"@type":"Article","@id":"https:\/\/jornalfatosenoticias.com.br\/index.php\/2020\/04\/10\/misterioso-e-peculiar-minissapo-encontrado-apenas-no-es-ja-esta-criticamente-ameacado\/#article","isPartOf":{"@id":"https:\/\/jornalfatosenoticias.com.br\/index.php\/2020\/04\/10\/misterioso-e-peculiar-minissapo-encontrado-apenas-no-es-ja-esta-criticamente-ameacado\/"},"author":{"name":"Luzimara Fernandes","@id":"https:\/\/jornalfatosenoticias.com.br\/#\/schema\/person\/d63837fa13ac8666eb9e74e0985d6f81"},"headline":"Misterioso e peculiar, minissapo encontrado apenas no ES j\u00e1 est\u00e1 criticamente amea\u00e7ado","datePublished":"2020-04-10T19:01:15+00:00","dateModified":"2020-04-10T19:01:21+00:00","mainEntityOfPage":{"@id":"https:\/\/jornalfatosenoticias.com.br\/index.php\/2020\/04\/10\/misterioso-e-peculiar-minissapo-encontrado-apenas-no-es-ja-esta-criticamente-ameacado\/"},"wordCount":1365,"commentCount":0,"publisher":{"@id":"https:\/\/jornalfatosenoticias.com.br\/#organization"},"image":{"@id":"https:\/\/jornalfatosenoticias.com.br\/index.php\/2020\/04\/10\/misterioso-e-peculiar-minissapo-encontrado-apenas-no-es-ja-esta-criticamente-ameacado\/#primaryimage"},"thumbnailUrl":"https:\/\/jornalfatosenoticias.com.br\/wp-content\/uploads\/2020\/04\/natgeo_minissapo_pedropeloso.jpg","keywords":["amea\u00e7ado","biodiversidade","extin\u00e7\u00e3o","minissapo","preserva\u00e7\u00e3o","sapinho-da-restinga"],"articleSection":["Meio ambiente"],"inLanguage":"pt-BR","potentialAction":[{"@type":"CommentAction","name":"Comment","target":["https:\/\/jornalfatosenoticias.com.br\/index.php\/2020\/04\/10\/misterioso-e-peculiar-minissapo-encontrado-apenas-no-es-ja-esta-criticamente-ameacado\/#respond"]}]},{"@type":"WebPage","@id":"https:\/\/jornalfatosenoticias.com.br\/index.php\/2020\/04\/10\/misterioso-e-peculiar-minissapo-encontrado-apenas-no-es-ja-esta-criticamente-ameacado\/","url":"https:\/\/jornalfatosenoticias.com.br\/index.php\/2020\/04\/10\/misterioso-e-peculiar-minissapo-encontrado-apenas-no-es-ja-esta-criticamente-ameacado\/","name":"Misterioso e peculiar, minissapo encontrado apenas no ES j\u00e1 est\u00e1 criticamente amea\u00e7ado - Jornal Fatos e Not\u00edcias","isPartOf":{"@id":"https:\/\/jornalfatosenoticias.com.br\/#website"},"primaryImageOfPage":{"@id":"https:\/\/jornalfatosenoticias.com.br\/index.php\/2020\/04\/10\/misterioso-e-peculiar-minissapo-encontrado-apenas-no-es-ja-esta-criticamente-ameacado\/#primaryimage"},"image":{"@id":"https:\/\/jornalfatosenoticias.com.br\/index.php\/2020\/04\/10\/misterioso-e-peculiar-minissapo-encontrado-apenas-no-es-ja-esta-criticamente-ameacado\/#primaryimage"},"thumbnailUrl":"https:\/\/jornalfatosenoticias.com.br\/wp-content\/uploads\/2020\/04\/natgeo_minissapo_pedropeloso.jpg","datePublished":"2020-04-10T19:01:15+00:00","dateModified":"2020-04-10T19:01:21+00:00","breadcrumb":{"@id":"https:\/\/jornalfatosenoticias.com.br\/index.php\/2020\/04\/10\/misterioso-e-peculiar-minissapo-encontrado-apenas-no-es-ja-esta-criticamente-ameacado\/#breadcrumb"},"inLanguage":"pt-BR","potentialAction":[{"@type":"ReadAction","target":["https:\/\/jornalfatosenoticias.com.br\/index.php\/2020\/04\/10\/misterioso-e-peculiar-minissapo-encontrado-apenas-no-es-ja-esta-criticamente-ameacado\/"]}]},{"@type":"ImageObject","inLanguage":"pt-BR","@id":"https:\/\/jornalfatosenoticias.com.br\/index.php\/2020\/04\/10\/misterioso-e-peculiar-minissapo-encontrado-apenas-no-es-ja-esta-criticamente-ameacado\/#primaryimage","url":"https:\/\/jornalfatosenoticias.com.br\/wp-content\/uploads\/2020\/04\/natgeo_minissapo_pedropeloso.jpg","contentUrl":"https:\/\/jornalfatosenoticias.com.br\/wp-content\/uploads\/2020\/04\/natgeo_minissapo_pedropeloso.jpg","width":1000,"height":618},{"@type":"BreadcrumbList","@id":"https:\/\/jornalfatosenoticias.com.br\/index.php\/2020\/04\/10\/misterioso-e-peculiar-minissapo-encontrado-apenas-no-es-ja-esta-criticamente-ameacado\/#breadcrumb","itemListElement":[{"@type":"ListItem","position":1,"name":"In\u00edcio","item":"https:\/\/jornalfatosenoticias.com.br\/"},{"@type":"ListItem","position":2,"name":"Misterioso e peculiar, minissapo encontrado apenas no ES j\u00e1 est\u00e1 criticamente amea\u00e7ado"}]},{"@type":"WebSite","@id":"https:\/\/jornalfatosenoticias.com.br\/#website","url":"https:\/\/jornalfatosenoticias.com.br\/","name":"Jornal Fatos e Not\u00edcias","description":"Not\u00edcias em geral","publisher":{"@id":"https:\/\/jornalfatosenoticias.com.br\/#organization"},"potentialAction":[{"@type":"SearchAction","target":{"@type":"EntryPoint","urlTemplate":"https:\/\/jornalfatosenoticias.com.br\/?s={search_term_string}"},"query-input":{"@type":"PropertyValueSpecification","valueRequired":true,"valueName":"search_term_string"}}],"inLanguage":"pt-BR"},{"@type":"Organization","@id":"https:\/\/jornalfatosenoticias.com.br\/#organization","name":"Jornal Fatos e Not\u00edcias","url":"https:\/\/jornalfatosenoticias.com.br\/","logo":{"@type":"ImageObject","inLanguage":"pt-BR","@id":"https:\/\/jornalfatosenoticias.com.br\/#\/schema\/logo\/image\/","url":"https:\/\/jornalfatosenoticias.com.br\/wp-content\/uploads\/2020\/02\/logo120.png","contentUrl":"https:\/\/jornalfatosenoticias.com.br\/wp-content\/uploads\/2020\/02\/logo120.png","width":1227,"height":120,"caption":"Jornal Fatos e Not\u00edcias"},"image":{"@id":"https:\/\/jornalfatosenoticias.com.br\/#\/schema\/logo\/image\/"}},{"@type":"Person","@id":"https:\/\/jornalfatosenoticias.com.br\/#\/schema\/person\/d63837fa13ac8666eb9e74e0985d6f81","name":"Luzimara Fernandes","image":{"@type":"ImageObject","inLanguage":"pt-BR","@id":"https:\/\/jornalfatosenoticias.com.br\/#\/schema\/person\/image\/","url":"https:\/\/jornalfatosenoticias.com.br\/wp-content\/uploads\/2025\/05\/EU_portal.jpg","contentUrl":"https:\/\/jornalfatosenoticias.com.br\/wp-content\/uploads\/2025\/05\/EU_portal.jpg","caption":"Luzimara Fernandes"},"description":"Jornalista MTB 2358-ES","sameAs":["https:\/\/jornalfatosenoticias.com.br"],"url":"https:\/\/jornalfatosenoticias.com.br\/index.php\/author\/luzimara\/"}]}},"cc_featured_image_caption":{"caption_text":"Sapinho-da-restinga (Foto: Pedro Peloso)","source_text":"","source_url":""},"jetpack_featured_media_url":"https:\/\/jornalfatosenoticias.com.br\/wp-content\/uploads\/2020\/04\/natgeo_minissapo_pedropeloso.jpg","_links":{"self":[{"href":"https:\/\/jornalfatosenoticias.com.br\/index.php\/wp-json\/wp\/v2\/posts\/3042","targetHints":{"allow":["GET"]}}],"collection":[{"href":"https:\/\/jornalfatosenoticias.com.br\/index.php\/wp-json\/wp\/v2\/posts"}],"about":[{"href":"https:\/\/jornalfatosenoticias.com.br\/index.php\/wp-json\/wp\/v2\/types\/post"}],"author":[{"embeddable":true,"href":"https:\/\/jornalfatosenoticias.com.br\/index.php\/wp-json\/wp\/v2\/users\/2"}],"replies":[{"embeddable":true,"href":"https:\/\/jornalfatosenoticias.com.br\/index.php\/wp-json\/wp\/v2\/comments?post=3042"}],"version-history":[{"count":0,"href":"https:\/\/jornalfatosenoticias.com.br\/index.php\/wp-json\/wp\/v2\/posts\/3042\/revisions"}],"wp:featuredmedia":[{"embeddable":true,"href":"https:\/\/jornalfatosenoticias.com.br\/index.php\/wp-json\/wp\/v2\/media\/3045"}],"wp:attachment":[{"href":"https:\/\/jornalfatosenoticias.com.br\/index.php\/wp-json\/wp\/v2\/media?parent=3042"}],"wp:term":[{"taxonomy":"category","embeddable":true,"href":"https:\/\/jornalfatosenoticias.com.br\/index.php\/wp-json\/wp\/v2\/categories?post=3042"},{"taxonomy":"post_tag","embeddable":true,"href":"https:\/\/jornalfatosenoticias.com.br\/index.php\/wp-json\/wp\/v2\/tags?post=3042"}],"curies":[{"name":"wp","href":"https:\/\/api.w.org\/{rel}","templated":true}]}}