{"id":30462,"date":"2022-05-17T10:51:53","date_gmt":"2022-05-17T13:51:53","guid":{"rendered":"https:\/\/jornalfatosenoticias.com.br\/?p=30462"},"modified":"2022-05-17T10:51:59","modified_gmt":"2022-05-17T13:51:59","slug":"argentinos-criam-garrafa-termica-solar-que-aquece-a-agua","status":"publish","type":"post","link":"https:\/\/jornalfatosenoticias.com.br\/index.php\/2022\/05\/17\/argentinos-criam-garrafa-termica-solar-que-aquece-a-agua\/","title":{"rendered":"Argentinos criam garrafa t\u00e9rmica solar que aquece a \u00e1gua"},"content":{"rendered":"\n<p><em><span class=\"has-inline-color has-black-color\">A Solarmate \u00e9 f\u00e1cil de carregar e esquenta a \u00e1gua em 30 minutos<\/span><\/em><\/p>\n\n\n\n<div class=\"wp-block-image\"><figure class=\"aligncenter size-large is-resized\"><img loading=\"lazy\" decoding=\"async\" src=\"https:\/\/jornalfatosenoticias.com.br\/wp-content\/uploads\/2020\/02\/banner_ferramentas-1024x100.jpg\" alt=\"\" class=\"wp-image-1258\" width=\"358\" height=\"34\" srcset=\"https:\/\/jornalfatosenoticias.com.br\/wp-content\/uploads\/2020\/02\/banner_ferramentas-1024x100.jpg 1024w, https:\/\/jornalfatosenoticias.com.br\/wp-content\/uploads\/2020\/02\/banner_ferramentas-300x29.jpg 300w, https:\/\/jornalfatosenoticias.com.br\/wp-content\/uploads\/2020\/02\/banner_ferramentas-768x75.jpg 768w, https:\/\/jornalfatosenoticias.com.br\/wp-content\/uploads\/2020\/02\/banner_ferramentas.jpg 1227w\" sizes=\"auto, (max-width: 358px) 100vw, 358px\" \/><\/figure><\/div>\n\n\n\n<p>O consumo de mate \u00e9 muito comum na Argentina. No calor ou no frio, \u00e9 muito comum ver as pessoas com a sua garrafa t\u00e9rmica, erva, cuia e bomba \u201cmateando\u201d. Em alguns lugares do Brasil, o mate ou chimarr\u00e3o tamb\u00e9m \u00e9 parte da rotina, especialmente na Regi\u00e3o Sul. Carregar uma garrafa t\u00e9rmica \u00e9 comum para quem tem este h\u00e1bito. Mas nem sempre \u00e9 f\u00e1cil encontrar como aquecer a \u00e1gua.<br>E foi pensando numa maneira pr\u00e1tica de ter a \u00e1gua quente sempre \u00e0 m\u00e3o que Christian Navntoft, engenheiro com doutorado pela Universidade Nacional de San Mart\u00edn, na Argentina, criou uma garrafa t\u00e9rmica que tamb\u00e9m aquece a \u00e1gua usando a <a href=\"https:\/\/ciclovivo.com.br\/planeta\/energia\/brasil-e-4o-pais-no-mundo-que-mais-cresceu-em-energia-solar-em-2021\/\" target=\"_blank\" rel=\"noreferrer noopener\">energia solar<\/a>. Sem precisar de fog\u00e3o ou de energia el\u00e9trica, \u00e9 poss\u00edvel aquecer a \u00e1gua at\u00e9 o ponto de ebuli\u00e7\u00e3o.<\/p>\n\n\n\n<div class=\"wp-block-image\"><figure class=\"aligncenter size-large is-resized\"><img loading=\"lazy\" decoding=\"async\" src=\"https:\/\/jornalfatosenoticias.com.br\/wp-content\/uploads\/2022\/03\/logo-Suinco-1024x390.jpg\" alt=\"\" class=\"wp-image-28785\" width=\"260\" height=\"98\"\/><\/figure><\/div>\n\n\n\n<figure class=\"wp-block-image size-large\"><img loading=\"lazy\" decoding=\"async\" width=\"696\" height=\"506\" src=\"https:\/\/jornalfatosenoticias.com.br\/wp-content\/uploads\/2022\/05\/garrafa-termica-solar-2.jpeg\" alt=\"\" class=\"wp-image-30463\" srcset=\"https:\/\/jornalfatosenoticias.com.br\/wp-content\/uploads\/2022\/05\/garrafa-termica-solar-2.jpeg 696w, https:\/\/jornalfatosenoticias.com.br\/wp-content\/uploads\/2022\/05\/garrafa-termica-solar-2-300x218.jpeg 300w\" sizes=\"auto, (max-width: 696px) 100vw, 696px\" \/><figcaption><em><span class=\"has-inline-color has-black-color\">A Solarmate \u00e9 f\u00e1cil de carregar e esquenta a \u00e1gua em 30 minutos (Foto: Solarmate)<\/span><\/em><\/figcaption><\/figure>\n\n\n\n<p>A garrafa Solarmate aquece a \u00e1gua em cerca de 30 minutos e depois mant\u00e9m a temperatura. Para isso, basta abrir sua estrutura e deixar a luz do sol fazer o resto. A garrafa possui um mecanismo para sua abertura e fechamento, uma ampola de vidro para o l\u00edquido e espelhos que maximizam o efeito da luz solar.<\/p>\n\n\n\n<div class=\"wp-block-image\"><figure class=\"aligncenter size-large is-resized\"><img loading=\"lazy\" decoding=\"async\" src=\"https:\/\/jornalfatosenoticias.com.br\/wp-content\/uploads\/2020\/02\/Logo-Mizu-segunda-2-1024x99.png\" alt=\"\" class=\"wp-image-2353\" width=\"322\" height=\"31\" srcset=\"https:\/\/jornalfatosenoticias.com.br\/wp-content\/uploads\/2020\/02\/Logo-Mizu-segunda-2-1024x99.png 1024w, https:\/\/jornalfatosenoticias.com.br\/wp-content\/uploads\/2020\/02\/Logo-Mizu-segunda-2-300x29.png 300w, https:\/\/jornalfatosenoticias.com.br\/wp-content\/uploads\/2020\/02\/Logo-Mizu-segunda-2-768x74.png 768w, https:\/\/jornalfatosenoticias.com.br\/wp-content\/uploads\/2020\/02\/Logo-Mizu-segunda-2.png 1240w\" sizes=\"auto, (max-width: 322px) 100vw, 322px\" \/><\/figure><\/div>\n\n\n\n<h4 class=\"wp-block-heading\"><em><span class=\"has-inline-color has-black-color\">Veja como funciona, neste v\u00eddeo<\/span><\/em><\/h4>\n\n\n\n<figure class=\"wp-block-embed-youtube wp-block-embed is-type-video is-provider-youtube wp-embed-aspect-16-9 wp-has-aspect-ratio\"><div class=\"wp-block-embed__wrapper\">\n<iframe loading=\"lazy\" title=\"Cient\u00edficos Industria Argentina - Solarmate\" width=\"660\" height=\"371\" src=\"https:\/\/www.youtube.com\/embed\/epr3lVZXZAs?feature=oembed\" frameborder=\"0\" allow=\"accelerometer; autoplay; clipboard-write; encrypted-media; gyroscope; picture-in-picture; web-share\" referrerpolicy=\"strict-origin-when-cross-origin\" allowfullscreen><\/iframe>\n<\/div><\/figure>\n\n\n\n<p>Com o apoio da Funda\u00e7\u00e3o de Inova\u00e7\u00e3o e Tecnologia da Universidade Nacional de San Mart\u00edn, o projeto come\u00e7ou a ser desenvolvido em 2006 e passou por v\u00e1rias adapta\u00e7\u00f5es at\u00e9 chegar ao formato atual. Christian e sua equipe participaram de v\u00e1rios concursos nacionais e internacionais e hoje chegaram a um produto que j\u00e1 est\u00e1 sendo comercializado na Argentina pelo site <a href=\"https:\/\/www.mercadomate.com.ar\/verproducto.php?id=9188\" target=\"_blank\" rel=\"noreferrer noopener\">www.mercadomate.com.ar<\/a>.<br>Para mais informa\u00e7\u00f5es, acesse \u00a0<a href=\"https:\/\/www.solarmate.com.ar\/\" target=\"_blank\" rel=\"noreferrer noopener\">www.solarmate.com.ar<\/a>.<\/p>\n\n\n\n<p><strong><em>Fonte: <a href=\"https:\/\/ciclovivo.com.br\/arq-urb\/design\/argentinos-criam-garrafa-termica-solar-que-aquece-a-agua\/\">CicloVivo<\/a><\/em><\/strong><\/p>\n","protected":false},"excerpt":{"rendered":"<p>A Solarmate \u00e9 f\u00e1cil de carregar e esquenta a \u00e1gua em 30 minutos O consumo de mate \u00e9 muito comum na Argentina. No calor ou no frio, \u00e9 muito comum ver as pessoas com a sua garrafa t\u00e9rmica, erva, cuia e bomba \u201cmateando\u201d. Em alguns lugares do Brasil, o mate ou chimarr\u00e3o tamb\u00e9m \u00e9 parte [&hellip;]<\/p>\n","protected":false},"author":2,"featured_media":30464,"comment_status":"open","ping_status":"open","sticky":false,"template":"","format":"standard","meta":{"footnotes":""},"categories":[3],"tags":[14471,368,14473,2877,14470,14472],"class_list":["post-30462","post","type-post","status-publish","format-standard","has-post-thumbnail","hentry","category-tecnologia","tag-argentinos","tag-calor","tag-chimarrao","tag-frio","tag-garrafa-termica-solar","tag-mate"],"yoast_head":"<!-- This site is optimized with the Yoast SEO plugin v26.5 - https:\/\/yoast.com\/wordpress\/plugins\/seo\/ -->\n<title>Argentinos criam garrafa t\u00e9rmica solar que aquece a \u00e1gua - Jornal Fatos e Not\u00edcias<\/title>\n<meta name=\"robots\" content=\"index, follow, max-snippet:-1, max-image-preview:large, max-video-preview:-1\" \/>\n<link rel=\"canonical\" href=\"https:\/\/jornalfatosenoticias.com.br\/index.php\/2022\/05\/17\/argentinos-criam-garrafa-termica-solar-que-aquece-a-agua\/\" \/>\n<meta property=\"og:locale\" content=\"pt_BR\" \/>\n<meta property=\"og:type\" content=\"article\" \/>\n<meta property=\"og:title\" content=\"Argentinos criam garrafa t\u00e9rmica solar que aquece a \u00e1gua - Jornal Fatos e Not\u00edcias\" \/>\n<meta property=\"og:description\" content=\"A Solarmate \u00e9 f\u00e1cil de carregar e esquenta a \u00e1gua em 30 minutos O consumo de mate \u00e9 muito comum na Argentina. No calor ou no frio, \u00e9 muito comum ver as pessoas com a sua garrafa t\u00e9rmica, erva, cuia e bomba \u201cmateando\u201d. Em alguns lugares do Brasil, o mate ou chimarr\u00e3o tamb\u00e9m \u00e9 parte [&hellip;]\" \/>\n<meta property=\"og:url\" content=\"https:\/\/jornalfatosenoticias.com.br\/index.php\/2022\/05\/17\/argentinos-criam-garrafa-termica-solar-que-aquece-a-agua\/\" \/>\n<meta property=\"og:site_name\" content=\"Jornal Fatos e Not\u00edcias\" \/>\n<meta property=\"article:published_time\" content=\"2022-05-17T13:51:53+00:00\" \/>\n<meta property=\"article:modified_time\" content=\"2022-05-17T13:51:59+00:00\" \/>\n<meta property=\"og:image\" content=\"https:\/\/jornalfatosenoticias.com.br\/wp-content\/uploads\/2022\/05\/garrafa-termica-solar-1.jpeg\" \/>\n\t<meta property=\"og:image:width\" content=\"1000\" \/>\n\t<meta property=\"og:image:height\" content=\"666\" \/>\n\t<meta property=\"og:image:type\" content=\"image\/jpeg\" \/>\n<meta name=\"author\" content=\"Luzimara Fernandes\" \/>\n<meta name=\"twitter:card\" content=\"summary_large_image\" \/>\n<meta name=\"twitter:label1\" content=\"Escrito por\" \/>\n\t<meta name=\"twitter:data1\" content=\"Luzimara Fernandes\" \/>\n\t<meta name=\"twitter:label2\" content=\"Est. tempo de leitura\" \/>\n\t<meta name=\"twitter:data2\" content=\"2 minutos\" \/>\n<script type=\"application\/ld+json\" class=\"yoast-schema-graph\">{\"@context\":\"https:\/\/schema.org\",\"@graph\":[{\"@type\":\"Article\",\"@id\":\"https:\/\/jornalfatosenoticias.com.br\/index.php\/2022\/05\/17\/argentinos-criam-garrafa-termica-solar-que-aquece-a-agua\/#article\",\"isPartOf\":{\"@id\":\"https:\/\/jornalfatosenoticias.com.br\/index.php\/2022\/05\/17\/argentinos-criam-garrafa-termica-solar-que-aquece-a-agua\/\"},\"author\":{\"name\":\"Luzimara Fernandes\",\"@id\":\"https:\/\/jornalfatosenoticias.com.br\/#\/schema\/person\/d63837fa13ac8666eb9e74e0985d6f81\"},\"headline\":\"Argentinos criam garrafa t\u00e9rmica solar que aquece a \u00e1gua\",\"datePublished\":\"2022-05-17T13:51:53+00:00\",\"dateModified\":\"2022-05-17T13:51:59+00:00\",\"mainEntityOfPage\":{\"@id\":\"https:\/\/jornalfatosenoticias.com.br\/index.php\/2022\/05\/17\/argentinos-criam-garrafa-termica-solar-que-aquece-a-agua\/\"},\"wordCount\":325,\"commentCount\":0,\"publisher\":{\"@id\":\"https:\/\/jornalfatosenoticias.com.br\/#organization\"},\"image\":{\"@id\":\"https:\/\/jornalfatosenoticias.com.br\/index.php\/2022\/05\/17\/argentinos-criam-garrafa-termica-solar-que-aquece-a-agua\/#primaryimage\"},\"thumbnailUrl\":\"https:\/\/jornalfatosenoticias.com.br\/wp-content\/uploads\/2022\/05\/garrafa-termica-solar-1.jpeg\",\"keywords\":[\"argentinos\",\"calor\",\"chimarr\u00e3o\",\"frio\",\"garrafa t\u00e9rmica solar\",\"mate\"],\"articleSection\":[\"Tecnologia &amp; Inova\u00e7\u00e3o\"],\"inLanguage\":\"pt-BR\",\"potentialAction\":[{\"@type\":\"CommentAction\",\"name\":\"Comment\",\"target\":[\"https:\/\/jornalfatosenoticias.com.br\/index.php\/2022\/05\/17\/argentinos-criam-garrafa-termica-solar-que-aquece-a-agua\/#respond\"]}]},{\"@type\":\"WebPage\",\"@id\":\"https:\/\/jornalfatosenoticias.com.br\/index.php\/2022\/05\/17\/argentinos-criam-garrafa-termica-solar-que-aquece-a-agua\/\",\"url\":\"https:\/\/jornalfatosenoticias.com.br\/index.php\/2022\/05\/17\/argentinos-criam-garrafa-termica-solar-que-aquece-a-agua\/\",\"name\":\"Argentinos criam garrafa t\u00e9rmica solar que aquece a \u00e1gua - Jornal Fatos e Not\u00edcias\",\"isPartOf\":{\"@id\":\"https:\/\/jornalfatosenoticias.com.br\/#website\"},\"primaryImageOfPage\":{\"@id\":\"https:\/\/jornalfatosenoticias.com.br\/index.php\/2022\/05\/17\/argentinos-criam-garrafa-termica-solar-que-aquece-a-agua\/#primaryimage\"},\"image\":{\"@id\":\"https:\/\/jornalfatosenoticias.com.br\/index.php\/2022\/05\/17\/argentinos-criam-garrafa-termica-solar-que-aquece-a-agua\/#primaryimage\"},\"thumbnailUrl\":\"https:\/\/jornalfatosenoticias.com.br\/wp-content\/uploads\/2022\/05\/garrafa-termica-solar-1.jpeg\",\"datePublished\":\"2022-05-17T13:51:53+00:00\",\"dateModified\":\"2022-05-17T13:51:59+00:00\",\"breadcrumb\":{\"@id\":\"https:\/\/jornalfatosenoticias.com.br\/index.php\/2022\/05\/17\/argentinos-criam-garrafa-termica-solar-que-aquece-a-agua\/#breadcrumb\"},\"inLanguage\":\"pt-BR\",\"potentialAction\":[{\"@type\":\"ReadAction\",\"target\":[\"https:\/\/jornalfatosenoticias.com.br\/index.php\/2022\/05\/17\/argentinos-criam-garrafa-termica-solar-que-aquece-a-agua\/\"]}]},{\"@type\":\"ImageObject\",\"inLanguage\":\"pt-BR\",\"@id\":\"https:\/\/jornalfatosenoticias.com.br\/index.php\/2022\/05\/17\/argentinos-criam-garrafa-termica-solar-que-aquece-a-agua\/#primaryimage\",\"url\":\"https:\/\/jornalfatosenoticias.com.br\/wp-content\/uploads\/2022\/05\/garrafa-termica-solar-1.jpeg\",\"contentUrl\":\"https:\/\/jornalfatosenoticias.com.br\/wp-content\/uploads\/2022\/05\/garrafa-termica-solar-1.jpeg\",\"width\":1000,\"height\":666},{\"@type\":\"BreadcrumbList\",\"@id\":\"https:\/\/jornalfatosenoticias.com.br\/index.php\/2022\/05\/17\/argentinos-criam-garrafa-termica-solar-que-aquece-a-agua\/#breadcrumb\",\"itemListElement\":[{\"@type\":\"ListItem\",\"position\":1,\"name\":\"In\u00edcio\",\"item\":\"https:\/\/jornalfatosenoticias.com.br\/\"},{\"@type\":\"ListItem\",\"position\":2,\"name\":\"Argentinos criam garrafa t\u00e9rmica solar que aquece a \u00e1gua\"}]},{\"@type\":\"WebSite\",\"@id\":\"https:\/\/jornalfatosenoticias.com.br\/#website\",\"url\":\"https:\/\/jornalfatosenoticias.com.br\/\",\"name\":\"Jornal Fatos e Not\u00edcias\",\"description\":\"Not\u00edcias em geral\",\"publisher\":{\"@id\":\"https:\/\/jornalfatosenoticias.com.br\/#organization\"},\"potentialAction\":[{\"@type\":\"SearchAction\",\"target\":{\"@type\":\"EntryPoint\",\"urlTemplate\":\"https:\/\/jornalfatosenoticias.com.br\/?s={search_term_string}\"},\"query-input\":{\"@type\":\"PropertyValueSpecification\",\"valueRequired\":true,\"valueName\":\"search_term_string\"}}],\"inLanguage\":\"pt-BR\"},{\"@type\":\"Organization\",\"@id\":\"https:\/\/jornalfatosenoticias.com.br\/#organization\",\"name\":\"Jornal Fatos e Not\u00edcias\",\"url\":\"https:\/\/jornalfatosenoticias.com.br\/\",\"logo\":{\"@type\":\"ImageObject\",\"inLanguage\":\"pt-BR\",\"@id\":\"https:\/\/jornalfatosenoticias.com.br\/#\/schema\/logo\/image\/\",\"url\":\"https:\/\/jornalfatosenoticias.com.br\/wp-content\/uploads\/2020\/02\/logo120.png\",\"contentUrl\":\"https:\/\/jornalfatosenoticias.com.br\/wp-content\/uploads\/2020\/02\/logo120.png\",\"width\":1227,\"height\":120,\"caption\":\"Jornal Fatos e Not\u00edcias\"},\"image\":{\"@id\":\"https:\/\/jornalfatosenoticias.com.br\/#\/schema\/logo\/image\/\"}},{\"@type\":\"Person\",\"@id\":\"https:\/\/jornalfatosenoticias.com.br\/#\/schema\/person\/d63837fa13ac8666eb9e74e0985d6f81\",\"name\":\"Luzimara Fernandes\",\"image\":{\"@type\":\"ImageObject\",\"inLanguage\":\"pt-BR\",\"@id\":\"https:\/\/jornalfatosenoticias.com.br\/#\/schema\/person\/image\/\",\"url\":\"https:\/\/jornalfatosenoticias.com.br\/wp-content\/uploads\/2025\/05\/EU_portal.jpg\",\"contentUrl\":\"https:\/\/jornalfatosenoticias.com.br\/wp-content\/uploads\/2025\/05\/EU_portal.jpg\",\"caption\":\"Luzimara Fernandes\"},\"description\":\"Jornalista MTB 2358-ES\",\"sameAs\":[\"https:\/\/jornalfatosenoticias.com.br\"],\"url\":\"https:\/\/jornalfatosenoticias.com.br\/index.php\/author\/luzimara\/\"}]}<\/script>\n<!-- \/ Yoast SEO plugin. -->","yoast_head_json":{"title":"Argentinos criam garrafa t\u00e9rmica solar que aquece a \u00e1gua - Jornal Fatos e Not\u00edcias","robots":{"index":"index","follow":"follow","max-snippet":"max-snippet:-1","max-image-preview":"max-image-preview:large","max-video-preview":"max-video-preview:-1"},"canonical":"https:\/\/jornalfatosenoticias.com.br\/index.php\/2022\/05\/17\/argentinos-criam-garrafa-termica-solar-que-aquece-a-agua\/","og_locale":"pt_BR","og_type":"article","og_title":"Argentinos criam garrafa t\u00e9rmica solar que aquece a \u00e1gua - Jornal Fatos e Not\u00edcias","og_description":"A Solarmate \u00e9 f\u00e1cil de carregar e esquenta a \u00e1gua em 30 minutos O consumo de mate \u00e9 muito comum na Argentina. No calor ou no frio, \u00e9 muito comum ver as pessoas com a sua garrafa t\u00e9rmica, erva, cuia e bomba \u201cmateando\u201d. Em alguns lugares do Brasil, o mate ou chimarr\u00e3o tamb\u00e9m \u00e9 parte [&hellip;]","og_url":"https:\/\/jornalfatosenoticias.com.br\/index.php\/2022\/05\/17\/argentinos-criam-garrafa-termica-solar-que-aquece-a-agua\/","og_site_name":"Jornal Fatos e Not\u00edcias","article_published_time":"2022-05-17T13:51:53+00:00","article_modified_time":"2022-05-17T13:51:59+00:00","og_image":[{"width":1000,"height":666,"url":"https:\/\/jornalfatosenoticias.com.br\/wp-content\/uploads\/2022\/05\/garrafa-termica-solar-1.jpeg","type":"image\/jpeg"}],"author":"Luzimara Fernandes","twitter_card":"summary_large_image","twitter_misc":{"Escrito por":"Luzimara Fernandes","Est. tempo de leitura":"2 minutos"},"schema":{"@context":"https:\/\/schema.org","@graph":[{"@type":"Article","@id":"https:\/\/jornalfatosenoticias.com.br\/index.php\/2022\/05\/17\/argentinos-criam-garrafa-termica-solar-que-aquece-a-agua\/#article","isPartOf":{"@id":"https:\/\/jornalfatosenoticias.com.br\/index.php\/2022\/05\/17\/argentinos-criam-garrafa-termica-solar-que-aquece-a-agua\/"},"author":{"name":"Luzimara Fernandes","@id":"https:\/\/jornalfatosenoticias.com.br\/#\/schema\/person\/d63837fa13ac8666eb9e74e0985d6f81"},"headline":"Argentinos criam garrafa t\u00e9rmica solar que aquece a \u00e1gua","datePublished":"2022-05-17T13:51:53+00:00","dateModified":"2022-05-17T13:51:59+00:00","mainEntityOfPage":{"@id":"https:\/\/jornalfatosenoticias.com.br\/index.php\/2022\/05\/17\/argentinos-criam-garrafa-termica-solar-que-aquece-a-agua\/"},"wordCount":325,"commentCount":0,"publisher":{"@id":"https:\/\/jornalfatosenoticias.com.br\/#organization"},"image":{"@id":"https:\/\/jornalfatosenoticias.com.br\/index.php\/2022\/05\/17\/argentinos-criam-garrafa-termica-solar-que-aquece-a-agua\/#primaryimage"},"thumbnailUrl":"https:\/\/jornalfatosenoticias.com.br\/wp-content\/uploads\/2022\/05\/garrafa-termica-solar-1.jpeg","keywords":["argentinos","calor","chimarr\u00e3o","frio","garrafa t\u00e9rmica solar","mate"],"articleSection":["Tecnologia &amp; Inova\u00e7\u00e3o"],"inLanguage":"pt-BR","potentialAction":[{"@type":"CommentAction","name":"Comment","target":["https:\/\/jornalfatosenoticias.com.br\/index.php\/2022\/05\/17\/argentinos-criam-garrafa-termica-solar-que-aquece-a-agua\/#respond"]}]},{"@type":"WebPage","@id":"https:\/\/jornalfatosenoticias.com.br\/index.php\/2022\/05\/17\/argentinos-criam-garrafa-termica-solar-que-aquece-a-agua\/","url":"https:\/\/jornalfatosenoticias.com.br\/index.php\/2022\/05\/17\/argentinos-criam-garrafa-termica-solar-que-aquece-a-agua\/","name":"Argentinos criam garrafa t\u00e9rmica solar que aquece a \u00e1gua - Jornal Fatos e Not\u00edcias","isPartOf":{"@id":"https:\/\/jornalfatosenoticias.com.br\/#website"},"primaryImageOfPage":{"@id":"https:\/\/jornalfatosenoticias.com.br\/index.php\/2022\/05\/17\/argentinos-criam-garrafa-termica-solar-que-aquece-a-agua\/#primaryimage"},"image":{"@id":"https:\/\/jornalfatosenoticias.com.br\/index.php\/2022\/05\/17\/argentinos-criam-garrafa-termica-solar-que-aquece-a-agua\/#primaryimage"},"thumbnailUrl":"https:\/\/jornalfatosenoticias.com.br\/wp-content\/uploads\/2022\/05\/garrafa-termica-solar-1.jpeg","datePublished":"2022-05-17T13:51:53+00:00","dateModified":"2022-05-17T13:51:59+00:00","breadcrumb":{"@id":"https:\/\/jornalfatosenoticias.com.br\/index.php\/2022\/05\/17\/argentinos-criam-garrafa-termica-solar-que-aquece-a-agua\/#breadcrumb"},"inLanguage":"pt-BR","potentialAction":[{"@type":"ReadAction","target":["https:\/\/jornalfatosenoticias.com.br\/index.php\/2022\/05\/17\/argentinos-criam-garrafa-termica-solar-que-aquece-a-agua\/"]}]},{"@type":"ImageObject","inLanguage":"pt-BR","@id":"https:\/\/jornalfatosenoticias.com.br\/index.php\/2022\/05\/17\/argentinos-criam-garrafa-termica-solar-que-aquece-a-agua\/#primaryimage","url":"https:\/\/jornalfatosenoticias.com.br\/wp-content\/uploads\/2022\/05\/garrafa-termica-solar-1.jpeg","contentUrl":"https:\/\/jornalfatosenoticias.com.br\/wp-content\/uploads\/2022\/05\/garrafa-termica-solar-1.jpeg","width":1000,"height":666},{"@type":"BreadcrumbList","@id":"https:\/\/jornalfatosenoticias.com.br\/index.php\/2022\/05\/17\/argentinos-criam-garrafa-termica-solar-que-aquece-a-agua\/#breadcrumb","itemListElement":[{"@type":"ListItem","position":1,"name":"In\u00edcio","item":"https:\/\/jornalfatosenoticias.com.br\/"},{"@type":"ListItem","position":2,"name":"Argentinos criam garrafa t\u00e9rmica solar que aquece a \u00e1gua"}]},{"@type":"WebSite","@id":"https:\/\/jornalfatosenoticias.com.br\/#website","url":"https:\/\/jornalfatosenoticias.com.br\/","name":"Jornal Fatos e Not\u00edcias","description":"Not\u00edcias em geral","publisher":{"@id":"https:\/\/jornalfatosenoticias.com.br\/#organization"},"potentialAction":[{"@type":"SearchAction","target":{"@type":"EntryPoint","urlTemplate":"https:\/\/jornalfatosenoticias.com.br\/?s={search_term_string}"},"query-input":{"@type":"PropertyValueSpecification","valueRequired":true,"valueName":"search_term_string"}}],"inLanguage":"pt-BR"},{"@type":"Organization","@id":"https:\/\/jornalfatosenoticias.com.br\/#organization","name":"Jornal Fatos e Not\u00edcias","url":"https:\/\/jornalfatosenoticias.com.br\/","logo":{"@type":"ImageObject","inLanguage":"pt-BR","@id":"https:\/\/jornalfatosenoticias.com.br\/#\/schema\/logo\/image\/","url":"https:\/\/jornalfatosenoticias.com.br\/wp-content\/uploads\/2020\/02\/logo120.png","contentUrl":"https:\/\/jornalfatosenoticias.com.br\/wp-content\/uploads\/2020\/02\/logo120.png","width":1227,"height":120,"caption":"Jornal Fatos e Not\u00edcias"},"image":{"@id":"https:\/\/jornalfatosenoticias.com.br\/#\/schema\/logo\/image\/"}},{"@type":"Person","@id":"https:\/\/jornalfatosenoticias.com.br\/#\/schema\/person\/d63837fa13ac8666eb9e74e0985d6f81","name":"Luzimara Fernandes","image":{"@type":"ImageObject","inLanguage":"pt-BR","@id":"https:\/\/jornalfatosenoticias.com.br\/#\/schema\/person\/image\/","url":"https:\/\/jornalfatosenoticias.com.br\/wp-content\/uploads\/2025\/05\/EU_portal.jpg","contentUrl":"https:\/\/jornalfatosenoticias.com.br\/wp-content\/uploads\/2025\/05\/EU_portal.jpg","caption":"Luzimara Fernandes"},"description":"Jornalista MTB 2358-ES","sameAs":["https:\/\/jornalfatosenoticias.com.br"],"url":"https:\/\/jornalfatosenoticias.com.br\/index.php\/author\/luzimara\/"}]}},"cc_featured_image_caption":{"caption_text":"(Foto: Solarmate) ","source_text":"","source_url":""},"jetpack_featured_media_url":"https:\/\/jornalfatosenoticias.com.br\/wp-content\/uploads\/2022\/05\/garrafa-termica-solar-1.jpeg","_links":{"self":[{"href":"https:\/\/jornalfatosenoticias.com.br\/index.php\/wp-json\/wp\/v2\/posts\/30462","targetHints":{"allow":["GET"]}}],"collection":[{"href":"https:\/\/jornalfatosenoticias.com.br\/index.php\/wp-json\/wp\/v2\/posts"}],"about":[{"href":"https:\/\/jornalfatosenoticias.com.br\/index.php\/wp-json\/wp\/v2\/types\/post"}],"author":[{"embeddable":true,"href":"https:\/\/jornalfatosenoticias.com.br\/index.php\/wp-json\/wp\/v2\/users\/2"}],"replies":[{"embeddable":true,"href":"https:\/\/jornalfatosenoticias.com.br\/index.php\/wp-json\/wp\/v2\/comments?post=30462"}],"version-history":[{"count":0,"href":"https:\/\/jornalfatosenoticias.com.br\/index.php\/wp-json\/wp\/v2\/posts\/30462\/revisions"}],"wp:featuredmedia":[{"embeddable":true,"href":"https:\/\/jornalfatosenoticias.com.br\/index.php\/wp-json\/wp\/v2\/media\/30464"}],"wp:attachment":[{"href":"https:\/\/jornalfatosenoticias.com.br\/index.php\/wp-json\/wp\/v2\/media?parent=30462"}],"wp:term":[{"taxonomy":"category","embeddable":true,"href":"https:\/\/jornalfatosenoticias.com.br\/index.php\/wp-json\/wp\/v2\/categories?post=30462"},{"taxonomy":"post_tag","embeddable":true,"href":"https:\/\/jornalfatosenoticias.com.br\/index.php\/wp-json\/wp\/v2\/tags?post=30462"}],"curies":[{"name":"wp","href":"https:\/\/api.w.org\/{rel}","templated":true}]}}