{"id":30554,"date":"2022-05-18T12:31:03","date_gmt":"2022-05-18T15:31:03","guid":{"rendered":"https:\/\/jornalfatosenoticias.com.br\/?p=30554"},"modified":"2022-05-18T12:31:06","modified_gmt":"2022-05-18T15:31:06","slug":"estudante-brasileira-cria-plastico-usando-casca-de-laranja","status":"publish","type":"post","link":"https:\/\/jornalfatosenoticias.com.br\/index.php\/2022\/05\/18\/estudante-brasileira-cria-plastico-usando-casca-de-laranja\/","title":{"rendered":"Estudante brasileira cria pl\u00e1stico usando casca de laranja"},"content":{"rendered":"\n<p><em><span class=\"has-inline-color has-black-color\">Jovem cientista agora quer levar projeto para competi\u00e7\u00e3o internacional de ci\u00eancia!<\/span><\/em><\/p>\n\n\n\n<div class=\"wp-block-image\"><figure class=\"aligncenter size-large is-resized\"><img loading=\"lazy\" decoding=\"async\" src=\"https:\/\/jornalfatosenoticias.com.br\/wp-content\/uploads\/2020\/02\/Logo_Mizu.png\" alt=\"\" class=\"wp-image-1441\" width=\"446\" height=\"55\" srcset=\"https:\/\/jornalfatosenoticias.com.br\/wp-content\/uploads\/2020\/02\/Logo_Mizu.png 729w, https:\/\/jornalfatosenoticias.com.br\/wp-content\/uploads\/2020\/02\/Logo_Mizu-300x37.png 300w\" sizes=\"auto, (max-width: 446px) 100vw, 446px\" \/><\/figure><\/div>\n\n\n\n<p>Em 2019, um trio de estudantes do ensino m\u00e9dio, no Distrito Federal, desenvolveu um pl\u00e1stico biodegrad\u00e1vel a partir de cascas de laranja. O projeto, que visa ser uma alternativa ao pl\u00e1stico convencional, agora \u00e9 tocado apenas por uma das criadoras, Kazue Nishi, de 20 anos, que est\u00e1 buscando apoio para representar o Brasil em uma competi\u00e7\u00e3o internacional de ci\u00eancia.<br>O pl\u00e1stico de casca de laranja foi criado no \u00e2mbito de inicia\u00e7\u00e3o cient\u00edfica do Centro de Ensino M\u00e9dio 02 do Gama. O objetivo era buscar uma solu\u00e7\u00e3o ecol\u00f3gica e economicamente atraente para dois grandes poluentes do meio ambiente: os rejeitos da ind\u00fastria da laranja e o pl\u00e1stico derivado do petr\u00f3leo. Enquanto a polui\u00e7\u00e3o pl\u00e1stica pode <a href=\"https:\/\/ciclovivo.com.br\/planeta\/meio-ambiente\/poluicao-por-plasticos-deve-duplicar-ate-2030\/\" target=\"_blank\" rel=\"noreferrer noopener\">duplicar at\u00e9 2030<\/a>, sendo hoje um dos principais poluidores do meio ambiente, a casca da laranja, por sua vez, cont\u00e9m altos \u00edndices de mat\u00e9ria org\u00e2nica, tornando-a um agente altamente poluidor quando descartada de maneira indevida.<\/p>\n\n\n\n<div class=\"wp-block-image\"><figure class=\"aligncenter size-large is-resized\"><img loading=\"lazy\" decoding=\"async\" src=\"https:\/\/jornalfatosenoticias.com.br\/wp-content\/uploads\/2022\/02\/Arte-Autoescola-Galatas_endereco_portal-1024x103.png\" alt=\"\" class=\"wp-image-27869\" width=\"508\" height=\"51\" srcset=\"https:\/\/jornalfatosenoticias.com.br\/wp-content\/uploads\/2022\/02\/Arte-Autoescola-Galatas_endereco_portal-1024x103.png 1024w, https:\/\/jornalfatosenoticias.com.br\/wp-content\/uploads\/2022\/02\/Arte-Autoescola-Galatas_endereco_portal-300x30.png 300w, https:\/\/jornalfatosenoticias.com.br\/wp-content\/uploads\/2022\/02\/Arte-Autoescola-Galatas_endereco_portal-768x77.png 768w, https:\/\/jornalfatosenoticias.com.br\/wp-content\/uploads\/2022\/02\/Arte-Autoescola-Galatas_endereco_portal.png 1223w\" sizes=\"auto, (max-width: 508px) 100vw, 508px\" \/><\/figure><\/div>\n\n\n\n<p><strong><span class=\"has-inline-color has-vivid-purple-color\">Pl\u00e1stico de cascas de laranja<br><\/span><\/strong>A alternativa ao pl\u00e1stico convencional \u00e9 um material flex\u00edvel e transparente. Os estudantes explicam como funciona o processo para a produ\u00e7\u00e3o do pl\u00e1stico biodegrad\u00e1vel. A t\u00e9cnica \u00e9 dividida em duas etapas: pr\u00e9-tratamento e prepara\u00e7\u00e3o da solu\u00e7\u00e3o. Na primeira, as cascas s\u00e3o lavadas por tr\u00eas dias para serem retirados os a\u00e7\u00facares sol\u00faveis e ap\u00f3s isso s\u00e3o secas e trituradas at\u00e9 virarem p\u00f3.<br>Para a prepara\u00e7\u00e3o da solu\u00e7\u00e3o, s\u00e3o misturados \u00e1gua deionizada, \u00e1cido c\u00edtrico e glicerina, junto com o \u201cp\u00f3 de casca de laranja\u201d. Essa solu\u00e7\u00e3o \u00e9 colocada em banho-maria por uma hora a 70\u00b0C sob agita\u00e7\u00e3o constante. Feito isso, a solu\u00e7\u00e3o obtida \u00e9 distribu\u00edda em Placas de Petri para secar por quatro a sete dias, em uma estufa improvisada feita de madeira e alimentada por energia solar.<\/p>\n\n\n\n<div class=\"wp-block-image\"><figure class=\"alignleft size-large is-resized\"><img loading=\"lazy\" decoding=\"async\" src=\"https:\/\/jornalfatosenoticias.com.br\/wp-content\/uploads\/2022\/02\/Precisao-Contabilidade-1024x724.jpg\" alt=\"\" class=\"wp-image-28088\" width=\"321\" height=\"226\"\/><\/figure><\/div>\n\n\n\n<p>O procedimento permitiu ao grupo obter membranas transl\u00facidas, com um bom aspecto visual e baixo custo de produ\u00e7\u00e3o. Entretanto, suas propriedades mec\u00e2nicas ainda devem ser melhoradas. Est\u00e3o sendo testadas novas metodologias, acrescentando aditivos, a fim de se obter um material mais resistente e model\u00e1vel, que possa ser utilizado para a fabrica\u00e7\u00e3o de diversos produtos substituindo com efici\u00eancia o pl\u00e1stico derivado do petr\u00f3leo.<\/p>\n\n\n\n<figure class=\"wp-block-image size-large\"><img loading=\"lazy\" decoding=\"async\" width=\"1000\" height=\"575\" src=\"https:\/\/jornalfatosenoticias.com.br\/wp-content\/uploads\/2022\/05\/Plastico-cascas-de-laranja.jpg\" alt=\"\" class=\"wp-image-30555\" srcset=\"https:\/\/jornalfatosenoticias.com.br\/wp-content\/uploads\/2022\/05\/Plastico-cascas-de-laranja.jpg 1000w, https:\/\/jornalfatosenoticias.com.br\/wp-content\/uploads\/2022\/05\/Plastico-cascas-de-laranja-300x173.jpg 300w, https:\/\/jornalfatosenoticias.com.br\/wp-content\/uploads\/2022\/05\/Plastico-cascas-de-laranja-768x442.jpg 768w\" sizes=\"auto, (max-width: 1000px) 100vw, 1000px\" \/><figcaption><em><span class=\"has-inline-color has-black-color\">(Foto: Foto \u00e0 esquerda Okeykat\/Unsplash\/Foto \u00e0 direita Alex Arag\u00e3o\/Divulga\u00e7\u00e3o)<\/span><\/em><\/figcaption><\/figure>\n\n\n\n<div class=\"wp-block-image\"><figure class=\"alignright size-large is-resized\"><img loading=\"lazy\" decoding=\"async\" src=\"https:\/\/jornalfatosenoticias.com.br\/wp-content\/uploads\/2020\/02\/nova-logo-Marquetti.jpg\" alt=\"\" class=\"wp-image-22331\" width=\"305\" height=\"205\" srcset=\"https:\/\/jornalfatosenoticias.com.br\/wp-content\/uploads\/2020\/02\/nova-logo-Marquetti.jpg 643w, https:\/\/jornalfatosenoticias.com.br\/wp-content\/uploads\/2020\/02\/nova-logo-Marquetti-300x202.jpg 300w\" sizes=\"auto, (max-width: 305px) 100vw, 305px\" \/><\/figure><\/div>\n\n\n\n<p><strong><span class=\"has-inline-color has-vivid-purple-color\">Reconhecimento<br><\/span><\/strong>Em 2019, o pl\u00e1stico de cascas de laranja conquistou o terceiro lugar na modalidade Ci\u00eancias Exatas da Terra na Feira Brasiliense de Tecnologia e Ci\u00eancia. Em 2020, o projeto recebeu credencial para participar da <em>World Invention Competition and Exhibition (WICE)<\/em>, na Mal\u00e1sia. O evento ocorreu on-line por conta da pandemia e a inova\u00e7\u00e3o foi contemplada com a segunda coloca\u00e7\u00e3o.<br>Entre os dias 27 de julho e 10 de agosto, acontece em Londres, na Inglaterra, o <em>London International Youth Science Forum.<\/em> Ser\u00e1 mais uma oportunidade para a jovem cientista representar o Brasil em uma competi\u00e7\u00e3o internacional de ci\u00eancia.<\/p>\n\n\n\n<div class=\"wp-block-image\"><figure class=\"aligncenter size-large is-resized\"><img loading=\"lazy\" decoding=\"async\" src=\"https:\/\/jornalfatosenoticias.com.br\/wp-content\/uploads\/2020\/02\/banner_ferramentas-1024x100.jpg\" alt=\"\" class=\"wp-image-1258\" width=\"458\" height=\"44\" srcset=\"https:\/\/jornalfatosenoticias.com.br\/wp-content\/uploads\/2020\/02\/banner_ferramentas-1024x100.jpg 1024w, https:\/\/jornalfatosenoticias.com.br\/wp-content\/uploads\/2020\/02\/banner_ferramentas-300x29.jpg 300w, https:\/\/jornalfatosenoticias.com.br\/wp-content\/uploads\/2020\/02\/banner_ferramentas-768x75.jpg 768w, https:\/\/jornalfatosenoticias.com.br\/wp-content\/uploads\/2020\/02\/banner_ferramentas.jpg 1227w\" sizes=\"auto, (max-width: 458px) 100vw, 458px\" \/><\/figure><\/div>\n\n\n\n<blockquote class=\"wp-block-quote is-layout-flow wp-block-quote-is-layout-flow\"><p><span class=\"has-inline-color has-luminous-vivid-orange-color\">\u201c\u00c9 um evento que acontece anualmente em Londres na Imperial College of London e re\u00fane v\u00e1rios jovens cientistas de todo o mundo para palestras, debates, visitas a universidades tipo Cambridge e Oxford, museus de ci\u00eancias, visitas a laborat\u00f3rios, apresenta\u00e7\u00e3o de projetos e, claro, interc\u00e2mbio cultural\u201d, explica a cientista. <\/span><\/p><\/blockquote>\n\n\n\n<div class=\"wp-block-image\"><figure class=\"aligncenter size-large is-resized\"><img loading=\"lazy\" decoding=\"async\" src=\"https:\/\/jornalfatosenoticias.com.br\/wp-content\/uploads\/2020\/02\/Serra-Grande-1024x160.png\" alt=\"\" class=\"wp-image-7836\" width=\"398\" height=\"62\"\/><\/figure><\/div>\n\n\n\n<p>Mas, para participar, h\u00e1 muitos custos envolvidos e, por isso, Kazue Nishi criou uma vaquinha virtual para arrecadar os R$20 mil necess\u00e1rios. A metade do valor j\u00e1 foi alcan\u00e7ado e quem quiser contribuir pode faz\u00ea-lo por\u00a0<a href=\"https:\/\/www.vakinha.com.br\/vaquinha\/me-ajude-a-representar-o-brasil-em-londres\" target=\"_blank\" rel=\"noreferrer noopener\">este site<\/a>.\u00a0<\/p>\n\n\n\n<div class=\"wp-block-image\"><figure class=\"aligncenter size-large\"><img decoding=\"async\" src=\"https:\/\/jornalfatosenoticias.com.br\/wp-content\/uploads\/2020\/02\/logo_esteio.jpg\" alt=\"\" class=\"wp-image-1214\"\/><\/figure><\/div>\n\n\n\n<p><strong><em>Fonte: <a href=\"https:\/\/ciclovivo.com.br\/inovacao\/inspiracao\/estudante-brasileira-cria-plastico-usando-casca-de-laranja\/\">CicloVivo<\/a><\/em><\/strong><\/p>\n","protected":false},"excerpt":{"rendered":"<p>Jovem cientista agora quer levar projeto para competi\u00e7\u00e3o internacional de ci\u00eancia! Em 2019, um trio de estudantes do ensino m\u00e9dio, no Distrito Federal, desenvolveu um pl\u00e1stico biodegrad\u00e1vel a partir de cascas de laranja. O projeto, que visa ser uma alternativa ao pl\u00e1stico convencional, agora \u00e9 tocado apenas por uma das criadoras, Kazue Nishi, de 20 [&hellip;]<\/p>\n","protected":false},"author":2,"featured_media":30555,"comment_status":"open","ping_status":"open","sticky":false,"template":"","format":"standard","meta":{"footnotes":""},"categories":[7,3],"tags":[14513,14514,14512,6385],"class_list":["post-30554","post","type-post","status-publish","format-standard","has-post-thumbnail","hentry","category-educacao","category-tecnologia","tag-casca-de-laranja","tag-kazue-nishi","tag-plastico-de-casca-de-laranja","tag-plastico-reciclado"],"yoast_head":"<!-- This site is optimized with the Yoast SEO plugin v26.5 - https:\/\/yoast.com\/wordpress\/plugins\/seo\/ -->\n<title>Estudante brasileira cria pl\u00e1stico usando casca de laranja - Jornal Fatos e Not\u00edcias<\/title>\n<meta name=\"robots\" content=\"index, follow, max-snippet:-1, max-image-preview:large, max-video-preview:-1\" \/>\n<link rel=\"canonical\" href=\"https:\/\/jornalfatosenoticias.com.br\/index.php\/2022\/05\/18\/estudante-brasileira-cria-plastico-usando-casca-de-laranja\/\" \/>\n<meta property=\"og:locale\" content=\"pt_BR\" \/>\n<meta property=\"og:type\" content=\"article\" \/>\n<meta property=\"og:title\" content=\"Estudante brasileira cria pl\u00e1stico usando casca de laranja - Jornal Fatos e Not\u00edcias\" \/>\n<meta property=\"og:description\" content=\"Jovem cientista agora quer levar projeto para competi\u00e7\u00e3o internacional de ci\u00eancia! Em 2019, um trio de estudantes do ensino m\u00e9dio, no Distrito Federal, desenvolveu um pl\u00e1stico biodegrad\u00e1vel a partir de cascas de laranja. O projeto, que visa ser uma alternativa ao pl\u00e1stico convencional, agora \u00e9 tocado apenas por uma das criadoras, Kazue Nishi, de 20 [&hellip;]\" \/>\n<meta property=\"og:url\" content=\"https:\/\/jornalfatosenoticias.com.br\/index.php\/2022\/05\/18\/estudante-brasileira-cria-plastico-usando-casca-de-laranja\/\" \/>\n<meta property=\"og:site_name\" content=\"Jornal Fatos e Not\u00edcias\" \/>\n<meta property=\"article:published_time\" content=\"2022-05-18T15:31:03+00:00\" \/>\n<meta property=\"article:modified_time\" content=\"2022-05-18T15:31:06+00:00\" \/>\n<meta property=\"og:image\" content=\"https:\/\/jornalfatosenoticias.com.br\/wp-content\/uploads\/2022\/05\/Plastico-cascas-de-laranja.jpg\" \/>\n\t<meta property=\"og:image:width\" content=\"1000\" \/>\n\t<meta property=\"og:image:height\" content=\"575\" \/>\n\t<meta property=\"og:image:type\" content=\"image\/jpeg\" \/>\n<meta name=\"author\" content=\"Luzimara Fernandes\" \/>\n<meta name=\"twitter:card\" content=\"summary_large_image\" \/>\n<meta name=\"twitter:label1\" content=\"Escrito por\" \/>\n\t<meta name=\"twitter:data1\" content=\"Luzimara Fernandes\" \/>\n\t<meta name=\"twitter:label2\" content=\"Est. tempo de leitura\" \/>\n\t<meta name=\"twitter:data2\" content=\"3 minutos\" \/>\n<script type=\"application\/ld+json\" class=\"yoast-schema-graph\">{\"@context\":\"https:\/\/schema.org\",\"@graph\":[{\"@type\":\"Article\",\"@id\":\"https:\/\/jornalfatosenoticias.com.br\/index.php\/2022\/05\/18\/estudante-brasileira-cria-plastico-usando-casca-de-laranja\/#article\",\"isPartOf\":{\"@id\":\"https:\/\/jornalfatosenoticias.com.br\/index.php\/2022\/05\/18\/estudante-brasileira-cria-plastico-usando-casca-de-laranja\/\"},\"author\":{\"name\":\"Luzimara Fernandes\",\"@id\":\"https:\/\/jornalfatosenoticias.com.br\/#\/schema\/person\/d63837fa13ac8666eb9e74e0985d6f81\"},\"headline\":\"Estudante brasileira cria pl\u00e1stico usando casca de laranja\",\"datePublished\":\"2022-05-18T15:31:03+00:00\",\"dateModified\":\"2022-05-18T15:31:06+00:00\",\"mainEntityOfPage\":{\"@id\":\"https:\/\/jornalfatosenoticias.com.br\/index.php\/2022\/05\/18\/estudante-brasileira-cria-plastico-usando-casca-de-laranja\/\"},\"wordCount\":618,\"commentCount\":0,\"publisher\":{\"@id\":\"https:\/\/jornalfatosenoticias.com.br\/#organization\"},\"image\":{\"@id\":\"https:\/\/jornalfatosenoticias.com.br\/index.php\/2022\/05\/18\/estudante-brasileira-cria-plastico-usando-casca-de-laranja\/#primaryimage\"},\"thumbnailUrl\":\"https:\/\/jornalfatosenoticias.com.br\/wp-content\/uploads\/2022\/05\/Plastico-cascas-de-laranja.jpg\",\"keywords\":[\"casca de laranja\",\"Kazue Nishi\",\"pl\u00e1stico de casca de laranja\",\"pl\u00e1stico reciclado\"],\"articleSection\":[\"Educa\u00e7\u00e3o\",\"Tecnologia &amp; Inova\u00e7\u00e3o\"],\"inLanguage\":\"pt-BR\",\"potentialAction\":[{\"@type\":\"CommentAction\",\"name\":\"Comment\",\"target\":[\"https:\/\/jornalfatosenoticias.com.br\/index.php\/2022\/05\/18\/estudante-brasileira-cria-plastico-usando-casca-de-laranja\/#respond\"]}]},{\"@type\":\"WebPage\",\"@id\":\"https:\/\/jornalfatosenoticias.com.br\/index.php\/2022\/05\/18\/estudante-brasileira-cria-plastico-usando-casca-de-laranja\/\",\"url\":\"https:\/\/jornalfatosenoticias.com.br\/index.php\/2022\/05\/18\/estudante-brasileira-cria-plastico-usando-casca-de-laranja\/\",\"name\":\"Estudante brasileira cria pl\u00e1stico usando casca de laranja - Jornal Fatos e Not\u00edcias\",\"isPartOf\":{\"@id\":\"https:\/\/jornalfatosenoticias.com.br\/#website\"},\"primaryImageOfPage\":{\"@id\":\"https:\/\/jornalfatosenoticias.com.br\/index.php\/2022\/05\/18\/estudante-brasileira-cria-plastico-usando-casca-de-laranja\/#primaryimage\"},\"image\":{\"@id\":\"https:\/\/jornalfatosenoticias.com.br\/index.php\/2022\/05\/18\/estudante-brasileira-cria-plastico-usando-casca-de-laranja\/#primaryimage\"},\"thumbnailUrl\":\"https:\/\/jornalfatosenoticias.com.br\/wp-content\/uploads\/2022\/05\/Plastico-cascas-de-laranja.jpg\",\"datePublished\":\"2022-05-18T15:31:03+00:00\",\"dateModified\":\"2022-05-18T15:31:06+00:00\",\"breadcrumb\":{\"@id\":\"https:\/\/jornalfatosenoticias.com.br\/index.php\/2022\/05\/18\/estudante-brasileira-cria-plastico-usando-casca-de-laranja\/#breadcrumb\"},\"inLanguage\":\"pt-BR\",\"potentialAction\":[{\"@type\":\"ReadAction\",\"target\":[\"https:\/\/jornalfatosenoticias.com.br\/index.php\/2022\/05\/18\/estudante-brasileira-cria-plastico-usando-casca-de-laranja\/\"]}]},{\"@type\":\"ImageObject\",\"inLanguage\":\"pt-BR\",\"@id\":\"https:\/\/jornalfatosenoticias.com.br\/index.php\/2022\/05\/18\/estudante-brasileira-cria-plastico-usando-casca-de-laranja\/#primaryimage\",\"url\":\"https:\/\/jornalfatosenoticias.com.br\/wp-content\/uploads\/2022\/05\/Plastico-cascas-de-laranja.jpg\",\"contentUrl\":\"https:\/\/jornalfatosenoticias.com.br\/wp-content\/uploads\/2022\/05\/Plastico-cascas-de-laranja.jpg\",\"width\":1000,\"height\":575},{\"@type\":\"BreadcrumbList\",\"@id\":\"https:\/\/jornalfatosenoticias.com.br\/index.php\/2022\/05\/18\/estudante-brasileira-cria-plastico-usando-casca-de-laranja\/#breadcrumb\",\"itemListElement\":[{\"@type\":\"ListItem\",\"position\":1,\"name\":\"In\u00edcio\",\"item\":\"https:\/\/jornalfatosenoticias.com.br\/\"},{\"@type\":\"ListItem\",\"position\":2,\"name\":\"Estudante brasileira cria pl\u00e1stico usando casca de laranja\"}]},{\"@type\":\"WebSite\",\"@id\":\"https:\/\/jornalfatosenoticias.com.br\/#website\",\"url\":\"https:\/\/jornalfatosenoticias.com.br\/\",\"name\":\"Jornal Fatos e Not\u00edcias\",\"description\":\"Not\u00edcias em geral\",\"publisher\":{\"@id\":\"https:\/\/jornalfatosenoticias.com.br\/#organization\"},\"potentialAction\":[{\"@type\":\"SearchAction\",\"target\":{\"@type\":\"EntryPoint\",\"urlTemplate\":\"https:\/\/jornalfatosenoticias.com.br\/?s={search_term_string}\"},\"query-input\":{\"@type\":\"PropertyValueSpecification\",\"valueRequired\":true,\"valueName\":\"search_term_string\"}}],\"inLanguage\":\"pt-BR\"},{\"@type\":\"Organization\",\"@id\":\"https:\/\/jornalfatosenoticias.com.br\/#organization\",\"name\":\"Jornal Fatos e Not\u00edcias\",\"url\":\"https:\/\/jornalfatosenoticias.com.br\/\",\"logo\":{\"@type\":\"ImageObject\",\"inLanguage\":\"pt-BR\",\"@id\":\"https:\/\/jornalfatosenoticias.com.br\/#\/schema\/logo\/image\/\",\"url\":\"https:\/\/jornalfatosenoticias.com.br\/wp-content\/uploads\/2020\/02\/logo120.png\",\"contentUrl\":\"https:\/\/jornalfatosenoticias.com.br\/wp-content\/uploads\/2020\/02\/logo120.png\",\"width\":1227,\"height\":120,\"caption\":\"Jornal Fatos e Not\u00edcias\"},\"image\":{\"@id\":\"https:\/\/jornalfatosenoticias.com.br\/#\/schema\/logo\/image\/\"}},{\"@type\":\"Person\",\"@id\":\"https:\/\/jornalfatosenoticias.com.br\/#\/schema\/person\/d63837fa13ac8666eb9e74e0985d6f81\",\"name\":\"Luzimara Fernandes\",\"image\":{\"@type\":\"ImageObject\",\"inLanguage\":\"pt-BR\",\"@id\":\"https:\/\/jornalfatosenoticias.com.br\/#\/schema\/person\/image\/\",\"url\":\"https:\/\/jornalfatosenoticias.com.br\/wp-content\/uploads\/2025\/05\/EU_portal.jpg\",\"contentUrl\":\"https:\/\/jornalfatosenoticias.com.br\/wp-content\/uploads\/2025\/05\/EU_portal.jpg\",\"caption\":\"Luzimara Fernandes\"},\"description\":\"Jornalista MTB 2358-ES\",\"sameAs\":[\"https:\/\/jornalfatosenoticias.com.br\"],\"url\":\"https:\/\/jornalfatosenoticias.com.br\/index.php\/author\/luzimara\/\"}]}<\/script>\n<!-- \/ Yoast SEO plugin. -->","yoast_head_json":{"title":"Estudante brasileira cria pl\u00e1stico usando casca de laranja - Jornal Fatos e Not\u00edcias","robots":{"index":"index","follow":"follow","max-snippet":"max-snippet:-1","max-image-preview":"max-image-preview:large","max-video-preview":"max-video-preview:-1"},"canonical":"https:\/\/jornalfatosenoticias.com.br\/index.php\/2022\/05\/18\/estudante-brasileira-cria-plastico-usando-casca-de-laranja\/","og_locale":"pt_BR","og_type":"article","og_title":"Estudante brasileira cria pl\u00e1stico usando casca de laranja - Jornal Fatos e Not\u00edcias","og_description":"Jovem cientista agora quer levar projeto para competi\u00e7\u00e3o internacional de ci\u00eancia! Em 2019, um trio de estudantes do ensino m\u00e9dio, no Distrito Federal, desenvolveu um pl\u00e1stico biodegrad\u00e1vel a partir de cascas de laranja. O projeto, que visa ser uma alternativa ao pl\u00e1stico convencional, agora \u00e9 tocado apenas por uma das criadoras, Kazue Nishi, de 20 [&hellip;]","og_url":"https:\/\/jornalfatosenoticias.com.br\/index.php\/2022\/05\/18\/estudante-brasileira-cria-plastico-usando-casca-de-laranja\/","og_site_name":"Jornal Fatos e Not\u00edcias","article_published_time":"2022-05-18T15:31:03+00:00","article_modified_time":"2022-05-18T15:31:06+00:00","og_image":[{"width":1000,"height":575,"url":"https:\/\/jornalfatosenoticias.com.br\/wp-content\/uploads\/2022\/05\/Plastico-cascas-de-laranja.jpg","type":"image\/jpeg"}],"author":"Luzimara Fernandes","twitter_card":"summary_large_image","twitter_misc":{"Escrito por":"Luzimara Fernandes","Est. tempo de leitura":"3 minutos"},"schema":{"@context":"https:\/\/schema.org","@graph":[{"@type":"Article","@id":"https:\/\/jornalfatosenoticias.com.br\/index.php\/2022\/05\/18\/estudante-brasileira-cria-plastico-usando-casca-de-laranja\/#article","isPartOf":{"@id":"https:\/\/jornalfatosenoticias.com.br\/index.php\/2022\/05\/18\/estudante-brasileira-cria-plastico-usando-casca-de-laranja\/"},"author":{"name":"Luzimara Fernandes","@id":"https:\/\/jornalfatosenoticias.com.br\/#\/schema\/person\/d63837fa13ac8666eb9e74e0985d6f81"},"headline":"Estudante brasileira cria pl\u00e1stico usando casca de laranja","datePublished":"2022-05-18T15:31:03+00:00","dateModified":"2022-05-18T15:31:06+00:00","mainEntityOfPage":{"@id":"https:\/\/jornalfatosenoticias.com.br\/index.php\/2022\/05\/18\/estudante-brasileira-cria-plastico-usando-casca-de-laranja\/"},"wordCount":618,"commentCount":0,"publisher":{"@id":"https:\/\/jornalfatosenoticias.com.br\/#organization"},"image":{"@id":"https:\/\/jornalfatosenoticias.com.br\/index.php\/2022\/05\/18\/estudante-brasileira-cria-plastico-usando-casca-de-laranja\/#primaryimage"},"thumbnailUrl":"https:\/\/jornalfatosenoticias.com.br\/wp-content\/uploads\/2022\/05\/Plastico-cascas-de-laranja.jpg","keywords":["casca de laranja","Kazue Nishi","pl\u00e1stico de casca de laranja","pl\u00e1stico reciclado"],"articleSection":["Educa\u00e7\u00e3o","Tecnologia &amp; Inova\u00e7\u00e3o"],"inLanguage":"pt-BR","potentialAction":[{"@type":"CommentAction","name":"Comment","target":["https:\/\/jornalfatosenoticias.com.br\/index.php\/2022\/05\/18\/estudante-brasileira-cria-plastico-usando-casca-de-laranja\/#respond"]}]},{"@type":"WebPage","@id":"https:\/\/jornalfatosenoticias.com.br\/index.php\/2022\/05\/18\/estudante-brasileira-cria-plastico-usando-casca-de-laranja\/","url":"https:\/\/jornalfatosenoticias.com.br\/index.php\/2022\/05\/18\/estudante-brasileira-cria-plastico-usando-casca-de-laranja\/","name":"Estudante brasileira cria pl\u00e1stico usando casca de laranja - Jornal Fatos e Not\u00edcias","isPartOf":{"@id":"https:\/\/jornalfatosenoticias.com.br\/#website"},"primaryImageOfPage":{"@id":"https:\/\/jornalfatosenoticias.com.br\/index.php\/2022\/05\/18\/estudante-brasileira-cria-plastico-usando-casca-de-laranja\/#primaryimage"},"image":{"@id":"https:\/\/jornalfatosenoticias.com.br\/index.php\/2022\/05\/18\/estudante-brasileira-cria-plastico-usando-casca-de-laranja\/#primaryimage"},"thumbnailUrl":"https:\/\/jornalfatosenoticias.com.br\/wp-content\/uploads\/2022\/05\/Plastico-cascas-de-laranja.jpg","datePublished":"2022-05-18T15:31:03+00:00","dateModified":"2022-05-18T15:31:06+00:00","breadcrumb":{"@id":"https:\/\/jornalfatosenoticias.com.br\/index.php\/2022\/05\/18\/estudante-brasileira-cria-plastico-usando-casca-de-laranja\/#breadcrumb"},"inLanguage":"pt-BR","potentialAction":[{"@type":"ReadAction","target":["https:\/\/jornalfatosenoticias.com.br\/index.php\/2022\/05\/18\/estudante-brasileira-cria-plastico-usando-casca-de-laranja\/"]}]},{"@type":"ImageObject","inLanguage":"pt-BR","@id":"https:\/\/jornalfatosenoticias.com.br\/index.php\/2022\/05\/18\/estudante-brasileira-cria-plastico-usando-casca-de-laranja\/#primaryimage","url":"https:\/\/jornalfatosenoticias.com.br\/wp-content\/uploads\/2022\/05\/Plastico-cascas-de-laranja.jpg","contentUrl":"https:\/\/jornalfatosenoticias.com.br\/wp-content\/uploads\/2022\/05\/Plastico-cascas-de-laranja.jpg","width":1000,"height":575},{"@type":"BreadcrumbList","@id":"https:\/\/jornalfatosenoticias.com.br\/index.php\/2022\/05\/18\/estudante-brasileira-cria-plastico-usando-casca-de-laranja\/#breadcrumb","itemListElement":[{"@type":"ListItem","position":1,"name":"In\u00edcio","item":"https:\/\/jornalfatosenoticias.com.br\/"},{"@type":"ListItem","position":2,"name":"Estudante brasileira cria pl\u00e1stico usando casca de laranja"}]},{"@type":"WebSite","@id":"https:\/\/jornalfatosenoticias.com.br\/#website","url":"https:\/\/jornalfatosenoticias.com.br\/","name":"Jornal Fatos e Not\u00edcias","description":"Not\u00edcias em geral","publisher":{"@id":"https:\/\/jornalfatosenoticias.com.br\/#organization"},"potentialAction":[{"@type":"SearchAction","target":{"@type":"EntryPoint","urlTemplate":"https:\/\/jornalfatosenoticias.com.br\/?s={search_term_string}"},"query-input":{"@type":"PropertyValueSpecification","valueRequired":true,"valueName":"search_term_string"}}],"inLanguage":"pt-BR"},{"@type":"Organization","@id":"https:\/\/jornalfatosenoticias.com.br\/#organization","name":"Jornal Fatos e Not\u00edcias","url":"https:\/\/jornalfatosenoticias.com.br\/","logo":{"@type":"ImageObject","inLanguage":"pt-BR","@id":"https:\/\/jornalfatosenoticias.com.br\/#\/schema\/logo\/image\/","url":"https:\/\/jornalfatosenoticias.com.br\/wp-content\/uploads\/2020\/02\/logo120.png","contentUrl":"https:\/\/jornalfatosenoticias.com.br\/wp-content\/uploads\/2020\/02\/logo120.png","width":1227,"height":120,"caption":"Jornal Fatos e Not\u00edcias"},"image":{"@id":"https:\/\/jornalfatosenoticias.com.br\/#\/schema\/logo\/image\/"}},{"@type":"Person","@id":"https:\/\/jornalfatosenoticias.com.br\/#\/schema\/person\/d63837fa13ac8666eb9e74e0985d6f81","name":"Luzimara Fernandes","image":{"@type":"ImageObject","inLanguage":"pt-BR","@id":"https:\/\/jornalfatosenoticias.com.br\/#\/schema\/person\/image\/","url":"https:\/\/jornalfatosenoticias.com.br\/wp-content\/uploads\/2025\/05\/EU_portal.jpg","contentUrl":"https:\/\/jornalfatosenoticias.com.br\/wp-content\/uploads\/2025\/05\/EU_portal.jpg","caption":"Luzimara Fernandes"},"description":"Jornalista MTB 2358-ES","sameAs":["https:\/\/jornalfatosenoticias.com.br"],"url":"https:\/\/jornalfatosenoticias.com.br\/index.php\/author\/luzimara\/"}]}},"cc_featured_image_caption":{"caption_text":"","source_text":"","source_url":""},"jetpack_featured_media_url":"https:\/\/jornalfatosenoticias.com.br\/wp-content\/uploads\/2022\/05\/Plastico-cascas-de-laranja.jpg","_links":{"self":[{"href":"https:\/\/jornalfatosenoticias.com.br\/index.php\/wp-json\/wp\/v2\/posts\/30554","targetHints":{"allow":["GET"]}}],"collection":[{"href":"https:\/\/jornalfatosenoticias.com.br\/index.php\/wp-json\/wp\/v2\/posts"}],"about":[{"href":"https:\/\/jornalfatosenoticias.com.br\/index.php\/wp-json\/wp\/v2\/types\/post"}],"author":[{"embeddable":true,"href":"https:\/\/jornalfatosenoticias.com.br\/index.php\/wp-json\/wp\/v2\/users\/2"}],"replies":[{"embeddable":true,"href":"https:\/\/jornalfatosenoticias.com.br\/index.php\/wp-json\/wp\/v2\/comments?post=30554"}],"version-history":[{"count":0,"href":"https:\/\/jornalfatosenoticias.com.br\/index.php\/wp-json\/wp\/v2\/posts\/30554\/revisions"}],"wp:featuredmedia":[{"embeddable":true,"href":"https:\/\/jornalfatosenoticias.com.br\/index.php\/wp-json\/wp\/v2\/media\/30555"}],"wp:attachment":[{"href":"https:\/\/jornalfatosenoticias.com.br\/index.php\/wp-json\/wp\/v2\/media?parent=30554"}],"wp:term":[{"taxonomy":"category","embeddable":true,"href":"https:\/\/jornalfatosenoticias.com.br\/index.php\/wp-json\/wp\/v2\/categories?post=30554"},{"taxonomy":"post_tag","embeddable":true,"href":"https:\/\/jornalfatosenoticias.com.br\/index.php\/wp-json\/wp\/v2\/tags?post=30554"}],"curies":[{"name":"wp","href":"https:\/\/api.w.org\/{rel}","templated":true}]}}