{"id":30576,"date":"2022-05-19T11:58:26","date_gmt":"2022-05-19T14:58:26","guid":{"rendered":"https:\/\/jornalfatosenoticias.com.br\/?p=30576"},"modified":"2022-05-19T11:59:04","modified_gmt":"2022-05-19T14:59:04","slug":"recem-descobertas-especies-de-peixes-amazonicos-ja-enfrentam-extincao-iminente","status":"publish","type":"post","link":"https:\/\/jornalfatosenoticias.com.br\/index.php\/2022\/05\/19\/recem-descobertas-especies-de-peixes-amazonicos-ja-enfrentam-extincao-iminente\/","title":{"rendered":"Rec\u00e9m-descobertas, esp\u00e9cies de peixes amaz\u00f4nicos j\u00e1 enfrentam &#8220;extin\u00e7\u00e3o iminente&#8221;"},"content":{"rendered":"\n<p><em><span class=\"has-inline-color has-black-color\">Esp\u00e9cies habitam \u00e1guas localizadas na Floresta Amaz\u00f4nica. Para pesquisador, perder qualquer uma delas seria como &#8220;perder obras-primas de valor inestim\u00e1vel&#8221;<\/span><\/em><\/p>\n\n\n\n<div class=\"wp-block-image\"><figure class=\"aligncenter size-large is-resized\"><img loading=\"lazy\" decoding=\"async\" src=\"https:\/\/jornalfatosenoticias.com.br\/wp-content\/uploads\/2022\/02\/Banner-1-1024x101.png\" alt=\"\" class=\"wp-image-27923\" width=\"356\" height=\"35\"\/><\/figure><\/div>\n\n\n\n<p>Duas esp\u00e9cies de peixes amaz\u00f4nicos que acabam de ser descobertas <strong>j\u00e1 est\u00e3o amea\u00e7adas de extin\u00e7\u00e3o devido ao desmatamento.\u00a0<\/strong>Em um novo estudo, cientistas descreveram os peixes, que habitam \u00e1guas localizadas na\u00a0<a href=\"https:\/\/umsoplaneta.globo.com\/biodiversidade\/noticia\/2021\/07\/26\/floresta-amazonica-caracteristicas-onde-fica-animais-e-vegetacao-tipica.ghtml\"><strong>Floresta Amaz\u00f4nica<\/strong><\/a>\u00a0a cerca de 40 quil\u00f4metros ao norte da cidade de Apu\u00ed, no Amazonas. No entanto, o\u00a0<a href=\"https:\/\/umsoplaneta.globo.com\/biodiversidade\/noticia\/2021\/07\/15\/desmatamento-na-amazonia-as-causas-e-os-impactos-para-o-planeta.ghtml\"><strong>desmatamento cont\u00ednuo na regi\u00e3o<\/strong><\/a> significa que esses peixes rec\u00e9m-descobertos j\u00e1 est\u00e3o em &#8220;perigo iminente de extin\u00e7\u00e3o&#8221;.<br>Os pesquisadores, baseados no Brasil e nos Estados Unidos, detalharam suas novas descobertas em um artigo publicado na segunda-feira (16), no <strong><a href=\"http:\/\/dx.doi.org\/10.1093\/zoolinnean\/zlac026\" target=\"_blank\" rel=\"noreferrer noopener\">Zoological Journal of the Linnean Society<\/a>.<\/strong> <\/p>\n\n\n\n<div class=\"wp-block-image\"><figure class=\"aligncenter size-large is-resized\"><img loading=\"lazy\" decoding=\"async\" src=\"https:\/\/jornalfatosenoticias.com.br\/wp-content\/uploads\/2020\/02\/nova-logo-Marquetti.jpg\" alt=\"\" class=\"wp-image-22331\" width=\"283\" height=\"190\" srcset=\"https:\/\/jornalfatosenoticias.com.br\/wp-content\/uploads\/2020\/02\/nova-logo-Marquetti.jpg 643w, https:\/\/jornalfatosenoticias.com.br\/wp-content\/uploads\/2020\/02\/nova-logo-Marquetti-300x202.jpg 300w\" sizes=\"auto, (max-width: 283px) 100vw, 283px\" \/><\/figure><\/div>\n\n\n\n<blockquote class=\"wp-block-quote is-layout-flow wp-block-quote-is-layout-flow\"><p><span class=\"has-inline-color has-luminous-vivid-orange-color\">&#8220;Foi emocionante encontrar novas esp\u00e9cies&#8221;, <strong><a href=\"https:\/\/www.dailymail.co.uk\/sciencetech\/article-10821537\/Two-newly-discovered-species-Amazonian-fish-facing-extinction.html\" target=\"_blank\" rel=\"noreferrer noopener\">disse ao Daily Mail<\/a><\/strong> um dos autores do estudo, Murilo Pastana, pesquisador do Museu Nacional de Hist\u00f3ria Natural do Smithsonian em Washington, D.C., capital norte-americana. &#8220;Mas, no campo, vimos a floresta pegando fogo, caminh\u00f5es madeireiros carregando \u00e1rvores enormes e trechos desmatados transformados em pastagem de gado. Isso nos fez sentir muita urg\u00eancia para documentar essas esp\u00e9cies e publicar este artigo o mais r\u00e1pido poss\u00edvel&#8221;, garantiu ele.<\/span><\/p><\/blockquote>\n\n\n\n<div class=\"wp-block-image\"><figure class=\"alignleft size-large is-resized\"><img loading=\"lazy\" decoding=\"async\" src=\"https:\/\/jornalfatosenoticias.com.br\/wp-content\/uploads\/2022\/02\/Precisao-Contabilidade-1024x724.jpg\" alt=\"\" class=\"wp-image-28088\" width=\"290\" height=\"204\"\/><\/figure><\/div>\n\n\n\n<p>Os peixes fazem parte de um grupo chamado <em>Crenuchidae,<\/em> conhecidos por seus movimentos r\u00e1pidos. O estudo confirmou a liga\u00e7\u00e3o entre essas duas novas esp\u00e9cies intimamente relacionadas e seus parentes, elevando o n\u00famero total de esp\u00e9cies em sua pequena subfam\u00edlia (<em>Crenuchinae<\/em>) para cinco.<br>Esta \u00e9 a primeira adi\u00e7\u00e3o de uma nova esp\u00e9cie ao grupo em 57 anos. Um dos peixes rec\u00e9m-descritos, chamado<em> Poecilocharax callipterus, <\/em>tem um tamanho m\u00e9dio de pouco mais de 3,9 cm. \u00c9 tamb\u00e9m a mais colorida das duas esp\u00e9cies, com barbatanas vermelho-alaranjadas v\u00edvidas e uma mancha escura distinta na frente de sua cauda. Os machos da esp\u00e9cie apresentam colora\u00e7\u00e3o ainda mais intensa e ostentam barbatanas dorsais que podem ultrapassar a metade do comprimento do corpo.<\/p>\n\n\n\n<div class=\"wp-block-image\"><figure class=\"alignright size-large is-resized\"><img loading=\"lazy\" decoding=\"async\" src=\"https:\/\/jornalfatosenoticias.com.br\/wp-content\/uploads\/2022\/03\/logo-Suinco-1024x390.jpg\" alt=\"\" class=\"wp-image-28785\" width=\"336\" height=\"127\"\/><\/figure><\/div>\n\n\n\n<p>A segunda esp\u00e9cie nova, menor, foi chamada <em>Poecilocharax rhizophilus<\/em>. Mede apenas 2,95 cm de comprimento, por isso \u00e9 oficialmente categorizado como uma esp\u00e9cie miniatura.<strong>\u00a0Ambas as esp\u00e9cies s\u00e3o &#8220;como obras de arte&#8221; e perder qualquer uma delas seria como &#8220;perder obras-primas de valor inestim\u00e1vel&#8221;, disse Pastana.<\/strong><\/p>\n\n\n\n<p><em><span class=\"has-inline-color has-black-color\"><strong>Foto: <\/strong>Willian M. Ohara\/Murilo Pastana\/Reprodu\u00e7\u00e3o<\/span><\/em><\/p>\n\n\n\n<p><strong><em>Fonte: <a href=\"https:\/\/umsoplaneta.globo.com\/biodiversidade\/noticia\/2022\/05\/17\/recem-descobertas-especies-de-peixes-amazonicos-ja-enfrentam-extincao-iminente-devido-ao-desmatamento.ghtml\">Um S\u00f3 Planeta<\/a><\/em><\/strong><\/p>\n","protected":false},"excerpt":{"rendered":"<p>Esp\u00e9cies habitam \u00e1guas localizadas na Floresta Amaz\u00f4nica. Para pesquisador, perder qualquer uma delas seria como &#8220;perder obras-primas de valor inestim\u00e1vel&#8221; Duas esp\u00e9cies de peixes amaz\u00f4nicos que acabam de ser descobertas j\u00e1 est\u00e3o amea\u00e7adas de extin\u00e7\u00e3o devido ao desmatamento.\u00a0Em um novo estudo, cientistas descreveram os peixes, que habitam \u00e1guas localizadas na\u00a0Floresta Amaz\u00f4nica\u00a0a cerca de 40 quil\u00f4metros [&hellip;]<\/p>\n","protected":false},"author":2,"featured_media":30577,"comment_status":"open","ping_status":"open","sticky":false,"template":"","format":"standard","meta":{"footnotes":""},"categories":[8],"tags":[1844,14528,14529,14531,14530],"class_list":["post-30576","post","type-post","status-publish","format-standard","has-post-thumbnail","hentry","category-meio-ambiente","tag-desmatamento","tag-especies-de-peixes-ameacadas-de-extincao","tag-peixes-amazonicos","tag-perigo-iminente-de-extincao","tag-recem-descobertos"],"yoast_head":"<!-- This site is optimized with the Yoast SEO plugin v26.5 - https:\/\/yoast.com\/wordpress\/plugins\/seo\/ -->\n<title>Rec\u00e9m-descobertas, esp\u00e9cies de peixes amaz\u00f4nicos j\u00e1 enfrentam &quot;extin\u00e7\u00e3o iminente&quot; - Jornal Fatos e Not\u00edcias<\/title>\n<meta name=\"robots\" content=\"index, follow, max-snippet:-1, max-image-preview:large, max-video-preview:-1\" \/>\n<link rel=\"canonical\" href=\"https:\/\/jornalfatosenoticias.com.br\/index.php\/2022\/05\/19\/recem-descobertas-especies-de-peixes-amazonicos-ja-enfrentam-extincao-iminente\/\" \/>\n<meta property=\"og:locale\" content=\"pt_BR\" \/>\n<meta property=\"og:type\" content=\"article\" \/>\n<meta property=\"og:title\" content=\"Rec\u00e9m-descobertas, esp\u00e9cies de peixes amaz\u00f4nicos j\u00e1 enfrentam &quot;extin\u00e7\u00e3o iminente&quot; - Jornal Fatos e Not\u00edcias\" \/>\n<meta property=\"og:description\" content=\"Esp\u00e9cies habitam \u00e1guas localizadas na Floresta Amaz\u00f4nica. Para pesquisador, perder qualquer uma delas seria como &#8220;perder obras-primas de valor inestim\u00e1vel&#8221; Duas esp\u00e9cies de peixes amaz\u00f4nicos que acabam de ser descobertas j\u00e1 est\u00e3o amea\u00e7adas de extin\u00e7\u00e3o devido ao desmatamento.\u00a0Em um novo estudo, cientistas descreveram os peixes, que habitam \u00e1guas localizadas na\u00a0Floresta Amaz\u00f4nica\u00a0a cerca de 40 quil\u00f4metros [&hellip;]\" \/>\n<meta property=\"og:url\" content=\"https:\/\/jornalfatosenoticias.com.br\/index.php\/2022\/05\/19\/recem-descobertas-especies-de-peixes-amazonicos-ja-enfrentam-extincao-iminente\/\" \/>\n<meta property=\"og:site_name\" content=\"Jornal Fatos e Not\u00edcias\" \/>\n<meta property=\"article:published_time\" content=\"2022-05-19T14:58:26+00:00\" \/>\n<meta property=\"article:modified_time\" content=\"2022-05-19T14:59:04+00:00\" \/>\n<meta property=\"og:image\" content=\"https:\/\/jornalfatosenoticias.com.br\/wp-content\/uploads\/2022\/05\/peixes-recem-descobertos.jpg\" \/>\n\t<meta property=\"og:image:width\" content=\"1000\" \/>\n\t<meta property=\"og:image:height\" content=\"557\" \/>\n\t<meta property=\"og:image:type\" content=\"image\/jpeg\" \/>\n<meta name=\"author\" content=\"Luzimara Fernandes\" \/>\n<meta name=\"twitter:card\" content=\"summary_large_image\" \/>\n<meta name=\"twitter:label1\" content=\"Escrito por\" \/>\n\t<meta name=\"twitter:data1\" content=\"Luzimara Fernandes\" \/>\n\t<meta name=\"twitter:label2\" content=\"Est. tempo de leitura\" \/>\n\t<meta name=\"twitter:data2\" content=\"2 minutos\" \/>\n<script type=\"application\/ld+json\" class=\"yoast-schema-graph\">{\"@context\":\"https:\/\/schema.org\",\"@graph\":[{\"@type\":\"Article\",\"@id\":\"https:\/\/jornalfatosenoticias.com.br\/index.php\/2022\/05\/19\/recem-descobertas-especies-de-peixes-amazonicos-ja-enfrentam-extincao-iminente\/#article\",\"isPartOf\":{\"@id\":\"https:\/\/jornalfatosenoticias.com.br\/index.php\/2022\/05\/19\/recem-descobertas-especies-de-peixes-amazonicos-ja-enfrentam-extincao-iminente\/\"},\"author\":{\"name\":\"Luzimara Fernandes\",\"@id\":\"https:\/\/jornalfatosenoticias.com.br\/#\/schema\/person\/d63837fa13ac8666eb9e74e0985d6f81\"},\"headline\":\"Rec\u00e9m-descobertas, esp\u00e9cies de peixes amaz\u00f4nicos j\u00e1 enfrentam &#8220;extin\u00e7\u00e3o iminente&#8221;\",\"datePublished\":\"2022-05-19T14:58:26+00:00\",\"dateModified\":\"2022-05-19T14:59:04+00:00\",\"mainEntityOfPage\":{\"@id\":\"https:\/\/jornalfatosenoticias.com.br\/index.php\/2022\/05\/19\/recem-descobertas-especies-de-peixes-amazonicos-ja-enfrentam-extincao-iminente\/\"},\"wordCount\":406,\"commentCount\":0,\"publisher\":{\"@id\":\"https:\/\/jornalfatosenoticias.com.br\/#organization\"},\"image\":{\"@id\":\"https:\/\/jornalfatosenoticias.com.br\/index.php\/2022\/05\/19\/recem-descobertas-especies-de-peixes-amazonicos-ja-enfrentam-extincao-iminente\/#primaryimage\"},\"thumbnailUrl\":\"https:\/\/jornalfatosenoticias.com.br\/wp-content\/uploads\/2022\/05\/peixes-recem-descobertos.jpg\",\"keywords\":[\"desmatamento\",\"esp\u00e9cies de peixes amea\u00e7adas de extin\u00e7\u00e3o\",\"peixes amaz\u00f4nicos\",\"perigo iminente de extin\u00e7\u00e3o\",\"rec\u00e9m-descobertos\"],\"articleSection\":[\"Meio ambiente\"],\"inLanguage\":\"pt-BR\",\"potentialAction\":[{\"@type\":\"CommentAction\",\"name\":\"Comment\",\"target\":[\"https:\/\/jornalfatosenoticias.com.br\/index.php\/2022\/05\/19\/recem-descobertas-especies-de-peixes-amazonicos-ja-enfrentam-extincao-iminente\/#respond\"]}]},{\"@type\":\"WebPage\",\"@id\":\"https:\/\/jornalfatosenoticias.com.br\/index.php\/2022\/05\/19\/recem-descobertas-especies-de-peixes-amazonicos-ja-enfrentam-extincao-iminente\/\",\"url\":\"https:\/\/jornalfatosenoticias.com.br\/index.php\/2022\/05\/19\/recem-descobertas-especies-de-peixes-amazonicos-ja-enfrentam-extincao-iminente\/\",\"name\":\"Rec\u00e9m-descobertas, esp\u00e9cies de peixes amaz\u00f4nicos j\u00e1 enfrentam \\\"extin\u00e7\u00e3o iminente\\\" - Jornal Fatos e Not\u00edcias\",\"isPartOf\":{\"@id\":\"https:\/\/jornalfatosenoticias.com.br\/#website\"},\"primaryImageOfPage\":{\"@id\":\"https:\/\/jornalfatosenoticias.com.br\/index.php\/2022\/05\/19\/recem-descobertas-especies-de-peixes-amazonicos-ja-enfrentam-extincao-iminente\/#primaryimage\"},\"image\":{\"@id\":\"https:\/\/jornalfatosenoticias.com.br\/index.php\/2022\/05\/19\/recem-descobertas-especies-de-peixes-amazonicos-ja-enfrentam-extincao-iminente\/#primaryimage\"},\"thumbnailUrl\":\"https:\/\/jornalfatosenoticias.com.br\/wp-content\/uploads\/2022\/05\/peixes-recem-descobertos.jpg\",\"datePublished\":\"2022-05-19T14:58:26+00:00\",\"dateModified\":\"2022-05-19T14:59:04+00:00\",\"breadcrumb\":{\"@id\":\"https:\/\/jornalfatosenoticias.com.br\/index.php\/2022\/05\/19\/recem-descobertas-especies-de-peixes-amazonicos-ja-enfrentam-extincao-iminente\/#breadcrumb\"},\"inLanguage\":\"pt-BR\",\"potentialAction\":[{\"@type\":\"ReadAction\",\"target\":[\"https:\/\/jornalfatosenoticias.com.br\/index.php\/2022\/05\/19\/recem-descobertas-especies-de-peixes-amazonicos-ja-enfrentam-extincao-iminente\/\"]}]},{\"@type\":\"ImageObject\",\"inLanguage\":\"pt-BR\",\"@id\":\"https:\/\/jornalfatosenoticias.com.br\/index.php\/2022\/05\/19\/recem-descobertas-especies-de-peixes-amazonicos-ja-enfrentam-extincao-iminente\/#primaryimage\",\"url\":\"https:\/\/jornalfatosenoticias.com.br\/wp-content\/uploads\/2022\/05\/peixes-recem-descobertos.jpg\",\"contentUrl\":\"https:\/\/jornalfatosenoticias.com.br\/wp-content\/uploads\/2022\/05\/peixes-recem-descobertos.jpg\",\"width\":1000,\"height\":557},{\"@type\":\"BreadcrumbList\",\"@id\":\"https:\/\/jornalfatosenoticias.com.br\/index.php\/2022\/05\/19\/recem-descobertas-especies-de-peixes-amazonicos-ja-enfrentam-extincao-iminente\/#breadcrumb\",\"itemListElement\":[{\"@type\":\"ListItem\",\"position\":1,\"name\":\"In\u00edcio\",\"item\":\"https:\/\/jornalfatosenoticias.com.br\/\"},{\"@type\":\"ListItem\",\"position\":2,\"name\":\"Rec\u00e9m-descobertas, esp\u00e9cies de peixes amaz\u00f4nicos j\u00e1 enfrentam &#8220;extin\u00e7\u00e3o iminente&#8221;\"}]},{\"@type\":\"WebSite\",\"@id\":\"https:\/\/jornalfatosenoticias.com.br\/#website\",\"url\":\"https:\/\/jornalfatosenoticias.com.br\/\",\"name\":\"Jornal Fatos e Not\u00edcias\",\"description\":\"Not\u00edcias em geral\",\"publisher\":{\"@id\":\"https:\/\/jornalfatosenoticias.com.br\/#organization\"},\"potentialAction\":[{\"@type\":\"SearchAction\",\"target\":{\"@type\":\"EntryPoint\",\"urlTemplate\":\"https:\/\/jornalfatosenoticias.com.br\/?s={search_term_string}\"},\"query-input\":{\"@type\":\"PropertyValueSpecification\",\"valueRequired\":true,\"valueName\":\"search_term_string\"}}],\"inLanguage\":\"pt-BR\"},{\"@type\":\"Organization\",\"@id\":\"https:\/\/jornalfatosenoticias.com.br\/#organization\",\"name\":\"Jornal Fatos e Not\u00edcias\",\"url\":\"https:\/\/jornalfatosenoticias.com.br\/\",\"logo\":{\"@type\":\"ImageObject\",\"inLanguage\":\"pt-BR\",\"@id\":\"https:\/\/jornalfatosenoticias.com.br\/#\/schema\/logo\/image\/\",\"url\":\"https:\/\/jornalfatosenoticias.com.br\/wp-content\/uploads\/2020\/02\/logo120.png\",\"contentUrl\":\"https:\/\/jornalfatosenoticias.com.br\/wp-content\/uploads\/2020\/02\/logo120.png\",\"width\":1227,\"height\":120,\"caption\":\"Jornal Fatos e Not\u00edcias\"},\"image\":{\"@id\":\"https:\/\/jornalfatosenoticias.com.br\/#\/schema\/logo\/image\/\"}},{\"@type\":\"Person\",\"@id\":\"https:\/\/jornalfatosenoticias.com.br\/#\/schema\/person\/d63837fa13ac8666eb9e74e0985d6f81\",\"name\":\"Luzimara Fernandes\",\"image\":{\"@type\":\"ImageObject\",\"inLanguage\":\"pt-BR\",\"@id\":\"https:\/\/jornalfatosenoticias.com.br\/#\/schema\/person\/image\/\",\"url\":\"https:\/\/jornalfatosenoticias.com.br\/wp-content\/uploads\/2025\/05\/EU_portal.jpg\",\"contentUrl\":\"https:\/\/jornalfatosenoticias.com.br\/wp-content\/uploads\/2025\/05\/EU_portal.jpg\",\"caption\":\"Luzimara Fernandes\"},\"description\":\"Jornalista MTB 2358-ES\",\"sameAs\":[\"https:\/\/jornalfatosenoticias.com.br\"],\"url\":\"https:\/\/jornalfatosenoticias.com.br\/index.php\/author\/luzimara\/\"}]}<\/script>\n<!-- \/ Yoast SEO plugin. -->","yoast_head_json":{"title":"Rec\u00e9m-descobertas, esp\u00e9cies de peixes amaz\u00f4nicos j\u00e1 enfrentam \"extin\u00e7\u00e3o iminente\" - Jornal Fatos e Not\u00edcias","robots":{"index":"index","follow":"follow","max-snippet":"max-snippet:-1","max-image-preview":"max-image-preview:large","max-video-preview":"max-video-preview:-1"},"canonical":"https:\/\/jornalfatosenoticias.com.br\/index.php\/2022\/05\/19\/recem-descobertas-especies-de-peixes-amazonicos-ja-enfrentam-extincao-iminente\/","og_locale":"pt_BR","og_type":"article","og_title":"Rec\u00e9m-descobertas, esp\u00e9cies de peixes amaz\u00f4nicos j\u00e1 enfrentam \"extin\u00e7\u00e3o iminente\" - Jornal Fatos e Not\u00edcias","og_description":"Esp\u00e9cies habitam \u00e1guas localizadas na Floresta Amaz\u00f4nica. Para pesquisador, perder qualquer uma delas seria como &#8220;perder obras-primas de valor inestim\u00e1vel&#8221; Duas esp\u00e9cies de peixes amaz\u00f4nicos que acabam de ser descobertas j\u00e1 est\u00e3o amea\u00e7adas de extin\u00e7\u00e3o devido ao desmatamento.\u00a0Em um novo estudo, cientistas descreveram os peixes, que habitam \u00e1guas localizadas na\u00a0Floresta Amaz\u00f4nica\u00a0a cerca de 40 quil\u00f4metros [&hellip;]","og_url":"https:\/\/jornalfatosenoticias.com.br\/index.php\/2022\/05\/19\/recem-descobertas-especies-de-peixes-amazonicos-ja-enfrentam-extincao-iminente\/","og_site_name":"Jornal Fatos e Not\u00edcias","article_published_time":"2022-05-19T14:58:26+00:00","article_modified_time":"2022-05-19T14:59:04+00:00","og_image":[{"width":1000,"height":557,"url":"https:\/\/jornalfatosenoticias.com.br\/wp-content\/uploads\/2022\/05\/peixes-recem-descobertos.jpg","type":"image\/jpeg"}],"author":"Luzimara Fernandes","twitter_card":"summary_large_image","twitter_misc":{"Escrito por":"Luzimara Fernandes","Est. tempo de leitura":"2 minutos"},"schema":{"@context":"https:\/\/schema.org","@graph":[{"@type":"Article","@id":"https:\/\/jornalfatosenoticias.com.br\/index.php\/2022\/05\/19\/recem-descobertas-especies-de-peixes-amazonicos-ja-enfrentam-extincao-iminente\/#article","isPartOf":{"@id":"https:\/\/jornalfatosenoticias.com.br\/index.php\/2022\/05\/19\/recem-descobertas-especies-de-peixes-amazonicos-ja-enfrentam-extincao-iminente\/"},"author":{"name":"Luzimara Fernandes","@id":"https:\/\/jornalfatosenoticias.com.br\/#\/schema\/person\/d63837fa13ac8666eb9e74e0985d6f81"},"headline":"Rec\u00e9m-descobertas, esp\u00e9cies de peixes amaz\u00f4nicos j\u00e1 enfrentam &#8220;extin\u00e7\u00e3o iminente&#8221;","datePublished":"2022-05-19T14:58:26+00:00","dateModified":"2022-05-19T14:59:04+00:00","mainEntityOfPage":{"@id":"https:\/\/jornalfatosenoticias.com.br\/index.php\/2022\/05\/19\/recem-descobertas-especies-de-peixes-amazonicos-ja-enfrentam-extincao-iminente\/"},"wordCount":406,"commentCount":0,"publisher":{"@id":"https:\/\/jornalfatosenoticias.com.br\/#organization"},"image":{"@id":"https:\/\/jornalfatosenoticias.com.br\/index.php\/2022\/05\/19\/recem-descobertas-especies-de-peixes-amazonicos-ja-enfrentam-extincao-iminente\/#primaryimage"},"thumbnailUrl":"https:\/\/jornalfatosenoticias.com.br\/wp-content\/uploads\/2022\/05\/peixes-recem-descobertos.jpg","keywords":["desmatamento","esp\u00e9cies de peixes amea\u00e7adas de extin\u00e7\u00e3o","peixes amaz\u00f4nicos","perigo iminente de extin\u00e7\u00e3o","rec\u00e9m-descobertos"],"articleSection":["Meio ambiente"],"inLanguage":"pt-BR","potentialAction":[{"@type":"CommentAction","name":"Comment","target":["https:\/\/jornalfatosenoticias.com.br\/index.php\/2022\/05\/19\/recem-descobertas-especies-de-peixes-amazonicos-ja-enfrentam-extincao-iminente\/#respond"]}]},{"@type":"WebPage","@id":"https:\/\/jornalfatosenoticias.com.br\/index.php\/2022\/05\/19\/recem-descobertas-especies-de-peixes-amazonicos-ja-enfrentam-extincao-iminente\/","url":"https:\/\/jornalfatosenoticias.com.br\/index.php\/2022\/05\/19\/recem-descobertas-especies-de-peixes-amazonicos-ja-enfrentam-extincao-iminente\/","name":"Rec\u00e9m-descobertas, esp\u00e9cies de peixes amaz\u00f4nicos j\u00e1 enfrentam \"extin\u00e7\u00e3o iminente\" - Jornal Fatos e Not\u00edcias","isPartOf":{"@id":"https:\/\/jornalfatosenoticias.com.br\/#website"},"primaryImageOfPage":{"@id":"https:\/\/jornalfatosenoticias.com.br\/index.php\/2022\/05\/19\/recem-descobertas-especies-de-peixes-amazonicos-ja-enfrentam-extincao-iminente\/#primaryimage"},"image":{"@id":"https:\/\/jornalfatosenoticias.com.br\/index.php\/2022\/05\/19\/recem-descobertas-especies-de-peixes-amazonicos-ja-enfrentam-extincao-iminente\/#primaryimage"},"thumbnailUrl":"https:\/\/jornalfatosenoticias.com.br\/wp-content\/uploads\/2022\/05\/peixes-recem-descobertos.jpg","datePublished":"2022-05-19T14:58:26+00:00","dateModified":"2022-05-19T14:59:04+00:00","breadcrumb":{"@id":"https:\/\/jornalfatosenoticias.com.br\/index.php\/2022\/05\/19\/recem-descobertas-especies-de-peixes-amazonicos-ja-enfrentam-extincao-iminente\/#breadcrumb"},"inLanguage":"pt-BR","potentialAction":[{"@type":"ReadAction","target":["https:\/\/jornalfatosenoticias.com.br\/index.php\/2022\/05\/19\/recem-descobertas-especies-de-peixes-amazonicos-ja-enfrentam-extincao-iminente\/"]}]},{"@type":"ImageObject","inLanguage":"pt-BR","@id":"https:\/\/jornalfatosenoticias.com.br\/index.php\/2022\/05\/19\/recem-descobertas-especies-de-peixes-amazonicos-ja-enfrentam-extincao-iminente\/#primaryimage","url":"https:\/\/jornalfatosenoticias.com.br\/wp-content\/uploads\/2022\/05\/peixes-recem-descobertos.jpg","contentUrl":"https:\/\/jornalfatosenoticias.com.br\/wp-content\/uploads\/2022\/05\/peixes-recem-descobertos.jpg","width":1000,"height":557},{"@type":"BreadcrumbList","@id":"https:\/\/jornalfatosenoticias.com.br\/index.php\/2022\/05\/19\/recem-descobertas-especies-de-peixes-amazonicos-ja-enfrentam-extincao-iminente\/#breadcrumb","itemListElement":[{"@type":"ListItem","position":1,"name":"In\u00edcio","item":"https:\/\/jornalfatosenoticias.com.br\/"},{"@type":"ListItem","position":2,"name":"Rec\u00e9m-descobertas, esp\u00e9cies de peixes amaz\u00f4nicos j\u00e1 enfrentam &#8220;extin\u00e7\u00e3o iminente&#8221;"}]},{"@type":"WebSite","@id":"https:\/\/jornalfatosenoticias.com.br\/#website","url":"https:\/\/jornalfatosenoticias.com.br\/","name":"Jornal Fatos e Not\u00edcias","description":"Not\u00edcias em geral","publisher":{"@id":"https:\/\/jornalfatosenoticias.com.br\/#organization"},"potentialAction":[{"@type":"SearchAction","target":{"@type":"EntryPoint","urlTemplate":"https:\/\/jornalfatosenoticias.com.br\/?s={search_term_string}"},"query-input":{"@type":"PropertyValueSpecification","valueRequired":true,"valueName":"search_term_string"}}],"inLanguage":"pt-BR"},{"@type":"Organization","@id":"https:\/\/jornalfatosenoticias.com.br\/#organization","name":"Jornal Fatos e Not\u00edcias","url":"https:\/\/jornalfatosenoticias.com.br\/","logo":{"@type":"ImageObject","inLanguage":"pt-BR","@id":"https:\/\/jornalfatosenoticias.com.br\/#\/schema\/logo\/image\/","url":"https:\/\/jornalfatosenoticias.com.br\/wp-content\/uploads\/2020\/02\/logo120.png","contentUrl":"https:\/\/jornalfatosenoticias.com.br\/wp-content\/uploads\/2020\/02\/logo120.png","width":1227,"height":120,"caption":"Jornal Fatos e Not\u00edcias"},"image":{"@id":"https:\/\/jornalfatosenoticias.com.br\/#\/schema\/logo\/image\/"}},{"@type":"Person","@id":"https:\/\/jornalfatosenoticias.com.br\/#\/schema\/person\/d63837fa13ac8666eb9e74e0985d6f81","name":"Luzimara Fernandes","image":{"@type":"ImageObject","inLanguage":"pt-BR","@id":"https:\/\/jornalfatosenoticias.com.br\/#\/schema\/person\/image\/","url":"https:\/\/jornalfatosenoticias.com.br\/wp-content\/uploads\/2025\/05\/EU_portal.jpg","contentUrl":"https:\/\/jornalfatosenoticias.com.br\/wp-content\/uploads\/2025\/05\/EU_portal.jpg","caption":"Luzimara Fernandes"},"description":"Jornalista MTB 2358-ES","sameAs":["https:\/\/jornalfatosenoticias.com.br"],"url":"https:\/\/jornalfatosenoticias.com.br\/index.php\/author\/luzimara\/"}]}},"cc_featured_image_caption":{"caption_text":"\r\n","source_text":"","source_url":""},"jetpack_featured_media_url":"https:\/\/jornalfatosenoticias.com.br\/wp-content\/uploads\/2022\/05\/peixes-recem-descobertos.jpg","_links":{"self":[{"href":"https:\/\/jornalfatosenoticias.com.br\/index.php\/wp-json\/wp\/v2\/posts\/30576","targetHints":{"allow":["GET"]}}],"collection":[{"href":"https:\/\/jornalfatosenoticias.com.br\/index.php\/wp-json\/wp\/v2\/posts"}],"about":[{"href":"https:\/\/jornalfatosenoticias.com.br\/index.php\/wp-json\/wp\/v2\/types\/post"}],"author":[{"embeddable":true,"href":"https:\/\/jornalfatosenoticias.com.br\/index.php\/wp-json\/wp\/v2\/users\/2"}],"replies":[{"embeddable":true,"href":"https:\/\/jornalfatosenoticias.com.br\/index.php\/wp-json\/wp\/v2\/comments?post=30576"}],"version-history":[{"count":0,"href":"https:\/\/jornalfatosenoticias.com.br\/index.php\/wp-json\/wp\/v2\/posts\/30576\/revisions"}],"wp:featuredmedia":[{"embeddable":true,"href":"https:\/\/jornalfatosenoticias.com.br\/index.php\/wp-json\/wp\/v2\/media\/30577"}],"wp:attachment":[{"href":"https:\/\/jornalfatosenoticias.com.br\/index.php\/wp-json\/wp\/v2\/media?parent=30576"}],"wp:term":[{"taxonomy":"category","embeddable":true,"href":"https:\/\/jornalfatosenoticias.com.br\/index.php\/wp-json\/wp\/v2\/categories?post=30576"},{"taxonomy":"post_tag","embeddable":true,"href":"https:\/\/jornalfatosenoticias.com.br\/index.php\/wp-json\/wp\/v2\/tags?post=30576"}],"curies":[{"name":"wp","href":"https:\/\/api.w.org\/{rel}","templated":true}]}}