{"id":3062,"date":"2020-04-10T16:55:09","date_gmt":"2020-04-10T19:55:09","guid":{"rendered":"https:\/\/jornalfatosenoticias.com.br\/?p=3062"},"modified":"2020-04-10T16:55:15","modified_gmt":"2020-04-10T19:55:15","slug":"elon-musk-confirma-versao-de-alto-desempenho-do-cybertruck","status":"publish","type":"post","link":"https:\/\/jornalfatosenoticias.com.br\/index.php\/2020\/04\/10\/elon-musk-confirma-versao-de-alto-desempenho-do-cybertruck\/","title":{"rendered":"Elon Musk confirma vers\u00e3o de alto desempenho do Cybertruck"},"content":{"rendered":"\n<h6 class=\"wp-block-heading\"><em>CEO da Tesla mencionou a exist\u00eancia do modelo em resposta a um de seus seguidores no Twitter<\/em><\/h6>\n\n\n\n<p>O CEO da Tesla, Elon Musk, confirmou via Twitter que a picape Cybertruck ter\u00e1 uma vers\u00e3o de alto desempenho, apelidada de \u201cPlaid\u201d. \u201cEu vou dirigir um Cybertruck Plaid\u201d, disse o executivo em resposta \u00e0 mensagem de um seguidor.<br>Plaid se refere a uma \u201cpiada interna\u201d da Tesla baseada no filme Spaceballs (\u201cSOS! Tem um louco solto no espa\u00e7o!\u201d no Brasil). Em uma cena a espa\u00e7onave Spaceball One, capitaneada pelo terr\u00edvel Dark Helmet, est\u00e1 perseguindo a Eagle 5 dos her\u00f3is e acelera para a \u201cvelocidade absurda\u201d (Ludicrous Speed) para alcan\u00e7\u00e1-los. Com isso, deixa um rastro xadrez (Plaid) no espa\u00e7o.<br>Esta n\u00e3o \u00e9 a primeira vez que a empresa faz refer\u00eancia ao filme. O Tesla Model S tem um modo de alto desempenho chamado \u201cLudicrous Mode\u201d, que permite maior acelera\u00e7\u00e3o na largada e \u00e9 ativado atrav\u00e9s de uma combina\u00e7\u00e3o de bot\u00f5es no painel e pedais.<br>Esta \u00e9 a primeira vez que Musk (ou a Tesla) faz refer\u00eancia a uma vers\u00e3o Plaid do Cybertyruck. Durante o lan\u00e7amento tr\u00eas vers\u00f5es foram mencionadas, todas com tra\u00e7\u00e3o nas quatro rodas: single motor, com velocidade m\u00e1xima de 175 km\/h e autonomia de 400 km, dual motor, com velocidade m\u00e1xima de 185 km\/h e autonomia de 480 km e tri motor, com velocidade m\u00e1xima de 210 km\/h e autonomia de 800 km. Esta pode acelerar de 0 a 100 km\/h em apenas 2,9 segundos, desempenho equivalente a v\u00e1rios dos supercarros no mercado.<br>As primeiras unidades do Tesla Cybertruck ser\u00e3o entregues em 2021. Segundo estimativa recente feita pelo site Cybertruck Owners Club, mais de 500 mil unidades do ve\u00edculo j\u00e1 foram encomendadas na pr\u00e9-venda.<\/p>\n\n\n\n<p><strong><em>Fonte: <a href=\"https:\/\/olhardigital.com.br\/carros-e-tecnologia\/noticia\/elon-musk-confirma-versao-de-alto-desempenho-do-cybertruck\/99261\">Olhar Digital<\/a><\/em><\/strong><\/p>\n","protected":false},"excerpt":{"rendered":"<p>CEO da Tesla mencionou a exist\u00eancia do modelo em resposta a um de seus seguidores no Twitter O CEO da Tesla, Elon Musk, confirmou via Twitter que a picape Cybertruck ter\u00e1 uma vers\u00e3o de alto desempenho, apelidada de \u201cPlaid\u201d. \u201cEu vou dirigir um Cybertruck Plaid\u201d, disse o executivo em resposta \u00e0 mensagem de um seguidor.Plaid [&hellip;]<\/p>\n","protected":false},"author":2,"featured_media":3063,"comment_status":"open","ping_status":"open","sticky":false,"template":"","format":"standard","meta":{"footnotes":""},"categories":[3],"tags":[1633,1634,1636,1632],"class_list":["post-3062","post","type-post","status-publish","format-standard","has-post-thumbnail","hentry","category-tecnologia","tag-cybertruck","tag-elon-musk","tag-tecnologia-automobilistica","tag-tesla"],"yoast_head":"<!-- This site is optimized with the Yoast SEO plugin v26.5 - https:\/\/yoast.com\/wordpress\/plugins\/seo\/ -->\n<title>Elon Musk confirma vers\u00e3o de alto desempenho do Cybertruck - Jornal Fatos e Not\u00edcias<\/title>\n<meta name=\"robots\" content=\"index, follow, max-snippet:-1, max-image-preview:large, max-video-preview:-1\" \/>\n<link rel=\"canonical\" href=\"https:\/\/jornalfatosenoticias.com.br\/index.php\/2020\/04\/10\/elon-musk-confirma-versao-de-alto-desempenho-do-cybertruck\/\" \/>\n<meta property=\"og:locale\" content=\"pt_BR\" \/>\n<meta property=\"og:type\" content=\"article\" \/>\n<meta property=\"og:title\" content=\"Elon Musk confirma vers\u00e3o de alto desempenho do Cybertruck - Jornal Fatos e Not\u00edcias\" \/>\n<meta property=\"og:description\" content=\"CEO da Tesla mencionou a exist\u00eancia do modelo em resposta a um de seus seguidores no Twitter O CEO da Tesla, Elon Musk, confirmou via Twitter que a picape Cybertruck ter\u00e1 uma vers\u00e3o de alto desempenho, apelidada de \u201cPlaid\u201d. \u201cEu vou dirigir um Cybertruck Plaid\u201d, disse o executivo em resposta \u00e0 mensagem de um seguidor.Plaid [&hellip;]\" \/>\n<meta property=\"og:url\" content=\"https:\/\/jornalfatosenoticias.com.br\/index.php\/2020\/04\/10\/elon-musk-confirma-versao-de-alto-desempenho-do-cybertruck\/\" \/>\n<meta property=\"og:site_name\" content=\"Jornal Fatos e Not\u00edcias\" \/>\n<meta property=\"article:published_time\" content=\"2020-04-10T19:55:09+00:00\" \/>\n<meta property=\"article:modified_time\" content=\"2020-04-10T19:55:15+00:00\" \/>\n<meta property=\"og:image\" content=\"https:\/\/jornalfatosenoticias.com.br\/wp-content\/uploads\/2020\/04\/tesla_cybertruck.jpg\" \/>\n\t<meta property=\"og:image:width\" content=\"1000\" \/>\n\t<meta property=\"og:image:height\" content=\"562\" \/>\n\t<meta property=\"og:image:type\" content=\"image\/jpeg\" \/>\n<meta name=\"author\" content=\"Luzimara Fernandes\" \/>\n<meta name=\"twitter:card\" content=\"summary_large_image\" \/>\n<meta name=\"twitter:label1\" content=\"Escrito por\" \/>\n\t<meta name=\"twitter:data1\" content=\"Luzimara Fernandes\" \/>\n\t<meta name=\"twitter:label2\" content=\"Est. tempo de leitura\" \/>\n\t<meta name=\"twitter:data2\" content=\"2 minutos\" \/>\n<script type=\"application\/ld+json\" class=\"yoast-schema-graph\">{\"@context\":\"https:\/\/schema.org\",\"@graph\":[{\"@type\":\"Article\",\"@id\":\"https:\/\/jornalfatosenoticias.com.br\/index.php\/2020\/04\/10\/elon-musk-confirma-versao-de-alto-desempenho-do-cybertruck\/#article\",\"isPartOf\":{\"@id\":\"https:\/\/jornalfatosenoticias.com.br\/index.php\/2020\/04\/10\/elon-musk-confirma-versao-de-alto-desempenho-do-cybertruck\/\"},\"author\":{\"name\":\"Luzimara Fernandes\",\"@id\":\"https:\/\/jornalfatosenoticias.com.br\/#\/schema\/person\/d63837fa13ac8666eb9e74e0985d6f81\"},\"headline\":\"Elon Musk confirma vers\u00e3o de alto desempenho do Cybertruck\",\"datePublished\":\"2020-04-10T19:55:09+00:00\",\"dateModified\":\"2020-04-10T19:55:15+00:00\",\"mainEntityOfPage\":{\"@id\":\"https:\/\/jornalfatosenoticias.com.br\/index.php\/2020\/04\/10\/elon-musk-confirma-versao-de-alto-desempenho-do-cybertruck\/\"},\"wordCount\":310,\"commentCount\":0,\"publisher\":{\"@id\":\"https:\/\/jornalfatosenoticias.com.br\/#organization\"},\"image\":{\"@id\":\"https:\/\/jornalfatosenoticias.com.br\/index.php\/2020\/04\/10\/elon-musk-confirma-versao-de-alto-desempenho-do-cybertruck\/#primaryimage\"},\"thumbnailUrl\":\"https:\/\/jornalfatosenoticias.com.br\/wp-content\/uploads\/2020\/04\/tesla_cybertruck.jpg\",\"keywords\":[\"Cybertruck\",\"Elon Musk\",\"tecnologia automobil\u00edstica\",\"Tesla\"],\"articleSection\":[\"Tecnologia &amp; Inova\u00e7\u00e3o\"],\"inLanguage\":\"pt-BR\",\"potentialAction\":[{\"@type\":\"CommentAction\",\"name\":\"Comment\",\"target\":[\"https:\/\/jornalfatosenoticias.com.br\/index.php\/2020\/04\/10\/elon-musk-confirma-versao-de-alto-desempenho-do-cybertruck\/#respond\"]}]},{\"@type\":\"WebPage\",\"@id\":\"https:\/\/jornalfatosenoticias.com.br\/index.php\/2020\/04\/10\/elon-musk-confirma-versao-de-alto-desempenho-do-cybertruck\/\",\"url\":\"https:\/\/jornalfatosenoticias.com.br\/index.php\/2020\/04\/10\/elon-musk-confirma-versao-de-alto-desempenho-do-cybertruck\/\",\"name\":\"Elon Musk confirma vers\u00e3o de alto desempenho do Cybertruck - Jornal Fatos e Not\u00edcias\",\"isPartOf\":{\"@id\":\"https:\/\/jornalfatosenoticias.com.br\/#website\"},\"primaryImageOfPage\":{\"@id\":\"https:\/\/jornalfatosenoticias.com.br\/index.php\/2020\/04\/10\/elon-musk-confirma-versao-de-alto-desempenho-do-cybertruck\/#primaryimage\"},\"image\":{\"@id\":\"https:\/\/jornalfatosenoticias.com.br\/index.php\/2020\/04\/10\/elon-musk-confirma-versao-de-alto-desempenho-do-cybertruck\/#primaryimage\"},\"thumbnailUrl\":\"https:\/\/jornalfatosenoticias.com.br\/wp-content\/uploads\/2020\/04\/tesla_cybertruck.jpg\",\"datePublished\":\"2020-04-10T19:55:09+00:00\",\"dateModified\":\"2020-04-10T19:55:15+00:00\",\"breadcrumb\":{\"@id\":\"https:\/\/jornalfatosenoticias.com.br\/index.php\/2020\/04\/10\/elon-musk-confirma-versao-de-alto-desempenho-do-cybertruck\/#breadcrumb\"},\"inLanguage\":\"pt-BR\",\"potentialAction\":[{\"@type\":\"ReadAction\",\"target\":[\"https:\/\/jornalfatosenoticias.com.br\/index.php\/2020\/04\/10\/elon-musk-confirma-versao-de-alto-desempenho-do-cybertruck\/\"]}]},{\"@type\":\"ImageObject\",\"inLanguage\":\"pt-BR\",\"@id\":\"https:\/\/jornalfatosenoticias.com.br\/index.php\/2020\/04\/10\/elon-musk-confirma-versao-de-alto-desempenho-do-cybertruck\/#primaryimage\",\"url\":\"https:\/\/jornalfatosenoticias.com.br\/wp-content\/uploads\/2020\/04\/tesla_cybertruck.jpg\",\"contentUrl\":\"https:\/\/jornalfatosenoticias.com.br\/wp-content\/uploads\/2020\/04\/tesla_cybertruck.jpg\",\"width\":1000,\"height\":562},{\"@type\":\"BreadcrumbList\",\"@id\":\"https:\/\/jornalfatosenoticias.com.br\/index.php\/2020\/04\/10\/elon-musk-confirma-versao-de-alto-desempenho-do-cybertruck\/#breadcrumb\",\"itemListElement\":[{\"@type\":\"ListItem\",\"position\":1,\"name\":\"In\u00edcio\",\"item\":\"https:\/\/jornalfatosenoticias.com.br\/\"},{\"@type\":\"ListItem\",\"position\":2,\"name\":\"Elon Musk confirma vers\u00e3o de alto desempenho do Cybertruck\"}]},{\"@type\":\"WebSite\",\"@id\":\"https:\/\/jornalfatosenoticias.com.br\/#website\",\"url\":\"https:\/\/jornalfatosenoticias.com.br\/\",\"name\":\"Jornal Fatos e Not\u00edcias\",\"description\":\"Not\u00edcias em geral\",\"publisher\":{\"@id\":\"https:\/\/jornalfatosenoticias.com.br\/#organization\"},\"potentialAction\":[{\"@type\":\"SearchAction\",\"target\":{\"@type\":\"EntryPoint\",\"urlTemplate\":\"https:\/\/jornalfatosenoticias.com.br\/?s={search_term_string}\"},\"query-input\":{\"@type\":\"PropertyValueSpecification\",\"valueRequired\":true,\"valueName\":\"search_term_string\"}}],\"inLanguage\":\"pt-BR\"},{\"@type\":\"Organization\",\"@id\":\"https:\/\/jornalfatosenoticias.com.br\/#organization\",\"name\":\"Jornal Fatos e Not\u00edcias\",\"url\":\"https:\/\/jornalfatosenoticias.com.br\/\",\"logo\":{\"@type\":\"ImageObject\",\"inLanguage\":\"pt-BR\",\"@id\":\"https:\/\/jornalfatosenoticias.com.br\/#\/schema\/logo\/image\/\",\"url\":\"https:\/\/jornalfatosenoticias.com.br\/wp-content\/uploads\/2020\/02\/logo120.png\",\"contentUrl\":\"https:\/\/jornalfatosenoticias.com.br\/wp-content\/uploads\/2020\/02\/logo120.png\",\"width\":1227,\"height\":120,\"caption\":\"Jornal Fatos e Not\u00edcias\"},\"image\":{\"@id\":\"https:\/\/jornalfatosenoticias.com.br\/#\/schema\/logo\/image\/\"}},{\"@type\":\"Person\",\"@id\":\"https:\/\/jornalfatosenoticias.com.br\/#\/schema\/person\/d63837fa13ac8666eb9e74e0985d6f81\",\"name\":\"Luzimara Fernandes\",\"image\":{\"@type\":\"ImageObject\",\"inLanguage\":\"pt-BR\",\"@id\":\"https:\/\/jornalfatosenoticias.com.br\/#\/schema\/person\/image\/\",\"url\":\"https:\/\/jornalfatosenoticias.com.br\/wp-content\/uploads\/2025\/05\/EU_portal.jpg\",\"contentUrl\":\"https:\/\/jornalfatosenoticias.com.br\/wp-content\/uploads\/2025\/05\/EU_portal.jpg\",\"caption\":\"Luzimara Fernandes\"},\"description\":\"Jornalista MTB 2358-ES\",\"sameAs\":[\"https:\/\/jornalfatosenoticias.com.br\"],\"url\":\"https:\/\/jornalfatosenoticias.com.br\/index.php\/author\/luzimara\/\"}]}<\/script>\n<!-- \/ Yoast SEO plugin. -->","yoast_head_json":{"title":"Elon Musk confirma vers\u00e3o de alto desempenho do Cybertruck - Jornal Fatos e Not\u00edcias","robots":{"index":"index","follow":"follow","max-snippet":"max-snippet:-1","max-image-preview":"max-image-preview:large","max-video-preview":"max-video-preview:-1"},"canonical":"https:\/\/jornalfatosenoticias.com.br\/index.php\/2020\/04\/10\/elon-musk-confirma-versao-de-alto-desempenho-do-cybertruck\/","og_locale":"pt_BR","og_type":"article","og_title":"Elon Musk confirma vers\u00e3o de alto desempenho do Cybertruck - Jornal Fatos e Not\u00edcias","og_description":"CEO da Tesla mencionou a exist\u00eancia do modelo em resposta a um de seus seguidores no Twitter O CEO da Tesla, Elon Musk, confirmou via Twitter que a picape Cybertruck ter\u00e1 uma vers\u00e3o de alto desempenho, apelidada de \u201cPlaid\u201d. \u201cEu vou dirigir um Cybertruck Plaid\u201d, disse o executivo em resposta \u00e0 mensagem de um seguidor.Plaid [&hellip;]","og_url":"https:\/\/jornalfatosenoticias.com.br\/index.php\/2020\/04\/10\/elon-musk-confirma-versao-de-alto-desempenho-do-cybertruck\/","og_site_name":"Jornal Fatos e Not\u00edcias","article_published_time":"2020-04-10T19:55:09+00:00","article_modified_time":"2020-04-10T19:55:15+00:00","og_image":[{"width":1000,"height":562,"url":"https:\/\/jornalfatosenoticias.com.br\/wp-content\/uploads\/2020\/04\/tesla_cybertruck.jpg","type":"image\/jpeg"}],"author":"Luzimara Fernandes","twitter_card":"summary_large_image","twitter_misc":{"Escrito por":"Luzimara Fernandes","Est. tempo de leitura":"2 minutos"},"schema":{"@context":"https:\/\/schema.org","@graph":[{"@type":"Article","@id":"https:\/\/jornalfatosenoticias.com.br\/index.php\/2020\/04\/10\/elon-musk-confirma-versao-de-alto-desempenho-do-cybertruck\/#article","isPartOf":{"@id":"https:\/\/jornalfatosenoticias.com.br\/index.php\/2020\/04\/10\/elon-musk-confirma-versao-de-alto-desempenho-do-cybertruck\/"},"author":{"name":"Luzimara Fernandes","@id":"https:\/\/jornalfatosenoticias.com.br\/#\/schema\/person\/d63837fa13ac8666eb9e74e0985d6f81"},"headline":"Elon Musk confirma vers\u00e3o de alto desempenho do Cybertruck","datePublished":"2020-04-10T19:55:09+00:00","dateModified":"2020-04-10T19:55:15+00:00","mainEntityOfPage":{"@id":"https:\/\/jornalfatosenoticias.com.br\/index.php\/2020\/04\/10\/elon-musk-confirma-versao-de-alto-desempenho-do-cybertruck\/"},"wordCount":310,"commentCount":0,"publisher":{"@id":"https:\/\/jornalfatosenoticias.com.br\/#organization"},"image":{"@id":"https:\/\/jornalfatosenoticias.com.br\/index.php\/2020\/04\/10\/elon-musk-confirma-versao-de-alto-desempenho-do-cybertruck\/#primaryimage"},"thumbnailUrl":"https:\/\/jornalfatosenoticias.com.br\/wp-content\/uploads\/2020\/04\/tesla_cybertruck.jpg","keywords":["Cybertruck","Elon Musk","tecnologia automobil\u00edstica","Tesla"],"articleSection":["Tecnologia &amp; Inova\u00e7\u00e3o"],"inLanguage":"pt-BR","potentialAction":[{"@type":"CommentAction","name":"Comment","target":["https:\/\/jornalfatosenoticias.com.br\/index.php\/2020\/04\/10\/elon-musk-confirma-versao-de-alto-desempenho-do-cybertruck\/#respond"]}]},{"@type":"WebPage","@id":"https:\/\/jornalfatosenoticias.com.br\/index.php\/2020\/04\/10\/elon-musk-confirma-versao-de-alto-desempenho-do-cybertruck\/","url":"https:\/\/jornalfatosenoticias.com.br\/index.php\/2020\/04\/10\/elon-musk-confirma-versao-de-alto-desempenho-do-cybertruck\/","name":"Elon Musk confirma vers\u00e3o de alto desempenho do Cybertruck - Jornal Fatos e Not\u00edcias","isPartOf":{"@id":"https:\/\/jornalfatosenoticias.com.br\/#website"},"primaryImageOfPage":{"@id":"https:\/\/jornalfatosenoticias.com.br\/index.php\/2020\/04\/10\/elon-musk-confirma-versao-de-alto-desempenho-do-cybertruck\/#primaryimage"},"image":{"@id":"https:\/\/jornalfatosenoticias.com.br\/index.php\/2020\/04\/10\/elon-musk-confirma-versao-de-alto-desempenho-do-cybertruck\/#primaryimage"},"thumbnailUrl":"https:\/\/jornalfatosenoticias.com.br\/wp-content\/uploads\/2020\/04\/tesla_cybertruck.jpg","datePublished":"2020-04-10T19:55:09+00:00","dateModified":"2020-04-10T19:55:15+00:00","breadcrumb":{"@id":"https:\/\/jornalfatosenoticias.com.br\/index.php\/2020\/04\/10\/elon-musk-confirma-versao-de-alto-desempenho-do-cybertruck\/#breadcrumb"},"inLanguage":"pt-BR","potentialAction":[{"@type":"ReadAction","target":["https:\/\/jornalfatosenoticias.com.br\/index.php\/2020\/04\/10\/elon-musk-confirma-versao-de-alto-desempenho-do-cybertruck\/"]}]},{"@type":"ImageObject","inLanguage":"pt-BR","@id":"https:\/\/jornalfatosenoticias.com.br\/index.php\/2020\/04\/10\/elon-musk-confirma-versao-de-alto-desempenho-do-cybertruck\/#primaryimage","url":"https:\/\/jornalfatosenoticias.com.br\/wp-content\/uploads\/2020\/04\/tesla_cybertruck.jpg","contentUrl":"https:\/\/jornalfatosenoticias.com.br\/wp-content\/uploads\/2020\/04\/tesla_cybertruck.jpg","width":1000,"height":562},{"@type":"BreadcrumbList","@id":"https:\/\/jornalfatosenoticias.com.br\/index.php\/2020\/04\/10\/elon-musk-confirma-versao-de-alto-desempenho-do-cybertruck\/#breadcrumb","itemListElement":[{"@type":"ListItem","position":1,"name":"In\u00edcio","item":"https:\/\/jornalfatosenoticias.com.br\/"},{"@type":"ListItem","position":2,"name":"Elon Musk confirma vers\u00e3o de alto desempenho do Cybertruck"}]},{"@type":"WebSite","@id":"https:\/\/jornalfatosenoticias.com.br\/#website","url":"https:\/\/jornalfatosenoticias.com.br\/","name":"Jornal Fatos e Not\u00edcias","description":"Not\u00edcias em geral","publisher":{"@id":"https:\/\/jornalfatosenoticias.com.br\/#organization"},"potentialAction":[{"@type":"SearchAction","target":{"@type":"EntryPoint","urlTemplate":"https:\/\/jornalfatosenoticias.com.br\/?s={search_term_string}"},"query-input":{"@type":"PropertyValueSpecification","valueRequired":true,"valueName":"search_term_string"}}],"inLanguage":"pt-BR"},{"@type":"Organization","@id":"https:\/\/jornalfatosenoticias.com.br\/#organization","name":"Jornal Fatos e Not\u00edcias","url":"https:\/\/jornalfatosenoticias.com.br\/","logo":{"@type":"ImageObject","inLanguage":"pt-BR","@id":"https:\/\/jornalfatosenoticias.com.br\/#\/schema\/logo\/image\/","url":"https:\/\/jornalfatosenoticias.com.br\/wp-content\/uploads\/2020\/02\/logo120.png","contentUrl":"https:\/\/jornalfatosenoticias.com.br\/wp-content\/uploads\/2020\/02\/logo120.png","width":1227,"height":120,"caption":"Jornal Fatos e Not\u00edcias"},"image":{"@id":"https:\/\/jornalfatosenoticias.com.br\/#\/schema\/logo\/image\/"}},{"@type":"Person","@id":"https:\/\/jornalfatosenoticias.com.br\/#\/schema\/person\/d63837fa13ac8666eb9e74e0985d6f81","name":"Luzimara Fernandes","image":{"@type":"ImageObject","inLanguage":"pt-BR","@id":"https:\/\/jornalfatosenoticias.com.br\/#\/schema\/person\/image\/","url":"https:\/\/jornalfatosenoticias.com.br\/wp-content\/uploads\/2025\/05\/EU_portal.jpg","contentUrl":"https:\/\/jornalfatosenoticias.com.br\/wp-content\/uploads\/2025\/05\/EU_portal.jpg","caption":"Luzimara Fernandes"},"description":"Jornalista MTB 2358-ES","sameAs":["https:\/\/jornalfatosenoticias.com.br"],"url":"https:\/\/jornalfatosenoticias.com.br\/index.php\/author\/luzimara\/"}]}},"cc_featured_image_caption":{"caption_text":"Tesla Cybertruck (Foto: Tesla)","source_text":"","source_url":""},"jetpack_featured_media_url":"https:\/\/jornalfatosenoticias.com.br\/wp-content\/uploads\/2020\/04\/tesla_cybertruck.jpg","_links":{"self":[{"href":"https:\/\/jornalfatosenoticias.com.br\/index.php\/wp-json\/wp\/v2\/posts\/3062","targetHints":{"allow":["GET"]}}],"collection":[{"href":"https:\/\/jornalfatosenoticias.com.br\/index.php\/wp-json\/wp\/v2\/posts"}],"about":[{"href":"https:\/\/jornalfatosenoticias.com.br\/index.php\/wp-json\/wp\/v2\/types\/post"}],"author":[{"embeddable":true,"href":"https:\/\/jornalfatosenoticias.com.br\/index.php\/wp-json\/wp\/v2\/users\/2"}],"replies":[{"embeddable":true,"href":"https:\/\/jornalfatosenoticias.com.br\/index.php\/wp-json\/wp\/v2\/comments?post=3062"}],"version-history":[{"count":0,"href":"https:\/\/jornalfatosenoticias.com.br\/index.php\/wp-json\/wp\/v2\/posts\/3062\/revisions"}],"wp:featuredmedia":[{"embeddable":true,"href":"https:\/\/jornalfatosenoticias.com.br\/index.php\/wp-json\/wp\/v2\/media\/3063"}],"wp:attachment":[{"href":"https:\/\/jornalfatosenoticias.com.br\/index.php\/wp-json\/wp\/v2\/media?parent=3062"}],"wp:term":[{"taxonomy":"category","embeddable":true,"href":"https:\/\/jornalfatosenoticias.com.br\/index.php\/wp-json\/wp\/v2\/categories?post=3062"},{"taxonomy":"post_tag","embeddable":true,"href":"https:\/\/jornalfatosenoticias.com.br\/index.php\/wp-json\/wp\/v2\/tags?post=3062"}],"curies":[{"name":"wp","href":"https:\/\/api.w.org\/{rel}","templated":true}]}}