{"id":30626,"date":"2022-05-20T13:51:14","date_gmt":"2022-05-20T16:51:14","guid":{"rendered":"https:\/\/jornalfatosenoticias.com.br\/?p=30626"},"modified":"2022-05-20T13:51:15","modified_gmt":"2022-05-20T16:51:15","slug":"guia-gratuito-ensina-a-planejar-ruas-para-criancas","status":"publish","type":"post","link":"https:\/\/jornalfatosenoticias.com.br\/index.php\/2022\/05\/20\/guia-gratuito-ensina-a-planejar-ruas-para-criancas\/","title":{"rendered":"Guia gratuito ensina a planejar ruas para crian\u00e7as"},"content":{"rendered":"\n<p><em><span class=\"has-inline-color has-black-color\">Publica\u00e7\u00e3o internacional prioriza crian\u00e7as, beb\u00eas e cuidadores no desenho de espa\u00e7os urbanos<\/span><\/em><\/p>\n\n\n\n<div class=\"wp-block-image\"><figure class=\"aligncenter size-large is-resized\"><img loading=\"lazy\" decoding=\"async\" src=\"https:\/\/jornalfatosenoticias.com.br\/wp-content\/uploads\/2020\/02\/Logo-Mizu-segunda-2-1024x99.png\" alt=\"\" class=\"wp-image-2353\" width=\"342\" height=\"33\" srcset=\"https:\/\/jornalfatosenoticias.com.br\/wp-content\/uploads\/2020\/02\/Logo-Mizu-segunda-2-1024x99.png 1024w, https:\/\/jornalfatosenoticias.com.br\/wp-content\/uploads\/2020\/02\/Logo-Mizu-segunda-2-300x29.png 300w, https:\/\/jornalfatosenoticias.com.br\/wp-content\/uploads\/2020\/02\/Logo-Mizu-segunda-2-768x74.png 768w, https:\/\/jornalfatosenoticias.com.br\/wp-content\/uploads\/2020\/02\/Logo-Mizu-segunda-2.png 1240w\" sizes=\"auto, (max-width: 342px) 100vw, 342px\" \/><\/figure><\/div>\n\n\n\n<p>A Global Designing Cities Initiative (GDCI) lan\u00e7ou um <em>Guia Global de Desenhos de Ruas<\/em> para ajudar urbanistas na dif\u00edcil tarefa de incluir em seus projetos todos os atores dos cen\u00e1rios urbanos. A publica\u00e7\u00e3o se tornou uma refer\u00eancia e ganhou agora um guia especial, destinado \u00e0s <a href=\"https:\/\/ciclovivo.com.br\/planeta\/crise-climatica\/paises-podem-responder-por-efeitos-do-clima-nos-direitos-das-criancas\/\" target=\"_blank\" rel=\"noreferrer noopener\">crian\u00e7as<\/a>. O guia <em>Desenhando Ruas para Crian\u00e7as,<\/em> tradu\u00e7\u00e3o para o portugu\u00eas do original em ingl\u00eas <em>Designing Streets for Kids,<\/em> j\u00e1 est\u00e1 dispon\u00edvel em diferentes idiomas, inclusive o portugu\u00eas.<br>A publica\u00e7\u00e3o coloca as pessoas em primeiro lugar, com foco especial nas necessidades espec\u00edficas de beb\u00eas, crian\u00e7as e seus cuidadores como pedestres, ciclistas e usu\u00e1rios de transporte p\u00fablico em ruas urbanas ao redor do mundo. <strong>O guia\u00a0<em>Desenhando Ruas para Crian\u00e7as<\/em>\u00a0pode ser visualizado e baixado gratuitamente em\u00a0<a href=\"https:\/\/globaldesigningcities.org\/publication\/designing-streets-for-kids-pt\/\" target=\"_blank\" rel=\"noreferrer noopener\">GlobalDesigningCities.org<\/a>.<\/strong><\/p>\n\n\n\n<div class=\"wp-block-image\"><figure class=\"aligncenter size-large is-resized\"><img loading=\"lazy\" decoding=\"async\" src=\"https:\/\/jornalfatosenoticias.com.br\/wp-content\/uploads\/2020\/02\/nova-logo-Marquetti.jpg\" alt=\"\" class=\"wp-image-22331\" width=\"282\" height=\"189\" srcset=\"https:\/\/jornalfatosenoticias.com.br\/wp-content\/uploads\/2020\/02\/nova-logo-Marquetti.jpg 643w, https:\/\/jornalfatosenoticias.com.br\/wp-content\/uploads\/2020\/02\/nova-logo-Marquetti-300x202.jpg 300w\" sizes=\"auto, (max-width: 282px) 100vw, 282px\" \/><\/figure><\/div>\n\n\n\n<blockquote class=\"wp-block-quote is-layout-flow wp-block-quote-is-layout-flow\"><p><span class=\"has-inline-color has-luminous-vivid-orange-color\">\u201cSe voc\u00ea desenha uma rua funcional para crian\u00e7as, desenha uma rua funcional para todos,\u201d comentou Janette Sadik-Khan, presidente da GDCI, e diretora da Bloomberg Associates. \u201cO Desenhando Ruas para Crian\u00e7as mostra como as cidades podem liderar utilizando os projetos para melhorar a qualidade de vida das pessoas em todos os lugares\u201d.<\/span><\/p><\/blockquote>\n\n\n\n<div class=\"wp-block-image\"><figure class=\"aligncenter size-large is-resized\"><img loading=\"lazy\" decoding=\"async\" src=\"https:\/\/jornalfatosenoticias.com.br\/wp-content\/uploads\/2020\/02\/Serra-Grande-1024x160.png\" alt=\"\" class=\"wp-image-7836\" width=\"372\" height=\"58\"\/><\/figure><\/div>\n\n\n\n<figure class=\"wp-block-image size-large\"><img loading=\"lazy\" decoding=\"async\" width=\"1000\" height=\"563\" src=\"https:\/\/jornalfatosenoticias.com.br\/wp-content\/uploads\/2022\/05\/guia-rua-criancas-foto-Paulo-Winz-2.jpg\" alt=\"\" class=\"wp-image-30627\" srcset=\"https:\/\/jornalfatosenoticias.com.br\/wp-content\/uploads\/2022\/05\/guia-rua-criancas-foto-Paulo-Winz-2.jpg 1000w, https:\/\/jornalfatosenoticias.com.br\/wp-content\/uploads\/2022\/05\/guia-rua-criancas-foto-Paulo-Winz-2-300x169.jpg 300w, https:\/\/jornalfatosenoticias.com.br\/wp-content\/uploads\/2022\/05\/guia-rua-criancas-foto-Paulo-Winz-2-768x432.jpg 768w\" sizes=\"auto, (max-width: 1000px) 100vw, 1000px\" \/><figcaption><em><span class=\"has-inline-color has-black-color\">(Imagem: Divulga\u00e7\u00e3o)<\/span><\/em><\/figcaption><\/figure>\n\n\n\n<p><strong><span class=\"has-inline-color has-vivid-purple-color\">Mudan\u00e7a necess\u00e1ria<br><\/span><\/strong>A maioria das <a href=\"https:\/\/ciclovivo.com.br\/arq-urb\/mobilidade\/seattle-ganha-32-quilometros-de-ruas-para-pedestres-e-ciclistas\/\" target=\"_blank\" rel=\"noreferrer noopener\">ruas<\/a>\u00a0n\u00e3o foi constru\u00edda pensando nas crian\u00e7as e, em muitos lugares, as condi\u00e7\u00f5es atuais das ruas s\u00e3o hostis e inseguras para elas. Acidentes de tr\u00e2nsito matam 1,35 milh\u00e3o de pessoas todos os anos e s\u00e3o a principal causa de morte de jovens de cinco a 29 anos. O congestionamento de ve\u00edculos e a forma como eles s\u00e3o projetados tamb\u00e9m podem contribuir para n\u00edveis perigosamente altos de polui\u00e7\u00e3o do ar, respons\u00e1vel pela morte de 127.000 crian\u00e7as com menos de cinco anos a cada ano.<br><em><strong>Muitas dessas fatalidades s\u00e3o evit\u00e1veis, e esses n\u00fameros podem ser substancialmente reduzidos atrav\u00e9s de um desenho de ruas adequado para crian\u00e7as.<\/strong><\/em><\/p>\n\n\n\n<div class=\"wp-block-image\"><figure class=\"alignleft size-large\"><img decoding=\"async\" src=\"https:\/\/jornalfatosenoticias.com.br\/wp-content\/uploads\/2020\/02\/logo_esteio.jpg\" alt=\"\" class=\"wp-image-1214\"\/><\/figure><\/div>\n\n\n\n<p>O desenho ineficiente de ruas tamb\u00e9m acarreta consequ\u00eancias negativas para a sa\u00fade f\u00edsica e mental das crian\u00e7as. Ruas barulhentas e\/ou hostis a pedestres e usu\u00e1rios de transporte p\u00fablico tendem a desencorajar a <a href=\"https:\/\/ciclovivo.com.br\/vida-sustentavel\/bem-estar\/5-outras-razoes-para-comecar-uma-atividade-fisica-hoje\/\" target=\"_blank\" rel=\"noreferrer noopener\">atividade f\u00edsica<\/a>, o que priva as crian\u00e7as de mobilidade independente e oportunidades de se exercitar e brincar.<br>Para ajudar a solucionar estes problemas, o guia oferece diagramas detalhados e gr\u00e1ficos completos, com registros das melhores pr\u00e1ticas, estrat\u00e9gias, programas e pol\u00edticas usadas em cidades de todo o mundo. O redesenho de ruas em locais importantes para as crian\u00e7as ganha uma aten\u00e7\u00e3o especial. Escolas e ruas de bairro, bem como \u00e1reas de tr\u00e1fego intenso, incluindo ruas comerciais e cruzamentos merecem um cuidado maior.<br>Com um cap\u00edtulo dedicado a \u201cComo fazer a mudan\u00e7a acontecer\u201d, o guia tamb\u00e9m mostra como implementar e ampliar planos de redesenho de ruas, destacando t\u00e1ticas para envolver as crian\u00e7as durante todo o processo de planejamento \u2014 uma abordagem muitas vezes negligenciada que pode transformar substancialmente a forma como as ruas s\u00e3o desenhadas e utilizadas.<\/p>\n\n\n\n<div class=\"wp-block-image\"><figure class=\"aligncenter size-large is-resized\"><img loading=\"lazy\" decoding=\"async\" src=\"https:\/\/jornalfatosenoticias.com.br\/wp-content\/uploads\/2022\/02\/Banner-1-1024x101.png\" alt=\"\" class=\"wp-image-27923\" width=\"449\" height=\"43\"\/><\/figure><\/div>\n\n\n\n<figure class=\"wp-block-image size-large\"><img loading=\"lazy\" decoding=\"async\" width=\"1000\" height=\"666\" src=\"https:\/\/jornalfatosenoticias.com.br\/wp-content\/uploads\/2022\/05\/guia-rua-criancas-foto-Paulo-Winz-3.jpg\" alt=\"\" class=\"wp-image-30628\" srcset=\"https:\/\/jornalfatosenoticias.com.br\/wp-content\/uploads\/2022\/05\/guia-rua-criancas-foto-Paulo-Winz-3.jpg 1000w, https:\/\/jornalfatosenoticias.com.br\/wp-content\/uploads\/2022\/05\/guia-rua-criancas-foto-Paulo-Winz-3-300x200.jpg 300w, https:\/\/jornalfatosenoticias.com.br\/wp-content\/uploads\/2022\/05\/guia-rua-criancas-foto-Paulo-Winz-3-768x511.jpg 768w\" sizes=\"auto, (max-width: 1000px) 100vw, 1000px\" \/><figcaption><em><span class=\"has-inline-color has-black-color\">(Foto: Paulo Winz)<\/span><\/em><\/figcaption><\/figure>\n\n\n\n<blockquote class=\"wp-block-quote is-layout-flow wp-block-quote-is-layout-flow\"><p><span class=\"has-inline-color has-luminous-vivid-orange-color\">\u201cOp\u00e7\u00f5es de mobilidade confi\u00e1veis e acesso a ruas seguras e saud\u00e1veis \u00e9 um direito humano, e o guia Desenhando Ruas para Crian\u00e7as fornece estrat\u00e9gias prontas para serem colocadas em pr\u00e1tica visando garantir o acesso equitativo a esses espa\u00e7os p\u00fablicos essenciais\u201d, disse Skye Duncan, diretora-executiva da GDCI. \u201cCom a tradu\u00e7\u00e3o desta publica\u00e7\u00e3o premiada, milh\u00f5es de pessoas em todo o mundo podem acessar essas informa\u00e7\u00f5es em seu idioma nativo, ajudando a garantir que mais crian\u00e7as sobrevivam e prosperem nas ruas do bairro\u201d, comemora Skye.<\/span><\/p><\/blockquote>\n\n\n\n<div class=\"wp-block-image\"><figure class=\"aligncenter size-large is-resized\"><img loading=\"lazy\" decoding=\"async\" src=\"https:\/\/jornalfatosenoticias.com.br\/wp-content\/uploads\/2022\/02\/Serra-Pack-459.png\" alt=\"\" class=\"wp-image-27471\" width=\"268\" height=\"107\"\/><\/figure><\/div>\n\n\n\n<h4 class=\"wp-block-heading\"><span class=\"has-inline-color has-vivid-purple-color\">Ruas para crian\u00e7as no Brasil<\/span><\/h4>\n\n\n\n<figure class=\"wp-block-image size-large\"><img loading=\"lazy\" decoding=\"async\" width=\"1000\" height=\"666\" src=\"https:\/\/jornalfatosenoticias.com.br\/wp-content\/uploads\/2022\/05\/guia-rua-criancas-foto-Paulo-Winz-6.jpg\" alt=\"\" class=\"wp-image-30629\" srcset=\"https:\/\/jornalfatosenoticias.com.br\/wp-content\/uploads\/2022\/05\/guia-rua-criancas-foto-Paulo-Winz-6.jpg 1000w, https:\/\/jornalfatosenoticias.com.br\/wp-content\/uploads\/2022\/05\/guia-rua-criancas-foto-Paulo-Winz-6-300x200.jpg 300w, https:\/\/jornalfatosenoticias.com.br\/wp-content\/uploads\/2022\/05\/guia-rua-criancas-foto-Paulo-Winz-6-768x511.jpg 768w\" sizes=\"auto, (max-width: 1000px) 100vw, 1000px\" \/><figcaption><em><span class=\"has-inline-color has-black-color\">(Foto: Paulo Winz)<\/span><\/em><\/figcaption><\/figure>\n\n\n\n<p>Para o prefeito de <a href=\"https:\/\/ciclovivo.com.br\/arq-urb\/urbanismo\/fortaleza-estimula-populacao-a-plantar-arvores-na-calcada\/\" target=\"_blank\" rel=\"noreferrer noopener\">Fortaleza<\/a>, Jos\u00e9 Sarto, a tradu\u00e7\u00e3o para o portugu\u00eas do guia ser\u00e1 essencial para que cada vez mais planejadores da cidade tenham acesso \u00e0s melhores pr\u00e1ticas de desenho urbano e priorizem as crian\u00e7as nas ruas.<\/p>\n\n\n\n<blockquote class=\"wp-block-quote is-layout-flow wp-block-quote-is-layout-flow\"><p><span class=\"has-inline-color has-luminous-vivid-orange-color\">\u201cColocar as crian\u00e7as como principal p\u00fablico no desenho de ruas \u00e9 essencial para assegurar a constru\u00e7\u00e3o de ruas mais inclusivas, agrad\u00e1veis e acess\u00edveis para todos\u201d, disse o prefeito Jos\u00e9 Sarto.<\/span><\/p><\/blockquote>\n\n\n\n<figure class=\"wp-block-image size-large\"><img loading=\"lazy\" decoding=\"async\" width=\"900\" height=\"810\" src=\"https:\/\/jornalfatosenoticias.com.br\/wp-content\/uploads\/2022\/05\/guia-rua-criancas-foto-Paulo-Winz-5.jpg\" alt=\"\" class=\"wp-image-30630\" srcset=\"https:\/\/jornalfatosenoticias.com.br\/wp-content\/uploads\/2022\/05\/guia-rua-criancas-foto-Paulo-Winz-5.jpg 900w, https:\/\/jornalfatosenoticias.com.br\/wp-content\/uploads\/2022\/05\/guia-rua-criancas-foto-Paulo-Winz-5-300x270.jpg 300w, https:\/\/jornalfatosenoticias.com.br\/wp-content\/uploads\/2022\/05\/guia-rua-criancas-foto-Paulo-Winz-5-768x691.jpg 768w\" sizes=\"auto, (max-width: 900px) 100vw, 900px\" \/><figcaption><em><span class=\"has-inline-color has-black-color\">(Foto: Paulo Winz)<\/span><\/em><\/figcaption><\/figure>\n\n\n\n<p>J\u00e1 Jo\u00e3o Campos, prefeito de <a href=\"https:\/\/ciclovivo.com.br\/arq-urb\/mobilidade\/prefeitura-do-recife-lanca-estacoes-de-reparo-de-bicicletas\/\" target=\"_blank\" rel=\"noreferrer noopener\">Recife<\/a>, o guia refor\u00e7a a necessidade de tratar o tr\u00e2nsito como um espa\u00e7o cada vez mais seguro e inclusivo, \u201cprincipalmente quando falamos de crian\u00e7as, que s\u00e3o os elos mais fr\u00e1geis da cadeia\u201d.<\/p>\n\n\n\n<blockquote class=\"wp-block-quote is-layout-flow wp-block-quote-is-layout-flow\"><p><span class=\"has-inline-color has-luminous-vivid-orange-color\">\u201cNo Recife temos uma diretriz muito clara que \u00e9 a da invers\u00e3o das prioridades no tr\u00e2nsito: mais espa\u00e7os para pedestres, maior seguran\u00e7a vi\u00e1ria e est\u00edmulo \u00e0 mobilidade ativa, principalmente atrav\u00e9s de bicicletas\u201d, finaliza Jo\u00e3o Campos.<\/span><\/p><\/blockquote>\n\n\n\n<div class=\"wp-block-image\"><figure class=\"aligncenter size-large is-resized\"><img loading=\"lazy\" decoding=\"async\" src=\"https:\/\/jornalfatosenoticias.com.br\/wp-content\/uploads\/2022\/02\/Arte-Autoescola-Galatas_endereco_portal-1024x103.png\" alt=\"\" class=\"wp-image-27869\" width=\"407\" height=\"41\" srcset=\"https:\/\/jornalfatosenoticias.com.br\/wp-content\/uploads\/2022\/02\/Arte-Autoescola-Galatas_endereco_portal-1024x103.png 1024w, https:\/\/jornalfatosenoticias.com.br\/wp-content\/uploads\/2022\/02\/Arte-Autoescola-Galatas_endereco_portal-300x30.png 300w, https:\/\/jornalfatosenoticias.com.br\/wp-content\/uploads\/2022\/02\/Arte-Autoescola-Galatas_endereco_portal-768x77.png 768w, https:\/\/jornalfatosenoticias.com.br\/wp-content\/uploads\/2022\/02\/Arte-Autoescola-Galatas_endereco_portal.png 1223w\" sizes=\"auto, (max-width: 407px) 100vw, 407px\" \/><\/figure><\/div>\n\n\n\n<p><em><strong>Fonte: <a href=\"https:\/\/ciclovivo.com.br\/arq-urb\/urbanismo\/guia-gratuito-ensina-a-planejar-ruas-para-criancas\/\">CicloVivo<\/a><\/strong><\/em><\/p>\n","protected":false},"excerpt":{"rendered":"<p>Publica\u00e7\u00e3o internacional prioriza crian\u00e7as, beb\u00eas e cuidadores no desenho de espa\u00e7os urbanos A Global Designing Cities Initiative (GDCI) lan\u00e7ou um Guia Global de Desenhos de Ruas para ajudar urbanistas na dif\u00edcil tarefa de incluir em seus projetos todos os atores dos cen\u00e1rios urbanos. A publica\u00e7\u00e3o se tornou uma refer\u00eancia e ganhou agora um guia especial, [&hellip;]<\/p>\n","protected":false},"author":2,"featured_media":30631,"comment_status":"open","ping_status":"open","sticky":false,"template":"","format":"standard","meta":{"footnotes":""},"categories":[744],"tags":[14555,14554,14557,14556],"class_list":["post-30626","post","type-post","status-publish","format-standard","has-post-thumbnail","hentry","category-arq-urbanismo","tag-arq-urb","tag-arquitetura-e-urbanismo","tag-espacos-urbanos","tag-rua-para-criancas"],"yoast_head":"<!-- This site is optimized with the Yoast SEO plugin v26.5 - https:\/\/yoast.com\/wordpress\/plugins\/seo\/ -->\n<title>Guia gratuito ensina a planejar ruas para crian\u00e7as - Jornal Fatos e Not\u00edcias<\/title>\n<meta name=\"robots\" content=\"index, follow, max-snippet:-1, max-image-preview:large, max-video-preview:-1\" \/>\n<link rel=\"canonical\" href=\"https:\/\/jornalfatosenoticias.com.br\/index.php\/2022\/05\/20\/guia-gratuito-ensina-a-planejar-ruas-para-criancas\/\" \/>\n<meta property=\"og:locale\" content=\"pt_BR\" \/>\n<meta property=\"og:type\" content=\"article\" \/>\n<meta property=\"og:title\" content=\"Guia gratuito ensina a planejar ruas para crian\u00e7as - Jornal Fatos e Not\u00edcias\" \/>\n<meta property=\"og:description\" content=\"Publica\u00e7\u00e3o internacional prioriza crian\u00e7as, beb\u00eas e cuidadores no desenho de espa\u00e7os urbanos A Global Designing Cities Initiative (GDCI) lan\u00e7ou um Guia Global de Desenhos de Ruas para ajudar urbanistas na dif\u00edcil tarefa de incluir em seus projetos todos os atores dos cen\u00e1rios urbanos. A publica\u00e7\u00e3o se tornou uma refer\u00eancia e ganhou agora um guia especial, [&hellip;]\" \/>\n<meta property=\"og:url\" content=\"https:\/\/jornalfatosenoticias.com.br\/index.php\/2022\/05\/20\/guia-gratuito-ensina-a-planejar-ruas-para-criancas\/\" \/>\n<meta property=\"og:site_name\" content=\"Jornal Fatos e Not\u00edcias\" \/>\n<meta property=\"article:published_time\" content=\"2022-05-20T16:51:14+00:00\" \/>\n<meta property=\"article:modified_time\" content=\"2022-05-20T16:51:15+00:00\" \/>\n<meta property=\"og:image\" content=\"https:\/\/jornalfatosenoticias.com.br\/wp-content\/uploads\/2022\/05\/guia-rua-criancas-foto-Paulo-Winz-1.jpg\" \/>\n\t<meta property=\"og:image:width\" content=\"1000\" \/>\n\t<meta property=\"og:image:height\" content=\"660\" \/>\n\t<meta property=\"og:image:type\" content=\"image\/jpeg\" \/>\n<meta name=\"author\" content=\"Luzimara Fernandes\" \/>\n<meta name=\"twitter:card\" content=\"summary_large_image\" \/>\n<meta name=\"twitter:label1\" content=\"Escrito por\" \/>\n\t<meta name=\"twitter:data1\" content=\"Luzimara Fernandes\" \/>\n\t<meta name=\"twitter:label2\" content=\"Est. tempo de leitura\" \/>\n\t<meta name=\"twitter:data2\" content=\"4 minutos\" \/>\n<script type=\"application\/ld+json\" class=\"yoast-schema-graph\">{\"@context\":\"https:\/\/schema.org\",\"@graph\":[{\"@type\":\"Article\",\"@id\":\"https:\/\/jornalfatosenoticias.com.br\/index.php\/2022\/05\/20\/guia-gratuito-ensina-a-planejar-ruas-para-criancas\/#article\",\"isPartOf\":{\"@id\":\"https:\/\/jornalfatosenoticias.com.br\/index.php\/2022\/05\/20\/guia-gratuito-ensina-a-planejar-ruas-para-criancas\/\"},\"author\":{\"name\":\"Luzimara Fernandes\",\"@id\":\"https:\/\/jornalfatosenoticias.com.br\/#\/schema\/person\/d63837fa13ac8666eb9e74e0985d6f81\"},\"headline\":\"Guia gratuito ensina a planejar ruas para crian\u00e7as\",\"datePublished\":\"2022-05-20T16:51:14+00:00\",\"dateModified\":\"2022-05-20T16:51:15+00:00\",\"mainEntityOfPage\":{\"@id\":\"https:\/\/jornalfatosenoticias.com.br\/index.php\/2022\/05\/20\/guia-gratuito-ensina-a-planejar-ruas-para-criancas\/\"},\"wordCount\":812,\"commentCount\":0,\"publisher\":{\"@id\":\"https:\/\/jornalfatosenoticias.com.br\/#organization\"},\"image\":{\"@id\":\"https:\/\/jornalfatosenoticias.com.br\/index.php\/2022\/05\/20\/guia-gratuito-ensina-a-planejar-ruas-para-criancas\/#primaryimage\"},\"thumbnailUrl\":\"https:\/\/jornalfatosenoticias.com.br\/wp-content\/uploads\/2022\/05\/guia-rua-criancas-foto-Paulo-Winz-1.jpg\",\"keywords\":[\"Arq &amp; Urb\",\"arquitetura e urbanismo\",\"espa\u00e7os urbanos\",\"rua para crian\u00e7as\"],\"articleSection\":[\"Arq &amp; Urb\"],\"inLanguage\":\"pt-BR\",\"potentialAction\":[{\"@type\":\"CommentAction\",\"name\":\"Comment\",\"target\":[\"https:\/\/jornalfatosenoticias.com.br\/index.php\/2022\/05\/20\/guia-gratuito-ensina-a-planejar-ruas-para-criancas\/#respond\"]}]},{\"@type\":\"WebPage\",\"@id\":\"https:\/\/jornalfatosenoticias.com.br\/index.php\/2022\/05\/20\/guia-gratuito-ensina-a-planejar-ruas-para-criancas\/\",\"url\":\"https:\/\/jornalfatosenoticias.com.br\/index.php\/2022\/05\/20\/guia-gratuito-ensina-a-planejar-ruas-para-criancas\/\",\"name\":\"Guia gratuito ensina a planejar ruas para crian\u00e7as - Jornal Fatos e Not\u00edcias\",\"isPartOf\":{\"@id\":\"https:\/\/jornalfatosenoticias.com.br\/#website\"},\"primaryImageOfPage\":{\"@id\":\"https:\/\/jornalfatosenoticias.com.br\/index.php\/2022\/05\/20\/guia-gratuito-ensina-a-planejar-ruas-para-criancas\/#primaryimage\"},\"image\":{\"@id\":\"https:\/\/jornalfatosenoticias.com.br\/index.php\/2022\/05\/20\/guia-gratuito-ensina-a-planejar-ruas-para-criancas\/#primaryimage\"},\"thumbnailUrl\":\"https:\/\/jornalfatosenoticias.com.br\/wp-content\/uploads\/2022\/05\/guia-rua-criancas-foto-Paulo-Winz-1.jpg\",\"datePublished\":\"2022-05-20T16:51:14+00:00\",\"dateModified\":\"2022-05-20T16:51:15+00:00\",\"breadcrumb\":{\"@id\":\"https:\/\/jornalfatosenoticias.com.br\/index.php\/2022\/05\/20\/guia-gratuito-ensina-a-planejar-ruas-para-criancas\/#breadcrumb\"},\"inLanguage\":\"pt-BR\",\"potentialAction\":[{\"@type\":\"ReadAction\",\"target\":[\"https:\/\/jornalfatosenoticias.com.br\/index.php\/2022\/05\/20\/guia-gratuito-ensina-a-planejar-ruas-para-criancas\/\"]}]},{\"@type\":\"ImageObject\",\"inLanguage\":\"pt-BR\",\"@id\":\"https:\/\/jornalfatosenoticias.com.br\/index.php\/2022\/05\/20\/guia-gratuito-ensina-a-planejar-ruas-para-criancas\/#primaryimage\",\"url\":\"https:\/\/jornalfatosenoticias.com.br\/wp-content\/uploads\/2022\/05\/guia-rua-criancas-foto-Paulo-Winz-1.jpg\",\"contentUrl\":\"https:\/\/jornalfatosenoticias.com.br\/wp-content\/uploads\/2022\/05\/guia-rua-criancas-foto-Paulo-Winz-1.jpg\",\"width\":1000,\"height\":660},{\"@type\":\"BreadcrumbList\",\"@id\":\"https:\/\/jornalfatosenoticias.com.br\/index.php\/2022\/05\/20\/guia-gratuito-ensina-a-planejar-ruas-para-criancas\/#breadcrumb\",\"itemListElement\":[{\"@type\":\"ListItem\",\"position\":1,\"name\":\"In\u00edcio\",\"item\":\"https:\/\/jornalfatosenoticias.com.br\/\"},{\"@type\":\"ListItem\",\"position\":2,\"name\":\"Guia gratuito ensina a planejar ruas para crian\u00e7as\"}]},{\"@type\":\"WebSite\",\"@id\":\"https:\/\/jornalfatosenoticias.com.br\/#website\",\"url\":\"https:\/\/jornalfatosenoticias.com.br\/\",\"name\":\"Jornal Fatos e Not\u00edcias\",\"description\":\"Not\u00edcias em geral\",\"publisher\":{\"@id\":\"https:\/\/jornalfatosenoticias.com.br\/#organization\"},\"potentialAction\":[{\"@type\":\"SearchAction\",\"target\":{\"@type\":\"EntryPoint\",\"urlTemplate\":\"https:\/\/jornalfatosenoticias.com.br\/?s={search_term_string}\"},\"query-input\":{\"@type\":\"PropertyValueSpecification\",\"valueRequired\":true,\"valueName\":\"search_term_string\"}}],\"inLanguage\":\"pt-BR\"},{\"@type\":\"Organization\",\"@id\":\"https:\/\/jornalfatosenoticias.com.br\/#organization\",\"name\":\"Jornal Fatos e Not\u00edcias\",\"url\":\"https:\/\/jornalfatosenoticias.com.br\/\",\"logo\":{\"@type\":\"ImageObject\",\"inLanguage\":\"pt-BR\",\"@id\":\"https:\/\/jornalfatosenoticias.com.br\/#\/schema\/logo\/image\/\",\"url\":\"https:\/\/jornalfatosenoticias.com.br\/wp-content\/uploads\/2020\/02\/logo120.png\",\"contentUrl\":\"https:\/\/jornalfatosenoticias.com.br\/wp-content\/uploads\/2020\/02\/logo120.png\",\"width\":1227,\"height\":120,\"caption\":\"Jornal Fatos e Not\u00edcias\"},\"image\":{\"@id\":\"https:\/\/jornalfatosenoticias.com.br\/#\/schema\/logo\/image\/\"}},{\"@type\":\"Person\",\"@id\":\"https:\/\/jornalfatosenoticias.com.br\/#\/schema\/person\/d63837fa13ac8666eb9e74e0985d6f81\",\"name\":\"Luzimara Fernandes\",\"image\":{\"@type\":\"ImageObject\",\"inLanguage\":\"pt-BR\",\"@id\":\"https:\/\/jornalfatosenoticias.com.br\/#\/schema\/person\/image\/\",\"url\":\"https:\/\/jornalfatosenoticias.com.br\/wp-content\/uploads\/2025\/05\/EU_portal.jpg\",\"contentUrl\":\"https:\/\/jornalfatosenoticias.com.br\/wp-content\/uploads\/2025\/05\/EU_portal.jpg\",\"caption\":\"Luzimara Fernandes\"},\"description\":\"Jornalista MTB 2358-ES\",\"sameAs\":[\"https:\/\/jornalfatosenoticias.com.br\"],\"url\":\"https:\/\/jornalfatosenoticias.com.br\/index.php\/author\/luzimara\/\"}]}<\/script>\n<!-- \/ Yoast SEO plugin. -->","yoast_head_json":{"title":"Guia gratuito ensina a planejar ruas para crian\u00e7as - Jornal Fatos e Not\u00edcias","robots":{"index":"index","follow":"follow","max-snippet":"max-snippet:-1","max-image-preview":"max-image-preview:large","max-video-preview":"max-video-preview:-1"},"canonical":"https:\/\/jornalfatosenoticias.com.br\/index.php\/2022\/05\/20\/guia-gratuito-ensina-a-planejar-ruas-para-criancas\/","og_locale":"pt_BR","og_type":"article","og_title":"Guia gratuito ensina a planejar ruas para crian\u00e7as - Jornal Fatos e Not\u00edcias","og_description":"Publica\u00e7\u00e3o internacional prioriza crian\u00e7as, beb\u00eas e cuidadores no desenho de espa\u00e7os urbanos A Global Designing Cities Initiative (GDCI) lan\u00e7ou um Guia Global de Desenhos de Ruas para ajudar urbanistas na dif\u00edcil tarefa de incluir em seus projetos todos os atores dos cen\u00e1rios urbanos. A publica\u00e7\u00e3o se tornou uma refer\u00eancia e ganhou agora um guia especial, [&hellip;]","og_url":"https:\/\/jornalfatosenoticias.com.br\/index.php\/2022\/05\/20\/guia-gratuito-ensina-a-planejar-ruas-para-criancas\/","og_site_name":"Jornal Fatos e Not\u00edcias","article_published_time":"2022-05-20T16:51:14+00:00","article_modified_time":"2022-05-20T16:51:15+00:00","og_image":[{"width":1000,"height":660,"url":"https:\/\/jornalfatosenoticias.com.br\/wp-content\/uploads\/2022\/05\/guia-rua-criancas-foto-Paulo-Winz-1.jpg","type":"image\/jpeg"}],"author":"Luzimara Fernandes","twitter_card":"summary_large_image","twitter_misc":{"Escrito por":"Luzimara Fernandes","Est. tempo de leitura":"4 minutos"},"schema":{"@context":"https:\/\/schema.org","@graph":[{"@type":"Article","@id":"https:\/\/jornalfatosenoticias.com.br\/index.php\/2022\/05\/20\/guia-gratuito-ensina-a-planejar-ruas-para-criancas\/#article","isPartOf":{"@id":"https:\/\/jornalfatosenoticias.com.br\/index.php\/2022\/05\/20\/guia-gratuito-ensina-a-planejar-ruas-para-criancas\/"},"author":{"name":"Luzimara Fernandes","@id":"https:\/\/jornalfatosenoticias.com.br\/#\/schema\/person\/d63837fa13ac8666eb9e74e0985d6f81"},"headline":"Guia gratuito ensina a planejar ruas para crian\u00e7as","datePublished":"2022-05-20T16:51:14+00:00","dateModified":"2022-05-20T16:51:15+00:00","mainEntityOfPage":{"@id":"https:\/\/jornalfatosenoticias.com.br\/index.php\/2022\/05\/20\/guia-gratuito-ensina-a-planejar-ruas-para-criancas\/"},"wordCount":812,"commentCount":0,"publisher":{"@id":"https:\/\/jornalfatosenoticias.com.br\/#organization"},"image":{"@id":"https:\/\/jornalfatosenoticias.com.br\/index.php\/2022\/05\/20\/guia-gratuito-ensina-a-planejar-ruas-para-criancas\/#primaryimage"},"thumbnailUrl":"https:\/\/jornalfatosenoticias.com.br\/wp-content\/uploads\/2022\/05\/guia-rua-criancas-foto-Paulo-Winz-1.jpg","keywords":["Arq &amp; Urb","arquitetura e urbanismo","espa\u00e7os urbanos","rua para crian\u00e7as"],"articleSection":["Arq &amp; Urb"],"inLanguage":"pt-BR","potentialAction":[{"@type":"CommentAction","name":"Comment","target":["https:\/\/jornalfatosenoticias.com.br\/index.php\/2022\/05\/20\/guia-gratuito-ensina-a-planejar-ruas-para-criancas\/#respond"]}]},{"@type":"WebPage","@id":"https:\/\/jornalfatosenoticias.com.br\/index.php\/2022\/05\/20\/guia-gratuito-ensina-a-planejar-ruas-para-criancas\/","url":"https:\/\/jornalfatosenoticias.com.br\/index.php\/2022\/05\/20\/guia-gratuito-ensina-a-planejar-ruas-para-criancas\/","name":"Guia gratuito ensina a planejar ruas para crian\u00e7as - Jornal Fatos e Not\u00edcias","isPartOf":{"@id":"https:\/\/jornalfatosenoticias.com.br\/#website"},"primaryImageOfPage":{"@id":"https:\/\/jornalfatosenoticias.com.br\/index.php\/2022\/05\/20\/guia-gratuito-ensina-a-planejar-ruas-para-criancas\/#primaryimage"},"image":{"@id":"https:\/\/jornalfatosenoticias.com.br\/index.php\/2022\/05\/20\/guia-gratuito-ensina-a-planejar-ruas-para-criancas\/#primaryimage"},"thumbnailUrl":"https:\/\/jornalfatosenoticias.com.br\/wp-content\/uploads\/2022\/05\/guia-rua-criancas-foto-Paulo-Winz-1.jpg","datePublished":"2022-05-20T16:51:14+00:00","dateModified":"2022-05-20T16:51:15+00:00","breadcrumb":{"@id":"https:\/\/jornalfatosenoticias.com.br\/index.php\/2022\/05\/20\/guia-gratuito-ensina-a-planejar-ruas-para-criancas\/#breadcrumb"},"inLanguage":"pt-BR","potentialAction":[{"@type":"ReadAction","target":["https:\/\/jornalfatosenoticias.com.br\/index.php\/2022\/05\/20\/guia-gratuito-ensina-a-planejar-ruas-para-criancas\/"]}]},{"@type":"ImageObject","inLanguage":"pt-BR","@id":"https:\/\/jornalfatosenoticias.com.br\/index.php\/2022\/05\/20\/guia-gratuito-ensina-a-planejar-ruas-para-criancas\/#primaryimage","url":"https:\/\/jornalfatosenoticias.com.br\/wp-content\/uploads\/2022\/05\/guia-rua-criancas-foto-Paulo-Winz-1.jpg","contentUrl":"https:\/\/jornalfatosenoticias.com.br\/wp-content\/uploads\/2022\/05\/guia-rua-criancas-foto-Paulo-Winz-1.jpg","width":1000,"height":660},{"@type":"BreadcrumbList","@id":"https:\/\/jornalfatosenoticias.com.br\/index.php\/2022\/05\/20\/guia-gratuito-ensina-a-planejar-ruas-para-criancas\/#breadcrumb","itemListElement":[{"@type":"ListItem","position":1,"name":"In\u00edcio","item":"https:\/\/jornalfatosenoticias.com.br\/"},{"@type":"ListItem","position":2,"name":"Guia gratuito ensina a planejar ruas para crian\u00e7as"}]},{"@type":"WebSite","@id":"https:\/\/jornalfatosenoticias.com.br\/#website","url":"https:\/\/jornalfatosenoticias.com.br\/","name":"Jornal Fatos e Not\u00edcias","description":"Not\u00edcias em geral","publisher":{"@id":"https:\/\/jornalfatosenoticias.com.br\/#organization"},"potentialAction":[{"@type":"SearchAction","target":{"@type":"EntryPoint","urlTemplate":"https:\/\/jornalfatosenoticias.com.br\/?s={search_term_string}"},"query-input":{"@type":"PropertyValueSpecification","valueRequired":true,"valueName":"search_term_string"}}],"inLanguage":"pt-BR"},{"@type":"Organization","@id":"https:\/\/jornalfatosenoticias.com.br\/#organization","name":"Jornal Fatos e Not\u00edcias","url":"https:\/\/jornalfatosenoticias.com.br\/","logo":{"@type":"ImageObject","inLanguage":"pt-BR","@id":"https:\/\/jornalfatosenoticias.com.br\/#\/schema\/logo\/image\/","url":"https:\/\/jornalfatosenoticias.com.br\/wp-content\/uploads\/2020\/02\/logo120.png","contentUrl":"https:\/\/jornalfatosenoticias.com.br\/wp-content\/uploads\/2020\/02\/logo120.png","width":1227,"height":120,"caption":"Jornal Fatos e Not\u00edcias"},"image":{"@id":"https:\/\/jornalfatosenoticias.com.br\/#\/schema\/logo\/image\/"}},{"@type":"Person","@id":"https:\/\/jornalfatosenoticias.com.br\/#\/schema\/person\/d63837fa13ac8666eb9e74e0985d6f81","name":"Luzimara Fernandes","image":{"@type":"ImageObject","inLanguage":"pt-BR","@id":"https:\/\/jornalfatosenoticias.com.br\/#\/schema\/person\/image\/","url":"https:\/\/jornalfatosenoticias.com.br\/wp-content\/uploads\/2025\/05\/EU_portal.jpg","contentUrl":"https:\/\/jornalfatosenoticias.com.br\/wp-content\/uploads\/2025\/05\/EU_portal.jpg","caption":"Luzimara Fernandes"},"description":"Jornalista MTB 2358-ES","sameAs":["https:\/\/jornalfatosenoticias.com.br"],"url":"https:\/\/jornalfatosenoticias.com.br\/index.php\/author\/luzimara\/"}]}},"cc_featured_image_caption":{"caption_text":"(Foto: Paulo Winz) ","source_text":"","source_url":""},"jetpack_featured_media_url":"https:\/\/jornalfatosenoticias.com.br\/wp-content\/uploads\/2022\/05\/guia-rua-criancas-foto-Paulo-Winz-1.jpg","_links":{"self":[{"href":"https:\/\/jornalfatosenoticias.com.br\/index.php\/wp-json\/wp\/v2\/posts\/30626","targetHints":{"allow":["GET"]}}],"collection":[{"href":"https:\/\/jornalfatosenoticias.com.br\/index.php\/wp-json\/wp\/v2\/posts"}],"about":[{"href":"https:\/\/jornalfatosenoticias.com.br\/index.php\/wp-json\/wp\/v2\/types\/post"}],"author":[{"embeddable":true,"href":"https:\/\/jornalfatosenoticias.com.br\/index.php\/wp-json\/wp\/v2\/users\/2"}],"replies":[{"embeddable":true,"href":"https:\/\/jornalfatosenoticias.com.br\/index.php\/wp-json\/wp\/v2\/comments?post=30626"}],"version-history":[{"count":0,"href":"https:\/\/jornalfatosenoticias.com.br\/index.php\/wp-json\/wp\/v2\/posts\/30626\/revisions"}],"wp:featuredmedia":[{"embeddable":true,"href":"https:\/\/jornalfatosenoticias.com.br\/index.php\/wp-json\/wp\/v2\/media\/30631"}],"wp:attachment":[{"href":"https:\/\/jornalfatosenoticias.com.br\/index.php\/wp-json\/wp\/v2\/media?parent=30626"}],"wp:term":[{"taxonomy":"category","embeddable":true,"href":"https:\/\/jornalfatosenoticias.com.br\/index.php\/wp-json\/wp\/v2\/categories?post=30626"},{"taxonomy":"post_tag","embeddable":true,"href":"https:\/\/jornalfatosenoticias.com.br\/index.php\/wp-json\/wp\/v2\/tags?post=30626"}],"curies":[{"name":"wp","href":"https:\/\/api.w.org\/{rel}","templated":true}]}}