{"id":30633,"date":"2022-05-20T14:01:47","date_gmt":"2022-05-20T17:01:47","guid":{"rendered":"https:\/\/jornalfatosenoticias.com.br\/?p=30633"},"modified":"2022-05-20T14:01:52","modified_gmt":"2022-05-20T17:01:52","slug":"russia-volta-com-carros-da-era-sovietica-apos-saida-de-concessionarias","status":"publish","type":"post","link":"https:\/\/jornalfatosenoticias.com.br\/index.php\/2022\/05\/20\/russia-volta-com-carros-da-era-sovietica-apos-saida-de-concessionarias\/","title":{"rendered":"R\u00fassia volta com carros da era sovi\u00e9tica ap\u00f3s sa\u00edda de concession\u00e1rias"},"content":{"rendered":"\n<p><em><span class=\"has-inline-color has-black-color\">Renault deixou os russos e Moscou aproveita a situa\u00e7\u00e3o para lan\u00e7amentos<\/span><\/em><\/p>\n\n\n\n<div class=\"wp-block-image\"><figure class=\"aligncenter size-large is-resized\"><img loading=\"lazy\" decoding=\"async\" src=\"https:\/\/jornalfatosenoticias.com.br\/wp-content\/uploads\/2020\/02\/banner_ferramentas-1024x100.jpg\" alt=\"\" class=\"wp-image-1258\" width=\"389\" height=\"37\" srcset=\"https:\/\/jornalfatosenoticias.com.br\/wp-content\/uploads\/2020\/02\/banner_ferramentas-1024x100.jpg 1024w, https:\/\/jornalfatosenoticias.com.br\/wp-content\/uploads\/2020\/02\/banner_ferramentas-300x29.jpg 300w, https:\/\/jornalfatosenoticias.com.br\/wp-content\/uploads\/2020\/02\/banner_ferramentas-768x75.jpg 768w, https:\/\/jornalfatosenoticias.com.br\/wp-content\/uploads\/2020\/02\/banner_ferramentas.jpg 1227w\" sizes=\"auto, (max-width: 389px) 100vw, 389px\" \/><\/figure><\/div>\n\n\n\n<p>Entre <a href=\"https:\/\/aventurasnahistoria.uol.com.br\/noticias\/historia-hoje\/russia-abandona-estacao-espacial-internacional-iss.phtml\">san\u00e7\u00f5es econ\u00f4micas e geogr\u00e1ficas<\/a>, uma das formas que empresas tem de tentar tirar poder aquisitivo da R\u00fassia por n\u00e3o concordarem com as a\u00e7\u00f5es militares<a href=\"https:\/\/aventurasnahistoria.uol.com.br\/noticias\/historia-hoje\/putin-esta-com-cancer-afirma-governo-da-ucrania.phtml\">\u00a0chefiadas por\u00a0<\/a><strong><a href=\"https:\/\/aventurasnahistoria.uol.com.br\/noticias\/historia-hoje\/putin-esta-com-cancer-afirma-governo-da-ucrania.phtml\">Vladimir Putin<\/a><\/strong> \u00e9 a retirada de seus produtos da regi\u00e3o.<br>Ap\u00f3s a Renault <a href=\"https:\/\/aventurasnahistoria.uol.com.br\/noticias\/historia-hoje\/saida-da-russia-custa-milhoes-de-dolares-para-o-mcdonalds.phtml\">anunciar a sa\u00edda de suas opera\u00e7\u00f5es no pa\u00eds<\/a> na segunda-feira, 16, o prefeito de Moscou declarou que usar\u00e1 as f\u00e1bricas da concession\u00e1ria para construir autom\u00f3veis da &#8220;Moskvich&#8221;, marca da \u00e9poca sovi\u00e9tica.<br>Assim como quase todas as marcas da \u00e9poca, a &#8220;Moskvich&#8221; sofreu com problemas de qualidade, tendo sua origem em 1930 e fechamento em 1991, recebendo cr\u00edticas em livros e reportagens que chamavam os modelos de \u201ccarros horr\u00edveis\u201d.<\/p>\n\n\n\n<div class=\"wp-block-image\"><figure class=\"aligncenter size-large is-resized\"><img loading=\"lazy\" decoding=\"async\" src=\"https:\/\/jornalfatosenoticias.com.br\/wp-content\/uploads\/2020\/02\/Serra-Grande-1024x160.png\" alt=\"\" class=\"wp-image-7836\" width=\"357\" height=\"55\"\/><\/figure><\/div>\n\n\n\n<p>Apesar das diversas pol\u00eamicas, as for\u00e7as sovi\u00e9ticas conseguiram, na \u00e9poca, ap\u00f3s longas conversas, fazer com que a montadora francesa Renault chegasse para desenvolver e melhorar as f\u00e1bricas da marca, produzindo carros de at\u00e9 1975 no m\u00e1ximo.<br>Com <a href=\"https:\/\/aventurasnahistoria.uol.com.br\/noticias\/reportagem\/serie-os-ultimos-czares-serie-netflix-russia.phtml\">a queda do governo sovi\u00e9tico<\/a>, a montadora conseguiu se instalar atrav\u00e9s de seu nome oficial, sem precisar ser mais uma produ\u00e7\u00e3o velada.<\/p>\n\n\n\n<div class=\"wp-block-image\"><figure class=\"alignright size-large\"><img decoding=\"async\" src=\"https:\/\/jornalfatosenoticias.com.br\/wp-content\/uploads\/2020\/02\/logo_esteio.jpg\" alt=\"\" class=\"wp-image-1214\"\/><\/figure><\/div>\n\n\n\n<p><strong><span class=\"has-inline-color has-vivid-red-color\">Comunicado oficial<br><\/span><\/strong>A Renault afirma que seu controle acion\u00e1rio foi vendido para o governo russo, enquanto a f\u00e1brica onde os carros eram produzidos, localizada em Moscou, foi vendida para o governo da capital.<br>A empresa ressalta ainda que n\u00e3o est\u00e3o fechados na ideia de um retorno ao territ\u00f3rio se observarem mudan\u00e7as profundas na condu\u00e7\u00e3o da guerra contra a Ucr\u00e2nia, conforme apura\u00e7\u00e3o da CNN.<\/p>\n\n\n\n<div class=\"wp-block-image\"><figure class=\"aligncenter size-large is-resized\"><img loading=\"lazy\" decoding=\"async\" src=\"https:\/\/jornalfatosenoticias.com.br\/wp-content\/uploads\/2022\/03\/logo-Suinco-1024x390.jpg\" alt=\"\" class=\"wp-image-28785\" width=\"268\" height=\"101\"\/><\/figure><\/div>\n\n\n\n<blockquote class=\"wp-block-quote is-layout-flow wp-block-quote-is-layout-flow\"><p><span class=\"has-inline-color has-luminous-vivid-orange-color\">\u201cO propriet\u00e1rio estrangeiro decidiu fechar a f\u00e1brica da Renault em Moscou. Isso \u00e9 direito deles, no entanto, n\u00e3o podemos permitir que milhares de trabalhadores fiquem desempregados. Portanto, tomei a decis\u00e3o de registrar a f\u00e1brica como um ativo da cidade e retomar a produ\u00e7\u00e3o de carros de passeio sob a hist\u00f3rica marca Moskvich\u201d, disse o prefeito de Moscou, <strong>Sergei Sobyanin.<\/strong><\/span><\/p><\/blockquote>\n\n\n\n<div class=\"wp-block-image\"><figure class=\"aligncenter size-large is-resized\"><img loading=\"lazy\" decoding=\"async\" src=\"https:\/\/jornalfatosenoticias.com.br\/wp-content\/uploads\/2020\/02\/nova-logo-Marquetti.jpg\" alt=\"\" class=\"wp-image-22331\" width=\"208\" height=\"140\" srcset=\"https:\/\/jornalfatosenoticias.com.br\/wp-content\/uploads\/2020\/02\/nova-logo-Marquetti.jpg 643w, https:\/\/jornalfatosenoticias.com.br\/wp-content\/uploads\/2020\/02\/nova-logo-Marquetti-300x202.jpg 300w\" sizes=\"auto, (max-width: 208px) 100vw, 208px\" \/><\/figure><\/div>\n\n\n\n<p>Ainda de acordo com falas de <strong>Sobyanin<\/strong> em seu blog, a empresa come\u00e7ar\u00e1 a produ\u00e7\u00e3o com carros movidos \u00e0 gasolina, por\u00e9m, em pouco tempo, deseja lan\u00e7ar os carros \u201cel\u00e9tricos e futuristas\u201d em toda a R\u00fassia.<\/p>\n\n\n\n<p><strong><em>Fonte: <a href=\"https:\/\/aventurasnahistoria.uol.com.br\/noticias\/historia-hoje\/apos-saidas-de-concessionarias-russia-volta-com-carros-da-era-sovietica.phtml\">Aventuras na Hist\u00f3ria<\/a><\/em><\/strong><\/p>\n","protected":false},"excerpt":{"rendered":"<p>Renault deixou os russos e Moscou aproveita a situa\u00e7\u00e3o para lan\u00e7amentos Entre san\u00e7\u00f5es econ\u00f4micas e geogr\u00e1ficas, uma das formas que empresas tem de tentar tirar poder aquisitivo da R\u00fassia por n\u00e3o concordarem com as a\u00e7\u00f5es militares\u00a0chefiadas por\u00a0Vladimir Putin \u00e9 a retirada de seus produtos da regi\u00e3o.Ap\u00f3s a Renault anunciar a sa\u00edda de suas opera\u00e7\u00f5es no [&hellip;]<\/p>\n","protected":false},"author":2,"featured_media":30634,"comment_status":"open","ping_status":"open","sticky":false,"template":"","format":"standard","meta":{"footnotes":""},"categories":[9,41],"tags":[6044,4491,4351,14150,14558,991,14559,10577,6287],"class_list":["post-30633","post","type-post","status-publish","format-standard","has-post-thumbnail","hentry","category-economia","category-internacional","tag-carro","tag-guerra","tag-moscou","tag-putin","tag-renault","tag-russia","tag-sovietico","tag-ucrania","tag-uniao-sovietica"],"yoast_head":"<!-- This site is optimized with the Yoast SEO plugin v26.5 - https:\/\/yoast.com\/wordpress\/plugins\/seo\/ -->\n<title>R\u00fassia volta com carros da era sovi\u00e9tica ap\u00f3s sa\u00edda de concession\u00e1rias - Jornal Fatos e Not\u00edcias<\/title>\n<meta name=\"robots\" content=\"index, follow, max-snippet:-1, max-image-preview:large, max-video-preview:-1\" \/>\n<link rel=\"canonical\" href=\"https:\/\/jornalfatosenoticias.com.br\/index.php\/2022\/05\/20\/russia-volta-com-carros-da-era-sovietica-apos-saida-de-concessionarias\/\" \/>\n<meta property=\"og:locale\" content=\"pt_BR\" \/>\n<meta property=\"og:type\" content=\"article\" \/>\n<meta property=\"og:title\" content=\"R\u00fassia volta com carros da era sovi\u00e9tica ap\u00f3s sa\u00edda de concession\u00e1rias - Jornal Fatos e Not\u00edcias\" \/>\n<meta property=\"og:description\" content=\"Renault deixou os russos e Moscou aproveita a situa\u00e7\u00e3o para lan\u00e7amentos Entre san\u00e7\u00f5es econ\u00f4micas e geogr\u00e1ficas, uma das formas que empresas tem de tentar tirar poder aquisitivo da R\u00fassia por n\u00e3o concordarem com as a\u00e7\u00f5es militares\u00a0chefiadas por\u00a0Vladimir Putin \u00e9 a retirada de seus produtos da regi\u00e3o.Ap\u00f3s a Renault anunciar a sa\u00edda de suas opera\u00e7\u00f5es no [&hellip;]\" \/>\n<meta property=\"og:url\" content=\"https:\/\/jornalfatosenoticias.com.br\/index.php\/2022\/05\/20\/russia-volta-com-carros-da-era-sovietica-apos-saida-de-concessionarias\/\" \/>\n<meta property=\"og:site_name\" content=\"Jornal Fatos e Not\u00edcias\" \/>\n<meta property=\"article:published_time\" content=\"2022-05-20T17:01:47+00:00\" \/>\n<meta property=\"article:modified_time\" content=\"2022-05-20T17:01:52+00:00\" \/>\n<meta property=\"og:image\" content=\"https:\/\/jornalfatosenoticias.com.br\/wp-content\/uploads\/2022\/05\/carro_russia.jpg\" \/>\n\t<meta property=\"og:image:width\" content=\"1000\" \/>\n\t<meta property=\"og:image:height\" content=\"562\" \/>\n\t<meta property=\"og:image:type\" content=\"image\/jpeg\" \/>\n<meta name=\"author\" content=\"Luzimara Fernandes\" \/>\n<meta name=\"twitter:card\" content=\"summary_large_image\" \/>\n<meta name=\"twitter:label1\" content=\"Escrito por\" \/>\n\t<meta name=\"twitter:data1\" content=\"Luzimara Fernandes\" \/>\n\t<meta name=\"twitter:label2\" content=\"Est. tempo de leitura\" \/>\n\t<meta name=\"twitter:data2\" content=\"2 minutos\" \/>\n<script type=\"application\/ld+json\" class=\"yoast-schema-graph\">{\"@context\":\"https:\/\/schema.org\",\"@graph\":[{\"@type\":\"Article\",\"@id\":\"https:\/\/jornalfatosenoticias.com.br\/index.php\/2022\/05\/20\/russia-volta-com-carros-da-era-sovietica-apos-saida-de-concessionarias\/#article\",\"isPartOf\":{\"@id\":\"https:\/\/jornalfatosenoticias.com.br\/index.php\/2022\/05\/20\/russia-volta-com-carros-da-era-sovietica-apos-saida-de-concessionarias\/\"},\"author\":{\"name\":\"Luzimara Fernandes\",\"@id\":\"https:\/\/jornalfatosenoticias.com.br\/#\/schema\/person\/d63837fa13ac8666eb9e74e0985d6f81\"},\"headline\":\"R\u00fassia volta com carros da era sovi\u00e9tica ap\u00f3s sa\u00edda de concession\u00e1rias\",\"datePublished\":\"2022-05-20T17:01:47+00:00\",\"dateModified\":\"2022-05-20T17:01:52+00:00\",\"mainEntityOfPage\":{\"@id\":\"https:\/\/jornalfatosenoticias.com.br\/index.php\/2022\/05\/20\/russia-volta-com-carros-da-era-sovietica-apos-saida-de-concessionarias\/\"},\"wordCount\":399,\"commentCount\":0,\"publisher\":{\"@id\":\"https:\/\/jornalfatosenoticias.com.br\/#organization\"},\"image\":{\"@id\":\"https:\/\/jornalfatosenoticias.com.br\/index.php\/2022\/05\/20\/russia-volta-com-carros-da-era-sovietica-apos-saida-de-concessionarias\/#primaryimage\"},\"thumbnailUrl\":\"https:\/\/jornalfatosenoticias.com.br\/wp-content\/uploads\/2022\/05\/carro_russia.jpg\",\"keywords\":[\"carro\",\"guerra\",\"Moscou\",\"Putin\",\"Renault\",\"R\u00fassia\",\"sovi\u00e9tico\",\"Ucr\u00e2nia\",\"Uni\u00e3o Sovi\u00e9tica\"],\"articleSection\":[\"Economia\",\"Internacional\"],\"inLanguage\":\"pt-BR\",\"potentialAction\":[{\"@type\":\"CommentAction\",\"name\":\"Comment\",\"target\":[\"https:\/\/jornalfatosenoticias.com.br\/index.php\/2022\/05\/20\/russia-volta-com-carros-da-era-sovietica-apos-saida-de-concessionarias\/#respond\"]}]},{\"@type\":\"WebPage\",\"@id\":\"https:\/\/jornalfatosenoticias.com.br\/index.php\/2022\/05\/20\/russia-volta-com-carros-da-era-sovietica-apos-saida-de-concessionarias\/\",\"url\":\"https:\/\/jornalfatosenoticias.com.br\/index.php\/2022\/05\/20\/russia-volta-com-carros-da-era-sovietica-apos-saida-de-concessionarias\/\",\"name\":\"R\u00fassia volta com carros da era sovi\u00e9tica ap\u00f3s sa\u00edda de concession\u00e1rias - Jornal Fatos e Not\u00edcias\",\"isPartOf\":{\"@id\":\"https:\/\/jornalfatosenoticias.com.br\/#website\"},\"primaryImageOfPage\":{\"@id\":\"https:\/\/jornalfatosenoticias.com.br\/index.php\/2022\/05\/20\/russia-volta-com-carros-da-era-sovietica-apos-saida-de-concessionarias\/#primaryimage\"},\"image\":{\"@id\":\"https:\/\/jornalfatosenoticias.com.br\/index.php\/2022\/05\/20\/russia-volta-com-carros-da-era-sovietica-apos-saida-de-concessionarias\/#primaryimage\"},\"thumbnailUrl\":\"https:\/\/jornalfatosenoticias.com.br\/wp-content\/uploads\/2022\/05\/carro_russia.jpg\",\"datePublished\":\"2022-05-20T17:01:47+00:00\",\"dateModified\":\"2022-05-20T17:01:52+00:00\",\"breadcrumb\":{\"@id\":\"https:\/\/jornalfatosenoticias.com.br\/index.php\/2022\/05\/20\/russia-volta-com-carros-da-era-sovietica-apos-saida-de-concessionarias\/#breadcrumb\"},\"inLanguage\":\"pt-BR\",\"potentialAction\":[{\"@type\":\"ReadAction\",\"target\":[\"https:\/\/jornalfatosenoticias.com.br\/index.php\/2022\/05\/20\/russia-volta-com-carros-da-era-sovietica-apos-saida-de-concessionarias\/\"]}]},{\"@type\":\"ImageObject\",\"inLanguage\":\"pt-BR\",\"@id\":\"https:\/\/jornalfatosenoticias.com.br\/index.php\/2022\/05\/20\/russia-volta-com-carros-da-era-sovietica-apos-saida-de-concessionarias\/#primaryimage\",\"url\":\"https:\/\/jornalfatosenoticias.com.br\/wp-content\/uploads\/2022\/05\/carro_russia.jpg\",\"contentUrl\":\"https:\/\/jornalfatosenoticias.com.br\/wp-content\/uploads\/2022\/05\/carro_russia.jpg\",\"width\":1000,\"height\":562},{\"@type\":\"BreadcrumbList\",\"@id\":\"https:\/\/jornalfatosenoticias.com.br\/index.php\/2022\/05\/20\/russia-volta-com-carros-da-era-sovietica-apos-saida-de-concessionarias\/#breadcrumb\",\"itemListElement\":[{\"@type\":\"ListItem\",\"position\":1,\"name\":\"In\u00edcio\",\"item\":\"https:\/\/jornalfatosenoticias.com.br\/\"},{\"@type\":\"ListItem\",\"position\":2,\"name\":\"R\u00fassia volta com carros da era sovi\u00e9tica ap\u00f3s sa\u00edda de concession\u00e1rias\"}]},{\"@type\":\"WebSite\",\"@id\":\"https:\/\/jornalfatosenoticias.com.br\/#website\",\"url\":\"https:\/\/jornalfatosenoticias.com.br\/\",\"name\":\"Jornal Fatos e Not\u00edcias\",\"description\":\"Not\u00edcias em geral\",\"publisher\":{\"@id\":\"https:\/\/jornalfatosenoticias.com.br\/#organization\"},\"potentialAction\":[{\"@type\":\"SearchAction\",\"target\":{\"@type\":\"EntryPoint\",\"urlTemplate\":\"https:\/\/jornalfatosenoticias.com.br\/?s={search_term_string}\"},\"query-input\":{\"@type\":\"PropertyValueSpecification\",\"valueRequired\":true,\"valueName\":\"search_term_string\"}}],\"inLanguage\":\"pt-BR\"},{\"@type\":\"Organization\",\"@id\":\"https:\/\/jornalfatosenoticias.com.br\/#organization\",\"name\":\"Jornal Fatos e Not\u00edcias\",\"url\":\"https:\/\/jornalfatosenoticias.com.br\/\",\"logo\":{\"@type\":\"ImageObject\",\"inLanguage\":\"pt-BR\",\"@id\":\"https:\/\/jornalfatosenoticias.com.br\/#\/schema\/logo\/image\/\",\"url\":\"https:\/\/jornalfatosenoticias.com.br\/wp-content\/uploads\/2020\/02\/logo120.png\",\"contentUrl\":\"https:\/\/jornalfatosenoticias.com.br\/wp-content\/uploads\/2020\/02\/logo120.png\",\"width\":1227,\"height\":120,\"caption\":\"Jornal Fatos e Not\u00edcias\"},\"image\":{\"@id\":\"https:\/\/jornalfatosenoticias.com.br\/#\/schema\/logo\/image\/\"}},{\"@type\":\"Person\",\"@id\":\"https:\/\/jornalfatosenoticias.com.br\/#\/schema\/person\/d63837fa13ac8666eb9e74e0985d6f81\",\"name\":\"Luzimara Fernandes\",\"image\":{\"@type\":\"ImageObject\",\"inLanguage\":\"pt-BR\",\"@id\":\"https:\/\/jornalfatosenoticias.com.br\/#\/schema\/person\/image\/\",\"url\":\"https:\/\/jornalfatosenoticias.com.br\/wp-content\/uploads\/2025\/05\/EU_portal.jpg\",\"contentUrl\":\"https:\/\/jornalfatosenoticias.com.br\/wp-content\/uploads\/2025\/05\/EU_portal.jpg\",\"caption\":\"Luzimara Fernandes\"},\"description\":\"Jornalista MTB 2358-ES\",\"sameAs\":[\"https:\/\/jornalfatosenoticias.com.br\"],\"url\":\"https:\/\/jornalfatosenoticias.com.br\/index.php\/author\/luzimara\/\"}]}<\/script>\n<!-- \/ Yoast SEO plugin. -->","yoast_head_json":{"title":"R\u00fassia volta com carros da era sovi\u00e9tica ap\u00f3s sa\u00edda de concession\u00e1rias - Jornal Fatos e Not\u00edcias","robots":{"index":"index","follow":"follow","max-snippet":"max-snippet:-1","max-image-preview":"max-image-preview:large","max-video-preview":"max-video-preview:-1"},"canonical":"https:\/\/jornalfatosenoticias.com.br\/index.php\/2022\/05\/20\/russia-volta-com-carros-da-era-sovietica-apos-saida-de-concessionarias\/","og_locale":"pt_BR","og_type":"article","og_title":"R\u00fassia volta com carros da era sovi\u00e9tica ap\u00f3s sa\u00edda de concession\u00e1rias - Jornal Fatos e Not\u00edcias","og_description":"Renault deixou os russos e Moscou aproveita a situa\u00e7\u00e3o para lan\u00e7amentos Entre san\u00e7\u00f5es econ\u00f4micas e geogr\u00e1ficas, uma das formas que empresas tem de tentar tirar poder aquisitivo da R\u00fassia por n\u00e3o concordarem com as a\u00e7\u00f5es militares\u00a0chefiadas por\u00a0Vladimir Putin \u00e9 a retirada de seus produtos da regi\u00e3o.Ap\u00f3s a Renault anunciar a sa\u00edda de suas opera\u00e7\u00f5es no [&hellip;]","og_url":"https:\/\/jornalfatosenoticias.com.br\/index.php\/2022\/05\/20\/russia-volta-com-carros-da-era-sovietica-apos-saida-de-concessionarias\/","og_site_name":"Jornal Fatos e Not\u00edcias","article_published_time":"2022-05-20T17:01:47+00:00","article_modified_time":"2022-05-20T17:01:52+00:00","og_image":[{"width":1000,"height":562,"url":"https:\/\/jornalfatosenoticias.com.br\/wp-content\/uploads\/2022\/05\/carro_russia.jpg","type":"image\/jpeg"}],"author":"Luzimara Fernandes","twitter_card":"summary_large_image","twitter_misc":{"Escrito por":"Luzimara Fernandes","Est. tempo de leitura":"2 minutos"},"schema":{"@context":"https:\/\/schema.org","@graph":[{"@type":"Article","@id":"https:\/\/jornalfatosenoticias.com.br\/index.php\/2022\/05\/20\/russia-volta-com-carros-da-era-sovietica-apos-saida-de-concessionarias\/#article","isPartOf":{"@id":"https:\/\/jornalfatosenoticias.com.br\/index.php\/2022\/05\/20\/russia-volta-com-carros-da-era-sovietica-apos-saida-de-concessionarias\/"},"author":{"name":"Luzimara Fernandes","@id":"https:\/\/jornalfatosenoticias.com.br\/#\/schema\/person\/d63837fa13ac8666eb9e74e0985d6f81"},"headline":"R\u00fassia volta com carros da era sovi\u00e9tica ap\u00f3s sa\u00edda de concession\u00e1rias","datePublished":"2022-05-20T17:01:47+00:00","dateModified":"2022-05-20T17:01:52+00:00","mainEntityOfPage":{"@id":"https:\/\/jornalfatosenoticias.com.br\/index.php\/2022\/05\/20\/russia-volta-com-carros-da-era-sovietica-apos-saida-de-concessionarias\/"},"wordCount":399,"commentCount":0,"publisher":{"@id":"https:\/\/jornalfatosenoticias.com.br\/#organization"},"image":{"@id":"https:\/\/jornalfatosenoticias.com.br\/index.php\/2022\/05\/20\/russia-volta-com-carros-da-era-sovietica-apos-saida-de-concessionarias\/#primaryimage"},"thumbnailUrl":"https:\/\/jornalfatosenoticias.com.br\/wp-content\/uploads\/2022\/05\/carro_russia.jpg","keywords":["carro","guerra","Moscou","Putin","Renault","R\u00fassia","sovi\u00e9tico","Ucr\u00e2nia","Uni\u00e3o Sovi\u00e9tica"],"articleSection":["Economia","Internacional"],"inLanguage":"pt-BR","potentialAction":[{"@type":"CommentAction","name":"Comment","target":["https:\/\/jornalfatosenoticias.com.br\/index.php\/2022\/05\/20\/russia-volta-com-carros-da-era-sovietica-apos-saida-de-concessionarias\/#respond"]}]},{"@type":"WebPage","@id":"https:\/\/jornalfatosenoticias.com.br\/index.php\/2022\/05\/20\/russia-volta-com-carros-da-era-sovietica-apos-saida-de-concessionarias\/","url":"https:\/\/jornalfatosenoticias.com.br\/index.php\/2022\/05\/20\/russia-volta-com-carros-da-era-sovietica-apos-saida-de-concessionarias\/","name":"R\u00fassia volta com carros da era sovi\u00e9tica ap\u00f3s sa\u00edda de concession\u00e1rias - Jornal Fatos e Not\u00edcias","isPartOf":{"@id":"https:\/\/jornalfatosenoticias.com.br\/#website"},"primaryImageOfPage":{"@id":"https:\/\/jornalfatosenoticias.com.br\/index.php\/2022\/05\/20\/russia-volta-com-carros-da-era-sovietica-apos-saida-de-concessionarias\/#primaryimage"},"image":{"@id":"https:\/\/jornalfatosenoticias.com.br\/index.php\/2022\/05\/20\/russia-volta-com-carros-da-era-sovietica-apos-saida-de-concessionarias\/#primaryimage"},"thumbnailUrl":"https:\/\/jornalfatosenoticias.com.br\/wp-content\/uploads\/2022\/05\/carro_russia.jpg","datePublished":"2022-05-20T17:01:47+00:00","dateModified":"2022-05-20T17:01:52+00:00","breadcrumb":{"@id":"https:\/\/jornalfatosenoticias.com.br\/index.php\/2022\/05\/20\/russia-volta-com-carros-da-era-sovietica-apos-saida-de-concessionarias\/#breadcrumb"},"inLanguage":"pt-BR","potentialAction":[{"@type":"ReadAction","target":["https:\/\/jornalfatosenoticias.com.br\/index.php\/2022\/05\/20\/russia-volta-com-carros-da-era-sovietica-apos-saida-de-concessionarias\/"]}]},{"@type":"ImageObject","inLanguage":"pt-BR","@id":"https:\/\/jornalfatosenoticias.com.br\/index.php\/2022\/05\/20\/russia-volta-com-carros-da-era-sovietica-apos-saida-de-concessionarias\/#primaryimage","url":"https:\/\/jornalfatosenoticias.com.br\/wp-content\/uploads\/2022\/05\/carro_russia.jpg","contentUrl":"https:\/\/jornalfatosenoticias.com.br\/wp-content\/uploads\/2022\/05\/carro_russia.jpg","width":1000,"height":562},{"@type":"BreadcrumbList","@id":"https:\/\/jornalfatosenoticias.com.br\/index.php\/2022\/05\/20\/russia-volta-com-carros-da-era-sovietica-apos-saida-de-concessionarias\/#breadcrumb","itemListElement":[{"@type":"ListItem","position":1,"name":"In\u00edcio","item":"https:\/\/jornalfatosenoticias.com.br\/"},{"@type":"ListItem","position":2,"name":"R\u00fassia volta com carros da era sovi\u00e9tica ap\u00f3s sa\u00edda de concession\u00e1rias"}]},{"@type":"WebSite","@id":"https:\/\/jornalfatosenoticias.com.br\/#website","url":"https:\/\/jornalfatosenoticias.com.br\/","name":"Jornal Fatos e Not\u00edcias","description":"Not\u00edcias em geral","publisher":{"@id":"https:\/\/jornalfatosenoticias.com.br\/#organization"},"potentialAction":[{"@type":"SearchAction","target":{"@type":"EntryPoint","urlTemplate":"https:\/\/jornalfatosenoticias.com.br\/?s={search_term_string}"},"query-input":{"@type":"PropertyValueSpecification","valueRequired":true,"valueName":"search_term_string"}}],"inLanguage":"pt-BR"},{"@type":"Organization","@id":"https:\/\/jornalfatosenoticias.com.br\/#organization","name":"Jornal Fatos e Not\u00edcias","url":"https:\/\/jornalfatosenoticias.com.br\/","logo":{"@type":"ImageObject","inLanguage":"pt-BR","@id":"https:\/\/jornalfatosenoticias.com.br\/#\/schema\/logo\/image\/","url":"https:\/\/jornalfatosenoticias.com.br\/wp-content\/uploads\/2020\/02\/logo120.png","contentUrl":"https:\/\/jornalfatosenoticias.com.br\/wp-content\/uploads\/2020\/02\/logo120.png","width":1227,"height":120,"caption":"Jornal Fatos e Not\u00edcias"},"image":{"@id":"https:\/\/jornalfatosenoticias.com.br\/#\/schema\/logo\/image\/"}},{"@type":"Person","@id":"https:\/\/jornalfatosenoticias.com.br\/#\/schema\/person\/d63837fa13ac8666eb9e74e0985d6f81","name":"Luzimara Fernandes","image":{"@type":"ImageObject","inLanguage":"pt-BR","@id":"https:\/\/jornalfatosenoticias.com.br\/#\/schema\/person\/image\/","url":"https:\/\/jornalfatosenoticias.com.br\/wp-content\/uploads\/2025\/05\/EU_portal.jpg","contentUrl":"https:\/\/jornalfatosenoticias.com.br\/wp-content\/uploads\/2025\/05\/EU_portal.jpg","caption":"Luzimara Fernandes"},"description":"Jornalista MTB 2358-ES","sameAs":["https:\/\/jornalfatosenoticias.com.br"],"url":"https:\/\/jornalfatosenoticias.com.br\/index.php\/author\/luzimara\/"}]}},"cc_featured_image_caption":{"caption_text":"(Foto: Wikimedia Commons\/Dmitry)","source_text":"","source_url":""},"jetpack_featured_media_url":"https:\/\/jornalfatosenoticias.com.br\/wp-content\/uploads\/2022\/05\/carro_russia.jpg","_links":{"self":[{"href":"https:\/\/jornalfatosenoticias.com.br\/index.php\/wp-json\/wp\/v2\/posts\/30633","targetHints":{"allow":["GET"]}}],"collection":[{"href":"https:\/\/jornalfatosenoticias.com.br\/index.php\/wp-json\/wp\/v2\/posts"}],"about":[{"href":"https:\/\/jornalfatosenoticias.com.br\/index.php\/wp-json\/wp\/v2\/types\/post"}],"author":[{"embeddable":true,"href":"https:\/\/jornalfatosenoticias.com.br\/index.php\/wp-json\/wp\/v2\/users\/2"}],"replies":[{"embeddable":true,"href":"https:\/\/jornalfatosenoticias.com.br\/index.php\/wp-json\/wp\/v2\/comments?post=30633"}],"version-history":[{"count":0,"href":"https:\/\/jornalfatosenoticias.com.br\/index.php\/wp-json\/wp\/v2\/posts\/30633\/revisions"}],"wp:featuredmedia":[{"embeddable":true,"href":"https:\/\/jornalfatosenoticias.com.br\/index.php\/wp-json\/wp\/v2\/media\/30634"}],"wp:attachment":[{"href":"https:\/\/jornalfatosenoticias.com.br\/index.php\/wp-json\/wp\/v2\/media?parent=30633"}],"wp:term":[{"taxonomy":"category","embeddable":true,"href":"https:\/\/jornalfatosenoticias.com.br\/index.php\/wp-json\/wp\/v2\/categories?post=30633"},{"taxonomy":"post_tag","embeddable":true,"href":"https:\/\/jornalfatosenoticias.com.br\/index.php\/wp-json\/wp\/v2\/tags?post=30633"}],"curies":[{"name":"wp","href":"https:\/\/api.w.org\/{rel}","templated":true}]}}