{"id":30672,"date":"2022-05-23T15:13:01","date_gmt":"2022-05-23T18:13:01","guid":{"rendered":"https:\/\/jornalfatosenoticias.com.br\/?p=30672"},"modified":"2022-05-23T15:13:02","modified_gmt":"2022-05-23T18:13:02","slug":"servico-de-coleta-de-lixo-eletronico-em-casa-e-lancado-no-brasil","status":"publish","type":"post","link":"https:\/\/jornalfatosenoticias.com.br\/index.php\/2022\/05\/23\/servico-de-coleta-de-lixo-eletronico-em-casa-e-lancado-no-brasil\/","title":{"rendered":"Servi\u00e7o de coleta de lixo eletr\u00f4nico em casa \u00e9 lan\u00e7ado no Brasil"},"content":{"rendered":"\n<p><em><span class=\"has-inline-color has-black-color\">O &#8220;Coleta em Casa&#8221; \u00e9 voltado para quem n\u00e3o possui pontos de coleta de eletr\u00f4nicos pr\u00f3ximo da resid\u00eancia!<\/span><\/em><\/p>\n\n\n\n<div class=\"wp-block-image\"><figure class=\"aligncenter size-large is-resized\"><img loading=\"lazy\" decoding=\"async\" src=\"https:\/\/jornalfatosenoticias.com.br\/wp-content\/uploads\/2020\/02\/Logo_Mizu.png\" alt=\"\" class=\"wp-image-1441\" width=\"419\" height=\"51\" srcset=\"https:\/\/jornalfatosenoticias.com.br\/wp-content\/uploads\/2020\/02\/Logo_Mizu.png 729w, https:\/\/jornalfatosenoticias.com.br\/wp-content\/uploads\/2020\/02\/Logo_Mizu-300x37.png 300w\" sizes=\"auto, (max-width: 419px) 100vw, 419px\" \/><\/figure><\/div>\n\n\n\n<p>A Green Eletron, gestora sem fins lucrativos da log\u00edstica reversa de eletroeletr\u00f4nicos e pilhas, em parceria com a GM&amp;C, empresa que oferece solu\u00e7\u00f5es em log\u00edstica reversa e reciclagem, acabam de lan\u00e7ar um servi\u00e7o de coleta de eletroeletr\u00f4nicos em domic\u00edlio, o \u201cColeta em Casa\u201d.<br>Por meio do servi\u00e7o, os consumidores que moram em qualquer cidade do Brasil poder\u00e3o descartar seus aparelhos eletroeletr\u00f4nicos quebrados ou sem utilidade. Para isso, basta acessar o site, realizar o cadastro, selecionar os produtos que ser\u00e3o recolhidos e agendar a data para a coleta.<br>Ap\u00f3s esse processo, o sistema calcular\u00e1 o valor a ser pago com base no produto que ser\u00e1 descartado e a localidade do consumidor. Todo o servi\u00e7o que envolve a coleta do produto at\u00e9 a sua destina\u00e7\u00e3o final ambientalmente correta ser\u00e1 realizado pela GM&amp;C, mas o consumidor s\u00f3 pagar\u00e1 um valor correspondente ao servi\u00e7o de transporte\/coleta e, segundo a Green Eletron, sem nenhuma margem de lucro.<\/p>\n\n\n\n<div class=\"wp-block-image\"><figure class=\"aligncenter size-large is-resized\"><img loading=\"lazy\" decoding=\"async\" src=\"https:\/\/jornalfatosenoticias.com.br\/wp-content\/uploads\/2022\/02\/Serra-Pack-459.png\" alt=\"\" class=\"wp-image-27471\" width=\"290\" height=\"116\"\/><\/figure><\/div>\n\n\n\n<div class=\"wp-block-image\"><figure class=\"alignleft size-large is-resized\"><img loading=\"lazy\" decoding=\"async\" src=\"https:\/\/jornalfatosenoticias.com.br\/wp-content\/uploads\/2020\/02\/logo_esteio.jpg\" alt=\"\" class=\"wp-image-1214\" width=\"272\" height=\"227\"\/><\/figure><\/div>\n\n\n\n<p><strong><span class=\"has-inline-color has-black-color\">Reciclagem de eletr\u00f4nicos<br><\/span><\/strong>Somente em 2021, a Green Eletron destinou para a reciclagem mais de 870 toneladas de res\u00edduos eletr\u00f4nicos. Isso possibilita o reaproveitamento dos materiais sem utilidade, al\u00e9m de contribuir para a preserva\u00e7\u00e3o do meio ambiente. A ideia \u00e9 fazer com que esse n\u00famero continue crescendo e, consequentemente, toda a cadeia da reciclagem seja beneficiada.<br>O Brasil, apesar de ser um dos pa\u00edses que produz lixo eletr\u00f4nico, ainda recicla pouco.<\/p>\n\n\n\n<figure class=\"wp-block-image size-large\"><img loading=\"lazy\" decoding=\"async\" width=\"1000\" height=\"594\" src=\"https:\/\/jornalfatosenoticias.com.br\/wp-content\/uploads\/2022\/05\/coleta-eletronicos-2.jpg\" alt=\"\" class=\"wp-image-30673\" srcset=\"https:\/\/jornalfatosenoticias.com.br\/wp-content\/uploads\/2022\/05\/coleta-eletronicos-2.jpg 1000w, https:\/\/jornalfatosenoticias.com.br\/wp-content\/uploads\/2022\/05\/coleta-eletronicos-2-300x178.jpg 300w, https:\/\/jornalfatosenoticias.com.br\/wp-content\/uploads\/2022\/05\/coleta-eletronicos-2-768x456.jpg 768w\" sizes=\"auto, (max-width: 1000px) 100vw, 1000px\" \/><figcaption><em><span class=\"has-inline-color has-black-color\">(Imagem: Divulga\u00e7\u00e3o)<\/span><\/em><\/figcaption><\/figure>\n\n\n\n<div class=\"wp-block-image\"><figure class=\"alignright size-large is-resized\"><img loading=\"lazy\" decoding=\"async\" src=\"https:\/\/jornalfatosenoticias.com.br\/wp-content\/uploads\/2020\/02\/nova-logo-Marquetti.jpg\" alt=\"\" class=\"wp-image-22331\" width=\"301\" height=\"202\" srcset=\"https:\/\/jornalfatosenoticias.com.br\/wp-content\/uploads\/2020\/02\/nova-logo-Marquetti.jpg 643w, https:\/\/jornalfatosenoticias.com.br\/wp-content\/uploads\/2020\/02\/nova-logo-Marquetti-300x202.jpg 300w\" sizes=\"auto, (max-width: 301px) 100vw, 301px\" \/><\/figure><\/div>\n\n\n\n<p>O Brasil foi o quinto pa\u00eds que mais produziu res\u00edduos eletr\u00f4nicos em 2019. Segundo o relat\u00f3rio The Global E-waste Monitor 2020, o pa\u00eds ficou atr\u00e1s apenas da China, EUA, \u00cdndia e Jap\u00e3o. Ao todo, foram geradas mais de dois milh\u00f5es de toneladas em um ano, das quais menos de 3% foram recicladas.<br>Tal situa\u00e7\u00e3o n\u00e3o s\u00f3 gera a polui\u00e7\u00e3o do solo e das \u00e1guas \u2014 com o descarte inadequado em aterros sanit\u00e1rios \u2014 como tamb\u00e9m a perda de oportunidades de gerar emprego e renda. Para se ter uma ideia, um estudo revelou que a Am\u00e9rica Latina perde US$ 1,7 bilh\u00e3o por ano devido aos metais preciosos que poderiam ser recuperados.<\/p>\n\n\n\n<div class=\"wp-block-image\"><figure class=\"aligncenter size-large is-resized\"><img loading=\"lazy\" decoding=\"async\" src=\"https:\/\/jornalfatosenoticias.com.br\/wp-content\/uploads\/2020\/02\/Serra-Grande-1024x160.png\" alt=\"\" class=\"wp-image-7836\" width=\"306\" height=\"47\"\/><\/figure><\/div>\n\n\n\n<p><strong><span class=\"has-inline-color has-black-color\">Coleta de eletr\u00f4nicos<br><\/span><\/strong>O \u201cColeta em Casa\u201d foi pensado para os consumidores que desejam descartar corretamente seus eletroeletr\u00f4nicos, mas ainda n\u00e3o s\u00e3o atendidos por um Ponto de Entrega Volunt\u00e1ria (PEV) da Green Eletron. Atualmente, a gestora possui mais de 1.000 desses pontos de coleta distribu\u00eddos em 13 estados e no Distrito Federal e mais de 7.800 exclusivamente para o descarte de pilhas, localizados em todo o pa\u00eds. Confira se h\u00e1 um ponto de coleta pr\u00f3ximo de voc\u00ea.<\/p>\n\n\n\n<div class=\"wp-block-image\"><figure class=\"alignleft size-large is-resized\"><img loading=\"lazy\" decoding=\"async\" src=\"https:\/\/jornalfatosenoticias.com.br\/wp-content\/uploads\/2022\/03\/logo-Suinco-1024x390.jpg\" alt=\"\" class=\"wp-image-28785\" width=\"278\" height=\"105\"\/><\/figure><\/div>\n\n\n\n<p>Outra vantagem do servi\u00e7o \u00e9 para os consumidores que t\u00eam em sua resid\u00eancia aparelhos eletroeletr\u00f4nicos de grande porte como televis\u00f5es, m\u00e1quinas de lavar, geladeiras etc. <\/p>\n\n\n\n<blockquote class=\"wp-block-quote is-layout-flow wp-block-quote-is-layout-flow\"><p><span class=\"has-inline-color has-luminous-vivid-orange-color\">\u201cAl\u00e9m desses produtos n\u00e3o poderem ser recebidos pelos PEVs, muitas pessoas t\u00eam dificuldade de lev\u00e1-los para o descarte em alguma campanha de coleta promovida pela gestora. Com o servi\u00e7o, esses produtos poder\u00e3o ser recolhidos com toda a seguran\u00e7a e conforto de estar em casa\u201d, explica Ademir Brescansin, gerente executivo da Green Eletron.<\/span><\/p><\/blockquote>\n\n\n\n<div class=\"wp-block-image\"><figure class=\"aligncenter size-large is-resized\"><img loading=\"lazy\" decoding=\"async\" src=\"https:\/\/jornalfatosenoticias.com.br\/wp-content\/uploads\/2022\/02\/Banner-1-1024x101.png\" alt=\"\" class=\"wp-image-27923\" width=\"397\" height=\"39\"\/><\/figure><\/div>\n\n\n\n<p><strong><em>Fonte: <a href=\"https:\/\/ciclovivo.com.br\/planeta\/desenvolvimento\/servico-de-coleta-de-lixo-eletronico-em-casa-e-lancado-no-brasil\/\">CicloVivo<\/a><\/em><\/strong><\/p>\n","protected":false},"excerpt":{"rendered":"<p>O &#8220;Coleta em Casa&#8221; \u00e9 voltado para quem n\u00e3o possui pontos de coleta de eletr\u00f4nicos pr\u00f3ximo da resid\u00eancia! A Green Eletron, gestora sem fins lucrativos da log\u00edstica reversa de eletroeletr\u00f4nicos e pilhas, em parceria com a GM&amp;C, empresa que oferece solu\u00e7\u00f5es em log\u00edstica reversa e reciclagem, acabam de lan\u00e7ar um servi\u00e7o de coleta de eletroeletr\u00f4nicos [&hellip;]<\/p>\n","protected":false},"author":2,"featured_media":30674,"comment_status":"open","ping_status":"open","sticky":false,"template":"","format":"standard","meta":{"footnotes":""},"categories":[3],"tags":[14575,14576,14574,14577],"class_list":["post-30672","post","type-post","status-publish","format-standard","has-post-thumbnail","hentry","category-tecnologia","tag-coleta-de-lixo-eletronico","tag-coleta-em-casa","tag-lixo-eletronico","tag-servico-de-coleta-de-lixo-eletronico"],"yoast_head":"<!-- This site is optimized with the Yoast SEO plugin v26.5 - https:\/\/yoast.com\/wordpress\/plugins\/seo\/ -->\n<title>Servi\u00e7o de coleta de lixo eletr\u00f4nico em casa \u00e9 lan\u00e7ado no Brasil - Jornal Fatos e Not\u00edcias<\/title>\n<meta name=\"robots\" content=\"index, follow, max-snippet:-1, max-image-preview:large, max-video-preview:-1\" \/>\n<link rel=\"canonical\" href=\"https:\/\/jornalfatosenoticias.com.br\/index.php\/2022\/05\/23\/servico-de-coleta-de-lixo-eletronico-em-casa-e-lancado-no-brasil\/\" \/>\n<meta property=\"og:locale\" content=\"pt_BR\" \/>\n<meta property=\"og:type\" content=\"article\" \/>\n<meta property=\"og:title\" content=\"Servi\u00e7o de coleta de lixo eletr\u00f4nico em casa \u00e9 lan\u00e7ado no Brasil - Jornal Fatos e Not\u00edcias\" \/>\n<meta property=\"og:description\" content=\"O &#8220;Coleta em Casa&#8221; \u00e9 voltado para quem n\u00e3o possui pontos de coleta de eletr\u00f4nicos pr\u00f3ximo da resid\u00eancia! A Green Eletron, gestora sem fins lucrativos da log\u00edstica reversa de eletroeletr\u00f4nicos e pilhas, em parceria com a GM&amp;C, empresa que oferece solu\u00e7\u00f5es em log\u00edstica reversa e reciclagem, acabam de lan\u00e7ar um servi\u00e7o de coleta de eletroeletr\u00f4nicos [&hellip;]\" \/>\n<meta property=\"og:url\" content=\"https:\/\/jornalfatosenoticias.com.br\/index.php\/2022\/05\/23\/servico-de-coleta-de-lixo-eletronico-em-casa-e-lancado-no-brasil\/\" \/>\n<meta property=\"og:site_name\" content=\"Jornal Fatos e Not\u00edcias\" \/>\n<meta property=\"article:published_time\" content=\"2022-05-23T18:13:01+00:00\" \/>\n<meta property=\"article:modified_time\" content=\"2022-05-23T18:13:02+00:00\" \/>\n<meta property=\"og:image\" content=\"https:\/\/jornalfatosenoticias.com.br\/wp-content\/uploads\/2022\/05\/reciclagem-eletronicos-1.jpg\" \/>\n\t<meta property=\"og:image:width\" content=\"1000\" \/>\n\t<meta property=\"og:image:height\" content=\"624\" \/>\n\t<meta property=\"og:image:type\" content=\"image\/jpeg\" \/>\n<meta name=\"author\" content=\"Luzimara Fernandes\" \/>\n<meta name=\"twitter:card\" content=\"summary_large_image\" \/>\n<meta name=\"twitter:label1\" content=\"Escrito por\" \/>\n\t<meta name=\"twitter:data1\" content=\"Luzimara Fernandes\" \/>\n\t<meta name=\"twitter:label2\" content=\"Est. tempo de leitura\" \/>\n\t<meta name=\"twitter:data2\" content=\"3 minutos\" \/>\n<script type=\"application\/ld+json\" class=\"yoast-schema-graph\">{\"@context\":\"https:\/\/schema.org\",\"@graph\":[{\"@type\":\"Article\",\"@id\":\"https:\/\/jornalfatosenoticias.com.br\/index.php\/2022\/05\/23\/servico-de-coleta-de-lixo-eletronico-em-casa-e-lancado-no-brasil\/#article\",\"isPartOf\":{\"@id\":\"https:\/\/jornalfatosenoticias.com.br\/index.php\/2022\/05\/23\/servico-de-coleta-de-lixo-eletronico-em-casa-e-lancado-no-brasil\/\"},\"author\":{\"name\":\"Luzimara Fernandes\",\"@id\":\"https:\/\/jornalfatosenoticias.com.br\/#\/schema\/person\/d63837fa13ac8666eb9e74e0985d6f81\"},\"headline\":\"Servi\u00e7o de coleta de lixo eletr\u00f4nico em casa \u00e9 lan\u00e7ado no Brasil\",\"datePublished\":\"2022-05-23T18:13:01+00:00\",\"dateModified\":\"2022-05-23T18:13:02+00:00\",\"mainEntityOfPage\":{\"@id\":\"https:\/\/jornalfatosenoticias.com.br\/index.php\/2022\/05\/23\/servico-de-coleta-de-lixo-eletronico-em-casa-e-lancado-no-brasil\/\"},\"wordCount\":579,\"commentCount\":0,\"publisher\":{\"@id\":\"https:\/\/jornalfatosenoticias.com.br\/#organization\"},\"image\":{\"@id\":\"https:\/\/jornalfatosenoticias.com.br\/index.php\/2022\/05\/23\/servico-de-coleta-de-lixo-eletronico-em-casa-e-lancado-no-brasil\/#primaryimage\"},\"thumbnailUrl\":\"https:\/\/jornalfatosenoticias.com.br\/wp-content\/uploads\/2022\/05\/reciclagem-eletronicos-1.jpg\",\"keywords\":[\"coleta de lixo eletr\u00f4nico\",\"Coleta em Casa\",\"lixo eletr\u00f4nico\",\"servi\u00e7o de coleta de lixo eletr\u00f4nico\"],\"articleSection\":[\"Tecnologia &amp; Inova\u00e7\u00e3o\"],\"inLanguage\":\"pt-BR\",\"potentialAction\":[{\"@type\":\"CommentAction\",\"name\":\"Comment\",\"target\":[\"https:\/\/jornalfatosenoticias.com.br\/index.php\/2022\/05\/23\/servico-de-coleta-de-lixo-eletronico-em-casa-e-lancado-no-brasil\/#respond\"]}]},{\"@type\":\"WebPage\",\"@id\":\"https:\/\/jornalfatosenoticias.com.br\/index.php\/2022\/05\/23\/servico-de-coleta-de-lixo-eletronico-em-casa-e-lancado-no-brasil\/\",\"url\":\"https:\/\/jornalfatosenoticias.com.br\/index.php\/2022\/05\/23\/servico-de-coleta-de-lixo-eletronico-em-casa-e-lancado-no-brasil\/\",\"name\":\"Servi\u00e7o de coleta de lixo eletr\u00f4nico em casa \u00e9 lan\u00e7ado no Brasil - Jornal Fatos e Not\u00edcias\",\"isPartOf\":{\"@id\":\"https:\/\/jornalfatosenoticias.com.br\/#website\"},\"primaryImageOfPage\":{\"@id\":\"https:\/\/jornalfatosenoticias.com.br\/index.php\/2022\/05\/23\/servico-de-coleta-de-lixo-eletronico-em-casa-e-lancado-no-brasil\/#primaryimage\"},\"image\":{\"@id\":\"https:\/\/jornalfatosenoticias.com.br\/index.php\/2022\/05\/23\/servico-de-coleta-de-lixo-eletronico-em-casa-e-lancado-no-brasil\/#primaryimage\"},\"thumbnailUrl\":\"https:\/\/jornalfatosenoticias.com.br\/wp-content\/uploads\/2022\/05\/reciclagem-eletronicos-1.jpg\",\"datePublished\":\"2022-05-23T18:13:01+00:00\",\"dateModified\":\"2022-05-23T18:13:02+00:00\",\"breadcrumb\":{\"@id\":\"https:\/\/jornalfatosenoticias.com.br\/index.php\/2022\/05\/23\/servico-de-coleta-de-lixo-eletronico-em-casa-e-lancado-no-brasil\/#breadcrumb\"},\"inLanguage\":\"pt-BR\",\"potentialAction\":[{\"@type\":\"ReadAction\",\"target\":[\"https:\/\/jornalfatosenoticias.com.br\/index.php\/2022\/05\/23\/servico-de-coleta-de-lixo-eletronico-em-casa-e-lancado-no-brasil\/\"]}]},{\"@type\":\"ImageObject\",\"inLanguage\":\"pt-BR\",\"@id\":\"https:\/\/jornalfatosenoticias.com.br\/index.php\/2022\/05\/23\/servico-de-coleta-de-lixo-eletronico-em-casa-e-lancado-no-brasil\/#primaryimage\",\"url\":\"https:\/\/jornalfatosenoticias.com.br\/wp-content\/uploads\/2022\/05\/reciclagem-eletronicos-1.jpg\",\"contentUrl\":\"https:\/\/jornalfatosenoticias.com.br\/wp-content\/uploads\/2022\/05\/reciclagem-eletronicos-1.jpg\",\"width\":1000,\"height\":624},{\"@type\":\"BreadcrumbList\",\"@id\":\"https:\/\/jornalfatosenoticias.com.br\/index.php\/2022\/05\/23\/servico-de-coleta-de-lixo-eletronico-em-casa-e-lancado-no-brasil\/#breadcrumb\",\"itemListElement\":[{\"@type\":\"ListItem\",\"position\":1,\"name\":\"In\u00edcio\",\"item\":\"https:\/\/jornalfatosenoticias.com.br\/\"},{\"@type\":\"ListItem\",\"position\":2,\"name\":\"Servi\u00e7o de coleta de lixo eletr\u00f4nico em casa \u00e9 lan\u00e7ado no Brasil\"}]},{\"@type\":\"WebSite\",\"@id\":\"https:\/\/jornalfatosenoticias.com.br\/#website\",\"url\":\"https:\/\/jornalfatosenoticias.com.br\/\",\"name\":\"Jornal Fatos e Not\u00edcias\",\"description\":\"Not\u00edcias em geral\",\"publisher\":{\"@id\":\"https:\/\/jornalfatosenoticias.com.br\/#organization\"},\"potentialAction\":[{\"@type\":\"SearchAction\",\"target\":{\"@type\":\"EntryPoint\",\"urlTemplate\":\"https:\/\/jornalfatosenoticias.com.br\/?s={search_term_string}\"},\"query-input\":{\"@type\":\"PropertyValueSpecification\",\"valueRequired\":true,\"valueName\":\"search_term_string\"}}],\"inLanguage\":\"pt-BR\"},{\"@type\":\"Organization\",\"@id\":\"https:\/\/jornalfatosenoticias.com.br\/#organization\",\"name\":\"Jornal Fatos e Not\u00edcias\",\"url\":\"https:\/\/jornalfatosenoticias.com.br\/\",\"logo\":{\"@type\":\"ImageObject\",\"inLanguage\":\"pt-BR\",\"@id\":\"https:\/\/jornalfatosenoticias.com.br\/#\/schema\/logo\/image\/\",\"url\":\"https:\/\/jornalfatosenoticias.com.br\/wp-content\/uploads\/2020\/02\/logo120.png\",\"contentUrl\":\"https:\/\/jornalfatosenoticias.com.br\/wp-content\/uploads\/2020\/02\/logo120.png\",\"width\":1227,\"height\":120,\"caption\":\"Jornal Fatos e Not\u00edcias\"},\"image\":{\"@id\":\"https:\/\/jornalfatosenoticias.com.br\/#\/schema\/logo\/image\/\"}},{\"@type\":\"Person\",\"@id\":\"https:\/\/jornalfatosenoticias.com.br\/#\/schema\/person\/d63837fa13ac8666eb9e74e0985d6f81\",\"name\":\"Luzimara Fernandes\",\"image\":{\"@type\":\"ImageObject\",\"inLanguage\":\"pt-BR\",\"@id\":\"https:\/\/jornalfatosenoticias.com.br\/#\/schema\/person\/image\/\",\"url\":\"https:\/\/jornalfatosenoticias.com.br\/wp-content\/uploads\/2025\/05\/EU_portal.jpg\",\"contentUrl\":\"https:\/\/jornalfatosenoticias.com.br\/wp-content\/uploads\/2025\/05\/EU_portal.jpg\",\"caption\":\"Luzimara Fernandes\"},\"description\":\"Jornalista MTB 2358-ES\",\"sameAs\":[\"https:\/\/jornalfatosenoticias.com.br\"],\"url\":\"https:\/\/jornalfatosenoticias.com.br\/index.php\/author\/luzimara\/\"}]}<\/script>\n<!-- \/ Yoast SEO plugin. -->","yoast_head_json":{"title":"Servi\u00e7o de coleta de lixo eletr\u00f4nico em casa \u00e9 lan\u00e7ado no Brasil - Jornal Fatos e Not\u00edcias","robots":{"index":"index","follow":"follow","max-snippet":"max-snippet:-1","max-image-preview":"max-image-preview:large","max-video-preview":"max-video-preview:-1"},"canonical":"https:\/\/jornalfatosenoticias.com.br\/index.php\/2022\/05\/23\/servico-de-coleta-de-lixo-eletronico-em-casa-e-lancado-no-brasil\/","og_locale":"pt_BR","og_type":"article","og_title":"Servi\u00e7o de coleta de lixo eletr\u00f4nico em casa \u00e9 lan\u00e7ado no Brasil - Jornal Fatos e Not\u00edcias","og_description":"O &#8220;Coleta em Casa&#8221; \u00e9 voltado para quem n\u00e3o possui pontos de coleta de eletr\u00f4nicos pr\u00f3ximo da resid\u00eancia! A Green Eletron, gestora sem fins lucrativos da log\u00edstica reversa de eletroeletr\u00f4nicos e pilhas, em parceria com a GM&amp;C, empresa que oferece solu\u00e7\u00f5es em log\u00edstica reversa e reciclagem, acabam de lan\u00e7ar um servi\u00e7o de coleta de eletroeletr\u00f4nicos [&hellip;]","og_url":"https:\/\/jornalfatosenoticias.com.br\/index.php\/2022\/05\/23\/servico-de-coleta-de-lixo-eletronico-em-casa-e-lancado-no-brasil\/","og_site_name":"Jornal Fatos e Not\u00edcias","article_published_time":"2022-05-23T18:13:01+00:00","article_modified_time":"2022-05-23T18:13:02+00:00","og_image":[{"width":1000,"height":624,"url":"https:\/\/jornalfatosenoticias.com.br\/wp-content\/uploads\/2022\/05\/reciclagem-eletronicos-1.jpg","type":"image\/jpeg"}],"author":"Luzimara Fernandes","twitter_card":"summary_large_image","twitter_misc":{"Escrito por":"Luzimara Fernandes","Est. tempo de leitura":"3 minutos"},"schema":{"@context":"https:\/\/schema.org","@graph":[{"@type":"Article","@id":"https:\/\/jornalfatosenoticias.com.br\/index.php\/2022\/05\/23\/servico-de-coleta-de-lixo-eletronico-em-casa-e-lancado-no-brasil\/#article","isPartOf":{"@id":"https:\/\/jornalfatosenoticias.com.br\/index.php\/2022\/05\/23\/servico-de-coleta-de-lixo-eletronico-em-casa-e-lancado-no-brasil\/"},"author":{"name":"Luzimara Fernandes","@id":"https:\/\/jornalfatosenoticias.com.br\/#\/schema\/person\/d63837fa13ac8666eb9e74e0985d6f81"},"headline":"Servi\u00e7o de coleta de lixo eletr\u00f4nico em casa \u00e9 lan\u00e7ado no Brasil","datePublished":"2022-05-23T18:13:01+00:00","dateModified":"2022-05-23T18:13:02+00:00","mainEntityOfPage":{"@id":"https:\/\/jornalfatosenoticias.com.br\/index.php\/2022\/05\/23\/servico-de-coleta-de-lixo-eletronico-em-casa-e-lancado-no-brasil\/"},"wordCount":579,"commentCount":0,"publisher":{"@id":"https:\/\/jornalfatosenoticias.com.br\/#organization"},"image":{"@id":"https:\/\/jornalfatosenoticias.com.br\/index.php\/2022\/05\/23\/servico-de-coleta-de-lixo-eletronico-em-casa-e-lancado-no-brasil\/#primaryimage"},"thumbnailUrl":"https:\/\/jornalfatosenoticias.com.br\/wp-content\/uploads\/2022\/05\/reciclagem-eletronicos-1.jpg","keywords":["coleta de lixo eletr\u00f4nico","Coleta em Casa","lixo eletr\u00f4nico","servi\u00e7o de coleta de lixo eletr\u00f4nico"],"articleSection":["Tecnologia &amp; Inova\u00e7\u00e3o"],"inLanguage":"pt-BR","potentialAction":[{"@type":"CommentAction","name":"Comment","target":["https:\/\/jornalfatosenoticias.com.br\/index.php\/2022\/05\/23\/servico-de-coleta-de-lixo-eletronico-em-casa-e-lancado-no-brasil\/#respond"]}]},{"@type":"WebPage","@id":"https:\/\/jornalfatosenoticias.com.br\/index.php\/2022\/05\/23\/servico-de-coleta-de-lixo-eletronico-em-casa-e-lancado-no-brasil\/","url":"https:\/\/jornalfatosenoticias.com.br\/index.php\/2022\/05\/23\/servico-de-coleta-de-lixo-eletronico-em-casa-e-lancado-no-brasil\/","name":"Servi\u00e7o de coleta de lixo eletr\u00f4nico em casa \u00e9 lan\u00e7ado no Brasil - Jornal Fatos e Not\u00edcias","isPartOf":{"@id":"https:\/\/jornalfatosenoticias.com.br\/#website"},"primaryImageOfPage":{"@id":"https:\/\/jornalfatosenoticias.com.br\/index.php\/2022\/05\/23\/servico-de-coleta-de-lixo-eletronico-em-casa-e-lancado-no-brasil\/#primaryimage"},"image":{"@id":"https:\/\/jornalfatosenoticias.com.br\/index.php\/2022\/05\/23\/servico-de-coleta-de-lixo-eletronico-em-casa-e-lancado-no-brasil\/#primaryimage"},"thumbnailUrl":"https:\/\/jornalfatosenoticias.com.br\/wp-content\/uploads\/2022\/05\/reciclagem-eletronicos-1.jpg","datePublished":"2022-05-23T18:13:01+00:00","dateModified":"2022-05-23T18:13:02+00:00","breadcrumb":{"@id":"https:\/\/jornalfatosenoticias.com.br\/index.php\/2022\/05\/23\/servico-de-coleta-de-lixo-eletronico-em-casa-e-lancado-no-brasil\/#breadcrumb"},"inLanguage":"pt-BR","potentialAction":[{"@type":"ReadAction","target":["https:\/\/jornalfatosenoticias.com.br\/index.php\/2022\/05\/23\/servico-de-coleta-de-lixo-eletronico-em-casa-e-lancado-no-brasil\/"]}]},{"@type":"ImageObject","inLanguage":"pt-BR","@id":"https:\/\/jornalfatosenoticias.com.br\/index.php\/2022\/05\/23\/servico-de-coleta-de-lixo-eletronico-em-casa-e-lancado-no-brasil\/#primaryimage","url":"https:\/\/jornalfatosenoticias.com.br\/wp-content\/uploads\/2022\/05\/reciclagem-eletronicos-1.jpg","contentUrl":"https:\/\/jornalfatosenoticias.com.br\/wp-content\/uploads\/2022\/05\/reciclagem-eletronicos-1.jpg","width":1000,"height":624},{"@type":"BreadcrumbList","@id":"https:\/\/jornalfatosenoticias.com.br\/index.php\/2022\/05\/23\/servico-de-coleta-de-lixo-eletronico-em-casa-e-lancado-no-brasil\/#breadcrumb","itemListElement":[{"@type":"ListItem","position":1,"name":"In\u00edcio","item":"https:\/\/jornalfatosenoticias.com.br\/"},{"@type":"ListItem","position":2,"name":"Servi\u00e7o de coleta de lixo eletr\u00f4nico em casa \u00e9 lan\u00e7ado no Brasil"}]},{"@type":"WebSite","@id":"https:\/\/jornalfatosenoticias.com.br\/#website","url":"https:\/\/jornalfatosenoticias.com.br\/","name":"Jornal Fatos e Not\u00edcias","description":"Not\u00edcias em geral","publisher":{"@id":"https:\/\/jornalfatosenoticias.com.br\/#organization"},"potentialAction":[{"@type":"SearchAction","target":{"@type":"EntryPoint","urlTemplate":"https:\/\/jornalfatosenoticias.com.br\/?s={search_term_string}"},"query-input":{"@type":"PropertyValueSpecification","valueRequired":true,"valueName":"search_term_string"}}],"inLanguage":"pt-BR"},{"@type":"Organization","@id":"https:\/\/jornalfatosenoticias.com.br\/#organization","name":"Jornal Fatos e Not\u00edcias","url":"https:\/\/jornalfatosenoticias.com.br\/","logo":{"@type":"ImageObject","inLanguage":"pt-BR","@id":"https:\/\/jornalfatosenoticias.com.br\/#\/schema\/logo\/image\/","url":"https:\/\/jornalfatosenoticias.com.br\/wp-content\/uploads\/2020\/02\/logo120.png","contentUrl":"https:\/\/jornalfatosenoticias.com.br\/wp-content\/uploads\/2020\/02\/logo120.png","width":1227,"height":120,"caption":"Jornal Fatos e Not\u00edcias"},"image":{"@id":"https:\/\/jornalfatosenoticias.com.br\/#\/schema\/logo\/image\/"}},{"@type":"Person","@id":"https:\/\/jornalfatosenoticias.com.br\/#\/schema\/person\/d63837fa13ac8666eb9e74e0985d6f81","name":"Luzimara Fernandes","image":{"@type":"ImageObject","inLanguage":"pt-BR","@id":"https:\/\/jornalfatosenoticias.com.br\/#\/schema\/person\/image\/","url":"https:\/\/jornalfatosenoticias.com.br\/wp-content\/uploads\/2025\/05\/EU_portal.jpg","contentUrl":"https:\/\/jornalfatosenoticias.com.br\/wp-content\/uploads\/2025\/05\/EU_portal.jpg","caption":"Luzimara Fernandes"},"description":"Jornalista MTB 2358-ES","sameAs":["https:\/\/jornalfatosenoticias.com.br"],"url":"https:\/\/jornalfatosenoticias.com.br\/index.php\/author\/luzimara\/"}]}},"cc_featured_image_caption":{"caption_text":"(Foto: ABREE)","source_text":"","source_url":""},"jetpack_featured_media_url":"https:\/\/jornalfatosenoticias.com.br\/wp-content\/uploads\/2022\/05\/reciclagem-eletronicos-1.jpg","_links":{"self":[{"href":"https:\/\/jornalfatosenoticias.com.br\/index.php\/wp-json\/wp\/v2\/posts\/30672","targetHints":{"allow":["GET"]}}],"collection":[{"href":"https:\/\/jornalfatosenoticias.com.br\/index.php\/wp-json\/wp\/v2\/posts"}],"about":[{"href":"https:\/\/jornalfatosenoticias.com.br\/index.php\/wp-json\/wp\/v2\/types\/post"}],"author":[{"embeddable":true,"href":"https:\/\/jornalfatosenoticias.com.br\/index.php\/wp-json\/wp\/v2\/users\/2"}],"replies":[{"embeddable":true,"href":"https:\/\/jornalfatosenoticias.com.br\/index.php\/wp-json\/wp\/v2\/comments?post=30672"}],"version-history":[{"count":0,"href":"https:\/\/jornalfatosenoticias.com.br\/index.php\/wp-json\/wp\/v2\/posts\/30672\/revisions"}],"wp:featuredmedia":[{"embeddable":true,"href":"https:\/\/jornalfatosenoticias.com.br\/index.php\/wp-json\/wp\/v2\/media\/30674"}],"wp:attachment":[{"href":"https:\/\/jornalfatosenoticias.com.br\/index.php\/wp-json\/wp\/v2\/media?parent=30672"}],"wp:term":[{"taxonomy":"category","embeddable":true,"href":"https:\/\/jornalfatosenoticias.com.br\/index.php\/wp-json\/wp\/v2\/categories?post=30672"},{"taxonomy":"post_tag","embeddable":true,"href":"https:\/\/jornalfatosenoticias.com.br\/index.php\/wp-json\/wp\/v2\/tags?post=30672"}],"curies":[{"name":"wp","href":"https:\/\/api.w.org\/{rel}","templated":true}]}}