{"id":30676,"date":"2022-05-23T15:35:20","date_gmt":"2022-05-23T18:35:20","guid":{"rendered":"https:\/\/jornalfatosenoticias.com.br\/?p=30676"},"modified":"2022-05-23T15:35:21","modified_gmt":"2022-05-23T18:35:21","slug":"cafe-coado-e-um-papo-sobre-a-equidade-de-genero","status":"publish","type":"post","link":"https:\/\/jornalfatosenoticias.com.br\/index.php\/2022\/05\/23\/cafe-coado-e-um-papo-sobre-a-equidade-de-genero\/","title":{"rendered":"Caf\u00e9 Coado e &#8230; um papo sobre a equidade de g\u00eanero"},"content":{"rendered":"\n<p><em><span class=\"has-inline-color has-black-color\">Sempre foi um grande desafio para as mulheres estarem nos espa\u00e7os p\u00fablicos ou privados<\/span><\/em><\/p>\n\n\n\n<p><em><span class=\"has-inline-color has-luminous-vivid-orange-color\"><strong>Texto:<\/strong>\u00a0Gracimeri Gaviorno<\/span><\/em><\/p>\n\n\n\n<div class=\"wp-block-image\"><figure class=\"aligncenter size-large is-resized\"><img loading=\"lazy\" decoding=\"async\" src=\"https:\/\/jornalfatosenoticias.com.br\/wp-content\/uploads\/2022\/02\/Banner-1-1024x101.png\" alt=\"\" class=\"wp-image-27923\" width=\"397\" height=\"39\"\/><\/figure><\/div>\n\n\n\n<p>Para enfrentar essa situa\u00e7\u00e3o, em 2015, a Organiza\u00e7\u00e3o das Na\u00e7\u00f5es Unidas (ONU) destacou, entre os seus 17 objetivos de desenvolvimento sustent\u00e1vel, o de n\u00famero 5 (ODS-5), destinado a promover a igualdade de g\u00eanero. O objetivo \u00e9 direcionado a p\u00f4r fim a qualquer forma de discrimina\u00e7\u00e3o contra mulheres e meninas em todo o mundo at\u00e9 2030; a garantir direitos iguais aos recursos econ\u00f4micos, ao acesso universal \u00e0 sa\u00fade sexual e reprodutiva; a fortalecer a legisla\u00e7\u00e3o e pol\u00edticas capazes de garantir maior igualdade de g\u00eanero.<br>Tomamos aqui o termo igualdade de g\u00eanero por equidade de g\u00eanero. \u00c9 reconhecendo as diferen\u00e7as e nos apropriando do senso de justi\u00e7a que conseguiremos promover reais oportunidades, capazes de nos aproximar do cumprimento do ODS-5. No Brasil e no mundo, \u00e0s mulheres, foram negados muitos direitos: o direito de estudar, de ser administradora dos pr\u00f3prios bens, o direito de trabalhar e de escolher uma profiss\u00e3o, o direito de votar e de ser votada e, em muitos casos, o direito \u00e0 vida plena e abundante.<\/p>\n\n\n\n<div class=\"wp-block-image\"><figure class=\"alignleft size-large is-resized\"><img loading=\"lazy\" decoding=\"async\" src=\"https:\/\/jornalfatosenoticias.com.br\/wp-content\/uploads\/2022\/02\/Precisao-Contabilidade-1024x724.jpg\" alt=\"\" class=\"wp-image-28088\" width=\"264\" height=\"186\"\/><\/figure><\/div>\n\n\n\n<p>O registro de casos de viol\u00eancia dom\u00e9stica e familiar tem crescido a cada dia. Mas sabemos que os n\u00fameros divulgados n\u00e3o retratam toda a realidade. H\u00e1 muitos casos de subnotifica\u00e7\u00e3o, principalmente em rela\u00e7\u00e3o \u00e0 viol\u00eancia sexual. Um levantamento encomendado pelo F\u00f3rum Brasileiro de Seguran\u00e7a P\u00fablica ao Instituto de Pesquisa Datafolha, aponta que cerca de 17 milh\u00f5es de mulheres (24,4%) sofreram viol\u00eancia f\u00edsica, psicol\u00f3gica ou sexual em 2020, isso sem contar a viol\u00eancia no trabalho.<br>\u00c9 imprescind\u00edvel o desenvolvimento de pol\u00edticas p\u00fablicas de cuidado, fortalecimento e desenvolvimento de autonomia da mulher. \u00c9 tamb\u00e9m necess\u00e1rio organizar uma rede de aten\u00e7\u00e3o e de prote\u00e7\u00e3o \u00e0 mulher, que seja forte e sustent\u00e1vel. Exatamente por isso, \u00e9 muito importante a participa\u00e7\u00e3o da mulher na pol\u00edtica. E essa \u00e9 uma das metas relacionadas no ODS-5.<br>As mulheres representam 53% do eleitorado, mas comandam apenas 11,8% das prefeituras no Pa\u00eds. Dos 5.568 munic\u00edpios existentes no Brasil, 662 prefeituras s\u00e3o dirigidas por mulheres. Destas, 264 receberam pela primeira vez o comando feminino. Palmas, no Tocantins, se destacou em 2020 por ser a \u00fanica capital a ter uma Prefeita.<\/p>\n\n\n\n<div class=\"wp-block-image\"><figure class=\"aligncenter size-large is-resized\"><img loading=\"lazy\" decoding=\"async\" src=\"https:\/\/jornalfatosenoticias.com.br\/wp-content\/uploads\/2020\/02\/Serra-Grande-1024x160.png\" alt=\"\" class=\"wp-image-7836\" width=\"289\" height=\"45\"\/><\/figure><\/div>\n\n\n\n<p>A viol\u00eancia contra as mulheres tem sido evidenciada tamb\u00e9m na pol\u00edtica. E, talvez, seja um dos motivos de desest\u00edmulo \u00e0 sua participa\u00e7\u00e3o nos pleitos eleitorais. Nas elei\u00e7\u00f5es de 2020, o presidente do Tribunal Superior Eleitoral (TSE), ministro Lu\u00eds Roberto Barroso, declarou que houve um aumento nos ataques f\u00edsicos ou morais a mulheres candidatas.<br>O assunto \u00e9 s\u00e9rio e mereceu aten\u00e7\u00e3o da legisla\u00e7\u00e3o brasileira. Em 2021 foi criada a Lei 14.192, que estabeleceu normas para prevenir, reprimir e combater a viol\u00eancia pol\u00edtica contra a mulher durante as elei\u00e7\u00f5es e no exerc\u00edcio de direitos pol\u00edticos e de fun\u00e7\u00f5es p\u00fablicas.<\/p>\n\n\n\n<div class=\"wp-block-image\"><figure class=\"alignright size-large is-resized\"><img loading=\"lazy\" decoding=\"async\" src=\"https:\/\/jornalfatosenoticias.com.br\/wp-content\/uploads\/2020\/02\/nova-logo-Marquetti.jpg\" alt=\"\" class=\"wp-image-22331\" width=\"267\" height=\"180\" srcset=\"https:\/\/jornalfatosenoticias.com.br\/wp-content\/uploads\/2020\/02\/nova-logo-Marquetti.jpg 643w, https:\/\/jornalfatosenoticias.com.br\/wp-content\/uploads\/2020\/02\/nova-logo-Marquetti-300x202.jpg 300w\" sizes=\"auto, (max-width: 267px) 100vw, 267px\" \/><\/figure><\/div>\n\n\n\n<p>Embora representem a maioria nos 150 milh\u00f5es do eleitorado, as mulheres ainda s\u00e3o minoria em cargos de representa\u00e7\u00e3o. Nas elei\u00e7\u00f5es de 2020, as c\u00e2maras municipais receberam 9.277 vereadoras eleitas (16%), contra 48.265 vereadores (84%). Essa baixa representatividade leva o Brasil a ocupar a 142\u00aa posi\u00e7\u00e3o entre 191 na\u00e7\u00f5es citadas no mapa global de mulheres na pol\u00edtica da Organiza\u00e7\u00e3o das Na\u00e7\u00f5es Unidas (ONU) e o 9\u00ba lugar entre 11 pa\u00edses da Am\u00e9rica Latina em estudo da ONU Mulheres.<br>No Esp\u00edrito Santo, 91 vereadoras foram eleitas das 856 cadeiras nas c\u00e2maras municipais. Dos 78 munic\u00edpios, apenas S\u00e3o Domingos do Norte e Boa Esperan\u00e7a elegeram prefeitas, enquanto que, no mandato anterior, o Estado registrava quatro prefeitas.<br>H\u00e1 um grande desafio pela frente, no Esp\u00edrito Santo e no Brasil: o de mobilizar mulheres e organizar uma forma\u00e7\u00e3o pol\u00edtica capaz de diminuir a desigualdade de g\u00eanero tamb\u00e9m na esfera eleitoral, pois muitas mulheres ainda est\u00e3o fora dos espa\u00e7os onde s\u00e3o tomadas as decis\u00f5es p\u00fablicas! Nessa jornada, precisamos contar com a dedica\u00e7\u00e3o de todos, homens e mulheres, incentivando e promovendo a participa\u00e7\u00e3o feminina na vida pol\u00edtica, nas associa\u00e7\u00f5es de bairro, na composi\u00e7\u00e3o dos conselhos consultivos e deliberativos de pol\u00edticas p\u00fablicas e nas candidaturas de cargos eletivos, nas esferas municipais, estaduais e federal.<\/p>\n\n\n\n<div class=\"wp-block-image\"><figure class=\"alignleft size-large is-resized\"><img loading=\"lazy\" decoding=\"async\" src=\"https:\/\/jornalfatosenoticias.com.br\/wp-content\/uploads\/2022\/02\/FERRARI_MAQUINAS-E-FERRAMENTAS2.jpg\" alt=\"\" class=\"wp-image-27860\" width=\"259\" height=\"216\"\/><\/figure><\/div>\n\n\n\n<p>N\u00e3o se trata de uma guerra de sexos. N\u00e3o estamos falando de mulheres ocuparem os lugares dos homens. Estamos falando de representa\u00e7\u00e3o. As mulheres podem e devem ocupar os espa\u00e7os que lhes pertencem. Para isso, s\u00e3o necess\u00e1rios o apoio e o empenho de toda a sociedade no sentido de promover a equidade na pol\u00edtica brasileira, respeitando a singularidade humana, com \u00e9tica, integridade e dignidade. Devemos estar conscientes de nossa responsabilidade social e do compromisso com a defesa da vida plena, agindo de forma transparente e impessoal, dentro dos valores que nortearam a na\u00e7\u00e3o brasileira!<\/p>\n\n\n\n<div class=\"wp-block-image\"><figure class=\"alignleft size-large is-resized\"><img loading=\"lazy\" decoding=\"async\" src=\"https:\/\/jornalfatosenoticias.com.br\/wp-content\/uploads\/2022\/05\/Gracimeri_Gaviorno-removebg-preview.png\" alt=\"\" class=\"wp-image-30030\" width=\"211\" height=\"260\" srcset=\"https:\/\/jornalfatosenoticias.com.br\/wp-content\/uploads\/2022\/05\/Gracimeri_Gaviorno-removebg-preview.png 450w, https:\/\/jornalfatosenoticias.com.br\/wp-content\/uploads\/2022\/05\/Gracimeri_Gaviorno-removebg-preview-243x300.png 243w\" sizes=\"auto, (max-width: 211px) 100vw, 211px\" \/><figcaption><em><span class=\"has-inline-color has-black-color\"><strong>Gracimeri Gaviorno<br><\/strong>Delegada de pol\u00edcia; mestre e doutora em direitos fundamentais; professora; Instrutora e mentora profissional para lideran\u00e7as<\/span><\/em><br><br><br><\/figcaption><\/figure><\/div>\n","protected":false},"excerpt":{"rendered":"<p>Sempre foi um grande desafio para as mulheres estarem nos espa\u00e7os p\u00fablicos ou privados Texto:\u00a0Gracimeri Gaviorno Para enfrentar essa situa\u00e7\u00e3o, em 2015, a Organiza\u00e7\u00e3o das Na\u00e7\u00f5es Unidas (ONU) destacou, entre os seus 17 objetivos de desenvolvimento sustent\u00e1vel, o de n\u00famero 5 (ODS-5), destinado a promover a igualdade de g\u00eanero. O objetivo \u00e9 direcionado a p\u00f4r [&hellip;]<\/p>\n","protected":false},"author":2,"featured_media":30677,"comment_status":"open","ping_status":"open","sticky":false,"template":"","format":"standard","meta":{"footnotes":""},"categories":[10],"tags":[14578,5026,14440,14579],"class_list":["post-30676","post","type-post","status-publish","format-standard","has-post-thumbnail","hentry","category-politica","tag-equidade-de-genero","tag-mulher-na-politica","tag-ods","tag-participacao-feminina"],"yoast_head":"<!-- This site is optimized with the Yoast SEO plugin v26.5 - https:\/\/yoast.com\/wordpress\/plugins\/seo\/ -->\n<title>Caf\u00e9 Coado e ... um papo sobre a equidade de g\u00eanero - Jornal Fatos e Not\u00edcias<\/title>\n<meta name=\"robots\" content=\"index, follow, max-snippet:-1, max-image-preview:large, max-video-preview:-1\" \/>\n<link rel=\"canonical\" href=\"https:\/\/jornalfatosenoticias.com.br\/index.php\/2022\/05\/23\/cafe-coado-e-um-papo-sobre-a-equidade-de-genero\/\" \/>\n<meta property=\"og:locale\" content=\"pt_BR\" \/>\n<meta property=\"og:type\" content=\"article\" \/>\n<meta property=\"og:title\" content=\"Caf\u00e9 Coado e ... um papo sobre a equidade de g\u00eanero - Jornal Fatos e Not\u00edcias\" \/>\n<meta property=\"og:description\" content=\"Sempre foi um grande desafio para as mulheres estarem nos espa\u00e7os p\u00fablicos ou privados Texto:\u00a0Gracimeri Gaviorno Para enfrentar essa situa\u00e7\u00e3o, em 2015, a Organiza\u00e7\u00e3o das Na\u00e7\u00f5es Unidas (ONU) destacou, entre os seus 17 objetivos de desenvolvimento sustent\u00e1vel, o de n\u00famero 5 (ODS-5), destinado a promover a igualdade de g\u00eanero. O objetivo \u00e9 direcionado a p\u00f4r [&hellip;]\" \/>\n<meta property=\"og:url\" content=\"https:\/\/jornalfatosenoticias.com.br\/index.php\/2022\/05\/23\/cafe-coado-e-um-papo-sobre-a-equidade-de-genero\/\" \/>\n<meta property=\"og:site_name\" content=\"Jornal Fatos e Not\u00edcias\" \/>\n<meta property=\"article:published_time\" content=\"2022-05-23T18:35:20+00:00\" \/>\n<meta property=\"article:modified_time\" content=\"2022-05-23T18:35:21+00:00\" \/>\n<meta property=\"og:image\" content=\"https:\/\/jornalfatosenoticias.com.br\/wp-content\/uploads\/2022\/05\/equidade-de-genero.jpg\" \/>\n\t<meta property=\"og:image:width\" content=\"1000\" \/>\n\t<meta property=\"og:image:height\" content=\"591\" \/>\n\t<meta property=\"og:image:type\" content=\"image\/jpeg\" \/>\n<meta name=\"author\" content=\"Luzimara Fernandes\" \/>\n<meta name=\"twitter:card\" content=\"summary_large_image\" \/>\n<meta name=\"twitter:label1\" content=\"Escrito por\" \/>\n\t<meta name=\"twitter:data1\" content=\"Luzimara Fernandes\" \/>\n\t<meta name=\"twitter:label2\" content=\"Est. tempo de leitura\" \/>\n\t<meta name=\"twitter:data2\" content=\"4 minutos\" \/>\n<script type=\"application\/ld+json\" class=\"yoast-schema-graph\">{\"@context\":\"https:\/\/schema.org\",\"@graph\":[{\"@type\":\"Article\",\"@id\":\"https:\/\/jornalfatosenoticias.com.br\/index.php\/2022\/05\/23\/cafe-coado-e-um-papo-sobre-a-equidade-de-genero\/#article\",\"isPartOf\":{\"@id\":\"https:\/\/jornalfatosenoticias.com.br\/index.php\/2022\/05\/23\/cafe-coado-e-um-papo-sobre-a-equidade-de-genero\/\"},\"author\":{\"name\":\"Luzimara Fernandes\",\"@id\":\"https:\/\/jornalfatosenoticias.com.br\/#\/schema\/person\/d63837fa13ac8666eb9e74e0985d6f81\"},\"headline\":\"Caf\u00e9 Coado e &#8230; um papo sobre a equidade de g\u00eanero\",\"datePublished\":\"2022-05-23T18:35:20+00:00\",\"dateModified\":\"2022-05-23T18:35:21+00:00\",\"mainEntityOfPage\":{\"@id\":\"https:\/\/jornalfatosenoticias.com.br\/index.php\/2022\/05\/23\/cafe-coado-e-um-papo-sobre-a-equidade-de-genero\/\"},\"wordCount\":860,\"commentCount\":0,\"publisher\":{\"@id\":\"https:\/\/jornalfatosenoticias.com.br\/#organization\"},\"image\":{\"@id\":\"https:\/\/jornalfatosenoticias.com.br\/index.php\/2022\/05\/23\/cafe-coado-e-um-papo-sobre-a-equidade-de-genero\/#primaryimage\"},\"thumbnailUrl\":\"https:\/\/jornalfatosenoticias.com.br\/wp-content\/uploads\/2022\/05\/equidade-de-genero.jpg\",\"keywords\":[\"equidade de g\u00eanero\",\"mulher na pol\u00edtica\",\"ODS\",\"participa\u00e7\u00e3o feminina\"],\"articleSection\":[\"Pol\u00edtica\"],\"inLanguage\":\"pt-BR\",\"potentialAction\":[{\"@type\":\"CommentAction\",\"name\":\"Comment\",\"target\":[\"https:\/\/jornalfatosenoticias.com.br\/index.php\/2022\/05\/23\/cafe-coado-e-um-papo-sobre-a-equidade-de-genero\/#respond\"]}]},{\"@type\":\"WebPage\",\"@id\":\"https:\/\/jornalfatosenoticias.com.br\/index.php\/2022\/05\/23\/cafe-coado-e-um-papo-sobre-a-equidade-de-genero\/\",\"url\":\"https:\/\/jornalfatosenoticias.com.br\/index.php\/2022\/05\/23\/cafe-coado-e-um-papo-sobre-a-equidade-de-genero\/\",\"name\":\"Caf\u00e9 Coado e ... um papo sobre a equidade de g\u00eanero - Jornal Fatos e Not\u00edcias\",\"isPartOf\":{\"@id\":\"https:\/\/jornalfatosenoticias.com.br\/#website\"},\"primaryImageOfPage\":{\"@id\":\"https:\/\/jornalfatosenoticias.com.br\/index.php\/2022\/05\/23\/cafe-coado-e-um-papo-sobre-a-equidade-de-genero\/#primaryimage\"},\"image\":{\"@id\":\"https:\/\/jornalfatosenoticias.com.br\/index.php\/2022\/05\/23\/cafe-coado-e-um-papo-sobre-a-equidade-de-genero\/#primaryimage\"},\"thumbnailUrl\":\"https:\/\/jornalfatosenoticias.com.br\/wp-content\/uploads\/2022\/05\/equidade-de-genero.jpg\",\"datePublished\":\"2022-05-23T18:35:20+00:00\",\"dateModified\":\"2022-05-23T18:35:21+00:00\",\"breadcrumb\":{\"@id\":\"https:\/\/jornalfatosenoticias.com.br\/index.php\/2022\/05\/23\/cafe-coado-e-um-papo-sobre-a-equidade-de-genero\/#breadcrumb\"},\"inLanguage\":\"pt-BR\",\"potentialAction\":[{\"@type\":\"ReadAction\",\"target\":[\"https:\/\/jornalfatosenoticias.com.br\/index.php\/2022\/05\/23\/cafe-coado-e-um-papo-sobre-a-equidade-de-genero\/\"]}]},{\"@type\":\"ImageObject\",\"inLanguage\":\"pt-BR\",\"@id\":\"https:\/\/jornalfatosenoticias.com.br\/index.php\/2022\/05\/23\/cafe-coado-e-um-papo-sobre-a-equidade-de-genero\/#primaryimage\",\"url\":\"https:\/\/jornalfatosenoticias.com.br\/wp-content\/uploads\/2022\/05\/equidade-de-genero.jpg\",\"contentUrl\":\"https:\/\/jornalfatosenoticias.com.br\/wp-content\/uploads\/2022\/05\/equidade-de-genero.jpg\",\"width\":1000,\"height\":591},{\"@type\":\"BreadcrumbList\",\"@id\":\"https:\/\/jornalfatosenoticias.com.br\/index.php\/2022\/05\/23\/cafe-coado-e-um-papo-sobre-a-equidade-de-genero\/#breadcrumb\",\"itemListElement\":[{\"@type\":\"ListItem\",\"position\":1,\"name\":\"In\u00edcio\",\"item\":\"https:\/\/jornalfatosenoticias.com.br\/\"},{\"@type\":\"ListItem\",\"position\":2,\"name\":\"Caf\u00e9 Coado e &#8230; um papo sobre a equidade de g\u00eanero\"}]},{\"@type\":\"WebSite\",\"@id\":\"https:\/\/jornalfatosenoticias.com.br\/#website\",\"url\":\"https:\/\/jornalfatosenoticias.com.br\/\",\"name\":\"Jornal Fatos e Not\u00edcias\",\"description\":\"Not\u00edcias em geral\",\"publisher\":{\"@id\":\"https:\/\/jornalfatosenoticias.com.br\/#organization\"},\"potentialAction\":[{\"@type\":\"SearchAction\",\"target\":{\"@type\":\"EntryPoint\",\"urlTemplate\":\"https:\/\/jornalfatosenoticias.com.br\/?s={search_term_string}\"},\"query-input\":{\"@type\":\"PropertyValueSpecification\",\"valueRequired\":true,\"valueName\":\"search_term_string\"}}],\"inLanguage\":\"pt-BR\"},{\"@type\":\"Organization\",\"@id\":\"https:\/\/jornalfatosenoticias.com.br\/#organization\",\"name\":\"Jornal Fatos e Not\u00edcias\",\"url\":\"https:\/\/jornalfatosenoticias.com.br\/\",\"logo\":{\"@type\":\"ImageObject\",\"inLanguage\":\"pt-BR\",\"@id\":\"https:\/\/jornalfatosenoticias.com.br\/#\/schema\/logo\/image\/\",\"url\":\"https:\/\/jornalfatosenoticias.com.br\/wp-content\/uploads\/2020\/02\/logo120.png\",\"contentUrl\":\"https:\/\/jornalfatosenoticias.com.br\/wp-content\/uploads\/2020\/02\/logo120.png\",\"width\":1227,\"height\":120,\"caption\":\"Jornal Fatos e Not\u00edcias\"},\"image\":{\"@id\":\"https:\/\/jornalfatosenoticias.com.br\/#\/schema\/logo\/image\/\"}},{\"@type\":\"Person\",\"@id\":\"https:\/\/jornalfatosenoticias.com.br\/#\/schema\/person\/d63837fa13ac8666eb9e74e0985d6f81\",\"name\":\"Luzimara Fernandes\",\"image\":{\"@type\":\"ImageObject\",\"inLanguage\":\"pt-BR\",\"@id\":\"https:\/\/jornalfatosenoticias.com.br\/#\/schema\/person\/image\/\",\"url\":\"https:\/\/jornalfatosenoticias.com.br\/wp-content\/uploads\/2025\/05\/EU_portal.jpg\",\"contentUrl\":\"https:\/\/jornalfatosenoticias.com.br\/wp-content\/uploads\/2025\/05\/EU_portal.jpg\",\"caption\":\"Luzimara Fernandes\"},\"description\":\"Jornalista MTB 2358-ES\",\"sameAs\":[\"https:\/\/jornalfatosenoticias.com.br\"],\"url\":\"https:\/\/jornalfatosenoticias.com.br\/index.php\/author\/luzimara\/\"}]}<\/script>\n<!-- \/ Yoast SEO plugin. -->","yoast_head_json":{"title":"Caf\u00e9 Coado e ... um papo sobre a equidade de g\u00eanero - Jornal Fatos e Not\u00edcias","robots":{"index":"index","follow":"follow","max-snippet":"max-snippet:-1","max-image-preview":"max-image-preview:large","max-video-preview":"max-video-preview:-1"},"canonical":"https:\/\/jornalfatosenoticias.com.br\/index.php\/2022\/05\/23\/cafe-coado-e-um-papo-sobre-a-equidade-de-genero\/","og_locale":"pt_BR","og_type":"article","og_title":"Caf\u00e9 Coado e ... um papo sobre a equidade de g\u00eanero - Jornal Fatos e Not\u00edcias","og_description":"Sempre foi um grande desafio para as mulheres estarem nos espa\u00e7os p\u00fablicos ou privados Texto:\u00a0Gracimeri Gaviorno Para enfrentar essa situa\u00e7\u00e3o, em 2015, a Organiza\u00e7\u00e3o das Na\u00e7\u00f5es Unidas (ONU) destacou, entre os seus 17 objetivos de desenvolvimento sustent\u00e1vel, o de n\u00famero 5 (ODS-5), destinado a promover a igualdade de g\u00eanero. O objetivo \u00e9 direcionado a p\u00f4r [&hellip;]","og_url":"https:\/\/jornalfatosenoticias.com.br\/index.php\/2022\/05\/23\/cafe-coado-e-um-papo-sobre-a-equidade-de-genero\/","og_site_name":"Jornal Fatos e Not\u00edcias","article_published_time":"2022-05-23T18:35:20+00:00","article_modified_time":"2022-05-23T18:35:21+00:00","og_image":[{"width":1000,"height":591,"url":"https:\/\/jornalfatosenoticias.com.br\/wp-content\/uploads\/2022\/05\/equidade-de-genero.jpg","type":"image\/jpeg"}],"author":"Luzimara Fernandes","twitter_card":"summary_large_image","twitter_misc":{"Escrito por":"Luzimara Fernandes","Est. tempo de leitura":"4 minutos"},"schema":{"@context":"https:\/\/schema.org","@graph":[{"@type":"Article","@id":"https:\/\/jornalfatosenoticias.com.br\/index.php\/2022\/05\/23\/cafe-coado-e-um-papo-sobre-a-equidade-de-genero\/#article","isPartOf":{"@id":"https:\/\/jornalfatosenoticias.com.br\/index.php\/2022\/05\/23\/cafe-coado-e-um-papo-sobre-a-equidade-de-genero\/"},"author":{"name":"Luzimara Fernandes","@id":"https:\/\/jornalfatosenoticias.com.br\/#\/schema\/person\/d63837fa13ac8666eb9e74e0985d6f81"},"headline":"Caf\u00e9 Coado e &#8230; um papo sobre a equidade de g\u00eanero","datePublished":"2022-05-23T18:35:20+00:00","dateModified":"2022-05-23T18:35:21+00:00","mainEntityOfPage":{"@id":"https:\/\/jornalfatosenoticias.com.br\/index.php\/2022\/05\/23\/cafe-coado-e-um-papo-sobre-a-equidade-de-genero\/"},"wordCount":860,"commentCount":0,"publisher":{"@id":"https:\/\/jornalfatosenoticias.com.br\/#organization"},"image":{"@id":"https:\/\/jornalfatosenoticias.com.br\/index.php\/2022\/05\/23\/cafe-coado-e-um-papo-sobre-a-equidade-de-genero\/#primaryimage"},"thumbnailUrl":"https:\/\/jornalfatosenoticias.com.br\/wp-content\/uploads\/2022\/05\/equidade-de-genero.jpg","keywords":["equidade de g\u00eanero","mulher na pol\u00edtica","ODS","participa\u00e7\u00e3o feminina"],"articleSection":["Pol\u00edtica"],"inLanguage":"pt-BR","potentialAction":[{"@type":"CommentAction","name":"Comment","target":["https:\/\/jornalfatosenoticias.com.br\/index.php\/2022\/05\/23\/cafe-coado-e-um-papo-sobre-a-equidade-de-genero\/#respond"]}]},{"@type":"WebPage","@id":"https:\/\/jornalfatosenoticias.com.br\/index.php\/2022\/05\/23\/cafe-coado-e-um-papo-sobre-a-equidade-de-genero\/","url":"https:\/\/jornalfatosenoticias.com.br\/index.php\/2022\/05\/23\/cafe-coado-e-um-papo-sobre-a-equidade-de-genero\/","name":"Caf\u00e9 Coado e ... um papo sobre a equidade de g\u00eanero - Jornal Fatos e Not\u00edcias","isPartOf":{"@id":"https:\/\/jornalfatosenoticias.com.br\/#website"},"primaryImageOfPage":{"@id":"https:\/\/jornalfatosenoticias.com.br\/index.php\/2022\/05\/23\/cafe-coado-e-um-papo-sobre-a-equidade-de-genero\/#primaryimage"},"image":{"@id":"https:\/\/jornalfatosenoticias.com.br\/index.php\/2022\/05\/23\/cafe-coado-e-um-papo-sobre-a-equidade-de-genero\/#primaryimage"},"thumbnailUrl":"https:\/\/jornalfatosenoticias.com.br\/wp-content\/uploads\/2022\/05\/equidade-de-genero.jpg","datePublished":"2022-05-23T18:35:20+00:00","dateModified":"2022-05-23T18:35:21+00:00","breadcrumb":{"@id":"https:\/\/jornalfatosenoticias.com.br\/index.php\/2022\/05\/23\/cafe-coado-e-um-papo-sobre-a-equidade-de-genero\/#breadcrumb"},"inLanguage":"pt-BR","potentialAction":[{"@type":"ReadAction","target":["https:\/\/jornalfatosenoticias.com.br\/index.php\/2022\/05\/23\/cafe-coado-e-um-papo-sobre-a-equidade-de-genero\/"]}]},{"@type":"ImageObject","inLanguage":"pt-BR","@id":"https:\/\/jornalfatosenoticias.com.br\/index.php\/2022\/05\/23\/cafe-coado-e-um-papo-sobre-a-equidade-de-genero\/#primaryimage","url":"https:\/\/jornalfatosenoticias.com.br\/wp-content\/uploads\/2022\/05\/equidade-de-genero.jpg","contentUrl":"https:\/\/jornalfatosenoticias.com.br\/wp-content\/uploads\/2022\/05\/equidade-de-genero.jpg","width":1000,"height":591},{"@type":"BreadcrumbList","@id":"https:\/\/jornalfatosenoticias.com.br\/index.php\/2022\/05\/23\/cafe-coado-e-um-papo-sobre-a-equidade-de-genero\/#breadcrumb","itemListElement":[{"@type":"ListItem","position":1,"name":"In\u00edcio","item":"https:\/\/jornalfatosenoticias.com.br\/"},{"@type":"ListItem","position":2,"name":"Caf\u00e9 Coado e &#8230; um papo sobre a equidade de g\u00eanero"}]},{"@type":"WebSite","@id":"https:\/\/jornalfatosenoticias.com.br\/#website","url":"https:\/\/jornalfatosenoticias.com.br\/","name":"Jornal Fatos e Not\u00edcias","description":"Not\u00edcias em geral","publisher":{"@id":"https:\/\/jornalfatosenoticias.com.br\/#organization"},"potentialAction":[{"@type":"SearchAction","target":{"@type":"EntryPoint","urlTemplate":"https:\/\/jornalfatosenoticias.com.br\/?s={search_term_string}"},"query-input":{"@type":"PropertyValueSpecification","valueRequired":true,"valueName":"search_term_string"}}],"inLanguage":"pt-BR"},{"@type":"Organization","@id":"https:\/\/jornalfatosenoticias.com.br\/#organization","name":"Jornal Fatos e Not\u00edcias","url":"https:\/\/jornalfatosenoticias.com.br\/","logo":{"@type":"ImageObject","inLanguage":"pt-BR","@id":"https:\/\/jornalfatosenoticias.com.br\/#\/schema\/logo\/image\/","url":"https:\/\/jornalfatosenoticias.com.br\/wp-content\/uploads\/2020\/02\/logo120.png","contentUrl":"https:\/\/jornalfatosenoticias.com.br\/wp-content\/uploads\/2020\/02\/logo120.png","width":1227,"height":120,"caption":"Jornal Fatos e Not\u00edcias"},"image":{"@id":"https:\/\/jornalfatosenoticias.com.br\/#\/schema\/logo\/image\/"}},{"@type":"Person","@id":"https:\/\/jornalfatosenoticias.com.br\/#\/schema\/person\/d63837fa13ac8666eb9e74e0985d6f81","name":"Luzimara Fernandes","image":{"@type":"ImageObject","inLanguage":"pt-BR","@id":"https:\/\/jornalfatosenoticias.com.br\/#\/schema\/person\/image\/","url":"https:\/\/jornalfatosenoticias.com.br\/wp-content\/uploads\/2025\/05\/EU_portal.jpg","contentUrl":"https:\/\/jornalfatosenoticias.com.br\/wp-content\/uploads\/2025\/05\/EU_portal.jpg","caption":"Luzimara Fernandes"},"description":"Jornalista MTB 2358-ES","sameAs":["https:\/\/jornalfatosenoticias.com.br"],"url":"https:\/\/jornalfatosenoticias.com.br\/index.php\/author\/luzimara\/"}]}},"cc_featured_image_caption":{"caption_text":"(Foto: Freepik)","source_text":"","source_url":""},"jetpack_featured_media_url":"https:\/\/jornalfatosenoticias.com.br\/wp-content\/uploads\/2022\/05\/equidade-de-genero.jpg","_links":{"self":[{"href":"https:\/\/jornalfatosenoticias.com.br\/index.php\/wp-json\/wp\/v2\/posts\/30676","targetHints":{"allow":["GET"]}}],"collection":[{"href":"https:\/\/jornalfatosenoticias.com.br\/index.php\/wp-json\/wp\/v2\/posts"}],"about":[{"href":"https:\/\/jornalfatosenoticias.com.br\/index.php\/wp-json\/wp\/v2\/types\/post"}],"author":[{"embeddable":true,"href":"https:\/\/jornalfatosenoticias.com.br\/index.php\/wp-json\/wp\/v2\/users\/2"}],"replies":[{"embeddable":true,"href":"https:\/\/jornalfatosenoticias.com.br\/index.php\/wp-json\/wp\/v2\/comments?post=30676"}],"version-history":[{"count":0,"href":"https:\/\/jornalfatosenoticias.com.br\/index.php\/wp-json\/wp\/v2\/posts\/30676\/revisions"}],"wp:featuredmedia":[{"embeddable":true,"href":"https:\/\/jornalfatosenoticias.com.br\/index.php\/wp-json\/wp\/v2\/media\/30677"}],"wp:attachment":[{"href":"https:\/\/jornalfatosenoticias.com.br\/index.php\/wp-json\/wp\/v2\/media?parent=30676"}],"wp:term":[{"taxonomy":"category","embeddable":true,"href":"https:\/\/jornalfatosenoticias.com.br\/index.php\/wp-json\/wp\/v2\/categories?post=30676"},{"taxonomy":"post_tag","embeddable":true,"href":"https:\/\/jornalfatosenoticias.com.br\/index.php\/wp-json\/wp\/v2\/tags?post=30676"}],"curies":[{"name":"wp","href":"https:\/\/api.w.org\/{rel}","templated":true}]}}