{"id":30694,"date":"2022-05-24T09:54:40","date_gmt":"2022-05-24T12:54:40","guid":{"rendered":"https:\/\/jornalfatosenoticias.com.br\/?p=30694"},"modified":"2022-05-24T09:54:44","modified_gmt":"2022-05-24T12:54:44","slug":"a-imbecilidade-e-a-insensatez-do-stf-e-do-congresso-nacional","status":"publish","type":"post","link":"https:\/\/jornalfatosenoticias.com.br\/index.php\/2022\/05\/24\/a-imbecilidade-e-a-insensatez-do-stf-e-do-congresso-nacional\/","title":{"rendered":"A imbecilidade e a insensatez do STF e do Congresso Nacional"},"content":{"rendered":"\n<p><em><span class=\"has-inline-color has-black-color\">Ao mesmo tempo em que condenam arbitrariamente um deputado federal, concedem pris\u00e3o domiciliar ao operador do mensal\u00e3o, Marcos Val\u00e9rio, que movimentou mais de R$ 141 milh\u00f5es do setor p\u00fablico. Que paradoxo social!<\/span><\/em><\/p>\n\n\n\n<div class=\"wp-block-image\"><figure class=\"aligncenter size-large is-resized\"><img loading=\"lazy\" decoding=\"async\" src=\"https:\/\/jornalfatosenoticias.com.br\/wp-content\/uploads\/2020\/02\/banner_ferramentas-1024x100.jpg\" alt=\"\" class=\"wp-image-1258\" width=\"368\" height=\"35\" srcset=\"https:\/\/jornalfatosenoticias.com.br\/wp-content\/uploads\/2020\/02\/banner_ferramentas-1024x100.jpg 1024w, https:\/\/jornalfatosenoticias.com.br\/wp-content\/uploads\/2020\/02\/banner_ferramentas-300x29.jpg 300w, https:\/\/jornalfatosenoticias.com.br\/wp-content\/uploads\/2020\/02\/banner_ferramentas-768x75.jpg 768w, https:\/\/jornalfatosenoticias.com.br\/wp-content\/uploads\/2020\/02\/banner_ferramentas.jpg 1227w\" sizes=\"auto, (max-width: 368px) 100vw, 368px\" \/><\/figure><\/div>\n\n\n\n<p>Muito se questiona sobre a conduta dos ministros do Supremo Tribunal Federal (STF). Decis\u00f5es bizarras, sem fundamenta\u00e7\u00e3o jur\u00eddica, desconexas e, na maioria das vezes, carregadas de vi\u00e9s pol\u00edtico e ideol\u00f3gico, desrespeitando a todo instante nossa Carta Magna.<br>A imbecilidade e insensatez do STF s\u00e3o t\u00e3o vastas que, na \u00faltima sexta-feira (20), Alexandre de Moraes determinou o bloqueio de todos os bens do deputado Daniel Silveira (PTB-RJ), indultado com a gra\u00e7a da Presid\u00eancia da Rep\u00fablica. Enquanto isso, no luxuoso STF, somos obrigados a engolir a decis\u00e3o de mais um ministro da Corte, Luiz Roberto Barroso, que concedeu a progress\u00e3o do regime semiaberto para o aberto a Marcos Val\u00e9rio, ningu\u00e9m menos que o operador do mensal\u00e3o que, segundo o Minist\u00e9rio P\u00fablico Federal (MPF), com sua ag\u00eancia de publicidade, movimentou mais de R$ 141 milh\u00f5es, surrupiados de estatais, entre elas, a Petrobras, que esperamos urgentemente pela sua privatiza\u00e7\u00e3o.<\/p>\n\n\n\n<div class=\"wp-block-image\"><figure class=\"aligncenter size-large is-resized\"><img loading=\"lazy\" decoding=\"async\" src=\"https:\/\/jornalfatosenoticias.com.br\/wp-content\/uploads\/2020\/02\/nova-logo-Marquetti.jpg\" alt=\"\" class=\"wp-image-22331\" width=\"225\" height=\"151\" srcset=\"https:\/\/jornalfatosenoticias.com.br\/wp-content\/uploads\/2020\/02\/nova-logo-Marquetti.jpg 643w, https:\/\/jornalfatosenoticias.com.br\/wp-content\/uploads\/2020\/02\/nova-logo-Marquetti-300x202.jpg 300w\" sizes=\"auto, (max-width: 225px) 100vw, 225px\" \/><\/figure><\/div>\n\n\n\n<figure class=\"wp-block-image size-large\"><img loading=\"lazy\" decoding=\"async\" width=\"700\" height=\"450\" src=\"https:\/\/jornalfatosenoticias.com.br\/wp-content\/uploads\/2022\/05\/Marcos-Valerio.jpg\" alt=\"\" class=\"wp-image-30686\" srcset=\"https:\/\/jornalfatosenoticias.com.br\/wp-content\/uploads\/2022\/05\/Marcos-Valerio.jpg 700w, https:\/\/jornalfatosenoticias.com.br\/wp-content\/uploads\/2022\/05\/Marcos-Valerio-300x193.jpg 300w\" sizes=\"auto, (max-width: 700px) 100vw, 700px\" \/><figcaption><em><span class=\"has-inline-color has-black-color\">Marcos Val\u00e9rio (Foto: Euler Junior\/EM\/D.A Press)<\/span><\/em><\/figcaption><\/figure>\n\n\n\n<div class=\"wp-block-image\"><figure class=\"alignleft size-large is-resized\"><img loading=\"lazy\" decoding=\"async\" src=\"https:\/\/jornalfatosenoticias.com.br\/wp-content\/uploads\/2022\/02\/Precisao-Contabilidade-1024x724.jpg\" alt=\"\" class=\"wp-image-28088\" width=\"230\" height=\"162\"\/><\/figure><\/div>\n\n\n\n<p>As canetadas, sem nenhum crit\u00e9rio, s\u00e3o disparadas a torto e a direito e sempre em dire\u00e7\u00e3o a parlamentares apoiadores do presidente Jair Bolsonaro. Se \u00e9 provoca\u00e7\u00e3o ou somente uma tentativa de medir n\u00edvel de testosterona, n\u00e3o sabemos, mas nos tranquilizamos quando vimos o presidente e toda sua equipe t\u00e9cnica jogando o \u201cfeij\u00e3o com arroz\u201d dentro das quatro linhas e, nitidamente, com apoio claro da grande maioria da popula\u00e7\u00e3o.<br>Em 2020, o presidente cantou a pedra ao criticar o discurso politiqueiro de prefeitos e governadores do \u2018fecha tudo que a economia a gente v\u00ea depois\u2019 e foi duramente criticado e apedrejado pela falsa m\u00eddia, alegando que ele estaria contrariando recomenda\u00e7\u00f5es da falida e inconfi\u00e1vel Organiza\u00e7\u00e3o Mundial da Sa\u00fade (OMS). Tanto estava certo, que o Fundo Monet\u00e1rio Internacional (FMI) publicou que o Brasil ter\u00e1 uma gera\u00e7\u00e3o mais pobre, por consequ\u00eancia do fechamento de escolas na pandemia.<\/p>\n\n\n\n<div class=\"wp-block-image\"><figure class=\"aligncenter size-large is-resized\"><img loading=\"lazy\" decoding=\"async\" src=\"https:\/\/jornalfatosenoticias.com.br\/wp-content\/uploads\/2020\/02\/Serra-Grande-1024x160.png\" alt=\"\" class=\"wp-image-7836\" width=\"319\" height=\"49\"\/><\/figure><\/div>\n\n\n\n<figure class=\"wp-block-image size-large\"><img loading=\"lazy\" decoding=\"async\" width=\"700\" height=\"466\" src=\"https:\/\/jornalfatosenoticias.com.br\/wp-content\/uploads\/2022\/05\/bolsonaro.jpg\" alt=\"\" class=\"wp-image-30687\" srcset=\"https:\/\/jornalfatosenoticias.com.br\/wp-content\/uploads\/2022\/05\/bolsonaro.jpg 700w, https:\/\/jornalfatosenoticias.com.br\/wp-content\/uploads\/2022\/05\/bolsonaro-300x200.jpg 300w\" sizes=\"auto, (max-width: 700px) 100vw, 700px\" \/><figcaption><em><span class=\"has-inline-color has-black-color\">Bolsonaro \u00e9 aclamado pelo povo (Foto: Alan Santos\/PR)<\/span><\/em><\/figcaption><\/figure>\n\n\n\n<div class=\"wp-block-image\"><figure class=\"alignright size-large\"><img decoding=\"async\" src=\"https:\/\/jornalfatosenoticias.com.br\/wp-content\/uploads\/2020\/02\/logo_esteio.jpg\" alt=\"\" class=\"wp-image-1214\"\/><\/figure><\/div>\n\n\n\n<p>N\u00e3o podemos deixar impunes governadores e prefeitos que endossaram essa falsa argumenta\u00e7\u00e3o do fica em casa, a economia a gente v\u00ea depois, de cunho meramente eleitoreiro, e pelas irregularidades e desvios que, segundo a Pol\u00edcia Federal, foram mais de R$ 2 bilh\u00f5es. Governadores como Rui Costa (PT\/BA), Wilson Witzel (RJ), Jo\u00e3o Doria (SP) e tantos outros dever\u00e3o pagar pelo que fizeram. Or\u00e7amentos fraudados para servi\u00e7os de montagem e desmontagem de tendas, instala\u00e7\u00e3o de caixas d\u2019\u00e1gua, geradores de energia e pisos para hospitais de campanha, fraudes em licita\u00e7\u00f5es, falsidade ideol\u00f3gica, peculato, corrup\u00e7\u00e3o passiva e ativa, lavagem de dinheiro e organiza\u00e7\u00e3o criminosa s\u00e3o apenas alguns dos crimes praticados no momento de enfrentamento \u00e0 pandemia da covid-19 e que n\u00e3o podem ser esquecidas.<br>O governo federal vem fazendo a sua parte, algumas semanas atr\u00e1s zerou impostos, inclusive do diesel, com o objetivo de amenizar o fardo da popula\u00e7\u00e3o que est\u00e1 sofrendo com a alta de pre\u00e7os provocadas pela guerra da R\u00fassia com a Ucr\u00e2nia e pelas especula\u00e7\u00f5es de uma nova variante na China. E, mais uma vez, governadores aproveitam a vulnerabilidade socioecon\u00f4mica para engordarem um pouco mais os cofres p\u00fablicos estatais com a arrecada\u00e7\u00e3o sobre os combust\u00edveis. Para se ter uma ideia, somente sobre o combust\u00edvel, a al\u00edquota do Imposto sobre Circula\u00e7\u00e3o de Mercadores e Servi\u00e7os (ICMS), nos primeiros meses do ano, engordou 36%, ou seja, rendeu mais de R$ 41,55 bilh\u00f5es aos cofres dos Estados.<\/p>\n\n\n\n<div class=\"wp-block-image\"><figure class=\"aligncenter size-large is-resized\"><img loading=\"lazy\" decoding=\"async\" src=\"https:\/\/jornalfatosenoticias.com.br\/wp-content\/uploads\/2022\/02\/Arte-Autoescola-Galatas_endereco_portal-1024x103.png\" alt=\"\" class=\"wp-image-27869\" width=\"380\" height=\"38\" srcset=\"https:\/\/jornalfatosenoticias.com.br\/wp-content\/uploads\/2022\/02\/Arte-Autoescola-Galatas_endereco_portal-1024x103.png 1024w, https:\/\/jornalfatosenoticias.com.br\/wp-content\/uploads\/2022\/02\/Arte-Autoescola-Galatas_endereco_portal-300x30.png 300w, https:\/\/jornalfatosenoticias.com.br\/wp-content\/uploads\/2022\/02\/Arte-Autoescola-Galatas_endereco_portal-768x77.png 768w, https:\/\/jornalfatosenoticias.com.br\/wp-content\/uploads\/2022\/02\/Arte-Autoescola-Galatas_endereco_portal.png 1223w\" sizes=\"auto, (max-width: 380px) 100vw, 380px\" \/><\/figure><\/div>\n\n\n\n<figure class=\"wp-block-image size-large\"><img loading=\"lazy\" decoding=\"async\" width=\"1000\" height=\"600\" src=\"https:\/\/jornalfatosenoticias.com.br\/wp-content\/uploads\/2022\/05\/Caminhao-474.jpg\" alt=\"\" class=\"wp-image-30685\" srcset=\"https:\/\/jornalfatosenoticias.com.br\/wp-content\/uploads\/2022\/05\/Caminhao-474.jpg 1000w, https:\/\/jornalfatosenoticias.com.br\/wp-content\/uploads\/2022\/05\/Caminhao-474-300x180.jpg 300w, https:\/\/jornalfatosenoticias.com.br\/wp-content\/uploads\/2022\/05\/Caminhao-474-768x461.jpg 768w\" sizes=\"auto, (max-width: 1000px) 100vw, 1000px\" \/><figcaption><em><span class=\"has-inline-color has-black-color\">Al\u00edquota federal do diesel foi zerada pelo presidente Bolsonaro (Foto: Abrascam)<\/span><\/em><\/figcaption><\/figure>\n\n\n\n<div class=\"wp-block-image\"><figure class=\"alignleft size-large\"><img loading=\"lazy\" decoding=\"async\" width=\"300\" height=\"250\" src=\"https:\/\/jornalfatosenoticias.com.br\/wp-content\/uploads\/2022\/02\/Banner-2.png\" alt=\"\" class=\"wp-image-27877\"\/><\/figure><\/div>\n\n\n\n<p>Diante dessas intemp\u00e9ries, nos encontramos entre a cruz e a espada e a oportunidade para solucionarmos esse momento displicente que tivemos no passado, teremos nas elei\u00e7\u00f5es de outubro a chance de renovar essa p\u00e9ssima safra de pol\u00edticos que perduram por anos no Congresso Nacional.<br>Por enquanto, \u00e9 ter que conviver com os parasitas que nos representam como os presidentes Rodrigo Pacheco (Senado) e Arthur Lira (C\u00e2mara) e parlamentares, que ignoram solenemente qualquer compromisso com os interesses do povo e optam pela submiss\u00e3o na condi\u00e7\u00e3o de servi\u00e7ais aos caprichos da pior composi\u00e7\u00e3o que a Suprema Corte j\u00e1 teve em toda sua hist\u00f3ria.<br>Sinto uma certa vergonha alheia\u2026<\/p>\n","protected":false},"excerpt":{"rendered":"<p>Ao mesmo tempo em que condenam arbitrariamente um deputado federal, concedem pris\u00e3o domiciliar ao operador do mensal\u00e3o, Marcos Val\u00e9rio, que movimentou mais de R$ 141 milh\u00f5es do setor p\u00fablico. Que paradoxo social! Muito se questiona sobre a conduta dos ministros do Supremo Tribunal Federal (STF). Decis\u00f5es bizarras, sem fundamenta\u00e7\u00e3o jur\u00eddica, desconexas e, na maioria das [&hellip;]<\/p>\n","protected":false},"author":3,"featured_media":30688,"comment_status":"open","ping_status":"open","sticky":false,"template":"","format":"standard","meta":{"footnotes":""},"categories":[10],"tags":[10224,2129,13969,14581,13186,294],"class_list":["post-30694","post","type-post","status-publish","format-standard","has-post-thumbnail","hentry","category-politica","tag-congresso-nacional","tag-corrupcao","tag-corrupcao-politica","tag-marcos-valerio","tag-pt","tag-stf"],"yoast_head":"<!-- This site is optimized with the Yoast SEO plugin v26.5 - https:\/\/yoast.com\/wordpress\/plugins\/seo\/ -->\n<title>A imbecilidade e a insensatez do STF e do Congresso Nacional - Jornal Fatos e Not\u00edcias<\/title>\n<meta name=\"robots\" content=\"index, follow, max-snippet:-1, max-image-preview:large, max-video-preview:-1\" \/>\n<link rel=\"canonical\" href=\"https:\/\/jornalfatosenoticias.com.br\/index.php\/2022\/05\/24\/a-imbecilidade-e-a-insensatez-do-stf-e-do-congresso-nacional\/\" \/>\n<meta property=\"og:locale\" content=\"pt_BR\" \/>\n<meta property=\"og:type\" content=\"article\" \/>\n<meta property=\"og:title\" content=\"A imbecilidade e a insensatez do STF e do Congresso Nacional - Jornal Fatos e Not\u00edcias\" \/>\n<meta property=\"og:description\" content=\"Ao mesmo tempo em que condenam arbitrariamente um deputado federal, concedem pris\u00e3o domiciliar ao operador do mensal\u00e3o, Marcos Val\u00e9rio, que movimentou mais de R$ 141 milh\u00f5es do setor p\u00fablico. Que paradoxo social! Muito se questiona sobre a conduta dos ministros do Supremo Tribunal Federal (STF). Decis\u00f5es bizarras, sem fundamenta\u00e7\u00e3o jur\u00eddica, desconexas e, na maioria das [&hellip;]\" \/>\n<meta property=\"og:url\" content=\"https:\/\/jornalfatosenoticias.com.br\/index.php\/2022\/05\/24\/a-imbecilidade-e-a-insensatez-do-stf-e-do-congresso-nacional\/\" \/>\n<meta property=\"og:site_name\" content=\"Jornal Fatos e Not\u00edcias\" \/>\n<meta property=\"article:published_time\" content=\"2022-05-24T12:54:40+00:00\" \/>\n<meta property=\"article:modified_time\" content=\"2022-05-24T12:54:44+00:00\" \/>\n<meta property=\"og:image\" content=\"https:\/\/jornalfatosenoticias.com.br\/wp-content\/uploads\/2022\/05\/Supremo-474.jpeg\" \/>\n\t<meta property=\"og:image:width\" content=\"1000\" \/>\n\t<meta property=\"og:image:height\" content=\"435\" \/>\n\t<meta property=\"og:image:type\" content=\"image\/jpeg\" \/>\n<meta name=\"author\" content=\"Haroldo Filho\" \/>\n<meta name=\"twitter:card\" content=\"summary_large_image\" \/>\n<meta name=\"twitter:label1\" content=\"Escrito por\" \/>\n\t<meta name=\"twitter:data1\" content=\"Haroldo Filho\" \/>\n\t<meta name=\"twitter:label2\" content=\"Est. tempo de leitura\" \/>\n\t<meta name=\"twitter:data2\" content=\"4 minutos\" \/>\n<script type=\"application\/ld+json\" class=\"yoast-schema-graph\">{\"@context\":\"https:\/\/schema.org\",\"@graph\":[{\"@type\":\"Article\",\"@id\":\"https:\/\/jornalfatosenoticias.com.br\/index.php\/2022\/05\/24\/a-imbecilidade-e-a-insensatez-do-stf-e-do-congresso-nacional\/#article\",\"isPartOf\":{\"@id\":\"https:\/\/jornalfatosenoticias.com.br\/index.php\/2022\/05\/24\/a-imbecilidade-e-a-insensatez-do-stf-e-do-congresso-nacional\/\"},\"author\":{\"name\":\"Haroldo Filho\",\"@id\":\"https:\/\/jornalfatosenoticias.com.br\/#\/schema\/person\/05c46cc25b42a5c27e004fb0fa6b4965\"},\"headline\":\"A imbecilidade e a insensatez do STF e do Congresso Nacional\",\"datePublished\":\"2022-05-24T12:54:40+00:00\",\"dateModified\":\"2022-05-24T12:54:44+00:00\",\"mainEntityOfPage\":{\"@id\":\"https:\/\/jornalfatosenoticias.com.br\/index.php\/2022\/05\/24\/a-imbecilidade-e-a-insensatez-do-stf-e-do-congresso-nacional\/\"},\"wordCount\":776,\"commentCount\":0,\"publisher\":{\"@id\":\"https:\/\/jornalfatosenoticias.com.br\/#organization\"},\"image\":{\"@id\":\"https:\/\/jornalfatosenoticias.com.br\/index.php\/2022\/05\/24\/a-imbecilidade-e-a-insensatez-do-stf-e-do-congresso-nacional\/#primaryimage\"},\"thumbnailUrl\":\"https:\/\/jornalfatosenoticias.com.br\/wp-content\/uploads\/2022\/05\/Supremo-474.jpeg\",\"keywords\":[\"Congresso Nacional\",\"corrup\u00e7\u00e3o\",\"corrup\u00e7\u00e3o pol\u00edtica\",\"Marcos Val\u00e9rio\",\"PT\",\"STF\"],\"articleSection\":[\"Pol\u00edtica\"],\"inLanguage\":\"pt-BR\",\"potentialAction\":[{\"@type\":\"CommentAction\",\"name\":\"Comment\",\"target\":[\"https:\/\/jornalfatosenoticias.com.br\/index.php\/2022\/05\/24\/a-imbecilidade-e-a-insensatez-do-stf-e-do-congresso-nacional\/#respond\"]}]},{\"@type\":\"WebPage\",\"@id\":\"https:\/\/jornalfatosenoticias.com.br\/index.php\/2022\/05\/24\/a-imbecilidade-e-a-insensatez-do-stf-e-do-congresso-nacional\/\",\"url\":\"https:\/\/jornalfatosenoticias.com.br\/index.php\/2022\/05\/24\/a-imbecilidade-e-a-insensatez-do-stf-e-do-congresso-nacional\/\",\"name\":\"A imbecilidade e a insensatez do STF e do Congresso Nacional - Jornal Fatos e Not\u00edcias\",\"isPartOf\":{\"@id\":\"https:\/\/jornalfatosenoticias.com.br\/#website\"},\"primaryImageOfPage\":{\"@id\":\"https:\/\/jornalfatosenoticias.com.br\/index.php\/2022\/05\/24\/a-imbecilidade-e-a-insensatez-do-stf-e-do-congresso-nacional\/#primaryimage\"},\"image\":{\"@id\":\"https:\/\/jornalfatosenoticias.com.br\/index.php\/2022\/05\/24\/a-imbecilidade-e-a-insensatez-do-stf-e-do-congresso-nacional\/#primaryimage\"},\"thumbnailUrl\":\"https:\/\/jornalfatosenoticias.com.br\/wp-content\/uploads\/2022\/05\/Supremo-474.jpeg\",\"datePublished\":\"2022-05-24T12:54:40+00:00\",\"dateModified\":\"2022-05-24T12:54:44+00:00\",\"breadcrumb\":{\"@id\":\"https:\/\/jornalfatosenoticias.com.br\/index.php\/2022\/05\/24\/a-imbecilidade-e-a-insensatez-do-stf-e-do-congresso-nacional\/#breadcrumb\"},\"inLanguage\":\"pt-BR\",\"potentialAction\":[{\"@type\":\"ReadAction\",\"target\":[\"https:\/\/jornalfatosenoticias.com.br\/index.php\/2022\/05\/24\/a-imbecilidade-e-a-insensatez-do-stf-e-do-congresso-nacional\/\"]}]},{\"@type\":\"ImageObject\",\"inLanguage\":\"pt-BR\",\"@id\":\"https:\/\/jornalfatosenoticias.com.br\/index.php\/2022\/05\/24\/a-imbecilidade-e-a-insensatez-do-stf-e-do-congresso-nacional\/#primaryimage\",\"url\":\"https:\/\/jornalfatosenoticias.com.br\/wp-content\/uploads\/2022\/05\/Supremo-474.jpeg\",\"contentUrl\":\"https:\/\/jornalfatosenoticias.com.br\/wp-content\/uploads\/2022\/05\/Supremo-474.jpeg\",\"width\":1000,\"height\":435},{\"@type\":\"BreadcrumbList\",\"@id\":\"https:\/\/jornalfatosenoticias.com.br\/index.php\/2022\/05\/24\/a-imbecilidade-e-a-insensatez-do-stf-e-do-congresso-nacional\/#breadcrumb\",\"itemListElement\":[{\"@type\":\"ListItem\",\"position\":1,\"name\":\"In\u00edcio\",\"item\":\"https:\/\/jornalfatosenoticias.com.br\/\"},{\"@type\":\"ListItem\",\"position\":2,\"name\":\"A imbecilidade e a insensatez do STF e do Congresso Nacional\"}]},{\"@type\":\"WebSite\",\"@id\":\"https:\/\/jornalfatosenoticias.com.br\/#website\",\"url\":\"https:\/\/jornalfatosenoticias.com.br\/\",\"name\":\"Jornal Fatos e Not\u00edcias\",\"description\":\"Not\u00edcias em geral\",\"publisher\":{\"@id\":\"https:\/\/jornalfatosenoticias.com.br\/#organization\"},\"potentialAction\":[{\"@type\":\"SearchAction\",\"target\":{\"@type\":\"EntryPoint\",\"urlTemplate\":\"https:\/\/jornalfatosenoticias.com.br\/?s={search_term_string}\"},\"query-input\":{\"@type\":\"PropertyValueSpecification\",\"valueRequired\":true,\"valueName\":\"search_term_string\"}}],\"inLanguage\":\"pt-BR\"},{\"@type\":\"Organization\",\"@id\":\"https:\/\/jornalfatosenoticias.com.br\/#organization\",\"name\":\"Jornal Fatos e Not\u00edcias\",\"url\":\"https:\/\/jornalfatosenoticias.com.br\/\",\"logo\":{\"@type\":\"ImageObject\",\"inLanguage\":\"pt-BR\",\"@id\":\"https:\/\/jornalfatosenoticias.com.br\/#\/schema\/logo\/image\/\",\"url\":\"https:\/\/jornalfatosenoticias.com.br\/wp-content\/uploads\/2020\/02\/logo120.png\",\"contentUrl\":\"https:\/\/jornalfatosenoticias.com.br\/wp-content\/uploads\/2020\/02\/logo120.png\",\"width\":1227,\"height\":120,\"caption\":\"Jornal Fatos e Not\u00edcias\"},\"image\":{\"@id\":\"https:\/\/jornalfatosenoticias.com.br\/#\/schema\/logo\/image\/\"}},{\"@type\":\"Person\",\"@id\":\"https:\/\/jornalfatosenoticias.com.br\/#\/schema\/person\/05c46cc25b42a5c27e004fb0fa6b4965\",\"name\":\"Haroldo Filho\",\"image\":{\"@type\":\"ImageObject\",\"inLanguage\":\"pt-BR\",\"@id\":\"https:\/\/jornalfatosenoticias.com.br\/#\/schema\/person\/image\/\",\"url\":\"https:\/\/jornalfatosenoticias.com.br\/wp-content\/uploads\/2025\/08\/WhatsApp-Image-2025-08-18-at-15.30.28-150x150.jpeg\",\"contentUrl\":\"https:\/\/jornalfatosenoticias.com.br\/wp-content\/uploads\/2025\/08\/WhatsApp-Image-2025-08-18-at-15.30.28-150x150.jpeg\",\"caption\":\"Haroldo Filho\"},\"description\":\"Jornalista \u2013 DRT: 0003818\/ES Coordenador-geral da ONG Educar para Crescer\",\"url\":\"https:\/\/jornalfatosenoticias.com.br\/index.php\/author\/haroldo\/\"}]}<\/script>\n<!-- \/ Yoast SEO plugin. -->","yoast_head_json":{"title":"A imbecilidade e a insensatez do STF e do Congresso Nacional - Jornal Fatos e Not\u00edcias","robots":{"index":"index","follow":"follow","max-snippet":"max-snippet:-1","max-image-preview":"max-image-preview:large","max-video-preview":"max-video-preview:-1"},"canonical":"https:\/\/jornalfatosenoticias.com.br\/index.php\/2022\/05\/24\/a-imbecilidade-e-a-insensatez-do-stf-e-do-congresso-nacional\/","og_locale":"pt_BR","og_type":"article","og_title":"A imbecilidade e a insensatez do STF e do Congresso Nacional - Jornal Fatos e Not\u00edcias","og_description":"Ao mesmo tempo em que condenam arbitrariamente um deputado federal, concedem pris\u00e3o domiciliar ao operador do mensal\u00e3o, Marcos Val\u00e9rio, que movimentou mais de R$ 141 milh\u00f5es do setor p\u00fablico. Que paradoxo social! Muito se questiona sobre a conduta dos ministros do Supremo Tribunal Federal (STF). Decis\u00f5es bizarras, sem fundamenta\u00e7\u00e3o jur\u00eddica, desconexas e, na maioria das [&hellip;]","og_url":"https:\/\/jornalfatosenoticias.com.br\/index.php\/2022\/05\/24\/a-imbecilidade-e-a-insensatez-do-stf-e-do-congresso-nacional\/","og_site_name":"Jornal Fatos e Not\u00edcias","article_published_time":"2022-05-24T12:54:40+00:00","article_modified_time":"2022-05-24T12:54:44+00:00","og_image":[{"width":1000,"height":435,"url":"https:\/\/jornalfatosenoticias.com.br\/wp-content\/uploads\/2022\/05\/Supremo-474.jpeg","type":"image\/jpeg"}],"author":"Haroldo Filho","twitter_card":"summary_large_image","twitter_misc":{"Escrito por":"Haroldo Filho","Est. tempo de leitura":"4 minutos"},"schema":{"@context":"https:\/\/schema.org","@graph":[{"@type":"Article","@id":"https:\/\/jornalfatosenoticias.com.br\/index.php\/2022\/05\/24\/a-imbecilidade-e-a-insensatez-do-stf-e-do-congresso-nacional\/#article","isPartOf":{"@id":"https:\/\/jornalfatosenoticias.com.br\/index.php\/2022\/05\/24\/a-imbecilidade-e-a-insensatez-do-stf-e-do-congresso-nacional\/"},"author":{"name":"Haroldo Filho","@id":"https:\/\/jornalfatosenoticias.com.br\/#\/schema\/person\/05c46cc25b42a5c27e004fb0fa6b4965"},"headline":"A imbecilidade e a insensatez do STF e do Congresso Nacional","datePublished":"2022-05-24T12:54:40+00:00","dateModified":"2022-05-24T12:54:44+00:00","mainEntityOfPage":{"@id":"https:\/\/jornalfatosenoticias.com.br\/index.php\/2022\/05\/24\/a-imbecilidade-e-a-insensatez-do-stf-e-do-congresso-nacional\/"},"wordCount":776,"commentCount":0,"publisher":{"@id":"https:\/\/jornalfatosenoticias.com.br\/#organization"},"image":{"@id":"https:\/\/jornalfatosenoticias.com.br\/index.php\/2022\/05\/24\/a-imbecilidade-e-a-insensatez-do-stf-e-do-congresso-nacional\/#primaryimage"},"thumbnailUrl":"https:\/\/jornalfatosenoticias.com.br\/wp-content\/uploads\/2022\/05\/Supremo-474.jpeg","keywords":["Congresso Nacional","corrup\u00e7\u00e3o","corrup\u00e7\u00e3o pol\u00edtica","Marcos Val\u00e9rio","PT","STF"],"articleSection":["Pol\u00edtica"],"inLanguage":"pt-BR","potentialAction":[{"@type":"CommentAction","name":"Comment","target":["https:\/\/jornalfatosenoticias.com.br\/index.php\/2022\/05\/24\/a-imbecilidade-e-a-insensatez-do-stf-e-do-congresso-nacional\/#respond"]}]},{"@type":"WebPage","@id":"https:\/\/jornalfatosenoticias.com.br\/index.php\/2022\/05\/24\/a-imbecilidade-e-a-insensatez-do-stf-e-do-congresso-nacional\/","url":"https:\/\/jornalfatosenoticias.com.br\/index.php\/2022\/05\/24\/a-imbecilidade-e-a-insensatez-do-stf-e-do-congresso-nacional\/","name":"A imbecilidade e a insensatez do STF e do Congresso Nacional - Jornal Fatos e Not\u00edcias","isPartOf":{"@id":"https:\/\/jornalfatosenoticias.com.br\/#website"},"primaryImageOfPage":{"@id":"https:\/\/jornalfatosenoticias.com.br\/index.php\/2022\/05\/24\/a-imbecilidade-e-a-insensatez-do-stf-e-do-congresso-nacional\/#primaryimage"},"image":{"@id":"https:\/\/jornalfatosenoticias.com.br\/index.php\/2022\/05\/24\/a-imbecilidade-e-a-insensatez-do-stf-e-do-congresso-nacional\/#primaryimage"},"thumbnailUrl":"https:\/\/jornalfatosenoticias.com.br\/wp-content\/uploads\/2022\/05\/Supremo-474.jpeg","datePublished":"2022-05-24T12:54:40+00:00","dateModified":"2022-05-24T12:54:44+00:00","breadcrumb":{"@id":"https:\/\/jornalfatosenoticias.com.br\/index.php\/2022\/05\/24\/a-imbecilidade-e-a-insensatez-do-stf-e-do-congresso-nacional\/#breadcrumb"},"inLanguage":"pt-BR","potentialAction":[{"@type":"ReadAction","target":["https:\/\/jornalfatosenoticias.com.br\/index.php\/2022\/05\/24\/a-imbecilidade-e-a-insensatez-do-stf-e-do-congresso-nacional\/"]}]},{"@type":"ImageObject","inLanguage":"pt-BR","@id":"https:\/\/jornalfatosenoticias.com.br\/index.php\/2022\/05\/24\/a-imbecilidade-e-a-insensatez-do-stf-e-do-congresso-nacional\/#primaryimage","url":"https:\/\/jornalfatosenoticias.com.br\/wp-content\/uploads\/2022\/05\/Supremo-474.jpeg","contentUrl":"https:\/\/jornalfatosenoticias.com.br\/wp-content\/uploads\/2022\/05\/Supremo-474.jpeg","width":1000,"height":435},{"@type":"BreadcrumbList","@id":"https:\/\/jornalfatosenoticias.com.br\/index.php\/2022\/05\/24\/a-imbecilidade-e-a-insensatez-do-stf-e-do-congresso-nacional\/#breadcrumb","itemListElement":[{"@type":"ListItem","position":1,"name":"In\u00edcio","item":"https:\/\/jornalfatosenoticias.com.br\/"},{"@type":"ListItem","position":2,"name":"A imbecilidade e a insensatez do STF e do Congresso Nacional"}]},{"@type":"WebSite","@id":"https:\/\/jornalfatosenoticias.com.br\/#website","url":"https:\/\/jornalfatosenoticias.com.br\/","name":"Jornal Fatos e Not\u00edcias","description":"Not\u00edcias em geral","publisher":{"@id":"https:\/\/jornalfatosenoticias.com.br\/#organization"},"potentialAction":[{"@type":"SearchAction","target":{"@type":"EntryPoint","urlTemplate":"https:\/\/jornalfatosenoticias.com.br\/?s={search_term_string}"},"query-input":{"@type":"PropertyValueSpecification","valueRequired":true,"valueName":"search_term_string"}}],"inLanguage":"pt-BR"},{"@type":"Organization","@id":"https:\/\/jornalfatosenoticias.com.br\/#organization","name":"Jornal Fatos e Not\u00edcias","url":"https:\/\/jornalfatosenoticias.com.br\/","logo":{"@type":"ImageObject","inLanguage":"pt-BR","@id":"https:\/\/jornalfatosenoticias.com.br\/#\/schema\/logo\/image\/","url":"https:\/\/jornalfatosenoticias.com.br\/wp-content\/uploads\/2020\/02\/logo120.png","contentUrl":"https:\/\/jornalfatosenoticias.com.br\/wp-content\/uploads\/2020\/02\/logo120.png","width":1227,"height":120,"caption":"Jornal Fatos e Not\u00edcias"},"image":{"@id":"https:\/\/jornalfatosenoticias.com.br\/#\/schema\/logo\/image\/"}},{"@type":"Person","@id":"https:\/\/jornalfatosenoticias.com.br\/#\/schema\/person\/05c46cc25b42a5c27e004fb0fa6b4965","name":"Haroldo Filho","image":{"@type":"ImageObject","inLanguage":"pt-BR","@id":"https:\/\/jornalfatosenoticias.com.br\/#\/schema\/person\/image\/","url":"https:\/\/jornalfatosenoticias.com.br\/wp-content\/uploads\/2025\/08\/WhatsApp-Image-2025-08-18-at-15.30.28-150x150.jpeg","contentUrl":"https:\/\/jornalfatosenoticias.com.br\/wp-content\/uploads\/2025\/08\/WhatsApp-Image-2025-08-18-at-15.30.28-150x150.jpeg","caption":"Haroldo Filho"},"description":"Jornalista \u2013 DRT: 0003818\/ES Coordenador-geral da ONG Educar para Crescer","url":"https:\/\/jornalfatosenoticias.com.br\/index.php\/author\/haroldo\/"}]}},"cc_featured_image_caption":{"caption_text":"(Foto: Nelson Jr\/Ag\u00eancia O Globo)","source_text":"","source_url":""},"jetpack_featured_media_url":"https:\/\/jornalfatosenoticias.com.br\/wp-content\/uploads\/2022\/05\/Supremo-474.jpeg","_links":{"self":[{"href":"https:\/\/jornalfatosenoticias.com.br\/index.php\/wp-json\/wp\/v2\/posts\/30694","targetHints":{"allow":["GET"]}}],"collection":[{"href":"https:\/\/jornalfatosenoticias.com.br\/index.php\/wp-json\/wp\/v2\/posts"}],"about":[{"href":"https:\/\/jornalfatosenoticias.com.br\/index.php\/wp-json\/wp\/v2\/types\/post"}],"author":[{"embeddable":true,"href":"https:\/\/jornalfatosenoticias.com.br\/index.php\/wp-json\/wp\/v2\/users\/3"}],"replies":[{"embeddable":true,"href":"https:\/\/jornalfatosenoticias.com.br\/index.php\/wp-json\/wp\/v2\/comments?post=30694"}],"version-history":[{"count":0,"href":"https:\/\/jornalfatosenoticias.com.br\/index.php\/wp-json\/wp\/v2\/posts\/30694\/revisions"}],"wp:featuredmedia":[{"embeddable":true,"href":"https:\/\/jornalfatosenoticias.com.br\/index.php\/wp-json\/wp\/v2\/media\/30688"}],"wp:attachment":[{"href":"https:\/\/jornalfatosenoticias.com.br\/index.php\/wp-json\/wp\/v2\/media?parent=30694"}],"wp:term":[{"taxonomy":"category","embeddable":true,"href":"https:\/\/jornalfatosenoticias.com.br\/index.php\/wp-json\/wp\/v2\/categories?post=30694"},{"taxonomy":"post_tag","embeddable":true,"href":"https:\/\/jornalfatosenoticias.com.br\/index.php\/wp-json\/wp\/v2\/tags?post=30694"}],"curies":[{"name":"wp","href":"https:\/\/api.w.org\/{rel}","templated":true}]}}