{"id":3076,"date":"2020-04-13T10:02:27","date_gmt":"2020-04-13T13:02:27","guid":{"rendered":"https:\/\/jornalfatosenoticias.com.br\/?p=3076"},"modified":"2020-04-13T10:05:23","modified_gmt":"2020-04-13T13:05:23","slug":"monumentos-ganham-iluminacao-como-marco-pela-saude-e-esperanca","status":"publish","type":"post","link":"https:\/\/jornalfatosenoticias.com.br\/index.php\/2020\/04\/13\/monumentos-ganham-iluminacao-como-marco-pela-saude-e-esperanca\/","title":{"rendered":"Monumentos ganham ilumina\u00e7\u00e3o como marco pela sa\u00fade e esperan\u00e7a"},"content":{"rendered":"\n<h6 class=\"wp-block-heading\"><em>At\u00e9 agora, oito pontos da capital receberam a ilumina\u00e7\u00e3o e nas pr\u00f3ximas semanas novos tamb\u00e9m v\u00e3o ganhar a interven\u00e7\u00e3o<\/em><\/h6>\n\n\n\n<p>Em um ato simb\u00f3lico, a Secretaria Municipal de Transportes, Tr\u00e2nsito e Infraestrutura Urbana (Setran) iluminou com a cor verde pontos importantes da capital, como edif\u00edcios e monumentos. A cor representa tanto a sa\u00fade, como a esperan\u00e7a para enfrentar este momento de pandemia. At\u00e9 agora, oito pontos da capital receberam a ilumina\u00e7\u00e3o e nas pr\u00f3ximas semanas novos tamb\u00e9m v\u00e3o ganhar a interven\u00e7\u00e3o.<br>Receberam ilumina\u00e7\u00e3o at\u00e9 a noite da \u00faltima quinta-feira (9): Vit\u00f3ria 360\u00b0, Cruz do Papa, Monumento \u00e0 PM (na entrada da Ilha do Frade), Ponte da Passagem, Viaduto Caramuru, Casa Porto das Artes Pl\u00e1sticas, Santu\u00e1rio de Santo Ant\u00f4nio e as torres de Jesus de Nazareth.<br>Segundo a secret\u00e1ria da Setran, Ana Elisa Nahas, a a\u00e7\u00e3o visa a chamar a aten\u00e7\u00e3o para os cuidados que a popula\u00e7\u00e3o deve tomar com a pandemia, al\u00e9m de simbolizar a esperan\u00e7a para a popula\u00e7\u00e3o e profissionais de sa\u00fade que est\u00e3o enfrentando essa situa\u00e7\u00e3o t\u00e3o dif\u00edcil. &#8220;A cor verde simboliza a sa\u00fade e tamb\u00e9m a esperan\u00e7a. Com essa a\u00e7\u00e3o, queremos mostrar \u00e0 cidade que precisamos nos cuidar e que temos a certeza de que tudo vai dar certo, mandando uma mensagem positiva para todos, especialmente para os nossos profissionais de sa\u00fade&#8221;, afirmou.<\/p>\n\n\n\n<div class=\"wp-block-jetpack-slideshow aligncenter\" data-effect=\"slide\"><div class=\"wp-block-jetpack-slideshow_container swiper-container\"><ul class=\"wp-block-jetpack-slideshow_swiper-wrapper swiper-wrapper\"><li class=\"wp-block-jetpack-slideshow_slide swiper-slide\"><figure><img loading=\"lazy\" decoding=\"async\" width=\"1000\" height=\"626\" alt=\"\" class=\"wp-block-jetpack-slideshow_image wp-image-3077\" data-id=\"3077\" src=\"https:\/\/jornalfatosenoticias.com.br\/wp-content\/uploads\/2020\/04\/ponte-da-passagem.jpg\" srcset=\"https:\/\/jornalfatosenoticias.com.br\/wp-content\/uploads\/2020\/04\/ponte-da-passagem.jpg 1000w, https:\/\/jornalfatosenoticias.com.br\/wp-content\/uploads\/2020\/04\/ponte-da-passagem-300x188.jpg 300w, https:\/\/jornalfatosenoticias.com.br\/wp-content\/uploads\/2020\/04\/ponte-da-passagem-768x481.jpg 768w, https:\/\/jornalfatosenoticias.com.br\/wp-content\/uploads\/2020\/04\/ponte-da-passagem-350x220.jpg 350w\" sizes=\"auto, (max-width: 1000px) 100vw, 1000px\" \/><figcaption class=\"wp-block-jetpack-slideshow_caption gallery-caption\">Ponte da Passagem com ilumina\u00e7\u00e3o especial verde (Foto: Leonardo Silveira)<\/figcaption><\/figure><\/li><li class=\"wp-block-jetpack-slideshow_slide swiper-slide\"><figure><img loading=\"lazy\" decoding=\"async\" width=\"1000\" height=\"614\" alt=\"\" class=\"wp-block-jetpack-slideshow_image wp-image-3078\" data-id=\"3078\" src=\"https:\/\/jornalfatosenoticias.com.br\/wp-content\/uploads\/2020\/04\/ponte-ilha-do-frade.jpg\" srcset=\"https:\/\/jornalfatosenoticias.com.br\/wp-content\/uploads\/2020\/04\/ponte-ilha-do-frade.jpg 1000w, https:\/\/jornalfatosenoticias.com.br\/wp-content\/uploads\/2020\/04\/ponte-ilha-do-frade-300x184.jpg 300w, https:\/\/jornalfatosenoticias.com.br\/wp-content\/uploads\/2020\/04\/ponte-ilha-do-frade-768x472.jpg 768w\" sizes=\"auto, (max-width: 1000px) 100vw, 1000px\" \/><figcaption class=\"wp-block-jetpack-slideshow_caption gallery-caption\">Ponte Desembargador Carlos Xavier Paes Barreto com ilumina\u00e7\u00e3o especial verde (Foto: Leonardo Silveira)<\/figcaption><\/figure><\/li><li class=\"wp-block-jetpack-slideshow_slide swiper-slide\"><figure><img loading=\"lazy\" decoding=\"async\" width=\"1000\" height=\"610\" alt=\"\" class=\"wp-block-jetpack-slideshow_image wp-image-3079\" data-id=\"3079\" src=\"https:\/\/jornalfatosenoticias.com.br\/wp-content\/uploads\/2020\/04\/santuario-santo-antonio.jpg\" srcset=\"https:\/\/jornalfatosenoticias.com.br\/wp-content\/uploads\/2020\/04\/santuario-santo-antonio.jpg 1000w, https:\/\/jornalfatosenoticias.com.br\/wp-content\/uploads\/2020\/04\/santuario-santo-antonio-300x183.jpg 300w, https:\/\/jornalfatosenoticias.com.br\/wp-content\/uploads\/2020\/04\/santuario-santo-antonio-768x468.jpg 768w\" sizes=\"auto, (max-width: 1000px) 100vw, 1000px\" \/><figcaption class=\"wp-block-jetpack-slideshow_caption gallery-caption\">Santu\u00e1rio-Bas\u00edlica de Santo Ant\u00f4nio com ilumina\u00e7\u00e3o especial verde (Foto: Leonardo Silveira)<\/figcaption><\/figure><\/li><li class=\"wp-block-jetpack-slideshow_slide swiper-slide\"><figure><img loading=\"lazy\" decoding=\"async\" width=\"1000\" height=\"663\" alt=\"\" class=\"wp-block-jetpack-slideshow_image wp-image-3080\" data-id=\"3080\" src=\"https:\/\/jornalfatosenoticias.com.br\/wp-content\/uploads\/2020\/04\/torres-Jesus-de-Nazareth.jpg\" srcset=\"https:\/\/jornalfatosenoticias.com.br\/wp-content\/uploads\/2020\/04\/torres-Jesus-de-Nazareth.jpg 1000w, https:\/\/jornalfatosenoticias.com.br\/wp-content\/uploads\/2020\/04\/torres-Jesus-de-Nazareth-300x199.jpg 300w, https:\/\/jornalfatosenoticias.com.br\/wp-content\/uploads\/2020\/04\/torres-Jesus-de-Nazareth-768x509.jpg 768w\" sizes=\"auto, (max-width: 1000px) 100vw, 1000px\" \/><figcaption class=\"wp-block-jetpack-slideshow_caption gallery-caption\">Torres de Jesus de Nazareth com ilumina\u00e7\u00e3o especial verde (Foto: Leonardo Silveira)<\/figcaption><\/figure><\/li><li class=\"wp-block-jetpack-slideshow_slide swiper-slide\"><figure><img loading=\"lazy\" decoding=\"async\" width=\"1000\" height=\"663\" alt=\"\" class=\"wp-block-jetpack-slideshow_image wp-image-3081\" data-id=\"3081\" src=\"https:\/\/jornalfatosenoticias.com.br\/wp-content\/uploads\/2020\/04\/viaduto-caramuru.jpg\" srcset=\"https:\/\/jornalfatosenoticias.com.br\/wp-content\/uploads\/2020\/04\/viaduto-caramuru.jpg 1000w, https:\/\/jornalfatosenoticias.com.br\/wp-content\/uploads\/2020\/04\/viaduto-caramuru-300x199.jpg 300w, https:\/\/jornalfatosenoticias.com.br\/wp-content\/uploads\/2020\/04\/viaduto-caramuru-768x509.jpg 768w\" sizes=\"auto, (max-width: 1000px) 100vw, 1000px\" \/><figcaption class=\"wp-block-jetpack-slideshow_caption gallery-caption\">Viaduto Caramuru com ilumina\u00e7\u00e3o especial verde (Foto: Leonardo Silveira)<\/figcaption><\/figure><\/li><\/ul><a class=\"wp-block-jetpack-slideshow_button-prev swiper-button-prev swiper-button-white\" role=\"button\"><\/a><a class=\"wp-block-jetpack-slideshow_button-next swiper-button-next swiper-button-white\" role=\"button\"><\/a><a aria-label=\"Pause Slideshow\" class=\"wp-block-jetpack-slideshow_button-pause\" role=\"button\"><\/a><div class=\"wp-block-jetpack-slideshow_pagination swiper-pagination swiper-pagination-white\"><\/div><\/div><\/div>\n\n\n\n<p><strong><em>Fonte: <a href=\"https:\/\/www.vitoria.es.gov.br\/noticia\/monumentos-ganham-iluminacao-como-marco-pela-saude-e-esperanca-40470\">PMV<\/a><\/em><\/strong><\/p>\n","protected":false},"excerpt":{"rendered":"<p>At\u00e9 agora, oito pontos da capital receberam a ilumina\u00e7\u00e3o e nas pr\u00f3ximas semanas novos tamb\u00e9m v\u00e3o ganhar a interven\u00e7\u00e3o Em um ato simb\u00f3lico, a Secretaria Municipal de Transportes, Tr\u00e2nsito e Infraestrutura Urbana (Setran) iluminou com a cor verde pontos importantes da capital, como edif\u00edcios e monumentos. A cor representa tanto a sa\u00fade, como a esperan\u00e7a [&hellip;]<\/p>\n","protected":false},"author":2,"featured_media":3083,"comment_status":"open","ping_status":"open","sticky":false,"template":"","format":"standard","meta":{"footnotes":""},"categories":[5],"tags":[1574,1643,330,74,1645,1644],"class_list":["post-3076","post","type-post","status-publish","format-standard","has-post-thumbnail","hentry","category-geral","tag-esperanca","tag-monumentos-vitoria","tag-pandemia","tag-saude","tag-setran","tag-verde"],"yoast_head":"<!-- This site is optimized with the Yoast SEO plugin v26.5 - https:\/\/yoast.com\/wordpress\/plugins\/seo\/ -->\n<title>Monumentos ganham ilumina\u00e7\u00e3o como marco pela sa\u00fade e esperan\u00e7a - Jornal Fatos e Not\u00edcias<\/title>\n<meta name=\"robots\" content=\"index, follow, max-snippet:-1, max-image-preview:large, max-video-preview:-1\" \/>\n<link rel=\"canonical\" href=\"https:\/\/jornalfatosenoticias.com.br\/index.php\/2020\/04\/13\/monumentos-ganham-iluminacao-como-marco-pela-saude-e-esperanca\/\" \/>\n<meta property=\"og:locale\" content=\"pt_BR\" \/>\n<meta property=\"og:type\" content=\"article\" \/>\n<meta property=\"og:title\" content=\"Monumentos ganham ilumina\u00e7\u00e3o como marco pela sa\u00fade e esperan\u00e7a - Jornal Fatos e Not\u00edcias\" \/>\n<meta property=\"og:description\" content=\"At\u00e9 agora, oito pontos da capital receberam a ilumina\u00e7\u00e3o e nas pr\u00f3ximas semanas novos tamb\u00e9m v\u00e3o ganhar a interven\u00e7\u00e3o Em um ato simb\u00f3lico, a Secretaria Municipal de Transportes, Tr\u00e2nsito e Infraestrutura Urbana (Setran) iluminou com a cor verde pontos importantes da capital, como edif\u00edcios e monumentos. A cor representa tanto a sa\u00fade, como a esperan\u00e7a [&hellip;]\" \/>\n<meta property=\"og:url\" content=\"https:\/\/jornalfatosenoticias.com.br\/index.php\/2020\/04\/13\/monumentos-ganham-iluminacao-como-marco-pela-saude-e-esperanca\/\" \/>\n<meta property=\"og:site_name\" content=\"Jornal Fatos e Not\u00edcias\" \/>\n<meta property=\"article:published_time\" content=\"2020-04-13T13:02:27+00:00\" \/>\n<meta property=\"article:modified_time\" content=\"2020-04-13T13:05:23+00:00\" \/>\n<meta property=\"og:image\" content=\"https:\/\/jornalfatosenoticias.com.br\/wp-content\/uploads\/2020\/04\/basilica-Santo-Antonio_capa.jpg\" \/>\n\t<meta property=\"og:image:width\" content=\"1000\" \/>\n\t<meta property=\"og:image:height\" content=\"663\" \/>\n\t<meta property=\"og:image:type\" content=\"image\/jpeg\" \/>\n<meta name=\"author\" content=\"Luzimara Fernandes\" \/>\n<meta name=\"twitter:card\" content=\"summary_large_image\" \/>\n<meta name=\"twitter:label1\" content=\"Escrito por\" \/>\n\t<meta name=\"twitter:data1\" content=\"Luzimara Fernandes\" \/>\n\t<meta name=\"twitter:label2\" content=\"Est. tempo de leitura\" \/>\n\t<meta name=\"twitter:data2\" content=\"2 minutos\" \/>\n<script type=\"application\/ld+json\" class=\"yoast-schema-graph\">{\"@context\":\"https:\/\/schema.org\",\"@graph\":[{\"@type\":\"Article\",\"@id\":\"https:\/\/jornalfatosenoticias.com.br\/index.php\/2020\/04\/13\/monumentos-ganham-iluminacao-como-marco-pela-saude-e-esperanca\/#article\",\"isPartOf\":{\"@id\":\"https:\/\/jornalfatosenoticias.com.br\/index.php\/2020\/04\/13\/monumentos-ganham-iluminacao-como-marco-pela-saude-e-esperanca\/\"},\"author\":{\"name\":\"Luzimara Fernandes\",\"@id\":\"https:\/\/jornalfatosenoticias.com.br\/#\/schema\/person\/d63837fa13ac8666eb9e74e0985d6f81\"},\"headline\":\"Monumentos ganham ilumina\u00e7\u00e3o como marco pela sa\u00fade e esperan\u00e7a\",\"datePublished\":\"2020-04-13T13:02:27+00:00\",\"dateModified\":\"2020-04-13T13:05:23+00:00\",\"mainEntityOfPage\":{\"@id\":\"https:\/\/jornalfatosenoticias.com.br\/index.php\/2020\/04\/13\/monumentos-ganham-iluminacao-como-marco-pela-saude-e-esperanca\/\"},\"wordCount\":325,\"commentCount\":0,\"publisher\":{\"@id\":\"https:\/\/jornalfatosenoticias.com.br\/#organization\"},\"image\":{\"@id\":\"https:\/\/jornalfatosenoticias.com.br\/index.php\/2020\/04\/13\/monumentos-ganham-iluminacao-como-marco-pela-saude-e-esperanca\/#primaryimage\"},\"thumbnailUrl\":\"https:\/\/jornalfatosenoticias.com.br\/wp-content\/uploads\/2020\/04\/basilica-Santo-Antonio_capa.jpg\",\"keywords\":[\"esperan\u00e7a\",\"monumentos Vit\u00f3ria\",\"pandemia\",\"sa\u00fade\",\"Setran\",\"verde\"],\"articleSection\":[\"Geral\"],\"inLanguage\":\"pt-BR\",\"potentialAction\":[{\"@type\":\"CommentAction\",\"name\":\"Comment\",\"target\":[\"https:\/\/jornalfatosenoticias.com.br\/index.php\/2020\/04\/13\/monumentos-ganham-iluminacao-como-marco-pela-saude-e-esperanca\/#respond\"]}]},{\"@type\":\"WebPage\",\"@id\":\"https:\/\/jornalfatosenoticias.com.br\/index.php\/2020\/04\/13\/monumentos-ganham-iluminacao-como-marco-pela-saude-e-esperanca\/\",\"url\":\"https:\/\/jornalfatosenoticias.com.br\/index.php\/2020\/04\/13\/monumentos-ganham-iluminacao-como-marco-pela-saude-e-esperanca\/\",\"name\":\"Monumentos ganham ilumina\u00e7\u00e3o como marco pela sa\u00fade e esperan\u00e7a - Jornal Fatos e Not\u00edcias\",\"isPartOf\":{\"@id\":\"https:\/\/jornalfatosenoticias.com.br\/#website\"},\"primaryImageOfPage\":{\"@id\":\"https:\/\/jornalfatosenoticias.com.br\/index.php\/2020\/04\/13\/monumentos-ganham-iluminacao-como-marco-pela-saude-e-esperanca\/#primaryimage\"},\"image\":{\"@id\":\"https:\/\/jornalfatosenoticias.com.br\/index.php\/2020\/04\/13\/monumentos-ganham-iluminacao-como-marco-pela-saude-e-esperanca\/#primaryimage\"},\"thumbnailUrl\":\"https:\/\/jornalfatosenoticias.com.br\/wp-content\/uploads\/2020\/04\/basilica-Santo-Antonio_capa.jpg\",\"datePublished\":\"2020-04-13T13:02:27+00:00\",\"dateModified\":\"2020-04-13T13:05:23+00:00\",\"breadcrumb\":{\"@id\":\"https:\/\/jornalfatosenoticias.com.br\/index.php\/2020\/04\/13\/monumentos-ganham-iluminacao-como-marco-pela-saude-e-esperanca\/#breadcrumb\"},\"inLanguage\":\"pt-BR\",\"potentialAction\":[{\"@type\":\"ReadAction\",\"target\":[\"https:\/\/jornalfatosenoticias.com.br\/index.php\/2020\/04\/13\/monumentos-ganham-iluminacao-como-marco-pela-saude-e-esperanca\/\"]}]},{\"@type\":\"ImageObject\",\"inLanguage\":\"pt-BR\",\"@id\":\"https:\/\/jornalfatosenoticias.com.br\/index.php\/2020\/04\/13\/monumentos-ganham-iluminacao-como-marco-pela-saude-e-esperanca\/#primaryimage\",\"url\":\"https:\/\/jornalfatosenoticias.com.br\/wp-content\/uploads\/2020\/04\/basilica-Santo-Antonio_capa.jpg\",\"contentUrl\":\"https:\/\/jornalfatosenoticias.com.br\/wp-content\/uploads\/2020\/04\/basilica-Santo-Antonio_capa.jpg\",\"width\":1000,\"height\":663,\"caption\":\"Santu\u00e1rio-Bas\u00edlica de Santo Ant\u00f4nio com ilumina\u00e7\u00e3o especial verde\"},{\"@type\":\"BreadcrumbList\",\"@id\":\"https:\/\/jornalfatosenoticias.com.br\/index.php\/2020\/04\/13\/monumentos-ganham-iluminacao-como-marco-pela-saude-e-esperanca\/#breadcrumb\",\"itemListElement\":[{\"@type\":\"ListItem\",\"position\":1,\"name\":\"In\u00edcio\",\"item\":\"https:\/\/jornalfatosenoticias.com.br\/\"},{\"@type\":\"ListItem\",\"position\":2,\"name\":\"Monumentos ganham ilumina\u00e7\u00e3o como marco pela sa\u00fade e esperan\u00e7a\"}]},{\"@type\":\"WebSite\",\"@id\":\"https:\/\/jornalfatosenoticias.com.br\/#website\",\"url\":\"https:\/\/jornalfatosenoticias.com.br\/\",\"name\":\"Jornal Fatos e Not\u00edcias\",\"description\":\"Not\u00edcias em geral\",\"publisher\":{\"@id\":\"https:\/\/jornalfatosenoticias.com.br\/#organization\"},\"potentialAction\":[{\"@type\":\"SearchAction\",\"target\":{\"@type\":\"EntryPoint\",\"urlTemplate\":\"https:\/\/jornalfatosenoticias.com.br\/?s={search_term_string}\"},\"query-input\":{\"@type\":\"PropertyValueSpecification\",\"valueRequired\":true,\"valueName\":\"search_term_string\"}}],\"inLanguage\":\"pt-BR\"},{\"@type\":\"Organization\",\"@id\":\"https:\/\/jornalfatosenoticias.com.br\/#organization\",\"name\":\"Jornal Fatos e Not\u00edcias\",\"url\":\"https:\/\/jornalfatosenoticias.com.br\/\",\"logo\":{\"@type\":\"ImageObject\",\"inLanguage\":\"pt-BR\",\"@id\":\"https:\/\/jornalfatosenoticias.com.br\/#\/schema\/logo\/image\/\",\"url\":\"https:\/\/jornalfatosenoticias.com.br\/wp-content\/uploads\/2020\/02\/logo120.png\",\"contentUrl\":\"https:\/\/jornalfatosenoticias.com.br\/wp-content\/uploads\/2020\/02\/logo120.png\",\"width\":1227,\"height\":120,\"caption\":\"Jornal Fatos e Not\u00edcias\"},\"image\":{\"@id\":\"https:\/\/jornalfatosenoticias.com.br\/#\/schema\/logo\/image\/\"}},{\"@type\":\"Person\",\"@id\":\"https:\/\/jornalfatosenoticias.com.br\/#\/schema\/person\/d63837fa13ac8666eb9e74e0985d6f81\",\"name\":\"Luzimara Fernandes\",\"image\":{\"@type\":\"ImageObject\",\"inLanguage\":\"pt-BR\",\"@id\":\"https:\/\/jornalfatosenoticias.com.br\/#\/schema\/person\/image\/\",\"url\":\"https:\/\/jornalfatosenoticias.com.br\/wp-content\/uploads\/2025\/05\/EU_portal.jpg\",\"contentUrl\":\"https:\/\/jornalfatosenoticias.com.br\/wp-content\/uploads\/2025\/05\/EU_portal.jpg\",\"caption\":\"Luzimara Fernandes\"},\"description\":\"Jornalista MTB 2358-ES\",\"sameAs\":[\"https:\/\/jornalfatosenoticias.com.br\"],\"url\":\"https:\/\/jornalfatosenoticias.com.br\/index.php\/author\/luzimara\/\"}]}<\/script>\n<!-- \/ Yoast SEO plugin. -->","yoast_head_json":{"title":"Monumentos ganham ilumina\u00e7\u00e3o como marco pela sa\u00fade e esperan\u00e7a - Jornal Fatos e Not\u00edcias","robots":{"index":"index","follow":"follow","max-snippet":"max-snippet:-1","max-image-preview":"max-image-preview:large","max-video-preview":"max-video-preview:-1"},"canonical":"https:\/\/jornalfatosenoticias.com.br\/index.php\/2020\/04\/13\/monumentos-ganham-iluminacao-como-marco-pela-saude-e-esperanca\/","og_locale":"pt_BR","og_type":"article","og_title":"Monumentos ganham ilumina\u00e7\u00e3o como marco pela sa\u00fade e esperan\u00e7a - Jornal Fatos e Not\u00edcias","og_description":"At\u00e9 agora, oito pontos da capital receberam a ilumina\u00e7\u00e3o e nas pr\u00f3ximas semanas novos tamb\u00e9m v\u00e3o ganhar a interven\u00e7\u00e3o Em um ato simb\u00f3lico, a Secretaria Municipal de Transportes, Tr\u00e2nsito e Infraestrutura Urbana (Setran) iluminou com a cor verde pontos importantes da capital, como edif\u00edcios e monumentos. A cor representa tanto a sa\u00fade, como a esperan\u00e7a [&hellip;]","og_url":"https:\/\/jornalfatosenoticias.com.br\/index.php\/2020\/04\/13\/monumentos-ganham-iluminacao-como-marco-pela-saude-e-esperanca\/","og_site_name":"Jornal Fatos e Not\u00edcias","article_published_time":"2020-04-13T13:02:27+00:00","article_modified_time":"2020-04-13T13:05:23+00:00","og_image":[{"width":1000,"height":663,"url":"https:\/\/jornalfatosenoticias.com.br\/wp-content\/uploads\/2020\/04\/basilica-Santo-Antonio_capa.jpg","type":"image\/jpeg"}],"author":"Luzimara Fernandes","twitter_card":"summary_large_image","twitter_misc":{"Escrito por":"Luzimara Fernandes","Est. tempo de leitura":"2 minutos"},"schema":{"@context":"https:\/\/schema.org","@graph":[{"@type":"Article","@id":"https:\/\/jornalfatosenoticias.com.br\/index.php\/2020\/04\/13\/monumentos-ganham-iluminacao-como-marco-pela-saude-e-esperanca\/#article","isPartOf":{"@id":"https:\/\/jornalfatosenoticias.com.br\/index.php\/2020\/04\/13\/monumentos-ganham-iluminacao-como-marco-pela-saude-e-esperanca\/"},"author":{"name":"Luzimara Fernandes","@id":"https:\/\/jornalfatosenoticias.com.br\/#\/schema\/person\/d63837fa13ac8666eb9e74e0985d6f81"},"headline":"Monumentos ganham ilumina\u00e7\u00e3o como marco pela sa\u00fade e esperan\u00e7a","datePublished":"2020-04-13T13:02:27+00:00","dateModified":"2020-04-13T13:05:23+00:00","mainEntityOfPage":{"@id":"https:\/\/jornalfatosenoticias.com.br\/index.php\/2020\/04\/13\/monumentos-ganham-iluminacao-como-marco-pela-saude-e-esperanca\/"},"wordCount":325,"commentCount":0,"publisher":{"@id":"https:\/\/jornalfatosenoticias.com.br\/#organization"},"image":{"@id":"https:\/\/jornalfatosenoticias.com.br\/index.php\/2020\/04\/13\/monumentos-ganham-iluminacao-como-marco-pela-saude-e-esperanca\/#primaryimage"},"thumbnailUrl":"https:\/\/jornalfatosenoticias.com.br\/wp-content\/uploads\/2020\/04\/basilica-Santo-Antonio_capa.jpg","keywords":["esperan\u00e7a","monumentos Vit\u00f3ria","pandemia","sa\u00fade","Setran","verde"],"articleSection":["Geral"],"inLanguage":"pt-BR","potentialAction":[{"@type":"CommentAction","name":"Comment","target":["https:\/\/jornalfatosenoticias.com.br\/index.php\/2020\/04\/13\/monumentos-ganham-iluminacao-como-marco-pela-saude-e-esperanca\/#respond"]}]},{"@type":"WebPage","@id":"https:\/\/jornalfatosenoticias.com.br\/index.php\/2020\/04\/13\/monumentos-ganham-iluminacao-como-marco-pela-saude-e-esperanca\/","url":"https:\/\/jornalfatosenoticias.com.br\/index.php\/2020\/04\/13\/monumentos-ganham-iluminacao-como-marco-pela-saude-e-esperanca\/","name":"Monumentos ganham ilumina\u00e7\u00e3o como marco pela sa\u00fade e esperan\u00e7a - Jornal Fatos e Not\u00edcias","isPartOf":{"@id":"https:\/\/jornalfatosenoticias.com.br\/#website"},"primaryImageOfPage":{"@id":"https:\/\/jornalfatosenoticias.com.br\/index.php\/2020\/04\/13\/monumentos-ganham-iluminacao-como-marco-pela-saude-e-esperanca\/#primaryimage"},"image":{"@id":"https:\/\/jornalfatosenoticias.com.br\/index.php\/2020\/04\/13\/monumentos-ganham-iluminacao-como-marco-pela-saude-e-esperanca\/#primaryimage"},"thumbnailUrl":"https:\/\/jornalfatosenoticias.com.br\/wp-content\/uploads\/2020\/04\/basilica-Santo-Antonio_capa.jpg","datePublished":"2020-04-13T13:02:27+00:00","dateModified":"2020-04-13T13:05:23+00:00","breadcrumb":{"@id":"https:\/\/jornalfatosenoticias.com.br\/index.php\/2020\/04\/13\/monumentos-ganham-iluminacao-como-marco-pela-saude-e-esperanca\/#breadcrumb"},"inLanguage":"pt-BR","potentialAction":[{"@type":"ReadAction","target":["https:\/\/jornalfatosenoticias.com.br\/index.php\/2020\/04\/13\/monumentos-ganham-iluminacao-como-marco-pela-saude-e-esperanca\/"]}]},{"@type":"ImageObject","inLanguage":"pt-BR","@id":"https:\/\/jornalfatosenoticias.com.br\/index.php\/2020\/04\/13\/monumentos-ganham-iluminacao-como-marco-pela-saude-e-esperanca\/#primaryimage","url":"https:\/\/jornalfatosenoticias.com.br\/wp-content\/uploads\/2020\/04\/basilica-Santo-Antonio_capa.jpg","contentUrl":"https:\/\/jornalfatosenoticias.com.br\/wp-content\/uploads\/2020\/04\/basilica-Santo-Antonio_capa.jpg","width":1000,"height":663,"caption":"Santu\u00e1rio-Bas\u00edlica de Santo Ant\u00f4nio com ilumina\u00e7\u00e3o especial verde"},{"@type":"BreadcrumbList","@id":"https:\/\/jornalfatosenoticias.com.br\/index.php\/2020\/04\/13\/monumentos-ganham-iluminacao-como-marco-pela-saude-e-esperanca\/#breadcrumb","itemListElement":[{"@type":"ListItem","position":1,"name":"In\u00edcio","item":"https:\/\/jornalfatosenoticias.com.br\/"},{"@type":"ListItem","position":2,"name":"Monumentos ganham ilumina\u00e7\u00e3o como marco pela sa\u00fade e esperan\u00e7a"}]},{"@type":"WebSite","@id":"https:\/\/jornalfatosenoticias.com.br\/#website","url":"https:\/\/jornalfatosenoticias.com.br\/","name":"Jornal Fatos e Not\u00edcias","description":"Not\u00edcias em geral","publisher":{"@id":"https:\/\/jornalfatosenoticias.com.br\/#organization"},"potentialAction":[{"@type":"SearchAction","target":{"@type":"EntryPoint","urlTemplate":"https:\/\/jornalfatosenoticias.com.br\/?s={search_term_string}"},"query-input":{"@type":"PropertyValueSpecification","valueRequired":true,"valueName":"search_term_string"}}],"inLanguage":"pt-BR"},{"@type":"Organization","@id":"https:\/\/jornalfatosenoticias.com.br\/#organization","name":"Jornal Fatos e Not\u00edcias","url":"https:\/\/jornalfatosenoticias.com.br\/","logo":{"@type":"ImageObject","inLanguage":"pt-BR","@id":"https:\/\/jornalfatosenoticias.com.br\/#\/schema\/logo\/image\/","url":"https:\/\/jornalfatosenoticias.com.br\/wp-content\/uploads\/2020\/02\/logo120.png","contentUrl":"https:\/\/jornalfatosenoticias.com.br\/wp-content\/uploads\/2020\/02\/logo120.png","width":1227,"height":120,"caption":"Jornal Fatos e Not\u00edcias"},"image":{"@id":"https:\/\/jornalfatosenoticias.com.br\/#\/schema\/logo\/image\/"}},{"@type":"Person","@id":"https:\/\/jornalfatosenoticias.com.br\/#\/schema\/person\/d63837fa13ac8666eb9e74e0985d6f81","name":"Luzimara Fernandes","image":{"@type":"ImageObject","inLanguage":"pt-BR","@id":"https:\/\/jornalfatosenoticias.com.br\/#\/schema\/person\/image\/","url":"https:\/\/jornalfatosenoticias.com.br\/wp-content\/uploads\/2025\/05\/EU_portal.jpg","contentUrl":"https:\/\/jornalfatosenoticias.com.br\/wp-content\/uploads\/2025\/05\/EU_portal.jpg","caption":"Luzimara Fernandes"},"description":"Jornalista MTB 2358-ES","sameAs":["https:\/\/jornalfatosenoticias.com.br"],"url":"https:\/\/jornalfatosenoticias.com.br\/index.php\/author\/luzimara\/"}]}},"cc_featured_image_caption":{"caption_text":"Santu\u00e1rio de Santo Ant\u00f4nio","source_text":"","source_url":""},"jetpack_featured_media_url":"https:\/\/jornalfatosenoticias.com.br\/wp-content\/uploads\/2020\/04\/basilica-Santo-Antonio_capa.jpg","_links":{"self":[{"href":"https:\/\/jornalfatosenoticias.com.br\/index.php\/wp-json\/wp\/v2\/posts\/3076","targetHints":{"allow":["GET"]}}],"collection":[{"href":"https:\/\/jornalfatosenoticias.com.br\/index.php\/wp-json\/wp\/v2\/posts"}],"about":[{"href":"https:\/\/jornalfatosenoticias.com.br\/index.php\/wp-json\/wp\/v2\/types\/post"}],"author":[{"embeddable":true,"href":"https:\/\/jornalfatosenoticias.com.br\/index.php\/wp-json\/wp\/v2\/users\/2"}],"replies":[{"embeddable":true,"href":"https:\/\/jornalfatosenoticias.com.br\/index.php\/wp-json\/wp\/v2\/comments?post=3076"}],"version-history":[{"count":0,"href":"https:\/\/jornalfatosenoticias.com.br\/index.php\/wp-json\/wp\/v2\/posts\/3076\/revisions"}],"wp:featuredmedia":[{"embeddable":true,"href":"https:\/\/jornalfatosenoticias.com.br\/index.php\/wp-json\/wp\/v2\/media\/3083"}],"wp:attachment":[{"href":"https:\/\/jornalfatosenoticias.com.br\/index.php\/wp-json\/wp\/v2\/media?parent=3076"}],"wp:term":[{"taxonomy":"category","embeddable":true,"href":"https:\/\/jornalfatosenoticias.com.br\/index.php\/wp-json\/wp\/v2\/categories?post=3076"},{"taxonomy":"post_tag","embeddable":true,"href":"https:\/\/jornalfatosenoticias.com.br\/index.php\/wp-json\/wp\/v2\/tags?post=3076"}],"curies":[{"name":"wp","href":"https:\/\/api.w.org\/{rel}","templated":true}]}}