{"id":30763,"date":"2022-05-25T14:33:56","date_gmt":"2022-05-25T17:33:56","guid":{"rendered":"https:\/\/jornalfatosenoticias.com.br\/?p=30763"},"modified":"2022-05-25T14:34:08","modified_gmt":"2022-05-25T17:34:08","slug":"ufrj-inaugura-projeto-de-geracao-simultanea-de-eletricidade-e-agua","status":"publish","type":"post","link":"https:\/\/jornalfatosenoticias.com.br\/index.php\/2022\/05\/25\/ufrj-inaugura-projeto-de-geracao-simultanea-de-eletricidade-e-agua\/","title":{"rendered":"UFRJ inaugura projeto de gera\u00e7\u00e3o simult\u00e2nea de eletricidade e \u00e1gua"},"content":{"rendered":"\n<p><em><span class=\"has-inline-color has-black-color\">Sistema pode transformar \u00e1gua do mar em \u00e1gua pot\u00e1vel<\/span><\/em><\/p>\n\n\n\n<div class=\"wp-block-image\"><figure class=\"aligncenter size-large is-resized\"><img loading=\"lazy\" decoding=\"async\" src=\"https:\/\/jornalfatosenoticias.com.br\/wp-content\/uploads\/2020\/02\/Logo_Mizu.png\" alt=\"\" class=\"wp-image-1441\" width=\"443\" height=\"54\" srcset=\"https:\/\/jornalfatosenoticias.com.br\/wp-content\/uploads\/2020\/02\/Logo_Mizu.png 729w, https:\/\/jornalfatosenoticias.com.br\/wp-content\/uploads\/2020\/02\/Logo_Mizu-300x37.png 300w\" sizes=\"auto, (max-width: 443px) 100vw, 443px\" \/><\/figure><\/div>\n\n\n\n<p>O Instituto Alberto Luiz Coimbra de P\u00f3s-Gradua\u00e7\u00e3o e Pesquisa em Engenharia (Coppe) da Universidade Federal do Rio de Janeiro (UFRJ) inaugurou, na segunda-feira (23), uma ilha de policogera\u00e7\u00e3o sustent\u00e1vel capaz de gerar simultaneamente eletricidade, \u00e1gua destilada e biodiesel. Segundo a professora e coordenadora do projeto, Carolina Naveira-Cotta, o sistema conjuga o uso de energia solar com a recupera\u00e7\u00e3o de calor.<\/p>\n\n\n\n<blockquote class=\"wp-block-quote is-layout-flow wp-block-quote-is-layout-flow\"><p><span class=\"has-inline-color has-luminous-vivid-orange-color\">\u201cTemos painel solar que gera eletricidade e, ao gerar eletricidade, joga fora muito calor no ambiente. Esse calor \u00e9 recuperado para a destila\u00e7\u00e3o de \u00e1gua. Por isso, permite gerar eletricidade simultaneamente \u00e0 \u00e1gua destilada. Essa \u00e1gua \u00e9 pot\u00e1vel, pode ser usada para consumo humano ou ter algum uso industrial\u201d, informou, em entrevista \u00e0 Ag\u00eancia Brasil.<\/span><\/p><\/blockquote>\n\n\n\n<div class=\"wp-block-image\"><figure class=\"alignright size-large is-resized\"><img loading=\"lazy\" decoding=\"async\" src=\"https:\/\/jornalfatosenoticias.com.br\/wp-content\/uploads\/2020\/02\/nova-logo-Marquetti.jpg\" alt=\"\" class=\"wp-image-22331\" width=\"254\" height=\"170\" srcset=\"https:\/\/jornalfatosenoticias.com.br\/wp-content\/uploads\/2020\/02\/nova-logo-Marquetti.jpg 643w, https:\/\/jornalfatosenoticias.com.br\/wp-content\/uploads\/2020\/02\/nova-logo-Marquetti-300x202.jpg 300w\" sizes=\"auto, (max-width: 254px) 100vw, 254px\" \/><\/figure><\/div>\n\n\n\n<p>De acordo com a professora, o projeto pioneiro no pa\u00eds pode ser um importante aliado de prefeituras e comunidades remotas do semi\u00e1rido nordestino que n\u00e3o est\u00e3o conectadas ao Sistema Interligado Nacional, chamadas de <em>off-grid.<\/em> Ilhas, \u00e1reas em conflito ou de desastres ambientais tamb\u00e9m seriam atendidas.<br>\u201cPode ser aplicado em qualquer lugar que esteja remoto ou in\u00f3spito. Ent\u00e3o, se pode pensar em uma ilha, uma plataforma, um navio, no semi\u00e1rido do nordeste, para atender comunidades que dependam de energia e tamb\u00e9m de \u00e1gua\u201d, revelou, completando com o exemplo de uma ilha tamb\u00e9m off-grid. \u201cN\u00e3o tem cabo chegando l\u00e1 [na ilha], em vez de queimar diesel no gerador, coloca um painel, gera eletricidade e transforma \u00e1gua do mar em \u00e1gua pot\u00e1vel\u201d, comentou.<br>A professora informou que no semi\u00e1rido nordestino h\u00e1 cerca de quatro mil comunidades identificadas com necessidade de \u00e1gua. Atualmente, revelou, o Programa \u00c1gua Doce (PAD) do governo federal atende 900 comunidades com o sistema funcionando, o restante est\u00e1 \u00e0 espera de ter energia ou \u00e1gua ou os dois simultaneamente.<\/p>\n\n\n\n<div class=\"wp-block-image\"><figure class=\"aligncenter size-large is-resized\"><img loading=\"lazy\" decoding=\"async\" src=\"https:\/\/jornalfatosenoticias.com.br\/wp-content\/uploads\/2022\/02\/Precisao-Contabilidade-1024x724.jpg\" alt=\"\" class=\"wp-image-28088\" width=\"286\" height=\"202\"\/><\/figure><\/div>\n\n\n\n<blockquote class=\"wp-block-quote is-layout-flow wp-block-quote-is-layout-flow\"><p><span class=\"has-inline-color has-luminous-vivid-orange-color\">\u201cCertamente, no Nordeste a gente tem uma \u00e1rea de aplica\u00e7\u00e3o imediata\u201d, observou, destacando que o PAD faz dessaliniza\u00e7\u00e3o da \u00e1gua, mas necessita de eletricidade e, por isso, nem todas as comunidades identificadas puderam ser atendidas. \u201cO nosso descentralizador pode ser complementar ao PAD\u201d.<\/span><\/p><\/blockquote>\n\n\n\n<div class=\"wp-block-image\"><figure class=\"alignleft size-large\"><img decoding=\"async\" src=\"https:\/\/jornalfatosenoticias.com.br\/wp-content\/uploads\/2020\/02\/logo_esteio.jpg\" alt=\"\" class=\"wp-image-1214\"\/><\/figure><\/div>\n\n\n\n<p>Segundo a Coppe, o prot\u00f3tipo \u00e9 financiado pela Petrogal Brasil via Ag\u00eancia Nacional do Petr\u00f3leo, G\u00e1s Natural e Biocombust\u00edveis (ANP) e Embrapii-Coppe, e apoio da Funda\u00e7\u00e3o de Amparo \u00e0 Pesquisa do Estado do Rio de Janeiro (Faperj), da Coordena\u00e7\u00e3o de Aperfei\u00e7oamento de Pessoal de N\u00edvel Superior (Capes), do Conselho Nacional de Desenvolvimento Cient\u00edfico e Tecnol\u00f3gico (CNPq) e da Marinha do Brasil.<br>O projeto desenvolvido no Laborat\u00f3rio de Nano e Microfluidica e Microssistemas (LabMEMS) da UFRJ vai completar em junho dois dos tr\u00eas anos definidos no contrato. O prot\u00f3tipo foi montado h\u00e1 cerca de um ano. Chefiado pela professora, contou com a participa\u00e7\u00e3o de 15 pesquisadores.<\/p>\n\n\n\n<div class=\"wp-block-image\"><figure class=\"aligncenter size-large is-resized\"><img loading=\"lazy\" decoding=\"async\" src=\"https:\/\/jornalfatosenoticias.com.br\/wp-content\/uploads\/2022\/02\/Arte-Autoescola-Galatas_endereco_portal-1024x103.png\" alt=\"\" class=\"wp-image-27869\" width=\"450\" height=\"45\" srcset=\"https:\/\/jornalfatosenoticias.com.br\/wp-content\/uploads\/2022\/02\/Arte-Autoescola-Galatas_endereco_portal-1024x103.png 1024w, https:\/\/jornalfatosenoticias.com.br\/wp-content\/uploads\/2022\/02\/Arte-Autoescola-Galatas_endereco_portal-300x30.png 300w, https:\/\/jornalfatosenoticias.com.br\/wp-content\/uploads\/2022\/02\/Arte-Autoescola-Galatas_endereco_portal-768x77.png 768w, https:\/\/jornalfatosenoticias.com.br\/wp-content\/uploads\/2022\/02\/Arte-Autoescola-Galatas_endereco_portal.png 1223w\" sizes=\"auto, (max-width: 450px) 100vw, 450px\" \/><\/figure><\/div>\n\n\n\n<p><strong><em>Fonte:<a href=\"https:\/\/umsoplaneta.globo.com\/energia\/noticia\/2022\/05\/24\/ufrj-inaugura-projeto-de-geracao-simultanea-de-eletricidade-e-agua.ghtml\"> Um S\u00f3 Planeta<\/a><\/em><\/strong><\/p>\n","protected":false},"excerpt":{"rendered":"<p>Sistema pode transformar \u00e1gua do mar em \u00e1gua pot\u00e1vel O Instituto Alberto Luiz Coimbra de P\u00f3s-Gradua\u00e7\u00e3o e Pesquisa em Engenharia (Coppe) da Universidade Federal do Rio de Janeiro (UFRJ) inaugurou, na segunda-feira (23), uma ilha de policogera\u00e7\u00e3o sustent\u00e1vel capaz de gerar simultaneamente eletricidade, \u00e1gua destilada e biodiesel. Segundo a professora e coordenadora do projeto, Carolina [&hellip;]<\/p>\n","protected":false},"author":2,"featured_media":30764,"comment_status":"open","ping_status":"open","sticky":false,"template":"","format":"standard","meta":{"footnotes":""},"categories":[3],"tags":[14615,3321,5362,14616,2885],"class_list":["post-30763","post","type-post","status-publish","format-standard","has-post-thumbnail","hentry","category-tecnologia","tag-geracao-simultanea-de-eletricidade-e-agua","tag-painel-solar","tag-sistema","tag-transformar-agua-do-mar-em-agua-potavel","tag-ufrj"],"yoast_head":"<!-- This site is optimized with the Yoast SEO plugin v26.5 - https:\/\/yoast.com\/wordpress\/plugins\/seo\/ -->\n<title>UFRJ inaugura projeto de gera\u00e7\u00e3o simult\u00e2nea de eletricidade e \u00e1gua - Jornal Fatos e Not\u00edcias<\/title>\n<meta name=\"robots\" content=\"index, follow, max-snippet:-1, max-image-preview:large, max-video-preview:-1\" \/>\n<link rel=\"canonical\" href=\"https:\/\/jornalfatosenoticias.com.br\/index.php\/2022\/05\/25\/ufrj-inaugura-projeto-de-geracao-simultanea-de-eletricidade-e-agua\/\" \/>\n<meta property=\"og:locale\" content=\"pt_BR\" \/>\n<meta property=\"og:type\" content=\"article\" \/>\n<meta property=\"og:title\" content=\"UFRJ inaugura projeto de gera\u00e7\u00e3o simult\u00e2nea de eletricidade e \u00e1gua - Jornal Fatos e Not\u00edcias\" \/>\n<meta property=\"og:description\" content=\"Sistema pode transformar \u00e1gua do mar em \u00e1gua pot\u00e1vel O Instituto Alberto Luiz Coimbra de P\u00f3s-Gradua\u00e7\u00e3o e Pesquisa em Engenharia (Coppe) da Universidade Federal do Rio de Janeiro (UFRJ) inaugurou, na segunda-feira (23), uma ilha de policogera\u00e7\u00e3o sustent\u00e1vel capaz de gerar simultaneamente eletricidade, \u00e1gua destilada e biodiesel. Segundo a professora e coordenadora do projeto, Carolina [&hellip;]\" \/>\n<meta property=\"og:url\" content=\"https:\/\/jornalfatosenoticias.com.br\/index.php\/2022\/05\/25\/ufrj-inaugura-projeto-de-geracao-simultanea-de-eletricidade-e-agua\/\" \/>\n<meta property=\"og:site_name\" content=\"Jornal Fatos e Not\u00edcias\" \/>\n<meta property=\"article:published_time\" content=\"2022-05-25T17:33:56+00:00\" \/>\n<meta property=\"article:modified_time\" content=\"2022-05-25T17:34:08+00:00\" \/>\n<meta property=\"og:image\" content=\"https:\/\/jornalfatosenoticias.com.br\/wp-content\/uploads\/2022\/05\/projeto-de-geracao-simultanea-de-eletricidade-e-agua.jpg\" \/>\n\t<meta property=\"og:image:width\" content=\"1000\" \/>\n\t<meta property=\"og:image:height\" content=\"598\" \/>\n\t<meta property=\"og:image:type\" content=\"image\/jpeg\" \/>\n<meta name=\"author\" content=\"Luzimara Fernandes\" \/>\n<meta name=\"twitter:card\" content=\"summary_large_image\" \/>\n<meta name=\"twitter:label1\" content=\"Escrito por\" \/>\n\t<meta name=\"twitter:data1\" content=\"Luzimara Fernandes\" \/>\n\t<meta name=\"twitter:label2\" content=\"Est. tempo de leitura\" \/>\n\t<meta name=\"twitter:data2\" content=\"2 minutos\" \/>\n<script type=\"application\/ld+json\" class=\"yoast-schema-graph\">{\"@context\":\"https:\/\/schema.org\",\"@graph\":[{\"@type\":\"Article\",\"@id\":\"https:\/\/jornalfatosenoticias.com.br\/index.php\/2022\/05\/25\/ufrj-inaugura-projeto-de-geracao-simultanea-de-eletricidade-e-agua\/#article\",\"isPartOf\":{\"@id\":\"https:\/\/jornalfatosenoticias.com.br\/index.php\/2022\/05\/25\/ufrj-inaugura-projeto-de-geracao-simultanea-de-eletricidade-e-agua\/\"},\"author\":{\"name\":\"Luzimara Fernandes\",\"@id\":\"https:\/\/jornalfatosenoticias.com.br\/#\/schema\/person\/d63837fa13ac8666eb9e74e0985d6f81\"},\"headline\":\"UFRJ inaugura projeto de gera\u00e7\u00e3o simult\u00e2nea de eletricidade e \u00e1gua\",\"datePublished\":\"2022-05-25T17:33:56+00:00\",\"dateModified\":\"2022-05-25T17:34:08+00:00\",\"mainEntityOfPage\":{\"@id\":\"https:\/\/jornalfatosenoticias.com.br\/index.php\/2022\/05\/25\/ufrj-inaugura-projeto-de-geracao-simultanea-de-eletricidade-e-agua\/\"},\"wordCount\":486,\"commentCount\":0,\"publisher\":{\"@id\":\"https:\/\/jornalfatosenoticias.com.br\/#organization\"},\"image\":{\"@id\":\"https:\/\/jornalfatosenoticias.com.br\/index.php\/2022\/05\/25\/ufrj-inaugura-projeto-de-geracao-simultanea-de-eletricidade-e-agua\/#primaryimage\"},\"thumbnailUrl\":\"https:\/\/jornalfatosenoticias.com.br\/wp-content\/uploads\/2022\/05\/projeto-de-geracao-simultanea-de-eletricidade-e-agua.jpg\",\"keywords\":[\"gera\u00e7\u00e3o simult\u00e2nea de eletricidade e \u00e1gua\",\"painel solar\",\"sistema\",\"transformar \u00e1gua do mar em \u00e1gua pot\u00e1vel\",\"UFRJ\"],\"articleSection\":[\"Tecnologia &amp; Inova\u00e7\u00e3o\"],\"inLanguage\":\"pt-BR\",\"potentialAction\":[{\"@type\":\"CommentAction\",\"name\":\"Comment\",\"target\":[\"https:\/\/jornalfatosenoticias.com.br\/index.php\/2022\/05\/25\/ufrj-inaugura-projeto-de-geracao-simultanea-de-eletricidade-e-agua\/#respond\"]}]},{\"@type\":\"WebPage\",\"@id\":\"https:\/\/jornalfatosenoticias.com.br\/index.php\/2022\/05\/25\/ufrj-inaugura-projeto-de-geracao-simultanea-de-eletricidade-e-agua\/\",\"url\":\"https:\/\/jornalfatosenoticias.com.br\/index.php\/2022\/05\/25\/ufrj-inaugura-projeto-de-geracao-simultanea-de-eletricidade-e-agua\/\",\"name\":\"UFRJ inaugura projeto de gera\u00e7\u00e3o simult\u00e2nea de eletricidade e \u00e1gua - Jornal Fatos e Not\u00edcias\",\"isPartOf\":{\"@id\":\"https:\/\/jornalfatosenoticias.com.br\/#website\"},\"primaryImageOfPage\":{\"@id\":\"https:\/\/jornalfatosenoticias.com.br\/index.php\/2022\/05\/25\/ufrj-inaugura-projeto-de-geracao-simultanea-de-eletricidade-e-agua\/#primaryimage\"},\"image\":{\"@id\":\"https:\/\/jornalfatosenoticias.com.br\/index.php\/2022\/05\/25\/ufrj-inaugura-projeto-de-geracao-simultanea-de-eletricidade-e-agua\/#primaryimage\"},\"thumbnailUrl\":\"https:\/\/jornalfatosenoticias.com.br\/wp-content\/uploads\/2022\/05\/projeto-de-geracao-simultanea-de-eletricidade-e-agua.jpg\",\"datePublished\":\"2022-05-25T17:33:56+00:00\",\"dateModified\":\"2022-05-25T17:34:08+00:00\",\"breadcrumb\":{\"@id\":\"https:\/\/jornalfatosenoticias.com.br\/index.php\/2022\/05\/25\/ufrj-inaugura-projeto-de-geracao-simultanea-de-eletricidade-e-agua\/#breadcrumb\"},\"inLanguage\":\"pt-BR\",\"potentialAction\":[{\"@type\":\"ReadAction\",\"target\":[\"https:\/\/jornalfatosenoticias.com.br\/index.php\/2022\/05\/25\/ufrj-inaugura-projeto-de-geracao-simultanea-de-eletricidade-e-agua\/\"]}]},{\"@type\":\"ImageObject\",\"inLanguage\":\"pt-BR\",\"@id\":\"https:\/\/jornalfatosenoticias.com.br\/index.php\/2022\/05\/25\/ufrj-inaugura-projeto-de-geracao-simultanea-de-eletricidade-e-agua\/#primaryimage\",\"url\":\"https:\/\/jornalfatosenoticias.com.br\/wp-content\/uploads\/2022\/05\/projeto-de-geracao-simultanea-de-eletricidade-e-agua.jpg\",\"contentUrl\":\"https:\/\/jornalfatosenoticias.com.br\/wp-content\/uploads\/2022\/05\/projeto-de-geracao-simultanea-de-eletricidade-e-agua.jpg\",\"width\":1000,\"height\":598},{\"@type\":\"BreadcrumbList\",\"@id\":\"https:\/\/jornalfatosenoticias.com.br\/index.php\/2022\/05\/25\/ufrj-inaugura-projeto-de-geracao-simultanea-de-eletricidade-e-agua\/#breadcrumb\",\"itemListElement\":[{\"@type\":\"ListItem\",\"position\":1,\"name\":\"In\u00edcio\",\"item\":\"https:\/\/jornalfatosenoticias.com.br\/\"},{\"@type\":\"ListItem\",\"position\":2,\"name\":\"UFRJ inaugura projeto de gera\u00e7\u00e3o simult\u00e2nea de eletricidade e \u00e1gua\"}]},{\"@type\":\"WebSite\",\"@id\":\"https:\/\/jornalfatosenoticias.com.br\/#website\",\"url\":\"https:\/\/jornalfatosenoticias.com.br\/\",\"name\":\"Jornal Fatos e Not\u00edcias\",\"description\":\"Not\u00edcias em geral\",\"publisher\":{\"@id\":\"https:\/\/jornalfatosenoticias.com.br\/#organization\"},\"potentialAction\":[{\"@type\":\"SearchAction\",\"target\":{\"@type\":\"EntryPoint\",\"urlTemplate\":\"https:\/\/jornalfatosenoticias.com.br\/?s={search_term_string}\"},\"query-input\":{\"@type\":\"PropertyValueSpecification\",\"valueRequired\":true,\"valueName\":\"search_term_string\"}}],\"inLanguage\":\"pt-BR\"},{\"@type\":\"Organization\",\"@id\":\"https:\/\/jornalfatosenoticias.com.br\/#organization\",\"name\":\"Jornal Fatos e Not\u00edcias\",\"url\":\"https:\/\/jornalfatosenoticias.com.br\/\",\"logo\":{\"@type\":\"ImageObject\",\"inLanguage\":\"pt-BR\",\"@id\":\"https:\/\/jornalfatosenoticias.com.br\/#\/schema\/logo\/image\/\",\"url\":\"https:\/\/jornalfatosenoticias.com.br\/wp-content\/uploads\/2020\/02\/logo120.png\",\"contentUrl\":\"https:\/\/jornalfatosenoticias.com.br\/wp-content\/uploads\/2020\/02\/logo120.png\",\"width\":1227,\"height\":120,\"caption\":\"Jornal Fatos e Not\u00edcias\"},\"image\":{\"@id\":\"https:\/\/jornalfatosenoticias.com.br\/#\/schema\/logo\/image\/\"}},{\"@type\":\"Person\",\"@id\":\"https:\/\/jornalfatosenoticias.com.br\/#\/schema\/person\/d63837fa13ac8666eb9e74e0985d6f81\",\"name\":\"Luzimara Fernandes\",\"image\":{\"@type\":\"ImageObject\",\"inLanguage\":\"pt-BR\",\"@id\":\"https:\/\/jornalfatosenoticias.com.br\/#\/schema\/person\/image\/\",\"url\":\"https:\/\/jornalfatosenoticias.com.br\/wp-content\/uploads\/2025\/05\/EU_portal.jpg\",\"contentUrl\":\"https:\/\/jornalfatosenoticias.com.br\/wp-content\/uploads\/2025\/05\/EU_portal.jpg\",\"caption\":\"Luzimara Fernandes\"},\"description\":\"Jornalista MTB 2358-ES\",\"sameAs\":[\"https:\/\/jornalfatosenoticias.com.br\"],\"url\":\"https:\/\/jornalfatosenoticias.com.br\/index.php\/author\/luzimara\/\"}]}<\/script>\n<!-- \/ Yoast SEO plugin. -->","yoast_head_json":{"title":"UFRJ inaugura projeto de gera\u00e7\u00e3o simult\u00e2nea de eletricidade e \u00e1gua - Jornal Fatos e Not\u00edcias","robots":{"index":"index","follow":"follow","max-snippet":"max-snippet:-1","max-image-preview":"max-image-preview:large","max-video-preview":"max-video-preview:-1"},"canonical":"https:\/\/jornalfatosenoticias.com.br\/index.php\/2022\/05\/25\/ufrj-inaugura-projeto-de-geracao-simultanea-de-eletricidade-e-agua\/","og_locale":"pt_BR","og_type":"article","og_title":"UFRJ inaugura projeto de gera\u00e7\u00e3o simult\u00e2nea de eletricidade e \u00e1gua - Jornal Fatos e Not\u00edcias","og_description":"Sistema pode transformar \u00e1gua do mar em \u00e1gua pot\u00e1vel O Instituto Alberto Luiz Coimbra de P\u00f3s-Gradua\u00e7\u00e3o e Pesquisa em Engenharia (Coppe) da Universidade Federal do Rio de Janeiro (UFRJ) inaugurou, na segunda-feira (23), uma ilha de policogera\u00e7\u00e3o sustent\u00e1vel capaz de gerar simultaneamente eletricidade, \u00e1gua destilada e biodiesel. Segundo a professora e coordenadora do projeto, Carolina [&hellip;]","og_url":"https:\/\/jornalfatosenoticias.com.br\/index.php\/2022\/05\/25\/ufrj-inaugura-projeto-de-geracao-simultanea-de-eletricidade-e-agua\/","og_site_name":"Jornal Fatos e Not\u00edcias","article_published_time":"2022-05-25T17:33:56+00:00","article_modified_time":"2022-05-25T17:34:08+00:00","og_image":[{"width":1000,"height":598,"url":"https:\/\/jornalfatosenoticias.com.br\/wp-content\/uploads\/2022\/05\/projeto-de-geracao-simultanea-de-eletricidade-e-agua.jpg","type":"image\/jpeg"}],"author":"Luzimara Fernandes","twitter_card":"summary_large_image","twitter_misc":{"Escrito por":"Luzimara Fernandes","Est. tempo de leitura":"2 minutos"},"schema":{"@context":"https:\/\/schema.org","@graph":[{"@type":"Article","@id":"https:\/\/jornalfatosenoticias.com.br\/index.php\/2022\/05\/25\/ufrj-inaugura-projeto-de-geracao-simultanea-de-eletricidade-e-agua\/#article","isPartOf":{"@id":"https:\/\/jornalfatosenoticias.com.br\/index.php\/2022\/05\/25\/ufrj-inaugura-projeto-de-geracao-simultanea-de-eletricidade-e-agua\/"},"author":{"name":"Luzimara Fernandes","@id":"https:\/\/jornalfatosenoticias.com.br\/#\/schema\/person\/d63837fa13ac8666eb9e74e0985d6f81"},"headline":"UFRJ inaugura projeto de gera\u00e7\u00e3o simult\u00e2nea de eletricidade e \u00e1gua","datePublished":"2022-05-25T17:33:56+00:00","dateModified":"2022-05-25T17:34:08+00:00","mainEntityOfPage":{"@id":"https:\/\/jornalfatosenoticias.com.br\/index.php\/2022\/05\/25\/ufrj-inaugura-projeto-de-geracao-simultanea-de-eletricidade-e-agua\/"},"wordCount":486,"commentCount":0,"publisher":{"@id":"https:\/\/jornalfatosenoticias.com.br\/#organization"},"image":{"@id":"https:\/\/jornalfatosenoticias.com.br\/index.php\/2022\/05\/25\/ufrj-inaugura-projeto-de-geracao-simultanea-de-eletricidade-e-agua\/#primaryimage"},"thumbnailUrl":"https:\/\/jornalfatosenoticias.com.br\/wp-content\/uploads\/2022\/05\/projeto-de-geracao-simultanea-de-eletricidade-e-agua.jpg","keywords":["gera\u00e7\u00e3o simult\u00e2nea de eletricidade e \u00e1gua","painel solar","sistema","transformar \u00e1gua do mar em \u00e1gua pot\u00e1vel","UFRJ"],"articleSection":["Tecnologia &amp; Inova\u00e7\u00e3o"],"inLanguage":"pt-BR","potentialAction":[{"@type":"CommentAction","name":"Comment","target":["https:\/\/jornalfatosenoticias.com.br\/index.php\/2022\/05\/25\/ufrj-inaugura-projeto-de-geracao-simultanea-de-eletricidade-e-agua\/#respond"]}]},{"@type":"WebPage","@id":"https:\/\/jornalfatosenoticias.com.br\/index.php\/2022\/05\/25\/ufrj-inaugura-projeto-de-geracao-simultanea-de-eletricidade-e-agua\/","url":"https:\/\/jornalfatosenoticias.com.br\/index.php\/2022\/05\/25\/ufrj-inaugura-projeto-de-geracao-simultanea-de-eletricidade-e-agua\/","name":"UFRJ inaugura projeto de gera\u00e7\u00e3o simult\u00e2nea de eletricidade e \u00e1gua - Jornal Fatos e Not\u00edcias","isPartOf":{"@id":"https:\/\/jornalfatosenoticias.com.br\/#website"},"primaryImageOfPage":{"@id":"https:\/\/jornalfatosenoticias.com.br\/index.php\/2022\/05\/25\/ufrj-inaugura-projeto-de-geracao-simultanea-de-eletricidade-e-agua\/#primaryimage"},"image":{"@id":"https:\/\/jornalfatosenoticias.com.br\/index.php\/2022\/05\/25\/ufrj-inaugura-projeto-de-geracao-simultanea-de-eletricidade-e-agua\/#primaryimage"},"thumbnailUrl":"https:\/\/jornalfatosenoticias.com.br\/wp-content\/uploads\/2022\/05\/projeto-de-geracao-simultanea-de-eletricidade-e-agua.jpg","datePublished":"2022-05-25T17:33:56+00:00","dateModified":"2022-05-25T17:34:08+00:00","breadcrumb":{"@id":"https:\/\/jornalfatosenoticias.com.br\/index.php\/2022\/05\/25\/ufrj-inaugura-projeto-de-geracao-simultanea-de-eletricidade-e-agua\/#breadcrumb"},"inLanguage":"pt-BR","potentialAction":[{"@type":"ReadAction","target":["https:\/\/jornalfatosenoticias.com.br\/index.php\/2022\/05\/25\/ufrj-inaugura-projeto-de-geracao-simultanea-de-eletricidade-e-agua\/"]}]},{"@type":"ImageObject","inLanguage":"pt-BR","@id":"https:\/\/jornalfatosenoticias.com.br\/index.php\/2022\/05\/25\/ufrj-inaugura-projeto-de-geracao-simultanea-de-eletricidade-e-agua\/#primaryimage","url":"https:\/\/jornalfatosenoticias.com.br\/wp-content\/uploads\/2022\/05\/projeto-de-geracao-simultanea-de-eletricidade-e-agua.jpg","contentUrl":"https:\/\/jornalfatosenoticias.com.br\/wp-content\/uploads\/2022\/05\/projeto-de-geracao-simultanea-de-eletricidade-e-agua.jpg","width":1000,"height":598},{"@type":"BreadcrumbList","@id":"https:\/\/jornalfatosenoticias.com.br\/index.php\/2022\/05\/25\/ufrj-inaugura-projeto-de-geracao-simultanea-de-eletricidade-e-agua\/#breadcrumb","itemListElement":[{"@type":"ListItem","position":1,"name":"In\u00edcio","item":"https:\/\/jornalfatosenoticias.com.br\/"},{"@type":"ListItem","position":2,"name":"UFRJ inaugura projeto de gera\u00e7\u00e3o simult\u00e2nea de eletricidade e \u00e1gua"}]},{"@type":"WebSite","@id":"https:\/\/jornalfatosenoticias.com.br\/#website","url":"https:\/\/jornalfatosenoticias.com.br\/","name":"Jornal Fatos e Not\u00edcias","description":"Not\u00edcias em geral","publisher":{"@id":"https:\/\/jornalfatosenoticias.com.br\/#organization"},"potentialAction":[{"@type":"SearchAction","target":{"@type":"EntryPoint","urlTemplate":"https:\/\/jornalfatosenoticias.com.br\/?s={search_term_string}"},"query-input":{"@type":"PropertyValueSpecification","valueRequired":true,"valueName":"search_term_string"}}],"inLanguage":"pt-BR"},{"@type":"Organization","@id":"https:\/\/jornalfatosenoticias.com.br\/#organization","name":"Jornal Fatos e Not\u00edcias","url":"https:\/\/jornalfatosenoticias.com.br\/","logo":{"@type":"ImageObject","inLanguage":"pt-BR","@id":"https:\/\/jornalfatosenoticias.com.br\/#\/schema\/logo\/image\/","url":"https:\/\/jornalfatosenoticias.com.br\/wp-content\/uploads\/2020\/02\/logo120.png","contentUrl":"https:\/\/jornalfatosenoticias.com.br\/wp-content\/uploads\/2020\/02\/logo120.png","width":1227,"height":120,"caption":"Jornal Fatos e Not\u00edcias"},"image":{"@id":"https:\/\/jornalfatosenoticias.com.br\/#\/schema\/logo\/image\/"}},{"@type":"Person","@id":"https:\/\/jornalfatosenoticias.com.br\/#\/schema\/person\/d63837fa13ac8666eb9e74e0985d6f81","name":"Luzimara Fernandes","image":{"@type":"ImageObject","inLanguage":"pt-BR","@id":"https:\/\/jornalfatosenoticias.com.br\/#\/schema\/person\/image\/","url":"https:\/\/jornalfatosenoticias.com.br\/wp-content\/uploads\/2025\/05\/EU_portal.jpg","contentUrl":"https:\/\/jornalfatosenoticias.com.br\/wp-content\/uploads\/2025\/05\/EU_portal.jpg","caption":"Luzimara Fernandes"},"description":"Jornalista MTB 2358-ES","sameAs":["https:\/\/jornalfatosenoticias.com.br"],"url":"https:\/\/jornalfatosenoticias.com.br\/index.php\/author\/luzimara\/"}]}},"cc_featured_image_caption":{"caption_text":"(Foto: Tomaz Silva\/Ag\u00eancia Brasil) ","source_text":"","source_url":""},"jetpack_featured_media_url":"https:\/\/jornalfatosenoticias.com.br\/wp-content\/uploads\/2022\/05\/projeto-de-geracao-simultanea-de-eletricidade-e-agua.jpg","_links":{"self":[{"href":"https:\/\/jornalfatosenoticias.com.br\/index.php\/wp-json\/wp\/v2\/posts\/30763","targetHints":{"allow":["GET"]}}],"collection":[{"href":"https:\/\/jornalfatosenoticias.com.br\/index.php\/wp-json\/wp\/v2\/posts"}],"about":[{"href":"https:\/\/jornalfatosenoticias.com.br\/index.php\/wp-json\/wp\/v2\/types\/post"}],"author":[{"embeddable":true,"href":"https:\/\/jornalfatosenoticias.com.br\/index.php\/wp-json\/wp\/v2\/users\/2"}],"replies":[{"embeddable":true,"href":"https:\/\/jornalfatosenoticias.com.br\/index.php\/wp-json\/wp\/v2\/comments?post=30763"}],"version-history":[{"count":0,"href":"https:\/\/jornalfatosenoticias.com.br\/index.php\/wp-json\/wp\/v2\/posts\/30763\/revisions"}],"wp:featuredmedia":[{"embeddable":true,"href":"https:\/\/jornalfatosenoticias.com.br\/index.php\/wp-json\/wp\/v2\/media\/30764"}],"wp:attachment":[{"href":"https:\/\/jornalfatosenoticias.com.br\/index.php\/wp-json\/wp\/v2\/media?parent=30763"}],"wp:term":[{"taxonomy":"category","embeddable":true,"href":"https:\/\/jornalfatosenoticias.com.br\/index.php\/wp-json\/wp\/v2\/categories?post=30763"},{"taxonomy":"post_tag","embeddable":true,"href":"https:\/\/jornalfatosenoticias.com.br\/index.php\/wp-json\/wp\/v2\/tags?post=30763"}],"curies":[{"name":"wp","href":"https:\/\/api.w.org\/{rel}","templated":true}]}}