{"id":30766,"date":"2022-05-25T14:43:50","date_gmt":"2022-05-25T17:43:50","guid":{"rendered":"https:\/\/jornalfatosenoticias.com.br\/?p=30766"},"modified":"2022-05-25T14:44:09","modified_gmt":"2022-05-25T17:44:09","slug":"cidade-subterranea-crista-de-dois-mil-anos-e-descoberta-na-turquia","status":"publish","type":"post","link":"https:\/\/jornalfatosenoticias.com.br\/index.php\/2022\/05\/25\/cidade-subterranea-crista-de-dois-mil-anos-e-descoberta-na-turquia\/","title":{"rendered":"Cidade subterr\u00e2nea crist\u00e3 de dois mil anos \u00e9 descoberta na Turquia"},"content":{"rendered":"\n<div class=\"wp-block-image\"><figure class=\"aligncenter size-large is-resized\"><img loading=\"lazy\" decoding=\"async\" src=\"https:\/\/jornalfatosenoticias.com.br\/wp-content\/uploads\/2022\/02\/Arte-Autoescola-Galatas_endereco_portal-1024x103.png\" alt=\"\" class=\"wp-image-27869\" width=\"390\" height=\"39\" srcset=\"https:\/\/jornalfatosenoticias.com.br\/wp-content\/uploads\/2022\/02\/Arte-Autoescola-Galatas_endereco_portal-1024x103.png 1024w, https:\/\/jornalfatosenoticias.com.br\/wp-content\/uploads\/2022\/02\/Arte-Autoescola-Galatas_endereco_portal-300x30.png 300w, https:\/\/jornalfatosenoticias.com.br\/wp-content\/uploads\/2022\/02\/Arte-Autoescola-Galatas_endereco_portal-768x77.png 768w, https:\/\/jornalfatosenoticias.com.br\/wp-content\/uploads\/2022\/02\/Arte-Autoescola-Galatas_endereco_portal.png 1223w\" sizes=\"auto, (max-width: 390px) 100vw, 390px\" \/><\/figure><\/div>\n\n\n\n<p>Trabalhando na preserva\u00e7\u00e3o de ruas e casas hist\u00f3ricas em Midyat, no sudeste da Turquia, arque\u00f3logos encontraram uma grande cidade subterr\u00e2nea de dois mil anos. Esse n\u00facleo urbano teria sido um ref\u00fagio para os primeiros crist\u00e3os que fugiam da persegui\u00e7\u00e3o romana.<br>Escavadeiras encontraram o antigo complexo dentro de uma caverna de calc\u00e1rio na cidade, na prov\u00edncia de Mardin. O n\u00facleo subterr\u00e2neo cont\u00e9m c\u00e2maras de armazenamento de comida e \u00e1gua, casas e casas de culto, incluindo uma igreja e os aparentes restos de uma antiga sinagoga com uma estrela de Davi pintada na parede.<\/p>\n\n\n\n<div class=\"wp-block-image\"><figure class=\"alignleft size-large is-resized\"><img loading=\"lazy\" decoding=\"async\" src=\"https:\/\/jornalfatosenoticias.com.br\/wp-content\/uploads\/2022\/03\/logo-Suinco-1024x390.jpg\" alt=\"\" class=\"wp-image-28785\" width=\"286\" height=\"108\"\/><\/figure><\/div>\n\n\n\n<p>Os arque\u00f3logos acreditam que a cidade \u2014 oficialmente chamada de \u201cMatiate\u201d (\u201ccidade das cavernas\u201d, o antigo nome de Midyat) \u2014 foi constru\u00edda em algum momento do segundo ou terceiro s\u00e9culos depois de Cristo, ap\u00f3s descobrirem artefatos da era romana, como moedas e l\u00e2mpadas no interior, que ajudaram a datar o local. Nessa \u00e9poca, o cristianismo n\u00e3o era considerado uma religi\u00e3o oficial, o que levou os pesquisadores a pensar que Matiate servia como esconderijo para crist\u00e3os que fugiam da persegui\u00e7\u00e3o romana.<\/p>\n\n\n\n<div class=\"wp-block-image\"><figure class=\"aligncenter size-large is-resized\"><img loading=\"lazy\" decoding=\"async\" src=\"https:\/\/jornalfatosenoticias.com.br\/wp-content\/uploads\/2022\/02\/Banner-1-1024x101.png\" alt=\"\" class=\"wp-image-27923\" width=\"383\" height=\"37\"\/><\/figure><\/div>\n\n\n\n<p><strong><span class=\"has-inline-color has-vivid-red-color\">Persegui\u00e7\u00e3o romana<br><\/span><\/strong>\u201c[A cidade] foi constru\u00edda primeiramente como um esconderijo ou \u00e1rea de fuga\u201d, disse Gani Tarkan, diretor do Museu Mardin e chefe de escava\u00e7\u00f5es, \u00e0 ag\u00eancia estatal turca Anadolu. <\/p>\n\n\n\n<blockquote class=\"wp-block-quote is-layout-flow wp-block-quote-is-layout-flow\"><p><span class=\"has-inline-color has-luminous-vivid-orange-color\">\u201cO cristianismo n\u00e3o era uma religi\u00e3o oficial no s\u00e9culo 2 [e] fam\u00edlias e grupos que o aceitavam geralmente se refugiavam em cidades subterr\u00e2neas para escapar da persegui\u00e7\u00e3o de Roma\u201d, disse Tarkan. \u201cPossivelmente, a cidade subterr\u00e2nea de Midyat foi um dos espa\u00e7os de conviv\u00eancia constru\u00eddos para esse fim\u201d.<\/span><\/p><\/blockquote>\n\n\n\n<div class=\"wp-block-image\"><figure class=\"alignright size-large is-resized\"><img loading=\"lazy\" decoding=\"async\" src=\"https:\/\/jornalfatosenoticias.com.br\/wp-content\/uploads\/2020\/02\/logo_esteio.jpg\" alt=\"\" class=\"wp-image-1214\" width=\"280\" height=\"233\"\/><\/figure><\/div>\n\n\n\n<p>Muitos crist\u00e3os primitivos eram judeus que acreditavam em Jesus como o Messias. Ambas as religi\u00f5es enfrentaram intensa persegui\u00e7\u00e3o nas m\u00e3os dos romanos. Depois dos romanos, os primeiros crist\u00e3os tamb\u00e9m foram perseguidos pelos persas. Ge\u00f3grafos antigos escreveram que muitos crist\u00e3os habitavam a regi\u00e3o sul do que hoje \u00e9 a Turquia, provavelmente para escapar da persegui\u00e7\u00e3o.<\/p>\n\n\n\n<p><strong><span class=\"has-inline-color has-vivid-red-color\">Atra\u00e7\u00e3o tur\u00edstica<br><\/span><\/strong>Lozan Bayar, arque\u00f3logo do Gabinete de Prote\u00e7\u00e3o e Supervis\u00e3o do Museu Mardin, acredita que a cidade subterr\u00e2nea recentemente descoberta poderia ter sido um lugar para onde os crist\u00e3os antigos fugiam buscando seguran\u00e7a. <\/p>\n\n\n\n<div class=\"wp-block-image\"><figure class=\"aligncenter size-large is-resized\"><img loading=\"lazy\" decoding=\"async\" src=\"https:\/\/jornalfatosenoticias.com.br\/wp-content\/uploads\/2022\/02\/Serra-Pack-459.png\" alt=\"\" class=\"wp-image-27471\" width=\"245\" height=\"98\"\/><\/figure><\/div>\n\n\n\n<blockquote class=\"wp-block-quote is-layout-flow wp-block-quote-is-layout-flow\"><p><span class=\"has-inline-color has-luminous-vivid-orange-color\">\u201cNo per\u00edodo inicial do cristianismo, Roma estava sob a influ\u00eancia dos pag\u00e3os antes de mais tarde reconhecer o cristianismo como religi\u00e3o oficial\u201d, disse ele ao site de not\u00edcias turco H\u00fcrriyet Daily News. \u201cTais cidades subterr\u00e2neas davam seguran\u00e7a \u00e0s pessoas, que tamb\u00e9m faziam suas ora\u00e7\u00f5es l\u00e1. Eles tamb\u00e9m eram lugares de fuga\u201d.<\/span><\/p><\/blockquote>\n\n\n\n<div class=\"wp-block-image\"><figure class=\"alignright size-large is-resized\"><img loading=\"lazy\" decoding=\"async\" src=\"https:\/\/jornalfatosenoticias.com.br\/wp-content\/uploads\/2020\/02\/nova-logo-Marquetti.jpg\" alt=\"\" class=\"wp-image-22331\" width=\"276\" height=\"185\" srcset=\"https:\/\/jornalfatosenoticias.com.br\/wp-content\/uploads\/2020\/02\/nova-logo-Marquetti.jpg 643w, https:\/\/jornalfatosenoticias.com.br\/wp-content\/uploads\/2020\/02\/nova-logo-Marquetti-300x202.jpg 300w\" sizes=\"auto, (max-width: 276px) 100vw, 276px\" \/><\/figure><\/div>\n\n\n\n<p>Arque\u00f3logos acreditam ter escavado menos de 5% da cidade subterr\u00e2nea. Todo o complexo poderia ter cerca de 372 mil metros quadrados \u2014 o suficiente para abrigar entre 60 mil e 70 mil pessoas. A descoberta deve atrair mais aten\u00e7\u00e3o ainda para Midyat. A cidade abriga em seu centro mais de 100 casas tradicionais tombadas, al\u00e9m de nove igrejas e mosteiros listados como Patrim\u00f4nio Mundial da Unesco.<\/p>\n\n\n\n<p><strong><em>Fonte: <a href=\"https:\/\/www.revistaplaneta.com.br\/cidade-subterranea-crista-de-2-mil-anos-e-descoberta-na-turquia\/\">Revista Planeta<\/a><\/em><\/strong><\/p>\n","protected":false},"excerpt":{"rendered":"<p>Trabalhando na preserva\u00e7\u00e3o de ruas e casas hist\u00f3ricas em Midyat, no sudeste da Turquia, arque\u00f3logos encontraram uma grande cidade subterr\u00e2nea de dois mil anos. Esse n\u00facleo urbano teria sido um ref\u00fagio para os primeiros crist\u00e3os que fugiam da persegui\u00e7\u00e3o romana.Escavadeiras encontraram o antigo complexo dentro de uma caverna de calc\u00e1rio na cidade, na prov\u00edncia de [&hellip;]<\/p>\n","protected":false},"author":2,"featured_media":30767,"comment_status":"open","ping_status":"open","sticky":false,"template":"","format":"standard","meta":{"footnotes":""},"categories":[9808],"tags":[14617,14618,1619,14620,14619,145],"class_list":["post-30766","post","type-post","status-publish","format-standard","has-post-thumbnail","hentry","category-paleo-arqueologia","tag-cidade-subterranea","tag-cidade-subterranea-crista","tag-cristianismo","tag-esconderijo","tag-perseguicao-religiosa","tag-turquia"],"yoast_head":"<!-- This site is optimized with the Yoast SEO plugin v26.5 - https:\/\/yoast.com\/wordpress\/plugins\/seo\/ -->\n<title>Cidade subterr\u00e2nea crist\u00e3 de dois mil anos \u00e9 descoberta na Turquia - Jornal Fatos e Not\u00edcias<\/title>\n<meta name=\"robots\" content=\"index, follow, max-snippet:-1, max-image-preview:large, max-video-preview:-1\" \/>\n<link rel=\"canonical\" href=\"https:\/\/jornalfatosenoticias.com.br\/index.php\/2022\/05\/25\/cidade-subterranea-crista-de-dois-mil-anos-e-descoberta-na-turquia\/\" \/>\n<meta property=\"og:locale\" content=\"pt_BR\" \/>\n<meta property=\"og:type\" content=\"article\" \/>\n<meta property=\"og:title\" content=\"Cidade subterr\u00e2nea crist\u00e3 de dois mil anos \u00e9 descoberta na Turquia - Jornal Fatos e Not\u00edcias\" \/>\n<meta property=\"og:description\" content=\"Trabalhando na preserva\u00e7\u00e3o de ruas e casas hist\u00f3ricas em Midyat, no sudeste da Turquia, arque\u00f3logos encontraram uma grande cidade subterr\u00e2nea de dois mil anos. Esse n\u00facleo urbano teria sido um ref\u00fagio para os primeiros crist\u00e3os que fugiam da persegui\u00e7\u00e3o romana.Escavadeiras encontraram o antigo complexo dentro de uma caverna de calc\u00e1rio na cidade, na prov\u00edncia de [&hellip;]\" \/>\n<meta property=\"og:url\" content=\"https:\/\/jornalfatosenoticias.com.br\/index.php\/2022\/05\/25\/cidade-subterranea-crista-de-dois-mil-anos-e-descoberta-na-turquia\/\" \/>\n<meta property=\"og:site_name\" content=\"Jornal Fatos e Not\u00edcias\" \/>\n<meta property=\"article:published_time\" content=\"2022-05-25T17:43:50+00:00\" \/>\n<meta property=\"article:modified_time\" content=\"2022-05-25T17:44:09+00:00\" \/>\n<meta property=\"og:image\" content=\"https:\/\/jornalfatosenoticias.com.br\/wp-content\/uploads\/2022\/05\/cidade-subterranea_Turquia.jpg\" \/>\n\t<meta property=\"og:image:width\" content=\"1000\" \/>\n\t<meta property=\"og:image:height\" content=\"600\" \/>\n\t<meta property=\"og:image:type\" content=\"image\/jpeg\" \/>\n<meta name=\"author\" content=\"Luzimara Fernandes\" \/>\n<meta name=\"twitter:card\" content=\"summary_large_image\" \/>\n<meta name=\"twitter:label1\" content=\"Escrito por\" \/>\n\t<meta name=\"twitter:data1\" content=\"Luzimara Fernandes\" \/>\n\t<meta name=\"twitter:label2\" content=\"Est. tempo de leitura\" \/>\n\t<meta name=\"twitter:data2\" content=\"3 minutos\" \/>\n<script type=\"application\/ld+json\" class=\"yoast-schema-graph\">{\"@context\":\"https:\/\/schema.org\",\"@graph\":[{\"@type\":\"Article\",\"@id\":\"https:\/\/jornalfatosenoticias.com.br\/index.php\/2022\/05\/25\/cidade-subterranea-crista-de-dois-mil-anos-e-descoberta-na-turquia\/#article\",\"isPartOf\":{\"@id\":\"https:\/\/jornalfatosenoticias.com.br\/index.php\/2022\/05\/25\/cidade-subterranea-crista-de-dois-mil-anos-e-descoberta-na-turquia\/\"},\"author\":{\"name\":\"Luzimara Fernandes\",\"@id\":\"https:\/\/jornalfatosenoticias.com.br\/#\/schema\/person\/d63837fa13ac8666eb9e74e0985d6f81\"},\"headline\":\"Cidade subterr\u00e2nea crist\u00e3 de dois mil anos \u00e9 descoberta na Turquia\",\"datePublished\":\"2022-05-25T17:43:50+00:00\",\"dateModified\":\"2022-05-25T17:44:09+00:00\",\"mainEntityOfPage\":{\"@id\":\"https:\/\/jornalfatosenoticias.com.br\/index.php\/2022\/05\/25\/cidade-subterranea-crista-de-dois-mil-anos-e-descoberta-na-turquia\/\"},\"wordCount\":528,\"commentCount\":0,\"publisher\":{\"@id\":\"https:\/\/jornalfatosenoticias.com.br\/#organization\"},\"image\":{\"@id\":\"https:\/\/jornalfatosenoticias.com.br\/index.php\/2022\/05\/25\/cidade-subterranea-crista-de-dois-mil-anos-e-descoberta-na-turquia\/#primaryimage\"},\"thumbnailUrl\":\"https:\/\/jornalfatosenoticias.com.br\/wp-content\/uploads\/2022\/05\/cidade-subterranea_Turquia.jpg\",\"keywords\":[\"cidade subterr\u00e2nea\",\"cidade subterr\u00e2nea crist\u00e3\",\"cristianismo\",\"esconderijo\",\"persegui\u00e7\u00e3o religiosa\",\"Turquia\"],\"articleSection\":[\"Paleo &amp; Arqueologia\"],\"inLanguage\":\"pt-BR\",\"potentialAction\":[{\"@type\":\"CommentAction\",\"name\":\"Comment\",\"target\":[\"https:\/\/jornalfatosenoticias.com.br\/index.php\/2022\/05\/25\/cidade-subterranea-crista-de-dois-mil-anos-e-descoberta-na-turquia\/#respond\"]}]},{\"@type\":\"WebPage\",\"@id\":\"https:\/\/jornalfatosenoticias.com.br\/index.php\/2022\/05\/25\/cidade-subterranea-crista-de-dois-mil-anos-e-descoberta-na-turquia\/\",\"url\":\"https:\/\/jornalfatosenoticias.com.br\/index.php\/2022\/05\/25\/cidade-subterranea-crista-de-dois-mil-anos-e-descoberta-na-turquia\/\",\"name\":\"Cidade subterr\u00e2nea crist\u00e3 de dois mil anos \u00e9 descoberta na Turquia - Jornal Fatos e Not\u00edcias\",\"isPartOf\":{\"@id\":\"https:\/\/jornalfatosenoticias.com.br\/#website\"},\"primaryImageOfPage\":{\"@id\":\"https:\/\/jornalfatosenoticias.com.br\/index.php\/2022\/05\/25\/cidade-subterranea-crista-de-dois-mil-anos-e-descoberta-na-turquia\/#primaryimage\"},\"image\":{\"@id\":\"https:\/\/jornalfatosenoticias.com.br\/index.php\/2022\/05\/25\/cidade-subterranea-crista-de-dois-mil-anos-e-descoberta-na-turquia\/#primaryimage\"},\"thumbnailUrl\":\"https:\/\/jornalfatosenoticias.com.br\/wp-content\/uploads\/2022\/05\/cidade-subterranea_Turquia.jpg\",\"datePublished\":\"2022-05-25T17:43:50+00:00\",\"dateModified\":\"2022-05-25T17:44:09+00:00\",\"breadcrumb\":{\"@id\":\"https:\/\/jornalfatosenoticias.com.br\/index.php\/2022\/05\/25\/cidade-subterranea-crista-de-dois-mil-anos-e-descoberta-na-turquia\/#breadcrumb\"},\"inLanguage\":\"pt-BR\",\"potentialAction\":[{\"@type\":\"ReadAction\",\"target\":[\"https:\/\/jornalfatosenoticias.com.br\/index.php\/2022\/05\/25\/cidade-subterranea-crista-de-dois-mil-anos-e-descoberta-na-turquia\/\"]}]},{\"@type\":\"ImageObject\",\"inLanguage\":\"pt-BR\",\"@id\":\"https:\/\/jornalfatosenoticias.com.br\/index.php\/2022\/05\/25\/cidade-subterranea-crista-de-dois-mil-anos-e-descoberta-na-turquia\/#primaryimage\",\"url\":\"https:\/\/jornalfatosenoticias.com.br\/wp-content\/uploads\/2022\/05\/cidade-subterranea_Turquia.jpg\",\"contentUrl\":\"https:\/\/jornalfatosenoticias.com.br\/wp-content\/uploads\/2022\/05\/cidade-subterranea_Turquia.jpg\",\"width\":1000,\"height\":600},{\"@type\":\"BreadcrumbList\",\"@id\":\"https:\/\/jornalfatosenoticias.com.br\/index.php\/2022\/05\/25\/cidade-subterranea-crista-de-dois-mil-anos-e-descoberta-na-turquia\/#breadcrumb\",\"itemListElement\":[{\"@type\":\"ListItem\",\"position\":1,\"name\":\"In\u00edcio\",\"item\":\"https:\/\/jornalfatosenoticias.com.br\/\"},{\"@type\":\"ListItem\",\"position\":2,\"name\":\"Cidade subterr\u00e2nea crist\u00e3 de dois mil anos \u00e9 descoberta na Turquia\"}]},{\"@type\":\"WebSite\",\"@id\":\"https:\/\/jornalfatosenoticias.com.br\/#website\",\"url\":\"https:\/\/jornalfatosenoticias.com.br\/\",\"name\":\"Jornal Fatos e Not\u00edcias\",\"description\":\"Not\u00edcias em geral\",\"publisher\":{\"@id\":\"https:\/\/jornalfatosenoticias.com.br\/#organization\"},\"potentialAction\":[{\"@type\":\"SearchAction\",\"target\":{\"@type\":\"EntryPoint\",\"urlTemplate\":\"https:\/\/jornalfatosenoticias.com.br\/?s={search_term_string}\"},\"query-input\":{\"@type\":\"PropertyValueSpecification\",\"valueRequired\":true,\"valueName\":\"search_term_string\"}}],\"inLanguage\":\"pt-BR\"},{\"@type\":\"Organization\",\"@id\":\"https:\/\/jornalfatosenoticias.com.br\/#organization\",\"name\":\"Jornal Fatos e Not\u00edcias\",\"url\":\"https:\/\/jornalfatosenoticias.com.br\/\",\"logo\":{\"@type\":\"ImageObject\",\"inLanguage\":\"pt-BR\",\"@id\":\"https:\/\/jornalfatosenoticias.com.br\/#\/schema\/logo\/image\/\",\"url\":\"https:\/\/jornalfatosenoticias.com.br\/wp-content\/uploads\/2020\/02\/logo120.png\",\"contentUrl\":\"https:\/\/jornalfatosenoticias.com.br\/wp-content\/uploads\/2020\/02\/logo120.png\",\"width\":1227,\"height\":120,\"caption\":\"Jornal Fatos e Not\u00edcias\"},\"image\":{\"@id\":\"https:\/\/jornalfatosenoticias.com.br\/#\/schema\/logo\/image\/\"}},{\"@type\":\"Person\",\"@id\":\"https:\/\/jornalfatosenoticias.com.br\/#\/schema\/person\/d63837fa13ac8666eb9e74e0985d6f81\",\"name\":\"Luzimara Fernandes\",\"image\":{\"@type\":\"ImageObject\",\"inLanguage\":\"pt-BR\",\"@id\":\"https:\/\/jornalfatosenoticias.com.br\/#\/schema\/person\/image\/\",\"url\":\"https:\/\/jornalfatosenoticias.com.br\/wp-content\/uploads\/2025\/05\/EU_portal.jpg\",\"contentUrl\":\"https:\/\/jornalfatosenoticias.com.br\/wp-content\/uploads\/2025\/05\/EU_portal.jpg\",\"caption\":\"Luzimara Fernandes\"},\"description\":\"Jornalista MTB 2358-ES\",\"sameAs\":[\"https:\/\/jornalfatosenoticias.com.br\"],\"url\":\"https:\/\/jornalfatosenoticias.com.br\/index.php\/author\/luzimara\/\"}]}<\/script>\n<!-- \/ Yoast SEO plugin. -->","yoast_head_json":{"title":"Cidade subterr\u00e2nea crist\u00e3 de dois mil anos \u00e9 descoberta na Turquia - Jornal Fatos e Not\u00edcias","robots":{"index":"index","follow":"follow","max-snippet":"max-snippet:-1","max-image-preview":"max-image-preview:large","max-video-preview":"max-video-preview:-1"},"canonical":"https:\/\/jornalfatosenoticias.com.br\/index.php\/2022\/05\/25\/cidade-subterranea-crista-de-dois-mil-anos-e-descoberta-na-turquia\/","og_locale":"pt_BR","og_type":"article","og_title":"Cidade subterr\u00e2nea crist\u00e3 de dois mil anos \u00e9 descoberta na Turquia - Jornal Fatos e Not\u00edcias","og_description":"Trabalhando na preserva\u00e7\u00e3o de ruas e casas hist\u00f3ricas em Midyat, no sudeste da Turquia, arque\u00f3logos encontraram uma grande cidade subterr\u00e2nea de dois mil anos. Esse n\u00facleo urbano teria sido um ref\u00fagio para os primeiros crist\u00e3os que fugiam da persegui\u00e7\u00e3o romana.Escavadeiras encontraram o antigo complexo dentro de uma caverna de calc\u00e1rio na cidade, na prov\u00edncia de [&hellip;]","og_url":"https:\/\/jornalfatosenoticias.com.br\/index.php\/2022\/05\/25\/cidade-subterranea-crista-de-dois-mil-anos-e-descoberta-na-turquia\/","og_site_name":"Jornal Fatos e Not\u00edcias","article_published_time":"2022-05-25T17:43:50+00:00","article_modified_time":"2022-05-25T17:44:09+00:00","og_image":[{"width":1000,"height":600,"url":"https:\/\/jornalfatosenoticias.com.br\/wp-content\/uploads\/2022\/05\/cidade-subterranea_Turquia.jpg","type":"image\/jpeg"}],"author":"Luzimara Fernandes","twitter_card":"summary_large_image","twitter_misc":{"Escrito por":"Luzimara Fernandes","Est. tempo de leitura":"3 minutos"},"schema":{"@context":"https:\/\/schema.org","@graph":[{"@type":"Article","@id":"https:\/\/jornalfatosenoticias.com.br\/index.php\/2022\/05\/25\/cidade-subterranea-crista-de-dois-mil-anos-e-descoberta-na-turquia\/#article","isPartOf":{"@id":"https:\/\/jornalfatosenoticias.com.br\/index.php\/2022\/05\/25\/cidade-subterranea-crista-de-dois-mil-anos-e-descoberta-na-turquia\/"},"author":{"name":"Luzimara Fernandes","@id":"https:\/\/jornalfatosenoticias.com.br\/#\/schema\/person\/d63837fa13ac8666eb9e74e0985d6f81"},"headline":"Cidade subterr\u00e2nea crist\u00e3 de dois mil anos \u00e9 descoberta na Turquia","datePublished":"2022-05-25T17:43:50+00:00","dateModified":"2022-05-25T17:44:09+00:00","mainEntityOfPage":{"@id":"https:\/\/jornalfatosenoticias.com.br\/index.php\/2022\/05\/25\/cidade-subterranea-crista-de-dois-mil-anos-e-descoberta-na-turquia\/"},"wordCount":528,"commentCount":0,"publisher":{"@id":"https:\/\/jornalfatosenoticias.com.br\/#organization"},"image":{"@id":"https:\/\/jornalfatosenoticias.com.br\/index.php\/2022\/05\/25\/cidade-subterranea-crista-de-dois-mil-anos-e-descoberta-na-turquia\/#primaryimage"},"thumbnailUrl":"https:\/\/jornalfatosenoticias.com.br\/wp-content\/uploads\/2022\/05\/cidade-subterranea_Turquia.jpg","keywords":["cidade subterr\u00e2nea","cidade subterr\u00e2nea crist\u00e3","cristianismo","esconderijo","persegui\u00e7\u00e3o religiosa","Turquia"],"articleSection":["Paleo &amp; Arqueologia"],"inLanguage":"pt-BR","potentialAction":[{"@type":"CommentAction","name":"Comment","target":["https:\/\/jornalfatosenoticias.com.br\/index.php\/2022\/05\/25\/cidade-subterranea-crista-de-dois-mil-anos-e-descoberta-na-turquia\/#respond"]}]},{"@type":"WebPage","@id":"https:\/\/jornalfatosenoticias.com.br\/index.php\/2022\/05\/25\/cidade-subterranea-crista-de-dois-mil-anos-e-descoberta-na-turquia\/","url":"https:\/\/jornalfatosenoticias.com.br\/index.php\/2022\/05\/25\/cidade-subterranea-crista-de-dois-mil-anos-e-descoberta-na-turquia\/","name":"Cidade subterr\u00e2nea crist\u00e3 de dois mil anos \u00e9 descoberta na Turquia - Jornal Fatos e Not\u00edcias","isPartOf":{"@id":"https:\/\/jornalfatosenoticias.com.br\/#website"},"primaryImageOfPage":{"@id":"https:\/\/jornalfatosenoticias.com.br\/index.php\/2022\/05\/25\/cidade-subterranea-crista-de-dois-mil-anos-e-descoberta-na-turquia\/#primaryimage"},"image":{"@id":"https:\/\/jornalfatosenoticias.com.br\/index.php\/2022\/05\/25\/cidade-subterranea-crista-de-dois-mil-anos-e-descoberta-na-turquia\/#primaryimage"},"thumbnailUrl":"https:\/\/jornalfatosenoticias.com.br\/wp-content\/uploads\/2022\/05\/cidade-subterranea_Turquia.jpg","datePublished":"2022-05-25T17:43:50+00:00","dateModified":"2022-05-25T17:44:09+00:00","breadcrumb":{"@id":"https:\/\/jornalfatosenoticias.com.br\/index.php\/2022\/05\/25\/cidade-subterranea-crista-de-dois-mil-anos-e-descoberta-na-turquia\/#breadcrumb"},"inLanguage":"pt-BR","potentialAction":[{"@type":"ReadAction","target":["https:\/\/jornalfatosenoticias.com.br\/index.php\/2022\/05\/25\/cidade-subterranea-crista-de-dois-mil-anos-e-descoberta-na-turquia\/"]}]},{"@type":"ImageObject","inLanguage":"pt-BR","@id":"https:\/\/jornalfatosenoticias.com.br\/index.php\/2022\/05\/25\/cidade-subterranea-crista-de-dois-mil-anos-e-descoberta-na-turquia\/#primaryimage","url":"https:\/\/jornalfatosenoticias.com.br\/wp-content\/uploads\/2022\/05\/cidade-subterranea_Turquia.jpg","contentUrl":"https:\/\/jornalfatosenoticias.com.br\/wp-content\/uploads\/2022\/05\/cidade-subterranea_Turquia.jpg","width":1000,"height":600},{"@type":"BreadcrumbList","@id":"https:\/\/jornalfatosenoticias.com.br\/index.php\/2022\/05\/25\/cidade-subterranea-crista-de-dois-mil-anos-e-descoberta-na-turquia\/#breadcrumb","itemListElement":[{"@type":"ListItem","position":1,"name":"In\u00edcio","item":"https:\/\/jornalfatosenoticias.com.br\/"},{"@type":"ListItem","position":2,"name":"Cidade subterr\u00e2nea crist\u00e3 de dois mil anos \u00e9 descoberta na Turquia"}]},{"@type":"WebSite","@id":"https:\/\/jornalfatosenoticias.com.br\/#website","url":"https:\/\/jornalfatosenoticias.com.br\/","name":"Jornal Fatos e Not\u00edcias","description":"Not\u00edcias em geral","publisher":{"@id":"https:\/\/jornalfatosenoticias.com.br\/#organization"},"potentialAction":[{"@type":"SearchAction","target":{"@type":"EntryPoint","urlTemplate":"https:\/\/jornalfatosenoticias.com.br\/?s={search_term_string}"},"query-input":{"@type":"PropertyValueSpecification","valueRequired":true,"valueName":"search_term_string"}}],"inLanguage":"pt-BR"},{"@type":"Organization","@id":"https:\/\/jornalfatosenoticias.com.br\/#organization","name":"Jornal Fatos e Not\u00edcias","url":"https:\/\/jornalfatosenoticias.com.br\/","logo":{"@type":"ImageObject","inLanguage":"pt-BR","@id":"https:\/\/jornalfatosenoticias.com.br\/#\/schema\/logo\/image\/","url":"https:\/\/jornalfatosenoticias.com.br\/wp-content\/uploads\/2020\/02\/logo120.png","contentUrl":"https:\/\/jornalfatosenoticias.com.br\/wp-content\/uploads\/2020\/02\/logo120.png","width":1227,"height":120,"caption":"Jornal Fatos e Not\u00edcias"},"image":{"@id":"https:\/\/jornalfatosenoticias.com.br\/#\/schema\/logo\/image\/"}},{"@type":"Person","@id":"https:\/\/jornalfatosenoticias.com.br\/#\/schema\/person\/d63837fa13ac8666eb9e74e0985d6f81","name":"Luzimara Fernandes","image":{"@type":"ImageObject","inLanguage":"pt-BR","@id":"https:\/\/jornalfatosenoticias.com.br\/#\/schema\/person\/image\/","url":"https:\/\/jornalfatosenoticias.com.br\/wp-content\/uploads\/2025\/05\/EU_portal.jpg","contentUrl":"https:\/\/jornalfatosenoticias.com.br\/wp-content\/uploads\/2025\/05\/EU_portal.jpg","caption":"Luzimara Fernandes"},"description":"Jornalista MTB 2358-ES","sameAs":["https:\/\/jornalfatosenoticias.com.br"],"url":"https:\/\/jornalfatosenoticias.com.br\/index.php\/author\/luzimara\/"}]}},"cc_featured_image_caption":{"caption_text":"(Foto: AA)","source_text":"","source_url":""},"jetpack_featured_media_url":"https:\/\/jornalfatosenoticias.com.br\/wp-content\/uploads\/2022\/05\/cidade-subterranea_Turquia.jpg","_links":{"self":[{"href":"https:\/\/jornalfatosenoticias.com.br\/index.php\/wp-json\/wp\/v2\/posts\/30766","targetHints":{"allow":["GET"]}}],"collection":[{"href":"https:\/\/jornalfatosenoticias.com.br\/index.php\/wp-json\/wp\/v2\/posts"}],"about":[{"href":"https:\/\/jornalfatosenoticias.com.br\/index.php\/wp-json\/wp\/v2\/types\/post"}],"author":[{"embeddable":true,"href":"https:\/\/jornalfatosenoticias.com.br\/index.php\/wp-json\/wp\/v2\/users\/2"}],"replies":[{"embeddable":true,"href":"https:\/\/jornalfatosenoticias.com.br\/index.php\/wp-json\/wp\/v2\/comments?post=30766"}],"version-history":[{"count":0,"href":"https:\/\/jornalfatosenoticias.com.br\/index.php\/wp-json\/wp\/v2\/posts\/30766\/revisions"}],"wp:featuredmedia":[{"embeddable":true,"href":"https:\/\/jornalfatosenoticias.com.br\/index.php\/wp-json\/wp\/v2\/media\/30767"}],"wp:attachment":[{"href":"https:\/\/jornalfatosenoticias.com.br\/index.php\/wp-json\/wp\/v2\/media?parent=30766"}],"wp:term":[{"taxonomy":"category","embeddable":true,"href":"https:\/\/jornalfatosenoticias.com.br\/index.php\/wp-json\/wp\/v2\/categories?post=30766"},{"taxonomy":"post_tag","embeddable":true,"href":"https:\/\/jornalfatosenoticias.com.br\/index.php\/wp-json\/wp\/v2\/tags?post=30766"}],"curies":[{"name":"wp","href":"https:\/\/api.w.org\/{rel}","templated":true}]}}