{"id":30789,"date":"2022-05-26T13:46:44","date_gmt":"2022-05-26T16:46:44","guid":{"rendered":"https:\/\/jornalfatosenoticias.com.br\/?p=30789"},"modified":"2022-05-26T13:46:49","modified_gmt":"2022-05-26T16:46:49","slug":"torturar-uma-crianca-a-vulnerabilidade-e-a-tolerancia-parte-v","status":"publish","type":"post","link":"https:\/\/jornalfatosenoticias.com.br\/index.php\/2022\/05\/26\/torturar-uma-crianca-a-vulnerabilidade-e-a-tolerancia-parte-v\/","title":{"rendered":"Torturar uma Crian\u00e7a, a vulnerabilidade e a toler\u00e2ncia \u2014 Parte V"},"content":{"rendered":"\n<p><em><span class=\"has-inline-color has-black-color\">Imaginar que obrigar uma Crian\u00e7a a conviver com quem lhe maltrata far\u00e1 com que ela passe a amar essa pessoa \u00e9 uma insensatez completa<\/span><\/em><\/p>\n\n\n\n<div class=\"wp-block-image\"><figure class=\"aligncenter size-large is-resized\"><img loading=\"lazy\" decoding=\"async\" src=\"https:\/\/jornalfatosenoticias.com.br\/wp-content\/uploads\/2022\/05\/NOVA-LOGO-CESCONETTO-1024x100.jpg\" alt=\"\" class=\"wp-image-30792\" width=\"439\" height=\"42\" srcset=\"https:\/\/jornalfatosenoticias.com.br\/wp-content\/uploads\/2022\/05\/NOVA-LOGO-CESCONETTO-1024x100.jpg 1024w, https:\/\/jornalfatosenoticias.com.br\/wp-content\/uploads\/2022\/05\/NOVA-LOGO-CESCONETTO-300x29.jpg 300w, https:\/\/jornalfatosenoticias.com.br\/wp-content\/uploads\/2022\/05\/NOVA-LOGO-CESCONETTO-768x75.jpg 768w, https:\/\/jornalfatosenoticias.com.br\/wp-content\/uploads\/2022\/05\/NOVA-LOGO-CESCONETTO.jpg 1280w\" sizes=\"auto, (max-width: 439px) 100vw, 439px\" \/><\/figure><\/div>\n\n\n\n<p>A tortura institucional contra a Crian\u00e7a tem sido aplicada a c\u00e9u aberto. Logo que pensamos nesse ponto, nos lembramos das sess\u00f5es de tortura perpetradas por autoridades arbitr\u00e1rias e cru\u00e9is para obten\u00e7\u00e3o de confiss\u00f5es que n\u00e3o importam a veracidade. S\u00f3 importa que \u201co preso confessou\u201d, dizem.<br>Mas existe uma tortura praticada contra a Crian\u00e7a em nome de uma fal\u00e1cia de \u201crevincula\u00e7\u00e3o\u201d. N\u00e3o conseguimos imaginar onde est\u00e1 ancorado esse tipo de pensamento sem fundamento e equivocado. Baseado em crueldade e ignor\u00e2ncia te\u00f3rica, a Crian\u00e7a \u00e9 for\u00e7ada a conv\u00edvio em visitas monitoradas ou ao conv\u00edvio por guarda compartilhada sem considerar o Melhor Interesse da Crian\u00e7a.<\/p>\n\n\n\n<div class=\"wp-block-image\"><figure class=\"aligncenter size-large is-resized\"><img loading=\"lazy\" decoding=\"async\" src=\"https:\/\/jornalfatosenoticias.com.br\/wp-content\/uploads\/2020\/02\/Logo-Mizu-segunda-2-1024x99.png\" alt=\"\" class=\"wp-image-2353\" width=\"352\" height=\"34\" srcset=\"https:\/\/jornalfatosenoticias.com.br\/wp-content\/uploads\/2020\/02\/Logo-Mizu-segunda-2-1024x99.png 1024w, https:\/\/jornalfatosenoticias.com.br\/wp-content\/uploads\/2020\/02\/Logo-Mizu-segunda-2-300x29.png 300w, https:\/\/jornalfatosenoticias.com.br\/wp-content\/uploads\/2020\/02\/Logo-Mizu-segunda-2-768x74.png 768w, https:\/\/jornalfatosenoticias.com.br\/wp-content\/uploads\/2020\/02\/Logo-Mizu-segunda-2.png 1240w\" sizes=\"auto, (max-width: 352px) 100vw, 352px\" \/><\/figure><\/div>\n\n\n\n<p>Obrigar uma Crian\u00e7a a \u201camar\u201d um pai que \u00e9 seu agressor? \u00c9 poss\u00edvel obrigar a gostar? Parece que estamos voltando \u00e0 idade da pedra. Em que se fundamenta uma tese cruel e desumana de que o t\u00edtulo de pai estaria acima de qualquer circunst\u00e2ncia? At\u00e9 pais estupradores, condenados por tal, t\u00eam, hoje, em sua defesa a obrigatoriedade judicial do conv\u00edvio com a Crian\u00e7a v\u00edtima de seus estupros.<br>For\u00e7ar a conviv\u00eancia n\u00e3o resulta em afeto positivo. Pode, no entanto, fomentar rejei\u00e7\u00e3o, rep\u00fadio, \u00f3dio. A exposi\u00e7\u00e3o continuada \u00e0 pessoa, que independente de qualquer t\u00edtulo que possua, o de pai, por exemplo, \u00e9 um trauma continuado. A Crian\u00e7a n\u00e3o \u201cse acostuma\u201d, ela sucumbe, desiste e sofre as repercuss\u00f5es disso. \u00c9 descabido e cruel se aproveitar de um Poder que deveria ser a garantia de Prote\u00e7\u00e3o e que se torna uma arma contra a vulnerabilidade da Crian\u00e7a.<\/p>\n\n\n\n<figure class=\"wp-block-image size-large\"><img loading=\"lazy\" decoding=\"async\" width=\"1000\" height=\"560\" src=\"https:\/\/jornalfatosenoticias.com.br\/wp-content\/uploads\/2022\/05\/menina-chorando.jpg\" alt=\"\" class=\"wp-image-30790\" srcset=\"https:\/\/jornalfatosenoticias.com.br\/wp-content\/uploads\/2022\/05\/menina-chorando.jpg 1000w, https:\/\/jornalfatosenoticias.com.br\/wp-content\/uploads\/2022\/05\/menina-chorando-300x168.jpg 300w, https:\/\/jornalfatosenoticias.com.br\/wp-content\/uploads\/2022\/05\/menina-chorando-768x430.jpg 768w\" sizes=\"auto, (max-width: 1000px) 100vw, 1000px\" \/><figcaption><em><span class=\"has-inline-color has-black-color\">Menina chorando (Foto: Jill Greenberg)<\/span><\/em><\/figcaption><\/figure>\n\n\n\n<div class=\"wp-block-image\"><figure class=\"alignleft size-large is-resized\"><img loading=\"lazy\" decoding=\"async\" src=\"https:\/\/jornalfatosenoticias.com.br\/wp-content\/uploads\/2022\/02\/Precisao-Contabilidade-1024x724.jpg\" alt=\"\" class=\"wp-image-28088\" width=\"271\" height=\"191\"\/><\/figure><\/div>\n\n\n\n<p>A fal\u00e1cia da \u201crevincula\u00e7\u00e3o\u201d evidencia o total desconhecimento do conceito de v\u00ednculo afetivo. Segundo Bowlby, o comportamento de apego tem seu lugar na Natureza. Est\u00e1 em v\u00e1rias esp\u00e9cies de animais. O que faz com que os filhotes rec\u00e9m-chocados em seus ovos, reconhe\u00e7am sua m\u00e3e desde o primeiro momento de seus primeiros passos? A busca por sobreviv\u00eancia encontra no impulso natural do cuidado o encaixe que abre espa\u00e7o para a maternagem. Algumas esp\u00e9cies t\u00eam a participa\u00e7\u00e3o, em algumas tarefas, do pai, na forma\u00e7\u00e3o das crias. Mas, Bowlby afirma em seu livro \u201cApego\u201d, que comp\u00f5e a trilogia Apego, Separa\u00e7\u00e3o e Perda: \u201cna maioria das esp\u00e9cies, os jovens mostram mais de um tipo de comportamento que resulta em proximidade entre eles e a m\u00e3e\u201d.<br>\u00c9 preciso entender que o comportamento de apego, mesmo sendo manifestado pelos pequenos, \u00e9 uma via de m\u00e3o dupla, ou seja, a crian\u00e7a se apega e estimula \u00e0quele que lhe garante a continuidade da vida, atribuindo, reciprocamente, uma especificidade particularizada. Apego e cuidado andam insepar\u00e1veis para promover o desenvolvimento dos filhotes da maioria das esp\u00e9cies. O homem est\u00e1 entre elas.<\/p>\n\n\n\n<div class=\"wp-block-image\"><figure class=\"aligncenter size-large is-resized\"><img loading=\"lazy\" decoding=\"async\" src=\"https:\/\/jornalfatosenoticias.com.br\/wp-content\/uploads\/2020\/02\/banner_ferramentas-1024x100.jpg\" alt=\"\" class=\"wp-image-1258\" width=\"407\" height=\"39\" srcset=\"https:\/\/jornalfatosenoticias.com.br\/wp-content\/uploads\/2020\/02\/banner_ferramentas-1024x100.jpg 1024w, https:\/\/jornalfatosenoticias.com.br\/wp-content\/uploads\/2020\/02\/banner_ferramentas-300x29.jpg 300w, https:\/\/jornalfatosenoticias.com.br\/wp-content\/uploads\/2020\/02\/banner_ferramentas-768x75.jpg 768w, https:\/\/jornalfatosenoticias.com.br\/wp-content\/uploads\/2020\/02\/banner_ferramentas.jpg 1227w\" sizes=\"auto, (max-width: 407px) 100vw, 407px\" \/><\/figure><\/div>\n\n\n\n<p>Interromper esse processo natural de crescimento \u00e9 comprometer a sa\u00fade mental das Crian\u00e7as. E imaginar que obrigar uma Crian\u00e7a a conviver com quem lhe maltrata far\u00e1 com que ela passe a amar essa pessoa, \u00e9 uma insensatez completa. O v\u00ednculo \u00e9 formado e alimentado por apego e cuidado em reciprocidade entre uma dupla m\u00e3e-beb\u00ea, especialmente entre os mam\u00edferos. A amamenta\u00e7\u00e3o do in\u00edcio da vida caracteriza a vincula\u00e7\u00e3o preferencial. Se conseguimos compreender a defini\u00e7\u00e3o do conceito de v\u00ednculo, facilmente, constatamos que essa tese da \u201crevincula\u00e7\u00e3o\u201d \u00e9 insustent\u00e1vel e maliciosa.<\/p>\n\n\n\n<figure class=\"wp-block-image size-large\"><img loading=\"lazy\" decoding=\"async\" width=\"1000\" height=\"666\" src=\"https:\/\/jornalfatosenoticias.com.br\/wp-content\/uploads\/2022\/05\/comportamento-de-apego.jpg\" alt=\"\" class=\"wp-image-30791\" srcset=\"https:\/\/jornalfatosenoticias.com.br\/wp-content\/uploads\/2022\/05\/comportamento-de-apego.jpg 1000w, https:\/\/jornalfatosenoticias.com.br\/wp-content\/uploads\/2022\/05\/comportamento-de-apego-300x200.jpg 300w, https:\/\/jornalfatosenoticias.com.br\/wp-content\/uploads\/2022\/05\/comportamento-de-apego-768x511.jpg 768w\" sizes=\"auto, (max-width: 1000px) 100vw, 1000px\" \/><figcaption><em><span class=\"has-inline-color has-black-color\">Comportamento do Apego entre m\u00e3e e beb\u00ea (Arte: Juliana Pereira\/Foto: mapodile\/Getty Images)<\/span><\/em><\/figcaption><\/figure>\n\n\n\n<div class=\"wp-block-image\"><figure class=\"aligncenter size-large is-resized\"><img loading=\"lazy\" decoding=\"async\" src=\"https:\/\/jornalfatosenoticias.com.br\/wp-content\/uploads\/2022\/03\/logo-Suinco-1024x390.jpg\" alt=\"\" class=\"wp-image-28785\" width=\"294\" height=\"111\"\/><\/figure><\/div>\n\n\n\n<p>Laplanche e Pontalis, no dicion\u00e1rio de Psican\u00e1lise, definem o v\u00ednculo como \u201co ato de eleger uma pessoa ou um tipo de pessoa como objeto de amor\u201d. Para esses autores \u201ctrata-se de uma inter-rela\u00e7\u00e3o, isto \u00e9, n\u00e3o \u00e9 apenas da forma como o sujeito constitui os seus objetos, mas, tamb\u00e9m, a forma como estes modelam a sua atividade\u201d. E continuam: \u201co v\u00ednculo afetivo est\u00e1 no comportamento do cuidador na rela\u00e7\u00e3o com a crian\u00e7a\u201d.<br>For\u00e7ar uma crian\u00e7a ao conv\u00edvio com seu agressor\/abusador \u00e9 encobrir, intencionalmente, crimes contra a Crian\u00e7a, \u00e9 viol\u00eancia institucional. Usando mais um argumento insustent\u00e1vel, a Igualdade Parental, desvia-se o foco das RESPONSABILIDADES PARENTAIS, (excelente t\u00edtulo de obra da Ju\u00edza Clara Sottomayor), que importam para a forma\u00e7\u00e3o da Crian\u00e7a, para uma esp\u00e9cie de romance jur\u00eddico que pretende dividir a crian\u00e7a ao meio, quase literalmente, como se poss\u00edvel e saud\u00e1vel fosse. \u201cRevincular\u201d \u00e0 for\u00e7a \u00e9 torturar.<br>O \u201cComunicado de Prensa: una justicia cruel, inhumana y degradante\u201d traz uma den\u00fancia internacional contra uma ju\u00edza e dois advogados pelos maus-tratos aberrantes de uma menina de seis anos que, aos tr\u00eas, relatou abusos sexuais por parte de seu pai, quando esses operadores de justi\u00e7a insistem em \u201crevincular\u201d essa menina ao pai, submetendo-a a tratamento cruel, inumano e degradante.<\/p>\n\n\n\n<div class=\"wp-block-image\"><figure class=\"alignright size-large\"><img decoding=\"async\" src=\"https:\/\/jornalfatosenoticias.com.br\/wp-content\/uploads\/2020\/02\/logo_esteio.jpg\" alt=\"\" class=\"wp-image-1214\"\/><\/figure><\/div>\n\n\n\n<p>A den\u00fancia criminal \u00e9 assinada pelo Juiz Carlos Rozanski, argentino, (AEVAS), Bettina Calvi, Dora Barrancos, Liliana Hendel, Diana Maff\u00eda, Telma Fardin, Enrique Stola (M\u00e9dico Psiquiatra), Nora Schulman (CASACIDN), Mar\u00eda M\u00fcller (Salud Activa), Sonia Vaccaro (Perita Internacional, Espa\u00f1a), Isabel Quadros (Col\u00f4mbia).<br>Se j\u00e1 se divulga que os pais n\u00e3o devem for\u00e7ar a Crian\u00e7a a dar abra\u00e7o e beijinho naquelas pessoas que ela se recusa, dentro da preven\u00e7\u00e3o e prote\u00e7\u00e3o dela, por que a justi\u00e7a insiste em for\u00e7ar a Crian\u00e7a a amar quem ela n\u00e3o quer? Algu\u00e9m da justi\u00e7a imagina que tamb\u00e9m aqui pode haver um motivo para a recusa?<br>At\u00e9 quando Crian\u00e7as v\u00e3o ser arrastadas aos prantos e gritos de terror para serem entregues para conviver com seus agressores? Perdemos o bom senso?<\/p>\n","protected":false},"excerpt":{"rendered":"<p>Imaginar que obrigar uma Crian\u00e7a a conviver com quem lhe maltrata far\u00e1 com que ela passe a amar essa pessoa \u00e9 uma insensatez completa A tortura institucional contra a Crian\u00e7a tem sido aplicada a c\u00e9u aberto. Logo que pensamos nesse ponto, nos lembramos das sess\u00f5es de tortura perpetradas por autoridades arbitr\u00e1rias e cru\u00e9is para obten\u00e7\u00e3o [&hellip;]<\/p>\n","protected":false},"author":8,"featured_media":30793,"comment_status":"open","ping_status":"open","sticky":false,"template":"","format":"standard","meta":{"footnotes":""},"categories":[2522],"tags":[14632,14631,14630,14633,1368],"class_list":["post-30789","post","type-post","status-publish","format-standard","has-post-thumbnail","hentry","category-comportamento","tag-comportamento-de-apego","tag-maus-tratos-infantis","tag-tortura-infantil","tag-tortura-institucional","tag-vulnerabilidade"],"yoast_head":"<!-- This site is optimized with the Yoast SEO plugin v26.5 - https:\/\/yoast.com\/wordpress\/plugins\/seo\/ -->\n<title>Torturar uma Crian\u00e7a, a vulnerabilidade e a toler\u00e2ncia \u2014 Parte V - Jornal Fatos e Not\u00edcias<\/title>\n<meta name=\"robots\" content=\"index, follow, max-snippet:-1, max-image-preview:large, max-video-preview:-1\" \/>\n<link rel=\"canonical\" href=\"https:\/\/jornalfatosenoticias.com.br\/index.php\/2022\/05\/26\/torturar-uma-crianca-a-vulnerabilidade-e-a-tolerancia-parte-v\/\" \/>\n<meta property=\"og:locale\" content=\"pt_BR\" \/>\n<meta property=\"og:type\" content=\"article\" \/>\n<meta property=\"og:title\" content=\"Torturar uma Crian\u00e7a, a vulnerabilidade e a toler\u00e2ncia \u2014 Parte V - Jornal Fatos e Not\u00edcias\" \/>\n<meta property=\"og:description\" content=\"Imaginar que obrigar uma Crian\u00e7a a conviver com quem lhe maltrata far\u00e1 com que ela passe a amar essa pessoa \u00e9 uma insensatez completa A tortura institucional contra a Crian\u00e7a tem sido aplicada a c\u00e9u aberto. Logo que pensamos nesse ponto, nos lembramos das sess\u00f5es de tortura perpetradas por autoridades arbitr\u00e1rias e cru\u00e9is para obten\u00e7\u00e3o [&hellip;]\" \/>\n<meta property=\"og:url\" content=\"https:\/\/jornalfatosenoticias.com.br\/index.php\/2022\/05\/26\/torturar-uma-crianca-a-vulnerabilidade-e-a-tolerancia-parte-v\/\" \/>\n<meta property=\"og:site_name\" content=\"Jornal Fatos e Not\u00edcias\" \/>\n<meta property=\"article:published_time\" content=\"2022-05-26T16:46:44+00:00\" \/>\n<meta property=\"article:modified_time\" content=\"2022-05-26T16:46:49+00:00\" \/>\n<meta property=\"og:image\" content=\"https:\/\/jornalfatosenoticias.com.br\/wp-content\/uploads\/2022\/05\/violencia_crianca.jpg\" \/>\n\t<meta property=\"og:image:width\" content=\"1000\" \/>\n\t<meta property=\"og:image:height\" content=\"666\" \/>\n\t<meta property=\"og:image:type\" content=\"image\/jpeg\" \/>\n<meta name=\"author\" content=\"Ana Maria Iencarelli\" \/>\n<meta name=\"twitter:card\" content=\"summary_large_image\" \/>\n<meta name=\"twitter:label1\" content=\"Escrito por\" \/>\n\t<meta name=\"twitter:data1\" content=\"Ana Maria Iencarelli\" \/>\n\t<meta name=\"twitter:label2\" content=\"Est. tempo de leitura\" \/>\n\t<meta name=\"twitter:data2\" content=\"5 minutos\" \/>\n<script type=\"application\/ld+json\" class=\"yoast-schema-graph\">{\"@context\":\"https:\/\/schema.org\",\"@graph\":[{\"@type\":\"Article\",\"@id\":\"https:\/\/jornalfatosenoticias.com.br\/index.php\/2022\/05\/26\/torturar-uma-crianca-a-vulnerabilidade-e-a-tolerancia-parte-v\/#article\",\"isPartOf\":{\"@id\":\"https:\/\/jornalfatosenoticias.com.br\/index.php\/2022\/05\/26\/torturar-uma-crianca-a-vulnerabilidade-e-a-tolerancia-parte-v\/\"},\"author\":{\"name\":\"Ana Maria Iencarelli\",\"@id\":\"https:\/\/jornalfatosenoticias.com.br\/#\/schema\/person\/c33fcf5fb02d729d3fec92c6737a22d1\"},\"headline\":\"Torturar uma Crian\u00e7a, a vulnerabilidade e a toler\u00e2ncia \u2014 Parte V\",\"datePublished\":\"2022-05-26T16:46:44+00:00\",\"dateModified\":\"2022-05-26T16:46:49+00:00\",\"mainEntityOfPage\":{\"@id\":\"https:\/\/jornalfatosenoticias.com.br\/index.php\/2022\/05\/26\/torturar-uma-crianca-a-vulnerabilidade-e-a-tolerancia-parte-v\/\"},\"wordCount\":1002,\"commentCount\":0,\"publisher\":{\"@id\":\"https:\/\/jornalfatosenoticias.com.br\/#organization\"},\"image\":{\"@id\":\"https:\/\/jornalfatosenoticias.com.br\/index.php\/2022\/05\/26\/torturar-uma-crianca-a-vulnerabilidade-e-a-tolerancia-parte-v\/#primaryimage\"},\"thumbnailUrl\":\"https:\/\/jornalfatosenoticias.com.br\/wp-content\/uploads\/2022\/05\/violencia_crianca.jpg\",\"keywords\":[\"comportamento de apego\",\"maus-tratos infantis\",\"tortura infantil\",\"tortura institucional\",\"vulnerabilidade\"],\"articleSection\":[\"Comportamento &amp; Equil\u00edbrio\"],\"inLanguage\":\"pt-BR\",\"potentialAction\":[{\"@type\":\"CommentAction\",\"name\":\"Comment\",\"target\":[\"https:\/\/jornalfatosenoticias.com.br\/index.php\/2022\/05\/26\/torturar-uma-crianca-a-vulnerabilidade-e-a-tolerancia-parte-v\/#respond\"]}]},{\"@type\":\"WebPage\",\"@id\":\"https:\/\/jornalfatosenoticias.com.br\/index.php\/2022\/05\/26\/torturar-uma-crianca-a-vulnerabilidade-e-a-tolerancia-parte-v\/\",\"url\":\"https:\/\/jornalfatosenoticias.com.br\/index.php\/2022\/05\/26\/torturar-uma-crianca-a-vulnerabilidade-e-a-tolerancia-parte-v\/\",\"name\":\"Torturar uma Crian\u00e7a, a vulnerabilidade e a toler\u00e2ncia \u2014 Parte V - Jornal Fatos e Not\u00edcias\",\"isPartOf\":{\"@id\":\"https:\/\/jornalfatosenoticias.com.br\/#website\"},\"primaryImageOfPage\":{\"@id\":\"https:\/\/jornalfatosenoticias.com.br\/index.php\/2022\/05\/26\/torturar-uma-crianca-a-vulnerabilidade-e-a-tolerancia-parte-v\/#primaryimage\"},\"image\":{\"@id\":\"https:\/\/jornalfatosenoticias.com.br\/index.php\/2022\/05\/26\/torturar-uma-crianca-a-vulnerabilidade-e-a-tolerancia-parte-v\/#primaryimage\"},\"thumbnailUrl\":\"https:\/\/jornalfatosenoticias.com.br\/wp-content\/uploads\/2022\/05\/violencia_crianca.jpg\",\"datePublished\":\"2022-05-26T16:46:44+00:00\",\"dateModified\":\"2022-05-26T16:46:49+00:00\",\"breadcrumb\":{\"@id\":\"https:\/\/jornalfatosenoticias.com.br\/index.php\/2022\/05\/26\/torturar-uma-crianca-a-vulnerabilidade-e-a-tolerancia-parte-v\/#breadcrumb\"},\"inLanguage\":\"pt-BR\",\"potentialAction\":[{\"@type\":\"ReadAction\",\"target\":[\"https:\/\/jornalfatosenoticias.com.br\/index.php\/2022\/05\/26\/torturar-uma-crianca-a-vulnerabilidade-e-a-tolerancia-parte-v\/\"]}]},{\"@type\":\"ImageObject\",\"inLanguage\":\"pt-BR\",\"@id\":\"https:\/\/jornalfatosenoticias.com.br\/index.php\/2022\/05\/26\/torturar-uma-crianca-a-vulnerabilidade-e-a-tolerancia-parte-v\/#primaryimage\",\"url\":\"https:\/\/jornalfatosenoticias.com.br\/wp-content\/uploads\/2022\/05\/violencia_crianca.jpg\",\"contentUrl\":\"https:\/\/jornalfatosenoticias.com.br\/wp-content\/uploads\/2022\/05\/violencia_crianca.jpg\",\"width\":1000,\"height\":666},{\"@type\":\"BreadcrumbList\",\"@id\":\"https:\/\/jornalfatosenoticias.com.br\/index.php\/2022\/05\/26\/torturar-uma-crianca-a-vulnerabilidade-e-a-tolerancia-parte-v\/#breadcrumb\",\"itemListElement\":[{\"@type\":\"ListItem\",\"position\":1,\"name\":\"In\u00edcio\",\"item\":\"https:\/\/jornalfatosenoticias.com.br\/\"},{\"@type\":\"ListItem\",\"position\":2,\"name\":\"Torturar uma Crian\u00e7a, a vulnerabilidade e a toler\u00e2ncia \u2014 Parte V\"}]},{\"@type\":\"WebSite\",\"@id\":\"https:\/\/jornalfatosenoticias.com.br\/#website\",\"url\":\"https:\/\/jornalfatosenoticias.com.br\/\",\"name\":\"Jornal Fatos e Not\u00edcias\",\"description\":\"Not\u00edcias em geral\",\"publisher\":{\"@id\":\"https:\/\/jornalfatosenoticias.com.br\/#organization\"},\"potentialAction\":[{\"@type\":\"SearchAction\",\"target\":{\"@type\":\"EntryPoint\",\"urlTemplate\":\"https:\/\/jornalfatosenoticias.com.br\/?s={search_term_string}\"},\"query-input\":{\"@type\":\"PropertyValueSpecification\",\"valueRequired\":true,\"valueName\":\"search_term_string\"}}],\"inLanguage\":\"pt-BR\"},{\"@type\":\"Organization\",\"@id\":\"https:\/\/jornalfatosenoticias.com.br\/#organization\",\"name\":\"Jornal Fatos e Not\u00edcias\",\"url\":\"https:\/\/jornalfatosenoticias.com.br\/\",\"logo\":{\"@type\":\"ImageObject\",\"inLanguage\":\"pt-BR\",\"@id\":\"https:\/\/jornalfatosenoticias.com.br\/#\/schema\/logo\/image\/\",\"url\":\"https:\/\/jornalfatosenoticias.com.br\/wp-content\/uploads\/2020\/02\/logo120.png\",\"contentUrl\":\"https:\/\/jornalfatosenoticias.com.br\/wp-content\/uploads\/2020\/02\/logo120.png\",\"width\":1227,\"height\":120,\"caption\":\"Jornal Fatos e Not\u00edcias\"},\"image\":{\"@id\":\"https:\/\/jornalfatosenoticias.com.br\/#\/schema\/logo\/image\/\"}},{\"@type\":\"Person\",\"@id\":\"https:\/\/jornalfatosenoticias.com.br\/#\/schema\/person\/c33fcf5fb02d729d3fec92c6737a22d1\",\"name\":\"Ana Maria Iencarelli\",\"image\":{\"@type\":\"ImageObject\",\"inLanguage\":\"pt-BR\",\"@id\":\"https:\/\/jornalfatosenoticias.com.br\/#\/schema\/person\/image\/\",\"url\":\"https:\/\/jornalfatosenoticias.com.br\/wp-content\/uploads\/2020\/02\/Ana-Maria-Iencarelli-1-150x150.jpg\",\"contentUrl\":\"https:\/\/jornalfatosenoticias.com.br\/wp-content\/uploads\/2020\/02\/Ana-Maria-Iencarelli-1-150x150.jpg\",\"caption\":\"Ana Maria Iencarelli\"},\"description\":\"Psicanalista Cl\u00ednica, especializada no atendimento a Crian\u00e7as e Adolescentes. Presidente da ONG Vozes de Anjos.\",\"url\":\"https:\/\/jornalfatosenoticias.com.br\/index.php\/author\/anamaria\/\"}]}<\/script>\n<!-- \/ Yoast SEO plugin. -->","yoast_head_json":{"title":"Torturar uma Crian\u00e7a, a vulnerabilidade e a toler\u00e2ncia \u2014 Parte V - Jornal Fatos e Not\u00edcias","robots":{"index":"index","follow":"follow","max-snippet":"max-snippet:-1","max-image-preview":"max-image-preview:large","max-video-preview":"max-video-preview:-1"},"canonical":"https:\/\/jornalfatosenoticias.com.br\/index.php\/2022\/05\/26\/torturar-uma-crianca-a-vulnerabilidade-e-a-tolerancia-parte-v\/","og_locale":"pt_BR","og_type":"article","og_title":"Torturar uma Crian\u00e7a, a vulnerabilidade e a toler\u00e2ncia \u2014 Parte V - Jornal Fatos e Not\u00edcias","og_description":"Imaginar que obrigar uma Crian\u00e7a a conviver com quem lhe maltrata far\u00e1 com que ela passe a amar essa pessoa \u00e9 uma insensatez completa A tortura institucional contra a Crian\u00e7a tem sido aplicada a c\u00e9u aberto. Logo que pensamos nesse ponto, nos lembramos das sess\u00f5es de tortura perpetradas por autoridades arbitr\u00e1rias e cru\u00e9is para obten\u00e7\u00e3o [&hellip;]","og_url":"https:\/\/jornalfatosenoticias.com.br\/index.php\/2022\/05\/26\/torturar-uma-crianca-a-vulnerabilidade-e-a-tolerancia-parte-v\/","og_site_name":"Jornal Fatos e Not\u00edcias","article_published_time":"2022-05-26T16:46:44+00:00","article_modified_time":"2022-05-26T16:46:49+00:00","og_image":[{"width":1000,"height":666,"url":"https:\/\/jornalfatosenoticias.com.br\/wp-content\/uploads\/2022\/05\/violencia_crianca.jpg","type":"image\/jpeg"}],"author":"Ana Maria Iencarelli","twitter_card":"summary_large_image","twitter_misc":{"Escrito por":"Ana Maria Iencarelli","Est. tempo de leitura":"5 minutos"},"schema":{"@context":"https:\/\/schema.org","@graph":[{"@type":"Article","@id":"https:\/\/jornalfatosenoticias.com.br\/index.php\/2022\/05\/26\/torturar-uma-crianca-a-vulnerabilidade-e-a-tolerancia-parte-v\/#article","isPartOf":{"@id":"https:\/\/jornalfatosenoticias.com.br\/index.php\/2022\/05\/26\/torturar-uma-crianca-a-vulnerabilidade-e-a-tolerancia-parte-v\/"},"author":{"name":"Ana Maria Iencarelli","@id":"https:\/\/jornalfatosenoticias.com.br\/#\/schema\/person\/c33fcf5fb02d729d3fec92c6737a22d1"},"headline":"Torturar uma Crian\u00e7a, a vulnerabilidade e a toler\u00e2ncia \u2014 Parte V","datePublished":"2022-05-26T16:46:44+00:00","dateModified":"2022-05-26T16:46:49+00:00","mainEntityOfPage":{"@id":"https:\/\/jornalfatosenoticias.com.br\/index.php\/2022\/05\/26\/torturar-uma-crianca-a-vulnerabilidade-e-a-tolerancia-parte-v\/"},"wordCount":1002,"commentCount":0,"publisher":{"@id":"https:\/\/jornalfatosenoticias.com.br\/#organization"},"image":{"@id":"https:\/\/jornalfatosenoticias.com.br\/index.php\/2022\/05\/26\/torturar-uma-crianca-a-vulnerabilidade-e-a-tolerancia-parte-v\/#primaryimage"},"thumbnailUrl":"https:\/\/jornalfatosenoticias.com.br\/wp-content\/uploads\/2022\/05\/violencia_crianca.jpg","keywords":["comportamento de apego","maus-tratos infantis","tortura infantil","tortura institucional","vulnerabilidade"],"articleSection":["Comportamento &amp; Equil\u00edbrio"],"inLanguage":"pt-BR","potentialAction":[{"@type":"CommentAction","name":"Comment","target":["https:\/\/jornalfatosenoticias.com.br\/index.php\/2022\/05\/26\/torturar-uma-crianca-a-vulnerabilidade-e-a-tolerancia-parte-v\/#respond"]}]},{"@type":"WebPage","@id":"https:\/\/jornalfatosenoticias.com.br\/index.php\/2022\/05\/26\/torturar-uma-crianca-a-vulnerabilidade-e-a-tolerancia-parte-v\/","url":"https:\/\/jornalfatosenoticias.com.br\/index.php\/2022\/05\/26\/torturar-uma-crianca-a-vulnerabilidade-e-a-tolerancia-parte-v\/","name":"Torturar uma Crian\u00e7a, a vulnerabilidade e a toler\u00e2ncia \u2014 Parte V - Jornal Fatos e Not\u00edcias","isPartOf":{"@id":"https:\/\/jornalfatosenoticias.com.br\/#website"},"primaryImageOfPage":{"@id":"https:\/\/jornalfatosenoticias.com.br\/index.php\/2022\/05\/26\/torturar-uma-crianca-a-vulnerabilidade-e-a-tolerancia-parte-v\/#primaryimage"},"image":{"@id":"https:\/\/jornalfatosenoticias.com.br\/index.php\/2022\/05\/26\/torturar-uma-crianca-a-vulnerabilidade-e-a-tolerancia-parte-v\/#primaryimage"},"thumbnailUrl":"https:\/\/jornalfatosenoticias.com.br\/wp-content\/uploads\/2022\/05\/violencia_crianca.jpg","datePublished":"2022-05-26T16:46:44+00:00","dateModified":"2022-05-26T16:46:49+00:00","breadcrumb":{"@id":"https:\/\/jornalfatosenoticias.com.br\/index.php\/2022\/05\/26\/torturar-uma-crianca-a-vulnerabilidade-e-a-tolerancia-parte-v\/#breadcrumb"},"inLanguage":"pt-BR","potentialAction":[{"@type":"ReadAction","target":["https:\/\/jornalfatosenoticias.com.br\/index.php\/2022\/05\/26\/torturar-uma-crianca-a-vulnerabilidade-e-a-tolerancia-parte-v\/"]}]},{"@type":"ImageObject","inLanguage":"pt-BR","@id":"https:\/\/jornalfatosenoticias.com.br\/index.php\/2022\/05\/26\/torturar-uma-crianca-a-vulnerabilidade-e-a-tolerancia-parte-v\/#primaryimage","url":"https:\/\/jornalfatosenoticias.com.br\/wp-content\/uploads\/2022\/05\/violencia_crianca.jpg","contentUrl":"https:\/\/jornalfatosenoticias.com.br\/wp-content\/uploads\/2022\/05\/violencia_crianca.jpg","width":1000,"height":666},{"@type":"BreadcrumbList","@id":"https:\/\/jornalfatosenoticias.com.br\/index.php\/2022\/05\/26\/torturar-uma-crianca-a-vulnerabilidade-e-a-tolerancia-parte-v\/#breadcrumb","itemListElement":[{"@type":"ListItem","position":1,"name":"In\u00edcio","item":"https:\/\/jornalfatosenoticias.com.br\/"},{"@type":"ListItem","position":2,"name":"Torturar uma Crian\u00e7a, a vulnerabilidade e a toler\u00e2ncia \u2014 Parte V"}]},{"@type":"WebSite","@id":"https:\/\/jornalfatosenoticias.com.br\/#website","url":"https:\/\/jornalfatosenoticias.com.br\/","name":"Jornal Fatos e Not\u00edcias","description":"Not\u00edcias em geral","publisher":{"@id":"https:\/\/jornalfatosenoticias.com.br\/#organization"},"potentialAction":[{"@type":"SearchAction","target":{"@type":"EntryPoint","urlTemplate":"https:\/\/jornalfatosenoticias.com.br\/?s={search_term_string}"},"query-input":{"@type":"PropertyValueSpecification","valueRequired":true,"valueName":"search_term_string"}}],"inLanguage":"pt-BR"},{"@type":"Organization","@id":"https:\/\/jornalfatosenoticias.com.br\/#organization","name":"Jornal Fatos e Not\u00edcias","url":"https:\/\/jornalfatosenoticias.com.br\/","logo":{"@type":"ImageObject","inLanguage":"pt-BR","@id":"https:\/\/jornalfatosenoticias.com.br\/#\/schema\/logo\/image\/","url":"https:\/\/jornalfatosenoticias.com.br\/wp-content\/uploads\/2020\/02\/logo120.png","contentUrl":"https:\/\/jornalfatosenoticias.com.br\/wp-content\/uploads\/2020\/02\/logo120.png","width":1227,"height":120,"caption":"Jornal Fatos e Not\u00edcias"},"image":{"@id":"https:\/\/jornalfatosenoticias.com.br\/#\/schema\/logo\/image\/"}},{"@type":"Person","@id":"https:\/\/jornalfatosenoticias.com.br\/#\/schema\/person\/c33fcf5fb02d729d3fec92c6737a22d1","name":"Ana Maria Iencarelli","image":{"@type":"ImageObject","inLanguage":"pt-BR","@id":"https:\/\/jornalfatosenoticias.com.br\/#\/schema\/person\/image\/","url":"https:\/\/jornalfatosenoticias.com.br\/wp-content\/uploads\/2020\/02\/Ana-Maria-Iencarelli-1-150x150.jpg","contentUrl":"https:\/\/jornalfatosenoticias.com.br\/wp-content\/uploads\/2020\/02\/Ana-Maria-Iencarelli-1-150x150.jpg","caption":"Ana Maria Iencarelli"},"description":"Psicanalista Cl\u00ednica, especializada no atendimento a Crian\u00e7as e Adolescentes. Presidente da ONG Vozes de Anjos.","url":"https:\/\/jornalfatosenoticias.com.br\/index.php\/author\/anamaria\/"}]}},"cc_featured_image_caption":{"caption_text":"(Foto: Adriana Pimentel\/Arte: Fl\u00e1via P. Gurgel) ","source_text":"","source_url":""},"jetpack_featured_media_url":"https:\/\/jornalfatosenoticias.com.br\/wp-content\/uploads\/2022\/05\/violencia_crianca.jpg","_links":{"self":[{"href":"https:\/\/jornalfatosenoticias.com.br\/index.php\/wp-json\/wp\/v2\/posts\/30789","targetHints":{"allow":["GET"]}}],"collection":[{"href":"https:\/\/jornalfatosenoticias.com.br\/index.php\/wp-json\/wp\/v2\/posts"}],"about":[{"href":"https:\/\/jornalfatosenoticias.com.br\/index.php\/wp-json\/wp\/v2\/types\/post"}],"author":[{"embeddable":true,"href":"https:\/\/jornalfatosenoticias.com.br\/index.php\/wp-json\/wp\/v2\/users\/8"}],"replies":[{"embeddable":true,"href":"https:\/\/jornalfatosenoticias.com.br\/index.php\/wp-json\/wp\/v2\/comments?post=30789"}],"version-history":[{"count":0,"href":"https:\/\/jornalfatosenoticias.com.br\/index.php\/wp-json\/wp\/v2\/posts\/30789\/revisions"}],"wp:featuredmedia":[{"embeddable":true,"href":"https:\/\/jornalfatosenoticias.com.br\/index.php\/wp-json\/wp\/v2\/media\/30793"}],"wp:attachment":[{"href":"https:\/\/jornalfatosenoticias.com.br\/index.php\/wp-json\/wp\/v2\/media?parent=30789"}],"wp:term":[{"taxonomy":"category","embeddable":true,"href":"https:\/\/jornalfatosenoticias.com.br\/index.php\/wp-json\/wp\/v2\/categories?post=30789"},{"taxonomy":"post_tag","embeddable":true,"href":"https:\/\/jornalfatosenoticias.com.br\/index.php\/wp-json\/wp\/v2\/tags?post=30789"}],"curies":[{"name":"wp","href":"https:\/\/api.w.org\/{rel}","templated":true}]}}