{"id":30851,"date":"2022-05-27T12:31:33","date_gmt":"2022-05-27T15:31:33","guid":{"rendered":"https:\/\/jornalfatosenoticias.com.br\/?p=30851"},"modified":"2022-05-27T12:31:34","modified_gmt":"2022-05-27T15:31:34","slug":"empresa-de-produtos-siderurgicos-anuncia-investimento-no-espirito-santo","status":"publish","type":"post","link":"https:\/\/jornalfatosenoticias.com.br\/index.php\/2022\/05\/27\/empresa-de-produtos-siderurgicos-anuncia-investimento-no-espirito-santo\/","title":{"rendered":"Empresa de produtos sider\u00fargicos anuncia investimento no Esp\u00edrito Santo"},"content":{"rendered":"\n<div class=\"wp-block-image\"><figure class=\"aligncenter size-large is-resized\"><img loading=\"lazy\" decoding=\"async\" src=\"https:\/\/jornalfatosenoticias.com.br\/wp-content\/uploads\/2020\/02\/Logo-Mizu-segunda-2-1024x99.png\" alt=\"\" class=\"wp-image-2353\" width=\"373\" height=\"36\" srcset=\"https:\/\/jornalfatosenoticias.com.br\/wp-content\/uploads\/2020\/02\/Logo-Mizu-segunda-2-1024x99.png 1024w, https:\/\/jornalfatosenoticias.com.br\/wp-content\/uploads\/2020\/02\/Logo-Mizu-segunda-2-300x29.png 300w, https:\/\/jornalfatosenoticias.com.br\/wp-content\/uploads\/2020\/02\/Logo-Mizu-segunda-2-768x74.png 768w, https:\/\/jornalfatosenoticias.com.br\/wp-content\/uploads\/2020\/02\/Logo-Mizu-segunda-2.png 1240w\" sizes=\"auto, (max-width: 373px) 100vw, 373px\" \/><\/figure><\/div>\n\n\n\n<p>A f\u00e1brica da Perfilados Rio Doce (PRD) est\u00e1 construindo sua terceira unidade no bairro Jacuhy, no munic\u00edpio de Serra. A empresa faz parte do <strong><a href=\"https:\/\/www.rdgacosdobrasil.com.br\/\">Grupo RDG A\u00e7os do Brasil,<\/a><\/strong> especializada na produ\u00e7\u00e3o de solu\u00e7\u00f5es met\u00e1licas. Est\u00e3o sendo investidos mais de R$ 260 milh\u00f5es na implanta\u00e7\u00e3o da nova unidade industrial. A estimativa \u00e9 de gera\u00e7\u00e3o de 100 empregos na fase de constru\u00e7\u00e3o e de 240 empregos diretos na etapa de funcionamento.<br>A empresa aderiu ao Programa de Incentivo ao Investimento no Estado do Esp\u00edrito Santo (Invest-ES), o que permitiu a expans\u00e3o da planta industrial, al\u00e9m da gera\u00e7\u00e3o dos postos de trabalho no Estado.<\/p>\n\n\n\n<div class=\"wp-block-image\"><figure class=\"aligncenter size-large is-resized\"><img loading=\"lazy\" decoding=\"async\" src=\"https:\/\/jornalfatosenoticias.com.br\/wp-content\/uploads\/2022\/03\/logo-Suinco-1024x390.jpg\" alt=\"\" class=\"wp-image-28785\" width=\"281\" height=\"106\"\/><\/figure><\/div>\n\n\n\n<p>O <strong><a href=\"https:\/\/www.rdgacosdobrasil.com.br\/\">Grupo RGD A\u00e7os do Brasil<\/a><\/strong> atua no mercado nacional com uma linha de produtos para aplica\u00e7\u00e3o em v\u00e1rios segmentos industriais, como o automotivo e naval, al\u00e9m da constru\u00e7\u00e3o civil. No Estado, a matriz da PRD est\u00e1 situada em Linhares e a segunda unidade na Serra, onde s\u00e3o fabricados tubos, perfis, chapas e telhas. Essas f\u00e1bricas est\u00e3o estrategicamente instaladas em \u00e1rea que totaliza mais de 30 mil metros quadrados. A empresa conta com escrit\u00f3rios comerciais no Esp\u00edrito Santo, na Bahia, no Rio de Janeiro e em S\u00e3o Paulo.<br>Para o secret\u00e1rio de Estado de Inova\u00e7\u00e3o e Desenvolvimento, Ricardo Pessanha, o Estado tem dado uma importante demonstra\u00e7\u00e3o de competitividade por meio da pol\u00edtica de incentivo fiscal, que tem sido um est\u00edmulo para empresas de diversos segmentos.<\/p>\n\n\n\n<div class=\"wp-block-image\"><figure class=\"alignleft size-large is-resized\"><img loading=\"lazy\" decoding=\"async\" src=\"https:\/\/jornalfatosenoticias.com.br\/wp-content\/uploads\/2022\/02\/Precisao-Contabilidade-1024x724.jpg\" alt=\"\" class=\"wp-image-28088\" width=\"276\" height=\"195\"\/><\/figure><\/div>\n\n\n\n<p>\u201cO governo tem uma vis\u00e3o ampla da economia capixaba e do potencial de crescimento do Estado, que est\u00e1 em destaque no ambiente econ\u00f4mico nacional em fun\u00e7\u00e3o da competitividade, incentivos fiscais atraentes, seguran\u00e7a jur\u00eddica e institucional, qualidade da m\u00e3o de obra e localiza\u00e7\u00e3o estrat\u00e9gica. Todo trabalho desenvolvido pela Secretaria de Inova\u00e7\u00e3o e Desenvolvimento \u00e9 pautado no acompanhamento do mercado, do di\u00e1logo com as empresas que buscam solu\u00e7\u00f5es e que desejam conhecer as oportunidades para ampliar seus projetos. O resultado destas a\u00e7\u00f5es se reflete diretamente em oportunidades para os capixabas e na melhoria da qualidade de vida no Estado\u201d, salientou Pessanha.<br>O diretor-geral do Grupo RDG, Ronaldo Roque Campo, explicou que o grupo \u00e9 propriet\u00e1rio da PRD, sendo que a matriz em Linhares conta com uma unidade no Civit, no munic\u00edpio da Serra. A implanta\u00e7\u00e3o da nova unidade, no Contorno, tamb\u00e9m na Serra, permitir\u00e1 a amplia\u00e7\u00e3o do mix de produtos da empresa.<\/p>\n\n\n\n<div class=\"wp-block-image\"><figure class=\"aligncenter size-large is-resized\"><img loading=\"lazy\" decoding=\"async\" src=\"https:\/\/jornalfatosenoticias.com.br\/wp-content\/uploads\/2020\/02\/Serra-Grande-1024x160.png\" alt=\"\" class=\"wp-image-7836\" width=\"370\" height=\"57\"\/><\/figure><\/div>\n\n\n\n<blockquote class=\"wp-block-quote is-layout-flow wp-block-quote-is-layout-flow\"><p><span class=\"has-inline-color has-luminous-vivid-orange-color\">\u201cHoje, atendemos boa parte do Brasil. Com a nova f\u00e1brica, vamos ampliar nossa atua\u00e7\u00e3o no mercado de tubos de condu\u00e7\u00e3o, roscas e outros produtos. Esta ser\u00e1 a terceira f\u00e1brica da Perfilados Rio Doce e o investimento ser\u00e1 de R$ 260 milh\u00f5es. A \u00e1rea industrial ter\u00e1 54 mil metros quadrados em uma \u00e1rea de 150 mil metros quadrados. A localiza\u00e7\u00e3o estrat\u00e9gica do Esp\u00edrito Santo favorece a nossa log\u00edstica de distribui\u00e7\u00e3o de produtos\u201d, ressaltou Campo.<\/span><\/p><\/blockquote>\n\n\n\n<div class=\"wp-block-image\"><figure class=\"alignright size-large\"><img decoding=\"async\" src=\"https:\/\/jornalfatosenoticias.com.br\/wp-content\/uploads\/2020\/02\/logo_esteio.jpg\" alt=\"\" class=\"wp-image-1214\"\/><\/figure><\/div>\n\n\n\n<p>Ele acrescentou que a pol\u00edtica de incentivo fiscal adotada pelo Governo do Estado foi um motivador para viabilizar o projeto de expans\u00e3o da empresa e que tamb\u00e9m ter\u00e1 impacto na gera\u00e7\u00e3o de empregos no Estado. \u201cNosso objetivo \u00e9 crescer de forma sustent\u00e1vel e economicamente atrativa, sendo refer\u00eancia no mercado de produtos metal\u00fargicos pela compet\u00eancia dos profissionais e a satisfa\u00e7\u00e3o dos clientes\u201d, disse o diretor geral do <strong><a href=\"https:\/\/www.rdgacosdobrasil.com.br\/\">Grupo RDG<\/a><\/strong>, complementando ainda que existe a previs\u00e3o de uma segunda etapa de investimento da ordem de R$ 100 milh\u00f5es, que est\u00e1 em avalia\u00e7\u00e3o pelo grupo.<\/p>\n\n\n\n<div class=\"wp-block-image\"><figure class=\"aligncenter size-large is-resized\"><img loading=\"lazy\" decoding=\"async\" src=\"https:\/\/jornalfatosenoticias.com.br\/wp-content\/uploads\/2020\/02\/nova-logo-Marquetti.jpg\" alt=\"\" class=\"wp-image-22331\" width=\"187\" height=\"125\" srcset=\"https:\/\/jornalfatosenoticias.com.br\/wp-content\/uploads\/2020\/02\/nova-logo-Marquetti.jpg 643w, https:\/\/jornalfatosenoticias.com.br\/wp-content\/uploads\/2020\/02\/nova-logo-Marquetti-300x202.jpg 300w\" sizes=\"auto, (max-width: 187px) 100vw, 187px\" \/><\/figure><\/div>\n\n\n\n<p><strong><span class=\"has-inline-color has-black-color\">Grupo RGD<br><\/span><\/strong>O <strong><a href=\"https:\/\/www.rdgacosdobrasil.com.br\/\">Grupo RGD<\/a><\/strong> atua no mercado nacional, com uma linha de produtos para aplica\u00e7\u00e3o em v\u00e1rios segmentos industriais, como o automotivo e o naval, e tamb\u00e9m na constru\u00e7\u00e3o civil. No Estado, a matriz da PRD est\u00e1 situada em Linhares e, a segunda unidade, no munic\u00edpio de Serra, onde s\u00e3o fabricados tubos, perfis, chapas e telhas.<br>As f\u00e1bricas est\u00e3o estrategicamente instaladas em amplas sedes pr\u00f3prias, que totalizam mais de 30 mil metros quadrados de \u00e1rea. A empresa conta com escrit\u00f3rios comerciais no Esp\u00edrito Santo, Bahia, Rio de Janeiro e S\u00e3o Paulo.<\/p>\n\n\n\n<div class=\"wp-block-image\"><figure class=\"aligncenter size-large is-resized\"><img loading=\"lazy\" decoding=\"async\" src=\"https:\/\/jornalfatosenoticias.com.br\/wp-content\/uploads\/2020\/02\/banner_ferramentas-1024x100.jpg\" alt=\"\" class=\"wp-image-1258\" width=\"397\" height=\"38\" srcset=\"https:\/\/jornalfatosenoticias.com.br\/wp-content\/uploads\/2020\/02\/banner_ferramentas-1024x100.jpg 1024w, https:\/\/jornalfatosenoticias.com.br\/wp-content\/uploads\/2020\/02\/banner_ferramentas-300x29.jpg 300w, https:\/\/jornalfatosenoticias.com.br\/wp-content\/uploads\/2020\/02\/banner_ferramentas-768x75.jpg 768w, https:\/\/jornalfatosenoticias.com.br\/wp-content\/uploads\/2020\/02\/banner_ferramentas.jpg 1227w\" sizes=\"auto, (max-width: 397px) 100vw, 397px\" \/><\/figure><\/div>\n\n\n\n<p><em><strong>Fonte: <a href=\"https:\/\/www.es.gov.br\/Noticia\/empresa-de-produtos-siderurgicos-anuncia-investimento-no-espirito-santo\">Governo do ES<\/a><\/strong><\/em><\/p>\n","protected":false},"excerpt":{"rendered":"<p>A f\u00e1brica da Perfilados Rio Doce (PRD) est\u00e1 construindo sua terceira unidade no bairro Jacuhy, no munic\u00edpio de Serra. A empresa faz parte do Grupo RDG A\u00e7os do Brasil, especializada na produ\u00e7\u00e3o de solu\u00e7\u00f5es met\u00e1licas. Est\u00e3o sendo investidos mais de R$ 260 milh\u00f5es na implanta\u00e7\u00e3o da nova unidade industrial. A estimativa \u00e9 de gera\u00e7\u00e3o de [&hellip;]<\/p>\n","protected":false},"author":2,"featured_media":30852,"comment_status":"open","ping_status":"open","sticky":false,"template":"","format":"standard","meta":{"footnotes":""},"categories":[9],"tags":[10780,100,14656,946,14657,910],"class_list":["post-30851","post","type-post","status-publish","format-standard","has-post-thumbnail","hentry","category-economia","tag-aco","tag-espirito-santo","tag-grupo-rdg-acos-do-brasil","tag-investimentos","tag-produtos-siderurgicos","tag-serra"],"yoast_head":"<!-- This site is optimized with the Yoast SEO plugin v26.5 - https:\/\/yoast.com\/wordpress\/plugins\/seo\/ -->\n<title>Empresa de produtos sider\u00fargicos anuncia investimento no Esp\u00edrito Santo - Jornal Fatos e Not\u00edcias<\/title>\n<meta name=\"robots\" content=\"index, follow, max-snippet:-1, max-image-preview:large, max-video-preview:-1\" \/>\n<link rel=\"canonical\" href=\"https:\/\/jornalfatosenoticias.com.br\/index.php\/2022\/05\/27\/empresa-de-produtos-siderurgicos-anuncia-investimento-no-espirito-santo\/\" \/>\n<meta property=\"og:locale\" content=\"pt_BR\" \/>\n<meta property=\"og:type\" content=\"article\" \/>\n<meta property=\"og:title\" content=\"Empresa de produtos sider\u00fargicos anuncia investimento no Esp\u00edrito Santo - Jornal Fatos e Not\u00edcias\" \/>\n<meta property=\"og:description\" content=\"A f\u00e1brica da Perfilados Rio Doce (PRD) est\u00e1 construindo sua terceira unidade no bairro Jacuhy, no munic\u00edpio de Serra. A empresa faz parte do Grupo RDG A\u00e7os do Brasil, especializada na produ\u00e7\u00e3o de solu\u00e7\u00f5es met\u00e1licas. Est\u00e3o sendo investidos mais de R$ 260 milh\u00f5es na implanta\u00e7\u00e3o da nova unidade industrial. A estimativa \u00e9 de gera\u00e7\u00e3o de [&hellip;]\" \/>\n<meta property=\"og:url\" content=\"https:\/\/jornalfatosenoticias.com.br\/index.php\/2022\/05\/27\/empresa-de-produtos-siderurgicos-anuncia-investimento-no-espirito-santo\/\" \/>\n<meta property=\"og:site_name\" content=\"Jornal Fatos e Not\u00edcias\" \/>\n<meta property=\"article:published_time\" content=\"2022-05-27T15:31:33+00:00\" \/>\n<meta property=\"article:modified_time\" content=\"2022-05-27T15:31:34+00:00\" \/>\n<meta property=\"og:image\" content=\"https:\/\/jornalfatosenoticias.com.br\/wp-content\/uploads\/2022\/05\/fabrica-ES.jpg\" \/>\n\t<meta property=\"og:image:width\" content=\"1000\" \/>\n\t<meta property=\"og:image:height\" content=\"614\" \/>\n\t<meta property=\"og:image:type\" content=\"image\/jpeg\" \/>\n<meta name=\"author\" content=\"Luzimara Fernandes\" \/>\n<meta name=\"twitter:card\" content=\"summary_large_image\" \/>\n<meta name=\"twitter:label1\" content=\"Escrito por\" \/>\n\t<meta name=\"twitter:data1\" content=\"Luzimara Fernandes\" \/>\n\t<meta name=\"twitter:label2\" content=\"Est. tempo de leitura\" \/>\n\t<meta name=\"twitter:data2\" content=\"4 minutos\" \/>\n<script type=\"application\/ld+json\" class=\"yoast-schema-graph\">{\"@context\":\"https:\/\/schema.org\",\"@graph\":[{\"@type\":\"Article\",\"@id\":\"https:\/\/jornalfatosenoticias.com.br\/index.php\/2022\/05\/27\/empresa-de-produtos-siderurgicos-anuncia-investimento-no-espirito-santo\/#article\",\"isPartOf\":{\"@id\":\"https:\/\/jornalfatosenoticias.com.br\/index.php\/2022\/05\/27\/empresa-de-produtos-siderurgicos-anuncia-investimento-no-espirito-santo\/\"},\"author\":{\"name\":\"Luzimara Fernandes\",\"@id\":\"https:\/\/jornalfatosenoticias.com.br\/#\/schema\/person\/d63837fa13ac8666eb9e74e0985d6f81\"},\"headline\":\"Empresa de produtos sider\u00fargicos anuncia investimento no Esp\u00edrito Santo\",\"datePublished\":\"2022-05-27T15:31:33+00:00\",\"dateModified\":\"2022-05-27T15:31:34+00:00\",\"mainEntityOfPage\":{\"@id\":\"https:\/\/jornalfatosenoticias.com.br\/index.php\/2022\/05\/27\/empresa-de-produtos-siderurgicos-anuncia-investimento-no-espirito-santo\/\"},\"wordCount\":718,\"commentCount\":0,\"publisher\":{\"@id\":\"https:\/\/jornalfatosenoticias.com.br\/#organization\"},\"image\":{\"@id\":\"https:\/\/jornalfatosenoticias.com.br\/index.php\/2022\/05\/27\/empresa-de-produtos-siderurgicos-anuncia-investimento-no-espirito-santo\/#primaryimage\"},\"thumbnailUrl\":\"https:\/\/jornalfatosenoticias.com.br\/wp-content\/uploads\/2022\/05\/fabrica-ES.jpg\",\"keywords\":[\"a\u00e7o\",\"Esp\u00edrito Santo\",\"Grupo RDG A\u00e7os do Brasil\",\"investimentos\",\"produtos sider\u00fargicos\",\"Serra\"],\"articleSection\":[\"Economia\"],\"inLanguage\":\"pt-BR\",\"potentialAction\":[{\"@type\":\"CommentAction\",\"name\":\"Comment\",\"target\":[\"https:\/\/jornalfatosenoticias.com.br\/index.php\/2022\/05\/27\/empresa-de-produtos-siderurgicos-anuncia-investimento-no-espirito-santo\/#respond\"]}]},{\"@type\":\"WebPage\",\"@id\":\"https:\/\/jornalfatosenoticias.com.br\/index.php\/2022\/05\/27\/empresa-de-produtos-siderurgicos-anuncia-investimento-no-espirito-santo\/\",\"url\":\"https:\/\/jornalfatosenoticias.com.br\/index.php\/2022\/05\/27\/empresa-de-produtos-siderurgicos-anuncia-investimento-no-espirito-santo\/\",\"name\":\"Empresa de produtos sider\u00fargicos anuncia investimento no Esp\u00edrito Santo - Jornal Fatos e Not\u00edcias\",\"isPartOf\":{\"@id\":\"https:\/\/jornalfatosenoticias.com.br\/#website\"},\"primaryImageOfPage\":{\"@id\":\"https:\/\/jornalfatosenoticias.com.br\/index.php\/2022\/05\/27\/empresa-de-produtos-siderurgicos-anuncia-investimento-no-espirito-santo\/#primaryimage\"},\"image\":{\"@id\":\"https:\/\/jornalfatosenoticias.com.br\/index.php\/2022\/05\/27\/empresa-de-produtos-siderurgicos-anuncia-investimento-no-espirito-santo\/#primaryimage\"},\"thumbnailUrl\":\"https:\/\/jornalfatosenoticias.com.br\/wp-content\/uploads\/2022\/05\/fabrica-ES.jpg\",\"datePublished\":\"2022-05-27T15:31:33+00:00\",\"dateModified\":\"2022-05-27T15:31:34+00:00\",\"breadcrumb\":{\"@id\":\"https:\/\/jornalfatosenoticias.com.br\/index.php\/2022\/05\/27\/empresa-de-produtos-siderurgicos-anuncia-investimento-no-espirito-santo\/#breadcrumb\"},\"inLanguage\":\"pt-BR\",\"potentialAction\":[{\"@type\":\"ReadAction\",\"target\":[\"https:\/\/jornalfatosenoticias.com.br\/index.php\/2022\/05\/27\/empresa-de-produtos-siderurgicos-anuncia-investimento-no-espirito-santo\/\"]}]},{\"@type\":\"ImageObject\",\"inLanguage\":\"pt-BR\",\"@id\":\"https:\/\/jornalfatosenoticias.com.br\/index.php\/2022\/05\/27\/empresa-de-produtos-siderurgicos-anuncia-investimento-no-espirito-santo\/#primaryimage\",\"url\":\"https:\/\/jornalfatosenoticias.com.br\/wp-content\/uploads\/2022\/05\/fabrica-ES.jpg\",\"contentUrl\":\"https:\/\/jornalfatosenoticias.com.br\/wp-content\/uploads\/2022\/05\/fabrica-ES.jpg\",\"width\":1000,\"height\":614},{\"@type\":\"BreadcrumbList\",\"@id\":\"https:\/\/jornalfatosenoticias.com.br\/index.php\/2022\/05\/27\/empresa-de-produtos-siderurgicos-anuncia-investimento-no-espirito-santo\/#breadcrumb\",\"itemListElement\":[{\"@type\":\"ListItem\",\"position\":1,\"name\":\"In\u00edcio\",\"item\":\"https:\/\/jornalfatosenoticias.com.br\/\"},{\"@type\":\"ListItem\",\"position\":2,\"name\":\"Empresa de produtos sider\u00fargicos anuncia investimento no Esp\u00edrito Santo\"}]},{\"@type\":\"WebSite\",\"@id\":\"https:\/\/jornalfatosenoticias.com.br\/#website\",\"url\":\"https:\/\/jornalfatosenoticias.com.br\/\",\"name\":\"Jornal Fatos e Not\u00edcias\",\"description\":\"Not\u00edcias em geral\",\"publisher\":{\"@id\":\"https:\/\/jornalfatosenoticias.com.br\/#organization\"},\"potentialAction\":[{\"@type\":\"SearchAction\",\"target\":{\"@type\":\"EntryPoint\",\"urlTemplate\":\"https:\/\/jornalfatosenoticias.com.br\/?s={search_term_string}\"},\"query-input\":{\"@type\":\"PropertyValueSpecification\",\"valueRequired\":true,\"valueName\":\"search_term_string\"}}],\"inLanguage\":\"pt-BR\"},{\"@type\":\"Organization\",\"@id\":\"https:\/\/jornalfatosenoticias.com.br\/#organization\",\"name\":\"Jornal Fatos e Not\u00edcias\",\"url\":\"https:\/\/jornalfatosenoticias.com.br\/\",\"logo\":{\"@type\":\"ImageObject\",\"inLanguage\":\"pt-BR\",\"@id\":\"https:\/\/jornalfatosenoticias.com.br\/#\/schema\/logo\/image\/\",\"url\":\"https:\/\/jornalfatosenoticias.com.br\/wp-content\/uploads\/2020\/02\/logo120.png\",\"contentUrl\":\"https:\/\/jornalfatosenoticias.com.br\/wp-content\/uploads\/2020\/02\/logo120.png\",\"width\":1227,\"height\":120,\"caption\":\"Jornal Fatos e Not\u00edcias\"},\"image\":{\"@id\":\"https:\/\/jornalfatosenoticias.com.br\/#\/schema\/logo\/image\/\"}},{\"@type\":\"Person\",\"@id\":\"https:\/\/jornalfatosenoticias.com.br\/#\/schema\/person\/d63837fa13ac8666eb9e74e0985d6f81\",\"name\":\"Luzimara Fernandes\",\"image\":{\"@type\":\"ImageObject\",\"inLanguage\":\"pt-BR\",\"@id\":\"https:\/\/jornalfatosenoticias.com.br\/#\/schema\/person\/image\/\",\"url\":\"https:\/\/jornalfatosenoticias.com.br\/wp-content\/uploads\/2025\/05\/EU_portal.jpg\",\"contentUrl\":\"https:\/\/jornalfatosenoticias.com.br\/wp-content\/uploads\/2025\/05\/EU_portal.jpg\",\"caption\":\"Luzimara Fernandes\"},\"description\":\"Jornalista MTB 2358-ES\",\"sameAs\":[\"https:\/\/jornalfatosenoticias.com.br\"],\"url\":\"https:\/\/jornalfatosenoticias.com.br\/index.php\/author\/luzimara\/\"}]}<\/script>\n<!-- \/ Yoast SEO plugin. -->","yoast_head_json":{"title":"Empresa de produtos sider\u00fargicos anuncia investimento no Esp\u00edrito Santo - Jornal Fatos e Not\u00edcias","robots":{"index":"index","follow":"follow","max-snippet":"max-snippet:-1","max-image-preview":"max-image-preview:large","max-video-preview":"max-video-preview:-1"},"canonical":"https:\/\/jornalfatosenoticias.com.br\/index.php\/2022\/05\/27\/empresa-de-produtos-siderurgicos-anuncia-investimento-no-espirito-santo\/","og_locale":"pt_BR","og_type":"article","og_title":"Empresa de produtos sider\u00fargicos anuncia investimento no Esp\u00edrito Santo - Jornal Fatos e Not\u00edcias","og_description":"A f\u00e1brica da Perfilados Rio Doce (PRD) est\u00e1 construindo sua terceira unidade no bairro Jacuhy, no munic\u00edpio de Serra. A empresa faz parte do Grupo RDG A\u00e7os do Brasil, especializada na produ\u00e7\u00e3o de solu\u00e7\u00f5es met\u00e1licas. Est\u00e3o sendo investidos mais de R$ 260 milh\u00f5es na implanta\u00e7\u00e3o da nova unidade industrial. A estimativa \u00e9 de gera\u00e7\u00e3o de [&hellip;]","og_url":"https:\/\/jornalfatosenoticias.com.br\/index.php\/2022\/05\/27\/empresa-de-produtos-siderurgicos-anuncia-investimento-no-espirito-santo\/","og_site_name":"Jornal Fatos e Not\u00edcias","article_published_time":"2022-05-27T15:31:33+00:00","article_modified_time":"2022-05-27T15:31:34+00:00","og_image":[{"width":1000,"height":614,"url":"https:\/\/jornalfatosenoticias.com.br\/wp-content\/uploads\/2022\/05\/fabrica-ES.jpg","type":"image\/jpeg"}],"author":"Luzimara Fernandes","twitter_card":"summary_large_image","twitter_misc":{"Escrito por":"Luzimara Fernandes","Est. tempo de leitura":"4 minutos"},"schema":{"@context":"https:\/\/schema.org","@graph":[{"@type":"Article","@id":"https:\/\/jornalfatosenoticias.com.br\/index.php\/2022\/05\/27\/empresa-de-produtos-siderurgicos-anuncia-investimento-no-espirito-santo\/#article","isPartOf":{"@id":"https:\/\/jornalfatosenoticias.com.br\/index.php\/2022\/05\/27\/empresa-de-produtos-siderurgicos-anuncia-investimento-no-espirito-santo\/"},"author":{"name":"Luzimara Fernandes","@id":"https:\/\/jornalfatosenoticias.com.br\/#\/schema\/person\/d63837fa13ac8666eb9e74e0985d6f81"},"headline":"Empresa de produtos sider\u00fargicos anuncia investimento no Esp\u00edrito Santo","datePublished":"2022-05-27T15:31:33+00:00","dateModified":"2022-05-27T15:31:34+00:00","mainEntityOfPage":{"@id":"https:\/\/jornalfatosenoticias.com.br\/index.php\/2022\/05\/27\/empresa-de-produtos-siderurgicos-anuncia-investimento-no-espirito-santo\/"},"wordCount":718,"commentCount":0,"publisher":{"@id":"https:\/\/jornalfatosenoticias.com.br\/#organization"},"image":{"@id":"https:\/\/jornalfatosenoticias.com.br\/index.php\/2022\/05\/27\/empresa-de-produtos-siderurgicos-anuncia-investimento-no-espirito-santo\/#primaryimage"},"thumbnailUrl":"https:\/\/jornalfatosenoticias.com.br\/wp-content\/uploads\/2022\/05\/fabrica-ES.jpg","keywords":["a\u00e7o","Esp\u00edrito Santo","Grupo RDG A\u00e7os do Brasil","investimentos","produtos sider\u00fargicos","Serra"],"articleSection":["Economia"],"inLanguage":"pt-BR","potentialAction":[{"@type":"CommentAction","name":"Comment","target":["https:\/\/jornalfatosenoticias.com.br\/index.php\/2022\/05\/27\/empresa-de-produtos-siderurgicos-anuncia-investimento-no-espirito-santo\/#respond"]}]},{"@type":"WebPage","@id":"https:\/\/jornalfatosenoticias.com.br\/index.php\/2022\/05\/27\/empresa-de-produtos-siderurgicos-anuncia-investimento-no-espirito-santo\/","url":"https:\/\/jornalfatosenoticias.com.br\/index.php\/2022\/05\/27\/empresa-de-produtos-siderurgicos-anuncia-investimento-no-espirito-santo\/","name":"Empresa de produtos sider\u00fargicos anuncia investimento no Esp\u00edrito Santo - Jornal Fatos e Not\u00edcias","isPartOf":{"@id":"https:\/\/jornalfatosenoticias.com.br\/#website"},"primaryImageOfPage":{"@id":"https:\/\/jornalfatosenoticias.com.br\/index.php\/2022\/05\/27\/empresa-de-produtos-siderurgicos-anuncia-investimento-no-espirito-santo\/#primaryimage"},"image":{"@id":"https:\/\/jornalfatosenoticias.com.br\/index.php\/2022\/05\/27\/empresa-de-produtos-siderurgicos-anuncia-investimento-no-espirito-santo\/#primaryimage"},"thumbnailUrl":"https:\/\/jornalfatosenoticias.com.br\/wp-content\/uploads\/2022\/05\/fabrica-ES.jpg","datePublished":"2022-05-27T15:31:33+00:00","dateModified":"2022-05-27T15:31:34+00:00","breadcrumb":{"@id":"https:\/\/jornalfatosenoticias.com.br\/index.php\/2022\/05\/27\/empresa-de-produtos-siderurgicos-anuncia-investimento-no-espirito-santo\/#breadcrumb"},"inLanguage":"pt-BR","potentialAction":[{"@type":"ReadAction","target":["https:\/\/jornalfatosenoticias.com.br\/index.php\/2022\/05\/27\/empresa-de-produtos-siderurgicos-anuncia-investimento-no-espirito-santo\/"]}]},{"@type":"ImageObject","inLanguage":"pt-BR","@id":"https:\/\/jornalfatosenoticias.com.br\/index.php\/2022\/05\/27\/empresa-de-produtos-siderurgicos-anuncia-investimento-no-espirito-santo\/#primaryimage","url":"https:\/\/jornalfatosenoticias.com.br\/wp-content\/uploads\/2022\/05\/fabrica-ES.jpg","contentUrl":"https:\/\/jornalfatosenoticias.com.br\/wp-content\/uploads\/2022\/05\/fabrica-ES.jpg","width":1000,"height":614},{"@type":"BreadcrumbList","@id":"https:\/\/jornalfatosenoticias.com.br\/index.php\/2022\/05\/27\/empresa-de-produtos-siderurgicos-anuncia-investimento-no-espirito-santo\/#breadcrumb","itemListElement":[{"@type":"ListItem","position":1,"name":"In\u00edcio","item":"https:\/\/jornalfatosenoticias.com.br\/"},{"@type":"ListItem","position":2,"name":"Empresa de produtos sider\u00fargicos anuncia investimento no Esp\u00edrito Santo"}]},{"@type":"WebSite","@id":"https:\/\/jornalfatosenoticias.com.br\/#website","url":"https:\/\/jornalfatosenoticias.com.br\/","name":"Jornal Fatos e Not\u00edcias","description":"Not\u00edcias em geral","publisher":{"@id":"https:\/\/jornalfatosenoticias.com.br\/#organization"},"potentialAction":[{"@type":"SearchAction","target":{"@type":"EntryPoint","urlTemplate":"https:\/\/jornalfatosenoticias.com.br\/?s={search_term_string}"},"query-input":{"@type":"PropertyValueSpecification","valueRequired":true,"valueName":"search_term_string"}}],"inLanguage":"pt-BR"},{"@type":"Organization","@id":"https:\/\/jornalfatosenoticias.com.br\/#organization","name":"Jornal Fatos e Not\u00edcias","url":"https:\/\/jornalfatosenoticias.com.br\/","logo":{"@type":"ImageObject","inLanguage":"pt-BR","@id":"https:\/\/jornalfatosenoticias.com.br\/#\/schema\/logo\/image\/","url":"https:\/\/jornalfatosenoticias.com.br\/wp-content\/uploads\/2020\/02\/logo120.png","contentUrl":"https:\/\/jornalfatosenoticias.com.br\/wp-content\/uploads\/2020\/02\/logo120.png","width":1227,"height":120,"caption":"Jornal Fatos e Not\u00edcias"},"image":{"@id":"https:\/\/jornalfatosenoticias.com.br\/#\/schema\/logo\/image\/"}},{"@type":"Person","@id":"https:\/\/jornalfatosenoticias.com.br\/#\/schema\/person\/d63837fa13ac8666eb9e74e0985d6f81","name":"Luzimara Fernandes","image":{"@type":"ImageObject","inLanguage":"pt-BR","@id":"https:\/\/jornalfatosenoticias.com.br\/#\/schema\/person\/image\/","url":"https:\/\/jornalfatosenoticias.com.br\/wp-content\/uploads\/2025\/05\/EU_portal.jpg","contentUrl":"https:\/\/jornalfatosenoticias.com.br\/wp-content\/uploads\/2025\/05\/EU_portal.jpg","caption":"Luzimara Fernandes"},"description":"Jornalista MTB 2358-ES","sameAs":["https:\/\/jornalfatosenoticias.com.br"],"url":"https:\/\/jornalfatosenoticias.com.br\/index.php\/author\/luzimara\/"}]}},"cc_featured_image_caption":{"caption_text":"(Foto: H\u00e9lio Filho\/Secom)","source_text":"","source_url":""},"jetpack_featured_media_url":"https:\/\/jornalfatosenoticias.com.br\/wp-content\/uploads\/2022\/05\/fabrica-ES.jpg","_links":{"self":[{"href":"https:\/\/jornalfatosenoticias.com.br\/index.php\/wp-json\/wp\/v2\/posts\/30851","targetHints":{"allow":["GET"]}}],"collection":[{"href":"https:\/\/jornalfatosenoticias.com.br\/index.php\/wp-json\/wp\/v2\/posts"}],"about":[{"href":"https:\/\/jornalfatosenoticias.com.br\/index.php\/wp-json\/wp\/v2\/types\/post"}],"author":[{"embeddable":true,"href":"https:\/\/jornalfatosenoticias.com.br\/index.php\/wp-json\/wp\/v2\/users\/2"}],"replies":[{"embeddable":true,"href":"https:\/\/jornalfatosenoticias.com.br\/index.php\/wp-json\/wp\/v2\/comments?post=30851"}],"version-history":[{"count":0,"href":"https:\/\/jornalfatosenoticias.com.br\/index.php\/wp-json\/wp\/v2\/posts\/30851\/revisions"}],"wp:featuredmedia":[{"embeddable":true,"href":"https:\/\/jornalfatosenoticias.com.br\/index.php\/wp-json\/wp\/v2\/media\/30852"}],"wp:attachment":[{"href":"https:\/\/jornalfatosenoticias.com.br\/index.php\/wp-json\/wp\/v2\/media?parent=30851"}],"wp:term":[{"taxonomy":"category","embeddable":true,"href":"https:\/\/jornalfatosenoticias.com.br\/index.php\/wp-json\/wp\/v2\/categories?post=30851"},{"taxonomy":"post_tag","embeddable":true,"href":"https:\/\/jornalfatosenoticias.com.br\/index.php\/wp-json\/wp\/v2\/tags?post=30851"}],"curies":[{"name":"wp","href":"https:\/\/api.w.org\/{rel}","templated":true}]}}