{"id":30874,"date":"2022-05-27T15:00:13","date_gmt":"2022-05-27T18:00:13","guid":{"rendered":"https:\/\/jornalfatosenoticias.com.br\/?p=30874"},"modified":"2022-05-27T15:00:19","modified_gmt":"2022-05-27T18:00:19","slug":"grazing-o-habito-de-beliscar-comida","status":"publish","type":"post","link":"https:\/\/jornalfatosenoticias.com.br\/index.php\/2022\/05\/27\/grazing-o-habito-de-beliscar-comida\/","title":{"rendered":"\u201cGrazing\u201d: o h\u00e1bito de beliscar comida"},"content":{"rendered":"\n<p><em><span class=\"has-inline-color has-black-color\">Identificar esse comportamento pode ajudar a prevenir transtornos associados a problemas psicol\u00f3gicos e alimentares<\/span><\/em><\/p>\n\n\n\n<div class=\"wp-block-image\"><figure class=\"aligncenter size-large is-resized\"><img loading=\"lazy\" decoding=\"async\" src=\"https:\/\/jornalfatosenoticias.com.br\/wp-content\/uploads\/2020\/02\/Serra-Grande-1024x160.png\" alt=\"\" class=\"wp-image-7836\" width=\"376\" height=\"58\"\/><\/figure><\/div>\n\n\n\n<p>A pr\u00e1tica de beliscar comida de modo cont\u00ednuo, ao longo do dia, mesmo sem fome, \u00e9 conhecido como grazing. Identificar esse comportamento pode ajudar a prevenir transtornos associados a problemas psicol\u00f3gicos e alimentares. Essa \u00e9 a conclus\u00e3o do estudo de doutorado \u201cComportamentos alimentares nos contextos comunit\u00e1rio e de sobrepeso e obesidade: compreens\u00e3o e avalia\u00e7\u00e3o do Grazing\u201d, defendido na Faculdade de Filosofia, Ci\u00eancias e Letras de Ribeir\u00e3o Preto (FFCLRP) da USP pela psic\u00f3loga Mar\u00edlia Consolini Teodoro, sob orienta\u00e7\u00e3o da professora Carmem Beatriz Neufeld.<br>A pesquisa mostra a import\u00e2ncia do trabalho preventivo de regula\u00e7\u00e3o emocional para prevenir a manifesta\u00e7\u00e3o desse tipo de comportamento, que est\u00e1 associado a problemas psicol\u00f3gicos e alimentares.<br>Mar\u00edlia explica que o grazing, tema pouco estudado no Brasil, \u00e9 o nome dado a comer quantidades pequenas ou modestas de alimentos de maneira repetitiva e n\u00e3o planejada, sem ser em resposta \u00e0 sensa\u00e7\u00e3o de fome ou saciedade, com algum n\u00edvel de sensa\u00e7\u00e3o de perda de controle.<\/p>\n\n\n\n<div class=\"wp-block-image\"><figure class=\"alignleft size-large\"><img decoding=\"async\" src=\"https:\/\/jornalfatosenoticias.com.br\/wp-content\/uploads\/2020\/02\/logo_esteio.jpg\" alt=\"\" class=\"wp-image-1214\"\/><\/figure><\/div>\n\n\n\n<p>Segundo a professora Carmem, \u201cem um primeiro momento, n\u00e3o \u00e9 necessariamente um comportamento problem\u00e1tico ou associado a uma psicopatologia\u201d. Mas explica que pode gerar desdobramentos associados a \u201cuma maior probabilidade de desenvolvimento de uma psicopatologia, de uma patologia do comportamento alimentar\u201d.<br>Por isso, a identifica\u00e7\u00e3o desse comportamento, aponta a pesquisadora, poder\u00e1 proporcionar \u201cnovas investiga\u00e7\u00f5es para interven\u00e7\u00f5es mais direcionadas, principalmente na \u00e1rea dos problemas alimentares\u201d. Assim como abordagens multifatoriais para tratar essas condi\u00e7\u00f5es, que, \u201cmuitas vezes, n\u00e3o s\u00e3o consideradas um transtorno mental, mas est\u00e3o extremamente relacionadas com condi\u00e7\u00f5es psicol\u00f3gicas\u201d, para que os pacientes sejam cuidados de forma integrativa e os resultados sejam mais efetivos.<br>O estudo colocou como hip\u00f3tese o entendimento de que o grazing funciona como um mecanismo de <strong>regula\u00e7\u00e3o emocional <\/strong>para o al\u00edvio de ansiedade, por exemplo. Outros estudos j\u00e1 associaram o comportamento, principalmente, com a obesidade, a dificuldade de perder peso e outros tipos de transtornos alimentares e sintomas depressivos e ansiosos.<\/p>\n\n\n\n<div class=\"wp-block-image\"><figure class=\"aligncenter size-large is-resized\"><img loading=\"lazy\" decoding=\"async\" src=\"https:\/\/jornalfatosenoticias.com.br\/wp-content\/uploads\/2020\/02\/nova-logo-Marquetti.jpg\" alt=\"\" class=\"wp-image-22331\" width=\"273\" height=\"183\" srcset=\"https:\/\/jornalfatosenoticias.com.br\/wp-content\/uploads\/2020\/02\/nova-logo-Marquetti.jpg 643w, https:\/\/jornalfatosenoticias.com.br\/wp-content\/uploads\/2020\/02\/nova-logo-Marquetti-300x202.jpg 300w\" sizes=\"auto, (max-width: 273px) 100vw, 273px\" \/><\/figure><\/div>\n\n\n\n<blockquote class=\"wp-block-quote is-layout-flow wp-block-quote-is-layout-flow\"><p><span class=\"has-inline-color has-luminous-vivid-orange-color\">\u201cO peso est\u00e1 extremamente relacionado com condi\u00e7\u00f5es psicol\u00f3gicas, assim como condi\u00e7\u00f5es comportamentais, como \u00e9 o caso desse comportamento em espec\u00edfico\u201d, afirma Mar\u00edlia.<\/span><\/p><\/blockquote>\n\n\n\n<figure class=\"wp-block-image size-large\"><img loading=\"lazy\" decoding=\"async\" width=\"1000\" height=\"754\" src=\"https:\/\/jornalfatosenoticias.com.br\/wp-content\/uploads\/2022\/05\/grazing-habito-de-beliscar-a-comida.jpg\" alt=\"\" class=\"wp-image-30875\" srcset=\"https:\/\/jornalfatosenoticias.com.br\/wp-content\/uploads\/2022\/05\/grazing-habito-de-beliscar-a-comida.jpg 1000w, https:\/\/jornalfatosenoticias.com.br\/wp-content\/uploads\/2022\/05\/grazing-habito-de-beliscar-a-comida-300x226.jpg 300w, https:\/\/jornalfatosenoticias.com.br\/wp-content\/uploads\/2022\/05\/grazing-habito-de-beliscar-a-comida-768x579.jpg 768w\" sizes=\"auto, (max-width: 1000px) 100vw, 1000px\" \/><figcaption><em><span class=\"has-inline-color has-black-color\">(Foto: The Organic Crave Company)<\/span><\/em><\/figcaption><\/figure>\n\n\n\n<div class=\"wp-block-image\"><figure class=\"alignright size-large is-resized\"><img loading=\"lazy\" decoding=\"async\" src=\"https:\/\/jornalfatosenoticias.com.br\/wp-content\/uploads\/2022\/02\/Precisao-Contabilidade-1024x724.jpg\" alt=\"\" class=\"wp-image-28088\" width=\"296\" height=\"209\"\/><\/figure><\/div>\n\n\n\n<p>A pesquisadora investigou e avaliou a manifesta\u00e7\u00e3o desse comportamento na popula\u00e7\u00e3o brasileira, com uma amostra comunit\u00e1ria de 542 pessoas, em que a maioria estava em n\u00edvel de peso considerado normal, e uma amostra cl\u00ednica de 281 pessoas, com participantes que apresentavam algum n\u00edvel de obesidade. Mar\u00edlia conta que as amostras foram comparadas para \u201centender tamb\u00e9m se havia alguma diferen\u00e7a na manifesta\u00e7\u00e3o desse comportamento\u201d. Na amostra cl\u00ednica, o grazing foi mais prejudicial, mas tamb\u00e9m se manifestou de forma significativa na amostra comunit\u00e1ria, o que indica \u201ca relev\u00e2ncia desse comportamento no Brasil\u201d.<br>As pesquisadoras dividiram a manifesta\u00e7\u00e3o desse comportamento em dois grupos: o grazing repetitivo, que ocorre de forma cont\u00ednua, por\u00e9m mais leve, menos prejudicial e menos associado \u00e0 perda de controle; e o grazing compulsivo, mais associado \u00e0 perda de controle e a sintomas psicol\u00f3gicos.<br>Outro resultado que chamou a aten\u00e7\u00e3o das pesquisadoras foi que o estresse apresentou uma varia\u00e7\u00e3o do grazing compulsivo, mais associado \u00e0 perda de controle.<\/p>\n\n\n\n<div class=\"wp-block-image\"><figure class=\"aligncenter size-large is-resized\"><img loading=\"lazy\" decoding=\"async\" src=\"https:\/\/jornalfatosenoticias.com.br\/wp-content\/uploads\/2022\/03\/logo-Suinco-1024x390.jpg\" alt=\"\" class=\"wp-image-28785\" width=\"285\" height=\"108\"\/><\/figure><\/div>\n\n\n\n<blockquote class=\"wp-block-quote is-layout-flow wp-block-quote-is-layout-flow\"><p><span class=\"has-inline-color has-luminous-vivid-orange-color\">\u201cEnt\u00e3o a gente entende que o estresse parece ser uma vari\u00e1vel que colabora, que est\u00e1 relacionada com a manifesta\u00e7\u00e3o desse comportamento\u201d.<\/span><\/p><\/blockquote>\n\n\n\n<div class=\"wp-block-image\"><figure class=\"alignleft size-large is-resized\"><img loading=\"lazy\" decoding=\"async\" src=\"https:\/\/jornalfatosenoticias.com.br\/wp-content\/uploads\/2022\/02\/Serra-Pack-459.png\" alt=\"\" class=\"wp-image-27471\" width=\"240\" height=\"96\"\/><\/figure><\/div>\n\n\n\n<p><strong><span class=\"has-inline-color has-black-color\">Adapta\u00e7\u00e3o e valida\u00e7\u00e3o de question\u00e1rio<br><\/span><\/strong>Para a pesquisa foi utilizado o Repeat Questionary (Rep(eat)-Q), ferramenta que investiga a rela\u00e7\u00e3o do grazing com o \u00cdndice de Massa Corporal (IMC) e a psicopatologia. O IMC \u00e9 um \u00edndice usado mundialmente para saber se uma pessoa est\u00e1 em seu peso ideal, dividindo o peso pela sua altura ao quadrado. O question\u00e1rio foi adaptado e validado pelas pesquisadoras para a popula\u00e7\u00e3o brasileira, mediante etapas de avalia\u00e7\u00e3o e estudo piloto, at\u00e9 chegar \u00e0 vers\u00e3o final adaptada como Question\u00e1rio de Belisco Cont\u00ednuo. Foi aplicado tamb\u00e9m um question\u00e1rio sociodemogr\u00e1fico e um question\u00e1rio de avalia\u00e7\u00e3o de sintomas ansiosos, depressivos e de estresse.<\/p>\n\n\n\n<div class=\"wp-block-image\"><figure class=\"aligncenter size-large is-resized\"><img loading=\"lazy\" decoding=\"async\" src=\"https:\/\/jornalfatosenoticias.com.br\/wp-content\/uploads\/2020\/02\/Logo_Mizu.png\" alt=\"\" class=\"wp-image-1441\" width=\"411\" height=\"50\" srcset=\"https:\/\/jornalfatosenoticias.com.br\/wp-content\/uploads\/2020\/02\/Logo_Mizu.png 729w, https:\/\/jornalfatosenoticias.com.br\/wp-content\/uploads\/2020\/02\/Logo_Mizu-300x37.png 300w\" sizes=\"auto, (max-width: 411px) 100vw, 411px\" \/><\/figure><\/div>\n\n\n\n<p>Ao todo, a pesquisa contou com quatro etapas. Na primeira, as pesquisadoras tra\u00e7aram um panorama sobre a avalia\u00e7\u00e3o psicol\u00f3gica de transtornos alimentares e problemas alimentares associados, apresentando o conceito de grazing e os instrumentos dispon\u00edveis para a avalia\u00e7\u00e3o. A segunda foi uma revis\u00e3o da literatura sobre o tema e as defini\u00e7\u00f5es usadas, popula\u00e7\u00e3o estudada, preval\u00eancia e associa\u00e7\u00f5es j\u00e1 encontradas sobre o comportamento, al\u00e9m das lacunas que ainda existem sobre a quest\u00e3o. J\u00e1 a terceira foi a adapta\u00e7\u00e3o e valida\u00e7\u00e3o do question\u00e1rio para a popula\u00e7\u00e3o brasileira e, para finalizar, a aplica\u00e7\u00e3o nas amostras comunit\u00e1ria e cl\u00ednica, al\u00e9m de an\u00e1lises de compara\u00e7\u00e3o entre elas.<\/p>\n\n\n\n<p><strong><em>Fonte: <a href=\"https:\/\/ciclovivo.com.br\/vida-sustentavel\/alimentacao\/grazing-o-habito-de-beliscar-comida\/\">CicloVivo<\/a><\/em><\/strong><\/p>\n","protected":false},"excerpt":{"rendered":"<p>Identificar esse comportamento pode ajudar a prevenir transtornos associados a problemas psicol\u00f3gicos e alimentares A pr\u00e1tica de beliscar comida de modo cont\u00ednuo, ao longo do dia, mesmo sem fome, \u00e9 conhecido como grazing. Identificar esse comportamento pode ajudar a prevenir transtornos associados a problemas psicol\u00f3gicos e alimentares. Essa \u00e9 a conclus\u00e3o do estudo de doutorado [&hellip;]<\/p>\n","protected":false},"author":2,"featured_media":30876,"comment_status":"open","ping_status":"open","sticky":false,"template":"","format":"standard","meta":{"footnotes":""},"categories":[2522],"tags":[1400,14665,1203,14666,14667,14668,5247],"class_list":["post-30874","post","type-post","status-publish","format-standard","has-post-thumbnail","hentry","category-comportamento","tag-comportamento","tag-comportamento-alimentar","tag-fome","tag-psicopatologia","tag-regulacao-emocional","tag-saciedade","tag-transtorno"],"yoast_head":"<!-- This site is optimized with the Yoast SEO plugin v26.5 - https:\/\/yoast.com\/wordpress\/plugins\/seo\/ -->\n<title>\u201cGrazing\u201d: o h\u00e1bito de beliscar comida - Jornal Fatos e Not\u00edcias<\/title>\n<meta name=\"robots\" content=\"index, follow, max-snippet:-1, max-image-preview:large, max-video-preview:-1\" \/>\n<link rel=\"canonical\" href=\"https:\/\/jornalfatosenoticias.com.br\/index.php\/2022\/05\/27\/grazing-o-habito-de-beliscar-comida\/\" \/>\n<meta property=\"og:locale\" content=\"pt_BR\" \/>\n<meta property=\"og:type\" content=\"article\" \/>\n<meta property=\"og:title\" content=\"\u201cGrazing\u201d: o h\u00e1bito de beliscar comida - Jornal Fatos e Not\u00edcias\" \/>\n<meta property=\"og:description\" content=\"Identificar esse comportamento pode ajudar a prevenir transtornos associados a problemas psicol\u00f3gicos e alimentares A pr\u00e1tica de beliscar comida de modo cont\u00ednuo, ao longo do dia, mesmo sem fome, \u00e9 conhecido como grazing. Identificar esse comportamento pode ajudar a prevenir transtornos associados a problemas psicol\u00f3gicos e alimentares. Essa \u00e9 a conclus\u00e3o do estudo de doutorado [&hellip;]\" \/>\n<meta property=\"og:url\" content=\"https:\/\/jornalfatosenoticias.com.br\/index.php\/2022\/05\/27\/grazing-o-habito-de-beliscar-comida\/\" \/>\n<meta property=\"og:site_name\" content=\"Jornal Fatos e Not\u00edcias\" \/>\n<meta property=\"article:published_time\" content=\"2022-05-27T18:00:13+00:00\" \/>\n<meta property=\"article:modified_time\" content=\"2022-05-27T18:00:19+00:00\" \/>\n<meta property=\"og:image\" content=\"https:\/\/jornalfatosenoticias.com.br\/wp-content\/uploads\/2022\/05\/grazing-habito-de-beliscar-a-comida1.jpg\" \/>\n\t<meta property=\"og:image:width\" content=\"1000\" \/>\n\t<meta property=\"og:image:height\" content=\"525\" \/>\n\t<meta property=\"og:image:type\" content=\"image\/jpeg\" \/>\n<meta name=\"author\" content=\"Luzimara Fernandes\" \/>\n<meta name=\"twitter:card\" content=\"summary_large_image\" \/>\n<meta name=\"twitter:label1\" content=\"Escrito por\" \/>\n\t<meta name=\"twitter:data1\" content=\"Luzimara Fernandes\" \/>\n\t<meta name=\"twitter:label2\" content=\"Est. tempo de leitura\" \/>\n\t<meta name=\"twitter:data2\" content=\"4 minutos\" \/>\n<script type=\"application\/ld+json\" class=\"yoast-schema-graph\">{\"@context\":\"https:\/\/schema.org\",\"@graph\":[{\"@type\":\"Article\",\"@id\":\"https:\/\/jornalfatosenoticias.com.br\/index.php\/2022\/05\/27\/grazing-o-habito-de-beliscar-comida\/#article\",\"isPartOf\":{\"@id\":\"https:\/\/jornalfatosenoticias.com.br\/index.php\/2022\/05\/27\/grazing-o-habito-de-beliscar-comida\/\"},\"author\":{\"name\":\"Luzimara Fernandes\",\"@id\":\"https:\/\/jornalfatosenoticias.com.br\/#\/schema\/person\/d63837fa13ac8666eb9e74e0985d6f81\"},\"headline\":\"\u201cGrazing\u201d: o h\u00e1bito de beliscar comida\",\"datePublished\":\"2022-05-27T18:00:13+00:00\",\"dateModified\":\"2022-05-27T18:00:19+00:00\",\"mainEntityOfPage\":{\"@id\":\"https:\/\/jornalfatosenoticias.com.br\/index.php\/2022\/05\/27\/grazing-o-habito-de-beliscar-comida\/\"},\"wordCount\":835,\"commentCount\":0,\"publisher\":{\"@id\":\"https:\/\/jornalfatosenoticias.com.br\/#organization\"},\"image\":{\"@id\":\"https:\/\/jornalfatosenoticias.com.br\/index.php\/2022\/05\/27\/grazing-o-habito-de-beliscar-comida\/#primaryimage\"},\"thumbnailUrl\":\"https:\/\/jornalfatosenoticias.com.br\/wp-content\/uploads\/2022\/05\/grazing-habito-de-beliscar-a-comida1.jpg\",\"keywords\":[\"comportamento\",\"comportamento alimentar\",\"fome\",\"psicopatologia\",\"regula\u00e7\u00e3o emocional\",\"saciedade\",\"transtorno\"],\"articleSection\":[\"Comportamento &amp; Equil\u00edbrio\"],\"inLanguage\":\"pt-BR\",\"potentialAction\":[{\"@type\":\"CommentAction\",\"name\":\"Comment\",\"target\":[\"https:\/\/jornalfatosenoticias.com.br\/index.php\/2022\/05\/27\/grazing-o-habito-de-beliscar-comida\/#respond\"]}]},{\"@type\":\"WebPage\",\"@id\":\"https:\/\/jornalfatosenoticias.com.br\/index.php\/2022\/05\/27\/grazing-o-habito-de-beliscar-comida\/\",\"url\":\"https:\/\/jornalfatosenoticias.com.br\/index.php\/2022\/05\/27\/grazing-o-habito-de-beliscar-comida\/\",\"name\":\"\u201cGrazing\u201d: o h\u00e1bito de beliscar comida - Jornal Fatos e Not\u00edcias\",\"isPartOf\":{\"@id\":\"https:\/\/jornalfatosenoticias.com.br\/#website\"},\"primaryImageOfPage\":{\"@id\":\"https:\/\/jornalfatosenoticias.com.br\/index.php\/2022\/05\/27\/grazing-o-habito-de-beliscar-comida\/#primaryimage\"},\"image\":{\"@id\":\"https:\/\/jornalfatosenoticias.com.br\/index.php\/2022\/05\/27\/grazing-o-habito-de-beliscar-comida\/#primaryimage\"},\"thumbnailUrl\":\"https:\/\/jornalfatosenoticias.com.br\/wp-content\/uploads\/2022\/05\/grazing-habito-de-beliscar-a-comida1.jpg\",\"datePublished\":\"2022-05-27T18:00:13+00:00\",\"dateModified\":\"2022-05-27T18:00:19+00:00\",\"breadcrumb\":{\"@id\":\"https:\/\/jornalfatosenoticias.com.br\/index.php\/2022\/05\/27\/grazing-o-habito-de-beliscar-comida\/#breadcrumb\"},\"inLanguage\":\"pt-BR\",\"potentialAction\":[{\"@type\":\"ReadAction\",\"target\":[\"https:\/\/jornalfatosenoticias.com.br\/index.php\/2022\/05\/27\/grazing-o-habito-de-beliscar-comida\/\"]}]},{\"@type\":\"ImageObject\",\"inLanguage\":\"pt-BR\",\"@id\":\"https:\/\/jornalfatosenoticias.com.br\/index.php\/2022\/05\/27\/grazing-o-habito-de-beliscar-comida\/#primaryimage\",\"url\":\"https:\/\/jornalfatosenoticias.com.br\/wp-content\/uploads\/2022\/05\/grazing-habito-de-beliscar-a-comida1.jpg\",\"contentUrl\":\"https:\/\/jornalfatosenoticias.com.br\/wp-content\/uploads\/2022\/05\/grazing-habito-de-beliscar-a-comida1.jpg\",\"width\":1000,\"height\":525},{\"@type\":\"BreadcrumbList\",\"@id\":\"https:\/\/jornalfatosenoticias.com.br\/index.php\/2022\/05\/27\/grazing-o-habito-de-beliscar-comida\/#breadcrumb\",\"itemListElement\":[{\"@type\":\"ListItem\",\"position\":1,\"name\":\"In\u00edcio\",\"item\":\"https:\/\/jornalfatosenoticias.com.br\/\"},{\"@type\":\"ListItem\",\"position\":2,\"name\":\"\u201cGrazing\u201d: o h\u00e1bito de beliscar comida\"}]},{\"@type\":\"WebSite\",\"@id\":\"https:\/\/jornalfatosenoticias.com.br\/#website\",\"url\":\"https:\/\/jornalfatosenoticias.com.br\/\",\"name\":\"Jornal Fatos e Not\u00edcias\",\"description\":\"Not\u00edcias em geral\",\"publisher\":{\"@id\":\"https:\/\/jornalfatosenoticias.com.br\/#organization\"},\"potentialAction\":[{\"@type\":\"SearchAction\",\"target\":{\"@type\":\"EntryPoint\",\"urlTemplate\":\"https:\/\/jornalfatosenoticias.com.br\/?s={search_term_string}\"},\"query-input\":{\"@type\":\"PropertyValueSpecification\",\"valueRequired\":true,\"valueName\":\"search_term_string\"}}],\"inLanguage\":\"pt-BR\"},{\"@type\":\"Organization\",\"@id\":\"https:\/\/jornalfatosenoticias.com.br\/#organization\",\"name\":\"Jornal Fatos e Not\u00edcias\",\"url\":\"https:\/\/jornalfatosenoticias.com.br\/\",\"logo\":{\"@type\":\"ImageObject\",\"inLanguage\":\"pt-BR\",\"@id\":\"https:\/\/jornalfatosenoticias.com.br\/#\/schema\/logo\/image\/\",\"url\":\"https:\/\/jornalfatosenoticias.com.br\/wp-content\/uploads\/2020\/02\/logo120.png\",\"contentUrl\":\"https:\/\/jornalfatosenoticias.com.br\/wp-content\/uploads\/2020\/02\/logo120.png\",\"width\":1227,\"height\":120,\"caption\":\"Jornal Fatos e Not\u00edcias\"},\"image\":{\"@id\":\"https:\/\/jornalfatosenoticias.com.br\/#\/schema\/logo\/image\/\"}},{\"@type\":\"Person\",\"@id\":\"https:\/\/jornalfatosenoticias.com.br\/#\/schema\/person\/d63837fa13ac8666eb9e74e0985d6f81\",\"name\":\"Luzimara Fernandes\",\"image\":{\"@type\":\"ImageObject\",\"inLanguage\":\"pt-BR\",\"@id\":\"https:\/\/jornalfatosenoticias.com.br\/#\/schema\/person\/image\/\",\"url\":\"https:\/\/jornalfatosenoticias.com.br\/wp-content\/uploads\/2025\/05\/EU_portal.jpg\",\"contentUrl\":\"https:\/\/jornalfatosenoticias.com.br\/wp-content\/uploads\/2025\/05\/EU_portal.jpg\",\"caption\":\"Luzimara Fernandes\"},\"description\":\"Jornalista MTB 2358-ES\",\"sameAs\":[\"https:\/\/jornalfatosenoticias.com.br\"],\"url\":\"https:\/\/jornalfatosenoticias.com.br\/index.php\/author\/luzimara\/\"}]}<\/script>\n<!-- \/ Yoast SEO plugin. -->","yoast_head_json":{"title":"\u201cGrazing\u201d: o h\u00e1bito de beliscar comida - Jornal Fatos e Not\u00edcias","robots":{"index":"index","follow":"follow","max-snippet":"max-snippet:-1","max-image-preview":"max-image-preview:large","max-video-preview":"max-video-preview:-1"},"canonical":"https:\/\/jornalfatosenoticias.com.br\/index.php\/2022\/05\/27\/grazing-o-habito-de-beliscar-comida\/","og_locale":"pt_BR","og_type":"article","og_title":"\u201cGrazing\u201d: o h\u00e1bito de beliscar comida - Jornal Fatos e Not\u00edcias","og_description":"Identificar esse comportamento pode ajudar a prevenir transtornos associados a problemas psicol\u00f3gicos e alimentares A pr\u00e1tica de beliscar comida de modo cont\u00ednuo, ao longo do dia, mesmo sem fome, \u00e9 conhecido como grazing. Identificar esse comportamento pode ajudar a prevenir transtornos associados a problemas psicol\u00f3gicos e alimentares. Essa \u00e9 a conclus\u00e3o do estudo de doutorado [&hellip;]","og_url":"https:\/\/jornalfatosenoticias.com.br\/index.php\/2022\/05\/27\/grazing-o-habito-de-beliscar-comida\/","og_site_name":"Jornal Fatos e Not\u00edcias","article_published_time":"2022-05-27T18:00:13+00:00","article_modified_time":"2022-05-27T18:00:19+00:00","og_image":[{"width":1000,"height":525,"url":"https:\/\/jornalfatosenoticias.com.br\/wp-content\/uploads\/2022\/05\/grazing-habito-de-beliscar-a-comida1.jpg","type":"image\/jpeg"}],"author":"Luzimara Fernandes","twitter_card":"summary_large_image","twitter_misc":{"Escrito por":"Luzimara Fernandes","Est. tempo de leitura":"4 minutos"},"schema":{"@context":"https:\/\/schema.org","@graph":[{"@type":"Article","@id":"https:\/\/jornalfatosenoticias.com.br\/index.php\/2022\/05\/27\/grazing-o-habito-de-beliscar-comida\/#article","isPartOf":{"@id":"https:\/\/jornalfatosenoticias.com.br\/index.php\/2022\/05\/27\/grazing-o-habito-de-beliscar-comida\/"},"author":{"name":"Luzimara Fernandes","@id":"https:\/\/jornalfatosenoticias.com.br\/#\/schema\/person\/d63837fa13ac8666eb9e74e0985d6f81"},"headline":"\u201cGrazing\u201d: o h\u00e1bito de beliscar comida","datePublished":"2022-05-27T18:00:13+00:00","dateModified":"2022-05-27T18:00:19+00:00","mainEntityOfPage":{"@id":"https:\/\/jornalfatosenoticias.com.br\/index.php\/2022\/05\/27\/grazing-o-habito-de-beliscar-comida\/"},"wordCount":835,"commentCount":0,"publisher":{"@id":"https:\/\/jornalfatosenoticias.com.br\/#organization"},"image":{"@id":"https:\/\/jornalfatosenoticias.com.br\/index.php\/2022\/05\/27\/grazing-o-habito-de-beliscar-comida\/#primaryimage"},"thumbnailUrl":"https:\/\/jornalfatosenoticias.com.br\/wp-content\/uploads\/2022\/05\/grazing-habito-de-beliscar-a-comida1.jpg","keywords":["comportamento","comportamento alimentar","fome","psicopatologia","regula\u00e7\u00e3o emocional","saciedade","transtorno"],"articleSection":["Comportamento &amp; Equil\u00edbrio"],"inLanguage":"pt-BR","potentialAction":[{"@type":"CommentAction","name":"Comment","target":["https:\/\/jornalfatosenoticias.com.br\/index.php\/2022\/05\/27\/grazing-o-habito-de-beliscar-comida\/#respond"]}]},{"@type":"WebPage","@id":"https:\/\/jornalfatosenoticias.com.br\/index.php\/2022\/05\/27\/grazing-o-habito-de-beliscar-comida\/","url":"https:\/\/jornalfatosenoticias.com.br\/index.php\/2022\/05\/27\/grazing-o-habito-de-beliscar-comida\/","name":"\u201cGrazing\u201d: o h\u00e1bito de beliscar comida - Jornal Fatos e Not\u00edcias","isPartOf":{"@id":"https:\/\/jornalfatosenoticias.com.br\/#website"},"primaryImageOfPage":{"@id":"https:\/\/jornalfatosenoticias.com.br\/index.php\/2022\/05\/27\/grazing-o-habito-de-beliscar-comida\/#primaryimage"},"image":{"@id":"https:\/\/jornalfatosenoticias.com.br\/index.php\/2022\/05\/27\/grazing-o-habito-de-beliscar-comida\/#primaryimage"},"thumbnailUrl":"https:\/\/jornalfatosenoticias.com.br\/wp-content\/uploads\/2022\/05\/grazing-habito-de-beliscar-a-comida1.jpg","datePublished":"2022-05-27T18:00:13+00:00","dateModified":"2022-05-27T18:00:19+00:00","breadcrumb":{"@id":"https:\/\/jornalfatosenoticias.com.br\/index.php\/2022\/05\/27\/grazing-o-habito-de-beliscar-comida\/#breadcrumb"},"inLanguage":"pt-BR","potentialAction":[{"@type":"ReadAction","target":["https:\/\/jornalfatosenoticias.com.br\/index.php\/2022\/05\/27\/grazing-o-habito-de-beliscar-comida\/"]}]},{"@type":"ImageObject","inLanguage":"pt-BR","@id":"https:\/\/jornalfatosenoticias.com.br\/index.php\/2022\/05\/27\/grazing-o-habito-de-beliscar-comida\/#primaryimage","url":"https:\/\/jornalfatosenoticias.com.br\/wp-content\/uploads\/2022\/05\/grazing-habito-de-beliscar-a-comida1.jpg","contentUrl":"https:\/\/jornalfatosenoticias.com.br\/wp-content\/uploads\/2022\/05\/grazing-habito-de-beliscar-a-comida1.jpg","width":1000,"height":525},{"@type":"BreadcrumbList","@id":"https:\/\/jornalfatosenoticias.com.br\/index.php\/2022\/05\/27\/grazing-o-habito-de-beliscar-comida\/#breadcrumb","itemListElement":[{"@type":"ListItem","position":1,"name":"In\u00edcio","item":"https:\/\/jornalfatosenoticias.com.br\/"},{"@type":"ListItem","position":2,"name":"\u201cGrazing\u201d: o h\u00e1bito de beliscar comida"}]},{"@type":"WebSite","@id":"https:\/\/jornalfatosenoticias.com.br\/#website","url":"https:\/\/jornalfatosenoticias.com.br\/","name":"Jornal Fatos e Not\u00edcias","description":"Not\u00edcias em geral","publisher":{"@id":"https:\/\/jornalfatosenoticias.com.br\/#organization"},"potentialAction":[{"@type":"SearchAction","target":{"@type":"EntryPoint","urlTemplate":"https:\/\/jornalfatosenoticias.com.br\/?s={search_term_string}"},"query-input":{"@type":"PropertyValueSpecification","valueRequired":true,"valueName":"search_term_string"}}],"inLanguage":"pt-BR"},{"@type":"Organization","@id":"https:\/\/jornalfatosenoticias.com.br\/#organization","name":"Jornal Fatos e Not\u00edcias","url":"https:\/\/jornalfatosenoticias.com.br\/","logo":{"@type":"ImageObject","inLanguage":"pt-BR","@id":"https:\/\/jornalfatosenoticias.com.br\/#\/schema\/logo\/image\/","url":"https:\/\/jornalfatosenoticias.com.br\/wp-content\/uploads\/2020\/02\/logo120.png","contentUrl":"https:\/\/jornalfatosenoticias.com.br\/wp-content\/uploads\/2020\/02\/logo120.png","width":1227,"height":120,"caption":"Jornal Fatos e Not\u00edcias"},"image":{"@id":"https:\/\/jornalfatosenoticias.com.br\/#\/schema\/logo\/image\/"}},{"@type":"Person","@id":"https:\/\/jornalfatosenoticias.com.br\/#\/schema\/person\/d63837fa13ac8666eb9e74e0985d6f81","name":"Luzimara Fernandes","image":{"@type":"ImageObject","inLanguage":"pt-BR","@id":"https:\/\/jornalfatosenoticias.com.br\/#\/schema\/person\/image\/","url":"https:\/\/jornalfatosenoticias.com.br\/wp-content\/uploads\/2025\/05\/EU_portal.jpg","contentUrl":"https:\/\/jornalfatosenoticias.com.br\/wp-content\/uploads\/2025\/05\/EU_portal.jpg","caption":"Luzimara Fernandes"},"description":"Jornalista MTB 2358-ES","sameAs":["https:\/\/jornalfatosenoticias.com.br"],"url":"https:\/\/jornalfatosenoticias.com.br\/index.php\/author\/luzimara\/"}]}},"cc_featured_image_caption":{"caption_text":"(Foto: Marcos Santos\/USP Imagens)","source_text":"","source_url":""},"jetpack_featured_media_url":"https:\/\/jornalfatosenoticias.com.br\/wp-content\/uploads\/2022\/05\/grazing-habito-de-beliscar-a-comida1.jpg","_links":{"self":[{"href":"https:\/\/jornalfatosenoticias.com.br\/index.php\/wp-json\/wp\/v2\/posts\/30874","targetHints":{"allow":["GET"]}}],"collection":[{"href":"https:\/\/jornalfatosenoticias.com.br\/index.php\/wp-json\/wp\/v2\/posts"}],"about":[{"href":"https:\/\/jornalfatosenoticias.com.br\/index.php\/wp-json\/wp\/v2\/types\/post"}],"author":[{"embeddable":true,"href":"https:\/\/jornalfatosenoticias.com.br\/index.php\/wp-json\/wp\/v2\/users\/2"}],"replies":[{"embeddable":true,"href":"https:\/\/jornalfatosenoticias.com.br\/index.php\/wp-json\/wp\/v2\/comments?post=30874"}],"version-history":[{"count":0,"href":"https:\/\/jornalfatosenoticias.com.br\/index.php\/wp-json\/wp\/v2\/posts\/30874\/revisions"}],"wp:featuredmedia":[{"embeddable":true,"href":"https:\/\/jornalfatosenoticias.com.br\/index.php\/wp-json\/wp\/v2\/media\/30876"}],"wp:attachment":[{"href":"https:\/\/jornalfatosenoticias.com.br\/index.php\/wp-json\/wp\/v2\/media?parent=30874"}],"wp:term":[{"taxonomy":"category","embeddable":true,"href":"https:\/\/jornalfatosenoticias.com.br\/index.php\/wp-json\/wp\/v2\/categories?post=30874"},{"taxonomy":"post_tag","embeddable":true,"href":"https:\/\/jornalfatosenoticias.com.br\/index.php\/wp-json\/wp\/v2\/tags?post=30874"}],"curies":[{"name":"wp","href":"https:\/\/api.w.org\/{rel}","templated":true}]}}