{"id":30883,"date":"2022-05-30T14:17:11","date_gmt":"2022-05-30T17:17:11","guid":{"rendered":"https:\/\/jornalfatosenoticias.com.br\/?p=30883"},"modified":"2022-05-30T14:17:15","modified_gmt":"2022-05-30T17:17:15","slug":"reeleicao-presidencial-no-primeiro-turno-a-vista","status":"publish","type":"post","link":"https:\/\/jornalfatosenoticias.com.br\/index.php\/2022\/05\/30\/reeleicao-presidencial-no-primeiro-turno-a-vista\/","title":{"rendered":"Reelei\u00e7\u00e3o presidencial no primeiro turno \u00e0 vista?"},"content":{"rendered":"\n<div class=\"wp-block-image\"><figure class=\"aligncenter size-large is-resized\"><img loading=\"lazy\" decoding=\"async\" src=\"https:\/\/jornalfatosenoticias.com.br\/wp-content\/uploads\/2020\/02\/Serra-Grande-1024x160.png\" alt=\"\" class=\"wp-image-7836\" width=\"338\" height=\"52\"\/><\/figure><\/div>\n\n\n\n<p>\u00c9 not\u00f3rio que o cen\u00e1rio das elei\u00e7\u00f5es presidenciais j\u00e1 esteja montado, e a reelei\u00e7\u00e3o do chefe do Executivo, Jair Bolsonaro, j\u00e1 \u00e9 dada como certa em outubro, at\u00e9 mesmo pela esquerda, mesmo com toda articula\u00e7\u00e3o desmedida e irrespons\u00e1vel de membros do Legislativo e at\u00e9 da Justi\u00e7a, que deveria dar exemplo, mantendo-se imparcial. Podem espernear e gritar, mas o segundo mandato do capit\u00e3o parece inevit\u00e1vel.<\/p>\n\n\n\n<div class=\"wp-block-image\"><figure class=\"alignleft size-large is-resized\"><img loading=\"lazy\" decoding=\"async\" src=\"https:\/\/jornalfatosenoticias.com.br\/wp-content\/uploads\/2020\/02\/nova-logo-Marquetti.jpg\" alt=\"\" class=\"wp-image-22331\" width=\"253\" height=\"170\" srcset=\"https:\/\/jornalfatosenoticias.com.br\/wp-content\/uploads\/2020\/02\/nova-logo-Marquetti.jpg 643w, https:\/\/jornalfatosenoticias.com.br\/wp-content\/uploads\/2020\/02\/nova-logo-Marquetti-300x202.jpg 300w\" sizes=\"auto, (max-width: 253px) 100vw, 253px\" \/><\/figure><\/div>\n\n\n\n<p>N\u00e3o se trata de<em> \u201cfake news\u201d<\/em>, pois isso pode ser visto nas ruas, por meio de imagens transmitidas por canais independentes das diversas plataformas virtuais. Na semana passada mesmo, o presidente, ao entregar 500 moradias a fam\u00edlias de baixa renda em Coronel Fabriciano, no Vale do A\u00e7o, em Minas Gerais; ao participar da motociata num evento evang\u00e9lico em Goi\u00e2nia e; em Manaus, capital do Amazonas, visitar o Comando Militar da Amaz\u00f4nia (CMA) e participar do evento \u201cMarcha para Jesus\u201d, foi aclamado pela multid\u00e3o que o recebeu calorosamente por onde parou e passou.<\/p>\n\n\n\n<figure class=\"wp-block-image size-large\"><img loading=\"lazy\" decoding=\"async\" width=\"1000\" height=\"495\" src=\"https:\/\/jornalfatosenoticias.com.br\/wp-content\/uploads\/2022\/05\/Bolsonaro-em-Goiania-1024x485-1.jpg\" alt=\"\" class=\"wp-image-30884\" srcset=\"https:\/\/jornalfatosenoticias.com.br\/wp-content\/uploads\/2022\/05\/Bolsonaro-em-Goiania-1024x485-1.jpg 1000w, https:\/\/jornalfatosenoticias.com.br\/wp-content\/uploads\/2022\/05\/Bolsonaro-em-Goiania-1024x485-1-300x149.jpg 300w, https:\/\/jornalfatosenoticias.com.br\/wp-content\/uploads\/2022\/05\/Bolsonaro-em-Goiania-1024x485-1-768x380.jpg 768w\" sizes=\"auto, (max-width: 1000px) 100vw, 1000px\" \/><figcaption><em><span class=\"has-inline-color has-black-color\">Bolsonaro em Goi\u00e2nia (Foto: Canal Gama)<\/span><\/em><\/figcaption><\/figure>\n\n\n\n<div class=\"wp-block-image\"><figure class=\"aligncenter size-large is-resized\"><img loading=\"lazy\" decoding=\"async\" src=\"https:\/\/jornalfatosenoticias.com.br\/wp-content\/uploads\/2022\/05\/NOVA-LOGO-CESCONETTO-1024x100.jpg\" alt=\"\" class=\"wp-image-30792\" width=\"439\" height=\"42\" srcset=\"https:\/\/jornalfatosenoticias.com.br\/wp-content\/uploads\/2022\/05\/NOVA-LOGO-CESCONETTO-1024x100.jpg 1024w, https:\/\/jornalfatosenoticias.com.br\/wp-content\/uploads\/2022\/05\/NOVA-LOGO-CESCONETTO-300x29.jpg 300w, https:\/\/jornalfatosenoticias.com.br\/wp-content\/uploads\/2022\/05\/NOVA-LOGO-CESCONETTO-768x75.jpg 768w, https:\/\/jornalfatosenoticias.com.br\/wp-content\/uploads\/2022\/05\/NOVA-LOGO-CESCONETTO.jpg 1280w\" sizes=\"auto, (max-width: 439px) 100vw, 439px\" \/><\/figure><\/div>\n\n\n\n<p>N\u00e3o podemos esperar da grande m\u00eddia, que n\u00e3o nos faz falta nos dias de hoje, transmiss\u00e3o de imagens desses eventos, mesmo porque, s\u00e3o ve\u00edculos de comunica\u00e7\u00e3o que sempre estiveram \u00e0s sombras de governos corruptos, para desviar a aten\u00e7\u00e3o da popula\u00e7\u00e3o \u2014 com programa\u00e7\u00f5es f\u00fateis \u2014 dos trambiques e, assim, manobr\u00e1-la com a desinforma\u00e7\u00e3o, o que n\u00e3o \u00e9 poss\u00edvel nos dias de hoje gra\u00e7as \u00e0 internet que, segundo o ministro do STF, Alexandre de Moraes, \u2018deu voz aos imbecis\u2019. Ser\u00e1 mesmo?<\/p>\n\n\n\n<div class=\"wp-block-image\"><figure class=\"aligncenter size-large is-resized\"><img loading=\"lazy\" decoding=\"async\" src=\"https:\/\/jornalfatosenoticias.com.br\/wp-content\/uploads\/2020\/02\/banner_ferramentas-1024x100.jpg\" alt=\"\" class=\"wp-image-1258\" width=\"417\" height=\"40\" srcset=\"https:\/\/jornalfatosenoticias.com.br\/wp-content\/uploads\/2020\/02\/banner_ferramentas-1024x100.jpg 1024w, https:\/\/jornalfatosenoticias.com.br\/wp-content\/uploads\/2020\/02\/banner_ferramentas-300x29.jpg 300w, https:\/\/jornalfatosenoticias.com.br\/wp-content\/uploads\/2020\/02\/banner_ferramentas-768x75.jpg 768w, https:\/\/jornalfatosenoticias.com.br\/wp-content\/uploads\/2020\/02\/banner_ferramentas.jpg 1227w\" sizes=\"auto, (max-width: 417px) 100vw, 417px\" \/><\/figure><\/div>\n\n\n\n<figure class=\"wp-block-image size-large\"><img loading=\"lazy\" decoding=\"async\" width=\"1000\" height=\"531\" src=\"https:\/\/jornalfatosenoticias.com.br\/wp-content\/uploads\/2022\/05\/Bolsonaro-em-manaus.jpg\" alt=\"\" class=\"wp-image-30885\" srcset=\"https:\/\/jornalfatosenoticias.com.br\/wp-content\/uploads\/2022\/05\/Bolsonaro-em-manaus.jpg 1000w, https:\/\/jornalfatosenoticias.com.br\/wp-content\/uploads\/2022\/05\/Bolsonaro-em-manaus-300x159.jpg 300w, https:\/\/jornalfatosenoticias.com.br\/wp-content\/uploads\/2022\/05\/Bolsonaro-em-manaus-768x408.jpg 768w\" sizes=\"auto, (max-width: 1000px) 100vw, 1000px\" \/><figcaption><em><span class=\"has-inline-color has-black-color\">Bolsonaro em Manaus (Foto: Reprodu\u00e7\u00e3o Redes Sociais)<\/span><\/em><\/figcaption><\/figure>\n\n\n\n<div class=\"wp-block-image\"><figure class=\"alignright size-large is-resized\"><img loading=\"lazy\" decoding=\"async\" src=\"https:\/\/jornalfatosenoticias.com.br\/wp-content\/uploads\/2022\/02\/Precisao-Contabilidade-1024x724.jpg\" alt=\"\" class=\"wp-image-28088\" width=\"269\" height=\"190\"\/><\/figure><\/div>\n\n\n\n<p>Em suma, as a\u00e7\u00f5es arbitr\u00e1rias da maioria dos ministros do Supremo Tribunal Federal (STF), contra o chefe do Executivo e seus simpatizantes, o medo e o sil\u00eancio estrepitoso do Congresso Nacional (nas figuras de Rodrigo Pacheco, Arthur Lira e parlamentares), as falsas pesquisas ventiladas por inconfi\u00e1veis empresas de estat\u00edsticas (institutos de pesquisas) e os artif\u00edcios usados pela ardilosa m\u00eddia, ter\u00e3o efeito contr\u00e1rio e similar a um tiro no pr\u00f3prio p\u00e9 j\u00e1 que \u2014 no meu entender \u2014 est\u00e3o trabalhando de bandidos como cabos eleitorais e fortalecendo ainda mais a reelei\u00e7\u00e3o do preferido pelos mais de 85% dos eleitores, j\u00e1 no primeiro turno: o presidente Jair Bolsonaro.<br>Em terras capixabas, o governador Casagrande \u2014 por enquanto \u2014 vem liderando nas intens\u00f5es de voto, por\u00e9m, com uma pedra no sapato, seu opositor e preferido do presidente Jair Bolsonaro, Carlos Manato. S\u00f3 nos resta aguardar. Afinal, ainda tem muita \u00e1gua para passar debaixo dessa ponte, n\u00e3o \u00e9 mesmo?<\/p>\n\n\n\n<div class=\"wp-block-image\"><figure class=\"aligncenter size-large is-resized\"><img loading=\"lazy\" decoding=\"async\" src=\"https:\/\/jornalfatosenoticias.com.br\/wp-content\/uploads\/2022\/03\/logo-Suinco-1024x390.jpg\" alt=\"\" class=\"wp-image-28785\" width=\"302\" height=\"114\"\/><\/figure><\/div>\n\n\n\n<figure class=\"wp-block-image size-large\"><img loading=\"lazy\" decoding=\"async\" width=\"1000\" height=\"600\" src=\"https:\/\/jornalfatosenoticias.com.br\/wp-content\/uploads\/2022\/05\/bolsonaro-BHCCC.jpg\" alt=\"\" class=\"wp-image-30886\" srcset=\"https:\/\/jornalfatosenoticias.com.br\/wp-content\/uploads\/2022\/05\/bolsonaro-BHCCC.jpg 1000w, https:\/\/jornalfatosenoticias.com.br\/wp-content\/uploads\/2022\/05\/bolsonaro-BHCCC-300x180.jpg 300w, https:\/\/jornalfatosenoticias.com.br\/wp-content\/uploads\/2022\/05\/bolsonaro-BHCCC-768x461.jpg 768w\" sizes=\"auto, (max-width: 1000px) 100vw, 1000px\" \/><figcaption><em><span class=\"has-inline-color has-black-color\">Bolsonaro em Belo Horizonte (Foto: Cidadania 23)<\/span><\/em><\/figcaption><\/figure>\n","protected":false},"excerpt":{"rendered":"<p>\u00c9 not\u00f3rio que o cen\u00e1rio das elei\u00e7\u00f5es presidenciais j\u00e1 esteja montado, e a reelei\u00e7\u00e3o do chefe do Executivo, Jair Bolsonaro, j\u00e1 \u00e9 dada como certa em outubro, at\u00e9 mesmo pela esquerda, mesmo com toda articula\u00e7\u00e3o desmedida e irrespons\u00e1vel de membros do Legislativo e at\u00e9 da Justi\u00e7a, que deveria dar exemplo, mantendo-se imparcial. Podem espernear e [&hellip;]<\/p>\n","protected":false},"author":3,"featured_media":30886,"comment_status":"open","ping_status":"open","sticky":false,"template":"","format":"standard","meta":{"footnotes":""},"categories":[10],"tags":[10150,545,13311,6026,294],"class_list":["post-30883","post","type-post","status-publish","format-standard","has-post-thumbnail","hentry","category-politica","tag-eleicoes-2022","tag-politica","tag-presidente-jair-bolsonaro","tag-reeleicao","tag-stf"],"yoast_head":"<!-- This site is optimized with the Yoast SEO plugin v26.5 - https:\/\/yoast.com\/wordpress\/plugins\/seo\/ -->\n<title>Reelei\u00e7\u00e3o presidencial no primeiro turno \u00e0 vista? - Jornal Fatos e Not\u00edcias<\/title>\n<meta name=\"robots\" content=\"index, follow, max-snippet:-1, max-image-preview:large, max-video-preview:-1\" \/>\n<link rel=\"canonical\" href=\"https:\/\/jornalfatosenoticias.com.br\/index.php\/2022\/05\/30\/reeleicao-presidencial-no-primeiro-turno-a-vista\/\" \/>\n<meta property=\"og:locale\" content=\"pt_BR\" \/>\n<meta property=\"og:type\" content=\"article\" \/>\n<meta property=\"og:title\" content=\"Reelei\u00e7\u00e3o presidencial no primeiro turno \u00e0 vista? - Jornal Fatos e Not\u00edcias\" \/>\n<meta property=\"og:description\" content=\"\u00c9 not\u00f3rio que o cen\u00e1rio das elei\u00e7\u00f5es presidenciais j\u00e1 esteja montado, e a reelei\u00e7\u00e3o do chefe do Executivo, Jair Bolsonaro, j\u00e1 \u00e9 dada como certa em outubro, at\u00e9 mesmo pela esquerda, mesmo com toda articula\u00e7\u00e3o desmedida e irrespons\u00e1vel de membros do Legislativo e at\u00e9 da Justi\u00e7a, que deveria dar exemplo, mantendo-se imparcial. Podem espernear e [&hellip;]\" \/>\n<meta property=\"og:url\" content=\"https:\/\/jornalfatosenoticias.com.br\/index.php\/2022\/05\/30\/reeleicao-presidencial-no-primeiro-turno-a-vista\/\" \/>\n<meta property=\"og:site_name\" content=\"Jornal Fatos e Not\u00edcias\" \/>\n<meta property=\"article:published_time\" content=\"2022-05-30T17:17:11+00:00\" \/>\n<meta property=\"article:modified_time\" content=\"2022-05-30T17:17:15+00:00\" \/>\n<meta property=\"og:image\" content=\"https:\/\/jornalfatosenoticias.com.br\/wp-content\/uploads\/2022\/05\/bolsonaro-BHCCC.jpg\" \/>\n\t<meta property=\"og:image:width\" content=\"1000\" \/>\n\t<meta property=\"og:image:height\" content=\"600\" \/>\n\t<meta property=\"og:image:type\" content=\"image\/jpeg\" \/>\n<meta name=\"author\" content=\"Haroldo Filho\" \/>\n<meta name=\"twitter:card\" content=\"summary_large_image\" \/>\n<meta name=\"twitter:label1\" content=\"Escrito por\" \/>\n\t<meta name=\"twitter:data1\" content=\"Haroldo Filho\" \/>\n\t<meta name=\"twitter:label2\" content=\"Est. tempo de leitura\" \/>\n\t<meta name=\"twitter:data2\" content=\"2 minutos\" \/>\n<script type=\"application\/ld+json\" class=\"yoast-schema-graph\">{\"@context\":\"https:\/\/schema.org\",\"@graph\":[{\"@type\":\"Article\",\"@id\":\"https:\/\/jornalfatosenoticias.com.br\/index.php\/2022\/05\/30\/reeleicao-presidencial-no-primeiro-turno-a-vista\/#article\",\"isPartOf\":{\"@id\":\"https:\/\/jornalfatosenoticias.com.br\/index.php\/2022\/05\/30\/reeleicao-presidencial-no-primeiro-turno-a-vista\/\"},\"author\":{\"name\":\"Haroldo Filho\",\"@id\":\"https:\/\/jornalfatosenoticias.com.br\/#\/schema\/person\/05c46cc25b42a5c27e004fb0fa6b4965\"},\"headline\":\"Reelei\u00e7\u00e3o presidencial no primeiro turno \u00e0 vista?\",\"datePublished\":\"2022-05-30T17:17:11+00:00\",\"dateModified\":\"2022-05-30T17:17:15+00:00\",\"mainEntityOfPage\":{\"@id\":\"https:\/\/jornalfatosenoticias.com.br\/index.php\/2022\/05\/30\/reeleicao-presidencial-no-primeiro-turno-a-vista\/\"},\"wordCount\":453,\"commentCount\":0,\"publisher\":{\"@id\":\"https:\/\/jornalfatosenoticias.com.br\/#organization\"},\"image\":{\"@id\":\"https:\/\/jornalfatosenoticias.com.br\/index.php\/2022\/05\/30\/reeleicao-presidencial-no-primeiro-turno-a-vista\/#primaryimage\"},\"thumbnailUrl\":\"https:\/\/jornalfatosenoticias.com.br\/wp-content\/uploads\/2022\/05\/bolsonaro-BHCCC.jpg\",\"keywords\":[\"elei\u00e7\u00f5es 2022\",\"pol\u00edtica\",\"presidente Jair Bolsonaro\",\"reelei\u00e7\u00e3o\",\"STF\"],\"articleSection\":[\"Pol\u00edtica\"],\"inLanguage\":\"pt-BR\",\"potentialAction\":[{\"@type\":\"CommentAction\",\"name\":\"Comment\",\"target\":[\"https:\/\/jornalfatosenoticias.com.br\/index.php\/2022\/05\/30\/reeleicao-presidencial-no-primeiro-turno-a-vista\/#respond\"]}]},{\"@type\":\"WebPage\",\"@id\":\"https:\/\/jornalfatosenoticias.com.br\/index.php\/2022\/05\/30\/reeleicao-presidencial-no-primeiro-turno-a-vista\/\",\"url\":\"https:\/\/jornalfatosenoticias.com.br\/index.php\/2022\/05\/30\/reeleicao-presidencial-no-primeiro-turno-a-vista\/\",\"name\":\"Reelei\u00e7\u00e3o presidencial no primeiro turno \u00e0 vista? - Jornal Fatos e Not\u00edcias\",\"isPartOf\":{\"@id\":\"https:\/\/jornalfatosenoticias.com.br\/#website\"},\"primaryImageOfPage\":{\"@id\":\"https:\/\/jornalfatosenoticias.com.br\/index.php\/2022\/05\/30\/reeleicao-presidencial-no-primeiro-turno-a-vista\/#primaryimage\"},\"image\":{\"@id\":\"https:\/\/jornalfatosenoticias.com.br\/index.php\/2022\/05\/30\/reeleicao-presidencial-no-primeiro-turno-a-vista\/#primaryimage\"},\"thumbnailUrl\":\"https:\/\/jornalfatosenoticias.com.br\/wp-content\/uploads\/2022\/05\/bolsonaro-BHCCC.jpg\",\"datePublished\":\"2022-05-30T17:17:11+00:00\",\"dateModified\":\"2022-05-30T17:17:15+00:00\",\"breadcrumb\":{\"@id\":\"https:\/\/jornalfatosenoticias.com.br\/index.php\/2022\/05\/30\/reeleicao-presidencial-no-primeiro-turno-a-vista\/#breadcrumb\"},\"inLanguage\":\"pt-BR\",\"potentialAction\":[{\"@type\":\"ReadAction\",\"target\":[\"https:\/\/jornalfatosenoticias.com.br\/index.php\/2022\/05\/30\/reeleicao-presidencial-no-primeiro-turno-a-vista\/\"]}]},{\"@type\":\"ImageObject\",\"inLanguage\":\"pt-BR\",\"@id\":\"https:\/\/jornalfatosenoticias.com.br\/index.php\/2022\/05\/30\/reeleicao-presidencial-no-primeiro-turno-a-vista\/#primaryimage\",\"url\":\"https:\/\/jornalfatosenoticias.com.br\/wp-content\/uploads\/2022\/05\/bolsonaro-BHCCC.jpg\",\"contentUrl\":\"https:\/\/jornalfatosenoticias.com.br\/wp-content\/uploads\/2022\/05\/bolsonaro-BHCCC.jpg\",\"width\":1000,\"height\":600},{\"@type\":\"BreadcrumbList\",\"@id\":\"https:\/\/jornalfatosenoticias.com.br\/index.php\/2022\/05\/30\/reeleicao-presidencial-no-primeiro-turno-a-vista\/#breadcrumb\",\"itemListElement\":[{\"@type\":\"ListItem\",\"position\":1,\"name\":\"In\u00edcio\",\"item\":\"https:\/\/jornalfatosenoticias.com.br\/\"},{\"@type\":\"ListItem\",\"position\":2,\"name\":\"Reelei\u00e7\u00e3o presidencial no primeiro turno \u00e0 vista?\"}]},{\"@type\":\"WebSite\",\"@id\":\"https:\/\/jornalfatosenoticias.com.br\/#website\",\"url\":\"https:\/\/jornalfatosenoticias.com.br\/\",\"name\":\"Jornal Fatos e Not\u00edcias\",\"description\":\"Not\u00edcias em geral\",\"publisher\":{\"@id\":\"https:\/\/jornalfatosenoticias.com.br\/#organization\"},\"potentialAction\":[{\"@type\":\"SearchAction\",\"target\":{\"@type\":\"EntryPoint\",\"urlTemplate\":\"https:\/\/jornalfatosenoticias.com.br\/?s={search_term_string}\"},\"query-input\":{\"@type\":\"PropertyValueSpecification\",\"valueRequired\":true,\"valueName\":\"search_term_string\"}}],\"inLanguage\":\"pt-BR\"},{\"@type\":\"Organization\",\"@id\":\"https:\/\/jornalfatosenoticias.com.br\/#organization\",\"name\":\"Jornal Fatos e Not\u00edcias\",\"url\":\"https:\/\/jornalfatosenoticias.com.br\/\",\"logo\":{\"@type\":\"ImageObject\",\"inLanguage\":\"pt-BR\",\"@id\":\"https:\/\/jornalfatosenoticias.com.br\/#\/schema\/logo\/image\/\",\"url\":\"https:\/\/jornalfatosenoticias.com.br\/wp-content\/uploads\/2020\/02\/logo120.png\",\"contentUrl\":\"https:\/\/jornalfatosenoticias.com.br\/wp-content\/uploads\/2020\/02\/logo120.png\",\"width\":1227,\"height\":120,\"caption\":\"Jornal Fatos e Not\u00edcias\"},\"image\":{\"@id\":\"https:\/\/jornalfatosenoticias.com.br\/#\/schema\/logo\/image\/\"}},{\"@type\":\"Person\",\"@id\":\"https:\/\/jornalfatosenoticias.com.br\/#\/schema\/person\/05c46cc25b42a5c27e004fb0fa6b4965\",\"name\":\"Haroldo Filho\",\"image\":{\"@type\":\"ImageObject\",\"inLanguage\":\"pt-BR\",\"@id\":\"https:\/\/jornalfatosenoticias.com.br\/#\/schema\/person\/image\/\",\"url\":\"https:\/\/jornalfatosenoticias.com.br\/wp-content\/uploads\/2025\/08\/WhatsApp-Image-2025-08-18-at-15.30.28-150x150.jpeg\",\"contentUrl\":\"https:\/\/jornalfatosenoticias.com.br\/wp-content\/uploads\/2025\/08\/WhatsApp-Image-2025-08-18-at-15.30.28-150x150.jpeg\",\"caption\":\"Haroldo Filho\"},\"description\":\"Jornalista \u2013 DRT: 0003818\/ES Coordenador-geral da ONG Educar para Crescer\",\"url\":\"https:\/\/jornalfatosenoticias.com.br\/index.php\/author\/haroldo\/\"}]}<\/script>\n<!-- \/ Yoast SEO plugin. -->","yoast_head_json":{"title":"Reelei\u00e7\u00e3o presidencial no primeiro turno \u00e0 vista? - Jornal Fatos e Not\u00edcias","robots":{"index":"index","follow":"follow","max-snippet":"max-snippet:-1","max-image-preview":"max-image-preview:large","max-video-preview":"max-video-preview:-1"},"canonical":"https:\/\/jornalfatosenoticias.com.br\/index.php\/2022\/05\/30\/reeleicao-presidencial-no-primeiro-turno-a-vista\/","og_locale":"pt_BR","og_type":"article","og_title":"Reelei\u00e7\u00e3o presidencial no primeiro turno \u00e0 vista? - Jornal Fatos e Not\u00edcias","og_description":"\u00c9 not\u00f3rio que o cen\u00e1rio das elei\u00e7\u00f5es presidenciais j\u00e1 esteja montado, e a reelei\u00e7\u00e3o do chefe do Executivo, Jair Bolsonaro, j\u00e1 \u00e9 dada como certa em outubro, at\u00e9 mesmo pela esquerda, mesmo com toda articula\u00e7\u00e3o desmedida e irrespons\u00e1vel de membros do Legislativo e at\u00e9 da Justi\u00e7a, que deveria dar exemplo, mantendo-se imparcial. Podem espernear e [&hellip;]","og_url":"https:\/\/jornalfatosenoticias.com.br\/index.php\/2022\/05\/30\/reeleicao-presidencial-no-primeiro-turno-a-vista\/","og_site_name":"Jornal Fatos e Not\u00edcias","article_published_time":"2022-05-30T17:17:11+00:00","article_modified_time":"2022-05-30T17:17:15+00:00","og_image":[{"width":1000,"height":600,"url":"https:\/\/jornalfatosenoticias.com.br\/wp-content\/uploads\/2022\/05\/bolsonaro-BHCCC.jpg","type":"image\/jpeg"}],"author":"Haroldo Filho","twitter_card":"summary_large_image","twitter_misc":{"Escrito por":"Haroldo Filho","Est. tempo de leitura":"2 minutos"},"schema":{"@context":"https:\/\/schema.org","@graph":[{"@type":"Article","@id":"https:\/\/jornalfatosenoticias.com.br\/index.php\/2022\/05\/30\/reeleicao-presidencial-no-primeiro-turno-a-vista\/#article","isPartOf":{"@id":"https:\/\/jornalfatosenoticias.com.br\/index.php\/2022\/05\/30\/reeleicao-presidencial-no-primeiro-turno-a-vista\/"},"author":{"name":"Haroldo Filho","@id":"https:\/\/jornalfatosenoticias.com.br\/#\/schema\/person\/05c46cc25b42a5c27e004fb0fa6b4965"},"headline":"Reelei\u00e7\u00e3o presidencial no primeiro turno \u00e0 vista?","datePublished":"2022-05-30T17:17:11+00:00","dateModified":"2022-05-30T17:17:15+00:00","mainEntityOfPage":{"@id":"https:\/\/jornalfatosenoticias.com.br\/index.php\/2022\/05\/30\/reeleicao-presidencial-no-primeiro-turno-a-vista\/"},"wordCount":453,"commentCount":0,"publisher":{"@id":"https:\/\/jornalfatosenoticias.com.br\/#organization"},"image":{"@id":"https:\/\/jornalfatosenoticias.com.br\/index.php\/2022\/05\/30\/reeleicao-presidencial-no-primeiro-turno-a-vista\/#primaryimage"},"thumbnailUrl":"https:\/\/jornalfatosenoticias.com.br\/wp-content\/uploads\/2022\/05\/bolsonaro-BHCCC.jpg","keywords":["elei\u00e7\u00f5es 2022","pol\u00edtica","presidente Jair Bolsonaro","reelei\u00e7\u00e3o","STF"],"articleSection":["Pol\u00edtica"],"inLanguage":"pt-BR","potentialAction":[{"@type":"CommentAction","name":"Comment","target":["https:\/\/jornalfatosenoticias.com.br\/index.php\/2022\/05\/30\/reeleicao-presidencial-no-primeiro-turno-a-vista\/#respond"]}]},{"@type":"WebPage","@id":"https:\/\/jornalfatosenoticias.com.br\/index.php\/2022\/05\/30\/reeleicao-presidencial-no-primeiro-turno-a-vista\/","url":"https:\/\/jornalfatosenoticias.com.br\/index.php\/2022\/05\/30\/reeleicao-presidencial-no-primeiro-turno-a-vista\/","name":"Reelei\u00e7\u00e3o presidencial no primeiro turno \u00e0 vista? - Jornal Fatos e Not\u00edcias","isPartOf":{"@id":"https:\/\/jornalfatosenoticias.com.br\/#website"},"primaryImageOfPage":{"@id":"https:\/\/jornalfatosenoticias.com.br\/index.php\/2022\/05\/30\/reeleicao-presidencial-no-primeiro-turno-a-vista\/#primaryimage"},"image":{"@id":"https:\/\/jornalfatosenoticias.com.br\/index.php\/2022\/05\/30\/reeleicao-presidencial-no-primeiro-turno-a-vista\/#primaryimage"},"thumbnailUrl":"https:\/\/jornalfatosenoticias.com.br\/wp-content\/uploads\/2022\/05\/bolsonaro-BHCCC.jpg","datePublished":"2022-05-30T17:17:11+00:00","dateModified":"2022-05-30T17:17:15+00:00","breadcrumb":{"@id":"https:\/\/jornalfatosenoticias.com.br\/index.php\/2022\/05\/30\/reeleicao-presidencial-no-primeiro-turno-a-vista\/#breadcrumb"},"inLanguage":"pt-BR","potentialAction":[{"@type":"ReadAction","target":["https:\/\/jornalfatosenoticias.com.br\/index.php\/2022\/05\/30\/reeleicao-presidencial-no-primeiro-turno-a-vista\/"]}]},{"@type":"ImageObject","inLanguage":"pt-BR","@id":"https:\/\/jornalfatosenoticias.com.br\/index.php\/2022\/05\/30\/reeleicao-presidencial-no-primeiro-turno-a-vista\/#primaryimage","url":"https:\/\/jornalfatosenoticias.com.br\/wp-content\/uploads\/2022\/05\/bolsonaro-BHCCC.jpg","contentUrl":"https:\/\/jornalfatosenoticias.com.br\/wp-content\/uploads\/2022\/05\/bolsonaro-BHCCC.jpg","width":1000,"height":600},{"@type":"BreadcrumbList","@id":"https:\/\/jornalfatosenoticias.com.br\/index.php\/2022\/05\/30\/reeleicao-presidencial-no-primeiro-turno-a-vista\/#breadcrumb","itemListElement":[{"@type":"ListItem","position":1,"name":"In\u00edcio","item":"https:\/\/jornalfatosenoticias.com.br\/"},{"@type":"ListItem","position":2,"name":"Reelei\u00e7\u00e3o presidencial no primeiro turno \u00e0 vista?"}]},{"@type":"WebSite","@id":"https:\/\/jornalfatosenoticias.com.br\/#website","url":"https:\/\/jornalfatosenoticias.com.br\/","name":"Jornal Fatos e Not\u00edcias","description":"Not\u00edcias em geral","publisher":{"@id":"https:\/\/jornalfatosenoticias.com.br\/#organization"},"potentialAction":[{"@type":"SearchAction","target":{"@type":"EntryPoint","urlTemplate":"https:\/\/jornalfatosenoticias.com.br\/?s={search_term_string}"},"query-input":{"@type":"PropertyValueSpecification","valueRequired":true,"valueName":"search_term_string"}}],"inLanguage":"pt-BR"},{"@type":"Organization","@id":"https:\/\/jornalfatosenoticias.com.br\/#organization","name":"Jornal Fatos e Not\u00edcias","url":"https:\/\/jornalfatosenoticias.com.br\/","logo":{"@type":"ImageObject","inLanguage":"pt-BR","@id":"https:\/\/jornalfatosenoticias.com.br\/#\/schema\/logo\/image\/","url":"https:\/\/jornalfatosenoticias.com.br\/wp-content\/uploads\/2020\/02\/logo120.png","contentUrl":"https:\/\/jornalfatosenoticias.com.br\/wp-content\/uploads\/2020\/02\/logo120.png","width":1227,"height":120,"caption":"Jornal Fatos e Not\u00edcias"},"image":{"@id":"https:\/\/jornalfatosenoticias.com.br\/#\/schema\/logo\/image\/"}},{"@type":"Person","@id":"https:\/\/jornalfatosenoticias.com.br\/#\/schema\/person\/05c46cc25b42a5c27e004fb0fa6b4965","name":"Haroldo Filho","image":{"@type":"ImageObject","inLanguage":"pt-BR","@id":"https:\/\/jornalfatosenoticias.com.br\/#\/schema\/person\/image\/","url":"https:\/\/jornalfatosenoticias.com.br\/wp-content\/uploads\/2025\/08\/WhatsApp-Image-2025-08-18-at-15.30.28-150x150.jpeg","contentUrl":"https:\/\/jornalfatosenoticias.com.br\/wp-content\/uploads\/2025\/08\/WhatsApp-Image-2025-08-18-at-15.30.28-150x150.jpeg","caption":"Haroldo Filho"},"description":"Jornalista \u2013 DRT: 0003818\/ES Coordenador-geral da ONG Educar para Crescer","url":"https:\/\/jornalfatosenoticias.com.br\/index.php\/author\/haroldo\/"}]}},"cc_featured_image_caption":{"caption_text":"","source_text":"","source_url":""},"jetpack_featured_media_url":"https:\/\/jornalfatosenoticias.com.br\/wp-content\/uploads\/2022\/05\/bolsonaro-BHCCC.jpg","_links":{"self":[{"href":"https:\/\/jornalfatosenoticias.com.br\/index.php\/wp-json\/wp\/v2\/posts\/30883","targetHints":{"allow":["GET"]}}],"collection":[{"href":"https:\/\/jornalfatosenoticias.com.br\/index.php\/wp-json\/wp\/v2\/posts"}],"about":[{"href":"https:\/\/jornalfatosenoticias.com.br\/index.php\/wp-json\/wp\/v2\/types\/post"}],"author":[{"embeddable":true,"href":"https:\/\/jornalfatosenoticias.com.br\/index.php\/wp-json\/wp\/v2\/users\/3"}],"replies":[{"embeddable":true,"href":"https:\/\/jornalfatosenoticias.com.br\/index.php\/wp-json\/wp\/v2\/comments?post=30883"}],"version-history":[{"count":0,"href":"https:\/\/jornalfatosenoticias.com.br\/index.php\/wp-json\/wp\/v2\/posts\/30883\/revisions"}],"wp:featuredmedia":[{"embeddable":true,"href":"https:\/\/jornalfatosenoticias.com.br\/index.php\/wp-json\/wp\/v2\/media\/30886"}],"wp:attachment":[{"href":"https:\/\/jornalfatosenoticias.com.br\/index.php\/wp-json\/wp\/v2\/media?parent=30883"}],"wp:term":[{"taxonomy":"category","embeddable":true,"href":"https:\/\/jornalfatosenoticias.com.br\/index.php\/wp-json\/wp\/v2\/categories?post=30883"},{"taxonomy":"post_tag","embeddable":true,"href":"https:\/\/jornalfatosenoticias.com.br\/index.php\/wp-json\/wp\/v2\/tags?post=30883"}],"curies":[{"name":"wp","href":"https:\/\/api.w.org\/{rel}","templated":true}]}}