{"id":30888,"date":"2022-05-30T14:30:12","date_gmt":"2022-05-30T17:30:12","guid":{"rendered":"https:\/\/jornalfatosenoticias.com.br\/?p=30888"},"modified":"2022-05-30T14:30:13","modified_gmt":"2022-05-30T17:30:13","slug":"acao-de-majeski-na-justica-por-transparencia-dos-dados-ambientais-do-es","status":"publish","type":"post","link":"https:\/\/jornalfatosenoticias.com.br\/index.php\/2022\/05\/30\/acao-de-majeski-na-justica-por-transparencia-dos-dados-ambientais-do-es\/","title":{"rendered":"A\u00e7\u00e3o de Majeski na Justi\u00e7a por transpar\u00eancia dos dados ambientais do ES"},"content":{"rendered":"\n<p><em><span class=\"has-inline-color has-black-color\">Objetivo do deputado \u00e9 garantir que \u00f3rg\u00e3os estaduais divulguem informa\u00e7\u00f5es de desmatamento, licenciamentos, estudos de impacto, arrecada\u00e7\u00e3o etc.<\/span><\/em><\/p>\n\n\n\n<div class=\"wp-block-image\"><figure class=\"aligncenter size-large is-resized\"><img loading=\"lazy\" decoding=\"async\" src=\"https:\/\/jornalfatosenoticias.com.br\/wp-content\/uploads\/2022\/02\/Arte-Autoescola-Galatas_endereco_portal-1024x103.png\" alt=\"\" class=\"wp-image-27869\" width=\"410\" height=\"41\" srcset=\"https:\/\/jornalfatosenoticias.com.br\/wp-content\/uploads\/2022\/02\/Arte-Autoescola-Galatas_endereco_portal-1024x103.png 1024w, https:\/\/jornalfatosenoticias.com.br\/wp-content\/uploads\/2022\/02\/Arte-Autoescola-Galatas_endereco_portal-300x30.png 300w, https:\/\/jornalfatosenoticias.com.br\/wp-content\/uploads\/2022\/02\/Arte-Autoescola-Galatas_endereco_portal-768x77.png 768w, https:\/\/jornalfatosenoticias.com.br\/wp-content\/uploads\/2022\/02\/Arte-Autoescola-Galatas_endereco_portal.png 1223w\" sizes=\"auto, (max-width: 410px) 100vw, 410px\" \/><\/figure><\/div>\n\n\n\n<p>O deputado estadual S\u00e9rgio Majeski (PSDB) acionou o Minist\u00e9rio P\u00fablico Federal (MPF) para que o governo do Estado passe a disponibilizar no Portal da Transpar\u00eancia, para acesso de toda a sociedade, informa\u00e7\u00f5es ambientais produzidas a partir do trabalho dos \u00f3rg\u00e3os estaduais que atuam na preserva\u00e7\u00e3o e na recupera\u00e7\u00e3o dos recursos naturais e na regula\u00e7\u00e3o de atividades econ\u00f4micas que impactam o meio ambiente.<br>S\u00e3o 47 itens, como explora\u00e7\u00e3o mineral, florestal, hidrel\u00e9trica, pecu\u00e1ria, regulariza\u00e7\u00e3o ambiental, situa\u00e7\u00e3o fundi\u00e1ria, emiss\u00e3o de licen\u00e7as, arrecada\u00e7\u00e3o de multas, terras ind\u00edgenas e quilombolas e unidades de conserva\u00e7\u00e3o. Todos constam no Ranking da Transpar\u00eancia Ambiental do pr\u00f3prio MPF, que avalia o desempenho de 104 \u00f3rg\u00e3os federais e estaduais em todo o Brasil.<\/p>\n\n\n\n<div class=\"wp-block-image\"><figure class=\"aligncenter size-large\"><img decoding=\"async\" src=\"https:\/\/jornalfatosenoticias.com.br\/wp-content\/uploads\/2020\/02\/logo_esteio.jpg\" alt=\"\" class=\"wp-image-1214\"\/><\/figure><\/div>\n\n\n\n<blockquote class=\"wp-block-quote is-layout-flow wp-block-quote-is-layout-flow\"><p><span class=\"has-inline-color has-luminous-vivid-orange-color\">\u201cSeguimos com a tentativa de garantir que a sociedade tenha acesso simplificado \u00e0s informa\u00e7\u00f5es do trabalho dos \u00f3rg\u00e3os p\u00fablicos e da situa\u00e7\u00e3o ambiental no territ\u00f3rio capixaba. Projeto de nossa autoria com a mesma finalidade tramitou e foi aprovado pelos deputados estaduais, mas infelizmente foi vetado pelo governo. Destacamos que todas as informa\u00e7\u00f5es j\u00e1 existem, mas n\u00e3o s\u00e3o disponibilizadas totalmente. N\u00e3o h\u00e1 necessidade de produzir nada novo, basta dar transpar\u00eancia\u201d, completa Majeski.<\/span><\/p><\/blockquote>\n\n\n\n<div class=\"wp-block-image\"><figure class=\"alignleft size-large is-resized\"><img loading=\"lazy\" decoding=\"async\" src=\"https:\/\/jornalfatosenoticias.com.br\/wp-content\/uploads\/2022\/02\/Serra-Pack-459.png\" alt=\"\" class=\"wp-image-27471\" width=\"283\" height=\"113\"\/><\/figure><\/div>\n\n\n\n<p>O Projeto de Lei (PL) mencionado por Majeski \u00e9 o de n\u00ba 676\/2019, aprovado na Assembleia Legislativa em dezembro de 2021, que inclu\u00eda na legisla\u00e7\u00e3o a obrigatoriedade da divulga\u00e7\u00e3o dos dados ambientais. Mas para virar lei, o PL precisava ser sancionado pelo governo do Estado, que infelizmente acabou vetando.<br>Do Esp\u00edrito Santo, al\u00e9m da Ag\u00eancia Estadual de Recursos H\u00eddricos (Agerh) e do Instituto Estadual de Meio Ambiente e Recursos H\u00eddricos (Iema), que na edi\u00e7\u00e3o mais recente do Ranking da Transpar\u00eancia Ambiental do MPF ocupam a primeira e a 12\u00aa posi\u00e7\u00f5es, respectivamente, tamb\u00e9m consta o Instituto de Defesa Agropecu\u00e1ria e Florestal do Esp\u00edrito Santo (Idaf), que com 0,18 no \u00cdndice de Transpar\u00eancia Ativa, figura na 25\u00aa coloca\u00e7\u00e3o do ranking.<\/p>\n\n\n\n<div class=\"wp-block-image\"><figure class=\"aligncenter size-large is-resized\"><img loading=\"lazy\" decoding=\"async\" src=\"https:\/\/jornalfatosenoticias.com.br\/wp-content\/uploads\/2020\/02\/Logo-Mizu-segunda-2-1024x99.png\" alt=\"\" class=\"wp-image-2353\" width=\"404\" height=\"39\" srcset=\"https:\/\/jornalfatosenoticias.com.br\/wp-content\/uploads\/2020\/02\/Logo-Mizu-segunda-2-1024x99.png 1024w, https:\/\/jornalfatosenoticias.com.br\/wp-content\/uploads\/2020\/02\/Logo-Mizu-segunda-2-300x29.png 300w, https:\/\/jornalfatosenoticias.com.br\/wp-content\/uploads\/2020\/02\/Logo-Mizu-segunda-2-768x74.png 768w, https:\/\/jornalfatosenoticias.com.br\/wp-content\/uploads\/2020\/02\/Logo-Mizu-segunda-2.png 1240w\" sizes=\"auto, (max-width: 404px) 100vw, 404px\" \/><\/figure><\/div>\n\n\n\n<p><strong><span class=\"has-inline-color has-vivid-green-cyan-color\">Combate<br><\/span><\/strong>Deflagrada no in\u00edcio de maio pelo Batalh\u00e3o de Pol\u00edcia Militar Ambiental (BPMA), a \u201cOpera\u00e7\u00e3o Curupira\u201d vem ocorrendo em munic\u00edpios como Domingos Martins, Marechal Floriano, Santa Teresa e Alfredo Chaves com o prop\u00f3sito de inibir o desmatamento ilegal, o loteamento irregular de solo e agress\u00f5es ao meio ambiente, muitas vezes em decorr\u00eancia do desenvolvimento urbano e tur\u00edstico e sua consequente especula\u00e7\u00e3o imobili\u00e1ria. O cidad\u00e3o pode realizar a den\u00fancia an\u00f4nima de crimes ambientais atrav\u00e9s do <em>site<\/em> <a href=\"https:\/\/disquedenuncia181.es.gov.br\/\">disquedenuncia181.es.gov.br<\/a> ou pelo n\u00famero <strong>181<\/strong>.<\/p>\n","protected":false},"excerpt":{"rendered":"<p>Objetivo do deputado \u00e9 garantir que \u00f3rg\u00e3os estaduais divulguem informa\u00e7\u00f5es de desmatamento, licenciamentos, estudos de impacto, arrecada\u00e7\u00e3o etc. O deputado estadual S\u00e9rgio Majeski (PSDB) acionou o Minist\u00e9rio P\u00fablico Federal (MPF) para que o governo do Estado passe a disponibilizar no Portal da Transpar\u00eancia, para acesso de toda a sociedade, informa\u00e7\u00f5es ambientais produzidas a partir do [&hellip;]<\/p>\n","protected":false},"author":2,"featured_media":30889,"comment_status":"open","ping_status":"open","sticky":false,"template":"","format":"standard","meta":{"footnotes":""},"categories":[8],"tags":[3043,1844,100,14670,11517,14669],"class_list":["post-30888","post","type-post","status-publish","format-standard","has-post-thumbnail","hentry","category-meio-ambiente","tag-acao","tag-desmatamento","tag-espirito-santo","tag-impactos-ambientais","tag-licenciamento-ambiental","tag-transparencia-dos-dados-ambientais"],"yoast_head":"<!-- This site is optimized with the Yoast SEO plugin v26.5 - https:\/\/yoast.com\/wordpress\/plugins\/seo\/ -->\n<title>A\u00e7\u00e3o de Majeski na Justi\u00e7a por transpar\u00eancia dos dados ambientais do ES - Jornal Fatos e Not\u00edcias<\/title>\n<meta name=\"robots\" content=\"index, follow, max-snippet:-1, max-image-preview:large, max-video-preview:-1\" \/>\n<link rel=\"canonical\" href=\"https:\/\/jornalfatosenoticias.com.br\/index.php\/2022\/05\/30\/acao-de-majeski-na-justica-por-transparencia-dos-dados-ambientais-do-es\/\" \/>\n<meta property=\"og:locale\" content=\"pt_BR\" \/>\n<meta property=\"og:type\" content=\"article\" \/>\n<meta property=\"og:title\" content=\"A\u00e7\u00e3o de Majeski na Justi\u00e7a por transpar\u00eancia dos dados ambientais do ES - Jornal Fatos e Not\u00edcias\" \/>\n<meta property=\"og:description\" content=\"Objetivo do deputado \u00e9 garantir que \u00f3rg\u00e3os estaduais divulguem informa\u00e7\u00f5es de desmatamento, licenciamentos, estudos de impacto, arrecada\u00e7\u00e3o etc. O deputado estadual S\u00e9rgio Majeski (PSDB) acionou o Minist\u00e9rio P\u00fablico Federal (MPF) para que o governo do Estado passe a disponibilizar no Portal da Transpar\u00eancia, para acesso de toda a sociedade, informa\u00e7\u00f5es ambientais produzidas a partir do [&hellip;]\" \/>\n<meta property=\"og:url\" content=\"https:\/\/jornalfatosenoticias.com.br\/index.php\/2022\/05\/30\/acao-de-majeski-na-justica-por-transparencia-dos-dados-ambientais-do-es\/\" \/>\n<meta property=\"og:site_name\" content=\"Jornal Fatos e Not\u00edcias\" \/>\n<meta property=\"article:published_time\" content=\"2022-05-30T17:30:12+00:00\" \/>\n<meta property=\"article:modified_time\" content=\"2022-05-30T17:30:13+00:00\" \/>\n<meta property=\"og:image\" content=\"https:\/\/jornalfatosenoticias.com.br\/wp-content\/uploads\/2022\/05\/majeski-1.jpg\" \/>\n\t<meta property=\"og:image:width\" content=\"1000\" \/>\n\t<meta property=\"og:image:height\" content=\"875\" \/>\n\t<meta property=\"og:image:type\" content=\"image\/jpeg\" \/>\n<meta name=\"author\" content=\"Luzimara Fernandes\" \/>\n<meta name=\"twitter:card\" content=\"summary_large_image\" \/>\n<meta name=\"twitter:label1\" content=\"Escrito por\" \/>\n\t<meta name=\"twitter:data1\" content=\"Luzimara Fernandes\" \/>\n\t<meta name=\"twitter:label2\" content=\"Est. tempo de leitura\" \/>\n\t<meta name=\"twitter:data2\" content=\"2 minutos\" \/>\n<script type=\"application\/ld+json\" class=\"yoast-schema-graph\">{\"@context\":\"https:\/\/schema.org\",\"@graph\":[{\"@type\":\"Article\",\"@id\":\"https:\/\/jornalfatosenoticias.com.br\/index.php\/2022\/05\/30\/acao-de-majeski-na-justica-por-transparencia-dos-dados-ambientais-do-es\/#article\",\"isPartOf\":{\"@id\":\"https:\/\/jornalfatosenoticias.com.br\/index.php\/2022\/05\/30\/acao-de-majeski-na-justica-por-transparencia-dos-dados-ambientais-do-es\/\"},\"author\":{\"name\":\"Luzimara Fernandes\",\"@id\":\"https:\/\/jornalfatosenoticias.com.br\/#\/schema\/person\/d63837fa13ac8666eb9e74e0985d6f81\"},\"headline\":\"A\u00e7\u00e3o de Majeski na Justi\u00e7a por transpar\u00eancia dos dados ambientais do ES\",\"datePublished\":\"2022-05-30T17:30:12+00:00\",\"dateModified\":\"2022-05-30T17:30:13+00:00\",\"mainEntityOfPage\":{\"@id\":\"https:\/\/jornalfatosenoticias.com.br\/index.php\/2022\/05\/30\/acao-de-majeski-na-justica-por-transparencia-dos-dados-ambientais-do-es\/\"},\"wordCount\":478,\"commentCount\":0,\"publisher\":{\"@id\":\"https:\/\/jornalfatosenoticias.com.br\/#organization\"},\"image\":{\"@id\":\"https:\/\/jornalfatosenoticias.com.br\/index.php\/2022\/05\/30\/acao-de-majeski-na-justica-por-transparencia-dos-dados-ambientais-do-es\/#primaryimage\"},\"thumbnailUrl\":\"https:\/\/jornalfatosenoticias.com.br\/wp-content\/uploads\/2022\/05\/majeski-1.jpg\",\"keywords\":[\"a\u00e7\u00e3o\",\"desmatamento\",\"Esp\u00edrito Santo\",\"impactos ambientais\",\"licenciamento ambiental\",\"transpar\u00eancia dos dados ambientais\"],\"articleSection\":[\"Meio ambiente\"],\"inLanguage\":\"pt-BR\",\"potentialAction\":[{\"@type\":\"CommentAction\",\"name\":\"Comment\",\"target\":[\"https:\/\/jornalfatosenoticias.com.br\/index.php\/2022\/05\/30\/acao-de-majeski-na-justica-por-transparencia-dos-dados-ambientais-do-es\/#respond\"]}]},{\"@type\":\"WebPage\",\"@id\":\"https:\/\/jornalfatosenoticias.com.br\/index.php\/2022\/05\/30\/acao-de-majeski-na-justica-por-transparencia-dos-dados-ambientais-do-es\/\",\"url\":\"https:\/\/jornalfatosenoticias.com.br\/index.php\/2022\/05\/30\/acao-de-majeski-na-justica-por-transparencia-dos-dados-ambientais-do-es\/\",\"name\":\"A\u00e7\u00e3o de Majeski na Justi\u00e7a por transpar\u00eancia dos dados ambientais do ES - Jornal Fatos e Not\u00edcias\",\"isPartOf\":{\"@id\":\"https:\/\/jornalfatosenoticias.com.br\/#website\"},\"primaryImageOfPage\":{\"@id\":\"https:\/\/jornalfatosenoticias.com.br\/index.php\/2022\/05\/30\/acao-de-majeski-na-justica-por-transparencia-dos-dados-ambientais-do-es\/#primaryimage\"},\"image\":{\"@id\":\"https:\/\/jornalfatosenoticias.com.br\/index.php\/2022\/05\/30\/acao-de-majeski-na-justica-por-transparencia-dos-dados-ambientais-do-es\/#primaryimage\"},\"thumbnailUrl\":\"https:\/\/jornalfatosenoticias.com.br\/wp-content\/uploads\/2022\/05\/majeski-1.jpg\",\"datePublished\":\"2022-05-30T17:30:12+00:00\",\"dateModified\":\"2022-05-30T17:30:13+00:00\",\"breadcrumb\":{\"@id\":\"https:\/\/jornalfatosenoticias.com.br\/index.php\/2022\/05\/30\/acao-de-majeski-na-justica-por-transparencia-dos-dados-ambientais-do-es\/#breadcrumb\"},\"inLanguage\":\"pt-BR\",\"potentialAction\":[{\"@type\":\"ReadAction\",\"target\":[\"https:\/\/jornalfatosenoticias.com.br\/index.php\/2022\/05\/30\/acao-de-majeski-na-justica-por-transparencia-dos-dados-ambientais-do-es\/\"]}]},{\"@type\":\"ImageObject\",\"inLanguage\":\"pt-BR\",\"@id\":\"https:\/\/jornalfatosenoticias.com.br\/index.php\/2022\/05\/30\/acao-de-majeski-na-justica-por-transparencia-dos-dados-ambientais-do-es\/#primaryimage\",\"url\":\"https:\/\/jornalfatosenoticias.com.br\/wp-content\/uploads\/2022\/05\/majeski-1.jpg\",\"contentUrl\":\"https:\/\/jornalfatosenoticias.com.br\/wp-content\/uploads\/2022\/05\/majeski-1.jpg\",\"width\":1000,\"height\":875},{\"@type\":\"BreadcrumbList\",\"@id\":\"https:\/\/jornalfatosenoticias.com.br\/index.php\/2022\/05\/30\/acao-de-majeski-na-justica-por-transparencia-dos-dados-ambientais-do-es\/#breadcrumb\",\"itemListElement\":[{\"@type\":\"ListItem\",\"position\":1,\"name\":\"In\u00edcio\",\"item\":\"https:\/\/jornalfatosenoticias.com.br\/\"},{\"@type\":\"ListItem\",\"position\":2,\"name\":\"A\u00e7\u00e3o de Majeski na Justi\u00e7a por transpar\u00eancia dos dados ambientais do ES\"}]},{\"@type\":\"WebSite\",\"@id\":\"https:\/\/jornalfatosenoticias.com.br\/#website\",\"url\":\"https:\/\/jornalfatosenoticias.com.br\/\",\"name\":\"Jornal Fatos e Not\u00edcias\",\"description\":\"Not\u00edcias em geral\",\"publisher\":{\"@id\":\"https:\/\/jornalfatosenoticias.com.br\/#organization\"},\"potentialAction\":[{\"@type\":\"SearchAction\",\"target\":{\"@type\":\"EntryPoint\",\"urlTemplate\":\"https:\/\/jornalfatosenoticias.com.br\/?s={search_term_string}\"},\"query-input\":{\"@type\":\"PropertyValueSpecification\",\"valueRequired\":true,\"valueName\":\"search_term_string\"}}],\"inLanguage\":\"pt-BR\"},{\"@type\":\"Organization\",\"@id\":\"https:\/\/jornalfatosenoticias.com.br\/#organization\",\"name\":\"Jornal Fatos e Not\u00edcias\",\"url\":\"https:\/\/jornalfatosenoticias.com.br\/\",\"logo\":{\"@type\":\"ImageObject\",\"inLanguage\":\"pt-BR\",\"@id\":\"https:\/\/jornalfatosenoticias.com.br\/#\/schema\/logo\/image\/\",\"url\":\"https:\/\/jornalfatosenoticias.com.br\/wp-content\/uploads\/2020\/02\/logo120.png\",\"contentUrl\":\"https:\/\/jornalfatosenoticias.com.br\/wp-content\/uploads\/2020\/02\/logo120.png\",\"width\":1227,\"height\":120,\"caption\":\"Jornal Fatos e Not\u00edcias\"},\"image\":{\"@id\":\"https:\/\/jornalfatosenoticias.com.br\/#\/schema\/logo\/image\/\"}},{\"@type\":\"Person\",\"@id\":\"https:\/\/jornalfatosenoticias.com.br\/#\/schema\/person\/d63837fa13ac8666eb9e74e0985d6f81\",\"name\":\"Luzimara Fernandes\",\"image\":{\"@type\":\"ImageObject\",\"inLanguage\":\"pt-BR\",\"@id\":\"https:\/\/jornalfatosenoticias.com.br\/#\/schema\/person\/image\/\",\"url\":\"https:\/\/jornalfatosenoticias.com.br\/wp-content\/uploads\/2025\/05\/EU_portal.jpg\",\"contentUrl\":\"https:\/\/jornalfatosenoticias.com.br\/wp-content\/uploads\/2025\/05\/EU_portal.jpg\",\"caption\":\"Luzimara Fernandes\"},\"description\":\"Jornalista MTB 2358-ES\",\"sameAs\":[\"https:\/\/jornalfatosenoticias.com.br\"],\"url\":\"https:\/\/jornalfatosenoticias.com.br\/index.php\/author\/luzimara\/\"}]}<\/script>\n<!-- \/ Yoast SEO plugin. -->","yoast_head_json":{"title":"A\u00e7\u00e3o de Majeski na Justi\u00e7a por transpar\u00eancia dos dados ambientais do ES - Jornal Fatos e Not\u00edcias","robots":{"index":"index","follow":"follow","max-snippet":"max-snippet:-1","max-image-preview":"max-image-preview:large","max-video-preview":"max-video-preview:-1"},"canonical":"https:\/\/jornalfatosenoticias.com.br\/index.php\/2022\/05\/30\/acao-de-majeski-na-justica-por-transparencia-dos-dados-ambientais-do-es\/","og_locale":"pt_BR","og_type":"article","og_title":"A\u00e7\u00e3o de Majeski na Justi\u00e7a por transpar\u00eancia dos dados ambientais do ES - Jornal Fatos e Not\u00edcias","og_description":"Objetivo do deputado \u00e9 garantir que \u00f3rg\u00e3os estaduais divulguem informa\u00e7\u00f5es de desmatamento, licenciamentos, estudos de impacto, arrecada\u00e7\u00e3o etc. O deputado estadual S\u00e9rgio Majeski (PSDB) acionou o Minist\u00e9rio P\u00fablico Federal (MPF) para que o governo do Estado passe a disponibilizar no Portal da Transpar\u00eancia, para acesso de toda a sociedade, informa\u00e7\u00f5es ambientais produzidas a partir do [&hellip;]","og_url":"https:\/\/jornalfatosenoticias.com.br\/index.php\/2022\/05\/30\/acao-de-majeski-na-justica-por-transparencia-dos-dados-ambientais-do-es\/","og_site_name":"Jornal Fatos e Not\u00edcias","article_published_time":"2022-05-30T17:30:12+00:00","article_modified_time":"2022-05-30T17:30:13+00:00","og_image":[{"width":1000,"height":875,"url":"https:\/\/jornalfatosenoticias.com.br\/wp-content\/uploads\/2022\/05\/majeski-1.jpg","type":"image\/jpeg"}],"author":"Luzimara Fernandes","twitter_card":"summary_large_image","twitter_misc":{"Escrito por":"Luzimara Fernandes","Est. tempo de leitura":"2 minutos"},"schema":{"@context":"https:\/\/schema.org","@graph":[{"@type":"Article","@id":"https:\/\/jornalfatosenoticias.com.br\/index.php\/2022\/05\/30\/acao-de-majeski-na-justica-por-transparencia-dos-dados-ambientais-do-es\/#article","isPartOf":{"@id":"https:\/\/jornalfatosenoticias.com.br\/index.php\/2022\/05\/30\/acao-de-majeski-na-justica-por-transparencia-dos-dados-ambientais-do-es\/"},"author":{"name":"Luzimara Fernandes","@id":"https:\/\/jornalfatosenoticias.com.br\/#\/schema\/person\/d63837fa13ac8666eb9e74e0985d6f81"},"headline":"A\u00e7\u00e3o de Majeski na Justi\u00e7a por transpar\u00eancia dos dados ambientais do ES","datePublished":"2022-05-30T17:30:12+00:00","dateModified":"2022-05-30T17:30:13+00:00","mainEntityOfPage":{"@id":"https:\/\/jornalfatosenoticias.com.br\/index.php\/2022\/05\/30\/acao-de-majeski-na-justica-por-transparencia-dos-dados-ambientais-do-es\/"},"wordCount":478,"commentCount":0,"publisher":{"@id":"https:\/\/jornalfatosenoticias.com.br\/#organization"},"image":{"@id":"https:\/\/jornalfatosenoticias.com.br\/index.php\/2022\/05\/30\/acao-de-majeski-na-justica-por-transparencia-dos-dados-ambientais-do-es\/#primaryimage"},"thumbnailUrl":"https:\/\/jornalfatosenoticias.com.br\/wp-content\/uploads\/2022\/05\/majeski-1.jpg","keywords":["a\u00e7\u00e3o","desmatamento","Esp\u00edrito Santo","impactos ambientais","licenciamento ambiental","transpar\u00eancia dos dados ambientais"],"articleSection":["Meio ambiente"],"inLanguage":"pt-BR","potentialAction":[{"@type":"CommentAction","name":"Comment","target":["https:\/\/jornalfatosenoticias.com.br\/index.php\/2022\/05\/30\/acao-de-majeski-na-justica-por-transparencia-dos-dados-ambientais-do-es\/#respond"]}]},{"@type":"WebPage","@id":"https:\/\/jornalfatosenoticias.com.br\/index.php\/2022\/05\/30\/acao-de-majeski-na-justica-por-transparencia-dos-dados-ambientais-do-es\/","url":"https:\/\/jornalfatosenoticias.com.br\/index.php\/2022\/05\/30\/acao-de-majeski-na-justica-por-transparencia-dos-dados-ambientais-do-es\/","name":"A\u00e7\u00e3o de Majeski na Justi\u00e7a por transpar\u00eancia dos dados ambientais do ES - Jornal Fatos e Not\u00edcias","isPartOf":{"@id":"https:\/\/jornalfatosenoticias.com.br\/#website"},"primaryImageOfPage":{"@id":"https:\/\/jornalfatosenoticias.com.br\/index.php\/2022\/05\/30\/acao-de-majeski-na-justica-por-transparencia-dos-dados-ambientais-do-es\/#primaryimage"},"image":{"@id":"https:\/\/jornalfatosenoticias.com.br\/index.php\/2022\/05\/30\/acao-de-majeski-na-justica-por-transparencia-dos-dados-ambientais-do-es\/#primaryimage"},"thumbnailUrl":"https:\/\/jornalfatosenoticias.com.br\/wp-content\/uploads\/2022\/05\/majeski-1.jpg","datePublished":"2022-05-30T17:30:12+00:00","dateModified":"2022-05-30T17:30:13+00:00","breadcrumb":{"@id":"https:\/\/jornalfatosenoticias.com.br\/index.php\/2022\/05\/30\/acao-de-majeski-na-justica-por-transparencia-dos-dados-ambientais-do-es\/#breadcrumb"},"inLanguage":"pt-BR","potentialAction":[{"@type":"ReadAction","target":["https:\/\/jornalfatosenoticias.com.br\/index.php\/2022\/05\/30\/acao-de-majeski-na-justica-por-transparencia-dos-dados-ambientais-do-es\/"]}]},{"@type":"ImageObject","inLanguage":"pt-BR","@id":"https:\/\/jornalfatosenoticias.com.br\/index.php\/2022\/05\/30\/acao-de-majeski-na-justica-por-transparencia-dos-dados-ambientais-do-es\/#primaryimage","url":"https:\/\/jornalfatosenoticias.com.br\/wp-content\/uploads\/2022\/05\/majeski-1.jpg","contentUrl":"https:\/\/jornalfatosenoticias.com.br\/wp-content\/uploads\/2022\/05\/majeski-1.jpg","width":1000,"height":875},{"@type":"BreadcrumbList","@id":"https:\/\/jornalfatosenoticias.com.br\/index.php\/2022\/05\/30\/acao-de-majeski-na-justica-por-transparencia-dos-dados-ambientais-do-es\/#breadcrumb","itemListElement":[{"@type":"ListItem","position":1,"name":"In\u00edcio","item":"https:\/\/jornalfatosenoticias.com.br\/"},{"@type":"ListItem","position":2,"name":"A\u00e7\u00e3o de Majeski na Justi\u00e7a por transpar\u00eancia dos dados ambientais do ES"}]},{"@type":"WebSite","@id":"https:\/\/jornalfatosenoticias.com.br\/#website","url":"https:\/\/jornalfatosenoticias.com.br\/","name":"Jornal Fatos e Not\u00edcias","description":"Not\u00edcias em geral","publisher":{"@id":"https:\/\/jornalfatosenoticias.com.br\/#organization"},"potentialAction":[{"@type":"SearchAction","target":{"@type":"EntryPoint","urlTemplate":"https:\/\/jornalfatosenoticias.com.br\/?s={search_term_string}"},"query-input":{"@type":"PropertyValueSpecification","valueRequired":true,"valueName":"search_term_string"}}],"inLanguage":"pt-BR"},{"@type":"Organization","@id":"https:\/\/jornalfatosenoticias.com.br\/#organization","name":"Jornal Fatos e Not\u00edcias","url":"https:\/\/jornalfatosenoticias.com.br\/","logo":{"@type":"ImageObject","inLanguage":"pt-BR","@id":"https:\/\/jornalfatosenoticias.com.br\/#\/schema\/logo\/image\/","url":"https:\/\/jornalfatosenoticias.com.br\/wp-content\/uploads\/2020\/02\/logo120.png","contentUrl":"https:\/\/jornalfatosenoticias.com.br\/wp-content\/uploads\/2020\/02\/logo120.png","width":1227,"height":120,"caption":"Jornal Fatos e Not\u00edcias"},"image":{"@id":"https:\/\/jornalfatosenoticias.com.br\/#\/schema\/logo\/image\/"}},{"@type":"Person","@id":"https:\/\/jornalfatosenoticias.com.br\/#\/schema\/person\/d63837fa13ac8666eb9e74e0985d6f81","name":"Luzimara Fernandes","image":{"@type":"ImageObject","inLanguage":"pt-BR","@id":"https:\/\/jornalfatosenoticias.com.br\/#\/schema\/person\/image\/","url":"https:\/\/jornalfatosenoticias.com.br\/wp-content\/uploads\/2025\/05\/EU_portal.jpg","contentUrl":"https:\/\/jornalfatosenoticias.com.br\/wp-content\/uploads\/2025\/05\/EU_portal.jpg","caption":"Luzimara Fernandes"},"description":"Jornalista MTB 2358-ES","sameAs":["https:\/\/jornalfatosenoticias.com.br"],"url":"https:\/\/jornalfatosenoticias.com.br\/index.php\/author\/luzimara\/"}]}},"cc_featured_image_caption":{"caption_text":"(Foto: Leonardo Tononi) ","source_text":"","source_url":""},"jetpack_featured_media_url":"https:\/\/jornalfatosenoticias.com.br\/wp-content\/uploads\/2022\/05\/majeski-1.jpg","_links":{"self":[{"href":"https:\/\/jornalfatosenoticias.com.br\/index.php\/wp-json\/wp\/v2\/posts\/30888","targetHints":{"allow":["GET"]}}],"collection":[{"href":"https:\/\/jornalfatosenoticias.com.br\/index.php\/wp-json\/wp\/v2\/posts"}],"about":[{"href":"https:\/\/jornalfatosenoticias.com.br\/index.php\/wp-json\/wp\/v2\/types\/post"}],"author":[{"embeddable":true,"href":"https:\/\/jornalfatosenoticias.com.br\/index.php\/wp-json\/wp\/v2\/users\/2"}],"replies":[{"embeddable":true,"href":"https:\/\/jornalfatosenoticias.com.br\/index.php\/wp-json\/wp\/v2\/comments?post=30888"}],"version-history":[{"count":0,"href":"https:\/\/jornalfatosenoticias.com.br\/index.php\/wp-json\/wp\/v2\/posts\/30888\/revisions"}],"wp:featuredmedia":[{"embeddable":true,"href":"https:\/\/jornalfatosenoticias.com.br\/index.php\/wp-json\/wp\/v2\/media\/30889"}],"wp:attachment":[{"href":"https:\/\/jornalfatosenoticias.com.br\/index.php\/wp-json\/wp\/v2\/media?parent=30888"}],"wp:term":[{"taxonomy":"category","embeddable":true,"href":"https:\/\/jornalfatosenoticias.com.br\/index.php\/wp-json\/wp\/v2\/categories?post=30888"},{"taxonomy":"post_tag","embeddable":true,"href":"https:\/\/jornalfatosenoticias.com.br\/index.php\/wp-json\/wp\/v2\/tags?post=30888"}],"curies":[{"name":"wp","href":"https:\/\/api.w.org\/{rel}","templated":true}]}}