{"id":30891,"date":"2022-05-30T14:38:20","date_gmt":"2022-05-30T17:38:20","guid":{"rendered":"https:\/\/jornalfatosenoticias.com.br\/?p=30891"},"modified":"2022-05-30T14:38:25","modified_gmt":"2022-05-30T17:38:25","slug":"novo-modelo-da-cnh-comecara-a-ser-emitido-a-partir-de-quarta-feira","status":"publish","type":"post","link":"https:\/\/jornalfatosenoticias.com.br\/index.php\/2022\/05\/30\/novo-modelo-da-cnh-comecara-a-ser-emitido-a-partir-de-quarta-feira\/","title":{"rendered":"Novo modelo da CNH come\u00e7ar\u00e1 a ser emitido a partir de quarta-feira"},"content":{"rendered":"\n<p><em><span class=\"has-inline-color has-black-color\">Documento incorporou c\u00f3digo internacional utilizado nos passaportes<\/span><\/em><\/p>\n\n\n\n<div class=\"wp-block-image\"><figure class=\"aligncenter size-large is-resized\"><img loading=\"lazy\" decoding=\"async\" src=\"https:\/\/jornalfatosenoticias.com.br\/wp-content\/uploads\/2022\/02\/Arte-Autoescola-Galatas_endereco_portal-1024x103.png\" alt=\"\" class=\"wp-image-27869\" width=\"400\" height=\"40\" srcset=\"https:\/\/jornalfatosenoticias.com.br\/wp-content\/uploads\/2022\/02\/Arte-Autoescola-Galatas_endereco_portal-1024x103.png 1024w, https:\/\/jornalfatosenoticias.com.br\/wp-content\/uploads\/2022\/02\/Arte-Autoescola-Galatas_endereco_portal-300x30.png 300w, https:\/\/jornalfatosenoticias.com.br\/wp-content\/uploads\/2022\/02\/Arte-Autoescola-Galatas_endereco_portal-768x77.png 768w, https:\/\/jornalfatosenoticias.com.br\/wp-content\/uploads\/2022\/02\/Arte-Autoescola-Galatas_endereco_portal.png 1223w\" sizes=\"auto, (max-width: 400px) 100vw, 400px\" \/><\/figure><\/div>\n\n\n\n<p>A partir deste 1\u00ba de junho, a Carteira Nacional de Habilita\u00e7\u00e3o (CNH) passar\u00e1 a ser emitida em um novo formato. Segundo a Secretaria Nacional de Tr\u00e2nsito (Senatran), o documento ficar\u00e1 \u201cmais moderno\u201d e, cumprindo determina\u00e7\u00f5es legais, possibilitar\u00e1 o uso do nome social e da filia\u00e7\u00e3o afetiva do condutor que assim desejar.<br>Foi tamb\u00e9m incorporado um c\u00f3digo internacional utilizado nos passaportes, que permite ao condutor embarcar em terminais de autoatendimento nos aeroportos brasileiros. Como ter\u00e1 informa\u00e7\u00f5es impressas em ingl\u00eas e franc\u00eas, al\u00e9m do portugu\u00eas, o documento facilitar\u00e1 o uso em outros pa\u00edses.<\/p>\n\n\n\n<div class=\"wp-block-image\"><figure class=\"aligncenter size-large is-resized\"><img loading=\"lazy\" decoding=\"async\" src=\"https:\/\/jornalfatosenoticias.com.br\/wp-content\/uploads\/2020\/02\/banner_ferramentas-1024x100.jpg\" alt=\"\" class=\"wp-image-1258\" width=\"448\" height=\"43\" srcset=\"https:\/\/jornalfatosenoticias.com.br\/wp-content\/uploads\/2020\/02\/banner_ferramentas-1024x100.jpg 1024w, https:\/\/jornalfatosenoticias.com.br\/wp-content\/uploads\/2020\/02\/banner_ferramentas-300x29.jpg 300w, https:\/\/jornalfatosenoticias.com.br\/wp-content\/uploads\/2020\/02\/banner_ferramentas-768x75.jpg 768w, https:\/\/jornalfatosenoticias.com.br\/wp-content\/uploads\/2020\/02\/banner_ferramentas.jpg 1227w\" sizes=\"auto, (max-width: 448px) 100vw, 448px\" \/><\/figure><\/div>\n\n\n\n<p>As mudan\u00e7as estavam previstas desde dezembro de 2021, quando o Conselho Nacional de Tr\u00e2nsito publicou a <strong><a href=\"http:\/\/https\/\/www.in.gov.br\/en\/web\/dou\/-\/resolucao-contran-n-886-de-13-de-dezembro-de-2021-369787920\" target=\"_blank\" rel=\"noreferrer noopener\">Resolu\u00e7\u00e3o n\u00ba 886<\/a>,<\/strong> que regulamenta especifica\u00e7\u00f5es, produ\u00e7\u00e3o e expedi\u00e7\u00e3o da CNH.<br>A substitui\u00e7\u00e3o da CNH n\u00e3o \u00e9 obrigat\u00f3ria. Ela ser\u00e1 implementada de forma gradual para novas habilita\u00e7\u00f5es, na medida em que os condutores venham a renovar ou emitir a segunda via do documento.<\/p>\n\n\n\n<div class=\"wp-block-image\"><figure class=\"alignright size-large is-resized\"><img loading=\"lazy\" decoding=\"async\" src=\"https:\/\/jornalfatosenoticias.com.br\/wp-content\/uploads\/2022\/02\/Precisao-Contabilidade-1024x724.jpg\" alt=\"\" class=\"wp-image-28088\" width=\"281\" height=\"198\"\/><\/figure><\/div>\n\n\n\n<p>Conforme previsto na resolu\u00e7\u00e3o \u2014 que detalha os itens de seguran\u00e7a que passar\u00e3o a ser adotados e apresenta como ser\u00e1 o visual do documento \u2014 a nova vers\u00e3o da carteira de motorista trar\u00e1 uma tabela para identificar os tipos de ve\u00edculos que o condutor est\u00e1 apto a conduzir, bem como informa\u00e7\u00f5es sobre o exerc\u00edcio de atividade remunerada do motorista e poss\u00edveis restri\u00e7\u00f5es m\u00e9dicas.<br>A nova CNH adotar\u00e1 uma nova cor. Al\u00e9m do verde, ter\u00e1 tamb\u00e9m o amarelo e novos elementos gr\u00e1ficos para dificultar a falsifica\u00e7\u00e3o e fraudes. O documento ter\u00e1 um <em>QR Code<\/em> e poder\u00e1 ser expedido nos formatos f\u00edsico, digital ou ambos.<\/p>\n\n\n\n<p><em><span class=\"has-inline-color has-black-color\"><strong>Foto:<\/strong> Minist\u00e9rio da Infraestrutura\/Conselho Nacional de Tr\u00e2nsito<\/span><\/em><\/p>\n\n\n\n<p><strong><em>Fonte: <a href=\"https:\/\/agenciabrasil.ebc.com.br\/geral\/noticia\/2022-05\/novo-modelo-da-cnh-comecara-ser-emitido-partir-de-quarta-feira\">Ag\u00eancia Brasil<\/a><\/em><\/strong><\/p>\n","protected":false},"excerpt":{"rendered":"<p>Documento incorporou c\u00f3digo internacional utilizado nos passaportes A partir deste 1\u00ba de junho, a Carteira Nacional de Habilita\u00e7\u00e3o (CNH) passar\u00e1 a ser emitida em um novo formato. Segundo a Secretaria Nacional de Tr\u00e2nsito (Senatran), o documento ficar\u00e1 \u201cmais moderno\u201d e, cumprindo determina\u00e7\u00f5es legais, possibilitar\u00e1 o uso do nome social e da filia\u00e7\u00e3o afetiva do condutor [&hellip;]<\/p>\n","protected":false},"author":2,"featured_media":30892,"comment_status":"open","ping_status":"open","sticky":false,"template":"","format":"standard","meta":{"footnotes":""},"categories":[5],"tags":[14671,6378,14672,14673,14674],"class_list":["post-30891","post","type-post","status-publish","format-standard","has-post-thumbnail","hentry","category-geral","tag-carteira-nacional-de-habilitacao","tag-cnh","tag-condutor","tag-senatran","tag-veiculo"],"yoast_head":"<!-- This site is optimized with the Yoast SEO plugin v26.5 - https:\/\/yoast.com\/wordpress\/plugins\/seo\/ -->\n<title>Novo modelo da CNH come\u00e7ar\u00e1 a ser emitido a partir de quarta-feira - Jornal Fatos e Not\u00edcias<\/title>\n<meta name=\"robots\" content=\"index, follow, max-snippet:-1, max-image-preview:large, max-video-preview:-1\" \/>\n<link rel=\"canonical\" href=\"https:\/\/jornalfatosenoticias.com.br\/index.php\/2022\/05\/30\/novo-modelo-da-cnh-comecara-a-ser-emitido-a-partir-de-quarta-feira\/\" \/>\n<meta property=\"og:locale\" content=\"pt_BR\" \/>\n<meta property=\"og:type\" content=\"article\" \/>\n<meta property=\"og:title\" content=\"Novo modelo da CNH come\u00e7ar\u00e1 a ser emitido a partir de quarta-feira - Jornal Fatos e Not\u00edcias\" \/>\n<meta property=\"og:description\" content=\"Documento incorporou c\u00f3digo internacional utilizado nos passaportes A partir deste 1\u00ba de junho, a Carteira Nacional de Habilita\u00e7\u00e3o (CNH) passar\u00e1 a ser emitida em um novo formato. Segundo a Secretaria Nacional de Tr\u00e2nsito (Senatran), o documento ficar\u00e1 \u201cmais moderno\u201d e, cumprindo determina\u00e7\u00f5es legais, possibilitar\u00e1 o uso do nome social e da filia\u00e7\u00e3o afetiva do condutor [&hellip;]\" \/>\n<meta property=\"og:url\" content=\"https:\/\/jornalfatosenoticias.com.br\/index.php\/2022\/05\/30\/novo-modelo-da-cnh-comecara-a-ser-emitido-a-partir-de-quarta-feira\/\" \/>\n<meta property=\"og:site_name\" content=\"Jornal Fatos e Not\u00edcias\" \/>\n<meta property=\"article:published_time\" content=\"2022-05-30T17:38:20+00:00\" \/>\n<meta property=\"article:modified_time\" content=\"2022-05-30T17:38:25+00:00\" \/>\n<meta property=\"og:image\" content=\"https:\/\/jornalfatosenoticias.com.br\/wp-content\/uploads\/2022\/05\/nova-cnh.jpg\" \/>\n\t<meta property=\"og:image:width\" content=\"1000\" \/>\n\t<meta property=\"og:image:height\" content=\"658\" \/>\n\t<meta property=\"og:image:type\" content=\"image\/jpeg\" \/>\n<meta name=\"author\" content=\"Luzimara Fernandes\" \/>\n<meta name=\"twitter:card\" content=\"summary_large_image\" \/>\n<meta name=\"twitter:label1\" content=\"Escrito por\" \/>\n\t<meta name=\"twitter:data1\" content=\"Luzimara Fernandes\" \/>\n\t<meta name=\"twitter:label2\" content=\"Est. tempo de leitura\" \/>\n\t<meta name=\"twitter:data2\" content=\"2 minutos\" \/>\n<script type=\"application\/ld+json\" class=\"yoast-schema-graph\">{\"@context\":\"https:\/\/schema.org\",\"@graph\":[{\"@type\":\"Article\",\"@id\":\"https:\/\/jornalfatosenoticias.com.br\/index.php\/2022\/05\/30\/novo-modelo-da-cnh-comecara-a-ser-emitido-a-partir-de-quarta-feira\/#article\",\"isPartOf\":{\"@id\":\"https:\/\/jornalfatosenoticias.com.br\/index.php\/2022\/05\/30\/novo-modelo-da-cnh-comecara-a-ser-emitido-a-partir-de-quarta-feira\/\"},\"author\":{\"name\":\"Luzimara Fernandes\",\"@id\":\"https:\/\/jornalfatosenoticias.com.br\/#\/schema\/person\/d63837fa13ac8666eb9e74e0985d6f81\"},\"headline\":\"Novo modelo da CNH come\u00e7ar\u00e1 a ser emitido a partir de quarta-feira\",\"datePublished\":\"2022-05-30T17:38:20+00:00\",\"dateModified\":\"2022-05-30T17:38:25+00:00\",\"mainEntityOfPage\":{\"@id\":\"https:\/\/jornalfatosenoticias.com.br\/index.php\/2022\/05\/30\/novo-modelo-da-cnh-comecara-a-ser-emitido-a-partir-de-quarta-feira\/\"},\"wordCount\":319,\"commentCount\":0,\"publisher\":{\"@id\":\"https:\/\/jornalfatosenoticias.com.br\/#organization\"},\"image\":{\"@id\":\"https:\/\/jornalfatosenoticias.com.br\/index.php\/2022\/05\/30\/novo-modelo-da-cnh-comecara-a-ser-emitido-a-partir-de-quarta-feira\/#primaryimage\"},\"thumbnailUrl\":\"https:\/\/jornalfatosenoticias.com.br\/wp-content\/uploads\/2022\/05\/nova-cnh.jpg\",\"keywords\":[\"carteira nacional de habilita\u00e7\u00e3o\",\"CNH\",\"condutor\",\"Senatran\",\"ve\u00edculo\"],\"articleSection\":[\"Geral\"],\"inLanguage\":\"pt-BR\",\"potentialAction\":[{\"@type\":\"CommentAction\",\"name\":\"Comment\",\"target\":[\"https:\/\/jornalfatosenoticias.com.br\/index.php\/2022\/05\/30\/novo-modelo-da-cnh-comecara-a-ser-emitido-a-partir-de-quarta-feira\/#respond\"]}]},{\"@type\":\"WebPage\",\"@id\":\"https:\/\/jornalfatosenoticias.com.br\/index.php\/2022\/05\/30\/novo-modelo-da-cnh-comecara-a-ser-emitido-a-partir-de-quarta-feira\/\",\"url\":\"https:\/\/jornalfatosenoticias.com.br\/index.php\/2022\/05\/30\/novo-modelo-da-cnh-comecara-a-ser-emitido-a-partir-de-quarta-feira\/\",\"name\":\"Novo modelo da CNH come\u00e7ar\u00e1 a ser emitido a partir de quarta-feira - Jornal Fatos e Not\u00edcias\",\"isPartOf\":{\"@id\":\"https:\/\/jornalfatosenoticias.com.br\/#website\"},\"primaryImageOfPage\":{\"@id\":\"https:\/\/jornalfatosenoticias.com.br\/index.php\/2022\/05\/30\/novo-modelo-da-cnh-comecara-a-ser-emitido-a-partir-de-quarta-feira\/#primaryimage\"},\"image\":{\"@id\":\"https:\/\/jornalfatosenoticias.com.br\/index.php\/2022\/05\/30\/novo-modelo-da-cnh-comecara-a-ser-emitido-a-partir-de-quarta-feira\/#primaryimage\"},\"thumbnailUrl\":\"https:\/\/jornalfatosenoticias.com.br\/wp-content\/uploads\/2022\/05\/nova-cnh.jpg\",\"datePublished\":\"2022-05-30T17:38:20+00:00\",\"dateModified\":\"2022-05-30T17:38:25+00:00\",\"breadcrumb\":{\"@id\":\"https:\/\/jornalfatosenoticias.com.br\/index.php\/2022\/05\/30\/novo-modelo-da-cnh-comecara-a-ser-emitido-a-partir-de-quarta-feira\/#breadcrumb\"},\"inLanguage\":\"pt-BR\",\"potentialAction\":[{\"@type\":\"ReadAction\",\"target\":[\"https:\/\/jornalfatosenoticias.com.br\/index.php\/2022\/05\/30\/novo-modelo-da-cnh-comecara-a-ser-emitido-a-partir-de-quarta-feira\/\"]}]},{\"@type\":\"ImageObject\",\"inLanguage\":\"pt-BR\",\"@id\":\"https:\/\/jornalfatosenoticias.com.br\/index.php\/2022\/05\/30\/novo-modelo-da-cnh-comecara-a-ser-emitido-a-partir-de-quarta-feira\/#primaryimage\",\"url\":\"https:\/\/jornalfatosenoticias.com.br\/wp-content\/uploads\/2022\/05\/nova-cnh.jpg\",\"contentUrl\":\"https:\/\/jornalfatosenoticias.com.br\/wp-content\/uploads\/2022\/05\/nova-cnh.jpg\",\"width\":1000,\"height\":658,\"caption\":\"Carteira Nacional de Habilita\u00e7\u00e3o (CNH)\"},{\"@type\":\"BreadcrumbList\",\"@id\":\"https:\/\/jornalfatosenoticias.com.br\/index.php\/2022\/05\/30\/novo-modelo-da-cnh-comecara-a-ser-emitido-a-partir-de-quarta-feira\/#breadcrumb\",\"itemListElement\":[{\"@type\":\"ListItem\",\"position\":1,\"name\":\"In\u00edcio\",\"item\":\"https:\/\/jornalfatosenoticias.com.br\/\"},{\"@type\":\"ListItem\",\"position\":2,\"name\":\"Novo modelo da CNH come\u00e7ar\u00e1 a ser emitido a partir de quarta-feira\"}]},{\"@type\":\"WebSite\",\"@id\":\"https:\/\/jornalfatosenoticias.com.br\/#website\",\"url\":\"https:\/\/jornalfatosenoticias.com.br\/\",\"name\":\"Jornal Fatos e Not\u00edcias\",\"description\":\"Not\u00edcias em geral\",\"publisher\":{\"@id\":\"https:\/\/jornalfatosenoticias.com.br\/#organization\"},\"potentialAction\":[{\"@type\":\"SearchAction\",\"target\":{\"@type\":\"EntryPoint\",\"urlTemplate\":\"https:\/\/jornalfatosenoticias.com.br\/?s={search_term_string}\"},\"query-input\":{\"@type\":\"PropertyValueSpecification\",\"valueRequired\":true,\"valueName\":\"search_term_string\"}}],\"inLanguage\":\"pt-BR\"},{\"@type\":\"Organization\",\"@id\":\"https:\/\/jornalfatosenoticias.com.br\/#organization\",\"name\":\"Jornal Fatos e Not\u00edcias\",\"url\":\"https:\/\/jornalfatosenoticias.com.br\/\",\"logo\":{\"@type\":\"ImageObject\",\"inLanguage\":\"pt-BR\",\"@id\":\"https:\/\/jornalfatosenoticias.com.br\/#\/schema\/logo\/image\/\",\"url\":\"https:\/\/jornalfatosenoticias.com.br\/wp-content\/uploads\/2020\/02\/logo120.png\",\"contentUrl\":\"https:\/\/jornalfatosenoticias.com.br\/wp-content\/uploads\/2020\/02\/logo120.png\",\"width\":1227,\"height\":120,\"caption\":\"Jornal Fatos e Not\u00edcias\"},\"image\":{\"@id\":\"https:\/\/jornalfatosenoticias.com.br\/#\/schema\/logo\/image\/\"}},{\"@type\":\"Person\",\"@id\":\"https:\/\/jornalfatosenoticias.com.br\/#\/schema\/person\/d63837fa13ac8666eb9e74e0985d6f81\",\"name\":\"Luzimara Fernandes\",\"image\":{\"@type\":\"ImageObject\",\"inLanguage\":\"pt-BR\",\"@id\":\"https:\/\/jornalfatosenoticias.com.br\/#\/schema\/person\/image\/\",\"url\":\"https:\/\/jornalfatosenoticias.com.br\/wp-content\/uploads\/2025\/05\/EU_portal.jpg\",\"contentUrl\":\"https:\/\/jornalfatosenoticias.com.br\/wp-content\/uploads\/2025\/05\/EU_portal.jpg\",\"caption\":\"Luzimara Fernandes\"},\"description\":\"Jornalista MTB 2358-ES\",\"sameAs\":[\"https:\/\/jornalfatosenoticias.com.br\"],\"url\":\"https:\/\/jornalfatosenoticias.com.br\/index.php\/author\/luzimara\/\"}]}<\/script>\n<!-- \/ Yoast SEO plugin. -->","yoast_head_json":{"title":"Novo modelo da CNH come\u00e7ar\u00e1 a ser emitido a partir de quarta-feira - Jornal Fatos e Not\u00edcias","robots":{"index":"index","follow":"follow","max-snippet":"max-snippet:-1","max-image-preview":"max-image-preview:large","max-video-preview":"max-video-preview:-1"},"canonical":"https:\/\/jornalfatosenoticias.com.br\/index.php\/2022\/05\/30\/novo-modelo-da-cnh-comecara-a-ser-emitido-a-partir-de-quarta-feira\/","og_locale":"pt_BR","og_type":"article","og_title":"Novo modelo da CNH come\u00e7ar\u00e1 a ser emitido a partir de quarta-feira - Jornal Fatos e Not\u00edcias","og_description":"Documento incorporou c\u00f3digo internacional utilizado nos passaportes A partir deste 1\u00ba de junho, a Carteira Nacional de Habilita\u00e7\u00e3o (CNH) passar\u00e1 a ser emitida em um novo formato. Segundo a Secretaria Nacional de Tr\u00e2nsito (Senatran), o documento ficar\u00e1 \u201cmais moderno\u201d e, cumprindo determina\u00e7\u00f5es legais, possibilitar\u00e1 o uso do nome social e da filia\u00e7\u00e3o afetiva do condutor [&hellip;]","og_url":"https:\/\/jornalfatosenoticias.com.br\/index.php\/2022\/05\/30\/novo-modelo-da-cnh-comecara-a-ser-emitido-a-partir-de-quarta-feira\/","og_site_name":"Jornal Fatos e Not\u00edcias","article_published_time":"2022-05-30T17:38:20+00:00","article_modified_time":"2022-05-30T17:38:25+00:00","og_image":[{"width":1000,"height":658,"url":"https:\/\/jornalfatosenoticias.com.br\/wp-content\/uploads\/2022\/05\/nova-cnh.jpg","type":"image\/jpeg"}],"author":"Luzimara Fernandes","twitter_card":"summary_large_image","twitter_misc":{"Escrito por":"Luzimara Fernandes","Est. tempo de leitura":"2 minutos"},"schema":{"@context":"https:\/\/schema.org","@graph":[{"@type":"Article","@id":"https:\/\/jornalfatosenoticias.com.br\/index.php\/2022\/05\/30\/novo-modelo-da-cnh-comecara-a-ser-emitido-a-partir-de-quarta-feira\/#article","isPartOf":{"@id":"https:\/\/jornalfatosenoticias.com.br\/index.php\/2022\/05\/30\/novo-modelo-da-cnh-comecara-a-ser-emitido-a-partir-de-quarta-feira\/"},"author":{"name":"Luzimara Fernandes","@id":"https:\/\/jornalfatosenoticias.com.br\/#\/schema\/person\/d63837fa13ac8666eb9e74e0985d6f81"},"headline":"Novo modelo da CNH come\u00e7ar\u00e1 a ser emitido a partir de quarta-feira","datePublished":"2022-05-30T17:38:20+00:00","dateModified":"2022-05-30T17:38:25+00:00","mainEntityOfPage":{"@id":"https:\/\/jornalfatosenoticias.com.br\/index.php\/2022\/05\/30\/novo-modelo-da-cnh-comecara-a-ser-emitido-a-partir-de-quarta-feira\/"},"wordCount":319,"commentCount":0,"publisher":{"@id":"https:\/\/jornalfatosenoticias.com.br\/#organization"},"image":{"@id":"https:\/\/jornalfatosenoticias.com.br\/index.php\/2022\/05\/30\/novo-modelo-da-cnh-comecara-a-ser-emitido-a-partir-de-quarta-feira\/#primaryimage"},"thumbnailUrl":"https:\/\/jornalfatosenoticias.com.br\/wp-content\/uploads\/2022\/05\/nova-cnh.jpg","keywords":["carteira nacional de habilita\u00e7\u00e3o","CNH","condutor","Senatran","ve\u00edculo"],"articleSection":["Geral"],"inLanguage":"pt-BR","potentialAction":[{"@type":"CommentAction","name":"Comment","target":["https:\/\/jornalfatosenoticias.com.br\/index.php\/2022\/05\/30\/novo-modelo-da-cnh-comecara-a-ser-emitido-a-partir-de-quarta-feira\/#respond"]}]},{"@type":"WebPage","@id":"https:\/\/jornalfatosenoticias.com.br\/index.php\/2022\/05\/30\/novo-modelo-da-cnh-comecara-a-ser-emitido-a-partir-de-quarta-feira\/","url":"https:\/\/jornalfatosenoticias.com.br\/index.php\/2022\/05\/30\/novo-modelo-da-cnh-comecara-a-ser-emitido-a-partir-de-quarta-feira\/","name":"Novo modelo da CNH come\u00e7ar\u00e1 a ser emitido a partir de quarta-feira - Jornal Fatos e Not\u00edcias","isPartOf":{"@id":"https:\/\/jornalfatosenoticias.com.br\/#website"},"primaryImageOfPage":{"@id":"https:\/\/jornalfatosenoticias.com.br\/index.php\/2022\/05\/30\/novo-modelo-da-cnh-comecara-a-ser-emitido-a-partir-de-quarta-feira\/#primaryimage"},"image":{"@id":"https:\/\/jornalfatosenoticias.com.br\/index.php\/2022\/05\/30\/novo-modelo-da-cnh-comecara-a-ser-emitido-a-partir-de-quarta-feira\/#primaryimage"},"thumbnailUrl":"https:\/\/jornalfatosenoticias.com.br\/wp-content\/uploads\/2022\/05\/nova-cnh.jpg","datePublished":"2022-05-30T17:38:20+00:00","dateModified":"2022-05-30T17:38:25+00:00","breadcrumb":{"@id":"https:\/\/jornalfatosenoticias.com.br\/index.php\/2022\/05\/30\/novo-modelo-da-cnh-comecara-a-ser-emitido-a-partir-de-quarta-feira\/#breadcrumb"},"inLanguage":"pt-BR","potentialAction":[{"@type":"ReadAction","target":["https:\/\/jornalfatosenoticias.com.br\/index.php\/2022\/05\/30\/novo-modelo-da-cnh-comecara-a-ser-emitido-a-partir-de-quarta-feira\/"]}]},{"@type":"ImageObject","inLanguage":"pt-BR","@id":"https:\/\/jornalfatosenoticias.com.br\/index.php\/2022\/05\/30\/novo-modelo-da-cnh-comecara-a-ser-emitido-a-partir-de-quarta-feira\/#primaryimage","url":"https:\/\/jornalfatosenoticias.com.br\/wp-content\/uploads\/2022\/05\/nova-cnh.jpg","contentUrl":"https:\/\/jornalfatosenoticias.com.br\/wp-content\/uploads\/2022\/05\/nova-cnh.jpg","width":1000,"height":658,"caption":"Carteira Nacional de Habilita\u00e7\u00e3o (CNH)"},{"@type":"BreadcrumbList","@id":"https:\/\/jornalfatosenoticias.com.br\/index.php\/2022\/05\/30\/novo-modelo-da-cnh-comecara-a-ser-emitido-a-partir-de-quarta-feira\/#breadcrumb","itemListElement":[{"@type":"ListItem","position":1,"name":"In\u00edcio","item":"https:\/\/jornalfatosenoticias.com.br\/"},{"@type":"ListItem","position":2,"name":"Novo modelo da CNH come\u00e7ar\u00e1 a ser emitido a partir de quarta-feira"}]},{"@type":"WebSite","@id":"https:\/\/jornalfatosenoticias.com.br\/#website","url":"https:\/\/jornalfatosenoticias.com.br\/","name":"Jornal Fatos e Not\u00edcias","description":"Not\u00edcias em geral","publisher":{"@id":"https:\/\/jornalfatosenoticias.com.br\/#organization"},"potentialAction":[{"@type":"SearchAction","target":{"@type":"EntryPoint","urlTemplate":"https:\/\/jornalfatosenoticias.com.br\/?s={search_term_string}"},"query-input":{"@type":"PropertyValueSpecification","valueRequired":true,"valueName":"search_term_string"}}],"inLanguage":"pt-BR"},{"@type":"Organization","@id":"https:\/\/jornalfatosenoticias.com.br\/#organization","name":"Jornal Fatos e Not\u00edcias","url":"https:\/\/jornalfatosenoticias.com.br\/","logo":{"@type":"ImageObject","inLanguage":"pt-BR","@id":"https:\/\/jornalfatosenoticias.com.br\/#\/schema\/logo\/image\/","url":"https:\/\/jornalfatosenoticias.com.br\/wp-content\/uploads\/2020\/02\/logo120.png","contentUrl":"https:\/\/jornalfatosenoticias.com.br\/wp-content\/uploads\/2020\/02\/logo120.png","width":1227,"height":120,"caption":"Jornal Fatos e Not\u00edcias"},"image":{"@id":"https:\/\/jornalfatosenoticias.com.br\/#\/schema\/logo\/image\/"}},{"@type":"Person","@id":"https:\/\/jornalfatosenoticias.com.br\/#\/schema\/person\/d63837fa13ac8666eb9e74e0985d6f81","name":"Luzimara Fernandes","image":{"@type":"ImageObject","inLanguage":"pt-BR","@id":"https:\/\/jornalfatosenoticias.com.br\/#\/schema\/person\/image\/","url":"https:\/\/jornalfatosenoticias.com.br\/wp-content\/uploads\/2025\/05\/EU_portal.jpg","contentUrl":"https:\/\/jornalfatosenoticias.com.br\/wp-content\/uploads\/2025\/05\/EU_portal.jpg","caption":"Luzimara Fernandes"},"description":"Jornalista MTB 2358-ES","sameAs":["https:\/\/jornalfatosenoticias.com.br"],"url":"https:\/\/jornalfatosenoticias.com.br\/index.php\/author\/luzimara\/"}]}},"cc_featured_image_caption":{"caption_text":"","source_text":"","source_url":""},"jetpack_featured_media_url":"https:\/\/jornalfatosenoticias.com.br\/wp-content\/uploads\/2022\/05\/nova-cnh.jpg","_links":{"self":[{"href":"https:\/\/jornalfatosenoticias.com.br\/index.php\/wp-json\/wp\/v2\/posts\/30891","targetHints":{"allow":["GET"]}}],"collection":[{"href":"https:\/\/jornalfatosenoticias.com.br\/index.php\/wp-json\/wp\/v2\/posts"}],"about":[{"href":"https:\/\/jornalfatosenoticias.com.br\/index.php\/wp-json\/wp\/v2\/types\/post"}],"author":[{"embeddable":true,"href":"https:\/\/jornalfatosenoticias.com.br\/index.php\/wp-json\/wp\/v2\/users\/2"}],"replies":[{"embeddable":true,"href":"https:\/\/jornalfatosenoticias.com.br\/index.php\/wp-json\/wp\/v2\/comments?post=30891"}],"version-history":[{"count":0,"href":"https:\/\/jornalfatosenoticias.com.br\/index.php\/wp-json\/wp\/v2\/posts\/30891\/revisions"}],"wp:featuredmedia":[{"embeddable":true,"href":"https:\/\/jornalfatosenoticias.com.br\/index.php\/wp-json\/wp\/v2\/media\/30892"}],"wp:attachment":[{"href":"https:\/\/jornalfatosenoticias.com.br\/index.php\/wp-json\/wp\/v2\/media?parent=30891"}],"wp:term":[{"taxonomy":"category","embeddable":true,"href":"https:\/\/jornalfatosenoticias.com.br\/index.php\/wp-json\/wp\/v2\/categories?post=30891"},{"taxonomy":"post_tag","embeddable":true,"href":"https:\/\/jornalfatosenoticias.com.br\/index.php\/wp-json\/wp\/v2\/tags?post=30891"}],"curies":[{"name":"wp","href":"https:\/\/api.w.org\/{rel}","templated":true}]}}